{"id":32437,"date":"2019-03-18T13:05:17","date_gmt":"2019-03-18T13:05:17","guid":{"rendered":"https:\/\/quantocustaviajar.com\/blog\/?p=32437"},"modified":"2022-04-19T18:31:44","modified_gmt":"2022-04-19T18:31:44","slug":"sao-gabriel-da-cachoeira-serra-bela-adormecida-amazonas","status":"publish","type":"post","link":"https:\/\/quantocustaviajar.com\/blog\/sao-gabriel-da-cachoeira-serra-bela-adormecida-amazonas\/","title":{"rendered":"Um dos lugares mais rom\u00e2nticos para viajar no Brasil fica no Amazonas"},"content":{"rendered":"<p>Quando pensamos em lugares rom\u00e2nticos para viajar moz\u00e3o, logo vem em mente destinos como Paris, Campos do Jord\u00e3o e tantas outras cidades espalhadas pelo mundo. Entretanto, em <strong>S\u00e3o Gabriel da Cachoeira<\/strong>, no Amazonas, fica um dos cantinhos mais charmosos e gostosos para viajar com uma pessoa especial: a Serra da Bela Adormecida.<\/p>\n<p>O destino \u00e9 perfeito para todo o perfil de viajante, isso porque \u00e9 um local que tem montanhas, cachoeiras e praias fluviais com a areia branquinha com belezas \u00edmpares e tipicamente encontradas no norte do Brasil. Se voc\u00ea gosta de conhecer regi\u00f5es que proporcionam contato com a natureza, seu lugar aqui!<\/p>\n<blockquote><p><strong><a href=\"https:\/\/quantocustaviajar.com\/blog\/viajar-a-dois-no-brasil\/\" target=\"_blank\" rel=\"noopener noreferrer\">Espia aqui: 32 lugares para viajar a dois no Brasil e curtir com o seu par perfeito<\/a><\/strong><\/p><\/blockquote>\n<p>Uma das principais atra\u00e7\u00f5es de S\u00e3o Gabriel da Cachoeira \u00e9 a Serra de Curicuriari, mais conhecida como <strong>Serra da Bela Adormecida<\/strong>, que atrai casais apaixonados que querem curtir uma regi\u00e3o com montanhas que mais se parece com uma pintura.<\/p>\n<blockquote class=\"instagram-media\" style=\"background: #FFF; border: 0; border-radius: 3px; box-shadow: 0 0 1px 0 rgba(0,0,0,0.5),0 1px 10px 0 rgba(0,0,0,0.15); margin: 1px; max-width: 540px; min-width: 326px; padding: 0; width: calc(100% - 2px);\" data-instgrm-permalink=\"https:\/\/www.instagram.com\/p\/6IaqfAyMoA\/?utm_source=ig_embed&amp;utm_medium=loading&amp;utm_campaign=embed_loading_state_control\" data-instgrm-version=\"9\">\n<div style=\"padding: 8px;\">\n<div style=\"background: #F8F8F8; line-height: 0; margin-top: 40px; padding: 50.0% 0; text-align: center; width: 100%;\">\n<div style=\"background: url(data:image\/png; base64,ivborw0kggoaaaansuheugaaacwaaaascamaaaapwqozaaaabgdbtueaalgpc\/xhbqaaaafzukdcak7ohokaaaamuexurczmzpf399fx1+bm5mzy9amaaadisurbvdjlvzxbesmgces5\/p8\/t9furvcrmu73jwlzosgsiizurcjo\/ad+eqjjb4hv8bft+idpqocx1wjosbfhh2xssxeiyn3uli\/6mnree07uiwjev8ueowds88ly97kqytlijkktuybbruayvh5wohixmpi5we58ek028czwyuqdlkpg1bkb4nnm+veanfhqn1k4+gpt6ugqcvu2h2ovuif\/gwufyy8owepdyzsa3avcqpvovvzzz2vtnn2wu8qzvjddeto90gsy9mvlqtgysy231mxry6i2ggqjrty0l8fxcxfcbbhwrsyyaaaaaelftksuqmcc); display: block; height: 44px; margin: 0 auto -44px; position: relative; top: -22px; width: 44px;\"><\/div>\n<\/div>\n<p style=\"color: #c9c8cd; font-family: Arial,sans-serif; font-size: 14px; line-height: 17px; margin-bottom: 0; margin-top: 8px; overflow: hidden; padding: 8px 0 7px; text-align: center; text-overflow: ellipsis; white-space: nowrap;\"><a style=\"color: #c9c8cd; font-family: Arial,sans-serif; font-size: 14px; font-style: normal; font-weight: normal; line-height: 17px; text-decoration: none;\" href=\"https:\/\/www.instagram.com\/p\/6IaqfAyMoA\/?utm_source=ig_embed&amp;utm_medium=loading&amp;utm_campaign=embed_loading_state_control\" target=\"_blank\" rel=\"noopener noreferrer\">Uma publica\u00e7\u00e3o compartilhada por Luiz Felipe \ud83c\udde7\ud83c\uddf7 (@luiz.ladeira)<\/a> em <time style=\"font-family: Arial,sans-serif; font-size: 14px; line-height: 17px;\" datetime=\"2015-08-08T17:54:48+00:00\">8 de Ago, 2015 \u00e0s 10:54 PDT<\/time><\/p>\n<\/div>\n<\/blockquote>\n<p><script async=\"\" src=\"\/\/www.instagram.com\/embed.js\"><\/script><\/p>\n<p>As forma\u00e7\u00f5es rochosas da Serra da Bela Adormecida, vistas da cidade, s\u00e3o exuberantes \u2014 at\u00e9 mesmo quando a neblina encobre as partes mais altas. Acorde bem cedinho e veja o nascer do sol atr\u00e1s das montanhas da serra. Essa ser\u00e1 uma das coisas mais bonitas que voc\u00ea vai ver na vida!<\/p>\n<blockquote><p><a href=\"https:\/\/quantocustaviajar.com\/blog\/amazonas-serra-do-araca\/\" target=\"_blank\" rel=\"noopener noreferrer\"><strong>Nas montanhas do Amazonas, Serra do Arac\u00e1 esconde a maior cachoeira do Brasil e paisagens id\u00edlicas<\/strong><\/a><\/p><\/blockquote>\n<p>Outro ponto interessante para observar toda a beleza da Serra da Bela Adormecida \u00e9 no <strong>Morro da Fortaleza<\/strong>, um forte constru\u00eddo em 1763 \u2014 um lugarzinho privilegiado para apreciar a natureza.<\/p>\n<p>Apesar do nome popular da serra remeter \u00e0s hist\u00f3rias de contos de fadas, a origem do local \u00e9 essencialmente ind\u00edgena, deixando a sua visita ainda mais especial. Tanto que o destino abriga 23 etnias ind\u00edgenas respons\u00e1veis pela produ\u00e7\u00e3o de um dos artesanatos mais prestigiados do Brasil.<\/p>\n<p>Outra atra\u00e7\u00e3o nos arredores de S\u00e3o Gabriel da Cachoeira \u00e9 o <strong>Parque Nacional do Pico da Neblina<\/strong>, o ponto mais alto do Brasil com 2995 metros. A visita\u00e7\u00e3o ao parque foi vetada em 2002, mas, em 2019, as expedi\u00e7\u00f5es ser\u00e3o retomadas.<\/p>\n<blockquote class=\"instagram-media\" style=\"background: #FFF; border: 0; border-radius: 3px; box-shadow: 0 0 1px 0 rgba(0,0,0,0.5),0 1px 10px 0 rgba(0,0,0,0.15); margin: 1px; max-width: 540px; min-width: 326px; padding: 0; width: calc(100% - 2px);\" data-instgrm-permalink=\"https:\/\/www.instagram.com\/p\/BnYyQ3PgmyB\/?utm_source=ig_embed&amp;utm_medium=loading&amp;utm_campaign=embed_loading_state_control\" data-instgrm-version=\"9\">\n<div style=\"padding: 8px;\">\n<div style=\"background: #F8F8F8; line-height: 0; margin-top: 40px; padding: 33.33333333333333% 0; text-align: center; width: 100%;\">\n<div style=\"background: url(data:image\/png; base64,ivborw0kggoaaaansuheugaaacwaaaascamaaaapwqozaaaabgdbtueaalgpc\/xhbqaaaafzukdcak7ohokaaaamuexurczmzpf399fx1+bm5mzy9amaaadisurbvdjlvzxbesmgces5\/p8\/t9furvcrmu73jwlzosgsiizurcjo\/ad+eqjjb4hv8bft+idpqocx1wjosbfhh2xssxeiyn3uli\/6mnree07uiwjev8ueowds88ly97kqytlijkktuybbruayvh5wohixmpi5we58ek028czwyuqdlkpg1bkb4nnm+veanfhqn1k4+gpt6ugqcvu2h2ovuif\/gwufyy8owepdyzsa3avcqpvovvzzz2vtnn2wu8qzvjddeto90gsy9mvlqtgysy231mxry6i2ggqjrty0l8fxcxfcbbhwrsyyaaaaaelftksuqmcc); display: block; height: 44px; margin: 0 auto -44px; position: relative; top: -22px; width: 44px;\"><\/div>\n<\/div>\n<p style=\"color: #c9c8cd; font-family: Arial,sans-serif; font-size: 14px; line-height: 17px; margin-bottom: 0; margin-top: 8px; overflow: hidden; padding: 8px 0 7px; text-align: center; text-overflow: ellipsis; white-space: nowrap;\"><a style=\"color: #c9c8cd; font-family: Arial,sans-serif; font-size: 14px; font-style: normal; font-weight: normal; line-height: 17px; text-decoration: none;\" href=\"https:\/\/www.instagram.com\/p\/BnYyQ3PgmyB\/?utm_source=ig_embed&amp;utm_medium=loading&amp;utm_campaign=embed_loading_state_control\" target=\"_blank\" rel=\"noopener noreferrer\">Uma publica\u00e7\u00e3o compartilhada por Luiz Antonio Gamb\u00e1 (@luizantoniogamba)<\/a> em <time style=\"font-family: Arial,sans-serif; font-size: 14px; line-height: 17px;\" datetime=\"2018-09-06T14:01:36+00:00\">6 de Set, 2018 \u00e0s 7:01 PDT<\/time><\/p>\n<\/div>\n<\/blockquote>\n<p><script async=\"\" src=\"\/\/www.instagram.com\/embed.js\"><\/script><\/p>\n<p>O plano de ecoturismo foi desenvolvido em parceria com os ind\u00edgenas, o ICMBio, a Funai, o Ex\u00e9rcito Brasileiro, a Secretaria de Turismo de S\u00e3o Gabriel da Cachoeira e o Instituto Socioambiental. Quem tiver interesse em conhecer o ponto mais alto do Brasil junto com os Yanomami pode se <strong><a href=\"https:\/\/docs.google.com\/forms\/d\/1UBkRPneS94YQy5w-YF5Rb17mz7KudOGcI3ye_1MQx_M\/viewform?edit_requested=true\" target=\"_blank\" rel=\"noopener noreferrer\">inscrever na lista de espera<\/a><\/strong> mantida pela Associa\u00e7\u00e3o Yanomami do Rio Cauaburis (Ayrca), respons\u00e1vel pelo turismo no local.<\/p>\n<p>E n\u00f3s dissemos que tamb\u00e9m existe praia em S\u00e3o Gabriel da Cachoeira, certo? A <strong>Praia Grande<\/strong> \u00e9 o local para quem quer curtir a praia fluvial que se forma durante o per\u00edodo de seca, que vai de setembro a janeiro. Com uma faixa de areia branquinha de 500 metros, as \u00e1guas Rio Negro chegam at\u00e9 o local, formando as piscinas de \u00e1guas geladas e com correntezas fortes.<\/p>\n<p>Aproveite tamb\u00e9m para conhecer a <strong>Catedral Metropolitana<\/strong> da cidade, fa\u00e7a um giro pelas ruas simples e v\u00e1 at\u00e9 mesmo ao <strong>Mercado Municipal<\/strong> para conversar com os moradores locais e experimentar produtos t\u00edpicos.<\/p>\n<h2>Como chegar a S\u00e3o Gabriel da Cachoeira<\/h2>\n<p>Localizada a 850 km de <a href=\"https:\/\/quantocustaviajar.com\/brasil\/manaus\" target=\"_blank\" rel=\"noopener noreferrer\"><strong>Manaus<\/strong><\/a>, os visitantes conseguem chegar \u00e0 cidade de S\u00e3o Gabriel da Cachoeira apenas de barco ou de avi\u00e3o. A viagem de barco chega a durar quatro dias, saindo de Manaus, com uma embarca\u00e7\u00e3o que segue pelo Rio Negro at\u00e9 a cidade de destino.<\/p>\n<blockquote><p><a href=\"https:\/\/quantocustaviajar.com\/brasil\/manaus\" target=\"_blank\" rel=\"noopener noreferrer\"><strong>Quanto custa viajar para Manaus? Confira tudo aqui!<\/strong><\/a><\/p><\/blockquote>\n<p>De avi\u00e3o \u00e9 a maneira mais f\u00e1cil de chegar a S\u00e3o Gabriel da Cachoeira, com voos que saem de Manaus \u2014 a Azul e a MAP s\u00e3o algumas companhias que oferecem esse trecho. A m\u00e9dia de valor das passagens \u00e9 de R$ 480.<\/p>\n<p>As op\u00e7\u00f5es de hospedagem s\u00e3o BEM simples, mas o acolhimento que os moradores locais e funcion\u00e1rios dos hot\u00e9is proporcionam \u00e9 digno de abra\u00e7os de gratid\u00e3o! Confira algumas op\u00e7\u00f5es para ficar na cidade:<\/p>\n<ul>\n<li>Hotel Cimarne, perto da praia. Reservas pelo telefone (97) 3471-1321.<\/li>\n<li>Hotel Deus Me Deu, no centro da cidade. Reservas pelo telefone (97) 3471-1395.<\/li>\n<li>Hotel Tr\u00eas Na\u00e7\u00f5es. Reservas pelo telefone (97) 98412-0576.<\/li>\n<\/ul>\n<p>Esse seria um roteiro totalmente fora do padr\u00e3o aqui pelo Brasil, n\u00e3o acha? Quem sabe, voc\u00ea at\u00e9 pudesse emendar com uma <strong><a href=\"https:\/\/quantocustaviajar.com\/blog\/juma-amazon-lodge-floresta-amazonica\/\" target=\"_blank\" rel=\"noopener noreferrer\">visita \u00e0 floresta amaz\u00f4nica, ficando no Juma Amazon Lounge<\/a><\/strong>, que tal ;)<\/p>\n<p>Apesar de ser uma regi\u00e3o pobre no pa\u00eds, muitos esfor\u00e7os e projetos de resgate e valoriza\u00e7\u00e3o cultural das comunidades do norte do Amazonas est\u00e3o em andamento. Visitar esses destinos \u00e9 um combust\u00edvel para fazer com que o turismo se fortaleza e traga mais benef\u00edcios para a regi\u00e3o (sempre sem deixar os costumes ind\u00edgenas de lado).<\/p>\n<p>Op\u00e7\u00f5es pelo nosso brasilz\u00e3o existem aos montes! Pense em valorizar as belezas naturais do nosso pa\u00eds e comece a explorar literalmente a terra onde \u00e9 a sua casa &lt;3<\/p>\n","protected":false},"excerpt":{"rendered":"<p>Quando pensamos em lugares rom\u00e2nticos para viajar moz\u00e3o, logo vem em mente destinos como Paris, Campos do Jord\u00e3o e tantas outras cidades espalhadas pelo mundo. Entretanto, em S\u00e3o Gabriel da Cachoeira, no Amazonas, fica um dos cantinhos mais charmosos e gostosos para viajar com uma pessoa especial: a Serra da Bela Adormecida. O destino \u00e9 [&hellip;]<\/p>\n","protected":false},"author":11,"featured_media":53181,"comment_status":"open","ping_status":"open","sticky":false,"template":"","format":"standard","meta":{"cybocfi_hide_featured_image":"","footnotes":""},"categories":[1437,1434],"tags":[686,176,266,668,1968,1967,532],"class_list":["post-32437","post","type-post","status-publish","format-standard","has-post-thumbnail","hentry","category-ao-ar-livre","category-descubra-brasil","tag-amazonas","tag-america-do-sul","tag-brasil","tag-norte","tag-rio-negro","tag-sao-gabriel-da-cachoeira","tag-serra"],"blocksy_meta":[],"yoast_head":"<!-- This site is optimized with the Yoast SEO plugin v26.3 - https:\/\/yoast.com\/wordpress\/plugins\/seo\/ -->\n<title>Um dos lugares mais rom\u00e2nticos para viajar no Brasil fica no Amazonas<\/title>\n<meta name=\"description\" content=\"S\u00e3o Gabriel da Cachoeira \u00e9 uma cidade no Amazonas com cachoeiras, montanhas e praias fluviais. Saiba mais sobre o destino.\" \/>\n<meta name=\"robots\" content=\"index, follow, max-snippet:-1, max-image-preview:large, max-video-preview:-1\" \/>\n<link rel=\"canonical\" href=\"https:\/\/quantocustaviajar.com\/blog\/sao-gabriel-da-cachoeira-serra-bela-adormecida-amazonas\/\" \/>\n<meta property=\"og:locale\" content=\"pt_BR\" \/>\n<meta property=\"og:type\" content=\"article\" \/>\n<meta property=\"og:title\" content=\"Um dos lugares mais rom\u00e2nticos para viajar no Brasil fica no Amazonas\" \/>\n<meta property=\"og:description\" content=\"S\u00e3o Gabriel da Cachoeira \u00e9 uma cidade no Amazonas com cachoeiras, montanhas e praias fluviais. Saiba mais sobre o destino.\" \/>\n<meta property=\"og:url\" content=\"https:\/\/quantocustaviajar.com\/blog\/sao-gabriel-da-cachoeira-serra-bela-adormecida-amazonas\/\" \/>\n<meta property=\"og:site_name\" content=\"Blog Quanto Custa Viajar\" \/>\n<meta property=\"article:publisher\" content=\"https:\/\/www.facebook.com\/quantocustaviajar\" \/>\n<meta property=\"article:published_time\" content=\"2019-03-18T13:05:17+00:00\" \/>\n<meta property=\"article:modified_time\" content=\"2022-04-19T18:31:44+00:00\" \/>\n<meta property=\"og:image\" content=\"https:\/\/quantocustaviajar.com\/blog\/wp-content\/uploads\/2019\/03\/Sao_Gabriel_da_Cachoeira-1.jpg\" \/>\n\t<meta property=\"og:image:width\" content=\"1024\" \/>\n\t<meta property=\"og:image:height\" content=\"575\" \/>\n\t<meta property=\"og:image:type\" content=\"image\/jpeg\" \/>\n<meta name=\"author\" content=\"Andressa Xavier Pellanda\" \/>\n<meta name=\"twitter:card\" content=\"summary_large_image\" \/>\n<meta name=\"twitter:label1\" content=\"Escrito por\" \/>\n\t<meta name=\"twitter:data1\" content=\"Andressa Xavier Pellanda\" \/>\n\t<meta name=\"twitter:label2\" content=\"Est. tempo de leitura\" \/>\n\t<meta name=\"twitter:data2\" content=\"5 minutos\" \/>\n<!-- \/ Yoast SEO plugin. -->","yoast_head_json":{"title":"Um dos lugares mais rom\u00e2nticos para viajar no Brasil fica no Amazonas","description":"S\u00e3o Gabriel da Cachoeira \u00e9 uma cidade no Amazonas com cachoeiras, montanhas e praias fluviais. Saiba mais sobre o destino.","robots":{"index":"index","follow":"follow","max-snippet":"max-snippet:-1","max-image-preview":"max-image-preview:large","max-video-preview":"max-video-preview:-1"},"canonical":"https:\/\/quantocustaviajar.com\/blog\/sao-gabriel-da-cachoeira-serra-bela-adormecida-amazonas\/","og_locale":"pt_BR","og_type":"article","og_title":"Um dos lugares mais rom\u00e2nticos para viajar no Brasil fica no Amazonas","og_description":"S\u00e3o Gabriel da Cachoeira \u00e9 uma cidade no Amazonas com cachoeiras, montanhas e praias fluviais. Saiba mais sobre o destino.","og_url":"https:\/\/quantocustaviajar.com\/blog\/sao-gabriel-da-cachoeira-serra-bela-adormecida-amazonas\/","og_site_name":"Blog Quanto Custa Viajar","article_publisher":"https:\/\/www.facebook.com\/quantocustaviajar","article_published_time":"2019-03-18T13:05:17+00:00","article_modified_time":"2022-04-19T18:31:44+00:00","og_image":[{"width":1024,"height":575,"url":"https:\/\/quantocustaviajar.com\/blog\/wp-content\/uploads\/2019\/03\/Sao_Gabriel_da_Cachoeira-1.jpg","type":"image\/jpeg"}],"author":"Andressa Xavier Pellanda","twitter_card":"summary_large_image","twitter_misc":{"Escrito por":"Andressa Xavier Pellanda","Est. tempo de leitura":"5 minutos"},"schema":{"@context":"https:\/\/schema.org","@graph":[{"@type":["Article","BlogPosting"],"@id":"https:\/\/quantocustaviajar.com\/blog\/sao-gabriel-da-cachoeira-serra-bela-adormecida-amazonas\/#article","isPartOf":{"@id":"https:\/\/quantocustaviajar.com\/blog\/sao-gabriel-da-cachoeira-serra-bela-adormecida-amazonas\/"},"author":{"name":"Andressa Xavier Pellanda","@id":"https:\/\/quantocustaviajar.com\/blog\/#\/schema\/person\/81b0aaf2069da1a2da54677906b42d3c"},"headline":"Um dos lugares mais rom\u00e2nticos para viajar no Brasil fica no Amazonas","datePublished":"2019-03-18T13:05:17+00:00","dateModified":"2022-04-19T18:31:44+00:00","mainEntityOfPage":{"@id":"https:\/\/quantocustaviajar.com\/blog\/sao-gabriel-da-cachoeira-serra-bela-adormecida-amazonas\/"},"wordCount":874,"commentCount":2,"publisher":{"@id":"https:\/\/quantocustaviajar.com\/blog\/#organization"},"image":{"@id":"https:\/\/quantocustaviajar.com\/blog\/sao-gabriel-da-cachoeira-serra-bela-adormecida-amazonas\/#primaryimage"},"thumbnailUrl":"https:\/\/quantocustaviajar.com\/blog\/wp-content\/uploads\/2019\/03\/Sao_Gabriel_da_Cachoeira-1.jpg","keywords":["Amazonas","am\u00e9rica do sul","Brasil","Norte","rio negro","sao gabriel da cachoeira","serra"],"articleSection":["Ao Ar Livre","Descubra o Brasil"],"inLanguage":"pt-BR","potentialAction":[{"@type":"CommentAction","name":"Comment","target":["https:\/\/quantocustaviajar.com\/blog\/sao-gabriel-da-cachoeira-serra-bela-adormecida-amazonas\/#respond"]}]},{"@type":"WebPage","@id":"https:\/\/quantocustaviajar.com\/blog\/sao-gabriel-da-cachoeira-serra-bela-adormecida-amazonas\/","url":"https:\/\/quantocustaviajar.com\/blog\/sao-gabriel-da-cachoeira-serra-bela-adormecida-amazonas\/","name":"Um dos lugares mais rom\u00e2nticos para viajar no Brasil fica no Amazonas","isPartOf":{"@id":"https:\/\/quantocustaviajar.com\/blog\/#website"},"primaryImageOfPage":{"@id":"https:\/\/quantocustaviajar.com\/blog\/sao-gabriel-da-cachoeira-serra-bela-adormecida-amazonas\/#primaryimage"},"image":{"@id":"https:\/\/quantocustaviajar.com\/blog\/sao-gabriel-da-cachoeira-serra-bela-adormecida-amazonas\/#primaryimage"},"thumbnailUrl":"https:\/\/quantocustaviajar.com\/blog\/wp-content\/uploads\/2019\/03\/Sao_Gabriel_da_Cachoeira-1.jpg","datePublished":"2019-03-18T13:05:17+00:00","dateModified":"2022-04-19T18:31:44+00:00","description":"S\u00e3o Gabriel da Cachoeira \u00e9 uma cidade no Amazonas com cachoeiras, montanhas e praias fluviais. Saiba mais sobre o destino.","breadcrumb":{"@id":"https:\/\/quantocustaviajar.com\/blog\/sao-gabriel-da-cachoeira-serra-bela-adormecida-amazonas\/#breadcrumb"},"inLanguage":"pt-BR","potentialAction":[{"@type":"ReadAction","target":["https:\/\/quantocustaviajar.com\/blog\/sao-gabriel-da-cachoeira-serra-bela-adormecida-amazonas\/"]}]},{"@type":"ImageObject","inLanguage":"pt-BR","@id":"https:\/\/quantocustaviajar.com\/blog\/sao-gabriel-da-cachoeira-serra-bela-adormecida-amazonas\/#primaryimage","url":"https:\/\/quantocustaviajar.com\/blog\/wp-content\/uploads\/2019\/03\/Sao_Gabriel_da_Cachoeira-1.jpg","contentUrl":"https:\/\/quantocustaviajar.com\/blog\/wp-content\/uploads\/2019\/03\/Sao_Gabriel_da_Cachoeira-1.jpg","width":1024,"height":575,"caption":"Wikimedia"},{"@type":"BreadcrumbList","@id":"https:\/\/quantocustaviajar.com\/blog\/sao-gabriel-da-cachoeira-serra-bela-adormecida-amazonas\/#breadcrumb","itemListElement":[{"@type":"ListItem","position":1,"name":"In\u00edcio","item":"https:\/\/quantocustaviajar.com\/blog\/"},{"@type":"ListItem","position":2,"name":"Um dos lugares mais rom\u00e2nticos para viajar no Brasil fica no Amazonas"}]},{"@type":"WebSite","@id":"https:\/\/quantocustaviajar.com\/blog\/#website","url":"https:\/\/quantocustaviajar.com\/blog\/","name":"Blog Quanto Custa Viajar","description":"","publisher":{"@id":"https:\/\/quantocustaviajar.com\/blog\/#organization"},"potentialAction":[{"@type":"SearchAction","target":{"@type":"EntryPoint","urlTemplate":"https:\/\/quantocustaviajar.com\/blog\/?s={search_term_string}"},"query-input":{"@type":"PropertyValueSpecification","valueRequired":true,"valueName":"search_term_string"}}],"inLanguage":"pt-BR"},{"@type":"Organization","@id":"https:\/\/quantocustaviajar.com\/blog\/#organization","name":"Quanto Custa Viajar","url":"https:\/\/quantocustaviajar.com\/blog\/","logo":{"@type":"ImageObject","inLanguage":"pt-BR","@id":"https:\/\/quantocustaviajar.com\/blog\/#\/schema\/logo\/image\/","url":"","contentUrl":"","caption":"Quanto Custa Viajar"},"image":{"@id":"https:\/\/quantocustaviajar.com\/blog\/#\/schema\/logo\/image\/"},"sameAs":["https:\/\/www.facebook.com\/quantocustaviajar"]},{"@type":"Person","@id":"https:\/\/quantocustaviajar.com\/blog\/#\/schema\/person\/81b0aaf2069da1a2da54677906b42d3c","name":"Andressa Xavier Pellanda","image":{"@type":"ImageObject","inLanguage":"pt-BR","@id":"https:\/\/quantocustaviajar.com\/blog\/#\/schema\/person\/image\/","url":"https:\/\/secure.gravatar.com\/avatar\/efccc167c341de2100a574b335de06f5efda2310964e70124d995491728ed674?s=96&d=mm&r=g","contentUrl":"https:\/\/secure.gravatar.com\/avatar\/efccc167c341de2100a574b335de06f5efda2310964e70124d995491728ed674?s=96&d=mm&r=g","caption":"Andressa Xavier Pellanda"},"description":"Eu gosto de viajar antes mesmo de chegar ao destino!","url":"https:\/\/quantocustaviajar.com\/blog\/author\/andressa\/"}]}},"_links":{"self":[{"href":"https:\/\/quantocustaviajar.com\/blog\/wp-json\/wp\/v2\/posts\/32437","targetHints":{"allow":["GET"]}}],"collection":[{"href":"https:\/\/quantocustaviajar.com\/blog\/wp-json\/wp\/v2\/posts"}],"about":[{"href":"https:\/\/quantocustaviajar.com\/blog\/wp-json\/wp\/v2\/types\/post"}],"author":[{"embeddable":true,"href":"https:\/\/quantocustaviajar.com\/blog\/wp-json\/wp\/v2\/users\/11"}],"replies":[{"embeddable":true,"href":"https:\/\/quantocustaviajar.com\/blog\/wp-json\/wp\/v2\/comments?post=32437"}],"version-history":[{"count":4,"href":"https:\/\/quantocustaviajar.com\/blog\/wp-json\/wp\/v2\/posts\/32437\/revisions"}],"predecessor-version":[{"id":53182,"href":"https:\/\/quantocustaviajar.com\/blog\/wp-json\/wp\/v2\/posts\/32437\/revisions\/53182"}],"wp:featuredmedia":[{"embeddable":true,"href":"https:\/\/quantocustaviajar.com\/blog\/wp-json\/wp\/v2\/media\/53181"}],"wp:attachment":[{"href":"https:\/\/quantocustaviajar.com\/blog\/wp-json\/wp\/v2\/media?parent=32437"}],"wp:term":[{"taxonomy":"category","embeddable":true,"href":"https:\/\/quantocustaviajar.com\/blog\/wp-json\/wp\/v2\/categories?post=32437"},{"taxonomy":"post_tag","embeddable":true,"href":"https:\/\/quantocustaviajar.com\/blog\/wp-json\/wp\/v2\/tags?post=32437"}],"curies":[{"name":"wp","href":"https:\/\/api.w.org\/{rel}","templated":true}]}}