{"id":30950,"date":"2019-01-15T13:32:06","date_gmt":"2019-01-15T13:32:06","guid":{"rendered":"https:\/\/quantocustaviajar.com\/blog\/?p=30950"},"modified":"2021-07-28T21:00:54","modified_gmt":"2021-07-28T21:00:54","slug":"trem-rio-minas-passeio-turistico","status":"publish","type":"post","link":"https:\/\/quantocustaviajar.com\/blog\/trem-rio-minas-passeio-turistico\/","title":{"rendered":"Trem Rio-Minas: trem tur\u00edstico interestadual est\u00e1 prestes a fazer viagem"},"content":{"rendered":"<p>Voc\u00ea gosta de <a href=\"https:\/\/quantocustaviajar.com\/blog\/viagens-de-trem\/\">viagens de trem<\/a> ou desde pequena sonhou em fazer um passeio desse tipo? Ent\u00e3o, prepare-se para conhecer uma novidade no Brasil, isso porque o <strong>trem Rio-Minas<\/strong> est\u00e1 prestes a fazer a sua primeira viagem!<\/p>\n<p>A locomotiva vai sair da cidade de Cataguases, em <a href=\"https:\/\/quantocustaviajar.com\/blog\/cidades-legais-para-viajar-em-minas-gerais\/\">Minas Gerais<\/a>, passando pelos munic\u00edpios de Leopoldina, Recreio, Volta Grande, Chiador, Al\u00e9m Para\u00edba e Sapucaia, chegando em Tr\u00eas Rios, no estado do Rio de Janeiro. Ao todo, ser\u00e3o 168 km de passeio pelos trilhos da regi\u00e3o.<\/p>\n<p>A inaugura\u00e7\u00e3o da linha est\u00e1 prevista para o 2\u00ba semestre de 2019. Os organizadores n\u00e3o falam em datas espec\u00edficas para n\u00e3o gerar ansiedade e at\u00e9 mesmo porque o trem precisa de autoriza\u00e7\u00e3o e laudos t\u00e9cnicos da Ag\u00eancia Nacional de Transportes Terrestres (ANTT) para realmente dar in\u00edcio aos passeios.<\/p>\n<blockquote><p><a href=\"https:\/\/quantocustaviajar.com\/blog\/bate-volta-no-rio-de-janeiro\/\" target=\"_blank\" rel=\"noopener noreferrer\"><strong>Cidades para um bate-volta no Rio de Janeiro para uma viagem r\u00e1pida e legal<\/strong><\/a><\/p><\/blockquote>\n<blockquote><p><a href=\"https:\/\/quantocustaviajar.com\/blog\/viagem-de-trem-entre-espirito-santo-e-minas-gerais\/\" target=\"_blank\" rel=\"noopener noreferrer\"><strong>Que tal uma viagem de trem entre Esp\u00edrito Santo e Minas Gerais?<\/strong><\/a><\/p><\/blockquote>\n<p>Em um primeiro momento, as viagens devem acontecer aos s\u00e1bados, domingos e feriados. O trem Rio-Minas ter\u00e1 capacidade para levar at\u00e9 860 passageiros, distribu\u00eddos em 15 vag\u00f5es, todos acomodados em poltronas confort\u00e1veis estilo as dos \u00f4nibus de viagem.<\/p>\n<p>Os passageiros podem fazer o trajeto de ida e volta ou, se quiserem, ou retornarem para o destino de origem, trocando de vag\u00e3o na metade do caminho. Os valores das passagens ainda n\u00e3o foram divulgados. O projeto tamb\u00e9m pode mudar antes ou depois da primeira viagem oficial, tudo depende das libera\u00e7\u00f5es ANTT.<\/p>\n<h2>Trem Rio-Minas vai movimentar a regi\u00e3o da Zona da Mata<\/h2>\n<p>https:\/\/www.youtube.com\/watch?v=1zhhaHdNH0Q<\/p>\n<p>O apito do trem \u00e9 o an\u00fancio de que o sonho dos moradores e comerciantes da regi\u00e3o est\u00e1 prestes a se iniciar. A repercuss\u00e3o nas cidades por onde o trem Rio-Minas vai passar \u00e9 positiva entre a popula\u00e7\u00e3o, j\u00e1 que isso pode movimentar o com\u00e9rcio local com o aumento das vendas de artesanatos, queijos e mel da regi\u00e3o.<\/p>\n<p>O entrave acontece mais entre as concession\u00e1rias, que hoje utilizam os trilhos para transporte de cargas, que precisam ser convencidas de que os trilhos podem ser compartilhados sem problemas com os roteiros de passeios tur\u00edsticos. Os prefeitos de todas as cidades por onde o trem Rio-Minas vai passar d\u00e3o o maior apoio ao projeto que \u00e9 de iniciativas privadas e da ONG Amigos do Trem.<\/p>\n<p>O Rio-Minas ser\u00e1 o primeiro trem tur\u00edstico de passageiros interestadual e vai render belas imagens das cidades da Zona da Mata. Os passageiros poder\u00e3o conhecer as belas naturais e tamb\u00e9m o patrim\u00f4nio hist\u00f3rico de todos esses munic\u00edpios.<\/p>\n<p>Se desde j\u00e1 voc\u00ea quer come\u00e7ar a planejar a sua viagem, aproveite para<a href=\"https:\/\/www.booking.com\/index.html?aid=2161834\" target=\"_blank\" rel=\"noopener noreferrer\"><strong> encontrar aqui boas op\u00e7\u00f5es de hospedagem nas cidades por onde o Trem Rio-Minas vai passar<\/strong><\/a>!<\/p>\n<p>N\u00f3s aqui do Quanto Custa Viajar estamos na expectativa de que esse passeio seja logo inaugurado! E voc\u00ea: conte aqui nos coment\u00e1rios o que voc\u00ea achou dessa nova op\u00e7\u00e3o de passeio que vai ligar munic\u00edpio de Minas Gerais ao Rio de Janeiro.<\/p>\n","protected":false},"excerpt":{"rendered":"<p>Voc\u00ea gosta de viagens de trem ou desde pequena sonhou em fazer um passeio desse tipo? Ent\u00e3o, prepare-se para conhecer uma novidade no Brasil, isso porque o trem Rio-Minas est\u00e1 prestes a fazer a sua primeira viagem! A locomotiva vai sair da cidade de Cataguases, em Minas Gerais, passando pelos munic\u00edpios de Leopoldina, Recreio, Volta [&hellip;]<\/p>\n","protected":false},"author":11,"featured_media":0,"comment_status":"open","ping_status":"open","sticky":false,"template":"","format":"standard","meta":{"cybocfi_hide_featured_image":"","footnotes":""},"categories":[1434,1515],"tags":[266,124,158],"class_list":["post-30950","post","type-post","status-publish","format-standard","hentry","category-descubra-brasil","category-novidades","tag-brasil","tag-roteiro","tag-trem"],"blocksy_meta":[],"yoast_head":"<!-- This site is optimized with the Yoast SEO plugin v26.3 - https:\/\/yoast.com\/wordpress\/plugins\/seo\/ -->\n<title>Trem Rio-Minas: o trem tur\u00edstico interestadual est\u00e1 prestes a fazer viagem<\/title>\n<meta name=\"description\" content=\"O Trem Rio-Minas vai passar por oito cidades de Minas Gerais e Rio de Janeiro. Saiba mais sobre esse passeio tur\u00edstico aqui.\" \/>\n<meta name=\"robots\" content=\"index, follow, max-snippet:-1, max-image-preview:large, max-video-preview:-1\" \/>\n<link rel=\"canonical\" href=\"https:\/\/quantocustaviajar.com\/blog\/trem-rio-minas-passeio-turistico\/\" \/>\n<meta property=\"og:locale\" content=\"pt_BR\" \/>\n<meta property=\"og:type\" content=\"article\" \/>\n<meta property=\"og:title\" content=\"Trem Rio-Minas: o trem tur\u00edstico interestadual est\u00e1 prestes a fazer viagem\" \/>\n<meta property=\"og:description\" content=\"O Trem Rio-Minas vai passar por oito cidades de Minas Gerais e Rio de Janeiro. Saiba mais sobre esse passeio tur\u00edstico aqui.\" \/>\n<meta property=\"og:url\" content=\"https:\/\/quantocustaviajar.com\/blog\/trem-rio-minas-passeio-turistico\/\" \/>\n<meta property=\"og:site_name\" content=\"Blog Quanto Custa Viajar\" \/>\n<meta property=\"article:publisher\" content=\"https:\/\/www.facebook.com\/quantocustaviajar\" \/>\n<meta property=\"article:published_time\" content=\"2019-01-15T13:32:06+00:00\" \/>\n<meta property=\"article:modified_time\" content=\"2021-07-28T21:00:54+00:00\" \/>\n<meta name=\"author\" content=\"Andressa Xavier Pellanda\" \/>\n<meta name=\"twitter:card\" content=\"summary_large_image\" \/>\n<meta name=\"twitter:label1\" content=\"Escrito por\" \/>\n\t<meta name=\"twitter:data1\" content=\"Andressa Xavier Pellanda\" \/>\n\t<meta name=\"twitter:label2\" content=\"Est. tempo de leitura\" \/>\n\t<meta name=\"twitter:data2\" content=\"3 minutos\" \/>\n<!-- \/ Yoast SEO plugin. -->","yoast_head_json":{"title":"Trem Rio-Minas: o trem tur\u00edstico interestadual est\u00e1 prestes a fazer viagem","description":"O Trem Rio-Minas vai passar por oito cidades de Minas Gerais e Rio de Janeiro. Saiba mais sobre esse passeio tur\u00edstico aqui.","robots":{"index":"index","follow":"follow","max-snippet":"max-snippet:-1","max-image-preview":"max-image-preview:large","max-video-preview":"max-video-preview:-1"},"canonical":"https:\/\/quantocustaviajar.com\/blog\/trem-rio-minas-passeio-turistico\/","og_locale":"pt_BR","og_type":"article","og_title":"Trem Rio-Minas: o trem tur\u00edstico interestadual est\u00e1 prestes a fazer viagem","og_description":"O Trem Rio-Minas vai passar por oito cidades de Minas Gerais e Rio de Janeiro. Saiba mais sobre esse passeio tur\u00edstico aqui.","og_url":"https:\/\/quantocustaviajar.com\/blog\/trem-rio-minas-passeio-turistico\/","og_site_name":"Blog Quanto Custa Viajar","article_publisher":"https:\/\/www.facebook.com\/quantocustaviajar","article_published_time":"2019-01-15T13:32:06+00:00","article_modified_time":"2021-07-28T21:00:54+00:00","author":"Andressa Xavier Pellanda","twitter_card":"summary_large_image","twitter_misc":{"Escrito por":"Andressa Xavier Pellanda","Est. tempo de leitura":"3 minutos"},"schema":{"@context":"https:\/\/schema.org","@graph":[{"@type":["Article","BlogPosting"],"@id":"https:\/\/quantocustaviajar.com\/blog\/trem-rio-minas-passeio-turistico\/#article","isPartOf":{"@id":"https:\/\/quantocustaviajar.com\/blog\/trem-rio-minas-passeio-turistico\/"},"author":{"name":"Andressa Xavier Pellanda","@id":"https:\/\/quantocustaviajar.com\/blog\/#\/schema\/person\/81b0aaf2069da1a2da54677906b42d3c"},"headline":"Trem Rio-Minas: trem tur\u00edstico interestadual est\u00e1 prestes a fazer viagem","datePublished":"2019-01-15T13:32:06+00:00","dateModified":"2021-07-28T21:00:54+00:00","mainEntityOfPage":{"@id":"https:\/\/quantocustaviajar.com\/blog\/trem-rio-minas-passeio-turistico\/"},"wordCount":544,"commentCount":18,"publisher":{"@id":"https:\/\/quantocustaviajar.com\/blog\/#organization"},"keywords":["Brasil","roteiro","trem"],"articleSection":["Descubra o Brasil","Novidades"],"inLanguage":"pt-BR","potentialAction":[{"@type":"CommentAction","name":"Comment","target":["https:\/\/quantocustaviajar.com\/blog\/trem-rio-minas-passeio-turistico\/#respond"]}]},{"@type":"WebPage","@id":"https:\/\/quantocustaviajar.com\/blog\/trem-rio-minas-passeio-turistico\/","url":"https:\/\/quantocustaviajar.com\/blog\/trem-rio-minas-passeio-turistico\/","name":"Trem Rio-Minas: o trem tur\u00edstico interestadual est\u00e1 prestes a fazer viagem","isPartOf":{"@id":"https:\/\/quantocustaviajar.com\/blog\/#website"},"datePublished":"2019-01-15T13:32:06+00:00","dateModified":"2021-07-28T21:00:54+00:00","description":"O Trem Rio-Minas vai passar por oito cidades de Minas Gerais e Rio de Janeiro. Saiba mais sobre esse passeio tur\u00edstico aqui.","breadcrumb":{"@id":"https:\/\/quantocustaviajar.com\/blog\/trem-rio-minas-passeio-turistico\/#breadcrumb"},"inLanguage":"pt-BR","potentialAction":[{"@type":"ReadAction","target":["https:\/\/quantocustaviajar.com\/blog\/trem-rio-minas-passeio-turistico\/"]}]},{"@type":"BreadcrumbList","@id":"https:\/\/quantocustaviajar.com\/blog\/trem-rio-minas-passeio-turistico\/#breadcrumb","itemListElement":[{"@type":"ListItem","position":1,"name":"In\u00edcio","item":"https:\/\/quantocustaviajar.com\/blog\/"},{"@type":"ListItem","position":2,"name":"Trem Rio-Minas: trem tur\u00edstico interestadual est\u00e1 prestes a fazer viagem"}]},{"@type":"WebSite","@id":"https:\/\/quantocustaviajar.com\/blog\/#website","url":"https:\/\/quantocustaviajar.com\/blog\/","name":"Blog Quanto Custa Viajar","description":"","publisher":{"@id":"https:\/\/quantocustaviajar.com\/blog\/#organization"},"potentialAction":[{"@type":"SearchAction","target":{"@type":"EntryPoint","urlTemplate":"https:\/\/quantocustaviajar.com\/blog\/?s={search_term_string}"},"query-input":{"@type":"PropertyValueSpecification","valueRequired":true,"valueName":"search_term_string"}}],"inLanguage":"pt-BR"},{"@type":"Organization","@id":"https:\/\/quantocustaviajar.com\/blog\/#organization","name":"Quanto Custa Viajar","url":"https:\/\/quantocustaviajar.com\/blog\/","logo":{"@type":"ImageObject","inLanguage":"pt-BR","@id":"https:\/\/quantocustaviajar.com\/blog\/#\/schema\/logo\/image\/","url":"","contentUrl":"","caption":"Quanto Custa Viajar"},"image":{"@id":"https:\/\/quantocustaviajar.com\/blog\/#\/schema\/logo\/image\/"},"sameAs":["https:\/\/www.facebook.com\/quantocustaviajar"]},{"@type":"Person","@id":"https:\/\/quantocustaviajar.com\/blog\/#\/schema\/person\/81b0aaf2069da1a2da54677906b42d3c","name":"Andressa Xavier Pellanda","image":{"@type":"ImageObject","inLanguage":"pt-BR","@id":"https:\/\/quantocustaviajar.com\/blog\/#\/schema\/person\/image\/","url":"https:\/\/secure.gravatar.com\/avatar\/efccc167c341de2100a574b335de06f5efda2310964e70124d995491728ed674?s=96&d=mm&r=g","contentUrl":"https:\/\/secure.gravatar.com\/avatar\/efccc167c341de2100a574b335de06f5efda2310964e70124d995491728ed674?s=96&d=mm&r=g","caption":"Andressa Xavier Pellanda"},"description":"Eu gosto de viajar antes mesmo de chegar ao destino!","url":"https:\/\/quantocustaviajar.com\/blog\/author\/andressa\/"}]}},"_links":{"self":[{"href":"https:\/\/quantocustaviajar.com\/blog\/wp-json\/wp\/v2\/posts\/30950","targetHints":{"allow":["GET"]}}],"collection":[{"href":"https:\/\/quantocustaviajar.com\/blog\/wp-json\/wp\/v2\/posts"}],"about":[{"href":"https:\/\/quantocustaviajar.com\/blog\/wp-json\/wp\/v2\/types\/post"}],"author":[{"embeddable":true,"href":"https:\/\/quantocustaviajar.com\/blog\/wp-json\/wp\/v2\/users\/11"}],"replies":[{"embeddable":true,"href":"https:\/\/quantocustaviajar.com\/blog\/wp-json\/wp\/v2\/comments?post=30950"}],"version-history":[{"count":4,"href":"https:\/\/quantocustaviajar.com\/blog\/wp-json\/wp\/v2\/posts\/30950\/revisions"}],"predecessor-version":[{"id":49356,"href":"https:\/\/quantocustaviajar.com\/blog\/wp-json\/wp\/v2\/posts\/30950\/revisions\/49356"}],"wp:attachment":[{"href":"https:\/\/quantocustaviajar.com\/blog\/wp-json\/wp\/v2\/media?parent=30950"}],"wp:term":[{"taxonomy":"category","embeddable":true,"href":"https:\/\/quantocustaviajar.com\/blog\/wp-json\/wp\/v2\/categories?post=30950"},{"taxonomy":"post_tag","embeddable":true,"href":"https:\/\/quantocustaviajar.com\/blog\/wp-json\/wp\/v2\/tags?post=30950"}],"curies":[{"name":"wp","href":"https:\/\/api.w.org\/{rel}","templated":true}]}}