{"id":30905,"date":"2019-01-22T15:54:14","date_gmt":"2019-01-22T15:54:14","guid":{"rendered":"https:\/\/quantocustaviajar.com\/blog\/?p=30905"},"modified":"2019-01-22T15:54:14","modified_gmt":"2019-01-22T15:54:14","slug":"visitar-pao-de-acucar-rio-de-janeiro","status":"publish","type":"post","link":"https:\/\/quantocustaviajar.com\/blog\/visitar-pao-de-acucar-rio-de-janeiro\/","title":{"rendered":"Como visitar o P\u00e3o de A\u00e7\u00facar no Rio de Janeiro? Pre\u00e7os, ingressos e dicas"},"content":{"rendered":"<p>O Rio de Janeiro realmente \u00e9 aben\u00e7oado por Deus e bonito por natureza! Uma das principais atra\u00e7\u00f5es da cidade e que chamam a aten\u00e7\u00e3o de turistas do mundo inteiro \u00e9 o <strong>P\u00e3o de A\u00e7\u00facar<\/strong>, um complexo de morros composto pelo Morro do P\u00e3o de A\u00e7\u00facar (que d\u00e1 nome ao complexo), pelo Morro da Urca e pelo Morro da Babil\u00f4nia.<\/p><div id=\"ez-toc-container\" class=\"ez-toc-v2_0_76 ez-toc-wrap-left counter-hierarchy ez-toc-counter ez-toc-light-blue ez-toc-container-direction\">\n<div class=\"ez-toc-title-container\">\n<p class=\"ez-toc-title\" style=\"cursor:inherit\">Aqui voc\u00ea ir\u00e1 encontrar<\/p>\n<span class=\"ez-toc-title-toggle\"><a href=\"#\" class=\"ez-toc-pull-right ez-toc-btn ez-toc-btn-xs ez-toc-btn-default ez-toc-toggle\" aria-label=\"Alternar tabela de conte\u00fado\"><span class=\"ez-toc-js-icon-con\"><span class=\"\"><span class=\"eztoc-hide\" style=\"display:none;\">Toggle<\/span><span class=\"ez-toc-icon-toggle-span\"><svg style=\"fill: #999;color:#999\" xmlns=\"http:\/\/www.w3.org\/2000\/svg\" class=\"list-377408\" width=\"20px\" height=\"20px\" viewBox=\"0 0 24 24\" fill=\"none\"><path d=\"M6 6H4v2h2V6zm14 0H8v2h12V6zM4 11h2v2H4v-2zm16 0H8v2h12v-2zM4 16h2v2H4v-2zm16 0H8v2h12v-2z\" fill=\"currentColor\"><\/path><\/svg><svg style=\"fill: #999;color:#999\" class=\"arrow-unsorted-368013\" xmlns=\"http:\/\/www.w3.org\/2000\/svg\" width=\"10px\" height=\"10px\" viewBox=\"0 0 24 24\" version=\"1.2\" baseProfile=\"tiny\"><path d=\"M18.2 9.3l-6.2-6.3-6.2 6.3c-.2.2-.3.4-.3.7s.1.5.3.7c.2.2.4.3.7.3h11c.3 0 .5-.1.7-.3.2-.2.3-.5.3-.7s-.1-.5-.3-.7zM5.8 14.7l6.2 6.3 6.2-6.3c.2-.2.3-.5.3-.7s-.1-.5-.3-.7c-.2-.2-.4-.3-.7-.3h-11c-.3 0-.5.1-.7.3-.2.2-.3.5-.3.7s.1.5.3.7z\"\/><\/svg><\/span><\/span><\/span><\/a><\/span><\/div>\n<nav><ul class='ez-toc-list ez-toc-list-level-1 ' ><li class='ez-toc-page-1 ez-toc-heading-level-2'><a class=\"ez-toc-link ez-toc-heading-1\" href=\"https:\/\/quantocustaviajar.com\/blog\/visitar-pao-de-acucar-rio-de-janeiro\/#Bondinho_do_Pao_de_Acucar\" >Bondinho do P\u00e3o de A\u00e7\u00facar<\/a><\/li><li class='ez-toc-page-1 ez-toc-heading-level-2'><a class=\"ez-toc-link ez-toc-heading-2\" href=\"https:\/\/quantocustaviajar.com\/blog\/visitar-pao-de-acucar-rio-de-janeiro\/#Melhor_horario_para_visitar_o_Pao_de_Acucar\" >Melhor hor\u00e1rio para visitar o P\u00e3o de A\u00e7\u00facar<\/a><\/li><li class='ez-toc-page-1 ez-toc-heading-level-2'><a class=\"ez-toc-link ez-toc-heading-3\" href=\"https:\/\/quantocustaviajar.com\/blog\/visitar-pao-de-acucar-rio-de-janeiro\/#Preco_dos_ingressos_para_o_Pao_de_Acucar\" >Pre\u00e7o dos ingressos para o P\u00e3o de A\u00e7\u00facar<\/a><\/li><li class='ez-toc-page-1 ez-toc-heading-level-2'><a class=\"ez-toc-link ez-toc-heading-4\" href=\"https:\/\/quantocustaviajar.com\/blog\/visitar-pao-de-acucar-rio-de-janeiro\/#Como_chegar_ao_Pao_de_Acucar\" >Como chegar ao P\u00e3o de A\u00e7\u00facar<\/a><\/li><li class='ez-toc-page-1 ez-toc-heading-level-2'><a class=\"ez-toc-link ez-toc-heading-5\" href=\"https:\/\/quantocustaviajar.com\/blog\/visitar-pao-de-acucar-rio-de-janeiro\/#Informacoes_e_dicas_gerais\" >Informa\u00e7\u00f5es e dicas gerais<\/a><\/li><\/ul><\/nav><\/div>\n\n<p>Junto com o <a href=\"https:\/\/quantocustaviajar.com\/blog\/cristo-redentor-no-rio-de-janeiro\/\" target=\"_blank\" rel=\"noopener\"><strong>Cristo Redentor<\/strong><\/a>, o P\u00e3o de A\u00e7\u00facar \u00e9 um cart\u00e3o-postal da cidade \u2014 \u00e9 praticamente imposs\u00edvel n\u00e3o pensar nele quando falamos no Rio de Janeiro. Do alto do P\u00e3o de A\u00e7\u00facar com seus 396 metros de altura, voc\u00ea consegue ver o Cristo Redentor de bra\u00e7os abertos, aben\u00e7oando a cidade maravilhosa, al\u00e9m de ter uma vista panor\u00e2mica privilegiada do Rio.<\/p>\n<p>Copacabana, ba\u00eda de Guanabara, Aterro do Flamengo, Praia do Leblon, Ipanema, Pedra da G\u00e1vea, Ponte Rio-Niter\u00f3i e at\u00e9 mesmo o Aeroporto Santos Dumont tamb\u00e9m podem ser vistos l\u00e1 de cima. Sem d\u00favidas, ser\u00e1 um dos cen\u00e1rios mais bonitos e inspiradores que voc\u00ea vai ver na vida.<\/p>\n<figure id=\"attachment_30917\" aria-describedby=\"caption-attachment-30917\" style=\"width: 800px\" class=\"wp-caption aligncenter\"><img loading=\"lazy\" decoding=\"async\" class=\"size-full wp-image-30917\" src=\"https:\/\/quantocustaviajar.com\/blog\/wp-content\/uploads\/2019\/01\/pao-de-acucar-11.jpg\" alt=\"p\u00e3o de a\u00e7\u00facar rio de janeiro\" width=\"800\" height=\"534\" srcset=\"https:\/\/quantocustaviajar.com\/blog\/wp-content\/uploads\/2019\/01\/pao-de-acucar-11.jpg 800w, https:\/\/quantocustaviajar.com\/blog\/wp-content\/uploads\/2019\/01\/pao-de-acucar-11-300x200.jpg 300w, https:\/\/quantocustaviajar.com\/blog\/wp-content\/uploads\/2019\/01\/pao-de-acucar-11-768x513.jpg 768w\" sizes=\"auto, (max-width: 800px) 100vw, 800px\" \/><figcaption id=\"caption-attachment-30917\" class=\"wp-caption-text\">Foto: <a href=\"https:\/\/www.instagram.com\/andressaxavier\/\" target=\"_blank\" rel=\"noopener\">Andressa Xavier Pellanda<\/a><\/figcaption><\/figure>\n<blockquote><p><a href=\"https:\/\/quantocustaviajar.com\/brasil\/rio-de-janeiro\/onde-ficar\" target=\"_blank\" rel=\"noopener\"><strong>Onde ficar no Rio de Janeiro? Confira nossas dicas de bairros, hot\u00e9is e pousadas aqui!<\/strong><\/a><\/p><\/blockquote>\n<figure id=\"attachment_30918\" aria-describedby=\"caption-attachment-30918\" style=\"width: 800px\" class=\"wp-caption aligncenter\"><img loading=\"lazy\" decoding=\"async\" class=\"size-full wp-image-30918\" src=\"https:\/\/quantocustaviajar.com\/blog\/wp-content\/uploads\/2019\/01\/pao-de-acucar-12.jpg\" alt=\"p\u00e3o de a\u00e7\u00facar rio de janeiro\" width=\"800\" height=\"449\" srcset=\"https:\/\/quantocustaviajar.com\/blog\/wp-content\/uploads\/2019\/01\/pao-de-acucar-12.jpg 800w, https:\/\/quantocustaviajar.com\/blog\/wp-content\/uploads\/2019\/01\/pao-de-acucar-12-300x168.jpg 300w, https:\/\/quantocustaviajar.com\/blog\/wp-content\/uploads\/2019\/01\/pao-de-acucar-12-768x431.jpg 768w\" sizes=\"auto, (max-width: 800px) 100vw, 800px\" \/><figcaption id=\"caption-attachment-30918\" class=\"wp-caption-text\">Foto: <a href=\"https:\/\/www.instagram.com\/andressaxavier\/\" target=\"_blank\" rel=\"noopener\">Andressa Xavier Pellanda<\/a><\/figcaption><\/figure>\n<figure id=\"attachment_30919\" aria-describedby=\"caption-attachment-30919\" style=\"width: 800px\" class=\"wp-caption aligncenter\"><img loading=\"lazy\" decoding=\"async\" class=\"size-full wp-image-30919\" src=\"https:\/\/quantocustaviajar.com\/blog\/wp-content\/uploads\/2019\/01\/pao-de-acucar-13.jpg\" alt=\"p\u00e3o de a\u00e7\u00facar rio de janeiro\" width=\"800\" height=\"534\" srcset=\"https:\/\/quantocustaviajar.com\/blog\/wp-content\/uploads\/2019\/01\/pao-de-acucar-13.jpg 800w, https:\/\/quantocustaviajar.com\/blog\/wp-content\/uploads\/2019\/01\/pao-de-acucar-13-300x200.jpg 300w, https:\/\/quantocustaviajar.com\/blog\/wp-content\/uploads\/2019\/01\/pao-de-acucar-13-768x513.jpg 768w\" sizes=\"auto, (max-width: 800px) 100vw, 800px\" \/><figcaption id=\"caption-attachment-30919\" class=\"wp-caption-text\">Foto: <a href=\"https:\/\/www.instagram.com\/andressaxavier\/\" target=\"_blank\" rel=\"noopener\">Andressa Xavier Pellanda<\/a><\/figcaption><\/figure>\n<blockquote><p><a href=\"https:\/\/quantocustaviajar.com\/brasil\/rio-de-janeiro\/passagem-aerea\" target=\"_blank\" rel=\"noopener\"><strong>Eu quero f\u00e9rias! Compre sua passagem a\u00e9rea para o Rio de Janeiro com os melhores pre\u00e7os aqui!<\/strong><\/a><\/p><\/blockquote>\n<h2><span class=\"ez-toc-section\" id=\"Bondinho_do_Pao_de_Acucar\"><\/span>Bondinho do P\u00e3o de A\u00e7\u00facar<span class=\"ez-toc-section-end\"><\/span><\/h2>\n<p>O Bondinho do P\u00e3o de A\u00e7\u00facar \u00e9 uma das maiores atra\u00e7\u00f5es para os turistas e uma marca registrada no Rio de Janeiro. O telef\u00e9rico liga a Praia Vermelha ao Morro da Urca em um primeiro trecho, com 528 metros de extens\u00e3o. O segundo trecho, com 750 metros de extens\u00e3o, liga o Morro da Urca ao Morro do P\u00e3o de A\u00e7\u00facar.<\/p>\n<figure id=\"attachment_30916\" aria-describedby=\"caption-attachment-30916\" style=\"width: 800px\" class=\"wp-caption aligncenter\"><img loading=\"lazy\" decoding=\"async\" class=\"size-full wp-image-30916\" src=\"https:\/\/quantocustaviajar.com\/blog\/wp-content\/uploads\/2019\/01\/pao-de-acucar-7.jpg\" alt=\"p\u00e3o de a\u00e7\u00facar rio de janeiro\" width=\"800\" height=\"449\" srcset=\"https:\/\/quantocustaviajar.com\/blog\/wp-content\/uploads\/2019\/01\/pao-de-acucar-7.jpg 800w, https:\/\/quantocustaviajar.com\/blog\/wp-content\/uploads\/2019\/01\/pao-de-acucar-7-300x168.jpg 300w, https:\/\/quantocustaviajar.com\/blog\/wp-content\/uploads\/2019\/01\/pao-de-acucar-7-768x431.jpg 768w\" sizes=\"auto, (max-width: 800px) 100vw, 800px\" \/><figcaption id=\"caption-attachment-30916\" class=\"wp-caption-text\">Foto: <a href=\"https:\/\/www.instagram.com\/andressaxavier\/\" target=\"_blank\" rel=\"noopener\">Andressa Xavier Pellanda<\/a><\/figcaption><\/figure>\n<p>Segundo relatos, desde o s\u00e9culo 19 muitas pessoas escalavam o morro do P\u00e3o de A\u00e7\u00facar para apreciar a vista da cidade l\u00e1 do alto. Em 1908 \u00e9 que come\u00e7aram a planejar um telef\u00e9rico para levar as pessoas at\u00e9 o topo sem tamanha dificuldade. O problema \u00e9 que naquela \u00e9poca, os telef\u00e9ricos n\u00e3o eram t\u00e3o simples de serem constru\u00eddos assim (tanto que s\u00f3 existiam dois no mundo, um na Su\u00ed\u00e7a e outro na Espanha, pense!).<\/p>\n<figure id=\"attachment_30909\" aria-describedby=\"caption-attachment-30909\" style=\"width: 800px\" class=\"wp-caption aligncenter\"><img loading=\"lazy\" decoding=\"async\" class=\"size-full wp-image-30909\" src=\"https:\/\/quantocustaviajar.com\/blog\/wp-content\/uploads\/2019\/01\/pao-de-acucar-1.jpg\" alt=\"p\u00e3o de a\u00e7\u00facar no rio de janeiro\" width=\"800\" height=\"449\" srcset=\"https:\/\/quantocustaviajar.com\/blog\/wp-content\/uploads\/2019\/01\/pao-de-acucar-1.jpg 800w, https:\/\/quantocustaviajar.com\/blog\/wp-content\/uploads\/2019\/01\/pao-de-acucar-1-300x168.jpg 300w, https:\/\/quantocustaviajar.com\/blog\/wp-content\/uploads\/2019\/01\/pao-de-acucar-1-768x431.jpg 768w\" sizes=\"auto, (max-width: 800px) 100vw, 800px\" \/><figcaption id=\"caption-attachment-30909\" class=\"wp-caption-text\">Foto: <a href=\"https:\/\/www.instagram.com\/andressaxavier\/\" target=\"_blank\" rel=\"noopener\">Andressa Xavier Pellanda<\/a><\/figcaption><\/figure>\n<p>Com bastante trabalho, o bondinho foi inaugurado em 1912 e j\u00e1 transportou mais de 46 milh\u00f5es de pessoas.\u00a0A hist\u00f3ria do bondinho est\u00e1 presente em todo o passeio, com fotos em v\u00e1rios espa\u00e7os, com o Museu Cocuruto e at\u00e9 mesmo com cabines antigas. Voc\u00ea pode se divertir tirando fotos tamb\u00e9m!<\/p>\n<figure id=\"attachment_30910\" aria-describedby=\"caption-attachment-30910\" style=\"width: 800px\" class=\"wp-caption aligncenter\"><img loading=\"lazy\" decoding=\"async\" class=\"size-full wp-image-30910\" src=\"https:\/\/quantocustaviajar.com\/blog\/wp-content\/uploads\/2019\/01\/pao-de-acucar-2.jpg\" alt=\"p\u00e3o de a\u00e7\u00facar no rio de janeiro\" width=\"800\" height=\"534\" srcset=\"https:\/\/quantocustaviajar.com\/blog\/wp-content\/uploads\/2019\/01\/pao-de-acucar-2.jpg 800w, https:\/\/quantocustaviajar.com\/blog\/wp-content\/uploads\/2019\/01\/pao-de-acucar-2-300x200.jpg 300w, https:\/\/quantocustaviajar.com\/blog\/wp-content\/uploads\/2019\/01\/pao-de-acucar-2-768x513.jpg 768w\" sizes=\"auto, (max-width: 800px) 100vw, 800px\" \/><figcaption id=\"caption-attachment-30910\" class=\"wp-caption-text\">Foto: <a href=\"https:\/\/www.instagram.com\/andressaxavier\/\" target=\"_blank\" rel=\"noopener\">Andressa Xavier Pellanda<\/a><\/figcaption><\/figure>\n<blockquote><p><a href=\"https:\/\/quantocustaviajar.com\/brasil\/rio-de-janeiro\/pacotes-de-viagem\" target=\"_blank\" rel=\"noopener\"><strong>Pacotes de viagem para o Rio com a\u00e9reo+hotel: encontre as melhores op\u00e7\u00f5es!<\/strong><\/a><\/p><\/blockquote>\n<figure id=\"attachment_30911\" aria-describedby=\"caption-attachment-30911\" style=\"width: 800px\" class=\"wp-caption aligncenter\"><img loading=\"lazy\" decoding=\"async\" class=\"size-full wp-image-30911\" src=\"https:\/\/quantocustaviajar.com\/blog\/wp-content\/uploads\/2019\/01\/pao-de-acucar-4.jpg\" alt=\"p\u00e3o de a\u00e7\u00facar no rio de janeiro\" width=\"800\" height=\"534\" srcset=\"https:\/\/quantocustaviajar.com\/blog\/wp-content\/uploads\/2019\/01\/pao-de-acucar-4.jpg 800w, https:\/\/quantocustaviajar.com\/blog\/wp-content\/uploads\/2019\/01\/pao-de-acucar-4-300x200.jpg 300w, https:\/\/quantocustaviajar.com\/blog\/wp-content\/uploads\/2019\/01\/pao-de-acucar-4-768x513.jpg 768w\" sizes=\"auto, (max-width: 800px) 100vw, 800px\" \/><figcaption id=\"caption-attachment-30911\" class=\"wp-caption-text\">Foto: <a href=\"https:\/\/www.instagram.com\/andressaxavier\/\" target=\"_blank\" rel=\"noopener\">Andressa Xavier Pellanda<\/a><\/figcaption><\/figure>\n<blockquote><p><a href=\"https:\/\/www.partner.viator.com\/pt\/15570\/tours\/Rio-de-Janeiro\/Tijuca-Rain-Forest-Jeep-Tour-from-Rio-de-Janeiro\/d712-2484_08?SUBPUID=PPD\" target=\"_blank\" rel=\"noopener\"><strong>Excurs\u00e3o de jipe pela Floresta da Tijuca partindo do Rio de Janeiro. Saiba mais sobre o tour aqui!<\/strong><\/a><\/p><\/blockquote>\n<figure id=\"attachment_30912\" aria-describedby=\"caption-attachment-30912\" style=\"width: 800px\" class=\"wp-caption aligncenter\"><img loading=\"lazy\" decoding=\"async\" class=\"size-full wp-image-30912\" src=\"https:\/\/quantocustaviajar.com\/blog\/wp-content\/uploads\/2019\/01\/pao-de-acucar-5.jpg\" alt=\"p\u00e3o de a\u00e7\u00facar no rio de janeiro\" width=\"800\" height=\"534\" srcset=\"https:\/\/quantocustaviajar.com\/blog\/wp-content\/uploads\/2019\/01\/pao-de-acucar-5.jpg 800w, https:\/\/quantocustaviajar.com\/blog\/wp-content\/uploads\/2019\/01\/pao-de-acucar-5-300x200.jpg 300w, https:\/\/quantocustaviajar.com\/blog\/wp-content\/uploads\/2019\/01\/pao-de-acucar-5-768x513.jpg 768w\" sizes=\"auto, (max-width: 800px) 100vw, 800px\" \/><figcaption id=\"caption-attachment-30912\" class=\"wp-caption-text\">Foto: <a href=\"https:\/\/www.instagram.com\/andressaxavier\/\" target=\"_blank\" rel=\"noopener\">Andressa Xavier Pellanda<\/a><\/figcaption><\/figure>\n<p>Engana-se quem pensa que o bondinho \u00e9 a \u00fanica maneira de subir o Morro do P\u00e3o de A\u00e7\u00facar. Os mais corajosos e resistentes costumam praticar montanhismo e partem ao topo do morro, escalando as rochas e uma das 270 vias j\u00e1 catalogadas.<\/p>\n<p>Existem excurs\u00f5es de aventura, com caminhada e alpinismo, j\u00e1 com todo o equipamento necess\u00e1rio e guia profissional acompanhando o percurso. <strong><a href=\"https:\/\/www.partner.viator.com\/pt\/15570\/tours\/Rio-de-Janeiro\/Sugar-Loaf-Mountaineering-Adventure-in-Rio-de-Janeiro\/d712-8141P1\">Saiba mais sobre esse tour no P\u00e3o de A\u00e7\u00facar aqui<\/a><\/strong>.<\/p>\n<h2><span class=\"ez-toc-section\" id=\"Melhor_horario_para_visitar_o_Pao_de_Acucar\"><\/span>Melhor hor\u00e1rio para visitar o P\u00e3o de A\u00e7\u00facar<span class=\"ez-toc-section-end\"><\/span><\/h2>\n<figure id=\"attachment_30913\" aria-describedby=\"caption-attachment-30913\" style=\"width: 800px\" class=\"wp-caption aligncenter\"><img loading=\"lazy\" decoding=\"async\" class=\"size-full wp-image-30913\" src=\"https:\/\/quantocustaviajar.com\/blog\/wp-content\/uploads\/2019\/01\/pao-de-acucar-8.jpg\" alt=\"p\u00e3o de a\u00e7\u00facar no rio de janeiro\" width=\"800\" height=\"534\" srcset=\"https:\/\/quantocustaviajar.com\/blog\/wp-content\/uploads\/2019\/01\/pao-de-acucar-8.jpg 800w, https:\/\/quantocustaviajar.com\/blog\/wp-content\/uploads\/2019\/01\/pao-de-acucar-8-300x200.jpg 300w, https:\/\/quantocustaviajar.com\/blog\/wp-content\/uploads\/2019\/01\/pao-de-acucar-8-768x513.jpg 768w\" sizes=\"auto, (max-width: 800px) 100vw, 800px\" \/><figcaption id=\"caption-attachment-30913\" class=\"wp-caption-text\">Foto: <a href=\"https:\/\/www.instagram.com\/andressaxavier\/\" target=\"_blank\" rel=\"noopener\">Andressa Xavier Pellanda<\/a><\/figcaption><\/figure>\n<p>Durante o ano inteiro, voc\u00ea pode visitar o P\u00e3o de A\u00e7\u00facar. A dica \u00e9 escolher um dia bem aberto e com bastante sol para poder apreciar toda a beleza da cidade l\u00e1 do alto.<\/p>\n<p>No per\u00edodo da manh\u00e3, o acesso ao P\u00e3o de A\u00e7\u00facar costuma estar mais tranquilo (j\u00e1 que todo mundo est\u00e1 no Cristo Redentor). No per\u00edodo de f\u00e9rias de ver\u00e3o, ser\u00e1 quase imposs\u00edvel n\u00e3o pegar alguma fila por l\u00e1.<\/p>\n<figure id=\"attachment_30914\" aria-describedby=\"caption-attachment-30914\" style=\"width: 800px\" class=\"wp-caption aligncenter\"><img loading=\"lazy\" decoding=\"async\" class=\"size-full wp-image-30914\" src=\"https:\/\/quantocustaviajar.com\/blog\/wp-content\/uploads\/2019\/01\/pao-de-acucar-9.jpg\" alt=\"p\u00e3o de a\u00e7\u00facar no rio de janeiro\" width=\"800\" height=\"534\" srcset=\"https:\/\/quantocustaviajar.com\/blog\/wp-content\/uploads\/2019\/01\/pao-de-acucar-9.jpg 800w, https:\/\/quantocustaviajar.com\/blog\/wp-content\/uploads\/2019\/01\/pao-de-acucar-9-300x200.jpg 300w, https:\/\/quantocustaviajar.com\/blog\/wp-content\/uploads\/2019\/01\/pao-de-acucar-9-768x513.jpg 768w\" sizes=\"auto, (max-width: 800px) 100vw, 800px\" \/><figcaption id=\"caption-attachment-30914\" class=\"wp-caption-text\">Pela manh\u00e3. Foto: <a href=\"https:\/\/www.instagram.com\/andressaxavier\/\" target=\"_blank\" rel=\"noopener\">Andressa Xavier Pellanda<\/a><\/figcaption><\/figure>\n<blockquote><p><a href=\"https:\/\/www.partner.viator.com\/pt\/15570\/tours\/Rio-de-Janeiro\/Rio-Hang-Gliding\/d712-17136P1?SUBPUID=PPD\" target=\"_blank\" rel=\"noopener\"><strong>Experi\u00eancia de asa-delta no Rio de Janeiro: veja como reservar esse passeio!<\/strong><\/a><\/p><\/blockquote>\n<figure id=\"attachment_30915\" aria-describedby=\"caption-attachment-30915\" style=\"width: 800px\" class=\"wp-caption aligncenter\"><img loading=\"lazy\" decoding=\"async\" class=\"size-full wp-image-30915\" src=\"https:\/\/quantocustaviajar.com\/blog\/wp-content\/uploads\/2019\/01\/pao-de-acucar-10.jpg\" alt=\"p\u00e3o de a\u00e7\u00facar no rio de janeiro\" width=\"800\" height=\"449\" srcset=\"https:\/\/quantocustaviajar.com\/blog\/wp-content\/uploads\/2019\/01\/pao-de-acucar-10.jpg 800w, https:\/\/quantocustaviajar.com\/blog\/wp-content\/uploads\/2019\/01\/pao-de-acucar-10-300x168.jpg 300w, https:\/\/quantocustaviajar.com\/blog\/wp-content\/uploads\/2019\/01\/pao-de-acucar-10-768x431.jpg 768w\" sizes=\"auto, (max-width: 800px) 100vw, 800px\" \/><figcaption id=\"caption-attachment-30915\" class=\"wp-caption-text\">Pela tarde. Foto: <a href=\"https:\/\/www.instagram.com\/andressaxavier\/\" target=\"_blank\" rel=\"noopener\">Andressa Xavier Pellanda<\/a><\/figcaption><\/figure>\n<p>Mesmo que seja \u00e0 tarde ou pela manh\u00e3, dificilmente voc\u00ea vai pegar alguma nuvem que atrapalhe a sua vista \u2014 diferente do que acontece no Cristo Redentor, que fica mais ao alto.<\/p>\n<h2><span class=\"ez-toc-section\" id=\"Preco_dos_ingressos_para_o_Pao_de_Acucar\"><\/span>Pre\u00e7o dos ingressos para o P\u00e3o de A\u00e7\u00facar<span class=\"ez-toc-section-end\"><\/span><\/h2>\n<figure id=\"attachment_30922\" aria-describedby=\"caption-attachment-30922\" style=\"width: 800px\" class=\"wp-caption aligncenter\"><img loading=\"lazy\" decoding=\"async\" class=\"size-full wp-image-30922\" src=\"https:\/\/quantocustaviajar.com\/blog\/wp-content\/uploads\/2019\/01\/pao-de-acucar-14.jpg\" alt=\"p\u00e3o de a\u00e7\u00facar rio de janeiro\" width=\"800\" height=\"534\" srcset=\"https:\/\/quantocustaviajar.com\/blog\/wp-content\/uploads\/2019\/01\/pao-de-acucar-14.jpg 800w, https:\/\/quantocustaviajar.com\/blog\/wp-content\/uploads\/2019\/01\/pao-de-acucar-14-300x200.jpg 300w, https:\/\/quantocustaviajar.com\/blog\/wp-content\/uploads\/2019\/01\/pao-de-acucar-14-768x513.jpg 768w\" sizes=\"auto, (max-width: 800px) 100vw, 800px\" \/><figcaption id=\"caption-attachment-30922\" class=\"wp-caption-text\">Foto: <a href=\"https:\/\/www.instagram.com\/andressaxavier\/\" target=\"_blank\" rel=\"noopener\">Andressa Xavier Pellanda<\/a><\/figcaption><\/figure>\n<p>O valor do ingresso para o bondinho que leva os turistas at\u00e9 o P\u00e3o de A\u00e7\u00facar \u00e9 de R$ 110 na bilheteria, com meia entrada para estudantes (com documento), pessoas com 60 anos ou mais e deficientes.<\/p>\n<p>Comprando pelo site oficial ou pelos totens de autoatendimento, voc\u00ea paga R$ 99 pelo ingresso. <strong><a href=\"https:\/\/ingressos.bondinho.com.br\/?lang=pt_BR#!\/evento\/10f0bbd5216afe5a87a3412ebea99f3a\">Clique aqui e confira os valores vigentes<\/a><\/strong>. Voc\u00ea tem a flexibilidade de realizar a sua visita at\u00e9 4 dias ap\u00f3s a data escolhida para o passeio.<\/p>\n<p>Se preferir, voc\u00ea pode <strong><a href=\"https:\/\/www.partner.viator.com\/pt\/15570\/tours\/Rio-de-Janeiro\/Skip-the-Line-Sugar-Loaf-Admission-Ticket\/d712-43358P1?SUBPUID=PPD\">evitar filas e comprar aqui um ingresso para o P\u00e3o de A\u00e7\u00facar<\/a><\/strong> diferenciado.<\/p>\n<h2><span class=\"ez-toc-section\" id=\"Como_chegar_ao_Pao_de_Acucar\"><\/span>Como chegar ao P\u00e3o de A\u00e7\u00facar<span class=\"ez-toc-section-end\"><\/span><\/h2>\n<figure id=\"attachment_30923\" aria-describedby=\"caption-attachment-30923\" style=\"width: 800px\" class=\"wp-caption aligncenter\"><img loading=\"lazy\" decoding=\"async\" class=\"size-full wp-image-30923\" src=\"https:\/\/quantocustaviajar.com\/blog\/wp-content\/uploads\/2019\/01\/pao-de-acucar-15.jpg\" alt=\"p\u00e3o de a\u00e7\u00facar rio de janeiro\" width=\"800\" height=\"449\" srcset=\"https:\/\/quantocustaviajar.com\/blog\/wp-content\/uploads\/2019\/01\/pao-de-acucar-15.jpg 800w, https:\/\/quantocustaviajar.com\/blog\/wp-content\/uploads\/2019\/01\/pao-de-acucar-15-300x168.jpg 300w, https:\/\/quantocustaviajar.com\/blog\/wp-content\/uploads\/2019\/01\/pao-de-acucar-15-768x431.jpg 768w\" sizes=\"auto, (max-width: 800px) 100vw, 800px\" \/><figcaption id=\"caption-attachment-30923\" class=\"wp-caption-text\">Foto: <a href=\"https:\/\/www.instagram.com\/andressaxavier\/\" target=\"_blank\" rel=\"noopener\">Andressa Xavier Pellanda<\/a><\/figcaption><\/figure>\n<p>O local n\u00e3o tem estacionamento. Por isso, n\u00e3o \u00e9 uma boa voc\u00ea ir com seu carro particular at\u00e9 l\u00e1. Opte por usar o transporte p\u00fablico. \u00c9 necess\u00e1rio pegar a linha 1 do metr\u00f4 at\u00e9 a Esta\u00e7\u00e3o Botafogo. De l\u00e1, voc\u00ea faz a baldea\u00e7\u00e3o de \u00f4nibus, pegando a linha 513 URCA.<\/p>\n<p>Voc\u00ea tamb\u00e9m pode ir de Uber ou t\u00e1xi, se achar melhor, principalmente se estiver hospedada em Copacabana, Ipanema, Leblon, Botafogo ou Flamengo.<\/p>\n<p>Para quem gosta de comodidade, contrate uma <strong><a href=\"https:\/\/www.partner.viator.com\/pt\/15570\/tours\/Rio-de-Janeiro\/Sugar-Loaf-Mountain-and-Beaches-Tour-Including-Transport-and-Ticket\/d712-13877P37\">excurs\u00e3o ao P\u00e3o de A\u00e7\u00facar, j\u00e1 incluindo transporte e ingresso<\/a><\/strong>. Com certeza, ser\u00e1 uma das maneiras mais f\u00e1ceis e seguras de ir para l\u00e1 ;)<\/p>\n<h2><span class=\"ez-toc-section\" id=\"Informacoes_e_dicas_gerais\"><\/span>Informa\u00e7\u00f5es e dicas gerais<span class=\"ez-toc-section-end\"><\/span><\/h2>\n<ul>\n<li>O hor\u00e1rio de funcionamento do complexo \u00e9 das 8h \u00e0s 21h.<\/li>\n<li>A cada 20 minutos, um bondinho sobe o morro.<\/li>\n<li>O telef\u00e9rico tem capacidade para at\u00e9 65 pessoas simult\u00e2neas.<\/li>\n<li>Cada trecho demora 3 minutos para subir.<\/li>\n<li>O primeiro bondinho sobe \u00e0s 8h10 e o \u00faltimo \u00e0s 20h. A \u00faltima descida ocorre \u00e0s 20h40.<\/li>\n<li>A bilheteria para trocar o voucher funciona das 8h \u00e0s 19h50.<\/li>\n<li>Leve sua garrafinha de \u00e1gua, sempre faz calor no Rio.<\/li>\n<li>No Morro da Urca, voc\u00ea encontra restaurantes e banheiros.<\/li>\n<li>N\u00e3o se esque\u00e7a do protetor solar, \u00f3culos de sol e bon\u00e9, principalmente se for no ver\u00e3o.<\/li>\n<\/ul>\n<p>Com todas essas dicas, \u00e9 s\u00f3 planejar sua viagem e curtir muito o P\u00e3o de A\u00e7\u00facar. Aproveite e confira aqui os <a href=\"https:\/\/quantocustaviajar.com\/brasil\/rio-de-janeiro\/passeios\" target=\"_blank\" rel=\"noopener\"><strong>passeios e tours mais populares em Rio de Janeiro<\/strong><\/a> para seu roteiro ficar ainda mais completo.<\/p>\n","protected":false},"excerpt":{"rendered":"<p>O Rio de Janeiro realmente \u00e9 aben\u00e7oado por Deus e bonito por natureza! Uma das principais atra\u00e7\u00f5es da cidade e que chamam a aten\u00e7\u00e3o de turistas do mundo inteiro \u00e9 o P\u00e3o de A\u00e7\u00facar, um complexo de morros composto pelo Morro do P\u00e3o de A\u00e7\u00facar (que d\u00e1 nome ao complexo), pelo Morro da Urca e [&hellip;]<\/p>\n","protected":false},"author":11,"featured_media":30924,"comment_status":"open","ping_status":"open","sticky":false,"template":"","format":"standard","meta":{"cybocfi_hide_featured_image":"","footnotes":""},"categories":[1437,1434],"tags":[176,266,1821,278,1843,1439],"class_list":["post-30905","post","type-post","status-publish","format-standard","has-post-thumbnail","hentry","category-ao-ar-livre","category-descubra-brasil","tag-america-do-sul","tag-brasil","tag-cartao-postal","tag-ingresso","tag-pao-de-acucar","tag-riodejaneiro"],"blocksy_meta":[],"yoast_head":"<!-- This site is optimized with the Yoast SEO plugin v26.3 - https:\/\/yoast.com\/wordpress\/plugins\/seo\/ -->\n<title>P\u00e3o de A\u00e7\u00facar no Rio de Janeiro: como visitar o cart\u00e3o-postal da cidade<\/title>\n<meta name=\"description\" content=\"Voc\u00ea sonha em andar com o Bondinho do P\u00e3o de A\u00e7\u00facar no Rio de Janeiro? Confira dicas e informa\u00e7\u00f5es para facilitar seu passeio.\" \/>\n<meta name=\"robots\" content=\"index, follow, max-snippet:-1, max-image-preview:large, max-video-preview:-1\" \/>\n<link rel=\"canonical\" href=\"https:\/\/quantocustaviajar.com\/blog\/visitar-pao-de-acucar-rio-de-janeiro\/\" \/>\n<meta property=\"og:locale\" content=\"pt_BR\" \/>\n<meta property=\"og:type\" content=\"article\" \/>\n<meta property=\"og:title\" content=\"P\u00e3o de A\u00e7\u00facar no Rio de Janeiro: como visitar o cart\u00e3o-postal da cidade\" \/>\n<meta property=\"og:description\" content=\"Voc\u00ea sonha em andar com o Bondinho do P\u00e3o de A\u00e7\u00facar no Rio de Janeiro? Confira dicas e informa\u00e7\u00f5es para facilitar seu passeio.\" \/>\n<meta property=\"og:url\" content=\"https:\/\/quantocustaviajar.com\/blog\/visitar-pao-de-acucar-rio-de-janeiro\/\" \/>\n<meta property=\"og:site_name\" content=\"Blog Quanto Custa Viajar\" \/>\n<meta property=\"article:publisher\" content=\"https:\/\/www.facebook.com\/quantocustaviajar\" \/>\n<meta property=\"article:published_time\" content=\"2019-01-22T15:54:14+00:00\" \/>\n<meta property=\"og:image\" content=\"https:\/\/quantocustaviajar.com\/blog\/wp-content\/uploads\/2019\/01\/pao-de-acucar-rio-de-janeiro.jpg\" \/>\n\t<meta property=\"og:image:width\" content=\"1200\" \/>\n\t<meta property=\"og:image:height\" content=\"630\" \/>\n\t<meta property=\"og:image:type\" content=\"image\/jpeg\" \/>\n<meta name=\"author\" content=\"Andressa Xavier Pellanda\" \/>\n<meta name=\"twitter:card\" content=\"summary_large_image\" \/>\n<meta name=\"twitter:label1\" content=\"Escrito por\" \/>\n\t<meta name=\"twitter:data1\" content=\"Andressa Xavier Pellanda\" \/>\n\t<meta name=\"twitter:label2\" content=\"Est. tempo de leitura\" \/>\n\t<meta name=\"twitter:data2\" content=\"6 minutos\" \/>\n<!-- \/ Yoast SEO plugin. -->","yoast_head_json":{"title":"P\u00e3o de A\u00e7\u00facar no Rio de Janeiro: como visitar o cart\u00e3o-postal da cidade","description":"Voc\u00ea sonha em andar com o Bondinho do P\u00e3o de A\u00e7\u00facar no Rio de Janeiro? Confira dicas e informa\u00e7\u00f5es para facilitar seu passeio.","robots":{"index":"index","follow":"follow","max-snippet":"max-snippet:-1","max-image-preview":"max-image-preview:large","max-video-preview":"max-video-preview:-1"},"canonical":"https:\/\/quantocustaviajar.com\/blog\/visitar-pao-de-acucar-rio-de-janeiro\/","og_locale":"pt_BR","og_type":"article","og_title":"P\u00e3o de A\u00e7\u00facar no Rio de Janeiro: como visitar o cart\u00e3o-postal da cidade","og_description":"Voc\u00ea sonha em andar com o Bondinho do P\u00e3o de A\u00e7\u00facar no Rio de Janeiro? Confira dicas e informa\u00e7\u00f5es para facilitar seu passeio.","og_url":"https:\/\/quantocustaviajar.com\/blog\/visitar-pao-de-acucar-rio-de-janeiro\/","og_site_name":"Blog Quanto Custa Viajar","article_publisher":"https:\/\/www.facebook.com\/quantocustaviajar","article_published_time":"2019-01-22T15:54:14+00:00","og_image":[{"width":1200,"height":630,"url":"https:\/\/quantocustaviajar.com\/blog\/wp-content\/uploads\/2019\/01\/pao-de-acucar-rio-de-janeiro.jpg","type":"image\/jpeg"}],"author":"Andressa Xavier Pellanda","twitter_card":"summary_large_image","twitter_misc":{"Escrito por":"Andressa Xavier Pellanda","Est. tempo de leitura":"6 minutos"},"schema":{"@context":"https:\/\/schema.org","@graph":[{"@type":["Article","BlogPosting"],"@id":"https:\/\/quantocustaviajar.com\/blog\/visitar-pao-de-acucar-rio-de-janeiro\/#article","isPartOf":{"@id":"https:\/\/quantocustaviajar.com\/blog\/visitar-pao-de-acucar-rio-de-janeiro\/"},"author":{"name":"Andressa Xavier Pellanda","@id":"https:\/\/quantocustaviajar.com\/blog\/#\/schema\/person\/81b0aaf2069da1a2da54677906b42d3c"},"headline":"Como visitar o P\u00e3o de A\u00e7\u00facar no Rio de Janeiro? Pre\u00e7os, ingressos e dicas","datePublished":"2019-01-22T15:54:14+00:00","mainEntityOfPage":{"@id":"https:\/\/quantocustaviajar.com\/blog\/visitar-pao-de-acucar-rio-de-janeiro\/"},"wordCount":1203,"commentCount":4,"publisher":{"@id":"https:\/\/quantocustaviajar.com\/blog\/#organization"},"image":{"@id":"https:\/\/quantocustaviajar.com\/blog\/visitar-pao-de-acucar-rio-de-janeiro\/#primaryimage"},"thumbnailUrl":"https:\/\/quantocustaviajar.com\/blog\/wp-content\/uploads\/2019\/01\/pao-de-acucar-rio-de-janeiro.jpg","keywords":["am\u00e9rica do sul","Brasil","cartao-postal","ingresso","pao de acucar","riodejaneiro"],"articleSection":["Ao Ar Livre","Descubra o Brasil"],"inLanguage":"pt-BR","potentialAction":[{"@type":"CommentAction","name":"Comment","target":["https:\/\/quantocustaviajar.com\/blog\/visitar-pao-de-acucar-rio-de-janeiro\/#respond"]}]},{"@type":"WebPage","@id":"https:\/\/quantocustaviajar.com\/blog\/visitar-pao-de-acucar-rio-de-janeiro\/","url":"https:\/\/quantocustaviajar.com\/blog\/visitar-pao-de-acucar-rio-de-janeiro\/","name":"P\u00e3o de A\u00e7\u00facar no Rio de Janeiro: como visitar o cart\u00e3o-postal da cidade","isPartOf":{"@id":"https:\/\/quantocustaviajar.com\/blog\/#website"},"primaryImageOfPage":{"@id":"https:\/\/quantocustaviajar.com\/blog\/visitar-pao-de-acucar-rio-de-janeiro\/#primaryimage"},"image":{"@id":"https:\/\/quantocustaviajar.com\/blog\/visitar-pao-de-acucar-rio-de-janeiro\/#primaryimage"},"thumbnailUrl":"https:\/\/quantocustaviajar.com\/blog\/wp-content\/uploads\/2019\/01\/pao-de-acucar-rio-de-janeiro.jpg","datePublished":"2019-01-22T15:54:14+00:00","description":"Voc\u00ea sonha em andar com o Bondinho do P\u00e3o de A\u00e7\u00facar no Rio de Janeiro? Confira dicas e informa\u00e7\u00f5es para facilitar seu passeio.","breadcrumb":{"@id":"https:\/\/quantocustaviajar.com\/blog\/visitar-pao-de-acucar-rio-de-janeiro\/#breadcrumb"},"inLanguage":"pt-BR","potentialAction":[{"@type":"ReadAction","target":["https:\/\/quantocustaviajar.com\/blog\/visitar-pao-de-acucar-rio-de-janeiro\/"]}]},{"@type":"ImageObject","inLanguage":"pt-BR","@id":"https:\/\/quantocustaviajar.com\/blog\/visitar-pao-de-acucar-rio-de-janeiro\/#primaryimage","url":"https:\/\/quantocustaviajar.com\/blog\/wp-content\/uploads\/2019\/01\/pao-de-acucar-rio-de-janeiro.jpg","contentUrl":"https:\/\/quantocustaviajar.com\/blog\/wp-content\/uploads\/2019\/01\/pao-de-acucar-rio-de-janeiro.jpg","width":1200,"height":630,"caption":"Foto: Wikimedia Commons"},{"@type":"BreadcrumbList","@id":"https:\/\/quantocustaviajar.com\/blog\/visitar-pao-de-acucar-rio-de-janeiro\/#breadcrumb","itemListElement":[{"@type":"ListItem","position":1,"name":"In\u00edcio","item":"https:\/\/quantocustaviajar.com\/blog\/"},{"@type":"ListItem","position":2,"name":"Como visitar o P\u00e3o de A\u00e7\u00facar no Rio de Janeiro? Pre\u00e7os, ingressos e dicas"}]},{"@type":"WebSite","@id":"https:\/\/quantocustaviajar.com\/blog\/#website","url":"https:\/\/quantocustaviajar.com\/blog\/","name":"Blog Quanto Custa Viajar","description":"","publisher":{"@id":"https:\/\/quantocustaviajar.com\/blog\/#organization"},"potentialAction":[{"@type":"SearchAction","target":{"@type":"EntryPoint","urlTemplate":"https:\/\/quantocustaviajar.com\/blog\/?s={search_term_string}"},"query-input":{"@type":"PropertyValueSpecification","valueRequired":true,"valueName":"search_term_string"}}],"inLanguage":"pt-BR"},{"@type":"Organization","@id":"https:\/\/quantocustaviajar.com\/blog\/#organization","name":"Quanto Custa Viajar","url":"https:\/\/quantocustaviajar.com\/blog\/","logo":{"@type":"ImageObject","inLanguage":"pt-BR","@id":"https:\/\/quantocustaviajar.com\/blog\/#\/schema\/logo\/image\/","url":"","contentUrl":"","caption":"Quanto Custa Viajar"},"image":{"@id":"https:\/\/quantocustaviajar.com\/blog\/#\/schema\/logo\/image\/"},"sameAs":["https:\/\/www.facebook.com\/quantocustaviajar"]},{"@type":"Person","@id":"https:\/\/quantocustaviajar.com\/blog\/#\/schema\/person\/81b0aaf2069da1a2da54677906b42d3c","name":"Andressa Xavier Pellanda","image":{"@type":"ImageObject","inLanguage":"pt-BR","@id":"https:\/\/quantocustaviajar.com\/blog\/#\/schema\/person\/image\/","url":"https:\/\/secure.gravatar.com\/avatar\/efccc167c341de2100a574b335de06f5efda2310964e70124d995491728ed674?s=96&d=mm&r=g","contentUrl":"https:\/\/secure.gravatar.com\/avatar\/efccc167c341de2100a574b335de06f5efda2310964e70124d995491728ed674?s=96&d=mm&r=g","caption":"Andressa Xavier Pellanda"},"description":"Eu gosto de viajar antes mesmo de chegar ao destino!","url":"https:\/\/quantocustaviajar.com\/blog\/author\/andressa\/"}]}},"_links":{"self":[{"href":"https:\/\/quantocustaviajar.com\/blog\/wp-json\/wp\/v2\/posts\/30905","targetHints":{"allow":["GET"]}}],"collection":[{"href":"https:\/\/quantocustaviajar.com\/blog\/wp-json\/wp\/v2\/posts"}],"about":[{"href":"https:\/\/quantocustaviajar.com\/blog\/wp-json\/wp\/v2\/types\/post"}],"author":[{"embeddable":true,"href":"https:\/\/quantocustaviajar.com\/blog\/wp-json\/wp\/v2\/users\/11"}],"replies":[{"embeddable":true,"href":"https:\/\/quantocustaviajar.com\/blog\/wp-json\/wp\/v2\/comments?post=30905"}],"version-history":[{"count":2,"href":"https:\/\/quantocustaviajar.com\/blog\/wp-json\/wp\/v2\/posts\/30905\/revisions"}],"predecessor-version":[{"id":31144,"href":"https:\/\/quantocustaviajar.com\/blog\/wp-json\/wp\/v2\/posts\/30905\/revisions\/31144"}],"wp:featuredmedia":[{"embeddable":true,"href":"https:\/\/quantocustaviajar.com\/blog\/wp-json\/wp\/v2\/media\/30924"}],"wp:attachment":[{"href":"https:\/\/quantocustaviajar.com\/blog\/wp-json\/wp\/v2\/media?parent=30905"}],"wp:term":[{"taxonomy":"category","embeddable":true,"href":"https:\/\/quantocustaviajar.com\/blog\/wp-json\/wp\/v2\/categories?post=30905"},{"taxonomy":"post_tag","embeddable":true,"href":"https:\/\/quantocustaviajar.com\/blog\/wp-json\/wp\/v2\/tags?post=30905"}],"curies":[{"name":"wp","href":"https:\/\/api.w.org\/{rel}","templated":true}]}}