{"id":30888,"date":"2019-01-22T11:00:57","date_gmt":"2019-01-22T11:00:57","guid":{"rendered":"https:\/\/quantocustaviajar.com\/blog\/?p=30888"},"modified":"2019-01-22T11:00:57","modified_gmt":"2019-01-22T11:00:57","slug":"serra-da-estrela-em-portugal","status":"publish","type":"post","link":"https:\/\/quantocustaviajar.com\/blog\/serra-da-estrela-em-portugal\/","title":{"rendered":"Serra da Estrela: conhe\u00e7a a maior cadeia de montanhas de Portugal"},"content":{"rendered":"<p>A <strong>Serra da Estrela<\/strong> \u00e9 um destino \u00fanico em Portugal! Considerada o ponto mais alto do pa\u00eds, com quase 2000 metros de altitude, a serra possui a maior cadeia de montanhas de Portugal, proporcionando aos turistas vistas panor\u00e2micas de tirar o f\u00f4lego com um verdadeiro espet\u00e1culo da natureza.<\/p><div id=\"ez-toc-container\" class=\"ez-toc-v2_0_76 ez-toc-wrap-left counter-hierarchy ez-toc-counter ez-toc-light-blue ez-toc-container-direction\">\n<div class=\"ez-toc-title-container\">\n<p class=\"ez-toc-title\" style=\"cursor:inherit\">Aqui voc\u00ea ir\u00e1 encontrar<\/p>\n<span class=\"ez-toc-title-toggle\"><a href=\"#\" class=\"ez-toc-pull-right ez-toc-btn ez-toc-btn-xs ez-toc-btn-default ez-toc-toggle\" aria-label=\"Alternar tabela de conte\u00fado\"><span class=\"ez-toc-js-icon-con\"><span class=\"\"><span class=\"eztoc-hide\" style=\"display:none;\">Toggle<\/span><span class=\"ez-toc-icon-toggle-span\"><svg style=\"fill: #999;color:#999\" xmlns=\"http:\/\/www.w3.org\/2000\/svg\" class=\"list-377408\" width=\"20px\" height=\"20px\" viewBox=\"0 0 24 24\" fill=\"none\"><path d=\"M6 6H4v2h2V6zm14 0H8v2h12V6zM4 11h2v2H4v-2zm16 0H8v2h12v-2zM4 16h2v2H4v-2zm16 0H8v2h12v-2z\" fill=\"currentColor\"><\/path><\/svg><svg style=\"fill: #999;color:#999\" class=\"arrow-unsorted-368013\" xmlns=\"http:\/\/www.w3.org\/2000\/svg\" width=\"10px\" height=\"10px\" viewBox=\"0 0 24 24\" version=\"1.2\" baseProfile=\"tiny\"><path d=\"M18.2 9.3l-6.2-6.3-6.2 6.3c-.2.2-.3.4-.3.7s.1.5.3.7c.2.2.4.3.7.3h11c.3 0 .5-.1.7-.3.2-.2.3-.5.3-.7s-.1-.5-.3-.7zM5.8 14.7l6.2 6.3 6.2-6.3c.2-.2.3-.5.3-.7s-.1-.5-.3-.7c-.2-.2-.4-.3-.7-.3h-11c-.3 0-.5.1-.7.3-.2.2-.3.5-.3.7s.1.5.3.7z\"\/><\/svg><\/span><\/span><\/span><\/a><\/span><\/div>\n<nav><ul class='ez-toc-list ez-toc-list-level-1 ' ><li class='ez-toc-page-1 ez-toc-heading-level-2'><a class=\"ez-toc-link ez-toc-heading-1\" href=\"https:\/\/quantocustaviajar.com\/blog\/serra-da-estrela-em-portugal\/#Atracoes_na_Serra_da_Estrela\" >Atra\u00e7\u00f5es na Serra da Estrela<\/a><\/li><li class='ez-toc-page-1 ez-toc-heading-level-2'><a class=\"ez-toc-link ez-toc-heading-2\" href=\"https:\/\/quantocustaviajar.com\/blog\/serra-da-estrela-em-portugal\/#Melhor_epoca_para_ir_a_Serra_da_Estrela\" >Melhor \u00e9poca para ir \u00e0 Serra da Estrela<\/a><\/li><li class='ez-toc-page-1 ez-toc-heading-level-2'><a class=\"ez-toc-link ez-toc-heading-3\" href=\"https:\/\/quantocustaviajar.com\/blog\/serra-da-estrela-em-portugal\/#Como_ir_para_a_Serra_da_Estrela\" >Como ir para a Serra da Estrela<\/a><\/li><\/ul><\/nav><\/div>\n\n<p>Especialmente no inverno, a Serra da Estrela atrai visitantes de todos os cantos do mundo, j\u00e1 que as montanhas ficam cobertas de neve. At\u00e9 esta\u00e7\u00e3o de esqui tem por l\u00e1, d\u00e1 para acreditar!<\/p>\n<p>A Serra da Estrela fica entre as cidades de Seia e Covilh\u00e3, a 300 km de dist\u00e2ncia de <a href=\"https:\/\/quantocustaviajar.com\/portugal\/lisboa\" target=\"_blank\" rel=\"noopener\"><strong>Lisboa<\/strong><\/a> e a 195 km de dist\u00e2ncia da cidade do <a href=\"https:\/\/quantocustaviajar.com\/portugal\/porto\" target=\"_blank\" rel=\"noopener\"><strong>Porto<\/strong><\/a>. Por isso, se voc\u00ea se organizar bem direitinho, \u00e9 poss\u00edvel fazer um bate e volta para curtir o dia inteiro na serra.<\/p>\n<p>Por\u00e9m, quem deseja aproveitar pra valer a regi\u00e3o, pode se hospedar na cidade de Manteigas, um local bem fofinho, com boas op\u00e7\u00f5es de restaurantes e lojas de produtos tradicionais da regi\u00e3o. <strong><a href=\"https:\/\/www.booking.com\/city\/pt\/manteigas.pt-br.html?aid=2161834\" target=\"_blank\" rel=\"noopener\">Confira aqui op\u00e7\u00f5es de hot\u00e9is e pousadas em Manteigas com di\u00e1rias a partir de R$ 212<\/a><\/strong>.<\/p>\n<h2><span class=\"ez-toc-section\" id=\"Atracoes_na_Serra_da_Estrela\"><\/span>Atra\u00e7\u00f5es na Serra da Estrela<span class=\"ez-toc-section-end\"><\/span><\/h2>\n<p>Apesar de ser um parque pequena, a regi\u00e3o da Serra da Estrela possui MUITAS atra\u00e7\u00f5es e atividades legais para se fazer. Quando a neve toma conta da regi\u00e3o, esquiar e admirar a paisagem s\u00e3o as dicas perfeitas. Quando a neve derrete, os turistas aproveitam as trilhas e lagoas. Veja algumas das principais atra\u00e7\u00f5es:<\/p>\n<p><strong>Torre da Serra da Estrela<\/strong><\/p>\n<figure id=\"attachment_30891\" aria-describedby=\"caption-attachment-30891\" style=\"width: 1024px\" class=\"wp-caption aligncenter\"><img loading=\"lazy\" decoding=\"async\" class=\"size-full wp-image-30891\" src=\"https:\/\/quantocustaviajar.com\/blog\/wp-content\/uploads\/2019\/01\/serra-da-estrela-torre.jpg\" alt=\"serra da estrela torre no inverno\" width=\"1024\" height=\"683\" srcset=\"https:\/\/quantocustaviajar.com\/blog\/wp-content\/uploads\/2019\/01\/serra-da-estrela-torre.jpg 1024w, https:\/\/quantocustaviajar.com\/blog\/wp-content\/uploads\/2019\/01\/serra-da-estrela-torre-300x200.jpg 300w, https:\/\/quantocustaviajar.com\/blog\/wp-content\/uploads\/2019\/01\/serra-da-estrela-torre-768x512.jpg 768w\" sizes=\"auto, (max-width: 1024px) 100vw, 1024px\" \/><figcaption id=\"caption-attachment-30891\" class=\"wp-caption-text\">Foto: <a href=\"https:\/\/www.flickr.com\/photos\/rosino\/4349393550\" target=\"_blank\" rel=\"noopener\">Rosino<\/a><\/figcaption><\/figure>\n<p>A Torre da Serra da Estrela \u00e9 um dos principais pontos tur\u00edsticos da Serra da Estrela, j\u00e1 que \u00e9 o ponto mais alto de toda a serra. Quem sobe na torre pode aproveitar um mirante que proporciona vistas espetaculares da regi\u00e3o.<\/p>\n<p>\u00c9 na Torre que fica a Est\u00e2ncia de Esqui da Serra da Estrela. No inverno, j\u00e1 d\u00e1 para imaginar que esse \u00e9 o ponto com maior concentra\u00e7\u00e3o de turistas, n\u00e3o \u00e9 mesmo?<\/p>\n<figure id=\"attachment_30893\" aria-describedby=\"caption-attachment-30893\" style=\"width: 800px\" class=\"wp-caption aligncenter\"><img loading=\"lazy\" decoding=\"async\" class=\"size-full wp-image-30893\" src=\"https:\/\/quantocustaviajar.com\/blog\/wp-content\/uploads\/2019\/01\/serra-da-estrela-torre-estacao-esqui.jpg\" alt=\"serra da estrela\" width=\"800\" height=\"600\" srcset=\"https:\/\/quantocustaviajar.com\/blog\/wp-content\/uploads\/2019\/01\/serra-da-estrela-torre-estacao-esqui.jpg 800w, https:\/\/quantocustaviajar.com\/blog\/wp-content\/uploads\/2019\/01\/serra-da-estrela-torre-estacao-esqui-300x225.jpg 300w, https:\/\/quantocustaviajar.com\/blog\/wp-content\/uploads\/2019\/01\/serra-da-estrela-torre-estacao-esqui-768x576.jpg 768w\" sizes=\"auto, (max-width: 800px) 100vw, 800px\" \/><figcaption id=\"caption-attachment-30893\" class=\"wp-caption-text\">Foto: <a href=\"https:\/\/pt.wikipedia.org\/wiki\/Ficheiro:Serra_da_Estrela_-_est%C3%A2ncia2.jpg\" target=\"_blank\" rel=\"noopener\">Wikimedia Commons<\/a><\/figcaption><\/figure>\n<figure id=\"attachment_30892\" aria-describedby=\"caption-attachment-30892\" style=\"width: 1024px\" class=\"wp-caption aligncenter\"><img loading=\"lazy\" decoding=\"async\" class=\"size-full wp-image-30892\" src=\"https:\/\/quantocustaviajar.com\/blog\/wp-content\/uploads\/2019\/01\/serra-da-estrela-torre-verao.jpg\" alt=\"serra da estrela em portugual\" width=\"1024\" height=\"682\" srcset=\"https:\/\/quantocustaviajar.com\/blog\/wp-content\/uploads\/2019\/01\/serra-da-estrela-torre-verao.jpg 1024w, https:\/\/quantocustaviajar.com\/blog\/wp-content\/uploads\/2019\/01\/serra-da-estrela-torre-verao-300x200.jpg 300w, https:\/\/quantocustaviajar.com\/blog\/wp-content\/uploads\/2019\/01\/serra-da-estrela-torre-verao-768x512.jpg 768w\" sizes=\"auto, (max-width: 1024px) 100vw, 1024px\" \/><figcaption id=\"caption-attachment-30892\" class=\"wp-caption-text\">Foto: <a href=\"https:\/\/www.flickr.com\/photos\/ronmacphotos\/18204351266\/\" target=\"_blank\" rel=\"noopener\">Ronnie Macdonald<\/a><\/figcaption><\/figure>\n<p>Durante o ver\u00e3o, a esta\u00e7\u00e3o fica fechada, mas mesmo assim atrai visitantes que desejam dar uma espiadinha na paisagem l\u00e1 de cima.<\/p>\n<p><strong>Lagoa Comprida<\/strong><\/p>\n<figure id=\"attachment_30895\" aria-describedby=\"caption-attachment-30895\" style=\"width: 800px\" class=\"wp-caption aligncenter\"><img loading=\"lazy\" decoding=\"async\" class=\"size-full wp-image-30895\" src=\"https:\/\/quantocustaviajar.com\/blog\/wp-content\/uploads\/2019\/01\/serra-da-estrela-lagoa-comprida.jpg\" alt=\"serra da estrela\" width=\"800\" height=\"449\" srcset=\"https:\/\/quantocustaviajar.com\/blog\/wp-content\/uploads\/2019\/01\/serra-da-estrela-lagoa-comprida.jpg 800w, https:\/\/quantocustaviajar.com\/blog\/wp-content\/uploads\/2019\/01\/serra-da-estrela-lagoa-comprida-300x168.jpg 300w, https:\/\/quantocustaviajar.com\/blog\/wp-content\/uploads\/2019\/01\/serra-da-estrela-lagoa-comprida-768x431.jpg 768w\" sizes=\"auto, (max-width: 800px) 100vw, 800px\" \/><figcaption id=\"caption-attachment-30895\" class=\"wp-caption-text\">Foto: <a href=\"https:\/\/pt.wikipedia.org\/wiki\/Ficheiro:Barragem_da_Lagoa_Comprida.jpg\" target=\"_blank\" rel=\"noopener\">Wikimedia Commons<\/a><\/figcaption><\/figure>\n<p>Localizada na cidadezinha de Seia, a Lagoa Comprida \u00e9 a maior lago da Serra, sendo tamb\u00e9m o maior reservat\u00f3rio de \u00e1gua da regi\u00e3o. No inverno, a Lagoa Comprida fica emoldurada pelo gelo. J\u00e1 no ver\u00e3o, a sensa\u00e7\u00e3o que se tem \u00e9 de estar em outro lugar, com as \u00e1guas cristalinas.<\/p>\n<p><strong>Cov\u00e3o da Ametade<\/strong><\/p>\n<figure id=\"attachment_30890\" aria-describedby=\"caption-attachment-30890\" style=\"width: 800px\" class=\"wp-caption aligncenter\"><img loading=\"lazy\" decoding=\"async\" class=\"size-full wp-image-30890\" src=\"https:\/\/quantocustaviajar.com\/blog\/wp-content\/uploads\/2019\/01\/serra-da-estrela-covao.jpg\" alt=\"serra da estrela cov\u00e3o\" width=\"800\" height=\"513\" srcset=\"https:\/\/quantocustaviajar.com\/blog\/wp-content\/uploads\/2019\/01\/serra-da-estrela-covao.jpg 800w, https:\/\/quantocustaviajar.com\/blog\/wp-content\/uploads\/2019\/01\/serra-da-estrela-covao-300x192.jpg 300w, https:\/\/quantocustaviajar.com\/blog\/wp-content\/uploads\/2019\/01\/serra-da-estrela-covao-768x492.jpg 768w\" sizes=\"auto, (max-width: 800px) 100vw, 800px\" \/><figcaption id=\"caption-attachment-30890\" class=\"wp-caption-text\">Foto: <a href=\"https:\/\/pixabay.com\/pt\/portugal-serra-da-estrela-2425575\/\" target=\"_blank\" rel=\"noopener\">Pixabay<\/a><\/figcaption><\/figure>\n<p>O Vale Glaci\u00e1rio do Z\u00eazere possui um dos locais mais bonitos da Serra da Estrela. V\u00e1 at\u00e9 a Nascente do Rio Z\u00eazere para se encantar com o visual do local. O Cov\u00e3o da Ametade \u00e9 um point procurado por quem gosta de esportes de inverno e tamb\u00e9m por pessoas que querem descansar e renovar as energias. Somente em per\u00edodos de inverno rigoroso que o local n\u00e3o \u00e9 acess\u00edvel.<\/p>\n<p><strong>Muitas trilhas<\/strong><\/p>\n<figure id=\"attachment_30894\" aria-describedby=\"caption-attachment-30894\" style=\"width: 800px\" class=\"wp-caption aligncenter\"><img loading=\"lazy\" decoding=\"async\" class=\"size-full wp-image-30894\" src=\"https:\/\/quantocustaviajar.com\/blog\/wp-content\/uploads\/2019\/01\/serra-da-estrela-trilhas.jpg\" alt=\"serra da estrela em portugal\" width=\"800\" height=\"533\" srcset=\"https:\/\/quantocustaviajar.com\/blog\/wp-content\/uploads\/2019\/01\/serra-da-estrela-trilhas.jpg 800w, https:\/\/quantocustaviajar.com\/blog\/wp-content\/uploads\/2019\/01\/serra-da-estrela-trilhas-300x200.jpg 300w, https:\/\/quantocustaviajar.com\/blog\/wp-content\/uploads\/2019\/01\/serra-da-estrela-trilhas-768x512.jpg 768w\" sizes=\"auto, (max-width: 800px) 100vw, 800px\" \/><figcaption id=\"caption-attachment-30894\" class=\"wp-caption-text\">Foto: <a href=\"https:\/\/pixabay.com\/pt\/portugal-serra-da-estrela-caminho-2425586\/\" target=\"_blank\" rel=\"noopener\">Pixabay<\/a><\/figcaption><\/figure>\n<p>Quem gosta de caminhadas vai amar fazer as trilhas da Serra da Estrelas. S\u00e3o op\u00e7\u00f5es com passagens por lagos, cachoeiras, al\u00e9m de poder admirar toda a fauna e flora da regi\u00e3o. As mais conhecidas s\u00e3o:<\/p>\n<ul>\n<li>Trilha Vale do Alva: com 45 minutos de caminhada.<\/li>\n<li>Trilha Quinta da Serra: com 2h30 de caminhada.<\/li>\n<li>Trilha Cabelo dos Corvos: com 3h de caminhada.<\/li>\n<\/ul>\n<p>Saiba mais sobre elas <strong><a href=\"http:\/\/www.cise.pt\/pt\/index.php\/percursos\/26-mata-do-desterro\" target=\"_blank\" rel=\"noopener\">aqui<\/a><\/strong> no site do Centro de Interpreta\u00e7\u00e3o da Serra da Estrela.<\/p>\n<p><strong>Po\u00e7o do Inferno<\/strong><\/p>\n<figure id=\"attachment_30896\" aria-describedby=\"caption-attachment-30896\" style=\"width: 800px\" class=\"wp-caption aligncenter\"><img loading=\"lazy\" decoding=\"async\" class=\"size-full wp-image-30896\" src=\"https:\/\/quantocustaviajar.com\/blog\/wp-content\/uploads\/2019\/01\/serra-da-estrela-poco-do-inferno.jpg\" alt=\"serra da estrela portugal po\u00e7o do inferno\" width=\"800\" height=\"629\" srcset=\"https:\/\/quantocustaviajar.com\/blog\/wp-content\/uploads\/2019\/01\/serra-da-estrela-poco-do-inferno.jpg 800w, https:\/\/quantocustaviajar.com\/blog\/wp-content\/uploads\/2019\/01\/serra-da-estrela-poco-do-inferno-300x236.jpg 300w, https:\/\/quantocustaviajar.com\/blog\/wp-content\/uploads\/2019\/01\/serra-da-estrela-poco-do-inferno-768x604.jpg 768w\" sizes=\"auto, (max-width: 800px) 100vw, 800px\" \/><figcaption id=\"caption-attachment-30896\" class=\"wp-caption-text\">Foto: <a href=\"https:\/\/pt.wikipedia.org\/wiki\/Po%C3%A7o_do_Inferno\" target=\"_blank\" rel=\"noopener\">Wikimedia Commons<\/a><\/figcaption><\/figure>\n<p>A 1080 metros de altitude fica o Po\u00e7o do Inferno, considerada uma das cascatas mais bonitas de Portugal. Com quedas d&#8217;\u00e1gua de aproximadamente 10 metros de altura, formadas pelas \u00e1guas da Ribeira de Leandres. Algumas das trilhas da regi\u00e3o chegam at\u00e9 essa belezura.<\/p>\n<p><strong>Loriga<\/strong><\/p>\n<figure id=\"attachment_30897\" aria-describedby=\"caption-attachment-30897\" style=\"width: 800px\" class=\"wp-caption aligncenter\"><img loading=\"lazy\" decoding=\"async\" class=\"size-full wp-image-30897\" src=\"https:\/\/quantocustaviajar.com\/blog\/wp-content\/uploads\/2019\/01\/serra-da-estrela-loriga.jpg\" alt=\"serra da estrela loriga\" width=\"800\" height=\"531\" srcset=\"https:\/\/quantocustaviajar.com\/blog\/wp-content\/uploads\/2019\/01\/serra-da-estrela-loriga.jpg 800w, https:\/\/quantocustaviajar.com\/blog\/wp-content\/uploads\/2019\/01\/serra-da-estrela-loriga-300x199.jpg 300w, https:\/\/quantocustaviajar.com\/blog\/wp-content\/uploads\/2019\/01\/serra-da-estrela-loriga-768x510.jpg 768w\" sizes=\"auto, (max-width: 800px) 100vw, 800px\" \/><figcaption id=\"caption-attachment-30897\" class=\"wp-caption-text\">Foto: <a href=\"https:\/\/www.pexels.com\/photo\/landscape-loriga-mountain-portugal-633895\/\" target=\"_blank\" rel=\"noopener\">Pexels<\/a><\/figcaption><\/figure>\n<p>Aqui, voc\u00ea vai entrar na Su\u00ed\u00e7a Portuguesa, como \u00e9 conhecido o vilarejo de Loriga. A 24 km de dist\u00e2ncia da Serra, a vila fica a 770 metros de altitude e est\u00e1 rodeada pelas montanhas Penha do Gato com cerca de 1800 metros e a Penha dos Abutres com mais de 1800 metros.<\/p>\n<p><strong>Vale do Rossim<\/strong><\/p>\n<figure id=\"attachment_30898\" aria-describedby=\"caption-attachment-30898\" style=\"width: 800px\" class=\"wp-caption aligncenter\"><img loading=\"lazy\" decoding=\"async\" class=\"size-full wp-image-30898\" src=\"https:\/\/quantocustaviajar.com\/blog\/wp-content\/uploads\/2019\/01\/serra-da-estrela-vale-do-rossim.jpg\" alt=\"serra da estrela\" width=\"800\" height=\"600\" srcset=\"https:\/\/quantocustaviajar.com\/blog\/wp-content\/uploads\/2019\/01\/serra-da-estrela-vale-do-rossim.jpg 800w, https:\/\/quantocustaviajar.com\/blog\/wp-content\/uploads\/2019\/01\/serra-da-estrela-vale-do-rossim-300x225.jpg 300w, https:\/\/quantocustaviajar.com\/blog\/wp-content\/uploads\/2019\/01\/serra-da-estrela-vale-do-rossim-768x576.jpg 768w\" sizes=\"auto, (max-width: 800px) 100vw, 800px\" \/><figcaption id=\"caption-attachment-30898\" class=\"wp-caption-text\">Foto: <a href=\"https:\/\/commons.wikimedia.org\/wiki\/File:Vale_do_Rossim.JPG\" target=\"_blank\" rel=\"noopener\">Wikimedia Commons<\/a><\/figcaption><\/figure>\n<p>Mais uma atra\u00e7\u00e3o no cora\u00e7\u00e3o da Serra da Estrela com uma altitude m\u00e9dia de 1437 metros. O Vale do Rossim \u00e9 perfeito para ser visitado durante o ver\u00e3o, j\u00e1 que possui praias fluviais perfeitas para um tchibum. Por l\u00e1, na pequena faixa de areia, os turistas encontram um bar e restaurante para fazer suas refei\u00e7\u00f5es.<\/p>\n<p><strong>Manteigas<\/strong><\/p>\n<figure id=\"attachment_30899\" aria-describedby=\"caption-attachment-30899\" style=\"width: 800px\" class=\"wp-caption aligncenter\"><img loading=\"lazy\" decoding=\"async\" class=\"size-full wp-image-30899\" src=\"https:\/\/quantocustaviajar.com\/blog\/wp-content\/uploads\/2019\/01\/serra-da-estrela-manteigas.jpg\" alt=\"serra da estrela\" width=\"800\" height=\"602\" srcset=\"https:\/\/quantocustaviajar.com\/blog\/wp-content\/uploads\/2019\/01\/serra-da-estrela-manteigas.jpg 800w, https:\/\/quantocustaviajar.com\/blog\/wp-content\/uploads\/2019\/01\/serra-da-estrela-manteigas-300x226.jpg 300w, https:\/\/quantocustaviajar.com\/blog\/wp-content\/uploads\/2019\/01\/serra-da-estrela-manteigas-768x578.jpg 768w\" sizes=\"auto, (max-width: 800px) 100vw, 800px\" \/><figcaption id=\"caption-attachment-30899\" class=\"wp-caption-text\">Foto: <a href=\"https:\/\/www.flickr.com\/photos\/michaelclarke\/3006234674\" target=\"_blank\" rel=\"noopener\">Michael Clarke Stuff<\/a><\/figcaption><\/figure>\n<p>A cidadezinha charmosa tamb\u00e9m deve ser visitada durante seu tour pela Serra da Estrela. Inclusive, o trajeto de Manteigas at\u00e9 a Torre da Serra da Estrela \u00e9 um dos mais fofos que se pode fazer. Percorrendo 16 km de dist\u00e2ncia, os turistas seguem sempre de olho no Vale Glaciar, repletos de montanhas e lagos. \u00c9 um cen\u00e1rio apaixonante!<\/p>\n<p>Para quem gosta de queijo, a dica \u00e9 dar um pulinho em\u00a0Sabugueiro, uma pequena vila que fica bem pertinho de Seia, a 4 km da Serra da Estrela. Por isso, vale a pena emendar o passeio nos dois destinos. O vilarejo fica a a mais de mil metros acima do n\u00edvel do mar. Em Sabugueiro, existem um mont\u00e3o de lojas de queijos, inclusive f\u00e1bricas, para voc\u00ea saborear esse alimento tradicional.<\/p>\n<p>Se voc\u00ea tiver mais tempo, vale a pena conhecer a cidade medieval de Linhares da Beira, a aldeia de Cabe\u00e7a, a cidade de Guarda, a vila de Folgosinho, Covilh\u00e3 e tamb\u00e9m o Museu do P\u00e3o, localizado na cidade de Seia, o Museu do P\u00e3o foi inaugurado em 2002 e exibe objetos cl\u00e1ssicos utilizados na confec\u00e7\u00e3o do famoso p\u00e3o portugu\u00eas.<\/p>\n<h2><span class=\"ez-toc-section\" id=\"Melhor_epoca_para_ir_a_Serra_da_Estrela\"><\/span>Melhor \u00e9poca para ir \u00e0 Serra da Estrela<span class=\"ez-toc-section-end\"><\/span><\/h2>\n<p>Durante todo ano, os turistas podem curtir bastante o Parque Nacional. Quem gosta de andar e admirar paisagens pode planejar a ida para l\u00e1 entre os meses de maio a outubro, em que o clima est\u00e1 brando.<\/p>\n<p>Como o parque tem praias e lagoas, para aproveitar bem essas atra\u00e7\u00f5es, voc\u00ea deve planejar sua viagem para os meses entre julho a setembro, bem no auge do ver\u00e3o.<\/p>\n<p>Nos tr\u00eas primeiros meses do ano neva bastante na regi\u00e3o, deixando o cen\u00e1rio absurdamente bonito. Se voc\u00ea quer ver neve, de janeiro a mar\u00e7o \u00e9 o per\u00edodo ideal para conhecer o local. Mesmo com bastante frio, vale a pena!<\/p>\n<p>Mesmo no ver\u00e3o ou primavera, vale a pena levar um casaco corta vento. N\u00e3o \u00e9 porque estamos nas esta\u00e7\u00f5es mais quentes do ano que o frio n\u00e3o bate nessa que \u00e9 a regi\u00e3o mais alta de Portugal.<\/p>\n<figure id=\"attachment_30900\" aria-describedby=\"caption-attachment-30900\" style=\"width: 800px\" class=\"wp-caption aligncenter\"><img loading=\"lazy\" decoding=\"async\" class=\"size-full wp-image-30900\" src=\"https:\/\/quantocustaviajar.com\/blog\/wp-content\/uploads\/2019\/01\/serra-da-estrela-1.jpg\" alt=\"serra da estrela\" width=\"800\" height=\"600\" srcset=\"https:\/\/quantocustaviajar.com\/blog\/wp-content\/uploads\/2019\/01\/serra-da-estrela-1.jpg 800w, https:\/\/quantocustaviajar.com\/blog\/wp-content\/uploads\/2019\/01\/serra-da-estrela-1-300x225.jpg 300w, https:\/\/quantocustaviajar.com\/blog\/wp-content\/uploads\/2019\/01\/serra-da-estrela-1-768x576.jpg 768w\" sizes=\"auto, (max-width: 800px) 100vw, 800px\" \/><figcaption id=\"caption-attachment-30900\" class=\"wp-caption-text\">Foto: <a href=\"https:\/\/commons.wikimedia.org\/wiki\/File:Serra_da_Estrela_-_Vale_Glaciar_01.JPG\" target=\"_blank\" rel=\"noopener\">Wikimedia Commons<\/a><\/figcaption><\/figure>\n<figure id=\"attachment_30901\" aria-describedby=\"caption-attachment-30901\" style=\"width: 800px\" class=\"wp-caption aligncenter\"><img loading=\"lazy\" decoding=\"async\" class=\"size-full wp-image-30901\" src=\"https:\/\/quantocustaviajar.com\/blog\/wp-content\/uploads\/2019\/01\/serra-da-estrela-2.jpg\" alt=\"serra da estrela\" width=\"800\" height=\"600\" srcset=\"https:\/\/quantocustaviajar.com\/blog\/wp-content\/uploads\/2019\/01\/serra-da-estrela-2.jpg 800w, https:\/\/quantocustaviajar.com\/blog\/wp-content\/uploads\/2019\/01\/serra-da-estrela-2-300x225.jpg 300w, https:\/\/quantocustaviajar.com\/blog\/wp-content\/uploads\/2019\/01\/serra-da-estrela-2-768x576.jpg 768w\" sizes=\"auto, (max-width: 800px) 100vw, 800px\" \/><figcaption id=\"caption-attachment-30901\" class=\"wp-caption-text\">Foto: <a href=\"https:\/\/commons.wikimedia.org\/wiki\/File:Serra-da-Estrela_(1).jpg\" target=\"_blank\" rel=\"noopener\">Wikimedia Commons<\/a><\/figcaption><\/figure>\n<figure id=\"attachment_30902\" aria-describedby=\"caption-attachment-30902\" style=\"width: 800px\" class=\"wp-caption aligncenter\"><img loading=\"lazy\" decoding=\"async\" class=\"size-full wp-image-30902\" src=\"https:\/\/quantocustaviajar.com\/blog\/wp-content\/uploads\/2019\/01\/serra-da-estrela-3.jpg\" alt=\"serra da estrela\" width=\"800\" height=\"535\" srcset=\"https:\/\/quantocustaviajar.com\/blog\/wp-content\/uploads\/2019\/01\/serra-da-estrela-3.jpg 800w, https:\/\/quantocustaviajar.com\/blog\/wp-content\/uploads\/2019\/01\/serra-da-estrela-3-300x201.jpg 300w, https:\/\/quantocustaviajar.com\/blog\/wp-content\/uploads\/2019\/01\/serra-da-estrela-3-768x514.jpg 768w\" sizes=\"auto, (max-width: 800px) 100vw, 800px\" \/><figcaption id=\"caption-attachment-30902\" class=\"wp-caption-text\">Foto: <a href=\"https:\/\/pt.wikipedia.org\/wiki\/Ficheiro:Serra_da_Estrela,_Portugal.jpg\" target=\"_blank\" rel=\"noopener\">Wikimedia Commons<\/a><\/figcaption><\/figure>\n<h2><span class=\"ez-toc-section\" id=\"Como_ir_para_a_Serra_da_Estrela\"><\/span>Como ir para a Serra da Estrela<span class=\"ez-toc-section-end\"><\/span><\/h2>\n<p>Muitos turistas optam por <a href=\"https:\/\/www.rentcars.com\/?requestorid=52\" target=\"_blank\" rel=\"noopener\"><strong>alugar um carro em Portugal<\/strong><\/a> para fazer esse passeio. Dessa maneira, \u00e9 poss\u00edvel ir e voltar no hor\u00e1rio que desejar. O \u00fanico aviso nesse caso \u00e9 que as estradas para chegar at\u00e9 a Serra da Estrela s\u00e3o estreitas \u2014 no inverno, com neve na pista, pode ser tamb\u00e9m perigoso. Por isso, o condutor do ve\u00edculo tem que ter bastante experi\u00eancia para n\u00e3o passar apuros.<\/p>\n<p>Quem prefere ir com mais comodidade e seguran\u00e7a, s\u00f3 se preocupando em chegar \u00e0 Serra da Estrela para curtir o Parque Nacional, pode contratar uma ag\u00eancia de turismo que faz o translado.<\/p>\n<p>Voc\u00ea pode contratar aqui uma <strong><a href=\"https:\/\/www.partner.viator.com\/pt\/15570\/tours\/Lisbon\/Serra-da-Estrela-Private-Tour-Lisbon-Serra-da-Estrela-in-Mercedes\/d538-50234P9\" target=\"_blank\" rel=\"noopener\">excurs\u00e3o de dia inteiro para a Serra da Estrela saindo de Lisboa<\/a><\/strong>. J\u00e1 quem est\u00e1 pela no Porto, em Maia, em Matosinhos ou na Vila Nova de Gaia, pode <strong><a href=\"https:\/\/www.partner.viator.com\/pt\/15570\/tours\/Portugal\/Discover-Serra-da-Estrela\/d63-41502P12\" target=\"_blank\" rel=\"noopener\">contratar aqui uma excurs\u00e3o de dia inteiro<\/a><\/strong>.<\/p>\n<p>Quem n\u00e3o que se preocupar com nada, nem com a compra dos ingressos para as atra\u00e7\u00f5es, pode optar por uma excurs\u00e3o VIP, com guia, que parte de Lisboa at\u00e9 a Serra da Estrela com tudo incluso. <strong><a href=\"https:\/\/www.partner.viator.com\/pt\/15570\/tours\/Porto\/Serra-da-Estrela-Full-Day-Tour\/d26879-7592P21\" target=\"_blank\" rel=\"noopener\">Clique aqui e saiba mais sobre esse passeio<\/a><\/strong>.<\/p>\n<p>Seja pilotando o carro ou com \u00f4nibus de excurs\u00e3o, curta bastante o visual, o trajeto \u00e9 cheio de encantos e belezas.<\/p>\n<p>Curtiu esse destino novo em Portugal que \u00e9 bem famoso entre os portugueses, mas s\u00f3 agora come\u00e7ou a cair no gosto dos brasileiros? Se voc\u00ea se interessou em visita-lo, comece desde j\u00e1 a planejar essa trip. Use nosso buscador de <a href=\"https:\/\/quantocustaviajar.com\/passagens-aereas-baratas\/\" target=\"_blank\" rel=\"noopener\"><strong>passagens a\u00e9reas baratas<\/strong><\/a> e encontre os voos nas melhores datas e com pre\u00e7os atrativos para sua viagem.<\/p>\n","protected":false},"excerpt":{"rendered":"<p>A Serra da Estrela \u00e9 um destino \u00fanico em Portugal! Considerada o ponto mais alto do pa\u00eds, com quase 2000 metros de altitude, a serra possui a maior cadeia de montanhas de Portugal, proporcionando aos turistas vistas panor\u00e2micas de tirar o f\u00f4lego com um verdadeiro espet\u00e1culo da natureza. Especialmente no inverno, a Serra da Estrela [&hellip;]<\/p>\n","protected":false},"author":11,"featured_media":30903,"comment_status":"open","ping_status":"open","sticky":false,"template":"","format":"standard","meta":{"cybocfi_hide_featured_image":"","footnotes":""},"categories":[1437,1438],"tags":[31,542,18,274,541,1516,653,532,1842,464,1252],"class_list":["post-30888","post","type-post","status-publish","format-standard","has-post-thumbnail","hentry","category-ao-ar-livre","category-dicas-praticas","tag-alugar-carro-europa","tag-esqui","tag-europa","tag-inverno","tag-neve","tag-porto","tag-portugal","tag-serra","tag-serra-da-estrela","tag-verao","tag-verao-europeu"],"blocksy_meta":[],"yoast_head":"<!-- This site is optimized with the Yoast SEO plugin v26.3 - https:\/\/yoast.com\/wordpress\/plugins\/seo\/ -->\n<title>Serra da Estrela: conhe\u00e7a a maior cadeia de montanhas de Portugal<\/title>\n<meta name=\"description\" content=\"Quer conhecer um destino \u00fanico e pouco explorado pelos brasileiros em Portugal? Conhe\u00e7a os encantos da Serra da Estrela, regi\u00e3o montanhosa portuguesa.\" \/>\n<meta name=\"robots\" content=\"index, follow, max-snippet:-1, max-image-preview:large, max-video-preview:-1\" \/>\n<link rel=\"canonical\" href=\"https:\/\/quantocustaviajar.com\/blog\/serra-da-estrela-em-portugal\/\" \/>\n<meta property=\"og:locale\" content=\"pt_BR\" \/>\n<meta property=\"og:type\" content=\"article\" \/>\n<meta property=\"og:title\" content=\"Serra da Estrela: conhe\u00e7a a maior cadeia de montanhas de Portugal\" \/>\n<meta property=\"og:description\" content=\"Quer conhecer um destino \u00fanico e pouco explorado pelos brasileiros em Portugal? Conhe\u00e7a os encantos da Serra da Estrela, regi\u00e3o montanhosa portuguesa.\" \/>\n<meta property=\"og:url\" content=\"https:\/\/quantocustaviajar.com\/blog\/serra-da-estrela-em-portugal\/\" \/>\n<meta property=\"og:site_name\" content=\"Blog Quanto Custa Viajar\" \/>\n<meta property=\"article:publisher\" content=\"https:\/\/www.facebook.com\/quantocustaviajar\" \/>\n<meta property=\"article:published_time\" content=\"2019-01-22T11:00:57+00:00\" \/>\n<meta property=\"og:image\" content=\"https:\/\/quantocustaviajar.com\/blog\/wp-content\/uploads\/2019\/01\/serra-da-estrela-em-portugal.jpg\" \/>\n\t<meta property=\"og:image:width\" content=\"1200\" \/>\n\t<meta property=\"og:image:height\" content=\"630\" \/>\n\t<meta property=\"og:image:type\" content=\"image\/jpeg\" \/>\n<meta name=\"author\" content=\"Andressa Xavier Pellanda\" \/>\n<meta name=\"twitter:card\" content=\"summary_large_image\" \/>\n<meta name=\"twitter:label1\" content=\"Escrito por\" \/>\n\t<meta name=\"twitter:data1\" content=\"Andressa Xavier Pellanda\" \/>\n\t<meta name=\"twitter:label2\" content=\"Est. tempo de leitura\" \/>\n\t<meta name=\"twitter:data2\" content=\"7 minutos\" \/>\n<!-- \/ Yoast SEO plugin. -->","yoast_head_json":{"title":"Serra da Estrela: conhe\u00e7a a maior cadeia de montanhas de Portugal","description":"Quer conhecer um destino \u00fanico e pouco explorado pelos brasileiros em Portugal? Conhe\u00e7a os encantos da Serra da Estrela, regi\u00e3o montanhosa portuguesa.","robots":{"index":"index","follow":"follow","max-snippet":"max-snippet:-1","max-image-preview":"max-image-preview:large","max-video-preview":"max-video-preview:-1"},"canonical":"https:\/\/quantocustaviajar.com\/blog\/serra-da-estrela-em-portugal\/","og_locale":"pt_BR","og_type":"article","og_title":"Serra da Estrela: conhe\u00e7a a maior cadeia de montanhas de Portugal","og_description":"Quer conhecer um destino \u00fanico e pouco explorado pelos brasileiros em Portugal? Conhe\u00e7a os encantos da Serra da Estrela, regi\u00e3o montanhosa portuguesa.","og_url":"https:\/\/quantocustaviajar.com\/blog\/serra-da-estrela-em-portugal\/","og_site_name":"Blog Quanto Custa Viajar","article_publisher":"https:\/\/www.facebook.com\/quantocustaviajar","article_published_time":"2019-01-22T11:00:57+00:00","og_image":[{"width":1200,"height":630,"url":"https:\/\/quantocustaviajar.com\/blog\/wp-content\/uploads\/2019\/01\/serra-da-estrela-em-portugal.jpg","type":"image\/jpeg"}],"author":"Andressa Xavier Pellanda","twitter_card":"summary_large_image","twitter_misc":{"Escrito por":"Andressa Xavier Pellanda","Est. tempo de leitura":"7 minutos"},"schema":{"@context":"https:\/\/schema.org","@graph":[{"@type":["Article","BlogPosting"],"@id":"https:\/\/quantocustaviajar.com\/blog\/serra-da-estrela-em-portugal\/#article","isPartOf":{"@id":"https:\/\/quantocustaviajar.com\/blog\/serra-da-estrela-em-portugal\/"},"author":{"name":"Andressa Xavier Pellanda","@id":"https:\/\/quantocustaviajar.com\/blog\/#\/schema\/person\/81b0aaf2069da1a2da54677906b42d3c"},"headline":"Serra da Estrela: conhe\u00e7a a maior cadeia de montanhas de Portugal","datePublished":"2019-01-22T11:00:57+00:00","mainEntityOfPage":{"@id":"https:\/\/quantocustaviajar.com\/blog\/serra-da-estrela-em-portugal\/"},"wordCount":1504,"commentCount":4,"publisher":{"@id":"https:\/\/quantocustaviajar.com\/blog\/#organization"},"image":{"@id":"https:\/\/quantocustaviajar.com\/blog\/serra-da-estrela-em-portugal\/#primaryimage"},"thumbnailUrl":"https:\/\/quantocustaviajar.com\/blog\/wp-content\/uploads\/2019\/01\/serra-da-estrela-em-portugal.jpg","keywords":["Alugar carro Europa","esqui","europa","inverno","neve","porto","Portugal","serra","Serra da Estrela","ver\u00e3o","ver\u00e3o europeu"],"articleSection":["Ao Ar Livre","Dicas pr\u00e1ticas"],"inLanguage":"pt-BR","potentialAction":[{"@type":"CommentAction","name":"Comment","target":["https:\/\/quantocustaviajar.com\/blog\/serra-da-estrela-em-portugal\/#respond"]}]},{"@type":"WebPage","@id":"https:\/\/quantocustaviajar.com\/blog\/serra-da-estrela-em-portugal\/","url":"https:\/\/quantocustaviajar.com\/blog\/serra-da-estrela-em-portugal\/","name":"Serra da Estrela: conhe\u00e7a a maior cadeia de montanhas de Portugal","isPartOf":{"@id":"https:\/\/quantocustaviajar.com\/blog\/#website"},"primaryImageOfPage":{"@id":"https:\/\/quantocustaviajar.com\/blog\/serra-da-estrela-em-portugal\/#primaryimage"},"image":{"@id":"https:\/\/quantocustaviajar.com\/blog\/serra-da-estrela-em-portugal\/#primaryimage"},"thumbnailUrl":"https:\/\/quantocustaviajar.com\/blog\/wp-content\/uploads\/2019\/01\/serra-da-estrela-em-portugal.jpg","datePublished":"2019-01-22T11:00:57+00:00","description":"Quer conhecer um destino \u00fanico e pouco explorado pelos brasileiros em Portugal? Conhe\u00e7a os encantos da Serra da Estrela, regi\u00e3o montanhosa portuguesa.","breadcrumb":{"@id":"https:\/\/quantocustaviajar.com\/blog\/serra-da-estrela-em-portugal\/#breadcrumb"},"inLanguage":"pt-BR","potentialAction":[{"@type":"ReadAction","target":["https:\/\/quantocustaviajar.com\/blog\/serra-da-estrela-em-portugal\/"]}]},{"@type":"ImageObject","inLanguage":"pt-BR","@id":"https:\/\/quantocustaviajar.com\/blog\/serra-da-estrela-em-portugal\/#primaryimage","url":"https:\/\/quantocustaviajar.com\/blog\/wp-content\/uploads\/2019\/01\/serra-da-estrela-em-portugal.jpg","contentUrl":"https:\/\/quantocustaviajar.com\/blog\/wp-content\/uploads\/2019\/01\/serra-da-estrela-em-portugal.jpg","width":1200,"height":630,"caption":"Foto: Wikimedia Commons"},{"@type":"BreadcrumbList","@id":"https:\/\/quantocustaviajar.com\/blog\/serra-da-estrela-em-portugal\/#breadcrumb","itemListElement":[{"@type":"ListItem","position":1,"name":"In\u00edcio","item":"https:\/\/quantocustaviajar.com\/blog\/"},{"@type":"ListItem","position":2,"name":"Serra da Estrela: conhe\u00e7a a maior cadeia de montanhas de Portugal"}]},{"@type":"WebSite","@id":"https:\/\/quantocustaviajar.com\/blog\/#website","url":"https:\/\/quantocustaviajar.com\/blog\/","name":"Blog Quanto Custa Viajar","description":"","publisher":{"@id":"https:\/\/quantocustaviajar.com\/blog\/#organization"},"potentialAction":[{"@type":"SearchAction","target":{"@type":"EntryPoint","urlTemplate":"https:\/\/quantocustaviajar.com\/blog\/?s={search_term_string}"},"query-input":{"@type":"PropertyValueSpecification","valueRequired":true,"valueName":"search_term_string"}}],"inLanguage":"pt-BR"},{"@type":"Organization","@id":"https:\/\/quantocustaviajar.com\/blog\/#organization","name":"Quanto Custa Viajar","url":"https:\/\/quantocustaviajar.com\/blog\/","logo":{"@type":"ImageObject","inLanguage":"pt-BR","@id":"https:\/\/quantocustaviajar.com\/blog\/#\/schema\/logo\/image\/","url":"","contentUrl":"","caption":"Quanto Custa Viajar"},"image":{"@id":"https:\/\/quantocustaviajar.com\/blog\/#\/schema\/logo\/image\/"},"sameAs":["https:\/\/www.facebook.com\/quantocustaviajar"]},{"@type":"Person","@id":"https:\/\/quantocustaviajar.com\/blog\/#\/schema\/person\/81b0aaf2069da1a2da54677906b42d3c","name":"Andressa Xavier Pellanda","image":{"@type":"ImageObject","inLanguage":"pt-BR","@id":"https:\/\/quantocustaviajar.com\/blog\/#\/schema\/person\/image\/","url":"https:\/\/secure.gravatar.com\/avatar\/efccc167c341de2100a574b335de06f5efda2310964e70124d995491728ed674?s=96&d=mm&r=g","contentUrl":"https:\/\/secure.gravatar.com\/avatar\/efccc167c341de2100a574b335de06f5efda2310964e70124d995491728ed674?s=96&d=mm&r=g","caption":"Andressa Xavier Pellanda"},"description":"Eu gosto de viajar antes mesmo de chegar ao destino!","url":"https:\/\/quantocustaviajar.com\/blog\/author\/andressa\/"}]}},"_links":{"self":[{"href":"https:\/\/quantocustaviajar.com\/blog\/wp-json\/wp\/v2\/posts\/30888","targetHints":{"allow":["GET"]}}],"collection":[{"href":"https:\/\/quantocustaviajar.com\/blog\/wp-json\/wp\/v2\/posts"}],"about":[{"href":"https:\/\/quantocustaviajar.com\/blog\/wp-json\/wp\/v2\/types\/post"}],"author":[{"embeddable":true,"href":"https:\/\/quantocustaviajar.com\/blog\/wp-json\/wp\/v2\/users\/11"}],"replies":[{"embeddable":true,"href":"https:\/\/quantocustaviajar.com\/blog\/wp-json\/wp\/v2\/comments?post=30888"}],"version-history":[{"count":4,"href":"https:\/\/quantocustaviajar.com\/blog\/wp-json\/wp\/v2\/posts\/30888\/revisions"}],"predecessor-version":[{"id":31116,"href":"https:\/\/quantocustaviajar.com\/blog\/wp-json\/wp\/v2\/posts\/30888\/revisions\/31116"}],"wp:featuredmedia":[{"embeddable":true,"href":"https:\/\/quantocustaviajar.com\/blog\/wp-json\/wp\/v2\/media\/30903"}],"wp:attachment":[{"href":"https:\/\/quantocustaviajar.com\/blog\/wp-json\/wp\/v2\/media?parent=30888"}],"wp:term":[{"taxonomy":"category","embeddable":true,"href":"https:\/\/quantocustaviajar.com\/blog\/wp-json\/wp\/v2\/categories?post=30888"},{"taxonomy":"post_tag","embeddable":true,"href":"https:\/\/quantocustaviajar.com\/blog\/wp-json\/wp\/v2\/tags?post=30888"}],"curies":[{"name":"wp","href":"https:\/\/api.w.org\/{rel}","templated":true}]}}