{"id":30555,"date":"2019-01-22T12:48:21","date_gmt":"2019-01-22T12:48:21","guid":{"rendered":"https:\/\/quantocustaviajar.com\/blog\/?p=30555"},"modified":"2019-01-22T12:48:21","modified_gmt":"2019-01-22T12:48:21","slug":"mercado-vila-rica-belo-horizonte","status":"publish","type":"post","link":"https:\/\/quantocustaviajar.com\/blog\/mercado-vila-rica-belo-horizonte\/","title":{"rendered":"Mercado Vila Rica: emp\u00f3rio ao ar livre em Belo Horizonte re\u00fane del\u00edcias mineiras de v\u00e1rias regi\u00f5es"},"content":{"rendered":"<p>Imposs\u00edvel falar de <strong><a href=\"https:\/\/quantocustaviajar.com\/blog\/cidades-legais-para-viajar-em-minas-gerais\/\">Minas Gerais<\/a><\/strong> sem mencionar a comida t\u00edpica maravilhosa, como o p\u00e3o de queijo, que deixa os gringos caidinhos de amor. Proporcionando um contato maior com as del\u00edcias caseiras do interior, o <strong>Mercado Vila Rica<\/strong>, emp\u00f3rio ao ar livre em <strong>Belo Horizonte<\/strong>, n\u00e3o deixa ningu\u00e9m passando vontade.<\/p>\n<h2>O Mercado Vila Rica e seus sabores<\/h2>\n<p>O local onde acontece a iniciativa j\u00e1 \u00e9, por si s\u00f3, um atrativo a parte. No bairro Ouro Velho-Pampulha, <strong>uma vila bem charmosa de tijolinho \u00e0 vista, que parece ter sa\u00eddo da <a href=\"https:\/\/quantocustaviajar.com\/blog\/visite-spello-italia\/\" target=\"_blank\" rel=\"noopener\">It\u00e1lia<\/a>,<\/strong> abriga os produtores independentes. \u00c9 como uma <strong>cidade cenogr\u00e1fica<\/strong>, erguida num dos lugares mais badalados de B\u00eaag\u00e1. Al\u00e9m disso, funciona como espa\u00e7o cultural, um ponto de encontro alternativo para moradores e turistas.<\/p>\n<p><img loading=\"lazy\" decoding=\"async\" class=\"aligncenter wp-image-30635 size-full\" src=\"https:\/\/quantocustaviajar.com\/blog\/wp-content\/uploads\/2018\/12\/mercado-vila-rica-BH9.jpg\" alt=\"\" width=\"700\" height=\"467\" srcset=\"https:\/\/quantocustaviajar.com\/blog\/wp-content\/uploads\/2018\/12\/mercado-vila-rica-BH9.jpg 700w, https:\/\/quantocustaviajar.com\/blog\/wp-content\/uploads\/2018\/12\/mercado-vila-rica-BH9-300x200.jpg 300w\" sizes=\"auto, (max-width: 700px) 100vw, 700px\" \/><\/p>\n<p>Uma variedade de itens fica \u00e0 disposi\u00e7\u00e3o da clientela, incluindo compotas, doce de leite, azeites saborizados, antepastos, massas, bolos, caf\u00e9s, queijos e licores, al\u00e9m de produtos de uso pessoal e artesanatos.<\/p>\n<figure id=\"attachment_30632\" aria-describedby=\"caption-attachment-30632\" style=\"width: 700px\" class=\"wp-caption aligncenter\"><img loading=\"lazy\" decoding=\"async\" class=\"wp-image-30632 size-full\" src=\"https:\/\/quantocustaviajar.com\/blog\/wp-content\/uploads\/2018\/12\/mercado-vila-rica-BH7.jpg\" alt=\"\" width=\"700\" height=\"630\" srcset=\"https:\/\/quantocustaviajar.com\/blog\/wp-content\/uploads\/2018\/12\/mercado-vila-rica-BH7.jpg 700w, https:\/\/quantocustaviajar.com\/blog\/wp-content\/uploads\/2018\/12\/mercado-vila-rica-BH7-300x270.jpg 300w\" sizes=\"auto, (max-width: 700px) 100vw, 700px\" \/><figcaption id=\"caption-attachment-30632\" class=\"wp-caption-text\">Romeu e Julieta ganham vers\u00e3o mais pr\u00e1tica: o queijo j\u00e1 vem recheado com goiaba. Ou doce de leite!<\/figcaption><\/figure>\n<p>No mesmo endere\u00e7o funciona o <strong>emp\u00f3rio \u00e1rabe Tuareg<\/strong> e o rom\u00e2ntico <strong>Bistr\u00f4 Vila Rica<\/strong>, comandado pela chef \u00c9rika Chami. O card\u00e1pio faz a <strong>fus\u00e3o entre as cozinhas italiana e francesa<\/strong>, com crepes salgados (a partir de R$ 35,90), entradas, saladas, massas, carnes, e risotos, como o Mineiro (R$ 55,90) que leva carne seca, lingui\u00e7a calabresa e couve crocante.<\/p>\n<p>De sobremesa, crepes doces e outras op\u00e7\u00f5es vindas da Fran\u00e7a. \u00c9 interessante notar que<strong> o menu sinaliza os pratos para cel\u00edacos, lacro-intolerantes, vegetarianos e veganos.<\/strong><\/p>\n<p><img loading=\"lazy\" decoding=\"async\" class=\"aligncenter wp-image-30653 size-full\" src=\"https:\/\/quantocustaviajar.com\/blog\/wp-content\/uploads\/2019\/01\/risoto-mineiro.jpg\" alt=\"\" width=\"700\" height=\"467\" srcset=\"https:\/\/quantocustaviajar.com\/blog\/wp-content\/uploads\/2019\/01\/risoto-mineiro.jpg 700w, https:\/\/quantocustaviajar.com\/blog\/wp-content\/uploads\/2019\/01\/risoto-mineiro-300x200.jpg 300w\" sizes=\"auto, (max-width: 700px) 100vw, 700px\" \/><\/p>\n<p>Todas as \u00e1reas s\u00e3o <em>pet friendly<\/em>, ent\u00e3o leve seu melhor amigo para as compras com voc\u00ea!<\/p>\n<p><strong>Quanto custa: <\/strong>entrada franca. Doa\u00e7\u00e3o de 1 kg de alimento ou ra\u00e7\u00e3o \u00e9 bem vinda como contribui\u00e7\u00e3o espont\u00e2nea.<\/p>\n<p><strong>Como chegar: <\/strong>o Mercado Vila Fica fica na Av. Fleming, 900, bairro Ouro Preto-Pampulha, em Belo Horizonte. A feirinha funciona apenas aos domingos, das 09h \u00e0s 18h.<\/p>\n<blockquote><p><a href=\"https:\/\/quantocustaviajar.com\/brasil\/belo-horizonte\/passagem-aerea\" target=\"_blank\" rel=\"noopener\"><strong>Encontre aqui sua passagem a\u00e9rea para BH!<\/strong><\/a><\/p><\/blockquote>\n<p><img loading=\"lazy\" decoding=\"async\" class=\"aligncenter wp-image-30633 size-full\" src=\"https:\/\/quantocustaviajar.com\/blog\/wp-content\/uploads\/2018\/12\/mercado-vila-rica-BH12.jpg\" alt=\"\" width=\"700\" height=\"459\" srcset=\"https:\/\/quantocustaviajar.com\/blog\/wp-content\/uploads\/2018\/12\/mercado-vila-rica-BH12.jpg 700w, https:\/\/quantocustaviajar.com\/blog\/wp-content\/uploads\/2018\/12\/mercado-vila-rica-BH12-300x197.jpg 300w\" sizes=\"auto, (max-width: 700px) 100vw, 700px\" \/><\/p>\n<p><img loading=\"lazy\" decoding=\"async\" class=\"aligncenter wp-image-30634 size-full\" src=\"https:\/\/quantocustaviajar.com\/blog\/wp-content\/uploads\/2018\/12\/mercado-vila-rica-BH2.jpg\" alt=\"\" width=\"700\" height=\"465\" srcset=\"https:\/\/quantocustaviajar.com\/blog\/wp-content\/uploads\/2018\/12\/mercado-vila-rica-BH2.jpg 700w, https:\/\/quantocustaviajar.com\/blog\/wp-content\/uploads\/2018\/12\/mercado-vila-rica-BH2-300x199.jpg 300w\" sizes=\"auto, (max-width: 700px) 100vw, 700px\" \/><\/p>\n<p><img loading=\"lazy\" decoding=\"async\" class=\"aligncenter wp-image-30654 size-full\" src=\"https:\/\/quantocustaviajar.com\/blog\/wp-content\/uploads\/2019\/01\/mercado-vila-rica-BH3.jpg\" alt=\"\" width=\"700\" height=\"465\" srcset=\"https:\/\/quantocustaviajar.com\/blog\/wp-content\/uploads\/2019\/01\/mercado-vila-rica-BH3.jpg 700w, https:\/\/quantocustaviajar.com\/blog\/wp-content\/uploads\/2019\/01\/mercado-vila-rica-BH3-300x199.jpg 300w\" sizes=\"auto, (max-width: 700px) 100vw, 700px\" \/><\/p>\n<p><img loading=\"lazy\" decoding=\"async\" class=\"aligncenter wp-image-30655 size-full\" src=\"https:\/\/quantocustaviajar.com\/blog\/wp-content\/uploads\/2019\/01\/mercado-vila-rica-belo-horizonte.jpg\" alt=\"\" width=\"700\" height=\"466\" srcset=\"https:\/\/quantocustaviajar.com\/blog\/wp-content\/uploads\/2019\/01\/mercado-vila-rica-belo-horizonte.jpg 700w, https:\/\/quantocustaviajar.com\/blog\/wp-content\/uploads\/2019\/01\/mercado-vila-rica-belo-horizonte-300x200.jpg 300w\" sizes=\"auto, (max-width: 700px) 100vw, 700px\" \/><\/p>\n<figure id=\"attachment_30630\" aria-describedby=\"caption-attachment-30630\" style=\"width: 700px\" class=\"wp-caption aligncenter\"><img loading=\"lazy\" decoding=\"async\" class=\"wp-image-30630 size-full\" src=\"https:\/\/quantocustaviajar.com\/blog\/wp-content\/uploads\/2018\/12\/mercado-vila-rica-BH-artesanato-de-prados.jpg\" alt=\"\" width=\"700\" height=\"743\" srcset=\"https:\/\/quantocustaviajar.com\/blog\/wp-content\/uploads\/2018\/12\/mercado-vila-rica-BH-artesanato-de-prados.jpg 700w, https:\/\/quantocustaviajar.com\/blog\/wp-content\/uploads\/2018\/12\/mercado-vila-rica-BH-artesanato-de-prados-283x300.jpg 283w\" sizes=\"auto, (max-width: 700px) 100vw, 700px\" \/><figcaption id=\"caption-attachment-30630\" class=\"wp-caption-text\">Na foto, artesanato da regi\u00e3o de Prados<\/figcaption><\/figure>\n<p><img loading=\"lazy\" decoding=\"async\" class=\"wp-image-30636 size-full aligncenter\" src=\"https:\/\/quantocustaviajar.com\/blog\/wp-content\/uploads\/2018\/12\/mercado-vila-rica-BH10.jpg\" alt=\"\" width=\"700\" height=\"467\" srcset=\"https:\/\/quantocustaviajar.com\/blog\/wp-content\/uploads\/2018\/12\/mercado-vila-rica-BH10.jpg 700w, https:\/\/quantocustaviajar.com\/blog\/wp-content\/uploads\/2018\/12\/mercado-vila-rica-BH10-300x200.jpg 300w\" sizes=\"auto, (max-width: 700px) 100vw, 700px\" \/><\/p>\n<p><img loading=\"lazy\" decoding=\"async\" class=\"aligncenter wp-image-30631 size-full\" src=\"https:\/\/quantocustaviajar.com\/blog\/wp-content\/uploads\/2018\/12\/mercado-vila-rica-BH5.jpg\" alt=\"\" width=\"700\" height=\"465\" srcset=\"https:\/\/quantocustaviajar.com\/blog\/wp-content\/uploads\/2018\/12\/mercado-vila-rica-BH5.jpg 700w, https:\/\/quantocustaviajar.com\/blog\/wp-content\/uploads\/2018\/12\/mercado-vila-rica-BH5-300x199.jpg 300w\" sizes=\"auto, (max-width: 700px) 100vw, 700px\" \/><\/p>\n<p><img loading=\"lazy\" decoding=\"async\" class=\"aligncenter wp-image-30657 size-full\" src=\"https:\/\/quantocustaviajar.com\/blog\/wp-content\/uploads\/2019\/01\/bistro-vila-rica.jpg\" alt=\"\" width=\"700\" height=\"467\" srcset=\"https:\/\/quantocustaviajar.com\/blog\/wp-content\/uploads\/2019\/01\/bistro-vila-rica.jpg 700w, https:\/\/quantocustaviajar.com\/blog\/wp-content\/uploads\/2019\/01\/bistro-vila-rica-300x200.jpg 300w\" sizes=\"auto, (max-width: 700px) 100vw, 700px\" \/><\/p>\n<p><em>Fotos: Renato Leal\/divulga\u00e7\u00e3o<\/em><\/p>\n<blockquote class=\"wp-embedded-content\" data-secret=\"R8kToxMvSy\"><p><a href=\"https:\/\/quantocustaviajar.com\/blog\/o-que-fazer-em-belo-horizonte-em-24-horas\/\">O que fazer em Belo Horizonte em 24\u00a0horas<\/a><\/p><\/blockquote>\n<p><iframe loading=\"lazy\" class=\"wp-embedded-content\" sandbox=\"allow-scripts\" security=\"restricted\" style=\"position: absolute; visibility: hidden;\" title=\"&#8220;O que fazer em Belo Horizonte em 24\u00a0horas&#8221; &#8212; Blog Quanto Custa Viajar\" src=\"https:\/\/quantocustaviajar.com\/blog\/o-que-fazer-em-belo-horizonte-em-24-horas\/embed\/#?secret=4GV6KYukQW#?secret=R8kToxMvSy\" data-secret=\"R8kToxMvSy\" width=\"600\" height=\"338\" frameborder=\"0\" marginwidth=\"0\" marginheight=\"0\" scrolling=\"no\"><\/iframe><\/p>\n","protected":false},"excerpt":{"rendered":"<p>Imposs\u00edvel falar de Minas Gerais sem mencionar a comida t\u00edpica maravilhosa, como o p\u00e3o de queijo, que deixa os gringos caidinhos de amor. Proporcionando um contato maior com as del\u00edcias caseiras do interior, o Mercado Vila Rica, emp\u00f3rio ao ar livre em Belo Horizonte, n\u00e3o deixa ningu\u00e9m passando vontade. O Mercado Vila Rica e seus [&hellip;]<\/p>\n","protected":false},"author":4,"featured_media":30651,"comment_status":"open","ping_status":"open","sticky":false,"template":"","format":"standard","meta":{"cybocfi_hide_featured_image":"","footnotes":""},"categories":[1437,1436,1435,1434,1182],"tags":[1485,1519,266,235,90,189,1023,89,65,394,211,529,321],"class_list":["post-30555","post","type-post","status-publish","format-standard","has-post-thumbnail","hentry","category-ao-ar-livre","category-artes-cultura-diversao","category-comes-bebes","category-descubra-brasil","category-dica-cool","tag-americadosul","tag-belohorizonte","tag-brasil","tag-casal","tag-comida","tag-compras","tag-final-de-semana","tag-gastronomia","tag-italia","tag-minas-gerais","tag-o-que-fazer","tag-onde-ir","tag-passeios"],"blocksy_meta":[],"yoast_head":"<!-- This site is optimized with the Yoast SEO plugin v26.3 - https:\/\/yoast.com\/wordpress\/plugins\/seo\/ -->\n<title>Mercado Vila Rica: emp\u00f3rio ao ar livre em Belo Horizonte re\u00fane del\u00edcias mineiras<\/title>\n<meta name=\"robots\" content=\"index, follow, max-snippet:-1, max-image-preview:large, max-video-preview:-1\" \/>\n<link rel=\"canonical\" href=\"https:\/\/quantocustaviajar.com\/blog\/mercado-vila-rica-belo-horizonte\/\" \/>\n<meta property=\"og:locale\" content=\"pt_BR\" \/>\n<meta property=\"og:type\" content=\"article\" \/>\n<meta property=\"og:title\" content=\"Mercado Vila Rica: emp\u00f3rio ao ar livre em Belo Horizonte re\u00fane del\u00edcias mineiras\" \/>\n<meta property=\"og:description\" content=\"Imposs\u00edvel falar de Minas Gerais sem mencionar a comida t\u00edpica maravilhosa, como o p\u00e3o de queijo, que deixa os gringos caidinhos de amor. Proporcionando um contato maior com as del\u00edcias caseiras do interior, o Mercado Vila Rica, emp\u00f3rio ao ar livre em Belo Horizonte, n\u00e3o deixa ningu\u00e9m passando vontade. O Mercado Vila Rica e seus [&hellip;]\" \/>\n<meta property=\"og:url\" content=\"https:\/\/quantocustaviajar.com\/blog\/mercado-vila-rica-belo-horizonte\/\" \/>\n<meta property=\"og:site_name\" content=\"Blog Quanto Custa Viajar\" \/>\n<meta property=\"article:publisher\" content=\"https:\/\/www.facebook.com\/quantocustaviajar\" \/>\n<meta property=\"article:author\" content=\"https:\/\/www.facebook.com\/brunellapfvr\/posts\" \/>\n<meta property=\"article:published_time\" content=\"2019-01-22T12:48:21+00:00\" \/>\n<meta property=\"og:image\" content=\"https:\/\/quantocustaviajar.com\/blog\/wp-content\/uploads\/2019\/01\/vila-rica-bh.jpg\" \/>\n\t<meta property=\"og:image:width\" content=\"960\" \/>\n\t<meta property=\"og:image:height\" content=\"720\" \/>\n\t<meta property=\"og:image:type\" content=\"image\/jpeg\" \/>\n<meta name=\"author\" content=\"Brunella Nunes\" \/>\n<meta name=\"twitter:card\" content=\"summary_large_image\" \/>\n<meta name=\"twitter:label1\" content=\"Escrito por\" \/>\n\t<meta name=\"twitter:data1\" content=\"Brunella Nunes\" \/>\n\t<meta name=\"twitter:label2\" content=\"Est. tempo de leitura\" \/>\n\t<meta name=\"twitter:data2\" content=\"2 minutos\" \/>\n<!-- \/ Yoast SEO plugin. -->","yoast_head_json":{"title":"Mercado Vila Rica: emp\u00f3rio ao ar livre em Belo Horizonte re\u00fane del\u00edcias mineiras","robots":{"index":"index","follow":"follow","max-snippet":"max-snippet:-1","max-image-preview":"max-image-preview:large","max-video-preview":"max-video-preview:-1"},"canonical":"https:\/\/quantocustaviajar.com\/blog\/mercado-vila-rica-belo-horizonte\/","og_locale":"pt_BR","og_type":"article","og_title":"Mercado Vila Rica: emp\u00f3rio ao ar livre em Belo Horizonte re\u00fane del\u00edcias mineiras","og_description":"Imposs\u00edvel falar de Minas Gerais sem mencionar a comida t\u00edpica maravilhosa, como o p\u00e3o de queijo, que deixa os gringos caidinhos de amor. Proporcionando um contato maior com as del\u00edcias caseiras do interior, o Mercado Vila Rica, emp\u00f3rio ao ar livre em Belo Horizonte, n\u00e3o deixa ningu\u00e9m passando vontade. O Mercado Vila Rica e seus [&hellip;]","og_url":"https:\/\/quantocustaviajar.com\/blog\/mercado-vila-rica-belo-horizonte\/","og_site_name":"Blog Quanto Custa Viajar","article_publisher":"https:\/\/www.facebook.com\/quantocustaviajar","article_author":"https:\/\/www.facebook.com\/brunellapfvr\/posts","article_published_time":"2019-01-22T12:48:21+00:00","og_image":[{"width":960,"height":720,"url":"https:\/\/quantocustaviajar.com\/blog\/wp-content\/uploads\/2019\/01\/vila-rica-bh.jpg","type":"image\/jpeg"}],"author":"Brunella Nunes","twitter_card":"summary_large_image","twitter_misc":{"Escrito por":"Brunella Nunes","Est. tempo de leitura":"2 minutos"},"schema":{"@context":"https:\/\/schema.org","@graph":[{"@type":["Article","BlogPosting"],"@id":"https:\/\/quantocustaviajar.com\/blog\/mercado-vila-rica-belo-horizonte\/#article","isPartOf":{"@id":"https:\/\/quantocustaviajar.com\/blog\/mercado-vila-rica-belo-horizonte\/"},"author":{"name":"Brunella Nunes","@id":"https:\/\/quantocustaviajar.com\/blog\/#\/schema\/person\/1a6dd3da9d0c0a4be42652b67bea19bb"},"headline":"Mercado Vila Rica: emp\u00f3rio ao ar livre em Belo Horizonte re\u00fane del\u00edcias mineiras de v\u00e1rias regi\u00f5es","datePublished":"2019-01-22T12:48:21+00:00","mainEntityOfPage":{"@id":"https:\/\/quantocustaviajar.com\/blog\/mercado-vila-rica-belo-horizonte\/"},"wordCount":399,"commentCount":0,"publisher":{"@id":"https:\/\/quantocustaviajar.com\/blog\/#organization"},"image":{"@id":"https:\/\/quantocustaviajar.com\/blog\/mercado-vila-rica-belo-horizonte\/#primaryimage"},"thumbnailUrl":"https:\/\/quantocustaviajar.com\/blog\/wp-content\/uploads\/2019\/01\/vila-rica-bh.jpg","keywords":["americadosul","belohorizonte","Brasil","casal","comida","compras","final de semana","gastronomia","it\u00e1lia","Minas Gerais","o que fazer","onde ir","passeios"],"articleSection":["Ao Ar Livre","Artes, Cultura &amp; Divers\u00e3o","Comes &amp; Bebes","Descubra o Brasil","Dica cool"],"inLanguage":"pt-BR","potentialAction":[{"@type":"CommentAction","name":"Comment","target":["https:\/\/quantocustaviajar.com\/blog\/mercado-vila-rica-belo-horizonte\/#respond"]}]},{"@type":"WebPage","@id":"https:\/\/quantocustaviajar.com\/blog\/mercado-vila-rica-belo-horizonte\/","url":"https:\/\/quantocustaviajar.com\/blog\/mercado-vila-rica-belo-horizonte\/","name":"Mercado Vila Rica: emp\u00f3rio ao ar livre em Belo Horizonte re\u00fane del\u00edcias mineiras","isPartOf":{"@id":"https:\/\/quantocustaviajar.com\/blog\/#website"},"primaryImageOfPage":{"@id":"https:\/\/quantocustaviajar.com\/blog\/mercado-vila-rica-belo-horizonte\/#primaryimage"},"image":{"@id":"https:\/\/quantocustaviajar.com\/blog\/mercado-vila-rica-belo-horizonte\/#primaryimage"},"thumbnailUrl":"https:\/\/quantocustaviajar.com\/blog\/wp-content\/uploads\/2019\/01\/vila-rica-bh.jpg","datePublished":"2019-01-22T12:48:21+00:00","breadcrumb":{"@id":"https:\/\/quantocustaviajar.com\/blog\/mercado-vila-rica-belo-horizonte\/#breadcrumb"},"inLanguage":"pt-BR","potentialAction":[{"@type":"ReadAction","target":["https:\/\/quantocustaviajar.com\/blog\/mercado-vila-rica-belo-horizonte\/"]}]},{"@type":"ImageObject","inLanguage":"pt-BR","@id":"https:\/\/quantocustaviajar.com\/blog\/mercado-vila-rica-belo-horizonte\/#primaryimage","url":"https:\/\/quantocustaviajar.com\/blog\/wp-content\/uploads\/2019\/01\/vila-rica-bh.jpg","contentUrl":"https:\/\/quantocustaviajar.com\/blog\/wp-content\/uploads\/2019\/01\/vila-rica-bh.jpg","width":960,"height":720},{"@type":"BreadcrumbList","@id":"https:\/\/quantocustaviajar.com\/blog\/mercado-vila-rica-belo-horizonte\/#breadcrumb","itemListElement":[{"@type":"ListItem","position":1,"name":"In\u00edcio","item":"https:\/\/quantocustaviajar.com\/blog\/"},{"@type":"ListItem","position":2,"name":"Mercado Vila Rica: emp\u00f3rio ao ar livre em Belo Horizonte re\u00fane del\u00edcias mineiras de v\u00e1rias regi\u00f5es"}]},{"@type":"WebSite","@id":"https:\/\/quantocustaviajar.com\/blog\/#website","url":"https:\/\/quantocustaviajar.com\/blog\/","name":"Blog Quanto Custa Viajar","description":"","publisher":{"@id":"https:\/\/quantocustaviajar.com\/blog\/#organization"},"potentialAction":[{"@type":"SearchAction","target":{"@type":"EntryPoint","urlTemplate":"https:\/\/quantocustaviajar.com\/blog\/?s={search_term_string}"},"query-input":{"@type":"PropertyValueSpecification","valueRequired":true,"valueName":"search_term_string"}}],"inLanguage":"pt-BR"},{"@type":"Organization","@id":"https:\/\/quantocustaviajar.com\/blog\/#organization","name":"Quanto Custa Viajar","url":"https:\/\/quantocustaviajar.com\/blog\/","logo":{"@type":"ImageObject","inLanguage":"pt-BR","@id":"https:\/\/quantocustaviajar.com\/blog\/#\/schema\/logo\/image\/","url":"","contentUrl":"","caption":"Quanto Custa Viajar"},"image":{"@id":"https:\/\/quantocustaviajar.com\/blog\/#\/schema\/logo\/image\/"},"sameAs":["https:\/\/www.facebook.com\/quantocustaviajar"]},{"@type":"Person","@id":"https:\/\/quantocustaviajar.com\/blog\/#\/schema\/person\/1a6dd3da9d0c0a4be42652b67bea19bb","name":"Brunella Nunes","image":{"@type":"ImageObject","inLanguage":"pt-BR","@id":"https:\/\/quantocustaviajar.com\/blog\/#\/schema\/person\/image\/","url":"https:\/\/secure.gravatar.com\/avatar\/05b28dfb8a3cc7ee0dba6feefa5677f05be6d7bf4b017728fd38499092f9c282?s=96&d=mm&r=g","contentUrl":"https:\/\/secure.gravatar.com\/avatar\/05b28dfb8a3cc7ee0dba6feefa5677f05be6d7bf4b017728fd38499092f9c282?s=96&d=mm&r=g","caption":"Brunella Nunes"},"description":"Quando n\u00e3o est\u00e1 viajando pelo mundo, est\u00e1 viajando nas ideias.","sameAs":["https:\/\/www.facebook.com\/brunellapfvr\/posts","https:\/\/www.linkedin.com\/in\/brunellanunes\/"],"url":"https:\/\/quantocustaviajar.com\/blog\/author\/equipe\/"}]}},"_links":{"self":[{"href":"https:\/\/quantocustaviajar.com\/blog\/wp-json\/wp\/v2\/posts\/30555","targetHints":{"allow":["GET"]}}],"collection":[{"href":"https:\/\/quantocustaviajar.com\/blog\/wp-json\/wp\/v2\/posts"}],"about":[{"href":"https:\/\/quantocustaviajar.com\/blog\/wp-json\/wp\/v2\/types\/post"}],"author":[{"embeddable":true,"href":"https:\/\/quantocustaviajar.com\/blog\/wp-json\/wp\/v2\/users\/4"}],"replies":[{"embeddable":true,"href":"https:\/\/quantocustaviajar.com\/blog\/wp-json\/wp\/v2\/comments?post=30555"}],"version-history":[{"count":3,"href":"https:\/\/quantocustaviajar.com\/blog\/wp-json\/wp\/v2\/posts\/30555\/revisions"}],"predecessor-version":[{"id":31134,"href":"https:\/\/quantocustaviajar.com\/blog\/wp-json\/wp\/v2\/posts\/30555\/revisions\/31134"}],"wp:featuredmedia":[{"embeddable":true,"href":"https:\/\/quantocustaviajar.com\/blog\/wp-json\/wp\/v2\/media\/30651"}],"wp:attachment":[{"href":"https:\/\/quantocustaviajar.com\/blog\/wp-json\/wp\/v2\/media?parent=30555"}],"wp:term":[{"taxonomy":"category","embeddable":true,"href":"https:\/\/quantocustaviajar.com\/blog\/wp-json\/wp\/v2\/categories?post=30555"},{"taxonomy":"post_tag","embeddable":true,"href":"https:\/\/quantocustaviajar.com\/blog\/wp-json\/wp\/v2\/tags?post=30555"}],"curies":[{"name":"wp","href":"https:\/\/api.w.org\/{rel}","templated":true}]}}