{"id":29988,"date":"2018-12-14T11:35:10","date_gmt":"2018-12-14T11:35:10","guid":{"rendered":"https:\/\/quantocustaviajar.com\/blog\/?p=29988"},"modified":"2024-10-01T13:12:00","modified_gmt":"2024-10-01T13:12:00","slug":"roteiros-de-ate-7-dias-brasil","status":"publish","type":"post","link":"https:\/\/quantocustaviajar.com\/blog\/roteiros-de-ate-7-dias-brasil\/","title":{"rendered":"Roteiros de at\u00e9 7 dias para curtir a natureza no Brasil"},"content":{"rendered":"<p>A equipe do Quanto Custa Viajar sempre que pode coloca as asinhas de fora e sai para explorar o lindo pa\u00eds onde nascemos. Narrando as nossas aventuras aqui no blog, resolvemos fazer um &#8220;tudo junto &amp; misturado&#8221; para te ajudar a decidir os pr\u00f3ximos dias em que tiver um breve descanso. Confira os <strong>roteiros de at\u00e9 7 dias para curtir a natureza no Brasil,\u00a0<\/strong>baseados em experi\u00eancias reais.<\/p><div id=\"ez-toc-container\" class=\"ez-toc-v2_0_76 ez-toc-wrap-left counter-hierarchy ez-toc-counter ez-toc-light-blue ez-toc-container-direction\">\n<div class=\"ez-toc-title-container\">\n<p class=\"ez-toc-title\" style=\"cursor:inherit\">Aqui voc\u00ea ir\u00e1 encontrar<\/p>\n<span class=\"ez-toc-title-toggle\"><a href=\"#\" class=\"ez-toc-pull-right ez-toc-btn ez-toc-btn-xs ez-toc-btn-default ez-toc-toggle\" aria-label=\"Alternar tabela de conte\u00fado\"><span class=\"ez-toc-js-icon-con\"><span class=\"\"><span class=\"eztoc-hide\" style=\"display:none;\">Toggle<\/span><span class=\"ez-toc-icon-toggle-span\"><svg style=\"fill: #999;color:#999\" xmlns=\"http:\/\/www.w3.org\/2000\/svg\" class=\"list-377408\" width=\"20px\" height=\"20px\" viewBox=\"0 0 24 24\" fill=\"none\"><path d=\"M6 6H4v2h2V6zm14 0H8v2h12V6zM4 11h2v2H4v-2zm16 0H8v2h12v-2zM4 16h2v2H4v-2zm16 0H8v2h12v-2z\" fill=\"currentColor\"><\/path><\/svg><svg style=\"fill: #999;color:#999\" class=\"arrow-unsorted-368013\" xmlns=\"http:\/\/www.w3.org\/2000\/svg\" width=\"10px\" height=\"10px\" viewBox=\"0 0 24 24\" version=\"1.2\" baseProfile=\"tiny\"><path d=\"M18.2 9.3l-6.2-6.3-6.2 6.3c-.2.2-.3.4-.3.7s.1.5.3.7c.2.2.4.3.7.3h11c.3 0 .5-.1.7-.3.2-.2.3-.5.3-.7s-.1-.5-.3-.7zM5.8 14.7l6.2 6.3 6.2-6.3c.2-.2.3-.5.3-.7s-.1-.5-.3-.7c-.2-.2-.4-.3-.7-.3h-11c-.3 0-.5.1-.7.3-.2.2-.3.5-.3.7s.1.5.3.7z\"\/><\/svg><\/span><\/span><\/span><\/a><\/span><\/div>\n<nav><ul class='ez-toc-list ez-toc-list-level-1 ' ><ul class='ez-toc-list-level-3' ><li class='ez-toc-heading-level-3'><a class=\"ez-toc-link ez-toc-heading-1\" href=\"https:\/\/quantocustaviajar.com\/blog\/roteiros-de-ate-7-dias-brasil\/#Tres_dias_em_Urubici_SC\" >Tr\u00eas dias em Urubici (SC)<\/a><\/li><li class='ez-toc-page-1 ez-toc-heading-level-3'><a class=\"ez-toc-link ez-toc-heading-2\" href=\"https:\/\/quantocustaviajar.com\/blog\/roteiros-de-ate-7-dias-brasil\/#Final_de_semana_em_Brotas_SP\" >Final de semana em Brotas (SP)<\/a><\/li><li class='ez-toc-page-1 ez-toc-heading-level-3'><a class=\"ez-toc-link ez-toc-heading-3\" href=\"https:\/\/quantocustaviajar.com\/blog\/roteiros-de-ate-7-dias-brasil\/#Tres_dias_no_PETAR_Parque_Estadual_Turistico_Alto_do_Ribeira_SP\" >Tr\u00eas dias no PETAR, Parque Estadual Tur\u00edstico Alto do Ribeira (SP)\u00a0<\/a><\/li><li class='ez-toc-page-1 ez-toc-heading-level-3'><a class=\"ez-toc-link ez-toc-heading-4\" href=\"https:\/\/quantocustaviajar.com\/blog\/roteiros-de-ate-7-dias-brasil\/#Quatro_dias_na_Floresta_Amazonica_AM\" >Quatro dias na Floresta Amaz\u00f4nica (AM)<\/a><\/li><li class='ez-toc-page-1 ez-toc-heading-level-3'><a class=\"ez-toc-link ez-toc-heading-5\" href=\"https:\/\/quantocustaviajar.com\/blog\/roteiros-de-ate-7-dias-brasil\/#Sete_dias_acampando_no_Jalapao_TO\" >Sete dias acampando no Jalap\u00e3o (TO)<\/a><\/li><\/ul><\/li><li class='ez-toc-page-1 ez-toc-heading-level-2'><a class=\"ez-toc-link ez-toc-heading-6\" href=\"https:\/\/quantocustaviajar.com\/blog\/roteiros-de-ate-7-dias-brasil\/#Uma_semana_em_Morro_de_Sao_Paulo_BA\" >Uma semana em Morro de S\u00e3o Paulo (BA)<\/a><ul class='ez-toc-list-level-3' ><li class='ez-toc-heading-level-3'><a class=\"ez-toc-link ez-toc-heading-7\" href=\"https:\/\/quantocustaviajar.com\/blog\/roteiros-de-ate-7-dias-brasil\/#Cinco_dias_em_Ilhabela_SP\" >Cinco dias em Ilhabela (SP)<\/a><\/li><li class='ez-toc-page-1 ez-toc-heading-level-3'><a class=\"ez-toc-link ez-toc-heading-8\" href=\"https:\/\/quantocustaviajar.com\/blog\/roteiros-de-ate-7-dias-brasil\/#Cinco_dias_em_Arraial_DAjuda_e_Trancoso_BA\" >Cinco dias em Arraial D&#8217;Ajuda e Trancoso (BA)<\/a><\/li><li class='ez-toc-page-1 ez-toc-heading-level-3'><a class=\"ez-toc-link ez-toc-heading-9\" href=\"https:\/\/quantocustaviajar.com\/blog\/roteiros-de-ate-7-dias-brasil\/#Uma_semana_em_Paraty_RJ\" >Uma semana em Paraty (RJ)<\/a><\/li><li class='ez-toc-page-1 ez-toc-heading-level-3'><a class=\"ez-toc-link ez-toc-heading-10\" href=\"https:\/\/quantocustaviajar.com\/blog\/roteiros-de-ate-7-dias-brasil\/#Cinco_dias_em_Belo_Horizonte_e_Inhotim_MG\" >Cinco dias em Belo Horizonte e Inhotim (MG)<\/a><\/li><li class='ez-toc-page-1 ez-toc-heading-level-3'><a class=\"ez-toc-link ez-toc-heading-11\" href=\"https:\/\/quantocustaviajar.com\/blog\/roteiros-de-ate-7-dias-brasil\/#Quatro_dias_em_Ubatuba_SP\" >Quatro dias em Ubatuba (SP)<\/a><\/li><li class='ez-toc-page-1 ez-toc-heading-level-3'><a class=\"ez-toc-link ez-toc-heading-12\" href=\"https:\/\/quantocustaviajar.com\/blog\/roteiros-de-ate-7-dias-brasil\/#Quatro_dias_em_Florianopolis_SC\" >Quatro dias em Florian\u00f3polis (SC)<\/a><\/li><li class='ez-toc-page-1 ez-toc-heading-level-3'><a class=\"ez-toc-link ez-toc-heading-13\" href=\"https:\/\/quantocustaviajar.com\/blog\/roteiros-de-ate-7-dias-brasil\/#Um_semana_em_Boipeba_e_Morere_BA\" >Um semana em Boipeba e Morer\u00e9 (BA)<\/a><\/li><li class='ez-toc-page-1 ez-toc-heading-level-3'><a class=\"ez-toc-link ez-toc-heading-14\" href=\"https:\/\/quantocustaviajar.com\/blog\/roteiros-de-ate-7-dias-brasil\/#Um_final_de_semana_em_Campos_do_Jordao_SP\" >Um final de semana em Campos do Jord\u00e3o (SP)<\/a><\/li><\/ul><\/li><\/ul><\/nav><\/div>\n\n<h3><span class=\"ez-toc-section\" id=\"Tres_dias_em_Urubici_SC\"><\/span><strong>Tr\u00eas dias em Urubici (SC)<\/strong><span class=\"ez-toc-section-end\"><\/span><\/h3>\n<p>Terra da neve, <a href=\"https:\/\/quantocustaviajar.com\/blog\/guia-completo-de-urubici\/\">Urubici<\/a> ganha certa notoriedade quando chega o inverno, pois l\u00e1 as temperaturas costumam cair tanto que chega a ter geadas cabulosas. Acontece que o pequeno munic\u00edpio tamb\u00e9m serve de ponto de partida para conhecer algumas belezas grandiosas, como a Serra do Rio do Rastro, o Morro da Igreja, a Cachoeira V\u00e9u da Noiva, a Gruta Nossa Senhora de Lourdes e at\u00e9 um parque com pinturas rupestres. Al\u00e9m disso, tem algumas pousadinhas charmosas para voc\u00ea se refugiar p\u00f3s passeio. Partiu road trip? Se liga no <a href=\"https:\/\/quantocustaviajar.com\/blog\/roteiro-de-3-dias-em-urubici\/\" target=\"_blank\" rel=\"noopener noreferrer\">roteiro completo aqui<\/a>!<\/p>\n<figure id=\"attachment_27099\" aria-describedby=\"caption-attachment-27099\" style=\"width: 4032px\" class=\"wp-caption aligncenter\"><img loading=\"lazy\" decoding=\"async\" class=\"wp-image-27099 size-full\" src=\"https:\/\/quantocustaviajar.com\/blog\/wp-content\/uploads\/2018\/09\/serra-do-rio-do-rastro.jpg\" alt=\"\" width=\"4032\" height=\"3024\" srcset=\"https:\/\/quantocustaviajar.com\/blog\/wp-content\/uploads\/2018\/09\/serra-do-rio-do-rastro.jpg 4032w, https:\/\/quantocustaviajar.com\/blog\/wp-content\/uploads\/2018\/09\/serra-do-rio-do-rastro-300x225.jpg 300w, https:\/\/quantocustaviajar.com\/blog\/wp-content\/uploads\/2018\/09\/serra-do-rio-do-rastro-768x576.jpg 768w, https:\/\/quantocustaviajar.com\/blog\/wp-content\/uploads\/2018\/09\/serra-do-rio-do-rastro-1024x768.jpg 1024w, https:\/\/quantocustaviajar.com\/blog\/wp-content\/uploads\/2018\/09\/serra-do-rio-do-rastro-1920x1440.jpg 1920w\" sizes=\"auto, (max-width: 4032px) 100vw, 4032px\" \/><figcaption id=\"caption-attachment-27099\" class=\"wp-caption-text\">Vista do Mirante da Serra do Rio do Rastro. Foto: <a href=\"https:\/\/www.instagram.com\/andressaxavier\/\" target=\"_blank\" rel=\"noopener noreferrer\">Andressa Xavier Pellanda<\/a><\/figcaption><\/figure>\n<h3><span class=\"ez-toc-section\" id=\"Final_de_semana_em_Brotas_SP\"><\/span><strong>Final de semana em Brotas (SP)<\/strong><span class=\"ez-toc-section-end\"><\/span><\/h3>\n<p>J\u00e1 ouviu falar de Brotas? Se sim, est\u00e1 esperando o qu\u00ea pra ir? O munic\u00edpio a cerca de 250 km de S\u00e3o Paulo \u00e9 um verdadeiro playground natural, com muitos parques maravilhosos e cachoeiras deliciosas. O maior ponto positivo \u00e9 contar com uma infraestrutura de primeira, que facilita os passeios para toda a fam\u00edlia, inclusive a n\u00edveis de acessibilidade. A rede hoteleira \u00e9 t\u00e3o variada que voc\u00ea mal sabe qual hotel escolher. Entre os hot\u00e9is fazenda, h\u00e1 op\u00e7\u00f5es para todos os gostos e bolsos. E mais: tem at\u00e9 um lugar surreal por l\u00e1\u2026de \u00e1guas borbulhantes, azuis como o c\u00e9u e bem cristalinas. Para saber tudo isso e muito mais do que aprontamos por l\u00e1, <a href=\"https:\/\/quantocustaviajar.com\/blog\/roteiro-de-final-de-semana-em-brotas\/\" target=\"_blank\" rel=\"noopener noreferrer\">n\u00e3o perca esse post<\/a>.<\/p>\n<h3><span class=\"ez-toc-section\" id=\"Tres_dias_no_PETAR_Parque_Estadual_Turistico_Alto_do_Ribeira_SP\"><\/span><strong>Tr\u00eas dias no PETAR, Parque Estadual Tur\u00edstico Alto do Ribeira (SP)\u00a0<\/strong><span class=\"ez-toc-section-end\"><\/span><\/h3>\n<figure id=\"attachment_48651\" aria-describedby=\"caption-attachment-48651\" style=\"width: 1000px\" class=\"wp-caption aligncenter\"><img loading=\"lazy\" decoding=\"async\" class=\"size-full wp-image-48651\" src=\"https:\/\/quantocustaviajar.com\/blog\/wp-content\/uploads\/2021\/07\/petar.jpg\" alt=\"\" width=\"1000\" height=\"750\" srcset=\"https:\/\/quantocustaviajar.com\/blog\/wp-content\/uploads\/2021\/07\/petar.jpg 1000w, https:\/\/quantocustaviajar.com\/blog\/wp-content\/uploads\/2021\/07\/petar-300x225.jpg 300w, https:\/\/quantocustaviajar.com\/blog\/wp-content\/uploads\/2021\/07\/petar-768x576.jpg 768w\" sizes=\"auto, (max-width: 1000px) 100vw, 1000px\" \/><figcaption id=\"caption-attachment-48651\" class=\"wp-caption-text\">Imagem: Equipe QCV<\/figcaption><\/figure>\n<p>S\u00f3cio-fundadora do Quanto Custa Viajar, Amanda Santiago se mandou para o <a href=\"https:\/\/quantocustaviajar.com\/blog\/petar-parque-estadual-turistico-do-alto-ribeira\/\">PETAR<\/a> sem saber o que viria pela frente, mas voltou apaixonada. Isso porque o destino \u00e9 simplesmente fant\u00e1stico e entrega o que promete: paisagens cinematogr\u00e1ficas, cavernas misteriosas e cachoeiras bem preservadas. Dividido em n\u00facleos, o parque a 340 km de S\u00e3o Paulo e a 185 km de Curitiba conta com diversos atrativos, cada qual com suas particularidades. Al\u00e9m das hospedagens tradicionais, tamb\u00e9m conta com um glamping, um tipo de alojamento mais aconchegante do que os campings, no meio da natureza. <a href=\"https:\/\/quantocustaviajar.com\/blog\/petar-parque-estadual-turistico-do-alto-ribeira\/\" target=\"_blank\" rel=\"noopener noreferrer\">Confira o roteiro com tudo o que rolou em apenas um final de semana!<\/a><\/p>\n<h3><span class=\"ez-toc-section\" id=\"Quatro_dias_na_Floresta_Amazonica_AM\"><\/span><strong>Quatro dias na Floresta Amaz\u00f4nica (AM)<\/strong><span class=\"ez-toc-section-end\"><\/span><\/h3>\n<figure id=\"attachment_30373\" aria-describedby=\"caption-attachment-30373\" style=\"width: 750px\" class=\"wp-caption aligncenter\"><img loading=\"lazy\" decoding=\"async\" class=\"size-full wp-image-30373\" src=\"https:\/\/quantocustaviajar.com\/blog\/wp-content\/uploads\/2016\/01\/juma-lodge-floresta-amazonica.jpg\" alt=\"\" width=\"750\" height=\"1000\" srcset=\"https:\/\/quantocustaviajar.com\/blog\/wp-content\/uploads\/2016\/01\/juma-lodge-floresta-amazonica.jpg 750w, https:\/\/quantocustaviajar.com\/blog\/wp-content\/uploads\/2016\/01\/juma-lodge-floresta-amazonica-225x300.jpg 225w\" sizes=\"auto, (max-width: 750px) 100vw, 750px\" \/><figcaption id=\"caption-attachment-30373\" class=\"wp-caption-text\">Imagem: Equipe QCV<\/figcaption><\/figure>\n<p>Como n\u00e3o morrer de amores pelo Pulm\u00e3o do Mundo, n\u00e9? Em meados de julho, pegamos a mochilinha e partimos para Manaus com o intuito de passar algumas noites dentro da Floresta Amaz\u00f4nica. E mais: com direito a hospedagem num bangal\u00f4 panor\u00e2mico de frente para o rio Juma, passeios noturnos e pens\u00e3o completa, ou seja, fartura ao longo do dia todo. Al\u00e9m disso, os visitantes s\u00e3o recepcionados por uma equipe inusitada: macaquinhos, nossos conterr\u00e2neos! Fora isso, rolou visita nas cachoeiras e <a href=\"https:\/\/quantocustaviajar.com\/blog\/gruta-da-judeia\/\" target=\"_blank\" rel=\"noopener noreferrer\">grutas surreais de Presidente Figueiredo<\/a>. <a href=\"https:\/\/quantocustaviajar.com\/blog\/juma-amazon-lodge-floresta-amazonica\/\" target=\"_blank\" rel=\"noopener noreferrer\">Saiba mais sobre essa viagem aqui<\/a>!<\/p>\n<p><img loading=\"lazy\" decoding=\"async\" class=\"aligncenter wp-image-13921 size-full\" src=\"https:\/\/quantocustaviajar.com\/blog\/wp-content\/uploads\/2017\/03\/juma-lodge-1.jpg\" alt=\"\" width=\"650\" height=\"432\" srcset=\"https:\/\/quantocustaviajar.com\/blog\/wp-content\/uploads\/2017\/03\/juma-lodge-1.jpg 650w, https:\/\/quantocustaviajar.com\/blog\/wp-content\/uploads\/2017\/03\/juma-lodge-1-300x199.jpg 300w, https:\/\/quantocustaviajar.com\/blog\/wp-content\/uploads\/2017\/03\/juma-lodge-1-400x266.jpg 400w\" sizes=\"auto, (max-width: 650px) 100vw, 650px\" \/><\/p>\n<p><a href=\"https:\/\/quantocustaviajar.com\/brasil\/manaus\/passagem-aerea\" target=\"_blank\" rel=\"noopener noreferrer\"><strong>Encontre a passagem com o melhor pre\u00e7o para Manaus aqui!<\/strong><\/a><\/p>\n<h3><span class=\"ez-toc-section\" id=\"Sete_dias_acampando_no_Jalapao_TO\"><\/span><strong>Sete dias acampando no Jalap\u00e3o (TO)<\/strong><span class=\"ez-toc-section-end\"><\/span><\/h3>\n<figure id=\"attachment_23881\" aria-describedby=\"caption-attachment-23881\" style=\"width: 800px\" class=\"wp-caption aligncenter\"><img loading=\"lazy\" decoding=\"async\" class=\"size-full wp-image-23881\" src=\"https:\/\/quantocustaviajar.com\/blog\/wp-content\/uploads\/2018\/05\/jalapao_korubo9.jpg\" alt=\"\" width=\"800\" height=\"1067\" srcset=\"https:\/\/quantocustaviajar.com\/blog\/wp-content\/uploads\/2018\/05\/jalapao_korubo9.jpg 800w, https:\/\/quantocustaviajar.com\/blog\/wp-content\/uploads\/2018\/05\/jalapao_korubo9-225x300.jpg 225w, https:\/\/quantocustaviajar.com\/blog\/wp-content\/uploads\/2018\/05\/jalapao_korubo9-768x1024.jpg 768w\" sizes=\"auto, (max-width: 800px) 100vw, 800px\" \/><figcaption id=\"caption-attachment-23881\" class=\"wp-caption-text\">Foto: Equipe Quanto Custa Viajar<\/figcaption><\/figure>\n<p>Ah, Jalap\u00e3o\u2026a fama tardou, mas chegou! Cada vez mais explorado pelos brasileiros, o Parque Nacional em pleno cerrado tem &#8220;apenas&#8221; 34 mil km\u00b2, o que significa uma imensid\u00e3o de coisas para ver ou fazer. Numa viagem de sete dias e seis noites voc\u00ea consegue aproveitar muitas atra\u00e7\u00f5es, especialmente se fechar um pacote com ag\u00eancias especializadas, como n\u00f3s fizemos, assim reduz o risco de se perder e, consequentemente, perder tempo a toa. A jornada passa por cachoeiras, fervedouros, praias fluviais, pared\u00f5es verdes e as dunas maravilhosas que s\u00e3o cart\u00e3o postal do lugar. Confira o roteiro completo e os custos da viagem <a href=\"https:\/\/quantocustaviajar.com\/blog\/acampar-no-jalapao\/\" target=\"_blank\" rel=\"noopener noreferrer\">nesse post<\/a>.<\/p>\n<p><a href=\"https:\/\/quantocustaviajar.com\/brasil\/palmas\/passagem-aerea\" target=\"_blank\" rel=\"noopener noreferrer\"><strong>Pesquise aqui sua passagem a\u00e9rea para Palmas!<\/strong><\/a><\/p>\n<h2><span class=\"ez-toc-section\" id=\"Uma_semana_em_Morro_de_Sao_Paulo_BA\"><\/span><strong>Uma semana em Morro de S\u00e3o Paulo (BA)<\/strong><span class=\"ez-toc-section-end\"><\/span><\/h2>\n<figure id=\"attachment_50802\" aria-describedby=\"caption-attachment-50802\" style=\"width: 800px\" class=\"wp-caption aligncenter\"><img loading=\"lazy\" decoding=\"async\" class=\"size-full wp-image-50802\" src=\"https:\/\/quantocustaviajar.com\/blog\/wp-content\/uploads\/2021\/10\/Foto-morro-de-s\u00e3o-paulo.jpg\" alt=\"Morro de S\u00e3o Paulo visto por cima\/Foto: Wikimedia Commons\" width=\"800\" height=\"533\" srcset=\"https:\/\/quantocustaviajar.com\/blog\/wp-content\/uploads\/2021\/10\/Foto-morro-de-s\u00e3o-paulo.jpg 800w, https:\/\/quantocustaviajar.com\/blog\/wp-content\/uploads\/2021\/10\/Foto-morro-de-s\u00e3o-paulo-300x200.jpg 300w, https:\/\/quantocustaviajar.com\/blog\/wp-content\/uploads\/2021\/10\/Foto-morro-de-s\u00e3o-paulo-768x512.jpg 768w\" sizes=\"auto, (max-width: 800px) 100vw, 800px\" \/><figcaption id=\"caption-attachment-50802\" class=\"wp-caption-text\">Morro de S\u00e3o Paulo visto por cima\/Foto: Wikimedia Commons<\/figcaption><\/figure>\n<p>Al\u00f4, Salvador? Bahia tem cara de f\u00e9rias e Morro de S\u00e3o Paulo \u00e9 o lugar perfeito para curtir uma viagem r\u00e1pida dentro do estado. Atravessando o mar em cerca de duas horas de catamar\u00e3 se chega \u00e0 ensolarada ilha rodeada de <a href=\"https:\/\/quantocustaviajar.com\/blog\/destinos-para-quem-gosta-de-praias-paradisiacas\/\">praias paradis\u00edacas<\/a>, restaurantes p\u00e9 na areia, pousadas com vistas espetaculares e aquele p\u00f4r do sol inesquec\u00edvel. Para saber todos os detalhes, dicas e custos dessa <em>trip<\/em>, <a href=\"https:\/\/quantocustaviajar.com\/blog\/viagem-uma-semana-morro-de-sao-paulo\/\" target=\"_blank\" rel=\"noopener noreferrer\">se liga no roteiro<\/a>!<\/p>\n<p><a href=\"https:\/\/quantocustaviajar.com\/brasil\/salvador\" target=\"_blank\" rel=\"noopener noreferrer\"><strong>Partiu Salvador! Pesquise aqui sua passagem.<\/strong><\/a><\/p>\n<h3><span class=\"ez-toc-section\" id=\"Cinco_dias_em_Ilhabela_SP\"><\/span><strong>Cinco dias em Ilhabela (SP)<\/strong><span class=\"ez-toc-section-end\"><\/span><\/h3>\n<p>O litoral Norte de S\u00e3o Paulo reserva grandes surpresas. Uma das nossas descobertas recentes foi a bela e isolada Praia de Castelhanos, em Ilhabela. Com acesso apenas de bike, a p\u00e9 ou de jipe, o percurso at\u00e9 ela passa por 22 km de mata densa, mirantes, cachoeiras, nascentes e muito ar puro. Chegando ao local, que fica do outro lado da ilha, se v\u00ea o mar esverdeado e montanhas a perder de vista logo ao fundo. Cen\u00e1rio de filme, um col\u00edrio para os olhos. Al\u00e9m disso, voc\u00ea tamb\u00e9m pode curtir os charmes da cidade e as outras praias lindas, como Feiticeira, Saco do Eust\u00e1quio e do Curral. <a href=\"https:\/\/quantocustaviajar.com\/blog\/praia-de-castelhanos-ilhabela\/\" target=\"_blank\" rel=\"noopener noreferrer\">Veja os detalhes do nosso rol\u00ea nesse link!<\/a><\/p>\n<figure id=\"attachment_19518\" aria-describedby=\"caption-attachment-19518\" style=\"width: 650px\" class=\"wp-caption aligncenter\"><img loading=\"lazy\" decoding=\"async\" class=\"wp-image-19518 size-full\" src=\"https:\/\/quantocustaviajar.com\/blog\/wp-content\/uploads\/2017\/11\/castelhanos-ilhabela-18.jpg\" alt=\"\" width=\"650\" height=\"366\" srcset=\"https:\/\/quantocustaviajar.com\/blog\/wp-content\/uploads\/2017\/11\/castelhanos-ilhabela-18.jpg 650w, https:\/\/quantocustaviajar.com\/blog\/wp-content\/uploads\/2017\/11\/castelhanos-ilhabela-18-300x169.jpg 300w, https:\/\/quantocustaviajar.com\/blog\/wp-content\/uploads\/2017\/11\/castelhanos-ilhabela-18-400x225.jpg 400w\" sizes=\"auto, (max-width: 650px) 100vw, 650px\" \/><figcaption id=\"caption-attachment-19518\" class=\"wp-caption-text\">Foto: <a href=\"https:\/\/facebook.com\/brunellapfvr\" target=\"_blank\" rel=\"noopener noreferrer\">Brunella Nunes<\/a><\/figcaption><\/figure>\n<h3><span class=\"ez-toc-section\" id=\"Cinco_dias_em_Arraial_DAjuda_e_Trancoso_BA\"><\/span><strong>Cinco dias em Arraial D&#8217;Ajuda e Trancoso (BA)<\/strong><span class=\"ez-toc-section-end\"><\/span><\/h3>\n<p><em><strong>op\u00e7\u00e3o: adicionar mais tr\u00eas dias para ir at\u00e9 <a href=\"https:\/\/quantocustaviajar.com\/blog\/caraiva-sul-da-bahia\/\">Cara\u00edva<\/a><\/strong><\/em><\/p>\n<p>Olha ela a\u00ed de novo. A Bahia n\u00e3o sai dos nossos cora\u00e7\u00f5es! Quem vai at\u00e9 Porto Seguro simplesmente precisa pegar 15 minutinhos de balsa e esticar o rol\u00ea at\u00e9 Arraial D&#8217;Ajuda. O vilarejo tem praias lindas, bastante infraestrutura (considerando um lugar pequeno) e aquela hospitalidade baiana sensacional. \u00c9 \u00f3timo para descansar.<\/p>\n<figure id=\"attachment_20314\" aria-describedby=\"caption-attachment-20314\" style=\"width: 650px\" class=\"wp-caption aligncenter\"><img loading=\"lazy\" decoding=\"async\" class=\"wp-image-20314 size-full\" src=\"https:\/\/quantocustaviajar.com\/blog\/wp-content\/uploads\/2018\/01\/onde-ir-trancoso-10.jpg\" alt=\"\" width=\"650\" height=\"488\" srcset=\"https:\/\/quantocustaviajar.com\/blog\/wp-content\/uploads\/2018\/01\/onde-ir-trancoso-10.jpg 650w, https:\/\/quantocustaviajar.com\/blog\/wp-content\/uploads\/2018\/01\/onde-ir-trancoso-10-300x225.jpg 300w, https:\/\/quantocustaviajar.com\/blog\/wp-content\/uploads\/2018\/01\/onde-ir-trancoso-10-400x300.jpg 400w\" sizes=\"auto, (max-width: 650px) 100vw, 650px\" \/><figcaption id=\"caption-attachment-20314\" class=\"wp-caption-text\">Foto: <a href=\"https:\/\/facebook.com\/brunellapfvr\" target=\"_blank\" rel=\"noopener noreferrer\">Brunella Nunes<\/a><\/figcaption><\/figure>\n<p>Se estiver de carro, estique ainda mais <a href=\"https:\/\/quantocustaviajar.com\/blog\/conheca-trancoso\/\" target=\"_blank\" rel=\"noopener noreferrer\">rumo a Trancoso<\/a>, que at\u00e9 ser descoberto por celebridades e empres\u00e1rios espert\u00edssimos, era passeio de hippies. O centrinho tur\u00edstico, chamado de Quadrado, \u00e9 super fofo, os hot\u00e9is s\u00e3o de revista, as praias s\u00e3o bonitas, limpas e contam com clubes que trazem mais badala\u00e7\u00e3o ainda para o destino.<\/p>\n<p>No lado oposto, temos Cara\u00edva, vila de pescadores que, embora tenha ganhado certa fama, ainda preserva suas principais caracter\u00edsticas. Apesar de cara, \u00e9 mais r\u00fastica, n\u00e3o entra carros (voc\u00ea estaciona antes de atravessar o rio) e simplesmente faz a gente n\u00e3o querer voltar pra casa. N\u00e3o recomendo poucos dias para ir at\u00e9 Cara\u00edva porque a viagem \u00e9 mais longa e a estrada meio chatinha.\u00a0<a href=\"https:\/\/quantocustaviajar.com\/blog\/caraiva-sul-da-bahia\/\" target=\"_blank\" rel=\"noopener noreferrer\">Saiba mais sobre essa viagem inesquec\u00edvel aqui!<\/a><\/p>\n<figure id=\"attachment_16169\" aria-describedby=\"caption-attachment-16169\" style=\"width: 650px\" class=\"wp-caption alignnone\"><img loading=\"lazy\" decoding=\"async\" class=\"wp-image-16169 size-full\" src=\"https:\/\/quantocustaviajar.com\/blog\/wp-content\/uploads\/2017\/05\/caraiva-8.jpg\" alt=\"\" width=\"650\" height=\"488\" srcset=\"https:\/\/quantocustaviajar.com\/blog\/wp-content\/uploads\/2017\/05\/caraiva-8.jpg 650w, https:\/\/quantocustaviajar.com\/blog\/wp-content\/uploads\/2017\/05\/caraiva-8-300x225.jpg 300w, https:\/\/quantocustaviajar.com\/blog\/wp-content\/uploads\/2017\/05\/caraiva-8-400x300.jpg 400w\" sizes=\"auto, (max-width: 650px) 100vw, 650px\" \/><figcaption id=\"caption-attachment-16169\" class=\"wp-caption-text\">Foto: <a href=\"https:\/\/facebook.com\/brunellapfvr\" target=\"_blank\" rel=\"noopener noreferrer\">Brunella Nunes<\/a><\/figcaption><\/figure>\n<p><a href=\"https:\/\/quantocustaviajar.com\/brasil\/porto-seguro\/passagem-aerea\" target=\"_blank\" rel=\"noopener noreferrer\"><strong>Encontre aqui a passagem a\u00e9rea para Porto Seguro!<\/strong><\/a><\/p>\n<h3><span class=\"ez-toc-section\" id=\"Uma_semana_em_Paraty_RJ\"><\/span><strong>Uma semana em Paraty (RJ)<\/strong><span class=\"ez-toc-section-end\"><\/span><\/h3>\n<p>Pertinho de S\u00e3o Paulo, ali na divisa com o Rio de Janeiro, existe uma cidade que se inspirou na portuguesa A\u00e7ores para crescer. Paraty \u00e9 dona de um charme \u00fanico e tem belezas naturais pra ningu\u00e9m botar defeito. O centro antigo tem ruas de pedra, casas e com\u00e9rcios em edif\u00edcios coloniais, al\u00e9m de igrejas que resistem ao tempo. \u00c9 um lugar para caminhadas tranquilas, contempla\u00e7\u00e3o, passeios de barco, contato com povos ind\u00edgenas, banho de mar e cachoeira. Entre cinco e sete dias voc\u00ea consegue aproveitar tudo isso no sossego!<\/p>\n<figure id=\"attachment_30049\" aria-describedby=\"caption-attachment-30049\" style=\"width: 700px\" class=\"wp-caption aligncenter\"><img loading=\"lazy\" decoding=\"async\" class=\"wp-image-30049 size-full\" src=\"https:\/\/quantocustaviajar.com\/blog\/wp-content\/uploads\/2018\/12\/roteiros-de-sete-dias-6.jpg\" alt=\"\" width=\"700\" height=\"525\" srcset=\"https:\/\/quantocustaviajar.com\/blog\/wp-content\/uploads\/2018\/12\/roteiros-de-sete-dias-6.jpg 700w, https:\/\/quantocustaviajar.com\/blog\/wp-content\/uploads\/2018\/12\/roteiros-de-sete-dias-6-300x225.jpg 300w\" sizes=\"auto, (max-width: 700px) 100vw, 700px\" \/><figcaption id=\"caption-attachment-30049\" class=\"wp-caption-text\">Foto: <a href=\"https:\/\/facebook.com\/brunellapfvr\" target=\"_blank\" rel=\"noopener noreferrer\">Brunella Nunes<\/a><\/figcaption><\/figure>\n<h3><span class=\"ez-toc-section\" id=\"Cinco_dias_em_Belo_Horizonte_e_Inhotim_MG\"><\/span><strong>Cinco dias em Belo Horizonte e Inhotim (MG)<\/strong><span class=\"ez-toc-section-end\"><\/span><\/h3>\n<p><a href=\"https:\/\/quantocustaviajar.com\/blog\/cidades-legais-para-viajar-em-minas-gerais\/\">Minas Gerais<\/a> tem muitos encantos, mas se voc\u00ea ainda n\u00e3o conhece, comece pela capital. Pegue <a href=\"https:\/\/quantocustaviajar.com\/blog\/o-que-fazer-em-belo-horizonte-em-24-horas\/\" target=\"_blank\" rel=\"noopener noreferrer\">dois dias para explorar Belo Horizonte<\/a> (B\u00eaag\u00e1, para os \u00edntimos), que tem muitos centros culturais, bares abra\u00e7ados pela alma bo\u00eamia, bons restaurantes e edif\u00edcios hist\u00f3ricos lindos. Depois, siga rumo a <a href=\"https:\/\/quantocustaviajar.com\/blog\/brumadinho-inhotim\/\" target=\"_blank\" rel=\"noopener noreferrer\"><strong>Brumadinho<\/strong><\/a>, pequena cidade que abriga o Instituto <a href=\"https:\/\/quantocustaviajar.com\/blog\/o-que-conhecer-no-instituto-inhotim\/\">Inhotim<\/a> (<a href=\"https:\/\/quantocustaviajar.com\/blog\/o-que-conhecer-no-instituto-inhotim\/\" target=\"_blank\" rel=\"noopener noreferrer\">veja nosso roteiro pelas galerias!<\/a>), maior museu de arte contempor\u00e2nea a c\u00e9u aberto do Brasil, com jardins impec\u00e1veis e pavilh\u00f5es dedicados a diversos artistas. Col\u00edrio para os olhos e alimento para o c\u00e9rebro. Para conhec\u00ea-lo de forma integral \u00e9 recomendado dois dias. Reserve o quinto dia para conhecer outras coisas em <a href=\"https:\/\/quantocustaviajar.com\/blog\/brumadinho-inhotim\/\">Brumadinho<\/a>, como mirantes, cachoeiras e o delicioso <a href=\"https:\/\/quantocustaviajar.com\/blog\/ponto-ge-restaurante-brumadinho\/\" target=\"_blank\" rel=\"noopener noreferrer\">restaurante Ponto G\u00ea<\/a>.<\/p>\n<figure id=\"attachment_22967\" aria-describedby=\"caption-attachment-22967\" style=\"width: 830px\" class=\"wp-caption aligncenter\"><img loading=\"lazy\" decoding=\"async\" class=\"wp-image-22967 size-full\" src=\"https:\/\/quantocustaviajar.com\/blog\/wp-content\/uploads\/2018\/04\/museu-inhotim-7.jpg\" alt=\"\" width=\"830\" height=\"623\" srcset=\"https:\/\/quantocustaviajar.com\/blog\/wp-content\/uploads\/2018\/04\/museu-inhotim-7.jpg 830w, https:\/\/quantocustaviajar.com\/blog\/wp-content\/uploads\/2018\/04\/museu-inhotim-7-300x225.jpg 300w, https:\/\/quantocustaviajar.com\/blog\/wp-content\/uploads\/2018\/04\/museu-inhotim-7-768x576.jpg 768w\" sizes=\"auto, (max-width: 830px) 100vw, 830px\" \/><figcaption id=\"caption-attachment-22967\" class=\"wp-caption-text\">Foto: <a href=\"https:\/\/facebook.com\/brunellapfvr\" target=\"_blank\" rel=\"noopener noreferrer\">Brunella Nunes<\/a><\/figcaption><\/figure>\n<p><a href=\"https:\/\/quantocustaviajar.com\/brasil\/belo-horizonte\/passagem-aerea\" target=\"_blank\" rel=\"noopener noreferrer\"><strong>Passagem a\u00e9rea para BH voc\u00ea encontra aqui!<\/strong><\/a><\/p>\n<h3><span class=\"ez-toc-section\" id=\"Quatro_dias_em_Ubatuba_SP\"><\/span><strong>Quatro dias em Ubatuba (SP)<\/strong><span class=\"ez-toc-section-end\"><\/span><\/h3>\n<p>Mais uma op\u00e7\u00e3o para quem vai at\u00e9 o Litoral Norte paulista. A cerca de tr\u00eas horas da capital, Ubatuba tem uma por\u00e7\u00e3o de praias, embora pouca gente realmente conhe\u00e7a todas. Dif\u00edcil \u00e9 encontrar uma feia e o mais legal \u00e9 que todas tem um visual diferente. Entre as favoritas da equipe est\u00e1 a Praia do Cedro, pequenina, cercada pela vegeta\u00e7\u00e3o e com um mar lind\u00e3o; e a Praia da Justa, onde voc\u00ea pode ficar &#8220;de boa na lagoa&#8221; olhando os morros ao redor, porque a \u00e1gua tem pouco movimento. Se tiver mais tempo, vai at\u00e9 Paraty que \u00e9 pertinho! <a href=\"https:\/\/quantocustaviajar.com\/blog\/praias-imperdiveis-em-ubatuba\/\" target=\"_blank\" rel=\"noopener noreferrer\">Veja nosso roteiro aqui<\/a>!<\/p>\n<figure id=\"attachment_16261\" aria-describedby=\"caption-attachment-16261\" style=\"width: 650px\" class=\"wp-caption aligncenter\"><img loading=\"lazy\" decoding=\"async\" class=\"wp-image-16261 size-full\" src=\"https:\/\/quantocustaviajar.com\/blog\/wp-content\/uploads\/2017\/06\/praia-do-cedro-1.jpg\" alt=\"\" width=\"650\" height=\"488\" srcset=\"https:\/\/quantocustaviajar.com\/blog\/wp-content\/uploads\/2017\/06\/praia-do-cedro-1.jpg 650w, https:\/\/quantocustaviajar.com\/blog\/wp-content\/uploads\/2017\/06\/praia-do-cedro-1-300x225.jpg 300w, https:\/\/quantocustaviajar.com\/blog\/wp-content\/uploads\/2017\/06\/praia-do-cedro-1-400x300.jpg 400w\" sizes=\"auto, (max-width: 650px) 100vw, 650px\" \/><figcaption id=\"caption-attachment-16261\" class=\"wp-caption-text\">Foto: <a href=\"https:\/\/facebook.com\/brunellapfvr\" target=\"_blank\" rel=\"noopener noreferrer\">Brunella Nunes<\/a><\/figcaption><\/figure>\n<h3><span class=\"ez-toc-section\" id=\"Quatro_dias_em_Florianopolis_SC\"><\/span><strong>Quatro dias em Florian\u00f3polis (SC)<\/strong><span class=\"ez-toc-section-end\"><\/span><\/h3>\n<p>Ah, Floripa, a ilha da magia! E o melhor: voc\u00ea consegue aproveit\u00e1-la em poucos dias. Claro que o ideal para conhecer as mais de 40 praias da costa s\u00e3o uns tr\u00eas meses sab\u00e1ticos, mas somos reles mortais. Sendo assim, pegue um feriadinho prolongado ou at\u00e9 mesmo um final de semana (dependendo do tempo de voo&#8230;) e siga para as dunas da Joaquina, a sossegada Campeche, as ondas da praia Mole, a naturista Galheta e a escondida Matadeiro. Isso s\u00f3 para citar algumas a incluir no seu roteiro. Tamb\u00e9m vale ficar de bobeira na Lagoa da Concei\u00e7\u00e3o e <a href=\"https:\/\/quantocustaviajar.com\/blog\/pedaco-de-portugal-em-florianopolis\/\" target=\"_blank\" rel=\"noopener noreferrer\">passear num lugar bem peculiar, que lembra Portugal<\/a>.<\/p>\n<p><a href=\"https:\/\/quantocustaviajar.com\/blog\/guia-de-florianopolis\/\" target=\"_blank\" rel=\"noopener noreferrer\">Confira o guia complet\u00e3o nesse link!<\/a><\/p>\n<figure id=\"attachment_30052\" aria-describedby=\"caption-attachment-30052\" style=\"width: 700px\" class=\"wp-caption aligncenter\"><img loading=\"lazy\" decoding=\"async\" class=\"wp-image-30052 size-full\" src=\"https:\/\/quantocustaviajar.com\/blog\/wp-content\/uploads\/2018\/12\/roteiros-de-sete-dias-5.jpg\" alt=\"\" width=\"700\" height=\"525\" srcset=\"https:\/\/quantocustaviajar.com\/blog\/wp-content\/uploads\/2018\/12\/roteiros-de-sete-dias-5.jpg 700w, https:\/\/quantocustaviajar.com\/blog\/wp-content\/uploads\/2018\/12\/roteiros-de-sete-dias-5-300x225.jpg 300w\" sizes=\"auto, (max-width: 700px) 100vw, 700px\" \/><figcaption id=\"caption-attachment-30052\" class=\"wp-caption-text\">Foto: <a href=\"https:\/\/facebook.com\/brunellapfvr\" target=\"_blank\" rel=\"noopener noreferrer\">Brunella Nunes<\/a><\/figcaption><\/figure>\n<h3><span class=\"ez-toc-section\" id=\"Um_semana_em_Boipeba_e_Morere_BA\"><\/span><strong>Um semana em Boipeba e Morer\u00e9 (BA)<\/strong><span class=\"ez-toc-section-end\"><\/span><\/h3>\n<p>Ent\u00e3o\u2026sabe a Bahia? Olha ela aqui de novo! \u00c9 ch\u00e3o que n\u00e3o acaba mais pra explorar no Nordeste! Quem conseguir uma semana de folga precisa pegar o pr\u00f3ximo voo rumo a Salvador e se preparar para uma jornada de cinco a seis horas rumo a <a href=\"https:\/\/quantocustaviajar.com\/blog\/boipeba-a-ilha-paradisiaca-na-bahia\/\">Boipeba<\/a>. Mas olha, vale a pena, especialmente se voc\u00ea quiser se isolar do mundo todo. A ilha no munic\u00edpio de Cairu tem praias desertas rodeadas por coqueirais, pousadas incr\u00edveis e pequenos com\u00e9rcios super charmosos, tanto de gringos que n\u00e3o quiseram ir embora como de locais.<\/p>\n<figure id=\"attachment_30050\" aria-describedby=\"caption-attachment-30050\" style=\"width: 700px\" class=\"wp-caption aligncenter\"><img loading=\"lazy\" decoding=\"async\" class=\"wp-image-30050 size-full\" src=\"https:\/\/quantocustaviajar.com\/blog\/wp-content\/uploads\/2018\/12\/roteiros-de-sete-dias.jpg\" alt=\"\" width=\"700\" height=\"394\" srcset=\"https:\/\/quantocustaviajar.com\/blog\/wp-content\/uploads\/2018\/12\/roteiros-de-sete-dias.jpg 700w, https:\/\/quantocustaviajar.com\/blog\/wp-content\/uploads\/2018\/12\/roteiros-de-sete-dias-300x169.jpg 300w\" sizes=\"auto, (max-width: 700px) 100vw, 700px\" \/><figcaption id=\"caption-attachment-30050\" class=\"wp-caption-text\">Foto: <a href=\"https:\/\/facebook.com\/brunellapfvr\" target=\"_blank\" rel=\"noopener noreferrer\">Brunella Nunes<\/a><\/figcaption><\/figure>\n<p>Do ladinho est\u00e1 <strong>Morer\u00e9<\/strong>, outra maravilha baiana, conhecida pelas piscinas naturais que se formam em mar\u00e9 baixa. Mas n\u00e3o se limite a isso, visite a Cova da On\u00e7a, fa\u00e7a um passeio de barco no mangue e fique hospedado na maravilhosa <a href=\"https:\/\/www.booking.com\/hotel\/br\/eco-pousada-casa-boba.pt-br.html\" target=\"_blank\" rel=\"noopener noreferrer\"><strong>Casa Bob\u00f4<\/strong><\/a>, onde voc\u00ea \u00e9 tratado que nem realeza por um casal super gente boa!<\/p>\n<figure id=\"attachment_30051\" aria-describedby=\"caption-attachment-30051\" style=\"width: 700px\" class=\"wp-caption aligncenter\"><img loading=\"lazy\" decoding=\"async\" class=\"wp-image-30051 size-full\" src=\"https:\/\/quantocustaviajar.com\/blog\/wp-content\/uploads\/2018\/12\/roteiros-de-sete-dias-2.jpg\" alt=\"\" width=\"700\" height=\"525\" srcset=\"https:\/\/quantocustaviajar.com\/blog\/wp-content\/uploads\/2018\/12\/roteiros-de-sete-dias-2.jpg 700w, https:\/\/quantocustaviajar.com\/blog\/wp-content\/uploads\/2018\/12\/roteiros-de-sete-dias-2-300x225.jpg 300w\" sizes=\"auto, (max-width: 700px) 100vw, 700px\" \/><figcaption id=\"caption-attachment-30051\" class=\"wp-caption-text\">Foto: <a href=\"https:\/\/facebook.com\/brunellapfvr\" target=\"_blank\" rel=\"noopener noreferrer\">Brunella Nunes<\/a><\/figcaption><\/figure>\n<h3><span class=\"ez-toc-section\" id=\"Um_final_de_semana_em_Campos_do_Jordao_SP\"><\/span><strong>Um final de semana em Campos do Jord\u00e3o (SP)<\/strong><span class=\"ez-toc-section-end\"><\/span><\/h3>\n<p>Campos do Jord\u00e3o \u00e9 um dos destinos mais falados de S\u00e3o Paulo, especialmente no inverno. No alto das colinas, a cidade tem arquitetura inspirada nas t\u00edpicas casinhas alem\u00e3s, \u00e9 rodeada de verde, bons restaurantes e lojas caras. Tudo muito lindinho. Por\u00e9m, mais lindo ainda \u00e9 sair do miolo central e explorar as maravilhas naturais da regi\u00e3o. Confesso que me surpreendeu muito descobrir que tantas coisas incr\u00edveis &#8220;se escondem&#8221; em Campos. <a href=\"https:\/\/quantocustaviajar.com\/blog\/atrativos-naturais-de-campos-do-jordao\/\" target=\"_blank\" rel=\"noopener noreferrer\">Clica aqui para saber os lugares que voc\u00ea N\u00c3O PODE perder por l\u00e1!<\/a><\/p>\n<figure id=\"attachment_20246\" aria-describedby=\"caption-attachment-20246\" style=\"width: 650px\" class=\"wp-caption aligncenter\"><img loading=\"lazy\" decoding=\"async\" class=\"wp-image-20246 size-full\" src=\"https:\/\/quantocustaviajar.com\/blog\/wp-content\/uploads\/2017\/12\/natureza-campos-do-jordao-7.jpg\" alt=\"\" width=\"650\" height=\"433\" srcset=\"https:\/\/quantocustaviajar.com\/blog\/wp-content\/uploads\/2017\/12\/natureza-campos-do-jordao-7.jpg 650w, https:\/\/quantocustaviajar.com\/blog\/wp-content\/uploads\/2017\/12\/natureza-campos-do-jordao-7-300x200.jpg 300w, https:\/\/quantocustaviajar.com\/blog\/wp-content\/uploads\/2017\/12\/natureza-campos-do-jordao-7-400x266.jpg 400w\" sizes=\"auto, (max-width: 650px) 100vw, 650px\" \/><figcaption id=\"caption-attachment-20246\" class=\"wp-caption-text\">Foto: <a href=\"https:\/\/facebook.com\/brunellapfvr\" target=\"_blank\" rel=\"noopener noreferrer\">Brunella Nunes<\/a><\/figcaption><\/figure>\n<p>Muitos desses passeios voc\u00ea vai precisar de carro,<a href=\"https:\/\/www.rentcars.com\/?requestorid=52\" target=\"_blank\" rel=\"noopener noreferrer\"><strong> alugue online o seu e partiu curtir o Brasil!<\/strong><\/a><\/p>\n<p>https:\/\/quantocustaviajar.com\/blog\/lugares-baratos-para-viajar-no-final-do-ano\/<\/p>\n","protected":false},"excerpt":{"rendered":"<p>A equipe do Quanto Custa Viajar sempre que pode coloca as asinhas de fora e sai para explorar o lindo pa\u00eds onde nascemos. Narrando as nossas aventuras aqui no blog, resolvemos fazer um &#8220;tudo junto &amp; misturado&#8221; para te ajudar a decidir os pr\u00f3ximos dias em que tiver um breve descanso. Confira os roteiros de [&hellip;]<\/p>\n","protected":false},"author":9,"featured_media":27164,"comment_status":"open","ping_status":"open","sticky":false,"template":"","format":"standard","meta":{"cybocfi_hide_featured_image":"","footnotes":""},"categories":[1437,1436,1434],"tags":[1485,266,487,1023,111,181,124,469,764],"class_list":["post-29988","post","type-post","status-publish","format-standard","has-post-thumbnail","hentry","category-ao-ar-livre","category-artes-cultura-diversao","category-descubra-brasil","tag-americadosul","tag-brasil","tag-cachoeiras","tag-final-de-semana","tag-natureza","tag-praias","tag-roteiro","tag-viagem-curta","tag-viagem-de-carro"],"blocksy_meta":[],"yoast_head":"<!-- This site is optimized with the Yoast SEO plugin v26.3 - https:\/\/yoast.com\/wordpress\/plugins\/seo\/ -->\n<title>Roteiros de at\u00e9 7 dias para curtir a natureza no Brasil - Blog Quanto Custa Viajar<\/title>\n<meta name=\"robots\" content=\"index, follow, max-snippet:-1, max-image-preview:large, max-video-preview:-1\" \/>\n<link rel=\"canonical\" href=\"https:\/\/quantocustaviajar.com\/blog\/roteiros-de-ate-7-dias-brasil\/\" \/>\n<meta property=\"og:locale\" content=\"pt_BR\" \/>\n<meta property=\"og:type\" content=\"article\" \/>\n<meta property=\"og:title\" content=\"Roteiros de at\u00e9 7 dias para curtir a natureza no Brasil - Blog Quanto Custa Viajar\" \/>\n<meta property=\"og:description\" content=\"A equipe do Quanto Custa Viajar sempre que pode coloca as asinhas de fora e sai para explorar o lindo pa\u00eds onde nascemos. Narrando as nossas aventuras aqui no blog, resolvemos fazer um &#8220;tudo junto &amp; misturado&#8221; para te ajudar a decidir os pr\u00f3ximos dias em que tiver um breve descanso. Confira os roteiros de [&hellip;]\" \/>\n<meta property=\"og:url\" content=\"https:\/\/quantocustaviajar.com\/blog\/roteiros-de-ate-7-dias-brasil\/\" \/>\n<meta property=\"og:site_name\" content=\"Blog Quanto Custa Viajar\" \/>\n<meta property=\"article:publisher\" content=\"https:\/\/www.facebook.com\/quantocustaviajar\" \/>\n<meta property=\"article:published_time\" content=\"2018-12-14T11:35:10+00:00\" \/>\n<meta property=\"article:modified_time\" content=\"2024-10-01T13:12:00+00:00\" \/>\n<meta property=\"og:image\" content=\"https:\/\/quantocustaviajar.com\/blog\/wp-content\/uploads\/2018\/09\/descendo-a-serra-do-rio-do-rastro-2.jpg\" \/>\n\t<meta property=\"og:image:width\" content=\"1080\" \/>\n\t<meta property=\"og:image:height\" content=\"810\" \/>\n\t<meta property=\"og:image:type\" content=\"image\/jpeg\" \/>\n<meta name=\"author\" content=\"Reda\u00e7\u00e3o QCV\" \/>\n<meta name=\"twitter:card\" content=\"summary_large_image\" \/>\n<meta name=\"twitter:label1\" content=\"Escrito por\" \/>\n\t<meta name=\"twitter:data1\" content=\"Reda\u00e7\u00e3o QCV\" \/>\n\t<meta name=\"twitter:label2\" content=\"Est. tempo de leitura\" \/>\n\t<meta name=\"twitter:data2\" content=\"14 minutos\" \/>\n<!-- \/ Yoast SEO plugin. -->","yoast_head_json":{"title":"Roteiros de at\u00e9 7 dias para curtir a natureza no Brasil - Blog Quanto Custa Viajar","robots":{"index":"index","follow":"follow","max-snippet":"max-snippet:-1","max-image-preview":"max-image-preview:large","max-video-preview":"max-video-preview:-1"},"canonical":"https:\/\/quantocustaviajar.com\/blog\/roteiros-de-ate-7-dias-brasil\/","og_locale":"pt_BR","og_type":"article","og_title":"Roteiros de at\u00e9 7 dias para curtir a natureza no Brasil - Blog Quanto Custa Viajar","og_description":"A equipe do Quanto Custa Viajar sempre que pode coloca as asinhas de fora e sai para explorar o lindo pa\u00eds onde nascemos. Narrando as nossas aventuras aqui no blog, resolvemos fazer um &#8220;tudo junto &amp; misturado&#8221; para te ajudar a decidir os pr\u00f3ximos dias em que tiver um breve descanso. Confira os roteiros de [&hellip;]","og_url":"https:\/\/quantocustaviajar.com\/blog\/roteiros-de-ate-7-dias-brasil\/","og_site_name":"Blog Quanto Custa Viajar","article_publisher":"https:\/\/www.facebook.com\/quantocustaviajar","article_published_time":"2018-12-14T11:35:10+00:00","article_modified_time":"2024-10-01T13:12:00+00:00","og_image":[{"width":1080,"height":810,"url":"https:\/\/quantocustaviajar.com\/blog\/wp-content\/uploads\/2018\/09\/descendo-a-serra-do-rio-do-rastro-2.jpg","type":"image\/jpeg"}],"author":"Reda\u00e7\u00e3o QCV","twitter_card":"summary_large_image","twitter_misc":{"Escrito por":"Reda\u00e7\u00e3o QCV","Est. tempo de leitura":"14 minutos"},"schema":{"@context":"https:\/\/schema.org","@graph":[{"@type":["Article","BlogPosting"],"@id":"https:\/\/quantocustaviajar.com\/blog\/roteiros-de-ate-7-dias-brasil\/#article","isPartOf":{"@id":"https:\/\/quantocustaviajar.com\/blog\/roteiros-de-ate-7-dias-brasil\/"},"author":{"name":"Reda\u00e7\u00e3o QCV","@id":"https:\/\/quantocustaviajar.com\/blog\/#\/schema\/person\/b99c49b1272e2104cc84a5a84122b751"},"headline":"Roteiros de at\u00e9 7 dias para curtir a natureza no Brasil","datePublished":"2018-12-14T11:35:10+00:00","dateModified":"2024-10-01T13:12:00+00:00","mainEntityOfPage":{"@id":"https:\/\/quantocustaviajar.com\/blog\/roteiros-de-ate-7-dias-brasil\/"},"wordCount":2036,"commentCount":3,"publisher":{"@id":"https:\/\/quantocustaviajar.com\/blog\/#organization"},"image":{"@id":"https:\/\/quantocustaviajar.com\/blog\/roteiros-de-ate-7-dias-brasil\/#primaryimage"},"thumbnailUrl":"https:\/\/quantocustaviajar.com\/blog\/wp-content\/uploads\/2018\/09\/descendo-a-serra-do-rio-do-rastro-2.jpg","keywords":["americadosul","Brasil","cachoeiras","final de semana","natureza","praias","roteiro","viagem curta","viagem de carro"],"articleSection":["Ao Ar Livre","Artes, Cultura &amp; Divers\u00e3o","Descubra o Brasil"],"inLanguage":"pt-BR","potentialAction":[{"@type":"CommentAction","name":"Comment","target":["https:\/\/quantocustaviajar.com\/blog\/roteiros-de-ate-7-dias-brasil\/#respond"]}]},{"@type":"WebPage","@id":"https:\/\/quantocustaviajar.com\/blog\/roteiros-de-ate-7-dias-brasil\/","url":"https:\/\/quantocustaviajar.com\/blog\/roteiros-de-ate-7-dias-brasil\/","name":"Roteiros de at\u00e9 7 dias para curtir a natureza no Brasil - Blog Quanto Custa Viajar","isPartOf":{"@id":"https:\/\/quantocustaviajar.com\/blog\/#website"},"primaryImageOfPage":{"@id":"https:\/\/quantocustaviajar.com\/blog\/roteiros-de-ate-7-dias-brasil\/#primaryimage"},"image":{"@id":"https:\/\/quantocustaviajar.com\/blog\/roteiros-de-ate-7-dias-brasil\/#primaryimage"},"thumbnailUrl":"https:\/\/quantocustaviajar.com\/blog\/wp-content\/uploads\/2018\/09\/descendo-a-serra-do-rio-do-rastro-2.jpg","datePublished":"2018-12-14T11:35:10+00:00","dateModified":"2024-10-01T13:12:00+00:00","breadcrumb":{"@id":"https:\/\/quantocustaviajar.com\/blog\/roteiros-de-ate-7-dias-brasil\/#breadcrumb"},"inLanguage":"pt-BR","potentialAction":[{"@type":"ReadAction","target":["https:\/\/quantocustaviajar.com\/blog\/roteiros-de-ate-7-dias-brasil\/"]}]},{"@type":"ImageObject","inLanguage":"pt-BR","@id":"https:\/\/quantocustaviajar.com\/blog\/roteiros-de-ate-7-dias-brasil\/#primaryimage","url":"https:\/\/quantocustaviajar.com\/blog\/wp-content\/uploads\/2018\/09\/descendo-a-serra-do-rio-do-rastro-2.jpg","contentUrl":"https:\/\/quantocustaviajar.com\/blog\/wp-content\/uploads\/2018\/09\/descendo-a-serra-do-rio-do-rastro-2.jpg","width":1080,"height":810,"caption":"Velocidade reduzida na serra. Foto: Andressa Xavier Pellanda"},{"@type":"BreadcrumbList","@id":"https:\/\/quantocustaviajar.com\/blog\/roteiros-de-ate-7-dias-brasil\/#breadcrumb","itemListElement":[{"@type":"ListItem","position":1,"name":"In\u00edcio","item":"https:\/\/quantocustaviajar.com\/blog\/"},{"@type":"ListItem","position":2,"name":"Roteiros de at\u00e9 7 dias para curtir a natureza no Brasil"}]},{"@type":"WebSite","@id":"https:\/\/quantocustaviajar.com\/blog\/#website","url":"https:\/\/quantocustaviajar.com\/blog\/","name":"Blog Quanto Custa Viajar","description":"","publisher":{"@id":"https:\/\/quantocustaviajar.com\/blog\/#organization"},"potentialAction":[{"@type":"SearchAction","target":{"@type":"EntryPoint","urlTemplate":"https:\/\/quantocustaviajar.com\/blog\/?s={search_term_string}"},"query-input":{"@type":"PropertyValueSpecification","valueRequired":true,"valueName":"search_term_string"}}],"inLanguage":"pt-BR"},{"@type":"Organization","@id":"https:\/\/quantocustaviajar.com\/blog\/#organization","name":"Quanto Custa Viajar","url":"https:\/\/quantocustaviajar.com\/blog\/","logo":{"@type":"ImageObject","inLanguage":"pt-BR","@id":"https:\/\/quantocustaviajar.com\/blog\/#\/schema\/logo\/image\/","url":"","contentUrl":"","caption":"Quanto Custa Viajar"},"image":{"@id":"https:\/\/quantocustaviajar.com\/blog\/#\/schema\/logo\/image\/"},"sameAs":["https:\/\/www.facebook.com\/quantocustaviajar"]},{"@type":"Person","@id":"https:\/\/quantocustaviajar.com\/blog\/#\/schema\/person\/b99c49b1272e2104cc84a5a84122b751","name":"Reda\u00e7\u00e3o QCV","image":{"@type":"ImageObject","inLanguage":"pt-BR","@id":"https:\/\/quantocustaviajar.com\/blog\/#\/schema\/person\/image\/","url":"https:\/\/secure.gravatar.com\/avatar\/e7b47d7a4633897697c32e0a2a1ad3abd9ca142ad0d9b7897241c6115247561b?s=96&d=mm&r=g","contentUrl":"https:\/\/secure.gravatar.com\/avatar\/e7b47d7a4633897697c32e0a2a1ad3abd9ca142ad0d9b7897241c6115247561b?s=96&d=mm&r=g","caption":"Reda\u00e7\u00e3o QCV"},"url":"https:\/\/quantocustaviajar.com\/blog\/author\/redacao\/"}]}},"_links":{"self":[{"href":"https:\/\/quantocustaviajar.com\/blog\/wp-json\/wp\/v2\/posts\/29988","targetHints":{"allow":["GET"]}}],"collection":[{"href":"https:\/\/quantocustaviajar.com\/blog\/wp-json\/wp\/v2\/posts"}],"about":[{"href":"https:\/\/quantocustaviajar.com\/blog\/wp-json\/wp\/v2\/types\/post"}],"author":[{"embeddable":true,"href":"https:\/\/quantocustaviajar.com\/blog\/wp-json\/wp\/v2\/users\/9"}],"replies":[{"embeddable":true,"href":"https:\/\/quantocustaviajar.com\/blog\/wp-json\/wp\/v2\/comments?post=29988"}],"version-history":[{"count":5,"href":"https:\/\/quantocustaviajar.com\/blog\/wp-json\/wp\/v2\/posts\/29988\/revisions"}],"predecessor-version":[{"id":51569,"href":"https:\/\/quantocustaviajar.com\/blog\/wp-json\/wp\/v2\/posts\/29988\/revisions\/51569"}],"wp:featuredmedia":[{"embeddable":true,"href":"https:\/\/quantocustaviajar.com\/blog\/wp-json\/wp\/v2\/media\/27164"}],"wp:attachment":[{"href":"https:\/\/quantocustaviajar.com\/blog\/wp-json\/wp\/v2\/media?parent=29988"}],"wp:term":[{"taxonomy":"category","embeddable":true,"href":"https:\/\/quantocustaviajar.com\/blog\/wp-json\/wp\/v2\/categories?post=29988"},{"taxonomy":"post_tag","embeddable":true,"href":"https:\/\/quantocustaviajar.com\/blog\/wp-json\/wp\/v2\/tags?post=29988"}],"curies":[{"name":"wp","href":"https:\/\/api.w.org\/{rel}","templated":true}]}}