{"id":29974,"date":"2018-12-19T10:56:57","date_gmt":"2018-12-19T10:56:57","guid":{"rendered":"https:\/\/quantocustaviajar.com\/blog\/?p=29974"},"modified":"2019-07-09T16:18:54","modified_gmt":"2019-07-09T16:18:54","slug":"temporada-de-furacoes-no-caribe-por-destino","status":"publish","type":"post","link":"https:\/\/quantocustaviajar.com\/blog\/temporada-de-furacoes-no-caribe-por-destino\/","title":{"rendered":"Fique de olho! Temporada de furac\u00f5es no Caribe por destino"},"content":{"rendered":"<p>Subiu a temperatura e todo mundo s\u00f3 pensa em uma coisa: <strong>PRAIA<\/strong>!<\/p><div id=\"ez-toc-container\" class=\"ez-toc-v2_0_76 ez-toc-wrap-left counter-hierarchy ez-toc-counter ez-toc-light-blue ez-toc-container-direction\">\n<div class=\"ez-toc-title-container\">\n<p class=\"ez-toc-title\" style=\"cursor:inherit\">Aqui voc\u00ea ir\u00e1 encontrar<\/p>\n<span class=\"ez-toc-title-toggle\"><a href=\"#\" class=\"ez-toc-pull-right ez-toc-btn ez-toc-btn-xs ez-toc-btn-default ez-toc-toggle\" aria-label=\"Alternar tabela de conte\u00fado\"><span class=\"ez-toc-js-icon-con\"><span class=\"\"><span class=\"eztoc-hide\" style=\"display:none;\">Toggle<\/span><span class=\"ez-toc-icon-toggle-span\"><svg style=\"fill: #999;color:#999\" xmlns=\"http:\/\/www.w3.org\/2000\/svg\" class=\"list-377408\" width=\"20px\" height=\"20px\" viewBox=\"0 0 24 24\" fill=\"none\"><path d=\"M6 6H4v2h2V6zm14 0H8v2h12V6zM4 11h2v2H4v-2zm16 0H8v2h12v-2zM4 16h2v2H4v-2zm16 0H8v2h12v-2z\" fill=\"currentColor\"><\/path><\/svg><svg style=\"fill: #999;color:#999\" class=\"arrow-unsorted-368013\" xmlns=\"http:\/\/www.w3.org\/2000\/svg\" width=\"10px\" height=\"10px\" viewBox=\"0 0 24 24\" version=\"1.2\" baseProfile=\"tiny\"><path d=\"M18.2 9.3l-6.2-6.3-6.2 6.3c-.2.2-.3.4-.3.7s.1.5.3.7c.2.2.4.3.7.3h11c.3 0 .5-.1.7-.3.2-.2.3-.5.3-.7s-.1-.5-.3-.7zM5.8 14.7l6.2 6.3 6.2-6.3c.2-.2.3-.5.3-.7s-.1-.5-.3-.7c-.2-.2-.4-.3-.7-.3h-11c-.3 0-.5.1-.7.3-.2.2-.3.5-.3.7s.1.5.3.7z\"\/><\/svg><\/span><\/span><\/span><\/a><\/span><\/div>\n<nav><ul class='ez-toc-list ez-toc-list-level-1 ' ><li class='ez-toc-page-1 ez-toc-heading-level-2'><a class=\"ez-toc-link ez-toc-heading-1\" href=\"https:\/\/quantocustaviajar.com\/blog\/temporada-de-furacoes-no-caribe-por-destino\/#Caribe_fora_da_rota_de_furacoes\" >Caribe fora da rota de furac\u00f5es<\/a><\/li><li class='ez-toc-page-1 ez-toc-heading-level-2'><a class=\"ez-toc-link ez-toc-heading-2\" href=\"https:\/\/quantocustaviajar.com\/blog\/temporada-de-furacoes-no-caribe-por-destino\/#Temporada_de_furacoes_no_Caribe_por_destino\" >Temporada de furac\u00f5es no Caribe por destino<\/a><ul class='ez-toc-list-level-3' ><li class='ez-toc-heading-level-3'><a class=\"ez-toc-link ez-toc-heading-3\" href=\"https:\/\/quantocustaviajar.com\/blog\/temporada-de-furacoes-no-caribe-por-destino\/#Antigua_e_Barbuda\" >Ant\u00edgua e Barbuda<\/a><\/li><li class='ez-toc-page-1 ez-toc-heading-level-3'><a class=\"ez-toc-link ez-toc-heading-4\" href=\"https:\/\/quantocustaviajar.com\/blog\/temporada-de-furacoes-no-caribe-por-destino\/#Bahamas\" >Bahamas<\/a><\/li><li class='ez-toc-page-1 ez-toc-heading-level-3'><a class=\"ez-toc-link ez-toc-heading-5\" href=\"https:\/\/quantocustaviajar.com\/blog\/temporada-de-furacoes-no-caribe-por-destino\/#Barbados\" >Barbados<\/a><\/li><li class='ez-toc-page-1 ez-toc-heading-level-3'><a class=\"ez-toc-link ez-toc-heading-6\" href=\"https:\/\/quantocustaviajar.com\/blog\/temporada-de-furacoes-no-caribe-por-destino\/#Colombia_San_Andres_e_Cartagena\" >Col\u00f4mbia (San Andr\u00e9s e Cartagena)<\/a><\/li><li class='ez-toc-page-1 ez-toc-heading-level-3'><a class=\"ez-toc-link ez-toc-heading-7\" href=\"https:\/\/quantocustaviajar.com\/blog\/temporada-de-furacoes-no-caribe-por-destino\/#Cuba\" >Cuba<\/a><\/li><li class='ez-toc-page-1 ez-toc-heading-level-3'><a class=\"ez-toc-link ez-toc-heading-8\" href=\"https:\/\/quantocustaviajar.com\/blog\/temporada-de-furacoes-no-caribe-por-destino\/#Jamaica\" >Jamaica<\/a><\/li><li class='ez-toc-page-1 ez-toc-heading-level-3'><a class=\"ez-toc-link ez-toc-heading-9\" href=\"https:\/\/quantocustaviajar.com\/blog\/temporada-de-furacoes-no-caribe-por-destino\/#Martinica\" >Martinica<\/a><\/li><li class='ez-toc-page-1 ez-toc-heading-level-3'><a class=\"ez-toc-link ez-toc-heading-10\" href=\"https:\/\/quantocustaviajar.com\/blog\/temporada-de-furacoes-no-caribe-por-destino\/#Mexico_Cancun_e_regiao\" >M\u00e9xico (Canc\u00fan e regi\u00e3o)<\/a><\/li><li class='ez-toc-page-1 ez-toc-heading-level-3'><a class=\"ez-toc-link ez-toc-heading-11\" href=\"https:\/\/quantocustaviajar.com\/blog\/temporada-de-furacoes-no-caribe-por-destino\/#Porto_Rico\" >Porto Rico<\/a><\/li><li class='ez-toc-page-1 ez-toc-heading-level-3'><a class=\"ez-toc-link ez-toc-heading-12\" href=\"https:\/\/quantocustaviajar.com\/blog\/temporada-de-furacoes-no-caribe-por-destino\/#Republica_Dominicana\" >Rep\u00fablica Dominicana<\/a><\/li><\/ul><\/li><li class='ez-toc-page-1 ez-toc-heading-level-2'><a class=\"ez-toc-link ez-toc-heading-13\" href=\"https:\/\/quantocustaviajar.com\/blog\/temporada-de-furacoes-no-caribe-por-destino\/#Viajando_na_temporada_de_furacoes_E_agora\" >Viajando na temporada de furac\u00f5es. E agora?<\/a><ul class='ez-toc-list-level-3' ><li class='ez-toc-heading-level-3'><a class=\"ez-toc-link ez-toc-heading-14\" href=\"https:\/\/quantocustaviajar.com\/blog\/temporada-de-furacoes-no-caribe-por-destino\/#Furacoes_como_se_precaver\" >Furac\u00f5es: como se precaver<\/a><\/li><\/ul><\/li><li class='ez-toc-page-1 ez-toc-heading-level-2'><a class=\"ez-toc-link ez-toc-heading-15\" href=\"https:\/\/quantocustaviajar.com\/blog\/temporada-de-furacoes-no-caribe-por-destino\/#Existe_risco_fora_da_temporada_de_furacoes\" >Existe risco fora da temporada de furac\u00f5es?<\/a><\/li><\/ul><\/nav><\/div>\n\n<p>Se a praia for do <a href=\"https:\/\/quantocustaviajar.com\/caribe\" target=\"_blank\" rel=\"noopener\"><strong>Caribe<\/strong><\/a>, melhor ainda. O problema \u00e9 a pegadinha: quando os pre\u00e7os das passagens e hospedagens na regi\u00e3o caem \u00e9 justamente durante a <strong>temporada de furac\u00f5es<\/strong>.<\/p>\n<p><em>Opa, como assim? <\/em><\/p>\n<p><strong>A temporada de furac\u00f5es no Caribe vai, oficialmente, de 1\u00ba de junho a 30 de novembro<\/strong>. Isso n\u00e3o quer dizer que vai rolar um fen\u00f4meno do tipo por semana ou que sua viagem est\u00e1 fadada ao desastre. Pelo contr\u00e1rio, esse \u00e9 apenas um per\u00edodo que serve como guia de &#8220;\u00e9poca a ser evitada&#8221;.<\/p>\n<p>As chances de que algo ocorra nos dias exatos em que voc\u00ea estar\u00e1 no destino existem, mas s\u00e3o pequenas. Arriscar ou n\u00e3o vai depender apenas de voc\u00ea.<\/p>\n<p>Esse guia serve para voc\u00ea se programar e organizar as datas direitinho da sua viagem. Se quiser ir na temporada de furac\u00f5es, os pre\u00e7os s\u00e3o mais baixos, mas h\u00e1 risco de dar azar. Caso prefira a seguran\u00e7a de que nada vai acontecer, j\u00e1 sabe quando viajar para cada pa\u00eds e fugir do fen\u00f4meno.<\/p>\n<h2><span class=\"ez-toc-section\" id=\"Caribe_fora_da_rota_de_furacoes\"><\/span>Caribe fora da rota de furac\u00f5es<span class=\"ez-toc-section-end\"><\/span><\/h2>\n<p>A boa not\u00edcia \u00e9 que nem todos os destinos do <a href=\"https:\/\/quantocustaviajar.com\/caribe\" target=\"_blank\" rel=\"noopener\"><strong>Caribe<\/strong><\/a> est\u00e3o na rota dos furac\u00f5es. \\o\/<\/p>\n<p>Alguns lugares n\u00e3o costumam receber um destes desastres e, portanto, s\u00e3o considerados seguros em qualquer \u00e9poca do ano. Se quiser essa tranquilidade, marque logo sua passagem para\u00a0<a href=\"https:\/\/quantocustaviajar.com\/aruba\/aruba\" target=\"_blank\" rel=\"noopener\"><strong>Aruba<\/strong><\/a>, <a href=\"https:\/\/quantocustaviajar.com\/curacao\/curacao\" target=\"_blank\" rel=\"noopener\"><strong>Cura\u00e7ao<\/strong><\/a>, Barbados ou Los Roques (<a href=\"https:\/\/quantocustaviajar.com\/venezuela\" target=\"_blank\" rel=\"noopener\"><strong>Venezuela<\/strong><\/a>).<\/p>\n<p>Caso contr\u00e1rio, confira informa\u00e7\u00f5es sobre a temporada de furac\u00f5es em outros famosos destinos caribenhos.<\/p>\n<h2><span class=\"ez-toc-section\" id=\"Temporada_de_furacoes_no_Caribe_por_destino\"><\/span>Temporada de furac\u00f5es no Caribe por destino<span class=\"ez-toc-section-end\"><\/span><\/h2>\n<h3><span class=\"ez-toc-section\" id=\"Antigua_e_Barbuda\"><\/span><a href=\"https:\/\/quantocustaviajar.com\/antigua-e-barbuda\" target=\"_blank\" rel=\"noopener\">Ant\u00edgua e Barbuda<\/a><span class=\"ez-toc-section-end\"><\/span><\/h3>\n<p>A temporada de furac\u00f5es vai de junho a novembro, sendo que setembro \u00e9 o m\u00eas com maior incid\u00eancia do fen\u00f4meno. Ainda que n\u00e3o haja nenhuma garantia de que v\u00e1 ocorrer um desastre, tempestades fortes s\u00e3o comuns e podem causar atrasos em voos e atrapalhar os planos de viagem. Nessa \u00e9poca, \u00e9 importante ficar atento ao boletim meteorol\u00f3gico local.<\/p>\n<figure id=\"attachment_30001\" aria-describedby=\"caption-attachment-30001\" style=\"width: 1024px\" class=\"wp-caption aligncenter\"><img loading=\"lazy\" decoding=\"async\" class=\"wp-image-30001 size-full\" src=\"https:\/\/quantocustaviajar.com\/blog\/wp-content\/uploads\/2018\/12\/temporada-de-furacoes-caribe.jpg\" alt=\"\" width=\"1024\" height=\"649\" srcset=\"https:\/\/quantocustaviajar.com\/blog\/wp-content\/uploads\/2018\/12\/temporada-de-furacoes-caribe.jpg 1024w, https:\/\/quantocustaviajar.com\/blog\/wp-content\/uploads\/2018\/12\/temporada-de-furacoes-caribe-300x190.jpg 300w, https:\/\/quantocustaviajar.com\/blog\/wp-content\/uploads\/2018\/12\/temporada-de-furacoes-caribe-768x487.jpg 768w\" sizes=\"auto, (max-width: 1024px) 100vw, 1024px\" \/><figcaption id=\"caption-attachment-30001\" class=\"wp-caption-text\">Foto <a href=\"https:\/\/creativecommons.org\/licenses\/by-sa\/4.0\/\" target=\"_blank\" rel=\"noopener\">CC BY-SA 4.0<\/a> <a href=\"https:\/\/en.wikipedia.org\/wiki\/Five_Islands,_Antigua_and_Barbuda#\/media\/File:Eden_Beach,_Hawksbill_Bay,_Antigua.jpg\" target=\"_blank\" rel=\"noopener\">Roger Green<\/a><\/figcaption><\/figure>\n<p>Em 2017, as ilhas foram afetadas pelo furac\u00e3o Irma no dia 5 de setembro. Quatro dias depois, o furac\u00e3o Jos\u00e9 terminou de arrasar\u00a0 regi\u00e3o. Estima-se que <a href=\"https:\/\/oglobo.globo.com\/boa-viagem\/saiba-como-esta-situacao-das-ilhas-do-caribe-apos-os-furacoes-irma-jose-maria-22015084\" target=\"_blank\" rel=\"noopener\">95% da estrutura de Barbuda tenha sido destru\u00edda<\/a>. Em compensa\u00e7\u00e3o, os estragos foram pequenos em Ant\u00edgua.<\/p>\n<h3><span class=\"ez-toc-section\" id=\"Bahamas\"><\/span><a href=\"https:\/\/quantocustaviajar.com\/bahamas\" target=\"_blank\" rel=\"noopener\">Bahamas<\/a><span class=\"ez-toc-section-end\"><\/span><\/h3>\n<p>As Bahamas se localizam em uma \u00e1rea de alta incid\u00eancia de furac\u00f5es. Os meses de maior risco v\u00e3o de agosto a novembro. Em junho, as chuvas s\u00e3o frequentes e podem atrapalhar a viagem.<\/p>\n<figure id=\"attachment_30002\" aria-describedby=\"caption-attachment-30002\" style=\"width: 1418px\" class=\"wp-caption aligncenter\"><img loading=\"lazy\" decoding=\"async\" class=\"wp-image-30002 size-full\" src=\"https:\/\/quantocustaviajar.com\/blog\/wp-content\/uploads\/2018\/12\/temporada-de-furacoes-caribe2.jpg\" alt=\"\" width=\"1418\" height=\"867\" srcset=\"https:\/\/quantocustaviajar.com\/blog\/wp-content\/uploads\/2018\/12\/temporada-de-furacoes-caribe2.jpg 1418w, https:\/\/quantocustaviajar.com\/blog\/wp-content\/uploads\/2018\/12\/temporada-de-furacoes-caribe2-300x183.jpg 300w, https:\/\/quantocustaviajar.com\/blog\/wp-content\/uploads\/2018\/12\/temporada-de-furacoes-caribe2-768x470.jpg 768w, https:\/\/quantocustaviajar.com\/blog\/wp-content\/uploads\/2018\/12\/temporada-de-furacoes-caribe2-1024x626.jpg 1024w\" sizes=\"auto, (max-width: 1418px) 100vw, 1418px\" \/><figcaption id=\"caption-attachment-30002\" class=\"wp-caption-text\">Foto: <a href=\"https:\/\/unsplash.com\/photos\/xa-fv2RQCPY\" target=\"_blank\" rel=\"noopener\">Forest Simon\/Unsplash<\/a><\/figcaption><\/figure>\n<h3><span class=\"ez-toc-section\" id=\"Barbados\"><\/span>Barbados<span class=\"ez-toc-section-end\"><\/span><\/h3>\n<p>Barbados n\u00e3o est\u00e1 fora da rota de furac\u00f5es, mas a incid\u00eancia do fen\u00f4meno \u00e9 bastante baixa. Para se ter uma ideia, o \u00faltimo desastre do tipo a atingir o destino foi em 1955.<\/p>\n<h3><span class=\"ez-toc-section\" id=\"Colombia_San_Andres_e_Cartagena\"><\/span><a href=\"https:\/\/quantocustaviajar.com\/colombia\" target=\"_blank\" rel=\"noopener\">Col\u00f4mbia<\/a> (<a href=\"https:\/\/quantocustaviajar.com\/colombia\/san-andres\" target=\"_blank\" rel=\"noopener\">San Andr\u00e9s<\/a> e <a href=\"https:\/\/quantocustaviajar.com\/colombia\/cartagena\" target=\"_blank\" rel=\"noopener\">Cartagena<\/a>)<span class=\"ez-toc-section-end\"><\/span><\/h3>\n<p>Entre setembro e novembro, <a href=\"https:\/\/quantocustaviajar.com\/colombia\/san-andres\" target=\"_blank\" rel=\"noopener\">San Andr\u00e9s<\/a> pode sofrer com furac\u00f5es. Mesmo que o fen\u00f4meno raramente aconte\u00e7a por l\u00e1, essa \u00e9 tamb\u00e9m a temporada em que mais chove na ilha e as tempestades tropicais s\u00e3o comuns. Ou seja, melhor evitar.<\/p>\n<p><a href=\"https:\/\/quantocustaviajar.com\/colombia\/cartagena\" target=\"_blank\" rel=\"noopener\">Cartagena<\/a> fica fora da rota dos furac\u00f5es, mas tamb\u00e9m \u00e9 roubada viajar para l\u00e1 em outubro, quando chove bastante. Os meses mais secos v\u00e3o de dezembro a maio.<\/p>\n<figure id=\"attachment_30003\" aria-describedby=\"caption-attachment-30003\" style=\"width: 1424px\" class=\"wp-caption aligncenter\"><img loading=\"lazy\" decoding=\"async\" class=\"wp-image-30003 size-full\" src=\"https:\/\/quantocustaviajar.com\/blog\/wp-content\/uploads\/2018\/12\/temporada-de-furacoes-caribe3.jpg\" alt=\"\" width=\"1424\" height=\"1000\" srcset=\"https:\/\/quantocustaviajar.com\/blog\/wp-content\/uploads\/2018\/12\/temporada-de-furacoes-caribe3.jpg 1424w, https:\/\/quantocustaviajar.com\/blog\/wp-content\/uploads\/2018\/12\/temporada-de-furacoes-caribe3-300x211.jpg 300w, https:\/\/quantocustaviajar.com\/blog\/wp-content\/uploads\/2018\/12\/temporada-de-furacoes-caribe3-768x539.jpg 768w, https:\/\/quantocustaviajar.com\/blog\/wp-content\/uploads\/2018\/12\/temporada-de-furacoes-caribe3-1024x719.jpg 1024w\" sizes=\"auto, (max-width: 1424px) 100vw, 1424px\" \/><figcaption id=\"caption-attachment-30003\" class=\"wp-caption-text\">Foto: <a href=\"https:\/\/unsplash.com\/photos\/L6T_6Rp2iEk\" target=\"_blank\" rel=\"noopener\">Ricardo Gomez Angel\/Unsplash<\/a><\/figcaption><\/figure>\n<h3><span class=\"ez-toc-section\" id=\"Cuba\"><\/span><a href=\"https:\/\/quantocustaviajar.com\/cuba\" target=\"_blank\" rel=\"noopener\">Cuba<\/a><span class=\"ez-toc-section-end\"><\/span><\/h3>\n<p>Os meses de junho a novembro marcam a temporada de furac\u00f5es em Cuba. Entre estes, os meses mais perigosos s\u00e3o os de setembro e outubro.<\/p>\n<h3><span class=\"ez-toc-section\" id=\"Jamaica\"><\/span><a href=\"https:\/\/quantocustaviajar.com\/jamaica\" target=\"_blank\" rel=\"noopener\">Jamaica<\/a><span class=\"ez-toc-section-end\"><\/span><\/h3>\n<p>De junho a novembro, \u00e9 poss\u00edvel se deparar com um furac\u00e3o na Jamaica. Apesar disso, o fen\u00f4meno costuma atingir diretamente o pa\u00eds apenas a cada 11 anos &#8211; e passa perto dele a cada quatro.<\/p>\n<figure id=\"attachment_30004\" aria-describedby=\"caption-attachment-30004\" style=\"width: 1575px\" class=\"wp-caption aligncenter\"><img loading=\"lazy\" decoding=\"async\" class=\"wp-image-30004 size-full\" src=\"https:\/\/quantocustaviajar.com\/blog\/wp-content\/uploads\/2018\/12\/temporada-de-furacoes-caribe4.jpg\" alt=\"\" width=\"1575\" height=\"2101\" srcset=\"https:\/\/quantocustaviajar.com\/blog\/wp-content\/uploads\/2018\/12\/temporada-de-furacoes-caribe4.jpg 1575w, https:\/\/quantocustaviajar.com\/blog\/wp-content\/uploads\/2018\/12\/temporada-de-furacoes-caribe4-225x300.jpg 225w, https:\/\/quantocustaviajar.com\/blog\/wp-content\/uploads\/2018\/12\/temporada-de-furacoes-caribe4-768x1024.jpg 768w\" sizes=\"auto, (max-width: 1575px) 100vw, 1575px\" \/><figcaption id=\"caption-attachment-30004\" class=\"wp-caption-text\">Foto: <a href=\"https:\/\/unsplash.com\/photos\/56TWPYobJeU\" target=\"_blank\" rel=\"noopener\">Andrew Bui\/Unsplash<\/a><\/figcaption><\/figure>\n<h3><span class=\"ez-toc-section\" id=\"Martinica\"><\/span>Martinica<span class=\"ez-toc-section-end\"><\/span><\/h3>\n<p>Os meses de junho a novembro s\u00e3o os mais propensos para a ocorr\u00eancia de furac\u00f5es. Recentemente, a ilha foi atingida pelo Maria.<\/p>\n<h3><span class=\"ez-toc-section\" id=\"Mexico_Cancun_e_regiao\"><\/span><a href=\"https:\/\/quantocustaviajar.com\/mexico\" target=\"_blank\" rel=\"noopener\">M\u00e9xico<\/a> (<a href=\"https:\/\/quantocustaviajar.com\/mexico\/cancun\" target=\"_blank\" rel=\"noopener\">Canc\u00fan<\/a> e regi\u00e3o)<span class=\"ez-toc-section-end\"><\/span><\/h3>\n<p>A temporada de furac\u00f5es em Canc\u00fan vai de agosto a novembro &#8211; e setembro e outubro s\u00e3o os meses mais chuvosos.<\/p>\n<p>(Aproveita e espia <a href=\"https:\/\/quantocustaviajar.com\/blog\/dicas-para-quem-esta-planejando-ir-para-o-mexico\/\" target=\"_blank\" rel=\"noopener\">nossas dicas para quem est\u00e1 planejando ir para o M\u00e9xico<\/a>)<\/p>\n<figure id=\"attachment_30005\" aria-describedby=\"caption-attachment-30005\" style=\"width: 1500px\" class=\"wp-caption aligncenter\"><img loading=\"lazy\" decoding=\"async\" class=\"wp-image-30005 size-full\" src=\"https:\/\/quantocustaviajar.com\/blog\/wp-content\/uploads\/2018\/12\/temporada-de-furacoes-caribe5.jpg\" alt=\"\" width=\"1500\" height=\"1000\" srcset=\"https:\/\/quantocustaviajar.com\/blog\/wp-content\/uploads\/2018\/12\/temporada-de-furacoes-caribe5.jpg 1500w, https:\/\/quantocustaviajar.com\/blog\/wp-content\/uploads\/2018\/12\/temporada-de-furacoes-caribe5-300x200.jpg 300w, https:\/\/quantocustaviajar.com\/blog\/wp-content\/uploads\/2018\/12\/temporada-de-furacoes-caribe5-768x512.jpg 768w, https:\/\/quantocustaviajar.com\/blog\/wp-content\/uploads\/2018\/12\/temporada-de-furacoes-caribe5-1024x683.jpg 1024w\" sizes=\"auto, (max-width: 1500px) 100vw, 1500px\" \/><figcaption id=\"caption-attachment-30005\" class=\"wp-caption-text\">Foto: <a href=\"https:\/\/unsplash.com\/photos\/Q0mpsAhbOWg\" target=\"_blank\" rel=\"noopener\">Alex Person\/Unsplash<\/a><\/figcaption><\/figure>\n<h3><span class=\"ez-toc-section\" id=\"Porto_Rico\"><\/span>Porto Rico<span class=\"ez-toc-section-end\"><\/span><\/h3>\n<p>Com alta incid\u00eancia de furac\u00f5es, Porto Rico ainda se recupera do Maria, fen\u00f4meno ocorrido em 2017, que deixou milhares de mortos em todo o Caribe.<\/p>\n<h3><span class=\"ez-toc-section\" id=\"Republica_Dominicana\"><\/span><a href=\"https:\/\/quantocustaviajar.com\/republica-dominicana\" target=\"_blank\" rel=\"noopener\">Rep\u00fablica Dominicana<\/a><span class=\"ez-toc-section-end\"><\/span><\/h3>\n<p>De agosto a novembro os meses s\u00e3o quentes, \u00famidos e com possibilidade de furac\u00f5es. Marque a viagem para outras datas e seja feliz.<\/p>\n<h2><span class=\"ez-toc-section\" id=\"Viajando_na_temporada_de_furacoes_E_agora\"><\/span>Viajando na temporada de furac\u00f5es. E agora?<span class=\"ez-toc-section-end\"><\/span><\/h2>\n<p>Sua viagem j\u00e1 est\u00e1 marcada, voc\u00ea n\u00e3o reparou e ela caia bem no meio da t\u00e3o temida temporada de furac\u00f5es? Fica tranquilo, voc\u00ea n\u00e3o vai descer do avi\u00e3o j\u00e1 no meio de uma tempestade tropical.<\/p>\n<p>De acordo com o\u00a0<a href=\"http:\/\/www.aoml.noaa.gov\/\" target=\"_blank\" rel=\"noopener\"><strong>Hurricane Research Division<\/strong><\/a>, um \u00f3rg\u00e3o que pesquisa furac\u00f5es ocorridos nos <strong><a href=\"https:\/\/quantocustaviajar.com\/estados-unidos\" target=\"_blank\" rel=\"noopener\">Estados Unidos<\/a><\/strong>, as chances de se deparar com o fen\u00f4meno s\u00e3o, na verdade, bem pequenas. Para se ter uma ideia, o viajante que passa uma semana inteira em Porto Rico no m\u00eas de setembro (o que possui mais incid\u00eancia de furac\u00f5es) tem apenas 2% de chances de ser atingido. Al\u00e9m disso, a maior parte dos furac\u00f5es n\u00e3o tem a intensidade de um Irma, um Maria ou um Jos\u00e9, que geraram diversos danos materiais e a perda de muitas vidas.<\/p>\n<p>Todo mundo sabe que o &#8220;seguro morreu de velho&#8221; &#8211; mas ele tamb\u00e9m n\u00e3o se divertiu muito nessa vida. :)<\/p>\n<figure id=\"attachment_30006\" aria-describedby=\"caption-attachment-30006\" style=\"width: 1568px\" class=\"wp-caption aligncenter\"><img loading=\"lazy\" decoding=\"async\" class=\"wp-image-30006 size-full\" src=\"https:\/\/quantocustaviajar.com\/blog\/wp-content\/uploads\/2018\/12\/temporada-de-furacoes-caribe6.jpg\" alt=\"\" width=\"1568\" height=\"1175\" srcset=\"https:\/\/quantocustaviajar.com\/blog\/wp-content\/uploads\/2018\/12\/temporada-de-furacoes-caribe6.jpg 1568w, https:\/\/quantocustaviajar.com\/blog\/wp-content\/uploads\/2018\/12\/temporada-de-furacoes-caribe6-300x225.jpg 300w, https:\/\/quantocustaviajar.com\/blog\/wp-content\/uploads\/2018\/12\/temporada-de-furacoes-caribe6-768x576.jpg 768w, https:\/\/quantocustaviajar.com\/blog\/wp-content\/uploads\/2018\/12\/temporada-de-furacoes-caribe6-1024x767.jpg 1024w\" sizes=\"auto, (max-width: 1568px) 100vw, 1568px\" \/><figcaption id=\"caption-attachment-30006\" class=\"wp-caption-text\">Foto: <a href=\"https:\/\/unsplash.com\/photos\/qVLUR-8grM0\" target=\"_blank\" rel=\"noopener\">Omer Rana\/Unsplash<\/a><\/figcaption><\/figure>\n<p>N\u00e3o \u00e9 poss\u00edvel prever a incid\u00eancia de um furac\u00e3o com meses de anteced\u00eancia. Apesar disso, os \u00f3rg\u00e3os oficiais costumam identific\u00e1-los dias antes do fen\u00f4meno acontecer. O tempo \u00e9 suficiente para tomar as medidas necess\u00e1rias para minimizar os estragos.<\/p>\n<h3><span class=\"ez-toc-section\" id=\"Furacoes_como_se_precaver\"><\/span>Furac\u00f5es: como se precaver<span class=\"ez-toc-section-end\"><\/span><\/h3>\n<p>Quem viaja na temporada de furac\u00f5es deve ficar atento \u00e0 previs\u00e3o. H\u00e1 algumas formas f\u00e1ceis de se manter informado:<\/p>\n<ul>\n<li><strong>Se estiver hospedado em um hotel\/resort:<\/strong> normalmente a equipe do estabelecimento ir\u00e1 se responsabilizar por avisar aos h\u00f3spedes sobre potenciais riscos e qual procedimento seguir.<\/li>\n<li><strong>Informe-se sobre procedimentos locais:\u00a0<\/strong>cada destino segue um protocolo em caso de furac\u00f5es. O <a href=\"http:\/\/miami.itamaraty.gov.br\/pt-br\/preparativos_para_a_temporada_de_furacoes.xml\" target=\"_blank\" rel=\"noopener\"><strong>Consulado-Geral do Brasil em Miami<\/strong><\/a>, por exemplo, divulga um guia completo para turistas que viajam durante a \u00e9poca mais perigosa.<\/li>\n<li><strong>Fique atento aos notici\u00e1rios:\u00a0<\/strong>se for capaz de entender o idioma local, manter-se atento aos notici\u00e1rios \u00e9 uma boa maneira de saber sobre furac\u00f5es antes mesmo de que eles ocorram. Jornais, sites e a televis\u00e3o s\u00e3o boas fontes de informa\u00e7\u00e3o e dever\u00e3o fornecer dicas de locais seguros para o caso de um fen\u00f4meno.<\/li>\n<li><strong>Tenha os aplicativos certos:\u00a0<\/strong>alguns apps permitem prever a incid\u00eancia de furac\u00f5es. Baixe em seu celular aplicativos como <a href=\"https:\/\/weather.com\/\" target=\"_blank\" rel=\"noopener\">The Weather Channel<\/a>, Hurricane Tracker (<a href=\"https:\/\/itunes.apple.com\/us\/app\/hurricane-tracker\/id327193945?mt=8\" target=\"_blank\" rel=\"noopener\">iOS<\/a>) e Hurricane Hound (<a href=\"https:\/\/play.google.com\/store\/apps\/details?id=com.stkiconcepts.hurricaneHound&amp;hl=en_US\" target=\"_blank\" rel=\"noopener\">Android<\/a>)<\/li>\n<\/ul>\n<h2><span class=\"ez-toc-section\" id=\"Existe_risco_fora_da_temporada_de_furacoes\"><\/span>Existe risco fora da temporada de furac\u00f5es?<span class=\"ez-toc-section-end\"><\/span><\/h2>\n<p>Sem d\u00favida, a natureza \u00e9 uma coisa imprevis\u00edvel. Portanto, \u00e9 bom saber que existe sim alguma chance de que ocorram furac\u00f5es fora da temporada.<\/p>\n<p>Apesar disso, <a href=\"http:\/\/www.melhoresdestinos.com.br\/temporada-furacoes-caribe.html\" target=\"_blank\" rel=\"noopener\">97% de todas as atividades tropicais<\/a> registradas desde 1851 ca\u00edram entre os meses de junho e novembro. :)<\/p>\n<p>Agora com toda essa informa\u00e7\u00e3o, \u00e9 s\u00f3 curtir o Caribe! <a href=\"https:\/\/quantocustaviajar.com\/pacotes\/caribe\" target=\"_blank\" rel=\"noopener\"><strong>Confira nossa sele\u00e7\u00e3o de pacotes de viagem para o Caribe e reserve sua viagem :)<\/strong><\/a><\/p>\n","protected":false},"excerpt":{"rendered":"<p>Subiu a temperatura e todo mundo s\u00f3 pensa em uma coisa: PRAIA! Se a praia for do Caribe, melhor ainda. O problema \u00e9 a pegadinha: quando os pre\u00e7os das passagens e hospedagens na regi\u00e3o caem \u00e9 justamente durante a temporada de furac\u00f5es. Opa, como assim? A temporada de furac\u00f5es no Caribe vai, oficialmente, de 1\u00ba [&hellip;]<\/p>\n","protected":false},"author":12,"featured_media":30007,"comment_status":"open","ping_status":"open","sticky":false,"template":"","format":"standard","meta":{"cybocfi_hide_featured_image":"","footnotes":""},"categories":[1437,1438],"tags":[2177,284,1054,1797,1131,1798],"class_list":["post-29974","post","type-post","status-publish","format-standard","has-post-thumbnail","hentry","category-ao-ar-livre","category-dicas-praticas","tag-aruba","tag-caribe","tag-clima","tag-furacoes","tag-quando-ir","tag-temporada-de-furacoes"],"blocksy_meta":[],"yoast_head":"<!-- This site is optimized with the Yoast SEO plugin v26.3 - https:\/\/yoast.com\/wordpress\/plugins\/seo\/ -->\n<title>Fique de olho! Temporada de furac\u00f5es no Caribe por destino<\/title>\n<meta name=\"robots\" content=\"index, follow, max-snippet:-1, max-image-preview:large, max-video-preview:-1\" \/>\n<link rel=\"canonical\" href=\"https:\/\/quantocustaviajar.com\/blog\/temporada-de-furacoes-no-caribe-por-destino\/\" \/>\n<meta property=\"og:locale\" content=\"pt_BR\" \/>\n<meta property=\"og:type\" content=\"article\" \/>\n<meta property=\"og:title\" content=\"Fique de olho! Temporada de furac\u00f5es no Caribe por destino\" \/>\n<meta property=\"og:description\" content=\"Subiu a temperatura e todo mundo s\u00f3 pensa em uma coisa: PRAIA! Se a praia for do Caribe, melhor ainda. O problema \u00e9 a pegadinha: quando os pre\u00e7os das passagens e hospedagens na regi\u00e3o caem \u00e9 justamente durante a temporada de furac\u00f5es. Opa, como assim? A temporada de furac\u00f5es no Caribe vai, oficialmente, de 1\u00ba [&hellip;]\" \/>\n<meta property=\"og:url\" content=\"https:\/\/quantocustaviajar.com\/blog\/temporada-de-furacoes-no-caribe-por-destino\/\" \/>\n<meta property=\"og:site_name\" content=\"Blog Quanto Custa Viajar\" \/>\n<meta property=\"article:publisher\" content=\"https:\/\/www.facebook.com\/quantocustaviajar\" \/>\n<meta property=\"article:published_time\" content=\"2018-12-19T10:56:57+00:00\" \/>\n<meta property=\"article:modified_time\" content=\"2019-07-09T16:18:54+00:00\" \/>\n<meta property=\"og:image\" content=\"https:\/\/quantocustaviajar.com\/blog\/wp-content\/uploads\/2018\/12\/temporada-de-furacoes-caribe7.jpg\" \/>\n\t<meta property=\"og:image:width\" content=\"1500\" \/>\n\t<meta property=\"og:image:height\" content=\"1000\" \/>\n\t<meta property=\"og:image:type\" content=\"image\/jpeg\" \/>\n<meta name=\"author\" content=\"Mari Dutra\" \/>\n<meta name=\"twitter:card\" content=\"summary_large_image\" \/>\n<meta name=\"twitter:creator\" content=\"@quasenomade\" \/>\n<meta name=\"twitter:label1\" content=\"Escrito por\" \/>\n\t<meta name=\"twitter:data1\" content=\"Mari Dutra\" \/>\n\t<meta name=\"twitter:label2\" content=\"Est. tempo de leitura\" \/>\n\t<meta name=\"twitter:data2\" content=\"6 minutos\" \/>\n<!-- \/ Yoast SEO plugin. -->","yoast_head_json":{"title":"Fique de olho! Temporada de furac\u00f5es no Caribe por destino","robots":{"index":"index","follow":"follow","max-snippet":"max-snippet:-1","max-image-preview":"max-image-preview:large","max-video-preview":"max-video-preview:-1"},"canonical":"https:\/\/quantocustaviajar.com\/blog\/temporada-de-furacoes-no-caribe-por-destino\/","og_locale":"pt_BR","og_type":"article","og_title":"Fique de olho! Temporada de furac\u00f5es no Caribe por destino","og_description":"Subiu a temperatura e todo mundo s\u00f3 pensa em uma coisa: PRAIA! Se a praia for do Caribe, melhor ainda. O problema \u00e9 a pegadinha: quando os pre\u00e7os das passagens e hospedagens na regi\u00e3o caem \u00e9 justamente durante a temporada de furac\u00f5es. Opa, como assim? A temporada de furac\u00f5es no Caribe vai, oficialmente, de 1\u00ba [&hellip;]","og_url":"https:\/\/quantocustaviajar.com\/blog\/temporada-de-furacoes-no-caribe-por-destino\/","og_site_name":"Blog Quanto Custa Viajar","article_publisher":"https:\/\/www.facebook.com\/quantocustaviajar","article_published_time":"2018-12-19T10:56:57+00:00","article_modified_time":"2019-07-09T16:18:54+00:00","og_image":[{"width":1500,"height":1000,"url":"https:\/\/quantocustaviajar.com\/blog\/wp-content\/uploads\/2018\/12\/temporada-de-furacoes-caribe7.jpg","type":"image\/jpeg"}],"author":"Mari Dutra","twitter_card":"summary_large_image","twitter_creator":"@quasenomade","twitter_misc":{"Escrito por":"Mari Dutra","Est. tempo de leitura":"6 minutos"},"schema":{"@context":"https:\/\/schema.org","@graph":[{"@type":["Article","BlogPosting"],"@id":"https:\/\/quantocustaviajar.com\/blog\/temporada-de-furacoes-no-caribe-por-destino\/#article","isPartOf":{"@id":"https:\/\/quantocustaviajar.com\/blog\/temporada-de-furacoes-no-caribe-por-destino\/"},"author":{"name":"Mari Dutra","@id":"https:\/\/quantocustaviajar.com\/blog\/#\/schema\/person\/cf1309504837a3099648280049df8d0d"},"headline":"Fique de olho! Temporada de furac\u00f5es no Caribe por destino","datePublished":"2018-12-19T10:56:57+00:00","dateModified":"2019-07-09T16:18:54+00:00","mainEntityOfPage":{"@id":"https:\/\/quantocustaviajar.com\/blog\/temporada-de-furacoes-no-caribe-por-destino\/"},"wordCount":1287,"commentCount":2,"publisher":{"@id":"https:\/\/quantocustaviajar.com\/blog\/#organization"},"image":{"@id":"https:\/\/quantocustaviajar.com\/blog\/temporada-de-furacoes-no-caribe-por-destino\/#primaryimage"},"thumbnailUrl":"https:\/\/quantocustaviajar.com\/blog\/wp-content\/uploads\/2018\/12\/temporada-de-furacoes-caribe7.jpg","keywords":["aruba","caribe","clima","furac\u00f5es","quando ir","temporada de furac\u00f5es"],"articleSection":["Ao Ar Livre","Dicas pr\u00e1ticas"],"inLanguage":"pt-BR","potentialAction":[{"@type":"CommentAction","name":"Comment","target":["https:\/\/quantocustaviajar.com\/blog\/temporada-de-furacoes-no-caribe-por-destino\/#respond"]}]},{"@type":"WebPage","@id":"https:\/\/quantocustaviajar.com\/blog\/temporada-de-furacoes-no-caribe-por-destino\/","url":"https:\/\/quantocustaviajar.com\/blog\/temporada-de-furacoes-no-caribe-por-destino\/","name":"Fique de olho! Temporada de furac\u00f5es no Caribe por destino","isPartOf":{"@id":"https:\/\/quantocustaviajar.com\/blog\/#website"},"primaryImageOfPage":{"@id":"https:\/\/quantocustaviajar.com\/blog\/temporada-de-furacoes-no-caribe-por-destino\/#primaryimage"},"image":{"@id":"https:\/\/quantocustaviajar.com\/blog\/temporada-de-furacoes-no-caribe-por-destino\/#primaryimage"},"thumbnailUrl":"https:\/\/quantocustaviajar.com\/blog\/wp-content\/uploads\/2018\/12\/temporada-de-furacoes-caribe7.jpg","datePublished":"2018-12-19T10:56:57+00:00","dateModified":"2019-07-09T16:18:54+00:00","breadcrumb":{"@id":"https:\/\/quantocustaviajar.com\/blog\/temporada-de-furacoes-no-caribe-por-destino\/#breadcrumb"},"inLanguage":"pt-BR","potentialAction":[{"@type":"ReadAction","target":["https:\/\/quantocustaviajar.com\/blog\/temporada-de-furacoes-no-caribe-por-destino\/"]}]},{"@type":"ImageObject","inLanguage":"pt-BR","@id":"https:\/\/quantocustaviajar.com\/blog\/temporada-de-furacoes-no-caribe-por-destino\/#primaryimage","url":"https:\/\/quantocustaviajar.com\/blog\/wp-content\/uploads\/2018\/12\/temporada-de-furacoes-caribe7.jpg","contentUrl":"https:\/\/quantocustaviajar.com\/blog\/wp-content\/uploads\/2018\/12\/temporada-de-furacoes-caribe7.jpg","width":1500,"height":1000},{"@type":"BreadcrumbList","@id":"https:\/\/quantocustaviajar.com\/blog\/temporada-de-furacoes-no-caribe-por-destino\/#breadcrumb","itemListElement":[{"@type":"ListItem","position":1,"name":"In\u00edcio","item":"https:\/\/quantocustaviajar.com\/blog\/"},{"@type":"ListItem","position":2,"name":"Fique de olho! Temporada de furac\u00f5es no Caribe por destino"}]},{"@type":"WebSite","@id":"https:\/\/quantocustaviajar.com\/blog\/#website","url":"https:\/\/quantocustaviajar.com\/blog\/","name":"Blog Quanto Custa Viajar","description":"","publisher":{"@id":"https:\/\/quantocustaviajar.com\/blog\/#organization"},"potentialAction":[{"@type":"SearchAction","target":{"@type":"EntryPoint","urlTemplate":"https:\/\/quantocustaviajar.com\/blog\/?s={search_term_string}"},"query-input":{"@type":"PropertyValueSpecification","valueRequired":true,"valueName":"search_term_string"}}],"inLanguage":"pt-BR"},{"@type":"Organization","@id":"https:\/\/quantocustaviajar.com\/blog\/#organization","name":"Quanto Custa Viajar","url":"https:\/\/quantocustaviajar.com\/blog\/","logo":{"@type":"ImageObject","inLanguage":"pt-BR","@id":"https:\/\/quantocustaviajar.com\/blog\/#\/schema\/logo\/image\/","url":"","contentUrl":"","caption":"Quanto Custa Viajar"},"image":{"@id":"https:\/\/quantocustaviajar.com\/blog\/#\/schema\/logo\/image\/"},"sameAs":["https:\/\/www.facebook.com\/quantocustaviajar"]},{"@type":"Person","@id":"https:\/\/quantocustaviajar.com\/blog\/#\/schema\/person\/cf1309504837a3099648280049df8d0d","name":"Mari Dutra","image":{"@type":"ImageObject","inLanguage":"pt-BR","@id":"https:\/\/quantocustaviajar.com\/blog\/#\/schema\/person\/image\/","url":"https:\/\/secure.gravatar.com\/avatar\/2997bb527ae39d049d9eb8d6c54262bd37451dfd0dba672807ddfae6c8e86713?s=96&d=mm&r=g","contentUrl":"https:\/\/secure.gravatar.com\/avatar\/2997bb527ae39d049d9eb8d6c54262bd37451dfd0dba672807ddfae6c8e86713?s=96&d=mm&r=g","caption":"Mari Dutra"},"description":"Puxa uma cadeira, porque eu amo falar sobre viagens, sustentabilidade e doguinhos n\u00f4mades. Tamb\u00e9m no Instagram e no Quase N\u00f4made.","sameAs":["http:\/\/quasenomade.com","https:\/\/www.instagram.com\/quasenomade\/","https:\/\/br.pinterest.com\/quasenomade\/","https:\/\/x.com\/quasenomade"],"url":"https:\/\/quantocustaviajar.com\/blog\/author\/mari-dutra\/"}]}},"_links":{"self":[{"href":"https:\/\/quantocustaviajar.com\/blog\/wp-json\/wp\/v2\/posts\/29974","targetHints":{"allow":["GET"]}}],"collection":[{"href":"https:\/\/quantocustaviajar.com\/blog\/wp-json\/wp\/v2\/posts"}],"about":[{"href":"https:\/\/quantocustaviajar.com\/blog\/wp-json\/wp\/v2\/types\/post"}],"author":[{"embeddable":true,"href":"https:\/\/quantocustaviajar.com\/blog\/wp-json\/wp\/v2\/users\/12"}],"replies":[{"embeddable":true,"href":"https:\/\/quantocustaviajar.com\/blog\/wp-json\/wp\/v2\/comments?post=29974"}],"version-history":[{"count":6,"href":"https:\/\/quantocustaviajar.com\/blog\/wp-json\/wp\/v2\/posts\/29974\/revisions"}],"predecessor-version":[{"id":30187,"href":"https:\/\/quantocustaviajar.com\/blog\/wp-json\/wp\/v2\/posts\/29974\/revisions\/30187"}],"wp:featuredmedia":[{"embeddable":true,"href":"https:\/\/quantocustaviajar.com\/blog\/wp-json\/wp\/v2\/media\/30007"}],"wp:attachment":[{"href":"https:\/\/quantocustaviajar.com\/blog\/wp-json\/wp\/v2\/media?parent=29974"}],"wp:term":[{"taxonomy":"category","embeddable":true,"href":"https:\/\/quantocustaviajar.com\/blog\/wp-json\/wp\/v2\/categories?post=29974"},{"taxonomy":"post_tag","embeddable":true,"href":"https:\/\/quantocustaviajar.com\/blog\/wp-json\/wp\/v2\/tags?post=29974"}],"curies":[{"name":"wp","href":"https:\/\/api.w.org\/{rel}","templated":true}]}}