{"id":29156,"date":"2025-02-28T06:04:00","date_gmt":"2025-02-28T06:04:00","guid":{"rendered":"https:\/\/quantocustaviajar.com\/blog\/?p=29156"},"modified":"2025-06-10T15:29:53","modified_gmt":"2025-06-10T15:29:53","slug":"parque-nacional-cavernas-do-peruacu-em-minas-gerais","status":"publish","type":"post","link":"https:\/\/quantocustaviajar.com\/blog\/parque-nacional-cavernas-do-peruacu-em-minas-gerais\/","title":{"rendered":"Perca-se nos labirintos do Parque Nacional Cavernas do Perua\u00e7u, em Minas Gerais"},"content":{"rendered":"\n<p>Existem tr\u00eas sugest\u00f5es certeiras quando algu\u00e9m tenta adivinhar a sua pr\u00f3xima viagem: <a href=\"https:\/\/quantocustaviajar.com\/blog\/praias-romanticas-para-viajar\/\" target=\"_blank\" rel=\"noopener noreferrer\">praia<\/a>, <a href=\"https:\/\/quantocustaviajar.com\/blog\/5-refugios-nas-montanhas-brasileiras\/\" target=\"_blank\" rel=\"noopener noreferrer\">montanha<\/a> ou <a href=\"https:\/\/quantocustaviajar.com\/blog\/cidades-brasil-parecem-europa\/\" target=\"_blank\" rel=\"noopener noreferrer\">cidade<\/a>. A resposta para a pergunta pode ser &#8220;nenhuma&#8221;. Ao desbravar os labirintos do <strong>Parque Nacional Cavernas do Perua\u00e7u<\/strong>, em <a href=\"https:\/\/quantocustaviajar.com\/brasil\/belo-horizonte\" target=\"_blank\" rel=\"noopener noreferrer\"><strong>Minas Gerais<\/strong><\/a>, voc\u00ea vai descobrir um mundo subterr\u00e2neo entre rochas que foram habitadas a centenas de anos atr\u00e1s.<\/p><div id=\"ez-toc-container\" class=\"ez-toc-v2_0_76 ez-toc-wrap-left counter-hierarchy ez-toc-counter ez-toc-light-blue ez-toc-container-direction\">\n<div class=\"ez-toc-title-container\">\n<p class=\"ez-toc-title\" style=\"cursor:inherit\">Aqui voc\u00ea ir\u00e1 encontrar<\/p>\n<span class=\"ez-toc-title-toggle\"><a href=\"#\" class=\"ez-toc-pull-right ez-toc-btn ez-toc-btn-xs ez-toc-btn-default ez-toc-toggle\" aria-label=\"Alternar tabela de conte\u00fado\"><span class=\"ez-toc-js-icon-con\"><span class=\"\"><span class=\"eztoc-hide\" style=\"display:none;\">Toggle<\/span><span class=\"ez-toc-icon-toggle-span\"><svg style=\"fill: #999;color:#999\" xmlns=\"http:\/\/www.w3.org\/2000\/svg\" class=\"list-377408\" width=\"20px\" height=\"20px\" viewBox=\"0 0 24 24\" fill=\"none\"><path d=\"M6 6H4v2h2V6zm14 0H8v2h12V6zM4 11h2v2H4v-2zm16 0H8v2h12v-2zM4 16h2v2H4v-2zm16 0H8v2h12v-2z\" fill=\"currentColor\"><\/path><\/svg><svg style=\"fill: #999;color:#999\" class=\"arrow-unsorted-368013\" xmlns=\"http:\/\/www.w3.org\/2000\/svg\" width=\"10px\" height=\"10px\" viewBox=\"0 0 24 24\" version=\"1.2\" baseProfile=\"tiny\"><path d=\"M18.2 9.3l-6.2-6.3-6.2 6.3c-.2.2-.3.4-.3.7s.1.5.3.7c.2.2.4.3.7.3h11c.3 0 .5-.1.7-.3.2-.2.3-.5.3-.7s-.1-.5-.3-.7zM5.8 14.7l6.2 6.3 6.2-6.3c.2-.2.3-.5.3-.7s-.1-.5-.3-.7c-.2-.2-.4-.3-.7-.3h-11c-.3 0-.5.1-.7.3-.2.2-.3.5-.3.7s.1.5.3.7z\"\/><\/svg><\/span><\/span><\/span><\/a><\/span><\/div>\n<nav><ul class='ez-toc-list ez-toc-list-level-1 ' ><li class='ez-toc-page-1 ez-toc-heading-level-2'><a class=\"ez-toc-link ez-toc-heading-1\" href=\"https:\/\/quantocustaviajar.com\/blog\/parque-nacional-cavernas-do-peruacu-em-minas-gerais\/#Parque_Nacional_Cavernas_do_Peruacu\" >Parque Nacional Cavernas do Perua\u00e7u<\/a><\/li><li class='ez-toc-page-1 ez-toc-heading-level-2'><a class=\"ez-toc-link ez-toc-heading-2\" href=\"https:\/\/quantocustaviajar.com\/blog\/parque-nacional-cavernas-do-peruacu-em-minas-gerais\/#Onde_ficar\" >Onde ficar<\/a><\/li><li class='ez-toc-page-1 ez-toc-heading-level-2'><a class=\"ez-toc-link ez-toc-heading-3\" href=\"https:\/\/quantocustaviajar.com\/blog\/parque-nacional-cavernas-do-peruacu-em-minas-gerais\/#Como_chegar\" >Como chegar<\/a><\/li><\/ul><\/nav><\/div>\n\n\n\n\n<p>Entre os munic\u00edpios de <strong>Janu\u00e1ria<\/strong>, <strong>Itacarambi<\/strong> e <strong>S\u00e3o Jo\u00e3o das Miss\u00f5es<\/strong> est\u00e1 a unidade de conserva\u00e7\u00e3o de 56.400 hectares, que engloba forma\u00e7\u00f5es rochosas colossais, grutas, monumentos geol\u00f3gicos, arte rupestre pr\u00e9 hist\u00f3rica e <a href=\"https:\/\/quantocustaviajar.com\/blog\/serra-da-capivara-sofre-com-falta-de-recursos\/\" target=\"_blank\" rel=\"noopener noreferrer\">s\u00edtios arqueol\u00f3gicos<\/a> milenares, importantes at\u00e9 mesmo fora do pa\u00eds, al\u00e9m de um rico ecossistema. No total, s\u00e3o <strong>180 cavernas catalogadas<\/strong>.<\/p>\n\n\n\n<p><strong>O clima predominantemente quente judia na hora dos passeios<\/strong>, especialmente em tempos de umidade baixa, de maio a outubro.<\/p>\n\n\n\n<p>A \u00e9poca de chuvas, de novembro a abril, colabora com o verde da mata, que perde totalmente suas folhas no ver\u00e3o de 40 graus. \u00c9 comum que inc\u00eandios aconte\u00e7am ao redor da unidade devido a alta temperatura.<\/p>\n\n\n\n<pre class=\"wp-block-preformatted has-background\" style=\"background-color:#d6dbdf\"><strong><a href=\"https:\/\/www.turismocity.com.br\/onibus\" target=\"_blank\" rel=\"noreferrer noopener\">Encontre sua passagem de \u00f4nibus<\/a><\/strong><\/pre>\n\n\n\n<h2 class=\"wp-block-heading\"><span class=\"ez-toc-section\" id=\"Parque_Nacional_Cavernas_do_Peruacu\"><\/span>Parque Nacional Cavernas do Perua\u00e7u<span class=\"ez-toc-section-end\"><\/span><\/h2>\n\n\n\n<figure class=\"wp-block-image aligncenter size-full wp-image-51267\"><img loading=\"lazy\" decoding=\"async\" width=\"799\" height=\"533\" src=\"https:\/\/quantocustaviajar.com\/blog\/wp-content\/uploads\/2018\/11\/parque_nacional_peruacu.jpg\" alt=\"\" class=\"wp-image-51267\" srcset=\"https:\/\/quantocustaviajar.com\/blog\/wp-content\/uploads\/2018\/11\/parque_nacional_peruacu.jpg 799w, https:\/\/quantocustaviajar.com\/blog\/wp-content\/uploads\/2018\/11\/parque_nacional_peruacu-300x200.jpg 300w, https:\/\/quantocustaviajar.com\/blog\/wp-content\/uploads\/2018\/11\/parque_nacional_peruacu-768x512.jpg 768w\" sizes=\"auto, (max-width: 799px) 100vw, 799px\" \/><figcaption>Foto: <a id=\"yui_3_16_0_1_1636724525988_1638\" class=\"owner-name truncate\" title=\"V\u00e1 para a galeria de Fernando Tatagiba\" href=\"https:\/\/www.flickr.com\/photos\/fernandotatagiba\/\" data-track=\"attributionNameClick\">Fernando Tatagiba<\/a><\/figcaption><\/figure>\n\n\n\n<p>Aberta \u00e0 <strong>visita\u00e7\u00e3o (agendada<\/strong> <strong>previamente) <\/strong>de domingo a domingo, a \u00c1rea de Prote\u00e7\u00e3o Ambiental oferece algumas trilhas aos aventureiros de plant\u00e3o, que devem ser acompanhadas por condutores ambientais treinados e credenciados pelo ICMBio (<a href=\"http:\/\/www.icmbio.gov.br\/portal\/images\/stories\/visite-os-parques\/condutores_do_parna_cavernas_do_peruacu.pdf\" target=\"_blank\" rel=\"noopener noreferrer\">consulte-os aqui<\/a>). A contrata\u00e7\u00e3o do guia \u00e9 por conta dos turistas.<\/p>\n\n\n\n<p>A maior delas \u00e9 a <strong>trilha do Arco do Andr\u00e9<\/strong>, com 8 km de extens\u00e3o e cerca de 7 horas de dura\u00e7\u00e3o ida e volta, dependendo do condicionamento f\u00edsico de cada um. Os trechos \u00edngremes do percurso, aberto com menor interven\u00e7\u00e3o, redobram os esfor\u00e7os. <strong>A paisagem une tra\u00e7os do Cerrado e da Caatinga<\/strong>, bioma que acaba brotando esp\u00e9cies end\u00eamicas, inclusive amea\u00e7adas de extin\u00e7\u00e3o como o lobo guar\u00e1, a on\u00e7a parda e o gato palheiro, al\u00e9m de 250 tipos de aves, plantas com potencial fitoter\u00e1pico e alimentar.<\/p>\n\n\n\n<p>A principal atra\u00e7\u00e3o do percurso s\u00e3o os<strong> mirantes das Cinco Torres<\/strong> e do <strong>Mundo Inteiro<\/strong>, que proporcionam vistas inesquec\u00edveis. O rio Perua\u00e7u, que des\u00e1gua na bacia do rio S\u00e3o Francisco, flui dentro das <strong>cavernas Troncos e Cascudos<\/strong>, deixando suas \u00e1guas esverdeadas serem o reflexo das rochas carbon\u00e1ticas de calc\u00e1rio. O Arco do Andr\u00e9 \u00e9 uma bela composi\u00e7\u00e3o natural arcada, que mais parece um portal para outra dimens\u00e3o.<\/p>\n\n\n\n<figure class=\"wp-block-image aligncenter size-full wp-image-51268\"><img loading=\"lazy\" decoding=\"async\" width=\"800\" height=\"600\" src=\"https:\/\/quantocustaviajar.com\/blog\/wp-content\/uploads\/2018\/11\/800px-Parque_Nacional_das_Cavernas_do_Perua\u00e7u_Patr\u00edcia_Carluccio_02.jpg\" alt=\"\" class=\"wp-image-51268\" srcset=\"https:\/\/quantocustaviajar.com\/blog\/wp-content\/uploads\/2018\/11\/800px-Parque_Nacional_das_Cavernas_do_Perua\u00e7u_Patr\u00edcia_Carluccio_02.jpg 800w, https:\/\/quantocustaviajar.com\/blog\/wp-content\/uploads\/2018\/11\/800px-Parque_Nacional_das_Cavernas_do_Perua\u00e7u_Patr\u00edcia_Carluccio_02-300x225.jpg 300w, https:\/\/quantocustaviajar.com\/blog\/wp-content\/uploads\/2018\/11\/800px-Parque_Nacional_das_Cavernas_do_Perua\u00e7u_Patr\u00edcia_Carluccio_02-768x576.jpg 768w\" sizes=\"auto, (max-width: 800px) 100vw, 800px\" \/><figcaption>Foto: <a href=\"https:\/\/commons.wikimedia.org\/wiki\/File:Parque_Nacional_das_Cavernas_do_Perua%C3%A7u_Patr%C3%ADcia_Carluccio_(02).jpg\">Wikimedia<\/a><\/figcaption><\/figure>\n\n\n\n<p><strong>A menina dos olhos do complexo geol\u00f3gico \u00e9 a Gruta do Janel\u00e3o<\/strong>, que presenteia os visitantes com sal\u00f5es monumentais, enormes dolinas, espeleotemas e a <strong>Perna de Bailarina, a maior estalactite do mundo<\/strong>. Com tamanha grandiosidade, \u00e9 f\u00e1cil notar o quanto os seres humanos s\u00e3o quase insignificantes diante da magnitude natural.<\/p>\n\n\n\n<p>A hist\u00f3ria primitiva do Vale, datada de at\u00e9 <strong>9 mil anos atr\u00e1s<\/strong>, tem um lugar especial para exposi\u00e7\u00e3o: nos pared\u00f5es da gruta, sem retoques, est\u00e3o os desenhos que tra\u00e7am um bocado da jornada dos antigos habitantes da regi\u00e3o.<\/p>\n\n\n\n<p>Para chegar at\u00e9 l\u00e1 o trajeto \u00e9 mais curto, com cerca de 4,8 km no total, resultando em umas 5 horas de dura\u00e7\u00e3o para ir e voltar.<\/p>\n\n\n\n<p>Uma op\u00e7\u00e3o para ir se aprofundando ainda mais na arte rupestre \u00e9 seguir 1,3 km rumo \u00e0<strong> Lapa do Caboclo<\/strong>, que re\u00fane uma grande cole\u00e7\u00e3o de pinturas em estilo Caboclo, exclusivas do Vale e descobertas primeiramente nessa regi\u00e3o. Na <strong>Lapa do Carl\u00facio<\/strong> est\u00e1 uma gruta que teve seu teto despeda\u00e7ado por desabamento e mirantes que revelam os detalhes da vegeta\u00e7\u00e3o local, um misto de mata seca e rupestre, repleta de cactos.<\/p>\n\n\n\n<p>\u00c9 bom recarregar as energias para encarar o <strong>Caminho da Lapa do Rezar<\/strong>, onde se preservam em \u00f3timo estado algumas pinturas e gravuras pr\u00e9 hist\u00f3ricas, al\u00e9m de um grande sal\u00e3o com variados espeleotemas dispostos ao encantamento p\u00fablico.<\/p>\n\n\n\n<figure class=\"wp-block-image aligncenter size-full wp-image-51269\"><img loading=\"lazy\" decoding=\"async\" width=\"799\" height=\"533\" src=\"https:\/\/quantocustaviajar.com\/blog\/wp-content\/uploads\/2018\/11\/43126215345_40c1ba76ee_c.jpg\" alt=\"\" class=\"wp-image-51269\" srcset=\"https:\/\/quantocustaviajar.com\/blog\/wp-content\/uploads\/2018\/11\/43126215345_40c1ba76ee_c.jpg 799w, https:\/\/quantocustaviajar.com\/blog\/wp-content\/uploads\/2018\/11\/43126215345_40c1ba76ee_c-300x200.jpg 300w, https:\/\/quantocustaviajar.com\/blog\/wp-content\/uploads\/2018\/11\/43126215345_40c1ba76ee_c-768x512.jpg 768w\" sizes=\"auto, (max-width: 799px) 100vw, 799px\" \/><figcaption>Foto: <a id=\"yui_3_16_0_1_1636724731428_2033\" class=\"owner-name truncate\" title=\"V\u00e1 para a galeria de Fernando Tatagiba\" href=\"https:\/\/www.flickr.com\/photos\/fernandotatagiba\/\" data-track=\"attributionNameClick\">Fernando Tatagiba<\/a><\/figcaption><\/figure>\n\n\n\n<p><strong>Apesar de ter apenas 2,4 km de extens\u00e3o, o percurso \u00e9 um dos mais intensos do parque, com 500 degraus para subir e descer.<\/strong> Os esfor\u00e7os s\u00e3o recompensados quando se avista o c\u00e2nion do rio que d\u00e1 nome ao parque, um cen\u00e1rio bonito de se ver.<\/p>\n\n\n\n<p><strong>Quem quiser pegar mais leve na caminhada<\/strong> pode margear o rio para ir at\u00e9 a <strong>Lapa dos Desenhos<\/strong>, um atrativo muito interessante pois mostra diferentes t\u00e9cnicas, estilos e pigmentos origin\u00e1rios do Vale, utilizados nas figuras das paredes. Tamb\u00e9m se observam colunas, estalactites, estalagmites, travertinos e escorrimentos. S\u00e3o cerca de 2h20 de percurso ida e volta.<\/p>\n\n\n\n<p>Na <strong>Lapa do Boquete<\/strong> est\u00e1 o mais importante s\u00edtio arqueol\u00f3gico da unidade, com verdadeiros tesouros das antigas civiliza\u00e7\u00f5es. Entre os objetos de estudo da \u00e1rea de escava\u00e7\u00f5es est\u00e3o alguns sepultamentos e um silo pr\u00e9 hist\u00f3rico &#8211; estrutura de armazenamento de alimentos. A trilha tem apenas 1,2 km de extens\u00e3o, sem grandes desafios.<\/p>\n\n\n\n<p>Agora mais f\u00e1cil ainda \u00e9 ir at\u00e9 a<strong> Lapa Bonita<\/strong>, acessada por um caminho de 1,5 metros. Como sugere o nome, \u00e9 uma das mais ornamentadas do parque em seus sal\u00f5es e galerias. Na mesma dire\u00e7\u00e3o est\u00e1 a <strong>Lapa do \u00cdndio<\/strong>, com curiosos pain\u00e9is de ilustra\u00e7\u00f5es rupestres cobrindo n\u00e3o apenas a parede como o teto. O dia pode terminar, ou come\u00e7ar, no mirante do lugar, que tem vista privilegiada para a Gruta do Janel\u00e3o e os entornos do Centro de Visitantes.<\/p>\n\n\n\n<h2 class=\"wp-block-heading\"><span class=\"ez-toc-section\" id=\"Onde_ficar\"><\/span>Onde ficar<span class=\"ez-toc-section-end\"><\/span><\/h2>\n\n\n\n<p>Em meados de 2010 o Parque enfim firmou um acordo com o Minist\u00e9rio P\u00fablico Federal para que recebesse infraestrutura tur\u00edstica, a fim de acolher melhor os visitantes. A empreitada deu t\u00e3o certo que os n\u00fameros n\u00e3o param de subir e surpreender: foram recebidas apenas 600 pessoas ao longo de 2014; j\u00e1 em 2017, o total foi de 7 mil.<\/p>\n\n\n\n<p>Assim, os restaurantes e as hospedagens regionais foram ganhando f\u00f4lego, se concentrando em <strong>Itacarambi<\/strong>, <strong>Janu\u00e1ria<\/strong> e na pr\u00f3pria comunidade do <strong>Fabi\u00e3o<\/strong>, localiza\u00e7\u00e3o exata na unidade de conserva\u00e7\u00e3o.&nbsp; Abaixo voc\u00ea encontra algumas op\u00e7\u00f5es que podem te atender:<\/p>\n\n\n\n<ul class=\"wp-block-list\"><li><a href=\"https:\/\/www.booking.com\/hotel\/br\/pousada-portal-do-peruacu.pt-br.html?aid=2161834\" target=\"_blank\" rel=\"noopener noreferrer\">Pousada Portal do Perua\u00e7u<\/a>&nbsp;[Janu\u00e1ria]<\/li><li><a href=\"https:\/\/www.booking.com\/hotel\/br\/viva-maria-januaria.pt-br.html?aid=2161834\" target=\"_blank\" rel=\"noopener noreferrer\">Hotel Viva Maria<\/a>&nbsp;[Janu\u00e1ria]<\/li><li><a href=\"https:\/\/www.booking.com\/hotel\/br\/recanto-das-pedras-fabiao.pt-br.html?aid=2161834\" target=\"_blank\" rel=\"noopener noreferrer\">Pousada Recanto das Pedras<\/a>&nbsp;[Fabi\u00e3o]<\/li><li><a href=\"https:\/\/www.booking.com\/hotel\/br\/restaurante-e-pousada-do-vaninho.pt-br.html?aid=2161834\" target=\"_blank\" rel=\"noopener noreferrer\">Restaurante e Pousada do Vaninho<\/a> [Fabi\u00e3o]<\/li><\/ul>\n\n\n\n<h2 class=\"wp-block-heading\"><span class=\"ez-toc-section\" id=\"Como_chegar\"><\/span>Como chegar<span class=\"ez-toc-section-end\"><\/span><\/h2>\n\n\n\n<p>o Parque Nacional Cavernas de Perua\u00e7u tem entrada na Comunidade do Fabi\u00e3o I, Janu\u00e1ria, mais precisamente no km 155 da BR 135. Est\u00e1 quase na fronteira com a Bahia, ou seja, entre Norte e Nordeste.<\/p>\n\n\n\n<p>Quem vai de \u00f4nibus pode embarcar direto em Bras\u00edlia, Belo Horizonte ou <a href=\"https:\/\/quantocustaviajar.com\/blog\/guia-de-montes-claros\/\">Montes Claros<\/a> rumo a Itacarambi ou Janu\u00e1ria.<\/p>\n\n\n\n<p><a href=\"https:\/\/www.turismocity.com.br\/carros\" target=\"_blank\" rel=\"noopener noreferrer\"><strong>[+] Alugue um carro online e explore essa regi\u00e3o!<\/strong><\/a><\/p>\n\n\n\n<p>O aeroporto mais pr\u00f3ximo \u00e9 o de Montes Claros, a 200 km da entrada do parque. Os voos partem de Confins e, ao chegar no destino, \u00e9 poss\u00edvel pegar um \u00f4nibus at\u00e9 as cidades mais pr\u00f3ximas.<\/p>\n\n\n\n<p>Lembrando que <strong>o parque funciona das 08h \u00e0s 18h, por\u00e9m a entrada \u00e9 liberada somente at\u00e9 as 15 horas<\/strong>, portanto \u00e9 preciso chegar cedo.<\/p>\n\n\n\n<p><strong>Quanto custa: <\/strong>n\u00e3o h\u00e1 taxa de entrada, mas&nbsp;para ingressar no parque <strong>\u00e9 necess\u00e1rio ter autoriza\u00e7\u00e3o por e-mail<\/strong> e a contrata\u00e7\u00e3o de um condutor credenciado confirmada. O valor varia de R$ 30 a R$ 270, dependendo da quantidade de pessoas e comodidades inclusas.<\/p>\n\n\n\n<p>Voc\u00ea pode solicitar o agendamento atrav\u00e9s do endere\u00e7o eletr\u00f4nico cavernas.peruacu@icmbio.gov.br, devendo encaminhar o <a href=\"http:\/\/www.icmbio.gov.br\/portal\/images\/stories\/visite-os-parques\/agendamento_de_visitas_parna_cavernas_do_peruacu_2018.xls\" target=\"_blank\" rel=\"noopener noreferrer\">formul\u00e1rio de solicita\u00e7\u00e3o<\/a> de agendamento preenchido.<\/p>\n\n\n\n<figure class=\"wp-block-embed is-type-wp-embed is-provider-blog-quanto-custa-viajar wp-block-embed-blog-quanto-custa-viajar\"><div class=\"wp-block-embed__wrapper\">\n<blockquote class=\"wp-embedded-content\" data-secret=\"4vQMAlbQ3e\"><a href=\"https:\/\/quantocustaviajar.com\/blog\/gruta-da-judeia\/\">Um passeio pelas grutas e cavernas cinematogr\u00e1ficas no Amazonas<\/a><\/blockquote><iframe loading=\"lazy\" class=\"wp-embedded-content\" sandbox=\"allow-scripts\" security=\"restricted\" style=\"position: absolute; visibility: hidden;\" title=\"&#8220;Um passeio pelas grutas e cavernas cinematogr\u00e1ficas no Amazonas&#8221; &#8212; Blog Quanto Custa Viajar\" src=\"https:\/\/quantocustaviajar.com\/blog\/gruta-da-judeia\/embed\/#?secret=YiIKzePxju#?secret=4vQMAlbQ3e\" data-secret=\"4vQMAlbQ3e\" width=\"600\" height=\"338\" frameborder=\"0\" marginwidth=\"0\" marginheight=\"0\" scrolling=\"no\"><\/iframe>\n<\/div><\/figure>\n","protected":false},"excerpt":{"rendered":"<p>Existem tr\u00eas sugest\u00f5es certeiras quando algu\u00e9m tenta adivinhar a sua pr\u00f3xima viagem: praia, montanha ou cidade. A resposta para a pergunta pode ser &#8220;nenhuma&#8221;. Ao desbravar os labirintos do Parque Nacional Cavernas do Perua\u00e7u, em Minas Gerais, voc\u00ea vai descobrir um mundo subterr\u00e2neo entre rochas que foram habitadas a centenas de anos atr\u00e1s. Entre os [&hellip;]<\/p>\n","protected":false},"author":9,"featured_media":51265,"comment_status":"open","ping_status":"open","sticky":false,"template":"page-templates\/featured-img-above.php","format":"standard","meta":{"cybocfi_hide_featured_image":"","footnotes":""},"categories":[1437,1434],"tags":[1485,393,266,687,1054,467,426,74,1520,259,111,1101,132,1131,684,423],"class_list":["post-29156","post","type-post","status-publish","format-standard","has-post-thumbnail","hentry","category-ao-ar-livre","category-descubra-brasil","tag-americadosul","tag-aventura","tag-brasil","tag-caverna","tag-clima","tag-ecoturismo","tag-gruta","tag-hospedagem","tag-minasgerais","tag-monumentos","tag-natureza","tag-onde-ficar","tag-parque","tag-quando-ir","tag-sitio-arqueologico","tag-trilha"],"blocksy_meta":[],"yoast_head":"<!-- This site is optimized with the Yoast SEO plugin v26.3 - https:\/\/yoast.com\/wordpress\/plugins\/seo\/ -->\n<title>Perca-se nos labirintos do Parque Nacional Cavernas do Perua\u00e7u<\/title>\n<meta name=\"description\" content=\"Ao desbravar os labirintos do Parque Nacional Cavernas do Perua\u00e7u, voc\u00ea vai descobrir um mundo subterr\u00e2neo incr\u00edvel de centenas de anos!\" \/>\n<meta name=\"robots\" content=\"index, follow, max-snippet:-1, max-image-preview:large, max-video-preview:-1\" \/>\n<link rel=\"canonical\" href=\"https:\/\/quantocustaviajar.com\/blog\/parque-nacional-cavernas-do-peruacu-em-minas-gerais\/\" \/>\n<meta property=\"og:locale\" content=\"pt_BR\" \/>\n<meta property=\"og:type\" content=\"article\" \/>\n<meta property=\"og:title\" content=\"Perca-se nos labirintos do Parque Nacional Cavernas do Perua\u00e7u, em Minas Gerais\" \/>\n<meta property=\"og:description\" content=\"Ao desbravar os labirintos do Parque Nacional Cavernas do Perua\u00e7u, voc\u00ea vai descobrir um mundo subterr\u00e2neo incr\u00edvel de centenas de anos!\" \/>\n<meta property=\"og:url\" content=\"https:\/\/quantocustaviajar.com\/blog\/parque-nacional-cavernas-do-peruacu-em-minas-gerais\/\" \/>\n<meta property=\"og:site_name\" content=\"Blog Quanto Custa Viajar\" \/>\n<meta property=\"article:publisher\" content=\"https:\/\/www.facebook.com\/quantocustaviajar\" \/>\n<meta property=\"article:published_time\" content=\"2025-02-28T06:04:00+00:00\" \/>\n<meta property=\"article:modified_time\" content=\"2025-06-10T15:29:53+00:00\" \/>\n<meta property=\"og:image\" content=\"https:\/\/quantocustaviajar.com\/blog\/wp-content\/uploads\/2018\/11\/peruacu.jpg\" \/>\n\t<meta property=\"og:image:width\" content=\"1024\" \/>\n\t<meta property=\"og:image:height\" content=\"679\" \/>\n\t<meta property=\"og:image:type\" content=\"image\/jpeg\" \/>\n<meta name=\"author\" content=\"Reda\u00e7\u00e3o QCV\" \/>\n<meta name=\"twitter:card\" content=\"summary_large_image\" \/>\n<meta name=\"twitter:label1\" content=\"Escrito por\" \/>\n\t<meta name=\"twitter:data1\" content=\"Reda\u00e7\u00e3o QCV\" \/>\n\t<meta name=\"twitter:label2\" content=\"Est. tempo de leitura\" \/>\n\t<meta name=\"twitter:data2\" content=\"7 minutos\" \/>\n<!-- \/ Yoast SEO plugin. -->","yoast_head_json":{"title":"Perca-se nos labirintos do Parque Nacional Cavernas do Perua\u00e7u","description":"Ao desbravar os labirintos do Parque Nacional Cavernas do Perua\u00e7u, voc\u00ea vai descobrir um mundo subterr\u00e2neo incr\u00edvel de centenas de anos!","robots":{"index":"index","follow":"follow","max-snippet":"max-snippet:-1","max-image-preview":"max-image-preview:large","max-video-preview":"max-video-preview:-1"},"canonical":"https:\/\/quantocustaviajar.com\/blog\/parque-nacional-cavernas-do-peruacu-em-minas-gerais\/","og_locale":"pt_BR","og_type":"article","og_title":"Perca-se nos labirintos do Parque Nacional Cavernas do Perua\u00e7u, em Minas Gerais","og_description":"Ao desbravar os labirintos do Parque Nacional Cavernas do Perua\u00e7u, voc\u00ea vai descobrir um mundo subterr\u00e2neo incr\u00edvel de centenas de anos!","og_url":"https:\/\/quantocustaviajar.com\/blog\/parque-nacional-cavernas-do-peruacu-em-minas-gerais\/","og_site_name":"Blog Quanto Custa Viajar","article_publisher":"https:\/\/www.facebook.com\/quantocustaviajar","article_published_time":"2025-02-28T06:04:00+00:00","article_modified_time":"2025-06-10T15:29:53+00:00","og_image":[{"width":1024,"height":679,"url":"https:\/\/quantocustaviajar.com\/blog\/wp-content\/uploads\/2018\/11\/peruacu.jpg","type":"image\/jpeg"}],"author":"Reda\u00e7\u00e3o QCV","twitter_card":"summary_large_image","twitter_misc":{"Escrito por":"Reda\u00e7\u00e3o QCV","Est. tempo de leitura":"7 minutos"},"schema":{"@context":"https:\/\/schema.org","@graph":[{"@type":["Article","BlogPosting"],"@id":"https:\/\/quantocustaviajar.com\/blog\/parque-nacional-cavernas-do-peruacu-em-minas-gerais\/#article","isPartOf":{"@id":"https:\/\/quantocustaviajar.com\/blog\/parque-nacional-cavernas-do-peruacu-em-minas-gerais\/"},"author":{"name":"Reda\u00e7\u00e3o QCV","@id":"https:\/\/quantocustaviajar.com\/blog\/#\/schema\/person\/b99c49b1272e2104cc84a5a84122b751"},"headline":"Perca-se nos labirintos do Parque Nacional Cavernas do Perua\u00e7u, em Minas Gerais","datePublished":"2025-02-28T06:04:00+00:00","dateModified":"2025-06-10T15:29:53+00:00","mainEntityOfPage":{"@id":"https:\/\/quantocustaviajar.com\/blog\/parque-nacional-cavernas-do-peruacu-em-minas-gerais\/"},"wordCount":1251,"commentCount":4,"publisher":{"@id":"https:\/\/quantocustaviajar.com\/blog\/#organization"},"image":{"@id":"https:\/\/quantocustaviajar.com\/blog\/parque-nacional-cavernas-do-peruacu-em-minas-gerais\/#primaryimage"},"thumbnailUrl":"https:\/\/quantocustaviajar.com\/blog\/wp-content\/uploads\/2018\/11\/peruacu.jpg","keywords":["americadosul","aventura","Brasil","caverna","clima","ecoturismo","gruta","hospedagem","minasgerais","monumentos","natureza","onde ficar","parque","quando ir","s\u00edtio arqueol\u00f3gico","trilha"],"articleSection":["Ao Ar Livre","Descubra o Brasil"],"inLanguage":"pt-BR","potentialAction":[{"@type":"CommentAction","name":"Comment","target":["https:\/\/quantocustaviajar.com\/blog\/parque-nacional-cavernas-do-peruacu-em-minas-gerais\/#respond"]}]},{"@type":"WebPage","@id":"https:\/\/quantocustaviajar.com\/blog\/parque-nacional-cavernas-do-peruacu-em-minas-gerais\/","url":"https:\/\/quantocustaviajar.com\/blog\/parque-nacional-cavernas-do-peruacu-em-minas-gerais\/","name":"Perca-se nos labirintos do Parque Nacional Cavernas do Perua\u00e7u","isPartOf":{"@id":"https:\/\/quantocustaviajar.com\/blog\/#website"},"primaryImageOfPage":{"@id":"https:\/\/quantocustaviajar.com\/blog\/parque-nacional-cavernas-do-peruacu-em-minas-gerais\/#primaryimage"},"image":{"@id":"https:\/\/quantocustaviajar.com\/blog\/parque-nacional-cavernas-do-peruacu-em-minas-gerais\/#primaryimage"},"thumbnailUrl":"https:\/\/quantocustaviajar.com\/blog\/wp-content\/uploads\/2018\/11\/peruacu.jpg","datePublished":"2025-02-28T06:04:00+00:00","dateModified":"2025-06-10T15:29:53+00:00","description":"Ao desbravar os labirintos do Parque Nacional Cavernas do Perua\u00e7u, voc\u00ea vai descobrir um mundo subterr\u00e2neo incr\u00edvel de centenas de anos!","breadcrumb":{"@id":"https:\/\/quantocustaviajar.com\/blog\/parque-nacional-cavernas-do-peruacu-em-minas-gerais\/#breadcrumb"},"inLanguage":"pt-BR","potentialAction":[{"@type":"ReadAction","target":["https:\/\/quantocustaviajar.com\/blog\/parque-nacional-cavernas-do-peruacu-em-minas-gerais\/"]}]},{"@type":"ImageObject","inLanguage":"pt-BR","@id":"https:\/\/quantocustaviajar.com\/blog\/parque-nacional-cavernas-do-peruacu-em-minas-gerais\/#primaryimage","url":"https:\/\/quantocustaviajar.com\/blog\/wp-content\/uploads\/2018\/11\/peruacu.jpg","contentUrl":"https:\/\/quantocustaviajar.com\/blog\/wp-content\/uploads\/2018\/11\/peruacu.jpg","width":1024,"height":679,"caption":"Foto: WIkipedia"},{"@type":"BreadcrumbList","@id":"https:\/\/quantocustaviajar.com\/blog\/parque-nacional-cavernas-do-peruacu-em-minas-gerais\/#breadcrumb","itemListElement":[{"@type":"ListItem","position":1,"name":"In\u00edcio","item":"https:\/\/quantocustaviajar.com\/blog\/"},{"@type":"ListItem","position":2,"name":"Perca-se nos labirintos do Parque Nacional Cavernas do Perua\u00e7u, em Minas Gerais"}]},{"@type":"WebSite","@id":"https:\/\/quantocustaviajar.com\/blog\/#website","url":"https:\/\/quantocustaviajar.com\/blog\/","name":"Blog Quanto Custa Viajar","description":"","publisher":{"@id":"https:\/\/quantocustaviajar.com\/blog\/#organization"},"potentialAction":[{"@type":"SearchAction","target":{"@type":"EntryPoint","urlTemplate":"https:\/\/quantocustaviajar.com\/blog\/?s={search_term_string}"},"query-input":{"@type":"PropertyValueSpecification","valueRequired":true,"valueName":"search_term_string"}}],"inLanguage":"pt-BR"},{"@type":"Organization","@id":"https:\/\/quantocustaviajar.com\/blog\/#organization","name":"Quanto Custa Viajar","url":"https:\/\/quantocustaviajar.com\/blog\/","logo":{"@type":"ImageObject","inLanguage":"pt-BR","@id":"https:\/\/quantocustaviajar.com\/blog\/#\/schema\/logo\/image\/","url":"","contentUrl":"","caption":"Quanto Custa Viajar"},"image":{"@id":"https:\/\/quantocustaviajar.com\/blog\/#\/schema\/logo\/image\/"},"sameAs":["https:\/\/www.facebook.com\/quantocustaviajar"]},{"@type":"Person","@id":"https:\/\/quantocustaviajar.com\/blog\/#\/schema\/person\/b99c49b1272e2104cc84a5a84122b751","name":"Reda\u00e7\u00e3o QCV","image":{"@type":"ImageObject","inLanguage":"pt-BR","@id":"https:\/\/quantocustaviajar.com\/blog\/#\/schema\/person\/image\/","url":"https:\/\/secure.gravatar.com\/avatar\/e7b47d7a4633897697c32e0a2a1ad3abd9ca142ad0d9b7897241c6115247561b?s=96&d=mm&r=g","contentUrl":"https:\/\/secure.gravatar.com\/avatar\/e7b47d7a4633897697c32e0a2a1ad3abd9ca142ad0d9b7897241c6115247561b?s=96&d=mm&r=g","caption":"Reda\u00e7\u00e3o QCV"},"url":"https:\/\/quantocustaviajar.com\/blog\/author\/redacao\/"}]}},"_links":{"self":[{"href":"https:\/\/quantocustaviajar.com\/blog\/wp-json\/wp\/v2\/posts\/29156","targetHints":{"allow":["GET"]}}],"collection":[{"href":"https:\/\/quantocustaviajar.com\/blog\/wp-json\/wp\/v2\/posts"}],"about":[{"href":"https:\/\/quantocustaviajar.com\/blog\/wp-json\/wp\/v2\/types\/post"}],"author":[{"embeddable":true,"href":"https:\/\/quantocustaviajar.com\/blog\/wp-json\/wp\/v2\/users\/9"}],"replies":[{"embeddable":true,"href":"https:\/\/quantocustaviajar.com\/blog\/wp-json\/wp\/v2\/comments?post=29156"}],"version-history":[{"count":7,"href":"https:\/\/quantocustaviajar.com\/blog\/wp-json\/wp\/v2\/posts\/29156\/revisions"}],"predecessor-version":[{"id":74682,"href":"https:\/\/quantocustaviajar.com\/blog\/wp-json\/wp\/v2\/posts\/29156\/revisions\/74682"}],"wp:featuredmedia":[{"embeddable":true,"href":"https:\/\/quantocustaviajar.com\/blog\/wp-json\/wp\/v2\/media\/51265"}],"wp:attachment":[{"href":"https:\/\/quantocustaviajar.com\/blog\/wp-json\/wp\/v2\/media?parent=29156"}],"wp:term":[{"taxonomy":"category","embeddable":true,"href":"https:\/\/quantocustaviajar.com\/blog\/wp-json\/wp\/v2\/categories?post=29156"},{"taxonomy":"post_tag","embeddable":true,"href":"https:\/\/quantocustaviajar.com\/blog\/wp-json\/wp\/v2\/tags?post=29156"}],"curies":[{"name":"wp","href":"https:\/\/api.w.org\/{rel}","templated":true}]}}