{"id":28986,"date":"2018-11-20T09:00:25","date_gmt":"2018-11-20T09:00:25","guid":{"rendered":"https:\/\/quantocustaviajar.com\/blog\/?p=28986"},"modified":"2021-07-28T18:06:05","modified_gmt":"2021-07-28T18:06:05","slug":"parque-das-aves-em-foz-do-iguacu","status":"publish","type":"post","link":"https:\/\/quantocustaviajar.com\/blog\/parque-das-aves-em-foz-do-iguacu\/","title":{"rendered":"Parque das aves em Foz do Igua\u00e7u \u00e9 op\u00e7\u00e3o de passeio para toda fam\u00edlia"},"content":{"rendered":"<p>Se voc\u00ea est\u00e1 com viagem marcada para <a href=\"https:\/\/quantocustaviajar.com\/brasil\/foz-do-iguacu\" target=\"_blank\" rel=\"noopener noreferrer\"><strong>Foz do Igua\u00e7u<\/strong><\/a>, uma dica bacana de passeio \u00e9 visitar o <strong>Parque das Aves<\/strong>. Essa \u00e9 a sua chance de ter contato direto com os animais e apreciar ainda mais a natureza desse nosso Brasil!<\/p><div id=\"ez-toc-container\" class=\"ez-toc-v2_0_76 ez-toc-wrap-left counter-hierarchy ez-toc-counter ez-toc-light-blue ez-toc-container-direction\">\n<div class=\"ez-toc-title-container\">\n<p class=\"ez-toc-title\" style=\"cursor:inherit\">Aqui voc\u00ea ir\u00e1 encontrar<\/p>\n<span class=\"ez-toc-title-toggle\"><a href=\"#\" class=\"ez-toc-pull-right ez-toc-btn ez-toc-btn-xs ez-toc-btn-default ez-toc-toggle\" aria-label=\"Alternar tabela de conte\u00fado\"><span class=\"ez-toc-js-icon-con\"><span class=\"\"><span class=\"eztoc-hide\" style=\"display:none;\">Toggle<\/span><span class=\"ez-toc-icon-toggle-span\"><svg style=\"fill: #999;color:#999\" xmlns=\"http:\/\/www.w3.org\/2000\/svg\" class=\"list-377408\" width=\"20px\" height=\"20px\" viewBox=\"0 0 24 24\" fill=\"none\"><path d=\"M6 6H4v2h2V6zm14 0H8v2h12V6zM4 11h2v2H4v-2zm16 0H8v2h12v-2zM4 16h2v2H4v-2zm16 0H8v2h12v-2z\" fill=\"currentColor\"><\/path><\/svg><svg style=\"fill: #999;color:#999\" class=\"arrow-unsorted-368013\" xmlns=\"http:\/\/www.w3.org\/2000\/svg\" width=\"10px\" height=\"10px\" viewBox=\"0 0 24 24\" version=\"1.2\" baseProfile=\"tiny\"><path d=\"M18.2 9.3l-6.2-6.3-6.2 6.3c-.2.2-.3.4-.3.7s.1.5.3.7c.2.2.4.3.7.3h11c.3 0 .5-.1.7-.3.2-.2.3-.5.3-.7s-.1-.5-.3-.7zM5.8 14.7l6.2 6.3 6.2-6.3c.2-.2.3-.5.3-.7s-.1-.5-.3-.7c-.2-.2-.4-.3-.7-.3h-11c-.3 0-.5.1-.7.3-.2.2-.3.5-.3.7s.1.5.3.7z\"\/><\/svg><\/span><\/span><\/span><\/a><\/span><\/div>\n<nav><ul class='ez-toc-list ez-toc-list-level-1 ' ><li class='ez-toc-page-1 ez-toc-heading-level-2'><a class=\"ez-toc-link ez-toc-heading-1\" href=\"https:\/\/quantocustaviajar.com\/blog\/parque-das-aves-em-foz-do-iguacu\/#Atracoes_do_Parque_das_Aves\" >Atra\u00e7\u00f5es do Parque das Aves<\/a><\/li><li class='ez-toc-page-1 ez-toc-heading-level-2'><a class=\"ez-toc-link ez-toc-heading-2\" href=\"https:\/\/quantocustaviajar.com\/blog\/parque-das-aves-em-foz-do-iguacu\/#Uma_experiencia_diferente\" >Uma experi\u00eancia diferente<\/a><ul class='ez-toc-list-level-3' ><li class='ez-toc-heading-level-3'><a class=\"ez-toc-link ez-toc-heading-3\" href=\"https:\/\/quantocustaviajar.com\/blog\/parque-das-aves-em-foz-do-iguacu\/#Backstage_Experience\" >Backstage Experience<\/a><\/li><li class='ez-toc-page-1 ez-toc-heading-level-3'><a class=\"ez-toc-link ez-toc-heading-4\" href=\"https:\/\/quantocustaviajar.com\/blog\/parque-das-aves-em-foz-do-iguacu\/#Forest_Experience\" >Forest Experience<\/a><\/li><\/ul><\/li><li class='ez-toc-page-1 ez-toc-heading-level-2'><a class=\"ez-toc-link ez-toc-heading-5\" href=\"https:\/\/quantocustaviajar.com\/blog\/parque-das-aves-em-foz-do-iguacu\/#Como_chegar_ao_Parque_das_Aves\" >Como chegar ao Parque das Aves?<\/a><\/li><li class='ez-toc-page-1 ez-toc-heading-level-2'><a class=\"ez-toc-link ez-toc-heading-6\" href=\"https:\/\/quantocustaviajar.com\/blog\/parque-das-aves-em-foz-do-iguacu\/#Quanto_custa_ir_ao_Parque_das_Aves\" >Quanto custa ir ao Parque das Aves?<\/a><\/li><\/ul><\/nav><\/div>\n\n<p>O Parque das Aves \u00e9 composto por uma \u00e1rea de 16 hectares de Mata Atl\u00e2ntica restaurada, com milhares de \u00e1rvores nativas plantadas, mais 150 esp\u00e9cies de animais e mais 1.400 aves. Desse total de aves, 54% delas foram resgatadas de maus tratos ou do tr\u00e1fico, 35% nasceram no pr\u00f3prio parque e 11% chegaram de outras maneiras at\u00e9 l\u00e1.<\/p>\n<p>Todos os anos, o Parque Nacional recebe mais de 800 mil visitantes. Descubra porque vale a pena colocar esse destino no seu roteiro de passeios por Foz do Igua\u00e7u.<\/p>\n<blockquote><p><a href=\"https:\/\/quantocustaviajar.com\/brasil\/foz-do-iguacu\" target=\"_blank\" rel=\"noopener noreferrer\"><strong>Calcule aqui quanto custa viajar para Foz do Igua\u00e7u<\/strong><\/a><\/p><\/blockquote>\n<h2><span class=\"ez-toc-section\" id=\"Atracoes_do_Parque_das_Aves\"><\/span>Atra\u00e7\u00f5es do Parque das Aves<span class=\"ez-toc-section-end\"><\/span><\/h2>\n<p>Logo ap\u00f3s a entrada no parque, uma das atra\u00e7\u00f5es que mais chama a aten\u00e7\u00e3o da crian\u00e7adas \u00e9 a sala de filhotes.<\/p>\n<figure id=\"attachment_29026\" aria-describedby=\"caption-attachment-29026\" style=\"width: 800px\" class=\"wp-caption alignnone\"><img loading=\"lazy\" decoding=\"async\" class=\"size-full wp-image-29026\" src=\"https:\/\/quantocustaviajar.com\/blog\/wp-content\/uploads\/2018\/11\/parque-das-aves-12.jpg\" alt=\"parque das aves\" width=\"800\" height=\"667\" srcset=\"https:\/\/quantocustaviajar.com\/blog\/wp-content\/uploads\/2018\/11\/parque-das-aves-12.jpg 800w, https:\/\/quantocustaviajar.com\/blog\/wp-content\/uploads\/2018\/11\/parque-das-aves-12-300x250.jpg 300w, https:\/\/quantocustaviajar.com\/blog\/wp-content\/uploads\/2018\/11\/parque-das-aves-12-768x640.jpg 768w\" sizes=\"auto, (max-width: 800px) 100vw, 800px\" \/><figcaption id=\"caption-attachment-29026\" class=\"wp-caption-text\">Foto: <a href=\"http:\/\/blog.parquedasaves.com.br\/index.php\/a-sala-de-filhotes-do-parque-das-aves\/\" target=\"_blank\" rel=\"noopener noreferrer\">Parque das Aves<\/a><\/figcaption><\/figure>\n<p>Nesse espa\u00e7o, voc\u00ea pode observar de pertinho como \u00e9 feita a alimenta\u00e7\u00e3o de filhotes, al\u00e9m de descobrir todos os cuidados iniciais que esses jovens animaizinhos recebem nos primeiros momentos de vida.<\/p>\n<p>Uma coisa que encanta no Parque das Aves \u00e9 que os visitantes podem ficar muito pr\u00f3ximos das aves, gra\u00e7as aos <strong>viveiros de imers\u00e3o<\/strong> existentes por l\u00e1. O destaque fica para o <strong>Viveiro Aves de Rios e Mangues<\/strong>, com os tucanos, e o <strong>Viveiro das Araras<\/strong>, com quase cem araras que literalmente voam sobre a sua cabe\u00e7a.<\/p>\n<figure id=\"attachment_28996\" aria-describedby=\"caption-attachment-28996\" style=\"width: 872px\" class=\"wp-caption alignnone\"><img loading=\"lazy\" decoding=\"async\" class=\"size-full wp-image-28996\" src=\"https:\/\/quantocustaviajar.com\/blog\/wp-content\/uploads\/2018\/11\/parque-das-aves-1.jpg\" alt=\"parque das aves\" width=\"872\" height=\"654\" srcset=\"https:\/\/quantocustaviajar.com\/blog\/wp-content\/uploads\/2018\/11\/parque-das-aves-1.jpg 872w, https:\/\/quantocustaviajar.com\/blog\/wp-content\/uploads\/2018\/11\/parque-das-aves-1-300x225.jpg 300w, https:\/\/quantocustaviajar.com\/blog\/wp-content\/uploads\/2018\/11\/parque-das-aves-1-768x576.jpg 768w\" sizes=\"auto, (max-width: 872px) 100vw, 872px\" \/><figcaption id=\"caption-attachment-28996\" class=\"wp-caption-text\">Foto: <a href=\"https:\/\/www.instagram.com\/andressaxavier\/\" target=\"_blank\" rel=\"noopener noreferrer\">Andressa Xavier Pellanda<\/a><\/figcaption><\/figure>\n<figure id=\"attachment_29000\" aria-describedby=\"caption-attachment-29000\" style=\"width: 872px\" class=\"wp-caption alignnone\"><img loading=\"lazy\" decoding=\"async\" class=\"size-full wp-image-29000\" src=\"https:\/\/quantocustaviajar.com\/blog\/wp-content\/uploads\/2018\/11\/parque-das-aves-5.jpg\" alt=\"parque das aves\" width=\"872\" height=\"654\" srcset=\"https:\/\/quantocustaviajar.com\/blog\/wp-content\/uploads\/2018\/11\/parque-das-aves-5.jpg 872w, https:\/\/quantocustaviajar.com\/blog\/wp-content\/uploads\/2018\/11\/parque-das-aves-5-300x225.jpg 300w, https:\/\/quantocustaviajar.com\/blog\/wp-content\/uploads\/2018\/11\/parque-das-aves-5-768x576.jpg 768w\" sizes=\"auto, (max-width: 872px) 100vw, 872px\" \/><figcaption id=\"caption-attachment-29000\" class=\"wp-caption-text\">Foto: <a href=\"https:\/\/www.instagram.com\/andressaxavier\/\" target=\"_blank\" rel=\"noopener noreferrer\">Andressa Xavier Pellanda<\/a><\/figcaption><\/figure>\n<figure id=\"attachment_29001\" aria-describedby=\"caption-attachment-29001\" style=\"width: 872px\" class=\"wp-caption alignnone\"><img loading=\"lazy\" decoding=\"async\" class=\"size-full wp-image-29001\" src=\"https:\/\/quantocustaviajar.com\/blog\/wp-content\/uploads\/2018\/11\/parque-das-aves-6.jpg\" alt=\"parque das aves\" width=\"872\" height=\"654\" srcset=\"https:\/\/quantocustaviajar.com\/blog\/wp-content\/uploads\/2018\/11\/parque-das-aves-6.jpg 872w, https:\/\/quantocustaviajar.com\/blog\/wp-content\/uploads\/2018\/11\/parque-das-aves-6-300x225.jpg 300w, https:\/\/quantocustaviajar.com\/blog\/wp-content\/uploads\/2018\/11\/parque-das-aves-6-768x576.jpg 768w\" sizes=\"auto, (max-width: 872px) 100vw, 872px\" \/><figcaption id=\"caption-attachment-29001\" class=\"wp-caption-text\">Foto: <a href=\"https:\/\/www.instagram.com\/andressaxavier\/\" target=\"_blank\" rel=\"noopener noreferrer\">Andressa Xavier Pellanda<\/a><\/figcaption><\/figure>\n<figure id=\"attachment_29003\" aria-describedby=\"caption-attachment-29003\" style=\"width: 872px\" class=\"wp-caption alignnone\"><img loading=\"lazy\" decoding=\"async\" class=\"size-full wp-image-29003\" src=\"https:\/\/quantocustaviajar.com\/blog\/wp-content\/uploads\/2018\/11\/parque-das-aves-8.jpg\" alt=\"parque das aves\" width=\"872\" height=\"654\" srcset=\"https:\/\/quantocustaviajar.com\/blog\/wp-content\/uploads\/2018\/11\/parque-das-aves-8.jpg 872w, https:\/\/quantocustaviajar.com\/blog\/wp-content\/uploads\/2018\/11\/parque-das-aves-8-300x225.jpg 300w, https:\/\/quantocustaviajar.com\/blog\/wp-content\/uploads\/2018\/11\/parque-das-aves-8-768x576.jpg 768w\" sizes=\"auto, (max-width: 872px) 100vw, 872px\" \/><figcaption id=\"caption-attachment-29003\" class=\"wp-caption-text\">Foto: <a href=\"https:\/\/www.instagram.com\/andressaxavier\/\" target=\"_blank\" rel=\"noopener noreferrer\">Andressa Xavier Pellanda<\/a><\/figcaption><\/figure>\n<p>Voc\u00ea tamb\u00e9m vai conhecer o Kako e a K\u00e1tia, um casal de saguis que habitam o Parque das Aves, ver uma representa\u00e7\u00e3o da mitol\u00f3gica \u00c1rvore da Vida, ficar pertinho dos mutuns, macucos, gralhas e jacutingas e muitos outros animais.<\/p>\n<p>Al\u00e9m disso, a trilha ainda possui r\u00e9pteis e um borbolet\u00e1rio, criado em 1994, que voc\u00ea tamb\u00e9m pode apreciar.<\/p>\n<p><strong>Importante<\/strong>: o Parque das Aves n\u00e3o fica dentro no Parque Nacional das Cataratas. A dist\u00e2ncia entre a entrada dos dois \u00e9 de 300 metros, mas voc\u00ea deve adquirir bilhetes separados para cada parque.<\/p>\n<blockquote><p><a href=\"https:\/\/quantocustaviajar.com\/blog\/cataratas-do-iguacu\/\" target=\"_blank\" rel=\"noopener noreferrer\"><strong>Quer conhecer as Cataratas do Igua\u00e7u? Saiba mais sobre o passeio no lado brasileiro e argentino<\/strong><\/a><\/p><\/blockquote>\n<h2><span class=\"ez-toc-section\" id=\"Uma_experiencia_diferente\"><\/span>Uma experi\u00eancia diferente<span class=\"ez-toc-section-end\"><\/span><\/h2>\n<p>Os turistas que desejam uma experi\u00eancia ainda mais imersiva podem fazer dois tours que s\u00e3o estritamente limitados:<\/p>\n<h3><span class=\"ez-toc-section\" id=\"Backstage_Experience\"><\/span>Backstage Experience<span class=\"ez-toc-section-end\"><\/span><\/h3>\n<p>https:\/\/www.youtube.com\/watch?v=p5EZPTLC5gQ<\/p>\n<p>O Backstage Experience \u00e9 um tour de 1h30 e oferece a oportunidade de vivenciar os bastidores do trabalho de recupera\u00e7\u00e3o e conserva\u00e7\u00e3o realizado pelo Parque das Aves.<\/p>\n<p>Os visitantes que fazem esse tour acessam algumas \u00e1reas restritas do Parque Nacional, entram em contato ainda mais pr\u00f3ximo com algumas aves e podem, inclusive, alimentar tucanos e flamingos.<\/p>\n<p>O tour \u00e9 realizado quando o Parque das Aves ainda est\u00e1 fechado para o p\u00fablico. O pre\u00e7o desse passeio \u00e9 de R$ 200 por pessoa. <a href=\"https:\/\/tickets.parquedasaves.com.br\/\" target=\"_blank\" rel=\"noopener noreferrer\"><strong>Clique aqui<\/strong><\/a> e compre seu ingresso.<\/p>\n<h3><span class=\"ez-toc-section\" id=\"Forest_Experience\"><\/span>Forest Experience<span class=\"ez-toc-section-end\"><\/span><\/h3>\n<figure id=\"attachment_29028\" aria-describedby=\"caption-attachment-29028\" style=\"width: 960px\" class=\"wp-caption alignnone\"><img loading=\"lazy\" decoding=\"async\" class=\"size-full wp-image-29028\" src=\"https:\/\/quantocustaviajar.com\/blog\/wp-content\/uploads\/2018\/11\/parque-das-aves-13.jpg\" alt=\"\" width=\"960\" height=\"300\" srcset=\"https:\/\/quantocustaviajar.com\/blog\/wp-content\/uploads\/2018\/11\/parque-das-aves-13.jpg 960w, https:\/\/quantocustaviajar.com\/blog\/wp-content\/uploads\/2018\/11\/parque-das-aves-13-300x94.jpg 300w, https:\/\/quantocustaviajar.com\/blog\/wp-content\/uploads\/2018\/11\/parque-das-aves-13-768x240.jpg 768w\" sizes=\"auto, (max-width: 960px) 100vw, 960px\" \/><figcaption id=\"caption-attachment-29028\" class=\"wp-caption-text\">Foto: <a href=\"http:\/\/www.parquedasaves.com.br\/pt\/forestxp.html\" target=\"_blank\" rel=\"noopener noreferrer\">Parque das Aves<\/a><\/figcaption><\/figure>\n<p>J\u00e1 pensou em participar de uma cerim\u00f4nia de boas-vindas de uma tribo? O Forest Experience \u00e9 um encontro realizado \u00e0 noite na floresta do Parque das Aves com os Mbya-Guarani, habitantes da aldeia Jacy Por\u00e3 que fica do outro lado do Rio Igua\u00e7u, na <a href=\"https:\/\/quantocustaviajar.com\/blog\/lugares-imperdiveis-para-conhecer-na-argentina\/\">Argentina<\/a>.<\/p>\n<p>Os Guaranis realizam uma cerim\u00f4nia com dan\u00e7a, comida e o cerimonial do tabaco. Maiores de 18 anos podem participar dessa experi\u00eancia que proporciona uma noite m\u00e1gica e diferente de tudo que voc\u00ea j\u00e1 viveu.<\/p>\n<p>A participa\u00e7\u00e3o \u00e9 estritamente limitada e dispon\u00edvel somente duas noites por semana. O valor \u00e9 de R$ 250. <a href=\"https:\/\/tickets.parquedasaves.com.br\/\" target=\"_blank\" rel=\"noopener noreferrer\"><strong>Clique aqui<\/strong><\/a> e compre seu ingresso.<\/p>\n<h2><span class=\"ez-toc-section\" id=\"Como_chegar_ao_Parque_das_Aves\"><\/span>Como chegar ao Parque das Aves?<span class=\"ez-toc-section-end\"><\/span><\/h2>\n<figure id=\"attachment_29004\" aria-describedby=\"caption-attachment-29004\" style=\"width: 872px\" class=\"wp-caption alignnone\"><img loading=\"lazy\" decoding=\"async\" class=\"wp-image-29004 size-full\" src=\"https:\/\/quantocustaviajar.com\/blog\/wp-content\/uploads\/2018\/11\/parque-das-aves-9.jpg\" alt=\"parque das aves\" width=\"872\" height=\"654\" \/><figcaption id=\"caption-attachment-29004\" class=\"wp-caption-text\">Foto: <a href=\"https:\/\/www.instagram.com\/andressaxavier\/\" target=\"_blank\" rel=\"noopener noreferrer\">Andressa Xavier Pellanda<\/a><\/figcaption><\/figure>\n<p>O Parque das Aves fica na Av. das Cataratas, 12450 e abre diariamente, das\u00a08h30 \u00e0s 17h.<\/p>\n<p>Voc\u00ea pode ir com um <a href=\"https:\/\/www.rentcars.com\/es\/?requestorid=52\" target=\"_blank\" rel=\"noopener noreferrer\"><strong>carro alugado em Foz do Igua\u00e7u<\/strong><\/a> ou pr\u00f3prio e deixar o ve\u00edculo no estacionamento gratuito do parque. O n\u00famero de vagas \u00e9 limitado. Caso voc\u00ea v\u00e1 na alta temporada ou em uma emenda de feriado, pode ser que seja necess\u00e1rio parar o carro em estacionamentos privados da regi\u00e3o (e pagos \u00e0 parte).<\/p>\n<p>Voc\u00ea tamb\u00e9m pode pegar o \u00f4nibus Linha 120 PQ Nacional &#8211; Centro que vai do centro de Foz do Igua\u00e7u at\u00e9 o Parque Nacional.<\/p>\n<h2><span class=\"ez-toc-section\" id=\"Quanto_custa_ir_ao_Parque_das_Aves\"><\/span>Quanto custa ir ao Parque das Aves?<span class=\"ez-toc-section-end\"><\/span><\/h2>\n<figure id=\"attachment_28999\" aria-describedby=\"caption-attachment-28999\" style=\"width: 872px\" class=\"wp-caption alignnone\"><img loading=\"lazy\" decoding=\"async\" class=\"size-full wp-image-28999\" src=\"https:\/\/quantocustaviajar.com\/blog\/wp-content\/uploads\/2018\/11\/parque-das-aves-4.jpg\" alt=\"parque das aves\" width=\"872\" height=\"654\" srcset=\"https:\/\/quantocustaviajar.com\/blog\/wp-content\/uploads\/2018\/11\/parque-das-aves-4.jpg 872w, https:\/\/quantocustaviajar.com\/blog\/wp-content\/uploads\/2018\/11\/parque-das-aves-4-300x225.jpg 300w, https:\/\/quantocustaviajar.com\/blog\/wp-content\/uploads\/2018\/11\/parque-das-aves-4-768x576.jpg 768w\" sizes=\"auto, (max-width: 872px) 100vw, 872px\" \/><figcaption id=\"caption-attachment-28999\" class=\"wp-caption-text\">Foto: <a href=\"https:\/\/www.instagram.com\/andressaxavier\/\" target=\"_blank\" rel=\"noopener noreferrer\">Andressa Xavier Pellanda<\/a><\/figcaption><\/figure>\n<p>A entrada custa\u00a0R$ 45. Moradores de Foz do Igua\u00e7u pagam R$ 10; estudantes pagam R$ 22 e maiores de 60 anos pagam R$ 22 tamb\u00e9m. Crian\u00e7as at\u00e9 8 anos n\u00e3o pagam pela entrada do parque, desde que estejam acompanhadas dos pais ou respons\u00e1veis.<\/p>\n<p>Se preferir, voc\u00ea pode fazer um tour guiado, com uma empresa que pega voc\u00ea no seu hotel no centro de Foz do Igua\u00e7u.<\/p>\n<blockquote><p><a href=\"https:\/\/www.partner.viator.com\/pt\/15570\/tours\/Foz-do-Iguacu\/Iguassu-Falls-Bird-Park-General-Admission-Ticket-and-Tour\/d970-2484IGUBIRD\" target=\"_blank\" rel=\"noopener noreferrer\"><strong>Ingresso e excurs\u00e3o para o Parque das Aves: saiba mais aqui<\/strong><\/a><\/p><\/blockquote>\n<p>N\u00e3o deixe de visitar o Parque das Aves durante sua viagem a Foz do Igua\u00e7u, voc\u00ea n\u00e3o vai se arrepender!<\/p>\n","protected":false},"excerpt":{"rendered":"<p>Se voc\u00ea est\u00e1 com viagem marcada para Foz do Igua\u00e7u, uma dica bacana de passeio \u00e9 visitar o Parque das Aves. Essa \u00e9 a sua chance de ter contato direto com os animais e apreciar ainda mais a natureza desse nosso Brasil! O Parque das Aves \u00e9 composto por uma \u00e1rea de 16 hectares de [&hellip;]<\/p>\n","protected":false},"author":11,"featured_media":29029,"comment_status":"open","ping_status":"open","sticky":false,"template":"","format":"standard","meta":{"cybocfi_hide_featured_image":"","footnotes":""},"categories":[1437,1434],"tags":[176,1762,266,867,111,132],"class_list":["post-28986","post","type-post","status-publish","format-standard","has-post-thumbnail","hentry","category-ao-ar-livre","category-descubra-brasil","tag-america-do-sul","tag-aves","tag-brasil","tag-foz-do-iguacu","tag-natureza","tag-parque"],"blocksy_meta":[],"yoast_head":"<!-- This site is optimized with the Yoast SEO plugin v26.3 - https:\/\/yoast.com\/wordpress\/plugins\/seo\/ -->\n<title>Parque das aves em Foz do Igua\u00e7u \u00e9 op\u00e7\u00e3o de passeio para toda fam\u00edlia<\/title>\n<meta name=\"description\" content=\"Vai viajar para Foz do Igua\u00e7u? Descubra mais detalhes sobre o Parque das aves, um passeio capaz de agradar a fam\u00edlia inteira!\" \/>\n<meta name=\"robots\" content=\"index, follow, max-snippet:-1, max-image-preview:large, max-video-preview:-1\" \/>\n<link rel=\"canonical\" href=\"https:\/\/quantocustaviajar.com\/blog\/parque-das-aves-em-foz-do-iguacu\/\" \/>\n<meta property=\"og:locale\" content=\"pt_BR\" \/>\n<meta property=\"og:type\" content=\"article\" \/>\n<meta property=\"og:title\" content=\"Parque das aves em Foz do Igua\u00e7u \u00e9 op\u00e7\u00e3o de passeio para toda fam\u00edlia\" \/>\n<meta property=\"og:description\" content=\"Vai viajar para Foz do Igua\u00e7u? Descubra mais detalhes sobre o Parque das aves, um passeio capaz de agradar a fam\u00edlia inteira!\" \/>\n<meta property=\"og:url\" content=\"https:\/\/quantocustaviajar.com\/blog\/parque-das-aves-em-foz-do-iguacu\/\" \/>\n<meta property=\"og:site_name\" content=\"Blog Quanto Custa Viajar\" \/>\n<meta property=\"article:publisher\" content=\"https:\/\/www.facebook.com\/quantocustaviajar\" \/>\n<meta property=\"article:published_time\" content=\"2018-11-20T09:00:25+00:00\" \/>\n<meta property=\"article:modified_time\" content=\"2021-07-28T18:06:05+00:00\" \/>\n<meta property=\"og:image\" content=\"https:\/\/quantocustaviajar.com\/blog\/wp-content\/uploads\/2018\/11\/parque-das-aves-14.jpg\" \/>\n\t<meta property=\"og:image:width\" content=\"1200\" \/>\n\t<meta property=\"og:image:height\" content=\"630\" \/>\n\t<meta property=\"og:image:type\" content=\"image\/jpeg\" \/>\n<meta name=\"author\" content=\"Andressa Xavier Pellanda\" \/>\n<meta name=\"twitter:card\" content=\"summary_large_image\" \/>\n<meta name=\"twitter:label1\" content=\"Escrito por\" \/>\n\t<meta name=\"twitter:data1\" content=\"Andressa Xavier Pellanda\" \/>\n\t<meta name=\"twitter:label2\" content=\"Est. tempo de leitura\" \/>\n\t<meta name=\"twitter:data2\" content=\"5 minutos\" \/>\n<!-- \/ Yoast SEO plugin. -->","yoast_head_json":{"title":"Parque das aves em Foz do Igua\u00e7u \u00e9 op\u00e7\u00e3o de passeio para toda fam\u00edlia","description":"Vai viajar para Foz do Igua\u00e7u? Descubra mais detalhes sobre o Parque das aves, um passeio capaz de agradar a fam\u00edlia inteira!","robots":{"index":"index","follow":"follow","max-snippet":"max-snippet:-1","max-image-preview":"max-image-preview:large","max-video-preview":"max-video-preview:-1"},"canonical":"https:\/\/quantocustaviajar.com\/blog\/parque-das-aves-em-foz-do-iguacu\/","og_locale":"pt_BR","og_type":"article","og_title":"Parque das aves em Foz do Igua\u00e7u \u00e9 op\u00e7\u00e3o de passeio para toda fam\u00edlia","og_description":"Vai viajar para Foz do Igua\u00e7u? Descubra mais detalhes sobre o Parque das aves, um passeio capaz de agradar a fam\u00edlia inteira!","og_url":"https:\/\/quantocustaviajar.com\/blog\/parque-das-aves-em-foz-do-iguacu\/","og_site_name":"Blog Quanto Custa Viajar","article_publisher":"https:\/\/www.facebook.com\/quantocustaviajar","article_published_time":"2018-11-20T09:00:25+00:00","article_modified_time":"2021-07-28T18:06:05+00:00","og_image":[{"width":1200,"height":630,"url":"https:\/\/quantocustaviajar.com\/blog\/wp-content\/uploads\/2018\/11\/parque-das-aves-14.jpg","type":"image\/jpeg"}],"author":"Andressa Xavier Pellanda","twitter_card":"summary_large_image","twitter_misc":{"Escrito por":"Andressa Xavier Pellanda","Est. tempo de leitura":"5 minutos"},"schema":{"@context":"https:\/\/schema.org","@graph":[{"@type":["Article","BlogPosting"],"@id":"https:\/\/quantocustaviajar.com\/blog\/parque-das-aves-em-foz-do-iguacu\/#article","isPartOf":{"@id":"https:\/\/quantocustaviajar.com\/blog\/parque-das-aves-em-foz-do-iguacu\/"},"author":{"name":"Andressa Xavier Pellanda","@id":"https:\/\/quantocustaviajar.com\/blog\/#\/schema\/person\/81b0aaf2069da1a2da54677906b42d3c"},"headline":"Parque das aves em Foz do Igua\u00e7u \u00e9 op\u00e7\u00e3o de passeio para toda fam\u00edlia","datePublished":"2018-11-20T09:00:25+00:00","dateModified":"2021-07-28T18:06:05+00:00","mainEntityOfPage":{"@id":"https:\/\/quantocustaviajar.com\/blog\/parque-das-aves-em-foz-do-iguacu\/"},"wordCount":921,"commentCount":5,"publisher":{"@id":"https:\/\/quantocustaviajar.com\/blog\/#organization"},"image":{"@id":"https:\/\/quantocustaviajar.com\/blog\/parque-das-aves-em-foz-do-iguacu\/#primaryimage"},"thumbnailUrl":"https:\/\/quantocustaviajar.com\/blog\/wp-content\/uploads\/2018\/11\/parque-das-aves-14.jpg","keywords":["am\u00e9rica do sul","aves","Brasil","Foz do Igua\u00e7u","natureza","parque"],"articleSection":["Ao Ar Livre","Descubra o Brasil"],"inLanguage":"pt-BR","potentialAction":[{"@type":"CommentAction","name":"Comment","target":["https:\/\/quantocustaviajar.com\/blog\/parque-das-aves-em-foz-do-iguacu\/#respond"]}]},{"@type":"WebPage","@id":"https:\/\/quantocustaviajar.com\/blog\/parque-das-aves-em-foz-do-iguacu\/","url":"https:\/\/quantocustaviajar.com\/blog\/parque-das-aves-em-foz-do-iguacu\/","name":"Parque das aves em Foz do Igua\u00e7u \u00e9 op\u00e7\u00e3o de passeio para toda fam\u00edlia","isPartOf":{"@id":"https:\/\/quantocustaviajar.com\/blog\/#website"},"primaryImageOfPage":{"@id":"https:\/\/quantocustaviajar.com\/blog\/parque-das-aves-em-foz-do-iguacu\/#primaryimage"},"image":{"@id":"https:\/\/quantocustaviajar.com\/blog\/parque-das-aves-em-foz-do-iguacu\/#primaryimage"},"thumbnailUrl":"https:\/\/quantocustaviajar.com\/blog\/wp-content\/uploads\/2018\/11\/parque-das-aves-14.jpg","datePublished":"2018-11-20T09:00:25+00:00","dateModified":"2021-07-28T18:06:05+00:00","description":"Vai viajar para Foz do Igua\u00e7u? Descubra mais detalhes sobre o Parque das aves, um passeio capaz de agradar a fam\u00edlia inteira!","breadcrumb":{"@id":"https:\/\/quantocustaviajar.com\/blog\/parque-das-aves-em-foz-do-iguacu\/#breadcrumb"},"inLanguage":"pt-BR","potentialAction":[{"@type":"ReadAction","target":["https:\/\/quantocustaviajar.com\/blog\/parque-das-aves-em-foz-do-iguacu\/"]}]},{"@type":"ImageObject","inLanguage":"pt-BR","@id":"https:\/\/quantocustaviajar.com\/blog\/parque-das-aves-em-foz-do-iguacu\/#primaryimage","url":"https:\/\/quantocustaviajar.com\/blog\/wp-content\/uploads\/2018\/11\/parque-das-aves-14.jpg","contentUrl":"https:\/\/quantocustaviajar.com\/blog\/wp-content\/uploads\/2018\/11\/parque-das-aves-14.jpg","width":1200,"height":630,"caption":"Foto: Andressa Xavier Pellanda"},{"@type":"BreadcrumbList","@id":"https:\/\/quantocustaviajar.com\/blog\/parque-das-aves-em-foz-do-iguacu\/#breadcrumb","itemListElement":[{"@type":"ListItem","position":1,"name":"In\u00edcio","item":"https:\/\/quantocustaviajar.com\/blog\/"},{"@type":"ListItem","position":2,"name":"Parque das aves em Foz do Igua\u00e7u \u00e9 op\u00e7\u00e3o de passeio para toda fam\u00edlia"}]},{"@type":"WebSite","@id":"https:\/\/quantocustaviajar.com\/blog\/#website","url":"https:\/\/quantocustaviajar.com\/blog\/","name":"Blog Quanto Custa Viajar","description":"","publisher":{"@id":"https:\/\/quantocustaviajar.com\/blog\/#organization"},"potentialAction":[{"@type":"SearchAction","target":{"@type":"EntryPoint","urlTemplate":"https:\/\/quantocustaviajar.com\/blog\/?s={search_term_string}"},"query-input":{"@type":"PropertyValueSpecification","valueRequired":true,"valueName":"search_term_string"}}],"inLanguage":"pt-BR"},{"@type":"Organization","@id":"https:\/\/quantocustaviajar.com\/blog\/#organization","name":"Quanto Custa Viajar","url":"https:\/\/quantocustaviajar.com\/blog\/","logo":{"@type":"ImageObject","inLanguage":"pt-BR","@id":"https:\/\/quantocustaviajar.com\/blog\/#\/schema\/logo\/image\/","url":"","contentUrl":"","caption":"Quanto Custa Viajar"},"image":{"@id":"https:\/\/quantocustaviajar.com\/blog\/#\/schema\/logo\/image\/"},"sameAs":["https:\/\/www.facebook.com\/quantocustaviajar"]},{"@type":"Person","@id":"https:\/\/quantocustaviajar.com\/blog\/#\/schema\/person\/81b0aaf2069da1a2da54677906b42d3c","name":"Andressa Xavier Pellanda","image":{"@type":"ImageObject","inLanguage":"pt-BR","@id":"https:\/\/quantocustaviajar.com\/blog\/#\/schema\/person\/image\/","url":"https:\/\/secure.gravatar.com\/avatar\/efccc167c341de2100a574b335de06f5efda2310964e70124d995491728ed674?s=96&d=mm&r=g","contentUrl":"https:\/\/secure.gravatar.com\/avatar\/efccc167c341de2100a574b335de06f5efda2310964e70124d995491728ed674?s=96&d=mm&r=g","caption":"Andressa Xavier Pellanda"},"description":"Eu gosto de viajar antes mesmo de chegar ao destino!","url":"https:\/\/quantocustaviajar.com\/blog\/author\/andressa\/"}]}},"_links":{"self":[{"href":"https:\/\/quantocustaviajar.com\/blog\/wp-json\/wp\/v2\/posts\/28986","targetHints":{"allow":["GET"]}}],"collection":[{"href":"https:\/\/quantocustaviajar.com\/blog\/wp-json\/wp\/v2\/posts"}],"about":[{"href":"https:\/\/quantocustaviajar.com\/blog\/wp-json\/wp\/v2\/types\/post"}],"author":[{"embeddable":true,"href":"https:\/\/quantocustaviajar.com\/blog\/wp-json\/wp\/v2\/users\/11"}],"replies":[{"embeddable":true,"href":"https:\/\/quantocustaviajar.com\/blog\/wp-json\/wp\/v2\/comments?post=28986"}],"version-history":[{"count":8,"href":"https:\/\/quantocustaviajar.com\/blog\/wp-json\/wp\/v2\/posts\/28986\/revisions"}],"predecessor-version":[{"id":49303,"href":"https:\/\/quantocustaviajar.com\/blog\/wp-json\/wp\/v2\/posts\/28986\/revisions\/49303"}],"wp:featuredmedia":[{"embeddable":true,"href":"https:\/\/quantocustaviajar.com\/blog\/wp-json\/wp\/v2\/media\/29029"}],"wp:attachment":[{"href":"https:\/\/quantocustaviajar.com\/blog\/wp-json\/wp\/v2\/media?parent=28986"}],"wp:term":[{"taxonomy":"category","embeddable":true,"href":"https:\/\/quantocustaviajar.com\/blog\/wp-json\/wp\/v2\/categories?post=28986"},{"taxonomy":"post_tag","embeddable":true,"href":"https:\/\/quantocustaviajar.com\/blog\/wp-json\/wp\/v2\/tags?post=28986"}],"curies":[{"name":"wp","href":"https:\/\/api.w.org\/{rel}","templated":true}]}}