{"id":28961,"date":"2018-12-11T11:52:02","date_gmt":"2018-12-11T11:52:02","guid":{"rendered":"https:\/\/quantocustaviajar.com\/blog\/?p=28961"},"modified":"2018-12-11T11:52:02","modified_gmt":"2018-12-11T11:52:02","slug":"trikala-grecia","status":"publish","type":"post","link":"https:\/\/quantocustaviajar.com\/blog\/trikala-grecia\/","title":{"rendered":"Conhe\u00e7a Trikala, a cidade mais europeia da Gr\u00e9cia e primeira &#8220;smart city&#8221; do pa\u00eds"},"content":{"rendered":"<p>Esque\u00e7a aquele cen\u00e1rio pitoresco de casinhas brancas com portas azuis entre pequenas vielas de pedra quando chegar em <strong>Trikala<\/strong>, a\u00a0<strong>cidade mais europeia da <a href=\"http:\/\/quantocustaviajar.com\/grecia\" target=\"_blank\" rel=\"noopener\">Gr\u00e9cia<\/a><\/strong> e primeira &#8220;<strong><em>smart city<\/em><\/strong>&#8221; do pa\u00eds. Pertinho de <a href=\"https:\/\/quantocustaviajar.com\/blog\/mosteiros-suspensos-de-meteora-na-grecia\/\" target=\"_blank\" rel=\"noopener\">Meteora<\/a>, a joia entre montanhas \u00e9 a prova de que existe muito mais a se fazer por aquelas bandas do que aproveitar sol e mar nos dias de Ver\u00e3o.<\/p>\n<p>A cidade no cora\u00e7\u00e3o de <strong>Tess\u00e1lia<\/strong>, a 331 km de <a href=\"https:\/\/quantocustaviajar.com\/grecia\/atenas\" target=\"_blank\" rel=\"noopener\"><strong>Atenas<\/strong><\/a>, se assemelha \u00e0s demais do Velho Continente, com pra\u00e7as convidativas, planejamento urbano exemplar, edif\u00edcios hist\u00f3ricos charmosos, parques bem cuidados e a presen\u00e7a marcante do <strong>rio\u00a0Lithaios<\/strong>, que traz um ar rom\u00e2ntico para o destino. A ponte central foi elaborada em 1886 e importada da Fran\u00e7a.<\/p>\n<p><img loading=\"lazy\" decoding=\"async\" class=\"aligncenter wp-image-28907 size-full\" src=\"https:\/\/quantocustaviajar.com\/blog\/wp-content\/uploads\/2018\/11\/trikala.jpg\" alt=\"\" width=\"650\" height=\"406\" srcset=\"https:\/\/quantocustaviajar.com\/blog\/wp-content\/uploads\/2018\/11\/trikala.jpg 650w, https:\/\/quantocustaviajar.com\/blog\/wp-content\/uploads\/2018\/11\/trikala-300x187.jpg 300w\" sizes=\"auto, (max-width: 650px) 100vw, 650px\" \/><\/p>\n<blockquote><p><a href=\"https:\/\/quantocustaviajar.com\/grecia\/atenas\/passagem-aerea\" target=\"_blank\" rel=\"noopener\"><strong>Encontre em nosso site sua passagem para Atenas!<\/strong><\/a><\/p><\/blockquote>\n<p>Mas n\u00e3o \u00e9 exatamente isso que resulta no t\u00edtulo de <a href=\"https:\/\/quantocustaviajar.com\/blog\/barcelona-o-paraiso-da-arquitetura\/\" target=\"_blank\" rel=\"noopener\">smart city<\/a> (ou cidade inteligente), termo utilizado para designar <strong>lugares \u00e0 frente de seu tempo<\/strong>, com desenvolvimento sustent\u00e1vel e uso da tecnologia para aprimorar a qualidade de vida da popula\u00e7\u00e3o. Ou seja, aquele cantinho no mapa onde todo mundo gostaria de morar!\u00a0Os principais setores que abra\u00e7am a ideia incluem: Mobilidade Urbana, Energia, Assist\u00eancia M\u00e9dica, Cultura, Turismo e Governo Eletr\u00f4nico.<\/p>\n<p>Diferente dos vilarejos gregos, <strong>Trikala \u00e9 plana, colaborando com a forte presen\u00e7a das bicicletas<\/strong>, um dos principais meios de transporte dos moradores. H\u00e1 tr\u00eas ciclovias que permeiam a cidade, em expans\u00e3o at\u00e9 2025, al\u00e9m de pontos p\u00fablicos de aluguel de bikes. Um dos grandes trunfos \u00e9, tamb\u00e9m, a implementa\u00e7\u00e3o de seis ve\u00edculos p\u00fablicos de transporte sem motorista, com sistema automatizado.<\/p>\n<p>Outros projetos importantes que o governo vai lan\u00e7ar at\u00e9 2030 s\u00e3o a redu\u00e7\u00e3o do consumo de energia, a promo\u00e7\u00e3o de carros el\u00e9tricos e h\u00edbridos, desenvolvimento de \u00e1reas verdes para reduzir o aquecimento global, cria\u00e7\u00e3o de uma rede de atendimento remoto de sa\u00fade para pessoas idosas ou com limita\u00e7\u00f5es, um app tur\u00edstico, 35 pontos de wi-fi gratuito e uma plataforma online para resolver, de maneira pr\u00e1tica, pepinos da administra\u00e7\u00e3o p\u00fablica.<\/p>\n<p><img loading=\"lazy\" decoding=\"async\" class=\"aligncenter wp-image-28909 size-full\" src=\"https:\/\/quantocustaviajar.com\/blog\/wp-content\/uploads\/2018\/11\/trikala3.jpg\" alt=\"\" width=\"650\" height=\"434\" srcset=\"https:\/\/quantocustaviajar.com\/blog\/wp-content\/uploads\/2018\/11\/trikala3.jpg 650w, https:\/\/quantocustaviajar.com\/blog\/wp-content\/uploads\/2018\/11\/trikala3-300x200.jpg 300w\" sizes=\"auto, (max-width: 650px) 100vw, 650px\" \/><\/p>\n<p>Depois de saber mais sobre as iniciativas, est\u00e1 na hora de voc\u00ea descobrir, afinal,\u00a0<strong>o que fazer em Trikala.\u00a0<\/strong>O passeio pode come\u00e7ar na tradicional vizinhan\u00e7a de <strong>Varoussi<\/strong>, conhecida pelas constru\u00e7\u00f5es dos s\u00e9culos 17, 18 e 19,\u00a0monumentos hist\u00f3ricos bizantinos e otomanos. Entre os principais chamarizes est\u00e1 a <strong>Fortaleza Justiniana<\/strong>, acima de uma colina, onde paira a 33 metros de altura o\u00a0emblema da cidade: um rel\u00f3gio do s\u00e9culo 17, que j\u00e1 foi destru\u00eddo e restaurado diversas vezes. O acervo conta com uma cole\u00e7\u00e3o arqueol\u00f3gica.<\/p>\n<p>\u00c9 interessante observar as casas do bairro, erguidas antigamente de um jeito desproporcional. Hoje, elas n\u00e3o passam despercebidas, ainda mais por serem pintadas de\u00a0 cores vivas, como verde, rosa e azul \u00edndigo.<\/p>\n<p><img loading=\"lazy\" decoding=\"async\" class=\"aligncenter wp-image-28968\" src=\"https:\/\/quantocustaviajar.com\/blog\/wp-content\/uploads\/2018\/11\/fortaleza-de-trikala.jpg\" alt=\"\" width=\"653\" height=\"435\" srcset=\"https:\/\/quantocustaviajar.com\/blog\/wp-content\/uploads\/2018\/11\/fortaleza-de-trikala.jpg 1620w, https:\/\/quantocustaviajar.com\/blog\/wp-content\/uploads\/2018\/11\/fortaleza-de-trikala-300x200.jpg 300w, https:\/\/quantocustaviajar.com\/blog\/wp-content\/uploads\/2018\/11\/fortaleza-de-trikala-768x512.jpg 768w, https:\/\/quantocustaviajar.com\/blog\/wp-content\/uploads\/2018\/11\/fortaleza-de-trikala-1024x683.jpg 1024w\" sizes=\"auto, (max-width: 653px) 100vw, 653px\" \/><\/p>\n<p>No\u00a0<strong>Museu Tsitsanis<\/strong> est\u00e1 toda a trajet\u00f3ria de um importante personagem local, o\u00a0compositor grego e guitarrista do tradicional instrumento bouzouki, <strong>Vassilis Tsitsanis<\/strong>. Ele escreveu mais de 500 m\u00fasicas e fundou um g\u00eanero musical no in\u00edcio dos anos 1960, batizado de\u00a0&#8220;<strong><em>rebetika<\/em><\/strong>&#8220;. As letras sempre prezam pelas rela\u00e7\u00f5es humanas e situa\u00e7\u00f5es cotidianas da regi\u00e3o.<\/p>\n<p>Entre os atrativos culturais tamb\u00e9m se destacam o Museu do Folclore, a Galeria Municipal, a Biblioteca Municipal e o <strong>Centro de M\u00fasica Folk<\/strong>, que d\u00e1 continuidade ao legado de Tsitsanis, incluindo outros nomes como\u00a0Kaldaras e Virvos. Mais de 1.000 pinturas e 100 esculturas se re\u00fanem no <strong>Museu\u00a0Katsikogianni<\/strong>.<\/p>\n<p>H\u00e1 quem tenha curiosidade de conhecer o centro cultural e hist\u00f3rico <strong>Kliafa Co<\/strong>, onde est\u00e1 uma f\u00e1brica de refrigerantes e sucos fundada em 1926 junto ao Museu da Cidade, com espa\u00e7o expositivo e itens antigos da produ\u00e7\u00e3o.<\/p>\n<p><img loading=\"lazy\" decoding=\"async\" class=\"aligncenter wp-image-28848 size-full\" src=\"https:\/\/quantocustaviajar.com\/blog\/wp-content\/uploads\/2018\/11\/inverno-em-trikala.jpg\" alt=\"\" width=\"649\" height=\"430\" srcset=\"https:\/\/quantocustaviajar.com\/blog\/wp-content\/uploads\/2018\/11\/inverno-em-trikala.jpg 649w, https:\/\/quantocustaviajar.com\/blog\/wp-content\/uploads\/2018\/11\/inverno-em-trikala-300x199.jpg 300w\" sizes=\"auto, (max-width: 649px) 100vw, 649px\" \/><\/p>\n<p>Na principal via para pedestres,\u00a0<strong>Asklipiou<\/strong>, se re\u00fane boa parte do com\u00e9rcio e algumas das cafeterias mais conhecidas. No final dela est\u00e1 a <strong>Esta\u00e7\u00e3o de Trem<\/strong>, constru\u00edda em 1886. Em\u00a0<strong>Palia Manavika\u00a0<\/strong>est\u00e1 o burburinho noturno, alimentado por bares, restaurantes e tavernas.<\/p>\n<p><img loading=\"lazy\" decoding=\"async\" class=\"aligncenter wp-image-28910 size-full\" src=\"https:\/\/quantocustaviajar.com\/blog\/wp-content\/uploads\/2018\/11\/trikala4.jpg\" alt=\"\" width=\"650\" height=\"432\" srcset=\"https:\/\/quantocustaviajar.com\/blog\/wp-content\/uploads\/2018\/11\/trikala4.jpg 650w, https:\/\/quantocustaviajar.com\/blog\/wp-content\/uploads\/2018\/11\/trikala4-300x199.jpg 300w\" sizes=\"auto, (max-width: 650px) 100vw, 650px\" \/><\/p>\n<p><img loading=\"lazy\" decoding=\"async\" class=\"aligncenter wp-image-28974 size-full\" src=\"https:\/\/quantocustaviajar.com\/blog\/wp-content\/uploads\/2018\/11\/manavika-trikala2.jpg\" alt=\"\" width=\"650\" height=\"488\" srcset=\"https:\/\/quantocustaviajar.com\/blog\/wp-content\/uploads\/2018\/11\/manavika-trikala2.jpg 650w, https:\/\/quantocustaviajar.com\/blog\/wp-content\/uploads\/2018\/11\/manavika-trikala2-300x225.jpg 300w\" sizes=\"auto, (max-width: 650px) 100vw, 650px\" \/><\/p>\n<p><img loading=\"lazy\" decoding=\"async\" class=\"aligncenter wp-image-28975 size-full\" src=\"https:\/\/quantocustaviajar.com\/blog\/wp-content\/uploads\/2018\/11\/manavika-trikala.jpg\" alt=\"\" width=\"650\" height=\"894\" srcset=\"https:\/\/quantocustaviajar.com\/blog\/wp-content\/uploads\/2018\/11\/manavika-trikala.jpg 650w, https:\/\/quantocustaviajar.com\/blog\/wp-content\/uploads\/2018\/11\/manavika-trikala-218x300.jpg 218w\" sizes=\"auto, (max-width: 650px) 100vw, 650px\" \/><\/p>\n<p>Durante o <a href=\"https:\/\/quantocustaviajar.com\/blog\/dicas-do-que-fazer-e-para-onde-viajar-no-natal\/\" target=\"_blank\" rel=\"noopener\"><strong>Natal<\/strong><\/a> a cidade ganha um lindo <strong>parque tem\u00e1tico<\/strong>, chamado de\u00a0\u201c<a href=\"http:\/\/www.milosxotikon.gr\/\" target=\"_blank\" rel=\"noopener\">The Mill of the Elves<\/a>&#8220;, que atrai pessoas da Gr\u00e9cia inteira para a regi\u00e3o. Pista de gelo, passeio de trem, parque de divers\u00f5es, casa do Papai Noel, casa dos Elfos, f\u00e1brica de chocolate, museu do cogumelo e <a href=\"https:\/\/quantocustaviajar.com\/blog\/o-iluminado-natal-da-dinamarca\/\" target=\"_blank\" rel=\"noopener\"><strong>mercado de natal<\/strong><\/a> est\u00e3o entre as atividades organizadas durante o per\u00edodo mais m\u00e1gico do ano. \u00c9 um dos destinos natalinos menos conhecidos da Europa e t\u00e3o incr\u00edvel quanto qualquer outro.<\/p>\n<p><img loading=\"lazy\" decoding=\"async\" class=\"aligncenter wp-image-28913 size-full\" src=\"https:\/\/quantocustaviajar.com\/blog\/wp-content\/uploads\/2018\/11\/trikala-natal.jpg\" alt=\"\" width=\"650\" height=\"366\" srcset=\"https:\/\/quantocustaviajar.com\/blog\/wp-content\/uploads\/2018\/11\/trikala-natal.jpg 650w, https:\/\/quantocustaviajar.com\/blog\/wp-content\/uploads\/2018\/11\/trikala-natal-300x169.jpg 300w\" sizes=\"auto, (max-width: 650px) 100vw, 650px\" \/><\/p>\n<p><img loading=\"lazy\" decoding=\"async\" class=\"aligncenter wp-image-28979\" src=\"https:\/\/quantocustaviajar.com\/blog\/wp-content\/uploads\/2018\/11\/natal-na-grecia.jpg\" alt=\"\" width=\"651\" height=\"433\" srcset=\"https:\/\/quantocustaviajar.com\/blog\/wp-content\/uploads\/2018\/11\/natal-na-grecia.jpg 2600w, https:\/\/quantocustaviajar.com\/blog\/wp-content\/uploads\/2018\/11\/natal-na-grecia-300x200.jpg 300w, https:\/\/quantocustaviajar.com\/blog\/wp-content\/uploads\/2018\/11\/natal-na-grecia-768x511.jpg 768w, https:\/\/quantocustaviajar.com\/blog\/wp-content\/uploads\/2018\/11\/natal-na-grecia-1024x681.jpg 1024w, https:\/\/quantocustaviajar.com\/blog\/wp-content\/uploads\/2018\/11\/natal-na-grecia-1920x1277.jpg 1920w\" sizes=\"auto, (max-width: 651px) 100vw, 651px\" \/><\/p>\n<h2>Nos arredores<\/h2>\n<p>Depois de dar um giro pela cidade, nada melhor do que sair dela, porque definitivamente h\u00e1 muitas maravilhas naturais em seus arredores. Voc\u00ea pode desbravar as tradicionais vilas que rodeiam a cadeia montanhosa de\u00a0<strong>Pindos<\/strong>, se encantar com a neve de\u00a0<b>Pyli <\/b>ou subir at\u00e9 o <b><a href=\"https:\/\/quantocustaviajar.com\/blog\/mosteiros-suspensos-de-meteora-na-grecia\/\" target=\"_blank\" rel=\"noopener\">mosteiro suspenso de Meteora<\/a><\/b>, que \u00e9 um dos lugares mais fabulosos da Terra e est\u00e1 a 20 km de dist\u00e2ncia de Trikala.<\/p>\n<blockquote><p><a href=\"https:\/\/www.partner.viator.com\/pt\/15570\/search\/meteora\" target=\"_blank\" rel=\"noopener\"><strong>Compre online seu passeio at\u00e9 Meteora!<\/strong><\/a><\/p><\/blockquote>\n<p>O complexo composto de seis mosteiros \u00e9 considerado Patrim\u00f4nio Mundial da Humanidade pela Unesco, devido sua hist\u00f3ria, beleza e peculiaridade. Perto dali est\u00e3o as vilas de <strong>Kastr\u00e1ki<\/strong> e\u00a0<strong>Kalampaka<\/strong>, que costumam acolher os turistas \u00e1vidos por aventuras.<\/p>\n<p><img loading=\"lazy\" decoding=\"async\" class=\"aligncenter wp-image-28868 size-full\" src=\"https:\/\/quantocustaviajar.com\/blog\/wp-content\/uploads\/2018\/11\/monasteria-em-meteora.jpg\" alt=\"\" width=\"650\" height=\"448\" srcset=\"https:\/\/quantocustaviajar.com\/blog\/wp-content\/uploads\/2018\/11\/monasteria-em-meteora.jpg 650w, https:\/\/quantocustaviajar.com\/blog\/wp-content\/uploads\/2018\/11\/monasteria-em-meteora-300x207.jpg 300w\" sizes=\"auto, (max-width: 650px) 100vw, 650px\" \/><\/p>\n<p><img loading=\"lazy\" decoding=\"async\" class=\"aligncenter wp-image-28850 size-full\" src=\"https:\/\/quantocustaviajar.com\/blog\/wp-content\/uploads\/2018\/11\/kalampaka-grecia.jpg\" alt=\"\" width=\"650\" height=\"463\" srcset=\"https:\/\/quantocustaviajar.com\/blog\/wp-content\/uploads\/2018\/11\/kalampaka-grecia.jpg 650w, https:\/\/quantocustaviajar.com\/blog\/wp-content\/uploads\/2018\/11\/kalampaka-grecia-300x214.jpg 300w\" sizes=\"auto, (max-width: 650px) 100vw, 650px\" \/><\/p>\n<p>A cerca de 900 metros de altitude est\u00e1\u00a0<strong>Elati,<\/strong> um vilarejo que parece ter sa\u00eddo dos <a href=\"https:\/\/quantocustaviajar.com\/blog\/piscinas-das-fadas-escocia\/\" target=\"_blank\" rel=\"noopener\">contos de fadas<\/a>, com sua paisagem alpina deslumbrante e florestas densas. Na rua principal, os produtores locais montam um pequeno mercado para venderem suas iguarias, ao lado de uma por\u00e7\u00e3o de cafeterias aconchegantes.<\/p>\n<p>Durante a neve, quem movimenta o local \u00e9 o\u00a0<strong>Arachova Ski Resort<\/strong> e o <strong>Centro de Esqui Pertouli<\/strong>, numa aldeia pr\u00f3xima repleta de atrativos naturais. Localizada a 1.200 metros de altura, essa esta\u00e7\u00e3o opera desde 1985 e ajudou a impulsionar o turismo regional.<\/p>\n<p>Um dos principais monumentos do \u00e2mbito de Tess\u00e1lia fica entre as vilas de\u00a0Stournareika e Ropotos. Feita de pedra, a <strong>ponte\u00a0Palaiokarya<\/strong> se mant\u00e9m firme desde o s\u00e9culo 16, quando ligava Tess\u00e1lia a Epirus. A imagem inspiradora, com\u00a0duas cascatas artificiais de 12 metros de altura ao fundo, \u00e9 perfeita para um pique-nique. Ao seguir o caminho do rio se chega ao c\u00e2nion de Palaiokarya.<\/p>\n<p><img loading=\"lazy\" decoding=\"async\" class=\"aligncenter wp-image-28887 size-full\" src=\"https:\/\/quantocustaviajar.com\/blog\/wp-content\/uploads\/2018\/11\/pedra-Palaiokarya.jpg\" alt=\"\" width=\"650\" height=\"314\" srcset=\"https:\/\/quantocustaviajar.com\/blog\/wp-content\/uploads\/2018\/11\/pedra-Palaiokarya.jpg 650w, https:\/\/quantocustaviajar.com\/blog\/wp-content\/uploads\/2018\/11\/pedra-Palaiokarya-300x145.jpg 300w\" sizes=\"auto, (max-width: 650px) 100vw, 650px\" \/><\/p>\n<p><img loading=\"lazy\" decoding=\"async\" class=\"aligncenter wp-image-28842 size-full\" src=\"https:\/\/quantocustaviajar.com\/blog\/wp-content\/uploads\/2018\/11\/hospedagem-em-trikala.jpg\" alt=\"\" width=\"650\" height=\"426\" srcset=\"https:\/\/quantocustaviajar.com\/blog\/wp-content\/uploads\/2018\/11\/hospedagem-em-trikala.jpg 650w, https:\/\/quantocustaviajar.com\/blog\/wp-content\/uploads\/2018\/11\/hospedagem-em-trikala-300x197.jpg 300w\" sizes=\"auto, (max-width: 650px) 100vw, 650px\" \/><\/p>\n<blockquote><p><a href=\"https:\/\/www.booking.com\/searchresults.pt-br.html?aid=2161834&amp;sid=515123c755111394b3468122708d7c52&amp;sb=1&amp;src=index&amp;src_elem=sb&amp;error_url=https%3A%2F%2Fwww.booking.com%2Findex.pt-br.html%3Faid%3D2161834%3Bsid%3D515123c755111394b3468122708d7c52%3Bsb_price_type%3Dtotal%26%3B&amp;ss=Tr%C3%ADkala%2C+Thessalia%2C+Gr%C3%A9cia&amp;is_ski_area=&amp;ssne=Canc%C3%BAn&amp;ssne_untouched=Canc%C3%BAn&amp;checkin_monthday=10&amp;checkin_month=4&amp;checkin_year=2019&amp;checkout_monthday=11&amp;checkout_month=4&amp;checkout_year=2019&amp;no_rooms=1&amp;group_adults=2&amp;group_children=0&amp;b_h4u_keep_filters=&amp;from_sf=1&amp;ss_raw=trika&amp;ac_position=1&amp;ac_langcode=xb&amp;ac_click_type=b&amp;dest_id=-829591&amp;dest_type=city&amp;place_id_lat=39.555302&amp;place_id_lon=21.7675&amp;search_pageview_id=edea52dd251b0100&amp;search_selected=true&amp;search_pageview_id=edea52dd251b0100&amp;ac_suggestion_list_length=5&amp;ac_suggestion_theme_list_length=0\" target=\"_blank\" rel=\"noopener\"><strong>Partiu Trikala?! Confira as op\u00e7\u00f5es de hospedagem aqui.<\/strong><\/a><\/p><\/blockquote>\n<p><em>Fotos: divulga\u00e7\u00e3o<\/em><\/p>\n<p>https:\/\/quantocustaviajar.com\/blog\/piscina-natural-no-meio-das-rochas-lagoa-giola\/<\/p>\n","protected":false},"excerpt":{"rendered":"<p>Esque\u00e7a aquele cen\u00e1rio pitoresco de casinhas brancas com portas azuis entre pequenas vielas de pedra quando chegar em Trikala, a\u00a0cidade mais europeia da Gr\u00e9cia e primeira &#8220;smart city&#8221; do pa\u00eds. Pertinho de Meteora, a joia entre montanhas \u00e9 a prova de que existe muito mais a se fazer por aquelas bandas do que aproveitar sol [&hellip;]<\/p>\n","protected":false},"author":4,"featured_media":0,"comment_status":"open","ping_status":"open","sticky":false,"template":"","format":"standard","meta":{"cybocfi_hide_featured_image":"","footnotes":""},"categories":[1437,1436],"tags":[1446,18,630,1005,1244,816,214,211,529,321,236],"class_list":["post-28961","post","type-post","status-publish","format-standard","hentry","category-ao-ar-livre","category-artes-cultura-diversao","tag-atenas","tag-europa","tag-grecia","tag-lugares-diferentes","tag-melhores-cidades","tag-montanhas","tag-natal","tag-o-que-fazer","tag-onde-ir","tag-passeios","tag-romantico"],"blocksy_meta":[],"yoast_head":"<!-- This site is optimized with the Yoast SEO plugin v26.3 - https:\/\/yoast.com\/wordpress\/plugins\/seo\/ -->\n<title>Conhe\u00e7a Trikala, a cidade mais europeia da Gr\u00e9cia e primeira &quot;smart city&quot; do pa\u00eds<\/title>\n<meta name=\"description\" content=\"Esque\u00e7a aquele cen\u00e1rio pitoresco de casinhas brancas entre pequenas vielas de pedra quando chegar em Trikala, a\u00a0cidade mais europeia da Gr\u00e9cia.\" \/>\n<meta name=\"robots\" content=\"index, follow, max-snippet:-1, max-image-preview:large, max-video-preview:-1\" \/>\n<link rel=\"canonical\" href=\"https:\/\/quantocustaviajar.com\/blog\/trikala-grecia\/\" \/>\n<meta property=\"og:locale\" content=\"pt_BR\" \/>\n<meta property=\"og:type\" content=\"article\" \/>\n<meta property=\"og:title\" content=\"Conhe\u00e7a Trikala, a cidade mais europeia da Gr\u00e9cia e primeira &quot;smart city&quot; do pa\u00eds\" \/>\n<meta property=\"og:description\" content=\"Esque\u00e7a aquele cen\u00e1rio pitoresco de casinhas brancas entre pequenas vielas de pedra quando chegar em Trikala, a\u00a0cidade mais europeia da Gr\u00e9cia.\" \/>\n<meta property=\"og:url\" content=\"https:\/\/quantocustaviajar.com\/blog\/trikala-grecia\/\" \/>\n<meta property=\"og:site_name\" content=\"Blog Quanto Custa Viajar\" \/>\n<meta property=\"article:publisher\" content=\"https:\/\/www.facebook.com\/quantocustaviajar\" \/>\n<meta property=\"article:author\" content=\"https:\/\/www.facebook.com\/brunellapfvr\/posts\" \/>\n<meta property=\"article:published_time\" content=\"2018-12-11T11:52:02+00:00\" \/>\n<meta property=\"og:image\" content=\"https:\/\/quantocustaviajar.com\/blog\/wp-content\/uploads\/2018\/11\/trikala2.jpg\" \/>\n\t<meta property=\"og:image:width\" content=\"650\" \/>\n\t<meta property=\"og:image:height\" content=\"366\" \/>\n\t<meta property=\"og:image:type\" content=\"image\/jpeg\" \/>\n<meta name=\"author\" content=\"Brunella Nunes\" \/>\n<meta name=\"twitter:card\" content=\"summary_large_image\" \/>\n<meta name=\"twitter:label1\" content=\"Escrito por\" \/>\n\t<meta name=\"twitter:data1\" content=\"Brunella Nunes\" \/>\n\t<meta name=\"twitter:label2\" content=\"Est. tempo de leitura\" \/>\n\t<meta name=\"twitter:data2\" content=\"5 minutos\" \/>\n<!-- \/ Yoast SEO plugin. -->","yoast_head_json":{"title":"Conhe\u00e7a Trikala, a cidade mais europeia da Gr\u00e9cia e primeira \"smart city\" do pa\u00eds","description":"Esque\u00e7a aquele cen\u00e1rio pitoresco de casinhas brancas entre pequenas vielas de pedra quando chegar em Trikala, a\u00a0cidade mais europeia da Gr\u00e9cia.","robots":{"index":"index","follow":"follow","max-snippet":"max-snippet:-1","max-image-preview":"max-image-preview:large","max-video-preview":"max-video-preview:-1"},"canonical":"https:\/\/quantocustaviajar.com\/blog\/trikala-grecia\/","og_locale":"pt_BR","og_type":"article","og_title":"Conhe\u00e7a Trikala, a cidade mais europeia da Gr\u00e9cia e primeira \"smart city\" do pa\u00eds","og_description":"Esque\u00e7a aquele cen\u00e1rio pitoresco de casinhas brancas entre pequenas vielas de pedra quando chegar em Trikala, a\u00a0cidade mais europeia da Gr\u00e9cia.","og_url":"https:\/\/quantocustaviajar.com\/blog\/trikala-grecia\/","og_site_name":"Blog Quanto Custa Viajar","article_publisher":"https:\/\/www.facebook.com\/quantocustaviajar","article_author":"https:\/\/www.facebook.com\/brunellapfvr\/posts","article_published_time":"2018-12-11T11:52:02+00:00","og_image":[{"width":650,"height":366,"url":"https:\/\/quantocustaviajar.com\/blog\/wp-content\/uploads\/2018\/11\/trikala2.jpg","type":"image\/jpeg"}],"author":"Brunella Nunes","twitter_card":"summary_large_image","twitter_misc":{"Escrito por":"Brunella Nunes","Est. tempo de leitura":"5 minutos"},"schema":{"@context":"https:\/\/schema.org","@graph":[{"@type":["Article","BlogPosting"],"@id":"https:\/\/quantocustaviajar.com\/blog\/trikala-grecia\/#article","isPartOf":{"@id":"https:\/\/quantocustaviajar.com\/blog\/trikala-grecia\/"},"author":{"name":"Brunella Nunes","@id":"https:\/\/quantocustaviajar.com\/blog\/#\/schema\/person\/1a6dd3da9d0c0a4be42652b67bea19bb"},"headline":"Conhe\u00e7a Trikala, a cidade mais europeia da Gr\u00e9cia e primeira &#8220;smart city&#8221; do pa\u00eds","datePublished":"2018-12-11T11:52:02+00:00","mainEntityOfPage":{"@id":"https:\/\/quantocustaviajar.com\/blog\/trikala-grecia\/"},"wordCount":1070,"commentCount":0,"publisher":{"@id":"https:\/\/quantocustaviajar.com\/blog\/#organization"},"image":{"@id":"https:\/\/quantocustaviajar.com\/blog\/trikala-grecia\/#primaryimage"},"thumbnailUrl":"https:\/\/quantocustaviajar.com\/blog\/wp-content\/uploads\/2018\/11\/trikala.jpg","keywords":["atenas","europa","Gr\u00e9cia","lugares diferentes","melhores cidades","montanhas","Natal","o que fazer","onde ir","passeios","rom\u00e2ntico"],"articleSection":["Ao Ar Livre","Artes, Cultura &amp; Divers\u00e3o"],"inLanguage":"pt-BR","potentialAction":[{"@type":"CommentAction","name":"Comment","target":["https:\/\/quantocustaviajar.com\/blog\/trikala-grecia\/#respond"]}]},{"@type":"WebPage","@id":"https:\/\/quantocustaviajar.com\/blog\/trikala-grecia\/","url":"https:\/\/quantocustaviajar.com\/blog\/trikala-grecia\/","name":"Conhe\u00e7a Trikala, a cidade mais europeia da Gr\u00e9cia e primeira \"smart city\" do pa\u00eds","isPartOf":{"@id":"https:\/\/quantocustaviajar.com\/blog\/#website"},"primaryImageOfPage":{"@id":"https:\/\/quantocustaviajar.com\/blog\/trikala-grecia\/#primaryimage"},"image":{"@id":"https:\/\/quantocustaviajar.com\/blog\/trikala-grecia\/#primaryimage"},"thumbnailUrl":"https:\/\/quantocustaviajar.com\/blog\/wp-content\/uploads\/2018\/11\/trikala.jpg","datePublished":"2018-12-11T11:52:02+00:00","description":"Esque\u00e7a aquele cen\u00e1rio pitoresco de casinhas brancas entre pequenas vielas de pedra quando chegar em Trikala, a\u00a0cidade mais europeia da Gr\u00e9cia.","breadcrumb":{"@id":"https:\/\/quantocustaviajar.com\/blog\/trikala-grecia\/#breadcrumb"},"inLanguage":"pt-BR","potentialAction":[{"@type":"ReadAction","target":["https:\/\/quantocustaviajar.com\/blog\/trikala-grecia\/"]}]},{"@type":"ImageObject","inLanguage":"pt-BR","@id":"https:\/\/quantocustaviajar.com\/blog\/trikala-grecia\/#primaryimage","url":"https:\/\/quantocustaviajar.com\/blog\/wp-content\/uploads\/2018\/11\/trikala.jpg","contentUrl":"https:\/\/quantocustaviajar.com\/blog\/wp-content\/uploads\/2018\/11\/trikala.jpg","width":650,"height":406},{"@type":"BreadcrumbList","@id":"https:\/\/quantocustaviajar.com\/blog\/trikala-grecia\/#breadcrumb","itemListElement":[{"@type":"ListItem","position":1,"name":"In\u00edcio","item":"https:\/\/quantocustaviajar.com\/blog\/"},{"@type":"ListItem","position":2,"name":"Conhe\u00e7a Trikala, a cidade mais europeia da Gr\u00e9cia e primeira &#8220;smart city&#8221; do pa\u00eds"}]},{"@type":"WebSite","@id":"https:\/\/quantocustaviajar.com\/blog\/#website","url":"https:\/\/quantocustaviajar.com\/blog\/","name":"Blog Quanto Custa Viajar","description":"","publisher":{"@id":"https:\/\/quantocustaviajar.com\/blog\/#organization"},"potentialAction":[{"@type":"SearchAction","target":{"@type":"EntryPoint","urlTemplate":"https:\/\/quantocustaviajar.com\/blog\/?s={search_term_string}"},"query-input":{"@type":"PropertyValueSpecification","valueRequired":true,"valueName":"search_term_string"}}],"inLanguage":"pt-BR"},{"@type":"Organization","@id":"https:\/\/quantocustaviajar.com\/blog\/#organization","name":"Quanto Custa Viajar","url":"https:\/\/quantocustaviajar.com\/blog\/","logo":{"@type":"ImageObject","inLanguage":"pt-BR","@id":"https:\/\/quantocustaviajar.com\/blog\/#\/schema\/logo\/image\/","url":"","contentUrl":"","caption":"Quanto Custa Viajar"},"image":{"@id":"https:\/\/quantocustaviajar.com\/blog\/#\/schema\/logo\/image\/"},"sameAs":["https:\/\/www.facebook.com\/quantocustaviajar"]},{"@type":"Person","@id":"https:\/\/quantocustaviajar.com\/blog\/#\/schema\/person\/1a6dd3da9d0c0a4be42652b67bea19bb","name":"Brunella Nunes","image":{"@type":"ImageObject","inLanguage":"pt-BR","@id":"https:\/\/quantocustaviajar.com\/blog\/#\/schema\/person\/image\/","url":"https:\/\/secure.gravatar.com\/avatar\/05b28dfb8a3cc7ee0dba6feefa5677f05be6d7bf4b017728fd38499092f9c282?s=96&d=mm&r=g","contentUrl":"https:\/\/secure.gravatar.com\/avatar\/05b28dfb8a3cc7ee0dba6feefa5677f05be6d7bf4b017728fd38499092f9c282?s=96&d=mm&r=g","caption":"Brunella Nunes"},"description":"Quando n\u00e3o est\u00e1 viajando pelo mundo, est\u00e1 viajando nas ideias.","sameAs":["https:\/\/www.facebook.com\/brunellapfvr\/posts","https:\/\/www.linkedin.com\/in\/brunellanunes\/"],"url":"https:\/\/quantocustaviajar.com\/blog\/author\/equipe\/"}]}},"_links":{"self":[{"href":"https:\/\/quantocustaviajar.com\/blog\/wp-json\/wp\/v2\/posts\/28961","targetHints":{"allow":["GET"]}}],"collection":[{"href":"https:\/\/quantocustaviajar.com\/blog\/wp-json\/wp\/v2\/posts"}],"about":[{"href":"https:\/\/quantocustaviajar.com\/blog\/wp-json\/wp\/v2\/types\/post"}],"author":[{"embeddable":true,"href":"https:\/\/quantocustaviajar.com\/blog\/wp-json\/wp\/v2\/users\/4"}],"replies":[{"embeddable":true,"href":"https:\/\/quantocustaviajar.com\/blog\/wp-json\/wp\/v2\/comments?post=28961"}],"version-history":[{"count":3,"href":"https:\/\/quantocustaviajar.com\/blog\/wp-json\/wp\/v2\/posts\/28961\/revisions"}],"predecessor-version":[{"id":29871,"href":"https:\/\/quantocustaviajar.com\/blog\/wp-json\/wp\/v2\/posts\/28961\/revisions\/29871"}],"wp:attachment":[{"href":"https:\/\/quantocustaviajar.com\/blog\/wp-json\/wp\/v2\/media?parent=28961"}],"wp:term":[{"taxonomy":"category","embeddable":true,"href":"https:\/\/quantocustaviajar.com\/blog\/wp-json\/wp\/v2\/categories?post=28961"},{"taxonomy":"post_tag","embeddable":true,"href":"https:\/\/quantocustaviajar.com\/blog\/wp-json\/wp\/v2\/tags?post=28961"}],"curies":[{"name":"wp","href":"https:\/\/api.w.org\/{rel}","templated":true}]}}