{"id":28587,"date":"2018-12-11T12:06:03","date_gmt":"2018-12-11T12:06:03","guid":{"rendered":"https:\/\/quantocustaviajar.com\/blog\/?p=28587"},"modified":"2022-12-06T13:32:35","modified_gmt":"2022-12-06T13:32:35","slug":"museu-cristiano-ronaldo-cr7","status":"publish","type":"post","link":"https:\/\/quantocustaviajar.com\/blog\/museu-cristiano-ronaldo-cr7\/","title":{"rendered":"Museu em homenagem a Cristiano Ronaldo \u00e9 atra\u00e7\u00e3o em Funchal, na Ilha da Madeira"},"content":{"rendered":"<p><span style=\"font-weight: 400;\">A <strong>Ilha da Madeira<\/strong> tem, desde 2013, uma mostra especial para homenagear seu filho mais ilustre. Nascido na cidade de <strong>Funchal<\/strong>, o craque portugu\u00eas <strong>Cristiano Ronaldo<\/strong> ganhou, no auge de sua juventude e carreira, um museu para chamar de seu. Saiba mais sobre o\u00a0<strong><em>Museu CR7.<\/em><\/strong><\/span><\/p>\n<p><img loading=\"lazy\" decoding=\"async\" class=\"aligncenter wp-image-28588\" src=\"https:\/\/quantocustaviajar.com\/blog\/wp-content\/uploads\/2018\/11\/Captura-de-Tela-2018-11-08-a\u0300s-14.19.00-300x146.png\" alt=\"\" width=\"768\" height=\"374\" srcset=\"https:\/\/quantocustaviajar.com\/blog\/wp-content\/uploads\/2018\/11\/Captura-de-Tela-2018-11-08-a\u0300s-14.19.00-300x146.png 300w, https:\/\/quantocustaviajar.com\/blog\/wp-content\/uploads\/2018\/11\/Captura-de-Tela-2018-11-08-a\u0300s-14.19.00-768x374.png 768w, https:\/\/quantocustaviajar.com\/blog\/wp-content\/uploads\/2018\/11\/Captura-de-Tela-2018-11-08-a\u0300s-14.19.00-1024x498.png 1024w, https:\/\/quantocustaviajar.com\/blog\/wp-content\/uploads\/2018\/11\/Captura-de-Tela-2018-11-08-a\u0300s-14.19.00.png 1330w\" sizes=\"auto, (max-width: 768px) 100vw, 768px\" \/><\/p>\n<p style=\"text-align: center;\"><em>Fachada do Museu CR7, que fica no mesmo complexo do Hotel Pestana CR7, empreendimento hoteleiro de Cristiano Ronaldo. Foto:\u00a0Abby M.<\/em><\/p>\n<p><span style=\"font-weight: 400;\">Os originais de todos os pr\u00eamios individuais j\u00e1 conquistados pelo jogador (inclusive as cinco bolas de ouro, pr\u00eamio m\u00e1ximo concedido a um atleta de futebol no mundo), camisas, chuteiras, bolas chutadas em jogos importantes, r\u00e9plicas de trof\u00e9us recebidos nas equipes em que jogou, homenagens e at\u00e9 duas est\u00e1tuas de cera integram o acervo do Museu CR7.<\/span><a href=\"https:\/\/quantocustaviajar.com\/blog\/wp-content\/uploads\/2018\/11\/35023073600_7b1c99adf2_k.jpg\"><br \/>\n<\/a><img loading=\"lazy\" decoding=\"async\" class=\"aligncenter wp-image-28589\" src=\"https:\/\/quantocustaviajar.com\/blog\/wp-content\/uploads\/2018\/11\/35023073600_7b1c99adf2_k-200x300.jpg\" alt=\"\" width=\"687\" height=\"1031\" srcset=\"https:\/\/quantocustaviajar.com\/blog\/wp-content\/uploads\/2018\/11\/35023073600_7b1c99adf2_k-200x300.jpg 200w, https:\/\/quantocustaviajar.com\/blog\/wp-content\/uploads\/2018\/11\/35023073600_7b1c99adf2_k-768x1152.jpg 768w, https:\/\/quantocustaviajar.com\/blog\/wp-content\/uploads\/2018\/11\/35023073600_7b1c99adf2_k-683x1024.jpg 683w, https:\/\/quantocustaviajar.com\/blog\/wp-content\/uploads\/2018\/11\/35023073600_7b1c99adf2_k.jpg 1365w\" sizes=\"auto, (max-width: 687px) 100vw, 687px\" \/><\/p>\n<p style=\"text-align: center;\"><em>Est\u00e1tua do jogador recepciona o p\u00fablico que chega para visitar o museu erguido em sua homenagem. Foto:\u00a0Marco Verch<\/em><\/p>\n<p><a href=\"https:\/\/quantocustaviajar.com\/blog\/estadios-de-futebol-para-visitar\/\" target=\"_blank\" rel=\"noopener\"><strong>[+] 15 est\u00e1dios de futebol para conhecer!<\/strong><\/a><\/p>\n<p>Criado no humilde bairro de Santo Ant\u00f3nio, o jogador deixou sua cidade natal para fazer hist\u00f3ria, primeiro no Sporting, depois no Manchester United, Real Madrid e, agora, na Juventus. O fato de o museu em sua homenagem, amplamente abastecido por ele e seu acervo particular, ficar no local onde ele nasceu deixa claro que Ronaldo nunca esqueceu suas origens.<\/p>\n<blockquote><p><a href=\"https:\/\/www.turismocity.com.br\/passagens-aereas-para-FNC-Funchal?from=SAO&amp;utm_source=qcv&amp;utm_medium=blog\" target=\"_blank\" rel=\"noopener\"><strong>Clique para encontrar sua passagem a\u00e9rea para Funchal!<\/strong><\/a><\/p><\/blockquote>\n<p><img loading=\"lazy\" decoding=\"async\" class=\"aligncenter wp-image-28594\" src=\"https:\/\/quantocustaviajar.com\/blog\/wp-content\/uploads\/2018\/11\/Captura-de-Tela-2018-11-08-a\u0300s-14.37.20-300x198.png\" alt=\"\" width=\"774\" height=\"511\" srcset=\"https:\/\/quantocustaviajar.com\/blog\/wp-content\/uploads\/2018\/11\/Captura-de-Tela-2018-11-08-a\u0300s-14.37.20-300x198.png 300w, https:\/\/quantocustaviajar.com\/blog\/wp-content\/uploads\/2018\/11\/Captura-de-Tela-2018-11-08-a\u0300s-14.37.20.png 669w\" sizes=\"auto, (max-width: 774px) 100vw, 774px\" \/><\/p>\n<p style=\"text-align: center;\"><em>Est\u00e1tua de cera em meio a pr\u00eamios ganhos pelo jogador. Foto: Divulga\u00e7\u00e3o<\/em><\/p>\n<p><span style=\"font-weight: 400;\">O pr\u00e9dio fica em uma localiza\u00e7\u00e3o privilegiada: no in\u00edcio da Avenida S\u00e1 Carneiro, ao lado da marina. O museu encontra-se no mesmo complexo que o Hotel Pestana CR7 Funchal, um dos seis empreendimentos hoteleiros do jogador (tal investimento em turismo \u00e9 uma parceria do jogador com a rede portuguesa de hot\u00e9is Pestana).<\/span><\/p>\n<p><img loading=\"lazy\" decoding=\"async\" class=\"aligncenter wp-image-28595\" src=\"https:\/\/quantocustaviajar.com\/blog\/wp-content\/uploads\/2018\/11\/Captura-de-Tela-2018-11-08-a\u0300s-14.41.10-300x170.png\" alt=\"\" width=\"769\" height=\"436\" srcset=\"https:\/\/quantocustaviajar.com\/blog\/wp-content\/uploads\/2018\/11\/Captura-de-Tela-2018-11-08-a\u0300s-14.41.10-300x170.png 300w, https:\/\/quantocustaviajar.com\/blog\/wp-content\/uploads\/2018\/11\/Captura-de-Tela-2018-11-08-a\u0300s-14.41.10-768x434.png 768w, https:\/\/quantocustaviajar.com\/blog\/wp-content\/uploads\/2018\/11\/Captura-de-Tela-2018-11-08-a\u0300s-14.41.10.png 780w\" sizes=\"auto, (max-width: 769px) 100vw, 769px\" \/><\/p>\n<p style=\"text-align: center;\"><em>Fotos rememoram os pr\u00eamios individuais conquistados por Cristiano Ronaldo.<br \/>\nFoto: Divulga\u00e7\u00e3o<\/em><\/p>\n<p><span style=\"font-weight: 400;\">O local tamb\u00e9m conta com um espa\u00e7o dedicado inteiramente aos f\u00e3s do jogador. Ali, voc\u00ea encontra cartas, fotos e lembran\u00e7as variadas que o maior \u00eddolo portugu\u00eas recebeu de seus admiradores ao longo dos anos.<\/span><\/p>\n<blockquote><p><a href=\"https:\/\/quantocustaviajar.com\/portugal\/funchal\/passeios\" target=\"_blank\" rel=\"noopener\"><strong>Dicas de outros passeios imperd\u00edveis em Funchal<\/strong><\/a><\/p><\/blockquote>\n<p><img loading=\"lazy\" decoding=\"async\" class=\"aligncenter wp-image-28596\" src=\"https:\/\/quantocustaviajar.com\/blog\/wp-content\/uploads\/2018\/11\/Captura-de-Tela-2018-11-08-a\u0300s-14.43.38-300x184.png\" alt=\"\" width=\"747\" height=\"458\" srcset=\"https:\/\/quantocustaviajar.com\/blog\/wp-content\/uploads\/2018\/11\/Captura-de-Tela-2018-11-08-a\u0300s-14.43.38-300x184.png 300w, https:\/\/quantocustaviajar.com\/blog\/wp-content\/uploads\/2018\/11\/Captura-de-Tela-2018-11-08-a\u0300s-14.43.38.png 579w\" sizes=\"auto, (max-width: 747px) 100vw, 747px\" \/><\/p>\n<p style=\"text-align: center;\"><em>Sal\u00e3o do museu, aberto desde 2013, em Funchal. Foto: Divulga\u00e7\u00e3o<\/em><\/p>\n<p><span style=\"font-weight: 400;\">O museu n\u00e3o \u00e9 a \u00fanica homenagem que Cristiano Ronaldo recebeu na Ilha da Madeira. O aeroporto local foi recentemente rebatizado com seu nome. Durante a cerim\u00f4nia de renomea\u00e7\u00e3o do local, em 2017, que contou com a presen\u00e7a do jogador, ficou famosa a infame est\u00e1tua que em nada se parecia com o craque portugu\u00eas. O busto foi substitu\u00eddo logo ap\u00f3s.<\/span><img loading=\"lazy\" decoding=\"async\" class=\"aligncenter wp-image-28591\" src=\"https:\/\/quantocustaviajar.com\/blog\/wp-content\/uploads\/2018\/11\/Captura-de-Tela-2018-11-08-a\u0300s-14.30.41-300x200.png\" alt=\"\" width=\"750\" height=\"500\" srcset=\"https:\/\/quantocustaviajar.com\/blog\/wp-content\/uploads\/2018\/11\/Captura-de-Tela-2018-11-08-a\u0300s-14.30.41-300x200.png 300w, https:\/\/quantocustaviajar.com\/blog\/wp-content\/uploads\/2018\/11\/Captura-de-Tela-2018-11-08-a\u0300s-14.30.41.png 542w\" sizes=\"auto, (max-width: 750px) 100vw, 750px\" \/><\/p>\n<p style=\"text-align: center;\"><em>Novo busto (\u00e0 esquerda) substituiu a primeira est\u00e1tua de Cristiano Ronaldo (\u00e0 direita) no aeroporto que leva seu nome na Ilha da Madeira. Fotos: Divulga\u00e7\u00e3o.<\/em><\/p>\n<blockquote><p><a href=\"https:\/\/www.booking.com\/searchresults.xb.html?city=-2166199&amp;aid=2161834&amp;no_rooms=1&amp;group_adults=2\" target=\"_blank\" rel=\"noopener\"><strong>Partiu Funchal? Veja as op\u00e7\u00f5es de hospedagens na cidade!<\/strong><\/a><\/p><\/blockquote>\n","protected":false},"excerpt":{"rendered":"<p>A Ilha da Madeira tem, desde 2013, uma mostra especial para homenagear seu filho mais ilustre. Nascido na cidade de Funchal, o craque portugu\u00eas Cristiano Ronaldo ganhou, no auge de sua juventude e carreira, um museu para chamar de seu. Saiba mais sobre o\u00a0Museu CR7. Fachada do Museu CR7, que fica no mesmo complexo do [&hellip;]<\/p>\n","protected":false},"author":9,"featured_media":28590,"comment_status":"open","ping_status":"open","sticky":false,"template":"","format":"standard","meta":{"cybocfi_hide_featured_image":"","footnotes":""},"categories":[1436],"tags":[18,1751,1792,1750,653],"class_list":["post-28587","post","type-post","status-publish","format-standard","has-post-thumbnail","hentry","category-artes-cultura-diversao","tag-europa","tag-funchal","tag-futebol","tag-ilha-da-madeira","tag-portugal"],"blocksy_meta":[],"yoast_head":"<!-- This site is optimized with the Yoast SEO plugin v26.3 - https:\/\/yoast.com\/wordpress\/plugins\/seo\/ -->\n<title>Museu em homenagem a Cristiano Ronaldo \u00e9 atra\u00e7\u00e3o em Funchal, na Ilha da Madeira<\/title>\n<meta name=\"robots\" content=\"index, follow, max-snippet:-1, max-image-preview:large, max-video-preview:-1\" \/>\n<link rel=\"canonical\" href=\"https:\/\/quantocustaviajar.com\/blog\/museu-cristiano-ronaldo-cr7\/\" \/>\n<meta property=\"og:locale\" content=\"pt_BR\" \/>\n<meta property=\"og:type\" content=\"article\" \/>\n<meta property=\"og:title\" content=\"Museu em homenagem a Cristiano Ronaldo \u00e9 atra\u00e7\u00e3o em Funchal, na Ilha da Madeira\" \/>\n<meta property=\"og:description\" content=\"A Ilha da Madeira tem, desde 2013, uma mostra especial para homenagear seu filho mais ilustre. Nascido na cidade de Funchal, o craque portugu\u00eas Cristiano Ronaldo ganhou, no auge de sua juventude e carreira, um museu para chamar de seu. Saiba mais sobre o\u00a0Museu CR7. Fachada do Museu CR7, que fica no mesmo complexo do [&hellip;]\" \/>\n<meta property=\"og:url\" content=\"https:\/\/quantocustaviajar.com\/blog\/museu-cristiano-ronaldo-cr7\/\" \/>\n<meta property=\"og:site_name\" content=\"Blog Quanto Custa Viajar\" \/>\n<meta property=\"article:publisher\" content=\"https:\/\/www.facebook.com\/quantocustaviajar\" \/>\n<meta property=\"article:published_time\" content=\"2018-12-11T12:06:03+00:00\" \/>\n<meta property=\"article:modified_time\" content=\"2022-12-06T13:32:35+00:00\" \/>\n<meta property=\"og:image\" content=\"https:\/\/quantocustaviajar.com\/blog\/wp-content\/uploads\/2018\/11\/35023080300_90ae3cb126_k.jpg\" \/>\n\t<meta property=\"og:image:width\" content=\"2048\" \/>\n\t<meta property=\"og:image:height\" content=\"1365\" \/>\n\t<meta property=\"og:image:type\" content=\"image\/jpeg\" \/>\n<meta name=\"author\" content=\"Reda\u00e7\u00e3o QCV\" \/>\n<meta name=\"twitter:card\" content=\"summary_large_image\" \/>\n<meta name=\"twitter:label1\" content=\"Escrito por\" \/>\n\t<meta name=\"twitter:data1\" content=\"Reda\u00e7\u00e3o QCV\" \/>\n\t<meta name=\"twitter:label2\" content=\"Est. tempo de leitura\" \/>\n\t<meta name=\"twitter:data2\" content=\"4 minutos\" \/>\n<!-- \/ Yoast SEO plugin. -->","yoast_head_json":{"title":"Museu em homenagem a Cristiano Ronaldo \u00e9 atra\u00e7\u00e3o em Funchal, na Ilha da Madeira","robots":{"index":"index","follow":"follow","max-snippet":"max-snippet:-1","max-image-preview":"max-image-preview:large","max-video-preview":"max-video-preview:-1"},"canonical":"https:\/\/quantocustaviajar.com\/blog\/museu-cristiano-ronaldo-cr7\/","og_locale":"pt_BR","og_type":"article","og_title":"Museu em homenagem a Cristiano Ronaldo \u00e9 atra\u00e7\u00e3o em Funchal, na Ilha da Madeira","og_description":"A Ilha da Madeira tem, desde 2013, uma mostra especial para homenagear seu filho mais ilustre. Nascido na cidade de Funchal, o craque portugu\u00eas Cristiano Ronaldo ganhou, no auge de sua juventude e carreira, um museu para chamar de seu. Saiba mais sobre o\u00a0Museu CR7. Fachada do Museu CR7, que fica no mesmo complexo do [&hellip;]","og_url":"https:\/\/quantocustaviajar.com\/blog\/museu-cristiano-ronaldo-cr7\/","og_site_name":"Blog Quanto Custa Viajar","article_publisher":"https:\/\/www.facebook.com\/quantocustaviajar","article_published_time":"2018-12-11T12:06:03+00:00","article_modified_time":"2022-12-06T13:32:35+00:00","og_image":[{"width":2048,"height":1365,"url":"https:\/\/quantocustaviajar.com\/blog\/wp-content\/uploads\/2018\/11\/35023080300_90ae3cb126_k.jpg","type":"image\/jpeg"}],"author":"Reda\u00e7\u00e3o QCV","twitter_card":"summary_large_image","twitter_misc":{"Escrito por":"Reda\u00e7\u00e3o QCV","Est. tempo de leitura":"4 minutos"},"schema":{"@context":"https:\/\/schema.org","@graph":[{"@type":["Article","BlogPosting"],"@id":"https:\/\/quantocustaviajar.com\/blog\/museu-cristiano-ronaldo-cr7\/#article","isPartOf":{"@id":"https:\/\/quantocustaviajar.com\/blog\/museu-cristiano-ronaldo-cr7\/"},"author":{"name":"Reda\u00e7\u00e3o QCV","@id":"https:\/\/quantocustaviajar.com\/blog\/#\/schema\/person\/b99c49b1272e2104cc84a5a84122b751"},"headline":"Museu em homenagem a Cristiano Ronaldo \u00e9 atra\u00e7\u00e3o em Funchal, na Ilha da Madeira","datePublished":"2018-12-11T12:06:03+00:00","dateModified":"2022-12-06T13:32:35+00:00","mainEntityOfPage":{"@id":"https:\/\/quantocustaviajar.com\/blog\/museu-cristiano-ronaldo-cr7\/"},"wordCount":482,"commentCount":3,"publisher":{"@id":"https:\/\/quantocustaviajar.com\/blog\/#organization"},"image":{"@id":"https:\/\/quantocustaviajar.com\/blog\/museu-cristiano-ronaldo-cr7\/#primaryimage"},"thumbnailUrl":"https:\/\/quantocustaviajar.com\/blog\/wp-content\/uploads\/2018\/11\/35023080300_90ae3cb126_k.jpg","keywords":["europa","funchal","futebol","ilha da madeira","Portugal"],"articleSection":["Artes, Cultura &amp; Divers\u00e3o"],"inLanguage":"pt-BR","potentialAction":[{"@type":"CommentAction","name":"Comment","target":["https:\/\/quantocustaviajar.com\/blog\/museu-cristiano-ronaldo-cr7\/#respond"]}]},{"@type":"WebPage","@id":"https:\/\/quantocustaviajar.com\/blog\/museu-cristiano-ronaldo-cr7\/","url":"https:\/\/quantocustaviajar.com\/blog\/museu-cristiano-ronaldo-cr7\/","name":"Museu em homenagem a Cristiano Ronaldo \u00e9 atra\u00e7\u00e3o em Funchal, na Ilha da Madeira","isPartOf":{"@id":"https:\/\/quantocustaviajar.com\/blog\/#website"},"primaryImageOfPage":{"@id":"https:\/\/quantocustaviajar.com\/blog\/museu-cristiano-ronaldo-cr7\/#primaryimage"},"image":{"@id":"https:\/\/quantocustaviajar.com\/blog\/museu-cristiano-ronaldo-cr7\/#primaryimage"},"thumbnailUrl":"https:\/\/quantocustaviajar.com\/blog\/wp-content\/uploads\/2018\/11\/35023080300_90ae3cb126_k.jpg","datePublished":"2018-12-11T12:06:03+00:00","dateModified":"2022-12-06T13:32:35+00:00","breadcrumb":{"@id":"https:\/\/quantocustaviajar.com\/blog\/museu-cristiano-ronaldo-cr7\/#breadcrumb"},"inLanguage":"pt-BR","potentialAction":[{"@type":"ReadAction","target":["https:\/\/quantocustaviajar.com\/blog\/museu-cristiano-ronaldo-cr7\/"]}]},{"@type":"ImageObject","inLanguage":"pt-BR","@id":"https:\/\/quantocustaviajar.com\/blog\/museu-cristiano-ronaldo-cr7\/#primaryimage","url":"https:\/\/quantocustaviajar.com\/blog\/wp-content\/uploads\/2018\/11\/35023080300_90ae3cb126_k.jpg","contentUrl":"https:\/\/quantocustaviajar.com\/blog\/wp-content\/uploads\/2018\/11\/35023080300_90ae3cb126_k.jpg","width":2048,"height":1365},{"@type":"BreadcrumbList","@id":"https:\/\/quantocustaviajar.com\/blog\/museu-cristiano-ronaldo-cr7\/#breadcrumb","itemListElement":[{"@type":"ListItem","position":1,"name":"In\u00edcio","item":"https:\/\/quantocustaviajar.com\/blog\/"},{"@type":"ListItem","position":2,"name":"Museu em homenagem a Cristiano Ronaldo \u00e9 atra\u00e7\u00e3o em Funchal, na Ilha da Madeira"}]},{"@type":"WebSite","@id":"https:\/\/quantocustaviajar.com\/blog\/#website","url":"https:\/\/quantocustaviajar.com\/blog\/","name":"Blog Quanto Custa Viajar","description":"","publisher":{"@id":"https:\/\/quantocustaviajar.com\/blog\/#organization"},"potentialAction":[{"@type":"SearchAction","target":{"@type":"EntryPoint","urlTemplate":"https:\/\/quantocustaviajar.com\/blog\/?s={search_term_string}"},"query-input":{"@type":"PropertyValueSpecification","valueRequired":true,"valueName":"search_term_string"}}],"inLanguage":"pt-BR"},{"@type":"Organization","@id":"https:\/\/quantocustaviajar.com\/blog\/#organization","name":"Quanto Custa Viajar","url":"https:\/\/quantocustaviajar.com\/blog\/","logo":{"@type":"ImageObject","inLanguage":"pt-BR","@id":"https:\/\/quantocustaviajar.com\/blog\/#\/schema\/logo\/image\/","url":"","contentUrl":"","caption":"Quanto Custa Viajar"},"image":{"@id":"https:\/\/quantocustaviajar.com\/blog\/#\/schema\/logo\/image\/"},"sameAs":["https:\/\/www.facebook.com\/quantocustaviajar"]},{"@type":"Person","@id":"https:\/\/quantocustaviajar.com\/blog\/#\/schema\/person\/b99c49b1272e2104cc84a5a84122b751","name":"Reda\u00e7\u00e3o QCV","image":{"@type":"ImageObject","inLanguage":"pt-BR","@id":"https:\/\/quantocustaviajar.com\/blog\/#\/schema\/person\/image\/","url":"https:\/\/secure.gravatar.com\/avatar\/e7b47d7a4633897697c32e0a2a1ad3abd9ca142ad0d9b7897241c6115247561b?s=96&d=mm&r=g","contentUrl":"https:\/\/secure.gravatar.com\/avatar\/e7b47d7a4633897697c32e0a2a1ad3abd9ca142ad0d9b7897241c6115247561b?s=96&d=mm&r=g","caption":"Reda\u00e7\u00e3o QCV"},"url":"https:\/\/quantocustaviajar.com\/blog\/author\/redacao\/"}]}},"_links":{"self":[{"href":"https:\/\/quantocustaviajar.com\/blog\/wp-json\/wp\/v2\/posts\/28587","targetHints":{"allow":["GET"]}}],"collection":[{"href":"https:\/\/quantocustaviajar.com\/blog\/wp-json\/wp\/v2\/posts"}],"about":[{"href":"https:\/\/quantocustaviajar.com\/blog\/wp-json\/wp\/v2\/types\/post"}],"author":[{"embeddable":true,"href":"https:\/\/quantocustaviajar.com\/blog\/wp-json\/wp\/v2\/users\/9"}],"replies":[{"embeddable":true,"href":"https:\/\/quantocustaviajar.com\/blog\/wp-json\/wp\/v2\/comments?post=28587"}],"version-history":[{"count":7,"href":"https:\/\/quantocustaviajar.com\/blog\/wp-json\/wp\/v2\/posts\/28587\/revisions"}],"predecessor-version":[{"id":56098,"href":"https:\/\/quantocustaviajar.com\/blog\/wp-json\/wp\/v2\/posts\/28587\/revisions\/56098"}],"wp:featuredmedia":[{"embeddable":true,"href":"https:\/\/quantocustaviajar.com\/blog\/wp-json\/wp\/v2\/media\/28590"}],"wp:attachment":[{"href":"https:\/\/quantocustaviajar.com\/blog\/wp-json\/wp\/v2\/media?parent=28587"}],"wp:term":[{"taxonomy":"category","embeddable":true,"href":"https:\/\/quantocustaviajar.com\/blog\/wp-json\/wp\/v2\/categories?post=28587"},{"taxonomy":"post_tag","embeddable":true,"href":"https:\/\/quantocustaviajar.com\/blog\/wp-json\/wp\/v2\/tags?post=28587"}],"curies":[{"name":"wp","href":"https:\/\/api.w.org\/{rel}","templated":true}]}}