{"id":28297,"date":"2025-03-05T12:33:00","date_gmt":"2025-03-05T12:33:00","guid":{"rendered":"https:\/\/quantocustaviajar.com\/blog\/?p=28297"},"modified":"2025-06-10T15:29:01","modified_gmt":"2025-06-10T15:29:01","slug":"portugal-dos-pequenitos-em-coimbra","status":"publish","type":"post","link":"https:\/\/quantocustaviajar.com\/blog\/portugal-dos-pequenitos-em-coimbra\/","title":{"rendered":"Portugal dos Pequenitos em Coimbra: um divertido passeio para adultos e baixinhos"},"content":{"rendered":"\n<p>Um mundo em miniatura que encanta adultos e, especialmente, as crian\u00e7as! Assim \u00e9 <strong>Portugal dos Pequenitos em Coimbra<\/strong>, um parque tem\u00e1tico com uma pegada l\u00fadica que mostra aspectos da cultura portuguesa, de <a href=\"https:\/\/quantocustaviajar.com\/blog\/cidades-de-portugal\/\">cidades de Portugal<\/a> e do mundo em tamanho reduzido.<\/p>\n\n\n\n<p>Inaugurado em 1940, o parque \u00e9 um est\u00edmulo \u00e0 educa\u00e7\u00e3o, \u00e0 cultura e ao patriotismo infantil, j\u00e1 que mostra uma s\u00edntese, em miniatura, da hist\u00f3ria, dos descobrimentos, do imperialismo, das conquistas e demais eventos importantes de Portugal.<\/p>\n\n\n\n<pre class=\"wp-block-preformatted has-background\" style=\"background-color:#dcdee0\"><strong>Comece planejando a sua viagem para Portugal aqui!\n<\/strong><a href=\"https:\/\/www.turismocity.com.br\/passagens-aereas-para-LIS-Lisboa?utm_source=qcv&amp;utm_medium=blog\" target=\"_blank\" rel=\"noreferrer noopener\">Encontre sua passagem a\u00e9rea barata\n<\/a><a href=\"https:\/\/www.booking.com\/searchresults.pt-br.html?aid=2161834&amp;sid=f5a83590f333f0403fb17b0321568a2c&amp;sb=1&amp;sb_lp=1&amp;src=index&amp;src_elem=sb&amp;error_url=https%3A%2F%2Fwww.booking.com%2Findex.pt-br.html%3Faid%3D2161834%26sid%3Df5a83590f333f0403fb17b0321568a2c%26sb_price_type%3Dtotal%26&amp;ss=Lisboa%2C+Lisbon+Region%2C+Portugal&amp;is_ski_area=&amp;ssne=Nice&amp;ssne_untouched=Nice&amp;checkin_year=&amp;checkin_month=&amp;checkout_year=&amp;checkout_month=&amp;flex_window=0&amp;efdco=1&amp;group_adults=2&amp;group_children=0&amp;no_rooms=1&amp;b_h4u_keep_filters=&amp;from_sf=1&amp;ss_raw=lisboa&amp;ac_position=0&amp;ac_langcode=xb&amp;ac_click_type=b&amp;ac_meta=GhBhNmYxNzc2NmJjNjYwMzIzIAAoATICeGI6Bmxpc2JvYUAASgBQAA%3D%3D&amp;dest_id=-2167973&amp;dest_type=city&amp;iata=LIS&amp;place_id_lat=38.713833&amp;place_id_lon=-9.139315&amp;search_pageview_id=8e0a742bb46a036a&amp;search_selected=true&amp;search_pageview_id=8e0a742bb46a036a&amp;ac_suggestion_list_length=5&amp;ac_suggestion_theme_list_length=0\" target=\"_blank\" rel=\"noreferrer noopener\">Pesquise hospedagem de acordo com o seu bolso<\/a><\/pre>\n\n\n\n<h2 class=\"wp-block-heading\">Portugal dos Pequenitos em Coimbra<\/h2>\n\n\n\n<p>Este \u00e9 o tipo de passeio perfeito para fazer em fam\u00edlia, principalmente se voc\u00ea estiver viajando com crian\u00e7as. As miniaturas s\u00e3o s\u00e3o como as do <a href=\"https:\/\/quantocustaviajar.com\/blog\/conhece-miniatur-wunderland\/\" target=\"_blank\" rel=\"noopener\"><strong>Miniatur Wunderland em Hamburgo<\/strong><\/a>, por exemplo. As crian\u00e7as podem entrar nas casinhas, fazendo com que o passeio se torne ainda mais l\u00fadico.<\/p>\n\n\n\n<p>Apesar de ter bastante \u00e1reas tem\u00e1ticas, o passeio n\u00e3o \u00e9 muito longo. Separe no m\u00e1ximo uma hora e meia para curtir o parque, passar na lojinha e fazer um lanche. Portugal dos Pequenitos em Coimbra \u00e9 dividido em sete zonas:<\/p>\n\n\n\n<ul class=\"wp-block-list\"><li><strong>Portugal Monumental<\/strong>: esta \u00e1rea traz os principais monumentos do pa\u00eds, com destaque especial para <a href=\"https:\/\/quantocustaviajar.com\/portugal\/lisboa\" target=\"_blank\" rel=\"noopener\"><strong>Lisboa<\/strong><\/a>, que fica bem no centro da \u00e1rea, rodeada pelos monumentos mais famosos das regi\u00f5es de Tr\u00e1s-os-Montes, Douro, Minho e Beiras e tamb\u00e9m pelos das regi\u00f5es do Ribatejo, Alentejo e <a href=\"https:\/\/quantocustaviajar.com\/blog\/algarve-e-um-verdadeiro-paraiso-em-portugal\/\">Algarve<\/a>.<\/li><li><strong>Pa\u00edses de Express\u00e3o Portuguesa<\/strong>: nesta \u00e1rea, encontramos destaque do Brasil e demais pa\u00edses que t\u00eam o portugu\u00eas como l\u00edngua oficial, todos envolvidos em uma vegeta\u00e7\u00e3o caracter\u00edstica dessas regi\u00f5es.<\/li><li><strong>Portugal Insular<\/strong>: rodeados por grandes lagos ficam os monumentos principais das regi\u00f5es Aut\u00f4nomas da Madeira e dos A\u00e7ores.<\/li><li><strong>Coimbra<\/strong>: a cidade-sede tamb\u00e9m ganha uma \u00e1rea especial, com representa\u00e7\u00f5es em miniatura dos principais monumentos da cidade. Inclusive, uma r\u00e9plica em miniatura da Universidade de Coimbra est\u00e1 presente por l\u00e1.<\/li><li><strong>Casas Regionais<\/strong>: as casinhas tradicionais encontradas de norte a sul do pa\u00eds tamb\u00e9m s\u00e3o representadas em Portugal dos Pequenitos em Coimbra, sendo <strong>a \u00e1rea mais procurada pelas crian\u00e7as<\/strong>. Isso porque a escala das casas permite que elas se sintam como &#8220;gente grande&#8221; por l\u00e1, podendo entrar e sair das pequenas resid\u00eancias.<\/li><li><strong>Casa da Crian\u00e7a<\/strong>: um jardim de recrea\u00e7\u00e3o para a crian\u00e7ada continuar gastando energia.<\/li><li><strong>Parque Infantil<\/strong>: mais um espa\u00e7o dedicado \u00e0 recrea\u00e7\u00e3o dos pequenos.<\/li><\/ul>\n\n\n\n<figure class=\"wp-block-image aligncenter size-full wp-image-28300\"><img loading=\"lazy\" decoding=\"async\" width=\"1280\" height=\"850\" src=\"https:\/\/quantocustaviajar.com\/blog\/wp-content\/uploads\/2018\/11\/portugal-dos-pequenitos-universida-de-coimbra.jpg\" alt=\"portugal dos pequenitos em coimbra\" class=\"wp-image-28300\" srcset=\"https:\/\/quantocustaviajar.com\/blog\/wp-content\/uploads\/2018\/11\/portugal-dos-pequenitos-universida-de-coimbra.jpg 1280w, https:\/\/quantocustaviajar.com\/blog\/wp-content\/uploads\/2018\/11\/portugal-dos-pequenitos-universida-de-coimbra-300x199.jpg 300w, https:\/\/quantocustaviajar.com\/blog\/wp-content\/uploads\/2018\/11\/portugal-dos-pequenitos-universida-de-coimbra-768x510.jpg 768w, https:\/\/quantocustaviajar.com\/blog\/wp-content\/uploads\/2018\/11\/portugal-dos-pequenitos-universida-de-coimbra-1024x680.jpg 1024w\" sizes=\"auto, (max-width: 1280px) 100vw, 1280px\" \/><figcaption>Universidade de Coimbra. Foto: <a href=\"https:\/\/commons.wikimedia.org\/wiki\/File:Universidade_Coimbra_Portugal_Pequenitos.JPG\" target=\"_blank\" rel=\"noopener\">Wikimedia Commons<\/a><\/figcaption><\/figure>\n\n\n\n<figure class=\"wp-block-image aligncenter size-full wp-image-28301\"><img loading=\"lazy\" decoding=\"async\" width=\"1280\" height=\"960\" src=\"https:\/\/quantocustaviajar.com\/blog\/wp-content\/uploads\/2018\/11\/portugal-dos-pequenitos-coimbra.jpg\" alt=\"portugal dos pequenitos em coimbra\" class=\"wp-image-28301\" srcset=\"https:\/\/quantocustaviajar.com\/blog\/wp-content\/uploads\/2018\/11\/portugal-dos-pequenitos-coimbra.jpg 1280w, https:\/\/quantocustaviajar.com\/blog\/wp-content\/uploads\/2018\/11\/portugal-dos-pequenitos-coimbra-300x225.jpg 300w, https:\/\/quantocustaviajar.com\/blog\/wp-content\/uploads\/2018\/11\/portugal-dos-pequenitos-coimbra-768x576.jpg 768w, https:\/\/quantocustaviajar.com\/blog\/wp-content\/uploads\/2018\/11\/portugal-dos-pequenitos-coimbra-1024x768.jpg 1024w\" sizes=\"auto, (max-width: 1280px) 100vw, 1280px\" \/><figcaption>Coimbra. Foto: <a href=\"https:\/\/pt.wikipedia.org\/wiki\/Ficheiro:Coimbra_pp_(17).JPG\" target=\"_blank\" rel=\"noopener\">Wikimedia Commons<\/a><\/figcaption><\/figure>\n\n\n\n<p><a href=\"https:\/\/quantocustaviajar.com\/portugal\/coimbra\/onde-ficar\" target=\"_blank\" rel=\"noopener\"><strong>[+] Hospedagens em Coimbra: descubra onde ficar na cidade!<\/strong><\/a><\/p>\n\n\n\n<figure class=\"wp-block-image aligncenter size-full wp-image-28304\"><img loading=\"lazy\" decoding=\"async\" width=\"1280\" height=\"960\" src=\"https:\/\/quantocustaviajar.com\/blog\/wp-content\/uploads\/2018\/11\/portugal-dos-pequenitos-arco-rua-augusta.jpg\" alt=\"portugal dos pequenitos em coimbra\" class=\"wp-image-28304\" srcset=\"https:\/\/quantocustaviajar.com\/blog\/wp-content\/uploads\/2018\/11\/portugal-dos-pequenitos-arco-rua-augusta.jpg 1280w, https:\/\/quantocustaviajar.com\/blog\/wp-content\/uploads\/2018\/11\/portugal-dos-pequenitos-arco-rua-augusta-300x225.jpg 300w, https:\/\/quantocustaviajar.com\/blog\/wp-content\/uploads\/2018\/11\/portugal-dos-pequenitos-arco-rua-augusta-768x576.jpg 768w, https:\/\/quantocustaviajar.com\/blog\/wp-content\/uploads\/2018\/11\/portugal-dos-pequenitos-arco-rua-augusta-1024x768.jpg 1024w\" sizes=\"auto, (max-width: 1280px) 100vw, 1280px\" \/><figcaption>Atravesse o Arco da Rua Augusta. Foto: <a href=\"https:\/\/pt.m.wikipedia.org\/wiki\/Ficheiro:Portugalpequenitos.jpg\" target=\"_blank\" rel=\"noopener\">Wikimedia Commons<\/a><\/figcaption><\/figure>\n\n\n\n<figure class=\"wp-block-image aligncenter size-full wp-image-28298\"><img loading=\"lazy\" decoding=\"async\" width=\"1024\" height=\"768\" src=\"https:\/\/quantocustaviajar.com\/blog\/wp-content\/uploads\/2018\/11\/portugal-dos-pequenitos-acores.jpg\" alt=\"portugal dos pequenitos em coimbra\" class=\"wp-image-28298\" srcset=\"https:\/\/quantocustaviajar.com\/blog\/wp-content\/uploads\/2018\/11\/portugal-dos-pequenitos-acores.jpg 1024w, https:\/\/quantocustaviajar.com\/blog\/wp-content\/uploads\/2018\/11\/portugal-dos-pequenitos-acores-300x225.jpg 300w, https:\/\/quantocustaviajar.com\/blog\/wp-content\/uploads\/2018\/11\/portugal-dos-pequenitos-acores-768x576.jpg 768w\" sizes=\"auto, (max-width: 1024px) 100vw, 1024px\" \/><figcaption>A\u00e7ores. Foto: <a href=\"https:\/\/pt.m.wikipedia.org\/wiki\/Ficheiro:Coimbra_pp_acores.JPG\" target=\"_blank\" rel=\"noopener\">Wikimedia Commons<\/a><\/figcaption><\/figure>\n\n\n\n<figure class=\"wp-block-image aligncenter size-full wp-image-28302\"><img loading=\"lazy\" decoding=\"async\" width=\"1280\" height=\"853\" src=\"https:\/\/quantocustaviajar.com\/blog\/wp-content\/uploads\/2018\/11\/portugal-dos-pequenitos-2.jpg\" alt=\"portugal dos pequenitos em coimbra\" class=\"wp-image-28302\" srcset=\"https:\/\/quantocustaviajar.com\/blog\/wp-content\/uploads\/2018\/11\/portugal-dos-pequenitos-2.jpg 1280w, https:\/\/quantocustaviajar.com\/blog\/wp-content\/uploads\/2018\/11\/portugal-dos-pequenitos-2-300x200.jpg 300w, https:\/\/quantocustaviajar.com\/blog\/wp-content\/uploads\/2018\/11\/portugal-dos-pequenitos-2-768x512.jpg 768w, https:\/\/quantocustaviajar.com\/blog\/wp-content\/uploads\/2018\/11\/portugal-dos-pequenitos-2-1024x682.jpg 1024w\" sizes=\"auto, (max-width: 1280px) 100vw, 1280px\" \/><figcaption>As crian\u00e7as se divertem. Foto: <a href=\"https:\/\/www.flickr.com\/photos\/fotos_dos_ornelas\/43000776230\/in\/photostream\/\" target=\"_blank\" rel=\"noopener\">Rui Ornelas &#8211; Flickr<\/a><\/figcaption><\/figure>\n\n\n\n<figure class=\"wp-block-image aligncenter size-full wp-image-28303\"><img loading=\"lazy\" decoding=\"async\" width=\"1280\" height=\"853\" src=\"https:\/\/quantocustaviajar.com\/blog\/wp-content\/uploads\/2018\/11\/portugal-dos-pequenitos-1.jpg\" alt=\"\" class=\"wp-image-28303\" srcset=\"https:\/\/quantocustaviajar.com\/blog\/wp-content\/uploads\/2018\/11\/portugal-dos-pequenitos-1.jpg 1280w, https:\/\/quantocustaviajar.com\/blog\/wp-content\/uploads\/2018\/11\/portugal-dos-pequenitos-1-300x200.jpg 300w, https:\/\/quantocustaviajar.com\/blog\/wp-content\/uploads\/2018\/11\/portugal-dos-pequenitos-1-768x512.jpg 768w, https:\/\/quantocustaviajar.com\/blog\/wp-content\/uploads\/2018\/11\/portugal-dos-pequenitos-1-1024x682.jpg 1024w\" sizes=\"auto, (max-width: 1280px) 100vw, 1280px\" \/><figcaption>As crian\u00e7as se divertem. Foto: <a href=\"https:\/\/www.flickr.com\/photos\/fotos_dos_ornelas\/43901742305\/in\/photostream\/\" target=\"_blank\" rel=\"noopener\">Rui Ornelas &#8211; Flickr<\/a><\/figcaption><\/figure>\n\n\n\n<figure class=\"wp-block-image aligncenter is-resized size-full wp-image-28305\"><img loading=\"lazy\" decoding=\"async\" src=\"https:\/\/quantocustaviajar.com\/blog\/wp-content\/uploads\/2018\/11\/portugal-dos-pequenitos-3.jpg\" alt=\"\" class=\"wp-image-28305\" width=\"840\" height=\"630\" srcset=\"https:\/\/quantocustaviajar.com\/blog\/wp-content\/uploads\/2018\/11\/portugal-dos-pequenitos-3.jpg 1280w, https:\/\/quantocustaviajar.com\/blog\/wp-content\/uploads\/2018\/11\/portugal-dos-pequenitos-3-300x225.jpg 300w, https:\/\/quantocustaviajar.com\/blog\/wp-content\/uploads\/2018\/11\/portugal-dos-pequenitos-3-768x576.jpg 768w, https:\/\/quantocustaviajar.com\/blog\/wp-content\/uploads\/2018\/11\/portugal-dos-pequenitos-3-1024x768.jpg 1024w\" sizes=\"auto, (max-width: 840px) 100vw, 840px\" \/><figcaption>Trenzinho pelo parque. Foto: <a href=\"https:\/\/commons.wikimedia.org\/wiki\/File:Coimbra_pp_comboio_infantil_(1).JPG\" target=\"_blank\" rel=\"noopener\">Wikimedia Commons<\/a><\/figcaption><\/figure>\n\n\n\n<p>Em 1997, a Funda\u00e7\u00e3o inaugurou diferentes museus dentro do complexo para que a hist\u00f3ria do pa\u00eds n\u00e3o seja esquecida. Em Portugal dos Pequenitos em Coimbra, voc\u00ea pode visitar tamb\u00e9m:<\/p>\n\n\n\n<ul class=\"wp-block-list\"><li><strong>Museu do traje<\/strong>: uma exposi\u00e7\u00e3o com mais de 300 pe\u00e7as em miniatura, todas feitas \u00e0 m\u00e3o por volta dos anos 50, que mostra a evolu\u00e7\u00e3o dos trajes da sociedade ao longo dos anos. Tudo \u00e9 apresentado no corpo de bonecas e em cenas do cotidiano dos portugueses.<\/li><\/ul>\n\n\n\n<figure class=\"wp-block-image aligncenter size-full wp-image-28299\"><img loading=\"lazy\" decoding=\"async\" width=\"1280\" height=\"960\" src=\"https:\/\/quantocustaviajar.com\/blog\/wp-content\/uploads\/2018\/11\/portugal-dos-pequenitos-museu-do-traje.jpg\" alt=\"\" class=\"wp-image-28299\" srcset=\"https:\/\/quantocustaviajar.com\/blog\/wp-content\/uploads\/2018\/11\/portugal-dos-pequenitos-museu-do-traje.jpg 1280w, https:\/\/quantocustaviajar.com\/blog\/wp-content\/uploads\/2018\/11\/portugal-dos-pequenitos-museu-do-traje-300x225.jpg 300w, https:\/\/quantocustaviajar.com\/blog\/wp-content\/uploads\/2018\/11\/portugal-dos-pequenitos-museu-do-traje-768x576.jpg 768w, https:\/\/quantocustaviajar.com\/blog\/wp-content\/uploads\/2018\/11\/portugal-dos-pequenitos-museu-do-traje-1024x768.jpg 1024w\" sizes=\"auto, (max-width: 1280px) 100vw, 1280px\" \/><figcaption>Museu do traje. Foto: <a href=\"https:\/\/pt.wikipedia.org\/wiki\/Ficheiro:Coimbra_pp_museu_do_traje.JPG\" target=\"_blank\" rel=\"noopener\">Wikimedia Commons<\/a><\/figcaption><\/figure>\n\n\n\n<ul class=\"wp-block-list\"><li><strong>Museu de Marinha<\/strong>:&nbsp;r\u00e9plicas em miniatura de barcos e navios, al\u00e9m de pe\u00e7as de navios comp\u00f5em a exposi\u00e7\u00e3o do museu.<\/li><li><strong>Museu do Mobili\u00e1rio<\/strong>:&nbsp;com mob\u00edlias e decora\u00e7\u00f5es das \u00e9pocas.<\/li><\/ul>\n\n\n\n<p><a href=\"https:\/\/quantocustaviajar.com\/blog\/um-mega-guia-para-conhecer-o-mini-mundo-em-gramado\/\" target=\"_blank\" rel=\"noopener\"><strong>[+]&nbsp;Um mega-guia para conhecer o Mini Mundo, em Gramado<\/strong><\/a><\/p>\n\n\n\n<h2 class=\"wp-block-heading\">Informa\u00e7\u00f5es gerais<\/h2>\n\n\n\n<ul class=\"wp-block-list\"><li>Hor\u00e1rio de funcionamento: varia conforme a temporada. Normalmente, \u00e9 das 10h \u00e0s 17h. <a href=\"https:\/\/www.fbb.pt\/pp\/\" target=\"_blank\" rel=\"noreferrer noopener\"><strong>Clique aqui<\/strong><\/a> e consulte o hor\u00e1rio de abertura e fechamento do parque no per\u00edodo que voc\u00ea deseja visit\u00e1-lo.<\/li><li>Quanto custa a entrada: crian\u00e7as at\u00e9 13 anos pagam <strong>9,95<\/strong> \u20ac, adultos pagam <strong>14,95<\/strong>\u20ac. Existem pacotes para fam\u00edlias com crian\u00e7as. Os valores n\u00e3o incluem alguma atividade l\u00fadica e pontual que esteja sendo realizada no parque. Pre\u00e7os consultados em mar\u00e7o de 2025 e sujeitos \u00e0 altera\u00e7\u00e3o.<\/li><li>O espa\u00e7o possui banheiros, loja de presentes para comprar lembrancinhas e um caf\u00e9 onde voc\u00ea pode fazer um lanchinho gostoso.<\/li><li>Existe um trenzinho que leva as crian\u00e7as por um passeio entre as constru\u00e7\u00f5es.<\/li><li>Pretende <a href=\"https:\/\/www.turismocity.com.br\/carros\" target=\"_blank\" rel=\"noreferrer noopener\"><strong>alugar um carro em Portugal<\/strong><\/a>? voc\u00ea pode ir de carro at\u00e9 Portugal dos Pequenitos. S\u00e3o poucas vagas de estacionamento por perto.<\/li><li>Para ir de trem a Portugal dos Pequenitos, des\u00e7a na Esta\u00e7\u00e3o Coimbra, cruze a p\u00e9 a Ponte Santa Clara e siga at\u00e9 o parque.<\/li><\/ul>\n\n\n\n<p>E a\u00ed, se animou para levar sua fam\u00edlia para uma passeio por este parque tem\u00e1tico em miniatura ? Comece desde j\u00e1 a planejar a sua viagem: <a href=\"https:\/\/quantocustaviajar.com\/portugal\/coimbra\" target=\"_blank\" rel=\"noopener\"><strong>descubra aqui quanto custa viajar para Coimbra<\/strong><\/a>. Bom passeio com seus pequenitos!<\/p>\n","protected":false},"excerpt":{"rendered":"<p>Um mundo em miniatura que encanta adultos e, especialmente, as crian\u00e7as! Assim \u00e9 Portugal dos Pequenitos em Coimbra, um parque tem\u00e1tico com uma pegada l\u00fadica que mostra aspectos da cultura portuguesa, de cidades de Portugal e do mundo em tamanho reduzido. Inaugurado em 1940, o parque \u00e9 um est\u00edmulo \u00e0 educa\u00e7\u00e3o, \u00e0 cultura e ao [&hellip;]<\/p>\n","protected":false},"author":9,"featured_media":28301,"comment_status":"open","ping_status":"open","sticky":false,"template":"page-templates\/featured-img-above.php","format":"standard","meta":{"cybocfi_hide_featured_image":"","footnotes":""},"categories":[1437,1436],"tags":[1742,222,18,61,132,653,1644,1635],"class_list":["post-28297","post","type-post","status-publish","format-standard","has-post-thumbnail","hentry","category-ao-ar-livre","category-artes-cultura-diversao","tag-coimbra","tag-criancas","tag-europa","tag-museu","tag-parque","tag-portugal","tag-viagem-com-criancas","tag-viajar-com-criancas"],"blocksy_meta":[],"yoast_head":"<!-- This site is optimized with the Yoast SEO plugin v26.3 - https:\/\/yoast.com\/wordpress\/plugins\/seo\/ -->\n<title>Portugal dos Pequenitos em Coimbra: dicas do passeio<\/title>\n<meta name=\"description\" content=\"Portugal dos Pequenitos em Coimbra \u00e9 um parque que traz r\u00e9plicas em miniatura de monumentos famosos de Portugal e outros lugares do mundo.\" \/>\n<meta name=\"robots\" content=\"index, follow, max-snippet:-1, max-image-preview:large, max-video-preview:-1\" \/>\n<link rel=\"canonical\" href=\"https:\/\/quantocustaviajar.com\/blog\/portugal-dos-pequenitos-em-coimbra\/\" \/>\n<meta property=\"og:locale\" content=\"pt_BR\" \/>\n<meta property=\"og:type\" content=\"article\" \/>\n<meta property=\"og:title\" content=\"Portugal dos Pequenitos em Coimbra: dicas do passeio\" \/>\n<meta property=\"og:description\" content=\"Portugal dos Pequenitos em Coimbra \u00e9 um parque que traz r\u00e9plicas em miniatura de monumentos famosos de Portugal e outros lugares do mundo.\" \/>\n<meta property=\"og:url\" content=\"https:\/\/quantocustaviajar.com\/blog\/portugal-dos-pequenitos-em-coimbra\/\" \/>\n<meta property=\"og:site_name\" content=\"Blog Quanto Custa Viajar\" \/>\n<meta property=\"article:publisher\" content=\"https:\/\/www.facebook.com\/quantocustaviajar\" \/>\n<meta property=\"article:published_time\" content=\"2025-03-05T12:33:00+00:00\" \/>\n<meta property=\"article:modified_time\" content=\"2025-06-10T15:29:01+00:00\" \/>\n<meta property=\"og:image\" content=\"https:\/\/quantocustaviajar.com\/blog\/wp-content\/uploads\/2018\/11\/portugal-dos-pequenitos-coimbra.jpg\" \/>\n\t<meta property=\"og:image:width\" content=\"1280\" \/>\n\t<meta property=\"og:image:height\" content=\"960\" \/>\n\t<meta property=\"og:image:type\" content=\"image\/jpeg\" \/>\n<meta name=\"author\" content=\"Reda\u00e7\u00e3o QCV\" \/>\n<meta name=\"twitter:card\" content=\"summary_large_image\" \/>\n<meta name=\"twitter:label1\" content=\"Escrito por\" \/>\n\t<meta name=\"twitter:data1\" content=\"Reda\u00e7\u00e3o QCV\" \/>\n\t<meta name=\"twitter:label2\" content=\"Est. tempo de leitura\" \/>\n\t<meta name=\"twitter:data2\" content=\"6 minutos\" \/>\n<!-- \/ Yoast SEO plugin. -->","yoast_head_json":{"title":"Portugal dos Pequenitos em Coimbra: dicas do passeio","description":"Portugal dos Pequenitos em Coimbra \u00e9 um parque que traz r\u00e9plicas em miniatura de monumentos famosos de Portugal e outros lugares do mundo.","robots":{"index":"index","follow":"follow","max-snippet":"max-snippet:-1","max-image-preview":"max-image-preview:large","max-video-preview":"max-video-preview:-1"},"canonical":"https:\/\/quantocustaviajar.com\/blog\/portugal-dos-pequenitos-em-coimbra\/","og_locale":"pt_BR","og_type":"article","og_title":"Portugal dos Pequenitos em Coimbra: dicas do passeio","og_description":"Portugal dos Pequenitos em Coimbra \u00e9 um parque que traz r\u00e9plicas em miniatura de monumentos famosos de Portugal e outros lugares do mundo.","og_url":"https:\/\/quantocustaviajar.com\/blog\/portugal-dos-pequenitos-em-coimbra\/","og_site_name":"Blog Quanto Custa Viajar","article_publisher":"https:\/\/www.facebook.com\/quantocustaviajar","article_published_time":"2025-03-05T12:33:00+00:00","article_modified_time":"2025-06-10T15:29:01+00:00","og_image":[{"width":1280,"height":960,"url":"https:\/\/quantocustaviajar.com\/blog\/wp-content\/uploads\/2018\/11\/portugal-dos-pequenitos-coimbra.jpg","type":"image\/jpeg"}],"author":"Reda\u00e7\u00e3o QCV","twitter_card":"summary_large_image","twitter_misc":{"Escrito por":"Reda\u00e7\u00e3o QCV","Est. tempo de leitura":"6 minutos"},"schema":{"@context":"https:\/\/schema.org","@graph":[{"@type":["Article","BlogPosting"],"@id":"https:\/\/quantocustaviajar.com\/blog\/portugal-dos-pequenitos-em-coimbra\/#article","isPartOf":{"@id":"https:\/\/quantocustaviajar.com\/blog\/portugal-dos-pequenitos-em-coimbra\/"},"author":{"name":"Reda\u00e7\u00e3o QCV","@id":"https:\/\/quantocustaviajar.com\/blog\/#\/schema\/person\/b99c49b1272e2104cc84a5a84122b751"},"headline":"Portugal dos Pequenitos em Coimbra: um divertido passeio para adultos e baixinhos","datePublished":"2025-03-05T12:33:00+00:00","dateModified":"2025-06-10T15:29:01+00:00","mainEntityOfPage":{"@id":"https:\/\/quantocustaviajar.com\/blog\/portugal-dos-pequenitos-em-coimbra\/"},"wordCount":815,"commentCount":1,"publisher":{"@id":"https:\/\/quantocustaviajar.com\/blog\/#organization"},"image":{"@id":"https:\/\/quantocustaviajar.com\/blog\/portugal-dos-pequenitos-em-coimbra\/#primaryimage"},"thumbnailUrl":"https:\/\/quantocustaviajar.com\/blog\/wp-content\/uploads\/2018\/11\/portugal-dos-pequenitos-coimbra.jpg","keywords":["coimbra","crian\u00e7as","europa","museu","parque","Portugal","viagem com crian\u00e7as","viajar com crian\u00e7as"],"articleSection":["Ao Ar Livre","Artes, Cultura &amp; Divers\u00e3o"],"inLanguage":"pt-BR","potentialAction":[{"@type":"CommentAction","name":"Comment","target":["https:\/\/quantocustaviajar.com\/blog\/portugal-dos-pequenitos-em-coimbra\/#respond"]}]},{"@type":"WebPage","@id":"https:\/\/quantocustaviajar.com\/blog\/portugal-dos-pequenitos-em-coimbra\/","url":"https:\/\/quantocustaviajar.com\/blog\/portugal-dos-pequenitos-em-coimbra\/","name":"Portugal dos Pequenitos em Coimbra: dicas do passeio","isPartOf":{"@id":"https:\/\/quantocustaviajar.com\/blog\/#website"},"primaryImageOfPage":{"@id":"https:\/\/quantocustaviajar.com\/blog\/portugal-dos-pequenitos-em-coimbra\/#primaryimage"},"image":{"@id":"https:\/\/quantocustaviajar.com\/blog\/portugal-dos-pequenitos-em-coimbra\/#primaryimage"},"thumbnailUrl":"https:\/\/quantocustaviajar.com\/blog\/wp-content\/uploads\/2018\/11\/portugal-dos-pequenitos-coimbra.jpg","datePublished":"2025-03-05T12:33:00+00:00","dateModified":"2025-06-10T15:29:01+00:00","description":"Portugal dos Pequenitos em Coimbra \u00e9 um parque que traz r\u00e9plicas em miniatura de monumentos famosos de Portugal e outros lugares do mundo.","breadcrumb":{"@id":"https:\/\/quantocustaviajar.com\/blog\/portugal-dos-pequenitos-em-coimbra\/#breadcrumb"},"inLanguage":"pt-BR","potentialAction":[{"@type":"ReadAction","target":["https:\/\/quantocustaviajar.com\/blog\/portugal-dos-pequenitos-em-coimbra\/"]}]},{"@type":"ImageObject","inLanguage":"pt-BR","@id":"https:\/\/quantocustaviajar.com\/blog\/portugal-dos-pequenitos-em-coimbra\/#primaryimage","url":"https:\/\/quantocustaviajar.com\/blog\/wp-content\/uploads\/2018\/11\/portugal-dos-pequenitos-coimbra.jpg","contentUrl":"https:\/\/quantocustaviajar.com\/blog\/wp-content\/uploads\/2018\/11\/portugal-dos-pequenitos-coimbra.jpg","width":1280,"height":960,"caption":"Coimbra. Foto: Wikimedia Commons"},{"@type":"BreadcrumbList","@id":"https:\/\/quantocustaviajar.com\/blog\/portugal-dos-pequenitos-em-coimbra\/#breadcrumb","itemListElement":[{"@type":"ListItem","position":1,"name":"In\u00edcio","item":"https:\/\/quantocustaviajar.com\/blog\/"},{"@type":"ListItem","position":2,"name":"Portugal dos Pequenitos em Coimbra: um divertido passeio para adultos e baixinhos"}]},{"@type":"WebSite","@id":"https:\/\/quantocustaviajar.com\/blog\/#website","url":"https:\/\/quantocustaviajar.com\/blog\/","name":"Blog Quanto Custa Viajar","description":"","publisher":{"@id":"https:\/\/quantocustaviajar.com\/blog\/#organization"},"potentialAction":[{"@type":"SearchAction","target":{"@type":"EntryPoint","urlTemplate":"https:\/\/quantocustaviajar.com\/blog\/?s={search_term_string}"},"query-input":{"@type":"PropertyValueSpecification","valueRequired":true,"valueName":"search_term_string"}}],"inLanguage":"pt-BR"},{"@type":"Organization","@id":"https:\/\/quantocustaviajar.com\/blog\/#organization","name":"Quanto Custa Viajar","url":"https:\/\/quantocustaviajar.com\/blog\/","logo":{"@type":"ImageObject","inLanguage":"pt-BR","@id":"https:\/\/quantocustaviajar.com\/blog\/#\/schema\/logo\/image\/","url":"","contentUrl":"","caption":"Quanto Custa Viajar"},"image":{"@id":"https:\/\/quantocustaviajar.com\/blog\/#\/schema\/logo\/image\/"},"sameAs":["https:\/\/www.facebook.com\/quantocustaviajar"]},{"@type":"Person","@id":"https:\/\/quantocustaviajar.com\/blog\/#\/schema\/person\/b99c49b1272e2104cc84a5a84122b751","name":"Reda\u00e7\u00e3o QCV","image":{"@type":"ImageObject","inLanguage":"pt-BR","@id":"https:\/\/quantocustaviajar.com\/blog\/#\/schema\/person\/image\/","url":"https:\/\/secure.gravatar.com\/avatar\/e7b47d7a4633897697c32e0a2a1ad3abd9ca142ad0d9b7897241c6115247561b?s=96&d=mm&r=g","contentUrl":"https:\/\/secure.gravatar.com\/avatar\/e7b47d7a4633897697c32e0a2a1ad3abd9ca142ad0d9b7897241c6115247561b?s=96&d=mm&r=g","caption":"Reda\u00e7\u00e3o QCV"},"url":"https:\/\/quantocustaviajar.com\/blog\/author\/redacao\/"}]}},"_links":{"self":[{"href":"https:\/\/quantocustaviajar.com\/blog\/wp-json\/wp\/v2\/posts\/28297","targetHints":{"allow":["GET"]}}],"collection":[{"href":"https:\/\/quantocustaviajar.com\/blog\/wp-json\/wp\/v2\/posts"}],"about":[{"href":"https:\/\/quantocustaviajar.com\/blog\/wp-json\/wp\/v2\/types\/post"}],"author":[{"embeddable":true,"href":"https:\/\/quantocustaviajar.com\/blog\/wp-json\/wp\/v2\/users\/9"}],"replies":[{"embeddable":true,"href":"https:\/\/quantocustaviajar.com\/blog\/wp-json\/wp\/v2\/comments?post=28297"}],"version-history":[{"count":6,"href":"https:\/\/quantocustaviajar.com\/blog\/wp-json\/wp\/v2\/posts\/28297\/revisions"}],"predecessor-version":[{"id":75457,"href":"https:\/\/quantocustaviajar.com\/blog\/wp-json\/wp\/v2\/posts\/28297\/revisions\/75457"}],"wp:featuredmedia":[{"embeddable":true,"href":"https:\/\/quantocustaviajar.com\/blog\/wp-json\/wp\/v2\/media\/28301"}],"wp:attachment":[{"href":"https:\/\/quantocustaviajar.com\/blog\/wp-json\/wp\/v2\/media?parent=28297"}],"wp:term":[{"taxonomy":"category","embeddable":true,"href":"https:\/\/quantocustaviajar.com\/blog\/wp-json\/wp\/v2\/categories?post=28297"},{"taxonomy":"post_tag","embeddable":true,"href":"https:\/\/quantocustaviajar.com\/blog\/wp-json\/wp\/v2\/tags?post=28297"}],"curies":[{"name":"wp","href":"https:\/\/api.w.org\/{rel}","templated":true}]}}