{"id":27863,"date":"2018-10-31T18:02:49","date_gmt":"2018-10-31T18:02:49","guid":{"rendered":"https:\/\/quantocustaviajar.com\/blog\/?p=27863"},"modified":"2018-10-31T18:02:49","modified_gmt":"2018-10-31T18:02:49","slug":"bagagem-de-mao-aviao","status":"publish","type":"post","link":"https:\/\/quantocustaviajar.com\/blog\/bagagem-de-mao-aviao\/","title":{"rendered":"Bagagem de m\u00e3o: confira quais itens s\u00e3o essenciais para levar na sua"},"content":{"rendered":"<p>A hora de preparar as malas antes de viajar \u00e9 sempre uma del\u00edcia. Por\u00e9m, voc\u00ea tem que ter uma checklist para n\u00e3o se esquecer de nenhum item importante, especialmente aqueles que pretende levar na <strong>bagagem de m\u00e3o<\/strong>. Isso porque essa mala ou mochila n\u00e3o \u00e9 despachada e deve estar dentro das normas dos aeroportos.<\/p><div id=\"ez-toc-container\" class=\"ez-toc-v2_0_76 ez-toc-wrap-left counter-hierarchy ez-toc-counter ez-toc-light-blue ez-toc-container-direction\">\n<div class=\"ez-toc-title-container\">\n<p class=\"ez-toc-title\" style=\"cursor:inherit\">Aqui voc\u00ea ir\u00e1 encontrar<\/p>\n<span class=\"ez-toc-title-toggle\"><a href=\"#\" class=\"ez-toc-pull-right ez-toc-btn ez-toc-btn-xs ez-toc-btn-default ez-toc-toggle\" aria-label=\"Alternar tabela de conte\u00fado\"><span class=\"ez-toc-js-icon-con\"><span class=\"\"><span class=\"eztoc-hide\" style=\"display:none;\">Toggle<\/span><span class=\"ez-toc-icon-toggle-span\"><svg style=\"fill: #999;color:#999\" xmlns=\"http:\/\/www.w3.org\/2000\/svg\" class=\"list-377408\" width=\"20px\" height=\"20px\" viewBox=\"0 0 24 24\" fill=\"none\"><path d=\"M6 6H4v2h2V6zm14 0H8v2h12V6zM4 11h2v2H4v-2zm16 0H8v2h12v-2zM4 16h2v2H4v-2zm16 0H8v2h12v-2z\" fill=\"currentColor\"><\/path><\/svg><svg style=\"fill: #999;color:#999\" class=\"arrow-unsorted-368013\" xmlns=\"http:\/\/www.w3.org\/2000\/svg\" width=\"10px\" height=\"10px\" viewBox=\"0 0 24 24\" version=\"1.2\" baseProfile=\"tiny\"><path d=\"M18.2 9.3l-6.2-6.3-6.2 6.3c-.2.2-.3.4-.3.7s.1.5.3.7c.2.2.4.3.7.3h11c.3 0 .5-.1.7-.3.2-.2.3-.5.3-.7s-.1-.5-.3-.7zM5.8 14.7l6.2 6.3 6.2-6.3c.2-.2.3-.5.3-.7s-.1-.5-.3-.7c-.2-.2-.4-.3-.7-.3h-11c-.3 0-.5.1-.7.3-.2.2-.3.5-.3.7s.1.5.3.7z\"\/><\/svg><\/span><\/span><\/span><\/a><\/span><\/div>\n<nav><ul class='ez-toc-list ez-toc-list-level-1 ' ><li class='ez-toc-page-1 ez-toc-heading-level-2'><a class=\"ez-toc-link ez-toc-heading-1\" href=\"https:\/\/quantocustaviajar.com\/blog\/bagagem-de-mao-aviao\/#Itens_para_bagagem_de_mao\" >Itens para bagagem de m\u00e3o<\/a><ul class='ez-toc-list-level-3' ><li class='ez-toc-heading-level-3'><a class=\"ez-toc-link ez-toc-heading-2\" href=\"https:\/\/quantocustaviajar.com\/blog\/bagagem-de-mao-aviao\/#Caneta\" >Caneta<\/a><\/li><li class='ez-toc-page-1 ez-toc-heading-level-3'><a class=\"ez-toc-link ez-toc-heading-3\" href=\"https:\/\/quantocustaviajar.com\/blog\/bagagem-de-mao-aviao\/#Pasta_de_documentos\" >Pasta de documentos<\/a><\/li><li class='ez-toc-page-1 ez-toc-heading-level-3'><a class=\"ez-toc-link ez-toc-heading-4\" href=\"https:\/\/quantocustaviajar.com\/blog\/bagagem-de-mao-aviao\/#Protetor_labial\" >Protetor labial<\/a><\/li><li class='ez-toc-page-1 ez-toc-heading-level-3'><a class=\"ez-toc-link ez-toc-heading-5\" href=\"https:\/\/quantocustaviajar.com\/blog\/bagagem-de-mao-aviao\/#Kit_higiene\" >Kit higiene<\/a><\/li><li class='ez-toc-page-1 ez-toc-heading-level-3'><a class=\"ez-toc-link ez-toc-heading-6\" href=\"https:\/\/quantocustaviajar.com\/blog\/bagagem-de-mao-aviao\/#Lenco_umedecido\" >Len\u00e7o umedecido<\/a><\/li><li class='ez-toc-page-1 ez-toc-heading-level-3'><a class=\"ez-toc-link ez-toc-heading-7\" href=\"https:\/\/quantocustaviajar.com\/blog\/bagagem-de-mao-aviao\/#Bolsinha_de_remedios\" >Bolsinha de rem\u00e9dios<\/a><\/li><li class='ez-toc-page-1 ez-toc-heading-level-3'><a class=\"ez-toc-link ez-toc-heading-8\" href=\"https:\/\/quantocustaviajar.com\/blog\/bagagem-de-mao-aviao\/#Adaptador_de_tomadas\" >Adaptador de tomadas<\/a><\/li><li class='ez-toc-page-1 ez-toc-heading-level-3'><a class=\"ez-toc-link ez-toc-heading-9\" href=\"https:\/\/quantocustaviajar.com\/blog\/bagagem-de-mao-aviao\/#Carregador_de_celular\" >Carregador de celular<\/a><\/li><li class='ez-toc-page-1 ez-toc-heading-level-3'><a class=\"ez-toc-link ez-toc-heading-10\" href=\"https:\/\/quantocustaviajar.com\/blog\/bagagem-de-mao-aviao\/#Uma_muda_de_roupa\" >Uma muda de roupa<\/a><\/li><li class='ez-toc-page-1 ez-toc-heading-level-3'><a class=\"ez-toc-link ez-toc-heading-11\" href=\"https:\/\/quantocustaviajar.com\/blog\/bagagem-de-mao-aviao\/#Cachecol_ou_lenco_fino\" >Cachecol ou len\u00e7o fino<\/a><\/li><li class='ez-toc-page-1 ez-toc-heading-level-3'><a class=\"ez-toc-link ez-toc-heading-12\" href=\"https:\/\/quantocustaviajar.com\/blog\/bagagem-de-mao-aviao\/#Casaquinho\" >Casaquinho<\/a><\/li><li class='ez-toc-page-1 ez-toc-heading-level-3'><a class=\"ez-toc-link ez-toc-heading-13\" href=\"https:\/\/quantocustaviajar.com\/blog\/bagagem-de-mao-aviao\/#Almofada_para_pescoco\" >Almofada para pesco\u00e7o<\/a><\/li><li class='ez-toc-page-1 ez-toc-heading-level-3'><a class=\"ez-toc-link ez-toc-heading-14\" href=\"https:\/\/quantocustaviajar.com\/blog\/bagagem-de-mao-aviao\/#Fone_de_ouvido\" >Fone de ouvido<\/a><\/li><li class='ez-toc-page-1 ez-toc-heading-level-3'><a class=\"ez-toc-link ez-toc-heading-15\" href=\"https:\/\/quantocustaviajar.com\/blog\/bagagem-de-mao-aviao\/#Mascara_para_olhos\" >M\u00e1scara para olhos<\/a><\/li><li class='ez-toc-page-1 ez-toc-heading-level-3'><a class=\"ez-toc-link ez-toc-heading-16\" href=\"https:\/\/quantocustaviajar.com\/blog\/bagagem-de-mao-aviao\/#Calcados_confortaveis\" >Cal\u00e7ados confort\u00e1veis<\/a><\/li><li class='ez-toc-page-1 ez-toc-heading-level-3'><a class=\"ez-toc-link ez-toc-heading-17\" href=\"https:\/\/quantocustaviajar.com\/blog\/bagagem-de-mao-aviao\/#Snacks\" >Snacks<\/a><\/li><\/ul><\/li><\/ul><\/nav><\/div>\n\n<p>Existe uma s\u00e9rie de itens importantes para voc\u00ea carregar na sua bagagem de m\u00e3o. Confira aqueles que a Equipe do Quanto Custa Viajar considera os essenciais!<\/p>\n<p><a href=\"https:\/\/quantocustaviajar.com\/para-onde-viajar\" target=\"_blank\" rel=\"noopener\"><strong>[+]\u00a0Para onde viajar? Descubra destinos que cabem no seu bolso. Clique e saiba mais!<\/strong><\/a><\/p>\n<h2><span class=\"ez-toc-section\" id=\"Itens_para_bagagem_de_mao\"><\/span>Itens para bagagem de m\u00e3o<span class=\"ez-toc-section-end\"><\/span><\/h2>\n<p>Ao arrumar sua bagagem de m\u00e3o, confira os itens que n\u00e3o podem ficar de fora da sua checklist de prepara\u00e7\u00e3o:<\/p>\n<h3><span class=\"ez-toc-section\" id=\"Caneta\"><\/span>Caneta<span class=\"ez-toc-section-end\"><\/span><\/h3>\n<figure id=\"attachment_27865\" aria-describedby=\"caption-attachment-27865\" style=\"width: 800px\" class=\"wp-caption aligncenter\"><img loading=\"lazy\" decoding=\"async\" class=\"wp-image-27865 size-full\" src=\"https:\/\/quantocustaviajar.com\/blog\/wp-content\/uploads\/2018\/10\/babagem-de-mao-caneta.jpg\" alt=\"bagagem de m\u00e3o\" width=\"800\" height=\"400\" srcset=\"https:\/\/quantocustaviajar.com\/blog\/wp-content\/uploads\/2018\/10\/babagem-de-mao-caneta.jpg 800w, https:\/\/quantocustaviajar.com\/blog\/wp-content\/uploads\/2018\/10\/babagem-de-mao-caneta-300x150.jpg 300w, https:\/\/quantocustaviajar.com\/blog\/wp-content\/uploads\/2018\/10\/babagem-de-mao-caneta-768x384.jpg 768w\" sizes=\"auto, (max-width: 800px) 100vw, 800px\" \/><figcaption id=\"caption-attachment-27865\" class=\"wp-caption-text\">Foto: <a href=\"https:\/\/pt.wikipedia.org\/wiki\/Ficheiro:03-BICcristal2008-03-26.jpg\" target=\"_blank\" rel=\"noopener\">Wikimedia Commons<\/a><\/figcaption><\/figure>\n<p>Quase ningu\u00e9m se lembra de colocar uma caneta na bagagem de m\u00e3o na hora de preparar a mala ou mochila. Para quem faz viagens para os Estados Unidos, por exemplo, \u00e9 importante ter uma caneta para preencher o formul\u00e1rio de imigra\u00e7\u00e3o.<\/p>\n<h3><span class=\"ez-toc-section\" id=\"Pasta_de_documentos\"><\/span>Pasta de documentos<span class=\"ez-toc-section-end\"><\/span><\/h3>\n<figure id=\"attachment_27875\" aria-describedby=\"caption-attachment-27875\" style=\"width: 800px\" class=\"wp-caption aligncenter\"><img loading=\"lazy\" decoding=\"async\" class=\"size-full wp-image-27875\" src=\"https:\/\/quantocustaviajar.com\/blog\/wp-content\/uploads\/2018\/10\/bagagem-de-mao-pasta.jpg\" alt=\"\" width=\"800\" height=\"400\" srcset=\"https:\/\/quantocustaviajar.com\/blog\/wp-content\/uploads\/2018\/10\/bagagem-de-mao-pasta.jpg 800w, https:\/\/quantocustaviajar.com\/blog\/wp-content\/uploads\/2018\/10\/bagagem-de-mao-pasta-300x150.jpg 300w, https:\/\/quantocustaviajar.com\/blog\/wp-content\/uploads\/2018\/10\/bagagem-de-mao-pasta-768x384.jpg 768w\" sizes=\"auto, (max-width: 800px) 100vw, 800px\" \/><figcaption id=\"caption-attachment-27875\" class=\"wp-caption-text\">Foto: <a href=\"https:\/\/www.submarino.com.br\/produto\/13395646\/pasta-aba-elastico-oficio-dello-line-azul\" target=\"_blank\" rel=\"noopener\">Submarino<\/a><\/figcaption><\/figure>\n<p>Comprovante de reserva de hotel, de <a href=\"https:\/\/www.rentcars.com\/es\/?requestorid=52\" target=\"_blank\" rel=\"noopener\"><strong>aluguel de carro<\/strong><\/a>, de <a href=\"https:\/\/quantocustaviajar.com\/passagens-aereas-baratas\/\" target=\"_blank\" rel=\"noopener\"><strong>passagem a\u00e9rea<\/strong><\/a>, certid\u00e3o de casamento, certid\u00e3o de nascimento e muito mais! Quem viaja sempre leva alguns documentos assim, principalmente porque a imigra\u00e7\u00e3o do pa\u00eds de destino pode pedir algum deles antes de carimbar seu passaporte.<\/p>\n<p>Por isso, leve todos esses documentos em sua bagagem de m\u00e3o e nunca na mala despachada. Para que os pap\u00e9is n\u00e3o amassem, coloque tudo em uma pastinha simples.<\/p>\n<p><a href=\"https:\/\/quantocustaviajar.com\/blog\/dicas-de-como-arrumar-as-malas\/\" target=\"_blank\" rel=\"noopener\"><strong>[+]\u00a0Dicas de como arrumar as malas de viagem segundo comiss\u00e1rios de bordo<\/strong><\/a><\/p>\n<h3><span class=\"ez-toc-section\" id=\"Protetor_labial\"><\/span>Protetor labial<span class=\"ez-toc-section-end\"><\/span><\/h3>\n<figure id=\"attachment_27866\" aria-describedby=\"caption-attachment-27866\" style=\"width: 800px\" class=\"wp-caption aligncenter\"><img loading=\"lazy\" decoding=\"async\" class=\"size-full wp-image-27866\" src=\"https:\/\/quantocustaviajar.com\/blog\/wp-content\/uploads\/2018\/10\/bagagem-de-mao-protetor-labial.jpg\" alt=\"\" width=\"800\" height=\"400\" srcset=\"https:\/\/quantocustaviajar.com\/blog\/wp-content\/uploads\/2018\/10\/bagagem-de-mao-protetor-labial.jpg 800w, https:\/\/quantocustaviajar.com\/blog\/wp-content\/uploads\/2018\/10\/bagagem-de-mao-protetor-labial-300x150.jpg 300w, https:\/\/quantocustaviajar.com\/blog\/wp-content\/uploads\/2018\/10\/bagagem-de-mao-protetor-labial-768x384.jpg 768w\" sizes=\"auto, (max-width: 800px) 100vw, 800px\" \/><figcaption id=\"caption-attachment-27866\" class=\"wp-caption-text\">Foto: <a href=\"https:\/\/www.walmart.com.br\/eos-lip-balm-pomegranate-raspberry-protetor-labial-7g\/8035221\/pr\" target=\"_blank\" rel=\"noopener\">Walmart<\/a><\/figcaption><\/figure>\n<p>Esse item \u00e9 importante tanto para as mulheres quanto para os homens. Durante os voos, devido ao ar-condicionado das aeronaves, seu l\u00e1bio fica seco e ressecado. Caso voc\u00ea tenha um protetor labial em sua bagagem de m\u00e3o, voc\u00ea consegue ficar passando ele de tempos em tempos, para garantir que seus l\u00e1bios n\u00e3o rachem.<\/p>\n<p><strong>Dica<\/strong>: por ser um item pequeno, deixe o protetor em um bolso (da cal\u00e7a ou do casaco) para ficar repassando.<\/p>\n<h3><span class=\"ez-toc-section\" id=\"Kit_higiene\"><\/span>Kit higiene<span class=\"ez-toc-section-end\"><\/span><\/h3>\n<figure id=\"attachment_27874\" aria-describedby=\"caption-attachment-27874\" style=\"width: 800px\" class=\"wp-caption aligncenter\"><img loading=\"lazy\" decoding=\"async\" class=\"size-full wp-image-27874\" src=\"https:\/\/quantocustaviajar.com\/blog\/wp-content\/uploads\/2018\/10\/bagagem-de-mao-necessaire-1.jpg\" alt=\"\" width=\"800\" height=\"400\" srcset=\"https:\/\/quantocustaviajar.com\/blog\/wp-content\/uploads\/2018\/10\/bagagem-de-mao-necessaire-1.jpg 800w, https:\/\/quantocustaviajar.com\/blog\/wp-content\/uploads\/2018\/10\/bagagem-de-mao-necessaire-1-300x150.jpg 300w, https:\/\/quantocustaviajar.com\/blog\/wp-content\/uploads\/2018\/10\/bagagem-de-mao-necessaire-1-768x384.jpg 768w\" sizes=\"auto, (max-width: 800px) 100vw, 800px\" \/><figcaption id=\"caption-attachment-27874\" class=\"wp-caption-text\">Foto: <a href=\"https:\/\/www.submarino.com.br\/produto\/37389643\/necessaire-para-viagem-retangular-coral\" target=\"_blank\" rel=\"noopener\">Submarino<\/a><\/figcaption><\/figure>\n<p>Algumas companhias a\u00e9reas oferecem uma pastinha e escova de dentes para os viajantes. Por\u00e9m, n\u00e3o conte sempre com essa sorte. Tenha sua necessaire com itens que n\u00e3o ultrapassem 100 ml e que n\u00e3o sejam com aerosol \u2014 caso contr\u00e1rio, no momento da inspe\u00e7\u00e3o, eles ser\u00e3o retirados e jogados fora.<\/p>\n<p>Dentro de sua bolsinha, voc\u00ea pode levar: desodorante, pasta de dente, escova de dente, escova de cabelo, fio dental, creme para m\u00e3os, \u00e1lcool gel, protetor labial, batom, l\u00e1pis para olhos, r\u00edmel, absorvente e todos os demais produtos que voc\u00ea considera importantes para sua higiene pessoal.<\/p>\n<p><strong>Dica<\/strong>: tenha uma necessaire pequena e coloque-a no bols\u00e3o que fica logo na sua frente dentro do avi\u00e3o. Assim, voc\u00ea n\u00e3o precisa ficar abrindo o porta-bagagens quando precisar.<\/p>\n<p>Op\u00e7\u00f5es de necessaire para comprar pela internet:<\/p>\n<ul>\n<li><a href=\"https:\/\/www.submarino.com.br\/produto\/37389643\/necessaire-para-viagem-retangular-coral\" target=\"_blank\" rel=\"noopener\"><strong>Necessaire Para Viagem &#8211; Retangular<\/strong><\/a><\/li>\n<li><a href=\"https:\/\/www.submarino.com.br\/produto\/34509872\/kit-organizador-de-mala-viagem-6-pcs-necessaire-bolsa-saco-mochila\" target=\"_blank\" rel=\"noopener\"><strong>Kit Organizador de Mala Viagem 6 P\u00e7s Necessaire Bolsa Saco Mochila<\/strong><\/a><\/li>\n<li><a href=\"https:\/\/www.submarino.com.br\/produto\/20826724\/necessaire-topazio-lx15-marrom-g-483684-lansay\" target=\"_blank\" rel=\"noopener\"><strong>Necessaire Topazio Lx15 Lansay<\/strong><\/a><\/li>\n<\/ul>\n<h3><span class=\"ez-toc-section\" id=\"Lenco_umedecido\"><\/span>Len\u00e7o umedecido<span class=\"ez-toc-section-end\"><\/span><\/h3>\n<figure id=\"attachment_27876\" aria-describedby=\"caption-attachment-27876\" style=\"width: 800px\" class=\"wp-caption aligncenter\"><img loading=\"lazy\" decoding=\"async\" class=\"size-full wp-image-27876\" src=\"https:\/\/quantocustaviajar.com\/blog\/wp-content\/uploads\/2018\/10\/bagagem-de-mao-lenco-umedecido-pequeno.jpg\" alt=\"\" width=\"800\" height=\"400\" srcset=\"https:\/\/quantocustaviajar.com\/blog\/wp-content\/uploads\/2018\/10\/bagagem-de-mao-lenco-umedecido-pequeno.jpg 800w, https:\/\/quantocustaviajar.com\/blog\/wp-content\/uploads\/2018\/10\/bagagem-de-mao-lenco-umedecido-pequeno-300x150.jpg 300w, https:\/\/quantocustaviajar.com\/blog\/wp-content\/uploads\/2018\/10\/bagagem-de-mao-lenco-umedecido-pequeno-768x384.jpg 768w\" sizes=\"auto, (max-width: 800px) 100vw, 800px\" \/><figcaption id=\"caption-attachment-27876\" class=\"wp-caption-text\">Foto: <a href=\"https:\/\/www.submarino.com.br\/produto\/115023042\/lenco-umedecido-refrescante-ricca-flores\" target=\"_blank\" rel=\"noopener\">Submarino<\/a><\/figcaption><\/figure>\n<p>O len\u00e7o umedecido \u00e9 um item interessante na bagagem de m\u00e3o. Al\u00e9m de funcionar para sua higiene pessoal, ter um len\u00e7o umedecido ajuda voc\u00ea a limpar a mesinha do avi\u00e3o ou outra \u00e1rea que esteja emporcalhada.<\/p>\n<p>Voc\u00ea sabia que a mesinha \u00e9 o lugar com <a href=\"https:\/\/epocanegocios.globo.com\/Informacao\/Acao\/noticia\/2015\/09\/estudo-descobre-qual-e-o-ponto-mais-sujo-dentro-de-um-aviao-e-voce-vai-se-surpreender.html\" target=\"_blank\" rel=\"noopener\"><strong>maior concentra\u00e7\u00e3o de germes<\/strong><\/a> dentro de um avi\u00e3o? Por isso, \u00e9 importante passar um paninho antes de comer. E, nesse sentido, o len\u00e7o umedecido ajuda bastante, ainda mais se for acompanhado de um \u00e1lcool gel.<\/p>\n<p><strong>Dica<\/strong>: se couber, coloque o len\u00e7o umedecido dentro de sua necessaire de higiene pessoal. Compre aqueles pacotes pequenininhos que existem nas farm\u00e1cias.<\/p>\n<h3><span class=\"ez-toc-section\" id=\"Bolsinha_de_remedios\"><\/span>Bolsinha de rem\u00e9dios<span class=\"ez-toc-section-end\"><\/span><\/h3>\n<figure id=\"attachment_27877\" aria-describedby=\"caption-attachment-27877\" style=\"width: 800px\" class=\"wp-caption aligncenter\"><img loading=\"lazy\" decoding=\"async\" class=\"size-full wp-image-27877\" src=\"https:\/\/quantocustaviajar.com\/blog\/wp-content\/uploads\/2018\/10\/bagagem-de-mao-remedios.jpg\" alt=\"\" width=\"800\" height=\"400\" srcset=\"https:\/\/quantocustaviajar.com\/blog\/wp-content\/uploads\/2018\/10\/bagagem-de-mao-remedios.jpg 800w, https:\/\/quantocustaviajar.com\/blog\/wp-content\/uploads\/2018\/10\/bagagem-de-mao-remedios-300x150.jpg 300w, https:\/\/quantocustaviajar.com\/blog\/wp-content\/uploads\/2018\/10\/bagagem-de-mao-remedios-768x384.jpg 768w\" sizes=\"auto, (max-width: 800px) 100vw, 800px\" \/><figcaption id=\"caption-attachment-27877\" class=\"wp-caption-text\">Foto: <a href=\"https:\/\/www.submarino.com.br\/produto\/44120172\/bolsa-porta-lingerie-bolsinha-necessarie-para-calcinha-sutia-com-ziper-e-bolsinhos-interno-colection\" target=\"_blank\" rel=\"noopener\">Submarino<\/a><\/figcaption><\/figure>\n<p>Sim, voc\u00ea pode levar seus medicamentos de uso cont\u00ednuo ou de emerg\u00eancia na sua bagagem de m\u00e3o. O correto \u00e9 ter uma receita m\u00e9dica com todos eles. Por\u00e9m, nenhum agente que trabalha nas inspe\u00e7\u00f5es de bagagens de m\u00e3o pede isso.<\/p>\n<p>Esteja preparada para qualquer eventualidade, leve rem\u00e9dios para: enjoo, dor de cabe\u00e7a, alergia, dor de garganta, dores musculares entre outros.<\/p>\n<p><strong>Dica<\/strong>: fa\u00e7a uma bolsinha pequena com esses itens e deixe-a no bols\u00e3o que fica logo \u00e0 frente de seu assento. Caso voc\u00ea se sinta mal, os medicamentos j\u00e1 est\u00e3o com acesso f\u00e1cil.<\/p>\n<p>Op\u00e7\u00f5es de bolsinhas para comprar pela internet:<\/p>\n<ul>\n<li><a href=\"https:\/\/www.submarino.com.br\/produto\/44120172\/bolsa-porta-lingerie-bolsinha-necessarie-para-calcinha-sutia-com-ziper-e-bolsinhos-interno-colection\" target=\"_blank\" rel=\"noopener\"><strong>Bolsa com z\u00edper e bolsinhos internos<\/strong><\/a><\/li>\n<li><a href=\"https:\/\/www.submarino.com.br\/produto\/38196381\/necessarie-estojo-escolar-infantil-crianca-com-ziper-menina-estampa-coracao-jacki-design-vermelho\" target=\"_blank\" rel=\"noopener\"><strong>Necessarie Com Z\u00edper Estampa Cora\u00e7\u00e3o<\/strong><\/a><\/li>\n<li><a href=\"https:\/\/www.submarino.com.br\/produto\/26888816\/necessarie-primicia-graphis-luxor\" target=\"_blank\" rel=\"noopener\"><strong>Necessarie Primicia Graphis Luxor<\/strong><\/a><\/li>\n<\/ul>\n<h3><span class=\"ez-toc-section\" id=\"Adaptador_de_tomadas\"><\/span>Adaptador de tomadas<span class=\"ez-toc-section-end\"><\/span><\/h3>\n<figure id=\"attachment_27880\" aria-describedby=\"caption-attachment-27880\" style=\"width: 800px\" class=\"wp-caption aligncenter\"><img loading=\"lazy\" decoding=\"async\" class=\"size-full wp-image-27880\" src=\"https:\/\/quantocustaviajar.com\/blog\/wp-content\/uploads\/2018\/10\/bagagem-de-mao-adaptador-de-tomadas.jpg\" alt=\"\" width=\"800\" height=\"400\" srcset=\"https:\/\/quantocustaviajar.com\/blog\/wp-content\/uploads\/2018\/10\/bagagem-de-mao-adaptador-de-tomadas.jpg 800w, https:\/\/quantocustaviajar.com\/blog\/wp-content\/uploads\/2018\/10\/bagagem-de-mao-adaptador-de-tomadas-300x150.jpg 300w, https:\/\/quantocustaviajar.com\/blog\/wp-content\/uploads\/2018\/10\/bagagem-de-mao-adaptador-de-tomadas-768x384.jpg 768w\" sizes=\"auto, (max-width: 800px) 100vw, 800px\" \/><figcaption id=\"caption-attachment-27880\" class=\"wp-caption-text\">Foto: <a href=\"https:\/\/www.walmart.com.br\/adaptador-universal-de-tomadas\/2909565\/pr\" target=\"_blank\" rel=\"noopener\">Walmart<\/a><\/figcaption><\/figure>\n<p>Os padr\u00f5es de tomadas no Brasil s\u00e3o diferentes de v\u00e1rios lugares do mundo. Pode ser que voc\u00ea fa\u00e7a uma conex\u00e3o demorada e tenha a necessidade de recarregar a bateria do seu celular ou outro eletr\u00f4nico. Por isso, \u00e9 sempre interessante ter um adaptador de tomadas na sua bagagem de m\u00e3o.<\/p>\n<p>Op\u00e7\u00f5es de adaptador de tomada para comprar pela internet:<\/p>\n<ul>\n<li><strong><a href=\"https:\/\/ad.zanox.com\/ppc\/?45377885C72143493&amp;ULPe=[[https:\/\/www.walmart.com.br\/adaptador-universal-de-tomadas\/2909565\/pr?utm_medium=afiliados&amp;utm_source=zanox&amp;utm_campaign=custom_deeplink]]\" target=\"_blank\" rel=\"noopener\">Adaptador Universal de Tomadas<\/a><\/strong><\/li>\n<li><strong><a href=\"https:\/\/ad.zanox.com\/ppc\/?45377885C72143493&amp;ULPe=[[https:\/\/www.walmart.com.br\/adaptador-de-tomadas-4-saidas-com-interruptor-wi246-multilaser\/3413258\/pr?utm_medium=afiliados&amp;utm_source=zanox&amp;utm_campaign=custom_deeplink]]\" target=\"_blank\" rel=\"noopener\">Adaptador de Tomadas 4 Sa\u00eddas com Interruptor WI246 Multilaser<\/a><\/strong><\/li>\n<li><strong><a href=\"https:\/\/www.submarino.com.br\/produto\/10961151\/adaptador-de-tomada-universal-ad6\" target=\"_blank\" rel=\"noopener\">Adaptador De Tomada Universal \u2013 Ad6<\/a><\/strong><\/li>\n<\/ul>\n<h3><span class=\"ez-toc-section\" id=\"Carregador_de_celular\"><\/span>Carregador de celular<span class=\"ez-toc-section-end\"><\/span><\/h3>\n<figure id=\"attachment_27881\" aria-describedby=\"caption-attachment-27881\" style=\"width: 800px\" class=\"wp-caption aligncenter\"><img loading=\"lazy\" decoding=\"async\" class=\"size-full wp-image-27881\" src=\"https:\/\/quantocustaviajar.com\/blog\/wp-content\/uploads\/2018\/10\/bagagem-de-mao-carregador-de-celular.jpg\" alt=\"\" width=\"800\" height=\"400\" srcset=\"https:\/\/quantocustaviajar.com\/blog\/wp-content\/uploads\/2018\/10\/bagagem-de-mao-carregador-de-celular.jpg 800w, https:\/\/quantocustaviajar.com\/blog\/wp-content\/uploads\/2018\/10\/bagagem-de-mao-carregador-de-celular-300x150.jpg 300w, https:\/\/quantocustaviajar.com\/blog\/wp-content\/uploads\/2018\/10\/bagagem-de-mao-carregador-de-celular-768x384.jpg 768w\" sizes=\"auto, (max-width: 800px) 100vw, 800px\" \/><figcaption id=\"caption-attachment-27881\" class=\"wp-caption-text\">Foto: <a href=\"https:\/\/www.submarino.com.br\/produto\/38469511\/carregador-para-celular-samsung-5v-micro-usb\" target=\"_blank\" rel=\"noopener\">Submarino<\/a><\/figcaption><\/figure>\n<p>Para quem vai ficar muitas horas em conex\u00e3o no aeroporto, levar o carregador de celular na bagagem de m\u00e3o \u00e9 indispens\u00e1vel. J\u00e1 pensou esquecer e ter que comprar um no aeroporto? Isso \u00e9 poss\u00edvel, mas voc\u00ea vai gastar 5x mais!<\/p>\n<h3><span class=\"ez-toc-section\" id=\"Uma_muda_de_roupa\"><\/span>Uma muda de roupa<span class=\"ez-toc-section-end\"><\/span><\/h3>\n<figure id=\"attachment_27884\" aria-describedby=\"caption-attachment-27884\" style=\"width: 800px\" class=\"wp-caption aligncenter\"><img loading=\"lazy\" decoding=\"async\" class=\"size-full wp-image-27884\" src=\"https:\/\/quantocustaviajar.com\/blog\/wp-content\/uploads\/2018\/10\/bagagem-de-mao-muda-de-roupa.jpg\" alt=\"\" width=\"800\" height=\"400\" srcset=\"https:\/\/quantocustaviajar.com\/blog\/wp-content\/uploads\/2018\/10\/bagagem-de-mao-muda-de-roupa.jpg 800w, https:\/\/quantocustaviajar.com\/blog\/wp-content\/uploads\/2018\/10\/bagagem-de-mao-muda-de-roupa-300x150.jpg 300w, https:\/\/quantocustaviajar.com\/blog\/wp-content\/uploads\/2018\/10\/bagagem-de-mao-muda-de-roupa-768x384.jpg 768w\" sizes=\"auto, (max-width: 800px) 100vw, 800px\" \/><figcaption id=\"caption-attachment-27884\" class=\"wp-caption-text\">Foto: <a href=\"https:\/\/www.submarino.com.br\/produto\/26172577\/camiseta-babylook-feminina-branca-viajar\" target=\"_blank\" rel=\"noopener\">Submarino<\/a><\/figcaption><\/figure>\n<p>Esse item \u00e9 importante apenas para viagens longas para se prevenir caso a bagagem seja extraviada ou caso algum voo seja cancelado. \u00c9 claro que voc\u00ea pode comprar uma pe\u00e7a de roupas at\u00e9 que a companhia a\u00e9rea devolva a bagagem. Mas, imagina o estresse, n\u00e9? Por isso, leve uma calcinha, um par de meias e uma camisetinha extra.<\/p>\n<h3><span class=\"ez-toc-section\" id=\"Cachecol_ou_lenco_fino\"><\/span>Cachecol ou len\u00e7o fino<span class=\"ez-toc-section-end\"><\/span><\/h3>\n<figure id=\"attachment_27869\" aria-describedby=\"caption-attachment-27869\" style=\"width: 800px\" class=\"wp-caption aligncenter\"><img loading=\"lazy\" decoding=\"async\" class=\"size-full wp-image-27869\" src=\"https:\/\/quantocustaviajar.com\/blog\/wp-content\/uploads\/2018\/10\/bagagem-de-mao-cachecol.jpg\" alt=\"\" width=\"800\" height=\"400\" srcset=\"https:\/\/quantocustaviajar.com\/blog\/wp-content\/uploads\/2018\/10\/bagagem-de-mao-cachecol.jpg 800w, https:\/\/quantocustaviajar.com\/blog\/wp-content\/uploads\/2018\/10\/bagagem-de-mao-cachecol-300x150.jpg 300w, https:\/\/quantocustaviajar.com\/blog\/wp-content\/uploads\/2018\/10\/bagagem-de-mao-cachecol-768x384.jpg 768w\" sizes=\"auto, (max-width: 800px) 100vw, 800px\" \/><figcaption id=\"caption-attachment-27869\" class=\"wp-caption-text\">Foto: <a href=\"https:\/\/www.submarino.com.br\/produto\/35036189\/echarpe-lenco-de-pescoco-de-cor-vermelho-cachecol-pashmina\" target=\"_blank\" rel=\"noopener\">Submarino<\/a><\/figcaption><\/figure>\n<p>O ar-condicionado dentro do avi\u00e3o pode judiar algumas pessoas. Ter um cachecol ou um len\u00e7o fino ajuda a proteger a garganta e seus ouvidos, caso voc\u00ea seja mais sens\u00edvel. Esses acess\u00f3rios s\u00e3o t\u00e3o finos que n\u00e3o ocupam muito espa\u00e7o na sua bagagem de m\u00e3o.<\/p>\n<p>Op\u00e7\u00f5es para comprar pela internet:<\/p>\n<ul>\n<li><strong><a href=\"https:\/\/ad.zanox.com\/ppc\/?45377887C43960076&amp;ULPe=[[https:\/\/www.submarino.com.br\/produto\/35036189\/echarpe-lenco-de-pescoco-de-cor-vermelho-cachecol-pashmina?opn=AFLNOVOSUB&amp;epar=af_00_00_za_zanoxsuba]]\" target=\"_blank\" rel=\"noopener\">Echarpe Len\u00e7o De Pesco\u00e7o De Cor Vermelho Cachecol<\/a><\/strong><\/li>\n<li><strong><a href=\"https:\/\/ad.zanox.com\/ppc\/?45377887C43960076&amp;ULPe=[[https:\/\/www.submarino.com.br\/produto\/35034875\/echarpe-lenco-de-pescoco-de-cor-marrom-cachecol-pashmina?opn=AFLNOVOSUB&amp;epar=af_00_00_za_zanoxsuba]]\" target=\"_blank\" rel=\"noopener\">Echarpe Len\u00e7o De Pesco\u00e7o De Cor Marrom Cachecol<\/a><\/strong><\/li>\n<li><strong><a href=\"https:\/\/ad.zanox.com\/ppc\/?45377887C43960076&amp;ULPe=[[https:\/\/www.submarino.com.br\/produto\/35046132\/echarpe-lenco-de-pescoco-de-cor-azul-cachecol-pashmina?opn=AFLNOVOSUB&amp;epar=af_00_00_za_zanoxsuba]]\" target=\"_blank\" rel=\"noopener\">Echarpe Len\u00e7o De Pesco\u00e7o De Cor Azul Cachecol<\/a><\/strong><\/li>\n<\/ul>\n<h3><span class=\"ez-toc-section\" id=\"Casaquinho\"><\/span>Casaquinho<span class=\"ez-toc-section-end\"><\/span><\/h3>\n<figure id=\"attachment_27883\" aria-describedby=\"caption-attachment-27883\" style=\"width: 800px\" class=\"wp-caption aligncenter\"><img loading=\"lazy\" decoding=\"async\" class=\"size-full wp-image-27883\" src=\"https:\/\/quantocustaviajar.com\/blog\/wp-content\/uploads\/2018\/10\/bagagem-de-mao-casaco.jpg\" alt=\"\" width=\"800\" height=\"400\" srcset=\"https:\/\/quantocustaviajar.com\/blog\/wp-content\/uploads\/2018\/10\/bagagem-de-mao-casaco.jpg 800w, https:\/\/quantocustaviajar.com\/blog\/wp-content\/uploads\/2018\/10\/bagagem-de-mao-casaco-300x150.jpg 300w, https:\/\/quantocustaviajar.com\/blog\/wp-content\/uploads\/2018\/10\/bagagem-de-mao-casaco-768x384.jpg 768w\" sizes=\"auto, (max-width: 800px) 100vw, 800px\" \/><figcaption id=\"caption-attachment-27883\" class=\"wp-caption-text\">Foto: <a href=\"https:\/\/www.submarino.com.br\/produto\/25062690\/casaco-assimetrico-luk-com-gola\" target=\"_blank\" rel=\"noopener\">Submarino<\/a><\/figcaption><\/figure>\n<p>Mais um item importante para n\u00e3o sofrer com o frio dentro do avi\u00e3o. Leve um casaco confort\u00e1vel ou moletom para se proteger do ar-condicionado. Mesmo que sua viagem seja internacional e que a companhia a\u00e9rea ofere\u00e7a uma cobertinha, ela n\u00e3o d\u00e1 conta do recado na hora de se cobrir.<\/p>\n<h3><span class=\"ez-toc-section\" id=\"Almofada_para_pescoco\"><\/span>Almofada para pesco\u00e7o<span class=\"ez-toc-section-end\"><\/span><\/h3>\n<figure id=\"attachment_27872\" aria-describedby=\"caption-attachment-27872\" style=\"width: 800px\" class=\"wp-caption aligncenter\"><img loading=\"lazy\" decoding=\"async\" class=\"size-full wp-image-27872\" src=\"https:\/\/quantocustaviajar.com\/blog\/wp-content\/uploads\/2018\/10\/bagagem-de-mao-almofada-de-pescoco.jpg\" alt=\"\" width=\"800\" height=\"400\" srcset=\"https:\/\/quantocustaviajar.com\/blog\/wp-content\/uploads\/2018\/10\/bagagem-de-mao-almofada-de-pescoco.jpg 800w, https:\/\/quantocustaviajar.com\/blog\/wp-content\/uploads\/2018\/10\/bagagem-de-mao-almofada-de-pescoco-300x150.jpg 300w, https:\/\/quantocustaviajar.com\/blog\/wp-content\/uploads\/2018\/10\/bagagem-de-mao-almofada-de-pescoco-768x384.jpg 768w\" sizes=\"auto, (max-width: 800px) 100vw, 800px\" \/><figcaption id=\"caption-attachment-27872\" class=\"wp-caption-text\">Foto: <a href=\"https:\/\/www.walmart.com.br\/almofada-de-viagem-miraculous-plagg-floc\/6759039\/pr\" target=\"_blank\" rel=\"noopener\">Walmart<\/a><\/figcaption><\/figure>\n<p>Se voc\u00ea vai fazer uma viagem com longas horas de dura\u00e7\u00e3o, \u00e9 bem importante levar uma almofada de pesco\u00e7o para dormir. Muitas companhias a\u00e9reas oferecem um travesseiro pequeno, principalmente nas viagens internacionais. Mas \u00e9 sempre melhor ter o seu!<\/p>\n<p>Op\u00e7\u00f5es de almofadas de pesco\u00e7o para comprar pela internet:<\/p>\n<ul>\n<li><a href=\"https:\/\/ad.zanox.com\/ppc\/?45377885C72143493&amp;ULPe=[[https:\/\/www.walmart.com.br\/almofada-de-viagem-miraculous-plagg-floc\/6759039\/pr?utm_medium=afiliados&amp;utm_source=zanox&amp;utm_campaign=custom_deeplink]]\" target=\"_blank\" rel=\"noopener\"><strong>Almofada de Viagem Miraculous Plagg Floc<\/strong><\/a><\/li>\n<li><a href=\"https:\/\/ad.zanox.com\/ppc\/?45377885C72143493&amp;ULPe=[[https:\/\/www.walmart.com.br\/travesseiro-de-viagem-microperola-sestini-81043\/5674887\/pr?utm_medium=afiliados&amp;utm_source=zanox&amp;utm_campaign=custom_deeplink]]\" target=\"_blank\" rel=\"noopener\"><strong>Travesseiro de Viagem Microp\u00e9rola Sestini<\/strong><\/a><\/li>\n<li><a href=\"https:\/\/ad.zanox.com\/ppc\/?45377885C72143493&amp;ULPe=[[https:\/\/www.walmart.com.br\/almofada-de-pescoco-rosa-capa-mulher-maravilha\/5867837\/pr?utm_medium=afiliados&amp;utm_source=zanox&amp;utm_campaign=custom_deeplink]]\" target=\"_blank\" rel=\"noopener\"><strong>Almofada De Pesco\u00e7o Rosa Capa \u2013 Mulher Maravilha<\/strong><\/a><\/li>\n<\/ul>\n<h3><span class=\"ez-toc-section\" id=\"Fone_de_ouvido\"><\/span>Fone de ouvido<span class=\"ez-toc-section-end\"><\/span><\/h3>\n<figure id=\"attachment_27873\" aria-describedby=\"caption-attachment-27873\" style=\"width: 800px\" class=\"wp-caption aligncenter\"><img loading=\"lazy\" decoding=\"async\" class=\"size-full wp-image-27873\" src=\"https:\/\/quantocustaviajar.com\/blog\/wp-content\/uploads\/2018\/10\/bagagem-de-mao-fone-de-ouvido.jpg\" alt=\"\" width=\"800\" height=\"400\" srcset=\"https:\/\/quantocustaviajar.com\/blog\/wp-content\/uploads\/2018\/10\/bagagem-de-mao-fone-de-ouvido.jpg 800w, https:\/\/quantocustaviajar.com\/blog\/wp-content\/uploads\/2018\/10\/bagagem-de-mao-fone-de-ouvido-300x150.jpg 300w, https:\/\/quantocustaviajar.com\/blog\/wp-content\/uploads\/2018\/10\/bagagem-de-mao-fone-de-ouvido-768x384.jpg 768w\" sizes=\"auto, (max-width: 800px) 100vw, 800px\" \/><figcaption id=\"caption-attachment-27873\" class=\"wp-caption-text\">Foto: <a href=\"https:\/\/www.submarino.com.br\/produto\/24785503\/headphone-sony-mdr-xb550ap-com-extra-bass-preto\" target=\"_blank\" rel=\"noopener\">Submarino<\/a><\/figcaption><\/figure>\n<p>Muitas companhias a\u00e9reas tamb\u00e9m oferecem um fone de ouvido para os passageiros. Mas, nada melhor do que levar o seu, confort\u00e1vel e que voc\u00ea j\u00e1 est\u00e1 bem acostumada na sua bagagem de m\u00e3o. Lembre-se que \u00e9 importante que o fone tenha fio, para voc\u00ea conect\u00e1-lo ao dispositivo multim\u00eddia dos avi\u00f5es.<\/p>\n<p>Op\u00e7\u00f5es para comprar pela internet:<\/p>\n<ul>\n<li><a href=\"https:\/\/ad.zanox.com\/ppc\/?45377887C43960076&amp;ULPe=[[https:\/\/www.submarino.com.br\/produto\/32065667\/headphone-sony-mdr-zx110-wcae-branco?opn=AFLNOVOSUB&amp;epar=af_00_00_za_zanoxsuba]]\" target=\"_blank\" rel=\"noopener\"><strong>Headphone Sony Mdr-Zx110\/Wcae \u2013 Branco<\/strong><\/a><\/li>\n<li><a href=\"https:\/\/ad.zanox.com\/ppc\/?45377887C43960076&amp;ULPe=[[https:\/\/www.submarino.com.br\/produto\/24785503\/headphone-sony-mdr-xb550ap-com-extra-bass-preto?opn=AFLNOVOSUB&amp;epar=af_00_00_za_zanoxsuba]]\" target=\"_blank\" rel=\"noopener\"><strong>Headphone Sony Mdr-xb550ap Com Extra Bass Preto<\/strong><\/a><\/li>\n<li><a href=\"https:\/\/ad.zanox.com\/ppc\/?45377887C43960076&amp;ULPe=[[https:\/\/www.submarino.com.br\/produto\/24785490\/headphone-sony-mdr-xb550ap-com-extra-bass-azul?opn=AFLNOVOSUB&amp;epar=af_00_00_za_zanoxsuba]]\" target=\"_blank\" rel=\"noopener\"><strong>Headphone Sony Mdr-xb550ap Com Extra Bass Azul<\/strong><\/a><\/li>\n<\/ul>\n<h3><span class=\"ez-toc-section\" id=\"Mascara_para_olhos\"><\/span>M\u00e1scara para olhos<span class=\"ez-toc-section-end\"><\/span><\/h3>\n<figure id=\"attachment_27871\" aria-describedby=\"caption-attachment-27871\" style=\"width: 800px\" class=\"wp-caption aligncenter\"><img loading=\"lazy\" decoding=\"async\" class=\"size-full wp-image-27871\" src=\"https:\/\/quantocustaviajar.com\/blog\/wp-content\/uploads\/2018\/10\/bagagem-de-mao-mascara-para-dormir.jpg\" alt=\"\" width=\"800\" height=\"400\" srcset=\"https:\/\/quantocustaviajar.com\/blog\/wp-content\/uploads\/2018\/10\/bagagem-de-mao-mascara-para-dormir.jpg 800w, https:\/\/quantocustaviajar.com\/blog\/wp-content\/uploads\/2018\/10\/bagagem-de-mao-mascara-para-dormir-300x150.jpg 300w, https:\/\/quantocustaviajar.com\/blog\/wp-content\/uploads\/2018\/10\/bagagem-de-mao-mascara-para-dormir-768x384.jpg 768w\" sizes=\"auto, (max-width: 800px) 100vw, 800px\" \/><figcaption id=\"caption-attachment-27871\" class=\"wp-caption-text\">Foto: <a href=\"https:\/\/www.walmart.com.br\/mascara-de-dormir-mamae-gatona\/3620662\/pr\" target=\"_blank\" rel=\"noopener\">Walmart<\/a><\/figcaption><\/figure>\n<p>Estes descansos de olhos ajudam voc\u00ea a dormir com mais tranquilidade, isso porque voc\u00ea n\u00e3o vai acordar no susto caso acendam as luzes da aeronave ou um passageiro ao seu lado aceda a luz para leitura. \u00c9 um item interessante para a bagagem de m\u00e3o de quem tem viagem com longas dist\u00e2ncias.<\/p>\n<p>Op\u00e7\u00f5es para comprar pela internet:<\/p>\n<ul>\n<li><a href=\"https:\/\/ad.zanox.com\/ppc\/?45377885C72143493&amp;ULPe=[[https:\/\/www.walmart.com.br\/mascara-p-dormir-black-mask-termogel-beauty\/7773089\/pr?utm_medium=afiliados&amp;utm_source=zanox&amp;utm_campaign=custom_deeplink]]\" target=\"_blank\" rel=\"noopener\"><strong>M\u00e1scara p\/ Dormir Black Mask Termogel Beauty<\/strong><\/a><\/li>\n<li><a href=\"https:\/\/ad.zanox.com\/ppc\/?45377885C72143493&amp;ULPe=[[https:\/\/www.walmart.com.br\/mascara-de-dormir-em-neoprene-game-over\/6146785\/pr?utm_medium=afiliados&amp;utm_source=zanox&amp;utm_campaign=custom_deeplink]]\" target=\"_blank\" rel=\"noopener\"><strong>M\u00e1scara Primicia para Descanso<\/strong><\/a><\/li>\n<li><a href=\"https:\/\/ad.zanox.com\/ppc\/?45377885C72143493&amp;ULPe=[[https:\/\/www.walmart.com.br\/mascara-de-dormir-mamae-gatona\/3620662\/pr?utm_medium=afiliados&amp;utm_source=zanox&amp;utm_campaign=custom_deeplink]]\" target=\"_blank\" rel=\"noopener\"><strong>M\u00e1scara Para Descanso Tapa Olho Curtlo<\/strong><\/a><\/li>\n<\/ul>\n<h3><span class=\"ez-toc-section\" id=\"Calcados_confortaveis\"><\/span>Cal\u00e7ados confort\u00e1veis<span class=\"ez-toc-section-end\"><\/span><\/h3>\n<figure id=\"attachment_27885\" aria-describedby=\"caption-attachment-27885\" style=\"width: 800px\" class=\"wp-caption aligncenter\"><img loading=\"lazy\" decoding=\"async\" class=\"wp-image-27885 size-full\" src=\"https:\/\/quantocustaviajar.com\/blog\/wp-content\/uploads\/2018\/10\/bagagem-de-mao-calcado.jpg\" alt=\"\" width=\"800\" height=\"400\" srcset=\"https:\/\/quantocustaviajar.com\/blog\/wp-content\/uploads\/2018\/10\/bagagem-de-mao-calcado.jpg 800w, https:\/\/quantocustaviajar.com\/blog\/wp-content\/uploads\/2018\/10\/bagagem-de-mao-calcado-300x150.jpg 300w, https:\/\/quantocustaviajar.com\/blog\/wp-content\/uploads\/2018\/10\/bagagem-de-mao-calcado-768x384.jpg 768w\" sizes=\"auto, (max-width: 800px) 100vw, 800px\" \/><figcaption id=\"caption-attachment-27885\" class=\"wp-caption-text\">Foto: <a href=\"https:\/\/www.submarino.com.br\/produto\/31173645\/mocassim-feminino-vizzano-1268100\" target=\"_blank\" rel=\"noopener\">Submarino<\/a><\/figcaption><\/figure>\n<p>Durante o voo, pode ser que seus p\u00e9s inchem um pouquinho e que seja necess\u00e1rio retirar seu sapato para ficar mais confort\u00e1vel. Por isso, nada de viajar com sand\u00e1lia apertada ou sapato de salto. V\u00e1 com um acess\u00f3rio confort\u00e1vel e que seja f\u00e1cil de retirar e colocar. Se n\u00e3o tiver vergonha, v\u00e1 com um Crocs ou outro cal\u00e7ado nesse estilo.<\/p>\n<p><strong>Dica<\/strong>: caso voc\u00ea esteja com uma sapatilha, leve uma meia para aquecer seus p\u00e9s. Ah, e n\u00e3o fique andando descal\u00e7o no avi\u00e3o.<\/p>\n<h3><span class=\"ez-toc-section\" id=\"Snacks\"><\/span>Snacks<span class=\"ez-toc-section-end\"><\/span><\/h3>\n<figure id=\"attachment_27870\" aria-describedby=\"caption-attachment-27870\" style=\"width: 800px\" class=\"wp-caption aligncenter\"><img loading=\"lazy\" decoding=\"async\" class=\"size-full wp-image-27870\" src=\"https:\/\/quantocustaviajar.com\/blog\/wp-content\/uploads\/2018\/10\/bagagem-de-mao-snacks.jpg\" alt=\"\" width=\"800\" height=\"400\" srcset=\"https:\/\/quantocustaviajar.com\/blog\/wp-content\/uploads\/2018\/10\/bagagem-de-mao-snacks.jpg 800w, https:\/\/quantocustaviajar.com\/blog\/wp-content\/uploads\/2018\/10\/bagagem-de-mao-snacks-300x150.jpg 300w, https:\/\/quantocustaviajar.com\/blog\/wp-content\/uploads\/2018\/10\/bagagem-de-mao-snacks-768x384.jpg 768w\" sizes=\"auto, (max-width: 800px) 100vw, 800px\" \/><figcaption id=\"caption-attachment-27870\" class=\"wp-caption-text\">Foto: <a href=\"https:\/\/www.submarino.com.br\/produto\/27531064\/biscoito-eqlibri-panetini-cottage-e-ervas-40g-elma-chips\" target=\"_blank\" rel=\"noopener\">Submarino<\/a><\/figcaption><\/figure>\n<p>Voc\u00ea j\u00e1 parou para reparar em como os lanches nos aeroportos s\u00e3o caros? Uma maneira de economizar \u00e9 levar um snack na sua bagagem m\u00e3o. Pode ser um pacotinho de biscoitos, um pacote de salgadinho, uma barrinha de cereal ou qualquer outra coisa que voc\u00ea goste para &#8220;tapear&#8221; a fome.<\/p>\n<p>Fa\u00e7a isso especialmente se voc\u00ea for ficar muito tempo no aeroporto, caso tenha alguma conex\u00e3o demorada. Sabemos que as companhias a\u00e9reas oferecem alguns snacks, por\u00e9m, se o tempo de espera for grande, voc\u00ea n\u00e3o fica morrendo de fome.<\/p>\n<p><a href=\"https:\/\/quantocustaviajar.com\/passagens-aereas-baratas\/\" target=\"_blank\" rel=\"noopener\"><strong>[+] Encontre passagens a\u00e9reas com os melhores pre\u00e7os. Clique aqui!<\/strong><\/a><\/p>\n<p>Agora n\u00f3s queremos saber de voc\u00ea! Qual desses itens voc\u00ea sempre leva na sua bagagem de m\u00e3o? Al\u00e9m disso, tem outro item que voc\u00ea considera super importante e que n\u00e3o citamos? Conta aqui nos coment\u00e1rios, vamos adorar saber\u00a0<img decoding=\"async\" class=\"emoji\" draggable=\"false\" src=\"https:\/\/s.w.org\/images\/core\/emoji\/11\/svg\/1f609.svg\" alt=\"\ud83d\ude09\" \/><\/p>\n","protected":false},"excerpt":{"rendered":"<p>A hora de preparar as malas antes de viajar \u00e9 sempre uma del\u00edcia. Por\u00e9m, voc\u00ea tem que ter uma checklist para n\u00e3o se esquecer de nenhum item importante, especialmente aqueles que pretende levar na bagagem de m\u00e3o. Isso porque essa mala ou mochila n\u00e3o \u00e9 despachada e deve estar dentro das normas dos aeroportos. Existe [&hellip;]<\/p>\n","protected":false},"author":11,"featured_media":27889,"comment_status":"open","ping_status":"open","sticky":false,"template":"","format":"standard","meta":{"cybocfi_hide_featured_image":"","footnotes":""},"categories":[1438],"tags":[1559,819,77,1729,1448],"class_list":["post-27863","post","type-post","status-publish","format-standard","has-post-thumbnail","hentry","category-dicas-praticas","tag-acessorios","tag-bagagem","tag-dicas","tag-itens","tag-mala"],"blocksy_meta":[],"yoast_head":"<!-- This site is optimized with the Yoast SEO plugin v26.3 - https:\/\/yoast.com\/wordpress\/plugins\/seo\/ -->\n<title>Bagagem de m\u00e3o: confira quais itens s\u00e3o essenciais para levar na sua<\/title>\n<meta name=\"description\" content=\"Confira uma lista com os itens mais importantes e que todo mundo deveria carregar na bagagem de m\u00e3o para viajar de avi\u00e3o. Ser\u00e1 que voc\u00ea leva todos eles?\" \/>\n<meta name=\"robots\" content=\"index, follow, max-snippet:-1, max-image-preview:large, max-video-preview:-1\" \/>\n<link rel=\"canonical\" href=\"https:\/\/quantocustaviajar.com\/blog\/bagagem-de-mao-aviao\/\" \/>\n<meta property=\"og:locale\" content=\"pt_BR\" \/>\n<meta property=\"og:type\" content=\"article\" \/>\n<meta property=\"og:title\" content=\"Bagagem de m\u00e3o: confira quais itens s\u00e3o essenciais para levar na sua\" \/>\n<meta property=\"og:description\" content=\"Confira uma lista com os itens mais importantes e que todo mundo deveria carregar na bagagem de m\u00e3o para viajar de avi\u00e3o. Ser\u00e1 que voc\u00ea leva todos eles?\" \/>\n<meta property=\"og:url\" content=\"https:\/\/quantocustaviajar.com\/blog\/bagagem-de-mao-aviao\/\" \/>\n<meta property=\"og:site_name\" content=\"Blog Quanto Custa Viajar\" \/>\n<meta property=\"article:publisher\" content=\"https:\/\/www.facebook.com\/quantocustaviajar\" \/>\n<meta property=\"article:published_time\" content=\"2018-10-31T18:02:49+00:00\" \/>\n<meta property=\"og:image\" content=\"https:\/\/quantocustaviajar.com\/blog\/wp-content\/uploads\/2018\/10\/bagagem-de-mao.jpg\" \/>\n\t<meta property=\"og:image:width\" content=\"1200\" \/>\n\t<meta property=\"og:image:height\" content=\"630\" \/>\n\t<meta property=\"og:image:type\" content=\"image\/jpeg\" \/>\n<meta name=\"author\" content=\"Andressa Xavier Pellanda\" \/>\n<meta name=\"twitter:card\" content=\"summary_large_image\" \/>\n<meta name=\"twitter:label1\" content=\"Escrito por\" \/>\n\t<meta name=\"twitter:data1\" content=\"Andressa Xavier Pellanda\" \/>\n\t<meta name=\"twitter:label2\" content=\"Est. tempo de leitura\" \/>\n\t<meta name=\"twitter:data2\" content=\"9 minutos\" \/>\n<!-- \/ Yoast SEO plugin. -->","yoast_head_json":{"title":"Bagagem de m\u00e3o: confira quais itens s\u00e3o essenciais para levar na sua","description":"Confira uma lista com os itens mais importantes e que todo mundo deveria carregar na bagagem de m\u00e3o para viajar de avi\u00e3o. Ser\u00e1 que voc\u00ea leva todos eles?","robots":{"index":"index","follow":"follow","max-snippet":"max-snippet:-1","max-image-preview":"max-image-preview:large","max-video-preview":"max-video-preview:-1"},"canonical":"https:\/\/quantocustaviajar.com\/blog\/bagagem-de-mao-aviao\/","og_locale":"pt_BR","og_type":"article","og_title":"Bagagem de m\u00e3o: confira quais itens s\u00e3o essenciais para levar na sua","og_description":"Confira uma lista com os itens mais importantes e que todo mundo deveria carregar na bagagem de m\u00e3o para viajar de avi\u00e3o. Ser\u00e1 que voc\u00ea leva todos eles?","og_url":"https:\/\/quantocustaviajar.com\/blog\/bagagem-de-mao-aviao\/","og_site_name":"Blog Quanto Custa Viajar","article_publisher":"https:\/\/www.facebook.com\/quantocustaviajar","article_published_time":"2018-10-31T18:02:49+00:00","og_image":[{"width":1200,"height":630,"url":"https:\/\/quantocustaviajar.com\/blog\/wp-content\/uploads\/2018\/10\/bagagem-de-mao.jpg","type":"image\/jpeg"}],"author":"Andressa Xavier Pellanda","twitter_card":"summary_large_image","twitter_misc":{"Escrito por":"Andressa Xavier Pellanda","Est. tempo de leitura":"9 minutos"},"schema":{"@context":"https:\/\/schema.org","@graph":[{"@type":["Article","BlogPosting"],"@id":"https:\/\/quantocustaviajar.com\/blog\/bagagem-de-mao-aviao\/#article","isPartOf":{"@id":"https:\/\/quantocustaviajar.com\/blog\/bagagem-de-mao-aviao\/"},"author":{"name":"Andressa Xavier Pellanda","@id":"https:\/\/quantocustaviajar.com\/blog\/#\/schema\/person\/81b0aaf2069da1a2da54677906b42d3c"},"headline":"Bagagem de m\u00e3o: confira quais itens s\u00e3o essenciais para levar na sua","datePublished":"2018-10-31T18:02:49+00:00","mainEntityOfPage":{"@id":"https:\/\/quantocustaviajar.com\/blog\/bagagem-de-mao-aviao\/"},"wordCount":1754,"commentCount":5,"publisher":{"@id":"https:\/\/quantocustaviajar.com\/blog\/#organization"},"image":{"@id":"https:\/\/quantocustaviajar.com\/blog\/bagagem-de-mao-aviao\/#primaryimage"},"thumbnailUrl":"https:\/\/quantocustaviajar.com\/blog\/wp-content\/uploads\/2018\/10\/bagagem-de-mao.jpg","keywords":["acessorios","bagagem","dicas","itens","mala"],"articleSection":["Dicas pr\u00e1ticas"],"inLanguage":"pt-BR","potentialAction":[{"@type":"CommentAction","name":"Comment","target":["https:\/\/quantocustaviajar.com\/blog\/bagagem-de-mao-aviao\/#respond"]}]},{"@type":"WebPage","@id":"https:\/\/quantocustaviajar.com\/blog\/bagagem-de-mao-aviao\/","url":"https:\/\/quantocustaviajar.com\/blog\/bagagem-de-mao-aviao\/","name":"Bagagem de m\u00e3o: confira quais itens s\u00e3o essenciais para levar na sua","isPartOf":{"@id":"https:\/\/quantocustaviajar.com\/blog\/#website"},"primaryImageOfPage":{"@id":"https:\/\/quantocustaviajar.com\/blog\/bagagem-de-mao-aviao\/#primaryimage"},"image":{"@id":"https:\/\/quantocustaviajar.com\/blog\/bagagem-de-mao-aviao\/#primaryimage"},"thumbnailUrl":"https:\/\/quantocustaviajar.com\/blog\/wp-content\/uploads\/2018\/10\/bagagem-de-mao.jpg","datePublished":"2018-10-31T18:02:49+00:00","description":"Confira uma lista com os itens mais importantes e que todo mundo deveria carregar na bagagem de m\u00e3o para viajar de avi\u00e3o. Ser\u00e1 que voc\u00ea leva todos eles?","breadcrumb":{"@id":"https:\/\/quantocustaviajar.com\/blog\/bagagem-de-mao-aviao\/#breadcrumb"},"inLanguage":"pt-BR","potentialAction":[{"@type":"ReadAction","target":["https:\/\/quantocustaviajar.com\/blog\/bagagem-de-mao-aviao\/"]}]},{"@type":"ImageObject","inLanguage":"pt-BR","@id":"https:\/\/quantocustaviajar.com\/blog\/bagagem-de-mao-aviao\/#primaryimage","url":"https:\/\/quantocustaviajar.com\/blog\/wp-content\/uploads\/2018\/10\/bagagem-de-mao.jpg","contentUrl":"https:\/\/quantocustaviajar.com\/blog\/wp-content\/uploads\/2018\/10\/bagagem-de-mao.jpg","width":1200,"height":630},{"@type":"BreadcrumbList","@id":"https:\/\/quantocustaviajar.com\/blog\/bagagem-de-mao-aviao\/#breadcrumb","itemListElement":[{"@type":"ListItem","position":1,"name":"In\u00edcio","item":"https:\/\/quantocustaviajar.com\/blog\/"},{"@type":"ListItem","position":2,"name":"Bagagem de m\u00e3o: confira quais itens s\u00e3o essenciais para levar na sua"}]},{"@type":"WebSite","@id":"https:\/\/quantocustaviajar.com\/blog\/#website","url":"https:\/\/quantocustaviajar.com\/blog\/","name":"Blog Quanto Custa Viajar","description":"","publisher":{"@id":"https:\/\/quantocustaviajar.com\/blog\/#organization"},"potentialAction":[{"@type":"SearchAction","target":{"@type":"EntryPoint","urlTemplate":"https:\/\/quantocustaviajar.com\/blog\/?s={search_term_string}"},"query-input":{"@type":"PropertyValueSpecification","valueRequired":true,"valueName":"search_term_string"}}],"inLanguage":"pt-BR"},{"@type":"Organization","@id":"https:\/\/quantocustaviajar.com\/blog\/#organization","name":"Quanto Custa Viajar","url":"https:\/\/quantocustaviajar.com\/blog\/","logo":{"@type":"ImageObject","inLanguage":"pt-BR","@id":"https:\/\/quantocustaviajar.com\/blog\/#\/schema\/logo\/image\/","url":"","contentUrl":"","caption":"Quanto Custa Viajar"},"image":{"@id":"https:\/\/quantocustaviajar.com\/blog\/#\/schema\/logo\/image\/"},"sameAs":["https:\/\/www.facebook.com\/quantocustaviajar"]},{"@type":"Person","@id":"https:\/\/quantocustaviajar.com\/blog\/#\/schema\/person\/81b0aaf2069da1a2da54677906b42d3c","name":"Andressa Xavier Pellanda","image":{"@type":"ImageObject","inLanguage":"pt-BR","@id":"https:\/\/quantocustaviajar.com\/blog\/#\/schema\/person\/image\/","url":"https:\/\/secure.gravatar.com\/avatar\/efccc167c341de2100a574b335de06f5efda2310964e70124d995491728ed674?s=96&d=mm&r=g","contentUrl":"https:\/\/secure.gravatar.com\/avatar\/efccc167c341de2100a574b335de06f5efda2310964e70124d995491728ed674?s=96&d=mm&r=g","caption":"Andressa Xavier Pellanda"},"description":"Eu gosto de viajar antes mesmo de chegar ao destino!","url":"https:\/\/quantocustaviajar.com\/blog\/author\/andressa\/"}]}},"_links":{"self":[{"href":"https:\/\/quantocustaviajar.com\/blog\/wp-json\/wp\/v2\/posts\/27863","targetHints":{"allow":["GET"]}}],"collection":[{"href":"https:\/\/quantocustaviajar.com\/blog\/wp-json\/wp\/v2\/posts"}],"about":[{"href":"https:\/\/quantocustaviajar.com\/blog\/wp-json\/wp\/v2\/types\/post"}],"author":[{"embeddable":true,"href":"https:\/\/quantocustaviajar.com\/blog\/wp-json\/wp\/v2\/users\/11"}],"replies":[{"embeddable":true,"href":"https:\/\/quantocustaviajar.com\/blog\/wp-json\/wp\/v2\/comments?post=27863"}],"version-history":[{"count":4,"href":"https:\/\/quantocustaviajar.com\/blog\/wp-json\/wp\/v2\/posts\/27863\/revisions"}],"predecessor-version":[{"id":28260,"href":"https:\/\/quantocustaviajar.com\/blog\/wp-json\/wp\/v2\/posts\/27863\/revisions\/28260"}],"wp:featuredmedia":[{"embeddable":true,"href":"https:\/\/quantocustaviajar.com\/blog\/wp-json\/wp\/v2\/media\/27889"}],"wp:attachment":[{"href":"https:\/\/quantocustaviajar.com\/blog\/wp-json\/wp\/v2\/media?parent=27863"}],"wp:term":[{"taxonomy":"category","embeddable":true,"href":"https:\/\/quantocustaviajar.com\/blog\/wp-json\/wp\/v2\/categories?post=27863"},{"taxonomy":"post_tag","embeddable":true,"href":"https:\/\/quantocustaviajar.com\/blog\/wp-json\/wp\/v2\/tags?post=27863"}],"curies":[{"name":"wp","href":"https:\/\/api.w.org\/{rel}","templated":true}]}}