{"id":27843,"date":"2018-10-25T17:34:43","date_gmt":"2018-10-25T17:34:43","guid":{"rendered":"https:\/\/quantocustaviajar.com\/blog\/?p=27843"},"modified":"2021-07-28T17:59:07","modified_gmt":"2021-07-28T17:59:07","slug":"parque-do-caracol-em-canela","status":"publish","type":"post","link":"https:\/\/quantocustaviajar.com\/blog\/parque-do-caracol-em-canela\/","title":{"rendered":"Parque do Caracol, em Canela, \u00e9 um dos pontos mais visitados da regi\u00e3o Sul"},"content":{"rendered":"<p>Tenho certeza de que voc\u00ea j\u00e1 viu uma fotografia em que a Cascata do Caracol se exibe como um v\u00e9u branco que brota na mata e despenca em frente a um pared\u00e3o de rochas que parecem suspensas na paisagem.<\/p><div id=\"ez-toc-container\" class=\"ez-toc-v2_0_76 ez-toc-wrap-left counter-hierarchy ez-toc-counter ez-toc-light-blue ez-toc-container-direction\">\n<div class=\"ez-toc-title-container\">\n<p class=\"ez-toc-title\" style=\"cursor:inherit\">Aqui voc\u00ea ir\u00e1 encontrar<\/p>\n<span class=\"ez-toc-title-toggle\"><a href=\"#\" class=\"ez-toc-pull-right ez-toc-btn ez-toc-btn-xs ez-toc-btn-default ez-toc-toggle\" aria-label=\"Alternar tabela de conte\u00fado\"><span class=\"ez-toc-js-icon-con\"><span class=\"\"><span class=\"eztoc-hide\" style=\"display:none;\">Toggle<\/span><span class=\"ez-toc-icon-toggle-span\"><svg style=\"fill: #999;color:#999\" xmlns=\"http:\/\/www.w3.org\/2000\/svg\" class=\"list-377408\" width=\"20px\" height=\"20px\" viewBox=\"0 0 24 24\" fill=\"none\"><path d=\"M6 6H4v2h2V6zm14 0H8v2h12V6zM4 11h2v2H4v-2zm16 0H8v2h12v-2zM4 16h2v2H4v-2zm16 0H8v2h12v-2z\" fill=\"currentColor\"><\/path><\/svg><svg style=\"fill: #999;color:#999\" class=\"arrow-unsorted-368013\" xmlns=\"http:\/\/www.w3.org\/2000\/svg\" width=\"10px\" height=\"10px\" viewBox=\"0 0 24 24\" version=\"1.2\" baseProfile=\"tiny\"><path d=\"M18.2 9.3l-6.2-6.3-6.2 6.3c-.2.2-.3.4-.3.7s.1.5.3.7c.2.2.4.3.7.3h11c.3 0 .5-.1.7-.3.2-.2.3-.5.3-.7s-.1-.5-.3-.7zM5.8 14.7l6.2 6.3 6.2-6.3c.2-.2.3-.5.3-.7s-.1-.5-.3-.7c-.2-.2-.4-.3-.7-.3h-11c-.3 0-.5.1-.7.3-.2.2-.3.5-.3.7s.1.5.3.7z\"\/><\/svg><\/span><\/span><\/span><\/a><\/span><\/div>\n<nav><ul class='ez-toc-list ez-toc-list-level-1 ' ><li class='ez-toc-page-1 ez-toc-heading-level-2'><a class=\"ez-toc-link ez-toc-heading-1\" href=\"https:\/\/quantocustaviajar.com\/blog\/parque-do-caracol-em-canela\/#Como_chegar_ao_Parque_Estadual_do_Caracol\" >Como chegar ao Parque Estadual do Caracol<\/a><\/li><li class='ez-toc-page-1 ez-toc-heading-level-2'><a class=\"ez-toc-link ez-toc-heading-2\" href=\"https:\/\/quantocustaviajar.com\/blog\/parque-do-caracol-em-canela\/#Como_e_a_visita_ao_Parque_do_Caracol\" >Como \u00e9 a visita ao Parque do Caracol<\/a><ul class='ez-toc-list-level-3' ><li class='ez-toc-heading-level-3'><a class=\"ez-toc-link ez-toc-heading-3\" href=\"https:\/\/quantocustaviajar.com\/blog\/parque-do-caracol-em-canela\/#Principais_atracoes\" >Principais atra\u00e7\u00f5es<\/a><\/li><li class='ez-toc-page-1 ez-toc-heading-level-3'><a class=\"ez-toc-link ez-toc-heading-4\" href=\"https:\/\/quantocustaviajar.com\/blog\/parque-do-caracol-em-canela\/#Para_as_criancas\" >Para as crian\u00e7as<\/a><\/li><\/ul><\/li><li class='ez-toc-page-1 ez-toc-heading-level-2'><a class=\"ez-toc-link ez-toc-heading-5\" href=\"https:\/\/quantocustaviajar.com\/blog\/parque-do-caracol-em-canela\/#O_que_nao_fazer_no_Parque_do_Caracol\" >O que n\u00e3o fazer no Parque do Caracol<\/a><\/li><li class='ez-toc-page-1 ez-toc-heading-level-2'><a class=\"ez-toc-link ez-toc-heading-6\" href=\"https:\/\/quantocustaviajar.com\/blog\/parque-do-caracol-em-canela\/#Quanto_custa_o_Parque_do_Caracol\" >Quanto custa o Parque do Caracol<\/a><\/li><li class='ez-toc-page-1 ez-toc-heading-level-2'><a class=\"ez-toc-link ez-toc-heading-7\" href=\"https:\/\/quantocustaviajar.com\/blog\/parque-do-caracol-em-canela\/#Dicas_para_quem_vai_ao_Parque_do_Caracol\" >Dicas para quem vai ao Parque do Caracol<\/a><\/li><\/ul><\/nav><\/div>\n\n<p>N\u00e3o viu? Ent\u00e3o espia s\u00f3!<\/p>\n<figure id=\"attachment_27852\" aria-describedby=\"caption-attachment-27852\" style=\"width: 800px\" class=\"wp-caption aligncenter\"><img loading=\"lazy\" decoding=\"async\" class=\"wp-image-27852 size-full\" src=\"https:\/\/quantocustaviajar.com\/blog\/wp-content\/uploads\/2018\/10\/caracol3.jpg\" alt=\"\" width=\"800\" height=\"536\" srcset=\"https:\/\/quantocustaviajar.com\/blog\/wp-content\/uploads\/2018\/10\/caracol3.jpg 800w, https:\/\/quantocustaviajar.com\/blog\/wp-content\/uploads\/2018\/10\/caracol3-300x201.jpg 300w, https:\/\/quantocustaviajar.com\/blog\/wp-content\/uploads\/2018\/10\/caracol3-768x515.jpg 768w\" sizes=\"auto, (max-width: 800px) 100vw, 800px\" \/><figcaption id=\"caption-attachment-27852\" class=\"wp-caption-text\">Foto <a href=\"https:\/\/creativecommons.org\/licenses\/by-sa\/3.0\/\" target=\"_blank\" rel=\"noopener noreferrer\">CC BY-SA 3.0<\/a> <a href=\"https:\/\/pt.wikipedia.org\/wiki\/Cascata_do_Caracol#\/media\/File:Caracol_Falls.jpg\" target=\"_blank\" rel=\"noopener noreferrer\">Tiago Fioreze<\/a><\/figcaption><\/figure>\n<p>Com 131 metros de altura, essa cascata \u00e9 apenas uma das muitas que voc\u00ea pode encontrar durante uma viagem ao interior <a href=\"https:\/\/quantocustaviajar.com\/blog\/cidades-legais-para-conhecer-no-rio-grande-do-sul\/\">Rio Grande do Sul<\/a> (aproveita que t\u00e1 aqui e espia nossa lista com <a href=\"https:\/\/quantocustaviajar.com\/blog\/cachoeiras-no-rio-grande-do-sul\/\" target=\"_blank\" rel=\"noopener noreferrer\">14 cachoeiras para se refrescar no ver\u00e3o ga\u00facho<\/a>).<\/p>\n<p>Essa beleza natural est\u00e1 localizada no <a href=\"http:\/\/www.parquedocaracol.com\/\" target=\"_blank\" rel=\"noopener noreferrer\"><strong>Parque Estadual do Caracol<\/strong><\/a>, na cidade de <a href=\"https:\/\/quantocustaviajar.com\/brasil\/canela\" target=\"_blank\" rel=\"noopener noreferrer\">Canela<\/a>, que, de acordo com dados divulgados pela pr\u00f3pria administra\u00e7\u00e3o do parque, \u00e9 a segunda atra\u00e7\u00e3o mais visitada da regi\u00e3o sul do pa\u00eds.<\/p>\n<h2><span class=\"ez-toc-section\" id=\"Como_chegar_ao_Parque_Estadual_do_Caracol\"><\/span>Como chegar ao Parque Estadual do Caracol<span class=\"ez-toc-section-end\"><\/span><\/h2>\n<p>Como os aeroportos mais pr\u00f3ximos ficam em Caxias do Sul (76 km) e <a href=\"https:\/\/quantocustaviajar.com\/brasil\/porto-alegre\" target=\"_blank\" rel=\"noopener noreferrer\">Porto Alegre<\/a> (110 km), o mais indicado \u00e9 alugar um carro para chegar a Canela. \u00d4nibus da empresa <a href=\"https:\/\/www.citral.tur.br\/consulta_horarios.php\" target=\"_blank\" rel=\"noopener noreferrer\"><strong>Citral<\/strong><\/a> tamb\u00e9m operam uma rota que sai do aeroporto Salgado Filho (POA) diretamente para as principais cidades da serra. A linha funciona das 9h \u00e0s 21h15 e \u00e9 poss\u00edvel conferir todos os hor\u00e1rios diretamente no site da empresa.<\/p>\n<p>Para quem j\u00e1 est\u00e1 na cidade, h\u00e1 tr\u00eas formas de chegar ao Parque do Caracol (as informa\u00e7\u00f5es valem tamb\u00e9m para viajantes que usam Gramado como base).<\/p>\n<ul>\n<li><strong>De \u00f4nibus:\u00a0<\/strong>nenhum \u00f4nibus de linha chega at\u00e9 o Parque do Caracol. Entretanto, a empresa <a href=\"https:\/\/bustour.com.br\/\" target=\"_blank\" rel=\"noopener noreferrer\"><strong>Bustour<\/strong><\/a> oferece um transporte tur\u00edstico que passa pelos principais pontos da serra. O percurso funciona no sistema\u00a0<em>hop on \/ hop off<\/em> e permite descer e subir em qualquer uma das mais de 35 paradas do roteiro. Os tickets para o \u00f4nibus custam entre R$ 69 (24 horas) e R$ 138 (72 horas) por pessoa e h\u00e1 desconto para fam\u00edlias.<\/li>\n<li><strong>De carro:\u00a0<\/strong>logo na entrada da cidade, em frente ao Hotel Continental, voc\u00ea encontra uma rotat\u00f3ria com placas que indicam como chegar at\u00e9 o parque. S\u00e3o 7 km de dist\u00e2ncia do centro de Canela e 14 km para quem vem de <a href=\"https:\/\/quantocustaviajar.com\/brasil\/gramado\" target=\"_blank\" rel=\"noopener noreferrer\">Gramado<\/a>. Se n\u00e3o estiver de carro, <a href=\"https:\/\/www.rentcars.com\/?requestorid=52\" target=\"_blank\" rel=\"noopener noreferrer\">alugue online!<\/a><\/li>\n<li><strong>De t\u00e1xi:\u00a0<\/strong>pode ser uma alternativa para viajantes que n\u00e3o gostam de dirigir ou n\u00e3o possuem carteira de motorista, mas est\u00e3o em busca de mais comodidade. Entretanto, prepare o bolso, pois os t\u00e1xis em Canela costumam ser caros.<\/li>\n<\/ul>\n<h2><span class=\"ez-toc-section\" id=\"Como_e_a_visita_ao_Parque_do_Caracol\"><\/span>Como \u00e9 a visita ao Parque do Caracol<span class=\"ez-toc-section-end\"><\/span><\/h2>\n<p>A famosa Cascata do Caracol n\u00e3o \u00e9 a \u00fanica atra\u00e7\u00e3o deste parque ecol\u00f3gico. Dos seus 100 hectares, apenas 25 s\u00e3o destinados ao turismo, enquanto o restante permanece totalmente preservado.<\/p>\n<p>N\u00e3o \u00e9 preciso muito para entrar no clima da natureza: a fauna local circula livremente pelo parque. Portanto, prepare-se para poss\u00edveis encontros com veados, graxains, quatis, cotias&#8230; Lembre-se de que, ao fotografar os animais, \u00e9 indicado sempre deixar o flash de lado para n\u00e3o assust\u00e1-los.<\/p>\n<figure id=\"attachment_27853\" aria-describedby=\"caption-attachment-27853\" style=\"width: 1024px\" class=\"wp-caption aligncenter\"><img loading=\"lazy\" decoding=\"async\" class=\"wp-image-27853 size-full\" src=\"https:\/\/quantocustaviajar.com\/blog\/wp-content\/uploads\/2018\/10\/quati.jpg\" alt=\"\" width=\"1024\" height=\"683\" srcset=\"https:\/\/quantocustaviajar.com\/blog\/wp-content\/uploads\/2018\/10\/quati.jpg 1024w, https:\/\/quantocustaviajar.com\/blog\/wp-content\/uploads\/2018\/10\/quati-300x200.jpg 300w, https:\/\/quantocustaviajar.com\/blog\/wp-content\/uploads\/2018\/10\/quati-768x512.jpg 768w\" sizes=\"auto, (max-width: 1024px) 100vw, 1024px\" \/><figcaption id=\"caption-attachment-27853\" class=\"wp-caption-text\"><strong>Quati<\/strong>. Foto <a href=\"https:\/\/creativecommons.org\/licenses\/by-sa\/4.0\/\" target=\"_blank\" rel=\"noopener noreferrer\">CC BY-SA 4.0<\/a> <a href=\"https:\/\/pt.wikipedia.org\/wiki\/Quati#\/media\/File:Quati_at_Igua%C3%A7u_National_Park.JPG\" target=\"_blank\" rel=\"noopener noreferrer\">Gabriel Piza Nardi<\/a><\/figcaption><\/figure>\n<p>A mata fechada do Parque \u00e9 cortada por trilhas ecol\u00f3gicas que permitem um contato maior com a natureza. Com placas indicativas espalhadas pelo local, \u00e9 poss\u00edvel fazer uma visita autoguiada e escolher os melhores trajetos dentro do entorno.<\/p>\n<h3><span class=\"ez-toc-section\" id=\"Principais_atracoes\"><\/span>Principais atra\u00e7\u00f5es<span class=\"ez-toc-section-end\"><\/span><\/h3>\n<ul>\n<li><strong>Mirante do Parque<\/strong>: sua posi\u00e7\u00e3o elevada permite uma vista completa da Cascata do Caracol e do entorno. Provavelmente, \u00e9 onde voc\u00ea ir\u00e1 tirar as melhores fotografias da viagem!<\/li>\n<li><strong>Trilhas ecol\u00f3gicas:\u00a0<\/strong>as trilhas do Parque d\u00e3o acesso aos rios e corredeiras localizados dentro do per\u00edmetro. A maioria delas \u00e9 pavimentada, de forma que mesmo quem n\u00e3o possui um grande esp\u00edrito de aventura pode encarar o passeio sem medo. S\u00e3o cinco trilhas principais:\u00a0Trilha do Arroio, do Moinho, do Sil\u00eancio, da Cutia e Trilha Velha.<\/li>\n<li><strong>Escada da Perna Bamba:\u00a0<\/strong>com 730 degraus, essa escadaria leva voc\u00ea at\u00e9 a parte inferior da cascata. Esse passeio s\u00f3 \u00e9 indicado para pessoas com bom condicionamento f\u00edsico, visto que ser\u00e1 necess\u00e1rio subir novamente a escada no retorno. <em>Infelizmente, <span style=\"text-decoration: underline;\">a atra\u00e7\u00e3o est\u00e1 fechada por tempo indeterminado<\/span>, devido a danos causados pela queda de \u00e1rvores.\u00a0<\/em><\/li>\n<li><strong>Observat\u00f3rio Ecol\u00f3gico:\u00a0<\/strong>plataforma envidra\u00e7ada a 700 metros do n\u00edvel do mar acess\u00edvel atrav\u00e9s de um elevador panor\u00e2mico. \u00c9 poss\u00edvel desfrutar de uma vista de 360\u00ba do parque, mas o <span style=\"text-decoration: underline;\">ingresso \u00e9 pago separadamente<\/span>. Para ver tanta beleza como se estivesse pertinho, h\u00e1 bin\u00f3culos \u00e0 disposi\u00e7\u00e3o.<\/li>\n<li><strong>Centro Hist\u00f3rico Ambiental do Parque do Caracol<\/strong>: em uma casa constru\u00edda no in\u00edcio dos anos 50, voc\u00ea vai encontrar informa\u00e7\u00f5es sobre fauna, flora, geologia e hist\u00f3ria do parque e da regi\u00e3o.<\/li>\n<\/ul>\n<h3><span class=\"ez-toc-section\" id=\"Para_as_criancas\"><\/span>Para as crian\u00e7as<span class=\"ez-toc-section-end\"><\/span><\/h3>\n<ul>\n<li><strong>Esta\u00e7\u00e3o Sonho Vivo:\u00a0<\/strong>passeio de trem com 800 metros de extens\u00e3o, em que um alto-falante conta a hist\u00f3ria da coloniza\u00e7\u00e3o da regi\u00e3o e seus costumes. O\u00a0<span style=\"text-decoration: underline;\">ingresso \u00e9 pago \u00e0 parte<\/span>.<\/li>\n<li><strong>Vila dos Imigrantes:\u00a0<\/strong>os pequenos ir\u00e3o se encantar com esta mini-cidade, constru\u00edda para representar a vida e os costumes dos imigrantes italianos. Ela \u00e9 a parada final do passeio da Esta\u00e7\u00e3o Sonho Vivo.<\/li>\n<\/ul>\n<p><img loading=\"lazy\" decoding=\"async\" class=\"wp-image-27850\" style=\"font-weight: 600; background-color: transparent; text-align: inherit;\" src=\"https:\/\/quantocustaviajar.com\/blog\/wp-content\/uploads\/2018\/10\/mapa-parque.jpg\" alt=\"\" width=\"700\" height=\"829\" srcset=\"https:\/\/quantocustaviajar.com\/blog\/wp-content\/uploads\/2018\/10\/mapa-parque.jpg 467w, https:\/\/quantocustaviajar.com\/blog\/wp-content\/uploads\/2018\/10\/mapa-parque-253x300.jpg 253w\" sizes=\"auto, (max-width: 700px) 100vw, 700px\" \/><\/p>\n<p>Foto: <a href=\"http:\/\/www.parquedocaracol.com\/\" target=\"_blank\" rel=\"noopener noreferrer\">Reprodu\u00e7\u00e3o Parque Estadual do Caracol<\/a><a href=\"https:\/\/quantocustaviajar.com\/brasil\/canela\/onde-ficar\" target=\"_blank\" rel=\"noopener noreferrer\"><strong>[+] Confira dicas de onde se hospedar em Canela!<\/strong><\/a><\/p>\n<h2><span class=\"ez-toc-section\" id=\"O_que_nao_fazer_no_Parque_do_Caracol\"><\/span>O que <span style=\"text-decoration: underline;\">n\u00e3o<\/span> fazer no Parque do Caracol<span class=\"ez-toc-section-end\"><\/span><\/h2>\n<p>O Parque do Caracol funciona como uma Unidade de Conserva\u00e7\u00e3o e, portanto, h\u00e1 diversas restri\u00e7\u00f5es de atividades em seu interior. <strong>\u00c0s vezes, saber o que n\u00e3o fazer em um lugar \u00e9 t\u00e3o importante quanto pensar naquilo que voc\u00ea gostaria de fazer por l\u00e1<\/strong>. :)<\/p>\n<p><em>\u00c9 proibido:<\/em><\/p>\n<ul>\n<li>coletar plantas, animais e minerais<\/li>\n<li>tomar banho no Arroio Caracol<\/li>\n<li>entrar na \u00e1gua<\/li>\n<li>fazer fogueiras fora das churrasqueiras<\/li>\n<li>beber \u00e1gua do Arroio<\/li>\n<li>sair das trilhas demarcadas<\/li>\n<li>alimentar os animais silvestres<\/li>\n<\/ul>\n<h2><span class=\"ez-toc-section\" id=\"Quanto_custa_o_Parque_do_Caracol\"><\/span>Quanto custa o Parque do Caracol<span class=\"ez-toc-section-end\"><\/span><\/h2>\n<p><strong>O ingresso do parque custa R$ 20 para adultos. Crian\u00e7as entre 6 e 11 anos, idosos e estudantes com carteira v\u00e1lida pagam R$ 10.<\/strong> S\u00e3o aceitos os cart\u00f5es das bandeiras Visa e Mastercard.<\/p>\n<p>O estacionamento fica dentro da \u00e1rea do parque e n\u00e3o \u00e9 cobrado. Entretanto, duas atra\u00e7\u00f5es devem ser pagas separadamente: o Observat\u00f3rio Ecol\u00f3gico e a Esta\u00e7\u00e3o Sonho Vivo (passeio de trem). O valor \u00e9 de R$ 12 por pessoa<\/p>\n<p>N\u00e3o h\u00e1 descontos para grupos de viajantes, exceto no caso de grupos escolares, que podem conseguir 50% do valor integral. Nesse caso, \u00e9 necess\u00e1rio realizar uma solicita\u00e7\u00e3o por of\u00edcio com anteced\u00eancia para o e-mail\u00a0<a href=\"mailto:admturismo@canela.rs.gov.br\" target=\"_blank\" rel=\"noopener noreferrer\">admturismo@canela.rs.gov.br<\/a>.\u00a0Em caso de grupos tur\u00edsticos, o guia e motoristas s\u00e3o isentos.<\/p>\n<h2><span class=\"ez-toc-section\" id=\"Dicas_para_quem_vai_ao_Parque_do_Caracol\"><\/span>Dicas para quem vai ao Parque do Caracol<span class=\"ez-toc-section-end\"><\/span><\/h2>\n<p>O Parque funciona\u00a0diariamente, das 9h \u00e0s 17h30. Durante a alta temporada ou em finais de semana com feriados, os engarrafamentos na estrada que leva ao Parque do Caracol costumam ser grandes, portanto \u00e9 bom se munir de paci\u00eancia caso queira fazer a visita.<\/p>\n<p>Veja outras informa\u00e7\u00f5es pr\u00e1ticas para o passeio:<\/p>\n<ul>\n<li><strong>\u00c9 permitida a entrada de animais<\/strong>, que dever\u00e3o permanecer na coleira durante todo o tempo<\/li>\n<li>O parque disp\u00f5e de <strong>restaurante<\/strong> e <strong>lanchonete<\/strong>, al\u00e9m de <strong>15 churrasqueiras<\/strong> que podem ser utilizadas pelos visitantes (n\u00e3o \u00e9 poss\u00edvel fazer reserva de churrasqueiras)<\/li>\n<li><strong>O telef\u00e9rico com vista para\u00a0a Cascata do Caracol fica localizado em outro parque<\/strong>. Mais informa\u00e7\u00f5es <a href=\"http:\/\/parquesdaserra.com.br\/\" target=\"_blank\" rel=\"noopener noreferrer\">aqui<\/a>.<\/li>\n<\/ul>\n<p><em>Pronto para a viagem? Coloque um sapato confort\u00e1vel, um sorriso no rosto e bora conhecer o Parque do Caracol?<\/em><\/p>\n","protected":false},"excerpt":{"rendered":"<p>Tenho certeza de que voc\u00ea j\u00e1 viu uma fotografia em que a Cascata do Caracol se exibe como um v\u00e9u branco que brota na mata e despenca em frente a um pared\u00e3o de rochas que parecem suspensas na paisagem. N\u00e3o viu? Ent\u00e3o espia s\u00f3! Com 131 metros de altura, essa cascata \u00e9 apenas uma das [&hellip;]<\/p>\n","protected":false},"author":12,"featured_media":27851,"comment_status":"open","ping_status":"open","sticky":false,"template":"","format":"standard","meta":{"cybocfi_hide_featured_image":"","footnotes":""},"categories":[1437,1434],"tags":[266,517,111,321,544],"class_list":["post-27843","post","type-post","status-publish","format-standard","has-post-thumbnail","hentry","category-ao-ar-livre","category-descubra-brasil","tag-brasil","tag-canela","tag-natureza","tag-passeios","tag-serra-gaucha"],"blocksy_meta":[],"yoast_head":"<!-- This site is optimized with the Yoast SEO plugin v26.3 - https:\/\/yoast.com\/wordpress\/plugins\/seo\/ -->\n<title>Parque do Caracol, em Canela, \u00e9 um dos pontos mais visitados da regi\u00e3o Sul<\/title>\n<meta name=\"robots\" content=\"index, follow, max-snippet:-1, max-image-preview:large, max-video-preview:-1\" \/>\n<link rel=\"canonical\" href=\"https:\/\/quantocustaviajar.com\/blog\/parque-do-caracol-em-canela\/\" \/>\n<meta property=\"og:locale\" content=\"pt_BR\" \/>\n<meta property=\"og:type\" content=\"article\" \/>\n<meta property=\"og:title\" content=\"Parque do Caracol, em Canela, \u00e9 um dos pontos mais visitados da regi\u00e3o Sul\" \/>\n<meta property=\"og:description\" content=\"Tenho certeza de que voc\u00ea j\u00e1 viu uma fotografia em que a Cascata do Caracol se exibe como um v\u00e9u branco que brota na mata e despenca em frente a um pared\u00e3o de rochas que parecem suspensas na paisagem. N\u00e3o viu? Ent\u00e3o espia s\u00f3! Com 131 metros de altura, essa cascata \u00e9 apenas uma das [&hellip;]\" \/>\n<meta property=\"og:url\" content=\"https:\/\/quantocustaviajar.com\/blog\/parque-do-caracol-em-canela\/\" \/>\n<meta property=\"og:site_name\" content=\"Blog Quanto Custa Viajar\" \/>\n<meta property=\"article:publisher\" content=\"https:\/\/www.facebook.com\/quantocustaviajar\" \/>\n<meta property=\"article:published_time\" content=\"2018-10-25T17:34:43+00:00\" \/>\n<meta property=\"article:modified_time\" content=\"2021-07-28T17:59:07+00:00\" \/>\n<meta property=\"og:image\" content=\"https:\/\/quantocustaviajar.com\/blog\/wp-content\/uploads\/2018\/10\/caracol2.jpg\" \/>\n\t<meta property=\"og:image:width\" content=\"960\" \/>\n\t<meta property=\"og:image:height\" content=\"540\" \/>\n\t<meta property=\"og:image:type\" content=\"image\/jpeg\" \/>\n<meta name=\"author\" content=\"Mari Dutra\" \/>\n<meta name=\"twitter:card\" content=\"summary_large_image\" \/>\n<meta name=\"twitter:creator\" content=\"@quasenomade\" \/>\n<meta name=\"twitter:label1\" content=\"Escrito por\" \/>\n\t<meta name=\"twitter:data1\" content=\"Mari Dutra\" \/>\n\t<meta name=\"twitter:label2\" content=\"Est. tempo de leitura\" \/>\n\t<meta name=\"twitter:data2\" content=\"6 minutos\" \/>\n<!-- \/ Yoast SEO plugin. -->","yoast_head_json":{"title":"Parque do Caracol, em Canela, \u00e9 um dos pontos mais visitados da regi\u00e3o Sul","robots":{"index":"index","follow":"follow","max-snippet":"max-snippet:-1","max-image-preview":"max-image-preview:large","max-video-preview":"max-video-preview:-1"},"canonical":"https:\/\/quantocustaviajar.com\/blog\/parque-do-caracol-em-canela\/","og_locale":"pt_BR","og_type":"article","og_title":"Parque do Caracol, em Canela, \u00e9 um dos pontos mais visitados da regi\u00e3o Sul","og_description":"Tenho certeza de que voc\u00ea j\u00e1 viu uma fotografia em que a Cascata do Caracol se exibe como um v\u00e9u branco que brota na mata e despenca em frente a um pared\u00e3o de rochas que parecem suspensas na paisagem. N\u00e3o viu? Ent\u00e3o espia s\u00f3! Com 131 metros de altura, essa cascata \u00e9 apenas uma das [&hellip;]","og_url":"https:\/\/quantocustaviajar.com\/blog\/parque-do-caracol-em-canela\/","og_site_name":"Blog Quanto Custa Viajar","article_publisher":"https:\/\/www.facebook.com\/quantocustaviajar","article_published_time":"2018-10-25T17:34:43+00:00","article_modified_time":"2021-07-28T17:59:07+00:00","og_image":[{"width":960,"height":540,"url":"https:\/\/quantocustaviajar.com\/blog\/wp-content\/uploads\/2018\/10\/caracol2.jpg","type":"image\/jpeg"}],"author":"Mari Dutra","twitter_card":"summary_large_image","twitter_creator":"@quasenomade","twitter_misc":{"Escrito por":"Mari Dutra","Est. tempo de leitura":"6 minutos"},"schema":{"@context":"https:\/\/schema.org","@graph":[{"@type":["Article","BlogPosting"],"@id":"https:\/\/quantocustaviajar.com\/blog\/parque-do-caracol-em-canela\/#article","isPartOf":{"@id":"https:\/\/quantocustaviajar.com\/blog\/parque-do-caracol-em-canela\/"},"author":{"name":"Mari Dutra","@id":"https:\/\/quantocustaviajar.com\/blog\/#\/schema\/person\/cf1309504837a3099648280049df8d0d"},"headline":"Parque do Caracol, em Canela, \u00e9 um dos pontos mais visitados da regi\u00e3o Sul","datePublished":"2018-10-25T17:34:43+00:00","dateModified":"2021-07-28T17:59:07+00:00","mainEntityOfPage":{"@id":"https:\/\/quantocustaviajar.com\/blog\/parque-do-caracol-em-canela\/"},"wordCount":1242,"commentCount":6,"publisher":{"@id":"https:\/\/quantocustaviajar.com\/blog\/#organization"},"image":{"@id":"https:\/\/quantocustaviajar.com\/blog\/parque-do-caracol-em-canela\/#primaryimage"},"thumbnailUrl":"https:\/\/quantocustaviajar.com\/blog\/wp-content\/uploads\/2018\/10\/caracol2.jpg","keywords":["Brasil","Canela","natureza","passeios","Serra Ga\u00facha"],"articleSection":["Ao Ar Livre","Descubra o Brasil"],"inLanguage":"pt-BR","potentialAction":[{"@type":"CommentAction","name":"Comment","target":["https:\/\/quantocustaviajar.com\/blog\/parque-do-caracol-em-canela\/#respond"]}]},{"@type":"WebPage","@id":"https:\/\/quantocustaviajar.com\/blog\/parque-do-caracol-em-canela\/","url":"https:\/\/quantocustaviajar.com\/blog\/parque-do-caracol-em-canela\/","name":"Parque do Caracol, em Canela, \u00e9 um dos pontos mais visitados da regi\u00e3o Sul","isPartOf":{"@id":"https:\/\/quantocustaviajar.com\/blog\/#website"},"primaryImageOfPage":{"@id":"https:\/\/quantocustaviajar.com\/blog\/parque-do-caracol-em-canela\/#primaryimage"},"image":{"@id":"https:\/\/quantocustaviajar.com\/blog\/parque-do-caracol-em-canela\/#primaryimage"},"thumbnailUrl":"https:\/\/quantocustaviajar.com\/blog\/wp-content\/uploads\/2018\/10\/caracol2.jpg","datePublished":"2018-10-25T17:34:43+00:00","dateModified":"2021-07-28T17:59:07+00:00","breadcrumb":{"@id":"https:\/\/quantocustaviajar.com\/blog\/parque-do-caracol-em-canela\/#breadcrumb"},"inLanguage":"pt-BR","potentialAction":[{"@type":"ReadAction","target":["https:\/\/quantocustaviajar.com\/blog\/parque-do-caracol-em-canela\/"]}]},{"@type":"ImageObject","inLanguage":"pt-BR","@id":"https:\/\/quantocustaviajar.com\/blog\/parque-do-caracol-em-canela\/#primaryimage","url":"https:\/\/quantocustaviajar.com\/blog\/wp-content\/uploads\/2018\/10\/caracol2.jpg","contentUrl":"https:\/\/quantocustaviajar.com\/blog\/wp-content\/uploads\/2018\/10\/caracol2.jpg","width":960,"height":540},{"@type":"BreadcrumbList","@id":"https:\/\/quantocustaviajar.com\/blog\/parque-do-caracol-em-canela\/#breadcrumb","itemListElement":[{"@type":"ListItem","position":1,"name":"In\u00edcio","item":"https:\/\/quantocustaviajar.com\/blog\/"},{"@type":"ListItem","position":2,"name":"Parque do Caracol, em Canela, \u00e9 um dos pontos mais visitados da regi\u00e3o Sul"}]},{"@type":"WebSite","@id":"https:\/\/quantocustaviajar.com\/blog\/#website","url":"https:\/\/quantocustaviajar.com\/blog\/","name":"Blog Quanto Custa Viajar","description":"","publisher":{"@id":"https:\/\/quantocustaviajar.com\/blog\/#organization"},"potentialAction":[{"@type":"SearchAction","target":{"@type":"EntryPoint","urlTemplate":"https:\/\/quantocustaviajar.com\/blog\/?s={search_term_string}"},"query-input":{"@type":"PropertyValueSpecification","valueRequired":true,"valueName":"search_term_string"}}],"inLanguage":"pt-BR"},{"@type":"Organization","@id":"https:\/\/quantocustaviajar.com\/blog\/#organization","name":"Quanto Custa Viajar","url":"https:\/\/quantocustaviajar.com\/blog\/","logo":{"@type":"ImageObject","inLanguage":"pt-BR","@id":"https:\/\/quantocustaviajar.com\/blog\/#\/schema\/logo\/image\/","url":"","contentUrl":"","caption":"Quanto Custa Viajar"},"image":{"@id":"https:\/\/quantocustaviajar.com\/blog\/#\/schema\/logo\/image\/"},"sameAs":["https:\/\/www.facebook.com\/quantocustaviajar"]},{"@type":"Person","@id":"https:\/\/quantocustaviajar.com\/blog\/#\/schema\/person\/cf1309504837a3099648280049df8d0d","name":"Mari Dutra","image":{"@type":"ImageObject","inLanguage":"pt-BR","@id":"https:\/\/quantocustaviajar.com\/blog\/#\/schema\/person\/image\/","url":"https:\/\/secure.gravatar.com\/avatar\/2997bb527ae39d049d9eb8d6c54262bd37451dfd0dba672807ddfae6c8e86713?s=96&d=mm&r=g","contentUrl":"https:\/\/secure.gravatar.com\/avatar\/2997bb527ae39d049d9eb8d6c54262bd37451dfd0dba672807ddfae6c8e86713?s=96&d=mm&r=g","caption":"Mari Dutra"},"description":"Puxa uma cadeira, porque eu amo falar sobre viagens, sustentabilidade e doguinhos n\u00f4mades. Tamb\u00e9m no Instagram e no Quase N\u00f4made.","sameAs":["http:\/\/quasenomade.com","https:\/\/www.instagram.com\/quasenomade\/","https:\/\/br.pinterest.com\/quasenomade\/","https:\/\/x.com\/quasenomade"],"url":"https:\/\/quantocustaviajar.com\/blog\/author\/mari-dutra\/"}]}},"_links":{"self":[{"href":"https:\/\/quantocustaviajar.com\/blog\/wp-json\/wp\/v2\/posts\/27843","targetHints":{"allow":["GET"]}}],"collection":[{"href":"https:\/\/quantocustaviajar.com\/blog\/wp-json\/wp\/v2\/posts"}],"about":[{"href":"https:\/\/quantocustaviajar.com\/blog\/wp-json\/wp\/v2\/types\/post"}],"author":[{"embeddable":true,"href":"https:\/\/quantocustaviajar.com\/blog\/wp-json\/wp\/v2\/users\/12"}],"replies":[{"embeddable":true,"href":"https:\/\/quantocustaviajar.com\/blog\/wp-json\/wp\/v2\/comments?post=27843"}],"version-history":[{"count":10,"href":"https:\/\/quantocustaviajar.com\/blog\/wp-json\/wp\/v2\/posts\/27843\/revisions"}],"predecessor-version":[{"id":49291,"href":"https:\/\/quantocustaviajar.com\/blog\/wp-json\/wp\/v2\/posts\/27843\/revisions\/49291"}],"wp:featuredmedia":[{"embeddable":true,"href":"https:\/\/quantocustaviajar.com\/blog\/wp-json\/wp\/v2\/media\/27851"}],"wp:attachment":[{"href":"https:\/\/quantocustaviajar.com\/blog\/wp-json\/wp\/v2\/media?parent=27843"}],"wp:term":[{"taxonomy":"category","embeddable":true,"href":"https:\/\/quantocustaviajar.com\/blog\/wp-json\/wp\/v2\/categories?post=27843"},{"taxonomy":"post_tag","embeddable":true,"href":"https:\/\/quantocustaviajar.com\/blog\/wp-json\/wp\/v2\/tags?post=27843"}],"curies":[{"name":"wp","href":"https:\/\/api.w.org\/{rel}","templated":true}]}}