{"id":27095,"date":"2018-10-01T13:32:44","date_gmt":"2018-10-01T13:32:44","guid":{"rendered":"https:\/\/quantocustaviajar.com\/blog\/?p=27095"},"modified":"2023-08-30T14:19:20","modified_gmt":"2023-08-30T14:19:20","slug":"roteiro-de-3-dias-em-urubici","status":"publish","type":"post","link":"https:\/\/quantocustaviajar.com\/blog\/roteiro-de-3-dias-em-urubici\/","title":{"rendered":"Roteiro de 3 dias em Urubici para visitar a Serra do Rio do Rastro e pontos principais"},"content":{"rendered":"<p>A <a href=\"https:\/\/quantocustaviajar.com\/blog\/?s=serra+catarinense\" target=\"_blank\" rel=\"noopener noreferrer\">Serra Catarinense<\/a> \u00e9 um verdadeiro espet\u00e1culo! Dirigir pelas curvas da Serra do Rio do Rastro ou sentir aquele frio na barriga ao passar pela Serra do Corvo Branco s\u00e3o passeios inesquec\u00edveis. Se voc\u00ea tem vontade de conhecer essas maravilhas no Sul do Brasil, confira uma sugest\u00e3o de <strong>roteiro de 3 dias em <a href=\"https:\/\/quantocustaviajar.com\/blog\/guia-completo-de-urubici\/\">Urubici<\/a><\/strong> para curtir toda a beleza e encanto da serra em <a href=\"https:\/\/quantocustaviajar.com\/blog\/lugares-para-conhecer-no-interior-de-santa-catarina\/\">Santa Catarina<\/a>.<\/p><div id=\"ez-toc-container\" class=\"ez-toc-v2_0_76 ez-toc-wrap-left counter-hierarchy ez-toc-counter ez-toc-light-blue ez-toc-container-direction\">\n<div class=\"ez-toc-title-container\">\n<p class=\"ez-toc-title\" style=\"cursor:inherit\">Aqui voc\u00ea ir\u00e1 encontrar<\/p>\n<span class=\"ez-toc-title-toggle\"><a href=\"#\" class=\"ez-toc-pull-right ez-toc-btn ez-toc-btn-xs ez-toc-btn-default ez-toc-toggle\" aria-label=\"Alternar tabela de conte\u00fado\"><span class=\"ez-toc-js-icon-con\"><span class=\"\"><span class=\"eztoc-hide\" style=\"display:none;\">Toggle<\/span><span class=\"ez-toc-icon-toggle-span\"><svg style=\"fill: #999;color:#999\" xmlns=\"http:\/\/www.w3.org\/2000\/svg\" class=\"list-377408\" width=\"20px\" height=\"20px\" viewBox=\"0 0 24 24\" fill=\"none\"><path d=\"M6 6H4v2h2V6zm14 0H8v2h12V6zM4 11h2v2H4v-2zm16 0H8v2h12v-2zM4 16h2v2H4v-2zm16 0H8v2h12v-2z\" fill=\"currentColor\"><\/path><\/svg><svg style=\"fill: #999;color:#999\" class=\"arrow-unsorted-368013\" xmlns=\"http:\/\/www.w3.org\/2000\/svg\" width=\"10px\" height=\"10px\" viewBox=\"0 0 24 24\" version=\"1.2\" baseProfile=\"tiny\"><path d=\"M18.2 9.3l-6.2-6.3-6.2 6.3c-.2.2-.3.4-.3.7s.1.5.3.7c.2.2.4.3.7.3h11c.3 0 .5-.1.7-.3.2-.2.3-.5.3-.7s-.1-.5-.3-.7zM5.8 14.7l6.2 6.3 6.2-6.3c.2-.2.3-.5.3-.7s-.1-.5-.3-.7c-.2-.2-.4-.3-.7-.3h-11c-.3 0-.5.1-.7.3-.2.2-.3.5-.3.7s.1.5.3.7z\"\/><\/svg><\/span><\/span><\/span><\/a><\/span><\/div>\n<nav><ul class='ez-toc-list ez-toc-list-level-1 ' ><li class='ez-toc-page-1 ez-toc-heading-level-2'><a class=\"ez-toc-link ez-toc-heading-1\" href=\"https:\/\/quantocustaviajar.com\/blog\/roteiro-de-3-dias-em-urubici\/#Roteiro_de_3_dias_em_Urubici\" >Roteiro de 3 dias em Urubici<\/a><ul class='ez-toc-list-level-3' ><li class='ez-toc-heading-level-3'><a class=\"ez-toc-link ez-toc-heading-2\" href=\"https:\/\/quantocustaviajar.com\/blog\/roteiro-de-3-dias-em-urubici\/#Dia_1_diversao_no_parque\" >Dia 1: divers\u00e3o no parque<\/a><\/li><li class='ez-toc-page-1 ez-toc-heading-level-3'><a class=\"ez-toc-link ez-toc-heading-3\" href=\"https:\/\/quantocustaviajar.com\/blog\/roteiro-de-3-dias-em-urubici\/#Dia_2_pelas_curvas_das_serras\" >Dia 2: pelas curvas das serras<\/a><\/li><li class='ez-toc-page-1 ez-toc-heading-level-3'><a class=\"ez-toc-link ez-toc-heading-4\" href=\"https:\/\/quantocustaviajar.com\/blog\/roteiro-de-3-dias-em-urubici\/#Dia_3_tranquilidade_e_lindas_vistas\" >Dia 3: tranquilidade e lindas vistas<\/a><\/li><\/ul><\/li><li class='ez-toc-page-1 ez-toc-heading-level-2'><a class=\"ez-toc-link ez-toc-heading-5\" href=\"https:\/\/quantocustaviajar.com\/blog\/roteiro-de-3-dias-em-urubici\/#Onde_se_hospedar_em_Urubici\" >Onde se hospedar em Urubici<\/a><\/li><\/ul><\/nav><\/div>\n\n<h2><span class=\"ez-toc-section\" id=\"Roteiro_de_3_dias_em_Urubici\"><\/span>Roteiro de 3 dias em Urubici<span class=\"ez-toc-section-end\"><\/span><\/h2>\n<p>O nosso roteiro de 3 dias em Urubici foi feito de carro, saindo de Curitiba. A capital paranaense fica a 460 km de dist\u00e2ncia de Urubici. No total, contando a ida, a vinda e os passeios de carro pelos pontos pr\u00f3ximos a Urubici, n\u00f3s fizemos 1.200 km! Confira o roteiro que seguimos para nos divertir por l\u00e1!<\/p>\n<h3><span class=\"ez-toc-section\" id=\"Dia_1_diversao_no_parque\"><\/span>Dia 1: divers\u00e3o no parque<span class=\"ez-toc-section-end\"><\/span><\/h3>\n<p>Partirmos \u00e0s 5h da manh\u00e3 de Curitiba em dire\u00e7\u00e3o a Urubici. Antes mesmo de chegar ao nosso destino, j\u00e1 encontramos muita coisa bonita pelo caminho! A primeira parada foi no <strong>Mirante da Serra da Boa Vista<\/strong>, em Rancho Queimado.<\/p>\n<p><strong>Dica<\/strong>: se voc\u00ea tiver mais tempo, fa\u00e7a uma pausa de pelo menos 2 dias em <strong>\u00c1guas Mornas<\/strong>, que fica a 40 km do Mirante da Serra da Boa Vista e a aproximadamente 125 km de Urubici. \u00c1guas Mornas possui resorts com \u00e1guas termais quentinhas e deliciosas para voc\u00ea curtir os dias de frio na regi\u00e3o. #FicaDica<\/p>\n<p>Continuando com o <strong>Mirante da Serra da Boa Vista<\/strong>, neste local, voc\u00ea consegue ter uma vista privilegiada do munic\u00edpio de Rancho Queimado.<\/p>\n<blockquote><p><a href=\"https:\/\/quantocustaviajar.com\/blog\/rancho-queimado-serra-catarinense\/\" target=\"_blank\" rel=\"noopener noreferrer\"><strong>Rancho Queimado, bate e volta de Florian\u00f3polis para a Serra Catarinense<\/strong><\/a><\/p><\/blockquote>\n<figure id=\"attachment_27100\" aria-describedby=\"caption-attachment-27100\" style=\"width: 872px\" class=\"wp-caption aligncenter\"><img loading=\"lazy\" decoding=\"async\" class=\"size-full wp-image-27100\" src=\"https:\/\/quantocustaviajar.com\/blog\/wp-content\/uploads\/2018\/09\/mirante-da-serra-da-boa-vista-1.jpg\" alt=\"\" width=\"872\" height=\"654\" srcset=\"https:\/\/quantocustaviajar.com\/blog\/wp-content\/uploads\/2018\/09\/mirante-da-serra-da-boa-vista-1.jpg 872w, https:\/\/quantocustaviajar.com\/blog\/wp-content\/uploads\/2018\/09\/mirante-da-serra-da-boa-vista-1-300x225.jpg 300w, https:\/\/quantocustaviajar.com\/blog\/wp-content\/uploads\/2018\/09\/mirante-da-serra-da-boa-vista-1-768x576.jpg 768w\" sizes=\"auto, (max-width: 872px) 100vw, 872px\" \/><figcaption id=\"caption-attachment-27100\" class=\"wp-caption-text\">Vista do Mirante da Serra da Boa Viagem. Foto: <a href=\"https:\/\/www.instagram.com\/andressaxavier\/\" target=\"_blank\" rel=\"noopener noreferrer\">Andressa Xavier Pellanda<\/a><\/figcaption><\/figure>\n<p>Para chegar at\u00e9 l\u00e1, n\u00f3s seguimos pela BR-282. O acesso ao mirante fica logo depois de uma ponte extensa, mas fique tranquila que existem placas de sinaliza\u00e7\u00e3o na estrada. Voc\u00ea vai precisar parar no acostamento para pode cruzar e pegar o acesso, ok?<\/p>\n<p>A estrada \u00e9 de terra e carros de passeio podem subir perfeitamente. Por\u00e9m, se seu ve\u00edculo for rebaixado, \u00e9 poss\u00edvel que voc\u00ea tenha dificuldades.<\/p>\n<blockquote><p><a href=\"https:\/\/quantocustaviajar.com\/blog\/canions-no-brasil\/\" target=\"_blank\" rel=\"noopener noreferrer\"><strong>15 c\u00e2nions no Brasil que voc\u00ea deveria conhecer<\/strong><\/a><\/p><\/blockquote>\n<p>Saindo do mirante, fizemos uma pausa para o almo\u00e7o! Seguindo para Urubici, voc\u00ea encontra duas boas op\u00e7\u00f5es para sua refei\u00e7\u00e3o: a primeira \u00e9 no <strong>Paradouro Battistela<\/strong>, que serve buffet por quilo com pre\u00e7o justo e grande variedade de pratos, e a segunda \u00e9 o <strong>Caf\u00e9 do Paradouro km 111<\/strong>, com um delicioso caf\u00e9 colonial e op\u00e7\u00f5es de lanche.<\/p>\n<p>Ap\u00f3s um almo\u00e7\u00e3o, seguimos viagem direto para a pousada escolhida como nosso QG pelos pr\u00f3ximos 3 dias para deixarmos nossas coisas. Como n\u00f3s sa\u00edmos bem cedinho de Curitiba e chegamos cedo em Urubici, ainda no primeiro dia j\u00e1 conseguimos fazer muitos passeios por l\u00e1!<\/p>\n<p>O primeiro deles \u00e9 perfeito para quem gosta de hist\u00f3ria! Siga de carro em dire\u00e7\u00e3o \u00e0s\u00a0<strong>Inscri\u00e7\u00f5es Rupestres<\/strong>. Essas inscri\u00e7\u00f5es nas rochas foram\u00a0feitas por povos que habitaram a regi\u00e3o h\u00e1 pelo menos 4.000 anos! As inscri\u00e7\u00f5es rupestres de Urubici fazem parte do s\u00edtio arqueol\u00f3gico do Morro do Avencal e s\u00e3o consideradas uma das mais importantes em territ\u00f3rio catarinense.<\/p>\n<figure id=\"attachment_27102\" aria-describedby=\"caption-attachment-27102\" style=\"width: 800px\" class=\"wp-caption aligncenter\"><img loading=\"lazy\" decoding=\"async\" class=\"size-full wp-image-27102\" src=\"https:\/\/quantocustaviajar.com\/blog\/wp-content\/uploads\/2018\/09\/inscricoes-rupestres-urubici.jpg\" alt=\"\" width=\"800\" height=\"450\" srcset=\"https:\/\/quantocustaviajar.com\/blog\/wp-content\/uploads\/2018\/09\/inscricoes-rupestres-urubici.jpg 800w, https:\/\/quantocustaviajar.com\/blog\/wp-content\/uploads\/2018\/09\/inscricoes-rupestres-urubici-300x169.jpg 300w, https:\/\/quantocustaviajar.com\/blog\/wp-content\/uploads\/2018\/09\/inscricoes-rupestres-urubici-768x432.jpg 768w\" sizes=\"auto, (max-width: 800px) 100vw, 800px\" \/><figcaption id=\"caption-attachment-27102\" class=\"wp-caption-text\">Inscri\u00e7\u00f5es rupestres. Foto: <a href=\"https:\/\/www.urubici.sc.gov.br\/turismo\/visualizar\/id\/1004\/?inscricoes-rupestres.html\" target=\"_blank\" rel=\"noopener noreferrer\">Prefeitura de Urubici<\/a><\/figcaption><\/figure>\n<p>Ap\u00f3s ver as Inscri\u00e7\u00f5es Rupestres, a dica \u00e9 continuar subindo o morro at\u00e9 chegar no <strong>Parque Cascata do Avencal<\/strong>. A entrada do parque custa R$ 5 por pessoa e o local tem um estacionamento amplo, sem custo adicional.<\/p>\n<blockquote><p><a href=\"https:\/\/quantocustaviajar.com\/blog\/quedas-dagua-que-voce-deveria-conhecer\/\" target=\"_blank\" rel=\"noopener noreferrer\"><strong>Gosta de cascatas e cachoeiras? Veja as quedas d&#8217;\u00e1gua no Brasil que voc\u00ea deve conhecer<\/strong><\/a><\/p><\/blockquote>\n<p>O parque oferece diversas atra\u00e7\u00f5es para os turistas, como os mirantes para ver a <strong>Cascata do Avencal<\/strong>, uma cachoeira com\u00a0100 metros de altura, que forma o Rio do Funil.<\/p>\n<figure id=\"attachment_27096\" aria-describedby=\"caption-attachment-27096\" style=\"width: 1080px\" class=\"wp-caption aligncenter\"><img loading=\"lazy\" decoding=\"async\" class=\"size-full wp-image-27096\" src=\"https:\/\/quantocustaviajar.com\/blog\/wp-content\/uploads\/2018\/09\/cascata-do-avencal.jpg\" alt=\"\" width=\"1080\" height=\"810\" srcset=\"https:\/\/quantocustaviajar.com\/blog\/wp-content\/uploads\/2018\/09\/cascata-do-avencal.jpg 1080w, https:\/\/quantocustaviajar.com\/blog\/wp-content\/uploads\/2018\/09\/cascata-do-avencal-300x225.jpg 300w, https:\/\/quantocustaviajar.com\/blog\/wp-content\/uploads\/2018\/09\/cascata-do-avencal-768x576.jpg 768w, https:\/\/quantocustaviajar.com\/blog\/wp-content\/uploads\/2018\/09\/cascata-do-avencal-1024x768.jpg 1024w\" sizes=\"auto, (max-width: 1080px) 100vw, 1080px\" \/><figcaption id=\"caption-attachment-27096\" class=\"wp-caption-text\">A Cascata do Avencal. Foto: <a href=\"https:\/\/www.instagram.com\/andressaxavier\/\" target=\"_blank\" rel=\"noopener noreferrer\">Andressa Xavier Pellanda<\/a><\/figcaption><\/figure>\n<p>Tamb\u00e9m existem atra\u00e7\u00f5es pagas \u00e0 parte no Parque Cascata do Avencal, como:<\/p>\n<ul>\n<li>Tirolesa.<\/li>\n<li>Passeio a cavalo.<\/li>\n<li>Pedalinho.<\/li>\n<li>Arco e flecha.<\/li>\n<li>Caminha.<\/li>\n<li>Rappel.<\/li>\n<\/ul>\n<figure id=\"attachment_27097\" aria-describedby=\"caption-attachment-27097\" style=\"width: 1024px\" class=\"wp-caption aligncenter\"><img loading=\"lazy\" decoding=\"async\" class=\"size-full wp-image-27097\" src=\"https:\/\/quantocustaviajar.com\/blog\/wp-content\/uploads\/2018\/09\/parque-cascata-do-avencal-precos-2018.jpeg\" alt=\"\" width=\"1024\" height=\"768\" srcset=\"https:\/\/quantocustaviajar.com\/blog\/wp-content\/uploads\/2018\/09\/parque-cascata-do-avencal-precos-2018.jpeg 1024w, https:\/\/quantocustaviajar.com\/blog\/wp-content\/uploads\/2018\/09\/parque-cascata-do-avencal-precos-2018-300x225.jpeg 300w, https:\/\/quantocustaviajar.com\/blog\/wp-content\/uploads\/2018\/09\/parque-cascata-do-avencal-precos-2018-768x576.jpeg 768w\" sizes=\"auto, (max-width: 1024px) 100vw, 1024px\" \/><figcaption id=\"caption-attachment-27097\" class=\"wp-caption-text\">Pre\u00e7os de 2018 sujeitos a altera\u00e7\u00e3o. Foto: <a href=\"https:\/\/www.instagram.com\/andressaxavier\/\" target=\"_blank\" rel=\"noopener noreferrer\">Andressa Xavier Pellanda<\/a><\/figcaption><\/figure>\n<p>A <strong>tirolesa<\/strong>\u00a0\u00e9 uma das mais procuradas e tem um percurso de 180 metros e garante ao turista uma vista incr\u00edvel da Cascata do Avencal e tamb\u00e9m do vale.<\/p>\n<p>A altura quando o visitante est\u00e1 no meio da tirolesa \u00e9 de 120 metros! O tempo de dura\u00e7\u00e3o \u00e9 de 20 a 30 segundos, numa velocidade de 30km\/h a 40 km\/h.<\/p>\n<figure id=\"attachment_27103\" aria-describedby=\"caption-attachment-27103\" style=\"width: 872px\" class=\"wp-caption aligncenter\"><img loading=\"lazy\" decoding=\"async\" class=\"size-full wp-image-27103\" src=\"https:\/\/quantocustaviajar.com\/blog\/wp-content\/uploads\/2018\/09\/tirolesa-cascata-do-avencal.jpg\" alt=\"\" width=\"872\" height=\"654\" srcset=\"https:\/\/quantocustaviajar.com\/blog\/wp-content\/uploads\/2018\/09\/tirolesa-cascata-do-avencal.jpg 872w, https:\/\/quantocustaviajar.com\/blog\/wp-content\/uploads\/2018\/09\/tirolesa-cascata-do-avencal-300x225.jpg 300w, https:\/\/quantocustaviajar.com\/blog\/wp-content\/uploads\/2018\/09\/tirolesa-cascata-do-avencal-768x576.jpg 768w\" sizes=\"auto, (max-width: 872px) 100vw, 872px\" \/><figcaption id=\"caption-attachment-27103\" class=\"wp-caption-text\">A 120 metros de altura. Foto: <a href=\"https:\/\/www.instagram.com\/andressaxavier\/\" target=\"_blank\" rel=\"noopener noreferrer\">Andressa Xavier Pellanda<\/a><\/figcaption><\/figure>\n<p>O pedalinho \u00e9 feito no lago do pr\u00f3prio parque, que fica ao lado da entrada, e acaba sendo um passeio bacana para fazer com as crian\u00e7as. O passeio a cavalo e arco e flecha tamb\u00e9m s\u00e3o atividades oferecidas aos turistas.<\/p>\n<p>Para ver a Cascata do Avencal sob uma nova perspectiva, fa\u00e7a a caminhada na parte de baixo, uma trilha que leva os visitantes aos p\u00e9s da cascata. O valor desta caminhada \u00e9 de R$ 30 por pessoa e os grupos precisam ter, no m\u00ednimo, 5 pessoas para partirem para a trilha.<\/p>\n<blockquote><p><a href=\"https:\/\/quantocustaviajar.com\/blog\/cambara-do-sul-reune-canions\/\" target=\"_blank\" rel=\"noopener noreferrer\"><strong>Cambar\u00e1 do Sul re\u00fane c\u00e2nions surpreendentes a mais de 1.000 metros de altura<\/strong><\/a><\/p><\/blockquote>\n<p>Grupos de m\u00ednimo 10 pessoas tamb\u00e9m pode fazer rappel, mas essa atividade s\u00f3 \u00e9 realizada mediante agendamento pr\u00e9vio e custa R$ 240 por pessoa.<\/p>\n<p>Depois de tanta divers\u00e3o, voltamos para a pousada para descansar!<\/p>\n<h3><span class=\"ez-toc-section\" id=\"Dia_2_pelas_curvas_das_serras\"><\/span>Dia 2: pelas curvas das serras<span class=\"ez-toc-section-end\"><\/span><\/h3>\n<p>No segundo dia do roteiro de 3 dias em Urubici, sa\u00edmos logo ap\u00f3s o caf\u00e9 da manh\u00e3 direto para Bom Jardim da Serra, para irmos at\u00e9 o <strong>Mirante da Serra do Rio do Rastro<\/strong>, que fica a 1.421 metros de altura. O caminho at\u00e9 o mirante \u00e9 simplesmente lindo, repleto de \u00e1rvores de Arauc\u00e1rias e muitas casinhas aconchegantes.<\/p>\n<blockquote><p><a href=\"https:\/\/quantocustaviajar.com\/blog\/o-que-fazer-na-serra-do-rio-do-rastro\/\" target=\"_blank\" rel=\"noopener noreferrer\"><strong>Entre curvas e c\u00e2nions: o que fazer na Serra do Rio do Rastro<\/strong><\/a><\/p><\/blockquote>\n<p>Chegando no Mirante, reserve um bom tempo l\u00e1 em cima para admirar do alto a\u00a0Serra do Rio do Rastro.<\/p>\n<figure id=\"attachment_27098\" aria-describedby=\"caption-attachment-27098\" style=\"width: 1080px\" class=\"wp-caption aligncenter\"><img loading=\"lazy\" decoding=\"async\" class=\"size-full wp-image-27098\" src=\"https:\/\/quantocustaviajar.com\/blog\/wp-content\/uploads\/2018\/09\/mirante-da-serra-do-rio-do-rastro.jpg\" alt=\"\" width=\"1080\" height=\"810\" srcset=\"https:\/\/quantocustaviajar.com\/blog\/wp-content\/uploads\/2018\/09\/mirante-da-serra-do-rio-do-rastro.jpg 1080w, https:\/\/quantocustaviajar.com\/blog\/wp-content\/uploads\/2018\/09\/mirante-da-serra-do-rio-do-rastro-300x225.jpg 300w, https:\/\/quantocustaviajar.com\/blog\/wp-content\/uploads\/2018\/09\/mirante-da-serra-do-rio-do-rastro-768x576.jpg 768w, https:\/\/quantocustaviajar.com\/blog\/wp-content\/uploads\/2018\/09\/mirante-da-serra-do-rio-do-rastro-1024x768.jpg 1024w\" sizes=\"auto, (max-width: 1080px) 100vw, 1080px\" \/><figcaption id=\"caption-attachment-27098\" class=\"wp-caption-text\">Vista do Mirante da Serra do Rio do Rastro. Foto: <a href=\"https:\/\/www.instagram.com\/andressaxavier\/\" target=\"_blank\" rel=\"noopener noreferrer\">Andressa Xavier Pellanda<\/a><\/figcaption><\/figure>\n<figure id=\"attachment_27099\" aria-describedby=\"caption-attachment-27099\" style=\"width: 4032px\" class=\"wp-caption aligncenter\"><img loading=\"lazy\" decoding=\"async\" class=\"size-full wp-image-27099\" src=\"https:\/\/quantocustaviajar.com\/blog\/wp-content\/uploads\/2018\/09\/serra-do-rio-do-rastro.jpg\" alt=\"\" width=\"4032\" height=\"3024\" srcset=\"https:\/\/quantocustaviajar.com\/blog\/wp-content\/uploads\/2018\/09\/serra-do-rio-do-rastro.jpg 4032w, https:\/\/quantocustaviajar.com\/blog\/wp-content\/uploads\/2018\/09\/serra-do-rio-do-rastro-300x225.jpg 300w, https:\/\/quantocustaviajar.com\/blog\/wp-content\/uploads\/2018\/09\/serra-do-rio-do-rastro-768x576.jpg 768w, https:\/\/quantocustaviajar.com\/blog\/wp-content\/uploads\/2018\/09\/serra-do-rio-do-rastro-1024x768.jpg 1024w, https:\/\/quantocustaviajar.com\/blog\/wp-content\/uploads\/2018\/09\/serra-do-rio-do-rastro-1920x1440.jpg 1920w\" sizes=\"auto, (max-width: 4032px) 100vw, 4032px\" \/><figcaption id=\"caption-attachment-27099\" class=\"wp-caption-text\">Vista do Mirante da Serra do Rio do Rastro. Foto: <a href=\"https:\/\/www.instagram.com\/andressaxavier\/\" target=\"_blank\" rel=\"noopener noreferrer\">Andressa Xavier Pellanda<\/a><\/figcaption><\/figure>\n<p>Quem estiver com uma graninha sobrando, pode fazer um <strong>passeio de helic\u00f3ptero<\/strong> que custa R$ 150 por pessoa. A viagem \u00e9 super r\u00e1pida, dura apenas 5 minutinhos, mas permite que voc\u00ea veja o parque e\u00f3lico, o c\u00e2nion, a subida do mirante e a parte vertical em cima do Eco Resort.<\/p>\n<p>Saindo do mirante, <strong>antes de descer a Serra do Rio do Rastro<\/strong>, fizemos uma pausa no Parque E\u00f3lico, que na verdade \u00e9 uma propriedade particular que comporta tanto o parque e\u00f3lico quanto o <strong>C\u00e2nion da Ronda\u00a0<\/strong>que fica a 1.448 metros de altura.<\/p>\n<p>A entrada neste local custa R$ 10 e a vista, minha amiga: \u00e9 linda de viver!<\/p>\n<figure id=\"attachment_27104\" aria-describedby=\"caption-attachment-27104\" style=\"width: 1080px\" class=\"wp-caption aligncenter\"><img loading=\"lazy\" decoding=\"async\" class=\"size-full wp-image-27104\" src=\"https:\/\/quantocustaviajar.com\/blog\/wp-content\/uploads\/2018\/09\/parque-eolico-2.jpg\" alt=\"\" width=\"1080\" height=\"810\" srcset=\"https:\/\/quantocustaviajar.com\/blog\/wp-content\/uploads\/2018\/09\/parque-eolico-2.jpg 1080w, https:\/\/quantocustaviajar.com\/blog\/wp-content\/uploads\/2018\/09\/parque-eolico-2-300x225.jpg 300w, https:\/\/quantocustaviajar.com\/blog\/wp-content\/uploads\/2018\/09\/parque-eolico-2-768x576.jpg 768w, https:\/\/quantocustaviajar.com\/blog\/wp-content\/uploads\/2018\/09\/parque-eolico-2-1024x768.jpg 1024w\" sizes=\"auto, (max-width: 1080px) 100vw, 1080px\" \/><figcaption id=\"caption-attachment-27104\" class=\"wp-caption-text\">Chegando ao Parque E\u00f3lico. Foto: <a href=\"https:\/\/www.instagram.com\/andressaxavier\/\" target=\"_blank\" rel=\"noopener noreferrer\">Andressa Xavier Pellanda<\/a><\/figcaption><\/figure>\n<figure id=\"attachment_27105\" aria-describedby=\"caption-attachment-27105\" style=\"width: 1080px\" class=\"wp-caption aligncenter\"><img loading=\"lazy\" decoding=\"async\" class=\"size-full wp-image-27105\" src=\"https:\/\/quantocustaviajar.com\/blog\/wp-content\/uploads\/2018\/09\/parque-eolico.jpg\" alt=\"\" width=\"1080\" height=\"810\" srcset=\"https:\/\/quantocustaviajar.com\/blog\/wp-content\/uploads\/2018\/09\/parque-eolico.jpg 1080w, https:\/\/quantocustaviajar.com\/blog\/wp-content\/uploads\/2018\/09\/parque-eolico-300x225.jpg 300w, https:\/\/quantocustaviajar.com\/blog\/wp-content\/uploads\/2018\/09\/parque-eolico-768x576.jpg 768w, https:\/\/quantocustaviajar.com\/blog\/wp-content\/uploads\/2018\/09\/parque-eolico-1024x768.jpg 1024w\" sizes=\"auto, (max-width: 1080px) 100vw, 1080px\" \/><figcaption id=\"caption-attachment-27105\" class=\"wp-caption-text\">Vista das pedras do Parque E\u00f3lico. Foto: <a href=\"https:\/\/www.instagram.com\/andressaxavier\/\" target=\"_blank\" rel=\"noopener noreferrer\">Andressa Xavier Pellanda<\/a><\/figcaption><\/figure>\n<figure id=\"attachment_27108\" aria-describedby=\"caption-attachment-27108\" style=\"width: 872px\" class=\"wp-caption aligncenter\"><img loading=\"lazy\" decoding=\"async\" class=\"size-full wp-image-27108\" src=\"https:\/\/quantocustaviajar.com\/blog\/wp-content\/uploads\/2018\/09\/canion-da-ronda-2.jpg\" alt=\"\" width=\"872\" height=\"654\" srcset=\"https:\/\/quantocustaviajar.com\/blog\/wp-content\/uploads\/2018\/09\/canion-da-ronda-2.jpg 872w, https:\/\/quantocustaviajar.com\/blog\/wp-content\/uploads\/2018\/09\/canion-da-ronda-2-300x225.jpg 300w, https:\/\/quantocustaviajar.com\/blog\/wp-content\/uploads\/2018\/09\/canion-da-ronda-2-768x576.jpg 768w\" sizes=\"auto, (max-width: 872px) 100vw, 872px\" \/><figcaption id=\"caption-attachment-27108\" class=\"wp-caption-text\">Escadinha para ver o c\u00e2nion da Ronda. Foto: <a href=\"https:\/\/www.instagram.com\/andressaxavier\/\" target=\"_blank\" rel=\"noopener noreferrer\">Andressa Xavier Pellanda<\/a><\/figcaption><\/figure>\n<figure id=\"attachment_27106\" aria-describedby=\"caption-attachment-27106\" style=\"width: 1080px\" class=\"wp-caption aligncenter\"><img loading=\"lazy\" decoding=\"async\" class=\"size-full wp-image-27106\" src=\"https:\/\/quantocustaviajar.com\/blog\/wp-content\/uploads\/2018\/09\/canion-da-ronda-1.jpg\" alt=\"\" width=\"1080\" height=\"608\" srcset=\"https:\/\/quantocustaviajar.com\/blog\/wp-content\/uploads\/2018\/09\/canion-da-ronda-1.jpg 1080w, https:\/\/quantocustaviajar.com\/blog\/wp-content\/uploads\/2018\/09\/canion-da-ronda-1-300x169.jpg 300w, https:\/\/quantocustaviajar.com\/blog\/wp-content\/uploads\/2018\/09\/canion-da-ronda-1-768x432.jpg 768w, https:\/\/quantocustaviajar.com\/blog\/wp-content\/uploads\/2018\/09\/canion-da-ronda-1-1024x576.jpg 1024w\" sizes=\"auto, (max-width: 1080px) 100vw, 1080px\" \/><figcaption id=\"caption-attachment-27106\" class=\"wp-caption-text\">No C\u00e2nion da Ronda. Foto: Cristiane Bonarde<\/figcaption><\/figure>\n<figure id=\"attachment_27107\" aria-describedby=\"caption-attachment-27107\" style=\"width: 1080px\" class=\"wp-caption aligncenter\"><img loading=\"lazy\" decoding=\"async\" class=\"size-full wp-image-27107\" src=\"https:\/\/quantocustaviajar.com\/blog\/wp-content\/uploads\/2018\/09\/canion-da-ronda-3.jpg\" alt=\"\" width=\"1080\" height=\"810\" srcset=\"https:\/\/quantocustaviajar.com\/blog\/wp-content\/uploads\/2018\/09\/canion-da-ronda-3.jpg 1080w, https:\/\/quantocustaviajar.com\/blog\/wp-content\/uploads\/2018\/09\/canion-da-ronda-3-300x225.jpg 300w, https:\/\/quantocustaviajar.com\/blog\/wp-content\/uploads\/2018\/09\/canion-da-ronda-3-768x576.jpg 768w, https:\/\/quantocustaviajar.com\/blog\/wp-content\/uploads\/2018\/09\/canion-da-ronda-3-1024x768.jpg 1024w\" sizes=\"auto, (max-width: 1080px) 100vw, 1080px\" \/><figcaption id=\"caption-attachment-27107\" class=\"wp-caption-text\">Vista do C\u00e2nion da Ronda. Foto: <a href=\"https:\/\/www.instagram.com\/andressaxavier\/\" target=\"_blank\" rel=\"noopener noreferrer\">Andressa Xavier Pellanda<\/a><\/figcaption><\/figure>\n<figure id=\"attachment_27109\" aria-describedby=\"caption-attachment-27109\" style=\"width: 872px\" class=\"wp-caption aligncenter\"><img loading=\"lazy\" decoding=\"async\" class=\"size-full wp-image-27109\" src=\"https:\/\/quantocustaviajar.com\/blog\/wp-content\/uploads\/2018\/09\/canion-da-ronda-4.jpg\" alt=\"\" width=\"872\" height=\"654\" srcset=\"https:\/\/quantocustaviajar.com\/blog\/wp-content\/uploads\/2018\/09\/canion-da-ronda-4.jpg 872w, https:\/\/quantocustaviajar.com\/blog\/wp-content\/uploads\/2018\/09\/canion-da-ronda-4-300x225.jpg 300w, https:\/\/quantocustaviajar.com\/blog\/wp-content\/uploads\/2018\/09\/canion-da-ronda-4-768x576.jpg 768w\" sizes=\"auto, (max-width: 872px) 100vw, 872px\" \/><figcaption id=\"caption-attachment-27109\" class=\"wp-caption-text\">Foto: <a href=\"https:\/\/www.instagram.com\/andressaxavier\/\" target=\"_blank\" rel=\"noopener noreferrer\">Andressa Xavier Pellanda<\/a><\/figcaption><\/figure>\n<p>Sa\u00edmos do C\u00e2nion da Ronda com a energia renovada!<\/p>\n<p>Agora: \u00e9 hora de descer a Serra do Rio do Rastro seguindo o roteiro de 3 dias em Urubici e regi\u00e3o :)<\/p>\n<p>Vamos pegar a estrada e <strong>dirigir pelas 284 curvas da Serra do Rio do Rastro<\/strong>, sentido ao munic\u00edpio de Lauro Muller. Dirigir por essa estrada \u00e9 uma das melhores sensa\u00e7\u00f5es que voc\u00ea pode ter. Ah, no final da Serra, voc\u00ea pode parar para o almo\u00e7o!<\/p>\n<figure id=\"attachment_27163\" aria-describedby=\"caption-attachment-27163\" style=\"width: 1080px\" class=\"wp-caption aligncenter\"><img loading=\"lazy\" decoding=\"async\" class=\"size-full wp-image-27163\" src=\"https:\/\/quantocustaviajar.com\/blog\/wp-content\/uploads\/2018\/09\/descendo-a-serra-do-rio-do-rastro-1.jpg\" alt=\"\" width=\"1080\" height=\"810\" srcset=\"https:\/\/quantocustaviajar.com\/blog\/wp-content\/uploads\/2018\/09\/descendo-a-serra-do-rio-do-rastro-1.jpg 1080w, https:\/\/quantocustaviajar.com\/blog\/wp-content\/uploads\/2018\/09\/descendo-a-serra-do-rio-do-rastro-1-300x225.jpg 300w, https:\/\/quantocustaviajar.com\/blog\/wp-content\/uploads\/2018\/09\/descendo-a-serra-do-rio-do-rastro-1-768x576.jpg 768w, https:\/\/quantocustaviajar.com\/blog\/wp-content\/uploads\/2018\/09\/descendo-a-serra-do-rio-do-rastro-1-1024x768.jpg 1024w\" sizes=\"auto, (max-width: 1080px) 100vw, 1080px\" \/><figcaption id=\"caption-attachment-27163\" class=\"wp-caption-text\">As curvas da Serra do Rio do Rastro. Foto: <a href=\"https:\/\/www.instagram.com\/andressaxavier\/\" target=\"_blank\" rel=\"noopener noreferrer\">Andressa Xavier Pellanda<\/a><\/figcaption><\/figure>\n<figure id=\"attachment_27164\" aria-describedby=\"caption-attachment-27164\" style=\"width: 1080px\" class=\"wp-caption aligncenter\"><img loading=\"lazy\" decoding=\"async\" class=\"size-full wp-image-27164\" src=\"https:\/\/quantocustaviajar.com\/blog\/wp-content\/uploads\/2018\/09\/descendo-a-serra-do-rio-do-rastro-2.jpg\" alt=\"\" width=\"1080\" height=\"810\" srcset=\"https:\/\/quantocustaviajar.com\/blog\/wp-content\/uploads\/2018\/09\/descendo-a-serra-do-rio-do-rastro-2.jpg 1080w, https:\/\/quantocustaviajar.com\/blog\/wp-content\/uploads\/2018\/09\/descendo-a-serra-do-rio-do-rastro-2-300x225.jpg 300w, https:\/\/quantocustaviajar.com\/blog\/wp-content\/uploads\/2018\/09\/descendo-a-serra-do-rio-do-rastro-2-768x576.jpg 768w, https:\/\/quantocustaviajar.com\/blog\/wp-content\/uploads\/2018\/09\/descendo-a-serra-do-rio-do-rastro-2-1024x768.jpg 1024w\" sizes=\"auto, (max-width: 1080px) 100vw, 1080px\" \/><figcaption id=\"caption-attachment-27164\" class=\"wp-caption-text\">Velocidade reduzida na serra. Foto: <a href=\"https:\/\/www.instagram.com\/andressaxavier\/\" target=\"_blank\" rel=\"noopener noreferrer\">Andressa Xavier Pellanda<\/a><\/figcaption><\/figure>\n<figure id=\"attachment_27165\" aria-describedby=\"caption-attachment-27165\" style=\"width: 4032px\" class=\"wp-caption aligncenter\"><img loading=\"lazy\" decoding=\"async\" class=\"size-full wp-image-27165\" src=\"https:\/\/quantocustaviajar.com\/blog\/wp-content\/uploads\/2018\/09\/descendo-a-serra-do-rio-do-rastro-3.jpg\" alt=\"\" width=\"4032\" height=\"3024\" srcset=\"https:\/\/quantocustaviajar.com\/blog\/wp-content\/uploads\/2018\/09\/descendo-a-serra-do-rio-do-rastro-3.jpg 4032w, https:\/\/quantocustaviajar.com\/blog\/wp-content\/uploads\/2018\/09\/descendo-a-serra-do-rio-do-rastro-3-300x225.jpg 300w, https:\/\/quantocustaviajar.com\/blog\/wp-content\/uploads\/2018\/09\/descendo-a-serra-do-rio-do-rastro-3-768x576.jpg 768w, https:\/\/quantocustaviajar.com\/blog\/wp-content\/uploads\/2018\/09\/descendo-a-serra-do-rio-do-rastro-3-1024x768.jpg 1024w, https:\/\/quantocustaviajar.com\/blog\/wp-content\/uploads\/2018\/09\/descendo-a-serra-do-rio-do-rastro-3-1920x1440.jpg 1920w\" sizes=\"auto, (max-width: 4032px) 100vw, 4032px\" \/><figcaption id=\"caption-attachment-27165\" class=\"wp-caption-text\">Um vai, o outro espera. Foto: <a href=\"https:\/\/www.instagram.com\/andressaxavier\/\" target=\"_blank\" rel=\"noopener noreferrer\">Andressa Xavier Pellanda<\/a><\/figcaption><\/figure>\n<figure id=\"attachment_27167\" aria-describedby=\"caption-attachment-27167\" style=\"width: 872px\" class=\"wp-caption aligncenter\"><img loading=\"lazy\" decoding=\"async\" class=\"size-full wp-image-27167\" src=\"https:\/\/quantocustaviajar.com\/blog\/wp-content\/uploads\/2018\/09\/descendo-a-serra-do-rio-do-rastro-4.jpg\" alt=\"\" width=\"872\" height=\"654\" srcset=\"https:\/\/quantocustaviajar.com\/blog\/wp-content\/uploads\/2018\/09\/descendo-a-serra-do-rio-do-rastro-4.jpg 872w, https:\/\/quantocustaviajar.com\/blog\/wp-content\/uploads\/2018\/09\/descendo-a-serra-do-rio-do-rastro-4-300x225.jpg 300w, https:\/\/quantocustaviajar.com\/blog\/wp-content\/uploads\/2018\/09\/descendo-a-serra-do-rio-do-rastro-4-768x576.jpg 768w\" sizes=\"auto, (max-width: 872px) 100vw, 872px\" \/><figcaption id=\"caption-attachment-27167\" class=\"wp-caption-text\">Foto: <a href=\"https:\/\/www.instagram.com\/andressaxavier\/\" target=\"_blank\" rel=\"noopener noreferrer\">Andressa Xavier Pellanda<\/a><\/figcaption><\/figure>\n<figure id=\"attachment_27168\" aria-describedby=\"caption-attachment-27168\" style=\"width: 872px\" class=\"wp-caption aligncenter\"><img loading=\"lazy\" decoding=\"async\" class=\"wp-image-27168 size-full\" src=\"https:\/\/quantocustaviajar.com\/blog\/wp-content\/uploads\/2018\/09\/descendo-a-serra-do-rio-do-rastro-5.jpg\" alt=\"\" width=\"872\" height=\"654\" srcset=\"https:\/\/quantocustaviajar.com\/blog\/wp-content\/uploads\/2018\/09\/descendo-a-serra-do-rio-do-rastro-5.jpg 872w, https:\/\/quantocustaviajar.com\/blog\/wp-content\/uploads\/2018\/09\/descendo-a-serra-do-rio-do-rastro-5-300x225.jpg 300w, https:\/\/quantocustaviajar.com\/blog\/wp-content\/uploads\/2018\/09\/descendo-a-serra-do-rio-do-rastro-5-768x576.jpg 768w\" sizes=\"auto, (max-width: 872px) 100vw, 872px\" \/><figcaption id=\"caption-attachment-27168\" class=\"wp-caption-text\">Ao longo da serra, voc\u00ea encontra espa\u00e7os seguros para parar seu carro. Foto: <a href=\"https:\/\/www.instagram.com\/andressaxavier\/\" target=\"_blank\" rel=\"noopener noreferrer\">Andressa Xavier Pellanda<\/a><\/figcaption><\/figure>\n<p>V\u00e1 curtindo o visual porque o cen\u00e1rio \u00e9 espetacular &lt;3<\/p>\n<p>Terminando a serra, seguimos para Lauro Muller com uma pausa na\u00a0<strong>Cervejaria Lohn Bier<\/strong>,\u00a0inaugurada em 2014 que surgiu como um hobby da fam\u00edlia. No local, voc\u00ea encontra um pub para saborear os\u00a0diferentes tipos de cervejas e ainda conhecer o processo de produ\u00e7\u00e3o da f\u00e1brica por meio de visitas guiadas.<\/p>\n<figure id=\"attachment_27166\" aria-describedby=\"caption-attachment-27166\" style=\"width: 1000px\" class=\"wp-caption aligncenter\"><img loading=\"lazy\" decoding=\"async\" class=\"size-full wp-image-27166\" src=\"https:\/\/quantocustaviajar.com\/blog\/wp-content\/uploads\/2018\/09\/cervejaria-lohn.jpg\" alt=\"\" width=\"1000\" height=\"667\" srcset=\"https:\/\/quantocustaviajar.com\/blog\/wp-content\/uploads\/2018\/09\/cervejaria-lohn.jpg 1000w, https:\/\/quantocustaviajar.com\/blog\/wp-content\/uploads\/2018\/09\/cervejaria-lohn-300x200.jpg 300w, https:\/\/quantocustaviajar.com\/blog\/wp-content\/uploads\/2018\/09\/cervejaria-lohn-768x512.jpg 768w\" sizes=\"auto, (max-width: 1000px) 100vw, 1000px\" \/><figcaption id=\"caption-attachment-27166\" class=\"wp-caption-text\">Foto: <a href=\"https:\/\/www.lohnbier.com.br\/pt#empresa\" target=\"_blank\" rel=\"noopener noreferrer\">Cervejaria Lohn Bier<\/a><\/figcaption><\/figure>\n<p><strong>Importante<\/strong>: se beber, n\u00e3o dirija! Defina algu\u00e9m para ser o motorista da vez, combinado?<\/p>\n<p>Os hor\u00e1rios de funcionamento da cervejaria s\u00e3o:<\/p>\n<ul>\n<li>Quarta, quinta e sexta: das 19h \u00e0s 00h.<br \/>\nS\u00e1bado: das 9h \u00e0s 00h.<br \/>\nDomingo: das 10h \u00e0s 19h.<\/li>\n<\/ul>\n<blockquote><p><a href=\"https:\/\/quantocustaviajar.com\/blog\/canion-da-boa-vista-rio-grande-do-sul\/\" target=\"_blank\" rel=\"noopener noreferrer\"><strong>C\u00e2nion da Boa Vista oferece vistas deslumbrantes\u00a0 no Rio Grande do Sul<\/strong><\/a><\/p><\/blockquote>\n<p>Ap\u00f3s essa pausa estrat\u00e9gica, seguimos viagem para subir a <strong>Serra do Corvo Branco<\/strong>, particularmente, a minha favorita \u2014 acredito que pela emo\u00e7\u00e3o de passar por ela!<\/p>\n<p>O caminho at\u00e9 a serra passou pelos munic\u00edpio de Gr\u00e3o-Para e Aiuer\u00ea e deixamos para ir nesse hor\u00e1rio para pegar o p\u00f4r-do-sol l\u00e1 de cima ;)<\/p>\n<p>A Serra do Corvo Branco tem algumas peculiaridades:<\/p>\n<ul>\n<li>Ela \u00e9 toda de estrada de terra.<\/li>\n<li>Possui trechos com inclina\u00e7\u00f5es pesadas.<\/li>\n<li>Se chover, somente carros com tra\u00e7\u00e3o 4&#215;4 conseguem subir com seguran\u00e7a.<\/li>\n<li>Boa parte da serra n\u00e3o possui guard rail ou mureta de prote\u00e7\u00e3o *-*<\/li>\n<li>A altitude da serra \u00e9 de 1.470 metros.<\/li>\n<li>A rocha no final da Serra do Corvo Branco possui um corte de 90 metros de altura.<\/li>\n<\/ul>\n<figure id=\"attachment_27172\" aria-describedby=\"caption-attachment-27172\" style=\"width: 872px\" class=\"wp-caption aligncenter\"><img loading=\"lazy\" decoding=\"async\" class=\"size-full wp-image-27172\" src=\"https:\/\/quantocustaviajar.com\/blog\/wp-content\/uploads\/2018\/09\/serra-do-corvo-branco-1.jpg\" alt=\"\" width=\"872\" height=\"654\" srcset=\"https:\/\/quantocustaviajar.com\/blog\/wp-content\/uploads\/2018\/09\/serra-do-corvo-branco-1.jpg 872w, https:\/\/quantocustaviajar.com\/blog\/wp-content\/uploads\/2018\/09\/serra-do-corvo-branco-1-300x225.jpg 300w, https:\/\/quantocustaviajar.com\/blog\/wp-content\/uploads\/2018\/09\/serra-do-corvo-branco-1-768x576.jpg 768w\" sizes=\"auto, (max-width: 872px) 100vw, 872px\" \/><figcaption id=\"caption-attachment-27172\" class=\"wp-caption-text\">Entradinhas de madeira. Foto: <a href=\"https:\/\/www.instagram.com\/andressaxavier\/\" target=\"_blank\" rel=\"noopener noreferrer\">Andressa Xavier Pellanda<\/a><\/figcaption><\/figure>\n<figure id=\"attachment_27169\" aria-describedby=\"caption-attachment-27169\" style=\"width: 872px\" class=\"wp-caption aligncenter\"><img loading=\"lazy\" decoding=\"async\" class=\"size-full wp-image-27169\" src=\"https:\/\/quantocustaviajar.com\/blog\/wp-content\/uploads\/2018\/09\/serra-do-corvo-branco-melissa-2.jpg\" alt=\"\" width=\"872\" height=\"654\" srcset=\"https:\/\/quantocustaviajar.com\/blog\/wp-content\/uploads\/2018\/09\/serra-do-corvo-branco-melissa-2.jpg 872w, https:\/\/quantocustaviajar.com\/blog\/wp-content\/uploads\/2018\/09\/serra-do-corvo-branco-melissa-2-300x225.jpg 300w, https:\/\/quantocustaviajar.com\/blog\/wp-content\/uploads\/2018\/09\/serra-do-corvo-branco-melissa-2-768x576.jpg 768w\" sizes=\"auto, (max-width: 872px) 100vw, 872px\" \/><figcaption id=\"caption-attachment-27169\" class=\"wp-caption-text\">Visual antes de subir a Serra do Corvo Branco. Foto: Melissa Oliveira<\/figcaption><\/figure>\n<figure id=\"attachment_27170\" aria-describedby=\"caption-attachment-27170\" style=\"width: 1163px\" class=\"wp-caption aligncenter\"><img loading=\"lazy\" decoding=\"async\" class=\"size-full wp-image-27170\" src=\"https:\/\/quantocustaviajar.com\/blog\/wp-content\/uploads\/2018\/09\/serra-do-corvo-branco-mabel.jpg\" alt=\"\" width=\"1163\" height=\"654\" srcset=\"https:\/\/quantocustaviajar.com\/blog\/wp-content\/uploads\/2018\/09\/serra-do-corvo-branco-mabel.jpg 1163w, https:\/\/quantocustaviajar.com\/blog\/wp-content\/uploads\/2018\/09\/serra-do-corvo-branco-mabel-300x169.jpg 300w, https:\/\/quantocustaviajar.com\/blog\/wp-content\/uploads\/2018\/09\/serra-do-corvo-branco-mabel-768x432.jpg 768w, https:\/\/quantocustaviajar.com\/blog\/wp-content\/uploads\/2018\/09\/serra-do-corvo-branco-mabel-1024x576.jpg 1024w\" sizes=\"auto, (max-width: 1163px) 100vw, 1163px\" \/><figcaption id=\"caption-attachment-27170\" class=\"wp-caption-text\">Come\u00e7ando a brincadeira. Foto: Mabel Pereira S. Brischke<\/figcaption><\/figure>\n<figure id=\"attachment_27171\" aria-describedby=\"caption-attachment-27171\" style=\"width: 872px\" class=\"wp-caption aligncenter\"><img loading=\"lazy\" decoding=\"async\" class=\"size-full wp-image-27171\" src=\"https:\/\/quantocustaviajar.com\/blog\/wp-content\/uploads\/2018\/09\/serra-do-corvo-branco-luiz-henrique.jpg\" alt=\"\" width=\"872\" height=\"654\" srcset=\"https:\/\/quantocustaviajar.com\/blog\/wp-content\/uploads\/2018\/09\/serra-do-corvo-branco-luiz-henrique.jpg 872w, https:\/\/quantocustaviajar.com\/blog\/wp-content\/uploads\/2018\/09\/serra-do-corvo-branco-luiz-henrique-300x225.jpg 300w, https:\/\/quantocustaviajar.com\/blog\/wp-content\/uploads\/2018\/09\/serra-do-corvo-branco-luiz-henrique-768x576.jpg 768w\" sizes=\"auto, (max-width: 872px) 100vw, 872px\" \/><figcaption id=\"caption-attachment-27171\" class=\"wp-caption-text\">N\u00e3o tem guard rail em alguns trechos. Foto: Luiz Henrique<\/figcaption><\/figure>\n<figure id=\"attachment_27173\" aria-describedby=\"caption-attachment-27173\" style=\"width: 872px\" class=\"wp-caption aligncenter\"><img loading=\"lazy\" decoding=\"async\" class=\"size-full wp-image-27173\" src=\"https:\/\/quantocustaviajar.com\/blog\/wp-content\/uploads\/2018\/09\/serra-do-corvo-branco-2.jpg\" alt=\"\" width=\"872\" height=\"654\" srcset=\"https:\/\/quantocustaviajar.com\/blog\/wp-content\/uploads\/2018\/09\/serra-do-corvo-branco-2.jpg 872w, https:\/\/quantocustaviajar.com\/blog\/wp-content\/uploads\/2018\/09\/serra-do-corvo-branco-2-300x225.jpg 300w, https:\/\/quantocustaviajar.com\/blog\/wp-content\/uploads\/2018\/09\/serra-do-corvo-branco-2-768x576.jpg 768w\" sizes=\"auto, (max-width: 872px) 100vw, 872px\" \/><figcaption id=\"caption-attachment-27173\" class=\"wp-caption-text\">Em alguns pontos, um carro espera o outro para passar! Foto: <a href=\"https:\/\/www.instagram.com\/andressaxavier\/\" target=\"_blank\" rel=\"noopener noreferrer\">Andressa Xavier Pellanda<\/a><\/figcaption><\/figure>\n<figure id=\"attachment_27174\" aria-describedby=\"caption-attachment-27174\" style=\"width: 872px\" class=\"wp-caption aligncenter\"><img loading=\"lazy\" decoding=\"async\" class=\"size-full wp-image-27174\" src=\"https:\/\/quantocustaviajar.com\/blog\/wp-content\/uploads\/2018\/09\/serra-do-corvo-branco-3.jpg\" alt=\"\" width=\"872\" height=\"654\" srcset=\"https:\/\/quantocustaviajar.com\/blog\/wp-content\/uploads\/2018\/09\/serra-do-corvo-branco-3.jpg 872w, https:\/\/quantocustaviajar.com\/blog\/wp-content\/uploads\/2018\/09\/serra-do-corvo-branco-3-300x225.jpg 300w, https:\/\/quantocustaviajar.com\/blog\/wp-content\/uploads\/2018\/09\/serra-do-corvo-branco-3-768x576.jpg 768w\" sizes=\"auto, (max-width: 872px) 100vw, 872px\" \/><figcaption id=\"caption-attachment-27174\" class=\"wp-caption-text\">Vai levantar poeira. Foto: <a href=\"https:\/\/www.instagram.com\/andressaxavier\/\" target=\"_blank\" rel=\"noopener noreferrer\">Andressa Xavier Pellanda<\/a><\/figcaption><\/figure>\n<p>Como comentei anteriormente, a ideia era ver o p\u00f4r-do-sol l\u00e1 de cima.<\/p>\n<p>BICHO, pega esse c\u00e9u sem filtro &lt;3 e me diga se n\u00e3o \u00e9 de se arrepiar:<\/p>\n<figure id=\"attachment_27176\" aria-describedby=\"caption-attachment-27176\" style=\"width: 1080px\" class=\"wp-caption aligncenter\"><img loading=\"lazy\" decoding=\"async\" class=\"size-full wp-image-27176\" src=\"https:\/\/quantocustaviajar.com\/blog\/wp-content\/uploads\/2018\/09\/serra-do-corvo-branco-3-1.jpg\" alt=\"\" width=\"1080\" height=\"810\" srcset=\"https:\/\/quantocustaviajar.com\/blog\/wp-content\/uploads\/2018\/09\/serra-do-corvo-branco-3-1.jpg 1080w, https:\/\/quantocustaviajar.com\/blog\/wp-content\/uploads\/2018\/09\/serra-do-corvo-branco-3-1-300x225.jpg 300w, https:\/\/quantocustaviajar.com\/blog\/wp-content\/uploads\/2018\/09\/serra-do-corvo-branco-3-1-768x576.jpg 768w, https:\/\/quantocustaviajar.com\/blog\/wp-content\/uploads\/2018\/09\/serra-do-corvo-branco-3-1-1024x768.jpg 1024w\" sizes=\"auto, (max-width: 1080px) 100vw, 1080px\" \/><figcaption id=\"caption-attachment-27176\" class=\"wp-caption-text\">&lt;3 Foto: <a href=\"https:\/\/www.instagram.com\/andressaxavier\/\" target=\"_blank\" rel=\"noopener noreferrer\">Andressa Xavier Pellanda<\/a><\/figcaption><\/figure>\n<figure id=\"attachment_27177\" aria-describedby=\"caption-attachment-27177\" style=\"width: 872px\" class=\"wp-caption aligncenter\"><img loading=\"lazy\" decoding=\"async\" class=\"size-full wp-image-27177\" src=\"https:\/\/quantocustaviajar.com\/blog\/wp-content\/uploads\/2018\/09\/serra-do-corvo-branco-4.jpg\" alt=\"\" width=\"872\" height=\"654\" srcset=\"https:\/\/quantocustaviajar.com\/blog\/wp-content\/uploads\/2018\/09\/serra-do-corvo-branco-4.jpg 872w, https:\/\/quantocustaviajar.com\/blog\/wp-content\/uploads\/2018\/09\/serra-do-corvo-branco-4-300x225.jpg 300w, https:\/\/quantocustaviajar.com\/blog\/wp-content\/uploads\/2018\/09\/serra-do-corvo-branco-4-768x576.jpg 768w\" sizes=\"auto, (max-width: 872px) 100vw, 872px\" \/><figcaption id=\"caption-attachment-27177\" class=\"wp-caption-text\">A rocha foi cortada para abrir a estrada. O pared\u00e3o tem 90 metros de altura. Foto: <a href=\"https:\/\/www.instagram.com\/andressaxavier\/\" target=\"_blank\" rel=\"noopener noreferrer\">Andressa Xavier Pellanda<\/a><\/figcaption><\/figure>\n<figure id=\"attachment_27178\" aria-describedby=\"caption-attachment-27178\" style=\"width: 872px\" class=\"wp-caption aligncenter\"><img loading=\"lazy\" decoding=\"async\" class=\"size-full wp-image-27178\" src=\"https:\/\/quantocustaviajar.com\/blog\/wp-content\/uploads\/2018\/09\/serra-do-corvo-branco-5.jpg\" alt=\"\" width=\"872\" height=\"654\" srcset=\"https:\/\/quantocustaviajar.com\/blog\/wp-content\/uploads\/2018\/09\/serra-do-corvo-branco-5.jpg 872w, https:\/\/quantocustaviajar.com\/blog\/wp-content\/uploads\/2018\/09\/serra-do-corvo-branco-5-300x225.jpg 300w, https:\/\/quantocustaviajar.com\/blog\/wp-content\/uploads\/2018\/09\/serra-do-corvo-branco-5-768x576.jpg 768w\" sizes=\"auto, (max-width: 872px) 100vw, 872px\" \/><figcaption id=\"caption-attachment-27178\" class=\"wp-caption-text\">Sendo fofinhos. Foto: <a href=\"https:\/\/www.instagram.com\/andressaxavier\/\" target=\"_blank\" rel=\"noopener noreferrer\">Andressa Xavier Pellanda<\/a><\/figcaption><\/figure>\n<p>S\u00f3 de rever as fotos, eu fico sem palavras de t\u00e3o surreal que \u00e9 ver esse pared\u00e3o e essa serra ao vivo!<\/p>\n<p>Entramos no carro e voltamos para a pousada praticamente em sil\u00eancio, ainda digerindo toda a beleza que acabamos de ver.<\/p>\n<blockquote><p><a href=\"https:\/\/quantocustaviajar.com\/blog\/picos-e-montanhas-no-brasil\/\" target=\"_blank\" rel=\"noopener noreferrer\"><strong>15 picos e montanhas no Brasil para visitar na sua pr\u00f3xima aventura<\/strong><\/a><\/p><\/blockquote>\n<h3><span class=\"ez-toc-section\" id=\"Dia_3_tranquilidade_e_lindas_vistas\"><\/span>Dia 3: tranquilidade e lindas vistas<span class=\"ez-toc-section-end\"><\/span><\/h3>\n<p>O terceiro e \u00faltimo dia de viagem ainda reserva bastante coisa bonita para se ver.<\/p>\n<p>Come\u00e7amos o dia indo at\u00e9 a <strong>Gruta Nossa Senhora de Lourdes<\/strong>, um passeio mais tranquilo para um momento mais de medita\u00e7\u00e3o.<\/p>\n<figure id=\"attachment_27180\" aria-describedby=\"caption-attachment-27180\" style=\"width: 872px\" class=\"wp-caption aligncenter\"><img loading=\"lazy\" decoding=\"async\" class=\"size-full wp-image-27180\" src=\"https:\/\/quantocustaviajar.com\/blog\/wp-content\/uploads\/2018\/09\/gruta-nossa-senhora-de-lourdes-1.jpg\" alt=\"\" width=\"872\" height=\"654\" srcset=\"https:\/\/quantocustaviajar.com\/blog\/wp-content\/uploads\/2018\/09\/gruta-nossa-senhora-de-lourdes-1.jpg 872w, https:\/\/quantocustaviajar.com\/blog\/wp-content\/uploads\/2018\/09\/gruta-nossa-senhora-de-lourdes-1-300x225.jpg 300w, https:\/\/quantocustaviajar.com\/blog\/wp-content\/uploads\/2018\/09\/gruta-nossa-senhora-de-lourdes-1-768x576.jpg 768w\" sizes=\"auto, (max-width: 872px) 100vw, 872px\" \/><figcaption id=\"caption-attachment-27180\" class=\"wp-caption-text\">Espa\u00e7o para fazer suas ora\u00e7\u00f5es. Foto: <a href=\"https:\/\/www.instagram.com\/andressaxavier\/\" target=\"_blank\" rel=\"noopener noreferrer\">Andressa Xavier Pellanda<\/a><\/figcaption><\/figure>\n<figure id=\"attachment_27181\" aria-describedby=\"caption-attachment-27181\" style=\"width: 872px\" class=\"wp-caption aligncenter\"><img loading=\"lazy\" decoding=\"async\" class=\"size-full wp-image-27181\" src=\"https:\/\/quantocustaviajar.com\/blog\/wp-content\/uploads\/2018\/09\/gruta-nossa-senhora-de-lourdes-2.jpg\" alt=\"\" width=\"872\" height=\"654\" srcset=\"https:\/\/quantocustaviajar.com\/blog\/wp-content\/uploads\/2018\/09\/gruta-nossa-senhora-de-lourdes-2.jpg 872w, https:\/\/quantocustaviajar.com\/blog\/wp-content\/uploads\/2018\/09\/gruta-nossa-senhora-de-lourdes-2-300x225.jpg 300w, https:\/\/quantocustaviajar.com\/blog\/wp-content\/uploads\/2018\/09\/gruta-nossa-senhora-de-lourdes-2-768x576.jpg 768w\" sizes=\"auto, (max-width: 872px) 100vw, 872px\" \/><figcaption id=\"caption-attachment-27181\" class=\"wp-caption-text\">Tem uma pequena cachoeira para deixar tudo mais belo. Foto: <a href=\"https:\/\/www.instagram.com\/andressaxavier\/\" target=\"_blank\" rel=\"noopener noreferrer\">Andressa Xavier Pellanda<\/a><\/figcaption><\/figure>\n<p>Saindo da Gruta, seguimos para o <strong>Morro da Igreja<\/strong>, de onde tamb\u00e9m podemos ver a <strong>Pedra Furada<\/strong>.\u00a0A altitude do Morro da Igreja \u00e9 de 1.822 metros e o CINDACTA (Centro Integrado de Defesa A\u00e9rea e Controle de Tr\u00e1fego A\u00e9reo) de Santa Catarina fica l\u00e1 em cima.<\/p>\n<p>O Morro da Igreja est\u00e1 fechado para obras do ex\u00e9rcito. Por\u00e9m, tivemos sorte de no feriado de 7 setembro, quando estivemos em Urubici, a passagem estar aberta!<\/p>\n<p>Para 2018, o Morro da Igreja estar\u00e1 aberto somente no feriado de 12 de outubro. Depois dessa data, a previs\u00e3o de reabertura \u00e9 somente 2019.<\/p>\n<p>Para os carros e motos subirem at\u00e9 l\u00e1, \u00e9 necess\u00e1rio solicitar uma autoriza\u00e7\u00e3o pr\u00e9via junto ao escrit\u00f3rio do ICMBIO, em Urubuci. Se voc\u00ea der sorte e puder visitar o local, recomendo levar uma blusa mesmo que tenha sol em Urubici, isso porque l\u00e1 em cima bate um ventinho gelado.<\/p>\n<figure id=\"attachment_27185\" aria-describedby=\"caption-attachment-27185\" style=\"width: 1024px\" class=\"wp-caption aligncenter\"><img loading=\"lazy\" decoding=\"async\" class=\"size-full wp-image-27185\" src=\"https:\/\/quantocustaviajar.com\/blog\/wp-content\/uploads\/2018\/09\/autorizacao-para-morro-da-igreja.jpeg\" alt=\"\" width=\"1024\" height=\"768\" srcset=\"https:\/\/quantocustaviajar.com\/blog\/wp-content\/uploads\/2018\/09\/autorizacao-para-morro-da-igreja.jpeg 1024w, https:\/\/quantocustaviajar.com\/blog\/wp-content\/uploads\/2018\/09\/autorizacao-para-morro-da-igreja-300x225.jpeg 300w, https:\/\/quantocustaviajar.com\/blog\/wp-content\/uploads\/2018\/09\/autorizacao-para-morro-da-igreja-768x576.jpeg 768w\" sizes=\"auto, (max-width: 1024px) 100vw, 1024px\" \/><figcaption id=\"caption-attachment-27185\" class=\"wp-caption-text\">Autoriza\u00e7\u00e3o do ICMBIO para subir. Foto: <a href=\"https:\/\/www.instagram.com\/andressaxavier\/\" target=\"_blank\" rel=\"noopener noreferrer\">Andressa Xavier Pellanda<\/a><\/figcaption><\/figure>\n<figure id=\"attachment_27186\" aria-describedby=\"caption-attachment-27186\" style=\"width: 872px\" class=\"wp-caption aligncenter\"><img loading=\"lazy\" decoding=\"async\" class=\"size-full wp-image-27186\" src=\"https:\/\/quantocustaviajar.com\/blog\/wp-content\/uploads\/2018\/09\/morro-da-igreja-2.jpg\" alt=\"\" width=\"872\" height=\"654\" srcset=\"https:\/\/quantocustaviajar.com\/blog\/wp-content\/uploads\/2018\/09\/morro-da-igreja-2.jpg 872w, https:\/\/quantocustaviajar.com\/blog\/wp-content\/uploads\/2018\/09\/morro-da-igreja-2-300x225.jpg 300w, https:\/\/quantocustaviajar.com\/blog\/wp-content\/uploads\/2018\/09\/morro-da-igreja-2-768x576.jpg 768w\" sizes=\"auto, (max-width: 872px) 100vw, 872px\" \/><figcaption id=\"caption-attachment-27186\" class=\"wp-caption-text\">Estrada militar. Foto: <a href=\"https:\/\/www.instagram.com\/andressaxavier\/\" target=\"_blank\" rel=\"noopener noreferrer\">Andressa Xavier Pellanda<\/a><\/figcaption><\/figure>\n<figure id=\"attachment_27187\" aria-describedby=\"caption-attachment-27187\" style=\"width: 872px\" class=\"wp-caption aligncenter\"><img loading=\"lazy\" decoding=\"async\" class=\"size-full wp-image-27187\" src=\"https:\/\/quantocustaviajar.com\/blog\/wp-content\/uploads\/2018\/09\/morro-da-igreja-4.jpg\" alt=\"\" width=\"872\" height=\"654\" srcset=\"https:\/\/quantocustaviajar.com\/blog\/wp-content\/uploads\/2018\/09\/morro-da-igreja-4.jpg 872w, https:\/\/quantocustaviajar.com\/blog\/wp-content\/uploads\/2018\/09\/morro-da-igreja-4-300x225.jpg 300w, https:\/\/quantocustaviajar.com\/blog\/wp-content\/uploads\/2018\/09\/morro-da-igreja-4-768x576.jpg 768w\" sizes=\"auto, (max-width: 872px) 100vw, 872px\" \/><figcaption id=\"caption-attachment-27187\" class=\"wp-caption-text\">A vista l\u00e1 do Morro da Igreja. Foto: <a href=\"https:\/\/www.instagram.com\/andressaxavier\/\" target=\"_blank\" rel=\"noopener noreferrer\">Andressa Xavier Pellanda<\/a><\/figcaption><\/figure>\n<figure id=\"attachment_27188\" aria-describedby=\"caption-attachment-27188\" style=\"width: 872px\" class=\"wp-caption aligncenter\"><img loading=\"lazy\" decoding=\"async\" class=\"size-full wp-image-27188\" src=\"https:\/\/quantocustaviajar.com\/blog\/wp-content\/uploads\/2018\/09\/morro-da-igreja-5.jpg\" alt=\"\" width=\"872\" height=\"654\" srcset=\"https:\/\/quantocustaviajar.com\/blog\/wp-content\/uploads\/2018\/09\/morro-da-igreja-5.jpg 872w, https:\/\/quantocustaviajar.com\/blog\/wp-content\/uploads\/2018\/09\/morro-da-igreja-5-300x225.jpg 300w, https:\/\/quantocustaviajar.com\/blog\/wp-content\/uploads\/2018\/09\/morro-da-igreja-5-768x576.jpg 768w\" sizes=\"auto, (max-width: 872px) 100vw, 872px\" \/><figcaption id=\"caption-attachment-27188\" class=\"wp-caption-text\">Vista para os c\u00e2nions. Foto: <a href=\"https:\/\/www.instagram.com\/andressaxavier\/\" target=\"_blank\" rel=\"noopener noreferrer\">Andressa Xavier Pellanda<\/a><\/figcaption><\/figure>\n<figure id=\"attachment_27189\" aria-describedby=\"caption-attachment-27189\" style=\"width: 1080px\" class=\"wp-caption aligncenter\"><img loading=\"lazy\" decoding=\"async\" class=\"size-full wp-image-27189\" src=\"https:\/\/quantocustaviajar.com\/blog\/wp-content\/uploads\/2018\/09\/morro-da-igreja-6.jpg\" alt=\"\" width=\"1080\" height=\"810\" srcset=\"https:\/\/quantocustaviajar.com\/blog\/wp-content\/uploads\/2018\/09\/morro-da-igreja-6.jpg 1080w, https:\/\/quantocustaviajar.com\/blog\/wp-content\/uploads\/2018\/09\/morro-da-igreja-6-300x225.jpg 300w, https:\/\/quantocustaviajar.com\/blog\/wp-content\/uploads\/2018\/09\/morro-da-igreja-6-768x576.jpg 768w, https:\/\/quantocustaviajar.com\/blog\/wp-content\/uploads\/2018\/09\/morro-da-igreja-6-1024x768.jpg 1024w\" sizes=\"auto, (max-width: 1080px) 100vw, 1080px\" \/><figcaption id=\"caption-attachment-27189\" class=\"wp-caption-text\">Ao fundo, a famosa Pedra Furada. Foto: <a href=\"https:\/\/www.instagram.com\/andressaxavier\/\" target=\"_blank\" rel=\"noopener noreferrer\">Andressa Xavier Pellanda<\/a><\/figcaption><\/figure>\n<figure id=\"attachment_27190\" aria-describedby=\"caption-attachment-27190\" style=\"width: 1080px\" class=\"wp-caption aligncenter\"><img loading=\"lazy\" decoding=\"async\" class=\"size-full wp-image-27190\" src=\"https:\/\/quantocustaviajar.com\/blog\/wp-content\/uploads\/2018\/09\/pedra-furada.jpg\" alt=\"\" width=\"1080\" height=\"810\" srcset=\"https:\/\/quantocustaviajar.com\/blog\/wp-content\/uploads\/2018\/09\/pedra-furada.jpg 1080w, https:\/\/quantocustaviajar.com\/blog\/wp-content\/uploads\/2018\/09\/pedra-furada-300x225.jpg 300w, https:\/\/quantocustaviajar.com\/blog\/wp-content\/uploads\/2018\/09\/pedra-furada-768x576.jpg 768w, https:\/\/quantocustaviajar.com\/blog\/wp-content\/uploads\/2018\/09\/pedra-furada-1024x768.jpg 1024w\" sizes=\"auto, (max-width: 1080px) 100vw, 1080px\" \/><figcaption id=\"caption-attachment-27190\" class=\"wp-caption-text\">Ela tem um furo, mesmo, gente! Foto: <a href=\"https:\/\/www.instagram.com\/andressaxavier\/\" target=\"_blank\" rel=\"noopener noreferrer\">Andressa Xavier Pellanda<\/a><\/figcaption><\/figure>\n<figure id=\"attachment_27192\" aria-describedby=\"caption-attachment-27192\" style=\"width: 1163px\" class=\"wp-caption aligncenter\"><img loading=\"lazy\" decoding=\"async\" class=\"size-full wp-image-27192\" src=\"https:\/\/quantocustaviajar.com\/blog\/wp-content\/uploads\/2018\/09\/morro-da-igreja-cristiane.jpg\" alt=\"\" width=\"1163\" height=\"654\" srcset=\"https:\/\/quantocustaviajar.com\/blog\/wp-content\/uploads\/2018\/09\/morro-da-igreja-cristiane.jpg 1163w, https:\/\/quantocustaviajar.com\/blog\/wp-content\/uploads\/2018\/09\/morro-da-igreja-cristiane-300x169.jpg 300w, https:\/\/quantocustaviajar.com\/blog\/wp-content\/uploads\/2018\/09\/morro-da-igreja-cristiane-768x432.jpg 768w, https:\/\/quantocustaviajar.com\/blog\/wp-content\/uploads\/2018\/09\/morro-da-igreja-cristiane-1024x576.jpg 1024w\" sizes=\"auto, (max-width: 1163px) 100vw, 1163px\" \/><figcaption id=\"caption-attachment-27192\" class=\"wp-caption-text\">Foto: Cristiane Bonarde<\/figcaption><\/figure>\n<p>Aos p\u00e9s do Morro da Igreja, voc\u00ea tamb\u00e9m encontra a entrada para a <strong>Cachoeira V\u00e9u da Noiva<\/strong>. A entrada no local custa R$ 10.<\/p>\n<p>Caso a estrada que leva os turistas ao Morro da Igreja esteja fechada, voc\u00ea pode admirar a cachoeira!<\/p>\n<figure id=\"attachment_27184\" aria-describedby=\"caption-attachment-27184\" style=\"width: 1024px\" class=\"wp-caption aligncenter\"><img loading=\"lazy\" decoding=\"async\" class=\"size-full wp-image-27184\" src=\"https:\/\/quantocustaviajar.com\/blog\/wp-content\/uploads\/2018\/09\/placa-cachoeira-veu-da-noiva.jpeg\" alt=\"\" width=\"1024\" height=\"768\" srcset=\"https:\/\/quantocustaviajar.com\/blog\/wp-content\/uploads\/2018\/09\/placa-cachoeira-veu-da-noiva.jpeg 1024w, https:\/\/quantocustaviajar.com\/blog\/wp-content\/uploads\/2018\/09\/placa-cachoeira-veu-da-noiva-300x225.jpeg 300w, https:\/\/quantocustaviajar.com\/blog\/wp-content\/uploads\/2018\/09\/placa-cachoeira-veu-da-noiva-768x576.jpeg 768w\" sizes=\"auto, (max-width: 1024px) 100vw, 1024px\" \/><figcaption id=\"caption-attachment-27184\" class=\"wp-caption-text\">Morro da Igreja e V\u00e9u da Noiva: tudo pertinho. Foto: <a href=\"https:\/\/www.instagram.com\/andressaxavier\/\" target=\"_blank\" rel=\"noopener noreferrer\">Andressa Xavier Pellanda<\/a><\/figcaption><\/figure>\n<figure id=\"attachment_27183\" aria-describedby=\"caption-attachment-27183\" style=\"width: 800px\" class=\"wp-caption aligncenter\"><img loading=\"lazy\" decoding=\"async\" class=\"size-full wp-image-27183\" src=\"https:\/\/quantocustaviajar.com\/blog\/wp-content\/uploads\/2018\/09\/cachoeira-veu-da-noiva-santa-catarina-1.jpg\" alt=\"\" width=\"800\" height=\"1422\" srcset=\"https:\/\/quantocustaviajar.com\/blog\/wp-content\/uploads\/2018\/09\/cachoeira-veu-da-noiva-santa-catarina-1.jpg 800w, https:\/\/quantocustaviajar.com\/blog\/wp-content\/uploads\/2018\/09\/cachoeira-veu-da-noiva-santa-catarina-1-169x300.jpg 169w, https:\/\/quantocustaviajar.com\/blog\/wp-content\/uploads\/2018\/09\/cachoeira-veu-da-noiva-santa-catarina-1-768x1365.jpg 768w, https:\/\/quantocustaviajar.com\/blog\/wp-content\/uploads\/2018\/09\/cachoeira-veu-da-noiva-santa-catarina-1-576x1024.jpg 576w\" sizes=\"auto, (max-width: 800px) 100vw, 800px\" \/><figcaption id=\"caption-attachment-27183\" class=\"wp-caption-text\">A Cachoeira V\u00e9u da Noiva. Foto: Mabel Pereira S. Brischke<\/figcaption><\/figure>\n<p>Ap\u00f3s o passeio, foi s\u00f3 almo\u00e7ar e pegar a estrada para retornar para Curitiba.<\/p>\n<p>Esses 3 dias renderam bem em Urubici! Como fomos em setembro, foi uma pena n\u00e3o pegar neve. Mas quem sabe eu volto l\u00e1 ano que vem e conto como foi essa nova experi\u00eancia gelada em Urubici!<\/p>\n<h2><span class=\"ez-toc-section\" id=\"Onde_se_hospedar_em_Urubici\"><\/span>Onde se hospedar em Urubici<span class=\"ez-toc-section-end\"><\/span><\/h2>\n<figure id=\"attachment_27195\" aria-describedby=\"caption-attachment-27195\" style=\"width: 1024px\" class=\"wp-caption aligncenter\"><img loading=\"lazy\" decoding=\"async\" class=\"size-full wp-image-27195\" src=\"https:\/\/quantocustaviajar.com\/blog\/wp-content\/uploads\/2018\/09\/hospedagem-rural-nossa-senhora-das-gra\u00e7as.jpeg\" alt=\"\" width=\"1024\" height=\"768\" srcset=\"https:\/\/quantocustaviajar.com\/blog\/wp-content\/uploads\/2018\/09\/hospedagem-rural-nossa-senhora-das-gra\u00e7as.jpeg 1024w, https:\/\/quantocustaviajar.com\/blog\/wp-content\/uploads\/2018\/09\/hospedagem-rural-nossa-senhora-das-gra\u00e7as-300x225.jpeg 300w, https:\/\/quantocustaviajar.com\/blog\/wp-content\/uploads\/2018\/09\/hospedagem-rural-nossa-senhora-das-gra\u00e7as-768x576.jpeg 768w\" sizes=\"auto, (max-width: 1024px) 100vw, 1024px\" \/><figcaption id=\"caption-attachment-27195\" class=\"wp-caption-text\">Camping, cabanas ou su\u00edtes na Hospedagem Rural Nossa Senhora das Gra\u00e7as. Foto: <a href=\"https:\/\/www.instagram.com\/andressaxavier\/\" target=\"_blank\" rel=\"noopener noreferrer\">Andressa Xavier Pellanda<\/a><\/figcaption><\/figure>\n<p>Urubici \u00e9 uma cidade rodeada por boas op\u00e7\u00f5es para se hospedar. Durante a minha viagem, fiquei na <a href=\"https:\/\/www.booking.com\/hotel\/br\/hospedagem-nossa-senhora-das-gracas.pt-br.html?aid=2161834\" target=\"_blank\" rel=\"noopener noreferrer\"><strong>Hospedagem Rural Nossa Senhora das Gra\u00e7as<\/strong><\/a>. Local simples que oferece espa\u00e7o para camping e tamb\u00e9m su\u00edtes e cabanas. O caf\u00e9 da manh\u00e3 \u00e9 DI-VI-NO (um beijo, Dona Ana!)!<\/p>\n<p>Outra op\u00e7\u00e3o excelente por l\u00e1 \u00e9 a <a href=\"https:\/\/www.booking.com\/hotel\/br\/serra-bela-hospedaria-rural.pt-br.html?aid=2161834\" target=\"_blank\" rel=\"noopener noreferrer\"><strong>Pousada Serra Bela<\/strong><\/a>, que tem at\u00e9 quartos com lareira perfeitos para os dias de frio em Urubici.<\/p>\n<p>Se as duas estiverem lotadas, voc\u00ea pode reservar no\u00a0<strong><a href=\"https:\/\/www.booking.com\/hotel\/br\/eco-pousada-invernador.pt-br.html?aid=2161834\" target=\"_blank\" rel=\"noopener noreferrer\">Eco Pousada Invernador\u00a0<\/a><\/strong>ou na <strong><a href=\"https:\/\/www.booking.com\/hotel\/br\/pousada-valle-do-avencal.pt-br.html?aid=2161834\" target=\"_blank\" rel=\"noopener noreferrer\">Pousada Valle do Avencal<\/a><\/strong>.<\/p>\n<p>Gostou da ideia de roteiro de 3 dias em Urubici? Voc\u00ea ainda pode incluir no seu passeio, caso tenha mais tempo, uma visita ao Morro do Campestre e no C\u00e2nion das Laranjeiras.<\/p>\n<p>Conte aqui nos coment\u00e1rios como foi sua viagem para Urubici, mas adorar saber a sua experi\u00eancia!<\/p>\n","protected":false},"excerpt":{"rendered":"<p>A Serra Catarinense \u00e9 um verdadeiro espet\u00e1culo! Dirigir pelas curvas da Serra do Rio do Rastro ou sentir aquele frio na barriga ao passar pela Serra do Corvo Branco s\u00e3o passeios inesquec\u00edveis. Se voc\u00ea tem vontade de conhecer essas maravilhas no Sul do Brasil, confira uma sugest\u00e3o de roteiro de 3 dias em Urubici para [&hellip;]<\/p>\n","protected":false},"author":11,"featured_media":27196,"comment_status":"open","ping_status":"open","sticky":false,"template":"","format":"standard","meta":{"cybocfi_hide_featured_image":"","footnotes":""},"categories":[1437,1434,646],"tags":[176,266,421,1705,634,273,111,187,532,1704,1703],"class_list":["post-27095","post","type-post","status-publish","format-standard","has-post-thumbnail","hentry","category-ao-ar-livre","category-descubra-brasil","category-nossas-experiencias","tag-america-do-sul","tag-brasil","tag-cachoeira","tag-cascata","tag-feriado","tag-frio","tag-natureza","tag-santa-catarina","tag-serra","tag-serra-catarinense","tag-urubici"],"blocksy_meta":[],"yoast_head":"<!-- This site is optimized with the Yoast SEO plugin v26.3 - https:\/\/yoast.com\/wordpress\/plugins\/seo\/ -->\n<title>Roteiro de 3 dias em Urubici: confira pontos principais e dicas<\/title>\n<meta name=\"description\" content=\"Roteiro de 3 dias em Urubici: descubra os principais pontos tur\u00edsticos de Urucibi, Serra do Rio do Rastro, Serra do Corvo Branco e muito mais.\" \/>\n<meta name=\"robots\" content=\"index, follow, max-snippet:-1, max-image-preview:large, max-video-preview:-1\" \/>\n<link rel=\"canonical\" href=\"https:\/\/quantocustaviajar.com\/blog\/roteiro-de-3-dias-em-urubici\/\" \/>\n<meta property=\"og:locale\" content=\"pt_BR\" \/>\n<meta property=\"og:type\" content=\"article\" \/>\n<meta property=\"og:title\" content=\"Roteiro de 3 dias em Urubici: confira pontos principais e dicas\" \/>\n<meta property=\"og:description\" content=\"Roteiro de 3 dias em Urubici: descubra os principais pontos tur\u00edsticos de Urucibi, Serra do Rio do Rastro, Serra do Corvo Branco e muito mais.\" \/>\n<meta property=\"og:url\" content=\"https:\/\/quantocustaviajar.com\/blog\/roteiro-de-3-dias-em-urubici\/\" \/>\n<meta property=\"og:site_name\" content=\"Blog Quanto Custa Viajar\" \/>\n<meta property=\"article:publisher\" content=\"https:\/\/www.facebook.com\/quantocustaviajar\" \/>\n<meta property=\"article:published_time\" content=\"2018-10-01T13:32:44+00:00\" \/>\n<meta property=\"article:modified_time\" content=\"2023-08-30T14:19:20+00:00\" \/>\n<meta property=\"og:image\" content=\"https:\/\/quantocustaviajar.com\/blog\/wp-content\/uploads\/2018\/09\/serra-do-corvo-branco-destaque.jpg\" \/>\n\t<meta property=\"og:image:width\" content=\"1200\" \/>\n\t<meta property=\"og:image:height\" content=\"630\" \/>\n\t<meta property=\"og:image:type\" content=\"image\/jpeg\" \/>\n<meta name=\"author\" content=\"Andressa Xavier Pellanda\" \/>\n<meta name=\"twitter:card\" content=\"summary_large_image\" \/>\n<meta name=\"twitter:label1\" content=\"Escrito por\" \/>\n\t<meta name=\"twitter:data1\" content=\"Andressa Xavier Pellanda\" \/>\n\t<meta name=\"twitter:label2\" content=\"Est. tempo de leitura\" \/>\n\t<meta name=\"twitter:data2\" content=\"22 minutos\" \/>\n<!-- \/ Yoast SEO plugin. -->","yoast_head_json":{"title":"Roteiro de 3 dias em Urubici: confira pontos principais e dicas","description":"Roteiro de 3 dias em Urubici: descubra os principais pontos tur\u00edsticos de Urucibi, Serra do Rio do Rastro, Serra do Corvo Branco e muito mais.","robots":{"index":"index","follow":"follow","max-snippet":"max-snippet:-1","max-image-preview":"max-image-preview:large","max-video-preview":"max-video-preview:-1"},"canonical":"https:\/\/quantocustaviajar.com\/blog\/roteiro-de-3-dias-em-urubici\/","og_locale":"pt_BR","og_type":"article","og_title":"Roteiro de 3 dias em Urubici: confira pontos principais e dicas","og_description":"Roteiro de 3 dias em Urubici: descubra os principais pontos tur\u00edsticos de Urucibi, Serra do Rio do Rastro, Serra do Corvo Branco e muito mais.","og_url":"https:\/\/quantocustaviajar.com\/blog\/roteiro-de-3-dias-em-urubici\/","og_site_name":"Blog Quanto Custa Viajar","article_publisher":"https:\/\/www.facebook.com\/quantocustaviajar","article_published_time":"2018-10-01T13:32:44+00:00","article_modified_time":"2023-08-30T14:19:20+00:00","og_image":[{"width":1200,"height":630,"url":"https:\/\/quantocustaviajar.com\/blog\/wp-content\/uploads\/2018\/09\/serra-do-corvo-branco-destaque.jpg","type":"image\/jpeg"}],"author":"Andressa Xavier Pellanda","twitter_card":"summary_large_image","twitter_misc":{"Escrito por":"Andressa Xavier Pellanda","Est. tempo de leitura":"22 minutos"},"schema":{"@context":"https:\/\/schema.org","@graph":[{"@type":["Article","BlogPosting"],"@id":"https:\/\/quantocustaviajar.com\/blog\/roteiro-de-3-dias-em-urubici\/#article","isPartOf":{"@id":"https:\/\/quantocustaviajar.com\/blog\/roteiro-de-3-dias-em-urubici\/"},"author":{"name":"Andressa Xavier Pellanda","@id":"https:\/\/quantocustaviajar.com\/blog\/#\/schema\/person\/81b0aaf2069da1a2da54677906b42d3c"},"headline":"Roteiro de 3 dias em Urubici para visitar a Serra do Rio do Rastro e pontos principais","datePublished":"2018-10-01T13:32:44+00:00","dateModified":"2023-08-30T14:19:20+00:00","mainEntityOfPage":{"@id":"https:\/\/quantocustaviajar.com\/blog\/roteiro-de-3-dias-em-urubici\/"},"wordCount":2568,"commentCount":28,"publisher":{"@id":"https:\/\/quantocustaviajar.com\/blog\/#organization"},"image":{"@id":"https:\/\/quantocustaviajar.com\/blog\/roteiro-de-3-dias-em-urubici\/#primaryimage"},"thumbnailUrl":"https:\/\/quantocustaviajar.com\/blog\/wp-content\/uploads\/2018\/09\/serra-do-corvo-branco-destaque.jpg","keywords":["am\u00e9rica do sul","Brasil","cachoeira","cascata","feriado","frio","natureza","Santa Catarina","serra","serra catarinense","Urubici"],"articleSection":["Ao Ar Livre","Descubra o Brasil","Nossas experi\u00eancias"],"inLanguage":"pt-BR","potentialAction":[{"@type":"CommentAction","name":"Comment","target":["https:\/\/quantocustaviajar.com\/blog\/roteiro-de-3-dias-em-urubici\/#respond"]}]},{"@type":"WebPage","@id":"https:\/\/quantocustaviajar.com\/blog\/roteiro-de-3-dias-em-urubici\/","url":"https:\/\/quantocustaviajar.com\/blog\/roteiro-de-3-dias-em-urubici\/","name":"Roteiro de 3 dias em Urubici: confira pontos principais e dicas","isPartOf":{"@id":"https:\/\/quantocustaviajar.com\/blog\/#website"},"primaryImageOfPage":{"@id":"https:\/\/quantocustaviajar.com\/blog\/roteiro-de-3-dias-em-urubici\/#primaryimage"},"image":{"@id":"https:\/\/quantocustaviajar.com\/blog\/roteiro-de-3-dias-em-urubici\/#primaryimage"},"thumbnailUrl":"https:\/\/quantocustaviajar.com\/blog\/wp-content\/uploads\/2018\/09\/serra-do-corvo-branco-destaque.jpg","datePublished":"2018-10-01T13:32:44+00:00","dateModified":"2023-08-30T14:19:20+00:00","description":"Roteiro de 3 dias em Urubici: descubra os principais pontos tur\u00edsticos de Urucibi, Serra do Rio do Rastro, Serra do Corvo Branco e muito mais.","breadcrumb":{"@id":"https:\/\/quantocustaviajar.com\/blog\/roteiro-de-3-dias-em-urubici\/#breadcrumb"},"inLanguage":"pt-BR","potentialAction":[{"@type":"ReadAction","target":["https:\/\/quantocustaviajar.com\/blog\/roteiro-de-3-dias-em-urubici\/"]}]},{"@type":"ImageObject","inLanguage":"pt-BR","@id":"https:\/\/quantocustaviajar.com\/blog\/roteiro-de-3-dias-em-urubici\/#primaryimage","url":"https:\/\/quantocustaviajar.com\/blog\/wp-content\/uploads\/2018\/09\/serra-do-corvo-branco-destaque.jpg","contentUrl":"https:\/\/quantocustaviajar.com\/blog\/wp-content\/uploads\/2018\/09\/serra-do-corvo-branco-destaque.jpg","width":1200,"height":630},{"@type":"BreadcrumbList","@id":"https:\/\/quantocustaviajar.com\/blog\/roteiro-de-3-dias-em-urubici\/#breadcrumb","itemListElement":[{"@type":"ListItem","position":1,"name":"In\u00edcio","item":"https:\/\/quantocustaviajar.com\/blog\/"},{"@type":"ListItem","position":2,"name":"Roteiro de 3 dias em Urubici para visitar a Serra do Rio do Rastro e pontos principais"}]},{"@type":"WebSite","@id":"https:\/\/quantocustaviajar.com\/blog\/#website","url":"https:\/\/quantocustaviajar.com\/blog\/","name":"Blog Quanto Custa Viajar","description":"","publisher":{"@id":"https:\/\/quantocustaviajar.com\/blog\/#organization"},"potentialAction":[{"@type":"SearchAction","target":{"@type":"EntryPoint","urlTemplate":"https:\/\/quantocustaviajar.com\/blog\/?s={search_term_string}"},"query-input":{"@type":"PropertyValueSpecification","valueRequired":true,"valueName":"search_term_string"}}],"inLanguage":"pt-BR"},{"@type":"Organization","@id":"https:\/\/quantocustaviajar.com\/blog\/#organization","name":"Quanto Custa Viajar","url":"https:\/\/quantocustaviajar.com\/blog\/","logo":{"@type":"ImageObject","inLanguage":"pt-BR","@id":"https:\/\/quantocustaviajar.com\/blog\/#\/schema\/logo\/image\/","url":"","contentUrl":"","caption":"Quanto Custa Viajar"},"image":{"@id":"https:\/\/quantocustaviajar.com\/blog\/#\/schema\/logo\/image\/"},"sameAs":["https:\/\/www.facebook.com\/quantocustaviajar"]},{"@type":"Person","@id":"https:\/\/quantocustaviajar.com\/blog\/#\/schema\/person\/81b0aaf2069da1a2da54677906b42d3c","name":"Andressa Xavier Pellanda","image":{"@type":"ImageObject","inLanguage":"pt-BR","@id":"https:\/\/quantocustaviajar.com\/blog\/#\/schema\/person\/image\/","url":"https:\/\/secure.gravatar.com\/avatar\/efccc167c341de2100a574b335de06f5efda2310964e70124d995491728ed674?s=96&d=mm&r=g","contentUrl":"https:\/\/secure.gravatar.com\/avatar\/efccc167c341de2100a574b335de06f5efda2310964e70124d995491728ed674?s=96&d=mm&r=g","caption":"Andressa Xavier Pellanda"},"description":"Eu gosto de viajar antes mesmo de chegar ao destino!","url":"https:\/\/quantocustaviajar.com\/blog\/author\/andressa\/"}]}},"_links":{"self":[{"href":"https:\/\/quantocustaviajar.com\/blog\/wp-json\/wp\/v2\/posts\/27095","targetHints":{"allow":["GET"]}}],"collection":[{"href":"https:\/\/quantocustaviajar.com\/blog\/wp-json\/wp\/v2\/posts"}],"about":[{"href":"https:\/\/quantocustaviajar.com\/blog\/wp-json\/wp\/v2\/types\/post"}],"author":[{"embeddable":true,"href":"https:\/\/quantocustaviajar.com\/blog\/wp-json\/wp\/v2\/users\/11"}],"replies":[{"embeddable":true,"href":"https:\/\/quantocustaviajar.com\/blog\/wp-json\/wp\/v2\/comments?post=27095"}],"version-history":[{"count":13,"href":"https:\/\/quantocustaviajar.com\/blog\/wp-json\/wp\/v2\/posts\/27095\/revisions"}],"predecessor-version":[{"id":60854,"href":"https:\/\/quantocustaviajar.com\/blog\/wp-json\/wp\/v2\/posts\/27095\/revisions\/60854"}],"wp:featuredmedia":[{"embeddable":true,"href":"https:\/\/quantocustaviajar.com\/blog\/wp-json\/wp\/v2\/media\/27196"}],"wp:attachment":[{"href":"https:\/\/quantocustaviajar.com\/blog\/wp-json\/wp\/v2\/media?parent=27095"}],"wp:term":[{"taxonomy":"category","embeddable":true,"href":"https:\/\/quantocustaviajar.com\/blog\/wp-json\/wp\/v2\/categories?post=27095"},{"taxonomy":"post_tag","embeddable":true,"href":"https:\/\/quantocustaviajar.com\/blog\/wp-json\/wp\/v2\/tags?post=27095"}],"curies":[{"name":"wp","href":"https:\/\/api.w.org\/{rel}","templated":true}]}}