{"id":26298,"date":"2018-10-16T18:09:31","date_gmt":"2018-10-16T18:09:31","guid":{"rendered":"https:\/\/quantocustaviajar.com\/blog\/?p=26298"},"modified":"2018-10-16T18:12:25","modified_gmt":"2018-10-16T18:12:25","slug":"castelo-de-chillon-suica","status":"publish","type":"post","link":"https:\/\/quantocustaviajar.com\/blog\/castelo-de-chillon-suica\/","title":{"rendered":"Descubra o Castelo de Chillon, edif\u00edcio hist\u00f3rico mais visitado da Su\u00ed\u00e7a"},"content":{"rendered":"<p>Deixe a princesa (ou o pr\u00edncipe) dentro de voc\u00ea gritar mais alto e siga para o encantado <strong>Castelo de Chillon<\/strong>, <strong>edif\u00edcio hist\u00f3rico mais visitado da Su\u00ed\u00e7a<\/strong>. \u00c0s margens do <strong>Lago de Genebra<\/strong> e aos p\u00e9s de uma colina, a atra\u00e7\u00e3o milenar realmente tem voca\u00e7\u00e3o para os contos de fadas, mas \u00e9 ainda melhor, porque esse \u00e9 de verdade!<\/p>\n<p>Um pequeno t\u00fanel de vegeta\u00e7\u00e3o abre alas para a entrada da fortaleza mais famosa do pa\u00eds, atraindo mais de <strong>400 mil visitantes por ano<\/strong>. Habitada desde seus prim\u00f3rdios, a pequena ilha teve seu destino mudado a partir do momento em que entrou no tr\u00e1fego mar\u00edtimo do lago e na rota terrestre para o Passo de S\u00e3o Bernardo.<\/p>\n<p><img loading=\"lazy\" decoding=\"async\" class=\"aligncenter wp-image-26394\" src=\"https:\/\/quantocustaviajar.com\/blog\/wp-content\/uploads\/2018\/08\/chillon.jpg\" alt=\"\" width=\"649\" height=\"365\" srcset=\"https:\/\/quantocustaviajar.com\/blog\/wp-content\/uploads\/2018\/08\/chillon.jpg 2000w, https:\/\/quantocustaviajar.com\/blog\/wp-content\/uploads\/2018\/08\/chillon-300x169.jpg 300w, https:\/\/quantocustaviajar.com\/blog\/wp-content\/uploads\/2018\/08\/chillon-768x432.jpg 768w, https:\/\/quantocustaviajar.com\/blog\/wp-content\/uploads\/2018\/08\/chillon-1024x576.jpg 1024w, https:\/\/quantocustaviajar.com\/blog\/wp-content\/uploads\/2018\/08\/chillon-1920x1080.jpg 1920w\" sizes=\"auto, (max-width: 649px) 100vw, 649px\" \/><\/p>\n<p>De olho na beleza e localiza\u00e7\u00e3o estrat\u00e9gica do castelo, os Condes de Saboia trataram de ocupa-lo do s\u00e9culo 12 ao 16. Na sequ\u00eancia vieram os berneses e depois os vaudeses. Se a sua sede de vit\u00f3ria for maior do que a deles, saiba que por um valor nada simb\u00f3lico voc\u00ea tamb\u00e9m pode aluga-lo atualmente. Caso a ambi\u00e7\u00e3o seja menor, <strong>opte por um passeio guiado com direito a degusta\u00e7\u00e3o de vinhos<\/strong>.<\/p>\n<p>O visual do entorno inclui ainda o Vale do Rh\u00f4ne e os Alpes. Para um mergulho em \u00e1guas cristalinas, n\u00e3o deixe de aproveitar a praia particular do castelo nos dias de ver\u00e3o.<\/p>\n<p><img loading=\"lazy\" decoding=\"async\" class=\"aligncenter wp-image-26387 size-full\" src=\"https:\/\/quantocustaviajar.com\/blog\/wp-content\/uploads\/2018\/07\/castelo-chillon8.jpg\" alt=\"\" width=\"650\" height=\"365\" srcset=\"https:\/\/quantocustaviajar.com\/blog\/wp-content\/uploads\/2018\/07\/castelo-chillon8.jpg 650w, https:\/\/quantocustaviajar.com\/blog\/wp-content\/uploads\/2018\/07\/castelo-chillon8-300x168.jpg 300w\" sizes=\"auto, (max-width: 650px) 100vw, 650px\" \/><\/p>\n<p>Entre suas fortifica\u00e7\u00f5es est\u00e3o 25 edif\u00edcios e tr\u00eas p\u00e1tios. A complexa constru\u00e7\u00e3o engloba ainda murais do s\u00e9culo XIV, os cofres subterr\u00e2neos, a capela, os sal\u00f5es de desfile e o quarto original preservado da \u00e9poca dos reis de Berna. N\u00e3o por acaso inspirou grandes nomes da arte e da literatura, como Rousseau, Victor Hugo, Lord Byron e Delacroix.<\/p>\n<p><strong>Quanto custa: <\/strong>Adultos: 12,50CHF. Crian\u00e7as entre 6 e 15 anos: 6CHF<\/p>\n<p><strong>Como chegar: <\/strong>a cerca de 100 km de <a href=\"https:\/\/quantocustaviajar.com\/suica\/genebra\" target=\"_blank\" rel=\"noopener\">Genebra<\/a>, a regi\u00e3o de Montreux pode ser acessada de barco, \u00f4nibus ou trem, a partir da esta\u00e7\u00e3o ferrovi\u00e1ria de Cornavin. \u00c9 mais perto, por\u00e9m, ir at\u00e9 Veytaux-Chillon, a 300 metros do Castelo de Chillon. H\u00e1 uma esta\u00e7\u00e3o de \u00f4nibus logo em frente do castelo. A dura\u00e7\u00e3o do percurso \u00e9 de 1 horas e 30 minutos.<\/p>\n<p><img loading=\"lazy\" decoding=\"async\" class=\"aligncenter wp-image-26384 size-full\" src=\"https:\/\/quantocustaviajar.com\/blog\/wp-content\/uploads\/2018\/07\/castelo-chillon5.jpg\" alt=\"\" width=\"650\" height=\"365\" srcset=\"https:\/\/quantocustaviajar.com\/blog\/wp-content\/uploads\/2018\/07\/castelo-chillon5.jpg 650w, https:\/\/quantocustaviajar.com\/blog\/wp-content\/uploads\/2018\/07\/castelo-chillon5-300x168.jpg 300w\" sizes=\"auto, (max-width: 650px) 100vw, 650px\" \/><\/p>\n<p><img loading=\"lazy\" decoding=\"async\" class=\"aligncenter wp-image-26383 size-full\" src=\"https:\/\/quantocustaviajar.com\/blog\/wp-content\/uploads\/2018\/07\/castelo-chillon4.jpg\" alt=\"\" width=\"650\" height=\"365\" srcset=\"https:\/\/quantocustaviajar.com\/blog\/wp-content\/uploads\/2018\/07\/castelo-chillon4.jpg 650w, https:\/\/quantocustaviajar.com\/blog\/wp-content\/uploads\/2018\/07\/castelo-chillon4-300x168.jpg 300w\" sizes=\"auto, (max-width: 650px) 100vw, 650px\" \/><\/p>\n<p><img loading=\"lazy\" decoding=\"async\" class=\"aligncenter wp-image-26381 size-full\" src=\"https:\/\/quantocustaviajar.com\/blog\/wp-content\/uploads\/2018\/07\/castelo-chillon2.jpg\" alt=\"\" width=\"650\" height=\"365\" srcset=\"https:\/\/quantocustaviajar.com\/blog\/wp-content\/uploads\/2018\/07\/castelo-chillon2.jpg 650w, https:\/\/quantocustaviajar.com\/blog\/wp-content\/uploads\/2018\/07\/castelo-chillon2-300x168.jpg 300w\" sizes=\"auto, (max-width: 650px) 100vw, 650px\" \/><\/p>\n<p><img loading=\"lazy\" decoding=\"async\" class=\"aligncenter wp-image-26382 size-full\" src=\"https:\/\/quantocustaviajar.com\/blog\/wp-content\/uploads\/2018\/07\/castelo-chillon3.jpg\" alt=\"\" width=\"650\" height=\"365\" srcset=\"https:\/\/quantocustaviajar.com\/blog\/wp-content\/uploads\/2018\/07\/castelo-chillon3.jpg 650w, https:\/\/quantocustaviajar.com\/blog\/wp-content\/uploads\/2018\/07\/castelo-chillon3-300x168.jpg 300w\" sizes=\"auto, (max-width: 650px) 100vw, 650px\" \/><\/p>\n<p><img loading=\"lazy\" decoding=\"async\" class=\"wp-image-26395 aligncenter\" src=\"https:\/\/quantocustaviajar.com\/blog\/wp-content\/uploads\/2018\/08\/chillon2.jpg\" alt=\"\" width=\"650\" height=\"488\" srcset=\"https:\/\/quantocustaviajar.com\/blog\/wp-content\/uploads\/2018\/08\/chillon2.jpg 960w, https:\/\/quantocustaviajar.com\/blog\/wp-content\/uploads\/2018\/08\/chillon2-300x225.jpg 300w, https:\/\/quantocustaviajar.com\/blog\/wp-content\/uploads\/2018\/08\/chillon2-768x576.jpg 768w\" sizes=\"auto, (max-width: 650px) 100vw, 650px\" \/><\/p>\n<p><img loading=\"lazy\" decoding=\"async\" class=\"aligncenter wp-image-26386 size-full\" src=\"https:\/\/quantocustaviajar.com\/blog\/wp-content\/uploads\/2018\/07\/castelo-chillon7.jpg\" alt=\"\" width=\"650\" height=\"365\" srcset=\"https:\/\/quantocustaviajar.com\/blog\/wp-content\/uploads\/2018\/07\/castelo-chillon7.jpg 650w, https:\/\/quantocustaviajar.com\/blog\/wp-content\/uploads\/2018\/07\/castelo-chillon7-300x168.jpg 300w\" sizes=\"auto, (max-width: 650px) 100vw, 650px\" \/><\/p>\n<p><img loading=\"lazy\" decoding=\"async\" class=\"aligncenter wp-image-26385 size-full\" src=\"https:\/\/quantocustaviajar.com\/blog\/wp-content\/uploads\/2018\/07\/castelo-chillon6.jpg\" alt=\"\" width=\"650\" height=\"365\" srcset=\"https:\/\/quantocustaviajar.com\/blog\/wp-content\/uploads\/2018\/07\/castelo-chillon6.jpg 650w, https:\/\/quantocustaviajar.com\/blog\/wp-content\/uploads\/2018\/07\/castelo-chillon6-300x168.jpg 300w\" sizes=\"auto, (max-width: 650px) 100vw, 650px\" \/><em>Fotos: divulga\u00e7\u00e3o<\/em><\/p>\n<figure id=\"attachment_27756\" aria-describedby=\"caption-attachment-27756\" style=\"width: 649px\" class=\"wp-caption aligncenter\"><img loading=\"lazy\" decoding=\"async\" class=\"wp-image-27756\" src=\"https:\/\/quantocustaviajar.com\/blog\/wp-content\/uploads\/2018\/08\/IMG_3913.jpg\" alt=\"\" width=\"649\" height=\"487\" srcset=\"https:\/\/quantocustaviajar.com\/blog\/wp-content\/uploads\/2018\/08\/IMG_3913.jpg 1024w, https:\/\/quantocustaviajar.com\/blog\/wp-content\/uploads\/2018\/08\/IMG_3913-300x225.jpg 300w, https:\/\/quantocustaviajar.com\/blog\/wp-content\/uploads\/2018\/08\/IMG_3913-768x576.jpg 768w\" sizes=\"auto, (max-width: 649px) 100vw, 649px\" \/><figcaption id=\"caption-attachment-27756\" class=\"wp-caption-text\">Amanda, editora do QCV em visita ao Castelo em 2008<\/figcaption><\/figure>\n<figure id=\"attachment_27757\" aria-describedby=\"caption-attachment-27757\" style=\"width: 649px\" class=\"wp-caption aligncenter\"><img loading=\"lazy\" decoding=\"async\" class=\"wp-image-27757\" src=\"https:\/\/quantocustaviajar.com\/blog\/wp-content\/uploads\/2018\/08\/IMG_3912.jpg\" alt=\"\" width=\"649\" height=\"487\" srcset=\"https:\/\/quantocustaviajar.com\/blog\/wp-content\/uploads\/2018\/08\/IMG_3912.jpg 1024w, https:\/\/quantocustaviajar.com\/blog\/wp-content\/uploads\/2018\/08\/IMG_3912-300x225.jpg 300w, https:\/\/quantocustaviajar.com\/blog\/wp-content\/uploads\/2018\/08\/IMG_3912-768x576.jpg 768w\" sizes=\"auto, (max-width: 649px) 100vw, 649px\" \/><figcaption id=\"caption-attachment-27757\" class=\"wp-caption-text\">Foto: Amanda equipe QCV<\/figcaption><\/figure>\n<blockquote class=\"wp-embedded-content\" data-secret=\"Pdez0RNufN\"><p><a href=\"https:\/\/quantocustaviajar.com\/blog\/castelos-do-brasil\/\">Os belos e ex\u00f3ticos castelos do Brasil<\/a><\/p><\/blockquote>\n<p><iframe loading=\"lazy\" class=\"wp-embedded-content\" sandbox=\"allow-scripts\" security=\"restricted\" style=\"position: absolute; visibility: hidden;\" title=\"&#8220;Os belos e ex\u00f3ticos castelos do Brasil&#8221; &#8212; Blog Quanto Custa Viajar\" src=\"https:\/\/quantocustaviajar.com\/blog\/castelos-do-brasil\/embed\/#?secret=5woXaofCD3#?secret=Pdez0RNufN\" data-secret=\"Pdez0RNufN\" width=\"600\" height=\"338\" frameborder=\"0\" marginwidth=\"0\" marginheight=\"0\" scrolling=\"no\"><\/iframe><\/p>\n<p style=\"text-align: center;\"><button><a style=\"color: #ffffff;\" href=\"https:\/\/quantocustaviajar.com\/suica\/genebra\/passagem-aerea\" target=\"_blank\" rel=\"noopener\">Encontre sua passagem para Genebra!<\/a><\/button><\/p>\n","protected":false},"excerpt":{"rendered":"<p>Deixe a princesa (ou o pr\u00edncipe) dentro de voc\u00ea gritar mais alto e siga para o encantado Castelo de Chillon, edif\u00edcio hist\u00f3rico mais visitado da Su\u00ed\u00e7a. \u00c0s margens do Lago de Genebra e aos p\u00e9s de uma colina, a atra\u00e7\u00e3o milenar realmente tem voca\u00e7\u00e3o para os contos de fadas, mas \u00e9 ainda melhor, porque esse [&hellip;]<\/p>\n","protected":false},"author":4,"featured_media":26391,"comment_status":"open","ping_status":"open","sticky":false,"template":"","format":"standard","meta":{"cybocfi_hide_featured_image":"","footnotes":""},"categories":[1436],"tags":[1348,331,183,18,1018,321,1133],"class_list":["post-26298","post","type-post","status-publish","format-standard","has-post-thumbnail","hentry","category-artes-cultura-diversao","tag-alpes","tag-castelo","tag-destinos","tag-europa","tag-eurotrip","tag-passeios","tag-suica"],"blocksy_meta":[],"yoast_head":"<!-- This site is optimized with the Yoast SEO plugin v26.3 - https:\/\/yoast.com\/wordpress\/plugins\/seo\/ -->\n<title>Descubra o Castelo de Chillon, edif\u00edcio hist\u00f3rico mais visitado da Su\u00ed\u00e7a<\/title>\n<meta name=\"robots\" content=\"index, follow, max-snippet:-1, max-image-preview:large, max-video-preview:-1\" \/>\n<link rel=\"canonical\" href=\"https:\/\/quantocustaviajar.com\/blog\/castelo-de-chillon-suica\/\" \/>\n<meta property=\"og:locale\" content=\"pt_BR\" \/>\n<meta property=\"og:type\" content=\"article\" \/>\n<meta property=\"og:title\" content=\"Descubra o Castelo de Chillon, edif\u00edcio hist\u00f3rico mais visitado da Su\u00ed\u00e7a\" \/>\n<meta property=\"og:description\" content=\"Deixe a princesa (ou o pr\u00edncipe) dentro de voc\u00ea gritar mais alto e siga para o encantado Castelo de Chillon, edif\u00edcio hist\u00f3rico mais visitado da Su\u00ed\u00e7a. \u00c0s margens do Lago de Genebra e aos p\u00e9s de uma colina, a atra\u00e7\u00e3o milenar realmente tem voca\u00e7\u00e3o para os contos de fadas, mas \u00e9 ainda melhor, porque esse [&hellip;]\" \/>\n<meta property=\"og:url\" content=\"https:\/\/quantocustaviajar.com\/blog\/castelo-de-chillon-suica\/\" \/>\n<meta property=\"og:site_name\" content=\"Blog Quanto Custa Viajar\" \/>\n<meta property=\"article:publisher\" content=\"https:\/\/www.facebook.com\/quantocustaviajar\" \/>\n<meta property=\"article:author\" content=\"https:\/\/www.facebook.com\/brunellapfvr\/posts\" \/>\n<meta property=\"article:published_time\" content=\"2018-10-16T18:09:31+00:00\" \/>\n<meta property=\"article:modified_time\" content=\"2018-10-16T18:12:25+00:00\" \/>\n<meta property=\"og:image\" content=\"https:\/\/quantocustaviajar.com\/blog\/wp-content\/uploads\/2018\/07\/castelo-chillon-e1535013842609.jpg\" \/>\n\t<meta property=\"og:image:width\" content=\"936\" \/>\n\t<meta property=\"og:image:height\" content=\"526\" \/>\n\t<meta property=\"og:image:type\" content=\"image\/jpeg\" \/>\n<meta name=\"author\" content=\"Brunella Nunes\" \/>\n<meta name=\"twitter:card\" content=\"summary_large_image\" \/>\n<meta name=\"twitter:label1\" content=\"Escrito por\" \/>\n\t<meta name=\"twitter:data1\" content=\"Brunella Nunes\" \/>\n\t<meta name=\"twitter:label2\" content=\"Est. tempo de leitura\" \/>\n\t<meta name=\"twitter:data2\" content=\"2 minutos\" \/>\n<!-- \/ Yoast SEO plugin. -->","yoast_head_json":{"title":"Descubra o Castelo de Chillon, edif\u00edcio hist\u00f3rico mais visitado da Su\u00ed\u00e7a","robots":{"index":"index","follow":"follow","max-snippet":"max-snippet:-1","max-image-preview":"max-image-preview:large","max-video-preview":"max-video-preview:-1"},"canonical":"https:\/\/quantocustaviajar.com\/blog\/castelo-de-chillon-suica\/","og_locale":"pt_BR","og_type":"article","og_title":"Descubra o Castelo de Chillon, edif\u00edcio hist\u00f3rico mais visitado da Su\u00ed\u00e7a","og_description":"Deixe a princesa (ou o pr\u00edncipe) dentro de voc\u00ea gritar mais alto e siga para o encantado Castelo de Chillon, edif\u00edcio hist\u00f3rico mais visitado da Su\u00ed\u00e7a. \u00c0s margens do Lago de Genebra e aos p\u00e9s de uma colina, a atra\u00e7\u00e3o milenar realmente tem voca\u00e7\u00e3o para os contos de fadas, mas \u00e9 ainda melhor, porque esse [&hellip;]","og_url":"https:\/\/quantocustaviajar.com\/blog\/castelo-de-chillon-suica\/","og_site_name":"Blog Quanto Custa Viajar","article_publisher":"https:\/\/www.facebook.com\/quantocustaviajar","article_author":"https:\/\/www.facebook.com\/brunellapfvr\/posts","article_published_time":"2018-10-16T18:09:31+00:00","article_modified_time":"2018-10-16T18:12:25+00:00","og_image":[{"width":936,"height":526,"url":"https:\/\/quantocustaviajar.com\/blog\/wp-content\/uploads\/2018\/07\/castelo-chillon-e1535013842609.jpg","type":"image\/jpeg"}],"author":"Brunella Nunes","twitter_card":"summary_large_image","twitter_misc":{"Escrito por":"Brunella Nunes","Est. tempo de leitura":"2 minutos"},"schema":{"@context":"https:\/\/schema.org","@graph":[{"@type":["Article","BlogPosting"],"@id":"https:\/\/quantocustaviajar.com\/blog\/castelo-de-chillon-suica\/#article","isPartOf":{"@id":"https:\/\/quantocustaviajar.com\/blog\/castelo-de-chillon-suica\/"},"author":{"name":"Brunella Nunes","@id":"https:\/\/quantocustaviajar.com\/blog\/#\/schema\/person\/1a6dd3da9d0c0a4be42652b67bea19bb"},"headline":"Descubra o Castelo de Chillon, edif\u00edcio hist\u00f3rico mais visitado da Su\u00ed\u00e7a","datePublished":"2018-10-16T18:09:31+00:00","dateModified":"2018-10-16T18:12:25+00:00","mainEntityOfPage":{"@id":"https:\/\/quantocustaviajar.com\/blog\/castelo-de-chillon-suica\/"},"wordCount":431,"commentCount":2,"publisher":{"@id":"https:\/\/quantocustaviajar.com\/blog\/#organization"},"image":{"@id":"https:\/\/quantocustaviajar.com\/blog\/castelo-de-chillon-suica\/#primaryimage"},"thumbnailUrl":"https:\/\/quantocustaviajar.com\/blog\/wp-content\/uploads\/2018\/07\/castelo-chillon-e1535013842609.jpg","keywords":["Alpes","castelo","destinos","europa","eurotrip","passeios","Su\u00ed\u00e7a"],"articleSection":["Artes, Cultura &amp; Divers\u00e3o"],"inLanguage":"pt-BR","potentialAction":[{"@type":"CommentAction","name":"Comment","target":["https:\/\/quantocustaviajar.com\/blog\/castelo-de-chillon-suica\/#respond"]}]},{"@type":"WebPage","@id":"https:\/\/quantocustaviajar.com\/blog\/castelo-de-chillon-suica\/","url":"https:\/\/quantocustaviajar.com\/blog\/castelo-de-chillon-suica\/","name":"Descubra o Castelo de Chillon, edif\u00edcio hist\u00f3rico mais visitado da Su\u00ed\u00e7a","isPartOf":{"@id":"https:\/\/quantocustaviajar.com\/blog\/#website"},"primaryImageOfPage":{"@id":"https:\/\/quantocustaviajar.com\/blog\/castelo-de-chillon-suica\/#primaryimage"},"image":{"@id":"https:\/\/quantocustaviajar.com\/blog\/castelo-de-chillon-suica\/#primaryimage"},"thumbnailUrl":"https:\/\/quantocustaviajar.com\/blog\/wp-content\/uploads\/2018\/07\/castelo-chillon-e1535013842609.jpg","datePublished":"2018-10-16T18:09:31+00:00","dateModified":"2018-10-16T18:12:25+00:00","breadcrumb":{"@id":"https:\/\/quantocustaviajar.com\/blog\/castelo-de-chillon-suica\/#breadcrumb"},"inLanguage":"pt-BR","potentialAction":[{"@type":"ReadAction","target":["https:\/\/quantocustaviajar.com\/blog\/castelo-de-chillon-suica\/"]}]},{"@type":"ImageObject","inLanguage":"pt-BR","@id":"https:\/\/quantocustaviajar.com\/blog\/castelo-de-chillon-suica\/#primaryimage","url":"https:\/\/quantocustaviajar.com\/blog\/wp-content\/uploads\/2018\/07\/castelo-chillon-e1535013842609.jpg","contentUrl":"https:\/\/quantocustaviajar.com\/blog\/wp-content\/uploads\/2018\/07\/castelo-chillon-e1535013842609.jpg","width":936,"height":526},{"@type":"BreadcrumbList","@id":"https:\/\/quantocustaviajar.com\/blog\/castelo-de-chillon-suica\/#breadcrumb","itemListElement":[{"@type":"ListItem","position":1,"name":"In\u00edcio","item":"https:\/\/quantocustaviajar.com\/blog\/"},{"@type":"ListItem","position":2,"name":"Descubra o Castelo de Chillon, edif\u00edcio hist\u00f3rico mais visitado da Su\u00ed\u00e7a"}]},{"@type":"WebSite","@id":"https:\/\/quantocustaviajar.com\/blog\/#website","url":"https:\/\/quantocustaviajar.com\/blog\/","name":"Blog Quanto Custa Viajar","description":"","publisher":{"@id":"https:\/\/quantocustaviajar.com\/blog\/#organization"},"potentialAction":[{"@type":"SearchAction","target":{"@type":"EntryPoint","urlTemplate":"https:\/\/quantocustaviajar.com\/blog\/?s={search_term_string}"},"query-input":{"@type":"PropertyValueSpecification","valueRequired":true,"valueName":"search_term_string"}}],"inLanguage":"pt-BR"},{"@type":"Organization","@id":"https:\/\/quantocustaviajar.com\/blog\/#organization","name":"Quanto Custa Viajar","url":"https:\/\/quantocustaviajar.com\/blog\/","logo":{"@type":"ImageObject","inLanguage":"pt-BR","@id":"https:\/\/quantocustaviajar.com\/blog\/#\/schema\/logo\/image\/","url":"","contentUrl":"","caption":"Quanto Custa Viajar"},"image":{"@id":"https:\/\/quantocustaviajar.com\/blog\/#\/schema\/logo\/image\/"},"sameAs":["https:\/\/www.facebook.com\/quantocustaviajar"]},{"@type":"Person","@id":"https:\/\/quantocustaviajar.com\/blog\/#\/schema\/person\/1a6dd3da9d0c0a4be42652b67bea19bb","name":"Brunella Nunes","image":{"@type":"ImageObject","inLanguage":"pt-BR","@id":"https:\/\/quantocustaviajar.com\/blog\/#\/schema\/person\/image\/","url":"https:\/\/secure.gravatar.com\/avatar\/05b28dfb8a3cc7ee0dba6feefa5677f05be6d7bf4b017728fd38499092f9c282?s=96&d=mm&r=g","contentUrl":"https:\/\/secure.gravatar.com\/avatar\/05b28dfb8a3cc7ee0dba6feefa5677f05be6d7bf4b017728fd38499092f9c282?s=96&d=mm&r=g","caption":"Brunella Nunes"},"description":"Quando n\u00e3o est\u00e1 viajando pelo mundo, est\u00e1 viajando nas ideias.","sameAs":["https:\/\/www.facebook.com\/brunellapfvr\/posts","https:\/\/www.linkedin.com\/in\/brunellanunes\/"],"url":"https:\/\/quantocustaviajar.com\/blog\/author\/equipe\/"}]}},"_links":{"self":[{"href":"https:\/\/quantocustaviajar.com\/blog\/wp-json\/wp\/v2\/posts\/26298","targetHints":{"allow":["GET"]}}],"collection":[{"href":"https:\/\/quantocustaviajar.com\/blog\/wp-json\/wp\/v2\/posts"}],"about":[{"href":"https:\/\/quantocustaviajar.com\/blog\/wp-json\/wp\/v2\/types\/post"}],"author":[{"embeddable":true,"href":"https:\/\/quantocustaviajar.com\/blog\/wp-json\/wp\/v2\/users\/4"}],"replies":[{"embeddable":true,"href":"https:\/\/quantocustaviajar.com\/blog\/wp-json\/wp\/v2\/comments?post=26298"}],"version-history":[{"count":5,"href":"https:\/\/quantocustaviajar.com\/blog\/wp-json\/wp\/v2\/posts\/26298\/revisions"}],"predecessor-version":[{"id":27759,"href":"https:\/\/quantocustaviajar.com\/blog\/wp-json\/wp\/v2\/posts\/26298\/revisions\/27759"}],"wp:featuredmedia":[{"embeddable":true,"href":"https:\/\/quantocustaviajar.com\/blog\/wp-json\/wp\/v2\/media\/26391"}],"wp:attachment":[{"href":"https:\/\/quantocustaviajar.com\/blog\/wp-json\/wp\/v2\/media?parent=26298"}],"wp:term":[{"taxonomy":"category","embeddable":true,"href":"https:\/\/quantocustaviajar.com\/blog\/wp-json\/wp\/v2\/categories?post=26298"},{"taxonomy":"post_tag","embeddable":true,"href":"https:\/\/quantocustaviajar.com\/blog\/wp-json\/wp\/v2\/tags?post=26298"}],"curies":[{"name":"wp","href":"https:\/\/api.w.org\/{rel}","templated":true}]}}