{"id":25600,"date":"2018-07-27T18:42:57","date_gmt":"2018-07-27T18:42:57","guid":{"rendered":"https:\/\/quantocustaviajar.com\/blog\/?p=25600"},"modified":"2022-09-21T19:53:51","modified_gmt":"2022-09-21T19:53:51","slug":"conheca-a-caverna-do-diabo-sao-paulo","status":"publish","type":"post","link":"https:\/\/quantocustaviajar.com\/blog\/conheca-a-caverna-do-diabo-sao-paulo\/","title":{"rendered":"Conhe\u00e7a a Caverna do Diabo, a maior caverna do estado de S\u00e3o Paulo!"},"content":{"rendered":"<p>Que tal tirar o fim de semana para conhecer cavernas lindas? O estado de S\u00e3o Paulo \u00e9 o segundo maior estado no Brasil com concentra\u00e7\u00e3o de cavernas &#8211; perdendo apenas para <a href=\"https:\/\/quantocustaviajar.com\/blog\/cidades-legais-para-viajar-em-minas-gerais\/\">Minas Gerais<\/a> &#8211; e uma delas \u00e9 a <strong>Caverna do Diabo<\/strong>, localizada no munic\u00edpio de <strong>Eldorado<\/strong>.<\/p><div id=\"ez-toc-container\" class=\"ez-toc-v2_0_76 ez-toc-wrap-left counter-hierarchy ez-toc-counter ez-toc-light-blue ez-toc-container-direction\">\n<div class=\"ez-toc-title-container\">\n<p class=\"ez-toc-title\" style=\"cursor:inherit\">Aqui voc\u00ea ir\u00e1 encontrar<\/p>\n<span class=\"ez-toc-title-toggle\"><a href=\"#\" class=\"ez-toc-pull-right ez-toc-btn ez-toc-btn-xs ez-toc-btn-default ez-toc-toggle\" aria-label=\"Alternar tabela de conte\u00fado\"><span class=\"ez-toc-js-icon-con\"><span class=\"\"><span class=\"eztoc-hide\" style=\"display:none;\">Toggle<\/span><span class=\"ez-toc-icon-toggle-span\"><svg style=\"fill: #999;color:#999\" xmlns=\"http:\/\/www.w3.org\/2000\/svg\" class=\"list-377408\" width=\"20px\" height=\"20px\" viewBox=\"0 0 24 24\" fill=\"none\"><path d=\"M6 6H4v2h2V6zm14 0H8v2h12V6zM4 11h2v2H4v-2zm16 0H8v2h12v-2zM4 16h2v2H4v-2zm16 0H8v2h12v-2z\" fill=\"currentColor\"><\/path><\/svg><svg style=\"fill: #999;color:#999\" class=\"arrow-unsorted-368013\" xmlns=\"http:\/\/www.w3.org\/2000\/svg\" width=\"10px\" height=\"10px\" viewBox=\"0 0 24 24\" version=\"1.2\" baseProfile=\"tiny\"><path d=\"M18.2 9.3l-6.2-6.3-6.2 6.3c-.2.2-.3.4-.3.7s.1.5.3.7c.2.2.4.3.7.3h11c.3 0 .5-.1.7-.3.2-.2.3-.5.3-.7s-.1-.5-.3-.7zM5.8 14.7l6.2 6.3 6.2-6.3c.2-.2.3-.5.3-.7s-.1-.5-.3-.7c-.2-.2-.4-.3-.7-.3h-11c-.3 0-.5.1-.7.3-.2.2-.3.5-.3.7s.1.5.3.7z\"\/><\/svg><\/span><\/span><\/span><\/a><\/span><\/div>\n<nav><ul class='ez-toc-list ez-toc-list-level-1 ' ><li class='ez-toc-page-1 ez-toc-heading-level-2'><a class=\"ez-toc-link ez-toc-heading-1\" href=\"https:\/\/quantocustaviajar.com\/blog\/conheca-a-caverna-do-diabo-sao-paulo\/#A_Caverna_do_Diabo\" >A Caverna do Diabo<\/a><ul class='ez-toc-list-level-3' ><li class='ez-toc-heading-level-3'><a class=\"ez-toc-link ez-toc-heading-2\" href=\"https:\/\/quantocustaviajar.com\/blog\/conheca-a-caverna-do-diabo-sao-paulo\/#A_visitacao\" >A visita\u00e7\u00e3o<\/a><\/li><li class='ez-toc-page-1 ez-toc-heading-level-3'><a class=\"ez-toc-link ez-toc-heading-3\" href=\"https:\/\/quantocustaviajar.com\/blog\/conheca-a-caverna-do-diabo-sao-paulo\/#Como_chegar\" >Como chegar<\/a><\/li><li class='ez-toc-page-1 ez-toc-heading-level-3'><a class=\"ez-toc-link ez-toc-heading-4\" href=\"https:\/\/quantocustaviajar.com\/blog\/conheca-a-caverna-do-diabo-sao-paulo\/#Cachoeira_do_Meu_Deus\" >Cachoeira do Meu Deus<\/a><\/li><\/ul><\/li><\/ul><\/nav><\/div>\n\n<p>Ap\u00f3s a<a href=\"https:\/\/quantocustaviajar.com\/blog\/petar-parque-estadual-turistico-do-alto-ribeira\/\" target=\"_blank\" rel=\"noopener noreferrer\"> nossa visita ao <strong>PETAR<\/strong><\/a> (com 12 cavernas abertas para o p\u00fablico), paramos para conhecer a Caverna do Diabo, a maior caverna de S\u00e3o Paulo com mais de 6 km de extens\u00e3o, sendo 600 metros abertos para visita\u00e7\u00e3o.<\/p>\n<p><img loading=\"lazy\" decoding=\"async\" class=\"aligncenter wp-image-25609 size-full\" src=\"https:\/\/quantocustaviajar.com\/blog\/wp-content\/uploads\/2018\/07\/IMG_7438.jpg\" alt=\"\" width=\"800\" height=\"600\" srcset=\"https:\/\/quantocustaviajar.com\/blog\/wp-content\/uploads\/2018\/07\/IMG_7438.jpg 800w, https:\/\/quantocustaviajar.com\/blog\/wp-content\/uploads\/2018\/07\/IMG_7438-300x225.jpg 300w, https:\/\/quantocustaviajar.com\/blog\/wp-content\/uploads\/2018\/07\/IMG_7438-768x576.jpg 768w\" sizes=\"auto, (max-width: 800px) 100vw, 800px\" \/><\/p>\n<h2><span class=\"ez-toc-section\" id=\"A_Caverna_do_Diabo\"><\/span>A Caverna do Diabo<span class=\"ez-toc-section-end\"><\/span><\/h2>\n<p>A caverna foi oficialmente descoberta em 1891 mas povos da regi\u00e3o j\u00e1 utilizavam-a bem antes para estocar alimentos. \u00c9 inclusive da\u00ed que veio o nome de Caverna do Diabo, pois os moradores antigos deixavam seus alimentos na entrada fresca da caverna para conserva\u00e7\u00e3o, mas frequentemente encontravam os alimentos revirados. Acreditavam ent\u00e3o que era &#8220;obra do Diabo&#8221; e assim ela ficou famosa &#8211; na verdade quem mexia nos alimentos, eram os animais da floresta-. Seu nome oficial \u00e9 <strong>Gruta da Tapagem<\/strong>.<\/p>\n<h3><span class=\"ez-toc-section\" id=\"A_visitacao\"><\/span>A visita\u00e7\u00e3o<span class=\"ez-toc-section-end\"><\/span><\/h3>\n<p><img loading=\"lazy\" decoding=\"async\" class=\"aligncenter wp-image-25610 size-full\" src=\"https:\/\/quantocustaviajar.com\/blog\/wp-content\/uploads\/2018\/07\/IMG_7508.jpg\" alt=\"\" width=\"800\" height=\"600\" srcset=\"https:\/\/quantocustaviajar.com\/blog\/wp-content\/uploads\/2018\/07\/IMG_7508.jpg 800w, https:\/\/quantocustaviajar.com\/blog\/wp-content\/uploads\/2018\/07\/IMG_7508-300x225.jpg 300w, https:\/\/quantocustaviajar.com\/blog\/wp-content\/uploads\/2018\/07\/IMG_7508-768x576.jpg 768w\" sizes=\"auto, (max-width: 800px) 100vw, 800px\" \/><\/p>\n<p>A Caverna do Diabo \u00e9 bem preparada turisticamente. H\u00e1 no local um grande restaurante e at\u00e9 lojinha de souvenir, al\u00e9m de banheiros (limpos, no dia que visitamos estava bem movimentado). A visita\u00e7\u00e3o \u00e9 feita em passarelas e escadas seguras sempre acompanhado de um guia. A caverna tem ilumina\u00e7\u00e3o artificial que facilita a visualiza\u00e7\u00e3o de detalhes da beleza do lugar.<\/p>\n<blockquote class=\"instagram-media\" style=\"background: #FFF; border: 0; border-radius: 3px; box-shadow: 0 0 1px 0 rgba(0,0,0,0.5),0 1px 10px 0 rgba(0,0,0,0.15); margin: 1px; max-width: 540px; min-width: 326px; padding: 0; width: calc(100% - 2px);\" data-instgrm-permalink=\"https:\/\/www.instagram.com\/p\/BqsoVYlnGtV\/?utm_source=ig_embed&amp;utm_medium=loading\" data-instgrm-version=\"12\">\n<div style=\"padding: 16px;\">\n<div style=\"display: flex; flex-direction: row; align-items: center;\">\n<div style=\"background-color: #f4f4f4; border-radius: 50%; flex-grow: 0; height: 40px; margin-right: 14px; width: 40px;\"><\/div>\n<div style=\"display: flex; flex-direction: column; flex-grow: 1; justify-content: center;\">\n<div style=\"background-color: #f4f4f4; border-radius: 4px; flex-grow: 0; height: 14px; margin-bottom: 6px; width: 100px;\"><\/div>\n<div style=\"background-color: #f4f4f4; border-radius: 4px; flex-grow: 0; height: 14px; width: 60px;\"><\/div>\n<\/div>\n<\/div>\n<div style=\"padding: 19% 0;\"><\/div>\n<div style=\"display: block; height: 50px; margin: 0 auto 12px; width: 50px;\"><\/div>\n<div style=\"padding-top: 8px;\">\n<div style=\"color: #3897f0; font-family: Arial,sans-serif; font-size: 14px; font-style: normal; font-weight: 550; line-height: 18px;\">Visualizar esta foto no Instagram.<\/div>\n<\/div>\n<div style=\"padding: 12.5% 0;\"><\/div>\n<div style=\"display: flex; flex-direction: row; margin-bottom: 14px; align-items: center;\">\n<div>\n<div style=\"background-color: #f4f4f4; border-radius: 50%; height: 12.5px; width: 12.5px; transform: translateX(0px) translateY(7px);\"><\/div>\n<div style=\"background-color: #f4f4f4; height: 12.5px; transform: rotate(-45deg) translateX(3px) translateY(1px); width: 12.5px; flex-grow: 0; margin-right: 14px; margin-left: 2px;\"><\/div>\n<div style=\"background-color: #f4f4f4; border-radius: 50%; height: 12.5px; width: 12.5px; transform: translateX(9px) translateY(-18px);\"><\/div>\n<\/div>\n<div style=\"margin-left: 8px;\">\n<div style=\"background-color: #f4f4f4; border-radius: 50%; flex-grow: 0; height: 20px; width: 20px;\"><\/div>\n<div style=\"width: 0; height: 0; border-top: 2px solid transparent; border-left: 6px solid #f4f4f4; border-bottom: 2px solid transparent; transform: translateX(16px) translateY(-4px) rotate(30deg);\"><\/div>\n<\/div>\n<div style=\"margin-left: auto;\">\n<div style=\"width: 0px; border-top: 8px solid #F4F4F4; border-right: 8px solid transparent; transform: translateY(16px);\"><\/div>\n<div style=\"background-color: #f4f4f4; flex-grow: 0; height: 12px; width: 16px; transform: translateY(-4px);\"><\/div>\n<div style=\"width: 0; height: 0; border-top: 8px solid #F4F4F4; border-left: 8px solid transparent; transform: translateY(-4px) translateX(8px);\"><\/div>\n<\/div>\n<\/div>\n<div style=\"display: flex; flex-direction: column; flex-grow: 1; justify-content: center; margin-bottom: 24px;\">\n<div style=\"background-color: #f4f4f4; border-radius: 4px; flex-grow: 0; height: 14px; margin-bottom: 6px; width: 224px;\"><\/div>\n<div style=\"background-color: #f4f4f4; border-radius: 4px; flex-grow: 0; height: 14px; width: 144px;\"><\/div>\n<\/div>\n<p style=\"color: #c9c8cd; font-family: Arial,sans-serif; font-size: 14px; line-height: 17px; margin-bottom: 0; margin-top: 8px; overflow: hidden; padding: 8px 0 7px; text-align: center; text-overflow: ellipsis; white-space: nowrap;\"><a style=\"color: #c9c8cd; font-family: Arial,sans-serif; font-size: 14px; font-style: normal; font-weight: normal; line-height: 17px; text-decoration: none;\" href=\"https:\/\/www.instagram.com\/p\/BqsoVYlnGtV\/?utm_source=ig_embed&amp;utm_medium=loading\" target=\"_blank\" rel=\"noopener noreferrer\">Uma publica\u00e7\u00e3o compartilhada por Quanto custa Viajar (@quantocustaviajar)<\/a> em <time style=\"font-family: Arial,sans-serif; font-size: 14px; line-height: 17px;\" datetime=\"2018-11-27T20:33:50+00:00\">27 de Nov, 2018 \u00e0s 12:33 PST<\/time><\/p>\n<\/div>\n<\/blockquote>\n<p><script async=\"\" src=\"\/\/www.instagram.com\/embed.js\"><\/script><br \/>\n<strong>Paga-se R$30 para entrar<\/strong>, sendo R$15 a entrada do N\u00facleo Caverna do Diabo (al\u00e9m da caverna, h\u00e1 trilhas com cachoeiras) e R$15 o guia para a caverna. A trilha para a caverna \u00e9 bem tranquila e curta.&nbsp;A Caverna do Diabo fica aberta para visita\u00e7\u00e3o de 3a feira a Domingo das 8h \u00e0s 17h.<\/p>\n<p><img loading=\"lazy\" decoding=\"async\" class=\"aligncenter wp-image-25605 size-full\" src=\"https:\/\/quantocustaviajar.com\/blog\/wp-content\/uploads\/2018\/07\/IMG_7439.jpg\" alt=\"\" width=\"750\" height=\"1000\" srcset=\"https:\/\/quantocustaviajar.com\/blog\/wp-content\/uploads\/2018\/07\/IMG_7439.jpg 750w, https:\/\/quantocustaviajar.com\/blog\/wp-content\/uploads\/2018\/07\/IMG_7439-225x300.jpg 225w\" sizes=\"auto, (max-width: 750px) 100vw, 750px\" \/><\/p>\n<p>A visita demora em torno de 1h para andar, observar, tirar fotos e escutar as explica\u00e7\u00f5es do guia. S\u00e3o grupos de at\u00e9 12 pessoas.<\/p>\n<p><img loading=\"lazy\" decoding=\"async\" class=\"aligncenter size-full wp-image-41327\" src=\"https:\/\/quantocustaviajar.com\/blog\/wp-content\/uploads\/2018\/07\/caverna_diabo.jpg\" alt=\"\" width=\"1000\" height=\"750\" srcset=\"https:\/\/quantocustaviajar.com\/blog\/wp-content\/uploads\/2018\/07\/caverna_diabo.jpg 1000w, https:\/\/quantocustaviajar.com\/blog\/wp-content\/uploads\/2018\/07\/caverna_diabo-300x225.jpg 300w, https:\/\/quantocustaviajar.com\/blog\/wp-content\/uploads\/2018\/07\/caverna_diabo-768x576.jpg 768w\" sizes=\"auto, (max-width: 1000px) 100vw, 1000px\" \/><\/p>\n<h3><span class=\"ez-toc-section\" id=\"Como_chegar\"><\/span>Como chegar<span class=\"ez-toc-section-end\"><\/span><\/h3>\n<p>A Caverna do Diabo fica entre as cidades de Eldorado e <a href=\"https:\/\/quantocustaviajar.com\/blog\/guia-de-iporanga\/\">Iporanga<\/a> em S\u00e3o Paulo,&nbsp; o acesso \u00e9 feito pela SP 165 onde h\u00e1 placas mostrando a localiza\u00e7\u00e3o. Fica a 253 km de Curitiba e 289 km de S\u00e3o Paulo. Tanto a SP 165 quanto a estradinha que leva at\u00e9 a entrada da caverna s\u00e3o asfaltadas. <a href=\"https:\/\/www.google.com.br\/maps\/place\/Caverna+do+Diabo\/@-24.0460906,-47.994027,9z\/data=!4m5!3m4!1s0x94c4b619254bccfb:0x81b32ea3eb5d4955!8m2!3d-24.6361933!4d-48.404316\" target=\"_blank\" rel=\"noopener noreferrer\">Confira no mapa.<\/a><\/p>\n<p>A caverna tamb\u00e9m fica na rota de quem est\u00e1 indo ou voltando do <strong><a href=\"https:\/\/quantocustaviajar.com\/blog\/petar-parque-estadual-turistico-do-alto-ribeira\/\">PETAR<\/a><\/strong>, ent\u00e3o vale a pena fazer o combo <strong>PETAR + Caverna do Diabo<\/strong> e tamb\u00e9m a <strong>Cachoeira do Meu Deus.<\/strong><\/p>\n<h3><span class=\"ez-toc-section\" id=\"Cachoeira_do_Meu_Deus\"><\/span>Cachoeira do Meu Deus<span class=\"ez-toc-section-end\"><\/span><\/h3>\n<p><img loading=\"lazy\" decoding=\"async\" class=\"aligncenter wp-image-25606 size-full\" src=\"https:\/\/quantocustaviajar.com\/blog\/wp-content\/uploads\/2018\/07\/IMG_7532.jpg\" alt=\"\" width=\"800\" height=\"600\" srcset=\"https:\/\/quantocustaviajar.com\/blog\/wp-content\/uploads\/2018\/07\/IMG_7532.jpg 800w, https:\/\/quantocustaviajar.com\/blog\/wp-content\/uploads\/2018\/07\/IMG_7532-300x225.jpg 300w, https:\/\/quantocustaviajar.com\/blog\/wp-content\/uploads\/2018\/07\/IMG_7532-768x576.jpg 768w\" sizes=\"auto, (max-width: 800px) 100vw, 800px\" \/><\/p>\n<p>Pertinho da Caverna do Diabo (9 km), a cachoeira do Meu Deus \u00e9 formada pela \u00e1gua que atravessa a caverna. \u00c9 uma queda de 53 metros de altura e j\u00e1 foi considerada a cachoeira mais bonita do estado de S\u00e3o Paulo.<\/p>\n<p><strong>A entrada custa R$15 <\/strong>e tem uma trilha curta de n\u00edvel f\u00e1cil para m\u00e9dio (precisa atravessar o rio com \u00e1gua na canela e pegar uma pequena subida com apoio de corda).<\/p>\n<p>\u00c9 uma cachoeira muito bonita que vale a pena incluir nesse passeio! O hor\u00e1rio de visita\u00e7\u00e3o da Cachoeira do Meu Deus \u00e9 das 7h \u00e0s 17h.<\/p>\n<p><img loading=\"lazy\" decoding=\"async\" class=\"aligncenter wp-image-25604 size-full\" src=\"https:\/\/quantocustaviajar.com\/blog\/wp-content\/uploads\/2018\/07\/IMG_7574.jpg\" alt=\"\" width=\"750\" height=\"1000\" srcset=\"https:\/\/quantocustaviajar.com\/blog\/wp-content\/uploads\/2018\/07\/IMG_7574.jpg 750w, https:\/\/quantocustaviajar.com\/blog\/wp-content\/uploads\/2018\/07\/IMG_7574-225x300.jpg 225w\" sizes=\"auto, (max-width: 750px) 100vw, 750px\" \/><\/p>\n<p>Existe outra trilha para essa cachoeira, mas \u00e9 para os mais aventureiros.&nbsp;\u00c9 a trilha completa do Vale das Ostras que inclui mais 11 quedas e dura 5h. Nesse caso \u00e9 obrigat\u00f3rio contar com a presen\u00e7a de um&nbsp;monitor.<\/p>\n<p><a href=\"https:\/\/quantocustaviajar.com\/blog\/petar-parque-estadual-turistico-do-alto-ribeira\/\" target=\"_blank\" rel=\"noopener noreferrer\"><strong>Para saber mais sobre nossa viagem ao PETAR, clique aqui!<\/strong><\/a><\/p>\n<blockquote class=\"instagram-media\" style=\"background: #FFF; border: 0; border-radius: 3px; box-shadow: 0 0 1px 0 rgba(0,0,0,0.5),0 1px 10px 0 rgba(0,0,0,0.15); margin: 1px; max-width: 540px; min-width: 326px; padding: 0; width: calc(100% - 2px);\" data-instgrm-permalink=\"https:\/\/www.instagram.com\/p\/BlomnHVAAUi\/\" data-instgrm-version=\"9\">\n<div style=\"padding: 8px;\">\n<div style=\"background: #F8F8F8; line-height: 0; margin-top: 40px; padding: 50.0% 0; text-align: center; width: 100%;\">\n<div style=\"background: url(data:image\/png; base64,ivborw0kggoaaaansuheugaaacwaaaascamaaaapwqozaaaabgdbtueaalgpc\/xhbqaaaafzukdcak7ohokaaaamuexurczmzpf399fx1+bm5mzy9amaaadisurbvdjlvzxbesmgces5\/p8\/t9furvcrmu73jwlzosgsiizurcjo\/ad+eqjjb4hv8bft+idpqocx1wjosbfhh2xssxeiyn3uli\/6mnree07uiwjev8ueowds88ly97kqytlijkktuybbruayvh5wohixmpi5we58ek028czwyuqdlkpg1bkb4nnm+veanfhqn1k4+gpt6ugqcvu2h2ovuif\/gwufyy8owepdyzsa3avcqpvovvzzz2vtnn2wu8qzvjddeto90gsy9mvlqtgysy231mxry6i2ggqjrty0l8fxcxfcbbhwrsyyaaaaaelftksuqmcc); display: block; height: 44px; margin: 0 auto -44px; position: relative; top: -22px; width: 44px;\"><\/div>\n<\/div>\n<p style=\"color: #c9c8cd; font-family: Arial,sans-serif; font-size: 14px; line-height: 17px; margin-bottom: 0; margin-top: 8px; overflow: hidden; padding: 8px 0 7px; text-align: center; text-overflow: ellipsis; white-space: nowrap;\"><a style=\"color: #c9c8cd; font-family: Arial,sans-serif; font-size: 14px; font-style: normal; font-weight: normal; line-height: 17px; text-decoration: none;\" href=\"https:\/\/www.instagram.com\/p\/BlomnHVAAUi\/\" target=\"_blank\" rel=\"noopener noreferrer\">Uma publica\u00e7\u00e3o compartilhada por Quanto custa Viajar (@quantocustaviajar)<\/a> em <time style=\"font-family: Arial,sans-serif; font-size: 14px; line-height: 17px;\" datetime=\"2018-07-25T00:24:50+00:00\">24 de Jul, 2018 \u00e0s 5:24 PDT<\/time><\/p>\n<\/div>\n<\/blockquote>\n<p><script async=\"\" defer=\"\" src=\"\/\/www.instagram.com\/embed.js\"><\/script><\/p>\n","protected":false},"excerpt":{"rendered":"<p>Que tal tirar o fim de semana para conhecer cavernas lindas? O estado de S\u00e3o Paulo \u00e9 o segundo maior estado no Brasil com concentra\u00e7\u00e3o de cavernas &#8211; perdendo apenas para Minas Gerais &#8211; e uma delas \u00e9 a Caverna do Diabo, localizada no munic\u00edpio de Eldorado. Ap\u00f3s a nossa visita ao PETAR (com 12 [&hellip;]<\/p>\n","protected":false},"author":2,"featured_media":41327,"comment_status":"open","ping_status":"open","sticky":false,"template":"","format":"standard","meta":{"cybocfi_hide_featured_image":"","footnotes":""},"categories":[1437,1434,646],"tags":[1485,266,421,687,3104,3103,1431],"class_list":["post-25600","post","type-post","status-publish","format-standard","has-post-thumbnail","hentry","category-ao-ar-livre","category-descubra-brasil","category-nossas-experiencias","tag-americadosul","tag-brasil","tag-cachoeira","tag-caverna","tag-caverna-do-diabo","tag-cavernadodiabo","tag-saopaulo"],"blocksy_meta":[],"yoast_head":"<!-- This site is optimized with the Yoast SEO plugin v26.3 - https:\/\/yoast.com\/wordpress\/plugins\/seo\/ -->\n<title>Conhe\u00e7a a Caverna do Diabo, a maior caverna do estado de S\u00e3o Paulo!<\/title>\n<meta name=\"description\" content=\"Que tal tirar o fim de semana para conhecer cavernas lindas? O Estado de S\u00e3o Paulo \u00e9 cheio de cavernas e uma delas \u00e9 a Caverna do Diabo.\" \/>\n<meta name=\"robots\" content=\"index, follow, max-snippet:-1, max-image-preview:large, max-video-preview:-1\" \/>\n<link rel=\"canonical\" href=\"https:\/\/quantocustaviajar.com\/blog\/conheca-a-caverna-do-diabo-sao-paulo\/\" \/>\n<meta property=\"og:locale\" content=\"pt_BR\" \/>\n<meta property=\"og:type\" content=\"article\" \/>\n<meta property=\"og:title\" content=\"Caverna do Diabo e Cachoeira Queda do Meu Deus no interior de SP\" \/>\n<meta property=\"og:description\" content=\"Que tal tirar o fim de semana para conhecer cavernas lindas? O Estado de S\u00e3o Paulo \u00e9 cheio de cavernas e uma delas \u00e9 a Caverna do Diabo.\" \/>\n<meta property=\"og:url\" content=\"https:\/\/quantocustaviajar.com\/blog\/conheca-a-caverna-do-diabo-sao-paulo\/\" \/>\n<meta property=\"og:site_name\" content=\"Blog Quanto Custa Viajar\" \/>\n<meta property=\"article:publisher\" content=\"https:\/\/www.facebook.com\/quantocustaviajar\" \/>\n<meta property=\"article:published_time\" content=\"2018-07-27T18:42:57+00:00\" \/>\n<meta property=\"article:modified_time\" content=\"2022-09-21T19:53:51+00:00\" \/>\n<meta property=\"og:image\" content=\"https:\/\/quantocustaviajar.com\/blog\/wp-content\/uploads\/2018\/07\/cachoeira_meudeus.jpg\" \/>\n\t<meta property=\"og:image:width\" content=\"1000\" \/>\n\t<meta property=\"og:image:height\" content=\"750\" \/>\n\t<meta property=\"og:image:type\" content=\"image\/jpeg\" \/>\n<meta name=\"author\" content=\"Amanda Santiago\" \/>\n<meta name=\"twitter:card\" content=\"summary_large_image\" \/>\n<meta name=\"twitter:label1\" content=\"Escrito por\" \/>\n\t<meta name=\"twitter:data1\" content=\"Amanda Santiago\" \/>\n\t<meta name=\"twitter:label2\" content=\"Est. tempo de leitura\" \/>\n\t<meta name=\"twitter:data2\" content=\"5 minutos\" \/>\n<!-- \/ Yoast SEO plugin. -->","yoast_head_json":{"title":"Conhe\u00e7a a Caverna do Diabo, a maior caverna do estado de S\u00e3o Paulo!","description":"Que tal tirar o fim de semana para conhecer cavernas lindas? O Estado de S\u00e3o Paulo \u00e9 cheio de cavernas e uma delas \u00e9 a Caverna do Diabo.","robots":{"index":"index","follow":"follow","max-snippet":"max-snippet:-1","max-image-preview":"max-image-preview:large","max-video-preview":"max-video-preview:-1"},"canonical":"https:\/\/quantocustaviajar.com\/blog\/conheca-a-caverna-do-diabo-sao-paulo\/","og_locale":"pt_BR","og_type":"article","og_title":"Caverna do Diabo e Cachoeira Queda do Meu Deus no interior de SP","og_description":"Que tal tirar o fim de semana para conhecer cavernas lindas? O Estado de S\u00e3o Paulo \u00e9 cheio de cavernas e uma delas \u00e9 a Caverna do Diabo.","og_url":"https:\/\/quantocustaviajar.com\/blog\/conheca-a-caverna-do-diabo-sao-paulo\/","og_site_name":"Blog Quanto Custa Viajar","article_publisher":"https:\/\/www.facebook.com\/quantocustaviajar","article_published_time":"2018-07-27T18:42:57+00:00","article_modified_time":"2022-09-21T19:53:51+00:00","og_image":[{"width":1000,"height":750,"url":"https:\/\/quantocustaviajar.com\/blog\/wp-content\/uploads\/2018\/07\/cachoeira_meudeus.jpg","type":"image\/jpeg"}],"author":"Amanda Santiago","twitter_card":"summary_large_image","twitter_misc":{"Escrito por":"Amanda Santiago","Est. tempo de leitura":"5 minutos"},"schema":{"@context":"https:\/\/schema.org","@graph":[{"@type":["Article","BlogPosting"],"@id":"https:\/\/quantocustaviajar.com\/blog\/conheca-a-caverna-do-diabo-sao-paulo\/#article","isPartOf":{"@id":"https:\/\/quantocustaviajar.com\/blog\/conheca-a-caverna-do-diabo-sao-paulo\/"},"author":{"name":"Amanda Santiago","@id":"https:\/\/quantocustaviajar.com\/blog\/#\/schema\/person\/8d533436e500ca6735cd4c99bc5bd636"},"headline":"Conhe\u00e7a a Caverna do Diabo, a maior caverna do estado de S\u00e3o Paulo!","datePublished":"2018-07-27T18:42:57+00:00","dateModified":"2022-09-21T19:53:51+00:00","mainEntityOfPage":{"@id":"https:\/\/quantocustaviajar.com\/blog\/conheca-a-caverna-do-diabo-sao-paulo\/"},"wordCount":614,"commentCount":6,"publisher":{"@id":"https:\/\/quantocustaviajar.com\/blog\/#organization"},"image":{"@id":"https:\/\/quantocustaviajar.com\/blog\/conheca-a-caverna-do-diabo-sao-paulo\/#primaryimage"},"thumbnailUrl":"https:\/\/quantocustaviajar.com\/blog\/wp-content\/uploads\/2018\/07\/caverna_diabo.jpg","keywords":["americadosul","Brasil","cachoeira","caverna","caverna do diabo","cavernadodiabo","saopaulo"],"articleSection":["Ao Ar Livre","Descubra o Brasil","Nossas experi\u00eancias"],"inLanguage":"pt-BR","potentialAction":[{"@type":"CommentAction","name":"Comment","target":["https:\/\/quantocustaviajar.com\/blog\/conheca-a-caverna-do-diabo-sao-paulo\/#respond"]}]},{"@type":"WebPage","@id":"https:\/\/quantocustaviajar.com\/blog\/conheca-a-caverna-do-diabo-sao-paulo\/","url":"https:\/\/quantocustaviajar.com\/blog\/conheca-a-caverna-do-diabo-sao-paulo\/","name":"Conhe\u00e7a a Caverna do Diabo, a maior caverna do estado de S\u00e3o Paulo!","isPartOf":{"@id":"https:\/\/quantocustaviajar.com\/blog\/#website"},"primaryImageOfPage":{"@id":"https:\/\/quantocustaviajar.com\/blog\/conheca-a-caverna-do-diabo-sao-paulo\/#primaryimage"},"image":{"@id":"https:\/\/quantocustaviajar.com\/blog\/conheca-a-caverna-do-diabo-sao-paulo\/#primaryimage"},"thumbnailUrl":"https:\/\/quantocustaviajar.com\/blog\/wp-content\/uploads\/2018\/07\/caverna_diabo.jpg","datePublished":"2018-07-27T18:42:57+00:00","dateModified":"2022-09-21T19:53:51+00:00","description":"Que tal tirar o fim de semana para conhecer cavernas lindas? O Estado de S\u00e3o Paulo \u00e9 cheio de cavernas e uma delas \u00e9 a Caverna do Diabo.","breadcrumb":{"@id":"https:\/\/quantocustaviajar.com\/blog\/conheca-a-caverna-do-diabo-sao-paulo\/#breadcrumb"},"inLanguage":"pt-BR","potentialAction":[{"@type":"ReadAction","target":["https:\/\/quantocustaviajar.com\/blog\/conheca-a-caverna-do-diabo-sao-paulo\/"]}]},{"@type":"ImageObject","inLanguage":"pt-BR","@id":"https:\/\/quantocustaviajar.com\/blog\/conheca-a-caverna-do-diabo-sao-paulo\/#primaryimage","url":"https:\/\/quantocustaviajar.com\/blog\/wp-content\/uploads\/2018\/07\/caverna_diabo.jpg","contentUrl":"https:\/\/quantocustaviajar.com\/blog\/wp-content\/uploads\/2018\/07\/caverna_diabo.jpg","width":1000,"height":750},{"@type":"BreadcrumbList","@id":"https:\/\/quantocustaviajar.com\/blog\/conheca-a-caverna-do-diabo-sao-paulo\/#breadcrumb","itemListElement":[{"@type":"ListItem","position":1,"name":"In\u00edcio","item":"https:\/\/quantocustaviajar.com\/blog\/"},{"@type":"ListItem","position":2,"name":"Conhe\u00e7a a Caverna do Diabo, a maior caverna do estado de S\u00e3o Paulo!"}]},{"@type":"WebSite","@id":"https:\/\/quantocustaviajar.com\/blog\/#website","url":"https:\/\/quantocustaviajar.com\/blog\/","name":"Blog Quanto Custa Viajar","description":"","publisher":{"@id":"https:\/\/quantocustaviajar.com\/blog\/#organization"},"potentialAction":[{"@type":"SearchAction","target":{"@type":"EntryPoint","urlTemplate":"https:\/\/quantocustaviajar.com\/blog\/?s={search_term_string}"},"query-input":{"@type":"PropertyValueSpecification","valueRequired":true,"valueName":"search_term_string"}}],"inLanguage":"pt-BR"},{"@type":"Organization","@id":"https:\/\/quantocustaviajar.com\/blog\/#organization","name":"Quanto Custa Viajar","url":"https:\/\/quantocustaviajar.com\/blog\/","logo":{"@type":"ImageObject","inLanguage":"pt-BR","@id":"https:\/\/quantocustaviajar.com\/blog\/#\/schema\/logo\/image\/","url":"","contentUrl":"","caption":"Quanto Custa Viajar"},"image":{"@id":"https:\/\/quantocustaviajar.com\/blog\/#\/schema\/logo\/image\/"},"sameAs":["https:\/\/www.facebook.com\/quantocustaviajar"]},{"@type":"Person","@id":"https:\/\/quantocustaviajar.com\/blog\/#\/schema\/person\/8d533436e500ca6735cd4c99bc5bd636","name":"Amanda Santiago","image":{"@type":"ImageObject","inLanguage":"pt-BR","@id":"https:\/\/quantocustaviajar.com\/blog\/#\/schema\/person\/image\/","url":"https:\/\/secure.gravatar.com\/avatar\/6ae7919a737f4b8970848cde3cbbad4504863a680819a8d5effa9058ed9bc6b2?s=96&d=mm&r=g","contentUrl":"https:\/\/secure.gravatar.com\/avatar\/6ae7919a737f4b8970848cde3cbbad4504863a680819a8d5effa9058ed9bc6b2?s=96&d=mm&r=g","caption":"Amanda Santiago"},"description":"Co-fundadora do Quanto Custa Viajar. Ama conhecer novos lugares, culturas, pessoas e comidas!","sameAs":["https:\/\/www.linkedin.com\/in\/amanda-santiago-51267a31\/"],"url":"https:\/\/quantocustaviajar.com\/blog\/author\/mandsantiago\/"}]}},"_links":{"self":[{"href":"https:\/\/quantocustaviajar.com\/blog\/wp-json\/wp\/v2\/posts\/25600","targetHints":{"allow":["GET"]}}],"collection":[{"href":"https:\/\/quantocustaviajar.com\/blog\/wp-json\/wp\/v2\/posts"}],"about":[{"href":"https:\/\/quantocustaviajar.com\/blog\/wp-json\/wp\/v2\/types\/post"}],"author":[{"embeddable":true,"href":"https:\/\/quantocustaviajar.com\/blog\/wp-json\/wp\/v2\/users\/2"}],"replies":[{"embeddable":true,"href":"https:\/\/quantocustaviajar.com\/blog\/wp-json\/wp\/v2\/comments?post=25600"}],"version-history":[{"count":11,"href":"https:\/\/quantocustaviajar.com\/blog\/wp-json\/wp\/v2\/posts\/25600\/revisions"}],"predecessor-version":[{"id":55188,"href":"https:\/\/quantocustaviajar.com\/blog\/wp-json\/wp\/v2\/posts\/25600\/revisions\/55188"}],"wp:featuredmedia":[{"embeddable":true,"href":"https:\/\/quantocustaviajar.com\/blog\/wp-json\/wp\/v2\/media\/41327"}],"wp:attachment":[{"href":"https:\/\/quantocustaviajar.com\/blog\/wp-json\/wp\/v2\/media?parent=25600"}],"wp:term":[{"taxonomy":"category","embeddable":true,"href":"https:\/\/quantocustaviajar.com\/blog\/wp-json\/wp\/v2\/categories?post=25600"},{"taxonomy":"post_tag","embeddable":true,"href":"https:\/\/quantocustaviajar.com\/blog\/wp-json\/wp\/v2\/tags?post=25600"}],"curies":[{"name":"wp","href":"https:\/\/api.w.org\/{rel}","templated":true}]}}