{"id":2558,"date":"2024-12-13T12:17:00","date_gmt":"2024-12-13T12:17:00","guid":{"rendered":"http:\/\/quantocustaviajar.com\/blog\/?p=2558"},"modified":"2025-06-10T19:20:58","modified_gmt":"2025-06-10T19:20:58","slug":"sky-costanera-mirante-em-santiago","status":"publish","type":"post","link":"https:\/\/quantocustaviajar.com\/blog\/sky-costanera-mirante-em-santiago\/","title":{"rendered":"Sky Costanera: o mirante mais alto da Am\u00e9rica do Sul em Santiago"},"content":{"rendered":"<p>Seja levada \u00e0s alturas em <strong>Santiago, no Chile<\/strong>! Para isso, basta visitar o <strong>Sky Costanera<\/strong>, mirante mais alto da Am\u00e9rica do Sul com 300 metros de altura.<\/p><div id=\"ez-toc-container\" class=\"ez-toc-v2_0_76 ez-toc-wrap-left counter-hierarchy ez-toc-counter ez-toc-light-blue ez-toc-container-direction\">\n<div class=\"ez-toc-title-container\">\n<p class=\"ez-toc-title\" style=\"cursor:inherit\">Aqui voc\u00ea ir\u00e1 encontrar<\/p>\n<span class=\"ez-toc-title-toggle\"><a href=\"#\" class=\"ez-toc-pull-right ez-toc-btn ez-toc-btn-xs ez-toc-btn-default ez-toc-toggle\" aria-label=\"Alternar tabela de conte\u00fado\"><span class=\"ez-toc-js-icon-con\"><span class=\"\"><span class=\"eztoc-hide\" style=\"display:none;\">Toggle<\/span><span class=\"ez-toc-icon-toggle-span\"><svg style=\"fill: #999;color:#999\" xmlns=\"http:\/\/www.w3.org\/2000\/svg\" class=\"list-377408\" width=\"20px\" height=\"20px\" viewBox=\"0 0 24 24\" fill=\"none\"><path d=\"M6 6H4v2h2V6zm14 0H8v2h12V6zM4 11h2v2H4v-2zm16 0H8v2h12v-2zM4 16h2v2H4v-2zm16 0H8v2h12v-2z\" fill=\"currentColor\"><\/path><\/svg><svg style=\"fill: #999;color:#999\" class=\"arrow-unsorted-368013\" xmlns=\"http:\/\/www.w3.org\/2000\/svg\" width=\"10px\" height=\"10px\" viewBox=\"0 0 24 24\" version=\"1.2\" baseProfile=\"tiny\"><path d=\"M18.2 9.3l-6.2-6.3-6.2 6.3c-.2.2-.3.4-.3.7s.1.5.3.7c.2.2.4.3.7.3h11c.3 0 .5-.1.7-.3.2-.2.3-.5.3-.7s-.1-.5-.3-.7zM5.8 14.7l6.2 6.3 6.2-6.3c.2-.2.3-.5.3-.7s-.1-.5-.3-.7c-.2-.2-.4-.3-.7-.3h-11c-.3 0-.5.1-.7.3-.2.2-.3.5-.3.7s.1.5.3.7z\"\/><\/svg><\/span><\/span><\/span><\/a><\/span><\/div>\n<nav><ul class='ez-toc-list ez-toc-list-level-1 ' ><li class='ez-toc-page-1 ez-toc-heading-level-2'><a class=\"ez-toc-link ez-toc-heading-1\" href=\"https:\/\/quantocustaviajar.com\/blog\/sky-costanera-mirante-em-santiago\/#Sky_Costanera_mirante_em_Santiago_para_voce_conhecer\" >Sky Costanera: mirante em Santiago para voc\u00ea conhecer<\/a><\/li><li class='ez-toc-page-1 ez-toc-heading-level-2'><a class=\"ez-toc-link ez-toc-heading-2\" href=\"https:\/\/quantocustaviajar.com\/blog\/sky-costanera-mirante-em-santiago\/#Dica_esperta_um_por_do_sol_para_se_apaixonar\" >Dica esperta: um p\u00f4r do sol para se apaixonar<\/a><\/li><li class='ez-toc-page-1 ez-toc-heading-level-2'><a class=\"ez-toc-link ez-toc-heading-3\" href=\"https:\/\/quantocustaviajar.com\/blog\/sky-costanera-mirante-em-santiago\/#Como_chegar_ao_Sky_Costanera_em_Santiago\" >Como chegar ao Sky Costanera em Santiago?<\/a><\/li><li class='ez-toc-page-1 ez-toc-heading-level-2'><a class=\"ez-toc-link ez-toc-heading-4\" href=\"https:\/\/quantocustaviajar.com\/blog\/sky-costanera-mirante-em-santiago\/#Quanto_custa_para_subir_no_mirante_Sky_Costanera\" >Quanto custa para subir no mirante Sky Costanera?<\/a><\/li><li class='ez-toc-page-1 ez-toc-heading-level-2'><a class=\"ez-toc-link ez-toc-heading-5\" href=\"https:\/\/quantocustaviajar.com\/blog\/sky-costanera-mirante-em-santiago\/#Qual_a_melhor_epoca_para_ir_para_Santiago\" >Qual a melhor \u00e9poca para ir para Santiago?<\/a><\/li><li class='ez-toc-page-1 ez-toc-heading-level-2'><a class=\"ez-toc-link ez-toc-heading-6\" href=\"https:\/\/quantocustaviajar.com\/blog\/sky-costanera-mirante-em-santiago\/#Passeios_em_Santiago_alem_do_Sky_Costanera\" >Passeios em Santiago al\u00e9m do Sky Costanera<\/a><ul class='ez-toc-list-level-3' ><li class='ez-toc-heading-level-3'><a class=\"ez-toc-link ez-toc-heading-7\" href=\"https:\/\/quantocustaviajar.com\/blog\/sky-costanera-mirante-em-santiago\/#Passeios_que_valem_a_pena_mas_sao_mais_longes_do_Sky_Costanera\" >Passeios que valem a pena mas s\u00e3o mais longes do Sky Costanera<\/a><\/li><\/ul><\/li><\/ul><\/nav><\/div>\n\n<p>Localizado nos \u00faltimos andares da Torre 2 do Gran Torre Santiago, o mirante proporciona aos turistas uma vista de 360\u00ba da capital chilena. \u00c9 um cen\u00e1rio capaz de deixar todo mundo apaixonado!<\/p>\n<blockquote><p><a href=\"https:\/\/www.turismocity.com.br\/passagens-aereas-para-SCL-Arturo_Merino_Benitez?utm_source=qcv&amp;utm_medium=blog\" target=\"_blank\" rel=\"noopener\"><strong>Partiu Santiago? Encontre sua passagem a\u00e9rea com melhor pre\u00e7o!<\/strong><\/a><\/p><\/blockquote>\n<h2><span class=\"ez-toc-section\" id=\"Sky_Costanera_mirante_em_Santiago_para_voce_conhecer\"><\/span>Sky Costanera: mirante em Santiago para voc\u00ea conhecer<span class=\"ez-toc-section-end\"><\/span><\/h2>\n<figure id=\"attachment_29203\" aria-describedby=\"caption-attachment-29203\" style=\"width: 1000px\" class=\"wp-caption aligncenter\"><img loading=\"lazy\" decoding=\"async\" class=\"size-full wp-image-29203\" src=\"https:\/\/quantocustaviajar.com\/blog\/wp-content\/uploads\/2015\/09\/sky-costanera-1.jpg\" alt=\"sky costanera\" width=\"1000\" height=\"563\" srcset=\"https:\/\/quantocustaviajar.com\/blog\/wp-content\/uploads\/2015\/09\/sky-costanera-1.jpg 1000w, https:\/\/quantocustaviajar.com\/blog\/wp-content\/uploads\/2015\/09\/sky-costanera-1-300x169.jpg 300w, https:\/\/quantocustaviajar.com\/blog\/wp-content\/uploads\/2015\/09\/sky-costanera-1-768x432.jpg 768w\" sizes=\"auto, (max-width: 1000px) 100vw, 1000px\" \/><figcaption id=\"caption-attachment-29203\" class=\"wp-caption-text\">Foto: <a href=\"http:\/\/www.skycostanera.cl\/pt\/fotos-e-videos\/\" target=\"_blank\" rel=\"noopener\">Divulga\u00e7\u00e3o Sky Costanera<\/a><\/figcaption><\/figure>\n<p>A torre tem, ao todo, 300 metros de altura, com vista que alcan\u00e7a os centros de esqui da Cordilheira dos Andes e o Templo Votivo de Maip\u00fa.&nbsp;O elevador sobe os 300 metros em menos de um minuto! Assim que sair do elevador, de cara voc\u00ea ser\u00e1 impactada com a vista da Cordilheira dos Andes.<\/p>\n<p>O 61\u00ba andar do mirante \u00e9 um espa\u00e7o fechado, cercado por vidros e com pilares que indicam 23 pontos de interesse a serem observados em Santiago. O 62\u00ba andar \u00e9 um mirante tamb\u00e9m cercado por vidros, a diferen\u00e7a \u00e9 que aqui o teto \u00e9 aberto. Em ambos pisos h\u00e1 bin\u00f3culos de longo alcance para voc\u00ea bisbilhotar todos os cantinhos da cidade.<\/p>\n<figure id=\"attachment_29210\" aria-describedby=\"caption-attachment-29210\" style=\"width: 1000px\" class=\"wp-caption aligncenter\"><img loading=\"lazy\" decoding=\"async\" class=\"size-full wp-image-29210\" src=\"https:\/\/quantocustaviajar.com\/blog\/wp-content\/uploads\/2015\/09\/sky-costanera-13.jpg\" alt=\"sky costanera\" width=\"1000\" height=\"563\" srcset=\"https:\/\/quantocustaviajar.com\/blog\/wp-content\/uploads\/2015\/09\/sky-costanera-13.jpg 1000w, https:\/\/quantocustaviajar.com\/blog\/wp-content\/uploads\/2015\/09\/sky-costanera-13-300x169.jpg 300w, https:\/\/quantocustaviajar.com\/blog\/wp-content\/uploads\/2015\/09\/sky-costanera-13-768x432.jpg 768w\" sizes=\"auto, (max-width: 1000px) 100vw, 1000px\" \/><figcaption id=\"caption-attachment-29210\" class=\"wp-caption-text\">Foto: <a href=\"http:\/\/www.skycostanera.cl\/pt\/fotos-e-videos\/\" target=\"_blank\" rel=\"noopener\">Divulga\u00e7\u00e3o Sky Costanera<\/a><\/figcaption><\/figure>\n<blockquote><p><a href=\"https:\/\/www.turismocity.com.br\/hoteis-en-Santiago_Chile\/\" target=\"_blank\" rel=\"noopener\"><strong>Onde se hospedar em Santiago, no Chile? Encontre os melhores hot\u00e9is para sua viagem<\/strong><\/a><\/p><\/blockquote>\n<figure id=\"attachment_29211\" aria-describedby=\"caption-attachment-29211\" style=\"width: 1280px\" class=\"wp-caption aligncenter\"><img loading=\"lazy\" decoding=\"async\" class=\"size-full wp-image-29211\" src=\"https:\/\/quantocustaviajar.com\/blog\/wp-content\/uploads\/2015\/09\/sky-costanera-12.jpg\" alt=\"sky costanera mirante em santiago\" width=\"1280\" height=\"566\" srcset=\"https:\/\/quantocustaviajar.com\/blog\/wp-content\/uploads\/2015\/09\/sky-costanera-12.jpg 1280w, https:\/\/quantocustaviajar.com\/blog\/wp-content\/uploads\/2015\/09\/sky-costanera-12-300x133.jpg 300w, https:\/\/quantocustaviajar.com\/blog\/wp-content\/uploads\/2015\/09\/sky-costanera-12-768x340.jpg 768w, https:\/\/quantocustaviajar.com\/blog\/wp-content\/uploads\/2015\/09\/sky-costanera-12-1024x453.jpg 1024w\" sizes=\"auto, (max-width: 1280px) 100vw, 1280px\" \/><figcaption id=\"caption-attachment-29211\" class=\"wp-caption-text\">Foto: <a href=\"https:\/\/www.flickr.com\/photos\/mikelsantamaria\/43471133412\" target=\"_blank\" rel=\"noopener\">Mikel Santamaria &#8211; Flickr<\/a><\/figcaption><\/figure>\n<p>Do alto, observam-se os lugares mais caracter\u00edsticos da capital, como o Rio Mapocho, o Pal\u00e1cio de la Moneda, o Est\u00e1dio Nacional, o Parque Florestal entre outro pontos emblem\u00e1ticos. Al\u00e9m disso, quem visita o Sky Costanera ainda pode conhecer a hist\u00f3ria do projeto, com v\u00eddeos e imagens informativas.<\/p>\n<h2><span class=\"ez-toc-section\" id=\"Dica_esperta_um_por_do_sol_para_se_apaixonar\"><\/span>Dica esperta: um p\u00f4r do sol para se apaixonar<span class=\"ez-toc-section-end\"><\/span><\/h2>\n<p>Planeje sua ida no per\u00edodo da tarde. Isso porque o p\u00f4r do sol, principalmente nos dias claros e limpos, \u00e9 absurdamente lindo! Sem contar que no fim do dia, as montanhas do lado de El Golf ficam mais encantadoras com a ilumina\u00e7\u00e3o natural (junto com o p\u00f4r do sol).<\/p>\n<p>Sabemos que as condi\u00e7\u00f5es clim\u00e1ticas nem sempre s\u00e3o como queremos. Mas o ideal \u00e9 subir em uma dia que n\u00e3o tenha neblina ou que tenha a vista escondida por conta da polui\u00e7\u00e3o de Santigo. Perfeito mesmo \u00e9 ir ap\u00f3s um dia de chuva (isso &#8220;limpa&#8221; um pouco a polui\u00e7\u00e3o).<\/p>\n<figure id=\"attachment_29201\" aria-describedby=\"caption-attachment-29201\" style=\"width: 1000px\" class=\"wp-caption aligncenter\"><img loading=\"lazy\" decoding=\"async\" class=\"size-full wp-image-29201\" src=\"https:\/\/quantocustaviajar.com\/blog\/wp-content\/uploads\/2015\/09\/sky-costanera-6.jpg\" alt=\"sky costanera mirante em santiago\" width=\"1000\" height=\"667\" srcset=\"https:\/\/quantocustaviajar.com\/blog\/wp-content\/uploads\/2015\/09\/sky-costanera-6.jpg 1000w, https:\/\/quantocustaviajar.com\/blog\/wp-content\/uploads\/2015\/09\/sky-costanera-6-300x200.jpg 300w, https:\/\/quantocustaviajar.com\/blog\/wp-content\/uploads\/2015\/09\/sky-costanera-6-768x512.jpg 768w\" sizes=\"auto, (max-width: 1000px) 100vw, 1000px\" \/><figcaption id=\"caption-attachment-29201\" class=\"wp-caption-text\">Foto: <a href=\"http:\/\/www.skycostanera.cl\/pt\/fotos-e-videos\/\" target=\"_blank\" rel=\"noopener\">Divulga\u00e7\u00e3o Sky Costanera<\/a><\/figcaption><\/figure>\n<p>O espet\u00e1culo do p\u00f4r do sol visto l\u00e1 do mirante pode ser em qualquer esta\u00e7\u00e3o do ano, ok? Veja os hor\u00e1rios que o sol se p\u00f5em na capital chilena em cada esta\u00e7\u00e3o do ano:<\/p>\n<ul>\n<li>Primavera, de 22 de setembro a 21 de dezembro, entre 20h e 20h30.<\/li>\n<li>Ver\u00e3o, de 21 de dezembro a 20 de mar\u00e7o: entre 20h30 e 21h.<\/li>\n<li>Outono, de 2 de mar\u00e7o a 20 de junho, entre 18h e 18h30.<\/li>\n<li>Inverno, de 20 de junho a 22 de setembro, entre 17h30 e 18h. Por\u00e9m, o sol quase n\u00e3o aparece nessa \u00e9poca.<\/li>\n<\/ul>\n<h2><span class=\"ez-toc-section\" id=\"Como_chegar_ao_Sky_Costanera_em_Santiago\"><\/span>Como chegar ao Sky Costanera em Santiago?<span class=\"ez-toc-section-end\"><\/span><\/h2>\n<figure id=\"attachment_29208\" aria-describedby=\"caption-attachment-29208\" style=\"width: 1000px\" class=\"wp-caption aligncenter\"><img loading=\"lazy\" decoding=\"async\" class=\"wp-image-29208 size-full\" src=\"https:\/\/quantocustaviajar.com\/blog\/wp-content\/uploads\/2015\/09\/sky-costanera-11.jpg\" alt=\"\" width=\"1000\" height=\"563\" srcset=\"https:\/\/quantocustaviajar.com\/blog\/wp-content\/uploads\/2015\/09\/sky-costanera-11.jpg 1000w, https:\/\/quantocustaviajar.com\/blog\/wp-content\/uploads\/2015\/09\/sky-costanera-11-300x169.jpg 300w, https:\/\/quantocustaviajar.com\/blog\/wp-content\/uploads\/2015\/09\/sky-costanera-11-768x432.jpg 768w\" sizes=\"auto, (max-width: 1000px) 100vw, 1000px\" \/><figcaption id=\"caption-attachment-29208\" class=\"wp-caption-text\">Foto: <a href=\"http:\/\/www.skycostanera.cl\/pt\/fotos-e-videos\/\" target=\"_blank\" rel=\"noopener\">Divulga\u00e7\u00e3o Sky Costanera<\/a><\/figcaption><\/figure>\n<p>Para ir at\u00e9 o Sky Costanera, voc\u00ea deve pegar a linha 1 (vermelha) do metr\u00f4. Des\u00e7a na esta\u00e7\u00e3o Tobalada, que \u00e9 a mais pr\u00f3xima do mirante. Saia pela Av. Luis Thayer Ojeda, fica mais f\u00e1cil seguir por esse trajeto.<\/p>\n<p>Caminhe por 500 metros at\u00e9 o Costanera Center Mall, que fica na Avenida Andr\u00e9s Bello 2457. J\u00e1 no shopping, v\u00e1 para a planta baja \u2014 acesso via escada rolante para o subsolo. \u00c9 neste local que voc\u00ea encontra a entrada da Torre 2 e o elevador que leva voc\u00ea at\u00e9 o topo.<\/p>\n<p>Se preferir, voc\u00ea pode fazer uma excurs\u00e3o de bicicleta por Santiago e ir at\u00e9 o local, que tal? \u00c9 um jeito diferente de explorar a cidade :)<\/p>\n<h2><span class=\"ez-toc-section\" id=\"Quanto_custa_para_subir_no_mirante_Sky_Costanera\"><\/span>Quanto custa para subir no mirante Sky Costanera?<span class=\"ez-toc-section-end\"><\/span><\/h2>\n<p>O pre\u00e7o dos ingressos para visitar o Sky Costanera \u00e9:<\/p>\n<ul>\n<li>Crian\u00e7as de 4 a 12 anos: $ 6.000 (aproximadamente R$ 36).<\/li>\n<li>Adultos acima de 13 anos: $ 18.000 (aproximadamente R$ 106).<\/li>\n<li>Crian\u00e7as menores de 4 anos n\u00e3o pagam.<\/li>\n<\/ul>\n<p><em>Pre\u00e7os consultados em novembro de 2024. Sujeitos \u00e0 altera\u00e7\u00e3o.<\/em><\/p>\n<p>Voc\u00ea pode comprar seu bilhete pela internet e tamb\u00e9m acompanhar os pre\u00e7os de entrada vigentes. <a href=\"http:\/\/www.skycostanera.cl\/pt\/precos-e-horarios\/#pt\/planejamento\" target=\"_blank\" rel=\"noopener\"><strong>Clique aqui<\/strong><\/a> para saber mais. O mirante Sky Costanera abre todos os dias, das 10h \u00e0s 22h. O \u00faltimo elevador opera somente at\u00e9 \u00e0s 21h.<\/p>\n<h2><span class=\"ez-toc-section\" id=\"Qual_a_melhor_epoca_para_ir_para_Santiago\"><\/span>Qual a melhor \u00e9poca para ir para Santiago?<span class=\"ez-toc-section-end\"><\/span><\/h2>\n<p>O Chile \u00e9 um pa\u00eds bem diverso em quest\u00e3o de clima devido \u00e0 sua extens\u00e3o territorial, ent\u00e3o a melhor \u00e9poca para viajar varia do que voc\u00ea que ver e visitar no pa\u00eds! Se sua prefer\u00eancia for apenas para conhecer a capital, o <strong>Sky Costanera<\/strong> e os passeios de l\u00e1 (ou sua prioridade for essa), a melhor \u00e9poca para ir para Santiago \u00e9 durante a primavera (de setembro a dezembro) ou no ver\u00e3o (de dezembro a mar\u00e7o) para aproveitar os passeios ao ar livre, os dias longos, quentes e ensolarados.<\/p>\n<p>A capital chilena tem as esta\u00e7\u00f5es bem definidas, mas vale dizer que o viajante pode encontrar diferentes climas durante sua estada no Chile, passando por uma varia\u00e7\u00e3o dr\u00e1stica de temperaturas, variando entre neve e climas des\u00e9rticos, por isso a escolha do m\u00eas da viagem deve ser baseada no roteiro das cidades que pretende visitar. Ent\u00e3o se voc\u00ea pretende conhecer Santiago e mais outros destinos, vale conferir a melhor esta\u00e7\u00e3o em cada lugar para pegar o clima ideal em cada cidade.<\/p>\n<p>Para quem quer curtir a neve, a temporada ideal obviamente \u00e9 o inverno, entre junho e come\u00e7o de setembro. Em Santiago a \u00faltima vez que nevou foi em 2017, ent\u00e3o na capital \u00e9 um pouco mais dif\u00edcil garantir as baix\u00edssimas temperaturas. No inverno, na capital, a temperatura costuma ter m\u00ednima de 0\u00baC e m\u00e1xima de 10C.<\/p>\n<p>De modo geral, as melhores esta\u00e7\u00f5es para conhecer <strong>Santiago e o Sky Costanera<\/strong> s\u00e3o o outono (Mar\u00e7o a Maio) e a primavera (Setembro a dezembro), melhores meses para evitar temperatura extremas, pre\u00e7os elevados e grandes multid\u00f5es. A alta temporada de Santiago \u00e9 no inverno, j\u00e1 que o frio atrai viajantes do mundo todo que querem conhecer a capital e depois partir para destinos mais frios e aproveitar as esta\u00e7\u00f5es de esqui.<\/p>\n<h2><span class=\"ez-toc-section\" id=\"Passeios_em_Santiago_alem_do_Sky_Costanera\"><\/span>Passeios em Santiago al\u00e9m do Sky Costanera<span class=\"ez-toc-section-end\"><\/span><\/h2>\n<p><strong>Costanera Center Mall<\/strong><\/p>\n<p>Para quem quer montar um roteiro de pontos tur\u00edsticos e passeios legais em Santiago e aproveitar a proximidade do <strong>Sky Costanera<\/strong>, a dica \u00e9 conhecer o Costanera Center Mall, o maior shopping da Am\u00e9rica Latina, com lojas, restaurantes e cinema. A entrada do <strong>Sky Costanera<\/strong> \u00e9 pelo shopping, ent\u00e3o j\u00e1 se programe para bater perna l\u00e1 antes ou depois de explorar o mirante.<\/p>\n<p><strong>Parque Bicenten\u00e1rio<\/strong><\/p>\n<p>A apenas 2 km do <strong>Sky Costanera f<\/strong>ica este bel\u00edssimo parque, com lagoas, \u00e1rea para piqueniques e animais como flamingos soltos!<\/p>\n<p><strong>Cerro San Crist\u00f3bal<\/strong><\/p>\n<p>Para quem gostou da experi\u00eancia da vista do <strong>Sky Costanera&nbsp;<\/strong>pode incluir o Cerro San Crist\u00f3bal no seu roteiro de viagem, j\u00e1 que o local o<span style=\"font-size: revert; color: initial;\">ferece outra vista da cidade e uma experi\u00eancia de passeio de funicular e telef\u00e9rico.<\/span><\/p>\n<h3><span class=\"ez-toc-section\" id=\"Passeios_que_valem_a_pena_mas_sao_mais_longes_do_Sky_Costanera\"><\/span>Passeios que valem a pena mas s\u00e3o mais longes do Sky Costanera<span class=\"ez-toc-section-end\"><\/span><\/h3>\n<p><strong>Pal\u00e1cio de La Moneda<\/strong><\/p>\n<p>A sede do governo chileno com certeza merece entrar no seu roteiro de viagem em Santiago! O local oferece visitas guiadas e a troca da guarda (em dias alternados).<\/p>\n<p><strong>Plaza de Armas<\/strong><\/p>\n<p>A Plaza de Armas fica no centro hist\u00f3rico de Santiago e \u00e9 l\u00e1 que fica a Catedral Metropolitana e o Museu Hist\u00f3rico Nacional.<\/p>\n<p><strong>Museu de Arte Pr\u00e9-Colombiana<\/strong><\/p>\n<p>Para quem gosta de hist\u00f3ria, este museu conta com um vasto acerto de artefatos pr\u00e9-hisp\u00e2nicos de toda a Am\u00e9rica Latina!<\/p>\n<p><strong>Barrio Bellavista<\/strong><\/p>\n<p>Para quem \u00e9 mais chegado numa vida noturna agitada, pode conhecer o bo\u00eamio bairro Bellavista, que re\u00fane restaurantes, bares e arte de rua.<\/p>\n<p><strong>La Chascona<\/strong><\/p>\n<p>Outro destaque de Santiago \u00e9 a La Chascona, uma das casas de Pablo Neruda, cheia de hist\u00f3ria e objetos pessoais do poeta.<\/p>\n<p><a href=\"https:\/\/quantocustaviajar.com\/blog\/mercado-central-de-santiago-tem-restaurantes-com-pratos-classicos-do-chile\/\" target=\"_blank\" rel=\"noopener\"><strong>Mercado Central<\/strong><\/a><\/p>\n<p>Para comer muito bem e vivenciar uma verdade experi\u00eancia gastron\u00f4mica chilena com muitos frutos do mar frescos, vale incluir uma refei\u00e7\u00e3o no mercado central &#8211; que \u00e9 t\u00e3o impressionante que \u00e9 praticamente um passeio mesmo!<\/p>\n<p><strong>Vin\u00edcolas Pr\u00f3ximas<\/strong><\/p>\n<p>Imposs\u00edvel falar de passeios em Santiago e n\u00e3o falar das vin\u00edcolas que ficam bem pr\u00f3ximas \u00e0 cidade n\u00e9? A irreverente<a href=\"https:\/\/quantocustaviajar.com\/blog\/concha-y-toro\/\" target=\"_blank\" rel=\"noopener\">&nbsp;Concha y Toro<\/a>, famosa no mundo todo, fica a apenas 30 minutos de carro da cidade. E para quem n\u00e3o quer se preocupar com deslocamento e j\u00e1 fechar um tour na vin\u00edcola, com degusta\u00e7\u00e3o de tr\u00eas ou sete r\u00f3tulos, pode reservar o passeio em reais por <a href=\"https:\/\/www.civitatis.com\/pt\/santiago\/excursao-vinicola-concha-toro\/?aid=100232&amp;cmp=skycostanera\" target=\"_blank\" rel=\"noopener\">aqui<\/a>.<\/p>\n<p>Outro <a href=\"https:\/\/www.civitatis.com\/pt\/santiago\/tour-adegas-santa-rita\/?aid=100232&amp;cmp=skycostanera\" target=\"_blank\" rel=\"noopener\">passeio<\/a> pertinho \u00e9 para a vin\u00edcola Santa Rita, que fica a 40 minutos de viagem e tem op\u00e7\u00f5es de degusta\u00e7\u00e3o &#8220;b\u00e1sica&#8221;, &#8220;sele\u00e7\u00e3o&#8221; ou &#8220;premium&#8221;, mudando quais e quantos r\u00f3tulos podem ser experimentados na visita.<\/p>\n<p>Por fim, mas n\u00e3o menos importante, tamb\u00e9m pertinho de Santiago fica a vin\u00edcola Undurraga, a apenas 45 minutos de carro. Voc\u00ea pode fazer uma visita guiada e com degusta\u00e7\u00e3o de tr\u00eas ou quatro r\u00f3tulos do local reservando por <a href=\"https:\/\/www.civitatis.com\/pt\/santiago\/excursao-vinicola-undurraga\/?aid=100232&amp;cmp=skycostanera\" target=\"_blank\" rel=\"noopener\">aqui<\/a>!<\/p>\n<p style=\"text-align: center;\">&#8230;<\/p>\n<p>Conta aqui nos coment\u00e1rios: voc\u00ea j\u00e1 visitou o Sky Costanera em sua viagem ao Chile? Fala pra gente como foi sua experi\u00eancia, se pegou tempo limpo, chuvoso ou com neblina!<\/p>\n<p>Tem curiosidade de saber quanto custa viajar para Santiago? <a href=\"https:\/\/quantocustaviajar.com\/chile\/santiago\/\" target=\"_blank\" rel=\"noopener\"><strong>Use nossa calculadora<\/strong><\/a> e saiba todos os custos com passagem, hospedagem, alimenta\u00e7\u00e3o e passeios por l\u00e1 ;)<\/p>\n","protected":false},"excerpt":{"rendered":"<p>Seja levada \u00e0s alturas em Santiago, no Chile! Para isso, basta visitar o Sky Costanera, mirante mais alto da Am\u00e9rica do Sul com 300 metros de altura. Localizado nos \u00faltimos andares da Torre 2 do Gran Torre Santiago, o mirante proporciona aos turistas uma vista de 360\u00ba da capital chilena. \u00c9 um cen\u00e1rio capaz de [&hellip;]<\/p>\n","protected":false},"author":18,"featured_media":2716,"comment_status":"open","ping_status":"open","sticky":false,"template":"page-templates\/featured-img-above.php","format":"standard","meta":{"cybocfi_hide_featured_image":"","footnotes":""},"categories":[1436],"tags":[176,1485,79,135,10,76,95,77,444,57,84,19,368,192,3176,138,167],"class_list":["post-2558","post","type-post","status-publish","format-standard","has-post-thumbnail","hentry","category-artes-cultura-diversao","tag-america-do-sul","tag-americadosul","tag-arquitetura","tag-atracoes","tag-chile-2","tag-curiosidade","tag-custo","tag-dicas","tag-mirante","tag-passeio","tag-preco","tag-quanto-custa","tag-santiago","tag-shoppings","tag-sky-costanera","tag-valor","tag-vista"],"blocksy_meta":[],"yoast_head":"<!-- This site is optimized with the Yoast SEO plugin v26.3 - https:\/\/yoast.com\/wordpress\/plugins\/seo\/ -->\n<title>Sky Costanera: o mirante mais alto da Am\u00e9rica do Sul<\/title>\n<meta name=\"description\" content=\"O Sky Costanera \u00e9 o mirante mais alto da Am\u00e9rica do Sul e proporciona uma das vistas mais bonitas de Santiago, no Chile. Confira dicas!\" \/>\n<meta name=\"robots\" content=\"index, follow, max-snippet:-1, max-image-preview:large, max-video-preview:-1\" \/>\n<link rel=\"canonical\" href=\"https:\/\/quantocustaviajar.com\/blog\/sky-costanera-mirante-em-santiago\/\" \/>\n<meta property=\"og:locale\" content=\"pt_BR\" \/>\n<meta property=\"og:type\" content=\"article\" \/>\n<meta property=\"og:title\" content=\"Sky Costanera: o mirante mais alto da Am\u00e9rica do Sul\" \/>\n<meta property=\"og:description\" content=\"O Sky Costanera \u00e9 o mirante mais alto da Am\u00e9rica do Sul e proporciona uma das vistas mais bonitas de Santiago, no Chile. Confira dicas!\" \/>\n<meta property=\"og:url\" content=\"https:\/\/quantocustaviajar.com\/blog\/sky-costanera-mirante-em-santiago\/\" \/>\n<meta property=\"og:site_name\" content=\"Blog Quanto Custa Viajar\" \/>\n<meta property=\"article:publisher\" content=\"https:\/\/www.facebook.com\/quantocustaviajar\" \/>\n<meta property=\"article:published_time\" content=\"2024-12-13T12:17:00+00:00\" \/>\n<meta property=\"article:modified_time\" content=\"2025-06-10T19:20:58+00:00\" \/>\n<meta property=\"og:image\" content=\"https:\/\/quantocustaviajar.com\/blog\/wp-content\/uploads\/2015\/09\/chilemirante.jpg\" \/>\n\t<meta property=\"og:image:width\" content=\"649\" \/>\n\t<meta property=\"og:image:height\" content=\"350\" \/>\n\t<meta property=\"og:image:type\" content=\"image\/jpeg\" \/>\n<meta name=\"author\" content=\"Izabella Miranda\" \/>\n<meta name=\"twitter:card\" content=\"summary_large_image\" \/>\n<meta name=\"twitter:label1\" content=\"Escrito por\" \/>\n\t<meta name=\"twitter:data1\" content=\"Izabella Miranda\" \/>\n\t<meta name=\"twitter:label2\" content=\"Est. tempo de leitura\" \/>\n\t<meta name=\"twitter:data2\" content=\"10 minutos\" \/>\n<!-- \/ Yoast SEO plugin. -->","yoast_head_json":{"title":"Sky Costanera: o mirante mais alto da Am\u00e9rica do Sul","description":"O Sky Costanera \u00e9 o mirante mais alto da Am\u00e9rica do Sul e proporciona uma das vistas mais bonitas de Santiago, no Chile. Confira dicas!","robots":{"index":"index","follow":"follow","max-snippet":"max-snippet:-1","max-image-preview":"max-image-preview:large","max-video-preview":"max-video-preview:-1"},"canonical":"https:\/\/quantocustaviajar.com\/blog\/sky-costanera-mirante-em-santiago\/","og_locale":"pt_BR","og_type":"article","og_title":"Sky Costanera: o mirante mais alto da Am\u00e9rica do Sul","og_description":"O Sky Costanera \u00e9 o mirante mais alto da Am\u00e9rica do Sul e proporciona uma das vistas mais bonitas de Santiago, no Chile. Confira dicas!","og_url":"https:\/\/quantocustaviajar.com\/blog\/sky-costanera-mirante-em-santiago\/","og_site_name":"Blog Quanto Custa Viajar","article_publisher":"https:\/\/www.facebook.com\/quantocustaviajar","article_published_time":"2024-12-13T12:17:00+00:00","article_modified_time":"2025-06-10T19:20:58+00:00","og_image":[{"width":649,"height":350,"url":"https:\/\/quantocustaviajar.com\/blog\/wp-content\/uploads\/2015\/09\/chilemirante.jpg","type":"image\/jpeg"}],"author":"Izabella Miranda","twitter_card":"summary_large_image","twitter_misc":{"Escrito por":"Izabella Miranda","Est. tempo de leitura":"10 minutos"},"schema":{"@context":"https:\/\/schema.org","@graph":[{"@type":["Article","BlogPosting"],"@id":"https:\/\/quantocustaviajar.com\/blog\/sky-costanera-mirante-em-santiago\/#article","isPartOf":{"@id":"https:\/\/quantocustaviajar.com\/blog\/sky-costanera-mirante-em-santiago\/"},"author":{"name":"Izabella Miranda","@id":"https:\/\/quantocustaviajar.com\/blog\/#\/schema\/person\/595118451f4120870051de530232399d"},"headline":"Sky Costanera: o mirante mais alto da Am\u00e9rica do Sul em Santiago","datePublished":"2024-12-13T12:17:00+00:00","dateModified":"2025-06-10T19:20:58+00:00","mainEntityOfPage":{"@id":"https:\/\/quantocustaviajar.com\/blog\/sky-costanera-mirante-em-santiago\/"},"wordCount":1639,"commentCount":5,"publisher":{"@id":"https:\/\/quantocustaviajar.com\/blog\/#organization"},"image":{"@id":"https:\/\/quantocustaviajar.com\/blog\/sky-costanera-mirante-em-santiago\/#primaryimage"},"thumbnailUrl":"https:\/\/quantocustaviajar.com\/blog\/wp-content\/uploads\/2015\/09\/chilemirante.jpg","keywords":["am\u00e9rica do sul","americadosul","arquitetura","atra\u00e7\u00f5es","chile","curiosidade","custo","dicas","mirante","passeio","pre\u00e7o","quanto custa","Santiago","shoppings","Sky Costanera","valor","vista"],"articleSection":["Artes, Cultura &amp; Divers\u00e3o"],"inLanguage":"pt-BR","potentialAction":[{"@type":"CommentAction","name":"Comment","target":["https:\/\/quantocustaviajar.com\/blog\/sky-costanera-mirante-em-santiago\/#respond"]}]},{"@type":"WebPage","@id":"https:\/\/quantocustaviajar.com\/blog\/sky-costanera-mirante-em-santiago\/","url":"https:\/\/quantocustaviajar.com\/blog\/sky-costanera-mirante-em-santiago\/","name":"Sky Costanera: o mirante mais alto da Am\u00e9rica do Sul","isPartOf":{"@id":"https:\/\/quantocustaviajar.com\/blog\/#website"},"primaryImageOfPage":{"@id":"https:\/\/quantocustaviajar.com\/blog\/sky-costanera-mirante-em-santiago\/#primaryimage"},"image":{"@id":"https:\/\/quantocustaviajar.com\/blog\/sky-costanera-mirante-em-santiago\/#primaryimage"},"thumbnailUrl":"https:\/\/quantocustaviajar.com\/blog\/wp-content\/uploads\/2015\/09\/chilemirante.jpg","datePublished":"2024-12-13T12:17:00+00:00","dateModified":"2025-06-10T19:20:58+00:00","description":"O Sky Costanera \u00e9 o mirante mais alto da Am\u00e9rica do Sul e proporciona uma das vistas mais bonitas de Santiago, no Chile. Confira dicas!","breadcrumb":{"@id":"https:\/\/quantocustaviajar.com\/blog\/sky-costanera-mirante-em-santiago\/#breadcrumb"},"inLanguage":"pt-BR","potentialAction":[{"@type":"ReadAction","target":["https:\/\/quantocustaviajar.com\/blog\/sky-costanera-mirante-em-santiago\/"]}]},{"@type":"ImageObject","inLanguage":"pt-BR","@id":"https:\/\/quantocustaviajar.com\/blog\/sky-costanera-mirante-em-santiago\/#primaryimage","url":"https:\/\/quantocustaviajar.com\/blog\/wp-content\/uploads\/2015\/09\/chilemirante.jpg","contentUrl":"https:\/\/quantocustaviajar.com\/blog\/wp-content\/uploads\/2015\/09\/chilemirante.jpg","width":649,"height":350},{"@type":"BreadcrumbList","@id":"https:\/\/quantocustaviajar.com\/blog\/sky-costanera-mirante-em-santiago\/#breadcrumb","itemListElement":[{"@type":"ListItem","position":1,"name":"In\u00edcio","item":"https:\/\/quantocustaviajar.com\/blog\/"},{"@type":"ListItem","position":2,"name":"Sky Costanera: o mirante mais alto da Am\u00e9rica do Sul em Santiago"}]},{"@type":"WebSite","@id":"https:\/\/quantocustaviajar.com\/blog\/#website","url":"https:\/\/quantocustaviajar.com\/blog\/","name":"Blog Quanto Custa Viajar","description":"","publisher":{"@id":"https:\/\/quantocustaviajar.com\/blog\/#organization"},"potentialAction":[{"@type":"SearchAction","target":{"@type":"EntryPoint","urlTemplate":"https:\/\/quantocustaviajar.com\/blog\/?s={search_term_string}"},"query-input":{"@type":"PropertyValueSpecification","valueRequired":true,"valueName":"search_term_string"}}],"inLanguage":"pt-BR"},{"@type":"Organization","@id":"https:\/\/quantocustaviajar.com\/blog\/#organization","name":"Quanto Custa Viajar","url":"https:\/\/quantocustaviajar.com\/blog\/","logo":{"@type":"ImageObject","inLanguage":"pt-BR","@id":"https:\/\/quantocustaviajar.com\/blog\/#\/schema\/logo\/image\/","url":"","contentUrl":"","caption":"Quanto Custa Viajar"},"image":{"@id":"https:\/\/quantocustaviajar.com\/blog\/#\/schema\/logo\/image\/"},"sameAs":["https:\/\/www.facebook.com\/quantocustaviajar"]},{"@type":"Person","@id":"https:\/\/quantocustaviajar.com\/blog\/#\/schema\/person\/595118451f4120870051de530232399d","name":"Izabella Miranda","image":{"@type":"ImageObject","inLanguage":"pt-BR","@id":"https:\/\/quantocustaviajar.com\/blog\/#\/schema\/person\/image\/","url":"https:\/\/secure.gravatar.com\/avatar\/eb1c9c8ed6c596023f48930e960ff440b8cad6a3beabb6b619d3504ad832c628?s=96&d=mm&r=g","contentUrl":"https:\/\/secure.gravatar.com\/avatar\/eb1c9c8ed6c596023f48930e960ff440b8cad6a3beabb6b619d3504ad832c628?s=96&d=mm&r=g","caption":"Izabella Miranda"},"description":"Jornalista por profiss\u00e3o e planejadora de viagens nas horas vagas.","url":"https:\/\/quantocustaviajar.com\/blog\/author\/izabella\/"}]}},"_links":{"self":[{"href":"https:\/\/quantocustaviajar.com\/blog\/wp-json\/wp\/v2\/posts\/2558","targetHints":{"allow":["GET"]}}],"collection":[{"href":"https:\/\/quantocustaviajar.com\/blog\/wp-json\/wp\/v2\/posts"}],"about":[{"href":"https:\/\/quantocustaviajar.com\/blog\/wp-json\/wp\/v2\/types\/post"}],"author":[{"embeddable":true,"href":"https:\/\/quantocustaviajar.com\/blog\/wp-json\/wp\/v2\/users\/18"}],"replies":[{"embeddable":true,"href":"https:\/\/quantocustaviajar.com\/blog\/wp-json\/wp\/v2\/comments?post=2558"}],"version-history":[{"count":30,"href":"https:\/\/quantocustaviajar.com\/blog\/wp-json\/wp\/v2\/posts\/2558\/revisions"}],"predecessor-version":[{"id":73076,"href":"https:\/\/quantocustaviajar.com\/blog\/wp-json\/wp\/v2\/posts\/2558\/revisions\/73076"}],"wp:featuredmedia":[{"embeddable":true,"href":"https:\/\/quantocustaviajar.com\/blog\/wp-json\/wp\/v2\/media\/2716"}],"wp:attachment":[{"href":"https:\/\/quantocustaviajar.com\/blog\/wp-json\/wp\/v2\/media?parent=2558"}],"wp:term":[{"taxonomy":"category","embeddable":true,"href":"https:\/\/quantocustaviajar.com\/blog\/wp-json\/wp\/v2\/categories?post=2558"},{"taxonomy":"post_tag","embeddable":true,"href":"https:\/\/quantocustaviajar.com\/blog\/wp-json\/wp\/v2\/tags?post=2558"}],"curies":[{"name":"wp","href":"https:\/\/api.w.org\/{rel}","templated":true}]}}