{"id":25134,"date":"2018-07-25T19:04:11","date_gmt":"2018-07-25T19:04:11","guid":{"rendered":"https:\/\/quantocustaviajar.com\/blog\/?p=25134"},"modified":"2018-07-25T19:04:11","modified_gmt":"2018-07-25T19:04:11","slug":"montanita-equador","status":"publish","type":"post","link":"https:\/\/quantocustaviajar.com\/blog\/montanita-equador\/","title":{"rendered":"Monta\u00f1ita \u00e9 o point dos surfistas na costa sul do Equador"},"content":{"rendered":"<p><span style=\"font-weight: 400;\">A origem do hype em torno de<strong> Monta\u00f1ita, no Equador<\/strong>, come\u00e7ou ainda nos anos de 1960, como destino hippie praiano. Hoje, a praia desfruta de outra reputa\u00e7\u00e3o: \u00e9 o point das melhores ondas equatorianas, lotada de mochileiros e expatriados que chegaram at\u00e9 l\u00e1 buscando um para\u00edso acess\u00edvel.<\/span><\/p>\n<p><img loading=\"lazy\" decoding=\"async\" class=\"aligncenter wp-image-25137\" src=\"https:\/\/quantocustaviajar.com\/blog\/wp-content\/uploads\/2018\/07\/6957067076_24d1522889_k-300x201.jpg\" alt=\"\" width=\"642\" height=\"430\" srcset=\"https:\/\/quantocustaviajar.com\/blog\/wp-content\/uploads\/2018\/07\/6957067076_24d1522889_k-300x201.jpg 300w, https:\/\/quantocustaviajar.com\/blog\/wp-content\/uploads\/2018\/07\/6957067076_24d1522889_k-768x514.jpg 768w, https:\/\/quantocustaviajar.com\/blog\/wp-content\/uploads\/2018\/07\/6957067076_24d1522889_k-1024x686.jpg 1024w, https:\/\/quantocustaviajar.com\/blog\/wp-content\/uploads\/2018\/07\/6957067076_24d1522889_k-1920x1285.jpg 1920w, https:\/\/quantocustaviajar.com\/blog\/wp-content\/uploads\/2018\/07\/6957067076_24d1522889_k.jpg 2048w\" sizes=\"auto, (max-width: 642px) 100vw, 642px\" \/><\/p>\n<p style=\"text-align: center;\"><em>Hoje, Monta\u00f1ita \u00e9 um destino de surfe, mas foi um destino hippie nos anos 1960. Foto: Maria Florine<\/em><\/p>\n<p><span style=\"font-weight: 400;\">A pequena montanha fica na pen\u00ednsula de Santa Elena, a duas horas do porto de Guayaquil, e se conserva como um dos trechos de areia mais bonitos da costa sul do pa\u00eds.<\/span><\/p>\n<p><span style=\"font-weight: 400;\">Nos \u00faltimos 50 anos, o local cresceu consideravelmente, mas devagar. Por ali voc\u00ea encontra uma razo\u00e1vel infraestrutura tur\u00edstica, o que inclui restaurantes bons e simp\u00e1ticos e resorts. Mesmo assim a praia raramente lota &#8212; essa, digamos, calmaria na verdade n\u00e3o existe, j\u00e1 que o destino re\u00fane todos os ingredientes dos melhores e mais t\u00edpicos destinos tur\u00edsticos, cheio de jovens e com muitas festas.<\/span><\/p>\n<p><strong>Olha a onda!<\/strong><\/p>\n<p><img loading=\"lazy\" decoding=\"async\" class=\"aligncenter wp-image-25136\" src=\"https:\/\/quantocustaviajar.com\/blog\/wp-content\/uploads\/2018\/07\/17115269781_6ed692af7f_o-300x174.jpg\" alt=\"\" width=\"631\" height=\"367\" \/><\/p>\n<p style=\"text-align: center;\"><span style=\"font-weight: 400;\"><em><span style=\"color: #70707b; font-size: 16px;\">A surfista equatoriana Dominic Barona em a\u00e7\u00e3o em Monta\u00f1ita; em 2015, ela conquistou o t\u00edtulo na etapa realizada na cidade. Foto:\u00a0<\/span><span style=\"color: #70707b; font-size: 16px;\">C\u00e9sar Mu\u00f1oz\/Agencia de Noticias ANDES<\/span><\/em><\/span><\/p>\n<p><span style=\"font-weight: 400;\">Monta\u00f1ita guarda ondas desafiadoras, famosas em toda Am\u00e9rica Latina. Quando os primeiros hippies aportaram por l\u00e1, o vilarejo \u00e0 beira-mar n\u00e3o passava de uma tranquila vila de pescadores. Os forasteiros fincaram suas barracas na areia e por l\u00e1 ficaram, para curtir a paz que o local ainda conservava e, eventualmente, pegar uma onda. N\u00e3o demorou muito para que a praia come\u00e7asse a ficar mais conhecida.<\/span><\/p>\n<p><span style=\"font-weight: 400;\">Hoje, ca\u00e7adores de aventuras de todo mundo chegam \u00e0 cidade diariamente. As ondas de Monta\u00f1ita s\u00e3o consideradas consistentes tanto por profissionais quanto por amadores: nos meses mais calmos de ver\u00e3o, elas passam de um metro; no outono e no inverno, especialmente entre os meses de janeiro e mar\u00e7o, elas passam dos dois metros. Desta forma, estas \u00e1guas desafiam esportistas iniciantes e podem ser bem dif\u00edceis tamb\u00e9m para surfistas mais experientes.<\/span><\/p>\n<p><strong>A &#8220;ONU&#8221; do Equador<\/strong><\/p>\n<p><span style=\"font-weight: 400;\">Monta\u00f1ita re\u00fane visitantes de variadas origens: muitos norte-americanos, argentinos, jamaicanos, russos, australianos, alem\u00e3es e canadenses dividem seu espa\u00e7o na areia com locais.<\/span><\/p>\n<p><img loading=\"lazy\" decoding=\"async\" class=\"aligncenter wp-image-25135\" src=\"https:\/\/quantocustaviajar.com\/blog\/wp-content\/uploads\/2018\/07\/Captura-de-Tela-2018-07-13-a\u0300s-22.35.45-300x190.png\" alt=\"\" width=\"568\" height=\"360\" srcset=\"https:\/\/quantocustaviajar.com\/blog\/wp-content\/uploads\/2018\/07\/Captura-de-Tela-2018-07-13-a\u0300s-22.35.45-300x190.png 300w, https:\/\/quantocustaviajar.com\/blog\/wp-content\/uploads\/2018\/07\/Captura-de-Tela-2018-07-13-a\u0300s-22.35.45-768x487.png 768w, https:\/\/quantocustaviajar.com\/blog\/wp-content\/uploads\/2018\/07\/Captura-de-Tela-2018-07-13-a\u0300s-22.35.45.png 991w\" sizes=\"auto, (max-width: 568px) 100vw, 568px\" \/><\/p>\n<p style=\"text-align: center;\"><em>Monta\u00f1ita tem ampla oferta de bares e quiosques. Foto: Wogo<\/em><\/p>\n<p><span style=\"font-weight: 400;\">A diversidade local \u00e9 um incentivo a um estilo de vida multicultural que n\u00e3o se v\u00ea no restante do pa\u00eds, predominantemente conservador. O clima da \u201cmontanhinha\u201d \u00e9 de toler\u00e2ncia, aceita\u00e7\u00e3o e \u00e0s vezes at\u00e9 de um pouco de rebeldia. <\/span><\/p>\n<p><span style=\"font-weight: 400;\">Outra faceta da cidade \u00e9 a festeira &#8212; baladas e surfe, um casamento perfeito. Bares, clubes, boates e quiosques se espalham pelas ruas, garantindo divers\u00e3o (regada a muita cerveja local) noite adentro.<\/span><\/p>\n<p><a href=\"https:\/\/www.booking.com\/searchresults.pt-br.html?aid=2161834&amp;label=PFD&amp;sid=335fdb0dfad6e9b5acc27dd3f1df388f&amp;sb=1&amp;src=searchresults&amp;src_elem=sb&amp;error_url=https%3A%2F%2Fwww.booking.com%2Fsearchresults.pt-br.html%3Faid%3D2161834%3Blabel%3DPFD%3Bsid%3D335fdb0dfad6e9b5acc27dd3f1df388f%3Bcheckin_month%3D08%3Bcheckin_monthday%3D01%3Bcheckin_year%3D2018%3Bcheckout_month%3D08%3Bcheckout_monthday%3D04%3Bcheckout_year%3D2018%3Bcity%3D-979186%3Bclass_interval%3D1%3Bdest_id%3D-979186%3Bdest_type%3Dcity%3Bdtdisc%3D0%3Bgroup_adults%3D1%3Bgroup_children%3D0%3Binac%3D0%3Bindex_postcard%3D0%3Blabel_click%3Dundef%3Bno_rooms%3D1%3Boffset%3D0%3Bpostcard%3D0%3Broom1%3DA%3Bsb_price_type%3Dtotal%3Bsb_travel_purpose%3Dleisure%3Bss_all%3D0%3Bssb%3Dempty%3Bsshis%3D0%26%3B&amp;ss=Monta%C3%B1ita%2C+Ruta+del+Sol%2C+Equador&amp;ssne=Buenos+Aires&amp;ssne_untouched=Buenos+Aires&amp;city=-979186&amp;checkin_year=2018&amp;checkin_month=8&amp;checkin_monthday=25&amp;checkout_year=2018&amp;checkout_month=8&amp;checkout_monthday=26&amp;group_adults=1&amp;group_children=0&amp;no_rooms=1&amp;from_sf=1&amp;ss_raw=montani&amp;ac_position=0&amp;ac_langcode=xb&amp;dest_id=-930965&amp;dest_type=city&amp;place_id_lat=-1.82816&amp;place_id_lon=-80.75291&amp;search_pageview_id=5b08859874aa0090&amp;search_selected=true&amp;search_pageview_id=5b08859874aa0090&amp;ac_suggestion_list_length=5&amp;ac_suggestion_theme_list_length=0\" target=\"_blank\" rel=\"noopener\"><em><strong>Busque pela sua hospedagem em Monta\u00f1ita aqui!<\/strong><\/em><\/a><\/p>\n<p><strong>Aventura na certa<\/strong><\/p>\n<p><span style=\"font-weight: 400;\">A praia de Monta\u00f1ita \u00e9 destino certo para quem 1) quer relaxar e observar os passarinhos 2) gosta de surfar 3) viaja em busca de aventura. Al\u00e9m do surfe, d\u00e1 para mergulhar, pescar ou se entranhar numa explora\u00e7\u00e3o por terra mesmo. <\/span><\/p>\n<p><img loading=\"lazy\" decoding=\"async\" class=\"aligncenter wp-image-25138\" src=\"https:\/\/quantocustaviajar.com\/blog\/wp-content\/uploads\/2018\/07\/8668805881_db4e82f6b5_o-300x169.jpg\" alt=\"\" width=\"550\" height=\"310\" srcset=\"https:\/\/quantocustaviajar.com\/blog\/wp-content\/uploads\/2018\/07\/8668805881_db4e82f6b5_o-300x169.jpg 300w, https:\/\/quantocustaviajar.com\/blog\/wp-content\/uploads\/2018\/07\/8668805881_db4e82f6b5_o-768x433.jpg 768w, https:\/\/quantocustaviajar.com\/blog\/wp-content\/uploads\/2018\/07\/8668805881_db4e82f6b5_o-1024x577.jpg 1024w, https:\/\/quantocustaviajar.com\/blog\/wp-content\/uploads\/2018\/07\/8668805881_db4e82f6b5_o-1920x1082.jpg 1920w, https:\/\/quantocustaviajar.com\/blog\/wp-content\/uploads\/2018\/07\/8668805881_db4e82f6b5_o.jpg 2048w\" sizes=\"auto, (max-width: 550px) 100vw, 550px\" \/><\/p>\n<p style=\"text-align: center;\"><em>Fim de tarde em Monta\u00f1ita. Foto: Mohai<\/em><\/p>\n<p><span style=\"font-weight: 400;\">O baixo custo de vida local \u00e9 um de seus principais atrativos. Surfar e nadar, claro, n\u00e3o custam nada, mas \u00e9 poss\u00edvel encontrar refei\u00e7\u00f5es e lugares razo\u00e1veis por US$ 8 ou sandu\u00edches feitos em barracas de rua por US$ 1,50; h\u00e1 promo\u00e7\u00f5es de \u201cpague um e leve dois\u201d drinques todas as noites; e um leito num hostel sai por cerca de US$ 20 (pernoitar em hot\u00e9is mais elegantes, no entanto, custa caro).<\/span><\/p>\n<p><em><strong>Curtiu a ideia? <a href=\"https:\/\/quantocustaviajar.com\/equador\/quito\/passagem-aerea\" target=\"_blank\" rel=\"noopener\">Compre sua passagem para Quito<\/a> e de l\u00e1 parta para essa aventura!<\/strong><\/em><\/p>\n","protected":false},"excerpt":{"rendered":"<p>A origem do hype em torno de Monta\u00f1ita, no Equador, come\u00e7ou ainda nos anos de 1960, como destino hippie praiano. Hoje, a praia desfruta de outra reputa\u00e7\u00e3o: \u00e9 o point das melhores ondas equatorianas, lotada de mochileiros e expatriados que chegaram at\u00e9 l\u00e1 buscando um para\u00edso acess\u00edvel. Hoje, Monta\u00f1ita \u00e9 um destino de surfe, mas [&hellip;]<\/p>\n","protected":false},"author":9,"featured_media":25136,"comment_status":"open","ping_status":"open","sticky":false,"template":"","format":"standard","meta":{"cybocfi_hide_featured_image":"","footnotes":""},"categories":[1437],"tags":[173,1634,1460],"class_list":["post-25134","post","type-post","status-publish","format-standard","has-post-thumbnail","hentry","category-ao-ar-livre","tag-equador","tag-montanita","tag-quito"],"blocksy_meta":[],"yoast_head":"<!-- This site is optimized with the Yoast SEO plugin v26.3 - https:\/\/yoast.com\/wordpress\/plugins\/seo\/ -->\n<title>Monta\u00f1ita \u00e9 o point dos surfistas na costa sul do Equador<\/title>\n<meta name=\"robots\" content=\"index, follow, max-snippet:-1, max-image-preview:large, max-video-preview:-1\" \/>\n<link rel=\"canonical\" href=\"https:\/\/quantocustaviajar.com\/blog\/montanita-equador\/\" \/>\n<meta property=\"og:locale\" content=\"pt_BR\" \/>\n<meta property=\"og:type\" content=\"article\" \/>\n<meta property=\"og:title\" content=\"Monta\u00f1ita \u00e9 o point dos surfistas na costa sul do Equador\" \/>\n<meta property=\"og:description\" content=\"A origem do hype em torno de Monta\u00f1ita, no Equador, come\u00e7ou ainda nos anos de 1960, como destino hippie praiano. Hoje, a praia desfruta de outra reputa\u00e7\u00e3o: \u00e9 o point das melhores ondas equatorianas, lotada de mochileiros e expatriados que chegaram at\u00e9 l\u00e1 buscando um para\u00edso acess\u00edvel. Hoje, Monta\u00f1ita \u00e9 um destino de surfe, mas [&hellip;]\" \/>\n<meta property=\"og:url\" content=\"https:\/\/quantocustaviajar.com\/blog\/montanita-equador\/\" \/>\n<meta property=\"og:site_name\" content=\"Blog Quanto Custa Viajar\" \/>\n<meta property=\"article:publisher\" content=\"https:\/\/www.facebook.com\/quantocustaviajar\" \/>\n<meta property=\"article:published_time\" content=\"2018-07-25T19:04:11+00:00\" \/>\n<meta property=\"og:image\" content=\"https:\/\/quantocustaviajar.com\/blog\/wp-content\/uploads\/2018\/07\/17115269781_6ed692af7f_o.jpg\" \/>\n\t<meta property=\"og:image:width\" content=\"3543\" \/>\n\t<meta property=\"og:image:height\" content=\"2050\" \/>\n\t<meta property=\"og:image:type\" content=\"image\/jpeg\" \/>\n<meta name=\"author\" content=\"Reda\u00e7\u00e3o QCV\" \/>\n<meta name=\"twitter:card\" content=\"summary_large_image\" \/>\n<meta name=\"twitter:label1\" content=\"Escrito por\" \/>\n\t<meta name=\"twitter:data1\" content=\"Reda\u00e7\u00e3o QCV\" \/>\n\t<meta name=\"twitter:label2\" content=\"Est. tempo de leitura\" \/>\n\t<meta name=\"twitter:data2\" content=\"3 minutos\" \/>\n<!-- \/ Yoast SEO plugin. -->","yoast_head_json":{"title":"Monta\u00f1ita \u00e9 o point dos surfistas na costa sul do Equador","robots":{"index":"index","follow":"follow","max-snippet":"max-snippet:-1","max-image-preview":"max-image-preview:large","max-video-preview":"max-video-preview:-1"},"canonical":"https:\/\/quantocustaviajar.com\/blog\/montanita-equador\/","og_locale":"pt_BR","og_type":"article","og_title":"Monta\u00f1ita \u00e9 o point dos surfistas na costa sul do Equador","og_description":"A origem do hype em torno de Monta\u00f1ita, no Equador, come\u00e7ou ainda nos anos de 1960, como destino hippie praiano. Hoje, a praia desfruta de outra reputa\u00e7\u00e3o: \u00e9 o point das melhores ondas equatorianas, lotada de mochileiros e expatriados que chegaram at\u00e9 l\u00e1 buscando um para\u00edso acess\u00edvel. Hoje, Monta\u00f1ita \u00e9 um destino de surfe, mas [&hellip;]","og_url":"https:\/\/quantocustaviajar.com\/blog\/montanita-equador\/","og_site_name":"Blog Quanto Custa Viajar","article_publisher":"https:\/\/www.facebook.com\/quantocustaviajar","article_published_time":"2018-07-25T19:04:11+00:00","og_image":[{"width":3543,"height":2050,"url":"https:\/\/quantocustaviajar.com\/blog\/wp-content\/uploads\/2018\/07\/17115269781_6ed692af7f_o.jpg","type":"image\/jpeg"}],"author":"Reda\u00e7\u00e3o QCV","twitter_card":"summary_large_image","twitter_misc":{"Escrito por":"Reda\u00e7\u00e3o QCV","Est. tempo de leitura":"3 minutos"},"schema":{"@context":"https:\/\/schema.org","@graph":[{"@type":["Article","BlogPosting"],"@id":"https:\/\/quantocustaviajar.com\/blog\/montanita-equador\/#article","isPartOf":{"@id":"https:\/\/quantocustaviajar.com\/blog\/montanita-equador\/"},"author":{"name":"Reda\u00e7\u00e3o QCV","@id":"https:\/\/quantocustaviajar.com\/blog\/#\/schema\/person\/b99c49b1272e2104cc84a5a84122b751"},"headline":"Monta\u00f1ita \u00e9 o point dos surfistas na costa sul do Equador","datePublished":"2018-07-25T19:04:11+00:00","mainEntityOfPage":{"@id":"https:\/\/quantocustaviajar.com\/blog\/montanita-equador\/"},"wordCount":622,"commentCount":0,"publisher":{"@id":"https:\/\/quantocustaviajar.com\/blog\/#organization"},"image":{"@id":"https:\/\/quantocustaviajar.com\/blog\/montanita-equador\/#primaryimage"},"thumbnailUrl":"https:\/\/quantocustaviajar.com\/blog\/wp-content\/uploads\/2018\/07\/17115269781_6ed692af7f_o.jpg","keywords":["equador","monta\u00f1ita","quito"],"articleSection":["Ao Ar Livre"],"inLanguage":"pt-BR","potentialAction":[{"@type":"CommentAction","name":"Comment","target":["https:\/\/quantocustaviajar.com\/blog\/montanita-equador\/#respond"]}]},{"@type":"WebPage","@id":"https:\/\/quantocustaviajar.com\/blog\/montanita-equador\/","url":"https:\/\/quantocustaviajar.com\/blog\/montanita-equador\/","name":"Monta\u00f1ita \u00e9 o point dos surfistas na costa sul do Equador","isPartOf":{"@id":"https:\/\/quantocustaviajar.com\/blog\/#website"},"primaryImageOfPage":{"@id":"https:\/\/quantocustaviajar.com\/blog\/montanita-equador\/#primaryimage"},"image":{"@id":"https:\/\/quantocustaviajar.com\/blog\/montanita-equador\/#primaryimage"},"thumbnailUrl":"https:\/\/quantocustaviajar.com\/blog\/wp-content\/uploads\/2018\/07\/17115269781_6ed692af7f_o.jpg","datePublished":"2018-07-25T19:04:11+00:00","breadcrumb":{"@id":"https:\/\/quantocustaviajar.com\/blog\/montanita-equador\/#breadcrumb"},"inLanguage":"pt-BR","potentialAction":[{"@type":"ReadAction","target":["https:\/\/quantocustaviajar.com\/blog\/montanita-equador\/"]}]},{"@type":"ImageObject","inLanguage":"pt-BR","@id":"https:\/\/quantocustaviajar.com\/blog\/montanita-equador\/#primaryimage","url":"https:\/\/quantocustaviajar.com\/blog\/wp-content\/uploads\/2018\/07\/17115269781_6ed692af7f_o.jpg","contentUrl":"https:\/\/quantocustaviajar.com\/blog\/wp-content\/uploads\/2018\/07\/17115269781_6ed692af7f_o.jpg","width":3543,"height":2050,"caption":"Monta\u00f1ita, s\u00e1bado 11 de abril del 2015 (ANDES).-La surfista ecuatoriana Dominic Barona se consagr\u00f3 campeona del Latinoamericano de Surf \"Alas Monta\u00f1ita Classic 2015\" Foto:C\u00e9sar Mu\u00f1oz\/ANDES"},{"@type":"BreadcrumbList","@id":"https:\/\/quantocustaviajar.com\/blog\/montanita-equador\/#breadcrumb","itemListElement":[{"@type":"ListItem","position":1,"name":"In\u00edcio","item":"https:\/\/quantocustaviajar.com\/blog\/"},{"@type":"ListItem","position":2,"name":"Monta\u00f1ita \u00e9 o point dos surfistas na costa sul do Equador"}]},{"@type":"WebSite","@id":"https:\/\/quantocustaviajar.com\/blog\/#website","url":"https:\/\/quantocustaviajar.com\/blog\/","name":"Blog Quanto Custa Viajar","description":"","publisher":{"@id":"https:\/\/quantocustaviajar.com\/blog\/#organization"},"potentialAction":[{"@type":"SearchAction","target":{"@type":"EntryPoint","urlTemplate":"https:\/\/quantocustaviajar.com\/blog\/?s={search_term_string}"},"query-input":{"@type":"PropertyValueSpecification","valueRequired":true,"valueName":"search_term_string"}}],"inLanguage":"pt-BR"},{"@type":"Organization","@id":"https:\/\/quantocustaviajar.com\/blog\/#organization","name":"Quanto Custa Viajar","url":"https:\/\/quantocustaviajar.com\/blog\/","logo":{"@type":"ImageObject","inLanguage":"pt-BR","@id":"https:\/\/quantocustaviajar.com\/blog\/#\/schema\/logo\/image\/","url":"","contentUrl":"","caption":"Quanto Custa Viajar"},"image":{"@id":"https:\/\/quantocustaviajar.com\/blog\/#\/schema\/logo\/image\/"},"sameAs":["https:\/\/www.facebook.com\/quantocustaviajar"]},{"@type":"Person","@id":"https:\/\/quantocustaviajar.com\/blog\/#\/schema\/person\/b99c49b1272e2104cc84a5a84122b751","name":"Reda\u00e7\u00e3o QCV","image":{"@type":"ImageObject","inLanguage":"pt-BR","@id":"https:\/\/quantocustaviajar.com\/blog\/#\/schema\/person\/image\/","url":"https:\/\/secure.gravatar.com\/avatar\/e7b47d7a4633897697c32e0a2a1ad3abd9ca142ad0d9b7897241c6115247561b?s=96&d=mm&r=g","contentUrl":"https:\/\/secure.gravatar.com\/avatar\/e7b47d7a4633897697c32e0a2a1ad3abd9ca142ad0d9b7897241c6115247561b?s=96&d=mm&r=g","caption":"Reda\u00e7\u00e3o QCV"},"url":"https:\/\/quantocustaviajar.com\/blog\/author\/redacao\/"}]}},"_links":{"self":[{"href":"https:\/\/quantocustaviajar.com\/blog\/wp-json\/wp\/v2\/posts\/25134","targetHints":{"allow":["GET"]}}],"collection":[{"href":"https:\/\/quantocustaviajar.com\/blog\/wp-json\/wp\/v2\/posts"}],"about":[{"href":"https:\/\/quantocustaviajar.com\/blog\/wp-json\/wp\/v2\/types\/post"}],"author":[{"embeddable":true,"href":"https:\/\/quantocustaviajar.com\/blog\/wp-json\/wp\/v2\/users\/9"}],"replies":[{"embeddable":true,"href":"https:\/\/quantocustaviajar.com\/blog\/wp-json\/wp\/v2\/comments?post=25134"}],"version-history":[{"count":4,"href":"https:\/\/quantocustaviajar.com\/blog\/wp-json\/wp\/v2\/posts\/25134\/revisions"}],"predecessor-version":[{"id":25584,"href":"https:\/\/quantocustaviajar.com\/blog\/wp-json\/wp\/v2\/posts\/25134\/revisions\/25584"}],"wp:featuredmedia":[{"embeddable":true,"href":"https:\/\/quantocustaviajar.com\/blog\/wp-json\/wp\/v2\/media\/25136"}],"wp:attachment":[{"href":"https:\/\/quantocustaviajar.com\/blog\/wp-json\/wp\/v2\/media?parent=25134"}],"wp:term":[{"taxonomy":"category","embeddable":true,"href":"https:\/\/quantocustaviajar.com\/blog\/wp-json\/wp\/v2\/categories?post=25134"},{"taxonomy":"post_tag","embeddable":true,"href":"https:\/\/quantocustaviajar.com\/blog\/wp-json\/wp\/v2\/tags?post=25134"}],"curies":[{"name":"wp","href":"https:\/\/api.w.org\/{rel}","templated":true}]}}