{"id":23854,"date":"2025-10-22T12:12:00","date_gmt":"2025-10-22T12:12:00","guid":{"rendered":"https:\/\/quantocustaviajar.com\/blog\/?p=23854"},"modified":"2025-12-02T19:11:46","modified_gmt":"2025-12-02T19:11:46","slug":"fortim-no-ceara","status":"publish","type":"post","link":"https:\/\/quantocustaviajar.com\/blog\/fortim-no-ceara\/","title":{"rendered":"Fortim no Cear\u00e1, \u00e9 como um o\u00e1sis no nordeste brasileiro"},"content":{"rendered":"\n<p>Ao sul de <a href=\"http:\/\/quantocustaviajar.com\/brasil\/fortaleza\" target=\"_blank\" rel=\"noopener noreferrer\">Fortaleza<\/a> e praticamente no meio do caminho entre a capital cearense e <a href=\"http:\/\/quantocustaviajar.com\/brasil\/natal\" target=\"_blank\" rel=\"noopener noreferrer\">Natal<\/a>, no Rio Grande do Norte, a cidade de <strong>Fortim<\/strong> mant\u00e9m-se (na medida do poss\u00edvel, claro) como um o\u00e1sis no nordeste brasileiro, t\u00e3o visitado e procurado por turistas de todo o pa\u00eds em todas as esta\u00e7\u00f5es do ano.<\/p>\n\n\n\n<pre class=\"wp-block-preformatted has-background\" style=\"background-color:#cfd8e1\"><strong>Comece a planejar sua viagem aqui!<\/strong>\n<a href=\"https:\/\/www.turismocity.com.br\/?utm_source=qcv&amp;utm_medium=blog\" target=\"_blank\" rel=\"noreferrer noopener\">Encontre sua passagem a\u00e9rea barata\n<\/a><a href=\"https:\/\/www.booking.com\/index.pt-br.html?aid=2161834\" target=\"_blank\" rel=\"noreferrer noopener\">E pesquise a hospedagem perfeita com o seu or\u00e7amento<\/a><\/pre>\n\n\n\n<p>Por l\u00e1, o sotaque franc\u00eas divide o protagonismo com o portugu\u00eas local: n\u00e3o \u00e9 raro estar dando uma volta pela pra\u00e7a da igreja e esbarrar em algu\u00e9m que visitou o vilarejo e decidiu n\u00e3o voltar mais para a casa (Stanislassia Klein, dona da elegante pousada Stella Cadente, e Fany, propriet\u00e1ria do bar que leva seu nome, s\u00e3o apenas dois exemplos de emigradas apaixonadas).<\/p>\n\n\n\n<figure class=\"wp-block-image aligncenter\"><img loading=\"lazy\" decoding=\"async\" width=\"1303\" height=\"625\" src=\"https:\/\/quantocustaviajar.com\/blog\/wp-content\/uploads\/2018\/05\/Marcelo_isola_5.jpg\" alt=\"\" class=\"wp-image-23857\" srcset=\"https:\/\/quantocustaviajar.com\/blog\/wp-content\/uploads\/2018\/05\/Marcelo_isola_5.jpg 1303w, https:\/\/quantocustaviajar.com\/blog\/wp-content\/uploads\/2018\/05\/Marcelo_isola_5-300x144.jpg 300w, https:\/\/quantocustaviajar.com\/blog\/wp-content\/uploads\/2018\/05\/Marcelo_isola_5-768x368.jpg 768w, https:\/\/quantocustaviajar.com\/blog\/wp-content\/uploads\/2018\/05\/Marcelo_isola_5-1024x491.jpg 1024w\" sizes=\"auto, (max-width: 1303px) 100vw, 1303px\" \/><\/figure>\n\n\n\n<p class=\"has-text-align-center\"><em>No horizonte, moinhos de vento que geram energia&nbsp;(cr\u00e9dito: Marcelo Isola)<\/em><\/p>\n\n\n\n<p>Pequeno e com moinhos de vento geradores de energia el\u00e9trica compondo a paisagem, o munic\u00edpio tem caracter\u00edsticas diversas, a depender da praia que se escolhe para ficar: h\u00e1 um trecho at\u00e9 que bem badalado e outro mais r\u00fastico, com infraestrutura mais acanhada. A <strong>praia Pontal do Macei\u00f3<\/strong> conserva uma vibe de point meio inexplorado, perdido entre inst\u00e2ncias tur\u00edsticas mais tradicionais (est\u00e1 a menos de 140 km de Pipa, localidade sonhada por muita gente que pega um avi\u00e3o no sul do pa\u00eds em dire\u00e7\u00e3o aos para\u00edsos tropicais, quase sempre quentes e ensolarados, que o Nordeste abriga). \u00c9 em meio ao sossego e entre poucos visitantes que o mar e o <strong>rio Jaguaribe<\/strong> se encontram, num cen\u00e1rio \u00fanico e inesquec\u00edvel.<\/p>\n\n\n\n<p>O rio \u00e9 uma das grandes atra\u00e7\u00f5es locais: do <strong>mirante da Barra<\/strong>, descortina-se um cen\u00e1rio id\u00edlico, no ritmo dos barquinhos dos pescadores locais, que atravessam as margens de um lado a outro \u2014 foram eles que, ali\u00e1s, ajudaram a manter tranquilidade no Pontal, reconhecido por seu turismo sustent\u00e1vel. S\u00e3o esses profissionais que abastecem a deliciosa culin\u00e1ria local, que investe pesadamente nos pescados e frutos do mar que chegam frescos aos restaurantes e bares locais \u2013 e por pre\u00e7os bastante convidativos. A <strong>moqueca de arraia<\/strong> \u00e9 uma das especialidades de Fortim que vale a pena ser provada.<\/p>\n\n\n\n<p>D\u00e1 para alugar um barco ou <strong>comprar um passeio de catamar\u00e3 para navegar no Jaguaribe<\/strong>. Quem escolhe a primeira op\u00e7\u00e3o, mais cara, pode combinar quanto tempo levar\u00e1 o tour; j\u00e1 a segunda dura, em m\u00e9dia, duas horas. Durante o passeio, d\u00e1 para se observar as constru\u00e7\u00f5es cinematogr\u00e1ficas que ladeiam a margem do rio, na Barra do Fortim.<\/p>\n\n\n\n<figure class=\"wp-block-image aligncenter\"><img loading=\"lazy\" decoding=\"async\" width=\"965\" height=\"633\" src=\"https:\/\/quantocustaviajar.com\/blog\/wp-content\/uploads\/2018\/05\/Marcelo_isola_7.jpg\" alt=\"\" class=\"wp-image-23855\" srcset=\"https:\/\/quantocustaviajar.com\/blog\/wp-content\/uploads\/2018\/05\/Marcelo_isola_7.jpg 965w, https:\/\/quantocustaviajar.com\/blog\/wp-content\/uploads\/2018\/05\/Marcelo_isola_7-300x197.jpg 300w, https:\/\/quantocustaviajar.com\/blog\/wp-content\/uploads\/2018\/05\/Marcelo_isola_7-768x504.jpg 768w\" sizes=\"auto, (max-width: 965px) 100vw, 965px\" \/><\/figure>\n\n\n\n<p class=\"has-text-align-center\"><em>Barcos de pescadores &#8220;estacionados&#8221; no Pontal do Macei\u00f3 (cr\u00e9dito: Marcelo Isola)<\/em><\/p>\n\n\n\n<p>Al\u00e9m de relaxar e contemplar, em <strong>Pontal do Macei\u00f3<\/strong> pode-se praticar o <strong>kitesurfe<\/strong>, modalidade que precisa de ventos que soprem livremente, sem obst\u00e1culos, para ser praticada \u2014 o <strong>Canto da Barra,<\/strong> outra praia paradis\u00edaca local, \u00e9 um dos principais destinos para a pr\u00e1tica do esporte no Brasil. Quem busca mais luxo e comodidade tem no&nbsp;<a href=\"https:\/\/www.booking.com\/hotel\/br\/vila-selvagem-ltda.pt-br.html?aid=2161834\" target=\"_blank\" rel=\"noopener noreferrer\">Hotel Vila Selvagem<\/a>&nbsp;sua morada enquanto estiver em Fortim: \u00e0 beira-mar, a hospedaria conta com SPA&nbsp;&nbsp;exclusivo e restaurante instalado no terra\u00e7o, que conta com uma bonita vista da praia.<\/p>\n\n\n\n<figure class=\"wp-block-image aligncenter\"><img loading=\"lazy\" decoding=\"async\" width=\"999\" height=\"639\" src=\"https:\/\/quantocustaviajar.com\/blog\/wp-content\/uploads\/2018\/05\/Marcelo_isola_2.jpg\" alt=\"\" class=\"wp-image-23858\" srcset=\"https:\/\/quantocustaviajar.com\/blog\/wp-content\/uploads\/2018\/05\/Marcelo_isola_2.jpg 999w, https:\/\/quantocustaviajar.com\/blog\/wp-content\/uploads\/2018\/05\/Marcelo_isola_2-300x192.jpg 300w, https:\/\/quantocustaviajar.com\/blog\/wp-content\/uploads\/2018\/05\/Marcelo_isola_2-768x491.jpg 768w\" sizes=\"auto, (max-width: 999px) 100vw, 999px\" \/><\/figure>\n\n\n\n<p class=\"has-text-align-center\"><em>Rede nas depend\u00eancias do Vila Selvagem, que fica em frente ao mar (cr\u00e9dito: Marcelo Isola)<\/em><\/p>\n\n\n\n<p>J\u00e1 no Canto da Barra, um complexo urban\u00edstico tur\u00edstico e residencial, que chegou para mudar radicalmente a paisagem local, est\u00e1 se expandindo. O Praia Cano\u00e9 j\u00e1 inaugurou boa parte de seu complexo. O hypado <a href=\"https:\/\/www.booking.com\/hotel\/br\/jaguaribe-lodge-kite.pt-br.html?aid=2161834\" target=\"_blank\" rel=\"noopener noreferrer\">Jaguaribe Logde &amp; Kite<\/a>, que integra o empreendimento, tem cumprido o que o projeto prometeu desde o in\u00edcio: lazer, divers\u00e3o e luxo em frente do mar.<\/p>\n\n\n\n<p>Badala\u00e7\u00e3o para uns, calmaria para outros: a praia de Ponta das Agulhas \u00e9 o destino certo para quem busca a paz e a tranquilidade que s\u00f3 uma praia deserta (ou semideserta, vai depender da \u00e9poca do ano) pode proporcionar. D\u00e1 para chegar at\u00e9 l\u00e1 a p\u00e9, caminhando do Pontal, quando a mar\u00e9 estiver baixa \u2013 o caminho de areia tamb\u00e9m \u00e9 vazio e bem selvagem. Quem faz o caminho oposto, em indo em dire\u00e7\u00e3o ao rio, j\u00e1 na <a href=\"https:\/\/quantocustaviajar.com\/blog\/dicas-de-viagem-para-praia-do-forte\/\">Praia do Forte<\/a>, se depara com cavernas naturais e fal\u00e9sias superfotog\u00eanicas.<\/p>\n\n\n\n<p><em>Texto por L\u00edvia Scatena, fotos por Marcelo Isola<\/em><\/p>\n\n\n\n<script type=\"application\/ld+json\">\n{\n  \"@context\": \"https:\/\/schema.org\",\n  \"@graph\": [\n    {\n      \"@type\": \"ItemList\",\n      \"name\": \"Principais atra\u00e7\u00f5es de Fortim \u2013 Quanto Custa Viajar\",\n      \"itemListOrder\": \"https:\/\/schema.org\/ItemListOrderUnordered\",\n      \"numberOfItems\": 5,\n      \"itemListElement\": [\n        {\n          \"@type\": \"ListItem\",\n          \"position\": 1,\n          \"item\": {\n            \"@type\": \"Place\",\n            \"name\": \"Praia do Pontal de Macei\u00f3\",\n            \"description\": \"Praia calma em Fortim, com \u00e1guas mornas, ideal para relaxar e para pr\u00e1tica de kitesurf. \",\n            \"url\": \"https:\/\/quantocustaviajar.com\/blog\/fortim-no-ceara\/#Pontal-de-Macei\u00f3\"\n          }\n        },\n        {\n          \"@type\": \"ListItem\",\n          \"position\": 2,\n          \"item\": {\n            \"@type\": \"Place\",\n            \"name\": \"Foz do Rio Jaguaribe\",\n            \"description\": \"Encontro do rio Jaguaribe com o mar, ponto para passeios de barco e observa\u00e7\u00e3o da paisagem de mangue. \",\n            \"url\": \"https:\/\/quantocustaviajar.com\/blog\/fortim-no-ceara\/#Foz-do-Rio-Jaguaribe\"\n          }\n        },\n        {\n          \"@type\": \"ListItem\",\n          \"position\": 3,\n          \"item\": {\n            \"@type\": \"Place\",\n            \"name\": \"Mirante do Pontal\",\n            \"description\": \"Mirante com vista panor\u00e2mica sobre a vila do Pontal de Macei\u00f3 e o litoral de Fortim. \",\n            \"url\": \"https:\/\/quantocustaviajar.com\/blog\/fortim-no-ceara\/#Mirante-do-Pontal\"\n          }\n        },\n        {\n          \"@type\": \"ListItem\",\n          \"position\": 4,\n          \"item\": {\n            \"@type\": \"Place\",\n            \"name\": \"Farol de Fortim\",\n            \"description\": \"Farol que oferece uma bela vista da costa e da foz do rio Jaguaribe. \",\n            \"url\": \"https:\/\/quantocustaviajar.com\/blog\/fortim-no-ceara\/#Farol-de-Fortim\"\n          }\n        },\n        {\n          \"@type\": \"ListItem\",\n          \"position\": 5,\n          \"item\": {\n            \"@type\": \"Place\",\n            \"name\": \"Trilhas e dunas \/ passeios de buggy\",\n            \"description\": \"Passeios de buggy ou quadriciclo por dunas, trilhas ecol\u00f3gicas e forma\u00e7\u00f5es rochosas. \",\n            \"url\": \"https:\/\/quantocustaviajar.com\/blog\/fortim-no-ceara\/#Trilhas-e-buggy\"\n          }\n        }\n      ]\n    },\n    {\n      \"@type\": \"FAQPage\",\n      \"mainEntity\": [\n        {\n          \"@type\": \"Question\",\n          \"name\": \"Como chegar em Fortim (CE)?\",\n          \"acceptedAnswer\": {\n            \"@type\": \"Answer\",\n            \"text\": \"Fortim est\u00e1 a cerca de 130 km de Fortaleza, e pode-se chegar de carro por estrada ou por transfer. :contentReference[oaicite:0]{index=0}\"\n          }\n        },\n        {\n          \"@type\": \"Question\",\n          \"name\": \"Quais s\u00e3o os principais pontos tur\u00edsticos de Fortim?\",\n          \"acceptedAnswer\": {\n            \"@type\": \"Answer\",\n            \"text\": \"Entre os destaques de Fortim est\u00e3o a Praia do Pontal de Macei\u00f3, a foz do Rio Jaguaribe, mirantes, dunas, trilhas e passeios de buggy. :contentReference[oaicite:1]{index=1}\"\n          }\n        },\n        {\n          \"@type\": \"Question\",\n          \"name\": \"Vale a pena fazer passeio de barco em Fortim?\",\n            \"acceptedAnswer\": {\n              \"@type\": \"Answer\",\n              \"text\": \"Sim. Um dos pontos mais interessantes \u00e9 o encontro do rio Jaguaribe com o mar, que pode ser explorado por barco, incluindo manguezais e bancos de areia. :contentReference[oaicite:2]{index=2}\"\n            }\n        },\n        {\n          \"@type\": \"Question\",\n          \"name\": \"Fortim \u00e9 bom para praticar kitesurf?\",\n            \"acceptedAnswer\": {\n              \"@type\": \"Answer\",\n              \"text\": \"Sim \u2014 Fortim \u00e9 bastante procurado para kitesurf, especialmente na Praia do Pontal de Macei\u00f3, por conta dos ventos favor\u00e1veis. :contentReference[oaicite:3]{index=3}\"\n            }\n        },\n        {\n          \"@type\": \"Question\",\n          \"name\": \"Quando \u00e9 a melhor \u00e9poca para visitar Fortim?\",\n          \"acceptedAnswer\": {\n            \"@type\": \"Answer\",\n              \"text\": \"De acordo com relatos de viagem, a melhor \u00e9poca para visitar \u00e9 entre julho e dezembro, quando h\u00e1 menos chuvas e o clima favorece atividades ao ar livre. :contentReference[oaicite:4]{index=4}\"\n            }\n        },\n        {\n          \"@type\": \"Question\",\n          \"name\": \"Existe infraestrutura tur\u00edstica em Fortim?\",\n          \"acceptedAnswer\": {\n            \"@type\": \"Answer\",\n            \"text\": \"Sim, Fortim tem pousadas, hot\u00e9is, restaurantes e guias para passeios de buggy, trilhas e barcos. \u00c9 um destino com charme r\u00fastico mas com estrutura para receber turistas. :contentReference[oaicite:5]{index=5}\"\n          }\n        }\n      ]\n    }\n  ]\n}\n<\/script>\n","protected":false},"excerpt":{"rendered":"<p>Ao sul de Fortaleza e praticamente no meio do caminho entre a capital cearense e Natal, no Rio Grande do Norte, a cidade de Fortim mant\u00e9m-se (na medida do poss\u00edvel, claro) como um o\u00e1sis no nordeste brasileiro, t\u00e3o visitado e procurado por turistas de todo o pa\u00eds em todas as esta\u00e7\u00f5es do ano. Por l\u00e1, [&hellip;]<\/p>\n","protected":false},"author":6,"featured_media":23856,"comment_status":"open","ping_status":"open","sticky":false,"template":"","format":"standard","meta":{"cybocfi_hide_featured_image":"","footnotes":""},"categories":[1437,1434],"tags":[1485,266,1572,214],"class_list":["post-23854","post","type-post","status-publish","format-standard","has-post-thumbnail","hentry","category-ao-ar-livre","category-descubra-brasil","tag-americadosul","tag-brasil","tag-fortim","tag-natal"],"blocksy_meta":[],"yoast_head":"<!-- This site is optimized with the Yoast SEO plugin v26.3 - https:\/\/yoast.com\/wordpress\/plugins\/seo\/ -->\n<title>Fortim no Cear\u00e1, \u00e9 como um o\u00e1sis no nordeste brasileiro<\/title>\n<meta name=\"description\" content=\"Ao sul de Fortaleza e praticamente no meio do caminho entre a capital cearense e Natal, no Rio Grande do Norte, a cidade de Fortim mant\u00e9m-se (na medida do poss\u00edvel, claro) como um o\u00e1sis no nordeste brasileiro, t\u00e3o visitado e procurado por turistas de todo o pa\u00eds em todas as esta\u00e7\u00f5es do ano.\" \/>\n<meta name=\"robots\" content=\"index, follow, max-snippet:-1, max-image-preview:large, max-video-preview:-1\" \/>\n<link rel=\"canonical\" href=\"https:\/\/quantocustaviajar.com\/blog\/fortim-no-ceara\/\" \/>\n<meta property=\"og:locale\" content=\"pt_BR\" \/>\n<meta property=\"og:type\" content=\"article\" \/>\n<meta property=\"og:title\" content=\"Fortim no Cear\u00e1, \u00e9 como um o\u00e1sis no nordeste brasileiro\" \/>\n<meta property=\"og:description\" content=\"Ao sul de Fortaleza e praticamente no meio do caminho entre a capital cearense e Natal, no Rio Grande do Norte, a cidade de Fortim mant\u00e9m-se (na medida do poss\u00edvel, claro) como um o\u00e1sis no nordeste brasileiro, t\u00e3o visitado e procurado por turistas de todo o pa\u00eds em todas as esta\u00e7\u00f5es do ano.\" \/>\n<meta property=\"og:url\" content=\"https:\/\/quantocustaviajar.com\/blog\/fortim-no-ceara\/\" \/>\n<meta property=\"og:site_name\" content=\"Blog Quanto Custa Viajar\" \/>\n<meta property=\"article:publisher\" content=\"https:\/\/www.facebook.com\/quantocustaviajar\" \/>\n<meta property=\"article:published_time\" content=\"2025-10-22T12:12:00+00:00\" \/>\n<meta property=\"article:modified_time\" content=\"2025-12-02T19:11:46+00:00\" \/>\n<meta property=\"og:image\" content=\"https:\/\/quantocustaviajar.com\/blog\/wp-content\/uploads\/2018\/05\/Marcelo_isola_6.jpg\" \/>\n\t<meta property=\"og:image:width\" content=\"983\" \/>\n\t<meta property=\"og:image:height\" content=\"589\" \/>\n\t<meta property=\"og:image:type\" content=\"image\/jpeg\" \/>\n<meta name=\"author\" content=\"Equipe Quanto Custa Viajar\" \/>\n<meta name=\"twitter:card\" content=\"summary_large_image\" \/>\n<meta name=\"twitter:label1\" content=\"Escrito por\" \/>\n\t<meta name=\"twitter:data1\" content=\"Equipe Quanto Custa Viajar\" \/>\n\t<meta name=\"twitter:label2\" content=\"Est. tempo de leitura\" \/>\n\t<meta name=\"twitter:data2\" content=\"5 minutos\" \/>\n<!-- \/ Yoast SEO plugin. -->","yoast_head_json":{"title":"Fortim no Cear\u00e1, \u00e9 como um o\u00e1sis no nordeste brasileiro","description":"Ao sul de Fortaleza e praticamente no meio do caminho entre a capital cearense e Natal, no Rio Grande do Norte, a cidade de Fortim mant\u00e9m-se (na medida do poss\u00edvel, claro) como um o\u00e1sis no nordeste brasileiro, t\u00e3o visitado e procurado por turistas de todo o pa\u00eds em todas as esta\u00e7\u00f5es do ano.","robots":{"index":"index","follow":"follow","max-snippet":"max-snippet:-1","max-image-preview":"max-image-preview:large","max-video-preview":"max-video-preview:-1"},"canonical":"https:\/\/quantocustaviajar.com\/blog\/fortim-no-ceara\/","og_locale":"pt_BR","og_type":"article","og_title":"Fortim no Cear\u00e1, \u00e9 como um o\u00e1sis no nordeste brasileiro","og_description":"Ao sul de Fortaleza e praticamente no meio do caminho entre a capital cearense e Natal, no Rio Grande do Norte, a cidade de Fortim mant\u00e9m-se (na medida do poss\u00edvel, claro) como um o\u00e1sis no nordeste brasileiro, t\u00e3o visitado e procurado por turistas de todo o pa\u00eds em todas as esta\u00e7\u00f5es do ano.","og_url":"https:\/\/quantocustaviajar.com\/blog\/fortim-no-ceara\/","og_site_name":"Blog Quanto Custa Viajar","article_publisher":"https:\/\/www.facebook.com\/quantocustaviajar","article_published_time":"2025-10-22T12:12:00+00:00","article_modified_time":"2025-12-02T19:11:46+00:00","og_image":[{"width":983,"height":589,"url":"https:\/\/quantocustaviajar.com\/blog\/wp-content\/uploads\/2018\/05\/Marcelo_isola_6.jpg","type":"image\/jpeg"}],"author":"Equipe Quanto Custa Viajar","twitter_card":"summary_large_image","twitter_misc":{"Escrito por":"Equipe Quanto Custa Viajar","Est. tempo de leitura":"5 minutos"},"schema":{"@context":"https:\/\/schema.org","@graph":[{"@type":["Article","BlogPosting"],"@id":"https:\/\/quantocustaviajar.com\/blog\/fortim-no-ceara\/#article","isPartOf":{"@id":"https:\/\/quantocustaviajar.com\/blog\/fortim-no-ceara\/"},"author":{"name":"Equipe Quanto Custa Viajar","@id":"https:\/\/quantocustaviajar.com\/blog\/#\/schema\/person\/d977032201a8b95763a3a2dad4f43dd1"},"headline":"Fortim no Cear\u00e1, \u00e9 como um o\u00e1sis no nordeste brasileiro","datePublished":"2025-10-22T12:12:00+00:00","dateModified":"2025-12-02T19:11:46+00:00","mainEntityOfPage":{"@id":"https:\/\/quantocustaviajar.com\/blog\/fortim-no-ceara\/"},"wordCount":725,"commentCount":0,"publisher":{"@id":"https:\/\/quantocustaviajar.com\/blog\/#organization"},"image":{"@id":"https:\/\/quantocustaviajar.com\/blog\/fortim-no-ceara\/#primaryimage"},"thumbnailUrl":"https:\/\/quantocustaviajar.com\/blog\/wp-content\/uploads\/2018\/05\/Marcelo_isola_6.jpg","keywords":["americadosul","Brasil","fortim","Natal"],"articleSection":["Ao Ar Livre","Descubra o Brasil"],"inLanguage":"pt-BR","potentialAction":[{"@type":"CommentAction","name":"Comment","target":["https:\/\/quantocustaviajar.com\/blog\/fortim-no-ceara\/#respond"]}]},{"@type":"WebPage","@id":"https:\/\/quantocustaviajar.com\/blog\/fortim-no-ceara\/","url":"https:\/\/quantocustaviajar.com\/blog\/fortim-no-ceara\/","name":"Fortim no Cear\u00e1, \u00e9 como um o\u00e1sis no nordeste brasileiro","isPartOf":{"@id":"https:\/\/quantocustaviajar.com\/blog\/#website"},"primaryImageOfPage":{"@id":"https:\/\/quantocustaviajar.com\/blog\/fortim-no-ceara\/#primaryimage"},"image":{"@id":"https:\/\/quantocustaviajar.com\/blog\/fortim-no-ceara\/#primaryimage"},"thumbnailUrl":"https:\/\/quantocustaviajar.com\/blog\/wp-content\/uploads\/2018\/05\/Marcelo_isola_6.jpg","datePublished":"2025-10-22T12:12:00+00:00","dateModified":"2025-12-02T19:11:46+00:00","description":"Ao sul de Fortaleza e praticamente no meio do caminho entre a capital cearense e Natal, no Rio Grande do Norte, a cidade de Fortim mant\u00e9m-se (na medida do poss\u00edvel, claro) como um o\u00e1sis no nordeste brasileiro, t\u00e3o visitado e procurado por turistas de todo o pa\u00eds em todas as esta\u00e7\u00f5es do ano.","breadcrumb":{"@id":"https:\/\/quantocustaviajar.com\/blog\/fortim-no-ceara\/#breadcrumb"},"inLanguage":"pt-BR","potentialAction":[{"@type":"ReadAction","target":["https:\/\/quantocustaviajar.com\/blog\/fortim-no-ceara\/"]}]},{"@type":"ImageObject","inLanguage":"pt-BR","@id":"https:\/\/quantocustaviajar.com\/blog\/fortim-no-ceara\/#primaryimage","url":"https:\/\/quantocustaviajar.com\/blog\/wp-content\/uploads\/2018\/05\/Marcelo_isola_6.jpg","contentUrl":"https:\/\/quantocustaviajar.com\/blog\/wp-content\/uploads\/2018\/05\/Marcelo_isola_6.jpg","width":983,"height":589},{"@type":"BreadcrumbList","@id":"https:\/\/quantocustaviajar.com\/blog\/fortim-no-ceara\/#breadcrumb","itemListElement":[{"@type":"ListItem","position":1,"name":"In\u00edcio","item":"https:\/\/quantocustaviajar.com\/blog\/"},{"@type":"ListItem","position":2,"name":"Fortim no Cear\u00e1, \u00e9 como um o\u00e1sis no nordeste brasileiro"}]},{"@type":"WebSite","@id":"https:\/\/quantocustaviajar.com\/blog\/#website","url":"https:\/\/quantocustaviajar.com\/blog\/","name":"Blog Quanto Custa Viajar","description":"","publisher":{"@id":"https:\/\/quantocustaviajar.com\/blog\/#organization"},"potentialAction":[{"@type":"SearchAction","target":{"@type":"EntryPoint","urlTemplate":"https:\/\/quantocustaviajar.com\/blog\/?s={search_term_string}"},"query-input":{"@type":"PropertyValueSpecification","valueRequired":true,"valueName":"search_term_string"}}],"inLanguage":"pt-BR"},{"@type":"Organization","@id":"https:\/\/quantocustaviajar.com\/blog\/#organization","name":"Quanto Custa Viajar","url":"https:\/\/quantocustaviajar.com\/blog\/","logo":{"@type":"ImageObject","inLanguage":"pt-BR","@id":"https:\/\/quantocustaviajar.com\/blog\/#\/schema\/logo\/image\/","url":"","contentUrl":"","caption":"Quanto Custa Viajar"},"image":{"@id":"https:\/\/quantocustaviajar.com\/blog\/#\/schema\/logo\/image\/"},"sameAs":["https:\/\/www.facebook.com\/quantocustaviajar"]},{"@type":"Person","@id":"https:\/\/quantocustaviajar.com\/blog\/#\/schema\/person\/d977032201a8b95763a3a2dad4f43dd1","name":"Equipe Quanto Custa Viajar","image":{"@type":"ImageObject","inLanguage":"pt-BR","@id":"https:\/\/quantocustaviajar.com\/blog\/#\/schema\/person\/image\/","url":"https:\/\/secure.gravatar.com\/avatar\/da5fd4931df8a2e842347b26130efd36b2ce70017694cc5ae5ad69721d8b827e?s=96&d=mm&r=g","contentUrl":"https:\/\/secure.gravatar.com\/avatar\/da5fd4931df8a2e842347b26130efd36b2ce70017694cc5ae5ad69721d8b827e?s=96&d=mm&r=g","caption":"Equipe Quanto Custa Viajar"},"url":"https:\/\/quantocustaviajar.com\/blog\/author\/equipe2\/"}]}},"_links":{"self":[{"href":"https:\/\/quantocustaviajar.com\/blog\/wp-json\/wp\/v2\/posts\/23854","targetHints":{"allow":["GET"]}}],"collection":[{"href":"https:\/\/quantocustaviajar.com\/blog\/wp-json\/wp\/v2\/posts"}],"about":[{"href":"https:\/\/quantocustaviajar.com\/blog\/wp-json\/wp\/v2\/types\/post"}],"author":[{"embeddable":true,"href":"https:\/\/quantocustaviajar.com\/blog\/wp-json\/wp\/v2\/users\/6"}],"replies":[{"embeddable":true,"href":"https:\/\/quantocustaviajar.com\/blog\/wp-json\/wp\/v2\/comments?post=23854"}],"version-history":[{"count":6,"href":"https:\/\/quantocustaviajar.com\/blog\/wp-json\/wp\/v2\/posts\/23854\/revisions"}],"predecessor-version":[{"id":88669,"href":"https:\/\/quantocustaviajar.com\/blog\/wp-json\/wp\/v2\/posts\/23854\/revisions\/88669"}],"wp:featuredmedia":[{"embeddable":true,"href":"https:\/\/quantocustaviajar.com\/blog\/wp-json\/wp\/v2\/media\/23856"}],"wp:attachment":[{"href":"https:\/\/quantocustaviajar.com\/blog\/wp-json\/wp\/v2\/media?parent=23854"}],"wp:term":[{"taxonomy":"category","embeddable":true,"href":"https:\/\/quantocustaviajar.com\/blog\/wp-json\/wp\/v2\/categories?post=23854"},{"taxonomy":"post_tag","embeddable":true,"href":"https:\/\/quantocustaviajar.com\/blog\/wp-json\/wp\/v2\/tags?post=23854"}],"curies":[{"name":"wp","href":"https:\/\/api.w.org\/{rel}","templated":true}]}}