{"id":23783,"date":"2018-06-25T17:46:34","date_gmt":"2018-06-25T17:46:34","guid":{"rendered":"https:\/\/quantocustaviajar.com\/blog\/?p=23783"},"modified":"2021-03-04T18:37:51","modified_gmt":"2021-03-04T18:37:51","slug":"muralla-roja-espanha","status":"publish","type":"post","link":"https:\/\/quantocustaviajar.com\/blog\/muralla-roja-espanha\/","title":{"rendered":"Que tal passar uma noite na Muralla Roja, um dos pr\u00e9dios mais ic\u00f4nicos da\u00a0Espanha?"},"content":{"rendered":"<p>A gente j\u00e1 comentou <a href=\"https:\/\/quantocustaviajar.com\/blog\/barcelona-o-paraiso-da-arquitetura\/\" target=\"_blank\" rel=\"noopener noreferrer\">aqui<\/a> sobre a import\u00e2ncia arquitet\u00f4nica de <a href=\"https:\/\/quantocustaviajar.com\/espanha\/barcelona\" target=\"_blank\" rel=\"noopener noreferrer\">Barcelona<\/a>, onde ficam monumentos conhecidos mundialmente, como a catedral da <a href=\"https:\/\/quantocustaviajar.com\/blog\/sagrada-familia-em-barcelona\/\">Sagrada Fam\u00edlia<\/a> e a Casa Batll\u00f3. Mas o que poucos sabem (ou conhecem) \u00e9 que \u00e9 poss\u00edvel passar uma noite ou at\u00e9 alguns dias na <strong>Muralla Roja<\/strong>, <strong>um dos pr\u00e9dios mais fotog\u00eanicos e ic\u00f4nicos da\u00a0Espanha.<\/strong><\/p>\n<p>O projeto p\u00f3s-modernista elaborado por Ricardo Bofill em 1973 <strong>\u00e9 conhecido por suas formas e cores.<\/strong> Por muito tempo as pessoas iam at\u00e9 Calpe, regi\u00e3o de <strong>Alicante<\/strong>, a quatro horas de <a href=\"https:\/\/quantocustaviajar.com\/espanha\/valencia\" target=\"_blank\" rel=\"noopener noreferrer\"><strong>Val\u00eancia<\/strong><\/a>, para visit\u00e1-lo e fotograf\u00e1-lo. Por\u00e9m, por ser uma propriedade particular, j\u00e1 aconteceram<strong> algumas confus\u00f5es<\/strong>, afinal, simplesmente entrar no lugar e sair fotografando pode ser considerado como invas\u00e3o de domic\u00edlio!<\/p>\n<p><img loading=\"lazy\" decoding=\"async\" class=\"aligncenter wp-image-23714 size-full\" src=\"https:\/\/quantocustaviajar.com\/blog\/wp-content\/uploads\/2018\/05\/Muralla_Roja8.jpg\" alt=\"\" width=\"650\" height=\"634\" srcset=\"https:\/\/quantocustaviajar.com\/blog\/wp-content\/uploads\/2018\/05\/Muralla_Roja8.jpg 650w, https:\/\/quantocustaviajar.com\/blog\/wp-content\/uploads\/2018\/05\/Muralla_Roja8-300x293.jpg 300w\" sizes=\"auto, (max-width: 650px) 100vw, 650px\" \/><\/p>\n<p>O edif\u00edcio em tons de rosa, vermelho, violeta e azul se imp\u00f5e como um <strong>forte acima do penhasco que o rodeia, de frente para o oceano.<\/strong> Suas formas, que t\u00eam como refer\u00eancia tra\u00e7os da arquitetura \u00e1rabe-mediterr\u00e2nea e do Norte da \u00c1frica, saem bem na foto facilmente. Por dentro, <strong>se assemelha a um Kasbah<\/strong>, um tipo de medina ou citadela, cheio de labirintos e escadarias, formando um plano geom\u00e9trico encantador.<\/p>\n<p><em><strong>Partiu Espanha? <a href=\"https:\/\/quantocustaviajar.com\/espanha\/\" target=\"_blank\" rel=\"noopener noreferrer\">Descubra quanto custa viajar para l\u00e1<\/a><\/strong><\/em><\/p>\n<p>N\u00e3o por acaso, o conjunto da obra ganhou bastante fama em editoriais de moda e redes sociais de blogueiras influentes. <strong>A popularidade fez com que muita gente invadisse, sem querer, o local, achando que era aberto ao p\u00fablico<\/strong>.<\/p>\n<p>Mas d\u00e1 para ter sim um gostinho da Muralla Roja sem ser &#8220;ilegal&#8221; e sem ser um residente. Como? Alugando um ap\u00ea! A \u00e1rea engloba 50 apartamentos de 80 a 120 m\u00b2 ou est\u00fadios de 60 m\u00b2. No terra\u00e7o existe um belo sol\u00e1rio, uma sauna e uma piscina. <strong>No <a href=\"https:\/\/www.airbnb.com.br\/rooms\/1482982\" target=\"_blank\" rel=\"noopener noreferrer\">Airbnb<\/a> e no <a href=\"https:\/\/www.booking.com\/hotel\/es\/apartment-muralla-roja-calpe.pt-br.html?aid=2161834\" target=\"_blank\" rel=\"noopener noreferrer\">Booking<\/a> existem op\u00e7\u00f5es para acomodar os turistas que querem curtir um pouquinho dessa joia arquitet\u00f4nica<\/strong>, al\u00e9m de sair bem na foto, \u00e9 claro. Se for s\u00f3 para fazer uns cliques, consulte a administra\u00e7\u00e3o do pr\u00e9dio, a Vives Administraci\u00f3n De Fincas\u200a-\u200aCALP.<\/p>\n<p><img loading=\"lazy\" decoding=\"async\" class=\"aligncenter wp-image-23712 size-full\" src=\"https:\/\/quantocustaviajar.com\/blog\/wp-content\/uploads\/2018\/05\/Muralla_Roja5.jpg\" alt=\"\" width=\"650\" height=\"430\" srcset=\"https:\/\/quantocustaviajar.com\/blog\/wp-content\/uploads\/2018\/05\/Muralla_Roja5.jpg 650w, https:\/\/quantocustaviajar.com\/blog\/wp-content\/uploads\/2018\/05\/Muralla_Roja5-300x198.jpg 300w\" sizes=\"auto, (max-width: 650px) 100vw, 650px\" \/><\/p>\n<p><img loading=\"lazy\" decoding=\"async\" class=\"aligncenter wp-image-23717 size-full\" src=\"https:\/\/quantocustaviajar.com\/blog\/wp-content\/uploads\/2018\/05\/Muralla_Roja15.jpg\" alt=\"\" width=\"650\" height=\"521\" srcset=\"https:\/\/quantocustaviajar.com\/blog\/wp-content\/uploads\/2018\/05\/Muralla_Roja15.jpg 650w, https:\/\/quantocustaviajar.com\/blog\/wp-content\/uploads\/2018\/05\/Muralla_Roja15-300x240.jpg 300w\" sizes=\"auto, (max-width: 650px) 100vw, 650px\" \/><\/p>\n<p><em><strong>Encontre sua passagem para a Espanha em<a href=\"https:\/\/quantocustaviajar.com\/passagens-aereas-baratas\/\" target=\"_blank\" rel=\"noopener noreferrer\"> nosso buscador de passagem a\u00e9rea!<\/a><\/strong><\/em><\/p>\n<p><img loading=\"lazy\" decoding=\"async\" class=\"aligncenter wp-image-23716 size-full\" src=\"https:\/\/quantocustaviajar.com\/blog\/wp-content\/uploads\/2018\/05\/Muralla_Roja10.jpg\" alt=\"\" width=\"650\" height=\"523\" srcset=\"https:\/\/quantocustaviajar.com\/blog\/wp-content\/uploads\/2018\/05\/Muralla_Roja10.jpg 650w, https:\/\/quantocustaviajar.com\/blog\/wp-content\/uploads\/2018\/05\/Muralla_Roja10-300x241.jpg 300w\" sizes=\"auto, (max-width: 650px) 100vw, 650px\" \/><\/p>\n<p><img loading=\"lazy\" decoding=\"async\" class=\"aligncenter wp-image-23713 size-full\" src=\"https:\/\/quantocustaviajar.com\/blog\/wp-content\/uploads\/2018\/05\/Muralla_Roja6.jpg\" alt=\"\" width=\"650\" height=\"426\" srcset=\"https:\/\/quantocustaviajar.com\/blog\/wp-content\/uploads\/2018\/05\/Muralla_Roja6.jpg 650w, https:\/\/quantocustaviajar.com\/blog\/wp-content\/uploads\/2018\/05\/Muralla_Roja6-300x197.jpg 300w\" sizes=\"auto, (max-width: 650px) 100vw, 650px\" \/><\/p>\n<p><img loading=\"lazy\" decoding=\"async\" class=\"aligncenter wp-image-23715 size-full\" src=\"https:\/\/quantocustaviajar.com\/blog\/wp-content\/uploads\/2018\/05\/Muralla_Roja9.jpg\" alt=\"\" width=\"650\" height=\"433\" srcset=\"https:\/\/quantocustaviajar.com\/blog\/wp-content\/uploads\/2018\/05\/Muralla_Roja9.jpg 650w, https:\/\/quantocustaviajar.com\/blog\/wp-content\/uploads\/2018\/05\/Muralla_Roja9-300x200.jpg 300w\" sizes=\"auto, (max-width: 650px) 100vw, 650px\" \/><\/p>\n<p><img loading=\"lazy\" decoding=\"async\" class=\"aligncenter wp-image-23711 size-full\" src=\"https:\/\/quantocustaviajar.com\/blog\/wp-content\/uploads\/2018\/05\/Muralla_Roja4.jpg\" alt=\"\" width=\"650\" height=\"488\" srcset=\"https:\/\/quantocustaviajar.com\/blog\/wp-content\/uploads\/2018\/05\/Muralla_Roja4.jpg 650w, https:\/\/quantocustaviajar.com\/blog\/wp-content\/uploads\/2018\/05\/Muralla_Roja4-300x225.jpg 300w\" sizes=\"auto, (max-width: 650px) 100vw, 650px\" \/><\/p>\n<blockquote class=\"instagram-media\" style=\"background: #FFF; border: 0; border-radius: 3px; box-shadow: 0 0 1px 0 rgba(0,0,0,0.5),0 1px 10px 0 rgba(0,0,0,0.15); margin: 1px; max-width: 658px; padding: 0; width: calc(100% - 2px);\" data-instgrm-permalink=\"https:\/\/www.instagram.com\/p\/BjXuYzrjJip\/\" data-instgrm-version=\"8\">\n<div style=\"padding: 8px;\">\n<div style=\"background: #F8F8F8; line-height: 0; margin-top: 40px; padding: 62.5% 0; text-align: center; width: 100%;\">\n<div style=\"background: url(data:image\/png; base64,ivborw0kggoaaaansuheugaaacwaaaascamaaaapwqozaaaabgdbtueaalgpc\/xhbqaaaafzukdcak7ohokaaaamuexurczmzpf399fx1+bm5mzy9amaaadisurbvdjlvzxbesmgces5\/p8\/t9furvcrmu73jwlzosgsiizurcjo\/ad+eqjjb4hv8bft+idpqocx1wjosbfhh2xssxeiyn3uli\/6mnree07uiwjev8ueowds88ly97kqytlijkktuybbruayvh5wohixmpi5we58ek028czwyuqdlkpg1bkb4nnm+veanfhqn1k4+gpt6ugqcvu2h2ovuif\/gwufyy8owepdyzsa3avcqpvovvzzz2vtnn2wu8qzvjddeto90gsy9mvlqtgysy231mxry6i2ggqjrty0l8fxcxfcbbhwrsyyaaaaaelftksuqmcc); display: block; height: 44px; margin: 0 auto -44px; position: relative; top: -22px; width: 44px;\"><\/div>\n<\/div>\n<p style=\"color: #c9c8cd; font-family: Arial,sans-serif; font-size: 14px; line-height: 17px; margin-bottom: 0; margin-top: 8px; overflow: hidden; padding: 8px 0 7px; text-align: center; text-overflow: ellipsis; white-space: nowrap;\"><a style=\"color: #c9c8cd; font-family: Arial,sans-serif; font-size: 14px; font-style: normal; font-weight: normal; line-height: 17px; text-decoration: none;\" href=\"https:\/\/www.instagram.com\/p\/BjXuYzrjJip\/\" target=\"_blank\" rel=\"noopener noreferrer\">Uma publica\u00e7\u00e3o compartilhada por Ketevan Giorgadze (@katie.one)<\/a> em <time style=\"font-family: Arial,sans-serif; font-size: 14px; line-height: 17px;\" datetime=\"2018-05-29T18:02:55+00:00\">29 de Mai, 2018 \u00e0s 11:02 PDT<\/time><\/p>\n<\/div>\n<\/blockquote>\n<p><script async=\"\" defer=\"\" src=\"\/\/www.instagram.com\/embed.js\"><\/script><\/p>\n<p><em>Fotos: divulga\u00e7\u00e3o<\/em><\/p>\n","protected":false},"excerpt":{"rendered":"<p>A gente j\u00e1 comentou aqui sobre a import\u00e2ncia arquitet\u00f4nica de Barcelona, onde ficam monumentos conhecidos mundialmente, como a catedral da Sagrada Fam\u00edlia e a Casa Batll\u00f3. Mas o que poucos sabem (ou conhecem) \u00e9 que \u00e9 poss\u00edvel passar uma noite ou at\u00e9 alguns dias na Muralla Roja, um dos pr\u00e9dios mais fotog\u00eanicos e ic\u00f4nicos da\u00a0Espanha. [&hellip;]<\/p>\n","protected":false},"author":4,"featured_media":23784,"comment_status":"open","ping_status":"open","sticky":false,"template":"","format":"standard","meta":{"cybocfi_hide_featured_image":"","footnotes":""},"categories":[1436,1182],"tags":[200,198,79,78,18,74,1567],"class_list":["post-23783","post","type-post","status-publish","format-standard","has-post-thumbnail","hentry","category-artes-cultura-diversao","category-dica-cool","tag-airbnb","tag-apartamento","tag-arquitetura","tag-espanha","tag-europa","tag-hospedagem","tag-valencia"],"blocksy_meta":[],"yoast_head":"<!-- This site is optimized with the Yoast SEO plugin v26.3 - https:\/\/yoast.com\/wordpress\/plugins\/seo\/ -->\n<title>Que tal passar uma noite na Muralla Roja, um dos pr\u00e9dios mais ic\u00f4nicos da\u00a0Espanha?<\/title>\n<meta name=\"robots\" content=\"index, follow, max-snippet:-1, max-image-preview:large, max-video-preview:-1\" \/>\n<link rel=\"canonical\" href=\"https:\/\/quantocustaviajar.com\/blog\/muralla-roja-espanha\/\" \/>\n<meta property=\"og:locale\" content=\"pt_BR\" \/>\n<meta property=\"og:type\" content=\"article\" \/>\n<meta property=\"og:title\" content=\"Muralla Roja, um dos pr\u00e9dios mais fotog\u00eanicos da\u00a0Espanha\" \/>\n<meta property=\"og:description\" content=\"A gente j\u00e1 comentou aqui sobre a import\u00e2ncia arquitet\u00f4nica de Barcelona, onde ficam monumentos conhecidos mundialmente, como a catedral da Sagrada Fam\u00edlia e a Casa Batll\u00f3. Mas o que poucos sabem (ou conhecem) \u00e9 que \u00e9 poss\u00edvel passar uma noite ou at\u00e9 alguns dias na Muralla Roja, um dos pr\u00e9dios mais fotog\u00eanicos e ic\u00f4nicos da\u00a0Espanha. [&hellip;]\" \/>\n<meta property=\"og:url\" content=\"https:\/\/quantocustaviajar.com\/blog\/muralla-roja-espanha\/\" \/>\n<meta property=\"og:site_name\" content=\"Blog Quanto Custa Viajar\" \/>\n<meta property=\"article:publisher\" content=\"https:\/\/www.facebook.com\/quantocustaviajar\" \/>\n<meta property=\"article:author\" content=\"https:\/\/www.facebook.com\/brunellapfvr\/posts\" \/>\n<meta property=\"article:published_time\" content=\"2018-06-25T17:46:34+00:00\" \/>\n<meta property=\"article:modified_time\" content=\"2021-03-04T18:37:51+00:00\" \/>\n<meta property=\"og:image\" content=\"https:\/\/quantocustaviajar.com\/blog\/wp-content\/uploads\/2018\/05\/Muralla_Roja-1.jpg\" \/>\n\t<meta property=\"og:image:width\" content=\"1440\" \/>\n\t<meta property=\"og:image:height\" content=\"1078\" \/>\n\t<meta property=\"og:image:type\" content=\"image\/jpeg\" \/>\n<meta name=\"author\" content=\"Brunella Nunes\" \/>\n<meta name=\"twitter:card\" content=\"summary_large_image\" \/>\n<meta name=\"twitter:label1\" content=\"Escrito por\" \/>\n\t<meta name=\"twitter:data1\" content=\"Brunella Nunes\" \/>\n\t<meta name=\"twitter:label2\" content=\"Est. tempo de leitura\" \/>\n\t<meta name=\"twitter:data2\" content=\"2 minutos\" \/>\n<!-- \/ Yoast SEO plugin. -->","yoast_head_json":{"title":"Que tal passar uma noite na Muralla Roja, um dos pr\u00e9dios mais ic\u00f4nicos da\u00a0Espanha?","robots":{"index":"index","follow":"follow","max-snippet":"max-snippet:-1","max-image-preview":"max-image-preview:large","max-video-preview":"max-video-preview:-1"},"canonical":"https:\/\/quantocustaviajar.com\/blog\/muralla-roja-espanha\/","og_locale":"pt_BR","og_type":"article","og_title":"Muralla Roja, um dos pr\u00e9dios mais fotog\u00eanicos da\u00a0Espanha","og_description":"A gente j\u00e1 comentou aqui sobre a import\u00e2ncia arquitet\u00f4nica de Barcelona, onde ficam monumentos conhecidos mundialmente, como a catedral da Sagrada Fam\u00edlia e a Casa Batll\u00f3. Mas o que poucos sabem (ou conhecem) \u00e9 que \u00e9 poss\u00edvel passar uma noite ou at\u00e9 alguns dias na Muralla Roja, um dos pr\u00e9dios mais fotog\u00eanicos e ic\u00f4nicos da\u00a0Espanha. [&hellip;]","og_url":"https:\/\/quantocustaviajar.com\/blog\/muralla-roja-espanha\/","og_site_name":"Blog Quanto Custa Viajar","article_publisher":"https:\/\/www.facebook.com\/quantocustaviajar","article_author":"https:\/\/www.facebook.com\/brunellapfvr\/posts","article_published_time":"2018-06-25T17:46:34+00:00","article_modified_time":"2021-03-04T18:37:51+00:00","og_image":[{"width":1440,"height":1078,"url":"https:\/\/quantocustaviajar.com\/blog\/wp-content\/uploads\/2018\/05\/Muralla_Roja-1.jpg","type":"image\/jpeg"}],"author":"Brunella Nunes","twitter_card":"summary_large_image","twitter_misc":{"Escrito por":"Brunella Nunes","Est. tempo de leitura":"2 minutos"},"schema":{"@context":"https:\/\/schema.org","@graph":[{"@type":["Article","BlogPosting"],"@id":"https:\/\/quantocustaviajar.com\/blog\/muralla-roja-espanha\/#article","isPartOf":{"@id":"https:\/\/quantocustaviajar.com\/blog\/muralla-roja-espanha\/"},"author":{"name":"Brunella Nunes","@id":"https:\/\/quantocustaviajar.com\/blog\/#\/schema\/person\/1a6dd3da9d0c0a4be42652b67bea19bb"},"headline":"Que tal passar uma noite na Muralla Roja, um dos pr\u00e9dios mais ic\u00f4nicos da\u00a0Espanha?","datePublished":"2018-06-25T17:46:34+00:00","dateModified":"2021-03-04T18:37:51+00:00","mainEntityOfPage":{"@id":"https:\/\/quantocustaviajar.com\/blog\/muralla-roja-espanha\/"},"wordCount":398,"commentCount":0,"publisher":{"@id":"https:\/\/quantocustaviajar.com\/blog\/#organization"},"image":{"@id":"https:\/\/quantocustaviajar.com\/blog\/muralla-roja-espanha\/#primaryimage"},"thumbnailUrl":"https:\/\/quantocustaviajar.com\/blog\/wp-content\/uploads\/2018\/05\/Muralla_Roja-1.jpg","keywords":["airbnb","apartamento","arquitetura","espanha","europa","hospedagem","valencia"],"articleSection":["Artes, Cultura &amp; Divers\u00e3o","Dica cool"],"inLanguage":"pt-BR","potentialAction":[{"@type":"CommentAction","name":"Comment","target":["https:\/\/quantocustaviajar.com\/blog\/muralla-roja-espanha\/#respond"]}]},{"@type":"WebPage","@id":"https:\/\/quantocustaviajar.com\/blog\/muralla-roja-espanha\/","url":"https:\/\/quantocustaviajar.com\/blog\/muralla-roja-espanha\/","name":"Que tal passar uma noite na Muralla Roja, um dos pr\u00e9dios mais ic\u00f4nicos da\u00a0Espanha?","isPartOf":{"@id":"https:\/\/quantocustaviajar.com\/blog\/#website"},"primaryImageOfPage":{"@id":"https:\/\/quantocustaviajar.com\/blog\/muralla-roja-espanha\/#primaryimage"},"image":{"@id":"https:\/\/quantocustaviajar.com\/blog\/muralla-roja-espanha\/#primaryimage"},"thumbnailUrl":"https:\/\/quantocustaviajar.com\/blog\/wp-content\/uploads\/2018\/05\/Muralla_Roja-1.jpg","datePublished":"2018-06-25T17:46:34+00:00","dateModified":"2021-03-04T18:37:51+00:00","breadcrumb":{"@id":"https:\/\/quantocustaviajar.com\/blog\/muralla-roja-espanha\/#breadcrumb"},"inLanguage":"pt-BR","potentialAction":[{"@type":"ReadAction","target":["https:\/\/quantocustaviajar.com\/blog\/muralla-roja-espanha\/"]}]},{"@type":"ImageObject","inLanguage":"pt-BR","@id":"https:\/\/quantocustaviajar.com\/blog\/muralla-roja-espanha\/#primaryimage","url":"https:\/\/quantocustaviajar.com\/blog\/wp-content\/uploads\/2018\/05\/Muralla_Roja-1.jpg","contentUrl":"https:\/\/quantocustaviajar.com\/blog\/wp-content\/uploads\/2018\/05\/Muralla_Roja-1.jpg","width":1440,"height":1078},{"@type":"BreadcrumbList","@id":"https:\/\/quantocustaviajar.com\/blog\/muralla-roja-espanha\/#breadcrumb","itemListElement":[{"@type":"ListItem","position":1,"name":"In\u00edcio","item":"https:\/\/quantocustaviajar.com\/blog\/"},{"@type":"ListItem","position":2,"name":"Que tal passar uma noite na Muralla Roja, um dos pr\u00e9dios mais ic\u00f4nicos da\u00a0Espanha?"}]},{"@type":"WebSite","@id":"https:\/\/quantocustaviajar.com\/blog\/#website","url":"https:\/\/quantocustaviajar.com\/blog\/","name":"Blog Quanto Custa Viajar","description":"","publisher":{"@id":"https:\/\/quantocustaviajar.com\/blog\/#organization"},"potentialAction":[{"@type":"SearchAction","target":{"@type":"EntryPoint","urlTemplate":"https:\/\/quantocustaviajar.com\/blog\/?s={search_term_string}"},"query-input":{"@type":"PropertyValueSpecification","valueRequired":true,"valueName":"search_term_string"}}],"inLanguage":"pt-BR"},{"@type":"Organization","@id":"https:\/\/quantocustaviajar.com\/blog\/#organization","name":"Quanto Custa Viajar","url":"https:\/\/quantocustaviajar.com\/blog\/","logo":{"@type":"ImageObject","inLanguage":"pt-BR","@id":"https:\/\/quantocustaviajar.com\/blog\/#\/schema\/logo\/image\/","url":"","contentUrl":"","caption":"Quanto Custa Viajar"},"image":{"@id":"https:\/\/quantocustaviajar.com\/blog\/#\/schema\/logo\/image\/"},"sameAs":["https:\/\/www.facebook.com\/quantocustaviajar"]},{"@type":"Person","@id":"https:\/\/quantocustaviajar.com\/blog\/#\/schema\/person\/1a6dd3da9d0c0a4be42652b67bea19bb","name":"Brunella Nunes","image":{"@type":"ImageObject","inLanguage":"pt-BR","@id":"https:\/\/quantocustaviajar.com\/blog\/#\/schema\/person\/image\/","url":"https:\/\/secure.gravatar.com\/avatar\/05b28dfb8a3cc7ee0dba6feefa5677f05be6d7bf4b017728fd38499092f9c282?s=96&d=mm&r=g","contentUrl":"https:\/\/secure.gravatar.com\/avatar\/05b28dfb8a3cc7ee0dba6feefa5677f05be6d7bf4b017728fd38499092f9c282?s=96&d=mm&r=g","caption":"Brunella Nunes"},"description":"Quando n\u00e3o est\u00e1 viajando pelo mundo, est\u00e1 viajando nas ideias.","sameAs":["https:\/\/www.facebook.com\/brunellapfvr\/posts","https:\/\/www.linkedin.com\/in\/brunellanunes\/"],"url":"https:\/\/quantocustaviajar.com\/blog\/author\/equipe\/"}]}},"_links":{"self":[{"href":"https:\/\/quantocustaviajar.com\/blog\/wp-json\/wp\/v2\/posts\/23783","targetHints":{"allow":["GET"]}}],"collection":[{"href":"https:\/\/quantocustaviajar.com\/blog\/wp-json\/wp\/v2\/posts"}],"about":[{"href":"https:\/\/quantocustaviajar.com\/blog\/wp-json\/wp\/v2\/types\/post"}],"author":[{"embeddable":true,"href":"https:\/\/quantocustaviajar.com\/blog\/wp-json\/wp\/v2\/users\/4"}],"replies":[{"embeddable":true,"href":"https:\/\/quantocustaviajar.com\/blog\/wp-json\/wp\/v2\/comments?post=23783"}],"version-history":[{"count":3,"href":"https:\/\/quantocustaviajar.com\/blog\/wp-json\/wp\/v2\/posts\/23783\/revisions"}],"predecessor-version":[{"id":47139,"href":"https:\/\/quantocustaviajar.com\/blog\/wp-json\/wp\/v2\/posts\/23783\/revisions\/47139"}],"wp:featuredmedia":[{"embeddable":true,"href":"https:\/\/quantocustaviajar.com\/blog\/wp-json\/wp\/v2\/media\/23784"}],"wp:attachment":[{"href":"https:\/\/quantocustaviajar.com\/blog\/wp-json\/wp\/v2\/media?parent=23783"}],"wp:term":[{"taxonomy":"category","embeddable":true,"href":"https:\/\/quantocustaviajar.com\/blog\/wp-json\/wp\/v2\/categories?post=23783"},{"taxonomy":"post_tag","embeddable":true,"href":"https:\/\/quantocustaviajar.com\/blog\/wp-json\/wp\/v2\/tags?post=23783"}],"curies":[{"name":"wp","href":"https:\/\/api.w.org\/{rel}","templated":true}]}}