{"id":23748,"date":"2018-08-09T12:03:45","date_gmt":"2018-08-09T12:03:45","guid":{"rendered":"https:\/\/quantocustaviajar.com\/blog\/?p=23748"},"modified":"2021-07-28T16:56:47","modified_gmt":"2021-07-28T16:56:47","slug":"o-que-fazer-em-belo-horizonte-em-24-horas","status":"publish","type":"post","link":"https:\/\/quantocustaviajar.com\/blog\/o-que-fazer-em-belo-horizonte-em-24-horas\/","title":{"rendered":"O que fazer em Belo Horizonte em 24\u00a0horas"},"content":{"rendered":"<p>Nem sempre a gente consegue planejar uma viagem a ponto de organizar todo o roteiro e ficar por alguns dias. Acabei indo para <a href=\"https:\/\/quantocustaviajar.com\/blog\/cidades-legais-para-viajar-em-minas-gerais\/\">Minas Gerais<\/a> a trabalho e minha estadia na capital era apenas uma passagem para chegar em <a href=\"https:\/\/quantocustaviajar.com\/blog\/brumadinho-inhotim\/\">Brumadinho<\/a>. Ent\u00e3o me virei para lutar contra o rel\u00f3gio e conseguir aproveitar a cidade. Confira<strong> o que fazer em Belo Horizonte em 24 horas.<\/strong><\/p>\n<p>Mesmo tendo pouco tempo, posso dizer que a miss\u00e3o foi completa e isso gra\u00e7as a <strong>facilidade de encontrar atrativos culturais pr\u00f3ximos uns aos outros na regi\u00e3o Central e do Savassi<\/strong>, ent\u00e3o prepare-se para boas caminhadas. S\u00f3 n\u00e3o curti mais porque <strong>era feriado<\/strong> e muitos lugares estavam fechados.<\/p>\n<p><img loading=\"lazy\" decoding=\"async\" class=\"alignleft wp-image-23751\" src=\"https:\/\/quantocustaviajar.com\/blog\/wp-content\/uploads\/2018\/05\/bh24h-3.jpg\" alt=\"\" width=\"476\" height=\"635\" srcset=\"https:\/\/quantocustaviajar.com\/blog\/wp-content\/uploads\/2018\/05\/bh24h-3.jpg 650w, https:\/\/quantocustaviajar.com\/blog\/wp-content\/uploads\/2018\/05\/bh24h-3-225x300.jpg 225w\" sizes=\"auto, (max-width: 476px) 100vw, 476px\" \/>Me indicaram que eu come\u00e7asse o dia com um <strong>caf\u00e9 da manh\u00e3 no Mercado Central<\/strong>, que fica logo ao lado da rodovi\u00e1ria, mas eu n\u00e3o fui para aqueles lados (\u00e9, perdi esse passeio). Ent\u00e3o fui atr\u00e1s de alguma das charmosas cafeterias ao redor de toda BH. Escolhi o <strong>Caf\u00e9 Kahl\u00faa<\/strong>, pr\u00f3ximo ao terminal de conex\u00e3o com o aeroporto. O local est\u00e1 aberto h\u00e1 mais de 20 anos, tem <strong>Wi-fi e bons caf\u00e9s especiais<\/strong>, desde o b\u00e1sico coado at\u00e9 aquelas bebidinhas geladas enfeitadas. Na sequ\u00eancia ia tomar meu rumo at\u00e9 o Museu da Imagem e do Som, mas para a minha &#8220;surpresa&#8221;, n\u00e3o abriu nesse dia.<\/p>\n<p>Subindo pela Rua da Bahia acabei encontrando a <strong>Academia Mineira de Letras<\/strong>, uma constru\u00e7\u00e3o linda que vale uma pequena parada, e a <strong>Bas\u00edlica Nossa Senhora de Lourdes<\/strong>. Como eu adoro arquitetura, n\u00e3o resisti e parei para ver a igreja. A par\u00f3quia foi finalizada em 1930 em estilo predominantemente neog\u00f3tico. A gruta de venera\u00e7\u00e3o conta com a imagem da santa que veio de Paris em 1900.<\/p>\n<p><img loading=\"lazy\" decoding=\"async\" class=\"aligncenter wp-image-23755 size-full\" src=\"https:\/\/quantocustaviajar.com\/blog\/wp-content\/uploads\/2018\/05\/bh24h-16.jpg\" alt=\"\" width=\"650\" height=\"488\" srcset=\"https:\/\/quantocustaviajar.com\/blog\/wp-content\/uploads\/2018\/05\/bh24h-16.jpg 650w, https:\/\/quantocustaviajar.com\/blog\/wp-content\/uploads\/2018\/05\/bh24h-16-300x225.jpg 300w\" sizes=\"auto, (max-width: 650px) 100vw, 650px\" \/><\/p>\n<p><img loading=\"lazy\" decoding=\"async\" class=\"aligncenter wp-image-23757 size-full\" src=\"https:\/\/quantocustaviajar.com\/blog\/wp-content\/uploads\/2018\/05\/oquefazeremBH.jpg\" alt=\"\" width=\"650\" height=\"425\" srcset=\"https:\/\/quantocustaviajar.com\/blog\/wp-content\/uploads\/2018\/05\/oquefazeremBH.jpg 650w, https:\/\/quantocustaviajar.com\/blog\/wp-content\/uploads\/2018\/05\/oquefazeremBH-300x196.jpg 300w\" sizes=\"auto, (max-width: 650px) 100vw, 650px\" \/><\/p>\n<p>Continuei minha jornada rumo a\u00a0<strong>Pra\u00e7a da Liberdade<\/strong>, que \u00e9 bem bonita e estava bem cuidada. Ao redor dela est\u00e3o v\u00e1rias op\u00e7\u00f5es culturais em pr\u00e9dios hist\u00f3ricos lindos, como o<strong> Centro de Arte Popular<\/strong>, o<strong> Museu de Astrologia<\/strong>, o <strong>Memorial Minas Gerais<\/strong> e a <strong>Centro Cultural Banco do Brasil<\/strong>, onde parei para uma visita. A \u00e1rea aberta ao p\u00fablico n\u00e3o \u00e9 t\u00e3o extensa e as mostras s\u00e3o tempor\u00e1rias. Al\u00e9m de admirar o local, erguido em 1926, vale a pena tomar um cafezinho no Caf\u00e9 com Letras, que fica l\u00e1 dentro.<\/p>\n<p><img loading=\"lazy\" decoding=\"async\" class=\"aligncenter wp-image-23754 size-full\" src=\"https:\/\/quantocustaviajar.com\/blog\/wp-content\/uploads\/2018\/05\/bh24h-13.jpg\" alt=\"\" width=\"650\" height=\"488\" srcset=\"https:\/\/quantocustaviajar.com\/blog\/wp-content\/uploads\/2018\/05\/bh24h-13.jpg 650w, https:\/\/quantocustaviajar.com\/blog\/wp-content\/uploads\/2018\/05\/bh24h-13-300x225.jpg 300w\" sizes=\"auto, (max-width: 650px) 100vw, 650px\" \/><\/p>\n<p><img loading=\"lazy\" decoding=\"async\" class=\"aligncenter wp-image-23761 size-full\" src=\"https:\/\/quantocustaviajar.com\/blog\/wp-content\/uploads\/2018\/05\/ccbbBH.jpg\" alt=\"\" width=\"650\" height=\"425\" srcset=\"https:\/\/quantocustaviajar.com\/blog\/wp-content\/uploads\/2018\/05\/ccbbBH.jpg 650w, https:\/\/quantocustaviajar.com\/blog\/wp-content\/uploads\/2018\/05\/ccbbBH-300x196.jpg 300w\" sizes=\"auto, (max-width: 650px) 100vw, 650px\" \/><\/p>\n<p>Feito isso, resolvi descer as ruas novamente e encontrei por acaso, numa esquina, muito pr\u00f3xima do Caf\u00e9 Kahl\u00faa, o charmos\u00edssimo <strong>Museu Inim\u00e1 de Paula<\/strong>, do lado do <strong>Museu da Moda<\/strong>. Foi uma grata surpresa, porque o acervo \u00e9 bem bacana, reunindo obras do artista mineiro e exposi\u00e7\u00f5es tempor\u00e1rias. Recomendo muito!<\/p>\n<p><img loading=\"lazy\" decoding=\"async\" class=\"aligncenter wp-image-23756 size-full\" src=\"https:\/\/quantocustaviajar.com\/blog\/wp-content\/uploads\/2018\/05\/bh24h-17.jpg\" alt=\"\" width=\"650\" height=\"488\" srcset=\"https:\/\/quantocustaviajar.com\/blog\/wp-content\/uploads\/2018\/05\/bh24h-17.jpg 650w, https:\/\/quantocustaviajar.com\/blog\/wp-content\/uploads\/2018\/05\/bh24h-17-300x225.jpg 300w\" sizes=\"auto, (max-width: 650px) 100vw, 650px\" \/><\/p>\n<p><img loading=\"lazy\" decoding=\"async\" class=\"aligncenter wp-image-23749 size-full\" src=\"https:\/\/quantocustaviajar.com\/blog\/wp-content\/uploads\/2018\/05\/bh24h-18.jpg\" alt=\"\" width=\"650\" height=\"488\" srcset=\"https:\/\/quantocustaviajar.com\/blog\/wp-content\/uploads\/2018\/05\/bh24h-18.jpg 650w, https:\/\/quantocustaviajar.com\/blog\/wp-content\/uploads\/2018\/05\/bh24h-18-300x225.jpg 300w\" sizes=\"auto, (max-width: 650px) 100vw, 650px\" \/><\/p>\n<p>Passei pelo <strong>Parque Municipal Renn\u00e9 Giannetti<\/strong>, mas infelizmente s\u00f3 espiei pelas grades, porque&#8230;adivinha. Estava fechado! Acho que \u00e9 uma parada obrigat\u00f3ria, j\u00e1 que \u00e9 o patrim\u00f4nio ambiental mais antigo de Belo Horizonte, planejado no s\u00e9culo 19, e fica grudado com o<strong> Pal\u00e1cio das Artes<\/strong>, que \u00e9 outro ponto de interesse para desbravar na regi\u00e3o do Centro.<\/p>\n<p>Depois das andan\u00e7as, fui para o <strong>Hostel 300<\/strong> fazer, finalmente, meu check-in. A acomoda\u00e7\u00e3o em Santa Tereza se assemelha a uma casa de v\u00f3, porque era! O dono, chamado L\u00e9o, transformou a antiga morada de sua av\u00f3 em um <strong>hostel honest\u00e3o, limpo, organizado e agrad\u00e1vel<\/strong>. Al\u00e9m disso, ele \u00e9 uma \u00f3tima companhia para rol\u00eas, sempre disposto a ajudar e a dois dedinhos de prosa.<\/p>\n<p><img loading=\"lazy\" decoding=\"async\" class=\"aligncenter wp-image-23760 size-full\" src=\"https:\/\/quantocustaviajar.com\/blog\/wp-content\/uploads\/2018\/05\/bh24h-21.jpg\" alt=\"\" width=\"650\" height=\"488\" srcset=\"https:\/\/quantocustaviajar.com\/blog\/wp-content\/uploads\/2018\/05\/bh24h-21.jpg 650w, https:\/\/quantocustaviajar.com\/blog\/wp-content\/uploads\/2018\/05\/bh24h-21-300x225.jpg 300w\" sizes=\"auto, (max-width: 650px) 100vw, 650px\" \/><\/p>\n<p>O lugar fica pr\u00f3ximo a esta\u00e7\u00e3o de metr\u00f4 Santa Teresa, al\u00e9m de uma boa quantidade de bares e restaurantes, como o famoso <strong>Bol\u00e3o<\/strong> (aberto 24h) e o <strong>Clube da Esquina<\/strong>, que presta homenagem ao movimento musical da d\u00e9cada de 1960, que foi um dos mais importantes do Brasil. Dispensamos os mais tur\u00edsticos e fomos at\u00e9 o <strong>Bar Bocai\u00fava<\/strong>, que \u00e9 bem simples, com pre\u00e7os justos e mesas ao ar livre. Se estiver chovendo, n\u00e3o desanime: tem uma \u00e1rea coberta. Na mesa chegam cervejas geladas e por\u00e7\u00f5es deliciosas, que s\u00e3o receita de fam\u00edlia. N\u00e3o deixe de pedir o <strong>pastel de angu<\/strong>, feito com fub\u00e1. Ali\u00e1s, n\u00e3o v\u00e1 embora de BH sem isso na sua vida.<\/p>\n<p><img loading=\"lazy\" decoding=\"async\" class=\"aligncenter wp-image-23752 size-full\" src=\"https:\/\/quantocustaviajar.com\/blog\/wp-content\/uploads\/2018\/05\/bh24h-10.jpg\" alt=\"\" width=\"650\" height=\"488\" srcset=\"https:\/\/quantocustaviajar.com\/blog\/wp-content\/uploads\/2018\/05\/bh24h-10.jpg 650w, https:\/\/quantocustaviajar.com\/blog\/wp-content\/uploads\/2018\/05\/bh24h-10-300x225.jpg 300w\" sizes=\"auto, (max-width: 650px) 100vw, 650px\" \/><\/p>\n<p><img loading=\"lazy\" decoding=\"async\" class=\"aligncenter wp-image-23753 size-full\" src=\"https:\/\/quantocustaviajar.com\/blog\/wp-content\/uploads\/2018\/05\/bh24h-12.jpg\" alt=\"\" width=\"650\" height=\"488\" srcset=\"https:\/\/quantocustaviajar.com\/blog\/wp-content\/uploads\/2018\/05\/bh24h-12.jpg 650w, https:\/\/quantocustaviajar.com\/blog\/wp-content\/uploads\/2018\/05\/bh24h-12-300x225.jpg 300w\" sizes=\"auto, (max-width: 650px) 100vw, 650px\" \/><\/p>\n<p><img loading=\"lazy\" decoding=\"async\" class=\"aligncenter wp-image-23750 size-full\" src=\"https:\/\/quantocustaviajar.com\/blog\/wp-content\/uploads\/2018\/05\/bh24h-19.jpg\" alt=\"\" width=\"650\" height=\"488\" srcset=\"https:\/\/quantocustaviajar.com\/blog\/wp-content\/uploads\/2018\/05\/bh24h-19.jpg 650w, https:\/\/quantocustaviajar.com\/blog\/wp-content\/uploads\/2018\/05\/bh24h-19-300x225.jpg 300w\" sizes=\"auto, (max-width: 650px) 100vw, 650px\" \/><\/p>\n<p>Curtiu o passeio? N\u00f3s temos <a href=\"https:\/\/quantocustaviajar.com\/brasil\/belo-horizonte\/onde-ficar\" target=\"_blank\" rel=\"noopener noreferrer\">dicas de onde se hospedar em Belo Horizonte<\/a> e tamb\u00e9m um <a href=\"https:\/\/quantocustaviajar.com\/passagens-aereas-baratas\/\" target=\"_blank\" rel=\"noopener noreferrer\">buscador de passagens a\u00e9rea baratas<\/a> para voc\u00ea comprar a sua e partir para BH!<\/p>\n<p><em>Fotos: Brunella Nunes<\/em><\/p>\n","protected":false},"excerpt":{"rendered":"<p>Nem sempre a gente consegue planejar uma viagem a ponto de organizar todo o roteiro e ficar por alguns dias. Acabei indo para Minas Gerais a trabalho e minha estadia na capital era apenas uma passagem para chegar em Brumadinho. Ent\u00e3o me virei para lutar contra o rel\u00f3gio e conseguir aproveitar a cidade. Confira o [&hellip;]<\/p>\n","protected":false},"author":4,"featured_media":23758,"comment_status":"open","ping_status":"open","sticky":false,"template":"","format":"standard","meta":{"cybocfi_hide_featured_image":"","footnotes":""},"categories":[1436,1435,1434],"tags":[1565,1519,266,1520,124],"class_list":["post-23748","post","type-post","status-publish","format-standard","has-post-thumbnail","hentry","category-artes-cultura-diversao","category-comes-bebes","category-descubra-brasil","tag-24horas","tag-belohorizonte","tag-brasil","tag-minasgerais","tag-roteiro"],"blocksy_meta":[],"yoast_head":"<!-- This site is optimized with the Yoast SEO plugin v26.3 - https:\/\/yoast.com\/wordpress\/plugins\/seo\/ -->\n<title>O que fazer em Belo Horizonte em 24\u00a0horas - Blog Quanto Custa Viajar<\/title>\n<meta name=\"robots\" content=\"index, follow, max-snippet:-1, max-image-preview:large, max-video-preview:-1\" \/>\n<link rel=\"canonical\" href=\"https:\/\/quantocustaviajar.com\/blog\/o-que-fazer-em-belo-horizonte-em-24-horas\/\" \/>\n<meta property=\"og:locale\" content=\"pt_BR\" \/>\n<meta property=\"og:type\" content=\"article\" \/>\n<meta property=\"og:title\" content=\"O que fazer em Belo Horizonte em 24\u00a0horas - Blog Quanto Custa Viajar\" \/>\n<meta property=\"og:description\" content=\"Nem sempre a gente consegue planejar uma viagem a ponto de organizar todo o roteiro e ficar por alguns dias. Acabei indo para Minas Gerais a trabalho e minha estadia na capital era apenas uma passagem para chegar em Brumadinho. Ent\u00e3o me virei para lutar contra o rel\u00f3gio e conseguir aproveitar a cidade. Confira o [&hellip;]\" \/>\n<meta property=\"og:url\" content=\"https:\/\/quantocustaviajar.com\/blog\/o-que-fazer-em-belo-horizonte-em-24-horas\/\" \/>\n<meta property=\"og:site_name\" content=\"Blog Quanto Custa Viajar\" \/>\n<meta property=\"article:publisher\" content=\"https:\/\/www.facebook.com\/quantocustaviajar\" \/>\n<meta property=\"article:author\" content=\"https:\/\/www.facebook.com\/brunellapfvr\/posts\" \/>\n<meta property=\"article:published_time\" content=\"2018-08-09T12:03:45+00:00\" \/>\n<meta property=\"article:modified_time\" content=\"2021-07-28T16:56:47+00:00\" \/>\n<meta property=\"og:image\" content=\"https:\/\/quantocustaviajar.com\/blog\/wp-content\/uploads\/2018\/05\/belohorizonte24h.jpg\" \/>\n\t<meta property=\"og:image:width\" content=\"1000\" \/>\n\t<meta property=\"og:image:height\" content=\"750\" \/>\n\t<meta property=\"og:image:type\" content=\"image\/jpeg\" \/>\n<meta name=\"author\" content=\"Brunella Nunes\" \/>\n<meta name=\"twitter:card\" content=\"summary_large_image\" \/>\n<meta name=\"twitter:label1\" content=\"Escrito por\" \/>\n\t<meta name=\"twitter:data1\" content=\"Brunella Nunes\" \/>\n\t<meta name=\"twitter:label2\" content=\"Est. tempo de leitura\" \/>\n\t<meta name=\"twitter:data2\" content=\"4 minutos\" \/>\n<!-- \/ Yoast SEO plugin. -->","yoast_head_json":{"title":"O que fazer em Belo Horizonte em 24\u00a0horas - Blog Quanto Custa Viajar","robots":{"index":"index","follow":"follow","max-snippet":"max-snippet:-1","max-image-preview":"max-image-preview:large","max-video-preview":"max-video-preview:-1"},"canonical":"https:\/\/quantocustaviajar.com\/blog\/o-que-fazer-em-belo-horizonte-em-24-horas\/","og_locale":"pt_BR","og_type":"article","og_title":"O que fazer em Belo Horizonte em 24\u00a0horas - Blog Quanto Custa Viajar","og_description":"Nem sempre a gente consegue planejar uma viagem a ponto de organizar todo o roteiro e ficar por alguns dias. Acabei indo para Minas Gerais a trabalho e minha estadia na capital era apenas uma passagem para chegar em Brumadinho. Ent\u00e3o me virei para lutar contra o rel\u00f3gio e conseguir aproveitar a cidade. Confira o [&hellip;]","og_url":"https:\/\/quantocustaviajar.com\/blog\/o-que-fazer-em-belo-horizonte-em-24-horas\/","og_site_name":"Blog Quanto Custa Viajar","article_publisher":"https:\/\/www.facebook.com\/quantocustaviajar","article_author":"https:\/\/www.facebook.com\/brunellapfvr\/posts","article_published_time":"2018-08-09T12:03:45+00:00","article_modified_time":"2021-07-28T16:56:47+00:00","og_image":[{"width":1000,"height":750,"url":"https:\/\/quantocustaviajar.com\/blog\/wp-content\/uploads\/2018\/05\/belohorizonte24h.jpg","type":"image\/jpeg"}],"author":"Brunella Nunes","twitter_card":"summary_large_image","twitter_misc":{"Escrito por":"Brunella Nunes","Est. tempo de leitura":"4 minutos"},"schema":{"@context":"https:\/\/schema.org","@graph":[{"@type":["Article","BlogPosting"],"@id":"https:\/\/quantocustaviajar.com\/blog\/o-que-fazer-em-belo-horizonte-em-24-horas\/#article","isPartOf":{"@id":"https:\/\/quantocustaviajar.com\/blog\/o-que-fazer-em-belo-horizonte-em-24-horas\/"},"author":{"name":"Brunella Nunes","@id":"https:\/\/quantocustaviajar.com\/blog\/#\/schema\/person\/1a6dd3da9d0c0a4be42652b67bea19bb"},"headline":"O que fazer em Belo Horizonte em 24\u00a0horas","datePublished":"2018-08-09T12:03:45+00:00","dateModified":"2021-07-28T16:56:47+00:00","mainEntityOfPage":{"@id":"https:\/\/quantocustaviajar.com\/blog\/o-que-fazer-em-belo-horizonte-em-24-horas\/"},"wordCount":751,"commentCount":4,"publisher":{"@id":"https:\/\/quantocustaviajar.com\/blog\/#organization"},"image":{"@id":"https:\/\/quantocustaviajar.com\/blog\/o-que-fazer-em-belo-horizonte-em-24-horas\/#primaryimage"},"thumbnailUrl":"https:\/\/quantocustaviajar.com\/blog\/wp-content\/uploads\/2018\/05\/belohorizonte24h.jpg","keywords":["24horas","belohorizonte","Brasil","minasgerais","roteiro"],"articleSection":["Artes, Cultura &amp; Divers\u00e3o","Comes &amp; Bebes","Descubra o Brasil"],"inLanguage":"pt-BR","potentialAction":[{"@type":"CommentAction","name":"Comment","target":["https:\/\/quantocustaviajar.com\/blog\/o-que-fazer-em-belo-horizonte-em-24-horas\/#respond"]}]},{"@type":"WebPage","@id":"https:\/\/quantocustaviajar.com\/blog\/o-que-fazer-em-belo-horizonte-em-24-horas\/","url":"https:\/\/quantocustaviajar.com\/blog\/o-que-fazer-em-belo-horizonte-em-24-horas\/","name":"O que fazer em Belo Horizonte em 24\u00a0horas - Blog Quanto Custa Viajar","isPartOf":{"@id":"https:\/\/quantocustaviajar.com\/blog\/#website"},"primaryImageOfPage":{"@id":"https:\/\/quantocustaviajar.com\/blog\/o-que-fazer-em-belo-horizonte-em-24-horas\/#primaryimage"},"image":{"@id":"https:\/\/quantocustaviajar.com\/blog\/o-que-fazer-em-belo-horizonte-em-24-horas\/#primaryimage"},"thumbnailUrl":"https:\/\/quantocustaviajar.com\/blog\/wp-content\/uploads\/2018\/05\/belohorizonte24h.jpg","datePublished":"2018-08-09T12:03:45+00:00","dateModified":"2021-07-28T16:56:47+00:00","breadcrumb":{"@id":"https:\/\/quantocustaviajar.com\/blog\/o-que-fazer-em-belo-horizonte-em-24-horas\/#breadcrumb"},"inLanguage":"pt-BR","potentialAction":[{"@type":"ReadAction","target":["https:\/\/quantocustaviajar.com\/blog\/o-que-fazer-em-belo-horizonte-em-24-horas\/"]}]},{"@type":"ImageObject","inLanguage":"pt-BR","@id":"https:\/\/quantocustaviajar.com\/blog\/o-que-fazer-em-belo-horizonte-em-24-horas\/#primaryimage","url":"https:\/\/quantocustaviajar.com\/blog\/wp-content\/uploads\/2018\/05\/belohorizonte24h.jpg","contentUrl":"https:\/\/quantocustaviajar.com\/blog\/wp-content\/uploads\/2018\/05\/belohorizonte24h.jpg","width":1000,"height":750},{"@type":"BreadcrumbList","@id":"https:\/\/quantocustaviajar.com\/blog\/o-que-fazer-em-belo-horizonte-em-24-horas\/#breadcrumb","itemListElement":[{"@type":"ListItem","position":1,"name":"In\u00edcio","item":"https:\/\/quantocustaviajar.com\/blog\/"},{"@type":"ListItem","position":2,"name":"O que fazer em Belo Horizonte em 24\u00a0horas"}]},{"@type":"WebSite","@id":"https:\/\/quantocustaviajar.com\/blog\/#website","url":"https:\/\/quantocustaviajar.com\/blog\/","name":"Blog Quanto Custa Viajar","description":"","publisher":{"@id":"https:\/\/quantocustaviajar.com\/blog\/#organization"},"potentialAction":[{"@type":"SearchAction","target":{"@type":"EntryPoint","urlTemplate":"https:\/\/quantocustaviajar.com\/blog\/?s={search_term_string}"},"query-input":{"@type":"PropertyValueSpecification","valueRequired":true,"valueName":"search_term_string"}}],"inLanguage":"pt-BR"},{"@type":"Organization","@id":"https:\/\/quantocustaviajar.com\/blog\/#organization","name":"Quanto Custa Viajar","url":"https:\/\/quantocustaviajar.com\/blog\/","logo":{"@type":"ImageObject","inLanguage":"pt-BR","@id":"https:\/\/quantocustaviajar.com\/blog\/#\/schema\/logo\/image\/","url":"","contentUrl":"","caption":"Quanto Custa Viajar"},"image":{"@id":"https:\/\/quantocustaviajar.com\/blog\/#\/schema\/logo\/image\/"},"sameAs":["https:\/\/www.facebook.com\/quantocustaviajar"]},{"@type":"Person","@id":"https:\/\/quantocustaviajar.com\/blog\/#\/schema\/person\/1a6dd3da9d0c0a4be42652b67bea19bb","name":"Brunella Nunes","image":{"@type":"ImageObject","inLanguage":"pt-BR","@id":"https:\/\/quantocustaviajar.com\/blog\/#\/schema\/person\/image\/","url":"https:\/\/secure.gravatar.com\/avatar\/05b28dfb8a3cc7ee0dba6feefa5677f05be6d7bf4b017728fd38499092f9c282?s=96&d=mm&r=g","contentUrl":"https:\/\/secure.gravatar.com\/avatar\/05b28dfb8a3cc7ee0dba6feefa5677f05be6d7bf4b017728fd38499092f9c282?s=96&d=mm&r=g","caption":"Brunella Nunes"},"description":"Quando n\u00e3o est\u00e1 viajando pelo mundo, est\u00e1 viajando nas ideias.","sameAs":["https:\/\/www.facebook.com\/brunellapfvr\/posts","https:\/\/www.linkedin.com\/in\/brunellanunes\/"],"url":"https:\/\/quantocustaviajar.com\/blog\/author\/equipe\/"}]}},"_links":{"self":[{"href":"https:\/\/quantocustaviajar.com\/blog\/wp-json\/wp\/v2\/posts\/23748","targetHints":{"allow":["GET"]}}],"collection":[{"href":"https:\/\/quantocustaviajar.com\/blog\/wp-json\/wp\/v2\/posts"}],"about":[{"href":"https:\/\/quantocustaviajar.com\/blog\/wp-json\/wp\/v2\/types\/post"}],"author":[{"embeddable":true,"href":"https:\/\/quantocustaviajar.com\/blog\/wp-json\/wp\/v2\/users\/4"}],"replies":[{"embeddable":true,"href":"https:\/\/quantocustaviajar.com\/blog\/wp-json\/wp\/v2\/comments?post=23748"}],"version-history":[{"count":4,"href":"https:\/\/quantocustaviajar.com\/blog\/wp-json\/wp\/v2\/posts\/23748\/revisions"}],"predecessor-version":[{"id":49259,"href":"https:\/\/quantocustaviajar.com\/blog\/wp-json\/wp\/v2\/posts\/23748\/revisions\/49259"}],"wp:featuredmedia":[{"embeddable":true,"href":"https:\/\/quantocustaviajar.com\/blog\/wp-json\/wp\/v2\/media\/23758"}],"wp:attachment":[{"href":"https:\/\/quantocustaviajar.com\/blog\/wp-json\/wp\/v2\/media?parent=23748"}],"wp:term":[{"taxonomy":"category","embeddable":true,"href":"https:\/\/quantocustaviajar.com\/blog\/wp-json\/wp\/v2\/categories?post=23748"},{"taxonomy":"post_tag","embeddable":true,"href":"https:\/\/quantocustaviajar.com\/blog\/wp-json\/wp\/v2\/tags?post=23748"}],"curies":[{"name":"wp","href":"https:\/\/api.w.org\/{rel}","templated":true}]}}