{"id":21810,"date":"2018-06-26T13:59:51","date_gmt":"2018-06-26T13:59:51","guid":{"rendered":"https:\/\/quantocustaviajar.com\/blog\/?p=21810"},"modified":"2021-07-28T16:49:24","modified_gmt":"2021-07-28T16:49:24","slug":"forte-de-sao-luiz-em-niteroi","status":"publish","type":"post","link":"https:\/\/quantocustaviajar.com\/blog\/forte-de-sao-luiz-em-niteroi\/","title":{"rendered":"Forte de S\u00e3o Luiz, em Niter\u00f3i, tem uma das melhores vistas do\u00a0RJ"},"content":{"rendered":"<p>J\u00e1 imaginou observar alguns dos principais atrativos do<strong> Rio de Janeiro<\/strong> do alto de uma constru\u00e7\u00e3o do s\u00e9culo 18? O <strong>Forte S\u00e3o Luiz<\/strong>, em <strong>Niter\u00f3i,<\/strong> oferece<strong> vis\u00e3o panor\u00e2mica<\/strong> para a Ba\u00eda de Guanabara, a orla da cidade, o Corcovado, o P\u00e3o de A\u00e7\u00facar e at\u00e9 trechos da exuberante Serra dos \u00d3rg\u00e3os.<\/p>\n<p>Foi entre os anos de 1769 e 1775 que a fortifica\u00e7\u00e3o foi erguida, a mando do 2\u00ba Marqu\u00eas do Lavradio, Luiz de Almeida, para proteger a entrada da barra, a Ba\u00eda de Guanabara e a Fortaleza de Santa Cruz contra poss\u00edveis ataques. A uma altura de<strong> 230 metros acima do n\u00edvel do mar<\/strong>, instalou-se no Morro do Pico, o que a atribui o nome de <strong>Forte do Pico<\/strong>, como tamb\u00e9m \u00e9 chamada, pegando ainda em seus arredores raros resqu\u00edcios de Mata Atl\u00e2ntica Nativa.<\/p>\n<p>Desde 1998 pode ser visitada pelo p\u00fablico, tornando-se um atrativo tur\u00edstico de Niter\u00f3i, seja pelos \u00e2ngulos de seus mirantes ou seu legado hist\u00f3rico. O acervo conta hoje com canh\u00f5es variados que foram utilizados na 2\u00aa Guerra Mundial e trazidos para o Brasil, al\u00e9m de guaritas, muros de pedra, galerias, t\u00faneis, p\u00e1tios e ru\u00ednas.<\/p>\n<p>O complexo de fortes em Niter\u00f3i \u00e9 formado por outras constru\u00e7\u00f5es, como a Fortaleza de Santa Cruz da Barra e o Forte do Forte do Bar\u00e3o do Rio Branco, o mais antigo de todos.<\/p>\n<p><strong>Como chegar:<\/strong> o Forte do Pico fica na Alameda Marechal Pessoa Leal, 265, e \u00e9 acessado pelo Forte Bar\u00e3o do Rio Branco. Pegue a linha 33 Fortaleza do \u00f4nibus ou siga de carro pela Av. Roberto Silveira em dire\u00e7\u00e3o a S\u00e3o Francisco, Charitas e Jurujuba; ou pela Rua Miguel de Frias, acompanhando a orla a partir de Icara\u00ed.<\/p>\n<p><strong>Quanto custa:<\/strong> R$ 10,00\u200a\u2014\u200acrian\u00e7as, estudantes e idosos pagam meia-entrada.<\/p>\n<p><a href=\"https:\/\/quantocustaviajar.com\/brasil\/rio-de-janeiro\" target=\"_blank\" rel=\"noopener noreferrer\"><em><strong>Confira outras dicas de passeios no Rio de Janeiro.<\/strong><\/em><\/a><\/p>\n","protected":false},"excerpt":{"rendered":"<p>J\u00e1 imaginou observar alguns dos principais atrativos do Rio de Janeiro do alto de uma constru\u00e7\u00e3o do s\u00e9culo 18? O Forte S\u00e3o Luiz, em Niter\u00f3i, oferece vis\u00e3o panor\u00e2mica para a Ba\u00eda de Guanabara, a orla da cidade, o Corcovado, o P\u00e3o de A\u00e7\u00facar e at\u00e9 trechos da exuberante Serra dos \u00d3rg\u00e3os. Foi entre os anos [&hellip;]<\/p>\n","protected":false},"author":4,"featured_media":0,"comment_status":"open","ping_status":"open","sticky":false,"template":"","format":"standard","meta":{"cybocfi_hide_featured_image":"","footnotes":""},"categories":[1437,1434],"tags":[1485,135,266,331,1420,638,842,1007,1439,167],"class_list":["post-21810","post","type-post","status-publish","format-standard","hentry","category-ao-ar-livre","category-descubra-brasil","tag-americadosul","tag-atracoes","tag-brasil","tag-castelo","tag-forte","tag-historico","tag-mirantes","tag-niteroi","tag-riodejaneiro","tag-vista"],"blocksy_meta":[],"yoast_head":"<!-- This site is optimized with the Yoast SEO plugin v26.3 - https:\/\/yoast.com\/wordpress\/plugins\/seo\/ -->\n<title>Forte de S\u00e3o Luiz, em Niter\u00f3i, tem uma das melhores vistas do\u00a0RJ<\/title>\n<meta name=\"robots\" content=\"index, follow, max-snippet:-1, max-image-preview:large, max-video-preview:-1\" \/>\n<link rel=\"canonical\" href=\"https:\/\/quantocustaviajar.com\/blog\/forte-de-sao-luiz-em-niteroi\/\" \/>\n<meta property=\"og:locale\" content=\"pt_BR\" \/>\n<meta property=\"og:type\" content=\"article\" \/>\n<meta property=\"og:title\" content=\"Forte de S\u00e3o Luiz, em Niter\u00f3i, tem uma das melhores vistas do\u00a0RJ\" \/>\n<meta property=\"og:description\" content=\"J\u00e1 imaginou observar alguns dos principais atrativos do Rio de Janeiro do alto de uma constru\u00e7\u00e3o do s\u00e9culo 18? O Forte S\u00e3o Luiz, em Niter\u00f3i, oferece vis\u00e3o panor\u00e2mica para a Ba\u00eda de Guanabara, a orla da cidade, o Corcovado, o P\u00e3o de A\u00e7\u00facar e at\u00e9 trechos da exuberante Serra dos \u00d3rg\u00e3os. Foi entre os anos [&hellip;]\" \/>\n<meta property=\"og:url\" content=\"https:\/\/quantocustaviajar.com\/blog\/forte-de-sao-luiz-em-niteroi\/\" \/>\n<meta property=\"og:site_name\" content=\"Blog Quanto Custa Viajar\" \/>\n<meta property=\"article:publisher\" content=\"https:\/\/www.facebook.com\/quantocustaviajar\" \/>\n<meta property=\"article:author\" content=\"https:\/\/www.facebook.com\/brunellapfvr\/posts\" \/>\n<meta property=\"article:published_time\" content=\"2018-06-26T13:59:51+00:00\" \/>\n<meta property=\"article:modified_time\" content=\"2021-07-28T16:49:24+00:00\" \/>\n<meta name=\"author\" content=\"Brunella Nunes\" \/>\n<meta name=\"twitter:card\" content=\"summary_large_image\" \/>\n<meta name=\"twitter:label1\" content=\"Escrito por\" \/>\n\t<meta name=\"twitter:data1\" content=\"Brunella Nunes\" \/>\n\t<meta name=\"twitter:label2\" content=\"Est. tempo de leitura\" \/>\n\t<meta name=\"twitter:data2\" content=\"2 minutos\" \/>\n<!-- \/ Yoast SEO plugin. -->","yoast_head_json":{"title":"Forte de S\u00e3o Luiz, em Niter\u00f3i, tem uma das melhores vistas do\u00a0RJ","robots":{"index":"index","follow":"follow","max-snippet":"max-snippet:-1","max-image-preview":"max-image-preview:large","max-video-preview":"max-video-preview:-1"},"canonical":"https:\/\/quantocustaviajar.com\/blog\/forte-de-sao-luiz-em-niteroi\/","og_locale":"pt_BR","og_type":"article","og_title":"Forte de S\u00e3o Luiz, em Niter\u00f3i, tem uma das melhores vistas do\u00a0RJ","og_description":"J\u00e1 imaginou observar alguns dos principais atrativos do Rio de Janeiro do alto de uma constru\u00e7\u00e3o do s\u00e9culo 18? O Forte S\u00e3o Luiz, em Niter\u00f3i, oferece vis\u00e3o panor\u00e2mica para a Ba\u00eda de Guanabara, a orla da cidade, o Corcovado, o P\u00e3o de A\u00e7\u00facar e at\u00e9 trechos da exuberante Serra dos \u00d3rg\u00e3os. Foi entre os anos [&hellip;]","og_url":"https:\/\/quantocustaviajar.com\/blog\/forte-de-sao-luiz-em-niteroi\/","og_site_name":"Blog Quanto Custa Viajar","article_publisher":"https:\/\/www.facebook.com\/quantocustaviajar","article_author":"https:\/\/www.facebook.com\/brunellapfvr\/posts","article_published_time":"2018-06-26T13:59:51+00:00","article_modified_time":"2021-07-28T16:49:24+00:00","author":"Brunella Nunes","twitter_card":"summary_large_image","twitter_misc":{"Escrito por":"Brunella Nunes","Est. tempo de leitura":"2 minutos"},"schema":{"@context":"https:\/\/schema.org","@graph":[{"@type":["Article","BlogPosting"],"@id":"https:\/\/quantocustaviajar.com\/blog\/forte-de-sao-luiz-em-niteroi\/#article","isPartOf":{"@id":"https:\/\/quantocustaviajar.com\/blog\/forte-de-sao-luiz-em-niteroi\/"},"author":{"name":"Brunella Nunes","@id":"https:\/\/quantocustaviajar.com\/blog\/#\/schema\/person\/1a6dd3da9d0c0a4be42652b67bea19bb"},"headline":"Forte de S\u00e3o Luiz, em Niter\u00f3i, tem uma das melhores vistas do\u00a0RJ","datePublished":"2018-06-26T13:59:51+00:00","dateModified":"2021-07-28T16:49:24+00:00","mainEntityOfPage":{"@id":"https:\/\/quantocustaviajar.com\/blog\/forte-de-sao-luiz-em-niteroi\/"},"wordCount":334,"commentCount":1,"publisher":{"@id":"https:\/\/quantocustaviajar.com\/blog\/#organization"},"keywords":["americadosul","atra\u00e7\u00f5es","Brasil","castelo","forte","hist\u00f3rico","mirantes","Niter\u00f3i","riodejaneiro","vista"],"articleSection":["Ao Ar Livre","Descubra o Brasil"],"inLanguage":"pt-BR","potentialAction":[{"@type":"CommentAction","name":"Comment","target":["https:\/\/quantocustaviajar.com\/blog\/forte-de-sao-luiz-em-niteroi\/#respond"]}]},{"@type":"WebPage","@id":"https:\/\/quantocustaviajar.com\/blog\/forte-de-sao-luiz-em-niteroi\/","url":"https:\/\/quantocustaviajar.com\/blog\/forte-de-sao-luiz-em-niteroi\/","name":"Forte de S\u00e3o Luiz, em Niter\u00f3i, tem uma das melhores vistas do\u00a0RJ","isPartOf":{"@id":"https:\/\/quantocustaviajar.com\/blog\/#website"},"datePublished":"2018-06-26T13:59:51+00:00","dateModified":"2021-07-28T16:49:24+00:00","breadcrumb":{"@id":"https:\/\/quantocustaviajar.com\/blog\/forte-de-sao-luiz-em-niteroi\/#breadcrumb"},"inLanguage":"pt-BR","potentialAction":[{"@type":"ReadAction","target":["https:\/\/quantocustaviajar.com\/blog\/forte-de-sao-luiz-em-niteroi\/"]}]},{"@type":"BreadcrumbList","@id":"https:\/\/quantocustaviajar.com\/blog\/forte-de-sao-luiz-em-niteroi\/#breadcrumb","itemListElement":[{"@type":"ListItem","position":1,"name":"In\u00edcio","item":"https:\/\/quantocustaviajar.com\/blog\/"},{"@type":"ListItem","position":2,"name":"Forte de S\u00e3o Luiz, em Niter\u00f3i, tem uma das melhores vistas do\u00a0RJ"}]},{"@type":"WebSite","@id":"https:\/\/quantocustaviajar.com\/blog\/#website","url":"https:\/\/quantocustaviajar.com\/blog\/","name":"Blog Quanto Custa Viajar","description":"","publisher":{"@id":"https:\/\/quantocustaviajar.com\/blog\/#organization"},"potentialAction":[{"@type":"SearchAction","target":{"@type":"EntryPoint","urlTemplate":"https:\/\/quantocustaviajar.com\/blog\/?s={search_term_string}"},"query-input":{"@type":"PropertyValueSpecification","valueRequired":true,"valueName":"search_term_string"}}],"inLanguage":"pt-BR"},{"@type":"Organization","@id":"https:\/\/quantocustaviajar.com\/blog\/#organization","name":"Quanto Custa Viajar","url":"https:\/\/quantocustaviajar.com\/blog\/","logo":{"@type":"ImageObject","inLanguage":"pt-BR","@id":"https:\/\/quantocustaviajar.com\/blog\/#\/schema\/logo\/image\/","url":"","contentUrl":"","caption":"Quanto Custa Viajar"},"image":{"@id":"https:\/\/quantocustaviajar.com\/blog\/#\/schema\/logo\/image\/"},"sameAs":["https:\/\/www.facebook.com\/quantocustaviajar"]},{"@type":"Person","@id":"https:\/\/quantocustaviajar.com\/blog\/#\/schema\/person\/1a6dd3da9d0c0a4be42652b67bea19bb","name":"Brunella Nunes","image":{"@type":"ImageObject","inLanguage":"pt-BR","@id":"https:\/\/quantocustaviajar.com\/blog\/#\/schema\/person\/image\/","url":"https:\/\/secure.gravatar.com\/avatar\/05b28dfb8a3cc7ee0dba6feefa5677f05be6d7bf4b017728fd38499092f9c282?s=96&d=mm&r=g","contentUrl":"https:\/\/secure.gravatar.com\/avatar\/05b28dfb8a3cc7ee0dba6feefa5677f05be6d7bf4b017728fd38499092f9c282?s=96&d=mm&r=g","caption":"Brunella Nunes"},"description":"Quando n\u00e3o est\u00e1 viajando pelo mundo, est\u00e1 viajando nas ideias.","sameAs":["https:\/\/www.facebook.com\/brunellapfvr\/posts","https:\/\/www.linkedin.com\/in\/brunellanunes\/"],"url":"https:\/\/quantocustaviajar.com\/blog\/author\/equipe\/"}]}},"_links":{"self":[{"href":"https:\/\/quantocustaviajar.com\/blog\/wp-json\/wp\/v2\/posts\/21810","targetHints":{"allow":["GET"]}}],"collection":[{"href":"https:\/\/quantocustaviajar.com\/blog\/wp-json\/wp\/v2\/posts"}],"about":[{"href":"https:\/\/quantocustaviajar.com\/blog\/wp-json\/wp\/v2\/types\/post"}],"author":[{"embeddable":true,"href":"https:\/\/quantocustaviajar.com\/blog\/wp-json\/wp\/v2\/users\/4"}],"replies":[{"embeddable":true,"href":"https:\/\/quantocustaviajar.com\/blog\/wp-json\/wp\/v2\/comments?post=21810"}],"version-history":[{"count":2,"href":"https:\/\/quantocustaviajar.com\/blog\/wp-json\/wp\/v2\/posts\/21810\/revisions"}],"predecessor-version":[{"id":49253,"href":"https:\/\/quantocustaviajar.com\/blog\/wp-json\/wp\/v2\/posts\/21810\/revisions\/49253"}],"wp:attachment":[{"href":"https:\/\/quantocustaviajar.com\/blog\/wp-json\/wp\/v2\/media?parent=21810"}],"wp:term":[{"taxonomy":"category","embeddable":true,"href":"https:\/\/quantocustaviajar.com\/blog\/wp-json\/wp\/v2\/categories?post=21810"},{"taxonomy":"post_tag","embeddable":true,"href":"https:\/\/quantocustaviajar.com\/blog\/wp-json\/wp\/v2\/tags?post=21810"}],"curies":[{"name":"wp","href":"https:\/\/api.w.org\/{rel}","templated":true}]}}