{"id":21513,"date":"2018-06-04T13:36:30","date_gmt":"2018-06-04T13:36:30","guid":{"rendered":"https:\/\/quantocustaviajar.com\/blog\/?p=21513"},"modified":"2018-06-04T13:36:30","modified_gmt":"2018-06-04T13:36:30","slug":"aveiro-em-portugal","status":"publish","type":"post","link":"https:\/\/quantocustaviajar.com\/blog\/aveiro-em-portugal\/","title":{"rendered":"Al\u00e9m de Lisboa: descubra a encantadora e litor\u00e2nea Aveiro, em Portugal"},"content":{"rendered":"<p>Para os brasileiros que buscam um novo lar na Europa, saiba que os\u00a0ventos sopram para al\u00e9m de <a href=\"https:\/\/quantocustaviajar.com\/europa\/lisboa\" target=\"_blank\" rel=\"noopener noreferrer\"><strong>Lisboa<\/strong><\/a>. A encantadora e litor\u00e2nea <strong>Aveiro<\/strong>, em <strong>Portugal<\/strong>, deixa um rastro de cor na mem\u00f3ria de quem a visita. A 2h30 de carro ou trem a partir da capital est\u00e1 um\u00a0<em>\u201ccorpo vivo que liga a terra ao mar como um enorme cora\u00e7\u00e3o\u201d<\/em>, conforme descreveu o escrito Jos\u00e9 Saramago.<\/p>\n<p>Um misto de <strong>Veneza<\/strong>, San Francisco e Cidade do Cabo formam a primeira impress\u00e3o da cidade,<strong> cortada por uma rede de canais e salinas<\/strong>, onde se observa o movimento dos barcos moliceiros, um dos principais atrativos locais. As vias planas e agrad\u00e1veis s\u00e3o um convite para passeios a p\u00e9 ou de bicicleta, chamadas de &#8220;buga&#8221;, que s\u00e3o de uso gratuito\u00a0em pontos distribu\u00eddos pela C\u00e2mara Municipal.<\/p>\n<p>\u00c0s margens da Ria de Aveiro est\u00e3o os edif\u00edcios em estilo Arte Nova, ou\u00a0<em>art\u00a0noveau,\u00a0<\/em>que foram erguidas entre 1905 e 1920, per\u00edodo da <a href=\"https:\/\/quantocustaviajar.com\/blog\/belle-epoque-em-paris\/\" target=\"_blank\" rel=\"noopener\">Belle \u00c9poque<\/a>. O Museu da Cidade dedica parte de seu acervo \u00e0 essa hist\u00f3ria. J\u00e1 a F\u00e1brica da Vista Alegre aproxima o p\u00fablico das conhecidas porcelanas portuguesas.<\/p>\n<blockquote><p><strong>Compre sua passagem a\u00e9rea para Lisboa com o <a href=\"http:\/\/quantocustaviajar.com\/passagens-aereas-baratas\/\" target=\"_blank\" rel=\"noopener\">nosso buscador de passagens<\/a><\/strong><\/p><\/blockquote>\n<p>Mas o que capta ainda mais o olhar e n\u00e3o passa despercebida s\u00e3o as <strong>casas listradas de Costa Nova<\/strong>, a cerca de cinco minutos de carro do centro hist\u00f3rico de Aveiro. O cen\u00e1rio de cores variadas enchem os olhos e causam uma verdadeira como\u00e7\u00e3o nas redes sociais. Feitas em madeira, pertenciam a pescadores que tentavam encontrar um contraste entre as cores p\u00e1lidas da areia. Assim, tons vivos de vermelho, amarelo, azul e verde ganharam os quarteir\u00f5es.<\/p>\n<p><img loading=\"lazy\" decoding=\"async\" class=\"aligncenter wp-image-21563 size-full\" src=\"https:\/\/quantocustaviajar.com\/blog\/wp-content\/uploads\/2018\/03\/costa-nova-5.jpg\" alt=\"\" width=\"650\" height=\"366\" srcset=\"https:\/\/quantocustaviajar.com\/blog\/wp-content\/uploads\/2018\/03\/costa-nova-5.jpg 650w, https:\/\/quantocustaviajar.com\/blog\/wp-content\/uploads\/2018\/03\/costa-nova-5-300x169.jpg 300w, https:\/\/quantocustaviajar.com\/blog\/wp-content\/uploads\/2018\/03\/costa-nova-5-400x225.jpg 400w\" sizes=\"auto, (max-width: 650px) 100vw, 650px\" \/><\/p>\n<p>As tradi\u00e7\u00f5es cai\u00e7aras seguem at\u00e9 as vizinhas, \u00cdlhavo, onde fica o Museu Mar\u00edtimo, e a praia da Barra, que resguarda <strong>o farol mais alto do pa\u00eds<\/strong> e um veleiro de 1937, batizado de Santa Maria Manuela. Para encontrar praias selvagens, basta seguir rumo a\u00a0Reserva Natural das Dunas de S\u00e3o Jacinto.<\/p>\n<p>N\u00e3o v\u00e1 embora sem provar as del\u00edcias t\u00edpicas, a come\u00e7ar pelos <strong>ovos moles<\/strong>, a especialidade regional, comparada com <strong>&#8220;ouro doce&#8221;.<\/strong> \u00c0 mesa tamb\u00e9m s\u00e3o servidas\u00a0caldeirada de enguias e carneiro \u00e0 lampantana, feito com vinho tinto, toucinho e outros ingredientes. \u00c9 pelo est\u00f4mago ou pelas belezas, que Aveiro conquista multid\u00f5es.<\/p>\n<p><img loading=\"lazy\" decoding=\"async\" class=\"aligncenter wp-image-21565 size-full\" src=\"https:\/\/quantocustaviajar.com\/blog\/wp-content\/uploads\/2018\/03\/aveiro-por-goncalo-figueiredo.jpg\" alt=\"\" width=\"650\" height=\"365\" srcset=\"https:\/\/quantocustaviajar.com\/blog\/wp-content\/uploads\/2018\/03\/aveiro-por-goncalo-figueiredo.jpg 650w, https:\/\/quantocustaviajar.com\/blog\/wp-content\/uploads\/2018\/03\/aveiro-por-goncalo-figueiredo-300x168.jpg 300w, https:\/\/quantocustaviajar.com\/blog\/wp-content\/uploads\/2018\/03\/aveiro-por-goncalo-figueiredo-400x225.jpg 400w\" sizes=\"auto, (max-width: 650px) 100vw, 650px\" \/><\/p>\n<p style=\"text-align: center;\">Foto: Gon\u00e7alo Figueiredo<\/p>\n<p style=\"text-align: center;\"><img loading=\"lazy\" decoding=\"async\" class=\"aligncenter wp-image-21566 size-full\" src=\"https:\/\/quantocustaviajar.com\/blog\/wp-content\/uploads\/2018\/03\/aveiro3.jpg\" alt=\"\" width=\"649\" height=\"365\" srcset=\"https:\/\/quantocustaviajar.com\/blog\/wp-content\/uploads\/2018\/03\/aveiro3.jpg 649w, https:\/\/quantocustaviajar.com\/blog\/wp-content\/uploads\/2018\/03\/aveiro3-300x169.jpg 300w, https:\/\/quantocustaviajar.com\/blog\/wp-content\/uploads\/2018\/03\/aveiro3-400x225.jpg 400w\" sizes=\"auto, (max-width: 649px) 100vw, 649px\" \/><\/p>\n<p style=\"text-align: center;\"><img loading=\"lazy\" decoding=\"async\" class=\"aligncenter wp-image-21568 size-full\" src=\"https:\/\/quantocustaviajar.com\/blog\/wp-content\/uploads\/2018\/03\/aveiro7.jpg\" alt=\"\" width=\"650\" height=\"433\" srcset=\"https:\/\/quantocustaviajar.com\/blog\/wp-content\/uploads\/2018\/03\/aveiro7.jpg 650w, https:\/\/quantocustaviajar.com\/blog\/wp-content\/uploads\/2018\/03\/aveiro7-300x200.jpg 300w, https:\/\/quantocustaviajar.com\/blog\/wp-content\/uploads\/2018\/03\/aveiro7-400x266.jpg 400w\" sizes=\"auto, (max-width: 650px) 100vw, 650px\" \/><\/p>\n<p style=\"text-align: center;\"><strong>[+] <a href=\"https:\/\/quantocustaviajar.com\/blog\/ilha-da-madeira-em-portugal\/\" target=\"_blank\" rel=\"noopener noreferrer\">5 motivos para visitar a Ilha da Madeira, em Portugal<\/a><\/strong><\/p>\n<p style=\"text-align: center;\"><img loading=\"lazy\" decoding=\"async\" class=\"aligncenter wp-image-21567 size-full\" src=\"https:\/\/quantocustaviajar.com\/blog\/wp-content\/uploads\/2018\/03\/aveiro4.jpg\" alt=\"\" width=\"649\" height=\"365\" srcset=\"https:\/\/quantocustaviajar.com\/blog\/wp-content\/uploads\/2018\/03\/aveiro4.jpg 649w, https:\/\/quantocustaviajar.com\/blog\/wp-content\/uploads\/2018\/03\/aveiro4-300x169.jpg 300w, https:\/\/quantocustaviajar.com\/blog\/wp-content\/uploads\/2018\/03\/aveiro4-400x225.jpg 400w\" sizes=\"auto, (max-width: 649px) 100vw, 649px\" \/><\/p>\n<p style=\"text-align: center;\"><img loading=\"lazy\" decoding=\"async\" class=\"aligncenter wp-image-21573 size-full\" src=\"https:\/\/quantocustaviajar.com\/blog\/wp-content\/uploads\/2018\/03\/aveiro-museu-arte-nova.jpg\" alt=\"\" width=\"650\" height=\"366\" srcset=\"https:\/\/quantocustaviajar.com\/blog\/wp-content\/uploads\/2018\/03\/aveiro-museu-arte-nova.jpg 650w, https:\/\/quantocustaviajar.com\/blog\/wp-content\/uploads\/2018\/03\/aveiro-museu-arte-nova-300x169.jpg 300w, https:\/\/quantocustaviajar.com\/blog\/wp-content\/uploads\/2018\/03\/aveiro-museu-arte-nova-400x225.jpg 400w\" sizes=\"auto, (max-width: 650px) 100vw, 650px\" \/><\/p>\n<p style=\"text-align: center;\"><img loading=\"lazy\" decoding=\"async\" class=\"aligncenter wp-image-21572 size-full\" src=\"https:\/\/quantocustaviajar.com\/blog\/wp-content\/uploads\/2018\/03\/aveiro16.jpg\" alt=\"\" width=\"650\" height=\"365\" srcset=\"https:\/\/quantocustaviajar.com\/blog\/wp-content\/uploads\/2018\/03\/aveiro16.jpg 650w, https:\/\/quantocustaviajar.com\/blog\/wp-content\/uploads\/2018\/03\/aveiro16-300x168.jpg 300w, https:\/\/quantocustaviajar.com\/blog\/wp-content\/uploads\/2018\/03\/aveiro16-400x225.jpg 400w\" sizes=\"auto, (max-width: 650px) 100vw, 650px\" \/><\/p>\n<p style=\"text-align: center;\"><strong>[+] <a href=\"https:\/\/quantocustaviajar.com\/blog\/as-melhores-praias-de-portugal\/\" target=\"_blank\" rel=\"noopener noreferrer\">As melhores praias de Portugal para curtir no pr\u00f3ximo ver\u00e3o<\/a><\/strong><\/p>\n<p style=\"text-align: center;\"><img loading=\"lazy\" decoding=\"async\" class=\"aligncenter wp-image-21574 size-full\" src=\"https:\/\/quantocustaviajar.com\/blog\/wp-content\/uploads\/2018\/03\/costa-nova-2.jpg\" alt=\"\" width=\"650\" height=\"366\" srcset=\"https:\/\/quantocustaviajar.com\/blog\/wp-content\/uploads\/2018\/03\/costa-nova-2.jpg 650w, https:\/\/quantocustaviajar.com\/blog\/wp-content\/uploads\/2018\/03\/costa-nova-2-300x169.jpg 300w, https:\/\/quantocustaviajar.com\/blog\/wp-content\/uploads\/2018\/03\/costa-nova-2-400x225.jpg 400w\" sizes=\"auto, (max-width: 650px) 100vw, 650px\" \/><\/p>\n<p style=\"text-align: center;\"><img loading=\"lazy\" decoding=\"async\" class=\"aligncenter wp-image-21562 size-full\" src=\"https:\/\/quantocustaviajar.com\/blog\/wp-content\/uploads\/2018\/03\/costa-nova-4.jpg\" alt=\"\" width=\"650\" height=\"366\" srcset=\"https:\/\/quantocustaviajar.com\/blog\/wp-content\/uploads\/2018\/03\/costa-nova-4.jpg 650w, https:\/\/quantocustaviajar.com\/blog\/wp-content\/uploads\/2018\/03\/costa-nova-4-300x169.jpg 300w, https:\/\/quantocustaviajar.com\/blog\/wp-content\/uploads\/2018\/03\/costa-nova-4-400x225.jpg 400w\" sizes=\"auto, (max-width: 650px) 100vw, 650px\" \/><\/p>\n<p style=\"text-align: center;\"><img loading=\"lazy\" decoding=\"async\" class=\"aligncenter wp-image-21514\" src=\"https:\/\/quantocustaviajar.com\/blog\/wp-content\/uploads\/2018\/03\/aveiro-portugal.jpg\" alt=\"\" width=\"650\" height=\"357\" srcset=\"https:\/\/quantocustaviajar.com\/blog\/wp-content\/uploads\/2018\/03\/aveiro-portugal.jpg 960w, https:\/\/quantocustaviajar.com\/blog\/wp-content\/uploads\/2018\/03\/aveiro-portugal-300x165.jpg 300w, https:\/\/quantocustaviajar.com\/blog\/wp-content\/uploads\/2018\/03\/aveiro-portugal-768x422.jpg 768w, https:\/\/quantocustaviajar.com\/blog\/wp-content\/uploads\/2018\/03\/aveiro-portugal-400x220.jpg 400w\" sizes=\"auto, (max-width: 650px) 100vw, 650px\" \/><\/p>\n<p style=\"text-align: center;\"><strong>[+]\u00a0<a href=\"https:\/\/quantocustaviajar.com\/blog\/pedaco-de-portugal-em-florianopolis\/\" target=\"_blank\" rel=\"noopener noreferrer\">Conhe\u00e7a Santo Ant\u00f4nio de Lisboa, um peda\u00e7o de Portugal em Florian\u00f3polis <\/a><\/strong><\/p>\n<p style=\"text-align: center;\"><img loading=\"lazy\" decoding=\"async\" class=\"aligncenter wp-image-21569 size-full\" src=\"https:\/\/quantocustaviajar.com\/blog\/wp-content\/uploads\/2018\/03\/aveiro12.jpg\" alt=\"\" width=\"650\" height=\"365\" srcset=\"https:\/\/quantocustaviajar.com\/blog\/wp-content\/uploads\/2018\/03\/aveiro12.jpg 650w, https:\/\/quantocustaviajar.com\/blog\/wp-content\/uploads\/2018\/03\/aveiro12-300x168.jpg 300w, https:\/\/quantocustaviajar.com\/blog\/wp-content\/uploads\/2018\/03\/aveiro12-400x225.jpg 400w\" sizes=\"auto, (max-width: 650px) 100vw, 650px\" \/><\/p>\n<p style=\"text-align: center;\"><img loading=\"lazy\" decoding=\"async\" class=\"aligncenter wp-image-21570 size-full\" src=\"https:\/\/quantocustaviajar.com\/blog\/wp-content\/uploads\/2018\/03\/aveiro13.jpg\" alt=\"\" width=\"650\" height=\"365\" srcset=\"https:\/\/quantocustaviajar.com\/blog\/wp-content\/uploads\/2018\/03\/aveiro13.jpg 650w, https:\/\/quantocustaviajar.com\/blog\/wp-content\/uploads\/2018\/03\/aveiro13-300x168.jpg 300w, https:\/\/quantocustaviajar.com\/blog\/wp-content\/uploads\/2018\/03\/aveiro13-400x225.jpg 400w\" sizes=\"auto, (max-width: 650px) 100vw, 650px\" \/><\/p>\n<p><em>Fotos: divulga\u00e7\u00e3o\/Visit Portugal e Centro de Portugal<\/em><\/p>\n","protected":false},"excerpt":{"rendered":"<p>Para os brasileiros que buscam um novo lar na Europa, saiba que os\u00a0ventos sopram para al\u00e9m de Lisboa. A encantadora e litor\u00e2nea Aveiro, em Portugal, deixa um rastro de cor na mem\u00f3ria de quem a visita. A 2h30 de carro ou trem a partir da capital est\u00e1 um\u00a0\u201ccorpo vivo que liga a terra ao mar [&hellip;]<\/p>\n","protected":false},"author":4,"featured_media":21571,"comment_status":"open","ping_status":"open","sticky":false,"template":"","format":"standard","meta":{"cybocfi_hide_featured_image":"","footnotes":""},"categories":[1437,1436],"tags":[79,240,557,62,76,77,18,512,692,529,513,653,181,764],"class_list":["post-21513","post","type-post","status-publish","format-standard","has-post-thumbnail","hentry","category-ao-ar-livre","category-artes-cultura-diversao","tag-arquitetura","tag-cidades","tag-colorido","tag-cultura","tag-curiosidade","tag-dicas","tag-europa","tag-litoral","tag-morar-fora","tag-onde-ir","tag-passeios-diferentes","tag-portugal","tag-praias","tag-viagem-de-carro"],"blocksy_meta":[],"yoast_head":"<!-- This site is optimized with the Yoast SEO plugin v26.3 - https:\/\/yoast.com\/wordpress\/plugins\/seo\/ -->\n<title>Al\u00e9m de Lisboa: descubra a encantadora e litor\u00e2nea Aveiro, em Portugal<\/title>\n<meta name=\"description\" content=\"Para os brasileiros que buscam um novo lar na Europa, saiba que os\u00a0ventos sopram para al\u00e9m de Lisboa. A encantadora e litor\u00e2nea Aveiro, em Portugal, deixa um rastro de cor na mem\u00f3ria de quem a visita.\" \/>\n<meta name=\"robots\" content=\"index, follow, max-snippet:-1, max-image-preview:large, max-video-preview:-1\" \/>\n<link rel=\"canonical\" href=\"https:\/\/quantocustaviajar.com\/blog\/aveiro-em-portugal\/\" \/>\n<meta property=\"og:locale\" content=\"pt_BR\" \/>\n<meta property=\"og:type\" content=\"article\" \/>\n<meta property=\"og:title\" content=\"Al\u00e9m de Lisboa: descubra a encantadora e litor\u00e2nea Aveiro, em Portugal\" \/>\n<meta property=\"og:description\" content=\"Para os brasileiros que buscam um novo lar na Europa, saiba que os\u00a0ventos sopram para al\u00e9m de Lisboa. A encantadora e litor\u00e2nea Aveiro, em Portugal, deixa um rastro de cor na mem\u00f3ria de quem a visita.\" \/>\n<meta property=\"og:url\" content=\"https:\/\/quantocustaviajar.com\/blog\/aveiro-em-portugal\/\" \/>\n<meta property=\"og:site_name\" content=\"Blog Quanto Custa Viajar\" \/>\n<meta property=\"article:publisher\" content=\"https:\/\/www.facebook.com\/quantocustaviajar\" \/>\n<meta property=\"article:author\" content=\"https:\/\/www.facebook.com\/brunellapfvr\/posts\" \/>\n<meta property=\"article:published_time\" content=\"2018-06-04T13:36:30+00:00\" \/>\n<meta property=\"og:image\" content=\"https:\/\/quantocustaviajar.com\/blog\/wp-content\/uploads\/2018\/03\/aveiro14.jpg\" \/>\n\t<meta property=\"og:image:width\" content=\"650\" \/>\n\t<meta property=\"og:image:height\" content=\"474\" \/>\n\t<meta property=\"og:image:type\" content=\"image\/jpeg\" \/>\n<meta name=\"author\" content=\"Brunella Nunes\" \/>\n<meta name=\"twitter:card\" content=\"summary_large_image\" \/>\n<meta name=\"twitter:label1\" content=\"Escrito por\" \/>\n\t<meta name=\"twitter:data1\" content=\"Brunella Nunes\" \/>\n\t<meta name=\"twitter:label2\" content=\"Est. tempo de leitura\" \/>\n\t<meta name=\"twitter:data2\" content=\"2 minutos\" \/>\n<!-- \/ Yoast SEO plugin. -->","yoast_head_json":{"title":"Al\u00e9m de Lisboa: descubra a encantadora e litor\u00e2nea Aveiro, em Portugal","description":"Para os brasileiros que buscam um novo lar na Europa, saiba que os\u00a0ventos sopram para al\u00e9m de Lisboa. A encantadora e litor\u00e2nea Aveiro, em Portugal, deixa um rastro de cor na mem\u00f3ria de quem a visita.","robots":{"index":"index","follow":"follow","max-snippet":"max-snippet:-1","max-image-preview":"max-image-preview:large","max-video-preview":"max-video-preview:-1"},"canonical":"https:\/\/quantocustaviajar.com\/blog\/aveiro-em-portugal\/","og_locale":"pt_BR","og_type":"article","og_title":"Al\u00e9m de Lisboa: descubra a encantadora e litor\u00e2nea Aveiro, em Portugal","og_description":"Para os brasileiros que buscam um novo lar na Europa, saiba que os\u00a0ventos sopram para al\u00e9m de Lisboa. A encantadora e litor\u00e2nea Aveiro, em Portugal, deixa um rastro de cor na mem\u00f3ria de quem a visita.","og_url":"https:\/\/quantocustaviajar.com\/blog\/aveiro-em-portugal\/","og_site_name":"Blog Quanto Custa Viajar","article_publisher":"https:\/\/www.facebook.com\/quantocustaviajar","article_author":"https:\/\/www.facebook.com\/brunellapfvr\/posts","article_published_time":"2018-06-04T13:36:30+00:00","og_image":[{"width":650,"height":474,"url":"https:\/\/quantocustaviajar.com\/blog\/wp-content\/uploads\/2018\/03\/aveiro14.jpg","type":"image\/jpeg"}],"author":"Brunella Nunes","twitter_card":"summary_large_image","twitter_misc":{"Escrito por":"Brunella Nunes","Est. tempo de leitura":"2 minutos"},"schema":{"@context":"https:\/\/schema.org","@graph":[{"@type":["Article","BlogPosting"],"@id":"https:\/\/quantocustaviajar.com\/blog\/aveiro-em-portugal\/#article","isPartOf":{"@id":"https:\/\/quantocustaviajar.com\/blog\/aveiro-em-portugal\/"},"author":{"name":"Brunella Nunes","@id":"https:\/\/quantocustaviajar.com\/blog\/#\/schema\/person\/1a6dd3da9d0c0a4be42652b67bea19bb"},"headline":"Al\u00e9m de Lisboa: descubra a encantadora e litor\u00e2nea Aveiro, em Portugal","datePublished":"2018-06-04T13:36:30+00:00","mainEntityOfPage":{"@id":"https:\/\/quantocustaviajar.com\/blog\/aveiro-em-portugal\/"},"wordCount":466,"commentCount":1,"publisher":{"@id":"https:\/\/quantocustaviajar.com\/blog\/#organization"},"image":{"@id":"https:\/\/quantocustaviajar.com\/blog\/aveiro-em-portugal\/#primaryimage"},"thumbnailUrl":"https:\/\/quantocustaviajar.com\/blog\/wp-content\/uploads\/2018\/03\/aveiro14.jpg","keywords":["arquitetura","cidades","colorido","cultura","curiosidade","dicas","europa","litoral","morar fora","onde ir","passeios diferentes","Portugal","praias","viagem de carro"],"articleSection":["Ao Ar Livre","Artes, Cultura &amp; Divers\u00e3o"],"inLanguage":"pt-BR","potentialAction":[{"@type":"CommentAction","name":"Comment","target":["https:\/\/quantocustaviajar.com\/blog\/aveiro-em-portugal\/#respond"]}]},{"@type":"WebPage","@id":"https:\/\/quantocustaviajar.com\/blog\/aveiro-em-portugal\/","url":"https:\/\/quantocustaviajar.com\/blog\/aveiro-em-portugal\/","name":"Al\u00e9m de Lisboa: descubra a encantadora e litor\u00e2nea Aveiro, em Portugal","isPartOf":{"@id":"https:\/\/quantocustaviajar.com\/blog\/#website"},"primaryImageOfPage":{"@id":"https:\/\/quantocustaviajar.com\/blog\/aveiro-em-portugal\/#primaryimage"},"image":{"@id":"https:\/\/quantocustaviajar.com\/blog\/aveiro-em-portugal\/#primaryimage"},"thumbnailUrl":"https:\/\/quantocustaviajar.com\/blog\/wp-content\/uploads\/2018\/03\/aveiro14.jpg","datePublished":"2018-06-04T13:36:30+00:00","description":"Para os brasileiros que buscam um novo lar na Europa, saiba que os\u00a0ventos sopram para al\u00e9m de Lisboa. A encantadora e litor\u00e2nea Aveiro, em Portugal, deixa um rastro de cor na mem\u00f3ria de quem a visita.","breadcrumb":{"@id":"https:\/\/quantocustaviajar.com\/blog\/aveiro-em-portugal\/#breadcrumb"},"inLanguage":"pt-BR","potentialAction":[{"@type":"ReadAction","target":["https:\/\/quantocustaviajar.com\/blog\/aveiro-em-portugal\/"]}]},{"@type":"ImageObject","inLanguage":"pt-BR","@id":"https:\/\/quantocustaviajar.com\/blog\/aveiro-em-portugal\/#primaryimage","url":"https:\/\/quantocustaviajar.com\/blog\/wp-content\/uploads\/2018\/03\/aveiro14.jpg","contentUrl":"https:\/\/quantocustaviajar.com\/blog\/wp-content\/uploads\/2018\/03\/aveiro14.jpg","width":650,"height":474},{"@type":"BreadcrumbList","@id":"https:\/\/quantocustaviajar.com\/blog\/aveiro-em-portugal\/#breadcrumb","itemListElement":[{"@type":"ListItem","position":1,"name":"In\u00edcio","item":"https:\/\/quantocustaviajar.com\/blog\/"},{"@type":"ListItem","position":2,"name":"Al\u00e9m de Lisboa: descubra a encantadora e litor\u00e2nea Aveiro, em Portugal"}]},{"@type":"WebSite","@id":"https:\/\/quantocustaviajar.com\/blog\/#website","url":"https:\/\/quantocustaviajar.com\/blog\/","name":"Blog Quanto Custa Viajar","description":"","publisher":{"@id":"https:\/\/quantocustaviajar.com\/blog\/#organization"},"potentialAction":[{"@type":"SearchAction","target":{"@type":"EntryPoint","urlTemplate":"https:\/\/quantocustaviajar.com\/blog\/?s={search_term_string}"},"query-input":{"@type":"PropertyValueSpecification","valueRequired":true,"valueName":"search_term_string"}}],"inLanguage":"pt-BR"},{"@type":"Organization","@id":"https:\/\/quantocustaviajar.com\/blog\/#organization","name":"Quanto Custa Viajar","url":"https:\/\/quantocustaviajar.com\/blog\/","logo":{"@type":"ImageObject","inLanguage":"pt-BR","@id":"https:\/\/quantocustaviajar.com\/blog\/#\/schema\/logo\/image\/","url":"","contentUrl":"","caption":"Quanto Custa Viajar"},"image":{"@id":"https:\/\/quantocustaviajar.com\/blog\/#\/schema\/logo\/image\/"},"sameAs":["https:\/\/www.facebook.com\/quantocustaviajar"]},{"@type":"Person","@id":"https:\/\/quantocustaviajar.com\/blog\/#\/schema\/person\/1a6dd3da9d0c0a4be42652b67bea19bb","name":"Brunella Nunes","image":{"@type":"ImageObject","inLanguage":"pt-BR","@id":"https:\/\/quantocustaviajar.com\/blog\/#\/schema\/person\/image\/","url":"https:\/\/secure.gravatar.com\/avatar\/05b28dfb8a3cc7ee0dba6feefa5677f05be6d7bf4b017728fd38499092f9c282?s=96&d=mm&r=g","contentUrl":"https:\/\/secure.gravatar.com\/avatar\/05b28dfb8a3cc7ee0dba6feefa5677f05be6d7bf4b017728fd38499092f9c282?s=96&d=mm&r=g","caption":"Brunella Nunes"},"description":"Quando n\u00e3o est\u00e1 viajando pelo mundo, est\u00e1 viajando nas ideias.","sameAs":["https:\/\/www.facebook.com\/brunellapfvr\/posts","https:\/\/www.linkedin.com\/in\/brunellanunes\/"],"url":"https:\/\/quantocustaviajar.com\/blog\/author\/equipe\/"}]}},"_links":{"self":[{"href":"https:\/\/quantocustaviajar.com\/blog\/wp-json\/wp\/v2\/posts\/21513","targetHints":{"allow":["GET"]}}],"collection":[{"href":"https:\/\/quantocustaviajar.com\/blog\/wp-json\/wp\/v2\/posts"}],"about":[{"href":"https:\/\/quantocustaviajar.com\/blog\/wp-json\/wp\/v2\/types\/post"}],"author":[{"embeddable":true,"href":"https:\/\/quantocustaviajar.com\/blog\/wp-json\/wp\/v2\/users\/4"}],"replies":[{"embeddable":true,"href":"https:\/\/quantocustaviajar.com\/blog\/wp-json\/wp\/v2\/comments?post=21513"}],"version-history":[{"count":2,"href":"https:\/\/quantocustaviajar.com\/blog\/wp-json\/wp\/v2\/posts\/21513\/revisions"}],"predecessor-version":[{"id":24098,"href":"https:\/\/quantocustaviajar.com\/blog\/wp-json\/wp\/v2\/posts\/21513\/revisions\/24098"}],"wp:featuredmedia":[{"embeddable":true,"href":"https:\/\/quantocustaviajar.com\/blog\/wp-json\/wp\/v2\/media\/21571"}],"wp:attachment":[{"href":"https:\/\/quantocustaviajar.com\/blog\/wp-json\/wp\/v2\/media?parent=21513"}],"wp:term":[{"taxonomy":"category","embeddable":true,"href":"https:\/\/quantocustaviajar.com\/blog\/wp-json\/wp\/v2\/categories?post=21513"},{"taxonomy":"post_tag","embeddable":true,"href":"https:\/\/quantocustaviajar.com\/blog\/wp-json\/wp\/v2\/tags?post=21513"}],"curies":[{"name":"wp","href":"https:\/\/api.w.org\/{rel}","templated":true}]}}