{"id":21371,"date":"2018-03-20T16:50:07","date_gmt":"2018-03-20T16:50:07","guid":{"rendered":"https:\/\/quantocustaviajar.com\/blog\/?p=21371"},"modified":"2018-04-13T23:44:45","modified_gmt":"2018-04-13T23:44:45","slug":"spring-break-brasileiro","status":"publish","type":"post","link":"https:\/\/quantocustaviajar.com\/blog\/spring-break-brasileiro\/","title":{"rendered":"Spring Break Brasileiro aposta em cinco dias de festa numa praia de Porto Seguro"},"content":{"rendered":"<p>Mirando no p\u00fablico jovem em semana do saco cheio (ou recesso universit\u00e1rio), o <strong>Spring Break Brasileiro<\/strong> se inspira nos norte americanos e aposta em <strong>cinco dias de festa numa praia de Porto Seguro<\/strong> para animar a galera. O evento acontece entre os dias<strong> 27 de abril e 1 de maio de 2018<\/strong>, na bela\u00a0Praia de Taperapu\u00e3.<\/p>\n<p>Com entretenimento 24 horas por dia, a iniciativa da Vem! Eventos cria um enorme complexo com festas, hospedagem, atendimento m\u00e9dico, seguran\u00e7a e equipe de apoio. Em sua quarta edi\u00e7\u00e3o, o SBB inclui na programa\u00e7\u00e3o um total de oito festas, sendo cinco a tarde &#8211; quatro delas com sistema open bar &#8211; e tr\u00eas noturnas.<\/p>\n<p>Grupos de amigos se re\u00fanem para curtir dia e noite os dois palcos com m\u00fasica, a barraca\u00a0Ax\u00e9 Moi e a praia, que \u00e9 a mais procurada da cidade. Os\u00a0pacotes est\u00e3o a partir de R$ 939,00 e para quem n\u00e3o precisa de hospedagem, a partir de R$ 550,00. Saiba mais no <a href=\"http:\/\/www.springbreakbrasileiro.com.br\" target=\"_blank\" rel=\"noopener noreferrer\">site oficial<\/a>.<\/p>\n<p style=\"text-align: center;\"><img loading=\"lazy\" decoding=\"async\" class=\"size-full wp-image-21341 aligncenter\" src=\"https:\/\/quantocustaviajar.com\/blog\/wp-content\/uploads\/2018\/03\/spring-break-brasileiro6.jpg\" alt=\"\" width=\"650\" height=\"488\" srcset=\"https:\/\/quantocustaviajar.com\/blog\/wp-content\/uploads\/2018\/03\/spring-break-brasileiro6.jpg 650w, https:\/\/quantocustaviajar.com\/blog\/wp-content\/uploads\/2018\/03\/spring-break-brasileiro6-300x225.jpg 300w, https:\/\/quantocustaviajar.com\/blog\/wp-content\/uploads\/2018\/03\/spring-break-brasileiro6-400x300.jpg 400w\" sizes=\"auto, (max-width: 650px) 100vw, 650px\" \/><\/p>\n<p style=\"text-align: center;\"><img loading=\"lazy\" decoding=\"async\" class=\"size-full wp-image-21339 aligncenter\" src=\"https:\/\/quantocustaviajar.com\/blog\/wp-content\/uploads\/2018\/03\/spring-break-brasileiro4.jpg\" alt=\"\" width=\"650\" height=\"433\" srcset=\"https:\/\/quantocustaviajar.com\/blog\/wp-content\/uploads\/2018\/03\/spring-break-brasileiro4.jpg 650w, https:\/\/quantocustaviajar.com\/blog\/wp-content\/uploads\/2018\/03\/spring-break-brasileiro4-300x200.jpg 300w, https:\/\/quantocustaviajar.com\/blog\/wp-content\/uploads\/2018\/03\/spring-break-brasileiro4-400x266.jpg 400w\" sizes=\"auto, (max-width: 650px) 100vw, 650px\" \/><\/p>\n<p style=\"text-align: center;\"><strong>[+] <a href=\"https:\/\/quantocustaviajar.com\/blog\/12-passeios-para-fazer-com-as-amigas\/\" target=\"_blank\" rel=\"noopener noreferrer\">12 passeios para fazer com as amigas por menos de R$ 200<\/a><\/strong><\/p>\n<p style=\"text-align: center;\"><img loading=\"lazy\" decoding=\"async\" class=\"size-full wp-image-21338 aligncenter\" src=\"https:\/\/quantocustaviajar.com\/blog\/wp-content\/uploads\/2018\/03\/spring-break-brasileiro3.jpg\" alt=\"\" width=\"650\" height=\"650\" srcset=\"https:\/\/quantocustaviajar.com\/blog\/wp-content\/uploads\/2018\/03\/spring-break-brasileiro3.jpg 650w, https:\/\/quantocustaviajar.com\/blog\/wp-content\/uploads\/2018\/03\/spring-break-brasileiro3-150x150.jpg 150w, https:\/\/quantocustaviajar.com\/blog\/wp-content\/uploads\/2018\/03\/spring-break-brasileiro3-300x300.jpg 300w, https:\/\/quantocustaviajar.com\/blog\/wp-content\/uploads\/2018\/03\/spring-break-brasileiro3-400x400.jpg 400w, https:\/\/quantocustaviajar.com\/blog\/wp-content\/uploads\/2018\/03\/spring-break-brasileiro3-177x177.jpg 177w, https:\/\/quantocustaviajar.com\/blog\/wp-content\/uploads\/2018\/03\/spring-break-brasileiro3-380x380.jpg 380w\" sizes=\"auto, (max-width: 650px) 100vw, 650px\" \/><\/p>\n<p style=\"text-align: center;\"><img loading=\"lazy\" decoding=\"async\" class=\"size-full wp-image-21342 aligncenter\" src=\"https:\/\/quantocustaviajar.com\/blog\/wp-content\/uploads\/2018\/03\/spring-break-brasileiro7.jpg\" alt=\"\" width=\"650\" height=\"433\" srcset=\"https:\/\/quantocustaviajar.com\/blog\/wp-content\/uploads\/2018\/03\/spring-break-brasileiro7.jpg 650w, https:\/\/quantocustaviajar.com\/blog\/wp-content\/uploads\/2018\/03\/spring-break-brasileiro7-300x200.jpg 300w, https:\/\/quantocustaviajar.com\/blog\/wp-content\/uploads\/2018\/03\/spring-break-brasileiro7-400x266.jpg 400w\" sizes=\"auto, (max-width: 650px) 100vw, 650px\" \/><\/p>\n<p style=\"text-align: center;\"><strong>[+] <a href=\"https:\/\/quantocustaviajar.com\/blog\/8-destinos-para-viajar-com-a-galera-no-brasil\/\" target=\"_blank\" rel=\"noopener noreferrer\">10 destinos para viajar com a galera no Brasil<\/a><\/strong><\/p>\n<p style=\"text-align: center;\"><img loading=\"lazy\" decoding=\"async\" class=\"size-full wp-image-21337 aligncenter\" src=\"https:\/\/quantocustaviajar.com\/blog\/wp-content\/uploads\/2018\/03\/spring-break-brasileiro2.jpg\" alt=\"\" width=\"650\" height=\"433\" srcset=\"https:\/\/quantocustaviajar.com\/blog\/wp-content\/uploads\/2018\/03\/spring-break-brasileiro2.jpg 650w, https:\/\/quantocustaviajar.com\/blog\/wp-content\/uploads\/2018\/03\/spring-break-brasileiro2-300x200.jpg 300w, https:\/\/quantocustaviajar.com\/blog\/wp-content\/uploads\/2018\/03\/spring-break-brasileiro2-400x266.jpg 400w\" sizes=\"auto, (max-width: 650px) 100vw, 650px\" \/><\/p>\n<p style=\"text-align: center;\"><img loading=\"lazy\" decoding=\"async\" class=\"size-full wp-image-21343 aligncenter\" src=\"https:\/\/quantocustaviajar.com\/blog\/wp-content\/uploads\/2018\/03\/spring-break-brasileiro8.jpg\" alt=\"\" width=\"650\" height=\"433\" srcset=\"https:\/\/quantocustaviajar.com\/blog\/wp-content\/uploads\/2018\/03\/spring-break-brasileiro8.jpg 650w, https:\/\/quantocustaviajar.com\/blog\/wp-content\/uploads\/2018\/03\/spring-break-brasileiro8-300x200.jpg 300w, https:\/\/quantocustaviajar.com\/blog\/wp-content\/uploads\/2018\/03\/spring-break-brasileiro8-400x266.jpg 400w\" sizes=\"auto, (max-width: 650px) 100vw, 650px\" \/><\/p>\n<p><em>Fotos: divulga\u00e7\u00e3o<\/em><\/p>\n","protected":false},"excerpt":{"rendered":"<p>Mirando no p\u00fablico jovem em semana do saco cheio (ou recesso universit\u00e1rio), o Spring Break Brasileiro se inspira nos norte americanos e aposta em cinco dias de festa numa praia de Porto Seguro para animar a galera. O evento acontece entre os dias 27 de abril e 1 de maio de 2018, na bela\u00a0Praia de [&hellip;]<\/p>\n","protected":false},"author":4,"featured_media":21336,"comment_status":"open","ping_status":"open","sticky":false,"template":"","format":"standard","meta":{"cybocfi_hide_featured_image":"","footnotes":""},"categories":[1436],"tags":[1485,1291,272,367,266,634,365,150,870,1178,1442,181,1413,1414,915],"class_list":["post-21371","post","type-post","status-publish","format-standard","has-post-thumbnail","hentry","category-artes-cultura-diversao","tag-americadosul","tag-amigas","tag-bahia","tag-baladas","tag-brasil","tag-feriado","tag-festas","tag-nordeste","tag-pacotes","tag-porto-seguro","tag-portoseguro","tag-praias","tag-recesso","tag-semana-do-saco-cheio","tag-viagem-com-amigos"],"blocksy_meta":[],"yoast_head":"<!-- This site is optimized with the Yoast SEO plugin v26.3 - https:\/\/yoast.com\/wordpress\/plugins\/seo\/ -->\n<title>Spring Break Brasileiro aposta em cinco dias de festa em Porto Seguro<\/title>\n<meta name=\"description\" content=\"O Spring Break Brasileiro se inspira nos norte americanos e aposta em cinco dias de festa numa praia de Porto Seguro para animar a galera.\" \/>\n<meta name=\"robots\" content=\"index, follow, max-snippet:-1, max-image-preview:large, max-video-preview:-1\" \/>\n<link rel=\"canonical\" href=\"https:\/\/quantocustaviajar.com\/blog\/spring-break-brasileiro\/\" \/>\n<meta property=\"og:locale\" content=\"pt_BR\" \/>\n<meta property=\"og:type\" content=\"article\" \/>\n<meta property=\"og:title\" content=\"Spring Break Brasileiro aposta em cinco dias de festa em Porto Seguro\" \/>\n<meta property=\"og:description\" content=\"O Spring Break Brasileiro se inspira nos norte americanos e aposta em cinco dias de festa numa praia de Porto Seguro para animar a galera.\" \/>\n<meta property=\"og:url\" content=\"https:\/\/quantocustaviajar.com\/blog\/spring-break-brasileiro\/\" \/>\n<meta property=\"og:site_name\" content=\"Blog Quanto Custa Viajar\" \/>\n<meta property=\"article:publisher\" content=\"https:\/\/www.facebook.com\/quantocustaviajar\" \/>\n<meta property=\"article:author\" content=\"https:\/\/www.facebook.com\/brunellapfvr\/posts\" \/>\n<meta property=\"article:published_time\" content=\"2018-03-20T16:50:07+00:00\" \/>\n<meta property=\"article:modified_time\" content=\"2018-04-13T23:44:45+00:00\" \/>\n<meta property=\"og:image\" content=\"https:\/\/quantocustaviajar.com\/blog\/wp-content\/uploads\/2018\/03\/spring-break-brasileiro.jpg\" \/>\n\t<meta property=\"og:image:width\" content=\"650\" \/>\n\t<meta property=\"og:image:height\" content=\"433\" \/>\n\t<meta property=\"og:image:type\" content=\"image\/jpeg\" \/>\n<meta name=\"author\" content=\"Brunella Nunes\" \/>\n<meta name=\"twitter:card\" content=\"summary_large_image\" \/>\n<meta name=\"twitter:label1\" content=\"Escrito por\" \/>\n\t<meta name=\"twitter:data1\" content=\"Brunella Nunes\" \/>\n\t<meta name=\"twitter:label2\" content=\"Est. tempo de leitura\" \/>\n\t<meta name=\"twitter:data2\" content=\"1 minuto\" \/>\n<!-- \/ Yoast SEO plugin. -->","yoast_head_json":{"title":"Spring Break Brasileiro aposta em cinco dias de festa em Porto Seguro","description":"O Spring Break Brasileiro se inspira nos norte americanos e aposta em cinco dias de festa numa praia de Porto Seguro para animar a galera.","robots":{"index":"index","follow":"follow","max-snippet":"max-snippet:-1","max-image-preview":"max-image-preview:large","max-video-preview":"max-video-preview:-1"},"canonical":"https:\/\/quantocustaviajar.com\/blog\/spring-break-brasileiro\/","og_locale":"pt_BR","og_type":"article","og_title":"Spring Break Brasileiro aposta em cinco dias de festa em Porto Seguro","og_description":"O Spring Break Brasileiro se inspira nos norte americanos e aposta em cinco dias de festa numa praia de Porto Seguro para animar a galera.","og_url":"https:\/\/quantocustaviajar.com\/blog\/spring-break-brasileiro\/","og_site_name":"Blog Quanto Custa Viajar","article_publisher":"https:\/\/www.facebook.com\/quantocustaviajar","article_author":"https:\/\/www.facebook.com\/brunellapfvr\/posts","article_published_time":"2018-03-20T16:50:07+00:00","article_modified_time":"2018-04-13T23:44:45+00:00","og_image":[{"width":650,"height":433,"url":"https:\/\/quantocustaviajar.com\/blog\/wp-content\/uploads\/2018\/03\/spring-break-brasileiro.jpg","type":"image\/jpeg"}],"author":"Brunella Nunes","twitter_card":"summary_large_image","twitter_misc":{"Escrito por":"Brunella Nunes","Est. tempo de leitura":"1 minuto"},"schema":{"@context":"https:\/\/schema.org","@graph":[{"@type":["Article","BlogPosting"],"@id":"https:\/\/quantocustaviajar.com\/blog\/spring-break-brasileiro\/#article","isPartOf":{"@id":"https:\/\/quantocustaviajar.com\/blog\/spring-break-brasileiro\/"},"author":{"name":"Brunella Nunes","@id":"https:\/\/quantocustaviajar.com\/blog\/#\/schema\/person\/1a6dd3da9d0c0a4be42652b67bea19bb"},"headline":"Spring Break Brasileiro aposta em cinco dias de festa numa praia de Porto Seguro","datePublished":"2018-03-20T16:50:07+00:00","dateModified":"2018-04-13T23:44:45+00:00","mainEntityOfPage":{"@id":"https:\/\/quantocustaviajar.com\/blog\/spring-break-brasileiro\/"},"wordCount":204,"commentCount":0,"publisher":{"@id":"https:\/\/quantocustaviajar.com\/blog\/#organization"},"image":{"@id":"https:\/\/quantocustaviajar.com\/blog\/spring-break-brasileiro\/#primaryimage"},"thumbnailUrl":"https:\/\/quantocustaviajar.com\/blog\/wp-content\/uploads\/2018\/03\/spring-break-brasileiro.jpg","keywords":["americadosul","amigas","Bahia","baladas","Brasil","feriado","festas","nordeste","pacotes","Porto Seguro","portoseguro","praias","recesso","semana do saco cheio","viagem com amigos"],"articleSection":["Artes, Cultura &amp; Divers\u00e3o"],"inLanguage":"pt-BR","potentialAction":[{"@type":"CommentAction","name":"Comment","target":["https:\/\/quantocustaviajar.com\/blog\/spring-break-brasileiro\/#respond"]}]},{"@type":"WebPage","@id":"https:\/\/quantocustaviajar.com\/blog\/spring-break-brasileiro\/","url":"https:\/\/quantocustaviajar.com\/blog\/spring-break-brasileiro\/","name":"Spring Break Brasileiro aposta em cinco dias de festa em Porto Seguro","isPartOf":{"@id":"https:\/\/quantocustaviajar.com\/blog\/#website"},"primaryImageOfPage":{"@id":"https:\/\/quantocustaviajar.com\/blog\/spring-break-brasileiro\/#primaryimage"},"image":{"@id":"https:\/\/quantocustaviajar.com\/blog\/spring-break-brasileiro\/#primaryimage"},"thumbnailUrl":"https:\/\/quantocustaviajar.com\/blog\/wp-content\/uploads\/2018\/03\/spring-break-brasileiro.jpg","datePublished":"2018-03-20T16:50:07+00:00","dateModified":"2018-04-13T23:44:45+00:00","description":"O Spring Break Brasileiro se inspira nos norte americanos e aposta em cinco dias de festa numa praia de Porto Seguro para animar a galera.","breadcrumb":{"@id":"https:\/\/quantocustaviajar.com\/blog\/spring-break-brasileiro\/#breadcrumb"},"inLanguage":"pt-BR","potentialAction":[{"@type":"ReadAction","target":["https:\/\/quantocustaviajar.com\/blog\/spring-break-brasileiro\/"]}]},{"@type":"ImageObject","inLanguage":"pt-BR","@id":"https:\/\/quantocustaviajar.com\/blog\/spring-break-brasileiro\/#primaryimage","url":"https:\/\/quantocustaviajar.com\/blog\/wp-content\/uploads\/2018\/03\/spring-break-brasileiro.jpg","contentUrl":"https:\/\/quantocustaviajar.com\/blog\/wp-content\/uploads\/2018\/03\/spring-break-brasileiro.jpg","width":650,"height":433},{"@type":"BreadcrumbList","@id":"https:\/\/quantocustaviajar.com\/blog\/spring-break-brasileiro\/#breadcrumb","itemListElement":[{"@type":"ListItem","position":1,"name":"In\u00edcio","item":"https:\/\/quantocustaviajar.com\/blog\/"},{"@type":"ListItem","position":2,"name":"Spring Break Brasileiro aposta em cinco dias de festa numa praia de Porto Seguro"}]},{"@type":"WebSite","@id":"https:\/\/quantocustaviajar.com\/blog\/#website","url":"https:\/\/quantocustaviajar.com\/blog\/","name":"Blog Quanto Custa Viajar","description":"","publisher":{"@id":"https:\/\/quantocustaviajar.com\/blog\/#organization"},"potentialAction":[{"@type":"SearchAction","target":{"@type":"EntryPoint","urlTemplate":"https:\/\/quantocustaviajar.com\/blog\/?s={search_term_string}"},"query-input":{"@type":"PropertyValueSpecification","valueRequired":true,"valueName":"search_term_string"}}],"inLanguage":"pt-BR"},{"@type":"Organization","@id":"https:\/\/quantocustaviajar.com\/blog\/#organization","name":"Quanto Custa Viajar","url":"https:\/\/quantocustaviajar.com\/blog\/","logo":{"@type":"ImageObject","inLanguage":"pt-BR","@id":"https:\/\/quantocustaviajar.com\/blog\/#\/schema\/logo\/image\/","url":"","contentUrl":"","caption":"Quanto Custa Viajar"},"image":{"@id":"https:\/\/quantocustaviajar.com\/blog\/#\/schema\/logo\/image\/"},"sameAs":["https:\/\/www.facebook.com\/quantocustaviajar"]},{"@type":"Person","@id":"https:\/\/quantocustaviajar.com\/blog\/#\/schema\/person\/1a6dd3da9d0c0a4be42652b67bea19bb","name":"Brunella Nunes","image":{"@type":"ImageObject","inLanguage":"pt-BR","@id":"https:\/\/quantocustaviajar.com\/blog\/#\/schema\/person\/image\/","url":"https:\/\/secure.gravatar.com\/avatar\/05b28dfb8a3cc7ee0dba6feefa5677f05be6d7bf4b017728fd38499092f9c282?s=96&d=mm&r=g","contentUrl":"https:\/\/secure.gravatar.com\/avatar\/05b28dfb8a3cc7ee0dba6feefa5677f05be6d7bf4b017728fd38499092f9c282?s=96&d=mm&r=g","caption":"Brunella Nunes"},"description":"Quando n\u00e3o est\u00e1 viajando pelo mundo, est\u00e1 viajando nas ideias.","sameAs":["https:\/\/www.facebook.com\/brunellapfvr\/posts","https:\/\/www.linkedin.com\/in\/brunellanunes\/"],"url":"https:\/\/quantocustaviajar.com\/blog\/author\/equipe\/"}]}},"_links":{"self":[{"href":"https:\/\/quantocustaviajar.com\/blog\/wp-json\/wp\/v2\/posts\/21371","targetHints":{"allow":["GET"]}}],"collection":[{"href":"https:\/\/quantocustaviajar.com\/blog\/wp-json\/wp\/v2\/posts"}],"about":[{"href":"https:\/\/quantocustaviajar.com\/blog\/wp-json\/wp\/v2\/types\/post"}],"author":[{"embeddable":true,"href":"https:\/\/quantocustaviajar.com\/blog\/wp-json\/wp\/v2\/users\/4"}],"replies":[{"embeddable":true,"href":"https:\/\/quantocustaviajar.com\/blog\/wp-json\/wp\/v2\/comments?post=21371"}],"version-history":[{"count":1,"href":"https:\/\/quantocustaviajar.com\/blog\/wp-json\/wp\/v2\/posts\/21371\/revisions"}],"predecessor-version":[{"id":22344,"href":"https:\/\/quantocustaviajar.com\/blog\/wp-json\/wp\/v2\/posts\/21371\/revisions\/22344"}],"wp:featuredmedia":[{"embeddable":true,"href":"https:\/\/quantocustaviajar.com\/blog\/wp-json\/wp\/v2\/media\/21336"}],"wp:attachment":[{"href":"https:\/\/quantocustaviajar.com\/blog\/wp-json\/wp\/v2\/media?parent=21371"}],"wp:term":[{"taxonomy":"category","embeddable":true,"href":"https:\/\/quantocustaviajar.com\/blog\/wp-json\/wp\/v2\/categories?post=21371"},{"taxonomy":"post_tag","embeddable":true,"href":"https:\/\/quantocustaviajar.com\/blog\/wp-json\/wp\/v2\/tags?post=21371"}],"curies":[{"name":"wp","href":"https:\/\/api.w.org\/{rel}","templated":true}]}}