{"id":21259,"date":"2024-02-03T11:32:00","date_gmt":"2024-02-03T11:32:00","guid":{"rendered":"https:\/\/quantocustaviajar.com\/blog\/?p=21259"},"modified":"2025-01-29T17:30:31","modified_gmt":"2025-01-29T17:30:31","slug":"cumuruxatiba-bahia","status":"publish","type":"post","link":"https:\/\/quantocustaviajar.com\/blog\/cumuruxatiba-bahia\/","title":{"rendered":"Conhe\u00e7a Cumuruxatiba, a primeira praia descoberta por Pedro \u00c1lvares Cabral na Bahia"},"content":{"rendered":"<p>A pequena vila de pescadores chamada de <strong>Cumuruxatiba<\/strong>, no sul da <strong>Bahia<\/strong>, foi a <strong>primeira praia descoberta<\/strong> por <strong>Pedro \u00c1lvares Cabral<\/strong> em 1.500, quando se encantou por este para\u00edso tropical chamado Brasil. Depois de muitos anos, hoje o local continua na Rota do Descobrimento, recebendo turistas de v\u00e1rias partes do mundo.<\/p><div id=\"ez-toc-container\" class=\"ez-toc-v2_0_76 ez-toc-wrap-left counter-hierarchy ez-toc-counter ez-toc-light-blue ez-toc-container-direction\">\n<div class=\"ez-toc-title-container\">\n<p class=\"ez-toc-title\" style=\"cursor:inherit\">Aqui voc\u00ea ir\u00e1 encontrar<\/p>\n<span class=\"ez-toc-title-toggle\"><a href=\"#\" class=\"ez-toc-pull-right ez-toc-btn ez-toc-btn-xs ez-toc-btn-default ez-toc-toggle\" aria-label=\"Alternar tabela de conte\u00fado\"><span class=\"ez-toc-js-icon-con\"><span class=\"\"><span class=\"eztoc-hide\" style=\"display:none;\">Toggle<\/span><span class=\"ez-toc-icon-toggle-span\"><svg style=\"fill: #999;color:#999\" xmlns=\"http:\/\/www.w3.org\/2000\/svg\" class=\"list-377408\" width=\"20px\" height=\"20px\" viewBox=\"0 0 24 24\" fill=\"none\"><path d=\"M6 6H4v2h2V6zm14 0H8v2h12V6zM4 11h2v2H4v-2zm16 0H8v2h12v-2zM4 16h2v2H4v-2zm16 0H8v2h12v-2z\" fill=\"currentColor\"><\/path><\/svg><svg style=\"fill: #999;color:#999\" class=\"arrow-unsorted-368013\" xmlns=\"http:\/\/www.w3.org\/2000\/svg\" width=\"10px\" height=\"10px\" viewBox=\"0 0 24 24\" version=\"1.2\" baseProfile=\"tiny\"><path d=\"M18.2 9.3l-6.2-6.3-6.2 6.3c-.2.2-.3.4-.3.7s.1.5.3.7c.2.2.4.3.7.3h11c.3 0 .5-.1.7-.3.2-.2.3-.5.3-.7s-.1-.5-.3-.7zM5.8 14.7l6.2 6.3 6.2-6.3c.2-.2.3-.5.3-.7s-.1-.5-.3-.7c-.2-.2-.4-.3-.7-.3h-11c-.3 0-.5.1-.7.3-.2.2-.3.5-.3.7s.1.5.3.7z\"\/><\/svg><\/span><\/span><\/span><\/a><\/span><\/div>\n<nav><ul class='ez-toc-list ez-toc-list-level-1 ' ><li class='ez-toc-page-1 ez-toc-heading-level-2'><a class=\"ez-toc-link ez-toc-heading-1\" href=\"https:\/\/quantocustaviajar.com\/blog\/cumuruxatiba-bahia\/#O_que_fazer_em_Cumuruxatiba\" >O que fazer em Cumuruxatiba<\/a><ul class='ez-toc-list-level-3' ><li class='ez-toc-heading-level-3'><a class=\"ez-toc-link ez-toc-heading-2\" href=\"https:\/\/quantocustaviajar.com\/blog\/cumuruxatiba-bahia\/#Pela_manha_cedinho%E2%80%A6_Travessia_de_bike_de_Cumuruxatiba_ate_Corumbau\" >Pela manh\u00e3 cedinho\u2026 Travessia de bike de Cumuruxatiba at\u00e9 Corumbau<\/a><\/li><li class='ez-toc-page-1 ez-toc-heading-level-3'><a class=\"ez-toc-link ez-toc-heading-3\" href=\"https:\/\/quantocustaviajar.com\/blog\/cumuruxatiba-bahia\/#Logo_depois_do_cafe_da_manha%E2%80%A6_Visita_ao_Monte_Pascoal\" >Logo depois do caf\u00e9 da manh\u00e3&#8230; Visita ao Monte Pascoal<\/a><ul class='ez-toc-list-level-4' ><li class='ez-toc-heading-level-4'><a class=\"ez-toc-link ez-toc-heading-4\" href=\"https:\/\/quantocustaviajar.com\/blog\/cumuruxatiba-bahia\/#Aqui_separamos_os_precos_de_acordo_com_as_trilhas\" >Aqui, separamos os pre\u00e7os de acordo com as trilhas:<\/a><\/li><\/ul><\/li><li class='ez-toc-page-1 ez-toc-heading-level-3'><a class=\"ez-toc-link ez-toc-heading-5\" href=\"https:\/\/quantocustaviajar.com\/blog\/cumuruxatiba-bahia\/#A_noite%E2%80%A6_Forro_nos_quiosques_da_praia\" >\u00c0 noite&#8230; Forr\u00f3 nos quiosques da praia<\/a><\/li><li class='ez-toc-page-1 ez-toc-heading-level-3'><a class=\"ez-toc-link ez-toc-heading-6\" href=\"https:\/\/quantocustaviajar.com\/blog\/cumuruxatiba-bahia\/#Para_passar_o_dia_Bate_e_volta_em_Caraiva\" >Para passar o dia: Bate e volta em Cara\u00edva<\/a><\/li><\/ul><\/li><li class='ez-toc-page-1 ez-toc-heading-level-2'><a class=\"ez-toc-link ez-toc-heading-7\" href=\"https:\/\/quantocustaviajar.com\/blog\/cumuruxatiba-bahia\/#Praias_para_visitar_em_Cumuruxatiba_e_se_conectar_com_a_natureza\" >Praias para visitar em Cumuruxatiba e se conectar com a natureza&nbsp;<\/a><ul class='ez-toc-list-level-3' ><li class='ez-toc-heading-level-3'><a class=\"ez-toc-link ez-toc-heading-8\" href=\"https:\/\/quantocustaviajar.com\/blog\/cumuruxatiba-bahia\/#Praia_do_Moreira\" >Praia do Moreira<\/a><\/li><li class='ez-toc-page-1 ez-toc-heading-level-3'><a class=\"ez-toc-link ez-toc-heading-9\" href=\"https:\/\/quantocustaviajar.com\/blog\/cumuruxatiba-bahia\/#Praia_do_Centro_ou_Praia_do_Pier\" >Praia do Centro ou Praia do P\u00eder<\/a><\/li><\/ul><\/li><li class='ez-toc-page-1 ez-toc-heading-level-2'><a class=\"ez-toc-link ez-toc-heading-10\" href=\"https:\/\/quantocustaviajar.com\/blog\/cumuruxatiba-bahia\/#Onde_comer\" >Onde comer<\/a><\/li><li class='ez-toc-page-1 ez-toc-heading-level-2'><a class=\"ez-toc-link ez-toc-heading-11\" href=\"https:\/\/quantocustaviajar.com\/blog\/cumuruxatiba-bahia\/#Como_chegar_em_Cumuruxatiba\" >Como chegar em Cumuruxatiba<\/a><ul class='ez-toc-list-level-4' ><li class='ez-toc-heading-level-4'><ul class='ez-toc-list-level-4' ><li class='ez-toc-heading-level-4'><a class=\"ez-toc-link ez-toc-heading-12\" href=\"https:\/\/quantocustaviajar.com\/blog\/cumuruxatiba-bahia\/#De_aviao\" >De avi\u00e3o<\/a><\/li><li class='ez-toc-page-1 ez-toc-heading-level-4'><a class=\"ez-toc-link ez-toc-heading-13\" href=\"https:\/\/quantocustaviajar.com\/blog\/cumuruxatiba-bahia\/#De_onibus\" >De \u00f4nibus<\/a><\/li><\/ul><\/li><\/ul><\/li><li class='ez-toc-page-1 ez-toc-heading-level-2'><a class=\"ez-toc-link ez-toc-heading-14\" href=\"https:\/\/quantocustaviajar.com\/blog\/cumuruxatiba-bahia\/#O_que_levar_na_mala_para_Cumuruxatiba\" >O que levar na mala para Cumuruxatiba<\/a><\/li><li class='ez-toc-page-1 ez-toc-heading-level-2'><a class=\"ez-toc-link ez-toc-heading-15\" href=\"https:\/\/quantocustaviajar.com\/blog\/cumuruxatiba-bahia\/#Onde_se_hospedar_em_Cumuruxatiba\" >Onde se hospedar em Cumuruxatiba<\/a><ul class='ez-toc-list-level-3' ><li class='ez-toc-heading-level-3'><a class=\"ez-toc-link ez-toc-heading-16\" href=\"https:\/\/quantocustaviajar.com\/blog\/cumuruxatiba-bahia\/#Pousada_Mayon\" >Pousada Mayon<\/a><\/li><li class='ez-toc-page-1 ez-toc-heading-level-3'><a class=\"ez-toc-link ez-toc-heading-17\" href=\"https:\/\/quantocustaviajar.com\/blog\/cumuruxatiba-bahia\/#Pousada_Azul\" >Pousada Azul<\/a><\/li><li class='ez-toc-page-1 ez-toc-heading-level-3'><a class=\"ez-toc-link ez-toc-heading-18\" href=\"https:\/\/quantocustaviajar.com\/blog\/cumuruxatiba-bahia\/#Chales_Caminho_do_Mar\" >Chal\u00e9s Caminho do Mar<\/a><\/li><li class='ez-toc-page-1 ez-toc-heading-level-3'><a class=\"ez-toc-link ez-toc-heading-19\" href=\"https:\/\/quantocustaviajar.com\/blog\/cumuruxatiba-bahia\/#Chales_Guigo\" >Chal\u00e9s Guig\u00f3<\/a><\/li><li class='ez-toc-page-1 ez-toc-heading-level-3'><a class=\"ez-toc-link ez-toc-heading-20\" href=\"https:\/\/quantocustaviajar.com\/blog\/cumuruxatiba-bahia\/#Hotel_Cumuruxatiba\" >Hotel Cumuruxatiba<\/a><\/li><li class='ez-toc-page-1 ez-toc-heading-level-3'><a class=\"ez-toc-link ez-toc-heading-21\" href=\"https:\/\/quantocustaviajar.com\/blog\/cumuruxatiba-bahia\/#Pousada_Boa_Sorte\" >Pousada Boa Sorte<\/a><\/li><li class='ez-toc-page-1 ez-toc-heading-level-3'><a class=\"ez-toc-link ez-toc-heading-22\" href=\"https:\/\/quantocustaviajar.com\/blog\/cumuruxatiba-bahia\/#Pousada_Areia_Preta\" >Pousada Areia Preta<\/a><\/li><\/ul><\/li><li class='ez-toc-page-1 ez-toc-heading-level-2'><a class=\"ez-toc-link ez-toc-heading-23\" href=\"https:\/\/quantocustaviajar.com\/blog\/cumuruxatiba-bahia\/#A_melhor_epoca_para_essa_viagem\" >A melhor \u00e9poca para essa viagem<\/a><\/li><\/ul><\/nav><\/div>\n\n<p>A cerca de 242 km de dist\u00e2ncia de <a href=\"http:\/\/quantocustaviajar.com\/brasil\/porto-seguro\" target=\"_blank\" rel=\"noopener noreferrer\"><strong>Porto Seguro<\/strong><\/a> estava Barra do Cahy, onde aconteceu o primeiro contato entre os \u00edndios Aimor\u00e9s e os portugueses, ou mais precisamente Nicolau Coelho, o matem\u00e1tico da esquadra de Cabral. P\u00f3s-per\u00edodo explorat\u00f3rio, o lugar passou por poucas transforma\u00e7\u00f5es de impacto, mantendo-se preservado por um bom tempo. Daquele tempo, o que sobrou \u00e9 a rota: d\u00e1 para <strong>refazer o percurso<\/strong> dos navegadores em passeios de escuna.<\/p>\n<p>Atualmente o balne\u00e1rio com pouco mais de 4 mil habitantes, dentro do munic\u00edpio de <strong>Prado<\/strong>, conta com uma infraestrutura maior para receber os visitantes, contando com pousadas, hot\u00e9is, restaurantes, dois supermercados, duas farm\u00e1cias, lojas e um posto de sa\u00fade. <strong>N\u00e3o h\u00e1 hospitais<\/strong>, embora existam muitos m\u00e9dicos que residam na regi\u00e3o e cumprem o papel de ajudar quem precisa.<\/p>\n<blockquote>\n<p><a href=\"https:\/\/quantocustaviajar.com\/blog\/lugares-imperdiveis-na-bahia\/\" target=\"_blank\" rel=\"noopener noreferrer\"><strong>Descubra mais lugares para conhecer na Bahia aqui!<\/strong><\/a><\/p>\n<\/blockquote>\n<p>Os atrativos naturais s\u00e3o o real motivo para arrancar suspiros de quem quer que pise em suas terras. Entre coqueiros e fal\u00e9sias, mangues e recifes de corais, est\u00e3o as praias mais conhecidas da regi\u00e3o: Ponta do Moreira, Barra do Cahy, Rio do Peixe, Japara Grande, Japara Mirim e Ponta do <a href=\"https:\/\/quantocustaviajar.com\/blog\/corumbau-guia\/\">Corumbau<\/a>, um dos destinos mais belos e isolados da Bahia, que conhecemos durante a <a href=\"https:\/\/quantocustaviajar.com\/blog\/caraiva-sul-da-bahia\/\" target=\"_blank\" rel=\"noopener noreferrer\">viagem para Cara\u00edva<\/a>. O p\u00fablico tamb\u00e9m segue com embarca\u00e7\u00f5es rumo ao avistamento de <strong>baleias Jubarte<\/strong>, que chegam em \u00e1guas brasileiras entre os meses de julho e outubro.<\/p>\n<figure id=\"attachment_51421\" aria-describedby=\"caption-attachment-51421\" style=\"width: 799px\" class=\"wp-caption aligncenter\"><img loading=\"lazy\" decoding=\"async\" class=\"wp-image-51421 size-full\" src=\"https:\/\/quantocustaviajar.com\/blog\/wp-content\/uploads\/2018\/05\/26207038957_d3ecd0620d_c.jpg\" alt=\"Cumuruxatiba\" width=\"799\" height=\"533\" srcset=\"https:\/\/quantocustaviajar.com\/blog\/wp-content\/uploads\/2018\/05\/26207038957_d3ecd0620d_c.jpg 799w, https:\/\/quantocustaviajar.com\/blog\/wp-content\/uploads\/2018\/05\/26207038957_d3ecd0620d_c-300x200.jpg 300w, https:\/\/quantocustaviajar.com\/blog\/wp-content\/uploads\/2018\/05\/26207038957_d3ecd0620d_c-768x512.jpg 768w\" sizes=\"auto, (max-width: 799px) 100vw, 799px\" \/><figcaption id=\"caption-attachment-51421\" class=\"wp-caption-text\">Foto: <a href=\"https:\/\/www.flickr.com\/photos\/mturdestinos\/26207038957\">M\u00e1rcio Filho &#8211; MTUR<\/a><\/figcaption><\/figure>\n\n\n<h2 class=\"wp-block-heading\"><span class=\"ez-toc-section\" id=\"O_que_fazer_em_Cumuruxatiba\"><\/span><strong>O que fazer em Cumuruxatiba<\/strong><span class=\"ez-toc-section-end\"><\/span><\/h2>\n\n\n\n<p>Se engana quem acha que s\u00f3 de praia vive o pequeno distrito de Cumuruxatiba. Claro,<strong> a natureza \u00e9 a principal atra\u00e7\u00e3o do local, <\/strong>mas aqui reservamos alguns outros passeios que voc\u00ea pode fazer com seu parceiro\/parceira ou mesmo com a fam\u00edlia toda.<\/p>\n\n\n\n<h3 class=\"wp-block-heading\"><span class=\"ez-toc-section\" id=\"Pela_manha_cedinho%E2%80%A6_Travessia_de_bike_de_Cumuruxatiba_ate_Corumbau\"><\/span><strong>Pela manh\u00e3 cedinho\u2026 Travessia de bike de Cumuruxatiba at\u00e9 Corumbau<\/strong><span class=\"ez-toc-section-end\"><\/span><\/h3>\n\n\n\n<p>Para quem gosta de se exercitar e aproveitar o nascer do sol j\u00e1 no pique, recomendamos que voc\u00ea alugue uma bike e se aventure pelo litoral. Saindo de Cumuruxatiba, voc\u00ea consegue ir at\u00e9 o distrito de Corumbau e voltar em 3 horas. \u00c9 preciso preparo f\u00edsico? Sim! Mas <strong>vale a pena pela paisagem<\/strong>, acredite.<\/p>\n\n\n\n<p>Ah, uma dica importante se voc\u00ea topar o passeio:<strong> verifique a t\u00e1bua de mar\u00e9 antes de ir.<\/strong> Isso \u00e9 bem importante para que n\u00e3o haja o risco da mar\u00e9 encher muito durante o seu percurso. Se voc\u00ea n\u00e3o encontrar na internet, nos bares, restaurantes e at\u00e9 na sua pousada \u00e9 poss\u00edvel encontrar um livreto com os hor\u00e1rios de mar\u00e9 seca e cheia. Aproveite para se programar!<\/p>\n\n\n\n<figure class=\"wp-block-image aligncenter\"><img loading=\"lazy\" decoding=\"async\" width=\"1024\" height=\"683\" src=\"https:\/\/quantocustaviajar.com\/blog\/wp-content\/uploads\/2021\/11\/Falesias_Hospedagem_em_Cumuruxatiba-1024x683.jpg\" alt=\"Cumuruxatiba\" class=\"wp-image-51312\" srcset=\"https:\/\/quantocustaviajar.com\/blog\/wp-content\/uploads\/2021\/11\/Falesias_Hospedagem_em_Cumuruxatiba-1024x683.jpg 1024w, https:\/\/quantocustaviajar.com\/blog\/wp-content\/uploads\/2021\/11\/Falesias_Hospedagem_em_Cumuruxatiba-300x200.jpg 300w, https:\/\/quantocustaviajar.com\/blog\/wp-content\/uploads\/2021\/11\/Falesias_Hospedagem_em_Cumuruxatiba-768x512.jpg 768w, https:\/\/quantocustaviajar.com\/blog\/wp-content\/uploads\/2021\/11\/Falesias_Hospedagem_em_Cumuruxatiba-1920x1280.jpg 1920w\" sizes=\"auto, (max-width: 1024px) 100vw, 1024px\" \/><figcaption>Foto: Wikimedia<\/figcaption><\/figure>\n\n\n\n<h3 class=\"wp-block-heading\"><span class=\"ez-toc-section\" id=\"Logo_depois_do_cafe_da_manha%E2%80%A6_Visita_ao_Monte_Pascoal\"><\/span><strong>Logo depois do caf\u00e9 da manh\u00e3&#8230; Visita ao Monte Pascoal<\/strong><span class=\"ez-toc-section-end\"><\/span><\/h3>\n\n\n\n<p>Seguindo pelo roteiro aventureiro, escolhemos o <strong>Parque Nacional e Hist\u00f3rico do Monte Pascoal<\/strong> &#8211; que \u00e9 tamb\u00e9m uma reserva ind\u00edgena Patax\u00f3 &#8211; como pr\u00f3ximo ponto de visita. O espa\u00e7o \u00e9 riqu\u00edssimo em hist\u00f3ria e conta com uma bela natureza preservada da Mata Atl\u00e2ntica. L\u00e1, voc\u00ea vai encontrar a praia da Aldeia de Barra Velha, as florestas de restinga e o mangue, al\u00e9m das praias fluviais dos rios <a href=\"https:\/\/quantocustaviajar.com\/blog\/caraiva-sul-da-bahia\/\">Cara\u00edva<\/a> e Corumbau.<\/p>\n\n\n\n<p>Recomendamos que voc\u00ea v\u00e1 at\u00e9 Corumbau de carro e pegue uma balsa para atravessar o rio Corumbau. Aqui, \u00e9 interessante que voc\u00ea v\u00e1 na mar\u00e9 cheia. Mas para conseguir fazer a trilha at\u00e9 o <strong>Monte Pascoal<\/strong>, \u00e9 necess\u00e1rio que voc\u00ea v\u00e1 at\u00e9 Itamaraju. A entrada fica na BR-101 e tem uma placa indicativa, mostrando a portaria do Parque &#8211; que \u00e9 para onde voc\u00ea deve se dirigir para conseguir a trilha.<\/p>\n\n\n\n<h4 class=\"wp-block-heading\"><span class=\"ez-toc-section\" id=\"Aqui_separamos_os_precos_de_acordo_com_as_trilhas\"><\/span>Aqui, separamos os pre\u00e7os de acordo com as trilhas:<span class=\"ez-toc-section-end\"><\/span><\/h4>\n\n\n\n<ul class=\"wp-block-list\"><li>Trilha Juerana\/ C\u00e9u Azul: R$40,00<\/li><li>Trilha do Monte Pascoal: R$50,00<\/li><li>Trilha Jequitib\u00e1 \/ Lugar Sagrado \/ C\u00e9u Azul: R$50,00<\/li><\/ul>\n\n\n\n<h3 class=\"wp-block-heading\"><span class=\"ez-toc-section\" id=\"A_noite%E2%80%A6_Forro_nos_quiosques_da_praia\"><\/span><strong>\u00c0 noite&#8230; Forr\u00f3 nos quiosques da praia<\/strong><span class=\"ez-toc-section-end\"><\/span><\/h3>\n\n\n\n<p>Vista uma roupa confort\u00e1vel e fresca e v\u00e1 at\u00e9 um dos quiosques da praia. L\u00e1, \u00e9 poss\u00edvel curtir um bom forr\u00f3 at\u00e9 o dia amanhecer! Durante a semana, voc\u00ea vai encontrar outros ritmos musicais tamb\u00e9m. Basta se informar com os locais para ficar por dentro das programa\u00e7\u00f5es.<\/p>\n\n\n\n<h3 class=\"wp-block-heading\"><span class=\"ez-toc-section\" id=\"Para_passar_o_dia_Bate_e_volta_em_Caraiva\"><\/span><strong>Para passar o dia: Bate e volta em Cara\u00edva<\/strong><span class=\"ez-toc-section-end\"><\/span><\/h3>\n\n\n\n<p>Se o tempo passa mais devagar em Cumuruxatiba, aproveite para visitar Cara\u00edva. Vale a pena visitar com calma esse destino e conhecer a regi\u00e3o badalada. Para chegar l\u00e1, \u00e9 necess\u00e1rio ir at\u00e9 Corumbau e de l\u00e1 pegar uma balsa para atravessar o rio. Depois, voc\u00ea deve pegar um buggy que vai at\u00e9 <a href=\"https:\/\/quantocustaviajar.com\/blog\/caraiva-sul-da-bahia\/\" target=\"_blank\" rel=\"noreferrer noopener\" aria-label=\"Cara\u00edva (abre numa nova aba)\"><strong>Cara\u00edva<\/strong><\/a> em apenas 20 minutos.<\/p>\n\n\n\n<p>Mas e a\u00ed? Quanto tempo ficar nesse para\u00edso? A\u00ed j\u00e1 \u00e9 com voc\u00ea!<\/p>\n\n\n\n<h2 class=\"wp-block-heading\"><span class=\"ez-toc-section\" id=\"Praias_para_visitar_em_Cumuruxatiba_e_se_conectar_com_a_natureza\"><\/span><strong>Praias para visitar em Cumuruxatiba e se conectar com a natureza&nbsp;<\/strong><span class=\"ez-toc-section-end\"><\/span><\/h2>\n\n\n\n<h3 class=\"wp-block-heading\"><span class=\"ez-toc-section\" id=\"Praia_do_Moreira\"><\/span><strong>Praia do Moreira<\/strong><span class=\"ez-toc-section-end\"><\/span><\/h3>\n\n\n\n<p>Se voc\u00ea busca uma praia deserta, a <strong>Praia do Moreira<\/strong> \u00e9 ideal. Coqueiros e amendoeiras cercam um mar de \u00e1gua calma e quentinha: a receita certa para o relaxamento. L\u00e1, voc\u00ea n\u00e3o vai encontrar nenhum quiosque &#8211; e se der sorte, n\u00e3o vai encontrar mais ningu\u00e9m. \u00c9 ideal para quem quer se isolar, ler um livro, meditar ou simplesmente contemplar a natureza, sozinho ou com a fam\u00edlia.<\/p>\n\n\n\n<h3 class=\"wp-block-heading\"><span class=\"ez-toc-section\" id=\"Praia_do_Centro_ou_Praia_do_Pier\"><\/span><strong>Praia do Centro ou Praia do P\u00eder<\/strong><span class=\"ez-toc-section-end\"><\/span><\/h3>\n\n\n\n<p>A Praia do Centro, tamb\u00e9m conhecida como <strong>Praia do Pier<\/strong>, j\u00e1 \u00e9 mais movimentada. L\u00e1, voc\u00ea vai encontrar quiosques, bares, restaurantes e lojinhas nos arredores. Mas calma: esse movimento todo n\u00e3o se compara \u00e0s praias urbanas que conhecemos.<\/p>\n\n\n\n<p>A extensa faixa de areia d\u00e1 espa\u00e7o para todos, e ela nunca est\u00e1 100% lotada. A \u00e1gua \u00e9 calma, ent\u00e3o \u00e9 \u00f3tima para quem quer ficar de molho com as crian\u00e7as. Com certeza voc\u00ea e sua fam\u00edlia v\u00e3o amar!<\/p>\n\n\n<p>Os windsurfers encontram mar favor\u00e1vel o tempo todo, sem ondas, com ventos&nbsp;que sopram especialmente nos recifes de Coroa e de Pataxos, um dos principais pontos para mergulho. <strong>\u00c9 em Cumuruxatiba que dizem ter o segundo maior pier do mundo em extens\u00e3o<\/strong>, com 600 metros de comprimento, resultado da pesca&nbsp;de peixes, camar\u00f5es e lagostas, um dos principais recursos econ\u00f4micos dos moradores.<\/p>\n<p>E tudo isso vai parar na mesa, \u00e9 claro. A gastronomia \u00e9 rica em sabores t\u00edpicos do Nordeste, como a moqueca de camar\u00e3o, vatap\u00e1 com caruru, acaraj\u00e9 e por\u00e7\u00f5es diversas. Para englobar diversos gostos, tamb\u00e9m \u00e9 poss\u00edvel encontrar&nbsp;paella valenciana, fil\u00e9 mignon e outros pratos que se inspiram na culin\u00e1ria internacional.<\/p>\n\n\n<h2 class=\"wp-block-heading\"><span class=\"ez-toc-section\" id=\"Onde_comer\"><\/span><strong>Onde comer<\/strong><span class=\"ez-toc-section-end\"><\/span><\/h2>\n\n\n\n<p>Se voc\u00ea \u00e9 daquelas pessoas que viaja para descobrir a gastronomia local, Cumuruxatiba n\u00e3o vai decepcionar! Aqui, separamos alguns restaurantes que valem a visita:<\/p>\n\n\n\n<p><strong>Para almo\u00e7o:<\/strong> Restaurante Hermes<\/p>\n\n\n\n<p><strong>Para quem n\u00e3o abre m\u00e3o de uma boa moqueca:<\/strong> Restaurante Cores e Sabores<\/p>\n\n\n\n<p><strong>Para quem quer um self-service: <\/strong>Restaurante Peixin: comida a quilo bem gostosinha!<\/p>\n\n\n\n<p><strong>Para quem quer um a\u00e7a\u00ed no lanche: <\/strong>Sabor Gelado<\/p>\n\n\n\n<p><strong>Para quem quer turistar \u00e0 noite: <\/strong>Todas as barracas na pracinha. L\u00e1, voc\u00ea vai provar tapioca e acaraj\u00e9, tomando uma cervejinha ou bons drinks. <\/p>\n\n\n\n<h2 class=\"wp-block-heading\"><span class=\"ez-toc-section\" id=\"Como_chegar_em_Cumuruxatiba\"><\/span><strong>Como chegar em Cumuruxatiba<\/strong><span class=\"ez-toc-section-end\"><\/span><\/h2>\n\n\n\n<h4 class=\"wp-block-heading\"><span class=\"ez-toc-section\" id=\"De_aviao\"><\/span><strong>De avi\u00e3o<\/strong><span class=\"ez-toc-section-end\"><\/span><\/h4>\n\n\n\n<p>Saindo do Rio de Janeiro ou de S\u00e3o Paulo, s\u00e3o cerca de <strong>3h30 de viagem.<\/strong> O Aeroporto mais pr\u00f3ximo da cidade fica em Teixeira de Freitas. Por isso, \u00e9 necess\u00e1rio <strong>seguir de carro por cerca de 2h <\/strong>pela BA-290 e depois pegar a BA-001 em Alcoba\u00e7a, sentido Prado.&nbsp;<\/p>\n\n\n\n<p>Ao chegar em Prado, n\u00e3o siga pela BA-0001. Prefira a BA-489 sentido Itamaraju. Existe uma estrada vicinal (com placa indicativa para Cumuruxatiba) que \u00e9 mais bem conservada.<\/p>\n\n\n\n<blockquote class=\"wp-block-quote is-layout-flow wp-block-quote-is-layout-flow\"><p><a href=\"https:\/\/www.turismocity.com.br\/passagens-aereas-para-SSA-Salvador?from=SAO&amp;utm_source=qcv&amp;utm_medium=blog\" target=\"_blank\" rel=\"noreferrer noopener\">Encontre aqui uma passagem barata direto para Salvador e aproveite tudo o que a Bahia pode oferecer!<\/a><\/p><\/blockquote>\n\n\n\n<h4 class=\"wp-block-heading\"><span class=\"ez-toc-section\" id=\"De_onibus\"><\/span><strong>De \u00f4nibus<\/strong><span class=\"ez-toc-section-end\"><\/span><\/h4>\n\n\n\n<p>Saindo do Rio de Janeiro, voc\u00ea precisa ir at\u00e9 Itamaraju e fazer uma conex\u00e3o para Cumuruxatiba. A viagem leva cerca de 20 horas e tem uma baldea\u00e7\u00e3o em Vit\u00f3ria (ES). Se voc\u00ea vai sair de S\u00e3o Paulo, \u00e9 poss\u00edvel ir tamb\u00e9m via Itamaraju. S\u00e3o <strong>30 horas de viagem<\/strong>, com baldea\u00e7\u00e3o em Vit\u00f3ria\/ES. <strong><a href=\"https:\/\/www.turismocity.com.br\/onibus\" target=\"_blank\" rel=\"noreferrer noopener\">Pesquise aqui sua passagem de \u00f4nibus.<\/a><\/strong><\/p>\n\n\n\n<p>Existe a possibilidade de viajar de carro, principalmente se voc\u00ea estiver saindo de Vit\u00f3ria. Mas n\u00e3o recomendamos\u2026 A viagem dura cerca de 8 horas e \u00e9 bastante cansativa, mesmo se voc\u00ea estiver dividindo o volante com algu\u00e9m e j\u00e1 com uma hospedagem em Cumuruxatiba garantida. Aproveite que a viagem \u00e9 a passeio e curta do in\u00edcio at\u00e9 o fim sem se preocupar com esses detalhes.<\/p>\n\n\n\n<iframe src=\"https:\/\/www.google.com\/maps\/embed?pb=!1m19!1m8!1m3!1d281902.04612102866!2d-39.23181281334513!3d-17.148512232597472!3m2!1i1024!2i768!4f13.1!4m8!3e0!4m0!4m5!1s0x7344fcf910a856b%3A0x60d7e073754e63f3!2sCumuruxatiba%2C%20Prado%20-%20BA!3m2!1d-17.1067377!2d-39.1813492!5e0!3m2!1spt-BR!2sbr!4v1637190059327!5m2!1spt-BR!2sbr\" width=\"600\" height=\"450\" style=\"border:0;\" allowfullscreen=\"\" loading=\"lazy\"><\/iframe>\n\n\n<p>Voc\u00ea tamb\u00e9m pode <a href=\"https:\/\/www.turismocity.com.br\/passagens-aereas-para-BPS-Porto_Seguro?from=SAO&amp;utm_source=qcv&amp;utm_medium=blog\" target=\"_blank\" rel=\"noopener\"><strong>pegar uma avi\u00e3o at\u00e9 Porto Seguro<\/strong><\/a>, de l\u00e1 s\u00e3o 4h de estrada at\u00e9 Cumuruxatiba<\/p>\n<p><!-- \/wp:post-content --><\/p>\n<p><!-- wp:heading --><\/p>\n<h2><span class=\"ez-toc-section\" id=\"O_que_levar_na_mala_para_Cumuruxatiba\"><\/span>O que levar na mala para Cumuruxatiba<span class=\"ez-toc-section-end\"><\/span><\/h2>\n<p><!-- \/wp:heading --><\/p>\n<p><!-- wp:list --><\/p>\n<ul>\n<li>Roupas confort\u00e1veis, leves e um bom par de t\u00eanis para o passeio de bike e trilhas;<\/li>\n<li>Protetor solar \u00e9 indispens\u00e1vel;<\/li>\n<li>Al\u00e9m das roupas de banho, separe tamb\u00e9m aquela roupa mais ajeitadinha, por\u00e9m bem confort\u00e1vel, para passeios mais caprichados;<\/li>\n<li>Roupas leves que n\u00e3o absorvam calor para usar durante o dia;<\/li>\n<li>\u00d3culos de sol e chap\u00e9u\/bon\u00e9 para maior prote\u00e7\u00e3o;<\/li>\n<li>Repelente, principalmente para os al\u00e9rgicos \u00e0 insetos;<\/li>\n<li>Uma garrafinha de \u00e1gua para ench\u00ea-la durante a viagem te ajudar\u00e1 a economizar bastante.<\/li>\n<\/ul>\n<p><!-- \/wp:list --><\/p>\n<p><!-- wp:heading --><\/p>\n<h2><span class=\"ez-toc-section\" id=\"Onde_se_hospedar_em_Cumuruxatiba\"><\/span>Onde se hospedar em Cumuruxatiba<span class=\"ez-toc-section-end\"><\/span><\/h2>\n<p><!-- \/wp:heading --><\/p>\n<p><!-- wp:paragraph --><\/p>\n<p>Em Cumuruxatiba h\u00e1 diferentes tipos de hospedagens, que se encaixam perfeitamente \u00e0 in\u00fameros or\u00e7amentos &#8211; das estruturas mais sofisticadas \u00e0 simplicidade aconchegante. Confira algumas das op\u00e7\u00f5es:<\/p>\n<p><!-- \/wp:paragraph --><\/p>\n<p><!-- wp:heading {\"level\":3} --><\/p>\n<h3><span class=\"ez-toc-section\" id=\"Pousada_Mayon\"><\/span><a href=\"https:\/\/www.booking.com\/hotel\/br\/cumuruxatiba-lodge.pt-br.html?aid=2161834&amp;sid=575dfe3a4e7f52562b47d6eaa258bbf8&amp;all_sr_blocks=154255011_363205645_2_1_0;checkin=2024-01-06;checkout=2024-01-13;dest_id=-639417;dest_type=city;dist=0;group_adults=2;group_children=0;hapos=22;highlighted_blocks=154255011_363205645_2_1_0;hpos=22;matching_block_id=154255011_363205645_2_1_0;no_rooms=1;req_adults=2;req_children=0;room1=A%2CA;sb_price_type=total;sr_order=popularity;sr_pri_blocks=154255011_363205645_2_1_0__547400;srepoch=1692889234;srpvid=418769869e7d01ee;type=total;ucfs=1&amp;#hotelTmpl\" target=\"_blank\" rel=\"noreferrer noopener\">Pousada Mayon<\/a><span class=\"ez-toc-section-end\"><\/span><\/h3>\n<p><!-- \/wp:heading --><\/p>\n<p><!-- wp:image {\"id\":60733,\"sizeSlug\":\"full\",\"linkDestination\":\"media\"} --><\/p>\n<figure class=\"wp-block-image size-full\"><img loading=\"lazy\" decoding=\"async\" class=\"aligncenter wp-image-60733\" src=\"https:\/\/quantocustaviajar.com\/blog\/wp-content\/uploads\/2023\/08\/cumuruxatiba-10.jpg\" alt=\"Cumuruxatiba\" width=\"900\" height=\"900\" srcset=\"https:\/\/quantocustaviajar.com\/blog\/wp-content\/uploads\/2023\/08\/cumuruxatiba-10.jpg 900w, https:\/\/quantocustaviajar.com\/blog\/wp-content\/uploads\/2023\/08\/cumuruxatiba-10-300x300.jpg 300w, https:\/\/quantocustaviajar.com\/blog\/wp-content\/uploads\/2023\/08\/cumuruxatiba-10-150x150.jpg 150w, https:\/\/quantocustaviajar.com\/blog\/wp-content\/uploads\/2023\/08\/cumuruxatiba-10-768x768.jpg 768w\" sizes=\"auto, (max-width: 900px) 100vw, 900px\" \/><figcaption>Foto: <a href=\"https:\/\/www.booking.com\/hotel\/br\/cumuruxatiba-lodge.pt-br.html?aid=2161834&amp;sid=575dfe3a4e7f52562b47d6eaa258bbf8&amp;all_sr_blocks=154255011_363205645_2_1_0&amp;checkin=2024-01-06&amp;checkout=2024-01-13&amp;dest_id=-639417&amp;dest_type=city&amp;dist=0&amp;group_adults=2&amp;group_children=0&amp;hapos=22&amp;highlighted_blocks=154255011_363205645_2_1_0&amp;hpos=22&amp;matching_block_id=154255011_363205645_2_1_0&amp;no_rooms=1&amp;req_adults=2&amp;req_children=0&amp;room1=A%2CA&amp;sb_price_type=total&amp;sr_order=popularity&amp;sr_pri_blocks=154255011_363205645_2_1_0__547400&amp;srepoch=1692889234&amp;srpvid=418769869e7d01ee&amp;type=total&amp;ucfs=1&amp;activeTab=photosGallery\" target=\"_blank\" rel=\"noreferrer noopener\">Booking <\/a><\/figcaption><\/figure>\n<p><!-- \/wp:image --><\/p>\n<p><!-- wp:paragraph --><\/p>\n<p>Quem passou por essa hospedagem garante: al\u00e9m do \u00f3timo atendimento, a localiza\u00e7\u00e3o em uma praia linda e quase isolada foram o diferencial da pousada. Conte com caf\u00e9 da manh\u00e3 continental inclu\u00eddo na di\u00e1ria, piscina ao ar livre, um belo jardim e uma linda vista para a Praia do Rio do Peixe Grande.<\/p>\n<p><!-- \/wp:paragraph --><\/p>\n<p><!-- wp:heading {\"level\":3} --><\/p>\n<h3><span class=\"ez-toc-section\" id=\"Pousada_Azul\"><\/span><a href=\"https:\/\/www.booking.com\/hotel\/br\/chale-azul.pt-br.html?aid=2161834&amp;sid=575dfe3a4e7f52562b47d6eaa258bbf8&amp;all_sr_blocks=204327507_335389634_6_1_0;checkin=2024-01-06;checkout=2024-01-13;dest_id=-639417;dest_type=city;dist=0;group_adults=2;group_children=0;hapos=9;highlighted_blocks=204327507_335389634_6_1_0;hpos=9;matching_block_id=204327507_335389634_6_1_0;no_rooms=1;req_adults=2;req_children=0;room1=A%2CA;sb_price_type=total;sr_order=popularity;sr_pri_blocks=204327507_335389634_6_1_0__1050000;srepoch=1692889234;srpvid=418769869e7d01ee;type=total;ucfs=1&amp;#hotelTmpl\" target=\"_blank\" rel=\"noreferrer noopener\">Pousada Azul<\/a><span class=\"ez-toc-section-end\"><\/span><\/h3>\n<p><!-- \/wp:heading --><\/p>\n<p><!-- wp:image {\"id\":60734,\"sizeSlug\":\"large\",\"linkDestination\":\"media\"} --><\/p>\n<figure class=\"wp-block-image size-large\"><img loading=\"lazy\" decoding=\"async\" class=\"aligncenter wp-image-60734\" src=\"https:\/\/quantocustaviajar.com\/blog\/wp-content\/uploads\/2023\/08\/cumuruxatiba-11-1024x576.jpg\" alt=\"Cumuruxatiba\" width=\"1024\" height=\"576\" srcset=\"https:\/\/quantocustaviajar.com\/blog\/wp-content\/uploads\/2023\/08\/cumuruxatiba-11-1024x576.jpg 1024w, https:\/\/quantocustaviajar.com\/blog\/wp-content\/uploads\/2023\/08\/cumuruxatiba-11-300x169.jpg 300w, https:\/\/quantocustaviajar.com\/blog\/wp-content\/uploads\/2023\/08\/cumuruxatiba-11-768x432.jpg 768w, https:\/\/quantocustaviajar.com\/blog\/wp-content\/uploads\/2023\/08\/cumuruxatiba-11.jpg 1280w\" sizes=\"auto, (max-width: 1024px) 100vw, 1024px\" \/><p><\/p>\n<p><span style=\"color: initial;\">Foto: <\/span><a href=\"https:\/\/www.booking.com\/hotel\/br\/chale-azul.pt-br.html?aid=2161834&amp;sid=575dfe3a4e7f52562b47d6eaa258bbf8&amp;all_sr_blocks=204327507_335389634_6_1_0&amp;checkin=2024-01-06&amp;checkout=2024-01-13&amp;dest_id=-639417&amp;dest_type=city&amp;dist=0&amp;group_adults=2&amp;group_children=0&amp;hapos=9&amp;highlighted_blocks=204327507_335389634_6_1_0&amp;hpos=9&amp;matching_block_id=204327507_335389634_6_1_0&amp;no_rooms=1&amp;req_adults=2&amp;req_children=0&amp;room1=A%2CA&amp;sb_price_type=total&amp;sr_order=popularity&amp;sr_pri_blocks=204327507_335389634_6_1_0__1050000&amp;srepoch=1692889234&amp;srpvid=418769869e7d01ee&amp;type=total&amp;ucfs=1&amp;activeTab=photosGallery\" target=\"_blank\" rel=\"noreferrer noopener\">Booking<\/a><\/p>\n<\/figure>\n<p><!-- \/wp:image --><\/p>\n<p><!-- wp:paragraph --><\/p>\n<p>Ainda no quesito &#8220;vista paradis\u00edaca&#8221; e &#8220;caf\u00e9 da manh\u00e3 incluso na di\u00e1ria&#8221;, a Pousada Azul \u00e9 uma op\u00e7\u00e3o mais do que convidativa. O local ainda oferece passeios ou aulas sobre a cultura local, quartos para fam\u00edlias, terra\u00e7o com vista para o mar, estacionamento e wi-fi gratuito, e seu pet \u00e9 mais do que bem vindo.<\/p>\n<p><!-- \/wp:paragraph --><\/p>\n<p><!-- wp:heading {\"level\":3} --><\/p>\n<h3><span class=\"ez-toc-section\" id=\"Chales_Caminho_do_Mar\"><\/span><a href=\"https:\/\/www.booking.com\/hotel\/br\/chales-caminho-do-mar-cumuruxatiba-cumuruxatiba.pt-br.html?aid=2161834&amp;sid=575dfe3a4e7f52562b47d6eaa258bbf8&amp;all_sr_blocks=1021834501_374685730_7_0_0;checkin=2024-01-06;checkout=2024-01-13;dest_id=-639417;dest_type=city;dist=0;group_adults=2;group_children=0;hapos=10;highlighted_blocks=1021834501_374685730_7_0_0;hpos=10;matching_block_id=1021834501_374685730_7_0_0;no_rooms=1;req_adults=2;req_children=0;room1=A%2CA;sb_price_type=total;sr_order=popularity;sr_pri_blocks=1021834501_374685730_7_0_0__579400;srepoch=1692889234;srpvid=418769869e7d01ee;type=total;ucfs=1&amp;#hotelTmpl\" target=\"_blank\" rel=\"noreferrer noopener\">Chal\u00e9s Caminho do Mar<\/a><span class=\"ez-toc-section-end\"><\/span><\/h3>\n<p><!-- \/wp:heading --><\/p>\n<p><!-- wp:image {\"id\":60735,\"sizeSlug\":\"large\",\"linkDestination\":\"media\"} --><\/p>\n<figure class=\"wp-block-image size-large\"><img loading=\"lazy\" decoding=\"async\" class=\"aligncenter wp-image-60735\" src=\"https:\/\/quantocustaviajar.com\/blog\/wp-content\/uploads\/2023\/08\/cumuruxatiba-12-1024x768.jpg\" alt=\"Cumuruxatiba\" width=\"1024\" height=\"768\" srcset=\"https:\/\/quantocustaviajar.com\/blog\/wp-content\/uploads\/2023\/08\/cumuruxatiba-12-1024x768.jpg 1024w, https:\/\/quantocustaviajar.com\/blog\/wp-content\/uploads\/2023\/08\/cumuruxatiba-12-300x225.jpg 300w, https:\/\/quantocustaviajar.com\/blog\/wp-content\/uploads\/2023\/08\/cumuruxatiba-12-768x576.jpg 768w, https:\/\/quantocustaviajar.com\/blog\/wp-content\/uploads\/2023\/08\/cumuruxatiba-12.jpg 1200w\" sizes=\"auto, (max-width: 1024px) 100vw, 1024px\" \/><p><\/p>\n<p><span style=\"color: initial;\">Foto: <\/span><a href=\"https:\/\/www.booking.com\/hotel\/br\/chales-caminho-do-mar-cumuruxatiba-cumuruxatiba.pt-br.html?aid=2161834&amp;sid=575dfe3a4e7f52562b47d6eaa258bbf8&amp;all_sr_blocks=1021834501_374685730_7_0_0&amp;checkin=2024-01-06&amp;checkout=2024-01-13&amp;dest_id=-639417&amp;dest_type=city&amp;dist=0&amp;group_adults=2&amp;group_children=0&amp;hapos=10&amp;highlighted_blocks=1021834501_374685730_7_0_0&amp;hpos=10&amp;matching_block_id=1021834501_374685730_7_0_0&amp;no_rooms=1&amp;req_adults=2&amp;req_children=0&amp;room1=A%2CA&amp;sb_price_type=total&amp;sr_order=popularity&amp;sr_pri_blocks=1021834501_374685730_7_0_0__579400&amp;srepoch=1692889234&amp;srpvid=418769869e7d01ee&amp;type=total&amp;ucfs=1&amp;activeTab=photosGallery\" target=\"_blank\" rel=\"noreferrer noopener\">Booking<\/a><\/p>\n<\/figure>\n<p><!-- \/wp:image --><\/p>\n<p><!-- wp:paragraph --><\/p>\n<p>A poucos passos da Praia de Cumuruxatiba, este conjunto de chal\u00e9s \u00e9 perfeito para quem busca p\u00e9 na areia e conforto. Com vista para o mar, ar condicionado e estrutura completa (sala, quarto e cozinha equipada), o local ainda \u00e9 pet friendly e est\u00e1 a 1,2 km da Praia do Rio do Peixe Grande. Todas as refei\u00e7\u00f5es s\u00e3o por sua conta, ok?<\/p>\n<p><!-- \/wp:paragraph --><\/p>\n<p><!-- wp:heading {\"level\":3} --><\/p>\n<h3><span class=\"ez-toc-section\" id=\"Chales_Guigo\"><\/span><a href=\"https:\/\/www.booking.com\/hotel\/br\/chales-guigo-cumuruxatiba-prado12.pt-br.html?aid=2161834&amp;sid=575dfe3a4e7f52562b47d6eaa258bbf8&amp;all_sr_blocks=817349301_360781055_0_0_0&amp;checkin=2024-01-06&amp;checkout=2024-01-13&amp;dest_id=-639417&amp;dest_type=city&amp;dist=0&amp;group_adults=2&amp;group_children=0&amp;hapos=6&amp;highlighted_blocks=817349301_360781055_0_0_0&amp;hpos=6&amp;matching_block_id=817349301_360781055_0_0_0&amp;no_rooms=1&amp;req_adults=2&amp;req_children=0&amp;room1=A%2CA&amp;sb_price_type=total&amp;sr_order=popularity&amp;sr_pri_blocks=817349301_360781055_0_0_0__263200&amp;srepoch=1692889234&amp;srpvid=418769869e7d01ee&amp;type=total&amp;ucfs=1&amp;activeTab=main\" target=\"_blank\" rel=\"noreferrer noopener\">Chal\u00e9s Guig\u00f3<\/a><span class=\"ez-toc-section-end\"><\/span><\/h3>\n<p><!-- \/wp:heading --><\/p>\n<p><!-- wp:image {\"id\":60736,\"sizeSlug\":\"large\",\"linkDestination\":\"media\"} --><\/p>\n<figure class=\"wp-block-image size-large\"><img loading=\"lazy\" decoding=\"async\" width=\"1024\" height=\"768\" class=\"wp-image-60736 aligncenter\" src=\"https:\/\/quantocustaviajar.com\/blog\/wp-content\/uploads\/2023\/08\/cumuruxatiba-13-1024x768.jpg\" alt=\"\" srcset=\"https:\/\/quantocustaviajar.com\/blog\/wp-content\/uploads\/2023\/08\/cumuruxatiba-13-1024x768.jpg 1024w, https:\/\/quantocustaviajar.com\/blog\/wp-content\/uploads\/2023\/08\/cumuruxatiba-13-300x225.jpg 300w, https:\/\/quantocustaviajar.com\/blog\/wp-content\/uploads\/2023\/08\/cumuruxatiba-13-768x576.jpg 768w, https:\/\/quantocustaviajar.com\/blog\/wp-content\/uploads\/2023\/08\/cumuruxatiba-13.jpg 1200w\" sizes=\"auto, (max-width: 1024px) 100vw, 1024px\" \/><p><\/p>\n<p><span style=\"color: initial;\">Foto: <\/span><a href=\"https:\/\/www.booking.com\/hotel\/br\/chales-guigo-cumuruxatiba-prado12.pt-br.html?aid=2161834&amp;sid=575dfe3a4e7f52562b47d6eaa258bbf8&amp;all_sr_blocks=817349301_360781055_0_0_0&amp;checkin=2024-01-06&amp;checkout=2024-01-13&amp;dest_id=-639417&amp;dest_type=city&amp;dist=0&amp;group_adults=2&amp;group_children=0&amp;hapos=6&amp;highlighted_blocks=817349301_360781055_0_0_0&amp;hpos=6&amp;matching_block_id=817349301_360781055_0_0_0&amp;no_rooms=1&amp;req_adults=2&amp;req_children=0&amp;room1=A%2CA&amp;sb_price_type=total&amp;sr_order=popularity&amp;sr_pri_blocks=817349301_360781055_0_0_0__263200&amp;srepoch=1692889234&amp;srpvid=418769869e7d01ee&amp;type=total&amp;ucfs=1&amp;activeTab=photosGallery\" target=\"_blank\" rel=\"noreferrer noopener\">Booking<\/a><\/p>\n<\/figure>\n<p><!-- \/wp:image --><\/p>\n<p><!-- wp:paragraph --><\/p>\n<p>Como nota de 9,7 no Booking, os Chal\u00e9s Guig\u00f3 oferece uma experi\u00eancia diferenciada para quem busca mais contato com a natureza, j\u00e1 que a hospedagem \u00e9 cercada pela natureza nativa. Os chal\u00e9s tem estrutura completa (tem at\u00e9 servi\u00e7o de streaming dispon\u00edvel), e as \u00e1reas comuns ainda contam com churrasqueira e trilhas.<\/p>\n<p><!-- \/wp:paragraph --><\/p>\n<p><!-- wp:heading {\"level\":3} --><\/p>\n<h3><span class=\"ez-toc-section\" id=\"Hotel_Cumuruxatiba\"><\/span><a href=\"https:\/\/www.booking.com\/hotel\/br\/cumuruxatiba.pt-br.html?aid=2161834&amp;sid=575dfe3a4e7f52562b47d6eaa258bbf8&amp;all_sr_blocks=114898313_335371413_2_1_0&amp;checkin=2024-01-06&amp;checkout=2024-01-13&amp;dest_id=-639417&amp;dest_type=city&amp;dist=0&amp;group_adults=2&amp;group_children=0&amp;hapos=4&amp;highlighted_blocks=114898313_335371413_2_1_0&amp;hpos=4&amp;matching_block_id=114898313_335371413_2_1_0&amp;no_rooms=1&amp;req_adults=2&amp;req_children=0&amp;room1=A%2CA&amp;sb_price_type=total&amp;sr_order=popularity&amp;sr_pri_blocks=114898313_335371413_2_1_0__493500&amp;srepoch=1692889234&amp;srpvid=418769869e7d01ee&amp;type=total&amp;ucfs=1&amp;activeTab=main\" target=\"_blank\" rel=\"noreferrer noopener\">Hotel Cumuruxatiba<\/a><span class=\"ez-toc-section-end\"><\/span><\/h3>\n<p><!-- \/wp:heading --><\/p>\n<p><!-- wp:image {\"id\":60739,\"sizeSlug\":\"large\",\"linkDestination\":\"media\"} --><\/p>\n<figure class=\"wp-block-image size-large\"><img loading=\"lazy\" decoding=\"async\" class=\"aligncenter wp-image-60739\" src=\"https:\/\/quantocustaviajar.com\/blog\/wp-content\/uploads\/2023\/08\/cumuruxatiba-14-1024x576.jpg\" alt=\"Cumuruxatiba\" width=\"1024\" height=\"576\" srcset=\"https:\/\/quantocustaviajar.com\/blog\/wp-content\/uploads\/2023\/08\/cumuruxatiba-14-1024x576.jpg 1024w, https:\/\/quantocustaviajar.com\/blog\/wp-content\/uploads\/2023\/08\/cumuruxatiba-14-300x169.jpg 300w, https:\/\/quantocustaviajar.com\/blog\/wp-content\/uploads\/2023\/08\/cumuruxatiba-14-768x432.jpg 768w, https:\/\/quantocustaviajar.com\/blog\/wp-content\/uploads\/2023\/08\/cumuruxatiba-14.jpg 1280w\" sizes=\"auto, (max-width: 1024px) 100vw, 1024px\" \/><p><\/p>\n<p><span style=\"color: initial;\">Foto: <\/span><a href=\"https:\/\/www.booking.com\/hotel\/br\/cumuruxatiba.pt-br.html?aid=2161834&amp;sid=575dfe3a4e7f52562b47d6eaa258bbf8&amp;all_sr_blocks=114898313_335371413_2_1_0&amp;checkin=2024-01-06&amp;checkout=2024-01-13&amp;dest_id=-639417&amp;dest_type=city&amp;dist=0&amp;group_adults=2&amp;group_children=0&amp;hapos=4&amp;highlighted_blocks=114898313_335371413_2_1_0&amp;hpos=4&amp;matching_block_id=114898313_335371413_2_1_0&amp;no_rooms=1&amp;req_adults=2&amp;req_children=0&amp;room1=A%2CA&amp;sb_price_type=total&amp;sr_order=popularity&amp;sr_pri_blocks=114898313_335371413_2_1_0__493500&amp;srepoch=1692889234&amp;srpvid=418769869e7d01ee&amp;type=total&amp;ucfs=1&amp;activeTab=photosGallery\" target=\"_blank\" rel=\"noreferrer noopener\">Booking<\/a><\/p>\n<\/figure>\n<p><!-- \/wp:image --><\/p>\n<p><!-- wp:paragraph --><\/p>\n<p>Para quem n\u00e3o abre m\u00e3o de sofistica\u00e7\u00e3o, o Hotel Cumuruxatiba \u00e9 o local ideal. Conte com uma estrutura altamente caprichada, com centro de bem estar e spa, bar, lavanderia, academia, entre outras regalias. O hotel ainda disponibiliza bicicletas gratuitas, sal\u00e3o de jogos e parquinho. O elogiad\u00edssimo caf\u00e9 da manh\u00e3 est\u00e1 incluso na di\u00e1ria.<\/p>\n<p><!-- \/wp:paragraph --><\/p>\n<p><!-- wp:heading {\"level\":3} --><\/p>\n<h3><span class=\"ez-toc-section\" id=\"Pousada_Boa_Sorte\"><\/span><a href=\"https:\/\/www.booking.com\/hotel\/br\/pousada-boa-sorte.pt-br.html?aid=2161834&amp;sid=575dfe3a4e7f52562b47d6eaa258bbf8&amp;all_sr_blocks=107953005_335369677_2_1_0;checkin=2024-01-06;checkout=2024-01-13;dest_id=-639417;dest_type=city;dist=0;group_adults=2;group_children=0;hapos=3;highlighted_blocks=107953005_335369677_2_1_0;hpos=3;matching_block_id=107953005_335369677_2_1_0;no_rooms=1;req_adults=2;req_children=0;room1=A%2CA;sb_price_type=total;sr_order=popularity;sr_pri_blocks=107953005_335369677_2_1_0__407000;srepoch=1692889234;srpvid=418769869e7d01ee;type=total;ucfs=1&amp;#hotelTmpl\" target=\"_blank\" rel=\"noreferrer noopener\">Pousada Boa Sorte<\/a><span class=\"ez-toc-section-end\"><\/span><\/h3>\n<p><!-- \/wp:heading --><\/p>\n<p><!-- wp:image {\"align\":\"center\",\"id\":60744,\"sizeSlug\":\"full\",\"linkDestination\":\"media\"} --><\/p>\n<figure class=\"wp-block-image aligncenter size-full\"><img loading=\"lazy\" decoding=\"async\" width=\"675\" height=\"900\" class=\"wp-image-60744 aligncenter\" src=\"https:\/\/quantocustaviajar.com\/blog\/wp-content\/uploads\/2023\/08\/cumuruxatiba-15.jpg\" alt=\"\" srcset=\"https:\/\/quantocustaviajar.com\/blog\/wp-content\/uploads\/2023\/08\/cumuruxatiba-15.jpg 675w, https:\/\/quantocustaviajar.com\/blog\/wp-content\/uploads\/2023\/08\/cumuruxatiba-15-225x300.jpg 225w\" sizes=\"auto, (max-width: 675px) 100vw, 675px\" \/><p><\/p>\n<p><span style=\"color: initial;\">Foto: <\/span><a href=\"https:\/\/www.booking.com\/hotel\/br\/pousada-boa-sorte.pt-br.html?aid=2161834&amp;sid=575dfe3a4e7f52562b47d6eaa258bbf8&amp;all_sr_blocks=107953005_335369677_2_1_0&amp;checkin=2024-01-06&amp;checkout=2024-01-13&amp;dest_id=-639417&amp;dest_type=city&amp;dist=0&amp;group_adults=2&amp;group_children=0&amp;hapos=3&amp;highlighted_blocks=107953005_335369677_2_1_0&amp;hpos=3&amp;matching_block_id=107953005_335369677_2_1_0&amp;no_rooms=1&amp;req_adults=2&amp;req_children=0&amp;room1=A%2CA&amp;sb_price_type=total&amp;sr_order=popularity&amp;sr_pri_blocks=107953005_335369677_2_1_0__407000&amp;srepoch=1692889234&amp;srpvid=418769869e7d01ee&amp;type=total&amp;ucfs=1&amp;activeTab=photosGallery\" target=\"_blank\" rel=\"noreferrer noopener\">Booking<\/a><\/p>\n<\/figure>\n<p><!-- \/wp:image --><\/p>\n<p><!-- wp:paragraph --><\/p>\n<p>Com estilo r\u00fastico e vista paradis\u00edaca, esta hospedagem conta com um servi\u00e7o elogiado e caf\u00e9 da manh\u00e3 delicioso. Os quartos contam com varanda e ar condicionado, e as \u00e1reas comuns possuem churrasqueira, sal\u00e3o de jogos, lounge e piscina. No entorno \u00e9 poss\u00edvel praticar ciclismo, pesca e trilhas a p\u00e9.<\/p>\n<p><!-- \/wp:paragraph --><\/p>\n<p><!-- wp:heading {\"level\":3} --><\/p>\n<h3><span class=\"ez-toc-section\" id=\"Pousada_Areia_Preta\"><\/span><a href=\"https:\/\/www.booking.com\/hotel\/br\/pousada-areia-preta.pt-br.html?aid=2161834&amp;sid=575dfe3a4e7f52562b47d6eaa258bbf8&amp;all_sr_blocks=34949005_348912048_2_1_0;checkin=2024-01-06;checkout=2024-01-13;dest_id=-639417;dest_type=city;dist=0;group_adults=2;group_children=0;hapos=1;highlighted_blocks=34949005_348912048_2_1_0;hpos=1;matching_block_id=34949005_348912048_2_1_0;no_rooms=1;req_adults=2;req_children=0;room1=A%2CA;sb_price_type=total;sr_order=popularity;sr_pri_blocks=34949005_348912048_2_1_0__792960;srepoch=1692889234;srpvid=418769869e7d01ee;type=total;ucfs=1&amp;#hotelTmpl\" target=\"_blank\" rel=\"noreferrer noopener\">Pousada Areia Preta<\/a><span class=\"ez-toc-section-end\"><\/span><\/h3>\n<p><!-- \/wp:heading --><\/p>\n<p><!-- wp:image {\"id\":60752,\"sizeSlug\":\"large\",\"linkDestination\":\"media\"} --><\/p>\n<figure class=\"wp-block-image size-large\"><img loading=\"lazy\" decoding=\"async\" width=\"1024\" height=\"682\" class=\"wp-image-60752 aligncenter\" src=\"https:\/\/quantocustaviajar.com\/blog\/wp-content\/uploads\/2023\/08\/cumuruxatiba-16-1024x682.jpg\" alt=\"\" srcset=\"https:\/\/quantocustaviajar.com\/blog\/wp-content\/uploads\/2023\/08\/cumuruxatiba-16-1024x682.jpg 1024w, https:\/\/quantocustaviajar.com\/blog\/wp-content\/uploads\/2023\/08\/cumuruxatiba-16-300x200.jpg 300w, https:\/\/quantocustaviajar.com\/blog\/wp-content\/uploads\/2023\/08\/cumuruxatiba-16-768x512.jpg 768w, https:\/\/quantocustaviajar.com\/blog\/wp-content\/uploads\/2023\/08\/cumuruxatiba-16.jpg 1280w\" sizes=\"auto, (max-width: 1024px) 100vw, 1024px\" \/><p><\/p>\n<p><span style=\"color: initial;\">Foto: <\/span><a href=\"https:\/\/www.booking.com\/hotel\/br\/pousada-areia-preta.pt-br.html?aid=2161834&amp;sid=575dfe3a4e7f52562b47d6eaa258bbf8&amp;all_sr_blocks=34949005_348912048_2_1_0&amp;checkin=2024-01-06&amp;checkout=2024-01-13&amp;dest_id=-639417&amp;dest_type=city&amp;dist=0&amp;group_adults=2&amp;group_children=0&amp;hapos=1&amp;highlighted_blocks=34949005_348912048_2_1_0&amp;hpos=1&amp;matching_block_id=34949005_348912048_2_1_0&amp;no_rooms=1&amp;req_adults=2&amp;req_children=0&amp;room1=A%2CA&amp;sb_price_type=total&amp;sr_order=popularity&amp;sr_pri_blocks=34949005_348912048_2_1_0__792960&amp;srepoch=1692889234&amp;srpvid=418769869e7d01ee&amp;type=total&amp;ucfs=1&amp;activeTab=photosGallery\" target=\"_blank\" rel=\"noreferrer noopener\">Booking<\/a><\/p>\n<\/figure>\n<p><!-- \/wp:image --><\/p>\n<p><!-- wp:paragraph --><\/p>\n<p>Quando voc\u00ea se hospedar na Pousada Areia Preta, ter\u00e1 que enfrentar uma decis\u00e3o muito dif\u00edcil: escolher a vista para o mar ou para o jardim. Complicado, n\u00e9? Os h\u00f3spedes qualificam o local com uma nota elevad\u00edssima: 9,6 &#8211; que inclui o servi\u00e7o de primeira qualidade, localiza\u00e7\u00e3o e estrutura, que chama a aten\u00e7\u00e3o principalmente de casais.<\/p>\n<p><!-- \/wp:paragraph --><\/p>\n<p><!-- wp:heading --><\/p>\n<h2><span class=\"ez-toc-section\" id=\"A_melhor_epoca_para_essa_viagem\"><\/span>A melhor \u00e9poca para essa viagem<span class=\"ez-toc-section-end\"><\/span><\/h2>\n<p><!-- \/wp:heading --><\/p>\n<p><!-- wp:paragraph --><\/p>\n<p>umuruxatiba, na Bahia, \u00e9 um destino conhecido por suas <a href=\"https:\/\/quantocustaviajar.com\/blog\/destinos-para-quem-gosta-de-praias-paradisiacas\/\">praias paradis\u00edacas<\/a> e clima tropical durante todo o ano. No entanto, a melhor \u00e9poca para visitar depende das prefer\u00eancias individuais do viajante.<\/p>\n<p><!-- \/wp:paragraph --><\/p>\n<p><!-- wp:paragraph --><\/p>\n<p>A alta temporada em Cumuruxatiba geralmente ocorre durante os meses de dezembro a fevereiro, quando o clima est\u00e1 mais quente e ensolarado. Essa \u00e9poca \u00e9 popular entre os turistas por causa das f\u00e9rias de ver\u00e3o e das festas de fim de ano.<\/p>\n<p><!-- \/wp:paragraph --><\/p>\n<p><!-- wp:paragraph --><\/p>\n<p>Por outro lado, se voc\u00ea prefere evitar multid\u00f5es e desfrutar de pre\u00e7os mais baixos, considere visitar Cumuruxatiba durante a baixa temporada, que geralmente ocorre de mar\u00e7o a novembro. Durante esses meses, voc\u00ea pode encontrar praias mais tranquilas e acomoda\u00e7\u00f5es mais acess\u00edveis, embora possa haver alguma varia\u00e7\u00e3o na quantidade de chuva, especialmente durante os meses de abril a junho.<\/p>\n<p><!-- \/wp:paragraph --><\/p>","protected":false},"excerpt":{"rendered":"<p>A pequena vila de pescadores chamada de Cumuruxatiba, no sul da Bahia, foi a primeira praia descoberta por Pedro \u00c1lvares Cabral em 1.500, quando se encantou por este para\u00edso tropical chamado Brasil. Depois de muitos anos, hoje o local continua na Rota do Descobrimento, recebendo turistas de v\u00e1rias partes do mundo. A cerca de 242 [&hellip;]<\/p>\n","protected":false},"author":19,"featured_media":51420,"comment_status":"open","ping_status":"open","sticky":false,"template":"","format":"standard","meta":{"cybocfi_hide_featured_image":"","footnotes":""},"categories":[1437,1434],"tags":[1485,135,272,266,436,440,150,211,529,1442,309,1410,1411],"class_list":["post-21259","post","type-post","status-publish","format-standard","has-post-thumbnail","hentry","category-ao-ar-livre","category-descubra-brasil","tag-americadosul","tag-atracoes","tag-bahia","tag-brasil","tag-familia","tag-ferias","tag-nordeste","tag-o-que-fazer","tag-onde-ir","tag-portoseguro","tag-praia","tag-sossego","tag-tranquilidade"],"blocksy_meta":[],"yoast_head":"<!-- This site is optimized with the Yoast SEO plugin v26.3 - https:\/\/yoast.com\/wordpress\/plugins\/seo\/ -->\n<title>Cumuruxatiba na Bahia, conhe\u00e7a esse para\u00edso para se apaixonar!<\/title>\n<meta name=\"description\" content=\"A pequena vila de pescadores chamada de Cumuruxatiba, no sul da Bahia, foi a primeira praia descoberta por Pedro \u00c1lvares Cabral em 1.500.\" \/>\n<meta name=\"robots\" content=\"index, follow, max-snippet:-1, max-image-preview:large, max-video-preview:-1\" \/>\n<link rel=\"canonical\" href=\"https:\/\/quantocustaviajar.com\/blog\/cumuruxatiba-bahia\/\" \/>\n<meta property=\"og:locale\" content=\"pt_BR\" \/>\n<meta property=\"og:type\" content=\"article\" \/>\n<meta property=\"og:title\" content=\"Cumuruxatiba na Bahia, conhe\u00e7a esse para\u00edso para se apaixonar!\" \/>\n<meta property=\"og:description\" content=\"A pequena vila de pescadores chamada de Cumuruxatiba, no sul da Bahia, foi a primeira praia descoberta por Pedro \u00c1lvares Cabral em 1.500.\" \/>\n<meta property=\"og:url\" content=\"https:\/\/quantocustaviajar.com\/blog\/cumuruxatiba-bahia\/\" \/>\n<meta property=\"og:site_name\" content=\"Blog Quanto Custa Viajar\" \/>\n<meta property=\"article:publisher\" content=\"https:\/\/www.facebook.com\/quantocustaviajar\" \/>\n<meta property=\"article:published_time\" content=\"2024-02-03T11:32:00+00:00\" \/>\n<meta property=\"article:modified_time\" content=\"2025-01-29T17:30:31+00:00\" \/>\n<meta property=\"og:image\" content=\"https:\/\/quantocustaviajar.com\/blog\/wp-content\/uploads\/2018\/05\/Trecho_da_Praia_do_Centro_em_Cumuruxatiba_Prado_BA.jpg\" \/>\n\t<meta property=\"og:image:width\" content=\"1024\" \/>\n\t<meta property=\"og:image:height\" content=\"683\" \/>\n\t<meta property=\"og:image:type\" content=\"image\/jpeg\" \/>\n<meta name=\"author\" content=\"Sheila Almendros\" \/>\n<meta name=\"twitter:card\" content=\"summary_large_image\" \/>\n<meta name=\"twitter:label1\" content=\"Escrito por\" \/>\n\t<meta name=\"twitter:data1\" content=\"Sheila Almendros\" \/>\n\t<meta name=\"twitter:label2\" content=\"Est. tempo de leitura\" \/>\n\t<meta name=\"twitter:data2\" content=\"14 minutos\" \/>\n<!-- \/ Yoast SEO plugin. -->","yoast_head_json":{"title":"Cumuruxatiba na Bahia, conhe\u00e7a esse para\u00edso para se apaixonar!","description":"A pequena vila de pescadores chamada de Cumuruxatiba, no sul da Bahia, foi a primeira praia descoberta por Pedro \u00c1lvares Cabral em 1.500.","robots":{"index":"index","follow":"follow","max-snippet":"max-snippet:-1","max-image-preview":"max-image-preview:large","max-video-preview":"max-video-preview:-1"},"canonical":"https:\/\/quantocustaviajar.com\/blog\/cumuruxatiba-bahia\/","og_locale":"pt_BR","og_type":"article","og_title":"Cumuruxatiba na Bahia, conhe\u00e7a esse para\u00edso para se apaixonar!","og_description":"A pequena vila de pescadores chamada de Cumuruxatiba, no sul da Bahia, foi a primeira praia descoberta por Pedro \u00c1lvares Cabral em 1.500.","og_url":"https:\/\/quantocustaviajar.com\/blog\/cumuruxatiba-bahia\/","og_site_name":"Blog Quanto Custa Viajar","article_publisher":"https:\/\/www.facebook.com\/quantocustaviajar","article_published_time":"2024-02-03T11:32:00+00:00","article_modified_time":"2025-01-29T17:30:31+00:00","og_image":[{"width":1024,"height":683,"url":"https:\/\/quantocustaviajar.com\/blog\/wp-content\/uploads\/2018\/05\/Trecho_da_Praia_do_Centro_em_Cumuruxatiba_Prado_BA.jpg","type":"image\/jpeg"}],"author":"Sheila Almendros","twitter_card":"summary_large_image","twitter_misc":{"Escrito por":"Sheila Almendros","Est. tempo de leitura":"14 minutos"},"schema":{"@context":"https:\/\/schema.org","@graph":[{"@type":["Article","BlogPosting"],"@id":"https:\/\/quantocustaviajar.com\/blog\/cumuruxatiba-bahia\/#article","isPartOf":{"@id":"https:\/\/quantocustaviajar.com\/blog\/cumuruxatiba-bahia\/"},"author":{"name":"Sheila Almendros","@id":"https:\/\/quantocustaviajar.com\/blog\/#\/schema\/person\/66bc96b9076769d61f47e383ac516439"},"headline":"Conhe\u00e7a Cumuruxatiba, a primeira praia descoberta por Pedro \u00c1lvares Cabral na Bahia","datePublished":"2024-02-03T11:32:00+00:00","dateModified":"2025-01-29T17:30:31+00:00","mainEntityOfPage":{"@id":"https:\/\/quantocustaviajar.com\/blog\/cumuruxatiba-bahia\/"},"wordCount":2184,"commentCount":6,"publisher":{"@id":"https:\/\/quantocustaviajar.com\/blog\/#organization"},"image":{"@id":"https:\/\/quantocustaviajar.com\/blog\/cumuruxatiba-bahia\/#primaryimage"},"thumbnailUrl":"https:\/\/quantocustaviajar.com\/blog\/wp-content\/uploads\/2018\/05\/Trecho_da_Praia_do_Centro_em_Cumuruxatiba_Prado_BA.jpg","keywords":["americadosul","atra\u00e7\u00f5es","Bahia","Brasil","fam\u00edlia","f\u00e9rias","nordeste","o que fazer","onde ir","portoseguro","praia","sossego","tranquilidade"],"articleSection":["Ao Ar Livre","Descubra o Brasil"],"inLanguage":"pt-BR","potentialAction":[{"@type":"CommentAction","name":"Comment","target":["https:\/\/quantocustaviajar.com\/blog\/cumuruxatiba-bahia\/#respond"]}]},{"@type":"WebPage","@id":"https:\/\/quantocustaviajar.com\/blog\/cumuruxatiba-bahia\/","url":"https:\/\/quantocustaviajar.com\/blog\/cumuruxatiba-bahia\/","name":"Cumuruxatiba na Bahia, conhe\u00e7a esse para\u00edso para se apaixonar!","isPartOf":{"@id":"https:\/\/quantocustaviajar.com\/blog\/#website"},"primaryImageOfPage":{"@id":"https:\/\/quantocustaviajar.com\/blog\/cumuruxatiba-bahia\/#primaryimage"},"image":{"@id":"https:\/\/quantocustaviajar.com\/blog\/cumuruxatiba-bahia\/#primaryimage"},"thumbnailUrl":"https:\/\/quantocustaviajar.com\/blog\/wp-content\/uploads\/2018\/05\/Trecho_da_Praia_do_Centro_em_Cumuruxatiba_Prado_BA.jpg","datePublished":"2024-02-03T11:32:00+00:00","dateModified":"2025-01-29T17:30:31+00:00","description":"A pequena vila de pescadores chamada de Cumuruxatiba, no sul da Bahia, foi a primeira praia descoberta por Pedro \u00c1lvares Cabral em 1.500.","breadcrumb":{"@id":"https:\/\/quantocustaviajar.com\/blog\/cumuruxatiba-bahia\/#breadcrumb"},"inLanguage":"pt-BR","potentialAction":[{"@type":"ReadAction","target":["https:\/\/quantocustaviajar.com\/blog\/cumuruxatiba-bahia\/"]}]},{"@type":"ImageObject","inLanguage":"pt-BR","@id":"https:\/\/quantocustaviajar.com\/blog\/cumuruxatiba-bahia\/#primaryimage","url":"https:\/\/quantocustaviajar.com\/blog\/wp-content\/uploads\/2018\/05\/Trecho_da_Praia_do_Centro_em_Cumuruxatiba_Prado_BA.jpg","contentUrl":"https:\/\/quantocustaviajar.com\/blog\/wp-content\/uploads\/2018\/05\/Trecho_da_Praia_do_Centro_em_Cumuruxatiba_Prado_BA.jpg","width":1024,"height":683,"caption":"Foto: Wikimedia"},{"@type":"BreadcrumbList","@id":"https:\/\/quantocustaviajar.com\/blog\/cumuruxatiba-bahia\/#breadcrumb","itemListElement":[{"@type":"ListItem","position":1,"name":"In\u00edcio","item":"https:\/\/quantocustaviajar.com\/blog\/"},{"@type":"ListItem","position":2,"name":"Conhe\u00e7a Cumuruxatiba, a primeira praia descoberta por Pedro \u00c1lvares Cabral na Bahia"}]},{"@type":"WebSite","@id":"https:\/\/quantocustaviajar.com\/blog\/#website","url":"https:\/\/quantocustaviajar.com\/blog\/","name":"Blog Quanto Custa Viajar","description":"","publisher":{"@id":"https:\/\/quantocustaviajar.com\/blog\/#organization"},"potentialAction":[{"@type":"SearchAction","target":{"@type":"EntryPoint","urlTemplate":"https:\/\/quantocustaviajar.com\/blog\/?s={search_term_string}"},"query-input":{"@type":"PropertyValueSpecification","valueRequired":true,"valueName":"search_term_string"}}],"inLanguage":"pt-BR"},{"@type":"Organization","@id":"https:\/\/quantocustaviajar.com\/blog\/#organization","name":"Quanto Custa Viajar","url":"https:\/\/quantocustaviajar.com\/blog\/","logo":{"@type":"ImageObject","inLanguage":"pt-BR","@id":"https:\/\/quantocustaviajar.com\/blog\/#\/schema\/logo\/image\/","url":"","contentUrl":"","caption":"Quanto Custa Viajar"},"image":{"@id":"https:\/\/quantocustaviajar.com\/blog\/#\/schema\/logo\/image\/"},"sameAs":["https:\/\/www.facebook.com\/quantocustaviajar"]},{"@type":"Person","@id":"https:\/\/quantocustaviajar.com\/blog\/#\/schema\/person\/66bc96b9076769d61f47e383ac516439","name":"Sheila Almendros","image":{"@type":"ImageObject","inLanguage":"pt-BR","@id":"https:\/\/quantocustaviajar.com\/blog\/#\/schema\/person\/image\/","url":"https:\/\/secure.gravatar.com\/avatar\/f38e2f0e4f0d273587e0882ec5d6afa5cd3463efd68233d49b41368144e219b5?s=96&d=mm&r=g","contentUrl":"https:\/\/secure.gravatar.com\/avatar\/f38e2f0e4f0d273587e0882ec5d6afa5cd3463efd68233d49b41368144e219b5?s=96&d=mm&r=g","caption":"Sheila Almendros"},"description":"Jornalista, produtora de conte\u00fado web e apaixonada pelo mundo.","url":"https:\/\/quantocustaviajar.com\/blog\/author\/sheila-almendros\/"}]}},"_links":{"self":[{"href":"https:\/\/quantocustaviajar.com\/blog\/wp-json\/wp\/v2\/posts\/21259","targetHints":{"allow":["GET"]}}],"collection":[{"href":"https:\/\/quantocustaviajar.com\/blog\/wp-json\/wp\/v2\/posts"}],"about":[{"href":"https:\/\/quantocustaviajar.com\/blog\/wp-json\/wp\/v2\/types\/post"}],"author":[{"embeddable":true,"href":"https:\/\/quantocustaviajar.com\/blog\/wp-json\/wp\/v2\/users\/19"}],"replies":[{"embeddable":true,"href":"https:\/\/quantocustaviajar.com\/blog\/wp-json\/wp\/v2\/comments?post=21259"}],"version-history":[{"count":19,"href":"https:\/\/quantocustaviajar.com\/blog\/wp-json\/wp\/v2\/posts\/21259\/revisions"}],"predecessor-version":[{"id":72818,"href":"https:\/\/quantocustaviajar.com\/blog\/wp-json\/wp\/v2\/posts\/21259\/revisions\/72818"}],"wp:featuredmedia":[{"embeddable":true,"href":"https:\/\/quantocustaviajar.com\/blog\/wp-json\/wp\/v2\/media\/51420"}],"wp:attachment":[{"href":"https:\/\/quantocustaviajar.com\/blog\/wp-json\/wp\/v2\/media?parent=21259"}],"wp:term":[{"taxonomy":"category","embeddable":true,"href":"https:\/\/quantocustaviajar.com\/blog\/wp-json\/wp\/v2\/categories?post=21259"},{"taxonomy":"post_tag","embeddable":true,"href":"https:\/\/quantocustaviajar.com\/blog\/wp-json\/wp\/v2\/tags?post=21259"}],"curies":[{"name":"wp","href":"https:\/\/api.w.org\/{rel}","templated":true}]}}