{"id":21222,"date":"2018-06-06T14:23:41","date_gmt":"2018-06-06T14:23:41","guid":{"rendered":"https:\/\/quantocustaviajar.com\/blog\/?p=21222"},"modified":"2018-08-13T13:45:32","modified_gmt":"2018-08-13T13:45:32","slug":"wes-anderson-bar-luce-milao","status":"publish","type":"post","link":"https:\/\/quantocustaviajar.com\/blog\/wes-anderson-bar-luce-milao\/","title":{"rendered":"Projetado por Wes Anderson, Bar Luce abre ao p\u00fablico em Mil\u00e3o"},"content":{"rendered":"<p>Se voc\u00ea j\u00e1 assistiu os filmes Os Exc\u00eantricos Tenenbaums e O Grande Hotel Budapeste, provavelmente j\u00e1 ouviu falar no nome de <strong>Wes Anderson<\/strong>. O aclamado diretor ficou conhecido pela cenografia impec\u00e1vel e fascinante de suas hist\u00f3rias. E agora \u00e9 ele quem assina o\u00a0design do<strong> Bar Luce<\/strong>, em <a href=\"https:\/\/quantocustaviajar.com\/europa\/milao\" target=\"_blank\" rel=\"noopener noreferrer\"><strong>Mil\u00e3o<\/strong><\/a>, que abriu ao p\u00fablico neste ano.<\/p>\n<p>Em parceria com a grife italiana Prada, o empreendimento tem cara de um tradicional caf\u00e9 milan\u00eas dos anos 1950, com toques de simetria, cores e geometria, t\u00edpicos do cineasta. <em>&#8220;Embora eu pense que seria um \u00f3timo set para filmagem, eu acho que seria um lugar melhor ainda para escrever um filme. Tentei fazer um bar no qual eu gostaria de passar as minhas tardes de n\u00e3o-fic\u00e7\u00e3o&#8221;<\/em>, disse ele ao site oficial da marca.<\/p>\n<p>Alguns detalhes da arquitetura e da decora\u00e7\u00e3o originais da estrutura, dentro da\u00a0Fondazione Prada, foram preservados. Os filmes italianos\u00a0\u201cMiracolo a Milano\u201d(1951) e \u00a0\u201cRocco E\u00a0I\u00a0Suoi Fratelli\u201d (1960), serviram de inspira\u00e7\u00e3o para Anderson, que inclui tons pastel, m\u00f3veis de f\u00f3rmica, pain\u00e9is de madeira e outros elementos que remetem ao neorealismo do pa\u00eds.<\/p>\n<p><img loading=\"lazy\" decoding=\"async\" class=\"aligncenter wp-image-21237 size-full\" src=\"https:\/\/quantocustaviajar.com\/blog\/wp-content\/uploads\/2018\/02\/bar-luce-wes-anderson3.jpg\" alt=\"\" width=\"650\" height=\"976\" srcset=\"https:\/\/quantocustaviajar.com\/blog\/wp-content\/uploads\/2018\/02\/bar-luce-wes-anderson3.jpg 650w, https:\/\/quantocustaviajar.com\/blog\/wp-content\/uploads\/2018\/02\/bar-luce-wes-anderson3-200x300.jpg 200w, https:\/\/quantocustaviajar.com\/blog\/wp-content\/uploads\/2018\/02\/bar-luce-wes-anderson3-400x601.jpg 400w\" sizes=\"auto, (max-width: 650px) 100vw, 650px\" \/><\/p>\n<p><img loading=\"lazy\" decoding=\"async\" class=\"aligncenter wp-image-21250 size-full\" src=\"https:\/\/quantocustaviajar.com\/blog\/wp-content\/uploads\/2018\/02\/bar-luce-wes-anderson.jpg\" alt=\"\" width=\"650\" height=\"520\" srcset=\"https:\/\/quantocustaviajar.com\/blog\/wp-content\/uploads\/2018\/02\/bar-luce-wes-anderson.jpg 650w, https:\/\/quantocustaviajar.com\/blog\/wp-content\/uploads\/2018\/02\/bar-luce-wes-anderson-300x240.jpg 300w, https:\/\/quantocustaviajar.com\/blog\/wp-content\/uploads\/2018\/02\/bar-luce-wes-anderson-400x320.jpg 400w\" sizes=\"auto, (max-width: 650px) 100vw, 650px\" \/><\/p>\n<p style=\"text-align: center;\"><strong>[+] <a href=\"https:\/\/quantocustaviajar.com\/blog\/malas-do-filme-viagem-a-darjeeling\/\" target=\"_blank\" rel=\"noopener noreferrer\">Curte Wes Anderson? Ent\u00e3o voc\u00ea vai amar as malas do filme \u201cViagem a Darjeeling\u201d!<\/a><\/strong><\/p>\n<p><img loading=\"lazy\" decoding=\"async\" class=\"aligncenter wp-image-21236 size-full\" src=\"https:\/\/quantocustaviajar.com\/blog\/wp-content\/uploads\/2018\/02\/bar-luce-wes-anderson2.jpg\" alt=\"\" width=\"650\" height=\"929\" srcset=\"https:\/\/quantocustaviajar.com\/blog\/wp-content\/uploads\/2018\/02\/bar-luce-wes-anderson2.jpg 650w, https:\/\/quantocustaviajar.com\/blog\/wp-content\/uploads\/2018\/02\/bar-luce-wes-anderson2-210x300.jpg 210w, https:\/\/quantocustaviajar.com\/blog\/wp-content\/uploads\/2018\/02\/bar-luce-wes-anderson2-400x572.jpg 400w\" sizes=\"auto, (max-width: 650px) 100vw, 650px\" \/><\/p>\n<p><img loading=\"lazy\" decoding=\"async\" class=\"aligncenter wp-image-21238 size-full\" src=\"https:\/\/quantocustaviajar.com\/blog\/wp-content\/uploads\/2018\/02\/bar-luce-wes-anderson4.jpg\" alt=\"\" width=\"650\" height=\"433\" srcset=\"https:\/\/quantocustaviajar.com\/blog\/wp-content\/uploads\/2018\/02\/bar-luce-wes-anderson4.jpg 650w, https:\/\/quantocustaviajar.com\/blog\/wp-content\/uploads\/2018\/02\/bar-luce-wes-anderson4-300x200.jpg 300w, https:\/\/quantocustaviajar.com\/blog\/wp-content\/uploads\/2018\/02\/bar-luce-wes-anderson4-400x266.jpg 400w\" sizes=\"auto, (max-width: 650px) 100vw, 650px\" \/><\/p>\n<p style=\"text-align: center;\"><strong>[+] <a href=\"https:\/\/quantocustaviajar.com\/blog\/maldivas-de-milao\/\" target=\"_blank\" rel=\"noopener noreferrer\">Vilarejo na Su\u00ed\u00e7a ganha fama e apelido de \u201cMaldivas de Mil\u00e3o\u201d<\/a><\/strong><\/p>\n<p><img loading=\"lazy\" decoding=\"async\" class=\"aligncenter wp-image-21240 size-full\" src=\"https:\/\/quantocustaviajar.com\/blog\/wp-content\/uploads\/2018\/02\/bar-luce-wes-anderson6.jpg\" alt=\"\" width=\"650\" height=\"433\" srcset=\"https:\/\/quantocustaviajar.com\/blog\/wp-content\/uploads\/2018\/02\/bar-luce-wes-anderson6.jpg 650w, https:\/\/quantocustaviajar.com\/blog\/wp-content\/uploads\/2018\/02\/bar-luce-wes-anderson6-300x200.jpg 300w, https:\/\/quantocustaviajar.com\/blog\/wp-content\/uploads\/2018\/02\/bar-luce-wes-anderson6-400x266.jpg 400w\" sizes=\"auto, (max-width: 650px) 100vw, 650px\" \/><\/p>\n<p><img loading=\"lazy\" decoding=\"async\" class=\"aligncenter wp-image-21239 size-full\" src=\"https:\/\/quantocustaviajar.com\/blog\/wp-content\/uploads\/2018\/02\/bar-luce-wes-anderson5.jpg\" alt=\"\" width=\"650\" height=\"433\" srcset=\"https:\/\/quantocustaviajar.com\/blog\/wp-content\/uploads\/2018\/02\/bar-luce-wes-anderson5.jpg 650w, https:\/\/quantocustaviajar.com\/blog\/wp-content\/uploads\/2018\/02\/bar-luce-wes-anderson5-300x200.jpg 300w, https:\/\/quantocustaviajar.com\/blog\/wp-content\/uploads\/2018\/02\/bar-luce-wes-anderson5-400x266.jpg 400w\" sizes=\"auto, (max-width: 650px) 100vw, 650px\" \/><\/p>\n<p style=\"text-align: center;\"><strong>[+] <a href=\"https:\/\/quantocustaviajar.com\/blog\/15-filmes-inspiradores-sobre-viagem\/\" target=\"_blank\" rel=\"noopener noreferrer\">15 filmes inspiradores sobre viagem<\/a><\/strong><\/p>\n<p><em>Fotos:\u00a0Attilio Maranzano\/divulga\u00e7\u00e3o<\/em><\/p>\n","protected":false},"excerpt":{"rendered":"<p>Se voc\u00ea j\u00e1 assistiu os filmes Os Exc\u00eantricos Tenenbaums e O Grande Hotel Budapeste, provavelmente j\u00e1 ouviu falar no nome de Wes Anderson. O aclamado diretor ficou conhecido pela cenografia impec\u00e1vel e fascinante de suas hist\u00f3rias. E agora \u00e9 ele quem assina o\u00a0design do Bar Luce, em Mil\u00e3o, que abriu ao p\u00fablico neste ano. Em [&hellip;]<\/p>\n","protected":false},"author":4,"featured_media":21241,"comment_status":"open","ping_status":"open","sticky":false,"template":"","format":"standard","meta":{"cybocfi_hide_featured_image":"","footnotes":""},"categories":[1435,1182,1658],"tags":[63,67,289,615,221,18,638,65,1005,1406,211,529,321],"class_list":["post-21222","post","type-post","status-publish","format-standard","has-post-thumbnail","hentry","category-comes-bebes","category-dica-cool","category-guia_italia","tag-bar","tag-cafe","tag-cafeteria","tag-cinema","tag-decoracao","tag-europa","tag-historico","tag-italia","tag-lugares-diferentes","tag-milao","tag-o-que-fazer","tag-onde-ir","tag-passeios"],"blocksy_meta":[],"yoast_head":"<!-- This site is optimized with the Yoast SEO plugin v26.3 - https:\/\/yoast.com\/wordpress\/plugins\/seo\/ -->\n<title>Projetado por Wes Anderson, Bar Luce abre ao p\u00fablico em Mil\u00e3o<\/title>\n<meta name=\"robots\" content=\"index, follow, max-snippet:-1, max-image-preview:large, max-video-preview:-1\" \/>\n<link rel=\"canonical\" href=\"https:\/\/quantocustaviajar.com\/blog\/wes-anderson-bar-luce-milao\/\" \/>\n<meta property=\"og:locale\" content=\"pt_BR\" \/>\n<meta property=\"og:type\" content=\"article\" \/>\n<meta property=\"og:title\" content=\"Projetado por Wes Anderson, Bar Luce abre ao p\u00fablico em Mil\u00e3o\" \/>\n<meta property=\"og:description\" content=\"Se voc\u00ea j\u00e1 assistiu os filmes Os Exc\u00eantricos Tenenbaums e O Grande Hotel Budapeste, provavelmente j\u00e1 ouviu falar no nome de Wes Anderson. O aclamado diretor ficou conhecido pela cenografia impec\u00e1vel e fascinante de suas hist\u00f3rias. E agora \u00e9 ele quem assina o\u00a0design do Bar Luce, em Mil\u00e3o, que abriu ao p\u00fablico neste ano. Em [&hellip;]\" \/>\n<meta property=\"og:url\" content=\"https:\/\/quantocustaviajar.com\/blog\/wes-anderson-bar-luce-milao\/\" \/>\n<meta property=\"og:site_name\" content=\"Blog Quanto Custa Viajar\" \/>\n<meta property=\"article:publisher\" content=\"https:\/\/www.facebook.com\/quantocustaviajar\" \/>\n<meta property=\"article:author\" content=\"https:\/\/www.facebook.com\/brunellapfvr\/posts\" \/>\n<meta property=\"article:published_time\" content=\"2018-06-06T14:23:41+00:00\" \/>\n<meta property=\"article:modified_time\" content=\"2018-08-13T13:45:32+00:00\" \/>\n<meta property=\"og:image\" content=\"https:\/\/quantocustaviajar.com\/blog\/wp-content\/uploads\/2018\/02\/bar-luce-wes-anderson7.jpg\" \/>\n\t<meta property=\"og:image:width\" content=\"650\" \/>\n\t<meta property=\"og:image:height\" content=\"476\" \/>\n\t<meta property=\"og:image:type\" content=\"image\/jpeg\" \/>\n<meta name=\"author\" content=\"Brunella Nunes\" \/>\n<meta name=\"twitter:card\" content=\"summary_large_image\" \/>\n<meta name=\"twitter:label1\" content=\"Escrito por\" \/>\n\t<meta name=\"twitter:data1\" content=\"Brunella Nunes\" \/>\n\t<meta name=\"twitter:label2\" content=\"Est. tempo de leitura\" \/>\n\t<meta name=\"twitter:data2\" content=\"1 minuto\" \/>\n<!-- \/ Yoast SEO plugin. -->","yoast_head_json":{"title":"Projetado por Wes Anderson, Bar Luce abre ao p\u00fablico em Mil\u00e3o","robots":{"index":"index","follow":"follow","max-snippet":"max-snippet:-1","max-image-preview":"max-image-preview:large","max-video-preview":"max-video-preview:-1"},"canonical":"https:\/\/quantocustaviajar.com\/blog\/wes-anderson-bar-luce-milao\/","og_locale":"pt_BR","og_type":"article","og_title":"Projetado por Wes Anderson, Bar Luce abre ao p\u00fablico em Mil\u00e3o","og_description":"Se voc\u00ea j\u00e1 assistiu os filmes Os Exc\u00eantricos Tenenbaums e O Grande Hotel Budapeste, provavelmente j\u00e1 ouviu falar no nome de Wes Anderson. O aclamado diretor ficou conhecido pela cenografia impec\u00e1vel e fascinante de suas hist\u00f3rias. E agora \u00e9 ele quem assina o\u00a0design do Bar Luce, em Mil\u00e3o, que abriu ao p\u00fablico neste ano. Em [&hellip;]","og_url":"https:\/\/quantocustaviajar.com\/blog\/wes-anderson-bar-luce-milao\/","og_site_name":"Blog Quanto Custa Viajar","article_publisher":"https:\/\/www.facebook.com\/quantocustaviajar","article_author":"https:\/\/www.facebook.com\/brunellapfvr\/posts","article_published_time":"2018-06-06T14:23:41+00:00","article_modified_time":"2018-08-13T13:45:32+00:00","og_image":[{"width":650,"height":476,"url":"https:\/\/quantocustaviajar.com\/blog\/wp-content\/uploads\/2018\/02\/bar-luce-wes-anderson7.jpg","type":"image\/jpeg"}],"author":"Brunella Nunes","twitter_card":"summary_large_image","twitter_misc":{"Escrito por":"Brunella Nunes","Est. tempo de leitura":"1 minuto"},"schema":{"@context":"https:\/\/schema.org","@graph":[{"@type":["Article","BlogPosting"],"@id":"https:\/\/quantocustaviajar.com\/blog\/wes-anderson-bar-luce-milao\/#article","isPartOf":{"@id":"https:\/\/quantocustaviajar.com\/blog\/wes-anderson-bar-luce-milao\/"},"author":{"name":"Brunella Nunes","@id":"https:\/\/quantocustaviajar.com\/blog\/#\/schema\/person\/1a6dd3da9d0c0a4be42652b67bea19bb"},"headline":"Projetado por Wes Anderson, Bar Luce abre ao p\u00fablico em Mil\u00e3o","datePublished":"2018-06-06T14:23:41+00:00","dateModified":"2018-08-13T13:45:32+00:00","mainEntityOfPage":{"@id":"https:\/\/quantocustaviajar.com\/blog\/wes-anderson-bar-luce-milao\/"},"wordCount":243,"commentCount":4,"publisher":{"@id":"https:\/\/quantocustaviajar.com\/blog\/#organization"},"image":{"@id":"https:\/\/quantocustaviajar.com\/blog\/wes-anderson-bar-luce-milao\/#primaryimage"},"thumbnailUrl":"https:\/\/quantocustaviajar.com\/blog\/wp-content\/uploads\/2018\/02\/bar-luce-wes-anderson7.jpg","keywords":["bar","caf\u00e9","cafeteria","cinema","decora\u00e7\u00e3o","europa","hist\u00f3rico","it\u00e1lia","lugares diferentes","Mil\u00e3o","o que fazer","onde ir","passeios"],"articleSection":["Comes &amp; Bebes","Dica cool","Mamma Mia - um guia da It\u00e1lia!"],"inLanguage":"pt-BR","potentialAction":[{"@type":"CommentAction","name":"Comment","target":["https:\/\/quantocustaviajar.com\/blog\/wes-anderson-bar-luce-milao\/#respond"]}]},{"@type":"WebPage","@id":"https:\/\/quantocustaviajar.com\/blog\/wes-anderson-bar-luce-milao\/","url":"https:\/\/quantocustaviajar.com\/blog\/wes-anderson-bar-luce-milao\/","name":"Projetado por Wes Anderson, Bar Luce abre ao p\u00fablico em Mil\u00e3o","isPartOf":{"@id":"https:\/\/quantocustaviajar.com\/blog\/#website"},"primaryImageOfPage":{"@id":"https:\/\/quantocustaviajar.com\/blog\/wes-anderson-bar-luce-milao\/#primaryimage"},"image":{"@id":"https:\/\/quantocustaviajar.com\/blog\/wes-anderson-bar-luce-milao\/#primaryimage"},"thumbnailUrl":"https:\/\/quantocustaviajar.com\/blog\/wp-content\/uploads\/2018\/02\/bar-luce-wes-anderson7.jpg","datePublished":"2018-06-06T14:23:41+00:00","dateModified":"2018-08-13T13:45:32+00:00","breadcrumb":{"@id":"https:\/\/quantocustaviajar.com\/blog\/wes-anderson-bar-luce-milao\/#breadcrumb"},"inLanguage":"pt-BR","potentialAction":[{"@type":"ReadAction","target":["https:\/\/quantocustaviajar.com\/blog\/wes-anderson-bar-luce-milao\/"]}]},{"@type":"ImageObject","inLanguage":"pt-BR","@id":"https:\/\/quantocustaviajar.com\/blog\/wes-anderson-bar-luce-milao\/#primaryimage","url":"https:\/\/quantocustaviajar.com\/blog\/wp-content\/uploads\/2018\/02\/bar-luce-wes-anderson7.jpg","contentUrl":"https:\/\/quantocustaviajar.com\/blog\/wp-content\/uploads\/2018\/02\/bar-luce-wes-anderson7.jpg","width":650,"height":476},{"@type":"BreadcrumbList","@id":"https:\/\/quantocustaviajar.com\/blog\/wes-anderson-bar-luce-milao\/#breadcrumb","itemListElement":[{"@type":"ListItem","position":1,"name":"In\u00edcio","item":"https:\/\/quantocustaviajar.com\/blog\/"},{"@type":"ListItem","position":2,"name":"Projetado por Wes Anderson, Bar Luce abre ao p\u00fablico em Mil\u00e3o"}]},{"@type":"WebSite","@id":"https:\/\/quantocustaviajar.com\/blog\/#website","url":"https:\/\/quantocustaviajar.com\/blog\/","name":"Blog Quanto Custa Viajar","description":"","publisher":{"@id":"https:\/\/quantocustaviajar.com\/blog\/#organization"},"potentialAction":[{"@type":"SearchAction","target":{"@type":"EntryPoint","urlTemplate":"https:\/\/quantocustaviajar.com\/blog\/?s={search_term_string}"},"query-input":{"@type":"PropertyValueSpecification","valueRequired":true,"valueName":"search_term_string"}}],"inLanguage":"pt-BR"},{"@type":"Organization","@id":"https:\/\/quantocustaviajar.com\/blog\/#organization","name":"Quanto Custa Viajar","url":"https:\/\/quantocustaviajar.com\/blog\/","logo":{"@type":"ImageObject","inLanguage":"pt-BR","@id":"https:\/\/quantocustaviajar.com\/blog\/#\/schema\/logo\/image\/","url":"","contentUrl":"","caption":"Quanto Custa Viajar"},"image":{"@id":"https:\/\/quantocustaviajar.com\/blog\/#\/schema\/logo\/image\/"},"sameAs":["https:\/\/www.facebook.com\/quantocustaviajar"]},{"@type":"Person","@id":"https:\/\/quantocustaviajar.com\/blog\/#\/schema\/person\/1a6dd3da9d0c0a4be42652b67bea19bb","name":"Brunella Nunes","image":{"@type":"ImageObject","inLanguage":"pt-BR","@id":"https:\/\/quantocustaviajar.com\/blog\/#\/schema\/person\/image\/","url":"https:\/\/secure.gravatar.com\/avatar\/05b28dfb8a3cc7ee0dba6feefa5677f05be6d7bf4b017728fd38499092f9c282?s=96&d=mm&r=g","contentUrl":"https:\/\/secure.gravatar.com\/avatar\/05b28dfb8a3cc7ee0dba6feefa5677f05be6d7bf4b017728fd38499092f9c282?s=96&d=mm&r=g","caption":"Brunella Nunes"},"description":"Quando n\u00e3o est\u00e1 viajando pelo mundo, est\u00e1 viajando nas ideias.","sameAs":["https:\/\/www.facebook.com\/brunellapfvr\/posts","https:\/\/www.linkedin.com\/in\/brunellanunes\/"],"url":"https:\/\/quantocustaviajar.com\/blog\/author\/equipe\/"}]}},"_links":{"self":[{"href":"https:\/\/quantocustaviajar.com\/blog\/wp-json\/wp\/v2\/posts\/21222","targetHints":{"allow":["GET"]}}],"collection":[{"href":"https:\/\/quantocustaviajar.com\/blog\/wp-json\/wp\/v2\/posts"}],"about":[{"href":"https:\/\/quantocustaviajar.com\/blog\/wp-json\/wp\/v2\/types\/post"}],"author":[{"embeddable":true,"href":"https:\/\/quantocustaviajar.com\/blog\/wp-json\/wp\/v2\/users\/4"}],"replies":[{"embeddable":true,"href":"https:\/\/quantocustaviajar.com\/blog\/wp-json\/wp\/v2\/comments?post=21222"}],"version-history":[{"count":2,"href":"https:\/\/quantocustaviajar.com\/blog\/wp-json\/wp\/v2\/posts\/21222\/revisions"}],"predecessor-version":[{"id":24115,"href":"https:\/\/quantocustaviajar.com\/blog\/wp-json\/wp\/v2\/posts\/21222\/revisions\/24115"}],"wp:featuredmedia":[{"embeddable":true,"href":"https:\/\/quantocustaviajar.com\/blog\/wp-json\/wp\/v2\/media\/21241"}],"wp:attachment":[{"href":"https:\/\/quantocustaviajar.com\/blog\/wp-json\/wp\/v2\/media?parent=21222"}],"wp:term":[{"taxonomy":"category","embeddable":true,"href":"https:\/\/quantocustaviajar.com\/blog\/wp-json\/wp\/v2\/categories?post=21222"},{"taxonomy":"post_tag","embeddable":true,"href":"https:\/\/quantocustaviajar.com\/blog\/wp-json\/wp\/v2\/tags?post=21222"}],"curies":[{"name":"wp","href":"https:\/\/api.w.org\/{rel}","templated":true}]}}