{"id":2112,"date":"2025-08-10T15:50:00","date_gmt":"2025-08-10T15:50:00","guid":{"rendered":"http:\/\/quantocustaviajar.com\/blog\/?p=2112"},"modified":"2025-11-17T14:11:56","modified_gmt":"2025-11-17T14:11:56","slug":"lugares-lindos-na-america-latina","status":"publish","type":"post","link":"https:\/\/quantocustaviajar.com\/blog\/lugares-lindos-na-america-latina\/","title":{"rendered":"23 lugares lindos na Am\u00e9rica Latina para voc\u00ea conhecer"},"content":{"rendered":"\n<p>A maioria das pessoas costuma se preocupar mais em conhecer o exterior do que explorar seus pr\u00f3prios pa\u00edses ou continente, afinal, a grama do vizinho \u00e9 sempre mais verde. Mas poucos sabem que a <strong>Am\u00e9rica Latina<\/strong> \u00e9 uma \u00f3tima op\u00e7\u00e3o para conhecer um pouco de tudo, inclusive <strong>lugares surreais e lind\u00edssimos<\/strong>, daqueles que deixam todo mundo de queixo ca\u00eddo. Confira nossa lista de<strong>&nbsp;lugares lindos na Am\u00e9rica Latina<\/strong>!<\/p><div id=\"ez-toc-container\" class=\"ez-toc-v2_0_76 ez-toc-wrap-left counter-hierarchy ez-toc-counter ez-toc-light-blue ez-toc-container-direction\">\n<div class=\"ez-toc-title-container\">\n<p class=\"ez-toc-title\" style=\"cursor:inherit\">Aqui voc\u00ea ir\u00e1 encontrar<\/p>\n<span class=\"ez-toc-title-toggle\"><a href=\"#\" class=\"ez-toc-pull-right ez-toc-btn ez-toc-btn-xs ez-toc-btn-default ez-toc-toggle\" aria-label=\"Alternar tabela de conte\u00fado\"><span class=\"ez-toc-js-icon-con\"><span class=\"\"><span class=\"eztoc-hide\" style=\"display:none;\">Toggle<\/span><span class=\"ez-toc-icon-toggle-span\"><svg style=\"fill: #999;color:#999\" xmlns=\"http:\/\/www.w3.org\/2000\/svg\" class=\"list-377408\" width=\"20px\" height=\"20px\" viewBox=\"0 0 24 24\" fill=\"none\"><path d=\"M6 6H4v2h2V6zm14 0H8v2h12V6zM4 11h2v2H4v-2zm16 0H8v2h12v-2zM4 16h2v2H4v-2zm16 0H8v2h12v-2z\" fill=\"currentColor\"><\/path><\/svg><svg style=\"fill: #999;color:#999\" class=\"arrow-unsorted-368013\" xmlns=\"http:\/\/www.w3.org\/2000\/svg\" width=\"10px\" height=\"10px\" viewBox=\"0 0 24 24\" version=\"1.2\" baseProfile=\"tiny\"><path d=\"M18.2 9.3l-6.2-6.3-6.2 6.3c-.2.2-.3.4-.3.7s.1.5.3.7c.2.2.4.3.7.3h11c.3 0 .5-.1.7-.3.2-.2.3-.5.3-.7s-.1-.5-.3-.7zM5.8 14.7l6.2 6.3 6.2-6.3c.2-.2.3-.5.3-.7s-.1-.5-.3-.7c-.2-.2-.4-.3-.7-.3h-11c-.3 0-.5.1-.7.3-.2.2-.3.5-.3.7s.1.5.3.7z\"\/><\/svg><\/span><\/span><\/span><\/a><\/span><\/div>\n<nav><ul class='ez-toc-list ez-toc-list-level-1 ' ><li class='ez-toc-page-1 ez-toc-heading-level-2'><a class=\"ez-toc-link ez-toc-heading-1\" href=\"https:\/\/quantocustaviajar.com\/blog\/lugares-lindos-na-america-latina\/#Lugares_lindos_na_America_Latina_para_conhecer\" >Lugares lindos na Am\u00e9rica Latina para conhecer<\/a><ul class='ez-toc-list-level-3' ><li class='ez-toc-heading-level-3'><a class=\"ez-toc-link ez-toc-heading-2\" href=\"https:\/\/quantocustaviajar.com\/blog\/lugares-lindos-na-america-latina\/#1_Lencois_Maranhenses_Maranhao\" >1. Len\u00e7\u00f3is Maranhenses, Maranh\u00e3o<\/a><\/li><li class='ez-toc-page-1 ez-toc-heading-level-3'><a class=\"ez-toc-link ez-toc-heading-3\" href=\"https:\/\/quantocustaviajar.com\/blog\/lugares-lindos-na-america-latina\/#2_Salar_de_Uyuni_Bolivia\" >2. Salar de Uyuni, Bol\u00edvia<\/a><\/li><li class='ez-toc-page-1 ez-toc-heading-level-3'><a class=\"ez-toc-link ez-toc-heading-4\" href=\"https:\/\/quantocustaviajar.com\/blog\/lugares-lindos-na-america-latina\/#3_Deserto_Ica_Peru\" >3. Deserto Ica, Peru<\/a><\/li><li class='ez-toc-page-1 ez-toc-heading-level-3'><a class=\"ez-toc-link ez-toc-heading-5\" href=\"https:\/\/quantocustaviajar.com\/blog\/lugares-lindos-na-america-latina\/#4_Monte_Roraima_Roraima\" >4. Monte Roraima, Roraima<\/a><\/li><li class='ez-toc-page-1 ez-toc-heading-level-3'><a class=\"ez-toc-link ez-toc-heading-6\" href=\"https:\/\/quantocustaviajar.com\/blog\/lugares-lindos-na-america-latina\/#5_Glaciar_Perito_MorenoEl_Calafate_Argentina\" >5. Glaciar Perito Moreno\/El Calafate, Argentina<\/a><\/li><li class='ez-toc-page-1 ez-toc-heading-level-3'><a class=\"ez-toc-link ez-toc-heading-7\" href=\"https:\/\/quantocustaviajar.com\/blog\/lugares-lindos-na-america-latina\/#6_Winay_Wayna_Peru\" >6. Wi\u00f1ay Wayna, Peru<\/a><\/li><li class='ez-toc-page-1 ez-toc-heading-level-3'><a class=\"ez-toc-link ez-toc-heading-8\" href=\"https:\/\/quantocustaviajar.com\/blog\/lugares-lindos-na-america-latina\/#7_Cavernas_de_Marmore_Chile\" >7. Cavernas de M\u00e1rmore, Chile<\/a><\/li><li class='ez-toc-page-1 ez-toc-heading-level-3'><a class=\"ez-toc-link ez-toc-heading-9\" href=\"https:\/\/quantocustaviajar.com\/blog\/lugares-lindos-na-america-latina\/#8_Praia_de_Morro_Branco_em_Beberibe_Ceara\" >8. Praia de Morro Branco em Beberibe, Cear\u00e1<\/a><\/li><li class='ez-toc-page-1 ez-toc-heading-level-3'><a class=\"ez-toc-link ez-toc-heading-10\" href=\"https:\/\/quantocustaviajar.com\/blog\/lugares-lindos-na-america-latina\/#9_Delta_do_Parnaiba_Piaui\" >9. Delta do Parna\u00edba, Piau\u00ed<\/a><\/li><li class='ez-toc-page-1 ez-toc-heading-level-3'><a class=\"ez-toc-link ez-toc-heading-11\" href=\"https:\/\/quantocustaviajar.com\/blog\/lugares-lindos-na-america-latina\/#10_Gruta_da_Pratinha_na_Chapada_da_Diamantina_Bahia\" >10. Gruta da Pratinha na Chapada da Diamantina, Bahia<\/a><\/li><li class='ez-toc-page-1 ez-toc-heading-level-3'><a class=\"ez-toc-link ez-toc-heading-12\" href=\"https:\/\/quantocustaviajar.com\/blog\/lugares-lindos-na-america-latina\/#11_Canion_de_Xingo_%E2%80%93_Sergipe\" >11. C\u00e2nion de Xing\u00f3 &#8211; Sergipe<\/a><\/li><li class='ez-toc-page-1 ez-toc-heading-level-3'><a class=\"ez-toc-link ez-toc-heading-13\" href=\"https:\/\/quantocustaviajar.com\/blog\/lugares-lindos-na-america-latina\/#12_Geiseres_del_Tatio_Chile\" >12. G\u00eaiseres del Tatio, Chile<\/a><\/li><li class='ez-toc-page-1 ez-toc-heading-level-3'><a class=\"ez-toc-link ez-toc-heading-14\" href=\"https:\/\/quantocustaviajar.com\/blog\/lugares-lindos-na-america-latina\/#13_Bonito_Mato_Grosso_do_Sul\" >13. Bonito, Mato Grosso do Sul<\/a><\/li><li class='ez-toc-page-1 ez-toc-heading-level-3'><a class=\"ez-toc-link ez-toc-heading-15\" href=\"https:\/\/quantocustaviajar.com\/blog\/lugares-lindos-na-america-latina\/#14_Jalapao_Tocantins\" >14. Jalap\u00e3o, Tocantins<\/a><\/li><li class='ez-toc-page-1 ez-toc-heading-level-3'><a class=\"ez-toc-link ez-toc-heading-16\" href=\"https:\/\/quantocustaviajar.com\/blog\/lugares-lindos-na-america-latina\/#15_Laguna_Verde_Bolivia\" >15. Laguna Verde, Bol\u00edvia<\/a><\/li><li class='ez-toc-page-1 ez-toc-heading-level-3'><a class=\"ez-toc-link ez-toc-heading-17\" href=\"https:\/\/quantocustaviajar.com\/blog\/lugares-lindos-na-america-latina\/#16_Canos_Cristales_Colombia\" >16. Ca\u00f1os Cristales, Col\u00f4mbia<\/a><\/li><li class='ez-toc-page-1 ez-toc-heading-level-3'><a class=\"ez-toc-link ez-toc-heading-18\" href=\"https:\/\/quantocustaviajar.com\/blog\/lugares-lindos-na-america-latina\/#17_Vulcao_Quilotoa_Equador\" >17. Vulc\u00e3o Quilotoa, Equador<\/a><\/li><li class='ez-toc-page-1 ez-toc-heading-level-3'><a class=\"ez-toc-link ez-toc-heading-19\" href=\"https:\/\/quantocustaviajar.com\/blog\/lugares-lindos-na-america-latina\/#18_Gruta_de_Ubajara_Ceara\" >18. Gruta de Ubajara, Cear\u00e1<\/a><\/li><li class='ez-toc-page-1 ez-toc-heading-level-3'><a class=\"ez-toc-link ez-toc-heading-20\" href=\"https:\/\/quantocustaviajar.com\/blog\/lugares-lindos-na-america-latina\/#19_Vale_da_Lua_na_Chapada_dos_Veadeiros_Goias\" >19. Vale da Lua na Chapada dos Veadeiros, Goi\u00e1s<\/a><\/li><li class='ez-toc-page-1 ez-toc-heading-level-3'><a class=\"ez-toc-link ez-toc-heading-21\" href=\"https:\/\/quantocustaviajar.com\/blog\/lugares-lindos-na-america-latina\/#20_Abismo_Anhumas_Bonito_Mato_Grosso_do_Sul\" >20. Abismo Anhumas, Bonito, Mato Grosso do Sul<\/a><\/li><li class='ez-toc-page-1 ez-toc-heading-level-3'><a class=\"ez-toc-link ez-toc-heading-22\" href=\"https:\/\/quantocustaviajar.com\/blog\/lugares-lindos-na-america-latina\/#21_Praia_Brava_Punta_del_Este_Uruguai\" >21. Praia Brava, Punta del Este, Uruguai<\/a><\/li><li class='ez-toc-page-1 ez-toc-heading-level-3'><a class=\"ez-toc-link ez-toc-heading-23\" href=\"https:\/\/quantocustaviajar.com\/blog\/lugares-lindos-na-america-latina\/#22_Rocas_Baimbridgen_Galapagos_Equador\" >22. Rocas Baimbridgen, Gal\u00e1pagos, Equador<\/a><\/li><li class='ez-toc-page-1 ez-toc-heading-level-3'><a class=\"ez-toc-link ez-toc-heading-24\" href=\"https:\/\/quantocustaviajar.com\/blog\/lugares-lindos-na-america-latina\/#23_Gruta_da_Lagoa_Azul_na_Chapada_dos_Guimaraes_Mato_Grosso\" >23. Gruta da Lagoa Azul na Chapada dos Guimar\u00e3es, Mato Grosso<\/a><\/li><\/ul><\/li><\/ul><\/nav><\/div>\n\n\n\n\n<pre class=\"wp-block-preformatted has-background\" style=\"background-color:#cfd8e1\"><strong>Comece a planejar sua viagem aqui!<\/strong>\n<a href=\"https:\/\/www.turismocity.com.br\/?utm_source=qcv&amp;utm_medium=blog\" target=\"_blank\" rel=\"noreferrer noopener\">Encontre sua passagem a\u00e9rea barata\n<\/a><a href=\"https:\/\/www.booking.com\/index.pt-br.html?aid=2161834\" target=\"_blank\" rel=\"noreferrer noopener\">E pesquise a hospedagem perfeita com o seu or\u00e7amento<\/a><\/pre>\n\n\n\n<p>A natureza \u00e9 a grande respons\u00e1vel pelos <strong>lugares lindos na Am\u00e9rica Latina <\/strong>e por deixar os seres humanos assim, bobos com sua tamanha beleza. Destinos ex\u00f3ticos costumam ter o acesso um tanto dif\u00edcil, mas todos os esfor\u00e7os valem a pena para desbravar os recursos naturais que a m\u00e3e Terra nos d\u00e1 de presente e gratuitamente.<\/p>\n\n\n\n<p>Entre parques, cachoeiras, desertos, o\u00e1sis, geleiras, cavernas e c\u00e2nions, d\u00e1 para encontrar lugares deslumbrantes que, por sorte, n\u00e3o sofreram tanta interven\u00e7\u00e3o do homem, e muitos deles ficam no Brasil. Confira!<\/p>\n\n\n\n<h2 class=\"wp-block-heading\"><span class=\"ez-toc-section\" id=\"Lugares_lindos_na_America_Latina_para_conhecer\"><\/span>Lugares lindos na Am\u00e9rica Latina para conhecer<span class=\"ez-toc-section-end\"><\/span><\/h2>\n\n\n\n<h3 class=\"wp-block-heading\"><span class=\"ez-toc-section\" id=\"1_Lencois_Maranhenses_Maranhao\"><\/span>1. Len\u00e7\u00f3is Maranhenses, Maranh\u00e3o<span class=\"ez-toc-section-end\"><\/span><\/h3>\n\n\n\n<figure class=\"wp-block-image aligncenter wp-image-69757 size-full\"><img loading=\"lazy\" decoding=\"async\" width=\"1280\" height=\"853\" src=\"https:\/\/quantocustaviajar.com\/blog\/wp-content\/uploads\/2015\/08\/dune-2137336_1280.jpg\" alt=\"lugares lindos na Am\u00e9rica Latina\" class=\"wp-image-69757\" srcset=\"https:\/\/quantocustaviajar.com\/blog\/wp-content\/uploads\/2015\/08\/dune-2137336_1280.jpg 1280w, https:\/\/quantocustaviajar.com\/blog\/wp-content\/uploads\/2015\/08\/dune-2137336_1280-300x200.jpg 300w, https:\/\/quantocustaviajar.com\/blog\/wp-content\/uploads\/2015\/08\/dune-2137336_1280-1024x682.jpg 1024w, https:\/\/quantocustaviajar.com\/blog\/wp-content\/uploads\/2015\/08\/dune-2137336_1280-768x512.jpg 768w\" sizes=\"auto, (max-width: 1280px) 100vw, 1280px\" \/><figcaption class=\"wp-element-caption\">Foto: <a href=\"https:\/\/www.booking.com\/hotel\/br\/pousada-campos-dos-holandeses.pt-br.html?aid=2161834&amp;sid=cb6abc611ab28f69a41b1617a85f305a&amp;checkin=2022-09-15&amp;checkout=2022-09-17&amp;dest_id=335415&amp;dest_type=hotel&amp;dist=0&amp;group_adults=2&amp;group_children=0&amp;hapos=1&amp;hpos=1&amp;no_rooms=1&amp;req_adults=2&amp;req_children=0&amp;room1=A%2CA&amp;sb_price_type=total&amp;soh=1&amp;sr_order=popularity&amp;srepoch=1661799585&amp;srpvid=cddf8590b3730257&amp;type=total&amp;ucfs=1&amp;activeTab=main#RD33541501\">Pixabay<\/a><\/figcaption><\/figure>\n\n\n\n<p>Um dos <strong>lugares lindos na Am\u00e9rica Latina <\/strong>mais famosos mundo afora, Len\u00e7\u00f3is continua impressionando. O ponto mais conhecido e entre os mais incr\u00edveis \u00e9 a Lagoa da Gaivota, em Santo Amaro. A areia fina e leve passa por altera\u00e7\u00f5es por conta dos ventos fortes, alterando a paisagem, que fica em constante mudan\u00e7a. <a href=\"https:\/\/www.civitatis.com\/pt\/barreirinhas\/excursao-lencois-maranhenses-amanhecer\/?aid=100232&amp;cmp=lugaresAL\" target=\"_blank\" rel=\"noopener\">Reserve seu passeio aqui.<\/a><\/p>\n\n\n\n<p><strong>Melhor \u00e9poca para visitar os Len\u00e7\u00f3is: <\/strong>tente reservar sua viagem entre junho a setembro, quando as lagoas est\u00e3o cheias ap\u00f3s o per\u00edodo de chuvas e garantem esse visual igual da foto!<\/p>\n\n\n\n<p><strong>Onde ficar: <a href=\"https:\/\/www.booking.com\/hotel\/br\/pousada-toca-dos-aventureiros.pt-br.html?aid=2161834&amp;sid=4e2afe4d082ee710806b9740398f3494&amp;all_sr_blocks=175090406_391350126_2_1_0_371975&amp;checkin=2024-12-05&amp;checkout=2024-12-06&amp;dest_id=-628252&amp;dest_type=city&amp;dist=0&amp;group_adults=2&amp;group_children=0&amp;hapos=1&amp;highlighted_blocks=175090406_391350126_2_1_0_371975&amp;hpos=1&amp;matching_block_id=175090406_391350126_2_1_0_371975&amp;no_rooms=1&amp;req_adults=2&amp;req_children=0&amp;room1=A%2CA&amp;sb_price_type=total&amp;sr_order=popularity&amp;sr_pri_blocks=175090406_391350126_2_1_0_371975_19900&amp;srepoch=1731608624&amp;srpvid=3fbf8155201a0183&amp;type=total&amp;ucfs=1&amp;#hotelTmpl\" target=\"_blank\" rel=\"noopener\">Pousada Toca dos Aventureiros<\/a> | <a href=\"https:\/\/www.booking.com\/hotel\/br\/chale-marina-barreirinhas1.pt-br.html?aid=2161834&amp;sid=4e2afe4d082ee710806b9740398f3494&amp;all_sr_blocks=166977807_279796832_2_1_0&amp;checkin=2024-12-05&amp;checkout=2024-12-06&amp;dest_id=-628252&amp;dest_type=city&amp;dist=0&amp;group_adults=2&amp;group_children=0&amp;hapos=2&amp;highlighted_blocks=166977807_279796832_2_1_0&amp;hpos=2&amp;matching_block_id=166977807_279796832_2_1_0&amp;no_rooms=1&amp;req_adults=2&amp;req_children=0&amp;room1=A%2CA&amp;sb_price_type=total&amp;sr_order=popularity&amp;sr_pri_blocks=166977807_279796832_2_1_0__24000&amp;srepoch=1731608624&amp;srpvid=3fbf8155201a0183&amp;type=total&amp;ucfs=1&amp;#hotelTmpl\" target=\"_blank\" rel=\"noopener\">Chal\u00e9 Marinas<\/a><br><\/strong><\/p>\n\n\n\n<p><a href=\"https:\/\/www.turismocity.com.br\/passagens-aereas-para-SLZ-Sao_Luis?utm_source=qcv&amp;utm_medium=blog\" target=\"_blank\" rel=\"noopener\">Encontre aqui passagem a\u00e9rea para o Maranh\u00e3o<\/a><\/p>\n\n\n\n<h3 class=\"wp-block-heading\"><span class=\"ez-toc-section\" id=\"2_Salar_de_Uyuni_Bolivia\"><\/span>2. <a title=\"La Paz\" href=\"https:\/\/quantocustaviajar.com\/blog\/salar-de-uyuni\/\" target=\"_blank\" rel=\"noopener noreferrer\">Salar de Uyuni, Bol\u00edvia<\/a><span class=\"ez-toc-section-end\"><\/span><\/h3>\n\n\n\n<figure class=\"wp-block-image aligncenter size-full wp-image-69759\"><img loading=\"lazy\" decoding=\"async\" width=\"1280\" height=\"853\" src=\"https:\/\/quantocustaviajar.com\/blog\/wp-content\/uploads\/2015\/08\/salar-de-uyuni-4634087_1280.jpg\" alt=\"\" class=\"wp-image-69759\" srcset=\"https:\/\/quantocustaviajar.com\/blog\/wp-content\/uploads\/2015\/08\/salar-de-uyuni-4634087_1280.jpg 1280w, https:\/\/quantocustaviajar.com\/blog\/wp-content\/uploads\/2015\/08\/salar-de-uyuni-4634087_1280-300x200.jpg 300w, https:\/\/quantocustaviajar.com\/blog\/wp-content\/uploads\/2015\/08\/salar-de-uyuni-4634087_1280-1024x682.jpg 1024w, https:\/\/quantocustaviajar.com\/blog\/wp-content\/uploads\/2015\/08\/salar-de-uyuni-4634087_1280-768x512.jpg 768w\" sizes=\"auto, (max-width: 1280px) 100vw, 1280px\" \/><figcaption class=\"wp-element-caption\">Foto: <a href=\"https:\/\/pixabay.com\/pt\/photos\/salar-de-uyuni-bol%C3%ADvia-lago-salgado-4634087\/\">Pixabay<\/a><\/figcaption><\/figure>\n\n\n\n<p>O maior deserto de sal do mundo est\u00e1 bem aqui, do ladinho do Brasil. O salar boliviano \u00e9 bastante fotog\u00eanico, pois quando o tempo est\u00e1 bom, o c\u00e9u acaba refletindo no ch\u00e3o, dando a impress\u00e3o de que se est\u00e1 &#8220;no meio do nada&#8221;, num infinito onde n\u00e3o sabe onde come\u00e7a o c\u00e9u e onde come\u00e7a a superf\u00edcie. <a href=\"https:\/\/www.civitatis.com\/pt\/uyuni\/excursao-salar-uyuni\/?aid=100232&amp;cmp=lugaresAL\" target=\"_blank\" rel=\"noopener\">Voc\u00ea pode reservar esse passeio aqui.<\/a><\/p>\n\n\n\n<p><strong>Melhor \u00e9poca para fazer sua viagem: <\/strong>para este destino, a melhor \u00e9poca varia de acordo com o que voc\u00ea quer ver por l\u00e1. Em janeiro e fevereiro \u00e9 o per\u00edodo ideal para o efeito de espelho na temporada de chuvas, j\u00e1 de abril a outubro para o visual seco.<\/p>\n\n\n\n<p><strong>Onde ficar: <a href=\"https:\/\/www.booking.com\/hotel\/bo\/casa-de-sal-salt-hotel.pt-br.html?aid=2161834&amp;sid=4e2afe4d082ee710806b9740398f3494&amp;all_sr_blocks=191198201_333440353_2_1_0&amp;checkin=2024-12-05&amp;checkout=2024-12-06&amp;dest_id=5916&amp;dest_type=region&amp;dist=0&amp;group_adults=2&amp;group_children=0&amp;hapos=1&amp;highlighted_blocks=191198201_333440353_2_1_0&amp;hpos=1&amp;matching_block_id=191198201_333440353_2_1_0&amp;no_rooms=1&amp;req_adults=2&amp;req_children=0&amp;room1=A%2CA&amp;sb_price_type=total&amp;sr_order=popularity&amp;sr_pri_blocks=191198201_333440353_2_1_0__10170&amp;srepoch=1731609046&amp;srpvid=6c968225cdf50d3b&amp;type=total&amp;ucfs=1&amp;#hotelTmpl\" target=\"_blank\" rel=\"noopener\">Casa de Sal &#8211; Salt Hotel<\/a> | <a href=\"https:\/\/www.booking.com\/hotel\/bo\/palacio-de-sal.pt-br.html?aid=2161834&amp;sid=4e2afe4d082ee710806b9740398f3494&amp;all_sr_blocks=46222302_94646404_2_41_0&amp;checkin=2024-12-05&amp;checkout=2024-12-06&amp;dest_id=5916&amp;dest_type=region&amp;dist=0&amp;group_adults=2&amp;group_children=0&amp;hapos=2&amp;highlighted_blocks=46222302_94646404_2_41_0&amp;hpos=2&amp;matching_block_id=46222302_94646404_2_41_0&amp;no_rooms=1&amp;req_adults=2&amp;req_children=0&amp;room1=A%2CA&amp;sb_price_type=total&amp;sr_order=popularity&amp;sr_pri_blocks=46222302_94646404_2_41_0__29070&amp;srepoch=1731609046&amp;srpvid=6c968225cdf50d3b&amp;type=total&amp;ucfs=1&amp;#hotelTmpl\" target=\"_blank\" rel=\"noopener\">Hotel Palacio de Sal<\/a><\/strong><\/p>\n\n\n\n<p><a href=\"https:\/\/www.turismocity.com.br\/passagens-aereas-para-LPB-La_Paz?utm_source=qcv&amp;utm_medium=blog\" target=\"_blank\" rel=\"noopener\">Pesquise passagem a\u00e9rea para a Bol\u00edvia<\/a><\/p>\n\n\n\n<h3 class=\"wp-block-heading\"><span class=\"ez-toc-section\" id=\"3_Deserto_Ica_Peru\"><\/span>3. Deserto Ica, Peru<span class=\"ez-toc-section-end\"><\/span><\/h3>\n\n\n\n<figure class=\"wp-block-image aligncenter size-full wp-image-69760\"><img loading=\"lazy\" decoding=\"async\" width=\"1280\" height=\"720\" src=\"https:\/\/quantocustaviajar.com\/blog\/wp-content\/uploads\/2015\/08\/ica-1984755_1280.jpg\" alt=\"\" class=\"wp-image-69760\" srcset=\"https:\/\/quantocustaviajar.com\/blog\/wp-content\/uploads\/2015\/08\/ica-1984755_1280.jpg 1280w, https:\/\/quantocustaviajar.com\/blog\/wp-content\/uploads\/2015\/08\/ica-1984755_1280-300x169.jpg 300w, https:\/\/quantocustaviajar.com\/blog\/wp-content\/uploads\/2015\/08\/ica-1984755_1280-1024x576.jpg 1024w, https:\/\/quantocustaviajar.com\/blog\/wp-content\/uploads\/2015\/08\/ica-1984755_1280-768x432.jpg 768w\" sizes=\"auto, (max-width: 1280px) 100vw, 1280px\" \/><figcaption class=\"wp-element-caption\">Foto: <a href=\"https:\/\/pixabay.com\/pt\/photos\/ica-deserto-peru-lago-o%C3%A1sis-areia-1984755\/\">Pixabay<\/a><\/figcaption><\/figure>\n\n\n\n<p>Um o\u00e1sis \u00e9 formado em meio \u00e0s dunas de <strong>Huacachina, <\/strong>a 310 km de Lima, tornando o destino um dos <strong>lugares lindos na Am\u00e9rica Latina<\/strong>. O vale f\u00e9rtil \u00e9 conhecido por dar origem ao Pisco, famosa iguaria peruana, al\u00e9m de ter bastante infraestrutura para os turistas. D\u00e1 para passar uns dias por l\u00e1, andar de buggy e praticar sandboard.<\/p>\n\n\n\n<p><strong>Melhor \u00e9poca para conhecer o local: <\/strong>este \u00e9 um daqueles destinos para visitar ano todo, mas de maio a outubro \u00e9 a \u00e9poca mais agrad\u00e1vel, com menos chuva e clima seco.<\/p>\n\n\n\n<p><strong>Onde ficar: <a href=\"https:\/\/www.booking.com\/hotel\/pe\/viajero-huacachina-hostel.pt-br.html?aid=2161834&amp;sid=4e2afe4d082ee710806b9740398f3494&amp;all_sr_blocks=1080882801_380661768_0_2_0&amp;checkin=2024-12-05&amp;checkout=2024-12-06&amp;dest_id=2125037&amp;dest_type=hotel&amp;dist=0&amp;group_adults=2&amp;group_children=0&amp;hapos=2&amp;highlighted_blocks=1080882801_380661768_0_2_0&amp;hpos=2&amp;matching_block_id=1080882801_380661768_0_2_0&amp;no_rooms=1&amp;req_adults=2&amp;req_children=0&amp;room1=A%2CA&amp;sb_price_type=total&amp;sr_order=popularity&amp;sr_pri_blocks=1080882801_380661768_0_2_0__3973&amp;srepoch=1731609125&amp;srpvid=db60824c107d0567&amp;type=total&amp;ucfs=1&amp;#hotelTmpl\" target=\"_blank\" rel=\"noopener\">Viajero Kokopelli Huacachina Hostel<\/a> | <a href=\"https:\/\/www.booking.com\/hotel\/pe\/el-nuevo-desert-nights-hostel.pt-br.html?aid=2161834&amp;sid=4e2afe4d082ee710806b9740398f3494&amp;all_sr_blocks=212503716_96250235_4_0_0&amp;checkin=2024-12-05&amp;checkout=2024-12-06&amp;dest_id=2125037&amp;dest_type=hotel&amp;dist=0&amp;group_adults=2&amp;group_children=0&amp;hapos=1&amp;highlighted_blocks=212503716_96250235_4_0_0&amp;hpos=1&amp;matching_block_id=212503716_96250235_4_0_0&amp;no_rooms=1&amp;req_adults=2&amp;req_children=0&amp;room1=A%2CA&amp;sb_price_type=total&amp;sr_order=popularity&amp;sr_pri_blocks=212503716_96250235_4_0_0__3325&amp;srepoch=1731609117&amp;srpvid=db60824c107d0567&amp;type=total&amp;ucfs=1&amp;#hotelTmpl\">Desert Nights Hostel<\/a><\/strong><\/p>\n\n\n\n<p><a href=\"https:\/\/www.turismocity.com.br\/passagens-aereas-para-LIM-Lima?utm_source=qcv&amp;utm_medium=blog\" target=\"_blank\" rel=\"noopener\"><strong>Confira o melhor pre\u00e7o de passagem a\u00e9rea para o Peru<\/strong><\/a><\/p>\n\n\n\n<h3 class=\"wp-block-heading\"><span class=\"ez-toc-section\" id=\"4_Monte_Roraima_Roraima\"><\/span>4. Monte Roraima, Roraima<span class=\"ez-toc-section-end\"><\/span><\/h3>\n\n\n\n<figure class=\"wp-block-image aligncenter size-full wp-image-69761\"><img loading=\"lazy\" decoding=\"async\" width=\"960\" height=\"1280\" src=\"https:\/\/quantocustaviajar.com\/blog\/wp-content\/uploads\/2015\/08\/nature-2369390_1280.jpg\" alt=\"\" class=\"wp-image-69761\" srcset=\"https:\/\/quantocustaviajar.com\/blog\/wp-content\/uploads\/2015\/08\/nature-2369390_1280.jpg 960w, https:\/\/quantocustaviajar.com\/blog\/wp-content\/uploads\/2015\/08\/nature-2369390_1280-225x300.jpg 225w, https:\/\/quantocustaviajar.com\/blog\/wp-content\/uploads\/2015\/08\/nature-2369390_1280-768x1024.jpg 768w\" sizes=\"auto, (max-width: 960px) 100vw, 960px\" \/><figcaption class=\"wp-element-caption\">Foto: <a href=\"https:\/\/pixabay.com\/pt\/photos\/natureza-roraima-canaima-2369390\/\">Pixabay<\/a><\/figcaption><\/figure>\n\n\n\n<!--more-->\n\n\n\n<p>Bem na fronteira do Brasil com a Venezuela e a Guiana, o Monte Roraima fica em Uiramut\u00e3, extremo norte do pa\u00eds. Este \u00e9 n\u00e3o s\u00f3 um dos lugares mais antigos do planeta, formado h\u00e1 cerca de 2 bilh\u00f5es de anos, como tamb\u00e9m um destino tur\u00edstico impressionante para aventureiros. S\u00e3o 2.700 metros de altitude e 15 km de comprimento, rodeado por vales, rochas, rios e cachoeiras de tirar o f\u00f4lego. Uma sequ\u00eancia de piscinas naturais chamadas Jacuzzis, com cristais no fundo, \u00e9 um dos trechos mais bonitos do local.<\/p>\n\n\n\n<p><strong>Quando viajar? <\/strong>Se voc\u00ea ainda n\u00e3o sabe quando ir, j\u00e1 pega essa dica: de setembro a mar\u00e7o \u00e9 ideal, pois o clima est\u00e1 mais seco e facilita as trilhas.<\/p>\n\n\n\n<p><strong>Onde ficar: <\/strong>para conhecer o Monte Roraima voc\u00ea precisar\u00e1 acampar alguns dias dentro do parque para explorar a regi\u00e3o e chegar l\u00e1!<\/p>\n\n\n\n<h3 class=\"wp-block-heading\"><span class=\"ez-toc-section\" id=\"5_Glaciar_Perito_MorenoEl_Calafate_Argentina\"><\/span>5. Glaciar Perito Moreno\/<a title=\"El Calafate\" href=\"https:\/\/quantocustaviajar.com\/argentina\/el-calafate\" target=\"_blank\" rel=\"noopener noreferrer\">El Calafate, Argentina<\/a><span class=\"ez-toc-section-end\"><\/span><\/h3>\n\n\n\n<figure class=\"wp-block-image aligncenter size-full wp-image-69763\"><img loading=\"lazy\" decoding=\"async\" width=\"1280\" height=\"960\" src=\"https:\/\/quantocustaviajar.com\/blog\/wp-content\/uploads\/2015\/08\/glaciar-2313441_1280.jpg\" alt=\"\" class=\"wp-image-69763\" srcset=\"https:\/\/quantocustaviajar.com\/blog\/wp-content\/uploads\/2015\/08\/glaciar-2313441_1280.jpg 1280w, https:\/\/quantocustaviajar.com\/blog\/wp-content\/uploads\/2015\/08\/glaciar-2313441_1280-300x225.jpg 300w, https:\/\/quantocustaviajar.com\/blog\/wp-content\/uploads\/2015\/08\/glaciar-2313441_1280-1024x768.jpg 1024w, https:\/\/quantocustaviajar.com\/blog\/wp-content\/uploads\/2015\/08\/glaciar-2313441_1280-768x576.jpg 768w\" sizes=\"auto, (max-width: 1280px) 100vw, 1280px\" \/><figcaption class=\"wp-element-caption\">Foto: <a href=\"https:\/\/pixabay.com\/pt\/photos\/glaciar-glaciar-perito-moreno-2313441\/\" target=\"_blank\" rel=\"noopener\">Pixabay<\/a><\/figcaption><\/figure>\n\n\n\n<p>Com um cen\u00e1rio deslumbrante, a geleira de Perito Moreno, pr\u00f3ximo a cidade de El Calafate, tem 250 km2 de superf\u00edcie e 30 km de extens\u00e3o, sendo a maior reserva de \u00e1gua doce do mundo e um dos <strong>lugares lindos na Am\u00e9rica Latina <\/strong>mais impressionantes. O acesso at\u00e9 o local \u00e9 uma aventura e tanto, recheada de paisagens inesquec\u00edveis da Patag\u00f4nia <a href=\"https:\/\/quantocustaviajar.com\/blog\/lugares-imperdiveis-para-conhecer-na-argentina\/\">Argentina<\/a>. N\u00e3o deixe de fazer o<a href=\"https:\/\/www.civitatis.com\/pt\/el-calafate\/trilha-glaciar-perito-moreno\/?aid=100232&amp;cmp=lugaresAL\" target=\"_blank\" rel=\"noopener\"> trekking pelo Glaciar Perito Moreno.<\/a><\/p>\n\n\n\n<p><strong>Melhor \u00e9poca para visitar a geleira: <\/strong>de novembro a mar\u00e7o, durante o ver\u00e3o argentino, com clima ameno e dias longos. N\u00e3o se preocupe, j\u00e1 que mesmo no ver\u00e3o essa regi\u00e3o n\u00e3o sofre impacto e as geleiras continuam l\u00e1!<\/p>\n\n\n\n<p><strong>Onde ficar: <a href=\"https:\/\/www.booking.com\/hotel\/ar\/rincon-del-calafate.pt-br.html?aid=2161834&amp;sid=4e2afe4d082ee710806b9740398f3494&amp;all_sr_blocks=18606502_123807365_0_1_0_365147&amp;checkin=2024-12-05&amp;checkout=2024-12-06&amp;dest_id=-985388&amp;dest_type=city&amp;dist=0&amp;group_adults=2&amp;group_children=0&amp;hapos=2&amp;highlighted_blocks=18606502_123807365_0_1_0_365147&amp;hpos=2&amp;matching_block_id=18606502_123807365_0_1_0_365147&amp;no_rooms=1&amp;req_adults=2&amp;req_children=0&amp;room1=A%2CA&amp;sb_price_type=total&amp;sr_order=popularity&amp;sr_pri_blocks=18606502_123807365_0_1_0_365147_7438&amp;srepoch=1731609252&amp;srpvid=a8c8828d32e500db&amp;type=total&amp;ucfs=1&amp;#hotelTmpl\" target=\"_blank\" rel=\"noopener\">Rinc\u00f3n del Calafate<\/a> | <a href=\"https:\/\/www.booking.com\/hotel\/ar\/hostel-elal.pt-br.html?aid=2161834&amp;sid=4e2afe4d082ee710806b9740398f3494&amp;all_sr_blocks=561987901_217024936_2_0_0_470174&amp;checkin=2024-12-05&amp;checkout=2024-12-06&amp;dest_id=-985388&amp;dest_type=city&amp;dist=0&amp;group_adults=2&amp;group_children=0&amp;hapos=5&amp;highlighted_blocks=561987901_217024936_2_0_0_470174&amp;hpos=5&amp;matching_block_id=561987901_217024936_2_0_0_470174&amp;no_rooms=1&amp;req_adults=2&amp;req_children=0&amp;room1=A%2CA&amp;sb_price_type=total&amp;sr_order=popularity&amp;sr_pri_blocks=561987901_217024936_2_0_0_470174_3725&amp;srepoch=1731609259&amp;srpvid=a8c8828d32e500db&amp;type=total&amp;ucfs=1&amp;#hotelTmpl\" target=\"_blank\" rel=\"noopener\">Hostel Elal<\/a><br><\/strong><\/p>\n\n\n\n<p><a href=\"https:\/\/www.turismocity.com.br\/passagens-aereas-para-FTE-El_Calafate?utm_source=qcv&amp;utm_medium=blog\" target=\"_blank\" rel=\"noopener\"><strong>Pesquise passagem para El Calafate com o melhor pre\u00e7o<\/strong><\/a><\/p>\n\n\n\n<h3 class=\"wp-block-heading\"><span class=\"ez-toc-section\" id=\"6_Winay_Wayna_Peru\"><\/span>6. Wi\u00f1ay Wayna, Peru<span class=\"ez-toc-section-end\"><\/span><\/h3>\n\n\n\n<figure class=\"wp-block-image aligncenter size-full wp-image-69766\"><img loading=\"lazy\" decoding=\"async\" width=\"1280\" height=\"746\" src=\"https:\/\/quantocustaviajar.com\/blog\/wp-content\/uploads\/2015\/08\/1280px-Inca_Trail_Winaywayna2.jpg\" alt=\"\" class=\"wp-image-69766\" srcset=\"https:\/\/quantocustaviajar.com\/blog\/wp-content\/uploads\/2015\/08\/1280px-Inca_Trail_Winaywayna2.jpg 1280w, https:\/\/quantocustaviajar.com\/blog\/wp-content\/uploads\/2015\/08\/1280px-Inca_Trail_Winaywayna2-300x175.jpg 300w, https:\/\/quantocustaviajar.com\/blog\/wp-content\/uploads\/2015\/08\/1280px-Inca_Trail_Winaywayna2-1024x597.jpg 1024w, https:\/\/quantocustaviajar.com\/blog\/wp-content\/uploads\/2015\/08\/1280px-Inca_Trail_Winaywayna2-768x448.jpg 768w\" sizes=\"auto, (max-width: 1280px) 100vw, 1280px\" \/><figcaption class=\"wp-element-caption\">Foto: <a href=\"https:\/\/upload.wikimedia.org\/wikipedia\/commons\/thumb\/e\/ea\/Inca_Trail_Winaywayna2.jpg\/1280px-Inca_Trail_Winaywayna2.jpg\">Wikimedia Commons<\/a><\/figcaption><\/figure>\n\n\n\n<p>Embora Machu Picchu seja a menina dos olhos em Peru, h\u00e1 muito mais a se explorar nesta regi\u00e3o. Wi\u00f1ay Wayna fica na trilha inca que leva at\u00e9 o local e costuma ser usada como acampamento. O local \u00e9 tamb\u00e9m um ponto para se observar ru\u00ednas incas, de onde se observa o rio Urubamba.<\/p>\n\n\n\n<p><strong>Melhor \u00e9poca para viajar: <\/strong>aqui o ideal \u00e9 viajar de maio a setembro, \u00e9poca de seca, ideal para trekking com menos risco de chuvas.<\/p>\n\n\n\n<p><strong>Onde ficar:<\/strong> a base dos passeios da regi\u00e3o \u00e9 na cidade de Cusco, aqui voc\u00ea conhecer o <a href=\"https:\/\/www.booking.com\/hotel\/pe\/san-francisco-inka-cusco.pt-br.html?aid=2161834&amp;sid=4e2afe4d082ee710806b9740398f3494&amp;all_sr_blocks=804537203_341838456_2_1_0&amp;checkin=2024-12-05&amp;checkout=2024-12-06&amp;dest_id=-345275&amp;dest_type=city&amp;dist=0&amp;group_adults=2&amp;group_children=0&amp;hapos=2&amp;highlighted_blocks=804537203_341838456_2_1_0&amp;hpos=2&amp;matching_block_id=804537203_341838456_2_1_0&amp;no_rooms=1&amp;req_adults=2&amp;req_children=0&amp;room1=A%2CA&amp;sb_price_type=total&amp;sr_order=popularity&amp;sr_pri_blocks=804537203_341838456_2_1_0__5204&amp;srepoch=1731609363&amp;srpvid=b39082c774890505&amp;type=total&amp;ucfs=1&amp;#hotelTmpl\" target=\"_blank\" rel=\"noopener\">Hotel Hacienda Cusco Centro Historico<\/a> | <a href=\"https:\/\/www.booking.com\/hotel\/pe\/cristobal-casona-boutique.pt-br.html?aid=2161834&amp;sid=4e2afe4d082ee710806b9740398f3494&amp;all_sr_blocks=804742112_341868271_2_1_0&amp;checkin=2024-12-05&amp;checkout=2024-12-06&amp;dest_id=-345275&amp;dest_type=city&amp;dist=0&amp;group_adults=2&amp;group_children=0&amp;hapos=3&amp;highlighted_blocks=804742112_341868271_2_1_0&amp;hpos=3&amp;matching_block_id=804742112_341868271_2_1_0&amp;no_rooms=1&amp;req_adults=2&amp;req_children=0&amp;room1=A%2CA&amp;sb_price_type=total&amp;sr_order=popularity&amp;sr_pri_blocks=804742112_341868271_2_1_0__4000&amp;srepoch=1731609363&amp;srpvid=b39082c774890505&amp;type=total&amp;ucfs=1&amp;#hotelTmpl\">CASA CRISTOBAL<\/a><\/p>\n\n\n\n<p><a href=\"https:\/\/www.turismocity.com.br\/passagens-aereas-para-LIM-Lima?utm_source=qcv&amp;utm_medium=blog\" target=\"_blank\" rel=\"noopener\"><strong>Confira o melhor pre\u00e7o de passagem a\u00e9rea para o Peru<\/strong><\/a><\/p>\n\n\n\n<h3 class=\"wp-block-heading\"><span class=\"ez-toc-section\" id=\"7_Cavernas_de_Marmore_Chile\"><\/span>7. Cavernas de M\u00e1rmore, Chile<span class=\"ez-toc-section-end\"><\/span><\/h3>\n\n\n\n<figure class=\"wp-block-image aligncenter size-full wp-image-69768\"><img loading=\"lazy\" decoding=\"async\" width=\"1280\" height=\"960\" src=\"https:\/\/quantocustaviajar.com\/blog\/wp-content\/uploads\/2015\/08\/marble-393356_1280.jpg\" alt=\"\" class=\"wp-image-69768\" srcset=\"https:\/\/quantocustaviajar.com\/blog\/wp-content\/uploads\/2015\/08\/marble-393356_1280.jpg 1280w, https:\/\/quantocustaviajar.com\/blog\/wp-content\/uploads\/2015\/08\/marble-393356_1280-300x225.jpg 300w, https:\/\/quantocustaviajar.com\/blog\/wp-content\/uploads\/2015\/08\/marble-393356_1280-1024x768.jpg 1024w, https:\/\/quantocustaviajar.com\/blog\/wp-content\/uploads\/2015\/08\/marble-393356_1280-768x576.jpg 768w\" sizes=\"auto, (max-width: 1280px) 100vw, 1280px\" \/><figcaption class=\"wp-element-caption\">Foto: <a href=\"https:\/\/pixabay.com\/pt\/photos\/m%C3%A1rmore-caverna-caverna-de-m%C3%A1rmore-393356\/\">Pixabay<\/a><\/figcaption><\/figure>\n\n\n\n<p>No meio do lago General Carrera est\u00e1 a <strong>Capilla de M\u00e1rmol<\/strong>, capela de m\u00e1rmore que mescla as cores azul e cinza, formando um belo cen\u00e1rio junto com a \u00e1gua turquesa. A forma\u00e7\u00e3o rochosa inclui t\u00faneis, pulares e caves de carbonato de c\u00e1lcio formada pela a\u00e7\u00e3o de ondas nos \u00faltimos 6 mil anos, durante a era glacial da Patag\u00f4nia Chilena.<\/p>\n\n\n\n<p><strong>Quando conhecer:<\/strong> de dezembro a mar\u00e7o, durante o ver\u00e3o, quando o Lago General Carrera tem colora\u00e7\u00e3o vibrante!<\/p>\n\n\n\n<p><strong>Onde ficar: <a href=\"https:\/\/www.booking.com\/hotel\/ar\/ayres-del-lago-los-antiguos.pt-br.html?aid=2161834&amp;sid=4e2afe4d082ee710806b9740398f3494&amp;all_sr_blocks=1131356701_385787905_2_1_0&amp;checkin=2024-12-05&amp;checkout=2024-12-06&amp;dest_id=900071457&amp;dest_type=landmark&amp;dist=0&amp;group_adults=2&amp;group_children=0&amp;hapos=1&amp;highlighted_blocks=1131356701_385787905_2_1_0&amp;hpos=1&amp;matching_block_id=1131356701_385787905_2_1_0&amp;no_rooms=1&amp;req_adults=2&amp;req_children=0&amp;room1=A%2CA&amp;sb_price_type=total&amp;sr_order=popularity&amp;sr_pri_blocks=1131356701_385787905_2_1_0__7800&amp;srepoch=1731609458&amp;srpvid=913582f726550645&amp;type=total&amp;ucfs=1&amp;#hotelTmpl\" target=\"_blank\" rel=\"noopener\">Ayres del Lago<\/a> | <a href=\"https:\/\/www.booking.com\/hotel\/cl\/hosteria-de-la-patagonia.pt-br.html?aid=2161834&amp;sid=4e2afe4d082ee710806b9740398f3494&amp;all_sr_blocks=100508307_335405537_2_1_0&amp;checkin=2024-12-05&amp;checkout=2024-12-06&amp;dest_id=900071457&amp;dest_type=landmark&amp;dist=0&amp;group_adults=2&amp;group_children=0&amp;hapos=3&amp;highlighted_blocks=100508307_335405537_2_1_0&amp;hpos=3&amp;matching_block_id=100508307_335405537_2_1_0&amp;no_rooms=1&amp;req_adults=2&amp;req_children=0&amp;room1=A%2CA&amp;sb_price_type=total&amp;sr_order=popularity&amp;sr_pri_blocks=100508307_335405537_2_1_0__10000&amp;srepoch=1731609458&amp;srpvid=913582f726550645&amp;type=total&amp;ucfs=1&amp;#hotelTmpl\" target=\"_blank\" rel=\"noopener\">Hoster\u00eda de la Patagonia<\/a><br><\/strong><\/p>\n\n\n\n<h3 class=\"wp-block-heading\"><span class=\"ez-toc-section\" id=\"8_Praia_de_Morro_Branco_em_Beberibe_Ceara\"><\/span>8. Praia de Morro Branco em Beberibe, Cear\u00e1<span class=\"ez-toc-section-end\"><\/span><\/h3>\n\n\n\n<figure class=\"wp-block-image aligncenter size-full wp-image-69770\"><img loading=\"lazy\" decoding=\"async\" width=\"1280\" height=\"853\" src=\"https:\/\/quantocustaviajar.com\/blog\/wp-content\/uploads\/2015\/08\/Praia_do_Morro_Branco_Ceara.jpg\" alt=\"\" class=\"wp-image-69770\" srcset=\"https:\/\/quantocustaviajar.com\/blog\/wp-content\/uploads\/2015\/08\/Praia_do_Morro_Branco_Ceara.jpg 1280w, https:\/\/quantocustaviajar.com\/blog\/wp-content\/uploads\/2015\/08\/Praia_do_Morro_Branco_Ceara-300x200.jpg 300w, https:\/\/quantocustaviajar.com\/blog\/wp-content\/uploads\/2015\/08\/Praia_do_Morro_Branco_Ceara-1024x682.jpg 1024w, https:\/\/quantocustaviajar.com\/blog\/wp-content\/uploads\/2015\/08\/Praia_do_Morro_Branco_Ceara-768x512.jpg 768w\" sizes=\"auto, (max-width: 1280px) 100vw, 1280px\" \/><figcaption class=\"wp-element-caption\">Foto: <a href=\"https:\/\/upload.wikimedia.org\/wikipedia\/commons\/thumb\/b\/b8\/Praia_do_Morro_Branco_Cear%C3%A1.jpg\/1280px-Praia_do_Morro_Branco_Cear%C3%A1.jpg\">Wikimedia Commons<\/a><\/figcaption><\/figure>\n\n\n\n<p>A areia de v\u00e1rias colora\u00e7\u00f5es da Praia de Morro Branco \u00e9 utilizada para silicografia, arte feita dentro de garrafas, e esse \u00e9 um dos <strong>lugares lindos na Am\u00e9rica Latina <\/strong>que serve como&nbsp;cen\u00e1rio para fotos impressionantes. As fal\u00e9sias vermelhas, cheias de labirintos, tamb\u00e9m j\u00e1 apareceu na TV muitas vezes, como na novela &#8220;Final Feliz&#8221; e no programa &#8220;No Limite&#8221;. Do topo do morro, um p\u00f4r-do-sol maravilhoso. Vale a pena esticar o passeio at\u00e9 a tranquila Lagoa do Urua\u00fa.<\/p>\n\n\n\n<p><strong>Qual a melhor \u00e9poca para ir ao Cear\u00e1?<\/strong> Este \u00e9 um dos estados que praticamente n\u00e3o tem tempo ruim e d\u00e1 para viajar o ano todo, mas de de agosto a dezembro o clima \u00e9 seco e mar mais calmo, ent\u00e3o fica ainda melhor.<\/p>\n\n\n\n<p><strong>Onde ficar: <a href=\"https:\/\/www.booking.com\/hotel\/br\/pousada-ocas-do-indio.pt-br.html?aid=2161834&amp;sid=4e2afe4d082ee710806b9740398f3494&amp;all_sr_blocks=34675301_352970449_2_1_0&amp;checkin=2024-12-05&amp;checkout=2024-12-06&amp;dest_id=-656098&amp;dest_type=city&amp;dist=0&amp;group_adults=2&amp;group_children=0&amp;hapos=6&amp;highlighted_blocks=34675301_352970449_2_1_0&amp;hpos=6&amp;matching_block_id=34675301_352970449_2_1_0&amp;no_rooms=1&amp;req_adults=2&amp;req_children=0&amp;room1=A%2CA&amp;sb_price_type=total&amp;sr_order=popularity&amp;sr_pri_blocks=34675301_352970449_2_1_0__39294&amp;srepoch=1731609523&amp;srpvid=467183136c220d5c&amp;type=total&amp;ucfs=1&amp;#hotelTmpl\" target=\"_blank\" rel=\"noopener\">Ocas do \u00cdndio Hotel Spa<\/a> | <a href=\"https:\/\/www.booking.com\/hotel\/br\/pousada-villa-mariposa-beberibe123.pt-br.html?aid=2161834&amp;sid=4e2afe4d082ee710806b9740398f3494&amp;all_sr_blocks=815759205_362579889_2_1_0&amp;checkin=2024-12-05&amp;checkout=2024-12-06&amp;dest_id=-656098&amp;dest_type=city&amp;dist=0&amp;group_adults=2&amp;group_children=0&amp;hapos=4&amp;highlighted_blocks=815759205_362579889_2_1_0&amp;hpos=4&amp;matching_block_id=815759205_362579889_2_1_0&amp;no_rooms=1&amp;req_adults=2&amp;req_children=0&amp;room1=A%2CA&amp;sb_price_type=total&amp;sr_order=popularity&amp;sr_pri_blocks=815759205_362579889_2_1_0__18900&amp;srepoch=1731609517&amp;srpvid=467183136c220d5c&amp;type=total&amp;ucfs=1&amp;#hotelTmpl\">Pousada Villa Mariposa<\/a><br><\/strong><\/p>\n\n\n\n<p><a href=\"https:\/\/www.turismocity.com.br\/passagens-aereas-para-FOR-Fortaleza?utm_source=qcv&amp;utm_medium=blog\" target=\"_blank\" rel=\"noopener\"><strong>Encontre passagem barata para Fortaleza aqui.<\/strong><\/a><\/p>\n\n\n\n<h3 class=\"wp-block-heading\"><span class=\"ez-toc-section\" id=\"9_Delta_do_Parnaiba_Piaui\"><\/span>9. <a href=\"https:\/\/quantocustaviajar.com\/blog\/delta-do-parnaiba\/\" target=\"_blank\" rel=\"noopener\">Delta do Parna\u00edba<\/a>, Piau\u00ed<span class=\"ez-toc-section-end\"><\/span><\/h3>\n\n\n\n<figure class=\"wp-block-image aligncenter size-full wp-image-69773\"><img loading=\"lazy\" decoding=\"async\" width=\"1280\" height=\"960\" src=\"https:\/\/quantocustaviajar.com\/blog\/wp-content\/uploads\/2015\/08\/1280px-Delta_do_Parnaiba_2019.jpg\" alt=\"\" class=\"wp-image-69773\" srcset=\"https:\/\/quantocustaviajar.com\/blog\/wp-content\/uploads\/2015\/08\/1280px-Delta_do_Parnaiba_2019.jpg 1280w, https:\/\/quantocustaviajar.com\/blog\/wp-content\/uploads\/2015\/08\/1280px-Delta_do_Parnaiba_2019-300x225.jpg 300w, https:\/\/quantocustaviajar.com\/blog\/wp-content\/uploads\/2015\/08\/1280px-Delta_do_Parnaiba_2019-1024x768.jpg 1024w, https:\/\/quantocustaviajar.com\/blog\/wp-content\/uploads\/2015\/08\/1280px-Delta_do_Parnaiba_2019-768x576.jpg 768w\" sizes=\"auto, (max-width: 1280px) 100vw, 1280px\" \/><figcaption class=\"wp-element-caption\">Foto: <a href=\"https:\/\/upload.wikimedia.org\/wikipedia\/commons\/thumb\/b\/b1\/Delta_do_Parnaiba_2019.jpg\/1280px-Delta_do_Parnaiba_2019.jpg\">Wikimedia Commons<\/a><\/figcaption><\/figure>\n\n\n\n<p>Em meio a Chapada das Mangabeiras, a 365 km de Teresina, est\u00e1 o Delta do Para\u00edba, o \u00fanico das Am\u00e9ricas que des\u00e1gua em mar aberto. A regi\u00e3o cria 73 ilhas em 2.700 km\u00b2, espalhando iguap\u00e9s, manguezais, restingas e praias que s\u00f3 o Nordeste brasileiro tem. Al\u00e9m da vegeta\u00e7\u00e3o rasteira, a fauna tamb\u00e9m ganha destaque com a presen\u00e7a de jacar\u00e9s do papo amarelo, caranguejos-u\u00e7\u00e1, gar\u00e7as e macacos-prego. <a href=\"https:\/\/www.civitatis.com\/pt\/araioses\/passeio-barco-delta-parnaiba\/?aid=100232&amp;cmp=lugaresAL\" target=\"_blank\" rel=\"noopener\">Voc\u00ea pode agendar online esse passeio.<\/a><\/p>\n\n\n\n<p><strong>Quando viajar:<\/strong> conhe\u00e7a o Piau\u00ed de julho a setembro, temporada seca e mais agrad\u00e1vel para passeios de barco.<\/p>\n\n\n\n<p><strong>Onde ficar: <a href=\"https:\/\/www.booking.com\/hotel\/br\/vila-parnaiba.pt-br.html?aid=2161834&amp;sid=4e2afe4d082ee710806b9740398f3494&amp;all_sr_blocks=33652207_121858578_2_1_0_405239&amp;checkin=2024-12-05&amp;checkout=2024-12-06&amp;dest_id=280907&amp;dest_type=hotel&amp;dist=0&amp;group_adults=2&amp;group_children=0&amp;hapos=2&amp;highlighted_blocks=33652207_121858578_2_1_0_405239&amp;hpos=2&amp;matching_block_id=33652207_121858578_2_1_0_405239&amp;no_rooms=1&amp;req_adults=2&amp;req_children=0&amp;room1=A%2CA&amp;sb_price_type=total&amp;sr_order=popularity&amp;sr_pri_blocks=33652207_121858578_2_1_0_405239_36720&amp;srepoch=1731609577&amp;srpvid=427d832e9df600bb&amp;type=total&amp;ucfs=1&amp;#hotelTmpl\" target=\"_blank\" rel=\"noopener\">Vila Parnaiba<\/a> | <a href=\"https:\/\/www.booking.com\/hotel\/br\/nautillus-parnaiba.pt-br.html?aid=2161834&amp;sid=4e2afe4d082ee710806b9740398f3494&amp;all_sr_blocks=78249102_397271899_2_1_0&amp;checkin=2024-12-05&amp;checkout=2024-12-06&amp;dest_id=280907&amp;dest_type=hotel&amp;dist=0&amp;group_adults=2&amp;group_children=0&amp;hapos=3&amp;highlighted_blocks=78249102_397271899_2_1_0&amp;hpos=3&amp;matching_block_id=78249102_397271899_2_1_0&amp;no_rooms=1&amp;req_adults=2&amp;req_children=0&amp;room1=A%2CA&amp;sb_price_type=total&amp;sr_order=popularity&amp;sr_pri_blocks=78249102_397271899_2_1_0__29000&amp;srepoch=1731609582&amp;srpvid=427d832e9df600bb&amp;type=total&amp;ucfs=1&amp;#hotelTmpl\">Nautillus Hotel<\/a><br><\/strong><\/p>\n\n\n\n<p><a href=\"https:\/\/www.turismocity.com.br\/passagens-aereas-para-THE-Teresina?utm_source=qcv&amp;utm_medium=blog\" target=\"_blank\" rel=\"noopener\"><strong>Pesquise passagem a\u00e9rea para Teresina aqui.<\/strong><\/a><\/p>\n\n\n\n<h3 class=\"wp-block-heading\"><span class=\"ez-toc-section\" id=\"10_Gruta_da_Pratinha_na_Chapada_da_Diamantina_Bahia\"><\/span>10. Gruta da Pratinha na <a href=\"https:\/\/quantocustaviajar.com\/brasil\/lencois\" target=\"_blank\" rel=\"noopener noreferrer\">Chapada da Diamantina, Bahia<\/a><span class=\"ez-toc-section-end\"><\/span><\/h3>\n\n\n\n<figure class=\"wp-block-image aligncenter size-full wp-image-69775\"><img loading=\"lazy\" decoding=\"async\" width=\"1280\" height=\"855\" src=\"https:\/\/quantocustaviajar.com\/blog\/wp-content\/uploads\/2015\/08\/PARNA_Chapada_Diamantina_Gruta_da_Pratinha.jpg\" alt=\"\" class=\"wp-image-69775\" srcset=\"https:\/\/quantocustaviajar.com\/blog\/wp-content\/uploads\/2015\/08\/PARNA_Chapada_Diamantina_Gruta_da_Pratinha.jpg 1280w, https:\/\/quantocustaviajar.com\/blog\/wp-content\/uploads\/2015\/08\/PARNA_Chapada_Diamantina_Gruta_da_Pratinha-300x200.jpg 300w, https:\/\/quantocustaviajar.com\/blog\/wp-content\/uploads\/2015\/08\/PARNA_Chapada_Diamantina_Gruta_da_Pratinha-1024x684.jpg 1024w, https:\/\/quantocustaviajar.com\/blog\/wp-content\/uploads\/2015\/08\/PARNA_Chapada_Diamantina_Gruta_da_Pratinha-768x513.jpg 768w\" sizes=\"auto, (max-width: 1280px) 100vw, 1280px\" \/><figcaption class=\"wp-element-caption\">Foto: <a href=\"https:\/\/upload.wikimedia.org\/wikipedia\/commons\/thumb\/1\/17\/PARNA_Chapada_Diamantina_Gruta_da_Pratinha.jpg\/1280px-PARNA_Chapada_Diamantina_Gruta_da_Pratinha.jpg\">Wikimedia Commons<\/a><\/figcaption><\/figure>\n\n\n\n<p>A Chapada da Diamantina tem tantas belezas, que \u00e9 dif\u00edcil selecionar uma para a lista. Um dos lugares mais incr\u00edveis \u00e9 a <a href=\"https:\/\/quantocustaviajar.com\/blog\/gruta-da-pratinha-e-gruta-azul\/\">Gruta da Pratinha<\/a>, com suas \u00e1guas intensamente azuis e transparentes, que fica dentro da Fazenda Pratinha. Outro ponto alto do passeio \u00e9 a Gruta Azul, um lago transl\u00facido onde n\u00e3o se pode mergulhar por conta da profundidade, que chega a 70 metros. O local fica ainda mais bonito entre 14h e 15h, quando o sol entra por meio de uma abertura na rocha. <a href=\"https:\/\/www.civitatis.com\/pt\/lencois\/grutas-chapada-diamantina-morro-pai-inacio\/?aid=100232&amp;cmp=lugaresAL\" target=\"_blank\" rel=\"noopener\">Confira essa excurs\u00e3o pelas grutas da Chapada da Diamantina.<\/a><\/p>\n\n\n\n<p><strong>Melhor per\u00edodo para viajar: <\/strong>aqui o ideal \u00e9 viajar de maio a setembro, \u00e9poca seca que facilita a visita \u00e0s cavernas e cachoeiras.<\/p>\n\n\n\n<p><strong>Onde ficar:<\/strong> fique na cidade de Len\u00e7\u00f3is e conhe\u00e7a a <a href=\"https:\/\/www.booking.com\/hotel\/br\/pousada-alto-do-cajueiro.pt-br.html?aid=2161834&amp;sid=4e2afe4d082ee710806b9740398f3494&amp;all_sr_blocks=39637915_348291898_2_1_0&amp;checkin=2024-12-05&amp;checkout=2024-12-06&amp;dest_id=-651759&amp;dest_type=city&amp;dist=0&amp;group_adults=2&amp;group_children=0&amp;hapos=1&amp;highlighted_blocks=39637915_348291898_2_1_0&amp;hpos=1&amp;matching_block_id=39637915_348291898_2_1_0&amp;no_rooms=1&amp;req_adults=2&amp;req_children=0&amp;room1=A%2CA&amp;sb_price_type=total&amp;sr_order=popularity&amp;sr_pri_blocks=39637915_348291898_2_1_0__28600&amp;srepoch=1731609667&amp;srpvid=b5fd83577daa082b&amp;type=total&amp;ucfs=1&amp;#hotelTmpl\" target=\"_blank\" rel=\"noopener\">Pousada Alto do Cajueiro<\/a> | <a href=\"https:\/\/www.booking.com\/hotel\/br\/pousada-vila-serrano.pt-br.html?aid=2161834&amp;sid=4e2afe4d082ee710806b9740398f3494&amp;all_sr_blocks=49648513_379792262_2_1_0&amp;checkin=2024-12-05&amp;checkout=2024-12-06&amp;dest_id=-651759&amp;dest_type=city&amp;dist=0&amp;group_adults=2&amp;group_children=0&amp;hapos=2&amp;highlighted_blocks=49648513_379792262_2_1_0&amp;hpos=2&amp;matching_block_id=49648513_379792262_2_1_0&amp;no_rooms=1&amp;req_adults=2&amp;req_children=0&amp;room1=A%2CA&amp;sb_price_type=total&amp;sr_order=popularity&amp;sr_pri_blocks=49648513_379792262_2_1_0__53100&amp;srepoch=1731609670&amp;srpvid=b5fd83577daa082b&amp;type=total&amp;ucfs=1&amp;#hotelTmpl\" target=\"_blank\" rel=\"noopener\">Pousada Vila Serrano<\/a><\/p>\n\n\n\n<h3 class=\"wp-block-heading\"><span class=\"ez-toc-section\" id=\"11_Canion_de_Xingo_%E2%80%93_Sergipe\"><\/span>11. <a href=\"https:\/\/quantocustaviajar.com\/brasil\/aracaju\" target=\"_blank\" rel=\"noopener noreferrer\">C\u00e2nion de Xing\u00f3 &#8211; Sergipe<\/a><span class=\"ez-toc-section-end\"><\/span><\/h3>\n\n\n\n<figure class=\"wp-block-image aligncenter size-full wp-image-69777\"><img loading=\"lazy\" decoding=\"async\" width=\"1280\" height=\"960\" src=\"https:\/\/quantocustaviajar.com\/blog\/wp-content\/uploads\/2015\/08\/1280px-Canion_Xingo.jpg\" alt=\"\" class=\"wp-image-69777\" srcset=\"https:\/\/quantocustaviajar.com\/blog\/wp-content\/uploads\/2015\/08\/1280px-Canion_Xingo.jpg 1280w, https:\/\/quantocustaviajar.com\/blog\/wp-content\/uploads\/2015\/08\/1280px-Canion_Xingo-300x225.jpg 300w, https:\/\/quantocustaviajar.com\/blog\/wp-content\/uploads\/2015\/08\/1280px-Canion_Xingo-1024x768.jpg 1024w, https:\/\/quantocustaviajar.com\/blog\/wp-content\/uploads\/2015\/08\/1280px-Canion_Xingo-768x576.jpg 768w\" sizes=\"auto, (max-width: 1280px) 100vw, 1280px\" \/><figcaption class=\"wp-element-caption\">Foto: <a href=\"https:\/\/upload.wikimedia.org\/wikipedia\/commons\/thumb\/6\/6f\/C%C3%A2nion_Xing%C3%B3.jpg\/1280px-C%C3%A2nion_Xing%C3%B3.jpg\">Wikimedia Commons<\/a><\/figcaption><\/figure>\n\n\n\n<p>Em Canind\u00e9 do S\u00e3o Francisco, cidadezinha simp\u00e1tica, o grande atrativo \u00e9 o c\u00e2nion do Complexo Tur\u00edstico de Xing\u00f3, entre Sergipe, Alagoas e Bahia. Formado por um vale de 170 metros de profundidade, o c\u00e2nion tem 65 km de extens\u00e3o, onde os turistas percorrem de barco entre as rochas de granito avermelhado e cinza. A paisagem r\u00fastica do passeio chega at\u00e9 a Gruta do Talhado, um dos lugares mais belos da regi\u00e3o. <a href=\"https:\/\/www.civitatis.com\/pt\/aracaju\/excursao-canion-xingo\/?aid=100232&amp;cmp=lugaresAL\" target=\"_blank\" rel=\"noopener\">Voc\u00ea pode fazer esse passeio saindo de Aracaju<\/a>.<\/p>\n\n\n\n<p><strong>Quando visitar o C\u00e2nion do Xing\u00f3:<\/strong> entre setembro a mar\u00e7o, com clima mais quente, ideal para passeios de barco.<\/p>\n\n\n\n<p><strong>Onde ficar: <a href=\"https:\/\/www.booking.com\/hotel\/br\/canions-pousada-caninde-de-sao-francisco.pt-br.html?aid=2161834&amp;sid=4e2afe4d082ee710806b9740398f3494&amp;all_sr_blocks=849463501_353571307_2_1_0&amp;checkin=2024-12-05&amp;checkout=2024-12-06&amp;dest_id=-634603&amp;dest_type=city&amp;dist=0&amp;group_adults=2&amp;group_children=0&amp;hapos=1&amp;highlighted_blocks=849463501_353571307_2_1_0&amp;hpos=1&amp;matching_block_id=849463501_353571307_2_1_0&amp;no_rooms=1&amp;req_adults=2&amp;req_children=0&amp;room1=A%2CA&amp;sb_price_type=total&amp;sr_order=popularity&amp;sr_pri_blocks=849463501_353571307_2_1_0__17000&amp;srepoch=1731609757&amp;srpvid=791383875f5f0088&amp;type=total&amp;ucfs=1&amp;#hotelTmpl\">Canions Pousada<\/a> | <a href=\"https:\/\/www.booking.com\/hotel\/br\/xingo-parque.pt-br.html?aid=2161834&amp;sid=4e2afe4d082ee710806b9740398f3494&amp;all_sr_blocks=26407402_120729386_3_1_0&amp;checkin=2024-12-05&amp;checkout=2024-12-06&amp;dest_id=-634603&amp;dest_type=city&amp;dist=0&amp;group_adults=2&amp;group_children=0&amp;hapos=3&amp;highlighted_blocks=26407402_120729386_3_1_0&amp;hpos=3&amp;matching_block_id=26407402_120729386_3_1_0&amp;no_rooms=1&amp;req_adults=2&amp;req_children=0&amp;room1=A%2CA&amp;sb_price_type=total&amp;sr_order=popularity&amp;sr_pri_blocks=26407402_120729386_3_1_0__85310&amp;srepoch=1731609761&amp;srpvid=791383875f5f0088&amp;type=total&amp;ucfs=1&amp;#hotelTmpl\">Xing\u00f3 Parque Hotel<\/a><br><\/strong><\/p>\n\n\n\n<p><a href=\"https:\/\/www.turismocity.com.br\/passagens-aereas-para-AJU-Aracaju?utm_source=qcv&amp;utm_medium=blog\" target=\"_blank\" rel=\"noopener\">Compre sua passagem a\u00e9rea para Aracaju aqui.<\/a><\/p>\n\n\n\n<h3 class=\"wp-block-heading\"><span class=\"ez-toc-section\" id=\"12_Geiseres_del_Tatio_Chile\"><\/span><strong>12. <a title=\"S\u00e3o Pedro do Atacama\" href=\"https:\/\/quantocustaviajar.com\/chile\/san-pedro-de-atacama\" target=\"_blank\" rel=\"noopener noreferrer\">G\u00eaiseres del Tatio, Chile<\/a><\/strong><span class=\"ez-toc-section-end\"><\/span><\/h3>\n\n\n\n<figure class=\"wp-block-image aligncenter size-full wp-image-69779\"><img loading=\"lazy\" decoding=\"async\" width=\"1280\" height=\"852\" src=\"https:\/\/quantocustaviajar.com\/blog\/wp-content\/uploads\/2015\/08\/geysers-del-tatio-3837854_1280.jpg\" alt=\"\" class=\"wp-image-69779\" srcset=\"https:\/\/quantocustaviajar.com\/blog\/wp-content\/uploads\/2015\/08\/geysers-del-tatio-3837854_1280.jpg 1280w, https:\/\/quantocustaviajar.com\/blog\/wp-content\/uploads\/2015\/08\/geysers-del-tatio-3837854_1280-300x200.jpg 300w, https:\/\/quantocustaviajar.com\/blog\/wp-content\/uploads\/2015\/08\/geysers-del-tatio-3837854_1280-1024x682.jpg 1024w, https:\/\/quantocustaviajar.com\/blog\/wp-content\/uploads\/2015\/08\/geysers-del-tatio-3837854_1280-768x511.jpg 768w\" sizes=\"auto, (max-width: 1280px) 100vw, 1280px\" \/><figcaption class=\"wp-element-caption\">Foto: <a href=\"https:\/\/pixabay.com\/pt\/photos\/geysers-del-tatio-atacama-chile-3837854\/\">Pixabay<\/a><\/figcaption><\/figure>\n\n\n\n<p>No Deserto do Atacama h\u00e1 muitas atra\u00e7\u00f5es e <strong>lugares lindos na Am\u00e9rica Latina<\/strong>, mas uma das mais instigantes s\u00e3o os G\u00eaiseres del Tatio. Junto da gruta El Lazzi, o campo geot\u00e9rmico fica em meio ao Vale de la Luna, tendo sua melhor forma antes do sol nascer. O vapor e os jatos d&#8217;\u00e1gua s\u00e3o fonte de uma nascente termal, que tem ponto de ebuli\u00e7\u00e3o a 80\u00baC e pode ser visitada pelo p\u00fablico. <a href=\"https:\/\/www.civitatis.com\/pt\/san-pedro-de-atacama\/excursao-el-tatio-machuca?aid=100232&amp;cmp=lugaresAL\" target=\"_blank\" rel=\"noopener\">Reserve online esse passeio.<\/a><\/p>\n\n\n\n<p><a href=\"https:\/\/www.turismocity.com.br\/passagens-aereas-para-CJC-Calama?utm_source=qcv&amp;utm_medium=blog\" target=\"_blank\" rel=\"noopener\"><strong>Encontre aqui sua passagem a\u00e9rea para Calama<\/strong><\/a><\/p>\n\n\n\n<p><strong>Dica de per\u00edodo para viajar:<\/strong> se conseguir, v\u00e1 de maio a setembro, per\u00edodo com maior atividade dos g\u00eaiseres e paisagens de inverno.<\/p>\n\n\n\n<p><strong>Onde ficar: <a href=\"https:\/\/www.booking.com\/hotel\/cl\/park-plaza-calama.pt-br.html?aid=2161834&amp;sid=4e2afe4d082ee710806b9740398f3494&amp;all_sr_blocks=28535004_202211638_0_1_0&amp;checkin=2024-12-05&amp;checkout=2024-12-06&amp;dest_id=-874643&amp;dest_type=city&amp;dist=0&amp;group_adults=2&amp;group_children=0&amp;hapos=2&amp;highlighted_blocks=28535004_202211638_0_1_0&amp;hpos=2&amp;matching_block_id=28535004_202211638_0_1_0&amp;no_rooms=1&amp;req_adults=2&amp;req_children=0&amp;room1=A%2CA&amp;sb_price_type=total&amp;sr_order=popularity&amp;sr_pri_blocks=28535004_202211638_0_1_0__6800&amp;srepoch=1731609826&amp;srpvid=d74383acecb902b8&amp;type=total&amp;ucfs=1&amp;#hotelTmpl\">Park Hotel Calama<\/a> | <a href=\"https:\/\/www.booking.com\/hotel\/cl\/geotel-calama.pt-br.html?aid=2161834&amp;sid=4e2afe4d082ee710806b9740398f3494&amp;all_sr_blocks=129303101_195252385_0_1_0_552350&amp;checkin=2024-12-05&amp;checkout=2024-12-06&amp;dest_id=-874643&amp;dest_type=city&amp;dist=0&amp;group_adults=2&amp;group_children=0&amp;hapos=1&amp;highlighted_blocks=129303101_195252385_0_1_0_552350&amp;hpos=1&amp;matching_block_id=129303101_195252385_0_1_0_552350&amp;no_rooms=1&amp;req_adults=2&amp;req_children=0&amp;room1=A%2CA&amp;sb_price_type=total&amp;sr_order=popularity&amp;sr_pri_blocks=129303101_195252385_0_1_0_552350_6480&amp;srepoch=1731609821&amp;srpvid=d74383acecb902b8&amp;type=total&amp;ucfs=1&amp;#hotelTmpl\">Geotel Calama<\/a><br><\/strong><\/p>\n\n\n\n<h3 class=\"wp-block-heading\"><span class=\"ez-toc-section\" id=\"13_Bonito_Mato_Grosso_do_Sul\"><\/span><strong>13. <a title=\"Bonito\" href=\"https:\/\/quantocustaviajar.com\/brasil\/bonito\" target=\"_blank\" rel=\"noopener noreferrer\">Bonito, Mato Grosso do Sul<\/a><\/strong><span class=\"ez-toc-section-end\"><\/span><\/h3>\n\n\n\n<figure class=\"wp-block-image aligncenter\"><img loading=\"lazy\" decoding=\"async\" width=\"1024\" height=\"576\" src=\"https:\/\/quantocustaviajar.com\/blog\/wp-content\/uploads\/2015\/08\/1024px-Flutuacao_Nascente_Azul_Bonito_MS-1.jpg\" alt=\"\" class=\"wp-image-69781\" srcset=\"https:\/\/quantocustaviajar.com\/blog\/wp-content\/uploads\/2015\/08\/1024px-Flutuacao_Nascente_Azul_Bonito_MS-1.jpg 1024w, https:\/\/quantocustaviajar.com\/blog\/wp-content\/uploads\/2015\/08\/1024px-Flutuacao_Nascente_Azul_Bonito_MS-1-300x169.jpg 300w, https:\/\/quantocustaviajar.com\/blog\/wp-content\/uploads\/2015\/08\/1024px-Flutuacao_Nascente_Azul_Bonito_MS-1-768x432.jpg 768w\" sizes=\"auto, (max-width: 1024px) 100vw, 1024px\" \/><\/figure>\n\n\n\n<p><span style=\"color: initial;\">Foto: <a href=\"https:\/\/upload.wikimedia.org\/wikipedia\/commons\/thumb\/5\/5b\/Flutuacao_Nascente_Azul_Bonito_MS.jpg\/1024px-Flutuacao_Nascente_Azul_Bonito_MS.jpg\">Wikimedia Commons<\/a><\/span><\/p>\n\n\n\n<p>O nome j\u00e1 diz tudo: Bonito est\u00e1 cercado de belezas e \u00f3bvio que isso torna o destino um dos <strong>lugares lindos na Am\u00e9rica Latina.<\/strong> Um dos locais mais lindos de Bonito \u00e9 a deslumbrante Gruta Azul, a 20 km da cidade, descoberta por um \u00edndio em 1924. Esperto foi ele, que desbravou o lago intensamente azul, que tem 90 metros de profundidade. J\u00e1 o Rio Sucuri, no mesmo territ\u00f3rio, tamb\u00e9m impressiona pelas \u00e1guas azuis e cristalinas, que chamam para um mergulho.<\/p>\n\n\n\n<p><strong>Quando visitar Bonito:<\/strong> o ideal \u00e9 visitar durante a temporada seca e de prefer\u00eancia com calor, para poder aproveitar as atividades ao ar livre e na \u00e1gua. Entre maio e setembro os rios est\u00e3o mais cristalinos para flutua\u00e7\u00e3o, mas voc\u00ea pode pegar frio em julho!<\/p>\n\n\n\n<p><strong>Onde ficar: <a href=\"https:\/\/www.booking.com\/hotel\/br\/clh-suites-bonito.pt-br.html?aid=2161834&amp;sid=4e2afe4d082ee710806b9740398f3494&amp;all_sr_blocks=114632601_403515185_0_2_0&amp;checkin=2024-12-05&amp;checkout=2024-12-06&amp;dest_id=-630754&amp;dest_type=city&amp;dist=0&amp;group_adults=2&amp;group_children=0&amp;hapos=1&amp;highlighted_blocks=114632601_403515185_0_2_0&amp;hpos=1&amp;matching_block_id=114632601_403515185_0_2_0&amp;no_rooms=1&amp;req_adults=2&amp;req_children=0&amp;room1=A%2CA&amp;sb_price_type=total&amp;sr_order=popularity&amp;sr_pri_blocks=114632601_403515185_0_2_0__18420&amp;srepoch=1731609875&amp;srpvid=45d983c2b0940578&amp;type=total&amp;ucfs=1&amp;#hotelTmpl\">CLH Suites Bonito Centro<\/a> | <a href=\"https:\/\/www.booking.com\/hotel\/br\/pousada-galeria-artes.pt-br.html?aid=2161834&amp;sid=4e2afe4d082ee710806b9740398f3494&amp;all_sr_blocks=31671201_276682436_2_1_0&amp;checkin=2024-12-05&amp;checkout=2024-12-06&amp;dest_id=-630754&amp;dest_type=city&amp;dist=0&amp;group_adults=2&amp;group_children=0&amp;hapos=2&amp;highlighted_blocks=31671201_276682436_2_1_0&amp;hpos=2&amp;matching_block_id=31671201_276682436_2_1_0&amp;no_rooms=1&amp;req_adults=2&amp;req_children=0&amp;room1=A%2CA&amp;sb_price_type=total&amp;sr_order=popularity&amp;sr_pri_blocks=31671201_276682436_2_1_0__29900&amp;srepoch=1731609879&amp;srpvid=45d983c2b0940578&amp;type=total&amp;ucfs=1&amp;#hotelTmpl\">Pousada Galeria Artes<\/a><\/strong><\/p>\n\n\n\n<h3 class=\"wp-block-heading\"><span class=\"ez-toc-section\" id=\"14_Jalapao_Tocantins\"><\/span><strong>14. <\/strong><strong>Jalap\u00e3o, Tocantins<\/strong><span class=\"ez-toc-section-end\"><\/span><\/h3>\n\n\n\n<figure class=\"wp-block-image aligncenter wp-image-69784 size-full\"><img loading=\"lazy\" decoding=\"async\" width=\"1024\" height=\"678\" src=\"https:\/\/quantocustaviajar.com\/blog\/wp-content\/uploads\/2015\/08\/2013-11.passeio_jalapao-382.jpg\" alt=\"lugares lindos na Am\u00e9rica Latina\" class=\"wp-image-69784\" srcset=\"https:\/\/quantocustaviajar.com\/blog\/wp-content\/uploads\/2015\/08\/2013-11.passeio_jalapao-382.jpg 1024w, https:\/\/quantocustaviajar.com\/blog\/wp-content\/uploads\/2015\/08\/2013-11.passeio_jalapao-382-300x199.jpg 300w, https:\/\/quantocustaviajar.com\/blog\/wp-content\/uploads\/2015\/08\/2013-11.passeio_jalapao-382-768x509.jpg 768w\" sizes=\"auto, (max-width: 1024px) 100vw, 1024px\" \/><figcaption class=\"wp-element-caption\">Foto: <a href=\"https:\/\/upload.wikimedia.org\/wikipedia\/commons\/thumb\/4\/42\/2013-11.passeio_jalapao-382.jpg\/1024px-2013-11.passeio_jalapao-382.jpg\">Wikimedia Commons<\/a><\/figcaption><\/figure>\n\n\n\n<p>O Tocantins tamb\u00e9m tem <strong>lugares lindos na Am\u00e9rica Latina <\/strong>e suas belezas precisam ser divulgadas mundo afora. O Parque Estadual do Jalap\u00e3o tem in\u00fameras atra\u00e7\u00f5es, como as belas dunas avermelhadas, que tem um rio em suas margens, a cachoeira da Formiga e o Fervedouro, lago de visual cinematogr\u00e1fico. <a href=\"https:\/\/www.civitatis.com\/pt\/palmas\/tour-seis-dias-parque-jalapao\/?aid=100232&amp;cmp=lugaresAL\" target=\"_blank\" rel=\"noopener\">Aqui voc\u00ea pode contratar um tour pelo Jalap\u00e3o<\/a>.<\/p>\n\n\n\n<p><strong>Quando visitar:<\/strong> v\u00e1 para o Jalap\u00e3o de maio a setembro, com menor probabilidade de chuvas e melhor acesso \u00e0s estradas.<\/p>\n\n\n\n<p><strong>Onde ficar: <a href=\"https:\/\/www.booking.com\/hotel\/br\/pousada-beira-da-mata-jalapao.pt-br.html?aid=2161834&amp;sid=4e2afe4d082ee710806b9740398f3494&amp;all_sr_blocks=939928902_403744429_2_1_0&amp;checkin=2024-12-05&amp;checkout=2024-12-06&amp;dest_id=15457&amp;dest_type=region&amp;dist=0&amp;group_adults=2&amp;group_children=0&amp;hapos=1&amp;highlighted_blocks=939928902_403744429_2_1_0&amp;hpos=1&amp;matching_block_id=939928902_403744429_2_1_0&amp;no_rooms=1&amp;req_adults=2&amp;req_children=0&amp;room1=A%2CA&amp;sb_price_type=total&amp;sr_order=popularity&amp;sr_pri_blocks=939928902_403744429_2_1_0__40000&amp;srepoch=1731609916&amp;srpvid=30b183db9ebc1140&amp;type=total&amp;ucfs=1&amp;#hotelTmpl\">Pousada Beira da Mata-Jalap\u00e3o<\/a> | <a href=\"https:\/\/www.booking.com\/hotel\/br\/pousada-capim-dourado-ponte-alta.pt-br.html?aid=2161834&amp;sid=4e2afe4d082ee710806b9740398f3494&amp;all_sr_blocks=417913302_127303064_2_1_0&amp;checkin=2024-12-05&amp;checkout=2024-12-06&amp;dest_id=15457&amp;dest_type=region&amp;dist=0&amp;group_adults=2&amp;group_children=0&amp;hapos=2&amp;highlighted_blocks=417913302_127303064_2_1_0&amp;hpos=2&amp;matching_block_id=417913302_127303064_2_1_0&amp;no_rooms=1&amp;req_adults=2&amp;req_children=0&amp;room1=A%2CA&amp;sb_price_type=total&amp;sr_order=popularity&amp;sr_pri_blocks=417913302_127303064_2_1_0__22000&amp;srepoch=1731609916&amp;srpvid=30b183db9ebc1140&amp;type=total&amp;ucfs=1&amp;#hotelTmpl\">Pousada Capim Dourado Ponte Alta<\/a><br><\/strong><\/p>\n\n\n\n<p><a href=\"https:\/\/www.turismocity.com.br\/passagens-aereas-para-PMW-Palmas?utm_source=qcv&amp;utm_medium=blog\" target=\"_blank\" rel=\"noopener\">Pesquise sua passagem a\u00e9rea para Palmas aqui<\/a><\/p>\n\n\n\n<h3 class=\"wp-block-heading\"><span class=\"ez-toc-section\" id=\"15_Laguna_Verde_Bolivia\"><\/span><strong>15. <a href=\"https:\/\/quantocustaviajar.com\/chile\/san-pedro-de-atacama\" target=\"_blank\" rel=\"noopener noreferrer\">Laguna Verde, Bol\u00edvia<\/a><\/strong><span class=\"ez-toc-section-end\"><\/span><\/h3>\n\n\n\n<figure class=\"wp-block-image aligncenter wp-image-69785 size-full\"><img loading=\"lazy\" decoding=\"async\" width=\"1280\" height=\"852\" src=\"https:\/\/quantocustaviajar.com\/blog\/wp-content\/uploads\/2015\/08\/beach-landscape-sea-coast-water-nature-764315-pxhere.com_.jpg\" alt=\"lugares lindos na Am\u00e9rica Latina\" class=\"wp-image-69785\" srcset=\"https:\/\/quantocustaviajar.com\/blog\/wp-content\/uploads\/2015\/08\/beach-landscape-sea-coast-water-nature-764315-pxhere.com_.jpg 1280w, https:\/\/quantocustaviajar.com\/blog\/wp-content\/uploads\/2015\/08\/beach-landscape-sea-coast-water-nature-764315-pxhere.com_-300x200.jpg 300w, https:\/\/quantocustaviajar.com\/blog\/wp-content\/uploads\/2015\/08\/beach-landscape-sea-coast-water-nature-764315-pxhere.com_-1024x682.jpg 1024w, https:\/\/quantocustaviajar.com\/blog\/wp-content\/uploads\/2015\/08\/beach-landscape-sea-coast-water-nature-764315-pxhere.com_-768x511.jpg 768w\" sizes=\"auto, (max-width: 1280px) 100vw, 1280px\" \/><figcaption class=\"wp-element-caption\">Foto: <a href=\"https:\/\/pxhere.com\/pt\/photo\/764315\">Pxhere<\/a><\/figcaption><\/figure>\n\n\n\n<p>Uma lagoa de \u00e1gua salgada intensamente verde junto \u00e0 montanhas forma a exuberante paisagem da Reserva Nacional Eduardo Abaroa. A regi\u00e3o remota fica logo ao lado da <a href=\"https:\/\/quantocustaviajar.com\/blog\/encantadora-laguna-em-sc\/\">Laguna<\/a> Blanca e \u00e9 parte do <a href=\"https:\/\/quantocustaviajar.com\/blog\/tudo-sobre-uma-viagem-para-o-deserto-do-atacama\/\" target=\"_blank\" rel=\"noopener\">Deserto do Atacama<\/a>, no Chile, por\u00e9m est\u00e1 em territ\u00f3rio boliviano.<\/p>\n\n\n\n<p><strong>Quando conhecer a Laguna Verde:<\/strong> para pegar a lagoa no per\u00edodo de colora\u00e7\u00e3o mais intensa, viaje de maio a setembro!<\/p>\n\n\n\n<p><strong>Onde ficar: <a href=\"https:\/\/www.booking.com\/hotel\/bo\/hostal-patrimonio-potosi.pt-br.html?aid=2161834&amp;sid=4e2afe4d082ee710806b9740398f3494&amp;all_sr_blocks=32444703_388665419_2_1_0&amp;checkin=2024-12-05&amp;checkout=2024-12-06&amp;dest_id=-697971&amp;dest_type=city&amp;dist=0&amp;group_adults=2&amp;group_children=0&amp;hapos=1&amp;highlighted_blocks=32444703_388665419_2_1_0&amp;hpos=1&amp;matching_block_id=32444703_388665419_2_1_0&amp;no_rooms=1&amp;req_adults=2&amp;req_children=0&amp;room1=A%2CA&amp;sb_price_type=total&amp;sr_order=popularity&amp;sr_pri_blocks=32444703_388665419_2_1_0__7438&amp;srepoch=1731610069&amp;srpvid=1a9f84281cb40545&amp;type=total&amp;ucfs=1&amp;#hotelTmpl\">Hostal Patrimonio &#8211; Potosi<\/a><br><\/strong><\/p>\n\n\n\n<h3 class=\"wp-block-heading\"><span class=\"ez-toc-section\" id=\"16_Canos_Cristales_Colombia\"><\/span><strong>16. Ca\u00f1os Cristales, Col\u00f4mbia<\/strong><span class=\"ez-toc-section-end\"><\/span><\/h3>\n\n\n\n<figure class=\"wp-block-image aligncenter wp-image-69787 size-full\"><img loading=\"lazy\" decoding=\"async\" width=\"1280\" height=\"852\" src=\"https:\/\/quantocustaviajar.com\/blog\/wp-content\/uploads\/2015\/08\/1280px-CANO_CRISTALES_EL_RIO_DE_COLORES.jpg\" alt=\"lugares lindos na Am\u00e9rica Latina\" class=\"wp-image-69787\" srcset=\"https:\/\/quantocustaviajar.com\/blog\/wp-content\/uploads\/2015\/08\/1280px-CANO_CRISTALES_EL_RIO_DE_COLORES.jpg 1280w, https:\/\/quantocustaviajar.com\/blog\/wp-content\/uploads\/2015\/08\/1280px-CANO_CRISTALES_EL_RIO_DE_COLORES-300x200.jpg 300w, https:\/\/quantocustaviajar.com\/blog\/wp-content\/uploads\/2015\/08\/1280px-CANO_CRISTALES_EL_RIO_DE_COLORES-1024x682.jpg 1024w, https:\/\/quantocustaviajar.com\/blog\/wp-content\/uploads\/2015\/08\/1280px-CANO_CRISTALES_EL_RIO_DE_COLORES-768x511.jpg 768w\" sizes=\"auto, (max-width: 1280px) 100vw, 1280px\" \/><figcaption class=\"wp-element-caption\">Foto: <a href=\"https:\/\/upload.wikimedia.org\/wikipedia\/commons\/thumb\/d\/db\/CA%C3%91O_CRISTALES%2C_EL_R%C3%8DO_DE_COLORES.jpg\/1280px-CA%C3%91O_CRISTALES%2C_EL_R%C3%8DO_DE_COLORES.jpg\">Wikimedia Commons<\/a><\/figcaption><\/figure>\n\n\n\n<p>Esse \u00e9 um dos <strong>lugares lindos na Am\u00e9rica Latina <\/strong>formado por v\u00e1rias cores, o rio Ca\u00f1os Cristales \u00e9 um dos destinos mais cobi\u00e7ados na serra de La Macarena, Col\u00f4mbia. As cinco cores que completam o rio &#8220;mais bonito do mundo&#8221; surgem por conta da presen\u00e7a de algas e e plantas aqu\u00e1ticas em diferentes tonalidades. A \u00e1gua cristalina ajuda na hora de visualizar o colorido. O local \u00e9 aberto para visita\u00e7\u00e3o entre junho e dezembro.<\/p>\n\n\n\n<p><strong>Viaje para c\u00e1 <\/strong>de junho a novembro, quando as plantas aqu\u00e1ticas florescem e a \u00e1gua fica colorida.<\/p>\n\n\n\n<p><strong>Onde ficar: <a href=\"https:\/\/www.booking.com\/hotel\/co\/la-fuente-jn-la-macarena.pt-br.html?aid=2161834&amp;sid=4e2afe4d082ee710806b9740398f3494&amp;all_sr_blocks=381450602_206512157_2_0_0&amp;checkin=2024-12-05&amp;checkout=2024-12-06&amp;dest_id=8021910&amp;dest_type=city&amp;dist=0&amp;group_adults=2&amp;group_children=0&amp;hapos=1&amp;highlighted_blocks=381450602_206512157_2_0_0&amp;hpos=1&amp;matching_block_id=381450602_206512157_2_0_0&amp;no_rooms=1&amp;req_adults=2&amp;req_children=0&amp;room1=A%2CA&amp;sb_price_type=total&amp;sr_order=popularity&amp;sr_pri_blocks=381450602_206512157_2_0_0__19000000&amp;srepoch=1731610106&amp;srpvid=13ca8437d6030349&amp;type=total&amp;ucfs=1&amp;#hotelTmpl\">Hotel la fuente j.n<\/a> | <a href=\"https:\/\/www.booking.com\/hotel\/co\/la-manigua-lodge.pt-br.html?aid=2161834&amp;sid=4e2afe4d082ee710806b9740398f3494&amp;all_sr_blocks=225124602_335362793_2_85_0&amp;checkin=2024-12-05&amp;checkout=2024-12-06&amp;dest_id=8021910&amp;dest_type=city&amp;dist=0&amp;group_adults=2&amp;group_children=0&amp;hapos=3&amp;highlighted_blocks=225124602_335362793_2_85_0&amp;hpos=3&amp;matching_block_id=225124602_335362793_2_85_0&amp;no_rooms=1&amp;req_adults=2&amp;req_children=0&amp;room1=A%2CA&amp;sb_price_type=total&amp;sr_order=popularity&amp;sr_pri_blocks=225124602_335362793_2_85_0__65800000&amp;srepoch=1731610110&amp;srpvid=13ca8437d6030349&amp;type=total&amp;ucfs=1&amp;#hotelTmpl\">La Manigua Lodge<\/a><\/strong><\/p>\n\n\n\n<h3 class=\"wp-block-heading\"><span class=\"ez-toc-section\" id=\"17_Vulcao_Quilotoa_Equador\"><\/span><strong>17. Vulc\u00e3o Quilotoa, Equador<\/strong><span class=\"ez-toc-section-end\"><\/span><\/h3>\n\n\n\n<figure class=\"wp-block-image aligncenter size-full wp-image-69789\"><img loading=\"lazy\" decoding=\"async\" width=\"1280\" height=\"851\" src=\"https:\/\/quantocustaviajar.com\/blog\/wp-content\/uploads\/2015\/08\/quilotoa-5209923_1280.jpg\" alt=\"\" class=\"wp-image-69789\" srcset=\"https:\/\/quantocustaviajar.com\/blog\/wp-content\/uploads\/2015\/08\/quilotoa-5209923_1280.jpg 1280w, https:\/\/quantocustaviajar.com\/blog\/wp-content\/uploads\/2015\/08\/quilotoa-5209923_1280-300x199.jpg 300w, https:\/\/quantocustaviajar.com\/blog\/wp-content\/uploads\/2015\/08\/quilotoa-5209923_1280-1024x681.jpg 1024w, https:\/\/quantocustaviajar.com\/blog\/wp-content\/uploads\/2015\/08\/quilotoa-5209923_1280-768x511.jpg 768w\" sizes=\"auto, (max-width: 1280px) 100vw, 1280px\" \/><figcaption class=\"wp-element-caption\">Foto: <a href=\"https:\/\/pixabay.com\/pt\/photos\/quilotoa-lago-da-cratera-equador-5209923\/\">Pixabay<\/a><\/figcaption><\/figure>\n\n\n\n<p>Como pode um vulc\u00e3o ter \u00e1gua em sua superf\u00edcie? Isso acontece no inativo Quilotoa, <a title=\"Quito\" href=\"https:\/\/quantocustaviajar.com\/equador\/quito\" target=\"_blank\" rel=\"noopener noreferrer\">em Quito<\/a>, que deixou de entrar em erup\u00e7\u00e3o para abrigar um lindo lago azul de 250 metros de profundidade no alto de seus 3.880 metros. A cor da \u00e1gua varia de acordo com a luz solar, e fica esverdeado devido o ac\u00famulo de minerais. Saiba mais sobre ele <a title=\"Cratera do vulc\u00e3o Quilotoa forma um incr\u00edvel lago no Equador\" href=\"http:\/\/quantocustaviajar.com\/blog\/cratera-do-vulcao-quilotoa-forma-um-incrivel-lago-no-equador\/\" target=\"_blank\" rel=\"noopener noreferrer\">aqui<\/a>.<\/p>\n\n\n\n<p><a href=\"https:\/\/www.turismocity.com.br\/passagens-aereas-para-UIO-Quito?utm_source=qcv&amp;utm_medium=blog\" target=\"_blank\" rel=\"noopener\">Pesquise aqui sua passagem a\u00e9rea para Quito.<\/a><\/p>\n\n\n\n<p><strong>Melhor \u00e9poca para viajar:<\/strong> de junho a setembro, com clima seco e melhor visibilidade do lago na cratera.<\/p>\n\n\n\n<p><strong>Onde ficar: <a href=\"https:\/\/www.booking.com\/hotel\/ec\/casa-baquedano.pt-br.html?aid=2161834&amp;sid=4e2afe4d082ee710806b9740398f3494&amp;all_sr_blocks=444644002_138954527_2_2_0&amp;checkin=2024-12-05&amp;checkout=2024-12-06&amp;dest_id=-932573&amp;dest_type=city&amp;dist=0&amp;group_adults=2&amp;group_children=0&amp;hapos=2&amp;highlighted_blocks=444644002_138954527_2_2_0&amp;hpos=2&amp;matching_block_id=444644002_138954527_2_2_0&amp;no_rooms=1&amp;req_adults=2&amp;req_children=0&amp;room1=A%2CA&amp;sb_price_type=total&amp;sr_order=popularity&amp;sr_pri_blocks=444644002_138954527_2_2_0__2750&amp;srepoch=1731610156&amp;srpvid=db4084509fed0a77&amp;type=total&amp;ucfs=1&amp;#hotelTmpl\">TERRA PREMIUM Hostal Boutique<\/a> | <a href=\"https:\/\/www.booking.com\/hotel\/ec\/ibis-quito.pt-br.html?aid=2161834&amp;sid=4e2afe4d082ee710806b9740398f3494&amp;all_sr_blocks=432406502_129931141_2_42_0&amp;checkin=2024-12-05&amp;checkout=2024-12-06&amp;dest_id=-932573&amp;dest_type=city&amp;dist=0&amp;group_adults=2&amp;group_children=0&amp;hapos=4&amp;highlighted_blocks=432406502_129931141_2_42_0&amp;hpos=4&amp;matching_block_id=432406502_129931141_2_42_0&amp;no_rooms=1&amp;req_adults=2&amp;req_children=0&amp;room1=A%2CA&amp;sb_price_type=total&amp;sr_order=popularity&amp;sr_pri_blocks=432406502_129931141_2_42_0__5900&amp;srepoch=1731610164&amp;srpvid=db4084509fed0a77&amp;type=total&amp;ucfs=1&amp;#hotelTmpl\">ibis Quito<\/a><br><\/strong><\/p>\n\n\n\n<h3 class=\"wp-block-heading\"><span class=\"ez-toc-section\" id=\"18_Gruta_de_Ubajara_Ceara\"><\/span><strong>18. Gruta de Ubajara, Cear\u00e1<\/strong><span class=\"ez-toc-section-end\"><\/span><\/h3>\n\n\n\n<figure class=\"wp-block-image aligncenter wp-image-69791 size-full\"><img loading=\"lazy\" decoding=\"async\" width=\"800\" height=\"536\" src=\"https:\/\/quantocustaviajar.com\/blog\/wp-content\/uploads\/2015\/08\/3816435188_908126decc_c.jpg\" alt=\"lugares lindos na Am\u00e9rica Latina\" class=\"wp-image-69791\" srcset=\"https:\/\/quantocustaviajar.com\/blog\/wp-content\/uploads\/2015\/08\/3816435188_908126decc_c.jpg 800w, https:\/\/quantocustaviajar.com\/blog\/wp-content\/uploads\/2015\/08\/3816435188_908126decc_c-300x201.jpg 300w, https:\/\/quantocustaviajar.com\/blog\/wp-content\/uploads\/2015\/08\/3816435188_908126decc_c-768x515.jpg 768w\" sizes=\"auto, (max-width: 800px) 100vw, 800px\" \/><figcaption class=\"wp-element-caption\">Foto: <a href=\"https:\/\/www.flickr.com\/photos\/55953988@N00\/3816435188\">Ot\u00e1vio Nogueira<\/a> no Flickr<\/figcaption><\/figure>\n\n\n\n<p>O Cear\u00e1 realmente impressiona com <strong>lugares lindos na Am\u00e9rica Latina <\/strong>e suas paisagens escondidas. No munic\u00edpio de Ubajara o destaque \u00e9 a caverna hom\u00f4nima, formada por rochas calc\u00e1rias. O acesso ao local \u00e9 feito por meio de telef\u00e9rico, que desce mais de 500 metros at\u00e9 a entrada, onde ent\u00e3o se encontram galerias e salas com forma\u00e7\u00f5es de estalactites e estalagmites, como a Pedra do Sino e a Sala das Sete Maravilhas.<\/p>\n\n\n\n<p><strong>Melhor per\u00edodo para viajar:<\/strong> se poss\u00edvel, tente ir de agosto a dezembro, \u00e9poca seca e ideal para trilhas e visitas \u00e0s grutas.<\/p>\n\n\n\n<p><strong>Onde ficar: <a href=\"https:\/\/www.booking.com\/hotel\/br\/pousada-life.pt-br.html?aid=2161834&amp;sid=4e2afe4d082ee710806b9740398f3494&amp;all_sr_blocks=745575001_348403813_2_1_0&amp;checkin=2024-12-05&amp;checkout=2024-12-06&amp;dest_id=-677385&amp;dest_type=city&amp;dist=0&amp;group_adults=2&amp;group_children=0&amp;hapos=1&amp;highlighted_blocks=745575001_348403813_2_1_0&amp;hpos=1&amp;matching_block_id=745575001_348403813_2_1_0&amp;no_rooms=1&amp;req_adults=2&amp;req_children=0&amp;room1=A%2CA&amp;sb_price_type=total&amp;sr_order=popularity&amp;sr_pri_blocks=745575001_348403813_2_1_0__17000&amp;srepoch=1731610196&amp;srpvid=26dd846774ba04a9&amp;type=total&amp;ucfs=1&amp;#hotelTmpl\">Pousada Life<\/a> | <a href=\"https:\/\/www.booking.com\/hotel\/br\/pousada-ubajara-ubajara1.pt-br.html?aid=2161834&amp;sid=4e2afe4d082ee710806b9740398f3494&amp;all_sr_blocks=108490802_335369744_2_1_0&amp;checkin=2024-12-05&amp;checkout=2024-12-06&amp;dest_id=-677385&amp;dest_type=city&amp;dist=0&amp;group_adults=2&amp;group_children=0&amp;hapos=2&amp;highlighted_blocks=108490802_335369744_2_1_0&amp;hpos=2&amp;matching_block_id=108490802_335369744_2_1_0&amp;no_rooms=1&amp;req_adults=2&amp;req_children=0&amp;room1=A%2CA&amp;sb_price_type=total&amp;sr_order=popularity&amp;sr_pri_blocks=108490802_335369744_2_1_0__25000&amp;srepoch=1731610196&amp;srpvid=26dd846774ba04a9&amp;type=total&amp;ucfs=1&amp;#hotelTmpl\">Pousada Ubajara<\/a><br><\/strong><\/p>\n\n\n\n<h3 class=\"wp-block-heading\"><span class=\"ez-toc-section\" id=\"19_Vale_da_Lua_na_Chapada_dos_Veadeiros_Goias\"><\/span><strong>19. Vale da Lua na Chapada dos Veadeiros, Goi\u00e1s<\/strong><span class=\"ez-toc-section-end\"><\/span><\/h3>\n\n\n\n<figure class=\"wp-block-image aligncenter size-full wp-image-69793\"><img loading=\"lazy\" decoding=\"async\" width=\"800\" height=\"450\" src=\"https:\/\/quantocustaviajar.com\/blog\/wp-content\/uploads\/2015\/08\/Vale_da_Lua_Chapada_dos_Veadeiros.jpg\" alt=\"\" class=\"wp-image-69793\" srcset=\"https:\/\/quantocustaviajar.com\/blog\/wp-content\/uploads\/2015\/08\/Vale_da_Lua_Chapada_dos_Veadeiros.jpg 800w, https:\/\/quantocustaviajar.com\/blog\/wp-content\/uploads\/2015\/08\/Vale_da_Lua_Chapada_dos_Veadeiros-300x169.jpg 300w, https:\/\/quantocustaviajar.com\/blog\/wp-content\/uploads\/2015\/08\/Vale_da_Lua_Chapada_dos_Veadeiros-768x432.jpg 768w\" sizes=\"auto, (max-width: 800px) 100vw, 800px\" \/><figcaption class=\"wp-element-caption\">Foto: <a href=\"https:\/\/upload.wikimedia.org\/wikipedia\/commons\/2\/26\/Vale_da_Lua_Chapada_dos_Veadeiros.JPG\">Wikimedia Commons<\/a><\/figcaption><\/figure>\n\n\n\n<p>Repleta de belezas naturais, a Chapadas dos Veadeiros, em Alto Para\u00edso, \u00e9 ideal para quem gosta de aventuras. Um dos destaques \u00e9 o Vale da Lua, forma\u00e7\u00e3o rochosa que se assemelha \u00e0 superf\u00edcie lunar, pelo menos at\u00e9 onde podemos imaginar. O mais legal \u00e9 que no meio das curiosas pedras se encontra uma fonte de \u00e1gua cristalina, ideal para nadar e ficar numa boa. <a href=\"https:\/\/www.civitatis.com\/pt\/brasilia\/excursao-parque-chapada-veadeiros\/?aid=100232&amp;cmp=lugaresAL\" target=\"_blank\" rel=\"noopener\">Voc\u00ea pode fazer esse passeio partindo de Bras\u00edlia.<\/a><\/p>\n\n\n\n<p><strong>Quando conhecer:<\/strong> de maio a setembro, \u00e9poca de seca, ideal para trilhas e rios mais calmos.<\/p>\n\n\n\n<p><strong>Onde ficar: <a href=\"https:\/\/www.booking.com\/hotel\/br\/casa-de-shiva-alto-paraiso-de-goias.pt-br.html?aid=2161834&amp;sid=4e2afe4d082ee710806b9740398f3494&amp;all_sr_blocks=514030204_224023686_2_1_0&amp;checkin=2024-12-05&amp;checkout=2024-12-06&amp;dest_id=-624424&amp;dest_type=city&amp;dist=0&amp;group_adults=2&amp;group_children=0&amp;hapos=5&amp;highlighted_blocks=514030204_224023686_2_1_0&amp;hpos=5&amp;matching_block_id=514030204_224023686_2_1_0&amp;no_rooms=1&amp;req_adults=2&amp;req_children=0&amp;room1=A%2CA&amp;sb_price_type=total&amp;sr_order=popularity&amp;sr_pri_blocks=514030204_224023686_2_1_0__50625&amp;srepoch=1731610254&amp;srpvid=24548481f26c016f&amp;type=total&amp;ucfs=1&amp;#hotelTmpl\">Pousada Casa de Shiva<\/a> | <a href=\"https:\/\/www.booking.com\/hotel\/br\/pousada-recanto-da-grande-paz.pt-br.html?aid=2161834&amp;sid=4e2afe4d082ee710806b9740398f3494&amp;all_sr_blocks=32683011_88969622_2_1_0&amp;checkin=2024-12-05&amp;checkout=2024-12-06&amp;dest_id=-624424&amp;dest_type=city&amp;dist=0&amp;group_adults=2&amp;group_children=0&amp;hapos=3&amp;highlighted_blocks=32683011_88969622_2_1_0&amp;hpos=3&amp;matching_block_id=32683011_88969622_2_1_0&amp;no_rooms=1&amp;req_adults=2&amp;req_children=0&amp;room1=A%2CA&amp;sb_price_type=total&amp;sr_order=popularity&amp;sr_pri_blocks=32683011_88969622_2_1_0__37066&amp;srepoch=1731610247&amp;srpvid=24548481f26c016f&amp;type=total&amp;ucfs=1&amp;#hotelTmpl\">Pousada Recanto da Grande Paz<\/a><br><\/strong><\/p>\n\n\n\n<h3 class=\"wp-block-heading\"><span class=\"ez-toc-section\" id=\"20_Abismo_Anhumas_Bonito_Mato_Grosso_do_Sul\"><\/span><strong>20. Abismo Anhumas, <a href=\"https:\/\/quantocustaviajar.com\/brasil\/bonito\" target=\"_blank\" rel=\"noopener noreferrer\">Bonito, Mato Grosso do Sul<\/a><\/strong><span class=\"ez-toc-section-end\"><\/span><\/h3>\n\n\n\n<figure class=\"wp-block-image aligncenter wp-image-69794 size-full\"><img loading=\"lazy\" decoding=\"async\" width=\"1280\" height=\"853\" src=\"https:\/\/quantocustaviajar.com\/blog\/wp-content\/uploads\/2015\/08\/Abismo_Anhumas_Bonito_MS_2-2.jpg\" alt=\"lugares lindos na Am\u00e9rica Latina\" class=\"wp-image-69794\" srcset=\"https:\/\/quantocustaviajar.com\/blog\/wp-content\/uploads\/2015\/08\/Abismo_Anhumas_Bonito_MS_2-2.jpg 1280w, https:\/\/quantocustaviajar.com\/blog\/wp-content\/uploads\/2015\/08\/Abismo_Anhumas_Bonito_MS_2-2-300x200.jpg 300w, https:\/\/quantocustaviajar.com\/blog\/wp-content\/uploads\/2015\/08\/Abismo_Anhumas_Bonito_MS_2-2-1024x682.jpg 1024w, https:\/\/quantocustaviajar.com\/blog\/wp-content\/uploads\/2015\/08\/Abismo_Anhumas_Bonito_MS_2-2-768x512.jpg 768w\" sizes=\"auto, (max-width: 1280px) 100vw, 1280px\" \/><figcaption class=\"wp-element-caption\">Foto: <a href=\"https:\/\/upload.wikimedia.org\/wikipedia\/commons\/thumb\/6\/6e\/Abismo_Anhumas%2C_Bonito%2C_MS_2.JPG\/1280px-Abismo_Anhumas%2C_Bonito%2C_MS_2.JPG\">Wikimedia Commons<\/a><\/figcaption><\/figure>\n\n\n\n<p>Novamente na lista, Bonito merece mais um espa\u00e7o por conta do impressionante Abismo Anhumas, que tem 72 metros de profundidade. O acesso feito por meio de descida de rapel leva os aventureiros at\u00e9 uma caverna, onde se pode mergulhar e descobrir outras surpresas submersas. <a href=\"https:\/\/www.civitatis.com\/pt\/bonito\/?aid=100232&amp;cmp=lugaresAL\" target=\"_blank\" rel=\"noopener\">Aqui voc\u00ea encontra todos os passeios poss\u00edveis de fazer em Bonito.<\/a><\/p>\n\n\n\n<p><strong>Quando conhecer:<\/strong> este passeio tamb\u00e9m fica em Bonito, ent\u00e3o vale a mesma dica: o ideal \u00e9 visitar durante a temporada seca e de prefer\u00eancia com calor, para poder aproveitar as atividades ao ar livre e na \u00e1gua. Entre maio e setembro os rios est\u00e3o mais cristalinos para flutua\u00e7\u00e3o, mas voc\u00ea pode pegar frio em julho!<\/p>\n\n\n\n<h3 class=\"wp-block-heading\"><span class=\"ez-toc-section\" id=\"21_Praia_Brava_Punta_del_Este_Uruguai\"><\/span><strong>21. Praia Brava, <a title=\"Punta Del Este\" href=\"https:\/\/quantocustaviajar.com\/uruguai\/punta-del-este\" target=\"_blank\" rel=\"noopener noreferrer\">Punta del Este, Uruguai<\/a><\/strong><span class=\"ez-toc-section-end\"><\/span><\/h3>\n\n\n\n<figure class=\"wp-block-image aligncenter wp-image-69795 size-full\"><img loading=\"lazy\" decoding=\"async\" width=\"1280\" height=\"853\" src=\"https:\/\/quantocustaviajar.com\/blog\/wp-content\/uploads\/2015\/08\/beach-6592362_1280-1.jpg\" alt=\"lugares lindos na Am\u00e9rica Latina\" class=\"wp-image-69795\" srcset=\"https:\/\/quantocustaviajar.com\/blog\/wp-content\/uploads\/2015\/08\/beach-6592362_1280-1.jpg 1280w, https:\/\/quantocustaviajar.com\/blog\/wp-content\/uploads\/2015\/08\/beach-6592362_1280-1-300x200.jpg 300w, https:\/\/quantocustaviajar.com\/blog\/wp-content\/uploads\/2015\/08\/beach-6592362_1280-1-1024x682.jpg 1024w, https:\/\/quantocustaviajar.com\/blog\/wp-content\/uploads\/2015\/08\/beach-6592362_1280-1-768x512.jpg 768w\" sizes=\"auto, (max-width: 1280px) 100vw, 1280px\" \/><figcaption class=\"wp-element-caption\">Foto: <a href=\"https:\/\/pixabay.com\/pt\/photos\/praia-la-mano-punta-del-este-6592362\/\">Pixabay<\/a><\/figcaption><\/figure>\n\n\n\n<p>Ondas que brilham no escuro costumam chamar a aten\u00e7\u00e3o de quem passa pela Praia Brava \u00e0 noite. O mar brilhante \u00e9 destaque de mais um dos <strong>lugares lindos na Am\u00e9rica Latina<\/strong> \u00e9 resultado do fen\u00f4meno chamado bioluminisc\u00eancia, que acontece por meio das criaturas marinhas fitopl\u00e2ncton phytoplankton. A luz azul que cobre as ondas foi capturada pelo fot\u00f3grafo Remco Douma.<\/p>\n\n\n\n<p><strong>Viaje <\/strong>de dezembro a mar\u00e7o, durante o ver\u00e3o, para curtir as praias com calor e ambiente animado!<\/p>\n\n\n\n<p><strong>Onde ficar: <a href=\"https:\/\/www.booking.com\/hotel\/uy\/tas-d-viaje-hostel-amp-surf-camp.pt-br.html?aid=2161834&amp;sid=4e2afe4d082ee710806b9740398f3494&amp;all_sr_blocks=112812811_403315900_2_2_0&amp;checkin=2024-12-05&amp;checkout=2024-12-06&amp;dest_id=-908402&amp;dest_type=city&amp;dist=0&amp;group_adults=2&amp;group_children=0&amp;hapos=1&amp;highlighted_blocks=112812811_403315900_2_2_0&amp;hpos=1&amp;matching_block_id=112812811_403315900_2_2_0&amp;no_rooms=1&amp;req_adults=2&amp;req_children=0&amp;room1=A%2CA&amp;sb_price_type=total&amp;sr_order=popularity&amp;sr_pri_blocks=112812811_403315900_2_2_0__7448&amp;srepoch=1731610308&amp;srpvid=9fc2849ea8910315&amp;type=total&amp;ucfs=1&amp;#hotelTmpl\" target=\"_blank\" rel=\"noopener\">20 Hotel<\/a><br><\/strong><\/p>\n\n\n\n<p><a href=\"https:\/\/www.turismocity.com.br\/passagens-aereas-para-PDP-Punta_Del_Este?utm_source=qcv&amp;utm_medium=blog\" target=\"_blank\" rel=\"noopener\"><strong>Encontre aqui sua passagem para Punta del Este<\/strong><\/a><\/p>\n\n\n\n<h3 class=\"wp-block-heading\"><span class=\"ez-toc-section\" id=\"22_Rocas_Baimbridgen_Galapagos_Equador\"><\/span><strong>22. Rocas Baimbridgen, Gal\u00e1pagos,<\/strong><strong> Equador<\/strong><span class=\"ez-toc-section-end\"><\/span><\/h3>\n\n\n\n<p>As Ilhas Gal\u00e1pagos t\u00eam uma beleza espetacular, mas este &#8220;olho azul&#8221; no meio do mar parece surreal. Uma lagoa central se forma em Rocas Baimbridgen, dentro de uma ilha rochosa que acaba sendo para obrigat\u00f3ria de flamingos. Afinal, eles n\u00e3o s\u00e3o bobos e tamb\u00e9m querem curtir o visual.<\/p>\n\n\n\n<p><strong>Melhor \u00e9poca para viajar: <\/strong>aqui a dica \u00e9 ir de dezembro a maio, com \u00e1guas calmas e maior visibilidade para mergulho.<\/p>\n\n\n\n<p><strong>Onde ficar: <a href=\"https:\/\/www.booking.com\/hotel\/ec\/red-mangrove-galapagos.pt-br.html?aid=2161834&amp;sid=4e2afe4d082ee710806b9740398f3494&amp;all_sr_blocks=33443506_256561907_2_2_0&amp;checkin=2024-12-05&amp;checkout=2024-12-06&amp;dest_id=722&amp;dest_type=region&amp;dist=0&amp;group_adults=2&amp;group_children=0&amp;hapos=2&amp;highlighted_blocks=33443506_256561907_2_2_0&amp;hpos=2&amp;matching_block_id=33443506_256561907_2_2_0&amp;no_rooms=1&amp;req_adults=2&amp;req_children=0&amp;room1=A%2CA&amp;sb_price_type=total&amp;sr_order=popularity&amp;sr_pri_blocks=33443506_256561907_2_2_0__19581&amp;srepoch=1731610375&amp;srpvid=cd7f84c19fb50074&amp;type=total&amp;ucfs=1&amp;#hotelTmpl\">Blu Galapagos Sustainable Waterfront Lodge<\/a> | <a href=\"https:\/\/www.booking.com\/hotel\/ec\/bed-amp-breakfast-la-peregrina-puerto-ayora9.pt-br.html?aid=2161834&amp;sid=4e2afe4d082ee710806b9740398f3494&amp;all_sr_blocks=124425706_351582797_2_1_0_677204&amp;checkin=2024-12-05&amp;checkout=2024-12-06&amp;dest_id=722&amp;dest_type=region&amp;dist=0&amp;group_adults=2&amp;group_children=0&amp;hapos=3&amp;highlighted_blocks=124425706_351582797_2_1_0_677204&amp;hpos=3&amp;matching_block_id=124425706_351582797_2_1_0_677204&amp;no_rooms=1&amp;req_adults=2&amp;req_children=0&amp;room1=A%2CA&amp;sb_price_type=total&amp;sr_order=popularity&amp;sr_pri_blocks=124425706_351582797_2_1_0_677204_10000&amp;srepoch=1731610375&amp;srpvid=cd7f84c19fb50074&amp;type=total&amp;ucfs=1&amp;#hotelTmpl\">La Peregrina Galapagos B&amp;B<\/a><br><\/strong><\/p>\n\n\n\n<h3 class=\"wp-block-heading\"><span class=\"ez-toc-section\" id=\"23_Gruta_da_Lagoa_Azul_na_Chapada_dos_Guimaraes_Mato_Grosso\"><\/span><strong>23. Gruta da Lagoa Azul na Chapada dos Guimar\u00e3es, Mato Grosso <\/strong><span class=\"ez-toc-section-end\"><\/span><\/h3>\n\n\n\n<p>Um dos <strong>lugares lindos na Am\u00e9rica Latina<\/strong>&nbsp;mais visitados por aventureiros, a Chapada dos Guimar\u00e3es tem muitos c\u00e2nions, cachoeiras e cerrados. Na Gruta da Lagoa Azul, dentro da caverna Aroe Jari, n\u00e3o se pode nadar, mas o visual compensa, assim como o do mirante do Centro Geod\u00e9sico. Al\u00e9m disso, a cachoeira V\u00e9u da Noiva, com 86 metros de altura, tamb\u00e9m impressiona por sua forma\u00e7\u00e3o.<\/p>\n\n\n\n<p><strong>Quando viajar:<\/strong> para explorar a Chapada, viaje de abril a setembro, \u00e9poca de seca, com \u00e1guas mais cristalinas e melhores acessos.<\/p>\n\n\n\n<p><strong>Onde ficar: <a href=\"https:\/\/www.booking.com\/hotel\/br\/pousada-garden-das-flores.pt-br.html?aid=2161834&amp;sid=4e2afe4d082ee710806b9740398f3494&amp;all_sr_blocks=1174762804_390075131_2_1_0_692635&amp;checkin=2024-12-05&amp;checkout=2024-12-06&amp;dest_id=-637086&amp;dest_type=city&amp;dist=0&amp;group_adults=2&amp;group_children=0&amp;hapos=1&amp;highlighted_blocks=1174762804_390075131_2_1_0_692635&amp;hpos=1&amp;matching_block_id=1174762804_390075131_2_1_0_692635&amp;no_rooms=1&amp;req_adults=2&amp;req_children=0&amp;room1=A%2CA&amp;sb_price_type=total&amp;sr_order=popularity&amp;sr_pri_blocks=1174762804_390075131_2_1_0_692635_50000&amp;srepoch=1731610428&amp;srpvid=916b84d605e401bc&amp;type=total&amp;ucfs=1&amp;#hotelTmpl\">Pousada Garden das Flores<\/a><br><\/strong><\/p>\n\n\n\n<p>| <a href=\"https:\/\/www.turismocity.com.br\/?utm_source=qcv&amp;utm_medium=blog\" target=\"_blank\" rel=\"noopener\">Crie alerta de passagens a\u00e9reas e monitore os pre\u00e7os (para mais e para menos tamb\u00e9m)&nbsp;<\/a><\/p>\n\n\n\n<script type=\"application\/ld+json\">\n{\n  \"@context\": \"https:\/\/schema.org\",\n  \"@graph\": [\n    {\n      \"@type\": \"FAQPage\",\n      \"@id\": \"https:\/\/quantocustaviajar.com\/blog\/lugares-lindos-na-america-latina\/#faq\",\n      \"mainEntity\": [\n        {\n          \"@type\": \"Question\",\n          \"name\": \"Por que visitar a Am\u00e9rica Latina para ver lugares lindos?\",\n          \"acceptedAnswer\": {\n            \"@type\": \"Answer\",\n            \"text\": \"Porque a Am\u00e9rica Latina re\u00fane destinos naturais e culturais \u00fanicos \u2014 dunas, lagos, geleiras, desertos, florestas tropicais \u2014 que impressionam pela beleza e diversidade.\"\n          }\n        },\n        {\n          \"@type\": \"Question\",\n          \"name\": \"Quantos lugares s\u00e3o listados no post?\",\n          \"acceptedAnswer\": {\n            \"@type\": \"Answer\",\n            \"text\": \"O artigo lista mais de 12 lugares incr\u00edveis na Am\u00e9rica Latina para conhecer. :contentReference[oaicite:1]{index=1}\"\n          }\n        },\n        {\n          \"@type\": \"Question\",\n          \"name\": \"Esses destinos s\u00e3o f\u00e1ceis de acessar?\",\n          \"acceptedAnswer\": {\n            \"@type\": \"Answer\",\n            \"text\": \"Alguns s\u00e3o de f\u00e1cil acesso tur\u00edstico, enquanto outros exigem planejamento extra \u2014 transporte, trilha ou log\u00edstica especial \u2014 mas todos valem a visita.\"\n          }\n        },\n        {\n          \"@type\": \"Question\",\n          \"name\": \"Qual \u00e9 a melhor \u00e9poca para visitar esses lugares?\",\n          \"acceptedAnswer\": {\n            \"@type\": \"Answer\",\n            \"text\": \"Depende do destino \u2014 por exemplo, para dunas\/lagos, o p\u00f3s-chuva; para geleiras, o ver\u00e3o; verifique caso-a-caso conforme o local listado. :contentReference[oaicite:2]{index=2}\"\n          }\n        }\n      ]\n    },\n    {\n      \"@type\": \"ItemList\",\n      \"@id\": \"https:\/\/quantocustaviajar.com\/blog\/lugares-lindos-na-america-latina\/#lista-lugares\",\n      \"name\": \"Destinos lindos na Am\u00e9rica Latina listados no artigo\",\n      \"itemListOrder\": \"https:\/\/schema.org\/ItemListOrderAscending\",\n      \"numberOfItems\": 12,\n      \"itemListElement\": [\n        {\n          \"@type\": \"ListItem\",\n          \"position\": 1,\n          \"item\": {\n            \"@type\": \"Place\",\n            \"@id\": \"https:\/\/quantocustaviajar.com\/blog\/lugares-lindos-na-america-latina\/#Lencois-Maranhenses\",\n            \"name\": \"Len\u00e7\u00f3is Maranhenses (MA, Brasil)\",\n            \"url\": \"https:\/\/quantocustaviajar.com\/blog\/lugares-lindos-na-america-latina\/#Lencois-Maranhenses\",\n            \"description\": \"Dunas e lagoas que formam paisagens \u00fanicas no Maranh\u00e3o. :contentReference[oaicite:3]{index=3}\"\n          }\n        },\n        {\n          \"@type\": \"ListItem\",\n          \"position\": 2,\n          \"item\": {\n            \"@type\": \"Place\",\n            \"@id\": \"https:\/\/quantocustaviajar.com\/blog\/lugares-lindos-na-america-latina\/#Salar-de-Uyuni\",\n            \"name\": \"Salar de Uyuni (Bol\u00edvia)\",\n            \"url\": \"https:\/\/quantocustaviajar.com\/blog\/lugares-lindos-na-america-latina\/#Salar-de-Uyuni\",\n            \"description\": \"O maior deserto de sal do mundo, com efeito espelho durante a \u00e9poca de chuvas. :contentReference[oaicite:4]{index=4}\"\n          }\n        },\n        {\n          \"@type\": \"ListItem\",\n          \"position\": 3,\n          \"item\": {\n            \"@type\": \"Place\",\n            \"@id\": \"https:\/\/quantocustaviajar.com\/blog\/lugares-lindos-na-america-latina\/#Deserto-Ica\",\n            \"name\": \"Deserto de Ica (Huacachina, Peru)\",\n            \"url\": \"https:\/\/quantocustaviajar.com\/blog\/lugares-lindos-na-america-latina\/#Deserto-Ica\",\n            \"description\": \"O\u00e1sis em meio \u00e0s dunas, conhecido tamb\u00e9m por sandboard e cen\u00e1rio de filme. :contentReference[oaicite:5]{index=5}\"\n          }\n        },\n        {\n          \"@type\": \"ListItem\",\n          \"position\": 4,\n          \"item\": {\n            \"@type\": \"Place\",\n            \"@id\": \"https:\/\/quantocustaviajar.com\/blog\/lugares-lindos-na-america-latina\/#Perito-Moreno\",\n            \"name\": \"Geleira Perito Moreno (Argentina)\",\n            \"url\": \"https:\/\/quantocustaviajar.com\/blog\/lugares-lindos-na-america-latina\/#Perito-Moreno\",\n            \"description\": \"Imensa geleira na Patag\u00f4nia argentina que impressiona pela grandiosidade. :contentReference[oaicite:6]{index=6}\"\n          }\n        },\n        {\n          \"@type\": \"ListItem\",\n          \"position\": 5,\n          \"item\": {\n            \"@type\": \"Place\",\n            \"@id\": \"https:\/\/quantocustaviajar.com\/blog\/lugares-lindos-na-america-latina\/#Cavernas-de-M\u00e1rmore\",\n            \"name\": \"Cavernas de M\u00e1rmore (Chile)\",\n            \"url\": \"https:\/\/quantocustaviajar.com\/blog\/lugares-lindos-na-america-latina\/#Cavernas-de-M\u00e1rmore\",\n            \"description\": \"Forma\u00e7\u00e3o rochosa no lago General Carrera com t\u00faneis de m\u00e1rmore e \u00e1gua turquesa. :contentReference[oaicite:7]{index=7}\"\n          }\n        },\n        {\n          \"@type\": \"ListItem\",\n          \"position\": 6,\n          \"item\": {\n            \"@type\": \"Place\",\n            \"@id\": \"https:\/\/quantocustaviajar.com\/blog\/lugares-lindos-na-america-latina\/#Praia-Morro-Branco\",\n            \"name\": \"Praia de Morro Branco (CE, Brasil)\",\n            \"url\": \"https:\/\/quantocustaviajar.com\/blog\/lugares-lindos-na-america-latina\/#Praia-Morro-Branco\",\n            \"description\": \"Fal\u00e9sias coloridas e labirintos naturais na areia \u2014 um espet\u00e1culo no Cear\u00e1. :contentReference[oaicite:8]{index=8}\"\n          }\n        },\n        {\n          \"@type\": \"ListItem\",\n          \"position\": 7,\n          \"item\": {\n            \"@type\": \"Place\",\n            \"@id\": \"https:\/\/quantocustaviajar.com\/blog\/lugares-lindos-na-america-latina\/#Xingo\",\n            \"name\": \"C\u00e2nion do Xing\u00f3 (SE\/AL, Brasil)\",\n            \"url\": \"https:\/\/quantocustaviajar.com\/blog\/lugares-lindos-na-america-latina\/#Xingo\",\n            \"description\": \"C\u00e2nion entre rochas avermelhadas e \u00e1guas calmas no S\u00e3o Francisco \u2014 experi\u00eancia inesquec\u00edvel. :contentReference[oaicite:9]{index=9}\"\n          }\n        },\n        {\n          \"@type\": \"ListItem\",\n          \"position\": 8,\n          \"item\": {\n            \"@type\": \"Place\",\n            \"@id\": \"https:\/\/quantocustaviajar.com\/blog\/lugares-lindos-na-america-latina\/#Geiseres-del-Tatio\",\n            \"name\": \"G\u00eaiseres del Tatio (Chile)\",\n            \"url\": \"https:\/\/quantocustaviajar.com\/blog\/lugares-lindos-na-america-latina\/#Geiseres-del-Tatio\",\n            \"description\": \"Campo geot\u00e9rmico de g\u00eaiseres e cen\u00e1rios de alta montanha no deserto do Atacama. :contentReference[oaicite:10]{index=10}\"\n          }\n        },\n        {\n          \"@type\": \"ListItem\",\n          \"position\": 9,\n          \"item\": {\n            \"@type\": \"Place\",\n            \"@id\": \"https:\/\/quantocustaviajar.com\/blog\/lugares-lindos-na-america-latina\/#Jalapao\",\n            \"name\": \"Jalap\u00e3o (TO, Brasil)\",\n            \"url\": \"https:\/\/quantocustaviajar.com\/blog\/lugares-lindos-na-america-latina\/#Jalapao\",\n            \"description\": \"Dunas douradas, fervedouros e rios cristalinos no cora\u00e7\u00e3o do Tocantins. :contentReference[oaicite:11]{index=11}\"\n          }\n        },\n        {\n          \"@type\": \"ListItem\",\n          \"position\": 10,\n          \"item\": {\n            \"@type\": \"Place\",\n            \"@id\": \"https:\/\/quantocustaviajar.com\/blog\/lugares-lindos-na-america-latina\/#Ca\u00f1os-Cristales\",\n            \"name\": \"Ca\u00f1os Cristales (Col\u00f4mbia)\",\n            \"url\": \"https:\/\/quantocustaviajar.com\/blog\/lugares-lindos-na-america-latina\/#Ca\u00f1os-Cristales\",\n            \"description\": \"Rio das cinco cores, um dos cen\u00e1rios mais incr\u00edveis da Col\u00f4mbia. :contentReference[oaicite:12]{index=12}\"\n          }\n        },\n        {\n          \"@type\": \"ListItem\",\n          \"position\": 11,\n          \"item\": {\n            \"@type\": \"Place\",\n            \"@id\": \"https:\/\/quantocustaviajar.com\/blog\/lugares-lindos-na-america-latina\/#Laguna-Verde-Bolivia\",\n            \"name\": \"Laguna Verde (Bol\u00edvia)\",\n            \"url\": \"https:\/\/quantocustaviajar.com\/blog\/lugares-lindos-na-america-latina\/#Laguna-Verde-Bolivia\",\n            \"description\": \"Lagoa verde intensa na regi\u00e3o de altiplano da Bol\u00edvia, paisagem surreal. :contentReference[oaicite:13]{index=13}\"\n          }\n        },\n        {\n          \"@type\": \"ListItem\",\n          \"position\": 12,\n          \"item\": {\n            \"@type\": \"Place\",\n            \"@id\": \"https:\/\/quantocustaviajar.com\/blog\/lugares-lindos-na-america-latina\/#Vulcao-Quilotoa\",\n            \"name\": \"Vulc\u00e3o Quilotoa (Equador)\",\n            \"url\": \"https:\/\/quantocustaviajar.com\/blog\/lugares-lindos-na-america-latina\/#Vulcao-Quilotoa\",\n            \"description\": \"Cratera vulc\u00e2nica com lago azul-esverdeado no Equador \u2014 uma das paisagens mais impressionantes da regi\u00e3o. :contentReference[oaicite:14]{index=14}\"\n          }\n        }\n      ]\n    }\n  ]\n}\n<\/script>\n","protected":false},"excerpt":{"rendered":"<p>A maioria das pessoas costuma se preocupar mais em conhecer o exterior do que explorar seus pr\u00f3prios pa\u00edses ou continente, afinal, a grama do vizinho \u00e9 sempre mais verde. Mas poucos sabem que a Am\u00e9rica Latina \u00e9 uma \u00f3tima op\u00e7\u00e3o para conhecer um pouco de tudo, inclusive lugares surreais e lind\u00edssimos, daqueles que deixam todo [&hellip;]<\/p>\n","protected":false},"author":18,"featured_media":2124,"comment_status":"open","ping_status":"open","sticky":false,"template":"","format":"standard","meta":{"cybocfi_hide_featured_image":"","footnotes":""},"categories":[1437],"tags":[176,175,135,379,266,10,62,76,183,5045,377,111,75,57,380,17,181,378,16],"class_list":["post-2112","post","type-post","status-publish","format-standard","has-post-thumbnail","hentry","category-ao-ar-livre","tag-america-do-sul","tag-america-latina","tag-atracoes","tag-bolivia","tag-brasil","tag-chile-2","tag-cultura","tag-curiosidade","tag-destinos","tag-lugares-lindos-na-america-latina","tag-lugares-surreais","tag-natureza","tag-paises","tag-passeio","tag-patagonia","tag-planejamento-viagem","tag-praias","tag-surreal","tag-viagem"],"blocksy_meta":[],"yoast_head":"<!-- This site is optimized with the Yoast SEO plugin v26.3 - https:\/\/yoast.com\/wordpress\/plugins\/seo\/ -->\n<title>Lugares lindos na Am\u00e9rica Latina para conhecer<\/title>\n<meta name=\"description\" content=\"Poucos sabem que a Am\u00e9rica Latina \u00e9 uma \u00f3tima op\u00e7\u00e3o para conhecer um pouco de tudo. Confira nossa lista de lugares lindos na Am\u00e9rica Latina!\" \/>\n<meta name=\"robots\" content=\"index, follow, max-snippet:-1, max-image-preview:large, max-video-preview:-1\" \/>\n<link rel=\"canonical\" href=\"https:\/\/quantocustaviajar.com\/blog\/lugares-lindos-na-america-latina\/\" \/>\n<meta property=\"og:locale\" content=\"pt_BR\" \/>\n<meta property=\"og:type\" content=\"article\" \/>\n<meta property=\"og:title\" content=\"[CURIOSIDADES NO MUNDO] 22 lugares surreais na Am\u00e9rica Latina\" \/>\n<meta property=\"og:description\" content=\"Poucos sabem que a Am\u00e9rica Latina \u00e9 uma \u00f3tima op\u00e7\u00e3o para conhecer um pouco de tudo. Confira nossa lista de lugares lindos na Am\u00e9rica Latina!\" \/>\n<meta property=\"og:url\" content=\"https:\/\/quantocustaviajar.com\/blog\/lugares-lindos-na-america-latina\/\" \/>\n<meta property=\"og:site_name\" content=\"Blog Quanto Custa Viajar\" \/>\n<meta property=\"article:publisher\" content=\"https:\/\/www.facebook.com\/quantocustaviajar\" \/>\n<meta property=\"article:published_time\" content=\"2025-08-10T15:50:00+00:00\" \/>\n<meta property=\"article:modified_time\" content=\"2025-11-17T14:11:56+00:00\" \/>\n<meta property=\"og:image\" content=\"https:\/\/quantocustaviajar.com\/blog\/wp-content\/uploads\/2015\/08\/monteroraima.jpg\" \/>\n\t<meta property=\"og:image:width\" content=\"650\" \/>\n\t<meta property=\"og:image:height\" content=\"433\" \/>\n\t<meta property=\"og:image:type\" content=\"image\/jpeg\" \/>\n<meta name=\"author\" content=\"Izabella Miranda\" \/>\n<meta name=\"twitter:card\" content=\"summary_large_image\" \/>\n<meta name=\"twitter:label1\" content=\"Escrito por\" \/>\n\t<meta name=\"twitter:data1\" content=\"Izabella Miranda\" \/>\n\t<meta name=\"twitter:label2\" content=\"Est. tempo de leitura\" \/>\n\t<meta name=\"twitter:data2\" content=\"21 minutos\" \/>\n<!-- \/ Yoast SEO plugin. -->","yoast_head_json":{"title":"Lugares lindos na Am\u00e9rica Latina para conhecer","description":"Poucos sabem que a Am\u00e9rica Latina \u00e9 uma \u00f3tima op\u00e7\u00e3o para conhecer um pouco de tudo. Confira nossa lista de lugares lindos na Am\u00e9rica Latina!","robots":{"index":"index","follow":"follow","max-snippet":"max-snippet:-1","max-image-preview":"max-image-preview:large","max-video-preview":"max-video-preview:-1"},"canonical":"https:\/\/quantocustaviajar.com\/blog\/lugares-lindos-na-america-latina\/","og_locale":"pt_BR","og_type":"article","og_title":"[CURIOSIDADES NO MUNDO] 22 lugares surreais na Am\u00e9rica Latina","og_description":"Poucos sabem que a Am\u00e9rica Latina \u00e9 uma \u00f3tima op\u00e7\u00e3o para conhecer um pouco de tudo. Confira nossa lista de lugares lindos na Am\u00e9rica Latina!","og_url":"https:\/\/quantocustaviajar.com\/blog\/lugares-lindos-na-america-latina\/","og_site_name":"Blog Quanto Custa Viajar","article_publisher":"https:\/\/www.facebook.com\/quantocustaviajar","article_published_time":"2025-08-10T15:50:00+00:00","article_modified_time":"2025-11-17T14:11:56+00:00","og_image":[{"width":650,"height":433,"url":"https:\/\/quantocustaviajar.com\/blog\/wp-content\/uploads\/2015\/08\/monteroraima.jpg","type":"image\/jpeg"}],"author":"Izabella Miranda","twitter_card":"summary_large_image","twitter_misc":{"Escrito por":"Izabella Miranda","Est. tempo de leitura":"21 minutos"},"schema":{"@context":"https:\/\/schema.org","@graph":[{"@type":["Article","BlogPosting"],"@id":"https:\/\/quantocustaviajar.com\/blog\/lugares-lindos-na-america-latina\/#article","isPartOf":{"@id":"https:\/\/quantocustaviajar.com\/blog\/lugares-lindos-na-america-latina\/"},"author":{"name":"Izabella Miranda","@id":"https:\/\/quantocustaviajar.com\/blog\/#\/schema\/person\/595118451f4120870051de530232399d"},"headline":"23 lugares lindos na Am\u00e9rica Latina para voc\u00ea conhecer","datePublished":"2025-08-10T15:50:00+00:00","dateModified":"2025-11-17T14:11:56+00:00","mainEntityOfPage":{"@id":"https:\/\/quantocustaviajar.com\/blog\/lugares-lindos-na-america-latina\/"},"wordCount":2996,"commentCount":14,"publisher":{"@id":"https:\/\/quantocustaviajar.com\/blog\/#organization"},"image":{"@id":"https:\/\/quantocustaviajar.com\/blog\/lugares-lindos-na-america-latina\/#primaryimage"},"thumbnailUrl":"https:\/\/quantocustaviajar.com\/blog\/wp-content\/uploads\/2015\/08\/monteroraima.jpg","keywords":["am\u00e9rica do sul","am\u00e9rica latina","atra\u00e7\u00f5es","Bol\u00edvia","Brasil","chile","cultura","curiosidade","destinos","lugares lindos na Am\u00e9rica Latina","lugares surreais","natureza","pa\u00edses","passeio","Patag\u00f4nia","planejamento viagem","praias","surreal","viagem"],"articleSection":["Ao Ar Livre"],"inLanguage":"pt-BR","potentialAction":[{"@type":"CommentAction","name":"Comment","target":["https:\/\/quantocustaviajar.com\/blog\/lugares-lindos-na-america-latina\/#respond"]}]},{"@type":"WebPage","@id":"https:\/\/quantocustaviajar.com\/blog\/lugares-lindos-na-america-latina\/","url":"https:\/\/quantocustaviajar.com\/blog\/lugares-lindos-na-america-latina\/","name":"Lugares lindos na Am\u00e9rica Latina para conhecer","isPartOf":{"@id":"https:\/\/quantocustaviajar.com\/blog\/#website"},"primaryImageOfPage":{"@id":"https:\/\/quantocustaviajar.com\/blog\/lugares-lindos-na-america-latina\/#primaryimage"},"image":{"@id":"https:\/\/quantocustaviajar.com\/blog\/lugares-lindos-na-america-latina\/#primaryimage"},"thumbnailUrl":"https:\/\/quantocustaviajar.com\/blog\/wp-content\/uploads\/2015\/08\/monteroraima.jpg","datePublished":"2025-08-10T15:50:00+00:00","dateModified":"2025-11-17T14:11:56+00:00","description":"Poucos sabem que a Am\u00e9rica Latina \u00e9 uma \u00f3tima op\u00e7\u00e3o para conhecer um pouco de tudo. Confira nossa lista de lugares lindos na Am\u00e9rica Latina!","breadcrumb":{"@id":"https:\/\/quantocustaviajar.com\/blog\/lugares-lindos-na-america-latina\/#breadcrumb"},"inLanguage":"pt-BR","potentialAction":[{"@type":"ReadAction","target":["https:\/\/quantocustaviajar.com\/blog\/lugares-lindos-na-america-latina\/"]}]},{"@type":"ImageObject","inLanguage":"pt-BR","@id":"https:\/\/quantocustaviajar.com\/blog\/lugares-lindos-na-america-latina\/#primaryimage","url":"https:\/\/quantocustaviajar.com\/blog\/wp-content\/uploads\/2015\/08\/monteroraima.jpg","contentUrl":"https:\/\/quantocustaviajar.com\/blog\/wp-content\/uploads\/2015\/08\/monteroraima.jpg","width":650,"height":433},{"@type":"BreadcrumbList","@id":"https:\/\/quantocustaviajar.com\/blog\/lugares-lindos-na-america-latina\/#breadcrumb","itemListElement":[{"@type":"ListItem","position":1,"name":"In\u00edcio","item":"https:\/\/quantocustaviajar.com\/blog\/"},{"@type":"ListItem","position":2,"name":"23 lugares lindos na Am\u00e9rica Latina para voc\u00ea conhecer"}]},{"@type":"WebSite","@id":"https:\/\/quantocustaviajar.com\/blog\/#website","url":"https:\/\/quantocustaviajar.com\/blog\/","name":"Blog Quanto Custa Viajar","description":"","publisher":{"@id":"https:\/\/quantocustaviajar.com\/blog\/#organization"},"potentialAction":[{"@type":"SearchAction","target":{"@type":"EntryPoint","urlTemplate":"https:\/\/quantocustaviajar.com\/blog\/?s={search_term_string}"},"query-input":{"@type":"PropertyValueSpecification","valueRequired":true,"valueName":"search_term_string"}}],"inLanguage":"pt-BR"},{"@type":"Organization","@id":"https:\/\/quantocustaviajar.com\/blog\/#organization","name":"Quanto Custa Viajar","url":"https:\/\/quantocustaviajar.com\/blog\/","logo":{"@type":"ImageObject","inLanguage":"pt-BR","@id":"https:\/\/quantocustaviajar.com\/blog\/#\/schema\/logo\/image\/","url":"","contentUrl":"","caption":"Quanto Custa Viajar"},"image":{"@id":"https:\/\/quantocustaviajar.com\/blog\/#\/schema\/logo\/image\/"},"sameAs":["https:\/\/www.facebook.com\/quantocustaviajar"]},{"@type":"Person","@id":"https:\/\/quantocustaviajar.com\/blog\/#\/schema\/person\/595118451f4120870051de530232399d","name":"Izabella Miranda","image":{"@type":"ImageObject","inLanguage":"pt-BR","@id":"https:\/\/quantocustaviajar.com\/blog\/#\/schema\/person\/image\/","url":"https:\/\/secure.gravatar.com\/avatar\/eb1c9c8ed6c596023f48930e960ff440b8cad6a3beabb6b619d3504ad832c628?s=96&d=mm&r=g","contentUrl":"https:\/\/secure.gravatar.com\/avatar\/eb1c9c8ed6c596023f48930e960ff440b8cad6a3beabb6b619d3504ad832c628?s=96&d=mm&r=g","caption":"Izabella Miranda"},"description":"Jornalista por profiss\u00e3o e planejadora de viagens nas horas vagas.","url":"https:\/\/quantocustaviajar.com\/blog\/author\/izabella\/"}]}},"_links":{"self":[{"href":"https:\/\/quantocustaviajar.com\/blog\/wp-json\/wp\/v2\/posts\/2112","targetHints":{"allow":["GET"]}}],"collection":[{"href":"https:\/\/quantocustaviajar.com\/blog\/wp-json\/wp\/v2\/posts"}],"about":[{"href":"https:\/\/quantocustaviajar.com\/blog\/wp-json\/wp\/v2\/types\/post"}],"author":[{"embeddable":true,"href":"https:\/\/quantocustaviajar.com\/blog\/wp-json\/wp\/v2\/users\/18"}],"replies":[{"embeddable":true,"href":"https:\/\/quantocustaviajar.com\/blog\/wp-json\/wp\/v2\/comments?post=2112"}],"version-history":[{"count":71,"href":"https:\/\/quantocustaviajar.com\/blog\/wp-json\/wp\/v2\/posts\/2112\/revisions"}],"predecessor-version":[{"id":87491,"href":"https:\/\/quantocustaviajar.com\/blog\/wp-json\/wp\/v2\/posts\/2112\/revisions\/87491"}],"wp:featuredmedia":[{"embeddable":true,"href":"https:\/\/quantocustaviajar.com\/blog\/wp-json\/wp\/v2\/media\/2124"}],"wp:attachment":[{"href":"https:\/\/quantocustaviajar.com\/blog\/wp-json\/wp\/v2\/media?parent=2112"}],"wp:term":[{"taxonomy":"category","embeddable":true,"href":"https:\/\/quantocustaviajar.com\/blog\/wp-json\/wp\/v2\/categories?post=2112"},{"taxonomy":"post_tag","embeddable":true,"href":"https:\/\/quantocustaviajar.com\/blog\/wp-json\/wp\/v2\/tags?post=2112"}],"curies":[{"name":"wp","href":"https:\/\/api.w.org\/{rel}","templated":true}]}}