{"id":20963,"date":"2018-02-26T12:31:38","date_gmt":"2018-02-26T12:31:38","guid":{"rendered":"https:\/\/quantocustaviajar.com\/blog\/?p=20963"},"modified":"2019-03-20T19:38:50","modified_gmt":"2019-03-20T19:38:50","slug":"montanhas-coloridas-no-peru","status":"publish","type":"post","link":"https:\/\/quantocustaviajar.com\/blog\/montanhas-coloridas-no-peru\/","title":{"rendered":"Montanhas Coloridas no Peru: surpreenda-se com essa maravilha na Am\u00e9rica do Sul"},"content":{"rendered":"<p>Existem alguns lugares na Terra que nem parecem de verdade. \u00c9 o caso das <strong>Montanhas Coloridas no Peru<\/strong>, tamb\u00e9m conhecidas como Montanhas Arco-\u00cdris, Montanha das 7 Cores, Monta\u00f1a Vinicunca e Cerro Colorado. A maravilha natural atrai viajantes curiosos que precisam checar de perto cada uma de suas linhas vibrantes.<\/p><div id=\"ez-toc-container\" class=\"ez-toc-v2_0_76 ez-toc-wrap-left counter-hierarchy ez-toc-counter ez-toc-light-blue ez-toc-container-direction\">\n<div class=\"ez-toc-title-container\">\n<p class=\"ez-toc-title\" style=\"cursor:inherit\">Aqui voc\u00ea ir\u00e1 encontrar<\/p>\n<span class=\"ez-toc-title-toggle\"><a href=\"#\" class=\"ez-toc-pull-right ez-toc-btn ez-toc-btn-xs ez-toc-btn-default ez-toc-toggle\" aria-label=\"Alternar tabela de conte\u00fado\"><span class=\"ez-toc-js-icon-con\"><span class=\"\"><span class=\"eztoc-hide\" style=\"display:none;\">Toggle<\/span><span class=\"ez-toc-icon-toggle-span\"><svg style=\"fill: #999;color:#999\" xmlns=\"http:\/\/www.w3.org\/2000\/svg\" class=\"list-377408\" width=\"20px\" height=\"20px\" viewBox=\"0 0 24 24\" fill=\"none\"><path d=\"M6 6H4v2h2V6zm14 0H8v2h12V6zM4 11h2v2H4v-2zm16 0H8v2h12v-2zM4 16h2v2H4v-2zm16 0H8v2h12v-2z\" fill=\"currentColor\"><\/path><\/svg><svg style=\"fill: #999;color:#999\" class=\"arrow-unsorted-368013\" xmlns=\"http:\/\/www.w3.org\/2000\/svg\" width=\"10px\" height=\"10px\" viewBox=\"0 0 24 24\" version=\"1.2\" baseProfile=\"tiny\"><path d=\"M18.2 9.3l-6.2-6.3-6.2 6.3c-.2.2-.3.4-.3.7s.1.5.3.7c.2.2.4.3.7.3h11c.3 0 .5-.1.7-.3.2-.2.3-.5.3-.7s-.1-.5-.3-.7zM5.8 14.7l6.2 6.3 6.2-6.3c.2-.2.3-.5.3-.7s-.1-.5-.3-.7c-.2-.2-.4-.3-.7-.3h-11c-.3 0-.5.1-.7.3-.2.2-.3.5-.3.7s.1.5.3.7z\"\/><\/svg><\/span><\/span><\/span><\/a><\/span><\/div>\n<nav><ul class='ez-toc-list ez-toc-list-level-1 ' ><li class='ez-toc-page-1 ez-toc-heading-level-2'><a class=\"ez-toc-link ez-toc-heading-1\" href=\"https:\/\/quantocustaviajar.com\/blog\/montanhas-coloridas-no-peru\/#Como_chegar_ate_as_Montanhas_Coloridas_no_Peru\" >Como chegar at\u00e9 \u00e0s Montanhas Coloridas no Peru<\/a><\/li><li class='ez-toc-page-1 ez-toc-heading-level-2'><a class=\"ez-toc-link ez-toc-heading-2\" href=\"https:\/\/quantocustaviajar.com\/blog\/montanhas-coloridas-no-peru\/#O_que_analisar_na_hora_de_escolher_a_excursao\" >O que analisar na hora de escolher a excurs\u00e3o<\/a><\/li><li class='ez-toc-page-1 ez-toc-heading-level-2'><a class=\"ez-toc-link ez-toc-heading-3\" href=\"https:\/\/quantocustaviajar.com\/blog\/montanhas-coloridas-no-peru\/#Dicas_gerais_para_quem_vai_subir_as_Montanhas_Coloridas_no_Peru\" >Dicas gerais para quem vai subir as Montanhas Coloridas no Peru<\/a><\/li><\/ul><\/nav><\/div>\n\n<p>Parte da Cordilheira Vilcanota, a forma\u00e7\u00e3o rochosa fica nos arredores de Pitumarca, <strong>a 130 km de <a href=\"https:\/\/quantocustaviajar.com\/peru\/cusco\" target=\"_blank\" rel=\"noopener\">Cusco<\/a><\/strong>, na, e costuma estar inclusa nas aventuras de quem vai at\u00e9 <strong><a href=\"https:\/\/quantocustaviajar.com\/blog\/como-chegar-em-machu-picchu\/\" target=\"_blank\" rel=\"noopener\">Machu Picchu<\/a><\/strong>, n\u00e3o muito distante da regi\u00e3o.<\/p>\n<p>Em seu ponto mais alto, as Montanhas Coloridas no Peru atingem cerca de 5 mil metros de altitude e encantam at\u00e9 mesmo as alpacas e lhamas que ficam nos arredores. As tonalidades de vermelho, de amarelo e de azul dessa joia geol\u00f3gica se justificam pela a\u00e7\u00e3o de minerais, como o ferro, o mangan\u00eas e o cobre, em contato com os ventos e a \u00e1gua ao longo de muitos e muitos anos.<\/p>\n<figure id=\"attachment_30846\" aria-describedby=\"caption-attachment-30846\" style=\"width: 800px\" class=\"wp-caption aligncenter\"><img loading=\"lazy\" decoding=\"async\" class=\"size-full wp-image-30846\" src=\"https:\/\/quantocustaviajar.com\/blog\/wp-content\/uploads\/2018\/02\/montanhas-coloridas-no-peru-1.jpg\" alt=\"montanhas coloridas no peru\" width=\"800\" height=\"600\" srcset=\"https:\/\/quantocustaviajar.com\/blog\/wp-content\/uploads\/2018\/02\/montanhas-coloridas-no-peru-1.jpg 800w, https:\/\/quantocustaviajar.com\/blog\/wp-content\/uploads\/2018\/02\/montanhas-coloridas-no-peru-1-300x225.jpg 300w, https:\/\/quantocustaviajar.com\/blog\/wp-content\/uploads\/2018\/02\/montanhas-coloridas-no-peru-1-768x576.jpg 768w\" sizes=\"auto, (max-width: 800px) 100vw, 800px\" \/><figcaption id=\"caption-attachment-30846\" class=\"wp-caption-text\">Foto: <a href=\"https:\/\/www.pexels.com\/photo\/cusco-peru-rainbow-mountains-south-america-371464\/\" target=\"_blank\" rel=\"noopener\">Pexels<\/a><\/figcaption><\/figure>\n<p>O tour at\u00e9 as Montanhas Coloridas no Peru \u00e9 relativamente novo e se popularizou em 2015 e 2016. At\u00e9 ent\u00e3o, a maioria dos turistas acabava indo em busca de uma das montanhas mais altas do Peru, o Nevado Ausangate, que fica a 6.384 metros acima do n\u00edvel do mar.<\/p>\n<p>Para conseguir ver as Montanhas Coloridas no Peru com todo seu esplendor, sem estar coberta de gelo, <strong>o melhor per\u00edodo para viajar \u00e9 entre abril e outubro<\/strong>. Isso porque de novembro a mar\u00e7o temos a esta\u00e7\u00e3o chuvosa, fazendo com que as montanhas fiquem cobertas de gelo.<\/p>\n<blockquote><p><a href=\"https:\/\/quantocustaviajar.com\/peru\/cusco\/passagem-aerea\" target=\"_blank\" rel=\"noopener\"><strong>Bora arrumar as malas? Encontre passagens a\u00e9reas baratas para Cusco, no Peru, e inclua esse tour no seu roteiro de viagens!<\/strong><\/a><\/p><\/blockquote>\n<h2><span class=\"ez-toc-section\" id=\"Como_chegar_ate_as_Montanhas_Coloridas_no_Peru\"><\/span><strong>Como chegar at\u00e9 \u00e0s Montanhas Coloridas no Peru<\/strong><span class=\"ez-toc-section-end\"><\/span><\/h2>\n<figure id=\"attachment_30847\" aria-describedby=\"caption-attachment-30847\" style=\"width: 800px\" class=\"wp-caption alignnone\"><img loading=\"lazy\" decoding=\"async\" class=\"size-full wp-image-30847\" src=\"https:\/\/quantocustaviajar.com\/blog\/wp-content\/uploads\/2018\/02\/montanhas-coloridas-no-peru-2.jpg\" alt=\"montanhas coloridas no peru\" width=\"800\" height=\"450\" srcset=\"https:\/\/quantocustaviajar.com\/blog\/wp-content\/uploads\/2018\/02\/montanhas-coloridas-no-peru-2.jpg 800w, https:\/\/quantocustaviajar.com\/blog\/wp-content\/uploads\/2018\/02\/montanhas-coloridas-no-peru-2-300x169.jpg 300w, https:\/\/quantocustaviajar.com\/blog\/wp-content\/uploads\/2018\/02\/montanhas-coloridas-no-peru-2-768x432.jpg 768w\" sizes=\"auto, (max-width: 800px) 100vw, 800px\" \/><figcaption id=\"caption-attachment-30847\" class=\"wp-caption-text\">Foto: <a href=\"https:\/\/commons.wikimedia.org\/wiki\/File:Montana_de_colores_Cusco_(Vinicunca)_y_Valle_Rojo_por_Inka_Time.jpg\" target=\"_blank\" rel=\"noopener\">Wikimedia Commons<\/a><\/figcaption><\/figure>\n<p>A jornada para ver as Montanhas Coloridas no Peru come\u00e7a cedinho! Normalmente, as ag\u00eancias de turismo pegam os turistas na porta do hotel em Cusco \u00e0s 2h30 ou 3h. Essa viagem de Cusco at\u00e9 Pitumarca dura aproximadamente 4 horas. Muitos tours param na cidade de Qesyuno para um caf\u00e9 da manh\u00e3 (que muitas vezes est\u00e1 incluso no pacote da excurs\u00e3o).<\/p>\n<blockquote><p><a href=\"https:\/\/quantocustaviajar.com\/peru\/cusco\/onde-ficar\" target=\"_blank\" rel=\"noopener\"><strong>Onde ficar em Cusco? Veja nossas dicas de hospedagem aqui!<\/strong><\/a><\/p><\/blockquote>\n<p>Chegando ao estacionamento Rainbow Mountain Pitumarca Trail Parking, os visitantes devem pagar uma taxa de admiss\u00e3o no valor de US$ 3 \u2014 valor j\u00e1 incluso na maioria das excurs\u00f5es.<\/p>\n<p>O passeio segue com uma caminhada de 2 ou 3 horas at\u00e9 chegar \u00e0s Montanhas Coloridas no Peru. Tudo vai depender do condicionamento f\u00edsico de cada pessoa e tamb\u00e9m dos efeitos da altitude que cada um vai sentir, j\u00e1 que estamos falando de um trekking a 5 mil metros acima do n\u00edvel do mar. O trecho \u00e9 \u00edngreme, com dificuldade m\u00e9dia\/pesada. Mas acredite, todo esse esfor\u00e7o vai valer a pena quando voc\u00ea chegar l\u00e1 e se deparar com essa maravilhosidade:<\/p>\n<figure id=\"attachment_30850\" aria-describedby=\"caption-attachment-30850\" style=\"width: 800px\" class=\"wp-caption alignnone\"><img loading=\"lazy\" decoding=\"async\" class=\"size-full wp-image-30850\" src=\"https:\/\/quantocustaviajar.com\/blog\/wp-content\/uploads\/2018\/02\/montanhas-coloridas-no-peru-4.jpg\" alt=\"montanhas coloridas no peru\" width=\"800\" height=\"543\" srcset=\"https:\/\/quantocustaviajar.com\/blog\/wp-content\/uploads\/2018\/02\/montanhas-coloridas-no-peru-4.jpg 800w, https:\/\/quantocustaviajar.com\/blog\/wp-content\/uploads\/2018\/02\/montanhas-coloridas-no-peru-4-300x204.jpg 300w, https:\/\/quantocustaviajar.com\/blog\/wp-content\/uploads\/2018\/02\/montanhas-coloridas-no-peru-4-768x521.jpg 768w\" sizes=\"auto, (max-width: 800px) 100vw, 800px\" \/><figcaption id=\"caption-attachment-30850\" class=\"wp-caption-text\">Foto: <a href=\"https:\/\/www.flickr.com\/photos\/international-programs\/30326975510\" target=\"_blank\" rel=\"noopener\">UI International Programs<\/a><\/figcaption><\/figure>\n<figure id=\"attachment_30852\" aria-describedby=\"caption-attachment-30852\" style=\"width: 1024px\" class=\"wp-caption alignnone\"><img loading=\"lazy\" decoding=\"async\" class=\"size-full wp-image-30852\" src=\"https:\/\/quantocustaviajar.com\/blog\/wp-content\/uploads\/2018\/02\/montanhas-coloridas-no-peru-7.jpg\" alt=\"montanhas coloridas no peru\" width=\"1024\" height=\"654\" srcset=\"https:\/\/quantocustaviajar.com\/blog\/wp-content\/uploads\/2018\/02\/montanhas-coloridas-no-peru-7.jpg 1024w, https:\/\/quantocustaviajar.com\/blog\/wp-content\/uploads\/2018\/02\/montanhas-coloridas-no-peru-7-300x192.jpg 300w, https:\/\/quantocustaviajar.com\/blog\/wp-content\/uploads\/2018\/02\/montanhas-coloridas-no-peru-7-768x491.jpg 768w\" sizes=\"auto, (max-width: 1024px) 100vw, 1024px\" \/><figcaption id=\"caption-attachment-30852\" class=\"wp-caption-text\">Foto: <a href=\"https:\/\/www.flickr.com\/photos\/lgoub\/37564461220\" target=\"_blank\" rel=\"noopener\">Laila Goubran<\/a><\/figcaption><\/figure>\n<figure id=\"attachment_30853\" aria-describedby=\"caption-attachment-30853\" style=\"width: 1024px\" class=\"wp-caption alignnone\"><img loading=\"lazy\" decoding=\"async\" class=\"size-full wp-image-30853\" src=\"https:\/\/quantocustaviajar.com\/blog\/wp-content\/uploads\/2018\/02\/montanhas-coloridas-no-peru-8.jpg\" alt=\"montanhas coloridas no peru\" width=\"1024\" height=\"720\" srcset=\"https:\/\/quantocustaviajar.com\/blog\/wp-content\/uploads\/2018\/02\/montanhas-coloridas-no-peru-8.jpg 1024w, https:\/\/quantocustaviajar.com\/blog\/wp-content\/uploads\/2018\/02\/montanhas-coloridas-no-peru-8-300x211.jpg 300w, https:\/\/quantocustaviajar.com\/blog\/wp-content\/uploads\/2018\/02\/montanhas-coloridas-no-peru-8-768x540.jpg 768w\" sizes=\"auto, (max-width: 1024px) 100vw, 1024px\" \/><figcaption id=\"caption-attachment-30853\" class=\"wp-caption-text\">Foto: <a href=\"https:\/\/www.flickr.com\/photos\/viaggionelmondo\/42737329790\" target=\"_blank\" rel=\"noopener\">Viaggio nel Mondo<\/a><\/figcaption><\/figure>\n<blockquote class=\"instagram-media\" style=\"background: #FFF; border: 0; border-radius: 3px; box-shadow: 0 0 1px 0 rgba(0,0,0,0.5),0 1px 10px 0 rgba(0,0,0,0.15); margin: 1px; max-width: 540px; min-width: 326px; padding: 0; width: calc(100% - 2px);\" data-instgrm-permalink=\"https:\/\/www.instagram.com\/p\/Bmiti5tliI0\/?utm_source=ig_embed&amp;utm_medium=loading&amp;utm_campaign=embed_loading_state_control\" data-instgrm-version=\"9\">\n<div style=\"padding: 8px;\">\n<div style=\"background: #F8F8F8; line-height: 0; margin-top: 40px; padding: 62.4537037037037% 0; text-align: center; width: 100%;\">\n<div style=\"background: url(data:image\/png; base64,ivborw0kggoaaaansuheugaaacwaaaascamaaaapwqozaaaabgdbtueaalgpc\/xhbqaaaafzukdcak7ohokaaaamuexurczmzpf399fx1+bm5mzy9amaaadisurbvdjlvzxbesmgces5\/p8\/t9furvcrmu73jwlzosgsiizurcjo\/ad+eqjjb4hv8bft+idpqocx1wjosbfhh2xssxeiyn3uli\/6mnree07uiwjev8ueowds88ly97kqytlijkktuybbruayvh5wohixmpi5we58ek028czwyuqdlkpg1bkb4nnm+veanfhqn1k4+gpt6ugqcvu2h2ovuif\/gwufyy8owepdyzsa3avcqpvovvzzz2vtnn2wu8qzvjddeto90gsy9mvlqtgysy231mxry6i2ggqjrty0l8fxcxfcbbhwrsyyaaaaaelftksuqmcc); display: block; height: 44px; margin: 0 auto -44px; position: relative; top: -22px; width: 44px;\"><\/div>\n<\/div>\n<p style=\"color: #c9c8cd; font-family: Arial,sans-serif; font-size: 14px; line-height: 17px; margin-bottom: 0; margin-top: 8px; overflow: hidden; padding: 8px 0 7px; text-align: center; text-overflow: ellipsis; white-space: nowrap;\"><a style=\"color: #c9c8cd; font-family: Arial,sans-serif; font-size: 14px; font-style: normal; font-weight: normal; line-height: 17px; text-decoration: none;\" href=\"https:\/\/www.instagram.com\/p\/Bmiti5tliI0\/?utm_source=ig_embed&amp;utm_medium=loading&amp;utm_campaign=embed_loading_state_control\" target=\"_blank\" rel=\"noopener\">Uma publica\u00e7\u00e3o compartilhada por EMMETT SPARLING (@emmett_sparling)<\/a> em <time style=\"font-family: Arial,sans-serif; font-size: 14px; line-height: 17px;\" datetime=\"2018-08-16T14:01:23+00:00\">16 de Ago, 2018 \u00e0s 7:01 PDT<\/time><\/p>\n<\/div>\n<\/blockquote>\n<p><script async src=\"\/\/www.instagram.com\/embed.js\"><\/script><\/p>\n<blockquote class=\"instagram-media\" style=\"background: #FFF; border: 0; border-radius: 3px; box-shadow: 0 0 1px 0 rgba(0,0,0,0.5),0 1px 10px 0 rgba(0,0,0,0.15); margin: 1px; max-width: 540px; min-width: 326px; padding: 0; width: calc(100% - 2px);\" data-instgrm-permalink=\"https:\/\/www.instagram.com\/p\/BdagqxOFVop\/?utm_source=ig_embed&amp;utm_medium=loading&amp;utm_campaign=embed_loading_state_control\" data-instgrm-version=\"9\">\n<div style=\"padding: 8px;\">\n<div style=\"background: #F8F8F8; line-height: 0; margin-top: 40px; padding: 62.5% 0; text-align: center; width: 100%;\">\n<div style=\"background: url(data:image\/png; base64,ivborw0kggoaaaansuheugaaacwaaaascamaaaapwqozaaaabgdbtueaalgpc\/xhbqaaaafzukdcak7ohokaaaamuexurczmzpf399fx1+bm5mzy9amaaadisurbvdjlvzxbesmgces5\/p8\/t9furvcrmu73jwlzosgsiizurcjo\/ad+eqjjb4hv8bft+idpqocx1wjosbfhh2xssxeiyn3uli\/6mnree07uiwjev8ueowds88ly97kqytlijkktuybbruayvh5wohixmpi5we58ek028czwyuqdlkpg1bkb4nnm+veanfhqn1k4+gpt6ugqcvu2h2ovuif\/gwufyy8owepdyzsa3avcqpvovvzzz2vtnn2wu8qzvjddeto90gsy9mvlqtgysy231mxry6i2ggqjrty0l8fxcxfcbbhwrsyyaaaaaelftksuqmcc); display: block; height: 44px; margin: 0 auto -44px; position: relative; top: -22px; width: 44px;\"><\/div>\n<\/div>\n<p style=\"color: #c9c8cd; font-family: Arial,sans-serif; font-size: 14px; line-height: 17px; margin-bottom: 0; margin-top: 8px; overflow: hidden; padding: 8px 0 7px; text-align: center; text-overflow: ellipsis; white-space: nowrap;\"><a style=\"color: #c9c8cd; font-family: Arial,sans-serif; font-size: 14px; font-style: normal; font-weight: normal; line-height: 17px; text-decoration: none;\" href=\"https:\/\/www.instagram.com\/p\/BdagqxOFVop\/?utm_source=ig_embed&amp;utm_medium=loading&amp;utm_campaign=embed_loading_state_control\" target=\"_blank\" rel=\"noopener\">Uma publica\u00e7\u00e3o compartilhada por EMMETT SPARLING (@emmett_sparling)<\/a> em <time style=\"font-family: Arial,sans-serif; font-size: 14px; line-height: 17px;\" datetime=\"2018-01-01T16:52:23+00:00\">1 de Jan, 2018 \u00e0s 8:52 PST<\/time><\/p>\n<\/div>\n<\/blockquote>\n<p><script async src=\"\/\/www.instagram.com\/embed.js\"><\/script><\/p>\n<blockquote class=\"instagram-media\" style=\"background: #FFF; border: 0; border-radius: 3px; box-shadow: 0 0 1px 0 rgba(0,0,0,0.5),0 1px 10px 0 rgba(0,0,0,0.15); margin: 1px; max-width: 540px; min-width: 326px; padding: 0; width: calc(100% - 2px);\" data-instgrm-permalink=\"https:\/\/www.instagram.com\/p\/BqSnM_EncAO\/?utm_source=ig_embed&amp;utm_medium=loading&amp;utm_campaign=embed_loading_state_control\" data-instgrm-version=\"9\">\n<div style=\"padding: 8px;\">\n<div style=\"background: #F8F8F8; line-height: 0; margin-top: 40px; padding: 50.0% 0; text-align: center; width: 100%;\">\n<div style=\"background: url(data:image\/png; base64,ivborw0kggoaaaansuheugaaacwaaaascamaaaapwqozaaaabgdbtueaalgpc\/xhbqaaaafzukdcak7ohokaaaamuexurczmzpf399fx1+bm5mzy9amaaadisurbvdjlvzxbesmgces5\/p8\/t9furvcrmu73jwlzosgsiizurcjo\/ad+eqjjb4hv8bft+idpqocx1wjosbfhh2xssxeiyn3uli\/6mnree07uiwjev8ueowds88ly97kqytlijkktuybbruayvh5wohixmpi5we58ek028czwyuqdlkpg1bkb4nnm+veanfhqn1k4+gpt6ugqcvu2h2ovuif\/gwufyy8owepdyzsa3avcqpvovvzzz2vtnn2wu8qzvjddeto90gsy9mvlqtgysy231mxry6i2ggqjrty0l8fxcxfcbbhwrsyyaaaaaelftksuqmcc); display: block; height: 44px; margin: 0 auto -44px; position: relative; top: -22px; width: 44px;\"><\/div>\n<\/div>\n<p style=\"color: #c9c8cd; font-family: Arial,sans-serif; font-size: 14px; line-height: 17px; margin-bottom: 0; margin-top: 8px; overflow: hidden; padding: 8px 0 7px; text-align: center; text-overflow: ellipsis; white-space: nowrap;\"><a style=\"color: #c9c8cd; font-family: Arial,sans-serif; font-size: 14px; font-style: normal; font-weight: normal; line-height: 17px; text-decoration: none;\" href=\"https:\/\/www.instagram.com\/p\/BqSnM_EncAO\/?utm_source=ig_embed&amp;utm_medium=loading&amp;utm_campaign=embed_loading_state_control\" target=\"_blank\" rel=\"noopener\">Uma publica\u00e7\u00e3o compartilhada por UNLIMITED ADVENTURE (@unlimitedadventure)<\/a> em <time style=\"font-family: Arial,sans-serif; font-size: 14px; line-height: 17px;\" datetime=\"2018-11-17T18:03:41+00:00\">17 de Nov, 2018 \u00e0s 10:03 PST<\/time><\/p>\n<\/div>\n<\/blockquote>\n<p><script async src=\"\/\/www.instagram.com\/embed.js\"><\/script><\/p>\n<p>O bom que fazendo o passeio com uma excurs\u00e3o, voc\u00ea ainda pode seguir at\u00e9 o <strong>Vale Vermelho<\/strong>, tornando o passeio ainda mais completo e inesquec\u00edvel!<\/p>\n<h2><span class=\"ez-toc-section\" id=\"O_que_analisar_na_hora_de_escolher_a_excursao\"><\/span><strong>O que analisar na hora de escolher a excurs\u00e3o<\/strong><span class=\"ez-toc-section-end\"><\/span><\/h2>\n<figure id=\"attachment_30848\" aria-describedby=\"caption-attachment-30848\" style=\"width: 960px\" class=\"wp-caption alignnone\"><img loading=\"lazy\" decoding=\"async\" class=\"size-full wp-image-30848\" src=\"https:\/\/quantocustaviajar.com\/blog\/wp-content\/uploads\/2018\/02\/montanhas-coloridas-no-peru-3.jpg\" alt=\"montanhas coloridas no peru\" width=\"960\" height=\"640\" srcset=\"https:\/\/quantocustaviajar.com\/blog\/wp-content\/uploads\/2018\/02\/montanhas-coloridas-no-peru-3.jpg 960w, https:\/\/quantocustaviajar.com\/blog\/wp-content\/uploads\/2018\/02\/montanhas-coloridas-no-peru-3-300x200.jpg 300w, https:\/\/quantocustaviajar.com\/blog\/wp-content\/uploads\/2018\/02\/montanhas-coloridas-no-peru-3-768x512.jpg 768w\" sizes=\"auto, (max-width: 960px) 100vw, 960px\" \/><figcaption id=\"caption-attachment-30848\" class=\"wp-caption-text\">Foto: <a href=\"https:\/\/pixabay.com\/pt\/vinicunca-chap%C3%A9u-montanhas-2702790\/\" target=\"_blank\" rel=\"noopener\">Pixabay<\/a><\/figcaption><\/figure>\n<ul>\n<li>Confirme se a van da excurs\u00e3o vai te buscar na porta do hotel. Como a sa\u00edda \u00e9 de madrugada, voc\u00ea fica mais segura assim.<\/li>\n<li>Verifique se a excurs\u00e3o inclui caf\u00e9 da manh\u00e3 e almo\u00e7o. Caso contr\u00e1rio, voc\u00ea ter\u00e1 que preparar uma mochilinha com coisas para comer.<\/li>\n<li>De qualquer maneira, leve um petisco para matar a fome e \u00e1gua para se hidratar durante o passeio.<\/li>\n<li>Observe se no pre\u00e7o do pacote de excurs\u00e3o j\u00e1 est\u00e1 incluso o valor da entrada para ver as Montanhas Coloridas no Peru. Nem todo tour oferece isso.<\/li>\n<li>Confirme o idioma do guia para que voc\u00ea possa compreender tudo numa boa.<\/li>\n<li>Confirme onde ser\u00e1 o local de retorno, que muitas vezes \u00e9 na Plaza de Armas e n\u00e3o na porta do hotel.<\/li>\n<\/ul>\n<blockquote><p><a href=\"https:\/\/www.partner.viator.com\/pt\/15570\/tours\/Cusco\/Rainbow-Mountain-Vinicunca-and-Red-Valley-from-Cusco\/d937-49313P5\" target=\"_blank\" rel=\"noopener\"><strong>O que h\u00e1 no final do arco-\u00edris? Descubra numa excurs\u00e3o de dia inteiro para as Montanhas Coloridas no Peru, clique aqui e confira o pre\u00e7o do tour<\/strong><\/a><\/p><\/blockquote>\n<p>Voc\u00ea tamb\u00e9m pode ir por conta pr\u00f3pria. Nesse caso, voc\u00ea pode alugar um carro para seguir a viagem ou fazer o trajeto de \u00f4nibus. De bus\u00e3o ser\u00e1 meio que &#8220;pinga-pinga&#8221;, fazendo o trecho Cusco-Pitumarca-Anchipacha. As passagens para cada trecho n\u00e3o custam mais do que US$ 5. Acaba sendo uma aventura interessante, mas quem n\u00e3o tem muito tempo para perder com essas trocas de \u00f4nibus \u00e9 melhor ir com uma ag\u00eancia de turismo (al\u00e9m de ser mais pr\u00e1tico e seguro).<\/p>\n<h2><span class=\"ez-toc-section\" id=\"Dicas_gerais_para_quem_vai_subir_as_Montanhas_Coloridas_no_Peru\"><\/span><strong>Dicas gerais para quem vai subir as Montanhas Coloridas no Peru<\/strong><span class=\"ez-toc-section-end\"><\/span><\/h2>\n<figure id=\"attachment_30849\" aria-describedby=\"caption-attachment-30849\" style=\"width: 800px\" class=\"wp-caption alignnone\"><img loading=\"lazy\" decoding=\"async\" class=\"size-full wp-image-30849\" src=\"https:\/\/quantocustaviajar.com\/blog\/wp-content\/uploads\/2018\/02\/montanhas-coloridas-no-peru-5.jpg\" alt=\"montanhas coloridas no peru\" width=\"800\" height=\"533\" srcset=\"https:\/\/quantocustaviajar.com\/blog\/wp-content\/uploads\/2018\/02\/montanhas-coloridas-no-peru-5.jpg 800w, https:\/\/quantocustaviajar.com\/blog\/wp-content\/uploads\/2018\/02\/montanhas-coloridas-no-peru-5-300x200.jpg 300w, https:\/\/quantocustaviajar.com\/blog\/wp-content\/uploads\/2018\/02\/montanhas-coloridas-no-peru-5-768x512.jpg 768w\" sizes=\"auto, (max-width: 800px) 100vw, 800px\" \/><figcaption id=\"caption-attachment-30849\" class=\"wp-caption-text\">Foto: <a href=\"https:\/\/pixabay.com\/pt\/vinicunca-arco-%C3%ADris-montanha-2702788\/\" target=\"_blank\" rel=\"noopener\">Pixabay<\/a><\/figcaption><\/figure>\n<p>Esteja preparada fisicamente para a caminhada. Lembre-se que a altitude \u00e9 de 5 mil metros acima do n\u00edvel do mar e todo cuidado \u00e9 pouco para evitar o <a href=\"https:\/\/quantocustaviajar.com\/blog\/mal-de-altitude-como-prevenir\/\" target=\"_blank\" rel=\"noopener\"><strong>mal de altitude<\/strong><\/a>. Por isso, evite fazer o passeio no mesmo dia que chegar a Cusco para seu corpo ir se acostumando com a altitude. Confira outras dicas importantes para planejar seu passeio:<\/p>\n<ul>\n<li>O hor\u00e1rio de funcionamento do local \u00e9 das 9h \u00e0s 18h.<\/li>\n<li>No alto das Montanhas Coloridas no Peru faz frio. Por isso, \u00e9 sempre bom levar um casaquinho corta vento e vestir cal\u00e7as e sapatos apropriados para trekking.<\/li>\n<li>Outros itens como chap\u00e9u, bon\u00e9 e \u00f3culos de sol s\u00e3o bem-vindos para a caminhada.<\/li>\n<li>Mesmo fazendo friozinho, leve seu protetor solar para n\u00e3o se queimar.<\/li>\n<li>Em sua mochila, leve uma garrafinha de \u00e1gua e petisco para lanchar na hora que a fome bater.<\/li>\n<li>Leve dinheiro em esp\u00e9cie, caso tenha necessidade de comprar algo antes de iniciar o trekking.<\/li>\n<li>Esteja com seu documento de identidade ou passaporte, pode ser necess\u00e1rio apresent\u00e1-lo antes de entrar.<\/li>\n<li>Alguns moradores locais oferecem servi\u00e7os de transporte com cavalos. O custo m\u00e9dio \u00e9 de 100 Soles por pessoa. Evite incentivar esse tipo de explora\u00e7\u00e3o animal.<\/li>\n<\/ul>\n<p>Se voc\u00ea gosta de explorar destinos relativamente novos, colocar as Montanhas Coloridas no Peru em seu roteiro de passeios vai render uma viagem memor\u00e1vel. Aproveite para emendar com a ida ao <strong><a href=\"https:\/\/quantocustaviajar.com\/blog\/como-chegar-em-machu-picchu\/\" target=\"_blank\" rel=\"noopener\">Machu Picchu<\/a><\/strong> ;)<\/p>\n","protected":false},"excerpt":{"rendered":"<p>Existem alguns lugares na Terra que nem parecem de verdade. \u00c9 o caso das Montanhas Coloridas no Peru, tamb\u00e9m conhecidas como Montanhas Arco-\u00cdris, Montanha das 7 Cores, Monta\u00f1a Vinicunca e Cerro Colorado. A maravilha natural atrai viajantes curiosos que precisam checar de perto cada uma de suas linhas vibrantes. Parte da Cordilheira Vilcanota, a forma\u00e7\u00e3o [&hellip;]<\/p>\n","protected":false},"author":4,"featured_media":30851,"comment_status":"open","ping_status":"open","sticky":false,"template":"","format":"standard","meta":{"cybocfi_hide_featured_image":"","footnotes":""},"categories":[1437,1438],"tags":[373,1485,956,135,393,415,557,178,1171,76,183,77,467,1154,979,1005,377,797,442,539,398,1839,529,408,1250,1840],"class_list":["post-20963","post","type-post","status-publish","format-standard","has-post-thumbnail","hentry","category-ao-ar-livre","category-dicas-praticas","tag-adrenalina","tag-americadosul","tag-arco-iris","tag-atracoes","tag-aventura","tag-belezas-naturais","tag-colorido","tag-como-chegar","tag-como-e","tag-curiosidade","tag-destinos","tag-dicas","tag-ecoturismo","tag-escalada","tag-expedicao","tag-lugares-diferentes","tag-lugares-surreais","tag-machu-picchu","tag-mochilao","tag-mochileiro","tag-montanha","tag-montanhas-coloridas","tag-onde-ir","tag-peru","tag-trekking","tag-vinicunca"],"blocksy_meta":[],"yoast_head":"<!-- This site is optimized with the Yoast SEO plugin v26.3 - https:\/\/yoast.com\/wordpress\/plugins\/seo\/ -->\n<title>Montanhas Coloridas no Peru: conhe\u00e7a essa maravilha na Am\u00e9rica do Sul<\/title>\n<meta name=\"description\" content=\"As Montanhas Coloridas no Peru proporcionam cen\u00e1rios de deixar qualquer pessoa de boca aberta. Descubra como colocar esse destino no seu roteiro de viagens.\" \/>\n<meta name=\"robots\" content=\"index, follow, max-snippet:-1, max-image-preview:large, max-video-preview:-1\" \/>\n<link rel=\"canonical\" href=\"https:\/\/quantocustaviajar.com\/blog\/montanhas-coloridas-no-peru\/\" \/>\n<meta property=\"og:locale\" content=\"pt_BR\" \/>\n<meta property=\"og:type\" content=\"article\" \/>\n<meta property=\"og:title\" content=\"Montanhas Coloridas no Peru: conhe\u00e7a essa maravilha na Am\u00e9rica do Sul\" \/>\n<meta property=\"og:description\" content=\"As Montanhas Coloridas no Peru proporcionam cen\u00e1rios de deixar qualquer pessoa de boca aberta. Descubra como colocar esse destino no seu roteiro de viagens.\" \/>\n<meta property=\"og:url\" content=\"https:\/\/quantocustaviajar.com\/blog\/montanhas-coloridas-no-peru\/\" \/>\n<meta property=\"og:site_name\" content=\"Blog Quanto Custa Viajar\" \/>\n<meta property=\"article:publisher\" content=\"https:\/\/www.facebook.com\/quantocustaviajar\" \/>\n<meta property=\"article:author\" content=\"https:\/\/www.facebook.com\/brunellapfvr\/posts\" \/>\n<meta property=\"article:published_time\" content=\"2018-02-26T12:31:38+00:00\" \/>\n<meta property=\"article:modified_time\" content=\"2019-03-20T19:38:50+00:00\" \/>\n<meta property=\"og:image\" content=\"https:\/\/quantocustaviajar.com\/blog\/wp-content\/uploads\/2018\/02\/montanhas-coloridas-no-peru-6.jpg\" \/>\n\t<meta property=\"og:image:width\" content=\"1200\" \/>\n\t<meta property=\"og:image:height\" content=\"630\" \/>\n\t<meta property=\"og:image:type\" content=\"image\/jpeg\" \/>\n<meta name=\"author\" content=\"Brunella Nunes\" \/>\n<meta name=\"twitter:card\" content=\"summary_large_image\" \/>\n<meta name=\"twitter:label1\" content=\"Escrito por\" \/>\n\t<meta name=\"twitter:data1\" content=\"Brunella Nunes\" \/>\n\t<meta name=\"twitter:label2\" content=\"Est. tempo de leitura\" \/>\n\t<meta name=\"twitter:data2\" content=\"6 minutos\" \/>\n<!-- \/ Yoast SEO plugin. -->","yoast_head_json":{"title":"Montanhas Coloridas no Peru: conhe\u00e7a essa maravilha na Am\u00e9rica do Sul","description":"As Montanhas Coloridas no Peru proporcionam cen\u00e1rios de deixar qualquer pessoa de boca aberta. Descubra como colocar esse destino no seu roteiro de viagens.","robots":{"index":"index","follow":"follow","max-snippet":"max-snippet:-1","max-image-preview":"max-image-preview:large","max-video-preview":"max-video-preview:-1"},"canonical":"https:\/\/quantocustaviajar.com\/blog\/montanhas-coloridas-no-peru\/","og_locale":"pt_BR","og_type":"article","og_title":"Montanhas Coloridas no Peru: conhe\u00e7a essa maravilha na Am\u00e9rica do Sul","og_description":"As Montanhas Coloridas no Peru proporcionam cen\u00e1rios de deixar qualquer pessoa de boca aberta. Descubra como colocar esse destino no seu roteiro de viagens.","og_url":"https:\/\/quantocustaviajar.com\/blog\/montanhas-coloridas-no-peru\/","og_site_name":"Blog Quanto Custa Viajar","article_publisher":"https:\/\/www.facebook.com\/quantocustaviajar","article_author":"https:\/\/www.facebook.com\/brunellapfvr\/posts","article_published_time":"2018-02-26T12:31:38+00:00","article_modified_time":"2019-03-20T19:38:50+00:00","og_image":[{"width":1200,"height":630,"url":"https:\/\/quantocustaviajar.com\/blog\/wp-content\/uploads\/2018\/02\/montanhas-coloridas-no-peru-6.jpg","type":"image\/jpeg"}],"author":"Brunella Nunes","twitter_card":"summary_large_image","twitter_misc":{"Escrito por":"Brunella Nunes","Est. tempo de leitura":"6 minutos"},"schema":{"@context":"https:\/\/schema.org","@graph":[{"@type":["Article","BlogPosting"],"@id":"https:\/\/quantocustaviajar.com\/blog\/montanhas-coloridas-no-peru\/#article","isPartOf":{"@id":"https:\/\/quantocustaviajar.com\/blog\/montanhas-coloridas-no-peru\/"},"author":{"name":"Brunella Nunes","@id":"https:\/\/quantocustaviajar.com\/blog\/#\/schema\/person\/1a6dd3da9d0c0a4be42652b67bea19bb"},"headline":"Montanhas Coloridas no Peru: surpreenda-se com essa maravilha na Am\u00e9rica do Sul","datePublished":"2018-02-26T12:31:38+00:00","dateModified":"2019-03-20T19:38:50+00:00","mainEntityOfPage":{"@id":"https:\/\/quantocustaviajar.com\/blog\/montanhas-coloridas-no-peru\/"},"wordCount":1121,"commentCount":1,"publisher":{"@id":"https:\/\/quantocustaviajar.com\/blog\/#organization"},"image":{"@id":"https:\/\/quantocustaviajar.com\/blog\/montanhas-coloridas-no-peru\/#primaryimage"},"thumbnailUrl":"https:\/\/quantocustaviajar.com\/blog\/wp-content\/uploads\/2018\/02\/montanhas-coloridas-no-peru-6.jpg","keywords":["adrenalina","americadosul","arco-\u00edris","atra\u00e7\u00f5es","aventura","belezas naturais","colorido","como chegar","como \u00e9","curiosidade","destinos","dicas","ecoturismo","escalada","expedi\u00e7\u00e3o","lugares diferentes","lugares surreais","Machu Picchu","mochil\u00e3o","mochileiro","montanha","montanhas coloridas","onde ir","Peru","trekking","vinicunca"],"articleSection":["Ao Ar Livre","Dicas pr\u00e1ticas"],"inLanguage":"pt-BR","potentialAction":[{"@type":"CommentAction","name":"Comment","target":["https:\/\/quantocustaviajar.com\/blog\/montanhas-coloridas-no-peru\/#respond"]}]},{"@type":"WebPage","@id":"https:\/\/quantocustaviajar.com\/blog\/montanhas-coloridas-no-peru\/","url":"https:\/\/quantocustaviajar.com\/blog\/montanhas-coloridas-no-peru\/","name":"Montanhas Coloridas no Peru: conhe\u00e7a essa maravilha na Am\u00e9rica do Sul","isPartOf":{"@id":"https:\/\/quantocustaviajar.com\/blog\/#website"},"primaryImageOfPage":{"@id":"https:\/\/quantocustaviajar.com\/blog\/montanhas-coloridas-no-peru\/#primaryimage"},"image":{"@id":"https:\/\/quantocustaviajar.com\/blog\/montanhas-coloridas-no-peru\/#primaryimage"},"thumbnailUrl":"https:\/\/quantocustaviajar.com\/blog\/wp-content\/uploads\/2018\/02\/montanhas-coloridas-no-peru-6.jpg","datePublished":"2018-02-26T12:31:38+00:00","dateModified":"2019-03-20T19:38:50+00:00","description":"As Montanhas Coloridas no Peru proporcionam cen\u00e1rios de deixar qualquer pessoa de boca aberta. Descubra como colocar esse destino no seu roteiro de viagens.","breadcrumb":{"@id":"https:\/\/quantocustaviajar.com\/blog\/montanhas-coloridas-no-peru\/#breadcrumb"},"inLanguage":"pt-BR","potentialAction":[{"@type":"ReadAction","target":["https:\/\/quantocustaviajar.com\/blog\/montanhas-coloridas-no-peru\/"]}]},{"@type":"ImageObject","inLanguage":"pt-BR","@id":"https:\/\/quantocustaviajar.com\/blog\/montanhas-coloridas-no-peru\/#primaryimage","url":"https:\/\/quantocustaviajar.com\/blog\/wp-content\/uploads\/2018\/02\/montanhas-coloridas-no-peru-6.jpg","contentUrl":"https:\/\/quantocustaviajar.com\/blog\/wp-content\/uploads\/2018\/02\/montanhas-coloridas-no-peru-6.jpg","width":1200,"height":630,"caption":"Foto: UI International Programs"},{"@type":"BreadcrumbList","@id":"https:\/\/quantocustaviajar.com\/blog\/montanhas-coloridas-no-peru\/#breadcrumb","itemListElement":[{"@type":"ListItem","position":1,"name":"In\u00edcio","item":"https:\/\/quantocustaviajar.com\/blog\/"},{"@type":"ListItem","position":2,"name":"Montanhas Coloridas no Peru: surpreenda-se com essa maravilha na Am\u00e9rica do Sul"}]},{"@type":"WebSite","@id":"https:\/\/quantocustaviajar.com\/blog\/#website","url":"https:\/\/quantocustaviajar.com\/blog\/","name":"Blog Quanto Custa Viajar","description":"","publisher":{"@id":"https:\/\/quantocustaviajar.com\/blog\/#organization"},"potentialAction":[{"@type":"SearchAction","target":{"@type":"EntryPoint","urlTemplate":"https:\/\/quantocustaviajar.com\/blog\/?s={search_term_string}"},"query-input":{"@type":"PropertyValueSpecification","valueRequired":true,"valueName":"search_term_string"}}],"inLanguage":"pt-BR"},{"@type":"Organization","@id":"https:\/\/quantocustaviajar.com\/blog\/#organization","name":"Quanto Custa Viajar","url":"https:\/\/quantocustaviajar.com\/blog\/","logo":{"@type":"ImageObject","inLanguage":"pt-BR","@id":"https:\/\/quantocustaviajar.com\/blog\/#\/schema\/logo\/image\/","url":"","contentUrl":"","caption":"Quanto Custa Viajar"},"image":{"@id":"https:\/\/quantocustaviajar.com\/blog\/#\/schema\/logo\/image\/"},"sameAs":["https:\/\/www.facebook.com\/quantocustaviajar"]},{"@type":"Person","@id":"https:\/\/quantocustaviajar.com\/blog\/#\/schema\/person\/1a6dd3da9d0c0a4be42652b67bea19bb","name":"Brunella Nunes","image":{"@type":"ImageObject","inLanguage":"pt-BR","@id":"https:\/\/quantocustaviajar.com\/blog\/#\/schema\/person\/image\/","url":"https:\/\/secure.gravatar.com\/avatar\/05b28dfb8a3cc7ee0dba6feefa5677f05be6d7bf4b017728fd38499092f9c282?s=96&d=mm&r=g","contentUrl":"https:\/\/secure.gravatar.com\/avatar\/05b28dfb8a3cc7ee0dba6feefa5677f05be6d7bf4b017728fd38499092f9c282?s=96&d=mm&r=g","caption":"Brunella Nunes"},"description":"Quando n\u00e3o est\u00e1 viajando pelo mundo, est\u00e1 viajando nas ideias.","sameAs":["https:\/\/www.facebook.com\/brunellapfvr\/posts","https:\/\/www.linkedin.com\/in\/brunellanunes\/"],"url":"https:\/\/quantocustaviajar.com\/blog\/author\/equipe\/"}]}},"_links":{"self":[{"href":"https:\/\/quantocustaviajar.com\/blog\/wp-json\/wp\/v2\/posts\/20963","targetHints":{"allow":["GET"]}}],"collection":[{"href":"https:\/\/quantocustaviajar.com\/blog\/wp-json\/wp\/v2\/posts"}],"about":[{"href":"https:\/\/quantocustaviajar.com\/blog\/wp-json\/wp\/v2\/types\/post"}],"author":[{"embeddable":true,"href":"https:\/\/quantocustaviajar.com\/blog\/wp-json\/wp\/v2\/users\/4"}],"replies":[{"embeddable":true,"href":"https:\/\/quantocustaviajar.com\/blog\/wp-json\/wp\/v2\/comments?post=20963"}],"version-history":[{"count":4,"href":"https:\/\/quantocustaviajar.com\/blog\/wp-json\/wp\/v2\/posts\/20963\/revisions"}],"predecessor-version":[{"id":32824,"href":"https:\/\/quantocustaviajar.com\/blog\/wp-json\/wp\/v2\/posts\/20963\/revisions\/32824"}],"wp:featuredmedia":[{"embeddable":true,"href":"https:\/\/quantocustaviajar.com\/blog\/wp-json\/wp\/v2\/media\/30851"}],"wp:attachment":[{"href":"https:\/\/quantocustaviajar.com\/blog\/wp-json\/wp\/v2\/media?parent=20963"}],"wp:term":[{"taxonomy":"category","embeddable":true,"href":"https:\/\/quantocustaviajar.com\/blog\/wp-json\/wp\/v2\/categories?post=20963"},{"taxonomy":"post_tag","embeddable":true,"href":"https:\/\/quantocustaviajar.com\/blog\/wp-json\/wp\/v2\/tags?post=20963"}],"curies":[{"name":"wp","href":"https:\/\/api.w.org\/{rel}","templated":true}]}}