{"id":20079,"date":"2024-12-16T13:38:00","date_gmt":"2024-12-16T13:38:00","guid":{"rendered":"https:\/\/quantocustaviajar.com\/blog\/?p=20079"},"modified":"2025-06-10T19:20:54","modified_gmt":"2025-06-10T19:20:54","slug":"praia-dos-carneiros-pernambuco","status":"publish","type":"post","link":"https:\/\/quantocustaviajar.com\/blog\/praia-dos-carneiros-pernambuco\/","title":{"rendered":"Praia dos Carneiros se destaca como uma das mais belas e desejadas de Pernambuco"},"content":{"rendered":"\n<p>Perdida na areia rodeada de coqueiros, uma pequena igreja tem vista privilegiada para \u00e1guas esverdeadas e cristalinas que formam piscinas naturais. Este \u00e9 o cen\u00e1rio paradis\u00edaco da <strong>Praia dos Carneiros<\/strong>, uma das mais belas e desejadas de <strong>Pernambuco<\/strong>, localizada a apenas <strong>90 km de Recife<\/strong>.<\/p><div id=\"ez-toc-container\" class=\"ez-toc-v2_0_76 ez-toc-wrap-left counter-hierarchy ez-toc-counter ez-toc-light-blue ez-toc-container-direction\">\n<div class=\"ez-toc-title-container\">\n<p class=\"ez-toc-title\" style=\"cursor:inherit\">Aqui voc\u00ea ir\u00e1 encontrar<\/p>\n<span class=\"ez-toc-title-toggle\"><a href=\"#\" class=\"ez-toc-pull-right ez-toc-btn ez-toc-btn-xs ez-toc-btn-default ez-toc-toggle\" aria-label=\"Alternar tabela de conte\u00fado\"><span class=\"ez-toc-js-icon-con\"><span class=\"\"><span class=\"eztoc-hide\" style=\"display:none;\">Toggle<\/span><span class=\"ez-toc-icon-toggle-span\"><svg style=\"fill: #999;color:#999\" xmlns=\"http:\/\/www.w3.org\/2000\/svg\" class=\"list-377408\" width=\"20px\" height=\"20px\" viewBox=\"0 0 24 24\" fill=\"none\"><path d=\"M6 6H4v2h2V6zm14 0H8v2h12V6zM4 11h2v2H4v-2zm16 0H8v2h12v-2zM4 16h2v2H4v-2zm16 0H8v2h12v-2z\" fill=\"currentColor\"><\/path><\/svg><svg style=\"fill: #999;color:#999\" class=\"arrow-unsorted-368013\" xmlns=\"http:\/\/www.w3.org\/2000\/svg\" width=\"10px\" height=\"10px\" viewBox=\"0 0 24 24\" version=\"1.2\" baseProfile=\"tiny\"><path d=\"M18.2 9.3l-6.2-6.3-6.2 6.3c-.2.2-.3.4-.3.7s.1.5.3.7c.2.2.4.3.7.3h11c.3 0 .5-.1.7-.3.2-.2.3-.5.3-.7s-.1-.5-.3-.7zM5.8 14.7l6.2 6.3 6.2-6.3c.2-.2.3-.5.3-.7s-.1-.5-.3-.7c-.2-.2-.4-.3-.7-.3h-11c-.3 0-.5.1-.7.3-.2.2-.3.5-.3.7s.1.5.3.7z\"\/><\/svg><\/span><\/span><\/span><\/a><\/span><\/div>\n<nav><ul class='ez-toc-list ez-toc-list-level-1 ' ><li class='ez-toc-page-1 ez-toc-heading-level-2'><a class=\"ez-toc-link ez-toc-heading-1\" href=\"https:\/\/quantocustaviajar.com\/blog\/praia-dos-carneiros-pernambuco\/#Praia_dos_Carneiros\" >Praia dos Carneiros<\/a><\/li><li class='ez-toc-page-1 ez-toc-heading-level-2'><a class=\"ez-toc-link ez-toc-heading-2\" href=\"https:\/\/quantocustaviajar.com\/blog\/praia-dos-carneiros-pernambuco\/#Como_chegar_na_Praia_dos_Carneiros\" >Como chegar na Praia dos Carneiros<\/a><\/li><li class='ez-toc-page-1 ez-toc-heading-level-2'><a class=\"ez-toc-link ez-toc-heading-3\" href=\"https:\/\/quantocustaviajar.com\/blog\/praia-dos-carneiros-pernambuco\/#Onde_se_hospedar\" >Onde se hospedar<\/a><\/li><li class='ez-toc-page-1 ez-toc-heading-level-2'><a class=\"ez-toc-link ez-toc-heading-4\" href=\"https:\/\/quantocustaviajar.com\/blog\/praia-dos-carneiros-pernambuco\/#O_que_fazer\" >O que fazer<\/a><\/li><li class='ez-toc-page-1 ez-toc-heading-level-2'><a class=\"ez-toc-link ez-toc-heading-5\" href=\"https:\/\/quantocustaviajar.com\/blog\/praia-dos-carneiros-pernambuco\/#Onde_comer\" >Onde comer<\/a><\/li><li class='ez-toc-page-1 ez-toc-heading-level-2'><a class=\"ez-toc-link ez-toc-heading-6\" href=\"https:\/\/quantocustaviajar.com\/blog\/praia-dos-carneiros-pernambuco\/#Quando_ir_para_a_Praia_dos_Carneiros\" >Quando ir para a Praia dos Carneiros<\/a><\/li><li class='ez-toc-page-1 ez-toc-heading-level-2'><a class=\"ez-toc-link ez-toc-heading-7\" href=\"https:\/\/quantocustaviajar.com\/blog\/praia-dos-carneiros-pernambuco\/#O_que_levar_na_mala\" >O que levar na mala<\/a><\/li><\/ul><\/nav><\/div>\n\n\n\n\n<h2 class=\"wp-block-heading\"><span class=\"ez-toc-section\" id=\"Praia_dos_Carneiros\"><\/span>Praia dos Carneiros<span class=\"ez-toc-section-end\"><\/span><\/h2>\n\n\n\n<p>Palco para casamentos, destino de Lua de Mel e <a rel=\"noreferrer noopener\" href=\"https:\/\/quantocustaviajar.com\/blog\/10-destinos-para-curtir-o-reveillon-de-2016-2\/\" target=\"_blank\">R\u00e9veillon<\/a>, o local&nbsp;tem uma \u00f3tima fama para os bons eventos. A <strong>\u00e1rea de prote\u00e7\u00e3o ambiental<\/strong> ainda resguarda, por\u00e9m, uma atmosfera selvagem.&nbsp;Um pared\u00e3o de arrecifes percorre 1 km de seu bel\u00edssimo mar transl\u00facido, onde \u00e9 prop\u00edcia a pr\u00e1tica de <strong>mergulho e snorkel<\/strong>. Caiaques, Stand Up Paddles e catamar\u00e3s dividem o espa\u00e7o nas \u00e1guas ao longo do dia.<\/p>\n\n\n\n<blockquote class=\"wp-block-quote is-layout-flow wp-block-quote-is-layout-flow\"><p><a rel=\"noreferrer noopener\" href=\"https:\/\/www.turismocity.com.br\/?utm_source=qcv&amp;utm_medium=blog\" target=\"_blank\"><strong>Pesquise sua passagem a\u00e9rea por um pre\u00e7o que cabe no seu bolso<\/strong><\/a><\/p><\/blockquote>\n\n\n\n<p>O mar \u00e9 moldado pelo estu\u00e1rio do Rio Formoso, que tem 12 km de extens\u00e3o e d\u00e1 nome ao munic\u00edpio vizinho. H\u00e1 quem inclua na rota a praia de <strong><a rel=\"noreferrer noopener\" href=\"http:\/\/quantocustaviajar.com\/brasil\/porto-de-galinhas\" target=\"_blank\">Porto de Galinhas<\/a>, a 50 km dali<\/strong>. Algumas operadoras realizam passeios entre ambos, o que facilita a vida do viajante na hora de conhecer a regi\u00e3o.<\/p>\n\n\n\n<figure class=\"wp-block-image aligncenter\"><img loading=\"lazy\" decoding=\"async\" width=\"1024\" height=\"678\" src=\"https:\/\/quantocustaviajar.com\/blog\/wp-content\/uploads\/2021\/12\/praia-dos-carneiros-1024x678.jpg\" alt=\"Praia dos Carneiros\" class=\"wp-image-51752\" srcset=\"https:\/\/quantocustaviajar.com\/blog\/wp-content\/uploads\/2021\/12\/praia-dos-carneiros.jpg 1024w, https:\/\/quantocustaviajar.com\/blog\/wp-content\/uploads\/2021\/12\/praia-dos-carneiros-300x199.jpg 300w, https:\/\/quantocustaviajar.com\/blog\/wp-content\/uploads\/2021\/12\/praia-dos-carneiros-768x509.jpg 768w\" sizes=\"auto, (max-width: 1024px) 100vw, 1024px\" \/><figcaption>Foto: <a href=\"https:\/\/www.flickr.com\/photos\/soldon\/\">Rodrigo Soldon<\/a><\/figcaption><\/figure>\n\n\n\n<p>Erguida no s\u00e9culo 18, a <strong>capela de S\u00e3o Benedito<\/strong> \u00e9 uma das principais atra\u00e7\u00f5es da praia e faz parte do S\u00edtio Boa Esperan\u00e7a, uma pequena fazenda de cocos a beira-mar, algo bastante comum no litoral nordestino. A propriedade cuida da administra\u00e7\u00e3o da igreja e possui tamb\u00e9m casas de temporada para aluguel.<\/p>\n\n\n\n<p>A capela \u00e9 um ponto tur\u00edstico na praia e, se voc\u00ea quiser garantir aquela foto perfeita de recorda\u00e7\u00e3o, recomendamos que chegue cedo. Al\u00e9m da \u00f3tima ilumina\u00e7\u00e3o durante o nascer do sol, voc\u00ea tamb\u00e9m vai conseguir os melhores \u00e2ngulos sem ningu\u00e9m para atrapalhar.<\/p>\n\n\n\n<h2 class=\"wp-block-heading\"><span class=\"ez-toc-section\" id=\"Como_chegar_na_Praia_dos_Carneiros\"><\/span>Como chegar na Praia dos Carneiros <span class=\"ez-toc-section-end\"><\/span><\/h2>\n\n\n\n<p>Quem visita o estado de Pernambuco costuma ter dois principais destinos: a capital, <a rel=\"noreferrer noopener\" aria-label=\"Recife (abre numa nova aba)\" href=\"https:\/\/quantocustaviajar.com\/brasil\/recife\" target=\"_blank\">Recife<\/a>, e a famosa praia de <a href=\"https:\/\/quantocustaviajar.com\/brasil\/porto-de-galinhas\" target=\"_blank\" rel=\"noreferrer noopener\" aria-label=\"Porto de Galinhas (abre numa nova aba)\">Porto de Galinhas<\/a>. Aqui, vamos mostrar como chegar at\u00e9 a Praia dos Carneiros saindo desses dois pontos:<\/p>\n\n\n\n<p><strong>Saindo de Recife<\/strong><\/p>\n\n\n\n<p>Para quem visita a capital pernambucana e aproveita toda sua cultura, pode tamb\u00e9m desfrutar do descanso nas \u00e1guas calmas da Praia dos Carneiros. <\/p>\n\n\n\n<p>A rota \u00e9 simples se voc\u00ea for de carro: siga pela BR-101 at\u00e9 a cidade de&nbsp;<strong>Cabo de Santo Agostinho<\/strong>, depois pegue a PE-060 at\u00e9 a cidade de&nbsp;<strong>Rio Formoso<\/strong>. Pr\u00f3ximo \u00e0 sa\u00edda da zona urbana, fica o caminho pra Praia dos Carneiros (PE-072), que est\u00e1 h\u00e1 apenas 10 km de l\u00e1.<\/p>\n\n\n\n<p>Saindo de Recife, alguns transfers de ag\u00eancias de viagens (ou mesmo fretados independentemente) podem levar voc\u00ea e sua fam\u00edlia por esse percurso. Certifique-se apenas se a ida e a volta est\u00e3o inclusas, bem como se deixam voc\u00ea com o &#8220;p\u00e9 da areia&#8221;, e n\u00e3o apenas dentro do munic\u00edpio.<\/p>\n\n\n\n<p><strong><a href=\"https:\/\/www.turismocity.com.br\/passagens-aereas-para-REC-Recife?from=SAO&amp;utm_source=qcv&amp;utm_medium=blog\" target=\"_blank\" rel=\"noreferrer noopener\" aria-label=\"Encontre aqui promo\u00e7\u00e3o de passagem a\u00e9rea para Recife (abre numa nova aba)\">Encontre aqui promo\u00e7\u00e3o de passagem a\u00e9rea para Recife<\/a><\/strong><\/p>\n\n\n\n<p><strong>Saindo de Porto de Galinhas<\/strong><\/p>\n\n\n\n<p>Quem quer aproveitar as f\u00e9rias ou o feriad\u00e3o para conhecer as belezas das <a href=\"https:\/\/quantocustaviajar.com\/blog\/melhores-praias-de-pernambuco\/\">praias de Pernambuco<\/a>, pode esticar sua estadia em Porto e aproveitar para conhecer a <strong>Praia dos Carneiros. <\/strong><\/p>\n\n\n\n<p>Para isso, a melhor op\u00e7\u00e3o \u00e9 ir de carro. E a\u00ed voc\u00ea pode estar de carro alugado, ou negociar com um t\u00e1xi para a ida e a volta. Se for por conta pr\u00f3pria, \u00e9 bem f\u00e1cil de chegar.<\/p>\n\n\n\n<p>O melhor trajeto \u00e9 sair de Porto pela Rua da Esperan\u00e7a, em dire\u00e7\u00e3o ao litoral sul, pela PE-051. Logo em seguida, pegar a PE-060 e depois pela PE-072 at\u00e9 chegar \u00e0 Praia. Apesar de serem muitas avenidas, o caminho \u00e9 relativamente curto (cerca de 1h de viagem), e muito bem sinalizado.  <\/p>\n\n\n\n<figure class=\"wp-block-image aligncenter\"><img loading=\"lazy\" decoding=\"async\" width=\"1024\" height=\"713\" src=\"https:\/\/quantocustaviajar.com\/blog\/wp-content\/uploads\/2021\/12\/Praia_dos_carneiros_-_Pernambuco-1024x713.jpg\" alt=\"Praia dos Carneiros\" class=\"wp-image-51753\" srcset=\"https:\/\/quantocustaviajar.com\/blog\/wp-content\/uploads\/2021\/12\/Praia_dos_carneiros_-_Pernambuco-1024x713.jpg 1024w, https:\/\/quantocustaviajar.com\/blog\/wp-content\/uploads\/2021\/12\/Praia_dos_carneiros_-_Pernambuco-300x209.jpg 300w, https:\/\/quantocustaviajar.com\/blog\/wp-content\/uploads\/2021\/12\/Praia_dos_carneiros_-_Pernambuco-768x535.jpg 768w, https:\/\/quantocustaviajar.com\/blog\/wp-content\/uploads\/2021\/12\/Praia_dos_carneiros_-_Pernambuco.jpg 1126w\" sizes=\"auto, (max-width: 1024px) 100vw, 1024px\" \/><figcaption>Foto: <a href=\"https:\/\/commons.wikimedia.org\/wiki\/File:Praia_dos_carneiros_-_Pernambuco.jpg\">Wikimedia<\/a><\/figcaption><\/figure>\n\n\n\n<h2 class=\"wp-block-heading\"><span class=\"ez-toc-section\" id=\"Onde_se_hospedar\"><\/span>Onde se hospedar<span class=\"ez-toc-section-end\"><\/span><\/h2>\n\n\n\n<p>Existem diversos tipos de <strong>pousadas e hot\u00e9is<\/strong> para se hospedar. Basta escolher o que melhor se encaixa com as suas necessidades (e tamb\u00e9m com o seu bolso). <\/p>\n\n\n\n<p>Aqui, separamos alguns:<\/p>\n\n\n\n<ul class=\"wp-block-list\"><li><a rel=\"noreferrer noopener\" aria-label=\" (abre numa nova aba)\" href=\"https:\/\/www.booking.com\/hotel\/br\/chales-dos-carneiros.pt-br.html?aid=2161834\" target=\"_blank\">Chal\u00e9s dos Carneiros<\/a> ($$)<\/li><li><a rel=\"noreferrer noopener\" aria-label=\" (abre numa nova aba)\" href=\"https:\/\/www.booking.com\/hotel\/br\/pousada-praia-dos-carneiros.pt-br.html?auth_success=1&amp;aid=2161834\" target=\"_blank\">Pousada Praia dos Carneiros<\/a> ($$$)<\/li><li><a rel=\"noreferrer noopener\" aria-label=\" (abre numa nova aba)\" href=\"https:\/\/www.booking.com\/hotel\/br\/pousada-paraiso-carneiros.pt-br.html?aid=2161834\" target=\"_blank\">Pousada Para\u00edso Carneiros<\/a> ($$$)<\/li><li><a href=\"https:\/\/www.booking.com\/hotel\/br\/pontal-dos-carneiros-beach-bungalows.pt-br.html?aid=2161834\" target=\"_blank\" rel=\"noreferrer noopener\" aria-label=\" (abre numa nova aba)\">Pontal dos Carneiros Beach Bungalows<\/a> ($$$$)<\/li><\/ul>\n\n\n\n<p>Quem quer economizar ainda mais, pode se hospedar em <strong>Tamandar\u00e9<\/strong>, cidade vizinha com pre\u00e7os mais baixos e dist\u00e2ncia curta da bel\u00edssima praia. <\/p>\n\n\n\n<h2 class=\"wp-block-heading\"><span class=\"ez-toc-section\" id=\"O_que_fazer\"><\/span>O que fazer <span class=\"ez-toc-section-end\"><\/span><\/h2>\n\n\n\n<figure class=\"wp-block-image\"><img loading=\"lazy\" decoding=\"async\" width=\"800\" height=\"533\" src=\"https:\/\/quantocustaviajar.com\/blog\/wp-content\/uploads\/2022\/01\/A_vida_em_Praia_dos_Carneiros.jpg\" alt=\"\" class=\"wp-image-51928\" srcset=\"https:\/\/quantocustaviajar.com\/blog\/wp-content\/uploads\/2022\/01\/A_vida_em_Praia_dos_Carneiros.jpg 800w, https:\/\/quantocustaviajar.com\/blog\/wp-content\/uploads\/2022\/01\/A_vida_em_Praia_dos_Carneiros-300x200.jpg 300w, https:\/\/quantocustaviajar.com\/blog\/wp-content\/uploads\/2022\/01\/A_vida_em_Praia_dos_Carneiros-768x512.jpg 768w\" sizes=\"auto, (max-width: 800px) 100vw, 800px\" \/><figcaption>O que fazer na Praia dos Carneiros. Foto: <a href=\"https:\/\/commons.wikimedia.org\/wiki\/File:A_vida_em_Praia_dos_Carneiros.JPG\">Wikimedia<\/a><\/figcaption><\/figure>\n\n\n\n<p><strong>Navegar de caiaque ou stand-up paddle<\/strong><\/p>\n\n\n\n<p>As \u00e1guas calmas, mornas e rasas da Praia dos Carneiros s\u00e3o o para\u00edso para quem quer relaxar e se divertir. L\u00e1 \u00e9 o lugar ideal para navegar de caiaque ou arriscar no stand-up paddle, que podem ser alugados nas barraquinhas pr\u00f3ximas \u00e0 praia.<\/p>\n\n\n\n<p><strong>Visitar as piscinas naturais <\/strong><\/p>\n\n\n\n<p>As piscinas naturais da Praia dos Carneiros podem ser apreciadas de qualquer lugar, basta ficar de olho na t\u00e1bua de mar\u00e9 do dia. Alguns passeios podem ser guiados, caso voc\u00ea n\u00e3o queira se arriscar sozinho. Basta entrar em contato com a recep\u00e7\u00e3o do seu hotel ou pousada e eles, saber\u00e3o direcionar o melhor guia da regi\u00e3o para o passeio.<\/p>\n\n\n\n<p><strong>Praticar mergulho com snorkel<\/strong><\/p>\n\n\n\n<p>Com \u00e1guas cristalinas, o mergulho com snorkel se torna mais f\u00e1cil. Por isso, se tiver o seu equipamento, n\u00e3o deixe de lev\u00e1-lo na mala! Mas se n\u00e3o tiver, e quiser testar pela primeira vez, n\u00e3o se preocupe. L\u00e1 na Praia dos Carneiros \u00e9 poss\u00edvel alugar a m\u00e1scara para a pr\u00e1tica.<\/p>\n\n\n\n<blockquote class=\"wp-block-quote is-layout-flow wp-block-quote-is-layout-flow\"><p><strong><a rel=\"noreferrer noopener\" href=\"https:\/\/quantocustaviajar.com\/blog\/conheca-praias-que-sao-consideradas-os-caribes-brasileiros\/\" target=\"_blank\">Confira quais praias s\u00e3o consideradas &#8220;Caribes Brasileiros&#8221;<\/a><\/strong><\/p><\/blockquote>\n\n\n\n<h2 class=\"wp-block-heading\"><span class=\"ez-toc-section\" id=\"Onde_comer\"><\/span>Onde comer<span class=\"ez-toc-section-end\"><\/span><\/h2>\n\n\n\n<p>Dentre os espa\u00e7os para voc\u00ea aproveitar a boa gastronomia, separamos aqui dois especiais: <\/p>\n\n\n\n<p><strong>Bora Bora bar e restaurante<\/strong><\/p>\n\n\n\n<p>Localizada em plena Praia dos Carneiros, <strong>Bora Bora<\/strong> \u00e9 uma das barracas de praia mais tradicionais da regi\u00e3o. A apenas 100 metros de dist\u00e2ncia da praia, voc\u00ea pode desfrutar de drinks e coquet\u00e9is no bar, que tem o formato de barco pesqueiro. <\/p>\n\n\n\n<p>Dica: pe\u00e7a o carro-chefe da casa, o Camar\u00e3o Bora Bora, e depois descanse em uma das espregui\u00e7adeiras olhando o mar. Uma del\u00edcia para os olhos e para a alma!<\/p>\n\n\n\n<p><strong>Beijupir\u00e1<\/strong><\/p>\n\n\n\n<p>Com filiais espalhadas por todo o Nordeste, o restaurante <strong>Beijupir\u00e1<\/strong> \u00e9 reconhecidamente famoso e premiado pelos seus pratos. Com destaques para frutos do mar, certamente \u00e9 uma op\u00e7\u00e3o muito interessante para quem quer imergir na culin\u00e1ria praiana. Com certeza voc\u00ea n\u00e3o vai se arrepender!<\/p>\n\n\n\n<p>L\u00e1, qualquer escolha ser\u00e1 bem feita, e o espa\u00e7o \u00e9 ideal tanto para desfrutar de um jantar quanto para viver alguma experi\u00eancia marcante. O restaurante permite reservas para casamento, lua de mel e outros eventos importantes de serem comemorados. <\/p>\n\n\n\n<h2 class=\"wp-block-heading\"><span class=\"ez-toc-section\" id=\"Quando_ir_para_a_Praia_dos_Carneiros\"><\/span>Quando ir para a Praia dos Carneiros<span class=\"ez-toc-section-end\"><\/span><\/h2>\n\n\n\n<p>No Nordeste, costuma ter calor e sol o ano inteiro. Entretanto, algumas chuvas podem aparecer. Para evitar surpresas, prefira<strong> viajar nos meses entre setembro e fevereiro<\/strong>, que s\u00e3o os que sofrem menos com chuvas.<\/p>\n\n\n\n<p>Dezembro e janeiro s\u00e3o os meses mais disputados pelas f\u00e9rias de ver\u00e3o e pelas festas de fim de ano. Por isso, se voc\u00ea quiser visitar a praia nesse per\u00edodo, prepare-se para lugares mais lotados e pre\u00e7os mais altos.<\/p>\n\n\n\n<h2 class=\"wp-block-heading\"><span class=\"ez-toc-section\" id=\"O_que_levar_na_mala\"><\/span>O que levar na mala<span class=\"ez-toc-section-end\"><\/span><\/h2>\n\n\n\n<p>Como voc\u00ea vai para a praia, n\u00e3o se esque\u00e7a de levar biqu\u00ednis, sungas, shorts confort\u00e1veis, protetor solar e \u00f3culos de sol. Ah,<strong> roupas leves<\/strong> devem ser a &#8220;farda&#8221; da vez. <\/p>\n\n\n\n<p>Lembre-se voc\u00ea est\u00e1 indo para um lugar praiano, quente e com muito vento. Ent\u00e3o fique sempre confort\u00e1vel: essa \u00e9 a \u00fanica regra da vez.<\/p>\n\n\n\n<p>Se estiver viajando com crian\u00e7as, \u00e9 indicado levar aquelas pequenas boias infl\u00e1veis na mala, que n\u00e3o ocupam muito espa\u00e7o e garantem mais seguran\u00e7a para os pequenos se divertirem no mar ou na piscina.<\/p>\n\n\n\n<p><em>Post por Brunella Nunes com colabora\u00e7\u00e3o de Luana Aladim<\/em><\/p>\n","protected":false},"excerpt":{"rendered":"<p>Perdida na areia rodeada de coqueiros, uma pequena igreja tem vista privilegiada para \u00e1guas esverdeadas e cristalinas que formam piscinas naturais. Este \u00e9 o cen\u00e1rio paradis\u00edaco da Praia dos Carneiros, uma das mais belas e desejadas de Pernambuco, localizada a apenas 90 km de Recife. Praia dos Carneiros Palco para casamentos, destino de Lua de [&hellip;]<\/p>\n","protected":false},"author":9,"featured_media":71303,"comment_status":"open","ping_status":"open","sticky":false,"template":"page-templates\/featured-img-above.php","format":"standard","meta":{"cybocfi_hide_featured_image":"","footnotes":""},"categories":[1437,1434],"tags":[268,1485,362,498,266,473,178,512,234,1281,283,150,211,1101,321,160,159,363,482,764],"class_list":["post-20079","post","type-post","status-publish","format-standard","has-post-thumbnail","hentry","category-ao-ar-livre","category-descubra-brasil","tag-aguas-cristalinas","tag-americadosul","tag-ano-novo","tag-barco","tag-brasil","tag-carnaval","tag-como-chegar","tag-litoral","tag-lua-de-mel","tag-melhores-praias","tag-mergulho","tag-nordeste","tag-o-que-fazer","tag-onde-ficar","tag-passeios","tag-pernambuco","tag-recife","tag-reveillon","tag-snorkel","tag-viagem-de-carro"],"blocksy_meta":[],"yoast_head":"<!-- This site is optimized with the Yoast SEO plugin v26.3 - https:\/\/yoast.com\/wordpress\/plugins\/seo\/ -->\n<title>Praia dos Carneiros - confira dicas para aproveitar o melhor!<\/title>\n<meta name=\"description\" content=\"Encontre dicas de onde se hospedar, o que fazer, onde comer e como chegar na famosa e linda Praia dos Carneiros.\" \/>\n<meta name=\"robots\" content=\"index, follow, max-snippet:-1, max-image-preview:large, max-video-preview:-1\" \/>\n<link rel=\"canonical\" href=\"https:\/\/quantocustaviajar.com\/blog\/praia-dos-carneiros-pernambuco\/\" \/>\n<meta property=\"og:locale\" content=\"pt_BR\" \/>\n<meta property=\"og:type\" content=\"article\" \/>\n<meta property=\"og:title\" content=\"Praia dos Carneiros - confira dicas para aproveitar o melhor!\" \/>\n<meta property=\"og:description\" content=\"Encontre dicas de onde se hospedar, o que fazer, onde comer e como chegar na famosa e linda Praia dos Carneiros.\" \/>\n<meta property=\"og:url\" content=\"https:\/\/quantocustaviajar.com\/blog\/praia-dos-carneiros-pernambuco\/\" \/>\n<meta property=\"og:site_name\" content=\"Blog Quanto Custa Viajar\" \/>\n<meta property=\"article:publisher\" content=\"https:\/\/www.facebook.com\/quantocustaviajar\" \/>\n<meta property=\"article:published_time\" content=\"2024-12-16T13:38:00+00:00\" \/>\n<meta property=\"article:modified_time\" content=\"2025-06-10T19:20:54+00:00\" \/>\n<meta property=\"og:image\" content=\"https:\/\/quantocustaviajar.com\/blog\/wp-content\/uploads\/2024\/08\/praiadoscarneirospe.jpg\" \/>\n\t<meta property=\"og:image:width\" content=\"1280\" \/>\n\t<meta property=\"og:image:height\" content=\"960\" \/>\n\t<meta property=\"og:image:type\" content=\"image\/jpeg\" \/>\n<meta name=\"author\" content=\"Reda\u00e7\u00e3o QCV\" \/>\n<meta name=\"twitter:card\" content=\"summary_large_image\" \/>\n<meta name=\"twitter:label1\" content=\"Escrito por\" \/>\n\t<meta name=\"twitter:data1\" content=\"Reda\u00e7\u00e3o QCV\" \/>\n\t<meta name=\"twitter:label2\" content=\"Est. tempo de leitura\" \/>\n\t<meta name=\"twitter:data2\" content=\"8 minutos\" \/>\n<!-- \/ Yoast SEO plugin. -->","yoast_head_json":{"title":"Praia dos Carneiros - confira dicas para aproveitar o melhor!","description":"Encontre dicas de onde se hospedar, o que fazer, onde comer e como chegar na famosa e linda Praia dos Carneiros.","robots":{"index":"index","follow":"follow","max-snippet":"max-snippet:-1","max-image-preview":"max-image-preview:large","max-video-preview":"max-video-preview:-1"},"canonical":"https:\/\/quantocustaviajar.com\/blog\/praia-dos-carneiros-pernambuco\/","og_locale":"pt_BR","og_type":"article","og_title":"Praia dos Carneiros - confira dicas para aproveitar o melhor!","og_description":"Encontre dicas de onde se hospedar, o que fazer, onde comer e como chegar na famosa e linda Praia dos Carneiros.","og_url":"https:\/\/quantocustaviajar.com\/blog\/praia-dos-carneiros-pernambuco\/","og_site_name":"Blog Quanto Custa Viajar","article_publisher":"https:\/\/www.facebook.com\/quantocustaviajar","article_published_time":"2024-12-16T13:38:00+00:00","article_modified_time":"2025-06-10T19:20:54+00:00","og_image":[{"width":1280,"height":960,"url":"https:\/\/quantocustaviajar.com\/blog\/wp-content\/uploads\/2024\/08\/praiadoscarneirospe.jpg","type":"image\/jpeg"}],"author":"Reda\u00e7\u00e3o QCV","twitter_card":"summary_large_image","twitter_misc":{"Escrito por":"Reda\u00e7\u00e3o QCV","Est. tempo de leitura":"8 minutos"},"schema":{"@context":"https:\/\/schema.org","@graph":[{"@type":["Article","BlogPosting"],"@id":"https:\/\/quantocustaviajar.com\/blog\/praia-dos-carneiros-pernambuco\/#article","isPartOf":{"@id":"https:\/\/quantocustaviajar.com\/blog\/praia-dos-carneiros-pernambuco\/"},"author":{"name":"Reda\u00e7\u00e3o QCV","@id":"https:\/\/quantocustaviajar.com\/blog\/#\/schema\/person\/b99c49b1272e2104cc84a5a84122b751"},"headline":"Praia dos Carneiros se destaca como uma das mais belas e desejadas de Pernambuco","datePublished":"2024-12-16T13:38:00+00:00","dateModified":"2025-06-10T19:20:54+00:00","mainEntityOfPage":{"@id":"https:\/\/quantocustaviajar.com\/blog\/praia-dos-carneiros-pernambuco\/"},"wordCount":1284,"commentCount":5,"publisher":{"@id":"https:\/\/quantocustaviajar.com\/blog\/#organization"},"image":{"@id":"https:\/\/quantocustaviajar.com\/blog\/praia-dos-carneiros-pernambuco\/#primaryimage"},"thumbnailUrl":"https:\/\/quantocustaviajar.com\/blog\/wp-content\/uploads\/2024\/08\/praiadoscarneirospe.jpg","keywords":["\u00e1guas cristalinas","americadosul","Ano Novo","barco","Brasil","Carnaval","como chegar","litoral","lua de mel","melhores praias","mergulho","nordeste","o que fazer","onde ficar","passeios","pernambuco","recife","Reveill\u00f3n","snorkel","viagem de carro"],"articleSection":["Ao Ar Livre","Descubra o Brasil"],"inLanguage":"pt-BR","potentialAction":[{"@type":"CommentAction","name":"Comment","target":["https:\/\/quantocustaviajar.com\/blog\/praia-dos-carneiros-pernambuco\/#respond"]}]},{"@type":"WebPage","@id":"https:\/\/quantocustaviajar.com\/blog\/praia-dos-carneiros-pernambuco\/","url":"https:\/\/quantocustaviajar.com\/blog\/praia-dos-carneiros-pernambuco\/","name":"Praia dos Carneiros - confira dicas para aproveitar o melhor!","isPartOf":{"@id":"https:\/\/quantocustaviajar.com\/blog\/#website"},"primaryImageOfPage":{"@id":"https:\/\/quantocustaviajar.com\/blog\/praia-dos-carneiros-pernambuco\/#primaryimage"},"image":{"@id":"https:\/\/quantocustaviajar.com\/blog\/praia-dos-carneiros-pernambuco\/#primaryimage"},"thumbnailUrl":"https:\/\/quantocustaviajar.com\/blog\/wp-content\/uploads\/2024\/08\/praiadoscarneirospe.jpg","datePublished":"2024-12-16T13:38:00+00:00","dateModified":"2025-06-10T19:20:54+00:00","description":"Encontre dicas de onde se hospedar, o que fazer, onde comer e como chegar na famosa e linda Praia dos Carneiros.","breadcrumb":{"@id":"https:\/\/quantocustaviajar.com\/blog\/praia-dos-carneiros-pernambuco\/#breadcrumb"},"inLanguage":"pt-BR","potentialAction":[{"@type":"ReadAction","target":["https:\/\/quantocustaviajar.com\/blog\/praia-dos-carneiros-pernambuco\/"]}]},{"@type":"ImageObject","inLanguage":"pt-BR","@id":"https:\/\/quantocustaviajar.com\/blog\/praia-dos-carneiros-pernambuco\/#primaryimage","url":"https:\/\/quantocustaviajar.com\/blog\/wp-content\/uploads\/2024\/08\/praiadoscarneirospe.jpg","contentUrl":"https:\/\/quantocustaviajar.com\/blog\/wp-content\/uploads\/2024\/08\/praiadoscarneirospe.jpg","width":1280,"height":960},{"@type":"BreadcrumbList","@id":"https:\/\/quantocustaviajar.com\/blog\/praia-dos-carneiros-pernambuco\/#breadcrumb","itemListElement":[{"@type":"ListItem","position":1,"name":"In\u00edcio","item":"https:\/\/quantocustaviajar.com\/blog\/"},{"@type":"ListItem","position":2,"name":"Praia dos Carneiros se destaca como uma das mais belas e desejadas de Pernambuco"}]},{"@type":"WebSite","@id":"https:\/\/quantocustaviajar.com\/blog\/#website","url":"https:\/\/quantocustaviajar.com\/blog\/","name":"Blog Quanto Custa Viajar","description":"","publisher":{"@id":"https:\/\/quantocustaviajar.com\/blog\/#organization"},"potentialAction":[{"@type":"SearchAction","target":{"@type":"EntryPoint","urlTemplate":"https:\/\/quantocustaviajar.com\/blog\/?s={search_term_string}"},"query-input":{"@type":"PropertyValueSpecification","valueRequired":true,"valueName":"search_term_string"}}],"inLanguage":"pt-BR"},{"@type":"Organization","@id":"https:\/\/quantocustaviajar.com\/blog\/#organization","name":"Quanto Custa Viajar","url":"https:\/\/quantocustaviajar.com\/blog\/","logo":{"@type":"ImageObject","inLanguage":"pt-BR","@id":"https:\/\/quantocustaviajar.com\/blog\/#\/schema\/logo\/image\/","url":"","contentUrl":"","caption":"Quanto Custa Viajar"},"image":{"@id":"https:\/\/quantocustaviajar.com\/blog\/#\/schema\/logo\/image\/"},"sameAs":["https:\/\/www.facebook.com\/quantocustaviajar"]},{"@type":"Person","@id":"https:\/\/quantocustaviajar.com\/blog\/#\/schema\/person\/b99c49b1272e2104cc84a5a84122b751","name":"Reda\u00e7\u00e3o QCV","image":{"@type":"ImageObject","inLanguage":"pt-BR","@id":"https:\/\/quantocustaviajar.com\/blog\/#\/schema\/person\/image\/","url":"https:\/\/secure.gravatar.com\/avatar\/e7b47d7a4633897697c32e0a2a1ad3abd9ca142ad0d9b7897241c6115247561b?s=96&d=mm&r=g","contentUrl":"https:\/\/secure.gravatar.com\/avatar\/e7b47d7a4633897697c32e0a2a1ad3abd9ca142ad0d9b7897241c6115247561b?s=96&d=mm&r=g","caption":"Reda\u00e7\u00e3o QCV"},"url":"https:\/\/quantocustaviajar.com\/blog\/author\/redacao\/"}]}},"_links":{"self":[{"href":"https:\/\/quantocustaviajar.com\/blog\/wp-json\/wp\/v2\/posts\/20079","targetHints":{"allow":["GET"]}}],"collection":[{"href":"https:\/\/quantocustaviajar.com\/blog\/wp-json\/wp\/v2\/posts"}],"about":[{"href":"https:\/\/quantocustaviajar.com\/blog\/wp-json\/wp\/v2\/types\/post"}],"author":[{"embeddable":true,"href":"https:\/\/quantocustaviajar.com\/blog\/wp-json\/wp\/v2\/users\/9"}],"replies":[{"embeddable":true,"href":"https:\/\/quantocustaviajar.com\/blog\/wp-json\/wp\/v2\/comments?post=20079"}],"version-history":[{"count":12,"href":"https:\/\/quantocustaviajar.com\/blog\/wp-json\/wp\/v2\/posts\/20079\/revisions"}],"predecessor-version":[{"id":69421,"href":"https:\/\/quantocustaviajar.com\/blog\/wp-json\/wp\/v2\/posts\/20079\/revisions\/69421"}],"wp:featuredmedia":[{"embeddable":true,"href":"https:\/\/quantocustaviajar.com\/blog\/wp-json\/wp\/v2\/media\/71303"}],"wp:attachment":[{"href":"https:\/\/quantocustaviajar.com\/blog\/wp-json\/wp\/v2\/media?parent=20079"}],"wp:term":[{"taxonomy":"category","embeddable":true,"href":"https:\/\/quantocustaviajar.com\/blog\/wp-json\/wp\/v2\/categories?post=20079"},{"taxonomy":"post_tag","embeddable":true,"href":"https:\/\/quantocustaviajar.com\/blog\/wp-json\/wp\/v2\/tags?post=20079"}],"curies":[{"name":"wp","href":"https:\/\/api.w.org\/{rel}","templated":true}]}}