{"id":19737,"date":"2018-02-19T15:26:51","date_gmt":"2018-02-19T15:26:51","guid":{"rendered":"https:\/\/quantocustaviajar.com\/blog\/?p=19737"},"modified":"2021-07-27T19:45:37","modified_gmt":"2021-07-27T19:45:37","slug":"jardim-do-nego-em-nova-friburgo","status":"publish","type":"post","link":"https:\/\/quantocustaviajar.com\/blog\/jardim-do-nego-em-nova-friburgo\/","title":{"rendered":"Jardim do N\u00eago, em Nova Friburgo, tem esculturas gigantes feitas em barrancos"},"content":{"rendered":"<p>Existem alguns <strong><a href=\"https:\/\/quantocustaviajar.com\/blog\/lugares-curiosos-no-brasil\/\" target=\"_blank\" rel=\"noopener noreferrer\">lugares bem curiosos no Brasil<\/a> <\/strong>e este \u00e9 mais um deles. O <strong>Jardim do N\u00eago<\/strong>, em <strong>Nova Friburgo<\/strong> (RJ), chama a aten\u00e7\u00e3o por conta das <strong>esculturas gigantes feitas em barrancos<\/strong> pelo cearense\u00a0Geraldo Simpl\u00edcio, que chegou ao munic\u00edpio em 1969. Em seu s\u00edtio e ateli\u00ea no meio da Mata Atl\u00e2ntica, costumava trabalhar com madeira na hora de fazer artes, at\u00e9 que um dia despertou\u00a0o olhar para a terra.<\/p>\n<p><strong>As obras de grandes propor\u00e7\u00f5es, com at\u00e9 10 metros de altura<\/strong>, s\u00e3o feitas em barro por meio de uma t\u00e9cnica que mistura argila, pedra e areia. As esculturas talhadas\u00a0a m\u00e3o s\u00e3o recobertas com um limo verde, um tipo de prote\u00e7\u00e3o natural, e exigem manuten\u00e7\u00e3o di\u00e1ria devido a eros\u00e3o do solo. O clima \u00famido faz com que o musgo cres\u00e7a e fa\u00e7a o acabamento de cada uma das pe\u00e7as.<\/p>\n<p>Em 2011, uma trag\u00e9dia causada pelas chuvas prejudicou a regi\u00e3o serrana do Rio de Janeiro e tamb\u00e9m os 30 trabalhos art\u00edsticos criados por N\u00eago. Depois de se recompor, <strong>tem hoje 17 figuras humanas e animais esculpidas ao redor do terreno<\/strong>, que se tornou um verdadeiro museu a c\u00e9u aberto, j\u00e1 visitado por mais de 100 mil pessoas de diversas partes do mundo.<\/p>\n<div id=\"materia-letra\" class=\"materia-conteudo entry-content clearfix\">\n<div>\n<p>O jardim fica no km 55 da estrada RJ-130 e abre diariamente, das 8h \u00e0s 17h. A entrada custa R$ 15 para os adultos e crian\u00e7as at\u00e9 12 anos n\u00e3o pagam ingresso.<\/p>\n<p><img loading=\"lazy\" decoding=\"async\" class=\"size-full wp-image-19745 aligncenter\" src=\"https:\/\/quantocustaviajar.com\/blog\/wp-content\/uploads\/2017\/12\/jardim-do-nego6.jpg\" alt=\"\" width=\"650\" height=\"433\" srcset=\"https:\/\/quantocustaviajar.com\/blog\/wp-content\/uploads\/2017\/12\/jardim-do-nego6.jpg 650w, https:\/\/quantocustaviajar.com\/blog\/wp-content\/uploads\/2017\/12\/jardim-do-nego6-300x200.jpg 300w, https:\/\/quantocustaviajar.com\/blog\/wp-content\/uploads\/2017\/12\/jardim-do-nego6-400x266.jpg 400w\" sizes=\"auto, (max-width: 650px) 100vw, 650px\" \/><\/p>\n<p style=\"text-align: center;\">Foto: Cris Isidoro \/ Diadorim Ideias.<\/p>\n<p style=\"text-align: center;\"><strong>[+] <a href=\"http:\/\/www.partner.viator.com\/pt\/15570\/tours\/Rio-de-Janeiro\/Cultural-Walking-Tour-of-Rio-de-Janeiro-Including-Pedra-do-Sal\/d712-23779P2?SUBPUID=PCD\" target=\"_blank\" rel=\"noopener noreferrer\">Que tal aproveitar a viagem para fazer uma excurs\u00e3o cultural pelo Rio de Janeiro?<\/a><\/strong><\/p>\n<p><img loading=\"lazy\" decoding=\"async\" class=\"size-full wp-image-19740 aligncenter\" src=\"https:\/\/quantocustaviajar.com\/blog\/wp-content\/uploads\/2017\/12\/jardim-do-nego.jpg\" alt=\"\" width=\"650\" height=\"433\" srcset=\"https:\/\/quantocustaviajar.com\/blog\/wp-content\/uploads\/2017\/12\/jardim-do-nego.jpg 650w, https:\/\/quantocustaviajar.com\/blog\/wp-content\/uploads\/2017\/12\/jardim-do-nego-300x200.jpg 300w, https:\/\/quantocustaviajar.com\/blog\/wp-content\/uploads\/2017\/12\/jardim-do-nego-400x266.jpg 400w\" sizes=\"auto, (max-width: 650px) 100vw, 650px\" \/><\/p>\n<p style=\"text-align: center;\">Foto: Cris Isidoro \/ Diadorim Ideias.<\/p>\n<p><img loading=\"lazy\" decoding=\"async\" class=\"size-full wp-image-19744 aligncenter\" src=\"https:\/\/quantocustaviajar.com\/blog\/wp-content\/uploads\/2017\/12\/jardim-do-nego5.jpg\" alt=\"\" width=\"650\" height=\"433\" srcset=\"https:\/\/quantocustaviajar.com\/blog\/wp-content\/uploads\/2017\/12\/jardim-do-nego5.jpg 650w, https:\/\/quantocustaviajar.com\/blog\/wp-content\/uploads\/2017\/12\/jardim-do-nego5-300x200.jpg 300w, https:\/\/quantocustaviajar.com\/blog\/wp-content\/uploads\/2017\/12\/jardim-do-nego5-400x266.jpg 400w\" sizes=\"auto, (max-width: 650px) 100vw, 650px\" \/><\/p>\n<p style=\"text-align: center;\">Foto: Cris Isidoro \/ Diadorim Ideias.<\/p>\n<p><img loading=\"lazy\" decoding=\"async\" class=\"size-full wp-image-19741 aligncenter\" src=\"https:\/\/quantocustaviajar.com\/blog\/wp-content\/uploads\/2017\/12\/jardim-do-nego2.jpg\" alt=\"\" width=\"650\" height=\"433\" srcset=\"https:\/\/quantocustaviajar.com\/blog\/wp-content\/uploads\/2017\/12\/jardim-do-nego2.jpg 650w, https:\/\/quantocustaviajar.com\/blog\/wp-content\/uploads\/2017\/12\/jardim-do-nego2-300x200.jpg 300w, https:\/\/quantocustaviajar.com\/blog\/wp-content\/uploads\/2017\/12\/jardim-do-nego2-400x266.jpg 400w\" sizes=\"auto, (max-width: 650px) 100vw, 650px\" \/><\/p>\n<p style=\"text-align: center;\">Foto: Cris Isidoro \/ Diadorim Ideias.<\/p>\n<p><img loading=\"lazy\" decoding=\"async\" class=\"size-full wp-image-19742 aligncenter\" src=\"https:\/\/quantocustaviajar.com\/blog\/wp-content\/uploads\/2017\/12\/jardim-do-nego3.jpg\" alt=\"\" width=\"650\" height=\"433\" srcset=\"https:\/\/quantocustaviajar.com\/blog\/wp-content\/uploads\/2017\/12\/jardim-do-nego3.jpg 650w, https:\/\/quantocustaviajar.com\/blog\/wp-content\/uploads\/2017\/12\/jardim-do-nego3-300x200.jpg 300w, https:\/\/quantocustaviajar.com\/blog\/wp-content\/uploads\/2017\/12\/jardim-do-nego3-400x266.jpg 400w\" sizes=\"auto, (max-width: 650px) 100vw, 650px\" \/><\/p>\n<p style=\"text-align: center;\">Foto: Cris Isidoro \/ Diadorim Ideias.<\/p>\n<p><img loading=\"lazy\" decoding=\"async\" class=\"size-full wp-image-19743 aligncenter\" src=\"https:\/\/quantocustaviajar.com\/blog\/wp-content\/uploads\/2017\/12\/jardim-do-nego4.jpg\" alt=\"\" width=\"650\" height=\"433\" srcset=\"https:\/\/quantocustaviajar.com\/blog\/wp-content\/uploads\/2017\/12\/jardim-do-nego4.jpg 650w, https:\/\/quantocustaviajar.com\/blog\/wp-content\/uploads\/2017\/12\/jardim-do-nego4-300x200.jpg 300w, https:\/\/quantocustaviajar.com\/blog\/wp-content\/uploads\/2017\/12\/jardim-do-nego4-400x266.jpg 400w\" sizes=\"auto, (max-width: 650px) 100vw, 650px\" \/><\/p>\n<p style=\"text-align: center;\">Foto: Cris Isidoro \/ Diadorim Ideias.<\/p>\n<p style=\"text-align: center;\"><strong>[+] <a href=\"https:\/\/quantocustaviajar.com\/blog\/uana-ete-rio-de-janeiro\/\" target=\"_blank\" rel=\"noopener noreferrer\">Conhe\u00e7a outro jardim ecol\u00f3gico escondido no interior do Rio!<\/a><\/strong><\/p>\n<\/div>\n<\/div>\n","protected":false},"excerpt":{"rendered":"<p>Existem alguns lugares bem curiosos no Brasil e este \u00e9 mais um deles. O Jardim do N\u00eago, em Nova Friburgo (RJ), chama a aten\u00e7\u00e3o por conta das esculturas gigantes feitas em barrancos pelo cearense\u00a0Geraldo Simpl\u00edcio, que chegou ao munic\u00edpio em 1969. Em seu s\u00edtio e ateli\u00ea no meio da Mata Atl\u00e2ntica, costumava trabalhar com madeira [&hellip;]<\/p>\n","protected":false},"author":4,"featured_media":19748,"comment_status":"open","ping_status":"open","sticky":false,"template":"","format":"standard","meta":{"cybocfi_hide_featured_image":"","footnotes":""},"categories":[1437,1434],"tags":[1013,227,76,77,782,278,248,61,1313,211,529,513,19,85],"class_list":["post-19737","post","type-post","status-publish","format-standard","has-post-thumbnail","hentry","category-ao-ar-livre","category-descubra-brasil","tag-ao-ar-livre","tag-arte","tag-curiosidade","tag-dicas","tag-escultura","tag-ingresso","tag-jardim","tag-museu","tag-nova-friburgo","tag-o-que-fazer","tag-onde-ir","tag-passeios-diferentes","tag-quanto-custa","tag-rio-de-janeiro"],"blocksy_meta":[],"yoast_head":"<!-- This site is optimized with the Yoast SEO plugin v26.3 - https:\/\/yoast.com\/wordpress\/plugins\/seo\/ -->\n<title>Jardim do N\u00eago, em Nova Friburgo, tem esculturas gigantes feitas em barrancos - Blog Quanto Custa Viajar<\/title>\n<meta name=\"robots\" content=\"index, follow, max-snippet:-1, max-image-preview:large, max-video-preview:-1\" \/>\n<link rel=\"canonical\" href=\"https:\/\/quantocustaviajar.com\/blog\/jardim-do-nego-em-nova-friburgo\/\" \/>\n<meta property=\"og:locale\" content=\"pt_BR\" \/>\n<meta property=\"og:type\" content=\"article\" \/>\n<meta property=\"og:title\" content=\"Jardim do N\u00eago, em Nova Friburgo, tem esculturas gigantes feitas em barrancos - Blog Quanto Custa Viajar\" \/>\n<meta property=\"og:description\" content=\"Existem alguns lugares bem curiosos no Brasil e este \u00e9 mais um deles. O Jardim do N\u00eago, em Nova Friburgo (RJ), chama a aten\u00e7\u00e3o por conta das esculturas gigantes feitas em barrancos pelo cearense\u00a0Geraldo Simpl\u00edcio, que chegou ao munic\u00edpio em 1969. Em seu s\u00edtio e ateli\u00ea no meio da Mata Atl\u00e2ntica, costumava trabalhar com madeira [&hellip;]\" \/>\n<meta property=\"og:url\" content=\"https:\/\/quantocustaviajar.com\/blog\/jardim-do-nego-em-nova-friburgo\/\" \/>\n<meta property=\"og:site_name\" content=\"Blog Quanto Custa Viajar\" \/>\n<meta property=\"article:publisher\" content=\"https:\/\/www.facebook.com\/quantocustaviajar\" \/>\n<meta property=\"article:author\" content=\"https:\/\/www.facebook.com\/brunellapfvr\/posts\" \/>\n<meta property=\"article:published_time\" content=\"2018-02-19T15:26:51+00:00\" \/>\n<meta property=\"article:modified_time\" content=\"2021-07-27T19:45:37+00:00\" \/>\n<meta property=\"og:image\" content=\"https:\/\/quantocustaviajar.com\/blog\/wp-content\/uploads\/2017\/12\/jardim-do-nego-1.jpg\" \/>\n\t<meta property=\"og:image:width\" content=\"600\" \/>\n\t<meta property=\"og:image:height\" content=\"442\" \/>\n\t<meta property=\"og:image:type\" content=\"image\/jpeg\" \/>\n<meta name=\"author\" content=\"Brunella Nunes\" \/>\n<meta name=\"twitter:card\" content=\"summary_large_image\" \/>\n<meta name=\"twitter:label1\" content=\"Escrito por\" \/>\n\t<meta name=\"twitter:data1\" content=\"Brunella Nunes\" \/>\n\t<meta name=\"twitter:label2\" content=\"Est. tempo de leitura\" \/>\n\t<meta name=\"twitter:data2\" content=\"2 minutos\" \/>\n<!-- \/ Yoast SEO plugin. -->","yoast_head_json":{"title":"Jardim do N\u00eago, em Nova Friburgo, tem esculturas gigantes feitas em barrancos - Blog Quanto Custa Viajar","robots":{"index":"index","follow":"follow","max-snippet":"max-snippet:-1","max-image-preview":"max-image-preview:large","max-video-preview":"max-video-preview:-1"},"canonical":"https:\/\/quantocustaviajar.com\/blog\/jardim-do-nego-em-nova-friburgo\/","og_locale":"pt_BR","og_type":"article","og_title":"Jardim do N\u00eago, em Nova Friburgo, tem esculturas gigantes feitas em barrancos - Blog Quanto Custa Viajar","og_description":"Existem alguns lugares bem curiosos no Brasil e este \u00e9 mais um deles. O Jardim do N\u00eago, em Nova Friburgo (RJ), chama a aten\u00e7\u00e3o por conta das esculturas gigantes feitas em barrancos pelo cearense\u00a0Geraldo Simpl\u00edcio, que chegou ao munic\u00edpio em 1969. Em seu s\u00edtio e ateli\u00ea no meio da Mata Atl\u00e2ntica, costumava trabalhar com madeira [&hellip;]","og_url":"https:\/\/quantocustaviajar.com\/blog\/jardim-do-nego-em-nova-friburgo\/","og_site_name":"Blog Quanto Custa Viajar","article_publisher":"https:\/\/www.facebook.com\/quantocustaviajar","article_author":"https:\/\/www.facebook.com\/brunellapfvr\/posts","article_published_time":"2018-02-19T15:26:51+00:00","article_modified_time":"2021-07-27T19:45:37+00:00","og_image":[{"width":600,"height":442,"url":"https:\/\/quantocustaviajar.com\/blog\/wp-content\/uploads\/2017\/12\/jardim-do-nego-1.jpg","type":"image\/jpeg"}],"author":"Brunella Nunes","twitter_card":"summary_large_image","twitter_misc":{"Escrito por":"Brunella Nunes","Est. tempo de leitura":"2 minutos"},"schema":{"@context":"https:\/\/schema.org","@graph":[{"@type":["Article","BlogPosting"],"@id":"https:\/\/quantocustaviajar.com\/blog\/jardim-do-nego-em-nova-friburgo\/#article","isPartOf":{"@id":"https:\/\/quantocustaviajar.com\/blog\/jardim-do-nego-em-nova-friburgo\/"},"author":{"name":"Brunella Nunes","@id":"https:\/\/quantocustaviajar.com\/blog\/#\/schema\/person\/1a6dd3da9d0c0a4be42652b67bea19bb"},"headline":"Jardim do N\u00eago, em Nova Friburgo, tem esculturas gigantes feitas em barrancos","datePublished":"2018-02-19T15:26:51+00:00","dateModified":"2021-07-27T19:45:37+00:00","mainEntityOfPage":{"@id":"https:\/\/quantocustaviajar.com\/blog\/jardim-do-nego-em-nova-friburgo\/"},"wordCount":319,"commentCount":5,"publisher":{"@id":"https:\/\/quantocustaviajar.com\/blog\/#organization"},"image":{"@id":"https:\/\/quantocustaviajar.com\/blog\/jardim-do-nego-em-nova-friburgo\/#primaryimage"},"thumbnailUrl":"https:\/\/quantocustaviajar.com\/blog\/wp-content\/uploads\/2017\/12\/jardim-do-nego-1.jpg","keywords":["ao ar livre","arte","curiosidade","dicas","escultura","ingresso","jardim","museu","Nova Friburgo","o que fazer","onde ir","passeios diferentes","quanto custa","rio de janeiro"],"articleSection":["Ao Ar Livre","Descubra o Brasil"],"inLanguage":"pt-BR","potentialAction":[{"@type":"CommentAction","name":"Comment","target":["https:\/\/quantocustaviajar.com\/blog\/jardim-do-nego-em-nova-friburgo\/#respond"]}]},{"@type":"WebPage","@id":"https:\/\/quantocustaviajar.com\/blog\/jardim-do-nego-em-nova-friburgo\/","url":"https:\/\/quantocustaviajar.com\/blog\/jardim-do-nego-em-nova-friburgo\/","name":"Jardim do N\u00eago, em Nova Friburgo, tem esculturas gigantes feitas em barrancos - Blog Quanto Custa Viajar","isPartOf":{"@id":"https:\/\/quantocustaviajar.com\/blog\/#website"},"primaryImageOfPage":{"@id":"https:\/\/quantocustaviajar.com\/blog\/jardim-do-nego-em-nova-friburgo\/#primaryimage"},"image":{"@id":"https:\/\/quantocustaviajar.com\/blog\/jardim-do-nego-em-nova-friburgo\/#primaryimage"},"thumbnailUrl":"https:\/\/quantocustaviajar.com\/blog\/wp-content\/uploads\/2017\/12\/jardim-do-nego-1.jpg","datePublished":"2018-02-19T15:26:51+00:00","dateModified":"2021-07-27T19:45:37+00:00","breadcrumb":{"@id":"https:\/\/quantocustaviajar.com\/blog\/jardim-do-nego-em-nova-friburgo\/#breadcrumb"},"inLanguage":"pt-BR","potentialAction":[{"@type":"ReadAction","target":["https:\/\/quantocustaviajar.com\/blog\/jardim-do-nego-em-nova-friburgo\/"]}]},{"@type":"ImageObject","inLanguage":"pt-BR","@id":"https:\/\/quantocustaviajar.com\/blog\/jardim-do-nego-em-nova-friburgo\/#primaryimage","url":"https:\/\/quantocustaviajar.com\/blog\/wp-content\/uploads\/2017\/12\/jardim-do-nego-1.jpg","contentUrl":"https:\/\/quantocustaviajar.com\/blog\/wp-content\/uploads\/2017\/12\/jardim-do-nego-1.jpg","width":600,"height":442},{"@type":"BreadcrumbList","@id":"https:\/\/quantocustaviajar.com\/blog\/jardim-do-nego-em-nova-friburgo\/#breadcrumb","itemListElement":[{"@type":"ListItem","position":1,"name":"In\u00edcio","item":"https:\/\/quantocustaviajar.com\/blog\/"},{"@type":"ListItem","position":2,"name":"Jardim do N\u00eago, em Nova Friburgo, tem esculturas gigantes feitas em barrancos"}]},{"@type":"WebSite","@id":"https:\/\/quantocustaviajar.com\/blog\/#website","url":"https:\/\/quantocustaviajar.com\/blog\/","name":"Blog Quanto Custa Viajar","description":"","publisher":{"@id":"https:\/\/quantocustaviajar.com\/blog\/#organization"},"potentialAction":[{"@type":"SearchAction","target":{"@type":"EntryPoint","urlTemplate":"https:\/\/quantocustaviajar.com\/blog\/?s={search_term_string}"},"query-input":{"@type":"PropertyValueSpecification","valueRequired":true,"valueName":"search_term_string"}}],"inLanguage":"pt-BR"},{"@type":"Organization","@id":"https:\/\/quantocustaviajar.com\/blog\/#organization","name":"Quanto Custa Viajar","url":"https:\/\/quantocustaviajar.com\/blog\/","logo":{"@type":"ImageObject","inLanguage":"pt-BR","@id":"https:\/\/quantocustaviajar.com\/blog\/#\/schema\/logo\/image\/","url":"","contentUrl":"","caption":"Quanto Custa Viajar"},"image":{"@id":"https:\/\/quantocustaviajar.com\/blog\/#\/schema\/logo\/image\/"},"sameAs":["https:\/\/www.facebook.com\/quantocustaviajar"]},{"@type":"Person","@id":"https:\/\/quantocustaviajar.com\/blog\/#\/schema\/person\/1a6dd3da9d0c0a4be42652b67bea19bb","name":"Brunella Nunes","image":{"@type":"ImageObject","inLanguage":"pt-BR","@id":"https:\/\/quantocustaviajar.com\/blog\/#\/schema\/person\/image\/","url":"https:\/\/secure.gravatar.com\/avatar\/05b28dfb8a3cc7ee0dba6feefa5677f05be6d7bf4b017728fd38499092f9c282?s=96&d=mm&r=g","contentUrl":"https:\/\/secure.gravatar.com\/avatar\/05b28dfb8a3cc7ee0dba6feefa5677f05be6d7bf4b017728fd38499092f9c282?s=96&d=mm&r=g","caption":"Brunella Nunes"},"description":"Quando n\u00e3o est\u00e1 viajando pelo mundo, est\u00e1 viajando nas ideias.","sameAs":["https:\/\/www.facebook.com\/brunellapfvr\/posts","https:\/\/www.linkedin.com\/in\/brunellanunes\/"],"url":"https:\/\/quantocustaviajar.com\/blog\/author\/equipe\/"}]}},"_links":{"self":[{"href":"https:\/\/quantocustaviajar.com\/blog\/wp-json\/wp\/v2\/posts\/19737","targetHints":{"allow":["GET"]}}],"collection":[{"href":"https:\/\/quantocustaviajar.com\/blog\/wp-json\/wp\/v2\/posts"}],"about":[{"href":"https:\/\/quantocustaviajar.com\/blog\/wp-json\/wp\/v2\/types\/post"}],"author":[{"embeddable":true,"href":"https:\/\/quantocustaviajar.com\/blog\/wp-json\/wp\/v2\/users\/4"}],"replies":[{"embeddable":true,"href":"https:\/\/quantocustaviajar.com\/blog\/wp-json\/wp\/v2\/comments?post=19737"}],"version-history":[{"count":1,"href":"https:\/\/quantocustaviajar.com\/blog\/wp-json\/wp\/v2\/posts\/19737\/revisions"}],"predecessor-version":[{"id":49208,"href":"https:\/\/quantocustaviajar.com\/blog\/wp-json\/wp\/v2\/posts\/19737\/revisions\/49208"}],"wp:featuredmedia":[{"embeddable":true,"href":"https:\/\/quantocustaviajar.com\/blog\/wp-json\/wp\/v2\/media\/19748"}],"wp:attachment":[{"href":"https:\/\/quantocustaviajar.com\/blog\/wp-json\/wp\/v2\/media?parent=19737"}],"wp:term":[{"taxonomy":"category","embeddable":true,"href":"https:\/\/quantocustaviajar.com\/blog\/wp-json\/wp\/v2\/categories?post=19737"},{"taxonomy":"post_tag","embeddable":true,"href":"https:\/\/quantocustaviajar.com\/blog\/wp-json\/wp\/v2\/tags?post=19737"}],"curies":[{"name":"wp","href":"https:\/\/api.w.org\/{rel}","templated":true}]}}