{"id":18852,"date":"2022-09-19T13:32:00","date_gmt":"2022-09-19T13:32:00","guid":{"rendered":"http:\/\/quantocustaviajar.com\/blog\/?p=18852"},"modified":"2022-10-11T14:09:03","modified_gmt":"2022-10-11T14:09:03","slug":"janela-do-ceu-em-ibitipoca-mg","status":"publish","type":"post","link":"https:\/\/quantocustaviajar.com\/blog\/janela-do-ceu-em-ibitipoca-mg\/","title":{"rendered":"Como chegar at\u00e9 o belo mirante da Janela do C\u00e9u, em Ibitipoca &#8211; MG"},"content":{"rendered":"<p>Alcan\u00e7ando at\u00e9 1.800 metros de altitude, a trilha da <strong>Janela do C\u00e9u<\/strong>, em <a href=\"https:\/\/quantocustaviajar.com\/blog\/um-lugar-chamado-ibitipoca-em-minas-gerais\/\" target=\"_blank\" rel=\"noopener\"><strong>Ibitipoca<\/strong> &#8211; <strong>Minas Gerais<\/strong><\/a>, leva os aventureiros at\u00e9 uma das mais belas e concorridas vistas dentro do estado. Localizada acima de uma cachoeira de 20 metros onde correm \u00e1guas douradas, \u00e9 como uma moldura natural que abre alas para a paisagem composta de montanhas e vegeta\u00e7\u00e3o.<\/p><div id=\"ez-toc-container\" class=\"ez-toc-v2_0_76 ez-toc-wrap-left counter-hierarchy ez-toc-counter ez-toc-light-blue ez-toc-container-direction\">\n<div class=\"ez-toc-title-container\">\n<p class=\"ez-toc-title\" style=\"cursor:inherit\">Aqui voc\u00ea ir\u00e1 encontrar<\/p>\n<span class=\"ez-toc-title-toggle\"><a href=\"#\" class=\"ez-toc-pull-right ez-toc-btn ez-toc-btn-xs ez-toc-btn-default ez-toc-toggle\" aria-label=\"Alternar tabela de conte\u00fado\"><span class=\"ez-toc-js-icon-con\"><span class=\"\"><span class=\"eztoc-hide\" style=\"display:none;\">Toggle<\/span><span class=\"ez-toc-icon-toggle-span\"><svg style=\"fill: #999;color:#999\" xmlns=\"http:\/\/www.w3.org\/2000\/svg\" class=\"list-377408\" width=\"20px\" height=\"20px\" viewBox=\"0 0 24 24\" fill=\"none\"><path d=\"M6 6H4v2h2V6zm14 0H8v2h12V6zM4 11h2v2H4v-2zm16 0H8v2h12v-2zM4 16h2v2H4v-2zm16 0H8v2h12v-2z\" fill=\"currentColor\"><\/path><\/svg><svg style=\"fill: #999;color:#999\" class=\"arrow-unsorted-368013\" xmlns=\"http:\/\/www.w3.org\/2000\/svg\" width=\"10px\" height=\"10px\" viewBox=\"0 0 24 24\" version=\"1.2\" baseProfile=\"tiny\"><path d=\"M18.2 9.3l-6.2-6.3-6.2 6.3c-.2.2-.3.4-.3.7s.1.5.3.7c.2.2.4.3.7.3h11c.3 0 .5-.1.7-.3.2-.2.3-.5.3-.7s-.1-.5-.3-.7zM5.8 14.7l6.2 6.3 6.2-6.3c.2-.2.3-.5.3-.7s-.1-.5-.3-.7c-.2-.2-.4-.3-.7-.3h-11c-.3 0-.5.1-.7.3-.2.2-.3.5-.3.7s.1.5.3.7z\"\/><\/svg><\/span><\/span><\/span><\/a><\/span><\/div>\n<nav><ul class='ez-toc-list ez-toc-list-level-1 ' ><li class='ez-toc-page-1 ez-toc-heading-level-2'><a class=\"ez-toc-link ez-toc-heading-1\" href=\"https:\/\/quantocustaviajar.com\/blog\/janela-do-ceu-em-ibitipoca-mg\/#Janela_do_Ceu_em_Ibitipoca\" >Janela do C\u00e9u\u00a0em Ibitipoca<\/a><\/li><li class='ez-toc-page-1 ez-toc-heading-level-2'><a class=\"ez-toc-link ez-toc-heading-2\" href=\"https:\/\/quantocustaviajar.com\/blog\/janela-do-ceu-em-ibitipoca-mg\/#Janela_do_Ceu_em_Ibitipoca_%E2%80%93_Quanto_custa\" >Janela do C\u00e9u em Ibitipoca &#8211; Quanto custa<\/a><\/li><li class='ez-toc-page-1 ez-toc-heading-level-2'><a class=\"ez-toc-link ez-toc-heading-3\" href=\"https:\/\/quantocustaviajar.com\/blog\/janela-do-ceu-em-ibitipoca-mg\/#Como_chegar\" >Como chegar<\/a><\/li><li class='ez-toc-page-1 ez-toc-heading-level-2'><a class=\"ez-toc-link ez-toc-heading-4\" href=\"https:\/\/quantocustaviajar.com\/blog\/janela-do-ceu-em-ibitipoca-mg\/#Onde_ficar\" >Onde ficar<\/a><\/li><\/ul><\/nav><\/div>\n\n<p>Extens\u00e3o da Serra da Mantiqueira, o\u00a0<strong>parque de Ibitipoca<\/strong> est\u00e1 numa \u00e1rea de 1488 hectares, dividida entre Lima Duarte e Santa Rita do Ibitipoca, formando uma \u00e1rea de prote\u00e7\u00e3o ambiental composta por pared\u00f5es rochosos, penhascos, 48 cachoeiras e 74 grutas de quartzito, um mineral raro no mundo.<\/p>\n<figure id=\"attachment_55416\" aria-describedby=\"caption-attachment-55416\" style=\"width: 1024px\" class=\"wp-caption aligncenter\"><img loading=\"lazy\" decoding=\"async\" class=\"size-full wp-image-55416\" src=\"https:\/\/quantocustaviajar.com\/blog\/wp-content\/uploads\/2017\/10\/Janela_do_Ceu_Ibitipoca-1.jpg\" alt=\"\" width=\"1024\" height=\"681\" srcset=\"https:\/\/quantocustaviajar.com\/blog\/wp-content\/uploads\/2017\/10\/Janela_do_Ceu_Ibitipoca-1.jpg 1024w, https:\/\/quantocustaviajar.com\/blog\/wp-content\/uploads\/2017\/10\/Janela_do_Ceu_Ibitipoca-1-300x200.jpg 300w, https:\/\/quantocustaviajar.com\/blog\/wp-content\/uploads\/2017\/10\/Janela_do_Ceu_Ibitipoca-1-768x511.jpg 768w\" sizes=\"auto, (max-width: 1024px) 100vw, 1024px\" \/><figcaption id=\"caption-attachment-55416\" class=\"wp-caption-text\">Foto: Wikimedia<\/figcaption><\/figure>\n<h2><span class=\"ez-toc-section\" id=\"Janela_do_Ceu_em_Ibitipoca\"><\/span><strong>Janela do C\u00e9u\u00a0em Ibitipoca<\/strong><span class=\"ez-toc-section-end\"><\/span><\/h2>\n<p>O ponto principal dessa viagem costuma ser a <strong>vila de Concei\u00e7\u00e3o do Ibitipoca<\/strong>, a 3 km antes da portaria da reserva natural. Com ruas de pedras, casinhas coloridas e del\u00edcias mineiras, \u00e9 l\u00e1 onde os visitantes encontram hot\u00e9is, pousadas, restaurantes, bares e servi\u00e7os.\u00a0<strong>Dentro do parque h\u00e1 um\u00a0camping<\/strong> com lava-pratos, churrasqueiras, banheiros e restaurante, al\u00e9m do Centro de Informa\u00e7\u00e3o e Educa\u00e7\u00e3o Ambienta.<\/p>\n<p>O<strong> circuito para a Janela do<\/strong> <strong>C\u00e9u<\/strong>, tamb\u00e9m chamado de Volta ao Parque,<strong>\u00a0tem 16 km<\/strong> no total e a trilha\u00a0com exposi\u00e7\u00e3o direta ao sol passa por v\u00e1rios atrativos. N\u00e3o h\u00e1 atalhos, ent\u00e3o \u00e9 preciso de tempo e disposi\u00e7\u00e3o para chegar at\u00e9 a queda d&#8217;\u00e1gua, porque s\u00e3o seis a oito horas de percurso, incluindo intervalos.<\/p>\n<p>A primeira parada dessa jornada \u00e9 no <strong>Pico do Cruzeiro<\/strong>, a cerca de 1,6 km da entrada do parque e a 1.500 metros de altitude, onde h\u00e1 uma grande cruz r\u00fastica de madeira fincada no solo. Ao lado est\u00e1 a Gruta da Cruz, uma bela forma\u00e7\u00e3o com dois sal\u00f5es e uma claraboia, que resulta na entrada de luz solar.<\/p>\n<figure id=\"attachment_50448\" aria-describedby=\"caption-attachment-50448\" style=\"width: 830px\" class=\"wp-caption aligncenter\"><img loading=\"lazy\" decoding=\"async\" class=\"size-large wp-image-50448\" src=\"https:\/\/quantocustaviajar.com\/blog\/wp-content\/uploads\/2016\/09\/Cachoeira_no_Circuito_das_\u00e1guas_no_Parque_Estadual_de_Ibitipoca_-_MG-1024x683.jpg\" alt=\"\" width=\"830\" height=\"554\" srcset=\"https:\/\/quantocustaviajar.com\/blog\/wp-content\/uploads\/2016\/09\/Cachoeira_no_Circuito_das_\u00e1guas_no_Parque_Estadual_de_Ibitipoca_-_MG-1024x683.jpg 1024w, https:\/\/quantocustaviajar.com\/blog\/wp-content\/uploads\/2016\/09\/Cachoeira_no_Circuito_das_\u00e1guas_no_Parque_Estadual_de_Ibitipoca_-_MG-300x200.jpg 300w, https:\/\/quantocustaviajar.com\/blog\/wp-content\/uploads\/2016\/09\/Cachoeira_no_Circuito_das_\u00e1guas_no_Parque_Estadual_de_Ibitipoca_-_MG-768x512.jpg 768w, https:\/\/quantocustaviajar.com\/blog\/wp-content\/uploads\/2016\/09\/Cachoeira_no_Circuito_das_\u00e1guas_no_Parque_Estadual_de_Ibitipoca_-_MG.jpg 1200w\" sizes=\"auto, (max-width: 830px) 100vw, 830px\" \/><figcaption id=\"caption-attachment-50448\" class=\"wp-caption-text\">Foto: Wikipedia<\/figcaption><\/figure>\n<p>A caminhada segue at\u00e9 o <strong>Pico da Lombada<\/strong> (ou Pico do Ibitipoca),\u00a0<strong>o ponto mais alto da Serra<\/strong>, a 1.784 metros de altura. A vis\u00e3o 360\u00ba graus que oferece fica ainda mais deslumbrante durante o p\u00f4r do sol. Uma descida de aproximadamente 1,4 km ajuda os visitantes a chegarem at\u00e9 a <strong>Gruta dos Tr\u00eas Arcos<\/strong>, composta de tr\u00eas entradas que formam tr\u00eas arcos, oferecendo um cen\u00e1rio bonito em contraste com a mata ao redor.<\/p>\n<p>A poucos metros dali se tem acesso a <strong>Gruta dos Fugitivos<\/strong>. Escura, exige o uso de lanterna e recebeu esse nome porque servia de rota para quilombo de escravos em busca de liberdade. A parada seguinte \u00e9 a <strong>Gruta das Moreiras<\/strong>, lugar de v\u00e1rios sal\u00f5es,\u00a0pequenas sa\u00eddas e claraboias, h\u00e1 gotejamento, portanto requer aten\u00e7\u00e3o redobrada para quem ningu\u00e9m se machuque escorregando. Vale a pena reabastecer as energias por ali, porque depois fica mais dif\u00edcil parar.<\/p>\n<p>Assim que a mata vai fechando e flores roxas v\u00e3o surgindo,\u00a0ao longo\u00a0de 2 km de andan\u00e7a, indica que o caminho at\u00e9 o ponto principal dessa trilha est\u00e1 chegando. Nesse momento se alcan\u00e7a <strong>Ribeir\u00e3o Vermelho<\/strong>, onde h\u00e1 duas alternativas: ir para a Cachoeirinha e depois a Janela do C\u00e9u, ou vice-versa.<\/p>\n<p>A <strong>Cachoeirinha<\/strong> des\u00e1gua por\u00a0aproximadamente 35 metros, caindo sobre um degrau e uma pequena piscina natural. O visual a essa altura do campeonato j\u00e1 \u00e9 contemplativo o suficiente e um mergulho para refrescar \u00e9 quase obrigat\u00f3rio. Isso se n\u00e3o for inverno, quando a seca quase extingue a \u00e1gua. Uma escada (a verdadeira <em>&#8220;Stairway to Heaven&#8221;<strong>*<\/strong><\/em>) leva o p\u00fablico at\u00e9 a<strong> Janela do C\u00e9u<\/strong>, o topo de uma sequ\u00eancia com sete quedas d&#8217;\u00e1gua que correm por degraus.<\/p>\n<p><strong>De seu mirante com &#8220;borda infinita&#8221;\u00a0se avistam\u00a0vales e morros a longa dist\u00e2ncia<\/strong>, e, ao lado esquerdo, um pared\u00e3o oferece um ponto de observa\u00e7\u00e3o para\u00a0a primeira queda da cachoeira de frente. N\u00e3o \u00e9 \u00e0 toa que o local conquistou centenas de cliques extraordin\u00e1rios no Instagram e ganhou fama. Mas \u00e9 preciso ter <strong>cuidado<\/strong>, afinal, as \u00e1guas geladas que passam ali somadas \u00e0s rochas escorregadias podem resultar em acidentes.<\/p>\n<p><strong>Dicas<\/strong>: Antes de ir, programe-se e fique atento aos hor\u00e1rios, porque o parque tem hor\u00e1rio para fechar e n\u00e3o abre \u00e0s segundas-feiras (exceto em feriados emendados). <strong>H\u00e1 um limite de 1.200 visitantes por dia<\/strong> e muitas trilhas para percorrer, que levam a outros lugares incr\u00edveis da reserva natural. O roteiro Pico do Pi\u00e3o tem 11 km e o das \u00c1guas tem 5 km. H\u00e1 quem estique o passeio at\u00e9 Vila Souza do Rio Grande, a 30 km de dist\u00e2ncia de Concei\u00e7\u00e3o, e at\u00e9 a Vila dos Moreiras, a 12 km de dist\u00e2ncia. <strong><a href=\"http:\/\/quantocustaviajar.com\/blog\/um-lugar-chamado-ibitipoca-em-minas-gerais\/\" target=\"_blank\" rel=\"noopener noreferrer\">Saiba mais sobre a regi\u00e3o nesse post!<\/a><\/strong><\/p>\n<h2><span class=\"ez-toc-section\" id=\"Janela_do_Ceu_em_Ibitipoca_%E2%80%93_Quanto_custa\"><\/span><strong>Janela do C\u00e9u em Ibitipoca &#8211; Quanto custa<\/strong><span class=\"ez-toc-section-end\"><\/span><\/h2>\n<p>A entrada custa R$10,00 por pessoa em dias de semana e R$20,00 aos s\u00e1bados\/domingos e feriados. O estacionamento custa R$ 50,00 por dia.<\/p>\n<h2><span class=\"ez-toc-section\" id=\"Como_chegar\"><\/span><strong>Como chegar<\/strong><span class=\"ez-toc-section-end\"><\/span><\/h2>\n<p>A cidade de Lima Duarte fica a 90 km at\u00e9 Juiz de Fora; a 260 km do Rio de Janeiro e a 360 km da capital do estado, Belo Horizonte. \u00c9 poss\u00edvel ir de carro, t\u00e1xi ou \u00f4nibus at\u00e9 o munic\u00edpio.<\/p>\n<h2><span class=\"ez-toc-section\" id=\"Onde_ficar\"><\/span><strong>Onde ficar<\/strong><span class=\"ez-toc-section-end\"><\/span><\/h2>\n<p>H\u00e1 v\u00e1rias op\u00e7\u00f5es de hospedagem, para todos os bolsos, como o hostel <a href=\"https:\/\/www.booking.com\/hotel\/br\/hostel-amp-hospedagem-casa-real.pt-br.html?aid=2161834\" target=\"_blank\" rel=\"noopener noreferrer\">Casa Real<\/a> ($); o\u00a0<a href=\"https:\/\/www.booking.com\/hotel\/br\/satio-das-hortaansias.pt-br.html?aid=2161834\" target=\"_blank\" rel=\"noopener noreferrer\">S\u00edtio das Hort\u00eansias<\/a> ($$); os <a href=\"https:\/\/www.booking.com\/hotel\/br\/pousada-chales-vale-do-sol.pt-br.html?aid=2161834\" target=\"_blank\" rel=\"noopener noreferrer\">chal\u00e9s Vale do Sol<\/a>; e a pousada <a href=\"https:\/\/www.booking.com\/hotel\/br\/pousada-janela-do-cau.pt-br.html?aid=2161834\" target=\"_blank\" rel=\"noopener noreferrer\">Janela do C\u00e9u<\/a>\u00a0($$$$$).<\/p>\n<p><em>*M\u00fasica da banda Led Zeppelin que significa, em tradu\u00e7\u00e3o livre, &#8220;Escada para o C\u00e9u&#8221;.<\/em><\/p>\n<p style=\"text-align: center;\"><strong>[+] <a href=\"http:\/\/quantocustaviajar.com\/blog\/cidades-legais-para-viajar-em-minas-gerais\/\" target=\"_blank\" rel=\"noopener noreferrer\">Confira outras cidades bacanas para conhecer em Minas Gerais!<\/a><\/strong><\/p>\n","protected":false},"excerpt":{"rendered":"<p>Alcan\u00e7ando at\u00e9 1.800 metros de altitude, a trilha da Janela do C\u00e9u, em Ibitipoca &#8211; Minas Gerais, leva os aventureiros at\u00e9 uma das mais belas e concorridas vistas dentro do estado. Localizada acima de uma cachoeira de 20 metros onde correm \u00e1guas douradas, \u00e9 como uma moldura natural que abre alas para a paisagem composta [&hellip;]<\/p>\n","protected":false},"author":4,"featured_media":55416,"comment_status":"open","ping_status":"open","sticky":false,"template":"","format":"standard","meta":{"cybocfi_hide_featured_image":"","footnotes":""},"categories":[1437,1434],"tags":[393,415,266,487,178,1171,77,467,279,1278,1279,394,211,865,529,437,132,196,19,1003,124,423],"class_list":["post-18852","post","type-post","status-publish","format-standard","has-post-thumbnail","hentry","category-ao-ar-livre","category-descubra-brasil","tag-aventura","tag-belezas-naturais","tag-brasil","tag-cachoeiras","tag-como-chegar","tag-como-e","tag-dicas","tag-ecoturismo","tag-entrada","tag-ibitipoca","tag-janela-do-ceu","tag-minas-gerais","tag-o-que-fazer","tag-onde-dormir","tag-onde-ir","tag-paisagem","tag-parque","tag-precos","tag-quanto-custa","tag-rota","tag-roteiro","tag-trilha"],"blocksy_meta":[],"yoast_head":"<!-- This site is optimized with the Yoast SEO plugin v26.3 - https:\/\/yoast.com\/wordpress\/plugins\/seo\/ -->\n<title>Como chegar at\u00e9 o belo mirante da Janela do C\u00e9u em Ibitipoca<\/title>\n<meta name=\"description\" content=\"Alcan\u00e7ando at\u00e9 1.800 metros de altitude, a trilha da Janela do C\u00e9u em Ibitipoca leva os aventureiros at\u00e9 uma das mais belas vistas.\" \/>\n<meta name=\"robots\" content=\"index, follow, max-snippet:-1, max-image-preview:large, max-video-preview:-1\" \/>\n<link rel=\"canonical\" href=\"https:\/\/quantocustaviajar.com\/blog\/janela-do-ceu-em-ibitipoca-mg\/\" \/>\n<meta property=\"og:locale\" content=\"pt_BR\" \/>\n<meta property=\"og:type\" content=\"article\" \/>\n<meta property=\"og:title\" content=\"Como chegar at\u00e9 o belo mirante da Janela do C\u00e9u em Ibitipoca\" \/>\n<meta property=\"og:description\" content=\"Alcan\u00e7ando at\u00e9 1.800 metros de altitude, a trilha da Janela do C\u00e9u em Ibitipoca leva os aventureiros at\u00e9 uma das mais belas vistas.\" \/>\n<meta property=\"og:url\" content=\"https:\/\/quantocustaviajar.com\/blog\/janela-do-ceu-em-ibitipoca-mg\/\" \/>\n<meta property=\"og:site_name\" content=\"Blog Quanto Custa Viajar\" \/>\n<meta property=\"article:publisher\" content=\"https:\/\/www.facebook.com\/quantocustaviajar\" \/>\n<meta property=\"article:author\" content=\"https:\/\/www.facebook.com\/brunellapfvr\/posts\" \/>\n<meta property=\"article:published_time\" content=\"2022-09-19T13:32:00+00:00\" \/>\n<meta property=\"article:modified_time\" content=\"2022-10-11T14:09:03+00:00\" \/>\n<meta property=\"og:image\" content=\"https:\/\/quantocustaviajar.com\/blog\/wp-content\/uploads\/2017\/10\/Janela_do_Ceu_Ibitipoca-1.jpg\" \/>\n\t<meta property=\"og:image:width\" content=\"1024\" \/>\n\t<meta property=\"og:image:height\" content=\"681\" \/>\n\t<meta property=\"og:image:type\" content=\"image\/jpeg\" \/>\n<meta name=\"author\" content=\"Brunella Nunes\" \/>\n<meta name=\"twitter:card\" content=\"summary_large_image\" \/>\n<meta name=\"twitter:label1\" content=\"Escrito por\" \/>\n\t<meta name=\"twitter:data1\" content=\"Brunella Nunes\" \/>\n\t<meta name=\"twitter:label2\" content=\"Est. tempo de leitura\" \/>\n\t<meta name=\"twitter:data2\" content=\"6 minutos\" \/>\n<!-- \/ Yoast SEO plugin. -->","yoast_head_json":{"title":"Como chegar at\u00e9 o belo mirante da Janela do C\u00e9u em Ibitipoca","description":"Alcan\u00e7ando at\u00e9 1.800 metros de altitude, a trilha da Janela do C\u00e9u em Ibitipoca leva os aventureiros at\u00e9 uma das mais belas vistas.","robots":{"index":"index","follow":"follow","max-snippet":"max-snippet:-1","max-image-preview":"max-image-preview:large","max-video-preview":"max-video-preview:-1"},"canonical":"https:\/\/quantocustaviajar.com\/blog\/janela-do-ceu-em-ibitipoca-mg\/","og_locale":"pt_BR","og_type":"article","og_title":"Como chegar at\u00e9 o belo mirante da Janela do C\u00e9u em Ibitipoca","og_description":"Alcan\u00e7ando at\u00e9 1.800 metros de altitude, a trilha da Janela do C\u00e9u em Ibitipoca leva os aventureiros at\u00e9 uma das mais belas vistas.","og_url":"https:\/\/quantocustaviajar.com\/blog\/janela-do-ceu-em-ibitipoca-mg\/","og_site_name":"Blog Quanto Custa Viajar","article_publisher":"https:\/\/www.facebook.com\/quantocustaviajar","article_author":"https:\/\/www.facebook.com\/brunellapfvr\/posts","article_published_time":"2022-09-19T13:32:00+00:00","article_modified_time":"2022-10-11T14:09:03+00:00","og_image":[{"width":1024,"height":681,"url":"https:\/\/quantocustaviajar.com\/blog\/wp-content\/uploads\/2017\/10\/Janela_do_Ceu_Ibitipoca-1.jpg","type":"image\/jpeg"}],"author":"Brunella Nunes","twitter_card":"summary_large_image","twitter_misc":{"Escrito por":"Brunella Nunes","Est. tempo de leitura":"6 minutos"},"schema":{"@context":"https:\/\/schema.org","@graph":[{"@type":["Article","BlogPosting"],"@id":"https:\/\/quantocustaviajar.com\/blog\/janela-do-ceu-em-ibitipoca-mg\/#article","isPartOf":{"@id":"https:\/\/quantocustaviajar.com\/blog\/janela-do-ceu-em-ibitipoca-mg\/"},"author":{"name":"Brunella Nunes","@id":"https:\/\/quantocustaviajar.com\/blog\/#\/schema\/person\/1a6dd3da9d0c0a4be42652b67bea19bb"},"headline":"Como chegar at\u00e9 o belo mirante da Janela do C\u00e9u, em Ibitipoca &#8211; MG","datePublished":"2022-09-19T13:32:00+00:00","dateModified":"2022-10-11T14:09:03+00:00","mainEntityOfPage":{"@id":"https:\/\/quantocustaviajar.com\/blog\/janela-do-ceu-em-ibitipoca-mg\/"},"wordCount":941,"commentCount":3,"publisher":{"@id":"https:\/\/quantocustaviajar.com\/blog\/#organization"},"image":{"@id":"https:\/\/quantocustaviajar.com\/blog\/janela-do-ceu-em-ibitipoca-mg\/#primaryimage"},"thumbnailUrl":"https:\/\/quantocustaviajar.com\/blog\/wp-content\/uploads\/2017\/10\/Janela_do_Ceu_Ibitipoca-1.jpg","keywords":["aventura","belezas naturais","Brasil","cachoeiras","como chegar","como \u00e9","dicas","ecoturismo","entrada","Ibitipoca","Janela do C\u00e9u","Minas Gerais","o que fazer","onde dormir","onde ir","paisagem","parque","pre\u00e7os","quanto custa","rota","roteiro","trilha"],"articleSection":["Ao Ar Livre","Descubra o Brasil"],"inLanguage":"pt-BR","potentialAction":[{"@type":"CommentAction","name":"Comment","target":["https:\/\/quantocustaviajar.com\/blog\/janela-do-ceu-em-ibitipoca-mg\/#respond"]}]},{"@type":"WebPage","@id":"https:\/\/quantocustaviajar.com\/blog\/janela-do-ceu-em-ibitipoca-mg\/","url":"https:\/\/quantocustaviajar.com\/blog\/janela-do-ceu-em-ibitipoca-mg\/","name":"Como chegar at\u00e9 o belo mirante da Janela do C\u00e9u em Ibitipoca","isPartOf":{"@id":"https:\/\/quantocustaviajar.com\/blog\/#website"},"primaryImageOfPage":{"@id":"https:\/\/quantocustaviajar.com\/blog\/janela-do-ceu-em-ibitipoca-mg\/#primaryimage"},"image":{"@id":"https:\/\/quantocustaviajar.com\/blog\/janela-do-ceu-em-ibitipoca-mg\/#primaryimage"},"thumbnailUrl":"https:\/\/quantocustaviajar.com\/blog\/wp-content\/uploads\/2017\/10\/Janela_do_Ceu_Ibitipoca-1.jpg","datePublished":"2022-09-19T13:32:00+00:00","dateModified":"2022-10-11T14:09:03+00:00","description":"Alcan\u00e7ando at\u00e9 1.800 metros de altitude, a trilha da Janela do C\u00e9u em Ibitipoca leva os aventureiros at\u00e9 uma das mais belas vistas.","breadcrumb":{"@id":"https:\/\/quantocustaviajar.com\/blog\/janela-do-ceu-em-ibitipoca-mg\/#breadcrumb"},"inLanguage":"pt-BR","potentialAction":[{"@type":"ReadAction","target":["https:\/\/quantocustaviajar.com\/blog\/janela-do-ceu-em-ibitipoca-mg\/"]}]},{"@type":"ImageObject","inLanguage":"pt-BR","@id":"https:\/\/quantocustaviajar.com\/blog\/janela-do-ceu-em-ibitipoca-mg\/#primaryimage","url":"https:\/\/quantocustaviajar.com\/blog\/wp-content\/uploads\/2017\/10\/Janela_do_Ceu_Ibitipoca-1.jpg","contentUrl":"https:\/\/quantocustaviajar.com\/blog\/wp-content\/uploads\/2017\/10\/Janela_do_Ceu_Ibitipoca-1.jpg","width":1024,"height":681,"caption":"Foto: Wikimedia"},{"@type":"BreadcrumbList","@id":"https:\/\/quantocustaviajar.com\/blog\/janela-do-ceu-em-ibitipoca-mg\/#breadcrumb","itemListElement":[{"@type":"ListItem","position":1,"name":"In\u00edcio","item":"https:\/\/quantocustaviajar.com\/blog\/"},{"@type":"ListItem","position":2,"name":"Como chegar at\u00e9 o belo mirante da Janela do C\u00e9u, em Ibitipoca &#8211; MG"}]},{"@type":"WebSite","@id":"https:\/\/quantocustaviajar.com\/blog\/#website","url":"https:\/\/quantocustaviajar.com\/blog\/","name":"Blog Quanto Custa Viajar","description":"","publisher":{"@id":"https:\/\/quantocustaviajar.com\/blog\/#organization"},"potentialAction":[{"@type":"SearchAction","target":{"@type":"EntryPoint","urlTemplate":"https:\/\/quantocustaviajar.com\/blog\/?s={search_term_string}"},"query-input":{"@type":"PropertyValueSpecification","valueRequired":true,"valueName":"search_term_string"}}],"inLanguage":"pt-BR"},{"@type":"Organization","@id":"https:\/\/quantocustaviajar.com\/blog\/#organization","name":"Quanto Custa Viajar","url":"https:\/\/quantocustaviajar.com\/blog\/","logo":{"@type":"ImageObject","inLanguage":"pt-BR","@id":"https:\/\/quantocustaviajar.com\/blog\/#\/schema\/logo\/image\/","url":"","contentUrl":"","caption":"Quanto Custa Viajar"},"image":{"@id":"https:\/\/quantocustaviajar.com\/blog\/#\/schema\/logo\/image\/"},"sameAs":["https:\/\/www.facebook.com\/quantocustaviajar"]},{"@type":"Person","@id":"https:\/\/quantocustaviajar.com\/blog\/#\/schema\/person\/1a6dd3da9d0c0a4be42652b67bea19bb","name":"Brunella Nunes","image":{"@type":"ImageObject","inLanguage":"pt-BR","@id":"https:\/\/quantocustaviajar.com\/blog\/#\/schema\/person\/image\/","url":"https:\/\/secure.gravatar.com\/avatar\/05b28dfb8a3cc7ee0dba6feefa5677f05be6d7bf4b017728fd38499092f9c282?s=96&d=mm&r=g","contentUrl":"https:\/\/secure.gravatar.com\/avatar\/05b28dfb8a3cc7ee0dba6feefa5677f05be6d7bf4b017728fd38499092f9c282?s=96&d=mm&r=g","caption":"Brunella Nunes"},"description":"Quando n\u00e3o est\u00e1 viajando pelo mundo, est\u00e1 viajando nas ideias.","sameAs":["https:\/\/www.facebook.com\/brunellapfvr\/posts","https:\/\/www.linkedin.com\/in\/brunellanunes\/"],"url":"https:\/\/quantocustaviajar.com\/blog\/author\/equipe\/"}]}},"_links":{"self":[{"href":"https:\/\/quantocustaviajar.com\/blog\/wp-json\/wp\/v2\/posts\/18852","targetHints":{"allow":["GET"]}}],"collection":[{"href":"https:\/\/quantocustaviajar.com\/blog\/wp-json\/wp\/v2\/posts"}],"about":[{"href":"https:\/\/quantocustaviajar.com\/blog\/wp-json\/wp\/v2\/types\/post"}],"author":[{"embeddable":true,"href":"https:\/\/quantocustaviajar.com\/blog\/wp-json\/wp\/v2\/users\/4"}],"replies":[{"embeddable":true,"href":"https:\/\/quantocustaviajar.com\/blog\/wp-json\/wp\/v2\/comments?post=18852"}],"version-history":[{"count":2,"href":"https:\/\/quantocustaviajar.com\/blog\/wp-json\/wp\/v2\/posts\/18852\/revisions"}],"predecessor-version":[{"id":55418,"href":"https:\/\/quantocustaviajar.com\/blog\/wp-json\/wp\/v2\/posts\/18852\/revisions\/55418"}],"wp:featuredmedia":[{"embeddable":true,"href":"https:\/\/quantocustaviajar.com\/blog\/wp-json\/wp\/v2\/media\/55416"}],"wp:attachment":[{"href":"https:\/\/quantocustaviajar.com\/blog\/wp-json\/wp\/v2\/media?parent=18852"}],"wp:term":[{"taxonomy":"category","embeddable":true,"href":"https:\/\/quantocustaviajar.com\/blog\/wp-json\/wp\/v2\/categories?post=18852"},{"taxonomy":"post_tag","embeddable":true,"href":"https:\/\/quantocustaviajar.com\/blog\/wp-json\/wp\/v2\/tags?post=18852"}],"curies":[{"name":"wp","href":"https:\/\/api.w.org\/{rel}","templated":true}]}}