{"id":17782,"date":"2021-06-23T12:25:35","date_gmt":"2021-06-23T12:25:35","guid":{"rendered":"http:\/\/quantocustaviajar.com\/blog\/?p=17782"},"modified":"2021-06-24T18:45:33","modified_gmt":"2021-06-24T18:45:33","slug":"aguas-termais-gramado-acquamotion","status":"publish","type":"post","link":"https:\/\/quantocustaviajar.com\/blog\/aguas-termais-gramado-acquamotion\/","title":{"rendered":"Conhe\u00e7a o resort e parque de \u00e1guas termais Acquamotion em Gramado"},"content":{"rendered":"\n<p>O <a href=\"https:\/\/quantocustaviajar.com\/blog\/cidades-legais-para-conhecer-no-rio-grande-do-sul\/\">Rio Grande do Sul<\/a> acaba de ganhar mais um\u00a0atrativo tur\u00edstico para chamar de seu. Estamos falando do <strong>resort e parque de \u00e1guas termais Acquamotion em <a href=\"https:\/\/quantocustaviajar.com\/brasil\/gramado\" target=\"_blank\" rel=\"noreferrer noopener\" aria-label=\" (abre numa nova aba)\">Gramado<\/a><\/strong>, um dos principais destinos de outono\/inverno do Brasil. O empreendimento foi\u00a0planejado pelos mesmos propriet\u00e1rios do Snowland, o primeiro parque de neve indoor do pa\u00eds, que fica na mesma cidade.<\/p><div id=\"ez-toc-container\" class=\"ez-toc-v2_0_76 ez-toc-wrap-left counter-hierarchy ez-toc-counter ez-toc-light-blue ez-toc-container-direction\">\n<div class=\"ez-toc-title-container\">\n<p class=\"ez-toc-title\" style=\"cursor:inherit\">Aqui voc\u00ea ir\u00e1 encontrar<\/p>\n<span class=\"ez-toc-title-toggle\"><a href=\"#\" class=\"ez-toc-pull-right ez-toc-btn ez-toc-btn-xs ez-toc-btn-default ez-toc-toggle\" aria-label=\"Alternar tabela de conte\u00fado\"><span class=\"ez-toc-js-icon-con\"><span class=\"\"><span class=\"eztoc-hide\" style=\"display:none;\">Toggle<\/span><span class=\"ez-toc-icon-toggle-span\"><svg style=\"fill: #999;color:#999\" xmlns=\"http:\/\/www.w3.org\/2000\/svg\" class=\"list-377408\" width=\"20px\" height=\"20px\" viewBox=\"0 0 24 24\" fill=\"none\"><path d=\"M6 6H4v2h2V6zm14 0H8v2h12V6zM4 11h2v2H4v-2zm16 0H8v2h12v-2zM4 16h2v2H4v-2zm16 0H8v2h12v-2z\" fill=\"currentColor\"><\/path><\/svg><svg style=\"fill: #999;color:#999\" class=\"arrow-unsorted-368013\" xmlns=\"http:\/\/www.w3.org\/2000\/svg\" width=\"10px\" height=\"10px\" viewBox=\"0 0 24 24\" version=\"1.2\" baseProfile=\"tiny\"><path d=\"M18.2 9.3l-6.2-6.3-6.2 6.3c-.2.2-.3.4-.3.7s.1.5.3.7c.2.2.4.3.7.3h11c.3 0 .5-.1.7-.3.2-.2.3-.5.3-.7s-.1-.5-.3-.7zM5.8 14.7l6.2 6.3 6.2-6.3c.2-.2.3-.5.3-.7s-.1-.5-.3-.7c-.2-.2-.4-.3-.7-.3h-11c-.3 0-.5.1-.7.3-.2.2-.3.5-.3.7s.1.5.3.7z\"\/><\/svg><\/span><\/span><\/span><\/a><\/span><\/div>\n<nav><ul class='ez-toc-list ez-toc-list-level-1 ' ><li class='ez-toc-page-1 ez-toc-heading-level-2'><a class=\"ez-toc-link ez-toc-heading-1\" href=\"https:\/\/quantocustaviajar.com\/blog\/aguas-termais-gramado-acquamotion\/#Atracoes_do_Acquamotion_em_Gramado\" >Atra\u00e7\u00f5es do Acquamotion em Gramado<\/a><ul class='ez-toc-list-level-3' ><li class='ez-toc-heading-level-3'><a class=\"ez-toc-link ez-toc-heading-2\" href=\"https:\/\/quantocustaviajar.com\/blog\/aguas-termais-gramado-acquamotion\/#E_a_hospedagem\" >E a hospedagem?<\/a><ul class='ez-toc-list-level-4' ><li class='ez-toc-heading-level-4'><a class=\"ez-toc-link ez-toc-heading-3\" href=\"https:\/\/quantocustaviajar.com\/blog\/aguas-termais-gramado-acquamotion\/#Quanto_custa\" >Quanto custa<\/a><\/li><\/ul><\/li><\/ul><\/li><\/ul><\/nav><\/div>\n\n\n\n\n<p>Foi por volta de 2013 que descobriram fontes hidrotermais na regi\u00e3o, de onde fluem \u00e1guas do aqu\u00edfero Guarani, naturalmente a 46\u00baC, que logo come\u00e7aram a ser exploradas para agregar ao turismo local. <\/p>\n\n\n\n<figure class=\"wp-block-image\"><img loading=\"lazy\" decoding=\"async\" width=\"1024\" height=\"787\" src=\"https:\/\/quantocustaviajar.com\/blog\/wp-content\/uploads\/2021\/06\/1624365924252-mapadesktop-1024x787.jpg\" alt=\"\" class=\"wp-image-48386\" srcset=\"https:\/\/quantocustaviajar.com\/blog\/wp-content\/uploads\/2021\/06\/1624365924252-mapadesktop-1024x787.jpg 1024w, https:\/\/quantocustaviajar.com\/blog\/wp-content\/uploads\/2021\/06\/1624365924252-mapadesktop-300x231.jpg 300w, https:\/\/quantocustaviajar.com\/blog\/wp-content\/uploads\/2021\/06\/1624365924252-mapadesktop-768x590.jpg 768w, https:\/\/quantocustaviajar.com\/blog\/wp-content\/uploads\/2021\/06\/1624365924252-mapadesktop.jpg 1920w\" sizes=\"auto, (max-width: 1024px) 100vw, 1024px\" \/><\/figure>\n\n\n\n<p>Apesar de ser utilizada para fins de entretenimento, as \u00e1guas termais possuem propriedades relaxantes e s\u00e3o utilizadas em diversos tratamentos m\u00e9dicos de doen\u00e7as cardiovasculares, reum\u00e1ticas e respirat\u00f3rias, por exemplo. <\/p>\n\n\n\n<p>O grande projeto, que sai na frente como o <strong>primeiro parque aqu\u00e1tico indoor da Am\u00e9rica Latina<\/strong>, foi constru\u00eddo numa \u00e1rea de 49 mil metros quadrados, com 300 apartamentos de alto padr\u00e3o, capacidade para at\u00e9 3,5 mil pessoas e 605 carros no estacionamento.<\/p>\n\n\n\n<p>S\u00e3o <strong>quatro \u00e1reas tem\u00e1ticas climatizadas<\/strong>, garantindo que o parque seja desfrutado ao longo de todo ano, sem depender de temperaturas favor\u00e1veis para o p\u00fablico se divertir.  <\/p>\n\n\n\n<blockquote class=\"wp-block-quote is-layout-flow wp-block-quote-is-layout-flow\"><p>A data de inaugura\u00e7\u00e3o ser\u00e1 no dia 25 de junho e os ingressos j\u00e1 est\u00e3o \u00e0 venda no <a href=\"https:\/\/www.acquamotion.com.br\/\" target=\"_blank\" rel=\"noreferrer noopener\" aria-label=\"site oficial (abre numa nova aba)\">site oficial<\/a>.<\/p><\/blockquote>\n\n\n\n<div class=\"wp-block-image\"><figure class=\"aligncenter\"><img loading=\"lazy\" decoding=\"async\" width=\"696\" height=\"392\" src=\"https:\/\/quantocustaviajar.com\/blog\/wp-content\/uploads\/2017\/09\/acquamotion-gramado.jpg\" alt=\"\" class=\"wp-image-48270\" srcset=\"https:\/\/quantocustaviajar.com\/blog\/wp-content\/uploads\/2017\/09\/acquamotion-gramado.jpg 696w, https:\/\/quantocustaviajar.com\/blog\/wp-content\/uploads\/2017\/09\/acquamotion-gramado-300x169.jpg 300w\" sizes=\"auto, (max-width: 696px) 100vw, 696px\" \/><figcaption>Foto: divulga\u00e7\u00e3o<\/figcaption><\/figure><\/div>\n\n\n\n<h2 class=\"wp-block-heading\"><span class=\"ez-toc-section\" id=\"Atracoes_do_Acquamotion_em_Gramado\"><\/span>Atra\u00e7\u00f5es do Acquamotion em Gramado <span class=\"ez-toc-section-end\"><\/span><\/h2>\n\n\n\n<p>A infraestrutura conta com <strong>sete piscinas aquecidas, indoor e outdoor, para os p\u00fablicos adulto e infantil. <\/strong>H\u00e1 op\u00e7\u00f5es com seis tipos de ondas, borda infinita com vista para as belezas da Serra Ga\u00facha, com jatos de \u00e1gua, tobo\u00e1gua e at\u00e9 bar molhado. <\/p>\n\n\n\n<p>Os pequenos visitantes, de 0 a 5 anos, contar\u00e3o com modalidades especiais, incluindo sprays de \u00e1gua para brincadeiras. Playgrounds, chafarizes e tobo\u00e1guas ir\u00e3o divertir crian\u00e7as de at\u00e9 12 anos de idade, contando ainda com uma equipe de monitores, personagens e apresenta\u00e7\u00f5es especiais.<\/p>\n\n\n\n<p>Uma cascata e uma gruta criam a ambienta\u00e7\u00e3o l\u00fadica de um lugar &#8220;m\u00e1gico&#8221; onde vivem quatro criaturas que representam as quatro esta\u00e7\u00f5es do ano. S\u00e3o atra\u00e7\u00f5es para toda a fam\u00edlia curtir junto.<\/p>\n\n\n\n<p>O acesso ser\u00e1 atrav\u00e9s de uma pulseira com tecnologia RFID, dispensando o uso de cart\u00e3o ou dinheiro na hora de consumir qualquer coisa dentro do local. Para guardar volumes, o Acquamotion em Gramado conta com 900 lockers automatizados, que s\u00f3 abrem e fecham com a mesma pulseira individual. <\/p>\n\n\n\n<p>Os bares e restaurantes internos possuem refei\u00e7\u00f5es e lanches, como salada no pote, parmegiana, hamb\u00farguer, waffle, hot dog, churros, entre outros. <\/p>\n\n\n\n<div class=\"wp-block-image\"><figure class=\"aligncenter\"><img loading=\"lazy\" decoding=\"async\" width=\"1024\" height=\"503\" src=\"https:\/\/quantocustaviajar.com\/blog\/wp-content\/uploads\/2017\/09\/acquamotion-em-gramado-1024x503.jpg\" alt=\"\" class=\"wp-image-48269\" srcset=\"https:\/\/quantocustaviajar.com\/blog\/wp-content\/uploads\/2017\/09\/acquamotion-em-gramado-1024x503.jpg 1024w, https:\/\/quantocustaviajar.com\/blog\/wp-content\/uploads\/2017\/09\/acquamotion-em-gramado-300x148.jpg 300w, https:\/\/quantocustaviajar.com\/blog\/wp-content\/uploads\/2017\/09\/acquamotion-em-gramado-768x378.jpg 768w, https:\/\/quantocustaviajar.com\/blog\/wp-content\/uploads\/2017\/09\/acquamotion-em-gramado.jpg 1741w\" sizes=\"auto, (max-width: 1024px) 100vw, 1024px\" \/><figcaption>Foto: divulga\u00e7\u00e3o<\/figcaption><\/figure><\/div>\n\n\n\n<blockquote class=\"wp-block-quote is-style-large is-layout-flow wp-block-quote-is-layout-flow\"><p>As \u00e1guas termais do parque ter\u00e3o em torno de 36 graus Celsius durante 365 dias do ano<\/p><\/blockquote>\n\n\n\n<div class=\"wp-block-image\"><figure class=\"aligncenter\"><img loading=\"lazy\" decoding=\"async\" width=\"1024\" height=\"512\" src=\"https:\/\/quantocustaviajar.com\/blog\/wp-content\/uploads\/2017\/09\/acquamotion-1024x512.jpeg\" alt=\"\" class=\"wp-image-48271\" srcset=\"https:\/\/quantocustaviajar.com\/blog\/wp-content\/uploads\/2017\/09\/acquamotion.jpeg 1024w, https:\/\/quantocustaviajar.com\/blog\/wp-content\/uploads\/2017\/09\/acquamotion-300x150.jpeg 300w, https:\/\/quantocustaviajar.com\/blog\/wp-content\/uploads\/2017\/09\/acquamotion-768x384.jpeg 768w\" sizes=\"auto, (max-width: 1024px) 100vw, 1024px\" \/><figcaption>Foto: divulga\u00e7\u00e3o<\/figcaption><\/figure><\/div>\n\n\n\n<div class=\"wp-block-image\"><figure class=\"aligncenter\"><img loading=\"lazy\" decoding=\"async\" width=\"1024\" height=\"511\" src=\"https:\/\/quantocustaviajar.com\/blog\/wp-content\/uploads\/2017\/09\/acquamotion-em-gramado4-1024x511.jpg\" alt=\"\" class=\"wp-image-48266\" srcset=\"https:\/\/quantocustaviajar.com\/blog\/wp-content\/uploads\/2017\/09\/acquamotion-em-gramado4-1024x511.jpg 1024w, https:\/\/quantocustaviajar.com\/blog\/wp-content\/uploads\/2017\/09\/acquamotion-em-gramado4-300x150.jpg 300w, https:\/\/quantocustaviajar.com\/blog\/wp-content\/uploads\/2017\/09\/acquamotion-em-gramado4-768x383.jpg 768w, https:\/\/quantocustaviajar.com\/blog\/wp-content\/uploads\/2017\/09\/acquamotion-em-gramado4.jpg 1302w\" sizes=\"auto, (max-width: 1024px) 100vw, 1024px\" \/><figcaption>Foto: divulga\u00e7\u00e3o<\/figcaption><\/figure><\/div>\n\n\n\n<h3 class=\"wp-block-heading\"><span class=\"ez-toc-section\" id=\"E_a_hospedagem\"><\/span>E a <a href=\"http:\/\/booking.com\/index.pt-br.html?aid=2161834\" target=\"_blank\" rel=\"noreferrer noopener\" aria-label=\"hospedagem (abre numa nova aba)\">hospedagem<\/a>?<span class=\"ez-toc-section-end\"><\/span><\/h3>\n\n\n\n<p>A Gramado Parks, respons\u00e1vel pelo espa\u00e7o, tamb\u00e9m comanda o <a href=\"https:\/\/www.booking.com\/hotel\/br\/gramado-termas-resort-amp-spa-by-wyndham.pt-br.html?aid=2161834&amp;sid=f56f863f19ee5ec3e946e8426990d6af&amp;all_sr_blocks=439355009_246094991_2_41_0&amp;checkin=2021-09-17&amp;checkout=2021-09-18&amp;dest_id=-645052&amp;dest_type=city&amp;group_adults=2&amp;group_children=0&amp;hapos=1&amp;highlighted_blocks=439355009_246094991_2_41_0&amp;hpos=1&amp;no_rooms=1&amp;sr_order=popularity&amp;sr_pri_blocks=439355009_246094991_2_41_0__75585&amp;srepoch=1624560141&amp;srpvid=09c48386aeb702b8&amp;ucfs=1&amp;from=searchresults;highlight_room=#hotelTmpl\" target=\"_blank\" rel=\"noreferrer noopener\" aria-label=\" (abre numa nova aba)\">Wyndham Gramado Thermas Resort e Spa<\/a>, que fica junto ao parque aqu\u00e1tico. O estabelecimento \u00e9 equipado com tr\u00eas piscinas, spa, sauna, hidro, bosque, trilha para caminhadas, \u00e1rea kids, fitness center, sal\u00e3o de jogos, sala de cinema, restaurante, churrasqueira e concierge.  <\/p>\n\n\n\n<p>As su\u00edtes decoradas acomodam de quatro a seis pessoas, contando com cama de casal e de solteiro, sof\u00e1-cama, escrivaninha, TV a cabo, wi-fi, ar condicionado e lareira el\u00e9trica.  <\/p>\n\n\n\n<div class=\"wp-block-image\"><figure class=\"aligncenter\"><a href=\"http:\/\/quantocustaviajar.com\/blog\/wp-content\/uploads\/2017\/09\/thermas-em-gramado.jpg\"><img loading=\"lazy\" decoding=\"async\" width=\"1024\" height=\"686\" src=\"https:\/\/quantocustaviajar.com\/blog\/wp-content\/uploads\/2017\/09\/resort-em-gramado2-1024x686.jpg\" alt=\"\" class=\"wp-image-48264\" srcset=\"https:\/\/quantocustaviajar.com\/blog\/wp-content\/uploads\/2017\/09\/resort-em-gramado2-1024x686.jpg 1024w, https:\/\/quantocustaviajar.com\/blog\/wp-content\/uploads\/2017\/09\/resort-em-gramado2-300x201.jpg 300w, https:\/\/quantocustaviajar.com\/blog\/wp-content\/uploads\/2017\/09\/resort-em-gramado2-768x515.jpg 768w, https:\/\/quantocustaviajar.com\/blog\/wp-content\/uploads\/2017\/09\/resort-em-gramado2-1920x1286.jpg 1920w\" sizes=\"auto, (max-width: 1024px) 100vw, 1024px\" \/><\/a><figcaption>Foto: divulga\u00e7\u00e3o<\/figcaption><\/figure><\/div>\n\n\n\n<p><strong>[+] <a rel=\"noopener noreferrer\" href=\"http:\/\/quantocustaviajar.com\/blog\/aguas-termais-no-brasil\/\" target=\"_blank\">Confira onde encontrar \u00e1guas termais no Brasil!<\/a><\/strong><\/p>\n\n\n\n<div class=\"wp-block-image\"><figure class=\"aligncenter\"><img loading=\"lazy\" decoding=\"async\" width=\"1024\" height=\"686\" src=\"https:\/\/quantocustaviajar.com\/blog\/wp-content\/uploads\/2017\/09\/resort-em-gramado-1024x686.jpg\" alt=\"\" class=\"wp-image-48265\" srcset=\"https:\/\/quantocustaviajar.com\/blog\/wp-content\/uploads\/2017\/09\/resort-em-gramado-1024x686.jpg 1024w, https:\/\/quantocustaviajar.com\/blog\/wp-content\/uploads\/2017\/09\/resort-em-gramado-300x201.jpg 300w, https:\/\/quantocustaviajar.com\/blog\/wp-content\/uploads\/2017\/09\/resort-em-gramado-768x515.jpg 768w, https:\/\/quantocustaviajar.com\/blog\/wp-content\/uploads\/2017\/09\/resort-em-gramado-1920x1287.jpg 1920w\" sizes=\"auto, (max-width: 1024px) 100vw, 1024px\" \/><figcaption>Foto: divulga\u00e7\u00e3o<\/figcaption><\/figure><\/div>\n\n\n\n<h4 class=\"wp-block-heading\"><span class=\"ez-toc-section\" id=\"Quanto_custa\"><\/span>Quanto custa<span class=\"ez-toc-section-end\"><\/span><\/h4>\n\n\n\n<p>Os ingressos para o Acquamotion em Gramado custam R$ 149 por pessoa em baixa temporada e R$ 169 por pessoa em alta temporada. Crian\u00e7as at\u00e9 11 anos e pessoas acima dos 60 anos pagam meia-entrada; gratuidade para menores de 3 anos de idade.<\/p>\n\n\n\n<p>Vendas no <a rel=\"noreferrer noopener\" aria-label=\"site oficial do parque (abre numa nova aba)\" href=\"https:\/\/www.acquamotion.com.br\/\" target=\"_blank\">site oficial do parque<\/a>.<\/p>\n\n\n\n<p>J\u00e1 as passagens \u00e1reas para Gramado custam, em m\u00e9dia, de R$ 350 a R$ 450 em baixa temporada a partir do aeroporto de S\u00e3o Paulo. O valor em alta temporada, nos meses de junho e julho, ficam em torno de R$ 700.<\/p>\n\n\n\n<blockquote class=\"wp-block-quote is-style-large is-layout-flow wp-block-quote-is-layout-flow\"><p><a href=\"https:\/\/www.turismocity.com.br\/passagens-aereas-para-POA-Porto_Alegre?from=SAO&amp;utm_source=qcv&amp;utm_medium=blog\" target=\"_blank\" rel=\"noreferrer noopener\" aria-label=\" (abre numa nova aba)\">Garanta aqui a sua passagem \u00e1erea para Gramado com os melhores pre\u00e7os!<\/a><\/p><\/blockquote>\n\n\n\n<figure class=\"wp-block-image\"><img loading=\"lazy\" decoding=\"async\" width=\"1024\" height=\"678\" src=\"https:\/\/quantocustaviajar.com\/blog\/wp-content\/uploads\/2017\/09\/acquamotion-em-gramado2-1024x678.jpg\" alt=\"\" class=\"wp-image-48268\" srcset=\"https:\/\/quantocustaviajar.com\/blog\/wp-content\/uploads\/2017\/09\/acquamotion-em-gramado2-1024x678.jpg 1024w, https:\/\/quantocustaviajar.com\/blog\/wp-content\/uploads\/2017\/09\/acquamotion-em-gramado2-300x199.jpg 300w, https:\/\/quantocustaviajar.com\/blog\/wp-content\/uploads\/2017\/09\/acquamotion-em-gramado2-768x509.jpg 768w, https:\/\/quantocustaviajar.com\/blog\/wp-content\/uploads\/2017\/09\/acquamotion-em-gramado2.jpg 1468w\" sizes=\"auto, (max-width: 1024px) 100vw, 1024px\" \/><figcaption>Foto: divulga\u00e7\u00e3o<\/figcaption><\/figure>\n","protected":false},"excerpt":{"rendered":"<p>O Rio Grande do Sul acaba de ganhar mais um\u00a0atrativo tur\u00edstico para chamar de seu. Estamos falando do resort e parque de \u00e1guas termais Acquamotion em Gramado, um dos principais destinos de outono\/inverno do Brasil. O empreendimento foi\u00a0planejado pelos mesmos propriet\u00e1rios do Snowland, o primeiro parque de neve indoor do pa\u00eds, que fica na mesma [&hellip;]<\/p>\n","protected":false},"author":4,"featured_media":48267,"comment_status":"open","ping_status":"open","sticky":false,"template":"","format":"standard","meta":{"cybocfi_hide_featured_image":"","footnotes":""},"categories":[1434],"tags":[2224,624,266,235,222,436,273,215,93,274,234,304,211,529,839,299,216,664],"class_list":["post-17782","post","type-post","status-publish","format-standard","has-post-thumbnail","hentry","category-descubra-brasil","tag-2224","tag-aguas-termais","tag-brasil","tag-casal","tag-criancas","tag-familia","tag-frio","tag-gramado","tag-hotel","tag-inverno","tag-lua-de-mel","tag-luxo","tag-o-que-fazer","tag-onde-ir","tag-regiao-sul","tag-resort","tag-rio-grande-do-sul","tag-spa"],"blocksy_meta":[],"yoast_head":"<!-- This site is optimized with the Yoast SEO plugin v26.3 - https:\/\/yoast.com\/wordpress\/plugins\/seo\/ -->\n<title>Conhe\u00e7a o resort e parque de \u00e1guas termais Acquamotion em Gramado - Blog Quanto Custa Viajar<\/title>\n<meta name=\"description\" content=\"Com inaugura\u00e7\u00e3o em 25 de junho, o resort e parque de \u00e1guas termais Acquamotion em Gramado se coloca como o 1\u00ba parque aqu\u00e1tico indoor da Am\u00e9rica Latina.\" \/>\n<meta name=\"robots\" content=\"index, follow, max-snippet:-1, max-image-preview:large, max-video-preview:-1\" \/>\n<link rel=\"canonical\" href=\"https:\/\/quantocustaviajar.com\/blog\/aguas-termais-gramado-acquamotion\/\" \/>\n<meta property=\"og:locale\" content=\"pt_BR\" \/>\n<meta property=\"og:type\" content=\"article\" \/>\n<meta property=\"og:title\" content=\"Conhe\u00e7a o resort e parque de \u00e1guas termais Acquamotion em Gramado - Blog Quanto Custa Viajar\" \/>\n<meta property=\"og:description\" content=\"Com inaugura\u00e7\u00e3o em 25 de junho, o resort e parque de \u00e1guas termais Acquamotion em Gramado se coloca como o 1\u00ba parque aqu\u00e1tico indoor da Am\u00e9rica Latina.\" \/>\n<meta property=\"og:url\" content=\"https:\/\/quantocustaviajar.com\/blog\/aguas-termais-gramado-acquamotion\/\" \/>\n<meta property=\"og:site_name\" content=\"Blog Quanto Custa Viajar\" \/>\n<meta property=\"article:publisher\" content=\"https:\/\/www.facebook.com\/quantocustaviajar\" \/>\n<meta property=\"article:author\" content=\"https:\/\/www.facebook.com\/brunellapfvr\/posts\" \/>\n<meta property=\"article:published_time\" content=\"2021-06-23T12:25:35+00:00\" \/>\n<meta property=\"article:modified_time\" content=\"2021-06-24T18:45:33+00:00\" \/>\n<meta property=\"og:image\" content=\"https:\/\/quantocustaviajar.com\/blog\/wp-content\/uploads\/2017\/09\/acquamotion-em-gramado3.jpg\" \/>\n\t<meta property=\"og:image:width\" content=\"889\" \/>\n\t<meta property=\"og:image:height\" content=\"500\" \/>\n\t<meta property=\"og:image:type\" content=\"image\/jpeg\" \/>\n<meta name=\"author\" content=\"Brunella Nunes\" \/>\n<meta name=\"twitter:card\" content=\"summary_large_image\" \/>\n<meta name=\"twitter:label1\" content=\"Escrito por\" \/>\n\t<meta name=\"twitter:data1\" content=\"Brunella Nunes\" \/>\n\t<meta name=\"twitter:label2\" content=\"Est. tempo de leitura\" \/>\n\t<meta name=\"twitter:data2\" content=\"3 minutos\" \/>\n<!-- \/ Yoast SEO plugin. -->","yoast_head_json":{"title":"Conhe\u00e7a o resort e parque de \u00e1guas termais Acquamotion em Gramado - Blog Quanto Custa Viajar","description":"Com inaugura\u00e7\u00e3o em 25 de junho, o resort e parque de \u00e1guas termais Acquamotion em Gramado se coloca como o 1\u00ba parque aqu\u00e1tico indoor da Am\u00e9rica Latina.","robots":{"index":"index","follow":"follow","max-snippet":"max-snippet:-1","max-image-preview":"max-image-preview:large","max-video-preview":"max-video-preview:-1"},"canonical":"https:\/\/quantocustaviajar.com\/blog\/aguas-termais-gramado-acquamotion\/","og_locale":"pt_BR","og_type":"article","og_title":"Conhe\u00e7a o resort e parque de \u00e1guas termais Acquamotion em Gramado - Blog Quanto Custa Viajar","og_description":"Com inaugura\u00e7\u00e3o em 25 de junho, o resort e parque de \u00e1guas termais Acquamotion em Gramado se coloca como o 1\u00ba parque aqu\u00e1tico indoor da Am\u00e9rica Latina.","og_url":"https:\/\/quantocustaviajar.com\/blog\/aguas-termais-gramado-acquamotion\/","og_site_name":"Blog Quanto Custa Viajar","article_publisher":"https:\/\/www.facebook.com\/quantocustaviajar","article_author":"https:\/\/www.facebook.com\/brunellapfvr\/posts","article_published_time":"2021-06-23T12:25:35+00:00","article_modified_time":"2021-06-24T18:45:33+00:00","og_image":[{"width":889,"height":500,"url":"https:\/\/quantocustaviajar.com\/blog\/wp-content\/uploads\/2017\/09\/acquamotion-em-gramado3.jpg","type":"image\/jpeg"}],"author":"Brunella Nunes","twitter_card":"summary_large_image","twitter_misc":{"Escrito por":"Brunella Nunes","Est. tempo de leitura":"3 minutos"},"schema":{"@context":"https:\/\/schema.org","@graph":[{"@type":["Article","BlogPosting"],"@id":"https:\/\/quantocustaviajar.com\/blog\/aguas-termais-gramado-acquamotion\/#article","isPartOf":{"@id":"https:\/\/quantocustaviajar.com\/blog\/aguas-termais-gramado-acquamotion\/"},"author":{"name":"Brunella Nunes","@id":"https:\/\/quantocustaviajar.com\/blog\/#\/schema\/person\/1a6dd3da9d0c0a4be42652b67bea19bb"},"headline":"Conhe\u00e7a o resort e parque de \u00e1guas termais Acquamotion em Gramado","datePublished":"2021-06-23T12:25:35+00:00","dateModified":"2021-06-24T18:45:33+00:00","mainEntityOfPage":{"@id":"https:\/\/quantocustaviajar.com\/blog\/aguas-termais-gramado-acquamotion\/"},"wordCount":674,"commentCount":4,"publisher":{"@id":"https:\/\/quantocustaviajar.com\/blog\/#organization"},"image":{"@id":"https:\/\/quantocustaviajar.com\/blog\/aguas-termais-gramado-acquamotion\/#primaryimage"},"thumbnailUrl":"https:\/\/quantocustaviajar.com\/blog\/wp-content\/uploads\/2017\/09\/acquamotion-em-gramado3.jpg","keywords":["2020","\u00e1guas termais","Brasil","casal","crian\u00e7as","fam\u00edlia","frio","Gramado","hotel","inverno","lua de mel","luxo","o que fazer","onde ir","regi\u00e3o sul","resort","Rio Grande do Sul","spa"],"articleSection":["Descubra o Brasil"],"inLanguage":"pt-BR","potentialAction":[{"@type":"CommentAction","name":"Comment","target":["https:\/\/quantocustaviajar.com\/blog\/aguas-termais-gramado-acquamotion\/#respond"]}]},{"@type":"WebPage","@id":"https:\/\/quantocustaviajar.com\/blog\/aguas-termais-gramado-acquamotion\/","url":"https:\/\/quantocustaviajar.com\/blog\/aguas-termais-gramado-acquamotion\/","name":"Conhe\u00e7a o resort e parque de \u00e1guas termais Acquamotion em Gramado - Blog Quanto Custa Viajar","isPartOf":{"@id":"https:\/\/quantocustaviajar.com\/blog\/#website"},"primaryImageOfPage":{"@id":"https:\/\/quantocustaviajar.com\/blog\/aguas-termais-gramado-acquamotion\/#primaryimage"},"image":{"@id":"https:\/\/quantocustaviajar.com\/blog\/aguas-termais-gramado-acquamotion\/#primaryimage"},"thumbnailUrl":"https:\/\/quantocustaviajar.com\/blog\/wp-content\/uploads\/2017\/09\/acquamotion-em-gramado3.jpg","datePublished":"2021-06-23T12:25:35+00:00","dateModified":"2021-06-24T18:45:33+00:00","description":"Com inaugura\u00e7\u00e3o em 25 de junho, o resort e parque de \u00e1guas termais Acquamotion em Gramado se coloca como o 1\u00ba parque aqu\u00e1tico indoor da Am\u00e9rica Latina.","breadcrumb":{"@id":"https:\/\/quantocustaviajar.com\/blog\/aguas-termais-gramado-acquamotion\/#breadcrumb"},"inLanguage":"pt-BR","potentialAction":[{"@type":"ReadAction","target":["https:\/\/quantocustaviajar.com\/blog\/aguas-termais-gramado-acquamotion\/"]}]},{"@type":"ImageObject","inLanguage":"pt-BR","@id":"https:\/\/quantocustaviajar.com\/blog\/aguas-termais-gramado-acquamotion\/#primaryimage","url":"https:\/\/quantocustaviajar.com\/blog\/wp-content\/uploads\/2017\/09\/acquamotion-em-gramado3.jpg","contentUrl":"https:\/\/quantocustaviajar.com\/blog\/wp-content\/uploads\/2017\/09\/acquamotion-em-gramado3.jpg","width":889,"height":500,"caption":"Foto: divulga\u00e7\u00e3o"},{"@type":"BreadcrumbList","@id":"https:\/\/quantocustaviajar.com\/blog\/aguas-termais-gramado-acquamotion\/#breadcrumb","itemListElement":[{"@type":"ListItem","position":1,"name":"In\u00edcio","item":"https:\/\/quantocustaviajar.com\/blog\/"},{"@type":"ListItem","position":2,"name":"Conhe\u00e7a o resort e parque de \u00e1guas termais Acquamotion em Gramado"}]},{"@type":"WebSite","@id":"https:\/\/quantocustaviajar.com\/blog\/#website","url":"https:\/\/quantocustaviajar.com\/blog\/","name":"Blog Quanto Custa Viajar","description":"","publisher":{"@id":"https:\/\/quantocustaviajar.com\/blog\/#organization"},"potentialAction":[{"@type":"SearchAction","target":{"@type":"EntryPoint","urlTemplate":"https:\/\/quantocustaviajar.com\/blog\/?s={search_term_string}"},"query-input":{"@type":"PropertyValueSpecification","valueRequired":true,"valueName":"search_term_string"}}],"inLanguage":"pt-BR"},{"@type":"Organization","@id":"https:\/\/quantocustaviajar.com\/blog\/#organization","name":"Quanto Custa Viajar","url":"https:\/\/quantocustaviajar.com\/blog\/","logo":{"@type":"ImageObject","inLanguage":"pt-BR","@id":"https:\/\/quantocustaviajar.com\/blog\/#\/schema\/logo\/image\/","url":"","contentUrl":"","caption":"Quanto Custa Viajar"},"image":{"@id":"https:\/\/quantocustaviajar.com\/blog\/#\/schema\/logo\/image\/"},"sameAs":["https:\/\/www.facebook.com\/quantocustaviajar"]},{"@type":"Person","@id":"https:\/\/quantocustaviajar.com\/blog\/#\/schema\/person\/1a6dd3da9d0c0a4be42652b67bea19bb","name":"Brunella Nunes","image":{"@type":"ImageObject","inLanguage":"pt-BR","@id":"https:\/\/quantocustaviajar.com\/blog\/#\/schema\/person\/image\/","url":"https:\/\/secure.gravatar.com\/avatar\/05b28dfb8a3cc7ee0dba6feefa5677f05be6d7bf4b017728fd38499092f9c282?s=96&d=mm&r=g","contentUrl":"https:\/\/secure.gravatar.com\/avatar\/05b28dfb8a3cc7ee0dba6feefa5677f05be6d7bf4b017728fd38499092f9c282?s=96&d=mm&r=g","caption":"Brunella Nunes"},"description":"Quando n\u00e3o est\u00e1 viajando pelo mundo, est\u00e1 viajando nas ideias.","sameAs":["https:\/\/www.facebook.com\/brunellapfvr\/posts","https:\/\/www.linkedin.com\/in\/brunellanunes\/"],"url":"https:\/\/quantocustaviajar.com\/blog\/author\/equipe\/"}]}},"_links":{"self":[{"href":"https:\/\/quantocustaviajar.com\/blog\/wp-json\/wp\/v2\/posts\/17782","targetHints":{"allow":["GET"]}}],"collection":[{"href":"https:\/\/quantocustaviajar.com\/blog\/wp-json\/wp\/v2\/posts"}],"about":[{"href":"https:\/\/quantocustaviajar.com\/blog\/wp-json\/wp\/v2\/types\/post"}],"author":[{"embeddable":true,"href":"https:\/\/quantocustaviajar.com\/blog\/wp-json\/wp\/v2\/users\/4"}],"replies":[{"embeddable":true,"href":"https:\/\/quantocustaviajar.com\/blog\/wp-json\/wp\/v2\/comments?post=17782"}],"version-history":[{"count":3,"href":"https:\/\/quantocustaviajar.com\/blog\/wp-json\/wp\/v2\/posts\/17782\/revisions"}],"predecessor-version":[{"id":48387,"href":"https:\/\/quantocustaviajar.com\/blog\/wp-json\/wp\/v2\/posts\/17782\/revisions\/48387"}],"wp:featuredmedia":[{"embeddable":true,"href":"https:\/\/quantocustaviajar.com\/blog\/wp-json\/wp\/v2\/media\/48267"}],"wp:attachment":[{"href":"https:\/\/quantocustaviajar.com\/blog\/wp-json\/wp\/v2\/media?parent=17782"}],"wp:term":[{"taxonomy":"category","embeddable":true,"href":"https:\/\/quantocustaviajar.com\/blog\/wp-json\/wp\/v2\/categories?post=17782"},{"taxonomy":"post_tag","embeddable":true,"href":"https:\/\/quantocustaviajar.com\/blog\/wp-json\/wp\/v2\/tags?post=17782"}],"curies":[{"name":"wp","href":"https:\/\/api.w.org\/{rel}","templated":true}]}}