{"id":16409,"date":"2017-06-29T17:08:45","date_gmt":"2017-06-29T17:08:45","guid":{"rendered":"http:\/\/quantocustaviajar.com\/blog\/?p=16409"},"modified":"2022-04-18T18:43:38","modified_gmt":"2022-04-18T18:43:38","slug":"sao-paulo-tem-o-maior-portico-de-caverna","status":"publish","type":"post","link":"https:\/\/quantocustaviajar.com\/blog\/sao-paulo-tem-o-maior-portico-de-caverna\/","title":{"rendered":"S\u00e3o Paulo tem o maior p\u00f3rtico de caverna do mundo dentro de um Parque Nacional"},"content":{"rendered":"<p>Considerada a\u00a0cidade mais populosa da Am\u00e9rica do Sul e o principal p\u00f3lo econ\u00f4mico do Brasil, <strong><a href=\"http:\/\/quantocustaviajar.com\/brasil\/sao-paulo\" target=\"_blank\" rel=\"noopener noreferrer\">S\u00e3o Paulo<\/a> \u00e9 um mundo aparte<\/strong>. Dentro do estado cabe at\u00e9 mesmo<strong> o maior p\u00f3rtico de caverna do mundo\u00a0<\/strong>e a <strong>maior por\u00e7\u00e3o de Mata Atl\u00e2ntica preservada do pa\u00eds<\/strong>, localizado no <strong><a href=\"https:\/\/quantocustaviajar.com\/blog\/petar-parque-estadual-turistico-do-alto-ribeira\/\">PETAR<\/a><\/strong>, como \u00e9 conhecido o <strong>Parque Estadual Tur\u00edstico do Alto Ribeira<\/strong>.<\/p>\n<h2><strong>PETAR<\/strong><\/h2>\n<p>O destino cercado de belezas fica entre as cidades de Apia\u00ed e <a href=\"https:\/\/quantocustaviajar.com\/blog\/guia-de-iporanga\/\">Iporanga<\/a>, a 318 km da capital paulista. <strong>Ao longo de 35 mil hectares se espalham mais de 350 cavernas<\/strong>, dezenas de cachoeiras, trilhas, comunidades tradicionais e quilombolas, s\u00edtios arqueol\u00f3gicos e paleontol\u00f3gicos. H\u00e1 muito o que se contemplar entre os vales e montanhas.<\/p>\n<figure id=\"attachment_25511\" aria-describedby=\"caption-attachment-25511\" style=\"width: 800px\" class=\"wp-caption aligncenter\"><img loading=\"lazy\" decoding=\"async\" class=\"size-full wp-image-25511\" src=\"https:\/\/quantocustaviajar.com\/blog\/wp-content\/uploads\/2018\/07\/petar-2.jpg\" alt=\"\" width=\"800\" height=\"450\" srcset=\"https:\/\/quantocustaviajar.com\/blog\/wp-content\/uploads\/2018\/07\/petar-2.jpg 800w, https:\/\/quantocustaviajar.com\/blog\/wp-content\/uploads\/2018\/07\/petar-2-300x169.jpg 300w, https:\/\/quantocustaviajar.com\/blog\/wp-content\/uploads\/2018\/07\/petar-2-768x432.jpg 768w\" sizes=\"auto, (max-width: 800px) 100vw, 800px\" \/><figcaption id=\"caption-attachment-25511\" class=\"wp-caption-text\">Foto: Equipe QCV<\/figcaption><\/figure>\n<p>N\u00e3o por acaso <strong>o destino se tornou alvo de aventureiros<\/strong>, que aproveitam a estadia para praticar esportes radicais como\u00a0espeleo, rapel, b\u00f3ia-cross no Rio Betari, canyonig, cascading e bike, al\u00e9m de banhos em bel\u00edssimas cachoeiras, como a das Andorinhas e das Arapongas. As cavernas, por\u00e9m, s\u00e3o o principal atrativo e se dividem em v\u00e1rios n\u00edveis de dificuldade para alcan\u00e7\u00e1-las. Tudo vai depender da disposi\u00e7\u00e3o, tempo e experi\u00eancia do (a) visitante.<\/p>\n<figure id=\"attachment_48651\" aria-describedby=\"caption-attachment-48651\" style=\"width: 1000px\" class=\"wp-caption aligncenter\"><img loading=\"lazy\" decoding=\"async\" class=\"size-full wp-image-48651\" src=\"https:\/\/quantocustaviajar.com\/blog\/wp-content\/uploads\/2021\/07\/petar.jpg\" alt=\"\" width=\"1000\" height=\"750\" srcset=\"https:\/\/quantocustaviajar.com\/blog\/wp-content\/uploads\/2021\/07\/petar.jpg 1000w, https:\/\/quantocustaviajar.com\/blog\/wp-content\/uploads\/2021\/07\/petar-300x225.jpg 300w, https:\/\/quantocustaviajar.com\/blog\/wp-content\/uploads\/2021\/07\/petar-768x576.jpg 768w\" sizes=\"auto, (max-width: 1000px) 100vw, 1000px\" \/><figcaption id=\"caption-attachment-48651\" class=\"wp-caption-text\">Imagem: Equipe QCV<\/figcaption><\/figure>\n<p>O parque, com quatro n\u00facleos tur\u00edsticos, <strong>possui apenas 12 cavernas abertas ao p\u00fablico<\/strong>, nas quais sempre devem estar acompanhados de monitor: Cavernas de Santana, \u00c1gua Suja, Morro Preto, Couto, Cafezal, Alambari de Baixo e Ouro Grosso, que \u00e9 a base de apoio local. Cada uma delas tem suas particularidades, com sal\u00f5es gigantes, espeleotemas, estalagmites,\u00a0dunas, cachoeiras, abismos de at\u00e9 240 metros de profundidade, \u2018quebra-corpos\u2019 e escaladas.<\/p>\n<p><a href=\"https:\/\/quantocustaviajar.com\/blog\/petar-parque-estadual-turistico-do-alto-ribeira\/\" target=\"_blank\" rel=\"noopener\"><b>Confira aqui como foi a experi\u00eancia da equipe do Quanto Custa Viajar no PETAR!\u00a0<\/b><\/a><\/p>\n<p>As mais importantes delas \u00e9\u00a0a <strong>Caverna Casa de Pedra<\/strong>, que possui o maior portal de caverna do mundo segundo t\u00edtulo do Guinness Book, e a Caverna de Santana, a segunda maior do Estado de SP, com mais de 8 km de extens\u00e3o, considerada tamb\u00e9m a mais linda do Petar. A primeira n\u00e3o permite a entrada, mas a trilha de tr\u00eas horas de dura\u00e7\u00e3o at\u00e9 sua porta passa por lugares incr\u00edveis.<\/p>\n<figure id=\"attachment_25508\" aria-describedby=\"caption-attachment-25508\" style=\"width: 800px\" class=\"wp-caption aligncenter\"><img loading=\"lazy\" decoding=\"async\" class=\"size-full wp-image-25508\" src=\"https:\/\/quantocustaviajar.com\/blog\/wp-content\/uploads\/2018\/07\/boia-cross-petar.jpg\" alt=\"\" width=\"800\" height=\"600\" srcset=\"https:\/\/quantocustaviajar.com\/blog\/wp-content\/uploads\/2018\/07\/boia-cross-petar.jpg 800w, https:\/\/quantocustaviajar.com\/blog\/wp-content\/uploads\/2018\/07\/boia-cross-petar-300x225.jpg 300w, https:\/\/quantocustaviajar.com\/blog\/wp-content\/uploads\/2018\/07\/boia-cross-petar-768x576.jpg 768w\" sizes=\"auto, (max-width: 800px) 100vw, 800px\" \/><figcaption id=\"caption-attachment-25508\" class=\"wp-caption-text\">Foto: Equipe QCV<\/figcaption><\/figure>\n<p>A 22 km do munic\u00edpio, em Eldorado, vale a pena incluir no passeio a<strong>\u00a0<a href=\"https:\/\/quantocustaviajar.com\/blog\/conheca-a-caverna-do-diabo-sao-paulo\/\" target=\"_blank\" rel=\"noopener\">Caverna do Diabo<\/a>, que \u00e9 a maior em solo paulista<\/strong>. Seus enormes sal\u00f5es apresentam um mundo subterr\u00e2neo aparte, cheio de forma\u00e7\u00f5es curiosas esculpidas nas pedras, lembrando os tra\u00e7os de um elefante, um rinoceronte e o bolo de uma noiva. O rio das Ostras percorre 8 km da cavidade e a evapora\u00e7\u00e3o da \u00e1guas resultou em v\u00e1rias colunas e estalagmites de calc\u00e1rio.<\/p>\n<figure id=\"attachment_41694\" aria-describedby=\"caption-attachment-41694\" style=\"width: 768px\" class=\"wp-caption aligncenter\"><img loading=\"lazy\" decoding=\"async\" class=\"size-full wp-image-41694\" src=\"https:\/\/quantocustaviajar.com\/blog\/wp-content\/uploads\/2020\/02\/petar-qcv.jpg\" alt=\"\" width=\"768\" height=\"576\" \/><figcaption id=\"caption-attachment-41694\" class=\"wp-caption-text\">Foto: Equipe QCV<\/figcaption><\/figure>\n<p><strong>Quanto custa:\u00a0<\/strong>o ingresso \u00e9 cobrado apenas nos N\u00facleos Santana, Caboclos e Ouro Grosso e custa R$19 por pessoa, pago somente em dinheiro. Maiores de 60 anos e menores de 12 anos de idade s\u00e3o isentos. Estudantes com comprovante escolar possuem 50% de desconto. <a href=\"https:\/\/www.ingressosparquespaulistas.com.br\/home\" target=\"_blank\" rel=\"noopener\"><b>Voc\u00ea pode comprar online os ingressos.<\/b><\/a><\/p>\n<p><strong>\u00c9 recomendada a contrata\u00e7\u00e3o de um guia<\/strong> para fazer os passeios com seguran\u00e7a e entender melhor sobre as cavernas. Algumas cavernas s\u00f3 tem acesso permitido com guia. O valor do guia costuma ser de R$150-200 para at\u00e9 4 pessoas, o ideal \u00e9 consultar antes de ir.<\/p>\n<p><a href=\"https:\/\/www.booking.com\/searchresults.pt-br.html?aid=2161834&amp;sid=c09f127db37fbb997afb9cd3d280cfb1&amp;sb=1&amp;sb_lp=1&amp;src=index&amp;src_elem=sb&amp;error_url=https%3A%2F%2Fwww.booking.com%2Findex.pt-br.html%3Faid%3D2161834%3Bsid%3Dc09f127db37fbb997afb9cd3d280cfb1%3Bclick_from_hp_logo%3D1%3Bsb_price_type%3Dtotal%3Bsrpvid%3D54bf63616dd5013e%26%3B&amp;ss=PETAR+-+Parque+Estadual+Tur%C3%ADstico+do+Alto+Ribeira%2C+Iporanga%2C+Estado+de+S%C3%A3o+Paulo%2C+Brasil&amp;is_ski_area=&amp;ssne=Atibaia&amp;ssne_untouched=Atibaia&amp;checkin_year=2022&amp;checkin_month=5&amp;checkin_monthday=20&amp;checkout_year=2022&amp;checkout_month=5&amp;checkout_monthday=22&amp;group_adults=2&amp;group_children=0&amp;no_rooms=1&amp;map=1&amp;b_h4u_keep_filters=&amp;from_sf=1&amp;ss_raw=PETAR&amp;ac_position=0&amp;ac_langcode=xb&amp;ac_click_type=b&amp;dest_id=259222&amp;dest_type=landmark&amp;place_id_lat=-24.551483&amp;place_id_lon=-48.680206&amp;search_pageview_id=347f82629982022a&amp;search_selected=true&amp;search_pageview_id=347f82629982022a&amp;ac_suggestion_list_length=5&amp;ac_suggestion_theme_list_length=0#map_closed\" target=\"_blank\" rel=\"noopener\"><strong>Encontre aqui hospedagem no PETAR<\/strong><\/a><\/p>\n","protected":false},"excerpt":{"rendered":"<p>Considerada a\u00a0cidade mais populosa da Am\u00e9rica do Sul e o principal p\u00f3lo econ\u00f4mico do Brasil, S\u00e3o Paulo \u00e9 um mundo aparte. Dentro do estado cabe at\u00e9 mesmo o maior p\u00f3rtico de caverna do mundo\u00a0e a maior por\u00e7\u00e3o de Mata Atl\u00e2ntica preservada do pa\u00eds, localizado no PETAR, como \u00e9 conhecido o Parque Estadual Tur\u00edstico do Alto [&hellip;]<\/p>\n","protected":false},"author":4,"featured_media":48651,"comment_status":"open","ping_status":"open","sticky":false,"template":"","format":"standard","meta":{"cybocfi_hide_featured_image":"","footnotes":""},"categories":[1437,1434],"tags":[373,393,415,487,687,467,722,436,634,468,278,584,111,843,137,19,303,915,469],"class_list":["post-16409","post","type-post","status-publish","format-standard","has-post-thumbnail","hentry","category-ao-ar-livre","category-descubra-brasil","tag-adrenalina","tag-aventura","tag-belezas-naturais","tag-cachoeiras","tag-caverna","tag-ecoturismo","tag-esporte","tag-familia","tag-feriado","tag-fim-de-semana","tag-ingresso","tag-interior","tag-natureza","tag-paisagens","tag-parques","tag-quanto-custa","tag-sao-paulo","tag-viagem-com-amigos","tag-viagem-curta"],"blocksy_meta":[],"yoast_head":"<!-- This site is optimized with the Yoast SEO plugin v26.3 - https:\/\/yoast.com\/wordpress\/plugins\/seo\/ -->\n<title>PETAR - o maior p\u00f3rtico de caverna do mundo \u00e9 em S\u00e3o Paulo!<\/title>\n<meta name=\"description\" content=\"Dentro de SP cabe at\u00e9 mesmo o maior p\u00f3rtico de caverna do mundo e a maior por\u00e7\u00e3o de Mata Atl\u00e2ntica preservada do pa\u00eds, localizado no PETAR.\" \/>\n<meta name=\"robots\" content=\"index, follow, max-snippet:-1, max-image-preview:large, max-video-preview:-1\" \/>\n<link rel=\"canonical\" href=\"https:\/\/quantocustaviajar.com\/blog\/sao-paulo-tem-o-maior-portico-de-caverna\/\" \/>\n<meta property=\"og:locale\" content=\"pt_BR\" \/>\n<meta property=\"og:type\" content=\"article\" \/>\n<meta property=\"og:title\" content=\"PETAR - o maior p\u00f3rtico de caverna do mundo \u00e9 em S\u00e3o Paulo!\" \/>\n<meta property=\"og:description\" content=\"Dentro de SP cabe at\u00e9 mesmo o maior p\u00f3rtico de caverna do mundo e a maior por\u00e7\u00e3o de Mata Atl\u00e2ntica preservada do pa\u00eds, localizado no PETAR.\" \/>\n<meta property=\"og:url\" content=\"https:\/\/quantocustaviajar.com\/blog\/sao-paulo-tem-o-maior-portico-de-caverna\/\" \/>\n<meta property=\"og:site_name\" content=\"Blog Quanto Custa Viajar\" \/>\n<meta property=\"article:publisher\" content=\"https:\/\/www.facebook.com\/quantocustaviajar\" \/>\n<meta property=\"article:author\" content=\"https:\/\/www.facebook.com\/brunellapfvr\/posts\" \/>\n<meta property=\"article:published_time\" content=\"2017-06-29T17:08:45+00:00\" \/>\n<meta property=\"article:modified_time\" content=\"2022-04-18T18:43:38+00:00\" \/>\n<meta property=\"og:image\" content=\"https:\/\/quantocustaviajar.com\/blog\/wp-content\/uploads\/2021\/07\/petar.jpg\" \/>\n\t<meta property=\"og:image:width\" content=\"1000\" \/>\n\t<meta property=\"og:image:height\" content=\"750\" \/>\n\t<meta property=\"og:image:type\" content=\"image\/jpeg\" \/>\n<meta name=\"author\" content=\"Brunella Nunes\" \/>\n<meta name=\"twitter:card\" content=\"summary_large_image\" \/>\n<meta name=\"twitter:label1\" content=\"Escrito por\" \/>\n\t<meta name=\"twitter:data1\" content=\"Brunella Nunes\" \/>\n\t<meta name=\"twitter:label2\" content=\"Est. tempo de leitura\" \/>\n\t<meta name=\"twitter:data2\" content=\"4 minutos\" \/>\n<!-- \/ Yoast SEO plugin. -->","yoast_head_json":{"title":"PETAR - o maior p\u00f3rtico de caverna do mundo \u00e9 em S\u00e3o Paulo!","description":"Dentro de SP cabe at\u00e9 mesmo o maior p\u00f3rtico de caverna do mundo e a maior por\u00e7\u00e3o de Mata Atl\u00e2ntica preservada do pa\u00eds, localizado no PETAR.","robots":{"index":"index","follow":"follow","max-snippet":"max-snippet:-1","max-image-preview":"max-image-preview:large","max-video-preview":"max-video-preview:-1"},"canonical":"https:\/\/quantocustaviajar.com\/blog\/sao-paulo-tem-o-maior-portico-de-caverna\/","og_locale":"pt_BR","og_type":"article","og_title":"PETAR - o maior p\u00f3rtico de caverna do mundo \u00e9 em S\u00e3o Paulo!","og_description":"Dentro de SP cabe at\u00e9 mesmo o maior p\u00f3rtico de caverna do mundo e a maior por\u00e7\u00e3o de Mata Atl\u00e2ntica preservada do pa\u00eds, localizado no PETAR.","og_url":"https:\/\/quantocustaviajar.com\/blog\/sao-paulo-tem-o-maior-portico-de-caverna\/","og_site_name":"Blog Quanto Custa Viajar","article_publisher":"https:\/\/www.facebook.com\/quantocustaviajar","article_author":"https:\/\/www.facebook.com\/brunellapfvr\/posts","article_published_time":"2017-06-29T17:08:45+00:00","article_modified_time":"2022-04-18T18:43:38+00:00","og_image":[{"width":1000,"height":750,"url":"https:\/\/quantocustaviajar.com\/blog\/wp-content\/uploads\/2021\/07\/petar.jpg","type":"image\/jpeg"}],"author":"Brunella Nunes","twitter_card":"summary_large_image","twitter_misc":{"Escrito por":"Brunella Nunes","Est. tempo de leitura":"4 minutos"},"schema":{"@context":"https:\/\/schema.org","@graph":[{"@type":["Article","BlogPosting"],"@id":"https:\/\/quantocustaviajar.com\/blog\/sao-paulo-tem-o-maior-portico-de-caverna\/#article","isPartOf":{"@id":"https:\/\/quantocustaviajar.com\/blog\/sao-paulo-tem-o-maior-portico-de-caverna\/"},"author":{"name":"Brunella Nunes","@id":"https:\/\/quantocustaviajar.com\/blog\/#\/schema\/person\/1a6dd3da9d0c0a4be42652b67bea19bb"},"headline":"S\u00e3o Paulo tem o maior p\u00f3rtico de caverna do mundo dentro de um Parque Nacional","datePublished":"2017-06-29T17:08:45+00:00","dateModified":"2022-04-18T18:43:38+00:00","mainEntityOfPage":{"@id":"https:\/\/quantocustaviajar.com\/blog\/sao-paulo-tem-o-maior-portico-de-caverna\/"},"wordCount":595,"commentCount":4,"publisher":{"@id":"https:\/\/quantocustaviajar.com\/blog\/#organization"},"image":{"@id":"https:\/\/quantocustaviajar.com\/blog\/sao-paulo-tem-o-maior-portico-de-caverna\/#primaryimage"},"thumbnailUrl":"https:\/\/quantocustaviajar.com\/blog\/wp-content\/uploads\/2021\/07\/petar.jpg","keywords":["adrenalina","aventura","belezas naturais","cachoeiras","caverna","ecoturismo","esporte","fam\u00edlia","feriado","fim de semana","ingresso","interior","natureza","paisagens","parques","quanto custa","S\u00e3o Paulo","viagem com amigos","viagem curta"],"articleSection":["Ao Ar Livre","Descubra o Brasil"],"inLanguage":"pt-BR","potentialAction":[{"@type":"CommentAction","name":"Comment","target":["https:\/\/quantocustaviajar.com\/blog\/sao-paulo-tem-o-maior-portico-de-caverna\/#respond"]}]},{"@type":"WebPage","@id":"https:\/\/quantocustaviajar.com\/blog\/sao-paulo-tem-o-maior-portico-de-caverna\/","url":"https:\/\/quantocustaviajar.com\/blog\/sao-paulo-tem-o-maior-portico-de-caverna\/","name":"PETAR - o maior p\u00f3rtico de caverna do mundo \u00e9 em S\u00e3o Paulo!","isPartOf":{"@id":"https:\/\/quantocustaviajar.com\/blog\/#website"},"primaryImageOfPage":{"@id":"https:\/\/quantocustaviajar.com\/blog\/sao-paulo-tem-o-maior-portico-de-caverna\/#primaryimage"},"image":{"@id":"https:\/\/quantocustaviajar.com\/blog\/sao-paulo-tem-o-maior-portico-de-caverna\/#primaryimage"},"thumbnailUrl":"https:\/\/quantocustaviajar.com\/blog\/wp-content\/uploads\/2021\/07\/petar.jpg","datePublished":"2017-06-29T17:08:45+00:00","dateModified":"2022-04-18T18:43:38+00:00","description":"Dentro de SP cabe at\u00e9 mesmo o maior p\u00f3rtico de caverna do mundo e a maior por\u00e7\u00e3o de Mata Atl\u00e2ntica preservada do pa\u00eds, localizado no PETAR.","breadcrumb":{"@id":"https:\/\/quantocustaviajar.com\/blog\/sao-paulo-tem-o-maior-portico-de-caverna\/#breadcrumb"},"inLanguage":"pt-BR","potentialAction":[{"@type":"ReadAction","target":["https:\/\/quantocustaviajar.com\/blog\/sao-paulo-tem-o-maior-portico-de-caverna\/"]}]},{"@type":"ImageObject","inLanguage":"pt-BR","@id":"https:\/\/quantocustaviajar.com\/blog\/sao-paulo-tem-o-maior-portico-de-caverna\/#primaryimage","url":"https:\/\/quantocustaviajar.com\/blog\/wp-content\/uploads\/2021\/07\/petar.jpg","contentUrl":"https:\/\/quantocustaviajar.com\/blog\/wp-content\/uploads\/2021\/07\/petar.jpg","width":1000,"height":750,"caption":"Imagem: Equipe QCV"},{"@type":"BreadcrumbList","@id":"https:\/\/quantocustaviajar.com\/blog\/sao-paulo-tem-o-maior-portico-de-caverna\/#breadcrumb","itemListElement":[{"@type":"ListItem","position":1,"name":"In\u00edcio","item":"https:\/\/quantocustaviajar.com\/blog\/"},{"@type":"ListItem","position":2,"name":"S\u00e3o Paulo tem o maior p\u00f3rtico de caverna do mundo dentro de um Parque Nacional"}]},{"@type":"WebSite","@id":"https:\/\/quantocustaviajar.com\/blog\/#website","url":"https:\/\/quantocustaviajar.com\/blog\/","name":"Blog Quanto Custa Viajar","description":"","publisher":{"@id":"https:\/\/quantocustaviajar.com\/blog\/#organization"},"potentialAction":[{"@type":"SearchAction","target":{"@type":"EntryPoint","urlTemplate":"https:\/\/quantocustaviajar.com\/blog\/?s={search_term_string}"},"query-input":{"@type":"PropertyValueSpecification","valueRequired":true,"valueName":"search_term_string"}}],"inLanguage":"pt-BR"},{"@type":"Organization","@id":"https:\/\/quantocustaviajar.com\/blog\/#organization","name":"Quanto Custa Viajar","url":"https:\/\/quantocustaviajar.com\/blog\/","logo":{"@type":"ImageObject","inLanguage":"pt-BR","@id":"https:\/\/quantocustaviajar.com\/blog\/#\/schema\/logo\/image\/","url":"","contentUrl":"","caption":"Quanto Custa Viajar"},"image":{"@id":"https:\/\/quantocustaviajar.com\/blog\/#\/schema\/logo\/image\/"},"sameAs":["https:\/\/www.facebook.com\/quantocustaviajar"]},{"@type":"Person","@id":"https:\/\/quantocustaviajar.com\/blog\/#\/schema\/person\/1a6dd3da9d0c0a4be42652b67bea19bb","name":"Brunella Nunes","image":{"@type":"ImageObject","inLanguage":"pt-BR","@id":"https:\/\/quantocustaviajar.com\/blog\/#\/schema\/person\/image\/","url":"https:\/\/secure.gravatar.com\/avatar\/05b28dfb8a3cc7ee0dba6feefa5677f05be6d7bf4b017728fd38499092f9c282?s=96&d=mm&r=g","contentUrl":"https:\/\/secure.gravatar.com\/avatar\/05b28dfb8a3cc7ee0dba6feefa5677f05be6d7bf4b017728fd38499092f9c282?s=96&d=mm&r=g","caption":"Brunella Nunes"},"description":"Quando n\u00e3o est\u00e1 viajando pelo mundo, est\u00e1 viajando nas ideias.","sameAs":["https:\/\/www.facebook.com\/brunellapfvr\/posts","https:\/\/www.linkedin.com\/in\/brunellanunes\/"],"url":"https:\/\/quantocustaviajar.com\/blog\/author\/equipe\/"}]}},"_links":{"self":[{"href":"https:\/\/quantocustaviajar.com\/blog\/wp-json\/wp\/v2\/posts\/16409","targetHints":{"allow":["GET"]}}],"collection":[{"href":"https:\/\/quantocustaviajar.com\/blog\/wp-json\/wp\/v2\/posts"}],"about":[{"href":"https:\/\/quantocustaviajar.com\/blog\/wp-json\/wp\/v2\/types\/post"}],"author":[{"embeddable":true,"href":"https:\/\/quantocustaviajar.com\/blog\/wp-json\/wp\/v2\/users\/4"}],"replies":[{"embeddable":true,"href":"https:\/\/quantocustaviajar.com\/blog\/wp-json\/wp\/v2\/comments?post=16409"}],"version-history":[{"count":4,"href":"https:\/\/quantocustaviajar.com\/blog\/wp-json\/wp\/v2\/posts\/16409\/revisions"}],"predecessor-version":[{"id":53144,"href":"https:\/\/quantocustaviajar.com\/blog\/wp-json\/wp\/v2\/posts\/16409\/revisions\/53144"}],"wp:featuredmedia":[{"embeddable":true,"href":"https:\/\/quantocustaviajar.com\/blog\/wp-json\/wp\/v2\/media\/48651"}],"wp:attachment":[{"href":"https:\/\/quantocustaviajar.com\/blog\/wp-json\/wp\/v2\/media?parent=16409"}],"wp:term":[{"taxonomy":"category","embeddable":true,"href":"https:\/\/quantocustaviajar.com\/blog\/wp-json\/wp\/v2\/categories?post=16409"},{"taxonomy":"post_tag","embeddable":true,"href":"https:\/\/quantocustaviajar.com\/blog\/wp-json\/wp\/v2\/tags?post=16409"}],"curies":[{"name":"wp","href":"https:\/\/api.w.org\/{rel}","templated":true}]}}