{"id":16229,"date":"2017-06-23T18:41:55","date_gmt":"2017-06-23T18:41:55","guid":{"rendered":"http:\/\/quantocustaviajar.com\/blog\/?p=16229"},"modified":"2022-02-15T18:36:31","modified_gmt":"2022-02-15T18:36:31","slug":"ilha-do-cardoso-sao-paulo","status":"publish","type":"post","link":"https:\/\/quantocustaviajar.com\/blog\/ilha-do-cardoso-sao-paulo\/","title":{"rendered":"Sem energia el\u00e9trica, Ilha do Cardoso tem praias desertas e muito sossego em S\u00e3o Paulo"},"content":{"rendered":"<p>Quer se desligar de tudo? Ent\u00e3o v\u00e1 para a <strong>Ilha do Cardoso<\/strong>, que tem <strong>praias desertas<\/strong> e <strong>muito sossego<\/strong> em plena <a href=\"http:\/\/quantocustaviajar.com\/brasil\/sao-paulo\" target=\"_blank\" rel=\"noopener noreferrer\"><strong>S\u00e3o Paulo<\/strong><\/a>. A 308 km da capital, j\u00e1 quase na divisa com o Paran\u00e1, a <strong>regi\u00e3o sem energia el\u00e9trica<\/strong> \u00e9 parte do munic\u00edpio de Cananeia e tem a <strong>Mata Atl\u00e2ntica ocupando 90% de seu territ\u00f3rio<\/strong>, dividindo espa\u00e7o com pescadores, pesquisadores e \u00edndios guaranis.<\/p>\n<p>Neste \u00e9den esquecido n\u00e3o entram carros, apenas barcos (escuna ou voadeira), que levam os turistas e moradores at\u00e9 o parque estadual de 130 km\u00b2. <strong>O trajeto j\u00e1 come\u00e7a com botos aparecendo para dar aquele \u2018oizinho\u2019<\/strong> e, com sorte, golfinhos tamb\u00e9m d\u00e3o o ar da gra\u00e7a, deixando o visual rodeado por vegeta\u00e7\u00e3o e picos de quase mil metros de altura ainda mais surreal. Para quem est\u00e1 em S\u00e3o Paulo, fica realmente dif\u00edcil de acreditar!<\/p>\n<figure id=\"attachment_52368\" aria-describedby=\"caption-attachment-52368\" style=\"width: 1024px\" class=\"wp-caption aligncenter\"><img loading=\"lazy\" decoding=\"async\" class=\"size-full wp-image-52368\" src=\"https:\/\/quantocustaviajar.com\/blog\/wp-content\/uploads\/2017\/06\/Montanhas_na_Ilha_do_Cardoso.jpg\" alt=\"\" width=\"1024\" height=\"683\" srcset=\"https:\/\/quantocustaviajar.com\/blog\/wp-content\/uploads\/2017\/06\/Montanhas_na_Ilha_do_Cardoso.jpg 1024w, https:\/\/quantocustaviajar.com\/blog\/wp-content\/uploads\/2017\/06\/Montanhas_na_Ilha_do_Cardoso-300x200.jpg 300w, https:\/\/quantocustaviajar.com\/blog\/wp-content\/uploads\/2017\/06\/Montanhas_na_Ilha_do_Cardoso-768x512.jpg 768w\" sizes=\"auto, (max-width: 1024px) 100vw, 1024px\" \/><figcaption id=\"caption-attachment-52368\" class=\"wp-caption-text\">Foto: Wikimedia<\/figcaption><\/figure>\n<p>Se n\u00e3o der para v\u00ea-los no dia, h\u00e1 passeios em busca destes mam\u00edferos encantadores pelas \u00e1guas de Itacuru\u00e7\u00e1, por R$ 100 (com m\u00ednimo de cinco pessoas inclusas). Os barqueiros saem do p\u00eder da<a href=\"http:\/\/redecaicaradeturismo.com.br\/?Maruja\" target=\"_blank\" rel=\"noopener noreferrer\"><strong> Vila de Maruj\u00e1<\/strong><\/a>, uma comunidade de 51 fam\u00edlias, onde h\u00e1 mais infraestrutura e atividades que fortalecem o <a href=\"http:\/\/quantocustaviajar.com\/blog\/5-maneiras-de-praticar-o-turismo-comunitario-e-viver-novas-experiencias\/\" target=\"_blank\" rel=\"noopener noreferrer\">turismo comunit\u00e1rio<\/a>.<\/p>\n<p>Chegando no<strong> N\u00facleo Perequ\u00ea<\/strong>, o p\u00fablico \u00e9 recebido por guias, que explicam e ressaltam a biodiversidade regional. De l\u00e1, seguem rumo \u00e0 passarela de madeira que leva ao mangue, uma das principais atra\u00e7\u00f5es locais. Depois de um quil\u00f4metro de caminhada, os p\u00e9s enfim repousam nas areias da praia do Pereirinha, com<strong> limite de at\u00e9 mil visitantes<\/strong> circulando no local.<\/p>\n<figure id=\"attachment_52370\" aria-describedby=\"caption-attachment-52370\" style=\"width: 800px\" class=\"wp-caption aligncenter\"><img loading=\"lazy\" decoding=\"async\" class=\"size-full wp-image-52370\" src=\"https:\/\/quantocustaviajar.com\/blog\/wp-content\/uploads\/2017\/06\/Parque_Estadual_da_Ilha_do_cardoso.jpg\" alt=\"\" width=\"800\" height=\"600\" srcset=\"https:\/\/quantocustaviajar.com\/blog\/wp-content\/uploads\/2017\/06\/Parque_Estadual_da_Ilha_do_cardoso.jpg 800w, https:\/\/quantocustaviajar.com\/blog\/wp-content\/uploads\/2017\/06\/Parque_Estadual_da_Ilha_do_cardoso-300x225.jpg 300w, https:\/\/quantocustaviajar.com\/blog\/wp-content\/uploads\/2017\/06\/Parque_Estadual_da_Ilha_do_cardoso-768x576.jpg 768w\" sizes=\"auto, (max-width: 800px) 100vw, 800px\" \/><figcaption id=\"caption-attachment-52370\" class=\"wp-caption-text\">Foto: Wikimedia<\/figcaption><\/figure>\n<p><strong>Tudo na ilha \u00e9 comandado por fam\u00edlias<\/strong>, como \u00e9 o caso dos restaurantes e pousadas, que s\u00e3o casas antigas adaptadas e devem ser reservadas com anteced\u00eancia. A <a href=\"https:\/\/www.facebook.com\/pg\/pousadadateca\/about\/?ref=page_internal\" target=\"_blank\" rel=\"noopener noreferrer\"><strong>pousada da Teca<\/strong><\/a>, na Enseada da Baleia, oferece hospedagem, traslados, refei\u00e7\u00f5es e passeios. Na Vila do Maruj\u00e1, uma das op\u00e7\u00f5es \u00e9 a\u00a0<a href=\"https:\/\/www.facebook.com\/pg\/MarujaIlhadocardoso\/about\/?ref=page_internal\" target=\"_blank\" rel=\"noopener noreferrer\"><strong>pousada Beira Mar<\/strong><\/a>, que tamb\u00e9m realiza traslados, e a <a href=\"http:\/\/recantodomaruja.blogspot.com.br\/\" target=\"_blank\" rel=\"noopener noreferrer\"><strong>Recanto do Maruj\u00e1<\/strong><\/a>, que disp\u00f5e de <a href=\"http:\/\/quantocustaviajar.com\/blog\/all-inclusive-meia-pensao-ou-pensao-completa-saiba-as-diferencas\/\" target=\"_blank\" rel=\"noopener noreferrer\"><em>all inclusive<\/em><\/a> e camping. As di\u00e1rias na regi\u00e3o ficam entre R$ 50 e R$ 200, dependendo da temporada. H\u00e1 ainda quem fique em hot\u00e9is de Cananeia, aproveitando para conhecer o belo centro hist\u00f3rico.<\/p>\n<p>A simplicidade \u00e9 uma constante, ent\u00e3o n\u00e3o espere nenhum tipo de luxo que seja maior do que o contato com a natureza. <strong>A falta de energia el\u00e9trica \u00e9 compensada com o o c\u00e9u estrelado durante a noite<\/strong>, gerador de luz, \u00e1gua encanada e chuveiros com aquecimento a g\u00e1s nas propriedades. E isso basta para aproveitar os dias de pura conex\u00e3o com a tranquilidade, <strong>longe do Wi-Fi e do sinal de celular<\/strong>.<\/p>\n<p>N\u00e3o deixe de conhecer as <strong>piscinas naturais<\/strong> nas praias da Laje, Ipanema, Fole Grande e Fole Pequeno, al\u00e9m das <strong>cachoeiras<\/strong> Grande, Cambri\u00fa, Serra e Ipanema. Alugar uma <strong>bicicleta<\/strong> (R$ 30 por dia ou R$ 4 a hora) parece essencial para encurtar as dist\u00e2ncias e aproveitar ao m\u00e1ximo o tempo, que por ali nem corre t\u00e3o r\u00e1pido.<\/p>\n<figure id=\"attachment_52371\" aria-describedby=\"caption-attachment-52371\" style=\"width: 800px\" class=\"wp-caption aligncenter\"><img loading=\"lazy\" decoding=\"async\" class=\"size-full wp-image-52371\" src=\"https:\/\/quantocustaviajar.com\/blog\/wp-content\/uploads\/2017\/06\/800px-Ilha_do_cardoso.jpg\" alt=\"\" width=\"800\" height=\"532\" srcset=\"https:\/\/quantocustaviajar.com\/blog\/wp-content\/uploads\/2017\/06\/800px-Ilha_do_cardoso.jpg 800w, https:\/\/quantocustaviajar.com\/blog\/wp-content\/uploads\/2017\/06\/800px-Ilha_do_cardoso-300x200.jpg 300w, https:\/\/quantocustaviajar.com\/blog\/wp-content\/uploads\/2017\/06\/800px-Ilha_do_cardoso-768x511.jpg 768w\" sizes=\"auto, (max-width: 800px) 100vw, 800px\" \/><figcaption id=\"caption-attachment-52371\" class=\"wp-caption-text\">Foto: Wikimedia<\/figcaption><\/figure>\n<p>Para informa\u00e7\u00f5es adicionais, entre em contato com as\u00a0comunidades:<\/p>\n<p><strong>Enseada da Baleia<\/strong>: (13) 3852-1163<\/p>\n<p><strong>Pontal de Leste:<\/strong> (13) 3852-1164<\/p>\n<p><strong>Maruj\u00e1:<\/strong> (13) 3852-1161 \u2013 <a href=\"http:\/\/www.maruja.org.br\/\" target=\"_blank\" rel=\"noopener noreferrer\">www.maruja.org.br<\/a><\/p>\n<p style=\"text-align: center;\"><a href=\"http:\/\/quantocustaviajar.com\/blog\/turismo-consciente-urgente\/\" target=\"_blank\" rel=\"noopener noreferrer\"><strong>N\u00e3o se esque\u00e7a de sempre praticar o\u00a0turismo consciente!<\/strong><\/a><\/p>\n<p style=\"text-align: center;\"><a href=\"http:\/\/quantocustaviajar.com\/blog\/melhores-praias-de-sao-paulo\/\" target=\"_blank\" rel=\"noopener noreferrer\"><strong>Confira quais s\u00e3o as melhores praias do litoral paulista<\/strong><\/a><\/p>\n","protected":false},"excerpt":{"rendered":"<p>Quer se desligar de tudo? Ent\u00e3o v\u00e1 para a Ilha do Cardoso, que tem praias desertas e muito sossego em plena S\u00e3o Paulo. A 308 km da capital, j\u00e1 quase na divisa com o Paran\u00e1, a regi\u00e3o sem energia el\u00e9trica \u00e9 parte do munic\u00edpio de Cananeia e tem a Mata Atl\u00e2ntica ocupando 90% de seu [&hellip;]<\/p>\n","protected":false},"author":4,"featured_media":52368,"comment_status":"open","ping_status":"open","sticky":false,"template":"","format":"standard","meta":{"cybocfi_hide_featured_image":"","footnotes":""},"categories":[1437,1434],"tags":[178,76,183,298,77,467,195,74,206,111,211,529,321,808,181,196,830,124,303,1037],"class_list":["post-16229","post","type-post","status-publish","format-standard","has-post-thumbnail","hentry","category-ao-ar-livre","category-descubra-brasil","tag-como-chegar","tag-curiosidade","tag-destinos","tag-diaria","tag-dicas","tag-ecoturismo","tag-guia","tag-hospedagem","tag-ilhas","tag-natureza","tag-o-que-fazer","tag-onde-ir","tag-passeios","tag-pousada","tag-praias","tag-precos","tag-reserva-florestal","tag-roteiro","tag-sao-paulo","tag-turismo-comunitario"],"blocksy_meta":[],"yoast_head":"<!-- This site is optimized with the Yoast SEO plugin v26.3 - https:\/\/yoast.com\/wordpress\/plugins\/seo\/ -->\n<title>Sem energia el\u00e9trica, Ilha do Cardoso tem praias desertas em S\u00e3o Paulo<\/title>\n<meta name=\"description\" content=\"Quer se desligar de tudo? Ent\u00e3o v\u00e1 para a Ilha do Cardoso, que tem praias desertas e muito sossego em plena S\u00e3o Paulo, a 308 km da capital.\" \/>\n<meta name=\"robots\" content=\"index, follow, max-snippet:-1, max-image-preview:large, max-video-preview:-1\" \/>\n<link rel=\"canonical\" href=\"https:\/\/quantocustaviajar.com\/blog\/ilha-do-cardoso-sao-paulo\/\" \/>\n<meta property=\"og:locale\" content=\"pt_BR\" \/>\n<meta property=\"og:type\" content=\"article\" \/>\n<meta property=\"og:title\" content=\"Sem energia el\u00e9trica, Ilha do Cardoso tem praias desertas em S\u00e3o Paulo\" \/>\n<meta property=\"og:description\" content=\"Quer se desligar de tudo? Ent\u00e3o v\u00e1 para a Ilha do Cardoso, que tem praias desertas e muito sossego em plena S\u00e3o Paulo, a 308 km da capital.\" \/>\n<meta property=\"og:url\" content=\"https:\/\/quantocustaviajar.com\/blog\/ilha-do-cardoso-sao-paulo\/\" \/>\n<meta property=\"og:site_name\" content=\"Blog Quanto Custa Viajar\" \/>\n<meta property=\"article:publisher\" content=\"https:\/\/www.facebook.com\/quantocustaviajar\" \/>\n<meta property=\"article:author\" content=\"https:\/\/www.facebook.com\/brunellapfvr\/posts\" \/>\n<meta property=\"article:published_time\" content=\"2017-06-23T18:41:55+00:00\" \/>\n<meta property=\"article:modified_time\" content=\"2022-02-15T18:36:31+00:00\" \/>\n<meta property=\"og:image\" content=\"https:\/\/quantocustaviajar.com\/blog\/wp-content\/uploads\/2017\/06\/Montanhas_na_Ilha_do_Cardoso.jpg\" \/>\n\t<meta property=\"og:image:width\" content=\"1024\" \/>\n\t<meta property=\"og:image:height\" content=\"683\" \/>\n\t<meta property=\"og:image:type\" content=\"image\/jpeg\" \/>\n<meta name=\"author\" content=\"Brunella Nunes\" \/>\n<meta name=\"twitter:card\" content=\"summary_large_image\" \/>\n<meta name=\"twitter:label1\" content=\"Escrito por\" \/>\n\t<meta name=\"twitter:data1\" content=\"Brunella Nunes\" \/>\n\t<meta name=\"twitter:label2\" content=\"Est. tempo de leitura\" \/>\n\t<meta name=\"twitter:data2\" content=\"4 minutos\" \/>\n<!-- \/ Yoast SEO plugin. -->","yoast_head_json":{"title":"Sem energia el\u00e9trica, Ilha do Cardoso tem praias desertas em S\u00e3o Paulo","description":"Quer se desligar de tudo? Ent\u00e3o v\u00e1 para a Ilha do Cardoso, que tem praias desertas e muito sossego em plena S\u00e3o Paulo, a 308 km da capital.","robots":{"index":"index","follow":"follow","max-snippet":"max-snippet:-1","max-image-preview":"max-image-preview:large","max-video-preview":"max-video-preview:-1"},"canonical":"https:\/\/quantocustaviajar.com\/blog\/ilha-do-cardoso-sao-paulo\/","og_locale":"pt_BR","og_type":"article","og_title":"Sem energia el\u00e9trica, Ilha do Cardoso tem praias desertas em S\u00e3o Paulo","og_description":"Quer se desligar de tudo? Ent\u00e3o v\u00e1 para a Ilha do Cardoso, que tem praias desertas e muito sossego em plena S\u00e3o Paulo, a 308 km da capital.","og_url":"https:\/\/quantocustaviajar.com\/blog\/ilha-do-cardoso-sao-paulo\/","og_site_name":"Blog Quanto Custa Viajar","article_publisher":"https:\/\/www.facebook.com\/quantocustaviajar","article_author":"https:\/\/www.facebook.com\/brunellapfvr\/posts","article_published_time":"2017-06-23T18:41:55+00:00","article_modified_time":"2022-02-15T18:36:31+00:00","og_image":[{"width":1024,"height":683,"url":"https:\/\/quantocustaviajar.com\/blog\/wp-content\/uploads\/2017\/06\/Montanhas_na_Ilha_do_Cardoso.jpg","type":"image\/jpeg"}],"author":"Brunella Nunes","twitter_card":"summary_large_image","twitter_misc":{"Escrito por":"Brunella Nunes","Est. tempo de leitura":"4 minutos"},"schema":{"@context":"https:\/\/schema.org","@graph":[{"@type":["Article","BlogPosting"],"@id":"https:\/\/quantocustaviajar.com\/blog\/ilha-do-cardoso-sao-paulo\/#article","isPartOf":{"@id":"https:\/\/quantocustaviajar.com\/blog\/ilha-do-cardoso-sao-paulo\/"},"author":{"name":"Brunella Nunes","@id":"https:\/\/quantocustaviajar.com\/blog\/#\/schema\/person\/1a6dd3da9d0c0a4be42652b67bea19bb"},"headline":"Sem energia el\u00e9trica, Ilha do Cardoso tem praias desertas e muito sossego em S\u00e3o Paulo","datePublished":"2017-06-23T18:41:55+00:00","dateModified":"2022-02-15T18:36:31+00:00","mainEntityOfPage":{"@id":"https:\/\/quantocustaviajar.com\/blog\/ilha-do-cardoso-sao-paulo\/"},"wordCount":595,"commentCount":9,"publisher":{"@id":"https:\/\/quantocustaviajar.com\/blog\/#organization"},"image":{"@id":"https:\/\/quantocustaviajar.com\/blog\/ilha-do-cardoso-sao-paulo\/#primaryimage"},"thumbnailUrl":"https:\/\/quantocustaviajar.com\/blog\/wp-content\/uploads\/2017\/06\/Montanhas_na_Ilha_do_Cardoso.jpg","keywords":["como chegar","curiosidade","destinos","di\u00e1ria","dicas","ecoturismo","guia","hospedagem","ilhas","natureza","o que fazer","onde ir","passeios","pousada","praias","pre\u00e7os","reserva florestal","roteiro","S\u00e3o Paulo","turismo comunit\u00e1rio"],"articleSection":["Ao Ar Livre","Descubra o Brasil"],"inLanguage":"pt-BR","potentialAction":[{"@type":"CommentAction","name":"Comment","target":["https:\/\/quantocustaviajar.com\/blog\/ilha-do-cardoso-sao-paulo\/#respond"]}]},{"@type":"WebPage","@id":"https:\/\/quantocustaviajar.com\/blog\/ilha-do-cardoso-sao-paulo\/","url":"https:\/\/quantocustaviajar.com\/blog\/ilha-do-cardoso-sao-paulo\/","name":"Sem energia el\u00e9trica, Ilha do Cardoso tem praias desertas em S\u00e3o Paulo","isPartOf":{"@id":"https:\/\/quantocustaviajar.com\/blog\/#website"},"primaryImageOfPage":{"@id":"https:\/\/quantocustaviajar.com\/blog\/ilha-do-cardoso-sao-paulo\/#primaryimage"},"image":{"@id":"https:\/\/quantocustaviajar.com\/blog\/ilha-do-cardoso-sao-paulo\/#primaryimage"},"thumbnailUrl":"https:\/\/quantocustaviajar.com\/blog\/wp-content\/uploads\/2017\/06\/Montanhas_na_Ilha_do_Cardoso.jpg","datePublished":"2017-06-23T18:41:55+00:00","dateModified":"2022-02-15T18:36:31+00:00","description":"Quer se desligar de tudo? Ent\u00e3o v\u00e1 para a Ilha do Cardoso, que tem praias desertas e muito sossego em plena S\u00e3o Paulo, a 308 km da capital.","breadcrumb":{"@id":"https:\/\/quantocustaviajar.com\/blog\/ilha-do-cardoso-sao-paulo\/#breadcrumb"},"inLanguage":"pt-BR","potentialAction":[{"@type":"ReadAction","target":["https:\/\/quantocustaviajar.com\/blog\/ilha-do-cardoso-sao-paulo\/"]}]},{"@type":"ImageObject","inLanguage":"pt-BR","@id":"https:\/\/quantocustaviajar.com\/blog\/ilha-do-cardoso-sao-paulo\/#primaryimage","url":"https:\/\/quantocustaviajar.com\/blog\/wp-content\/uploads\/2017\/06\/Montanhas_na_Ilha_do_Cardoso.jpg","contentUrl":"https:\/\/quantocustaviajar.com\/blog\/wp-content\/uploads\/2017\/06\/Montanhas_na_Ilha_do_Cardoso.jpg","width":1024,"height":683,"caption":"Foto: Wikimedia"},{"@type":"BreadcrumbList","@id":"https:\/\/quantocustaviajar.com\/blog\/ilha-do-cardoso-sao-paulo\/#breadcrumb","itemListElement":[{"@type":"ListItem","position":1,"name":"In\u00edcio","item":"https:\/\/quantocustaviajar.com\/blog\/"},{"@type":"ListItem","position":2,"name":"Sem energia el\u00e9trica, Ilha do Cardoso tem praias desertas e muito sossego em S\u00e3o Paulo"}]},{"@type":"WebSite","@id":"https:\/\/quantocustaviajar.com\/blog\/#website","url":"https:\/\/quantocustaviajar.com\/blog\/","name":"Blog Quanto Custa Viajar","description":"","publisher":{"@id":"https:\/\/quantocustaviajar.com\/blog\/#organization"},"potentialAction":[{"@type":"SearchAction","target":{"@type":"EntryPoint","urlTemplate":"https:\/\/quantocustaviajar.com\/blog\/?s={search_term_string}"},"query-input":{"@type":"PropertyValueSpecification","valueRequired":true,"valueName":"search_term_string"}}],"inLanguage":"pt-BR"},{"@type":"Organization","@id":"https:\/\/quantocustaviajar.com\/blog\/#organization","name":"Quanto Custa Viajar","url":"https:\/\/quantocustaviajar.com\/blog\/","logo":{"@type":"ImageObject","inLanguage":"pt-BR","@id":"https:\/\/quantocustaviajar.com\/blog\/#\/schema\/logo\/image\/","url":"","contentUrl":"","caption":"Quanto Custa Viajar"},"image":{"@id":"https:\/\/quantocustaviajar.com\/blog\/#\/schema\/logo\/image\/"},"sameAs":["https:\/\/www.facebook.com\/quantocustaviajar"]},{"@type":"Person","@id":"https:\/\/quantocustaviajar.com\/blog\/#\/schema\/person\/1a6dd3da9d0c0a4be42652b67bea19bb","name":"Brunella Nunes","image":{"@type":"ImageObject","inLanguage":"pt-BR","@id":"https:\/\/quantocustaviajar.com\/blog\/#\/schema\/person\/image\/","url":"https:\/\/secure.gravatar.com\/avatar\/05b28dfb8a3cc7ee0dba6feefa5677f05be6d7bf4b017728fd38499092f9c282?s=96&d=mm&r=g","contentUrl":"https:\/\/secure.gravatar.com\/avatar\/05b28dfb8a3cc7ee0dba6feefa5677f05be6d7bf4b017728fd38499092f9c282?s=96&d=mm&r=g","caption":"Brunella Nunes"},"description":"Quando n\u00e3o est\u00e1 viajando pelo mundo, est\u00e1 viajando nas ideias.","sameAs":["https:\/\/www.facebook.com\/brunellapfvr\/posts","https:\/\/www.linkedin.com\/in\/brunellanunes\/"],"url":"https:\/\/quantocustaviajar.com\/blog\/author\/equipe\/"}]}},"_links":{"self":[{"href":"https:\/\/quantocustaviajar.com\/blog\/wp-json\/wp\/v2\/posts\/16229","targetHints":{"allow":["GET"]}}],"collection":[{"href":"https:\/\/quantocustaviajar.com\/blog\/wp-json\/wp\/v2\/posts"}],"about":[{"href":"https:\/\/quantocustaviajar.com\/blog\/wp-json\/wp\/v2\/types\/post"}],"author":[{"embeddable":true,"href":"https:\/\/quantocustaviajar.com\/blog\/wp-json\/wp\/v2\/users\/4"}],"replies":[{"embeddable":true,"href":"https:\/\/quantocustaviajar.com\/blog\/wp-json\/wp\/v2\/comments?post=16229"}],"version-history":[{"count":3,"href":"https:\/\/quantocustaviajar.com\/blog\/wp-json\/wp\/v2\/posts\/16229\/revisions"}],"predecessor-version":[{"id":52372,"href":"https:\/\/quantocustaviajar.com\/blog\/wp-json\/wp\/v2\/posts\/16229\/revisions\/52372"}],"wp:featuredmedia":[{"embeddable":true,"href":"https:\/\/quantocustaviajar.com\/blog\/wp-json\/wp\/v2\/media\/52368"}],"wp:attachment":[{"href":"https:\/\/quantocustaviajar.com\/blog\/wp-json\/wp\/v2\/media?parent=16229"}],"wp:term":[{"taxonomy":"category","embeddable":true,"href":"https:\/\/quantocustaviajar.com\/blog\/wp-json\/wp\/v2\/categories?post=16229"},{"taxonomy":"post_tag","embeddable":true,"href":"https:\/\/quantocustaviajar.com\/blog\/wp-json\/wp\/v2\/tags?post=16229"}],"curies":[{"name":"wp","href":"https:\/\/api.w.org\/{rel}","templated":true}]}}