{"id":16205,"date":"2017-06-27T17:36:01","date_gmt":"2017-06-27T17:36:01","guid":{"rendered":"http:\/\/quantocustaviajar.com\/blog\/?p=16205"},"modified":"2018-04-13T20:44:43","modified_gmt":"2018-04-13T20:44:43","slug":"bairro-pocitos-montevideu","status":"publish","type":"post","link":"https:\/\/quantocustaviajar.com\/blog\/bairro-pocitos-montevideu\/","title":{"rendered":"Bairro Pocitos \u00e9 o reduto gastron\u00f4mico e bo\u00eamio de Montevid\u00e9u"},"content":{"rendered":"<p>Se voc\u00ea \u00e9 bom de garfo ou bom de copo, n\u00e3o pode deixar de conhecer <strong>o bairro Pocitos, o antro gastron\u00f4mico e bo\u00eamio de <a href=\"http:\/\/quantocustaviajar.com\/uruguai\/montevideu\" target=\"_blank\" rel=\"noopener noreferrer\">Montevid\u00e9u<\/a><\/strong>. A regi\u00e3o na capital uruguaia re\u00fane uma por\u00e7\u00e3o de lugares onde come-se muito bem, independente da ocasi\u00e3o: do almo\u00e7o \u201cPF\u201d ao jantar glamouroso; da pausa para um cafezinho ao happy hour; sem contar as baladas noite adentro.<\/p>\n<p>Os moradores consideram Pocitos como o bairro da moda. Pr\u00f3ximo a orla, re\u00fane em seu territ\u00f3rio um shopping, museus, hot\u00e9is, hostels, bares, lojas, caf\u00e9s, restaurantes e casas noturnas. N\u00e3o por acaso, num passeio a p\u00e9 os turistas se encantam n\u00e3o s\u00f3 com a vista para o Rio da Prata, mas os casar\u00f5es antigos da classe m\u00e9dia-alta que adornam as ruas arborizadas.<\/p>\n<p>Seguindo pela Rambla, a partir de Punta Carretas, antes de chegar em Pocitos para quem vem do centro antigo da cidade, \u00e9 indispens\u00e1vel uma parada nos museus encontrados pelo caminho, como o Museo Zorrilla e o Castillo Pittamiglio, que \u00e9 incr\u00edvel! Logo depois dele, estamos oficialmente distrito apelidado de <strong>\u201cpequena Copacabana<\/strong>\u201d, devido o visual que lembra a Cidade Maravilhosa dos anos 1950.<\/p>\n<p><img loading=\"lazy\" decoding=\"async\" class=\"size-full wp-image-16227 aligncenter\" src=\"http:\/\/quantocustaviajar.com\/blog\/wp-content\/uploads\/2017\/06\/pocitos-por-leonora-sarubbi-greco.jpg\" alt=\"\" width=\"650\" height=\"487\" srcset=\"https:\/\/quantocustaviajar.com\/blog\/wp-content\/uploads\/2017\/06\/pocitos-por-leonora-sarubbi-greco.jpg 650w, https:\/\/quantocustaviajar.com\/blog\/wp-content\/uploads\/2017\/06\/pocitos-por-leonora-sarubbi-greco-300x225.jpg 300w, https:\/\/quantocustaviajar.com\/blog\/wp-content\/uploads\/2017\/06\/pocitos-por-leonora-sarubbi-greco-400x300.jpg 400w\" sizes=\"auto, (max-width: 650px) 100vw, 650px\" \/><\/p>\n<h5 style=\"text-align: center;\">Foto: Leonora Sarubbi Greco<\/h5>\n<p>De ter\u00e7a a s\u00e1bado, passe tamb\u00e9m pela <strong>Feirinha na Plaza Villa Biarritz<\/strong>, que acontece das 9h \u00e0s 16h. H\u00e1 bolsas, sapatos, roupas, etc, de qualidade e bons pre\u00e7os. As compras se esticam para lojinhas bacanas como a<strong> St. Clemente<\/strong>, com acess\u00f3rios com design e personalidade; e a <strong>Magma<\/strong>, um espa\u00e7o multimarcas com cria\u00e7\u00f5es vanguardistas e criativas.<\/p>\n<p>Pela orla se avistam alguns quiosques at\u00e9 chegar no famoso <strong>letreiro escrito Montevid\u00e9u<\/strong>, um dos pontos mais fotografados da regi\u00e3o, logo ao lado do <strong>Museu Mar\u00edtimo<\/strong>. Pegando qualquer rua no sentido oposto da praia voc\u00ea vai encontrar comes e bebes pelo caminho.<\/p>\n<p><img loading=\"lazy\" decoding=\"async\" class=\"size-full wp-image-16224 aligncenter\" src=\"http:\/\/quantocustaviajar.com\/blog\/wp-content\/uploads\/2017\/06\/montevideo-letreiro.jpg\" alt=\"\" width=\"650\" height=\"290\" srcset=\"https:\/\/quantocustaviajar.com\/blog\/wp-content\/uploads\/2017\/06\/montevideo-letreiro.jpg 650w, https:\/\/quantocustaviajar.com\/blog\/wp-content\/uploads\/2017\/06\/montevideo-letreiro-300x134.jpg 300w, https:\/\/quantocustaviajar.com\/blog\/wp-content\/uploads\/2017\/06\/montevideo-letreiro-400x178.jpg 400w\" sizes=\"auto, (max-width: 650px) 100vw, 650px\" \/><\/p>\n<p>A loja <strong>La Tienda del T\u00e9<\/strong> \u00e9 ideal para encontrar diversos tipos de ch\u00e1s, muito apreciados pelos uruguaios. Pr\u00f3ximo dali est\u00e1 a <strong>La Dulceria de Xime Torres,<\/strong> repleta de del\u00edcias doces t\u00edpicas de patissierie, al\u00e9m de servir caf\u00e9 da manh\u00e3 e da tarde.<\/p>\n<p><img loading=\"lazy\" decoding=\"async\" class=\"size-full wp-image-16208 aligncenter\" src=\"http:\/\/quantocustaviajar.com\/blog\/wp-content\/uploads\/2017\/06\/la-tienda-delte.jpg\" alt=\"\" width=\"650\" height=\"433\" srcset=\"https:\/\/quantocustaviajar.com\/blog\/wp-content\/uploads\/2017\/06\/la-tienda-delte.jpg 650w, https:\/\/quantocustaviajar.com\/blog\/wp-content\/uploads\/2017\/06\/la-tienda-delte-300x200.jpg 300w, https:\/\/quantocustaviajar.com\/blog\/wp-content\/uploads\/2017\/06\/la-tienda-delte-400x266.jpg 400w\" sizes=\"auto, (max-width: 650px) 100vw, 650px\" \/><\/p>\n<p><img loading=\"lazy\" decoding=\"async\" class=\"size-full wp-image-16218 aligncenter\" src=\"http:\/\/quantocustaviajar.com\/blog\/wp-content\/uploads\/2017\/06\/la-tienda-del-te.jpg\" alt=\"\" width=\"650\" height=\"433\" srcset=\"https:\/\/quantocustaviajar.com\/blog\/wp-content\/uploads\/2017\/06\/la-tienda-del-te.jpg 650w, https:\/\/quantocustaviajar.com\/blog\/wp-content\/uploads\/2017\/06\/la-tienda-del-te-300x200.jpg 300w, https:\/\/quantocustaviajar.com\/blog\/wp-content\/uploads\/2017\/06\/la-tienda-del-te-400x266.jpg 400w\" sizes=\"auto, (max-width: 650px) 100vw, 650px\" \/><\/p>\n<p><img loading=\"lazy\" decoding=\"async\" class=\"size-full wp-image-16206 aligncenter\" src=\"http:\/\/quantocustaviajar.com\/blog\/wp-content\/uploads\/2017\/06\/la-dulceria2.jpg\" alt=\"\" width=\"650\" height=\"433\" srcset=\"https:\/\/quantocustaviajar.com\/blog\/wp-content\/uploads\/2017\/06\/la-dulceria2.jpg 650w, https:\/\/quantocustaviajar.com\/blog\/wp-content\/uploads\/2017\/06\/la-dulceria2-300x200.jpg 300w, https:\/\/quantocustaviajar.com\/blog\/wp-content\/uploads\/2017\/06\/la-dulceria2-400x266.jpg 400w\" sizes=\"auto, (max-width: 650px) 100vw, 650px\" \/><\/p>\n<p><img loading=\"lazy\" decoding=\"async\" class=\"size-full wp-image-16207 aligncenter\" src=\"http:\/\/quantocustaviajar.com\/blog\/wp-content\/uploads\/2017\/06\/la-dulceria.jpg\" alt=\"\" width=\"650\" height=\"433\" srcset=\"https:\/\/quantocustaviajar.com\/blog\/wp-content\/uploads\/2017\/06\/la-dulceria.jpg 650w, https:\/\/quantocustaviajar.com\/blog\/wp-content\/uploads\/2017\/06\/la-dulceria-300x200.jpg 300w, https:\/\/quantocustaviajar.com\/blog\/wp-content\/uploads\/2017\/06\/la-dulceria-400x266.jpg 400w\" sizes=\"auto, (max-width: 650px) 100vw, 650px\" \/><\/p>\n<p>Ali\u00e1s, <strong>quem adora uma sobremesa tem em Pocitos um verdadeiro para\u00edso<\/strong>. A <strong>Pecana<\/strong> tem tortas que enchem os olhos, al\u00e9m de servir almo\u00e7o e ch\u00e1 da tarde. A tradicional<strong> Cake\u2019s<\/strong> n\u00e3o decepciona nas receitas de bolo h\u00e1 32 anos. Existe ainda a <strong>Do\u00f1a In\u00e9s<\/strong>, o <strong>Contento Caf\u00e9<\/strong>, a Petite Patisserie, a <strong>Madame Brul\u00e9e<\/strong> e tantas outras.<\/p>\n<p>A parrilla &#8211; uma t\u00edpica churrascada uruguaia &#8211; \u00e9 outro prato que se destaca no bairro. A <strong>Parrillada Trouville<\/strong> serve n\u00e3o s\u00f3 os cortes de carne, como tamb\u00e9m massas, em um ambiente casual. H\u00e1 tamb\u00e9m o <strong>Tintos y Rubias<\/strong> e o <strong>Fellini<\/strong>. O <strong>Tandory<\/strong> est\u00e1 entre os melhores restaurantes da cidade, muito elogiado pelos clientes. A cozinha elabora risotos, massas, peixes, carnes e aves, al\u00e9m de pratos latinos como Pabell\u00f3n Criollo, t\u00edpico da Venezuela.<\/p>\n<p>Por 480 pesos uruguaios \u00e9 poss\u00edvel desfrutar de um belo almo\u00e7o executivo e natureba no <strong>Hoy Te Quiero<\/strong>, que tamb\u00e9m serve no jantar, ch\u00e1 da tarde e brunch (aos s\u00e1bados e domingos). Quando a noite vai caindo, se achegue nos bares e pubs. O <strong>Burlesque<\/strong> tem um ambiente intimista e estiloso, com tel\u00f5es ligados em algum esporte. O menu tem op\u00e7\u00f5es mexicanas e tailandesas a um bom custo-benef\u00edcio.<\/p>\n<p><img loading=\"lazy\" decoding=\"async\" class=\"size-full wp-image-16215 aligncenter\" src=\"http:\/\/quantocustaviajar.com\/blog\/wp-content\/uploads\/2017\/06\/hoytequiero.jpg\" alt=\"\" width=\"650\" height=\"649\" srcset=\"https:\/\/quantocustaviajar.com\/blog\/wp-content\/uploads\/2017\/06\/hoytequiero.jpg 650w, https:\/\/quantocustaviajar.com\/blog\/wp-content\/uploads\/2017\/06\/hoytequiero-150x150.jpg 150w, https:\/\/quantocustaviajar.com\/blog\/wp-content\/uploads\/2017\/06\/hoytequiero-300x300.jpg 300w, https:\/\/quantocustaviajar.com\/blog\/wp-content\/uploads\/2017\/06\/hoytequiero-400x399.jpg 400w, https:\/\/quantocustaviajar.com\/blog\/wp-content\/uploads\/2017\/06\/hoytequiero-177x177.jpg 177w, https:\/\/quantocustaviajar.com\/blog\/wp-content\/uploads\/2017\/06\/hoytequiero-380x380.jpg 380w\" sizes=\"auto, (max-width: 650px) 100vw, 650px\" \/><\/p>\n<p><img loading=\"lazy\" decoding=\"async\" class=\"size-full wp-image-16217 aligncenter\" src=\"http:\/\/quantocustaviajar.com\/blog\/wp-content\/uploads\/2017\/06\/burlesque.jpg\" alt=\"\" width=\"650\" height=\"318\" srcset=\"https:\/\/quantocustaviajar.com\/blog\/wp-content\/uploads\/2017\/06\/burlesque.jpg 650w, https:\/\/quantocustaviajar.com\/blog\/wp-content\/uploads\/2017\/06\/burlesque-300x147.jpg 300w, https:\/\/quantocustaviajar.com\/blog\/wp-content\/uploads\/2017\/06\/burlesque-400x196.jpg 400w\" sizes=\"auto, (max-width: 650px) 100vw, 650px\" \/><\/p>\n<p>O bar <strong>Thelma<\/strong> tem m\u00fasica ao vivo e o pub de inspira\u00e7\u00e3o asi\u00e1tica <strong>Tibet<\/strong>, que tamb\u00e9m funciona como <a href=\"https:\/\/www.booking.com\/hotel\/uy\/tibet-hostel.pt-br.html?aid=2161834\" target=\"_blank\" rel=\"noopener noreferrer\">hostel<\/a> numa casa na mesma rua, proporciona noites bem animadas com m\u00fasica pop e eletr\u00f4nica.<\/p>\n<p>Ufa! Com tantas coisas para fazer s\u00f3 em Pocitos, j\u00e1 que neste post citamos s\u00f3 algumas, j\u00e1 d\u00e1 pra planejar sua <a class=\"btncall\" href=\"http:\/\/quantocustaviajar.com\/uruguai\/montevideu\" target=\"_blank\" rel=\"noopener noreferrer\">viagem para Montevid\u00e9u <\/a>, n\u00e9?<\/p>\n<p><img loading=\"lazy\" decoding=\"async\" class=\"wp-image-16226 aligncenter\" src=\"http:\/\/quantocustaviajar.com\/blog\/wp-content\/uploads\/2017\/06\/pocitos.jpg\" alt=\"\" width=\"650\" height=\"488\" srcset=\"https:\/\/quantocustaviajar.com\/blog\/wp-content\/uploads\/2017\/06\/pocitos.jpg 960w, https:\/\/quantocustaviajar.com\/blog\/wp-content\/uploads\/2017\/06\/pocitos-300x225.jpg 300w, https:\/\/quantocustaviajar.com\/blog\/wp-content\/uploads\/2017\/06\/pocitos-768x576.jpg 768w, https:\/\/quantocustaviajar.com\/blog\/wp-content\/uploads\/2017\/06\/pocitos-400x300.jpg 400w\" sizes=\"auto, (max-width: 650px) 100vw, 650px\" \/><\/p>\n<p style=\"text-align: center;\"><a href=\"http:\/\/quantocustaviajar.com\/uruguai\/montevideu\/onde-ficar\" target=\"_blank\" rel=\"noopener noreferrer\"><strong>Procurando por hospedagem em Pocitos? A gente te mostra!<\/strong><\/a><\/p>\n<p><img loading=\"lazy\" decoding=\"async\" class=\"size-full wp-image-16222 aligncenter\" src=\"http:\/\/quantocustaviajar.com\/blog\/wp-content\/uploads\/2017\/06\/pocitos-montevideu.jpg\" alt=\"\" width=\"650\" height=\"488\" srcset=\"https:\/\/quantocustaviajar.com\/blog\/wp-content\/uploads\/2017\/06\/pocitos-montevideu.jpg 650w, https:\/\/quantocustaviajar.com\/blog\/wp-content\/uploads\/2017\/06\/pocitos-montevideu-300x225.jpg 300w, https:\/\/quantocustaviajar.com\/blog\/wp-content\/uploads\/2017\/06\/pocitos-montevideu-400x300.jpg 400w\" sizes=\"auto, (max-width: 650px) 100vw, 650px\" \/><\/p>\n<p style=\"text-align: center;\"><a href=\"http:\/\/quantocustaviajar.com\/blog\/guia-do-uruguai\/\" target=\"_blank\" rel=\"noopener noreferrer\"><strong>Confira nosso guia de viagem do Uruguai!<\/strong><\/a><\/p>\n<p><img loading=\"lazy\" decoding=\"async\" class=\"size-full wp-image-16221 aligncenter\" src=\"http:\/\/quantocustaviajar.com\/blog\/wp-content\/uploads\/2017\/06\/pocitos2.jpg\" alt=\"\" width=\"650\" height=\"488\" srcset=\"https:\/\/quantocustaviajar.com\/blog\/wp-content\/uploads\/2017\/06\/pocitos2.jpg 650w, https:\/\/quantocustaviajar.com\/blog\/wp-content\/uploads\/2017\/06\/pocitos2-300x225.jpg 300w, https:\/\/quantocustaviajar.com\/blog\/wp-content\/uploads\/2017\/06\/pocitos2-400x300.jpg 400w\" sizes=\"auto, (max-width: 650px) 100vw, 650px\" \/><\/p>\n<p style=\"text-align: center;\"><em>Museu Zorrilla<\/em><\/p>\n<p><img loading=\"lazy\" decoding=\"async\" class=\"size-full wp-image-16225 aligncenter\" src=\"http:\/\/quantocustaviajar.com\/blog\/wp-content\/uploads\/2017\/06\/museo-zorrilla.jpg\" alt=\"\" width=\"650\" height=\"366\" srcset=\"https:\/\/quantocustaviajar.com\/blog\/wp-content\/uploads\/2017\/06\/museo-zorrilla.jpg 650w, https:\/\/quantocustaviajar.com\/blog\/wp-content\/uploads\/2017\/06\/museo-zorrilla-300x169.jpg 300w, https:\/\/quantocustaviajar.com\/blog\/wp-content\/uploads\/2017\/06\/museo-zorrilla-400x225.jpg 400w\" sizes=\"auto, (max-width: 650px) 100vw, 650px\" \/><\/p>\n<p style=\"text-align: center;\"><em>Bar Thelma<\/em><\/p>\n<p><img loading=\"lazy\" decoding=\"async\" class=\"size-full wp-image-16219 aligncenter\" src=\"http:\/\/quantocustaviajar.com\/blog\/wp-content\/uploads\/2017\/06\/telma-montevideu.jpg\" alt=\"\" width=\"650\" height=\"223\" srcset=\"https:\/\/quantocustaviajar.com\/blog\/wp-content\/uploads\/2017\/06\/telma-montevideu.jpg 650w, https:\/\/quantocustaviajar.com\/blog\/wp-content\/uploads\/2017\/06\/telma-montevideu-300x103.jpg 300w, https:\/\/quantocustaviajar.com\/blog\/wp-content\/uploads\/2017\/06\/telma-montevideu-400x137.jpg 400w\" sizes=\"auto, (max-width: 650px) 100vw, 650px\" \/><\/p>\n<p style=\"text-align: center;\"><em>Contento Caf\u00e9<\/em><\/p>\n<p><img loading=\"lazy\" decoding=\"async\" class=\"size-full wp-image-16214 aligncenter\" src=\"http:\/\/quantocustaviajar.com\/blog\/wp-content\/uploads\/2017\/06\/contento-cafe.jpg\" alt=\"\" width=\"650\" height=\"650\" srcset=\"https:\/\/quantocustaviajar.com\/blog\/wp-content\/uploads\/2017\/06\/contento-cafe.jpg 650w, https:\/\/quantocustaviajar.com\/blog\/wp-content\/uploads\/2017\/06\/contento-cafe-150x150.jpg 150w, https:\/\/quantocustaviajar.com\/blog\/wp-content\/uploads\/2017\/06\/contento-cafe-300x300.jpg 300w, https:\/\/quantocustaviajar.com\/blog\/wp-content\/uploads\/2017\/06\/contento-cafe-400x400.jpg 400w, https:\/\/quantocustaviajar.com\/blog\/wp-content\/uploads\/2017\/06\/contento-cafe-177x177.jpg 177w, https:\/\/quantocustaviajar.com\/blog\/wp-content\/uploads\/2017\/06\/contento-cafe-380x380.jpg 380w\" sizes=\"auto, (max-width: 650px) 100vw, 650px\" \/><\/p>\n<p style=\"text-align: center;\"><em>Petite Patisserie<\/em><\/p>\n<p><img loading=\"lazy\" decoding=\"async\" class=\"size-full wp-image-16212 aligncenter\" src=\"http:\/\/quantocustaviajar.com\/blog\/wp-content\/uploads\/2017\/06\/petite-patisserie-deflor.jpg\" alt=\"\" width=\"650\" height=\"433\" srcset=\"https:\/\/quantocustaviajar.com\/blog\/wp-content\/uploads\/2017\/06\/petite-patisserie-deflor.jpg 650w, https:\/\/quantocustaviajar.com\/blog\/wp-content\/uploads\/2017\/06\/petite-patisserie-deflor-300x200.jpg 300w, https:\/\/quantocustaviajar.com\/blog\/wp-content\/uploads\/2017\/06\/petite-patisserie-deflor-400x266.jpg 400w\" sizes=\"auto, (max-width: 650px) 100vw, 650px\" \/><\/p>\n<p><img loading=\"lazy\" decoding=\"async\" class=\"size-full wp-image-16213 aligncenter\" src=\"http:\/\/quantocustaviajar.com\/blog\/wp-content\/uploads\/2017\/06\/petite-patisserie.jpg\" alt=\"\" width=\"650\" height=\"488\" srcset=\"https:\/\/quantocustaviajar.com\/blog\/wp-content\/uploads\/2017\/06\/petite-patisserie.jpg 650w, https:\/\/quantocustaviajar.com\/blog\/wp-content\/uploads\/2017\/06\/petite-patisserie-300x225.jpg 300w, https:\/\/quantocustaviajar.com\/blog\/wp-content\/uploads\/2017\/06\/petite-patisserie-400x300.jpg 400w\" sizes=\"auto, (max-width: 650px) 100vw, 650px\" \/><\/p>\n<p style=\"text-align: center;\"><em>Pecana<\/em><\/p>\n<p><img loading=\"lazy\" decoding=\"async\" class=\"size-full wp-image-16209 aligncenter\" src=\"http:\/\/quantocustaviajar.com\/blog\/wp-content\/uploads\/2017\/06\/pecana.jpg\" alt=\"\" width=\"650\" height=\"477\" srcset=\"https:\/\/quantocustaviajar.com\/blog\/wp-content\/uploads\/2017\/06\/pecana.jpg 650w, https:\/\/quantocustaviajar.com\/blog\/wp-content\/uploads\/2017\/06\/pecana-300x220.jpg 300w, https:\/\/quantocustaviajar.com\/blog\/wp-content\/uploads\/2017\/06\/pecana-400x294.jpg 400w\" sizes=\"auto, (max-width: 650px) 100vw, 650px\" \/><\/p>\n<p><img loading=\"lazy\" decoding=\"async\" class=\"size-full wp-image-16210 aligncenter\" src=\"http:\/\/quantocustaviajar.com\/blog\/wp-content\/uploads\/2017\/06\/pecana9.jpg\" alt=\"\" width=\"650\" height=\"488\" srcset=\"https:\/\/quantocustaviajar.com\/blog\/wp-content\/uploads\/2017\/06\/pecana9.jpg 650w, https:\/\/quantocustaviajar.com\/blog\/wp-content\/uploads\/2017\/06\/pecana9-300x225.jpg 300w, https:\/\/quantocustaviajar.com\/blog\/wp-content\/uploads\/2017\/06\/pecana9-400x300.jpg 400w\" sizes=\"auto, (max-width: 650px) 100vw, 650px\" \/><\/p>\n<p><img loading=\"lazy\" decoding=\"async\" class=\"size-full wp-image-16211 aligncenter\" src=\"http:\/\/quantocustaviajar.com\/blog\/wp-content\/uploads\/2017\/06\/pecana10.jpg\" alt=\"\" width=\"650\" height=\"488\" srcset=\"https:\/\/quantocustaviajar.com\/blog\/wp-content\/uploads\/2017\/06\/pecana10.jpg 650w, https:\/\/quantocustaviajar.com\/blog\/wp-content\/uploads\/2017\/06\/pecana10-300x225.jpg 300w, https:\/\/quantocustaviajar.com\/blog\/wp-content\/uploads\/2017\/06\/pecana10-400x300.jpg 400w\" sizes=\"auto, (max-width: 650px) 100vw, 650px\" \/><\/p>\n<p style=\"text-align: center;\"><em>O pub Tibet<\/em><\/p>\n<p><img loading=\"lazy\" decoding=\"async\" class=\"size-full wp-image-16220 aligncenter\" src=\"http:\/\/quantocustaviajar.com\/blog\/wp-content\/uploads\/2017\/06\/tibet-noite-montevideu.jpg\" alt=\"\" width=\"650\" height=\"366\" srcset=\"https:\/\/quantocustaviajar.com\/blog\/wp-content\/uploads\/2017\/06\/tibet-noite-montevideu.jpg 650w, https:\/\/quantocustaviajar.com\/blog\/wp-content\/uploads\/2017\/06\/tibet-noite-montevideu-300x169.jpg 300w, https:\/\/quantocustaviajar.com\/blog\/wp-content\/uploads\/2017\/06\/tibet-noite-montevideu-400x225.jpg 400w\" sizes=\"auto, (max-width: 650px) 100vw, 650px\" \/><\/p>\n<p><em>Post por <strong>Brunella Nunes<br \/>\n<\/strong><\/em><em>Fotos: divulga\u00e7\u00e3o<\/em><\/p>\n","protected":false},"excerpt":{"rendered":"<p>Se voc\u00ea \u00e9 bom de garfo ou bom de copo, n\u00e3o pode deixar de conhecer o bairro Pocitos, o antro gastron\u00f4mico e bo\u00eamio de Montevid\u00e9u. A regi\u00e3o na capital uruguaia re\u00fane uma por\u00e7\u00e3o de lugares onde come-se muito bem, independente da ocasi\u00e3o: do almo\u00e7o \u201cPF\u201d ao jantar glamouroso; da pausa para um cafezinho ao happy [&hellip;]<\/p>\n","protected":false},"author":4,"featured_media":16223,"comment_status":"open","ping_status":"open","sticky":false,"template":"","format":"standard","meta":{"cybocfi_hide_featured_image":"","footnotes":""},"categories":[1436,1435],"tags":[135,1142,63,189,89,576,165,211,1101,529,170,466,594],"class_list":["post-16205","post","type-post","status-publish","format-standard","has-post-thumbnail","hentry","category-artes-cultura-diversao","category-comes-bebes","tag-atracoes","tag-bairros","tag-bar","tag-compras","tag-gastronomia","tag-montevideu","tag-noite","tag-o-que-fazer","tag-onde-ficar","tag-onde-ir","tag-pub","tag-uruguai","tag-vida-noturna"],"blocksy_meta":[],"yoast_head":"<!-- This site is optimized with the Yoast SEO plugin v26.3 - https:\/\/yoast.com\/wordpress\/plugins\/seo\/ -->\n<title>Bairro Pocitos \u00e9 o reduto gastron\u00f4mico e bo\u00eamio de Montevid\u00e9u - Blog Quanto Custa Viajar<\/title>\n<meta name=\"robots\" content=\"index, follow, max-snippet:-1, max-image-preview:large, max-video-preview:-1\" \/>\n<link rel=\"canonical\" href=\"https:\/\/quantocustaviajar.com\/blog\/bairro-pocitos-montevideu\/\" \/>\n<meta property=\"og:locale\" content=\"pt_BR\" \/>\n<meta property=\"og:type\" content=\"article\" \/>\n<meta property=\"og:title\" content=\"Bairro Pocitos \u00e9 o reduto gastron\u00f4mico e bo\u00eamio de Montevid\u00e9u - Blog Quanto Custa Viajar\" \/>\n<meta property=\"og:description\" content=\"Se voc\u00ea \u00e9 bom de garfo ou bom de copo, n\u00e3o pode deixar de conhecer o bairro Pocitos, o antro gastron\u00f4mico e bo\u00eamio de Montevid\u00e9u. A regi\u00e3o na capital uruguaia re\u00fane uma por\u00e7\u00e3o de lugares onde come-se muito bem, independente da ocasi\u00e3o: do almo\u00e7o \u201cPF\u201d ao jantar glamouroso; da pausa para um cafezinho ao happy [&hellip;]\" \/>\n<meta property=\"og:url\" content=\"https:\/\/quantocustaviajar.com\/blog\/bairro-pocitos-montevideu\/\" \/>\n<meta property=\"og:site_name\" content=\"Blog Quanto Custa Viajar\" \/>\n<meta property=\"article:publisher\" content=\"https:\/\/www.facebook.com\/quantocustaviajar\" \/>\n<meta property=\"article:author\" content=\"https:\/\/www.facebook.com\/brunellapfvr\/posts\" \/>\n<meta property=\"article:published_time\" content=\"2017-06-27T17:36:01+00:00\" \/>\n<meta property=\"article:modified_time\" content=\"2018-04-13T20:44:43+00:00\" \/>\n<meta property=\"og:image\" content=\"https:\/\/quantocustaviajar.com\/blog\/wp-content\/uploads\/2017\/06\/bairro-pocitos.jpg\" \/>\n\t<meta property=\"og:image:width\" content=\"650\" \/>\n\t<meta property=\"og:image:height\" content=\"433\" \/>\n\t<meta property=\"og:image:type\" content=\"image\/jpeg\" \/>\n<meta name=\"author\" content=\"Brunella Nunes\" \/>\n<meta name=\"twitter:card\" content=\"summary_large_image\" \/>\n<meta name=\"twitter:label1\" content=\"Escrito por\" \/>\n\t<meta name=\"twitter:data1\" content=\"Brunella Nunes\" \/>\n\t<meta name=\"twitter:label2\" content=\"Est. tempo de leitura\" \/>\n\t<meta name=\"twitter:data2\" content=\"3 minutos\" \/>\n<!-- \/ Yoast SEO plugin. -->","yoast_head_json":{"title":"Bairro Pocitos \u00e9 o reduto gastron\u00f4mico e bo\u00eamio de Montevid\u00e9u - Blog Quanto Custa Viajar","robots":{"index":"index","follow":"follow","max-snippet":"max-snippet:-1","max-image-preview":"max-image-preview:large","max-video-preview":"max-video-preview:-1"},"canonical":"https:\/\/quantocustaviajar.com\/blog\/bairro-pocitos-montevideu\/","og_locale":"pt_BR","og_type":"article","og_title":"Bairro Pocitos \u00e9 o reduto gastron\u00f4mico e bo\u00eamio de Montevid\u00e9u - Blog Quanto Custa Viajar","og_description":"Se voc\u00ea \u00e9 bom de garfo ou bom de copo, n\u00e3o pode deixar de conhecer o bairro Pocitos, o antro gastron\u00f4mico e bo\u00eamio de Montevid\u00e9u. A regi\u00e3o na capital uruguaia re\u00fane uma por\u00e7\u00e3o de lugares onde come-se muito bem, independente da ocasi\u00e3o: do almo\u00e7o \u201cPF\u201d ao jantar glamouroso; da pausa para um cafezinho ao happy [&hellip;]","og_url":"https:\/\/quantocustaviajar.com\/blog\/bairro-pocitos-montevideu\/","og_site_name":"Blog Quanto Custa Viajar","article_publisher":"https:\/\/www.facebook.com\/quantocustaviajar","article_author":"https:\/\/www.facebook.com\/brunellapfvr\/posts","article_published_time":"2017-06-27T17:36:01+00:00","article_modified_time":"2018-04-13T20:44:43+00:00","og_image":[{"width":650,"height":433,"url":"https:\/\/quantocustaviajar.com\/blog\/wp-content\/uploads\/2017\/06\/bairro-pocitos.jpg","type":"image\/jpeg"}],"author":"Brunella Nunes","twitter_card":"summary_large_image","twitter_misc":{"Escrito por":"Brunella Nunes","Est. tempo de leitura":"3 minutos"},"schema":{"@context":"https:\/\/schema.org","@graph":[{"@type":["Article","BlogPosting"],"@id":"https:\/\/quantocustaviajar.com\/blog\/bairro-pocitos-montevideu\/#article","isPartOf":{"@id":"https:\/\/quantocustaviajar.com\/blog\/bairro-pocitos-montevideu\/"},"author":{"name":"Brunella Nunes","@id":"https:\/\/quantocustaviajar.com\/blog\/#\/schema\/person\/1a6dd3da9d0c0a4be42652b67bea19bb"},"headline":"Bairro Pocitos \u00e9 o reduto gastron\u00f4mico e bo\u00eamio de Montevid\u00e9u","datePublished":"2017-06-27T17:36:01+00:00","dateModified":"2018-04-13T20:44:43+00:00","mainEntityOfPage":{"@id":"https:\/\/quantocustaviajar.com\/blog\/bairro-pocitos-montevideu\/"},"wordCount":689,"commentCount":0,"publisher":{"@id":"https:\/\/quantocustaviajar.com\/blog\/#organization"},"image":{"@id":"https:\/\/quantocustaviajar.com\/blog\/bairro-pocitos-montevideu\/#primaryimage"},"thumbnailUrl":"https:\/\/quantocustaviajar.com\/blog\/wp-content\/uploads\/2017\/06\/bairro-pocitos.jpg","keywords":["atra\u00e7\u00f5es","bairros","bar","compras","gastronomia","Montevid\u00e9u","noite","o que fazer","onde ficar","onde ir","pub","Uruguai","vida noturna"],"articleSection":["Artes, Cultura &amp; Divers\u00e3o","Comes &amp; Bebes"],"inLanguage":"pt-BR","potentialAction":[{"@type":"CommentAction","name":"Comment","target":["https:\/\/quantocustaviajar.com\/blog\/bairro-pocitos-montevideu\/#respond"]}]},{"@type":"WebPage","@id":"https:\/\/quantocustaviajar.com\/blog\/bairro-pocitos-montevideu\/","url":"https:\/\/quantocustaviajar.com\/blog\/bairro-pocitos-montevideu\/","name":"Bairro Pocitos \u00e9 o reduto gastron\u00f4mico e bo\u00eamio de Montevid\u00e9u - Blog Quanto Custa Viajar","isPartOf":{"@id":"https:\/\/quantocustaviajar.com\/blog\/#website"},"primaryImageOfPage":{"@id":"https:\/\/quantocustaviajar.com\/blog\/bairro-pocitos-montevideu\/#primaryimage"},"image":{"@id":"https:\/\/quantocustaviajar.com\/blog\/bairro-pocitos-montevideu\/#primaryimage"},"thumbnailUrl":"https:\/\/quantocustaviajar.com\/blog\/wp-content\/uploads\/2017\/06\/bairro-pocitos.jpg","datePublished":"2017-06-27T17:36:01+00:00","dateModified":"2018-04-13T20:44:43+00:00","breadcrumb":{"@id":"https:\/\/quantocustaviajar.com\/blog\/bairro-pocitos-montevideu\/#breadcrumb"},"inLanguage":"pt-BR","potentialAction":[{"@type":"ReadAction","target":["https:\/\/quantocustaviajar.com\/blog\/bairro-pocitos-montevideu\/"]}]},{"@type":"ImageObject","inLanguage":"pt-BR","@id":"https:\/\/quantocustaviajar.com\/blog\/bairro-pocitos-montevideu\/#primaryimage","url":"https:\/\/quantocustaviajar.com\/blog\/wp-content\/uploads\/2017\/06\/bairro-pocitos.jpg","contentUrl":"https:\/\/quantocustaviajar.com\/blog\/wp-content\/uploads\/2017\/06\/bairro-pocitos.jpg","width":650,"height":433},{"@type":"BreadcrumbList","@id":"https:\/\/quantocustaviajar.com\/blog\/bairro-pocitos-montevideu\/#breadcrumb","itemListElement":[{"@type":"ListItem","position":1,"name":"In\u00edcio","item":"https:\/\/quantocustaviajar.com\/blog\/"},{"@type":"ListItem","position":2,"name":"Bairro Pocitos \u00e9 o reduto gastron\u00f4mico e bo\u00eamio de Montevid\u00e9u"}]},{"@type":"WebSite","@id":"https:\/\/quantocustaviajar.com\/blog\/#website","url":"https:\/\/quantocustaviajar.com\/blog\/","name":"Blog Quanto Custa Viajar","description":"","publisher":{"@id":"https:\/\/quantocustaviajar.com\/blog\/#organization"},"potentialAction":[{"@type":"SearchAction","target":{"@type":"EntryPoint","urlTemplate":"https:\/\/quantocustaviajar.com\/blog\/?s={search_term_string}"},"query-input":{"@type":"PropertyValueSpecification","valueRequired":true,"valueName":"search_term_string"}}],"inLanguage":"pt-BR"},{"@type":"Organization","@id":"https:\/\/quantocustaviajar.com\/blog\/#organization","name":"Quanto Custa Viajar","url":"https:\/\/quantocustaviajar.com\/blog\/","logo":{"@type":"ImageObject","inLanguage":"pt-BR","@id":"https:\/\/quantocustaviajar.com\/blog\/#\/schema\/logo\/image\/","url":"","contentUrl":"","caption":"Quanto Custa Viajar"},"image":{"@id":"https:\/\/quantocustaviajar.com\/blog\/#\/schema\/logo\/image\/"},"sameAs":["https:\/\/www.facebook.com\/quantocustaviajar"]},{"@type":"Person","@id":"https:\/\/quantocustaviajar.com\/blog\/#\/schema\/person\/1a6dd3da9d0c0a4be42652b67bea19bb","name":"Brunella Nunes","image":{"@type":"ImageObject","inLanguage":"pt-BR","@id":"https:\/\/quantocustaviajar.com\/blog\/#\/schema\/person\/image\/","url":"https:\/\/secure.gravatar.com\/avatar\/05b28dfb8a3cc7ee0dba6feefa5677f05be6d7bf4b017728fd38499092f9c282?s=96&d=mm&r=g","contentUrl":"https:\/\/secure.gravatar.com\/avatar\/05b28dfb8a3cc7ee0dba6feefa5677f05be6d7bf4b017728fd38499092f9c282?s=96&d=mm&r=g","caption":"Brunella Nunes"},"description":"Quando n\u00e3o est\u00e1 viajando pelo mundo, est\u00e1 viajando nas ideias.","sameAs":["https:\/\/www.facebook.com\/brunellapfvr\/posts","https:\/\/www.linkedin.com\/in\/brunellanunes\/"],"url":"https:\/\/quantocustaviajar.com\/blog\/author\/equipe\/"}]}},"_links":{"self":[{"href":"https:\/\/quantocustaviajar.com\/blog\/wp-json\/wp\/v2\/posts\/16205","targetHints":{"allow":["GET"]}}],"collection":[{"href":"https:\/\/quantocustaviajar.com\/blog\/wp-json\/wp\/v2\/posts"}],"about":[{"href":"https:\/\/quantocustaviajar.com\/blog\/wp-json\/wp\/v2\/types\/post"}],"author":[{"embeddable":true,"href":"https:\/\/quantocustaviajar.com\/blog\/wp-json\/wp\/v2\/users\/4"}],"replies":[{"embeddable":true,"href":"https:\/\/quantocustaviajar.com\/blog\/wp-json\/wp\/v2\/comments?post=16205"}],"version-history":[{"count":1,"href":"https:\/\/quantocustaviajar.com\/blog\/wp-json\/wp\/v2\/posts\/16205\/revisions"}],"predecessor-version":[{"id":22270,"href":"https:\/\/quantocustaviajar.com\/blog\/wp-json\/wp\/v2\/posts\/16205\/revisions\/22270"}],"wp:featuredmedia":[{"embeddable":true,"href":"https:\/\/quantocustaviajar.com\/blog\/wp-json\/wp\/v2\/media\/16223"}],"wp:attachment":[{"href":"https:\/\/quantocustaviajar.com\/blog\/wp-json\/wp\/v2\/media?parent=16205"}],"wp:term":[{"taxonomy":"category","embeddable":true,"href":"https:\/\/quantocustaviajar.com\/blog\/wp-json\/wp\/v2\/categories?post=16205"},{"taxonomy":"post_tag","embeddable":true,"href":"https:\/\/quantocustaviajar.com\/blog\/wp-json\/wp\/v2\/tags?post=16205"}],"curies":[{"name":"wp","href":"https:\/\/api.w.org\/{rel}","templated":true}]}}