{"id":16107,"date":"2017-06-26T13:05:35","date_gmt":"2017-06-26T13:05:35","guid":{"rendered":"http:\/\/quantocustaviajar.com\/blog\/?p=16107"},"modified":"2018-04-13T20:45:26","modified_gmt":"2018-04-13T20:45:26","slug":"la-casa-azul-o-museu-de-frida-kahlo","status":"publish","type":"post","link":"https:\/\/quantocustaviajar.com\/blog\/la-casa-azul-o-museu-de-frida-kahlo\/","title":{"rendered":"Conhe\u00e7a La Casa Azul, o Museu de Frida Kahlo na Cidade do M\u00e9xico\u00a0"},"content":{"rendered":"<p>Atire a primeira pedra quem nunca viu uma foto que seja da <strong>mulher com flores enormes na cabe\u00e7a e sobrancelhas marcantes<\/strong>. A figura pop da qual estamos falando \u00e9 <strong>Frida Kahlo<\/strong>, artista surrealista, personagem transgressora e uma apaixonada incur\u00e1vel. Sua resid\u00eancia cheia de personalidade foi transformada em <strong>museu<\/strong>, conhecido como <strong>La Casa Azul<\/strong>, na\u00a0<a href=\"http:\/\/quantocustaviajar.com\/mexico\/cidade-do-mexico\" target=\"_blank\" rel=\"noopener noreferrer\"><strong>Cidade do M\u00e9xico<\/strong><\/a>.<\/p>\n<p>A casa no distrito de Coyoac\u00e1n foi seu ber\u00e7o, seu ninho de amor, sua pris\u00e3o e seu ref\u00fagio. Foi neste ch\u00e3o que Frida viveu os momentos mais marcantes de sua vida, do nascimento at\u00e9 a morte.\u00a0Durante a inf\u00e2ncia, per\u00edodo em que foi clicada\u00a0pelo pai fot\u00f3grafo, Guillermo Kahloteve, teve <strong>poliomielite<\/strong>, que resultou em no p\u00e9\u00a0direito mais curto e a musculatura atrofiada.<\/p>\n<p><img loading=\"lazy\" decoding=\"async\" class=\"size-full wp-image-16197 aligncenter\" src=\"http:\/\/quantocustaviajar.com\/blog\/wp-content\/uploads\/2017\/06\/museu-da-frida-kahlo7.jpg\" alt=\"\" width=\"649\" height=\"416\" srcset=\"https:\/\/quantocustaviajar.com\/blog\/wp-content\/uploads\/2017\/06\/museu-da-frida-kahlo7.jpg 649w, https:\/\/quantocustaviajar.com\/blog\/wp-content\/uploads\/2017\/06\/museu-da-frida-kahlo7-300x192.jpg 300w, https:\/\/quantocustaviajar.com\/blog\/wp-content\/uploads\/2017\/06\/museu-da-frida-kahlo7-400x256.jpg 400w\" sizes=\"auto, (max-width: 649px) 100vw, 649px\" \/><\/p>\n<p>Aos 18 anos, quando aprendeu gravura e dava in\u00edcio a sua carreira art\u00edstica, sofreu um acidente de \u00f4nibus que a mudaria para sempre. Quebrou a coluna em tr\u00eas lugares distintos, a perna direita em 11 peda\u00e7os, o que rendeu diversas cirurgias e <strong>uma reconstru\u00e7\u00e3o completa de seu corpo<\/strong>. Al\u00e9m disso, passou por tr\u00eas abortos ao longo da vida. A dor foi sua maior companhia durante diversos per\u00edodos, assim como os pinc\u00e9is.<\/p>\n<p>Como se fosse pr\u00e9-destinada a ser quem \u00e9 hoje, n\u00e3o largou sua arte e buscou na imagina\u00e7\u00e3o uma forma de expressar todo o\u00a0seu universo particular. E dizia: &#8220;<em>p<\/em><i>ensavam que eu era uma surrealista, mas eu n\u00e3o era.<strong> Nunca pintei sonhos. Pintava a minha pr\u00f3pria realidade<\/strong>&#8220;.<\/i><\/p>\n<p>Na parede azul Royal da casa onde tudo aconteceu, se l\u00ea: <strong>Frida y Diego vivieron en esta casa 1929 &#8211; 1954<\/strong>. Este \u00e9 um dos tra\u00e7os de uma grande e louca hist\u00f3ria de amor. O casal, entre idas, vindas e outros affairs, se casou duas vezes sob as mais belas juras amorosas. \u00c9, muita coisa aconteceu sob este teto.<\/p>\n<p><em><strong>&#8220;Se eu pudesse te dar uma coisa na vida, gostaria de te dar a capacidade de ver a si mesmo atrav\u00e9s dos meus olhos. S\u00f3 ent\u00e3o voc\u00ea vai perceber o qu\u00e3o especial \u00e9s para mim&#8221;.<\/strong><\/em><\/p>\n<p><img loading=\"lazy\" decoding=\"async\" class=\"size-full wp-image-16195 aligncenter\" src=\"http:\/\/quantocustaviajar.com\/blog\/wp-content\/uploads\/2017\/06\/museu-da-frida-kahlo4.jpg\" alt=\"\" width=\"650\" height=\"448\" srcset=\"https:\/\/quantocustaviajar.com\/blog\/wp-content\/uploads\/2017\/06\/museu-da-frida-kahlo4.jpg 650w, https:\/\/quantocustaviajar.com\/blog\/wp-content\/uploads\/2017\/06\/museu-da-frida-kahlo4-300x207.jpg 300w, https:\/\/quantocustaviajar.com\/blog\/wp-content\/uploads\/2017\/06\/museu-da-frida-kahlo4-400x276.jpg 400w\" sizes=\"auto, (max-width: 650px) 100vw, 650px\" \/><\/p>\n<p>O museu re\u00fane um acervo de pinturas de ambos os artistas, passando por obras mais famosas at\u00e9 as que est\u00e3o quase em anonimato. Entre elas: Viva la Vida (1954), Frida y la ces\u00e1rea (1931) e Retrato de mi padre Wilhem Kahlo (1952). Objetos pessoais, mob\u00edlia e pequenos detalhes que nos tornam t\u00e3o \u00edntimos da pintora\u00a0latinoamericana tamb\u00e9m est\u00e3o expostos para saciar a curiosidade dos f\u00e3s. Ao sair, percebe-se que a casa azul \u00e9 parte do que Frida foi: uma mulher forte, vibrante, harmoniosa, profunda, ao mesmo tempo que alimentava uma tristeza e melancolia infinita em sua alma.<\/p>\n<p><strong>Quanto custa:\u00a0<\/strong>durante a semana, 200 pesos mexicanos; aos fins de semana, 220. Para tirar fotos dentro do museu \u00e9 necess\u00e1rio pagar 30 pesos adicionais. Com a entrada comprada, tem uma cortesia para visitar o Museu Anahuacalli, de Diego Rivera, tamb\u00e9m em Coyoac\u00e1n. <strong><a href=\"http:\/\/www.partner.viator.com\/pt\/15570\/tours\/Cidade-do-Mexico\/City-tour-ao-Museu-Frida-Kahlo-Xochimilco-e-Universidade\/d628-30922P27\" target=\"_blank\" rel=\"noopener noreferrer\">Neste tour<\/a>, \u00e9 poss\u00edvel conhecer a Casa Azul e outras atra\u00e7\u00f5es.<\/strong><\/p>\n<p><a href=\"http:\/\/quantocustaviajar.com\/mexico\/cidade-do-mexico\" target=\"_blank\" rel=\"noopener noreferrer\"><strong>Confira aqui todos os custos para uma viagem ao M\u00e9xico!<\/strong><\/a><\/p>\n<p><img loading=\"lazy\" decoding=\"async\" class=\"size-full wp-image-16202 aligncenter\" src=\"http:\/\/quantocustaviajar.com\/blog\/wp-content\/uploads\/2017\/06\/la-casa-azul8.jpg\" alt=\"\" width=\"650\" height=\"311\" srcset=\"https:\/\/quantocustaviajar.com\/blog\/wp-content\/uploads\/2017\/06\/la-casa-azul8.jpg 650w, https:\/\/quantocustaviajar.com\/blog\/wp-content\/uploads\/2017\/06\/la-casa-azul8-300x144.jpg 300w, https:\/\/quantocustaviajar.com\/blog\/wp-content\/uploads\/2017\/06\/la-casa-azul8-400x191.jpg 400w\" sizes=\"auto, (max-width: 650px) 100vw, 650px\" \/><\/p>\n<p><img loading=\"lazy\" decoding=\"async\" class=\"size-full wp-image-16200 aligncenter\" src=\"http:\/\/quantocustaviajar.com\/blog\/wp-content\/uploads\/2017\/06\/la-casa-azul3.jpg\" alt=\"\" width=\"650\" height=\"432\" srcset=\"https:\/\/quantocustaviajar.com\/blog\/wp-content\/uploads\/2017\/06\/la-casa-azul3.jpg 650w, https:\/\/quantocustaviajar.com\/blog\/wp-content\/uploads\/2017\/06\/la-casa-azul3-300x199.jpg 300w, https:\/\/quantocustaviajar.com\/blog\/wp-content\/uploads\/2017\/06\/la-casa-azul3-400x266.jpg 400w\" sizes=\"auto, (max-width: 650px) 100vw, 650px\" \/><\/p>\n<p style=\"text-align: center;\"><strong><a href=\"http:\/\/quantocustaviajar.com\/blog\/os-misterios-arqueologicos-de-chichen-itza-no-mexico\/\" target=\"_blank\" rel=\"noopener noreferrer\">Aproveite a viagem para desbravar os mist\u00e9rios arquiol\u00f3gicos de Chichen Itz\u00e1<\/a><\/strong><\/p>\n<p><img loading=\"lazy\" decoding=\"async\" class=\"size-full wp-image-16203 aligncenter\" src=\"http:\/\/quantocustaviajar.com\/blog\/wp-content\/uploads\/2017\/06\/la-casa-azul10.jpg\" alt=\"\" width=\"650\" height=\"487\" srcset=\"https:\/\/quantocustaviajar.com\/blog\/wp-content\/uploads\/2017\/06\/la-casa-azul10.jpg 650w, https:\/\/quantocustaviajar.com\/blog\/wp-content\/uploads\/2017\/06\/la-casa-azul10-300x225.jpg 300w, https:\/\/quantocustaviajar.com\/blog\/wp-content\/uploads\/2017\/06\/la-casa-azul10-400x300.jpg 400w\" sizes=\"auto, (max-width: 650px) 100vw, 650px\" \/><\/p>\n<p><img loading=\"lazy\" decoding=\"async\" class=\"size-full wp-image-16198 aligncenter\" src=\"http:\/\/quantocustaviajar.com\/blog\/wp-content\/uploads\/2017\/06\/museu-da-frida-kahlo8-2.jpg\" alt=\"\" width=\"650\" height=\"433\" srcset=\"https:\/\/quantocustaviajar.com\/blog\/wp-content\/uploads\/2017\/06\/museu-da-frida-kahlo8-2.jpg 650w, https:\/\/quantocustaviajar.com\/blog\/wp-content\/uploads\/2017\/06\/museu-da-frida-kahlo8-2-300x200.jpg 300w, https:\/\/quantocustaviajar.com\/blog\/wp-content\/uploads\/2017\/06\/museu-da-frida-kahlo8-2-400x266.jpg 400w\" sizes=\"auto, (max-width: 650px) 100vw, 650px\" \/><\/p>\n<p><img loading=\"lazy\" decoding=\"async\" class=\"size-full wp-image-16192 aligncenter\" src=\"http:\/\/quantocustaviajar.com\/blog\/wp-content\/uploads\/2017\/06\/la-casa-azul11.jpg\" alt=\"\" width=\"650\" height=\"488\" srcset=\"https:\/\/quantocustaviajar.com\/blog\/wp-content\/uploads\/2017\/06\/la-casa-azul11.jpg 650w, https:\/\/quantocustaviajar.com\/blog\/wp-content\/uploads\/2017\/06\/la-casa-azul11-300x225.jpg 300w, https:\/\/quantocustaviajar.com\/blog\/wp-content\/uploads\/2017\/06\/la-casa-azul11-400x300.jpg 400w\" sizes=\"auto, (max-width: 650px) 100vw, 650px\" \/><\/p>\n<p style=\"text-align: center;\"><a href=\"http:\/\/quantocustaviajar.com\/blog\/motivos-para-visitar-o-mexico\/\" target=\"_blank\" rel=\"noopener noreferrer\"><strong>Confira 10 lugares imperd\u00edveis no M\u00e9xico!<\/strong><\/a><\/p>\n<p><img loading=\"lazy\" decoding=\"async\" class=\"size-full wp-image-16193 aligncenter\" src=\"http:\/\/quantocustaviajar.com\/blog\/wp-content\/uploads\/2017\/06\/museu-da-frida-kahlo.jpg\" alt=\"\" width=\"650\" height=\"975\" srcset=\"https:\/\/quantocustaviajar.com\/blog\/wp-content\/uploads\/2017\/06\/museu-da-frida-kahlo.jpg 650w, https:\/\/quantocustaviajar.com\/blog\/wp-content\/uploads\/2017\/06\/museu-da-frida-kahlo-200x300.jpg 200w, https:\/\/quantocustaviajar.com\/blog\/wp-content\/uploads\/2017\/06\/museu-da-frida-kahlo-400x600.jpg 400w\" sizes=\"auto, (max-width: 650px) 100vw, 650px\" \/><\/p>\n<p><img loading=\"lazy\" decoding=\"async\" class=\"size-full wp-image-16201 aligncenter\" src=\"http:\/\/quantocustaviajar.com\/blog\/wp-content\/uploads\/2017\/06\/la-casa-azul7.jpg\" alt=\"\" width=\"650\" height=\"399\" srcset=\"https:\/\/quantocustaviajar.com\/blog\/wp-content\/uploads\/2017\/06\/la-casa-azul7.jpg 650w, https:\/\/quantocustaviajar.com\/blog\/wp-content\/uploads\/2017\/06\/la-casa-azul7-300x184.jpg 300w, https:\/\/quantocustaviajar.com\/blog\/wp-content\/uploads\/2017\/06\/la-casa-azul7-400x246.jpg 400w\" sizes=\"auto, (max-width: 650px) 100vw, 650px\" \/><\/p>\n<p><img loading=\"lazy\" decoding=\"async\" class=\"size-full wp-image-16199 aligncenter\" src=\"http:\/\/quantocustaviajar.com\/blog\/wp-content\/uploads\/2017\/06\/museu-da-frida-kahlo9.jpg\" alt=\"\" width=\"650\" height=\"433\" srcset=\"https:\/\/quantocustaviajar.com\/blog\/wp-content\/uploads\/2017\/06\/museu-da-frida-kahlo9.jpg 650w, https:\/\/quantocustaviajar.com\/blog\/wp-content\/uploads\/2017\/06\/museu-da-frida-kahlo9-300x200.jpg 300w, https:\/\/quantocustaviajar.com\/blog\/wp-content\/uploads\/2017\/06\/museu-da-frida-kahlo9-400x266.jpg 400w\" sizes=\"auto, (max-width: 650px) 100vw, 650px\" \/><\/p>\n<p><img loading=\"lazy\" decoding=\"async\" class=\"size-full wp-image-16194 aligncenter\" src=\"http:\/\/quantocustaviajar.com\/blog\/wp-content\/uploads\/2017\/06\/museu-da-frida-kahlo3.jpg\" alt=\"\" width=\"650\" height=\"433\" srcset=\"https:\/\/quantocustaviajar.com\/blog\/wp-content\/uploads\/2017\/06\/museu-da-frida-kahlo3.jpg 650w, https:\/\/quantocustaviajar.com\/blog\/wp-content\/uploads\/2017\/06\/museu-da-frida-kahlo3-300x200.jpg 300w, https:\/\/quantocustaviajar.com\/blog\/wp-content\/uploads\/2017\/06\/museu-da-frida-kahlo3-400x266.jpg 400w\" sizes=\"auto, (max-width: 650px) 100vw, 650px\" \/><\/p>\n<p><img loading=\"lazy\" decoding=\"async\" class=\"size-full wp-image-16196 aligncenter\" src=\"http:\/\/quantocustaviajar.com\/blog\/wp-content\/uploads\/2017\/06\/museu-da-frida-kahlo5.jpg\" alt=\"\" width=\"649\" height=\"554\" srcset=\"https:\/\/quantocustaviajar.com\/blog\/wp-content\/uploads\/2017\/06\/museu-da-frida-kahlo5.jpg 649w, https:\/\/quantocustaviajar.com\/blog\/wp-content\/uploads\/2017\/06\/museu-da-frida-kahlo5-300x256.jpg 300w, https:\/\/quantocustaviajar.com\/blog\/wp-content\/uploads\/2017\/06\/museu-da-frida-kahlo5-400x341.jpg 400w\" sizes=\"auto, (max-width: 649px) 100vw, 649px\" \/><\/p>\n<p><i><span style=\"font-weight: 400;\">Post por <\/span><\/i><b><i>Brunella Nunes<br \/>\n<\/i><\/b><i><span style=\"font-weight: 400;\">Fotos: divulga\u00e7\u00e3o\/La Casa Azul<\/span><\/i><\/p>\n","protected":false},"excerpt":{"rendered":"<p>Atire a primeira pedra quem nunca viu uma foto que seja da mulher com flores enormes na cabe\u00e7a e sobrancelhas marcantes. A figura pop da qual estamos falando \u00e9 Frida Kahlo, artista surrealista, personagem transgressora e uma apaixonada incur\u00e1vel. Sua resid\u00eancia cheia de personalidade foi transformada em museu, conhecido como La Casa Azul, na\u00a0Cidade do [&hellip;]<\/p>\n","protected":false},"author":4,"featured_media":16191,"comment_status":"open","ping_status":"open","sticky":false,"template":"","format":"standard","meta":{"cybocfi_hide_featured_image":"","footnotes":""},"categories":[1436],"tags":[227,1484,62,914,77,325,278,71,61,211,529,321,84,19],"class_list":["post-16107","post","type-post","status-publish","format-standard","has-post-thumbnail","hentry","category-artes-cultura-diversao","tag-arte","tag-cidadedomexico","tag-cultura","tag-cultura-pop","tag-dicas","tag-espaco-cultural","tag-ingresso","tag-mexico","tag-museu","tag-o-que-fazer","tag-onde-ir","tag-passeios","tag-preco","tag-quanto-custa"],"blocksy_meta":[],"yoast_head":"<!-- This site is optimized with the Yoast SEO plugin v26.3 - https:\/\/yoast.com\/wordpress\/plugins\/seo\/ -->\n<title>Conhe\u00e7a La Casa Azul, o Museu de Frida Kahlo na Cidade do M\u00e9xico\u00a0<\/title>\n<meta name=\"description\" content=\"Frida Kahlo, artista surrealista, personagem transgressora e uma apaixonada incur\u00e1vel. Conhe\u00e7a mais sobre sua resid\u00eancia, o museu La Casa Azul.\" \/>\n<meta name=\"robots\" content=\"index, follow, max-snippet:-1, max-image-preview:large, max-video-preview:-1\" \/>\n<link rel=\"canonical\" href=\"https:\/\/quantocustaviajar.com\/blog\/la-casa-azul-o-museu-de-frida-kahlo\/\" \/>\n<meta property=\"og:locale\" content=\"pt_BR\" \/>\n<meta property=\"og:type\" content=\"article\" \/>\n<meta property=\"og:title\" content=\"Conhe\u00e7a La Casa Azul, o Museu de Frida Kahlo na Cidade do M\u00e9xico\u00a0\" \/>\n<meta property=\"og:description\" content=\"Frida Kahlo, artista surrealista, personagem transgressora e uma apaixonada incur\u00e1vel. Conhe\u00e7a mais sobre sua resid\u00eancia, o museu La Casa Azul.\" \/>\n<meta property=\"og:url\" content=\"https:\/\/quantocustaviajar.com\/blog\/la-casa-azul-o-museu-de-frida-kahlo\/\" \/>\n<meta property=\"og:site_name\" content=\"Blog Quanto Custa Viajar\" \/>\n<meta property=\"article:publisher\" content=\"https:\/\/www.facebook.com\/quantocustaviajar\" \/>\n<meta property=\"article:author\" content=\"https:\/\/www.facebook.com\/brunellapfvr\/posts\" \/>\n<meta property=\"article:published_time\" content=\"2017-06-26T13:05:35+00:00\" \/>\n<meta property=\"article:modified_time\" content=\"2018-04-13T20:45:26+00:00\" \/>\n<meta property=\"og:image\" content=\"https:\/\/quantocustaviajar.com\/blog\/wp-content\/uploads\/2017\/06\/museu-frida-kahlo.png\" \/>\n\t<meta property=\"og:image:width\" content=\"950\" \/>\n\t<meta property=\"og:image:height\" content=\"650\" \/>\n\t<meta property=\"og:image:type\" content=\"image\/png\" \/>\n<meta name=\"author\" content=\"Brunella Nunes\" \/>\n<meta name=\"twitter:card\" content=\"summary_large_image\" \/>\n<meta name=\"twitter:label1\" content=\"Escrito por\" \/>\n\t<meta name=\"twitter:data1\" content=\"Brunella Nunes\" \/>\n\t<meta name=\"twitter:label2\" content=\"Est. tempo de leitura\" \/>\n\t<meta name=\"twitter:data2\" content=\"3 minutos\" \/>\n<!-- \/ Yoast SEO plugin. -->","yoast_head_json":{"title":"Conhe\u00e7a La Casa Azul, o Museu de Frida Kahlo na Cidade do M\u00e9xico\u00a0","description":"Frida Kahlo, artista surrealista, personagem transgressora e uma apaixonada incur\u00e1vel. Conhe\u00e7a mais sobre sua resid\u00eancia, o museu La Casa Azul.","robots":{"index":"index","follow":"follow","max-snippet":"max-snippet:-1","max-image-preview":"max-image-preview:large","max-video-preview":"max-video-preview:-1"},"canonical":"https:\/\/quantocustaviajar.com\/blog\/la-casa-azul-o-museu-de-frida-kahlo\/","og_locale":"pt_BR","og_type":"article","og_title":"Conhe\u00e7a La Casa Azul, o Museu de Frida Kahlo na Cidade do M\u00e9xico\u00a0","og_description":"Frida Kahlo, artista surrealista, personagem transgressora e uma apaixonada incur\u00e1vel. Conhe\u00e7a mais sobre sua resid\u00eancia, o museu La Casa Azul.","og_url":"https:\/\/quantocustaviajar.com\/blog\/la-casa-azul-o-museu-de-frida-kahlo\/","og_site_name":"Blog Quanto Custa Viajar","article_publisher":"https:\/\/www.facebook.com\/quantocustaviajar","article_author":"https:\/\/www.facebook.com\/brunellapfvr\/posts","article_published_time":"2017-06-26T13:05:35+00:00","article_modified_time":"2018-04-13T20:45:26+00:00","og_image":[{"width":950,"height":650,"url":"https:\/\/quantocustaviajar.com\/blog\/wp-content\/uploads\/2017\/06\/museu-frida-kahlo.png","type":"image\/png"}],"author":"Brunella Nunes","twitter_card":"summary_large_image","twitter_misc":{"Escrito por":"Brunella Nunes","Est. tempo de leitura":"3 minutos"},"schema":{"@context":"https:\/\/schema.org","@graph":[{"@type":["Article","BlogPosting"],"@id":"https:\/\/quantocustaviajar.com\/blog\/la-casa-azul-o-museu-de-frida-kahlo\/#article","isPartOf":{"@id":"https:\/\/quantocustaviajar.com\/blog\/la-casa-azul-o-museu-de-frida-kahlo\/"},"author":{"name":"Brunella Nunes","@id":"https:\/\/quantocustaviajar.com\/blog\/#\/schema\/person\/1a6dd3da9d0c0a4be42652b67bea19bb"},"headline":"Conhe\u00e7a La Casa Azul, o Museu de Frida Kahlo na Cidade do M\u00e9xico\u00a0","datePublished":"2017-06-26T13:05:35+00:00","dateModified":"2018-04-13T20:45:26+00:00","mainEntityOfPage":{"@id":"https:\/\/quantocustaviajar.com\/blog\/la-casa-azul-o-museu-de-frida-kahlo\/"},"wordCount":566,"commentCount":5,"publisher":{"@id":"https:\/\/quantocustaviajar.com\/blog\/#organization"},"image":{"@id":"https:\/\/quantocustaviajar.com\/blog\/la-casa-azul-o-museu-de-frida-kahlo\/#primaryimage"},"thumbnailUrl":"https:\/\/quantocustaviajar.com\/blog\/wp-content\/uploads\/2017\/06\/museu-frida-kahlo.png","keywords":["arte","cidadedomexico","cultura","cultura pop","dicas","espa\u00e7o cultural","ingresso","m\u00e9xico","museu","o que fazer","onde ir","passeios","pre\u00e7o","quanto custa"],"articleSection":["Artes, Cultura &amp; Divers\u00e3o"],"inLanguage":"pt-BR","potentialAction":[{"@type":"CommentAction","name":"Comment","target":["https:\/\/quantocustaviajar.com\/blog\/la-casa-azul-o-museu-de-frida-kahlo\/#respond"]}]},{"@type":"WebPage","@id":"https:\/\/quantocustaviajar.com\/blog\/la-casa-azul-o-museu-de-frida-kahlo\/","url":"https:\/\/quantocustaviajar.com\/blog\/la-casa-azul-o-museu-de-frida-kahlo\/","name":"Conhe\u00e7a La Casa Azul, o Museu de Frida Kahlo na Cidade do M\u00e9xico\u00a0","isPartOf":{"@id":"https:\/\/quantocustaviajar.com\/blog\/#website"},"primaryImageOfPage":{"@id":"https:\/\/quantocustaviajar.com\/blog\/la-casa-azul-o-museu-de-frida-kahlo\/#primaryimage"},"image":{"@id":"https:\/\/quantocustaviajar.com\/blog\/la-casa-azul-o-museu-de-frida-kahlo\/#primaryimage"},"thumbnailUrl":"https:\/\/quantocustaviajar.com\/blog\/wp-content\/uploads\/2017\/06\/museu-frida-kahlo.png","datePublished":"2017-06-26T13:05:35+00:00","dateModified":"2018-04-13T20:45:26+00:00","description":"Frida Kahlo, artista surrealista, personagem transgressora e uma apaixonada incur\u00e1vel. Conhe\u00e7a mais sobre sua resid\u00eancia, o museu La Casa Azul.","breadcrumb":{"@id":"https:\/\/quantocustaviajar.com\/blog\/la-casa-azul-o-museu-de-frida-kahlo\/#breadcrumb"},"inLanguage":"pt-BR","potentialAction":[{"@type":"ReadAction","target":["https:\/\/quantocustaviajar.com\/blog\/la-casa-azul-o-museu-de-frida-kahlo\/"]}]},{"@type":"ImageObject","inLanguage":"pt-BR","@id":"https:\/\/quantocustaviajar.com\/blog\/la-casa-azul-o-museu-de-frida-kahlo\/#primaryimage","url":"https:\/\/quantocustaviajar.com\/blog\/wp-content\/uploads\/2017\/06\/museu-frida-kahlo.png","contentUrl":"https:\/\/quantocustaviajar.com\/blog\/wp-content\/uploads\/2017\/06\/museu-frida-kahlo.png","width":950,"height":650},{"@type":"BreadcrumbList","@id":"https:\/\/quantocustaviajar.com\/blog\/la-casa-azul-o-museu-de-frida-kahlo\/#breadcrumb","itemListElement":[{"@type":"ListItem","position":1,"name":"In\u00edcio","item":"https:\/\/quantocustaviajar.com\/blog\/"},{"@type":"ListItem","position":2,"name":"Conhe\u00e7a La Casa Azul, o Museu de Frida Kahlo na Cidade do M\u00e9xico\u00a0"}]},{"@type":"WebSite","@id":"https:\/\/quantocustaviajar.com\/blog\/#website","url":"https:\/\/quantocustaviajar.com\/blog\/","name":"Blog Quanto Custa Viajar","description":"","publisher":{"@id":"https:\/\/quantocustaviajar.com\/blog\/#organization"},"potentialAction":[{"@type":"SearchAction","target":{"@type":"EntryPoint","urlTemplate":"https:\/\/quantocustaviajar.com\/blog\/?s={search_term_string}"},"query-input":{"@type":"PropertyValueSpecification","valueRequired":true,"valueName":"search_term_string"}}],"inLanguage":"pt-BR"},{"@type":"Organization","@id":"https:\/\/quantocustaviajar.com\/blog\/#organization","name":"Quanto Custa Viajar","url":"https:\/\/quantocustaviajar.com\/blog\/","logo":{"@type":"ImageObject","inLanguage":"pt-BR","@id":"https:\/\/quantocustaviajar.com\/blog\/#\/schema\/logo\/image\/","url":"","contentUrl":"","caption":"Quanto Custa Viajar"},"image":{"@id":"https:\/\/quantocustaviajar.com\/blog\/#\/schema\/logo\/image\/"},"sameAs":["https:\/\/www.facebook.com\/quantocustaviajar"]},{"@type":"Person","@id":"https:\/\/quantocustaviajar.com\/blog\/#\/schema\/person\/1a6dd3da9d0c0a4be42652b67bea19bb","name":"Brunella Nunes","image":{"@type":"ImageObject","inLanguage":"pt-BR","@id":"https:\/\/quantocustaviajar.com\/blog\/#\/schema\/person\/image\/","url":"https:\/\/secure.gravatar.com\/avatar\/05b28dfb8a3cc7ee0dba6feefa5677f05be6d7bf4b017728fd38499092f9c282?s=96&d=mm&r=g","contentUrl":"https:\/\/secure.gravatar.com\/avatar\/05b28dfb8a3cc7ee0dba6feefa5677f05be6d7bf4b017728fd38499092f9c282?s=96&d=mm&r=g","caption":"Brunella Nunes"},"description":"Quando n\u00e3o est\u00e1 viajando pelo mundo, est\u00e1 viajando nas ideias.","sameAs":["https:\/\/www.facebook.com\/brunellapfvr\/posts","https:\/\/www.linkedin.com\/in\/brunellanunes\/"],"url":"https:\/\/quantocustaviajar.com\/blog\/author\/equipe\/"}]}},"_links":{"self":[{"href":"https:\/\/quantocustaviajar.com\/blog\/wp-json\/wp\/v2\/posts\/16107","targetHints":{"allow":["GET"]}}],"collection":[{"href":"https:\/\/quantocustaviajar.com\/blog\/wp-json\/wp\/v2\/posts"}],"about":[{"href":"https:\/\/quantocustaviajar.com\/blog\/wp-json\/wp\/v2\/types\/post"}],"author":[{"embeddable":true,"href":"https:\/\/quantocustaviajar.com\/blog\/wp-json\/wp\/v2\/users\/4"}],"replies":[{"embeddable":true,"href":"https:\/\/quantocustaviajar.com\/blog\/wp-json\/wp\/v2\/comments?post=16107"}],"version-history":[{"count":1,"href":"https:\/\/quantocustaviajar.com\/blog\/wp-json\/wp\/v2\/posts\/16107\/revisions"}],"predecessor-version":[{"id":22271,"href":"https:\/\/quantocustaviajar.com\/blog\/wp-json\/wp\/v2\/posts\/16107\/revisions\/22271"}],"wp:featuredmedia":[{"embeddable":true,"href":"https:\/\/quantocustaviajar.com\/blog\/wp-json\/wp\/v2\/media\/16191"}],"wp:attachment":[{"href":"https:\/\/quantocustaviajar.com\/blog\/wp-json\/wp\/v2\/media?parent=16107"}],"wp:term":[{"taxonomy":"category","embeddable":true,"href":"https:\/\/quantocustaviajar.com\/blog\/wp-json\/wp\/v2\/categories?post=16107"},{"taxonomy":"post_tag","embeddable":true,"href":"https:\/\/quantocustaviajar.com\/blog\/wp-json\/wp\/v2\/tags?post=16107"}],"curies":[{"name":"wp","href":"https:\/\/api.w.org\/{rel}","templated":true}]}}