{"id":15993,"date":"2024-06-05T14:10:00","date_gmt":"2024-06-05T14:10:00","guid":{"rendered":"http:\/\/quantocustaviajar.com\/blog\/?p=15993"},"modified":"2025-01-27T14:08:36","modified_gmt":"2025-01-27T14:08:36","slug":"caraiva-sul-da-bahia","status":"publish","type":"post","link":"https:\/\/quantocustaviajar.com\/blog\/caraiva-sul-da-bahia\/","title":{"rendered":"Cara\u00edva: um pequeno peda\u00e7o de para\u00edso no sul da Bahia"},"content":{"rendered":"<p>Um dos destinos&nbsp;mais especiais do Brasil, <strong>Cara\u00edva<\/strong> \u00e9 um <strong>pequeno peda\u00e7o de para\u00edso no Sul da <a href=\"http:\/\/quantocustaviajar.com\/brasil\/porto-seguro\" target=\"_blank\" rel=\"noopener noreferrer\">Bahia<\/a><\/strong>. A vila de pescadores \u00e9 dominada em partes por mineiros, que &#8220;comem quietos&#8221; dessa fonte, e por \u00edndios Patax\u00f3s. Com luz el\u00e9trica desde 2007, a comunidade cresceu e agora lucra com o turismo, mas ainda assim permanece r\u00fastica.<\/p><div id=\"ez-toc-container\" class=\"ez-toc-v2_0_76 ez-toc-wrap-left counter-hierarchy ez-toc-counter ez-toc-light-blue ez-toc-container-direction\">\n<div class=\"ez-toc-title-container\">\n<p class=\"ez-toc-title\" style=\"cursor:inherit\">Aqui voc\u00ea ir\u00e1 encontrar<\/p>\n<span class=\"ez-toc-title-toggle\"><a href=\"#\" class=\"ez-toc-pull-right ez-toc-btn ez-toc-btn-xs ez-toc-btn-default ez-toc-toggle\" aria-label=\"Alternar tabela de conte\u00fado\"><span class=\"ez-toc-js-icon-con\"><span class=\"\"><span class=\"eztoc-hide\" style=\"display:none;\">Toggle<\/span><span class=\"ez-toc-icon-toggle-span\"><svg style=\"fill: #999;color:#999\" xmlns=\"http:\/\/www.w3.org\/2000\/svg\" class=\"list-377408\" width=\"20px\" height=\"20px\" viewBox=\"0 0 24 24\" fill=\"none\"><path d=\"M6 6H4v2h2V6zm14 0H8v2h12V6zM4 11h2v2H4v-2zm16 0H8v2h12v-2zM4 16h2v2H4v-2zm16 0H8v2h12v-2z\" fill=\"currentColor\"><\/path><\/svg><svg style=\"fill: #999;color:#999\" class=\"arrow-unsorted-368013\" xmlns=\"http:\/\/www.w3.org\/2000\/svg\" width=\"10px\" height=\"10px\" viewBox=\"0 0 24 24\" version=\"1.2\" baseProfile=\"tiny\"><path d=\"M18.2 9.3l-6.2-6.3-6.2 6.3c-.2.2-.3.4-.3.7s.1.5.3.7c.2.2.4.3.7.3h11c.3 0 .5-.1.7-.3.2-.2.3-.5.3-.7s-.1-.5-.3-.7zM5.8 14.7l6.2 6.3 6.2-6.3c.2-.2.3-.5.3-.7s-.1-.5-.3-.7c-.2-.2-.4-.3-.7-.3h-11c-.3 0-.5.1-.7.3-.2.2-.3.5-.3.7s.1.5.3.7z\"\/><\/svg><\/span><\/span><\/span><\/a><\/span><\/div>\n<nav><ul class='ez-toc-list ez-toc-list-level-1 ' ><li class='ez-toc-page-1 ez-toc-heading-level-2'><a class=\"ez-toc-link ez-toc-heading-1\" href=\"https:\/\/quantocustaviajar.com\/blog\/caraiva-sul-da-bahia\/#O_que_fazer_em_Caraiva\" >O que fazer em Cara\u00edva<\/a><\/li><li class='ez-toc-page-1 ez-toc-heading-level-2'><a class=\"ez-toc-link ez-toc-heading-2\" href=\"https:\/\/quantocustaviajar.com\/blog\/caraiva-sul-da-bahia\/#Onde_ficar_em_Caraiva\" >Onde ficar em Cara\u00edva<\/a><\/li><li class='ez-toc-page-1 ez-toc-heading-level-2'><a class=\"ez-toc-link ez-toc-heading-3\" href=\"https:\/\/quantocustaviajar.com\/blog\/caraiva-sul-da-bahia\/#Como_chegar\" >Como chegar<\/a><\/li><li class='ez-toc-page-1 ez-toc-heading-level-2'><a class=\"ez-toc-link ez-toc-heading-4\" href=\"https:\/\/quantocustaviajar.com\/blog\/caraiva-sul-da-bahia\/#Quando_ir_para_Caraiva\" >Quando ir para Cara\u00edva<\/a><\/li><li class='ez-toc-page-1 ez-toc-heading-level-2'><a class=\"ez-toc-link ez-toc-heading-5\" href=\"https:\/\/quantocustaviajar.com\/blog\/caraiva-sul-da-bahia\/#Roteiro_de_carro_ate_Caraiva\" >Roteiro de carro at\u00e9 Cara\u00edva<\/a><ul class='ez-toc-list-level-3' ><li class='ez-toc-heading-level-3'><a class=\"ez-toc-link ez-toc-heading-6\" href=\"https:\/\/quantocustaviajar.com\/blog\/caraiva-sul-da-bahia\/#Dia_1_%E2%80%93_Chegada_a_Porto_Seguro\" >Dia 1 \u2013 Chegada a Porto Seguro<\/a><\/li><li class='ez-toc-page-1 ez-toc-heading-level-3'><a class=\"ez-toc-link ez-toc-heading-7\" href=\"https:\/\/quantocustaviajar.com\/blog\/caraiva-sul-da-bahia\/#Dia_2_%E2%80%93_Arraial_dAjuda\" >Dia 2 \u2013 Arraial d&#8217;Ajuda<\/a><\/li><li class='ez-toc-page-1 ez-toc-heading-level-3'><a class=\"ez-toc-link ez-toc-heading-8\" href=\"https:\/\/quantocustaviajar.com\/blog\/caraiva-sul-da-bahia\/#Dia_3_e_4_%E2%80%93_Trancoso\" >Dia 3 e 4 \u2013 Trancoso<\/a><\/li><li class='ez-toc-page-1 ez-toc-heading-level-3'><a class=\"ez-toc-link ez-toc-heading-9\" href=\"https:\/\/quantocustaviajar.com\/blog\/caraiva-sul-da-bahia\/#Dia_4_%E2%80%93_Trancoso_e_Praia_do_Espelho\" >Dia 4 \u2013 Trancoso e Praia do Espelho<\/a><\/li><li class='ez-toc-page-1 ez-toc-heading-level-3'><a class=\"ez-toc-link ez-toc-heading-10\" href=\"https:\/\/quantocustaviajar.com\/blog\/caraiva-sul-da-bahia\/#Dia_5_%E2%80%93_Caraiva\" >Dia 5 \u2013 Cara\u00edva<\/a><\/li><li class='ez-toc-page-1 ez-toc-heading-level-3'><a class=\"ez-toc-link ez-toc-heading-11\" href=\"https:\/\/quantocustaviajar.com\/blog\/caraiva-sul-da-bahia\/#Dia_6_e_7_%E2%80%93_Caraiva\" >Dia 6 e 7 &#8211; Cara\u00edva<\/a><\/li><li class='ez-toc-page-1 ez-toc-heading-level-3'><a class=\"ez-toc-link ez-toc-heading-12\" href=\"https:\/\/quantocustaviajar.com\/blog\/caraiva-sul-da-bahia\/#Dia_8_%E2%80%93_Retorno_a_Porto_Seguro\" >Dia 8 \u2013 Retorno a Porto Seguro<\/a><\/li><li class='ez-toc-page-1 ez-toc-heading-level-3'><a class=\"ez-toc-link ez-toc-heading-13\" href=\"https:\/\/quantocustaviajar.com\/blog\/caraiva-sul-da-bahia\/#Dicas_Gerais\" >Dicas Gerais:<\/a><\/li><\/ul><\/li><\/ul><\/nav><\/div>\n\n<p>A \u00e1rea fica&nbsp;no portal norte de entrada para o Parque Nacional de Monte Pascoal e a reserva ind\u00edgena Patax\u00f3. Depois de passar por <strong>Arraial d&#8217;Ajuda<\/strong> e <strong>Trancoso<\/strong>, em <a href=\"http:\/\/quantocustaviajar.com\/brasil\/porto-seguro\" target=\"_blank\" rel=\"noopener noreferrer\"><strong>Porto Seguro<\/strong><\/a>, uma sinuosa estrada de terra nos leva at\u00e9 este \u00e9den baiano. Ao atravessar&nbsp;o rio hom\u00f4nimo durante 5 minutos de barco j\u00e1 se avistam as casinhas coloridas do outro lado. Bem-vindo ao lugar que voc\u00ea gostaria de chamar de casa! \u00c9 um resumo de sombra e \u00e1gua fresca, quase um del\u00edrio para quem vive numa cidade louca como S\u00e3o Paulo.<\/p>\n<p><strong>Antes de tudo, <a href=\"https:\/\/www.turismocity.com.br\/passagens-aereas-para-BPS-Porto_Seguro?utm_source=qcv&amp;utm_medium=blog\" target=\"_blank\" rel=\"noopener\">pesquise sua passagem barata para Porto Seguro<\/a>!<\/strong><\/p>\n<p><em>Confira o relato de viagem da Brunella Nunes realizada em 2016:<\/em><\/p>\n<p><img loading=\"lazy\" decoding=\"async\" class=\"aligncenter wp-image-16163 size-full\" src=\"https:\/\/quantocustaviajar.com\/blog\/wp-content\/uploads\/2017\/05\/o-que-fazer-em-caraiva-1.jpg\" alt=\"Cara\u00edva\" width=\"650\" height=\"650\" srcset=\"https:\/\/quantocustaviajar.com\/blog\/wp-content\/uploads\/2017\/05\/o-que-fazer-em-caraiva-1.jpg 650w, https:\/\/quantocustaviajar.com\/blog\/wp-content\/uploads\/2017\/05\/o-que-fazer-em-caraiva-1-150x150.jpg 150w, https:\/\/quantocustaviajar.com\/blog\/wp-content\/uploads\/2017\/05\/o-que-fazer-em-caraiva-1-300x300.jpg 300w, https:\/\/quantocustaviajar.com\/blog\/wp-content\/uploads\/2017\/05\/o-que-fazer-em-caraiva-1-400x400.jpg 400w, https:\/\/quantocustaviajar.com\/blog\/wp-content\/uploads\/2017\/05\/o-que-fazer-em-caraiva-1-177x177.jpg 177w, https:\/\/quantocustaviajar.com\/blog\/wp-content\/uploads\/2017\/05\/o-que-fazer-em-caraiva-1-380x380.jpg 380w\" sizes=\"auto, (max-width: 650px) 100vw, 650px\" \/><\/p>\n<p><img loading=\"lazy\" decoding=\"async\" class=\"aligncenter wp-image-16178 size-full\" src=\"https:\/\/quantocustaviajar.com\/blog\/wp-content\/uploads\/2017\/06\/caraiva-bahia-5.jpg\" alt=\"Cara\u00edva\" width=\"650\" height=\"488\" srcset=\"https:\/\/quantocustaviajar.com\/blog\/wp-content\/uploads\/2017\/06\/caraiva-bahia-5.jpg 650w, https:\/\/quantocustaviajar.com\/blog\/wp-content\/uploads\/2017\/06\/caraiva-bahia-5-300x225.jpg 300w, https:\/\/quantocustaviajar.com\/blog\/wp-content\/uploads\/2017\/06\/caraiva-bahia-5-400x300.jpg 400w\" sizes=\"auto, (max-width: 650px) 100vw, 650px\" \/><\/p>\n<h2><span class=\"ez-toc-section\" id=\"O_que_fazer_em_Caraiva\"><\/span>O que fazer em Cara\u00edva<span class=\"ez-toc-section-end\"><\/span><\/h2>\n<p>Tudo parece ser diferente em Cara\u00edva, a come\u00e7ar pelas ruas, que s\u00e3o de areia fofa. Sem asfalto e consequentemente sem ve\u00edculos motorizados, por estas bandas o &#8220;t\u00e1xi&#8221; \u00e9 guiado por um burro, que leva a bagagem das pessoas at\u00e9 as acomoda\u00e7\u00f5es. Quem vai de mochila, j\u00e1 tem uma preocupa\u00e7\u00e3o a menos e poupa o trabalho do bichinho.&nbsp;Estamos quase 100% do tempo com nossos p\u00e9s descal\u00e7os caminhando entre \u00e1rvores e cercas&nbsp;de madeira, al\u00e9m de olhar pra baixo para n\u00e3o pisar nos &#8220;presentinhos&#8221; dos animais de carga. Mas, se pisar, fa\u00e7a como os argentinos: acredite que isso d\u00e1 sorte. Nem isso vai ser capaz de tirar a sua paz.<\/p>\n<p><img loading=\"lazy\" decoding=\"async\" class=\"aligncenter wp-image-16176 size-full\" src=\"https:\/\/quantocustaviajar.com\/blog\/wp-content\/uploads\/2017\/06\/caraiva-bahia-2.jpg\" alt=\"Cara\u00edva\" width=\"650\" height=\"366\" srcset=\"https:\/\/quantocustaviajar.com\/blog\/wp-content\/uploads\/2017\/06\/caraiva-bahia-2.jpg 650w, https:\/\/quantocustaviajar.com\/blog\/wp-content\/uploads\/2017\/06\/caraiva-bahia-2-300x169.jpg 300w, https:\/\/quantocustaviajar.com\/blog\/wp-content\/uploads\/2017\/06\/caraiva-bahia-2-400x225.jpg 400w\" sizes=\"auto, (max-width: 650px) 100vw, 650px\" \/><\/p>\n<p>Andando no sentido contr\u00e1rio dos caminhos que levam ao rio, l\u00e1 est\u00e1 a praia, cercada pelo infinito azul e as pousadas p\u00e9 na areia, que s\u00e3o mais caras. Ao olhar pelas brechinhas, as vielas entre as casas, d\u00e1 para avistar ele&#8230;o&nbsp;mar, verdinho, limpo e tranquilo. A\u00ed fica quase imposs\u00edvel n\u00e3o cair nas suas gra\u00e7as; um joguinho de sedu\u00e7\u00e3o t\u00edpico das maravilhas baianas que tanto me fazem voltar. No fim de tarde, indico uma ida at\u00e9 a ponta da praia, que eles chamam de &#8220;barra&#8221;, <strong>onde h\u00e1 o encontro do rio com o mar<\/strong>. Guarde na mem\u00f3ria este momento que representar\u00e1 um dos&nbsp;melhores dias da sua vida!<\/p>\n<p><img loading=\"lazy\" decoding=\"async\" class=\"aligncenter wp-image-16166 size-full\" src=\"https:\/\/quantocustaviajar.com\/blog\/wp-content\/uploads\/2017\/05\/caraiva-3.jpg\" alt=\"Cara\u00edva\" width=\"650\" height=\"366\" srcset=\"https:\/\/quantocustaviajar.com\/blog\/wp-content\/uploads\/2017\/05\/caraiva-3.jpg 650w, https:\/\/quantocustaviajar.com\/blog\/wp-content\/uploads\/2017\/05\/caraiva-3-300x169.jpg 300w, https:\/\/quantocustaviajar.com\/blog\/wp-content\/uploads\/2017\/05\/caraiva-3-400x225.jpg 400w\" sizes=\"auto, (max-width: 650px) 100vw, 650px\" \/><\/p>\n<p>Com este cen\u00e1rio, nem preciso dizer que \u00e9 incrivelmente f\u00e1cil andar por Cara\u00edva e que perder-se entre seus labirintos \u00e9 quase uma obriga\u00e7\u00e3o. Ali\u00e1s, ali ningu\u00e9m se perde. Se enrosca e n\u00e3o quer mais sair. Chegando na pracinha da <strong>igreja de <a href=\"https:\/\/quantocustaviajar.com\/blog\/sao-sebastiao-litoral-paulista-guia\/\">S\u00e3o Sebasti\u00e3o<\/a><\/strong>, ouvi crian\u00e7as da escola brincando na hora do intervalo, felizes naquela tarde ensolarada. Entrei na capela, de uma simplicidade buc\u00f3lica e necess\u00e1ria, que me fez at\u00e9 acreditar em divindade. Se Deus habitasse a Terra, certamente viveria ali.<\/p>\n<p>Andei pelos arredores e vi uma senhora na janela, alvo constante de fotografias no Instagram. \u00c9 a <strong>dona Guida<\/strong>, despreocupada com o tempo que passa e tampouco com suas fotos em redes sociais. A sensa\u00e7\u00e3o, na verdade, \u00e9 que ali o rel\u00f3gio e o calend\u00e1rio n\u00e3o t\u00eam vez mesmo. Neste trecho est\u00e3o alguns bares e <strong>forr\u00f3s<\/strong>, que atrai pessoas de cidades pr\u00f3ximas. Os mais disputados acontecem no Pel\u00e9 e no Ouri\u00e7o, deixando as noites de ver\u00e3o mais quentes e menos solit\u00e1rias.<\/p>\n<p>Tirando o arrasta-p\u00e9, a vida noturna em Cara\u00edva s\u00f3 \u00e9 agitada mesmo aos fins de semana e alta temporada. De resto, muitos lugares permanecem fechados durante a semana ou encerram as atividades cedo. Ao lado da rio&nbsp;existe uma por\u00e7\u00e3o de bares e restaurantes. L\u00e1 na ponta, em frente \u00e0s mesinhas sombreadas por&nbsp;amendoeiras, o&nbsp;<strong>Boteco do Par\u00e1<\/strong> \u00e9 um dos mais tradicionais e se destaca pelo&nbsp;<span class=\"section-review-snippet-text\">pastel<\/span><span class=\"section-review-snippet-text\"> de arraia, muito bem acompanhado pelo molhinho caseiro de pimenta. Tamb\u00e9m fui na <strong>Cacha\u00e7aria Cara\u00edva,&nbsp;<\/strong>onde comemos hamb\u00farguer, tomamos cerveja e provamos cacha\u00e7a. Foi R$ 140,00 para duas pessoas.<\/span><\/p>\n<p><strong>A pousada e restaurante Lagoa<\/strong>&nbsp;\u00e9 um dos mais famosos e dono de festinhas imperd\u00edveis. Ali se provam, entre outras coisas, receitas vegetarianas e a&nbsp;cerveja artesanal da casa, a Boitat\u00e1. De resto, existe cada vez mais variedade no vilarejo: lanches, hamb\u00fargueres, past\u00e9is, esfihas, pizzas, tapiocas, sushi, comida caseira a pre\u00e7o acess\u00edvel e culin\u00e1ria mais sofisticada.&nbsp;<strong>Os vegetarianos\/veganos&nbsp;<\/strong>podem recorrer tamb\u00e9m ao&nbsp;<strong>Cantinho da Duca<\/strong>.<\/p>\n<p><img loading=\"lazy\" decoding=\"async\" class=\"size-full wp-image-16162 aligncenter\" src=\"http:\/\/quantocustaviajar.com\/blog\/wp-content\/uploads\/2017\/05\/o-que-fazer-em-caraiva-3.jpg\" alt=\"\" width=\"650\" height=\"650\" srcset=\"https:\/\/quantocustaviajar.com\/blog\/wp-content\/uploads\/2017\/05\/o-que-fazer-em-caraiva-3.jpg 650w, https:\/\/quantocustaviajar.com\/blog\/wp-content\/uploads\/2017\/05\/o-que-fazer-em-caraiva-3-150x150.jpg 150w, https:\/\/quantocustaviajar.com\/blog\/wp-content\/uploads\/2017\/05\/o-que-fazer-em-caraiva-3-300x300.jpg 300w, https:\/\/quantocustaviajar.com\/blog\/wp-content\/uploads\/2017\/05\/o-que-fazer-em-caraiva-3-400x400.jpg 400w, https:\/\/quantocustaviajar.com\/blog\/wp-content\/uploads\/2017\/05\/o-que-fazer-em-caraiva-3-177x177.jpg 177w, https:\/\/quantocustaviajar.com\/blog\/wp-content\/uploads\/2017\/05\/o-que-fazer-em-caraiva-3-380x380.jpg 380w\" sizes=\"auto, (max-width: 650px) 100vw, 650px\" \/><\/p>\n<p style=\"text-align: center;\"><em>Tapioca e mate gelado no final da tarde, na sombrinha a beira do rio do Vai Caf\u00e9?.<\/em><\/p>\n<p><img loading=\"lazy\" decoding=\"async\" class=\"size-full wp-image-16185 aligncenter\" src=\"http:\/\/quantocustaviajar.com\/blog\/wp-content\/uploads\/2017\/06\/guia-de-caraiva-7.jpg\" alt=\"\" width=\"650\" height=\"867\" srcset=\"https:\/\/quantocustaviajar.com\/blog\/wp-content\/uploads\/2017\/06\/guia-de-caraiva-7.jpg 650w, https:\/\/quantocustaviajar.com\/blog\/wp-content\/uploads\/2017\/06\/guia-de-caraiva-7-225x300.jpg 225w, https:\/\/quantocustaviajar.com\/blog\/wp-content\/uploads\/2017\/06\/guia-de-caraiva-7-400x534.jpg 400w\" sizes=\"auto, (max-width: 650px) 100vw, 650px\" \/><\/p>\n<p>Al\u00e9m de passear pelas lojinhas, bares e curtir a praia, \u00e9 poss\u00edvel fazer passeios para a Praia do Espelho, Praia do Satu e <a href=\"https:\/\/quantocustaviajar.com\/blog\/corumbau-guia\/\">Corumbau<\/a>, mas isso fica para outro post. Aproveite a estadia para visitar a <strong>aldeia de Barra Velha<\/strong>, onde vivem v\u00e1rias fam\u00edlias Patax\u00f3s. Comprei um bocado de artesanato e utilit\u00e1rios deles, como talheres de madeira que j\u00e1 usei diversas vezes e garanto que n\u00e3o estragam. Se n\u00e3o der tempo de ir, na estrada de Trancoso h\u00e1 algumas barraquinhas.<\/p>\n<p>Em terra de \u00edndio ningu\u00e9m tasca. Ou n\u00e3o deveria. Por enquanto, esse vilarejo tem tudo em seu devido lugar, sem prejudicar suas maravilhas naturais e seu povo. Como diz a faixa colorida ao lado da igreja,<strong><em> &#8220;Senhor do Bonfim aben\u00e7oai essa gente incr\u00edvel&#8221;<\/em><\/strong>. Independente da sua f\u00e9, estando neste solo t\u00e3o sagrado, voc\u00ea acredita, abra\u00e7a a ideia e pede sempre para poder voltar. Salve, Cara\u00edva!<\/p>\n<p><img loading=\"lazy\" decoding=\"async\" class=\"size-full wp-image-16184 aligncenter\" src=\"http:\/\/quantocustaviajar.com\/blog\/wp-content\/uploads\/2017\/06\/guia-de-caraiva-3.jpg\" alt=\"\" width=\"650\" height=\"488\" srcset=\"https:\/\/quantocustaviajar.com\/blog\/wp-content\/uploads\/2017\/06\/guia-de-caraiva-3.jpg 650w, https:\/\/quantocustaviajar.com\/blog\/wp-content\/uploads\/2017\/06\/guia-de-caraiva-3-300x225.jpg 300w, https:\/\/quantocustaviajar.com\/blog\/wp-content\/uploads\/2017\/06\/guia-de-caraiva-3-400x300.jpg 400w\" sizes=\"auto, (max-width: 650px) 100vw, 650px\" \/><\/p>\n<h2><span class=\"ez-toc-section\" id=\"Onde_ficar_em_Caraiva\"><\/span>Onde ficar em Cara\u00edva<span class=\"ez-toc-section-end\"><\/span><\/h2>\n<p>Existe um bocado de op\u00e7\u00f5es em Cara\u00edva, incluindo casas para aluguel a um bom pre\u00e7o no Airbnb. A pousada <a href=\"https:\/\/www.booking.com\/hotel\/br\/pousada-coco-brasil.pt-br.html?aid=2161834\" target=\"_blank\" rel=\"noopener noreferrer\"><strong>Coco Brasil<\/strong><\/a> \u00e9 uma boa op\u00e7\u00e3o para ficar perto da praia e com conforto.<\/p>\n<p>Escolhi o hostel <a href=\"https:\/\/www.booking.com\/hotel\/br\/ondas-caraiva-caraiva2.pt-br.html?aid=2161834\" target=\"_blank\" rel=\"noopener noreferrer\"><strong>Onda&#8217;s Cara\u00edva<\/strong><\/a>. Gostei bastante das instala\u00e7\u00f5es, mas especialmente da localiza\u00e7\u00e3o,&nbsp;na rua Doze de Outubro, paralela com a praia e a poucos &#8220;quarteir\u00f5es&#8221; do rio. Espia s\u00f3 a \u00e1rea onde a gente comia. Isso sim \u00e9 vida!<\/p>\n<blockquote><p><a href=\"https:\/\/www.booking.com\/searchresults.pt-br.html?aid=2161834&amp;sid=9ac09e03d380fbb00e06d17dd4f28ec7&amp;sb=1&amp;sb_lp=1&amp;src=index&amp;src_elem=sb&amp;error_url=https%3A%2F%2Fwww.booking.com%2Findex.pt-br.html%3Faid%3D2161834%26sid%3D9ac09e03d380fbb00e06d17dd4f28ec7%26sb_price_type%3Dtotal%26&amp;ss=Cara%C3%ADva%2C+Bahia%2C+Brasil&amp;is_ski_area=&amp;ssne=Algarrobo&amp;ssne_untouched=Algarrobo&amp;checkin_year=2025&amp;checkin_month=2&amp;checkin_monthday=7&amp;checkout_year=2025&amp;checkout_month=2&amp;checkout_monthday=9&amp;flex_window=0&amp;efdco=1&amp;group_adults=2&amp;group_children=0&amp;no_rooms=1&amp;b_h4u_keep_filters=&amp;from_sf=1&amp;ss_raw=cara&amp;ac_position=1&amp;ac_langcode=xb&amp;ac_click_type=b&amp;ac_meta=GhAwMDVhNWRiNzg5OGEwMjE0IAEoATICeGI6BGNhcmFAAEoAUAA%3D&amp;dest_id=-635449&amp;dest_type=city&amp;place_id_lat=-16.80662&amp;place_id_lon=-39.149086&amp;search_pageview_id=005a5db7898a0214&amp;search_selected=true&amp;search_pageview_id=005a5db7898a0214&amp;ac_suggestion_list_length=5&amp;ac_suggestion_theme_list_length=0\" target=\"_blank\" rel=\"noopener noreferrer\">Confira aqui outras op\u00e7\u00f5es de hospedagem em Cara\u00edva<\/a><\/p><\/blockquote>\n<p><img loading=\"lazy\" decoding=\"async\" class=\"size-full wp-image-16186 aligncenter\" src=\"http:\/\/quantocustaviajar.com\/blog\/wp-content\/uploads\/2017\/06\/hostel-em-caraiva.jpg\" alt=\"\" width=\"650\" height=\"488\" srcset=\"https:\/\/quantocustaviajar.com\/blog\/wp-content\/uploads\/2017\/06\/hostel-em-caraiva.jpg 650w, https:\/\/quantocustaviajar.com\/blog\/wp-content\/uploads\/2017\/06\/hostel-em-caraiva-300x225.jpg 300w, https:\/\/quantocustaviajar.com\/blog\/wp-content\/uploads\/2017\/06\/hostel-em-caraiva-400x300.jpg 400w\" sizes=\"auto, (max-width: 650px) 100vw, 650px\" \/><\/p>\n<p style=\"text-align: center;\"><em>\u00cdndios Patax\u00f3s representam boa parte dos moradores locais<\/em><\/p>\n<p><img loading=\"lazy\" decoding=\"async\" class=\"aligncenter wp-image-16183 size-full\" src=\"https:\/\/quantocustaviajar.com\/blog\/wp-content\/uploads\/2017\/06\/guia-de-caraiva-2.jpg\" alt=\"Cara\u00edva\" width=\"650\" height=\"488\" srcset=\"https:\/\/quantocustaviajar.com\/blog\/wp-content\/uploads\/2017\/06\/guia-de-caraiva-2.jpg 650w, https:\/\/quantocustaviajar.com\/blog\/wp-content\/uploads\/2017\/06\/guia-de-caraiva-2-300x225.jpg 300w, https:\/\/quantocustaviajar.com\/blog\/wp-content\/uploads\/2017\/06\/guia-de-caraiva-2-400x300.jpg 400w\" sizes=\"auto, (max-width: 650px) 100vw, 650px\" \/><\/p>\n<h2><span class=\"ez-toc-section\" id=\"Como_chegar\"><\/span>Como chegar<span class=\"ez-toc-section-end\"><\/span><\/h2>\n<p>A melhor op\u00e7\u00e3o \u00e9 pegar <a href=\"https:\/\/www.turismocity.com.br\/passagens-aereas-para-BPS-Porto_Seguro?utm_source=qcv&amp;utm_medium=blog\" target=\"_blank\" rel=\"noopener noreferrer\"><strong>um voo at\u00e9 Porto Seguro<\/strong><\/a>, do pr\u00f3prio aeroporto existem t\u00e1xis que fazem o trajeto at\u00e9 Cara\u00edva.<\/p>\n<p>Voc\u00ea pode optar por <a href=\"https:\/\/www.turismocity.com.br\/carros\" target=\"_blank\" rel=\"noopener noreferrer\"><strong>alugar um carro em Porto Seguro<\/strong><\/a> e ir por conta pr\u00f3pria mas lembre-se que em Cara\u00edva mesmo n\u00e3o entra carro, voc\u00ea dever\u00e1 deixar o carro alugado no estacionamento do outro lado do Rio Cara\u00edva e atravessar uma balsa de nativos para chegar no centro de Cara\u00edva.<\/p>\n<p style=\"text-align: center;\"><em>A pracinha da igreja, onde acontecem festas e encontros<\/em><\/p>\n<p><img loading=\"lazy\" decoding=\"async\" class=\"aligncenter wp-image-16180 size-full\" src=\"https:\/\/quantocustaviajar.com\/blog\/wp-content\/uploads\/2017\/06\/guia-de-caraiva-5.jpg\" alt=\"Cara\u00edva\" width=\"650\" height=\"488\" srcset=\"https:\/\/quantocustaviajar.com\/blog\/wp-content\/uploads\/2017\/06\/guia-de-caraiva-5.jpg 650w, https:\/\/quantocustaviajar.com\/blog\/wp-content\/uploads\/2017\/06\/guia-de-caraiva-5-300x225.jpg 300w, https:\/\/quantocustaviajar.com\/blog\/wp-content\/uploads\/2017\/06\/guia-de-caraiva-5-400x300.jpg 400w\" sizes=\"auto, (max-width: 650px) 100vw, 650px\" \/><\/p>\n<p style=\"text-align: center;\"><a href=\"https:\/\/quantocustaviajar.com\/blog\/lugares-imperdiveis-na-bahia\/\" target=\"_blank\" rel=\"noopener noreferrer\"><strong>Confira outras cidades lindas para conhecer na Bahia<\/strong><\/a><\/p>\n<p><img loading=\"lazy\" decoding=\"async\" class=\"aligncenter wp-image-16171 size-full\" src=\"https:\/\/quantocustaviajar.com\/blog\/wp-content\/uploads\/2017\/06\/caraiva-bahia-7.jpg\" alt=\"Cara\u00edva\" width=\"650\" height=\"488\" srcset=\"https:\/\/quantocustaviajar.com\/blog\/wp-content\/uploads\/2017\/06\/caraiva-bahia-7.jpg 650w, https:\/\/quantocustaviajar.com\/blog\/wp-content\/uploads\/2017\/06\/caraiva-bahia-7-300x225.jpg 300w, https:\/\/quantocustaviajar.com\/blog\/wp-content\/uploads\/2017\/06\/caraiva-bahia-7-400x300.jpg 400w\" sizes=\"auto, (max-width: 650px) 100vw, 650px\" \/><\/p>\n<h2><span class=\"ez-toc-section\" id=\"Quando_ir_para_Caraiva\"><\/span>Quando ir para Cara\u00edva<span class=\"ez-toc-section-end\"><\/span><\/h2>\n<p>Por <strong>Cara\u00edva<\/strong> ser localizada dentro da \u00c1rea de Prote\u00e7\u00e3o Ambiental (APA) do Parque Nacional de Monte Pascoal, o local tem um clima tropical quente e \u00famido durante a maior parte do ano, o que influencia diretamente a melhor \u00e9poca para visit\u00e1-la. Ou seja, gra\u00e7as ao Deuses das viagens \u00e9 mais um destino excelente para conhecer praticamente o ano todo.<\/p>\n<p>N\u00e3o tem tempo ruim para conhecer <strong>Cara\u00edva<\/strong>, mas alguns per\u00edodos tem caracter\u00edsticas diferentes e que podem interferir na sua decis\u00e3o de quando conhecer suas <a href=\"https:\/\/quantocustaviajar.com\/blog\/destinos-para-quem-gosta-de-praias-paradisiacas\/\">praias paradis\u00edacas<\/a>.<\/p>\n<p><strong>Ver\u00e3o:<\/strong> entre os meses de dezembro a mar\u00e7o \u00e9 a alta temporada de <strong>Cara\u00edva <\/strong>&#8211; n\u00e3o por acaso &#8211; j\u00e1 que re\u00fane calor, f\u00e9rias de v\u00e1rios brasileiros e estrangeiros e feriados como Natal, Ano Novo e Carnaval, ent\u00e3o quem quiser ir no ver\u00e3o deve se preparar para temperaturas altas, espa\u00e7os cheios, valores elevados e muita anima\u00e7\u00e3o. Nesses meses, o viajante pode esperar chuvas espor\u00e1dicas, mas que n\u00e3o devem ser insistentes.<\/p>\n<p><strong>Outono e primavera: <\/strong>durante os meses de setembro, outubro e novembro (primavera) e depois em abril, maio e come\u00e7o de junho (outono) o clima \u00e9 bom e a lota\u00e7\u00e3o bem menor, assim como os pre\u00e7os, que caem consideravelmente, mas ainda assim os viajantes devem aguardar um certo agito e n\u00e3o chega a ser a baixa temporada. Com chuvas menos frequentes e clima ameno, s\u00e3o os melhores meses para viajar e fugir do agito.<\/p>\n<p><strong>Inverno: <\/strong>nessa esta\u00e7\u00e3o \u00e9 considerada a baixa temporada de <strong>Cara\u00edva<\/strong>, entre junho, julho e agosto, e nessa \u00e9poca apesar dos bons pre\u00e7os, os dias s\u00e3o mais curtos e as chuvas podem ser mais frequentes, mas as paisagens ficam ainda mais exuberantes. \u00c9 a \u00e9poca perfeita para quem gosta de caminhar e explorar a natureza. Ainda assim, a maior parte dos dias fazem sol e n\u00e3o chega a fazer frio, ent\u00e3o ainda \u00e9 uma boa pedida.<\/p>\n<h2><span class=\"ez-toc-section\" id=\"Roteiro_de_carro_ate_Caraiva\"><\/span>Roteiro de carro at\u00e9 Cara\u00edva<span class=\"ez-toc-section-end\"><\/span><\/h2>\n<p>Uma das coisas mais legais para quem curte cair na estrada \u00e9 que para chegar em <strong>Cara\u00edva&nbsp;<\/strong>voc\u00ea pode passar por outros destinos incr\u00edveis e bem tur\u00edsticos da Bahia &#8211; e que merecem uma visita por si s\u00f3 &#8211; mas caso voc\u00ea queira, que tal fazer uma road trip e dar uma passadinha em v\u00e1rias cidades e praias lindas antes de chegar em <strong>Cara\u00edva?<\/strong><\/p>\n<p>Veja uma sugest\u00e3o de roteiro de viagem at\u00e9 <strong>Cara\u00edva<\/strong>, descendo de avi\u00e3o em Porto Seguro e seguindo viagem de carro alugado!<\/p>\n<h3><span class=\"ez-toc-section\" id=\"Dia_1_%E2%80%93_Chegada_a_Porto_Seguro\"><\/span><strong>Dia 1 \u2013 Chegada a Porto Seguro<\/strong><span class=\"ez-toc-section-end\"><\/span><\/h3>\n<ul>\n<li><strong>Manh\u00e3:<\/strong> chegada ao Aeroporto de Porto Seguro, voc\u00ea pode procurar passagens da sua cidade at\u00e9 l\u00e1 por <a href=\"https:\/\/www.turismocity.com.br\/passagens-aereas-para-BPS-Porto_Seguro?utm_source=qcv&amp;utm_medium=blog\" target=\"_blank\" rel=\"noopener\">aqui<\/a>.\n<ul>\n<li><a href=\"https:\/\/www.turismocity.com.br\/carros\" target=\"_blank\" rel=\"noopener\">Alugue um carro no aeroporto<\/a> e fa\u00e7a o check-in em sua hospedagem em Porto Seguro, que voc\u00ea pode e deve reservar antecipadamente &#8211;&nbsp;<a href=\"https:\/\/quantocustaviajar.com\/blog\/hoteis-em-porto-seguro\/\" target=\"_blank\" rel=\"noopener\">aqui temos sugest\u00f5es de hot\u00e9is em Porto Seguro<\/a><\/li>\n<\/ul>\n<\/li>\n<li><strong>Tarde:<\/strong> aproveite a praia de Taperapu\u00e3 e explore o Centro Hist\u00f3rico de Porto Seguro.<\/li>\n<li><strong>Noite:<\/strong> explore a famosa <strong>Passarela do Descobrimento<\/strong> (Passarela do \u00c1lcool para os \u00edntimos) e aproveite para experimentar a culin\u00e1ria baiana e artesanato local.<\/li>\n<\/ul>\n<h3><span class=\"ez-toc-section\" id=\"Dia_2_%E2%80%93_Arraial_dAjuda\"><\/span><strong>Dia 2 \u2013 Arraial d&#8217;Ajuda<\/strong><span class=\"ez-toc-section-end\"><\/span><\/h3>\n<ul>\n<li><strong>Manh\u00e3:<\/strong> acorde bem cedinho e caia na estrada j\u00e1 em dire\u00e7\u00e3o ao nosso primeiro destino da road trip, Arraial d&#8217;Ajuda, que fica pertinho de Porto, a aproximadamente 10 km, e vamos come\u00e7ar a descer no mapa baiano em dire\u00e7\u00e3o \u00e0 <strong>Cara\u00edva<\/strong>.<\/li>\n<li><strong>Tarde:<\/strong> chegando l\u00e1, fa\u00e7a check in no seu hotel e relaxe na Praia de Pitinga ou Praia do Mucug\u00ea, duas das mais famosas e belas praias da regi\u00e3o.<\/li>\n<li><strong>Noite:<\/strong> jante na Rua do Mucug\u00ea, repleta de bares e restaurantes charmosos.<\/li>\n<\/ul>\n<h3><span class=\"ez-toc-section\" id=\"Dia_3_e_4_%E2%80%93_Trancoso\"><\/span><strong>Dia 3 e 4 \u2013 Trancoso<\/strong><span class=\"ez-toc-section-end\"><\/span><\/h3>\n<ul>\n<li><strong>Manh\u00e3:<\/strong> mais um dia acordando cedo e seguindo viagem para Trancoso (aproximadamente 40 km de Arraial d&#8217;Ajuda), vamos ficar dois dias na cidade para voc\u00ea aproveitar as praias e explorar os pontos tur\u00edsticos. Chegue l\u00e1, fa\u00e7a check in no hotel e bora para a praia!\n<ul>\n<li>Passe a manh\u00e3 na praia;<\/li>\n<\/ul>\n<\/li>\n<li><strong>Tarde:<\/strong> explore o Quadrado, o centro hist\u00f3rico e colorido de Trancoso, e visite a Igreja de S\u00e3o Jo\u00e3o Batista.<\/li>\n<li><strong>Noite:<\/strong> desfrute de um jantar no Quadrado, com op\u00e7\u00f5es sofisticadas de culin\u00e1ria local e internacional.<\/li>\n<\/ul>\n<h3><span class=\"ez-toc-section\" id=\"Dia_4_%E2%80%93_Trancoso_e_Praia_do_Espelho\"><\/span><strong>Dia 4 \u2013 Trancoso e Praia do Espelho<\/strong><span class=\"ez-toc-section-end\"><\/span><\/h3>\n<ul>\n<li><strong>Dia todo: <\/strong>ainda em Trancoso, o viajante pode optar por passar o dia nas praias da cidade ou ir at\u00e9&nbsp; Praia do Espelho, consideradas uma das mais bonitas do Brasil, com \u00e1guas cristalinas e fal\u00e9sias. Esta praia fica a 25 km de Trancoso e voc\u00ea pode passar o dia todo curtindo a praia que \u00e9 bem reservada e no final do dia voltar para Trancoso.<\/li>\n<\/ul>\n<h3><span class=\"ez-toc-section\" id=\"Dia_5_%E2%80%93_Caraiva\"><\/span><strong>Dia 5 \u2013 Cara\u00edva<\/strong><span class=\"ez-toc-section-end\"><\/span><\/h3>\n<ul>\n<li><strong>Manh\u00e3:<\/strong> Finalmente vamos nos dirigir para o destino fina, <strong>Cara\u00edva<\/strong>, que fica a aproximadamente 40 km de Trancoso, incluindo estrada de terra no final.\n<ul>\n<li>Deixe o carro em um estacionamento e atravesse o rio de barco para chegar \u00e0 vila.<\/li>\n<\/ul>\n<\/li>\n<li><strong>Tarde:<\/strong> chegando em <strong>Cara\u00edva<\/strong>, fa\u00e7a check in na sua pousada e v\u00e1 explorar a <strong>Praia de Cara\u00edva<\/strong>, com suas \u00e1guas cristalinas e tranquilidade.<\/li>\n<li><strong>Noite:<\/strong> aproveite de um jantar em um dos restaurantes r\u00fasticos da vila e curta o clima calmo de <strong>Cara\u00edva<\/strong> \u00e0 noite.<\/li>\n<\/ul>\n<h3><span class=\"ez-toc-section\" id=\"Dia_6_e_7_%E2%80%93_Caraiva\"><\/span><strong>Dia 6 e 7 &#8211; Cara\u00edva<\/strong><span class=\"ez-toc-section-end\"><\/span><\/h3>\n<p>No sexto e s\u00e9timo dia de viagem aproveite para desacelerar o ritmo e curtir <strong>Cara\u00edva<\/strong>, destino final dessa aventura e aproveite o clima tranquilo para aproveitar o mar, as praias e a natureza.<\/p>\n<h3><span class=\"ez-toc-section\" id=\"Dia_8_%E2%80%93_Retorno_a_Porto_Seguro\"><\/span><strong>Dia 8 \u2013 Retorno a Porto Seguro<\/strong><span class=\"ez-toc-section-end\"><\/span><\/h3>\n<ul>\n<li><strong>Manh\u00e3:<\/strong> e nossa viagem chega ao fim! Pegue o barco de volta para o estacionamento e inicie a viagem de volta a <strong>Porto Seguro<\/strong> (aproximadamente 3h30 de carro) e v\u00e1 para o aeroporto para pegar seu voo at\u00e9 sua casa.<\/li>\n<\/ul>\n<h3><span class=\"ez-toc-section\" id=\"Dicas_Gerais\"><\/span>Dicas Gerais:<span class=\"ez-toc-section-end\"><\/span><\/h3>\n<ul>\n<li><strong>Estradas:<\/strong> a partir de Trancoso, a estrada para <strong>Cara\u00edva<\/strong> tem trechos de terra. Um carro alugado com tra\u00e7\u00e3o 4&#215;4 pode ser \u00fatil.<\/li>\n<li><strong>Dinheiro:<\/strong> leve dinheiro em esp\u00e9cie para <strong>Cara\u00edva<\/strong>, pois a vila tem estrutura r\u00fastica e poucos estabelecimentos aceitam cart\u00f5es.<\/li>\n<\/ul>\n<p><span style=\"font-size: revert; color: initial;\">Partiu para\u00edso?!<\/span><\/p>\n<p><i><span style=\"font-weight: 400;\">Post por: Brunella Nuner e Izabella Fontana<\/span><\/i><\/p>\n<p><i><span style=\"font-weight: 400;\">Fotos: Brunella Nunes<\/span><\/i><\/p>\n","protected":false},"excerpt":{"rendered":"<p>Um dos destinos&nbsp;mais especiais do Brasil, Cara\u00edva \u00e9 um pequeno peda\u00e7o de para\u00edso no Sul da Bahia. A vila de pescadores \u00e9 dominada em partes por mineiros, que &#8220;comem quietos&#8221; dessa fonte, e por \u00edndios Patax\u00f3s. Com luz el\u00e9trica desde 2007, a comunidade cresceu e agora lucra com o turismo, mas ainda assim permanece r\u00fastica. [&hellip;]<\/p>\n","protected":false},"author":18,"featured_media":16169,"comment_status":"open","ping_status":"open","sticky":false,"template":"","format":"standard","meta":{"cybocfi_hide_featured_image":"","footnotes":""},"categories":[1437,1434],"tags":[1485,272,266,1179,183,77,89,195,74,73,211,286,865,1101,529,1178,309,182,141,124,764,594,938],"class_list":["post-15993","post","type-post","status-publish","format-standard","has-post-thumbnail","hentry","category-ao-ar-livre","category-descubra-brasil","tag-americadosul","tag-bahia","tag-brasil","tag-caraiva","tag-destinos","tag-dicas","tag-gastronomia","tag-guia","tag-hospedagem","tag-hostel","tag-o-que-fazer","tag-onde-comer","tag-onde-dormir","tag-onde-ficar","tag-onde-ir","tag-porto-seguro","tag-praia","tag-praias-secretas","tag-restaurantes","tag-roteiro","tag-viagem-de-carro","tag-vida-noturna","tag-vila"],"blocksy_meta":[],"yoast_head":"<!-- This site is optimized with the Yoast SEO plugin v26.3 - https:\/\/yoast.com\/wordpress\/plugins\/seo\/ -->\n<title>Cara\u00edva: um pequeno peda\u00e7o de para\u00edso no sul da Bahia\u00a0<\/title>\n<meta name=\"description\" content=\"Um dos destinos mais especiais do Brasil, Cara\u00edva \u00e9 um pequeno peda\u00e7o de para\u00edso no Sul da Bahia. Confira tudo sobre esse lugar m\u00e1gico!\" \/>\n<meta name=\"robots\" content=\"index, follow, max-snippet:-1, max-image-preview:large, max-video-preview:-1\" \/>\n<link rel=\"canonical\" href=\"https:\/\/quantocustaviajar.com\/blog\/caraiva-sul-da-bahia\/\" \/>\n<meta property=\"og:locale\" content=\"pt_BR\" \/>\n<meta property=\"og:type\" content=\"article\" \/>\n<meta property=\"og:title\" content=\"Cara\u00edva: um pequeno peda\u00e7o de para\u00edso no sul da Bahia\u00a0\" \/>\n<meta property=\"og:description\" content=\"Um dos destinos mais especiais do Brasil, Cara\u00edva \u00e9 um pequeno peda\u00e7o de para\u00edso no Sul da Bahia. Confira tudo sobre esse lugar m\u00e1gico!\" \/>\n<meta property=\"og:url\" content=\"https:\/\/quantocustaviajar.com\/blog\/caraiva-sul-da-bahia\/\" \/>\n<meta property=\"og:site_name\" content=\"Blog Quanto Custa Viajar\" \/>\n<meta property=\"article:publisher\" content=\"https:\/\/www.facebook.com\/quantocustaviajar\" \/>\n<meta property=\"article:published_time\" content=\"2024-06-05T14:10:00+00:00\" \/>\n<meta property=\"article:modified_time\" content=\"2025-01-27T14:08:36+00:00\" \/>\n<meta property=\"og:image\" content=\"https:\/\/quantocustaviajar.com\/blog\/wp-content\/uploads\/2017\/06\/caraiva.jpg\" \/>\n\t<meta property=\"og:image:width\" content=\"800\" \/>\n\t<meta property=\"og:image:height\" content=\"453\" \/>\n\t<meta property=\"og:image:type\" content=\"image\/jpeg\" \/>\n<meta name=\"author\" content=\"Izabella Miranda\" \/>\n<meta name=\"twitter:card\" content=\"summary_large_image\" \/>\n<meta name=\"twitter:label1\" content=\"Escrito por\" \/>\n\t<meta name=\"twitter:data1\" content=\"Izabella Miranda\" \/>\n\t<meta name=\"twitter:label2\" content=\"Est. tempo de leitura\" \/>\n\t<meta name=\"twitter:data2\" content=\"14 minutos\" \/>\n<!-- \/ Yoast SEO plugin. -->","yoast_head_json":{"title":"Cara\u00edva: um pequeno peda\u00e7o de para\u00edso no sul da Bahia\u00a0","description":"Um dos destinos mais especiais do Brasil, Cara\u00edva \u00e9 um pequeno peda\u00e7o de para\u00edso no Sul da Bahia. Confira tudo sobre esse lugar m\u00e1gico!","robots":{"index":"index","follow":"follow","max-snippet":"max-snippet:-1","max-image-preview":"max-image-preview:large","max-video-preview":"max-video-preview:-1"},"canonical":"https:\/\/quantocustaviajar.com\/blog\/caraiva-sul-da-bahia\/","og_locale":"pt_BR","og_type":"article","og_title":"Cara\u00edva: um pequeno peda\u00e7o de para\u00edso no sul da Bahia\u00a0","og_description":"Um dos destinos mais especiais do Brasil, Cara\u00edva \u00e9 um pequeno peda\u00e7o de para\u00edso no Sul da Bahia. Confira tudo sobre esse lugar m\u00e1gico!","og_url":"https:\/\/quantocustaviajar.com\/blog\/caraiva-sul-da-bahia\/","og_site_name":"Blog Quanto Custa Viajar","article_publisher":"https:\/\/www.facebook.com\/quantocustaviajar","article_published_time":"2024-06-05T14:10:00+00:00","article_modified_time":"2025-01-27T14:08:36+00:00","og_image":[{"width":800,"height":453,"url":"https:\/\/quantocustaviajar.com\/blog\/wp-content\/uploads\/2017\/06\/caraiva.jpg","type":"image\/jpeg"}],"author":"Izabella Miranda","twitter_card":"summary_large_image","twitter_misc":{"Escrito por":"Izabella Miranda","Est. tempo de leitura":"14 minutos"},"schema":{"@context":"https:\/\/schema.org","@graph":[{"@type":["Article","BlogPosting"],"@id":"https:\/\/quantocustaviajar.com\/blog\/caraiva-sul-da-bahia\/#article","isPartOf":{"@id":"https:\/\/quantocustaviajar.com\/blog\/caraiva-sul-da-bahia\/"},"author":{"name":"Izabella Miranda","@id":"https:\/\/quantocustaviajar.com\/blog\/#\/schema\/person\/595118451f4120870051de530232399d"},"headline":"Cara\u00edva: um pequeno peda\u00e7o de para\u00edso no sul da Bahia","datePublished":"2024-06-05T14:10:00+00:00","dateModified":"2025-01-27T14:08:36+00:00","mainEntityOfPage":{"@id":"https:\/\/quantocustaviajar.com\/blog\/caraiva-sul-da-bahia\/"},"wordCount":2195,"commentCount":20,"publisher":{"@id":"https:\/\/quantocustaviajar.com\/blog\/#organization"},"image":{"@id":"https:\/\/quantocustaviajar.com\/blog\/caraiva-sul-da-bahia\/#primaryimage"},"thumbnailUrl":"https:\/\/quantocustaviajar.com\/blog\/wp-content\/uploads\/2017\/05\/caraiva-8.jpg","keywords":["americadosul","Bahia","Brasil","Cara\u00edva","destinos","dicas","gastronomia","guia","hospedagem","hostel","o que fazer","onde comer","onde dormir","onde ficar","onde ir","Porto Seguro","praia","praias secretas","restaurantes","roteiro","viagem de carro","vida noturna","vila"],"articleSection":["Ao Ar Livre","Descubra o Brasil"],"inLanguage":"pt-BR","potentialAction":[{"@type":"CommentAction","name":"Comment","target":["https:\/\/quantocustaviajar.com\/blog\/caraiva-sul-da-bahia\/#respond"]}]},{"@type":"WebPage","@id":"https:\/\/quantocustaviajar.com\/blog\/caraiva-sul-da-bahia\/","url":"https:\/\/quantocustaviajar.com\/blog\/caraiva-sul-da-bahia\/","name":"Cara\u00edva: um pequeno peda\u00e7o de para\u00edso no sul da Bahia\u00a0","isPartOf":{"@id":"https:\/\/quantocustaviajar.com\/blog\/#website"},"primaryImageOfPage":{"@id":"https:\/\/quantocustaviajar.com\/blog\/caraiva-sul-da-bahia\/#primaryimage"},"image":{"@id":"https:\/\/quantocustaviajar.com\/blog\/caraiva-sul-da-bahia\/#primaryimage"},"thumbnailUrl":"https:\/\/quantocustaviajar.com\/blog\/wp-content\/uploads\/2017\/05\/caraiva-8.jpg","datePublished":"2024-06-05T14:10:00+00:00","dateModified":"2025-01-27T14:08:36+00:00","description":"Um dos destinos mais especiais do Brasil, Cara\u00edva \u00e9 um pequeno peda\u00e7o de para\u00edso no Sul da Bahia. Confira tudo sobre esse lugar m\u00e1gico!","breadcrumb":{"@id":"https:\/\/quantocustaviajar.com\/blog\/caraiva-sul-da-bahia\/#breadcrumb"},"inLanguage":"pt-BR","potentialAction":[{"@type":"ReadAction","target":["https:\/\/quantocustaviajar.com\/blog\/caraiva-sul-da-bahia\/"]}]},{"@type":"ImageObject","inLanguage":"pt-BR","@id":"https:\/\/quantocustaviajar.com\/blog\/caraiva-sul-da-bahia\/#primaryimage","url":"https:\/\/quantocustaviajar.com\/blog\/wp-content\/uploads\/2017\/05\/caraiva-8.jpg","contentUrl":"https:\/\/quantocustaviajar.com\/blog\/wp-content\/uploads\/2017\/05\/caraiva-8.jpg","width":650,"height":488,"caption":"Foto: Brunella Nunes"},{"@type":"BreadcrumbList","@id":"https:\/\/quantocustaviajar.com\/blog\/caraiva-sul-da-bahia\/#breadcrumb","itemListElement":[{"@type":"ListItem","position":1,"name":"In\u00edcio","item":"https:\/\/quantocustaviajar.com\/blog\/"},{"@type":"ListItem","position":2,"name":"Cara\u00edva: um pequeno peda\u00e7o de para\u00edso no sul da Bahia"}]},{"@type":"WebSite","@id":"https:\/\/quantocustaviajar.com\/blog\/#website","url":"https:\/\/quantocustaviajar.com\/blog\/","name":"Blog Quanto Custa Viajar","description":"","publisher":{"@id":"https:\/\/quantocustaviajar.com\/blog\/#organization"},"potentialAction":[{"@type":"SearchAction","target":{"@type":"EntryPoint","urlTemplate":"https:\/\/quantocustaviajar.com\/blog\/?s={search_term_string}"},"query-input":{"@type":"PropertyValueSpecification","valueRequired":true,"valueName":"search_term_string"}}],"inLanguage":"pt-BR"},{"@type":"Organization","@id":"https:\/\/quantocustaviajar.com\/blog\/#organization","name":"Quanto Custa Viajar","url":"https:\/\/quantocustaviajar.com\/blog\/","logo":{"@type":"ImageObject","inLanguage":"pt-BR","@id":"https:\/\/quantocustaviajar.com\/blog\/#\/schema\/logo\/image\/","url":"","contentUrl":"","caption":"Quanto Custa Viajar"},"image":{"@id":"https:\/\/quantocustaviajar.com\/blog\/#\/schema\/logo\/image\/"},"sameAs":["https:\/\/www.facebook.com\/quantocustaviajar"]},{"@type":"Person","@id":"https:\/\/quantocustaviajar.com\/blog\/#\/schema\/person\/595118451f4120870051de530232399d","name":"Izabella Miranda","image":{"@type":"ImageObject","inLanguage":"pt-BR","@id":"https:\/\/quantocustaviajar.com\/blog\/#\/schema\/person\/image\/","url":"https:\/\/secure.gravatar.com\/avatar\/eb1c9c8ed6c596023f48930e960ff440b8cad6a3beabb6b619d3504ad832c628?s=96&d=mm&r=g","contentUrl":"https:\/\/secure.gravatar.com\/avatar\/eb1c9c8ed6c596023f48930e960ff440b8cad6a3beabb6b619d3504ad832c628?s=96&d=mm&r=g","caption":"Izabella Miranda"},"description":"Jornalista por profiss\u00e3o e planejadora de viagens nas horas vagas.","url":"https:\/\/quantocustaviajar.com\/blog\/author\/izabella\/"}]}},"_links":{"self":[{"href":"https:\/\/quantocustaviajar.com\/blog\/wp-json\/wp\/v2\/posts\/15993","targetHints":{"allow":["GET"]}}],"collection":[{"href":"https:\/\/quantocustaviajar.com\/blog\/wp-json\/wp\/v2\/posts"}],"about":[{"href":"https:\/\/quantocustaviajar.com\/blog\/wp-json\/wp\/v2\/types\/post"}],"author":[{"embeddable":true,"href":"https:\/\/quantocustaviajar.com\/blog\/wp-json\/wp\/v2\/users\/18"}],"replies":[{"embeddable":true,"href":"https:\/\/quantocustaviajar.com\/blog\/wp-json\/wp\/v2\/comments?post=15993"}],"version-history":[{"count":15,"href":"https:\/\/quantocustaviajar.com\/blog\/wp-json\/wp\/v2\/posts\/15993\/revisions"}],"predecessor-version":[{"id":72644,"href":"https:\/\/quantocustaviajar.com\/blog\/wp-json\/wp\/v2\/posts\/15993\/revisions\/72644"}],"wp:featuredmedia":[{"embeddable":true,"href":"https:\/\/quantocustaviajar.com\/blog\/wp-json\/wp\/v2\/media\/16169"}],"wp:attachment":[{"href":"https:\/\/quantocustaviajar.com\/blog\/wp-json\/wp\/v2\/media?parent=15993"}],"wp:term":[{"taxonomy":"category","embeddable":true,"href":"https:\/\/quantocustaviajar.com\/blog\/wp-json\/wp\/v2\/categories?post=15993"},{"taxonomy":"post_tag","embeddable":true,"href":"https:\/\/quantocustaviajar.com\/blog\/wp-json\/wp\/v2\/tags?post=15993"}],"curies":[{"name":"wp","href":"https:\/\/api.w.org\/{rel}","templated":true}]}}