{"id":15990,"date":"2024-12-05T14:33:00","date_gmt":"2024-12-05T14:33:00","guid":{"rendered":"http:\/\/quantocustaviajar.com\/blog\/?p=15990"},"modified":"2025-06-10T19:22:40","modified_gmt":"2025-06-10T19:22:40","slug":"as-melhores-praias-de-portugal","status":"publish","type":"post","link":"https:\/\/quantocustaviajar.com\/blog\/as-melhores-praias-de-portugal\/","title":{"rendered":"As melhores praias de Portugal para curtir no pr\u00f3ximo ver\u00e3o"},"content":{"rendered":"<p>O ensolarado ver\u00e3o europeu, que vai de junho a meados de setembro, \u00e9 um dos mais badalados do mundo. <a href=\"http:\/\/quantocustaviajar.com\/portugal\/lisboa\" target=\"_blank\" rel=\"noopener noreferrer\"><strong>Lisboa<\/strong><\/a> \u00e9 a \u00fanica capital do continente virada para o mar, o que garante curtas dist\u00e2ncias at\u00e9 o litoral. Bora come\u00e7ar a se planejar? Selecionamos<strong> as melhores praias de Portugal<\/strong> para curtir nas pr\u00f3ximas f\u00e9rias.<\/p><div id=\"ez-toc-container\" class=\"ez-toc-v2_0_76 ez-toc-wrap-left counter-hierarchy ez-toc-counter ez-toc-light-blue ez-toc-container-direction\">\n<div class=\"ez-toc-title-container\">\n<p class=\"ez-toc-title\" style=\"cursor:inherit\">Aqui voc\u00ea ir\u00e1 encontrar<\/p>\n<span class=\"ez-toc-title-toggle\"><a href=\"#\" class=\"ez-toc-pull-right ez-toc-btn ez-toc-btn-xs ez-toc-btn-default ez-toc-toggle\" aria-label=\"Alternar tabela de conte\u00fado\"><span class=\"ez-toc-js-icon-con\"><span class=\"\"><span class=\"eztoc-hide\" style=\"display:none;\">Toggle<\/span><span class=\"ez-toc-icon-toggle-span\"><svg style=\"fill: #999;color:#999\" xmlns=\"http:\/\/www.w3.org\/2000\/svg\" class=\"list-377408\" width=\"20px\" height=\"20px\" viewBox=\"0 0 24 24\" fill=\"none\"><path d=\"M6 6H4v2h2V6zm14 0H8v2h12V6zM4 11h2v2H4v-2zm16 0H8v2h12v-2zM4 16h2v2H4v-2zm16 0H8v2h12v-2z\" fill=\"currentColor\"><\/path><\/svg><svg style=\"fill: #999;color:#999\" class=\"arrow-unsorted-368013\" xmlns=\"http:\/\/www.w3.org\/2000\/svg\" width=\"10px\" height=\"10px\" viewBox=\"0 0 24 24\" version=\"1.2\" baseProfile=\"tiny\"><path d=\"M18.2 9.3l-6.2-6.3-6.2 6.3c-.2.2-.3.4-.3.7s.1.5.3.7c.2.2.4.3.7.3h11c.3 0 .5-.1.7-.3.2-.2.3-.5.3-.7s-.1-.5-.3-.7zM5.8 14.7l6.2 6.3 6.2-6.3c.2-.2.3-.5.3-.7s-.1-.5-.3-.7c-.2-.2-.4-.3-.7-.3h-11c-.3 0-.5.1-.7.3-.2.2-.3.5-.3.7s.1.5.3.7z\"\/><\/svg><\/span><\/span><\/span><\/a><\/span><\/div>\n<nav><ul class='ez-toc-list ez-toc-list-level-1 ' ><li class='ez-toc-page-1 ez-toc-heading-level-2'><a class=\"ez-toc-link ez-toc-heading-1\" href=\"https:\/\/quantocustaviajar.com\/blog\/as-melhores-praias-de-portugal\/#Praias_de_Portugal\" >Praias de Portugal<\/a><ul class='ez-toc-list-level-3' ><li class='ez-toc-heading-level-3'><a class=\"ez-toc-link ez-toc-heading-2\" href=\"https:\/\/quantocustaviajar.com\/blog\/as-melhores-praias-de-portugal\/#Ilha_Berlengas_%E2%80%93_Peniche\" >Ilha Berlengas &#8211; Peniche\u00a0<\/a><\/li><li class='ez-toc-page-1 ez-toc-heading-level-3'><a class=\"ez-toc-link ez-toc-heading-3\" href=\"https:\/\/quantocustaviajar.com\/blog\/as-melhores-praias-de-portugal\/#Praia_de_Galapos_%E2%80%93_Setubal\" >Praia de Galapos &#8211; Set\u00fabal<\/a><\/li><li class='ez-toc-page-1 ez-toc-heading-level-3'><a class=\"ez-toc-link ez-toc-heading-4\" href=\"https:\/\/quantocustaviajar.com\/blog\/as-melhores-praias-de-portugal\/#Praia_da_Marinha_%E2%80%93_Lagoa\" >Praia da Marinha &#8211; Lagoa<\/a><\/li><li class='ez-toc-page-1 ez-toc-heading-level-3'><a class=\"ez-toc-link ez-toc-heading-5\" href=\"https:\/\/quantocustaviajar.com\/blog\/as-melhores-praias-de-portugal\/#Praia_da_Comporta_%E2%80%93_Troia\" >Praia da Comporta &#8211; Troia<\/a><\/li><li class='ez-toc-page-1 ez-toc-heading-level-3'><a class=\"ez-toc-link ez-toc-heading-6\" href=\"https:\/\/quantocustaviajar.com\/blog\/as-melhores-praias-de-portugal\/#Praia_do_Camilo_%E2%80%93_Lagos\" >Praia do Camilo &#8211; Lagos<\/a><\/li><li class='ez-toc-page-1 ez-toc-heading-level-3'><a class=\"ez-toc-link ez-toc-heading-7\" href=\"https:\/\/quantocustaviajar.com\/blog\/as-melhores-praias-de-portugal\/#Praia_da_Conceicao_%E2%80%93_Cascais\" >Praia da Concei\u00e7\u00e3o &#8211; Cascais<\/a><\/li><li class='ez-toc-page-1 ez-toc-heading-level-3'><a class=\"ez-toc-link ez-toc-heading-8\" href=\"https:\/\/quantocustaviajar.com\/blog\/as-melhores-praias-de-portugal\/#Praia_do_Porto_Santo_%E2%80%93_Madeira\" >Praia do Porto Santo &#8211; Madeira<\/a><\/li><li class='ez-toc-page-1 ez-toc-heading-level-3'><a class=\"ez-toc-link ez-toc-heading-9\" href=\"https:\/\/quantocustaviajar.com\/blog\/as-melhores-praias-de-portugal\/#Praia_de_Odeceixe_%E2%80%93_Algarve\" >Praia de Odeceixe &#8211; Algarve<\/a><\/li><li class='ez-toc-page-1 ez-toc-heading-level-3'><a class=\"ez-toc-link ez-toc-heading-10\" href=\"https:\/\/quantocustaviajar.com\/blog\/as-melhores-praias-de-portugal\/#Portinho_da_Arrabida_%E2%80%93_Setubal\" >Portinho da Arr\u00e1bida &#8211; Set\u00fabal<\/a><\/li><\/ul><\/li><li class='ez-toc-page-1 ez-toc-heading-level-2'><a class=\"ez-toc-link ez-toc-heading-11\" href=\"https:\/\/quantocustaviajar.com\/blog\/as-melhores-praias-de-portugal\/#Quando_ir_para_as_praias_de_Portugal\" >Quando ir para as praias de Portugal<\/a><\/li><\/ul><\/nav><\/div>\n\n<p>Banhada pelo oceano Atl\u00e2ntico, a costa portuguesa tem<strong> \u00e1guas que n\u00e3o costumam ir al\u00e9m dos 15 ou 20 graus<\/strong>, o que refresca os banhistas em dias quentes. Outro ponto atraente do pa\u00eds \u00e9 a regi\u00e3o de <strong>Nazar\u00e9<\/strong>, que atrai surfistas com suas ondas alucinantes.<\/p>\n<p>Antes de correr para o mar, certifique-se de que a praia escolhida tenha a chamada &#8220;<strong>bandeira azul<\/strong>&#8220;, garantia de limpeza e qualidade da \u00e1gua.<\/p>\n<p><strong>Partiu Portugal? <a href=\"https:\/\/www.turismocity.com.br\/passagens-aereas-para-LIS-Lisboa?utm_source=qcv&amp;utm_medium=blog\" target=\"_blank\" rel=\"noopener\">Encontre aqui sua passagem barata para Lisboa<\/a>!<\/strong><\/p>\n<h2><span class=\"ez-toc-section\" id=\"Praias_de_Portugal\"><\/span>Praias de Portugal<span class=\"ez-toc-section-end\"><\/span><\/h2>\n<h3><span class=\"ez-toc-section\" id=\"Ilha_Berlengas_%E2%80%93_Peniche\"><\/span><strong>Ilha Berlengas &#8211; Peniche\u00a0<\/strong><span class=\"ez-toc-section-end\"><\/span><\/h3>\n<p><img loading=\"lazy\" decoding=\"async\" class=\"aligncenter wp-image-70178 size-full\" src=\"https:\/\/quantocustaviajar.com\/blog\/wp-content\/uploads\/2017\/06\/praias-de-portugal-01.jpg\" alt=\"Praias de Portugal\" width=\"1240\" height=\"930\" srcset=\"https:\/\/quantocustaviajar.com\/blog\/wp-content\/uploads\/2017\/06\/praias-de-portugal-01.jpg 1240w, https:\/\/quantocustaviajar.com\/blog\/wp-content\/uploads\/2017\/06\/praias-de-portugal-01-300x225.jpg 300w, https:\/\/quantocustaviajar.com\/blog\/wp-content\/uploads\/2017\/06\/praias-de-portugal-01-1024x768.jpg 1024w, https:\/\/quantocustaviajar.com\/blog\/wp-content\/uploads\/2017\/06\/praias-de-portugal-01-768x576.jpg 768w\" sizes=\"auto, (max-width: 1240px) 100vw, 1240px\" \/><\/p>\n<p>Foto: <a href=\"https:\/\/commons.wikimedia.org\/wiki\/File:Ilha_das_Berlengas,_Peniche.JPG\" target=\"_blank\" rel=\"noopener\">Wikimedia Commons<\/a><\/p>\n<p>O arquip\u00e9lago\u00a0tem paisagens\u00a0surpreendentes e se divide em tr\u00eas grupos de ilh\u00e9us, sendo Berlenga Grande a \u00fanica habitada e visit\u00e1vel. N\u00e3o por acaso \u00e9 chamada de\u00a0&#8220;Capital da Onda&#8221;, j\u00e1 que \u00e9 o reduto de surfistas em Peniche. O Forte S\u00e3o Jo\u00e3o Batista, no meio do oceano Atl\u00e2ntico, \u00e9 um dos principais atrativos da regi\u00e3o, al\u00e9m da costa banhada por um bel\u00edssimo mar azul.<\/p>\n<p><strong>Onde comer: Nau dos Corvos<\/strong><\/p>\n<p><strong>Onde dormir: <a href=\"https:\/\/www.booking.com\/hotel\/pt\/residencial-katekero-ii.pt-pt.html?aid=2161834\" target=\"_blank\" rel=\"noopener noreferrer\">KateKero<\/a>\u00a0|\u00a0<a href=\"https:\/\/www.booking.com\/hotel\/pt\/supertubos-beach-hostel.pt-pt.html?aid=2161834\" target=\"_blank\" rel=\"noopener noreferrer\">Supertubos Beach Hostel<\/a><\/strong><\/p>\n<p><strong>Como chegar:<\/strong> localizado a oeste de Portugal, Peniche fica a 102 km de Lisboa, e para chegar at\u00e9 l\u00e1, uma viagem de carro gira em torno de 1 hora e 15 minutos, via A8 no sentido Torres Vedras \u2013 Leiria. Basta seguir para Loures, e virar na sa\u00edda 14 para a IP6. De l\u00e1, \u00e9 necess\u00e1rio pegar um barco at\u00e9 a Ilha Berlengas no porto mar\u00edtimo de Peniche &#8211; a viagem dura apenas 30 minutos.<\/p>\n<p><a href=\"https:\/\/www.turismocity.com.br\/carros\/aluguel-de-carros-em-Lisboa_Portugal?pickup=LIS.a&amp;dropoff=LIS.a&amp;dates=02-07-2025.1100.13-07-2025.1200&amp;driver=m25.BR\" target=\"_blank\" rel=\"noopener\"><strong>Confira aqui valores de aluguel de carro em Portugal<\/strong><\/a><\/p>\n<h3><span class=\"ez-toc-section\" id=\"Praia_de_Galapos_%E2%80%93_Setubal\"><\/span><strong>Praia de Galapos &#8211; Set\u00fabal<\/strong><span class=\"ez-toc-section-end\"><\/span><\/h3>\n<p><img loading=\"lazy\" decoding=\"async\" class=\"aligncenter wp-image-70180 size-full\" src=\"https:\/\/quantocustaviajar.com\/blog\/wp-content\/uploads\/2017\/06\/praias-de-portugal-02.jpg\" alt=\"Praias de Portugal\" width=\"1023\" height=\"736\" srcset=\"https:\/\/quantocustaviajar.com\/blog\/wp-content\/uploads\/2017\/06\/praias-de-portugal-02.jpg 1023w, https:\/\/quantocustaviajar.com\/blog\/wp-content\/uploads\/2017\/06\/praias-de-portugal-02-300x216.jpg 300w, https:\/\/quantocustaviajar.com\/blog\/wp-content\/uploads\/2017\/06\/praias-de-portugal-02-768x553.jpg 768w\" sizes=\"auto, (max-width: 1023px) 100vw, 1023px\" \/><\/p>\n<p>Foto: <a href=\"https:\/\/commons.wikimedia.org\/wiki\/File:PRAIA_DE_GALAPOS_ARRABIDA.jpg\" target=\"_blank\" rel=\"noopener\">Wikimedia Commons<\/a><\/p>\n<p>O tranquilo mar azul se debru\u00e7a sobre as areias douradas ou extremamente brancas da praia. Em Galapos, a \u00e1gua cristalina \u00e9 prop\u00edcia para snorkel e mergulho. Depois de uma trilha tortuosa se chega \u00e0 selvagem\u00a0<a href=\"https:\/\/quantocustaviajar.com\/blog\/guia-praia-dos-galapinhos\/\" target=\"_blank\" rel=\"noopener\">Galapinhos<\/a>, eleita a melhor praia da Europa em 2017, pelo site European Best Destinations. Quando a mar\u00e9 em Galapos n\u00e3o est\u00e1 baixa, o acesso por terra \u00e9 complicado, pois n\u00e3o h\u00e1 sequer um corrim\u00e3o para a descida. O visual, pelo menos, compensa todos os esfor\u00e7os, uma das praias de Portugal mais bonitas!<\/p>\n<p><strong>Onde comer: Adega T\u00edpica Leo do Petisco\u00a0<\/strong><\/p>\n<div class=\"detail-description\">\u00a0<strong>Onde dormir:\u00a0<a href=\"https:\/\/www.booking.com\/hotel\/pt\/ha-mar-ao-luar.pt-pt.html?aid=2161834\" target=\"_blank\" rel=\"noopener noreferrer\">Casa H\u00e1 Mar ao\u00a0Luar<\/a> | <a href=\"https:\/\/www.booking.com\/hotel\/pt\/rio-art-gesthouse.pt-pt.html?aid=2161834\" target=\"_blank\" rel=\"noopener noreferrer\">Rio Art Guest House<\/a><\/strong><\/div>\n<div>\n<p><strong>Como chegar<\/strong>: localizada na regi\u00e3o metropolitana de Lisboa, Set\u00fabal fica a apenas 48 km da capital portuguesa, e a Praia de Galapos em uma \u00e1rea de preserva\u00e7\u00e3o a 12 km da cidade, com acesso pela Rua C\u00edrio da Arr\u00e1bida (N379-1). Voc\u00ea pode at\u00e9 chegar a Set\u00fabal de carro, mas para chegar at\u00e9 a praia, dever\u00e1 seguir algumas regras, principalmente se for na alta temporada, n\u00e3o s\u00f3 por conta da preserva\u00e7\u00e3o da \u00e1rea (o n\u00famero de turistas \u00e9 controlado diariamente), como tamb\u00e9m pelo n\u00edvel da mar\u00e9.<\/p>\n<p>Neste caso, o transporte p\u00fablico \u00e9 o mais recomendado. As op\u00e7\u00f5es partindo de Lisboa s\u00e3o \u00f4nibus e trem. As linhas 4725 e 4730 saem a cada 60 ou 90 minutos da esta\u00e7\u00e3o Sete Rios. Na esta\u00e7\u00e3o Gare do Oriente h\u00e1 as linhas 4715 e 4720 que partem a cada 30 ou 60 minutos. As viagem at\u00e9 Set\u00fabal podem variar entre 50 minutos a 1h30min, dependendo da linha e da \u00e9poca em que voc\u00ea escolher viajar.<\/p>\n<p>J\u00e1 a viagem de trem s\u00e3o oferecidos pela Fertagus, partindo das esta\u00e7\u00f5es Roma-Areeiro, Entrecampos, Sete Rios e Campolide a cada uma hora.<\/p>\n<\/div>\n<h3><span class=\"ez-toc-section\" id=\"Praia_da_Marinha_%E2%80%93_Lagoa\"><\/span><a href=\"http:\/\/quantocustaviajar.com\/portugal\/lagos\" target=\"_blank\" rel=\"noopener noreferrer\"><strong>Praia da Marinha &#8211; Lagoa<\/strong><\/a><span class=\"ez-toc-section-end\"><\/span><\/h3>\n<p><img loading=\"lazy\" decoding=\"async\" class=\"aligncenter wp-image-70181 size-full\" src=\"https:\/\/quantocustaviajar.com\/blog\/wp-content\/uploads\/2017\/06\/praias-de-portugal-03.jpg\" alt=\"Praias de Portugal\" width=\"1280\" height=\"857\" srcset=\"https:\/\/quantocustaviajar.com\/blog\/wp-content\/uploads\/2017\/06\/praias-de-portugal-03.jpg 1280w, https:\/\/quantocustaviajar.com\/blog\/wp-content\/uploads\/2017\/06\/praias-de-portugal-03-300x201.jpg 300w, https:\/\/quantocustaviajar.com\/blog\/wp-content\/uploads\/2017\/06\/praias-de-portugal-03-1024x686.jpg 1024w, https:\/\/quantocustaviajar.com\/blog\/wp-content\/uploads\/2017\/06\/praias-de-portugal-03-768x514.jpg 768w\" sizes=\"auto, (max-width: 1280px) 100vw, 1280px\" \/><\/p>\n<p>Foto: <a href=\"https:\/\/commons.wikimedia.org\/wiki\/File:Praia_da_Marinha_-_Lagoa.jpg\" target=\"_blank\" rel=\"noopener\">Wikimedia Commons<\/a><\/p>\n<p>Entre rochas e t\u00faneis naturais, o p\u00fablico desta praia pode avistar toda a sua beleza no topo da fal\u00e9sia. Preservada, \u00e9 um recanto natural que, embora muito conhecida, permanece praticamente selvagem. N\u00e3o por acaso est\u00e1 entre as 100 praias mais belas do mundo, certamente uma das praias de Portugal que n\u00e3o devem faltar no seu roteiro!<\/p>\n<p><strong>Onde comer: O Charneco | Ocean (indicado pelo Guia Michelin)<\/strong><\/p>\n<p><strong>Onde dormir: <a href=\"https:\/\/www.booking.com\/hotel\/pt\/casa-tuia.pt-pt.html?aid=2161834\" target=\"_blank\" rel=\"noopener noreferrer\">Casa Tuia<\/a><\/strong><\/p>\n<p><strong>Como chegar:<\/strong> pertencente a Faro, Lagoa est\u00e1 localizado ao sul do pa\u00eds. Por ser uma regi\u00e3o selvagem, n\u00e3o h\u00e1 transporte p\u00fablico que chegue at\u00e9 a Praia da Marinha, portanto, esse deslocamento deve ser feito exclusivamente de carro. Voc\u00ea pode chegar at\u00e9 <a href=\"https:\/\/quantocustaviajar.com\/blog\/algarve-e-um-verdadeiro-paraiso-em-portugal\/\">Algarve<\/a> de trem partindo de Lisboa e reservar um carro na cidade antes de embarcar nesta aventura. A empresa Alfa-Pendular \u00e9 respons\u00e1vel por esta viagem, e realiza o percurso em aproximadamente 2h30min, com paradas em Albufeira, Faro e Tavira.<\/p>\n<h3><span class=\"ez-toc-section\" id=\"Praia_da_Comporta_%E2%80%93_Troia\"><\/span><strong>Praia da Comporta &#8211; Troia<\/strong><span class=\"ez-toc-section-end\"><\/span><\/h3>\n<p><img loading=\"lazy\" decoding=\"async\" class=\"size-full wp-image-70182 aligncenter\" src=\"https:\/\/quantocustaviajar.com\/blog\/wp-content\/uploads\/2017\/06\/praias-de-portugal-04.jpg\" alt=\"\" width=\"1024\" height=\"645\" srcset=\"https:\/\/quantocustaviajar.com\/blog\/wp-content\/uploads\/2017\/06\/praias-de-portugal-04.jpg 1024w, https:\/\/quantocustaviajar.com\/blog\/wp-content\/uploads\/2017\/06\/praias-de-portugal-04-300x189.jpg 300w, https:\/\/quantocustaviajar.com\/blog\/wp-content\/uploads\/2017\/06\/praias-de-portugal-04-768x484.jpg 768w\" sizes=\"auto, (max-width: 1024px) 100vw, 1024px\" \/><\/p>\n<p>Foto: <a href=\"https:\/\/commons.wikimedia.org\/wiki\/File:Praia_da_Comporta_-_Portugal_(50093632712).jpg\" target=\"_blank\" rel=\"noopener\">Wikimedia Commons<\/a><\/p>\n<p>No extremo sul da Pen\u00ednsula de Troia, a Comporta tem boa infraestrutura e foi eleita a praia mais acess\u00edvel para pessoas com mobilidade reduzida. O mar com pouca ondula\u00e7\u00e3o favorece esportes aqu\u00e1ticos como o kitesurf, que inclusive se propaga em competi\u00e7\u00f5es locais.<\/p>\n<p><strong>Onde comer: Comporta Caf\u00e9 &#8211; Bar e Restaurante<\/strong><\/p>\n<p><strong>Onde dormir:\u00a0<a href=\"https:\/\/www.booking.com\/hotel\/pt\/troia-design.pt-pt.html?aid=2161834\" target=\"_blank\" rel=\"noopener noreferrer\">Tr\u00f3ia Design Hotel<\/a> | <a href=\"https:\/\/www.booking.com\/hotel\/pt\/a-serenada-enoturismo.pt-pt.html?aid=2161834\" target=\"_blank\" rel=\"noopener noreferrer\">A Serenada Enoturismo<\/a>\u00a0| <a href=\"https:\/\/www.booking.com\/hotel\/pt\/pestana-troia-eco-resort-amp-residences-troia.pt-pt.html?aid=2161834\" target=\"_blank\" rel=\"noopener noreferrer\">Pestana Troia Ecoresort<\/a><\/strong><\/p>\n<p><strong>Como chegar<\/strong>: pertencente ao distrito de Set\u00fabal, Troia \u00e9 um destino de f\u00e1cil acesso, e deve ser por isso que \u00e9 t\u00e3o procurada por turistas. Voc\u00ea pode chegar at\u00e9 Set\u00fabal de \u00f4nibus, partindo da Rodovi\u00e1ria de Lisboa Oriente ou da Avenida dos Ciprestes, e de l\u00e1 pegar um barco para Troia na Ponta do Adoxe.<\/p>\n<h3><span class=\"ez-toc-section\" id=\"Praia_do_Camilo_%E2%80%93_Lagos\"><\/span><a href=\"http:\/\/quantocustaviajar.com\/portugal\/lagos\" target=\"_blank\" rel=\"noopener noreferrer\"><strong>Praia do Camilo &#8211; Lagos<\/strong><\/a><span class=\"ez-toc-section-end\"><\/span><\/h3>\n<p><img loading=\"lazy\" decoding=\"async\" class=\"aligncenter wp-image-70185 size-full\" src=\"https:\/\/quantocustaviajar.com\/blog\/wp-content\/uploads\/2017\/06\/praias-de-portugal-05.jpg\" alt=\"Praias de Portugal\" width=\"1024\" height=\"733\" srcset=\"https:\/\/quantocustaviajar.com\/blog\/wp-content\/uploads\/2017\/06\/praias-de-portugal-05.jpg 1024w, https:\/\/quantocustaviajar.com\/blog\/wp-content\/uploads\/2017\/06\/praias-de-portugal-05-300x215.jpg 300w, https:\/\/quantocustaviajar.com\/blog\/wp-content\/uploads\/2017\/06\/praias-de-portugal-05-768x550.jpg 768w\" sizes=\"auto, (max-width: 1024px) 100vw, 1024px\" \/><\/p>\n<p>Foto: <a href=\"https:\/\/commons.wikimedia.org\/wiki\/File:Praia_do_Camilo_-_Portugal_(14030224098).jpg\" target=\"_blank\" rel=\"noopener\">Wikimedia Commons<\/a><\/p>\n<p>Uma escada de 200 degraus leva a este pequeno para\u00edso na <a href=\"http:\/\/quantocustaviajar.com\/blog\/algarve-e-um-verdadeiro-paraiso-em-portugal\/\" target=\"_blank\" rel=\"noopener noreferrer\">regi\u00e3o de Algarve<\/a>. A praia de \u00e1guas mornas e transparentes \u00e9 rodeada por fal\u00e9sias\u00a0e tamb\u00e9m por turistas estrangeiros, em sua maioria.\u00a0De barco \u00e9 poss\u00edvel visitar as grutas e pequenas praias secretas ao longo da costa. O penhasco que delimita a praia oferece uma fabulosa vista panor\u00e2mica sobre a linha costeira entre Lagos e <a href=\"http:\/\/quantocustaviajar.com\/portugal\/albufeira\" target=\"_blank\" rel=\"noopener noreferrer\">Albufeira<\/a>. Voc\u00ea pode optar tamb\u00e9m por um\u00a0<a href=\"https:\/\/www.civitatis.com\/pt\/lagos\/passeio-barco-costa-lagos\/?aid=100232&amp;cmp=praiasport\" target=\"_blank\" rel=\"noopener noreferrer\">tour pelas praias de Lagos<\/a>.<\/p>\n<p><strong>Onde comer: A Comidinha<\/strong><\/p>\n<p><strong>Onde dormir: <a href=\"https:\/\/www.booking.com\/hotel\/pt\/big-chill-beach-hostel-amp-suites.pt-pt.html?aid=2161834\" target=\"_blank\" rel=\"noopener noreferrer\">Big Chill Beach Hostel<\/a> | <a href=\"https:\/\/www.booking.com\/hotel\/pt\/villas-d-dinis.pt-pt.html?aid=2161834\" target=\"_blank\" rel=\"noopener noreferrer\">Villas D.Dinis<\/a> (s\u00f3 para adultos) | <a href=\"https:\/\/www.booking.com\/hotel\/pt\/sol-e-praia.pt-pt.html?aid=2161834\" target=\"_blank\" rel=\"noopener noreferrer\">Carvi Beach Hotel<\/a><\/strong><\/p>\n<p><strong>Como chegar<\/strong>: Lagos tamb\u00e9m pertence ao distrito de Faro, e para chegar at\u00e9 l\u00e1 partindo de Lisboa, basta pegar um trem da Alfa-Pendular com percurso de aproximadamente 2h30min, com paradas em Albufeira, Faro e Tavira.<\/p>\n<h3><span class=\"ez-toc-section\" id=\"Praia_da_Conceicao_%E2%80%93_Cascais\"><\/span><a href=\"http:\/\/quantocustaviajar.com\/portugal\/cascais\" target=\"_blank\" rel=\"noopener noreferrer\"><strong>Praia da Concei\u00e7\u00e3o &#8211; Cascais<\/strong><\/a><span class=\"ez-toc-section-end\"><\/span><\/h3>\n<p><img loading=\"lazy\" decoding=\"async\" class=\"size-full wp-image-70186 aligncenter\" src=\"https:\/\/quantocustaviajar.com\/blog\/wp-content\/uploads\/2017\/06\/praias-de-portugal-06.jpg\" alt=\"\" width=\"1024\" height=\"768\" srcset=\"https:\/\/quantocustaviajar.com\/blog\/wp-content\/uploads\/2017\/06\/praias-de-portugal-06.jpg 1024w, https:\/\/quantocustaviajar.com\/blog\/wp-content\/uploads\/2017\/06\/praias-de-portugal-06-300x225.jpg 300w, https:\/\/quantocustaviajar.com\/blog\/wp-content\/uploads\/2017\/06\/praias-de-portugal-06-768x576.jpg 768w\" sizes=\"auto, (max-width: 1024px) 100vw, 1024px\" \/><\/p>\n<p>Foto: <a href=\"https:\/\/commons.wikimedia.org\/wiki\/File:Praia_da_Concei\u00e7\u00e3o_(Portugal).jpg\" target=\"_blank\" rel=\"noopener\">Wikimedia Commons<\/a><\/p>\n<p>A apenas 40 minutos de Lisboa, Cascais \u00e9 uma boa op\u00e7\u00e3o de praia urbana para aproveitar durante sua ida \u00e0 Portugal. A praia de \u00e1guas calmas est\u00e1 pr\u00f3xima a bares, restaurantes e hot\u00e9is com\u00a0vista para o mar. Al\u00e9m disso tamb\u00e9m fica ao lado da concorrida Praia da Duquesa, entre os Palacetes Chalet Faial e Chalet Palmela. Depois de curtir o litoral, <a href=\"http:\/\/quantocustaviajar.com\/blog\/quinta-da-regaleira-um-encantador-cenario-de-conto-de-fadas-em-portugal\/\" target=\"_blank\" rel=\"noopener noreferrer\">siga rumo a Sintra<\/a> e surpreenda-se ainda mais!<\/p>\n<p><strong>Onde comer: Restaurante Porto de Santa Maria e House of Wonders Caf\u00e9<\/strong><\/p>\n<p><strong>Onde dormir: <a href=\"https:\/\/www.booking.com\/hotel\/pt\/pergola-house.html?aid=2161834\" target=\"_blank\" rel=\"noopener noreferrer\">Pergola B&amp;B<\/a>\u00a0| <a href=\"http:\/\/www.booking.com\/hotel\/pt\/baia-cascais.html?aid=2161834\" target=\"_blank\" rel=\"noopener noreferrer\">Hotel Ba\u00eda<\/a> | \u00a0<a href=\"http:\/\/www.booking.com\/hotel\/pt\/albatroz.html?aid=2161834\" target=\"_blank\" rel=\"noopener noreferrer\">Hotel Albatroz<\/a>\u00a0(um dos melhores de Cascais)<\/strong><\/p>\n<p><strong>Como chegar<\/strong>: Cascais fica a apenas 30 km de Lisboa, e a melhor forma de chegar at\u00e9 l\u00e1 \u00e9 de trem, partindo da Esta\u00e7\u00e3o Cais do Sodr\u00e9 pelo comboio da Linha Cascais. Se voc\u00ea descer na Esta\u00e7\u00e3o Monte Estoril, j\u00e1 estar\u00e1 pertinho das principais praias, incluindo a Praia da Concei\u00e7\u00e3o.<\/p>\n<h3><span class=\"ez-toc-section\" id=\"Praia_do_Porto_Santo_%E2%80%93_Madeira\"><\/span><strong>Praia do Porto Santo &#8211; Madeira<\/strong><span class=\"ez-toc-section-end\"><\/span><\/h3>\n<p><img loading=\"lazy\" decoding=\"async\" class=\"size-full wp-image-70187 aligncenter\" src=\"https:\/\/quantocustaviajar.com\/blog\/wp-content\/uploads\/2017\/06\/praias-de-portugal-07.jpg\" alt=\"\" width=\"1024\" height=\"767\" srcset=\"https:\/\/quantocustaviajar.com\/blog\/wp-content\/uploads\/2017\/06\/praias-de-portugal-07.jpg 1024w, https:\/\/quantocustaviajar.com\/blog\/wp-content\/uploads\/2017\/06\/praias-de-portugal-07-300x225.jpg 300w, https:\/\/quantocustaviajar.com\/blog\/wp-content\/uploads\/2017\/06\/praias-de-portugal-07-768x575.jpg 768w\" sizes=\"auto, (max-width: 1024px) 100vw, 1024px\" \/><\/p>\n<p>Foto: <a href=\"https:\/\/commons.wikimedia.org\/wiki\/File:Ilha_de_Porto_Santo_-_Portugal_(2050189089).jpg\" target=\"_blank\" rel=\"noopener\">Wikimedia Commons<\/a><\/p>\n<p>A praia de 9 km de extens\u00e3o, que \u00e9 a \u00fanica com faixa de areia no arquip\u00e9lago da Madeira, conta com areias douradas de propriedades terap\u00eauticas, indicadas para problemas reum\u00e1ticos e ortop\u00e9dicos. Em contraste com ela est\u00e1 o mar intensamente azul. O clima \u00e9 est\u00e1vel e seco durante todo o ano. Por ser muito grande, \u00e9 dividida em partes para facilitar a administra\u00e7\u00e3o: Calheta, Cabe\u00e7o da Ponte, Ribeiro Cochino, Ribeiro Salgado, Fontinha e <a href=\"https:\/\/quantocustaviajar.com\/blog\/penedo-um-pedaco-finlandes-no-rj\/\">Penedo<\/a>.<\/p>\n<p><strong>Onde comer:\u00a0Restaurante Pizza N&#8217;Areia no Hotel Torre Mar<\/strong><\/p>\n<p><strong>Onde dormir: <a href=\"https:\/\/www.booking.com\/hotel\/pt\/hotelportosanto.pt-pt.html?aid=2161834\" target=\"_blank\" rel=\"noopener noreferrer\">Hotel Porto Santo &amp; Spa<\/a>\u00a0| <a href=\"https:\/\/www.booking.com\/hotel\/pt\/sotavento-guest-house.pt-pt.html?aid=2161834\" target=\"_blank\" rel=\"noopener noreferrer\">Sotavento Guest House<\/a><\/strong><\/p>\n<p><strong>Como chegar<\/strong>: localizado a sudoeste da costa portuguesa, Madeira \u00e9 acessada somente por voos diretos que partem de Lisboa sentido a cidade do Funchal. A viagem dura aproximadamente 1h30min, com diversas op\u00e7\u00f5es de hor\u00e1rios no Aeroporto da Madeira Cristiano Ronaldo.<\/p>\n<h3><span class=\"ez-toc-section\" id=\"Praia_de_Odeceixe_%E2%80%93_Algarve\"><\/span><a href=\"http:\/\/quantocustaviajar.com\/portugal\/lagos\" target=\"_blank\" rel=\"noopener noreferrer\"><strong>Praia de Odeceixe &#8211; Algarve<\/strong><\/a><span class=\"ez-toc-section-end\"><\/span><\/h3>\n<p><img loading=\"lazy\" decoding=\"async\" class=\"size-full wp-image-70188 aligncenter\" src=\"https:\/\/quantocustaviajar.com\/blog\/wp-content\/uploads\/2017\/06\/praias-de-portugal-08.jpg\" alt=\"\" width=\"1024\" height=\"654\" srcset=\"https:\/\/quantocustaviajar.com\/blog\/wp-content\/uploads\/2017\/06\/praias-de-portugal-08.jpg 1024w, https:\/\/quantocustaviajar.com\/blog\/wp-content\/uploads\/2017\/06\/praias-de-portugal-08-300x192.jpg 300w, https:\/\/quantocustaviajar.com\/blog\/wp-content\/uploads\/2017\/06\/praias-de-portugal-08-768x491.jpg 768w\" sizes=\"auto, (max-width: 1024px) 100vw, 1024px\" \/><\/p>\n<p>Foto: <a href=\"https:\/\/commons.wikimedia.org\/wiki\/File:Praia_de_Odeceixe_-_Portugal_(38487900090).jpg\" target=\"_blank\" rel=\"noopener\">Wikimedia Commons<\/a><\/p>\n<p>Com a Ribeira de Seixe desaguando no oceano, uma das praias de Portugal que re\u00fane o melhor dos dois mundos: banhos de mar ou de rio. A areia que divide ambas marca tamb\u00e9m a fronteira entre o <a href=\"http:\/\/quantocustaviajar.com\/blog\/alentejo\/\" target=\"_blank\" rel=\"noopener noreferrer\">Alentejo<\/a> e o Algarve. Durante a mar\u00e9 baixa se formam ainda pequenas piscinas naturais, ideais para as crian\u00e7as. Quem \u00e9 adepto do naturismo pode ir \u00e0 praia das Adegas, ao sul de Odeceixe.<\/p>\n<p><strong>Onde comer: restaurante L-Colesterol<\/strong><\/p>\n<p><strong>Onde dormir: <a href=\"https:\/\/www.booking.com\/hotel\/pt\/carpe-vita-aljezur.pt-pt.html?aid=2161834\" target=\"_blank\" rel=\"noopener noreferrer\">Casas Carpe-Vita<\/a>\u00a0| <a href=\"https:\/\/www.booking.com\/hotel\/pt\/vale-da-telha.pt-pt.html?aid=2161834\" target=\"_blank\" rel=\"noopener noreferrer\">Hotel Vale da Telha<\/a><\/strong><\/p>\n<p><strong>Como chegar<\/strong>: Voc\u00ea pode chegar at\u00e9 Algarve de trem partindo de Lisboa pela empresa Alfa-Pendular, que \u00a0\u00e9 respons\u00e1vel por esta viagem, e realiza o percurso em aproximadamente 2h30min, com paradas em Albufeira, Faro e Tavira.<\/p>\n<h3 align=\"justify\"><span class=\"ez-toc-section\" id=\"Portinho_da_Arrabida_%E2%80%93_Setubal\"><\/span><strong>Portinho da Arr\u00e1bida &#8211; Set\u00fabal<\/strong><span class=\"ez-toc-section-end\"><\/span><\/h3>\n<p><img loading=\"lazy\" decoding=\"async\" class=\"size-full wp-image-70189 aligncenter\" src=\"https:\/\/quantocustaviajar.com\/blog\/wp-content\/uploads\/2017\/06\/praias-de-portugal-09.jpg\" alt=\"\" width=\"1024\" height=\"691\" srcset=\"https:\/\/quantocustaviajar.com\/blog\/wp-content\/uploads\/2017\/06\/praias-de-portugal-09.jpg 1024w, https:\/\/quantocustaviajar.com\/blog\/wp-content\/uploads\/2017\/06\/praias-de-portugal-09-300x202.jpg 300w, https:\/\/quantocustaviajar.com\/blog\/wp-content\/uploads\/2017\/06\/praias-de-portugal-09-768x518.jpg 768w\" sizes=\"auto, (max-width: 1024px) 100vw, 1024px\" \/><\/p>\n<p>Foto: <a href=\"https:\/\/commons.wikimedia.org\/wiki\/File:Parque_Natural_da_Arr\u00e1bida,_Set\u00fabal,_Portugal,_2012-05-11,_DD_02.JPG\" target=\"_blank\" rel=\"noopener\">Wikimedia Commons<\/a><\/p>\n<div align=\"justify\">\n<div class=\"detail-description\">\n<p>Dentro do Parque Natural da Serra da Arr\u00e1bida, a praia do Portinho \u00e9 considerada uma das mais belas praias de Portugal, com variados tons de azul no mar cristalinos e suas areias branquinhas. A vegeta\u00e7\u00e3o serrana torna o cen\u00e1rio ainda mais prop\u00edcio para a contempla\u00e7\u00e3o. \u00c9 poss\u00edvel praticar mergulho para observar a diversidade marinha da ba\u00eda.<\/p>\n<p><strong> Onde comer:\u00a0Ribeirinha do Sado<\/strong><\/p>\n<\/div>\n<div class=\"detail-logo-image\"><strong>Onde dormir: <a href=\"https:\/\/www.airbnb.pt\/rooms\/6113030?location=Portinho%20da%20Arr%C3%A1bida%2C%20Set%C3%BAbal\" target=\"_blank\" rel=\"noopener noreferrer\">Casa Sul Mar<\/a> (Airbnb)<\/strong><\/div>\n<\/div>\n<div class=\"detail-logo-image\">\u00a0<\/div>\n<div class=\"detail-logo-image\"><strong>Como chegar: <\/strong><span style=\"font-size: revert;\">As op\u00e7\u00f5es de transporte p\u00fablico partindo de Lisboa para Set\u00fabal s\u00e3o \u00f4nibus e trem. As linhas 4725 e 4730 saem a cada 60 ou 90 minutos da esta\u00e7\u00e3o Sete Rios. Na esta\u00e7\u00e3o Gare do Oriente h\u00e1 as linhas 4715 e 4720 que partem a cada 30 ou 60 minutos. As viagem at\u00e9 Set\u00fabal podem variar entre 50 minutos a 1h30min, dependendo da linha e da \u00e9poca em que voc\u00ea escolher viajar.\u00a0<\/span>J\u00e1 a viagem de trem s\u00e3o oferecidos pela Fertagus, partindo das esta\u00e7\u00f5es Roma-Areeiro, Entrecampos, Sete Rios e Campolide a cada uma hora.<\/div>\n\n\n<h2 class=\"wp-block-heading\"><span class=\"ez-toc-section\" id=\"Quando_ir_para_as_praias_de_Portugal\"><\/span>Quando ir para as praias de Portugal<span class=\"ez-toc-section-end\"><\/span><\/h2>\n\n\n\n<p>A melhor \u00e9poca para aproveitar o sol e o mar para curtir as praias de Portugal \u00e9 durante o ver\u00e3o, que vai <strong>de junho a setembro<\/strong>. Nesses meses, as temperaturas s\u00e3o mais altas, ideais para banhos de mar, e os dias s\u00e3o longos e ensolarados. Julho e Agosto s\u00e3o os meses mais quentes e secos, e tamb\u00e9m os mais movimentados, com muitos turistas.<\/p>\n\n\n\n<p>Mas, se voc\u00ea prefere evitar as multid\u00f5es e curtir um clima mais ameno, a primavera (abril-maio) e o outono (setembro-outubro) tamb\u00e9m s\u00e3o boas op\u00e7\u00f5es. Nesses per\u00edodos, as temperaturas ainda s\u00e3o agrad\u00e1veis para atividades ao ar livre, como caminhadas \u00e0 beira-mar, e voc\u00ea encontrar\u00e1 pre\u00e7os mais baixos em hospedagem e passagens a\u00e9reas.<\/p>\n\n\n\n<p>\u00c9 importante lembrar que o clima em Portugal varia de regi\u00e3o para regi\u00e3o. O Algarve, no sul, tem um clima mediterr\u00e2nico, com ver\u00f5es quentes e secos e invernos amenos. J\u00e1 o norte do pa\u00eds tem um clima mais atl\u00e2ntico, com ver\u00f5es mais frescos e invernos mais chuvosos.<\/p>\n\n\n\n<p>N\u00e3o deixe de conferir aqui os <strong><a href=\"https:\/\/www.civitatis.com\/pt\/portugal?aid=100232&amp;cmp=praiasport\" target=\"_blank\" rel=\"noreferrer noopener\">diversos passeios que voc\u00ea pode fazer por Portugal <\/a><\/strong>no ver\u00e3o!<\/p>\n","protected":false},"excerpt":{"rendered":"<p>O ensolarado ver\u00e3o europeu, que vai de junho a meados de setembro, \u00e9 um dos mais badalados do mundo. Lisboa \u00e9 a \u00fanica capital do continente virada para o mar, o que garante curtas dist\u00e2ncias at\u00e9 o litoral. Bora come\u00e7ar a se planejar? Selecionamos as melhores praias de Portugal para curtir nas pr\u00f3ximas f\u00e9rias. Banhada [&hellip;]<\/p>\n","protected":false},"author":19,"featured_media":16004,"comment_status":"open","ping_status":"open","sticky":false,"template":"page-templates\/featured-img-above.php","format":"standard","meta":{"cybocfi_hide_featured_image":"","footnotes":""},"categories":[1437],"tags":[135,415,240,183,77,18,436,440,89,74,93,1535,210,111,211,321,17,653,181,124,464,16,530],"class_list":["post-15990","post","type-post","status-publish","format-standard","has-post-thumbnail","hentry","category-ao-ar-livre","tag-atracoes","tag-belezas-naturais","tag-cidades","tag-destinos","tag-dicas","tag-europa","tag-familia","tag-ferias","tag-gastronomia","tag-hospedagem","tag-hotel","tag-lagos","tag-lugares","tag-natureza","tag-o-que-fazer","tag-passeios","tag-planejamento-viagem","tag-portugal","tag-praias","tag-roteiro","tag-verao","tag-viagem","tag-viagem-a-dois"],"blocksy_meta":[],"yoast_head":"<!-- This site is optimized with the Yoast SEO plugin v26.3 - https:\/\/yoast.com\/wordpress\/plugins\/seo\/ -->\n<title>As melhores praias de Portugal para curtir no pr\u00f3ximo ver\u00e3o<\/title>\n<meta name=\"description\" content=\"Bora come\u00e7ar a se planejar? Selecionamos as melhores praias de Portugal para curtir nas pr\u00f3ximas f\u00e9rias. Praias maravilhosas te esperam!\" \/>\n<meta name=\"robots\" content=\"index, follow, max-snippet:-1, max-image-preview:large, max-video-preview:-1\" \/>\n<link rel=\"canonical\" href=\"https:\/\/quantocustaviajar.com\/blog\/as-melhores-praias-de-portugal\/\" \/>\n<meta property=\"og:locale\" content=\"pt_BR\" \/>\n<meta property=\"og:type\" content=\"article\" \/>\n<meta property=\"og:title\" content=\"As melhores praias de Portugal para curtir no pr\u00f3ximo ver\u00e3o\" \/>\n<meta property=\"og:description\" content=\"Bora come\u00e7ar a se planejar? Selecionamos as melhores praias de Portugal para curtir nas pr\u00f3ximas f\u00e9rias. Praias maravilhosas te esperam!\" \/>\n<meta property=\"og:url\" content=\"https:\/\/quantocustaviajar.com\/blog\/as-melhores-praias-de-portugal\/\" \/>\n<meta property=\"og:site_name\" content=\"Blog Quanto Custa Viajar\" \/>\n<meta property=\"article:publisher\" content=\"https:\/\/www.facebook.com\/quantocustaviajar\" \/>\n<meta property=\"article:published_time\" content=\"2024-12-05T14:33:00+00:00\" \/>\n<meta property=\"article:modified_time\" content=\"2025-06-10T19:22:40+00:00\" \/>\n<meta property=\"og:image\" content=\"https:\/\/quantocustaviajar.com\/blog\/wp-content\/uploads\/2017\/05\/melhores-praias-de-portugal.jpg\" \/>\n\t<meta property=\"og:image:width\" content=\"650\" \/>\n\t<meta property=\"og:image:height\" content=\"366\" \/>\n\t<meta property=\"og:image:type\" content=\"image\/jpeg\" \/>\n<meta name=\"author\" content=\"Sheila Almendros\" \/>\n<meta name=\"twitter:card\" content=\"summary_large_image\" \/>\n<meta name=\"twitter:label1\" content=\"Escrito por\" \/>\n\t<meta name=\"twitter:data1\" content=\"Sheila Almendros\" \/>\n\t<meta name=\"twitter:label2\" content=\"Est. tempo de leitura\" \/>\n\t<meta name=\"twitter:data2\" content=\"12 minutos\" \/>\n<!-- \/ Yoast SEO plugin. -->","yoast_head_json":{"title":"As melhores praias de Portugal para curtir no pr\u00f3ximo ver\u00e3o","description":"Bora come\u00e7ar a se planejar? Selecionamos as melhores praias de Portugal para curtir nas pr\u00f3ximas f\u00e9rias. Praias maravilhosas te esperam!","robots":{"index":"index","follow":"follow","max-snippet":"max-snippet:-1","max-image-preview":"max-image-preview:large","max-video-preview":"max-video-preview:-1"},"canonical":"https:\/\/quantocustaviajar.com\/blog\/as-melhores-praias-de-portugal\/","og_locale":"pt_BR","og_type":"article","og_title":"As melhores praias de Portugal para curtir no pr\u00f3ximo ver\u00e3o","og_description":"Bora come\u00e7ar a se planejar? Selecionamos as melhores praias de Portugal para curtir nas pr\u00f3ximas f\u00e9rias. Praias maravilhosas te esperam!","og_url":"https:\/\/quantocustaviajar.com\/blog\/as-melhores-praias-de-portugal\/","og_site_name":"Blog Quanto Custa Viajar","article_publisher":"https:\/\/www.facebook.com\/quantocustaviajar","article_published_time":"2024-12-05T14:33:00+00:00","article_modified_time":"2025-06-10T19:22:40+00:00","og_image":[{"width":650,"height":366,"url":"https:\/\/quantocustaviajar.com\/blog\/wp-content\/uploads\/2017\/05\/melhores-praias-de-portugal.jpg","type":"image\/jpeg"}],"author":"Sheila Almendros","twitter_card":"summary_large_image","twitter_misc":{"Escrito por":"Sheila Almendros","Est. tempo de leitura":"12 minutos"},"schema":{"@context":"https:\/\/schema.org","@graph":[{"@type":["Article","BlogPosting"],"@id":"https:\/\/quantocustaviajar.com\/blog\/as-melhores-praias-de-portugal\/#article","isPartOf":{"@id":"https:\/\/quantocustaviajar.com\/blog\/as-melhores-praias-de-portugal\/"},"author":{"name":"Sheila Almendros","@id":"https:\/\/quantocustaviajar.com\/blog\/#\/schema\/person\/66bc96b9076769d61f47e383ac516439"},"headline":"As melhores praias de Portugal para curtir no pr\u00f3ximo ver\u00e3o","datePublished":"2024-12-05T14:33:00+00:00","dateModified":"2025-06-10T19:22:40+00:00","mainEntityOfPage":{"@id":"https:\/\/quantocustaviajar.com\/blog\/as-melhores-praias-de-portugal\/"},"wordCount":1890,"commentCount":4,"publisher":{"@id":"https:\/\/quantocustaviajar.com\/blog\/#organization"},"image":{"@id":"https:\/\/quantocustaviajar.com\/blog\/as-melhores-praias-de-portugal\/#primaryimage"},"thumbnailUrl":"https:\/\/quantocustaviajar.com\/blog\/wp-content\/uploads\/2017\/05\/melhores-praias-de-portugal.jpg","keywords":["atra\u00e7\u00f5es","belezas naturais","cidades","destinos","dicas","europa","fam\u00edlia","f\u00e9rias","gastronomia","hospedagem","hotel","lagos","lugares","natureza","o que fazer","passeios","planejamento viagem","Portugal","praias","roteiro","ver\u00e3o","viagem","viagem a dois"],"articleSection":["Ao Ar Livre"],"inLanguage":"pt-BR","potentialAction":[{"@type":"CommentAction","name":"Comment","target":["https:\/\/quantocustaviajar.com\/blog\/as-melhores-praias-de-portugal\/#respond"]}]},{"@type":"WebPage","@id":"https:\/\/quantocustaviajar.com\/blog\/as-melhores-praias-de-portugal\/","url":"https:\/\/quantocustaviajar.com\/blog\/as-melhores-praias-de-portugal\/","name":"As melhores praias de Portugal para curtir no pr\u00f3ximo ver\u00e3o","isPartOf":{"@id":"https:\/\/quantocustaviajar.com\/blog\/#website"},"primaryImageOfPage":{"@id":"https:\/\/quantocustaviajar.com\/blog\/as-melhores-praias-de-portugal\/#primaryimage"},"image":{"@id":"https:\/\/quantocustaviajar.com\/blog\/as-melhores-praias-de-portugal\/#primaryimage"},"thumbnailUrl":"https:\/\/quantocustaviajar.com\/blog\/wp-content\/uploads\/2017\/05\/melhores-praias-de-portugal.jpg","datePublished":"2024-12-05T14:33:00+00:00","dateModified":"2025-06-10T19:22:40+00:00","description":"Bora come\u00e7ar a se planejar? Selecionamos as melhores praias de Portugal para curtir nas pr\u00f3ximas f\u00e9rias. Praias maravilhosas te esperam!","breadcrumb":{"@id":"https:\/\/quantocustaviajar.com\/blog\/as-melhores-praias-de-portugal\/#breadcrumb"},"inLanguage":"pt-BR","potentialAction":[{"@type":"ReadAction","target":["https:\/\/quantocustaviajar.com\/blog\/as-melhores-praias-de-portugal\/"]}]},{"@type":"ImageObject","inLanguage":"pt-BR","@id":"https:\/\/quantocustaviajar.com\/blog\/as-melhores-praias-de-portugal\/#primaryimage","url":"https:\/\/quantocustaviajar.com\/blog\/wp-content\/uploads\/2017\/05\/melhores-praias-de-portugal.jpg","contentUrl":"https:\/\/quantocustaviajar.com\/blog\/wp-content\/uploads\/2017\/05\/melhores-praias-de-portugal.jpg","width":650,"height":366},{"@type":"BreadcrumbList","@id":"https:\/\/quantocustaviajar.com\/blog\/as-melhores-praias-de-portugal\/#breadcrumb","itemListElement":[{"@type":"ListItem","position":1,"name":"In\u00edcio","item":"https:\/\/quantocustaviajar.com\/blog\/"},{"@type":"ListItem","position":2,"name":"As melhores praias de Portugal para curtir no pr\u00f3ximo ver\u00e3o"}]},{"@type":"WebSite","@id":"https:\/\/quantocustaviajar.com\/blog\/#website","url":"https:\/\/quantocustaviajar.com\/blog\/","name":"Blog Quanto Custa Viajar","description":"","publisher":{"@id":"https:\/\/quantocustaviajar.com\/blog\/#organization"},"potentialAction":[{"@type":"SearchAction","target":{"@type":"EntryPoint","urlTemplate":"https:\/\/quantocustaviajar.com\/blog\/?s={search_term_string}"},"query-input":{"@type":"PropertyValueSpecification","valueRequired":true,"valueName":"search_term_string"}}],"inLanguage":"pt-BR"},{"@type":"Organization","@id":"https:\/\/quantocustaviajar.com\/blog\/#organization","name":"Quanto Custa Viajar","url":"https:\/\/quantocustaviajar.com\/blog\/","logo":{"@type":"ImageObject","inLanguage":"pt-BR","@id":"https:\/\/quantocustaviajar.com\/blog\/#\/schema\/logo\/image\/","url":"","contentUrl":"","caption":"Quanto Custa Viajar"},"image":{"@id":"https:\/\/quantocustaviajar.com\/blog\/#\/schema\/logo\/image\/"},"sameAs":["https:\/\/www.facebook.com\/quantocustaviajar"]},{"@type":"Person","@id":"https:\/\/quantocustaviajar.com\/blog\/#\/schema\/person\/66bc96b9076769d61f47e383ac516439","name":"Sheila Almendros","image":{"@type":"ImageObject","inLanguage":"pt-BR","@id":"https:\/\/quantocustaviajar.com\/blog\/#\/schema\/person\/image\/","url":"https:\/\/secure.gravatar.com\/avatar\/f38e2f0e4f0d273587e0882ec5d6afa5cd3463efd68233d49b41368144e219b5?s=96&d=mm&r=g","contentUrl":"https:\/\/secure.gravatar.com\/avatar\/f38e2f0e4f0d273587e0882ec5d6afa5cd3463efd68233d49b41368144e219b5?s=96&d=mm&r=g","caption":"Sheila Almendros"},"description":"Jornalista, produtora de conte\u00fado web e apaixonada pelo mundo.","url":"https:\/\/quantocustaviajar.com\/blog\/author\/sheila-almendros\/"}]}},"_links":{"self":[{"href":"https:\/\/quantocustaviajar.com\/blog\/wp-json\/wp\/v2\/posts\/15990","targetHints":{"allow":["GET"]}}],"collection":[{"href":"https:\/\/quantocustaviajar.com\/blog\/wp-json\/wp\/v2\/posts"}],"about":[{"href":"https:\/\/quantocustaviajar.com\/blog\/wp-json\/wp\/v2\/types\/post"}],"author":[{"embeddable":true,"href":"https:\/\/quantocustaviajar.com\/blog\/wp-json\/wp\/v2\/users\/19"}],"replies":[{"embeddable":true,"href":"https:\/\/quantocustaviajar.com\/blog\/wp-json\/wp\/v2\/comments?post=15990"}],"version-history":[{"count":5,"href":"https:\/\/quantocustaviajar.com\/blog\/wp-json\/wp\/v2\/posts\/15990\/revisions"}],"predecessor-version":[{"id":70851,"href":"https:\/\/quantocustaviajar.com\/blog\/wp-json\/wp\/v2\/posts\/15990\/revisions\/70851"}],"wp:featuredmedia":[{"embeddable":true,"href":"https:\/\/quantocustaviajar.com\/blog\/wp-json\/wp\/v2\/media\/16004"}],"wp:attachment":[{"href":"https:\/\/quantocustaviajar.com\/blog\/wp-json\/wp\/v2\/media?parent=15990"}],"wp:term":[{"taxonomy":"category","embeddable":true,"href":"https:\/\/quantocustaviajar.com\/blog\/wp-json\/wp\/v2\/categories?post=15990"},{"taxonomy":"post_tag","embeddable":true,"href":"https:\/\/quantocustaviajar.com\/blog\/wp-json\/wp\/v2\/tags?post=15990"}],"curies":[{"name":"wp","href":"https:\/\/api.w.org\/{rel}","templated":true}]}}