{"id":15882,"date":"2017-05-18T12:45:02","date_gmt":"2017-05-18T12:45:02","guid":{"rendered":"http:\/\/quantocustaviajar.com\/blog\/?p=15882"},"modified":"2018-04-27T16:40:51","modified_gmt":"2018-04-27T16:40:51","slug":"trem-de-luxo-da-america-do-sul","status":"publish","type":"post","link":"https:\/\/quantocustaviajar.com\/blog\/trem-de-luxo-da-america-do-sul\/","title":{"rendered":"Primeiro trem de luxo da Am\u00e9rica do Sul passa por belas paisagens dos Andes Peruanos"},"content":{"rendered":"<p>Viajar entre os trilhos \u00e9 ter uma nova perspectiva do destino escolhido e, talvez, cruzar fronteiras. Para quem curte embarcar nessa jornada ou quer ter uma experi\u00eancia diferente, saiba que acabou de entrar em opera\u00e7\u00e3o o <strong>primeiro trem de luxo da Am\u00e9rica do Sul<\/strong>. Passando por belas paisagens dos <a href=\"http:\/\/quantocustaviajar.com\/peru\/cusco\" target=\"_blank\" rel=\"noopener noreferrer\">Andes Peruanos<\/a>, o percurso\u00a0de um ou dois dias segue por<strong>\u00a0uma das maiores rotas ferrovi\u00e1rias do mundo<\/strong>.<\/p>\n<p>O Belmond Andean Explorer, operado pela Belmond, vai de\u00a0Cusco ao Lago Titicaca e Arequipa, regi\u00f5es conhecidas por sua cultura, seu povo e suas plan\u00edcies infinitas. Os 48 passageiros podem escolher quatro tipos de viagens, de acordo com os interesses e atrativos de cada destino, podendo ainda incluir almo\u00e7o numa praia privada com vista para La Paz, a capital boliviana, ou passeios particulares \u00e0s ilhas flutuantes do Lago Titicaca.<\/p>\n<p>https:\/\/youtu.be\/s0dU4qgT1M4<\/p>\n<p>As\u00a0cabines s\u00e3o divididas em quatro categorias e contam com decora\u00e7\u00e3o inspirada nas tradi\u00e7\u00f5es peruanas, diferentes tipos de cama para escolher e banheiro privativo. Os vag\u00f5es s\u00e3o separados por ambientes, incluindo lounge com piano bar; um spa com tratamentos relaxantes; restaurantes que servem pratos da culin\u00e1ria andina; e ainda um deck aberto, prop\u00edcio para a observa\u00e7\u00e3o dos arredores, onde d\u00e1 para assistir shows de m\u00fasica latina.<\/p>\n<p>Por ser um trem de luxo, prepare o bolso: os pre\u00e7os v\u00e3o de R$ 1.530 a R$ 11.530 e as reservas podem ser feitas atrav\u00e9s do <a href=\"https:\/\/www.belmond.com\/belmond-andean-explorer\/peru-luxury-sleeper-trains\" target=\"_blank\" rel=\"noopener noreferrer\">site da Belmond.<\/a><\/p>\n<p><img loading=\"lazy\" decoding=\"async\" class=\"size-full wp-image-15893 aligncenter\" src=\"http:\/\/quantocustaviajar.com\/blog\/wp-content\/uploads\/2017\/05\/viagem-de-trem-na-america-do-sul8.jpg\" alt=\"\" width=\"650\" height=\"433\" srcset=\"https:\/\/quantocustaviajar.com\/blog\/wp-content\/uploads\/2017\/05\/viagem-de-trem-na-america-do-sul8.jpg 650w, https:\/\/quantocustaviajar.com\/blog\/wp-content\/uploads\/2017\/05\/viagem-de-trem-na-america-do-sul8-300x200.jpg 300w, https:\/\/quantocustaviajar.com\/blog\/wp-content\/uploads\/2017\/05\/viagem-de-trem-na-america-do-sul8-400x266.jpg 400w\" sizes=\"auto, (max-width: 650px) 100vw, 650px\" \/><\/p>\n<p><img loading=\"lazy\" decoding=\"async\" class=\"size-full wp-image-15892 aligncenter\" src=\"http:\/\/quantocustaviajar.com\/blog\/wp-content\/uploads\/2017\/05\/viagem-de-trem-na-america-do-sul7.jpg\" alt=\"\" width=\"650\" height=\"433\" srcset=\"https:\/\/quantocustaviajar.com\/blog\/wp-content\/uploads\/2017\/05\/viagem-de-trem-na-america-do-sul7.jpg 650w, https:\/\/quantocustaviajar.com\/blog\/wp-content\/uploads\/2017\/05\/viagem-de-trem-na-america-do-sul7-300x200.jpg 300w, https:\/\/quantocustaviajar.com\/blog\/wp-content\/uploads\/2017\/05\/viagem-de-trem-na-america-do-sul7-400x266.jpg 400w\" sizes=\"auto, (max-width: 650px) 100vw, 650px\" \/><\/p>\n<p style=\"text-align: center;\"><strong><a href=\"http:\/\/quantocustaviajar.com\/blog\/viagem-de-trem-entre-espirito-santo-e-minas-gerais\/\" target=\"_blank\" rel=\"noopener noreferrer\">Que tal uma viagem de trem em pleno Brasil?<\/a><\/strong><\/p>\n<p><img loading=\"lazy\" decoding=\"async\" class=\"size-full wp-image-15891 aligncenter\" src=\"http:\/\/quantocustaviajar.com\/blog\/wp-content\/uploads\/2017\/05\/viagem-de-trem-na-america-do-sul6.jpg\" alt=\"\" width=\"650\" height=\"869\" srcset=\"https:\/\/quantocustaviajar.com\/blog\/wp-content\/uploads\/2017\/05\/viagem-de-trem-na-america-do-sul6.jpg 650w, https:\/\/quantocustaviajar.com\/blog\/wp-content\/uploads\/2017\/05\/viagem-de-trem-na-america-do-sul6-224x300.jpg 224w, https:\/\/quantocustaviajar.com\/blog\/wp-content\/uploads\/2017\/05\/viagem-de-trem-na-america-do-sul6-400x535.jpg 400w\" sizes=\"auto, (max-width: 650px) 100vw, 650px\" \/><\/p>\n<p><img loading=\"lazy\" decoding=\"async\" class=\"size-full wp-image-15886 aligncenter\" src=\"http:\/\/quantocustaviajar.com\/blog\/wp-content\/uploads\/2017\/05\/viagem-de-trem-peru.jpg\" alt=\"\" width=\"650\" height=\"433\" srcset=\"https:\/\/quantocustaviajar.com\/blog\/wp-content\/uploads\/2017\/05\/viagem-de-trem-peru.jpg 650w, https:\/\/quantocustaviajar.com\/blog\/wp-content\/uploads\/2017\/05\/viagem-de-trem-peru-300x200.jpg 300w, https:\/\/quantocustaviajar.com\/blog\/wp-content\/uploads\/2017\/05\/viagem-de-trem-peru-400x266.jpg 400w\" sizes=\"auto, (max-width: 650px) 100vw, 650px\" \/><\/p>\n<p><img loading=\"lazy\" decoding=\"async\" class=\"size-full wp-image-15888 aligncenter\" src=\"http:\/\/quantocustaviajar.com\/blog\/wp-content\/uploads\/2017\/05\/viagem-de-trem-na-america-do-sul2.jpg\" alt=\"\" width=\"650\" height=\"433\" srcset=\"https:\/\/quantocustaviajar.com\/blog\/wp-content\/uploads\/2017\/05\/viagem-de-trem-na-america-do-sul2.jpg 650w, https:\/\/quantocustaviajar.com\/blog\/wp-content\/uploads\/2017\/05\/viagem-de-trem-na-america-do-sul2-300x200.jpg 300w, https:\/\/quantocustaviajar.com\/blog\/wp-content\/uploads\/2017\/05\/viagem-de-trem-na-america-do-sul2-400x266.jpg 400w\" sizes=\"auto, (max-width: 650px) 100vw, 650px\" \/><\/p>\n<p style=\"text-align: center;\"><strong><a href=\"http:\/\/quantocustaviajar.com\/blog\/machu-picchu-horarios-restritos\/\" target=\"_blank\" rel=\"noopener noreferrer\">Vai para Cusco? Ent\u00e3o saiba quais s\u00e3o os hor\u00e1rios para visitar o santu\u00e1rio Machu Picchu<\/a><\/strong><\/p>\n<p><img loading=\"lazy\" decoding=\"async\" class=\"size-full wp-image-15887 aligncenter\" src=\"http:\/\/quantocustaviajar.com\/blog\/wp-content\/uploads\/2017\/05\/viagem-de-trem-na-america-do-sul.jpg\" alt=\"\" width=\"650\" height=\"433\" srcset=\"https:\/\/quantocustaviajar.com\/blog\/wp-content\/uploads\/2017\/05\/viagem-de-trem-na-america-do-sul.jpg 650w, https:\/\/quantocustaviajar.com\/blog\/wp-content\/uploads\/2017\/05\/viagem-de-trem-na-america-do-sul-300x200.jpg 300w, https:\/\/quantocustaviajar.com\/blog\/wp-content\/uploads\/2017\/05\/viagem-de-trem-na-america-do-sul-400x266.jpg 400w\" sizes=\"auto, (max-width: 650px) 100vw, 650px\" \/><\/p>\n<p><img loading=\"lazy\" decoding=\"async\" class=\"size-full wp-image-15889 aligncenter\" src=\"http:\/\/quantocustaviajar.com\/blog\/wp-content\/uploads\/2017\/05\/viagem-de-trem-na-america-do-sul3.jpg\" alt=\"\" width=\"650\" height=\"433\" srcset=\"https:\/\/quantocustaviajar.com\/blog\/wp-content\/uploads\/2017\/05\/viagem-de-trem-na-america-do-sul3.jpg 650w, https:\/\/quantocustaviajar.com\/blog\/wp-content\/uploads\/2017\/05\/viagem-de-trem-na-america-do-sul3-300x200.jpg 300w, https:\/\/quantocustaviajar.com\/blog\/wp-content\/uploads\/2017\/05\/viagem-de-trem-na-america-do-sul3-400x266.jpg 400w\" sizes=\"auto, (max-width: 650px) 100vw, 650px\" \/><\/p>\n<p><img loading=\"lazy\" decoding=\"async\" class=\"size-full wp-image-15885 aligncenter\" src=\"http:\/\/quantocustaviajar.com\/blog\/wp-content\/uploads\/2017\/05\/viagem-de-trem-no-peru.jpg\" alt=\"\" width=\"650\" height=\"433\" srcset=\"https:\/\/quantocustaviajar.com\/blog\/wp-content\/uploads\/2017\/05\/viagem-de-trem-no-peru.jpg 650w, https:\/\/quantocustaviajar.com\/blog\/wp-content\/uploads\/2017\/05\/viagem-de-trem-no-peru-300x200.jpg 300w, https:\/\/quantocustaviajar.com\/blog\/wp-content\/uploads\/2017\/05\/viagem-de-trem-no-peru-400x266.jpg 400w\" sizes=\"auto, (max-width: 650px) 100vw, 650px\" \/><\/p>\n<p><img loading=\"lazy\" decoding=\"async\" class=\"size-full wp-image-15894 aligncenter\" src=\"http:\/\/quantocustaviajar.com\/blog\/wp-content\/uploads\/2017\/05\/viagem-de-trem-na-america-do-sul9.jpg\" alt=\"\" width=\"650\" height=\"433\" srcset=\"https:\/\/quantocustaviajar.com\/blog\/wp-content\/uploads\/2017\/05\/viagem-de-trem-na-america-do-sul9.jpg 650w, https:\/\/quantocustaviajar.com\/blog\/wp-content\/uploads\/2017\/05\/viagem-de-trem-na-america-do-sul9-300x200.jpg 300w, https:\/\/quantocustaviajar.com\/blog\/wp-content\/uploads\/2017\/05\/viagem-de-trem-na-america-do-sul9-400x266.jpg 400w\" sizes=\"auto, (max-width: 650px) 100vw, 650px\" \/><\/p>\n<p>S\u00d3 QUERO :D<\/p>\n<p><em>Fotos: divulga\u00e7\u00e3o\/Belmond<\/em><\/p>\n","protected":false},"excerpt":{"rendered":"<p>Viajar entre os trilhos \u00e9 ter uma nova perspectiva do destino escolhido e, talvez, cruzar fronteiras. Para quem curte embarcar nessa jornada ou quer ter uma experi\u00eancia diferente, saiba que acabou de entrar em opera\u00e7\u00e3o o primeiro trem de luxo da Am\u00e9rica do Sul. Passando por belas paisagens dos Andes Peruanos, o percurso\u00a0de um ou [&hellip;]<\/p>\n","protected":false},"author":4,"featured_media":15892,"comment_status":"open","ping_status":"open","sticky":false,"template":"","format":"standard","meta":{"cybocfi_hide_featured_image":"","footnotes":""},"categories":[1437,1436],"tags":[175,1485,415,507,407,304,321,408,19,158,530,1115],"class_list":["post-15882","post","type-post","status-publish","format-standard","has-post-thumbnail","hentry","category-ao-ar-livre","category-artes-cultura-diversao","tag-america-latina","tag-americadosul","tag-belezas-naturais","tag-conforto","tag-cusco","tag-luxo","tag-passeios","tag-peru","tag-quanto-custa","tag-trem","tag-viagem-a-dois","tag-viagem-de-trem"],"blocksy_meta":[],"yoast_head":"<!-- This site is optimized with the Yoast SEO plugin v26.3 - https:\/\/yoast.com\/wordpress\/plugins\/seo\/ -->\n<title>Trem de luxo da Am\u00e9rica do Sul passa por belas paisagens do Per\u00fa<\/title>\n<meta name=\"description\" content=\"Viajar entre os trilhos \u00e9 ter uma nova perspectiva do destino escolhido e, talvez, cruzar fronteiras. Para quem curte embarcar nessa jornada ou quer ter uma experi\u00eancia diferente, saiba que acabou de entrar em opera\u00e7\u00e3o o primeiro trem de luxo da Am\u00e9rica do Sul.\" \/>\n<meta name=\"robots\" content=\"index, follow, max-snippet:-1, max-image-preview:large, max-video-preview:-1\" \/>\n<link rel=\"canonical\" href=\"https:\/\/quantocustaviajar.com\/blog\/trem-de-luxo-da-america-do-sul\/\" \/>\n<meta property=\"og:locale\" content=\"pt_BR\" \/>\n<meta property=\"og:type\" content=\"article\" \/>\n<meta property=\"og:title\" content=\"Trem de luxo da Am\u00e9rica do Sul passa por belas paisagens do Per\u00fa\" \/>\n<meta property=\"og:description\" content=\"Viajar entre os trilhos \u00e9 ter uma nova perspectiva do destino escolhido e, talvez, cruzar fronteiras. Para quem curte embarcar nessa jornada ou quer ter uma experi\u00eancia diferente, saiba que acabou de entrar em opera\u00e7\u00e3o o primeiro trem de luxo da Am\u00e9rica do Sul.\" \/>\n<meta property=\"og:url\" content=\"https:\/\/quantocustaviajar.com\/blog\/trem-de-luxo-da-america-do-sul\/\" \/>\n<meta property=\"og:site_name\" content=\"Blog Quanto Custa Viajar\" \/>\n<meta property=\"article:publisher\" content=\"https:\/\/www.facebook.com\/quantocustaviajar\" \/>\n<meta property=\"article:author\" content=\"https:\/\/www.facebook.com\/brunellapfvr\/posts\" \/>\n<meta property=\"article:published_time\" content=\"2017-05-18T12:45:02+00:00\" \/>\n<meta property=\"article:modified_time\" content=\"2018-04-27T16:40:51+00:00\" \/>\n<meta property=\"og:image\" content=\"https:\/\/quantocustaviajar.com\/blog\/wp-content\/uploads\/2017\/05\/viagem-de-trem-na-america-do-sul7.jpg\" \/>\n\t<meta property=\"og:image:width\" content=\"650\" \/>\n\t<meta property=\"og:image:height\" content=\"433\" \/>\n\t<meta property=\"og:image:type\" content=\"image\/jpeg\" \/>\n<meta name=\"author\" content=\"Brunella Nunes\" \/>\n<meta name=\"twitter:card\" content=\"summary_large_image\" \/>\n<meta name=\"twitter:label1\" content=\"Escrito por\" \/>\n\t<meta name=\"twitter:data1\" content=\"Brunella Nunes\" \/>\n\t<meta name=\"twitter:label2\" content=\"Est. tempo de leitura\" \/>\n\t<meta name=\"twitter:data2\" content=\"1 minuto\" \/>\n<!-- \/ Yoast SEO plugin. -->","yoast_head_json":{"title":"Trem de luxo da Am\u00e9rica do Sul passa por belas paisagens do Per\u00fa","description":"Viajar entre os trilhos \u00e9 ter uma nova perspectiva do destino escolhido e, talvez, cruzar fronteiras. Para quem curte embarcar nessa jornada ou quer ter uma experi\u00eancia diferente, saiba que acabou de entrar em opera\u00e7\u00e3o o primeiro trem de luxo da Am\u00e9rica do Sul.","robots":{"index":"index","follow":"follow","max-snippet":"max-snippet:-1","max-image-preview":"max-image-preview:large","max-video-preview":"max-video-preview:-1"},"canonical":"https:\/\/quantocustaviajar.com\/blog\/trem-de-luxo-da-america-do-sul\/","og_locale":"pt_BR","og_type":"article","og_title":"Trem de luxo da Am\u00e9rica do Sul passa por belas paisagens do Per\u00fa","og_description":"Viajar entre os trilhos \u00e9 ter uma nova perspectiva do destino escolhido e, talvez, cruzar fronteiras. Para quem curte embarcar nessa jornada ou quer ter uma experi\u00eancia diferente, saiba que acabou de entrar em opera\u00e7\u00e3o o primeiro trem de luxo da Am\u00e9rica do Sul.","og_url":"https:\/\/quantocustaviajar.com\/blog\/trem-de-luxo-da-america-do-sul\/","og_site_name":"Blog Quanto Custa Viajar","article_publisher":"https:\/\/www.facebook.com\/quantocustaviajar","article_author":"https:\/\/www.facebook.com\/brunellapfvr\/posts","article_published_time":"2017-05-18T12:45:02+00:00","article_modified_time":"2018-04-27T16:40:51+00:00","og_image":[{"width":650,"height":433,"url":"https:\/\/quantocustaviajar.com\/blog\/wp-content\/uploads\/2017\/05\/viagem-de-trem-na-america-do-sul7.jpg","type":"image\/jpeg"}],"author":"Brunella Nunes","twitter_card":"summary_large_image","twitter_misc":{"Escrito por":"Brunella Nunes","Est. tempo de leitura":"1 minuto"},"schema":{"@context":"https:\/\/schema.org","@graph":[{"@type":["Article","BlogPosting"],"@id":"https:\/\/quantocustaviajar.com\/blog\/trem-de-luxo-da-america-do-sul\/#article","isPartOf":{"@id":"https:\/\/quantocustaviajar.com\/blog\/trem-de-luxo-da-america-do-sul\/"},"author":{"name":"Brunella Nunes","@id":"https:\/\/quantocustaviajar.com\/blog\/#\/schema\/person\/1a6dd3da9d0c0a4be42652b67bea19bb"},"headline":"Primeiro trem de luxo da Am\u00e9rica do Sul passa por belas paisagens dos Andes Peruanos","datePublished":"2017-05-18T12:45:02+00:00","dateModified":"2018-04-27T16:40:51+00:00","mainEntityOfPage":{"@id":"https:\/\/quantocustaviajar.com\/blog\/trem-de-luxo-da-america-do-sul\/"},"wordCount":304,"commentCount":3,"publisher":{"@id":"https:\/\/quantocustaviajar.com\/blog\/#organization"},"image":{"@id":"https:\/\/quantocustaviajar.com\/blog\/trem-de-luxo-da-america-do-sul\/#primaryimage"},"thumbnailUrl":"https:\/\/quantocustaviajar.com\/blog\/wp-content\/uploads\/2017\/05\/viagem-de-trem-na-america-do-sul7.jpg","keywords":["am\u00e9rica latina","americadosul","belezas naturais","conforto","Cusco","luxo","passeios","Peru","quanto custa","trem","viagem a dois","viagem de trem"],"articleSection":["Ao Ar Livre","Artes, Cultura &amp; Divers\u00e3o"],"inLanguage":"pt-BR","potentialAction":[{"@type":"CommentAction","name":"Comment","target":["https:\/\/quantocustaviajar.com\/blog\/trem-de-luxo-da-america-do-sul\/#respond"]}]},{"@type":"WebPage","@id":"https:\/\/quantocustaviajar.com\/blog\/trem-de-luxo-da-america-do-sul\/","url":"https:\/\/quantocustaviajar.com\/blog\/trem-de-luxo-da-america-do-sul\/","name":"Trem de luxo da Am\u00e9rica do Sul passa por belas paisagens do Per\u00fa","isPartOf":{"@id":"https:\/\/quantocustaviajar.com\/blog\/#website"},"primaryImageOfPage":{"@id":"https:\/\/quantocustaviajar.com\/blog\/trem-de-luxo-da-america-do-sul\/#primaryimage"},"image":{"@id":"https:\/\/quantocustaviajar.com\/blog\/trem-de-luxo-da-america-do-sul\/#primaryimage"},"thumbnailUrl":"https:\/\/quantocustaviajar.com\/blog\/wp-content\/uploads\/2017\/05\/viagem-de-trem-na-america-do-sul7.jpg","datePublished":"2017-05-18T12:45:02+00:00","dateModified":"2018-04-27T16:40:51+00:00","description":"Viajar entre os trilhos \u00e9 ter uma nova perspectiva do destino escolhido e, talvez, cruzar fronteiras. Para quem curte embarcar nessa jornada ou quer ter uma experi\u00eancia diferente, saiba que acabou de entrar em opera\u00e7\u00e3o o primeiro trem de luxo da Am\u00e9rica do Sul.","breadcrumb":{"@id":"https:\/\/quantocustaviajar.com\/blog\/trem-de-luxo-da-america-do-sul\/#breadcrumb"},"inLanguage":"pt-BR","potentialAction":[{"@type":"ReadAction","target":["https:\/\/quantocustaviajar.com\/blog\/trem-de-luxo-da-america-do-sul\/"]}]},{"@type":"ImageObject","inLanguage":"pt-BR","@id":"https:\/\/quantocustaviajar.com\/blog\/trem-de-luxo-da-america-do-sul\/#primaryimage","url":"https:\/\/quantocustaviajar.com\/blog\/wp-content\/uploads\/2017\/05\/viagem-de-trem-na-america-do-sul7.jpg","contentUrl":"https:\/\/quantocustaviajar.com\/blog\/wp-content\/uploads\/2017\/05\/viagem-de-trem-na-america-do-sul7.jpg","width":650,"height":433},{"@type":"BreadcrumbList","@id":"https:\/\/quantocustaviajar.com\/blog\/trem-de-luxo-da-america-do-sul\/#breadcrumb","itemListElement":[{"@type":"ListItem","position":1,"name":"In\u00edcio","item":"https:\/\/quantocustaviajar.com\/blog\/"},{"@type":"ListItem","position":2,"name":"Primeiro trem de luxo da Am\u00e9rica do Sul passa por belas paisagens dos Andes Peruanos"}]},{"@type":"WebSite","@id":"https:\/\/quantocustaviajar.com\/blog\/#website","url":"https:\/\/quantocustaviajar.com\/blog\/","name":"Blog Quanto Custa Viajar","description":"","publisher":{"@id":"https:\/\/quantocustaviajar.com\/blog\/#organization"},"potentialAction":[{"@type":"SearchAction","target":{"@type":"EntryPoint","urlTemplate":"https:\/\/quantocustaviajar.com\/blog\/?s={search_term_string}"},"query-input":{"@type":"PropertyValueSpecification","valueRequired":true,"valueName":"search_term_string"}}],"inLanguage":"pt-BR"},{"@type":"Organization","@id":"https:\/\/quantocustaviajar.com\/blog\/#organization","name":"Quanto Custa Viajar","url":"https:\/\/quantocustaviajar.com\/blog\/","logo":{"@type":"ImageObject","inLanguage":"pt-BR","@id":"https:\/\/quantocustaviajar.com\/blog\/#\/schema\/logo\/image\/","url":"","contentUrl":"","caption":"Quanto Custa Viajar"},"image":{"@id":"https:\/\/quantocustaviajar.com\/blog\/#\/schema\/logo\/image\/"},"sameAs":["https:\/\/www.facebook.com\/quantocustaviajar"]},{"@type":"Person","@id":"https:\/\/quantocustaviajar.com\/blog\/#\/schema\/person\/1a6dd3da9d0c0a4be42652b67bea19bb","name":"Brunella Nunes","image":{"@type":"ImageObject","inLanguage":"pt-BR","@id":"https:\/\/quantocustaviajar.com\/blog\/#\/schema\/person\/image\/","url":"https:\/\/secure.gravatar.com\/avatar\/05b28dfb8a3cc7ee0dba6feefa5677f05be6d7bf4b017728fd38499092f9c282?s=96&d=mm&r=g","contentUrl":"https:\/\/secure.gravatar.com\/avatar\/05b28dfb8a3cc7ee0dba6feefa5677f05be6d7bf4b017728fd38499092f9c282?s=96&d=mm&r=g","caption":"Brunella Nunes"},"description":"Quando n\u00e3o est\u00e1 viajando pelo mundo, est\u00e1 viajando nas ideias.","sameAs":["https:\/\/www.facebook.com\/brunellapfvr\/posts","https:\/\/www.linkedin.com\/in\/brunellanunes\/"],"url":"https:\/\/quantocustaviajar.com\/blog\/author\/equipe\/"}]}},"_links":{"self":[{"href":"https:\/\/quantocustaviajar.com\/blog\/wp-json\/wp\/v2\/posts\/15882","targetHints":{"allow":["GET"]}}],"collection":[{"href":"https:\/\/quantocustaviajar.com\/blog\/wp-json\/wp\/v2\/posts"}],"about":[{"href":"https:\/\/quantocustaviajar.com\/blog\/wp-json\/wp\/v2\/types\/post"}],"author":[{"embeddable":true,"href":"https:\/\/quantocustaviajar.com\/blog\/wp-json\/wp\/v2\/users\/4"}],"replies":[{"embeddable":true,"href":"https:\/\/quantocustaviajar.com\/blog\/wp-json\/wp\/v2\/comments?post=15882"}],"version-history":[{"count":1,"href":"https:\/\/quantocustaviajar.com\/blog\/wp-json\/wp\/v2\/posts\/15882\/revisions"}],"predecessor-version":[{"id":23200,"href":"https:\/\/quantocustaviajar.com\/blog\/wp-json\/wp\/v2\/posts\/15882\/revisions\/23200"}],"wp:featuredmedia":[{"embeddable":true,"href":"https:\/\/quantocustaviajar.com\/blog\/wp-json\/wp\/v2\/media\/15892"}],"wp:attachment":[{"href":"https:\/\/quantocustaviajar.com\/blog\/wp-json\/wp\/v2\/media?parent=15882"}],"wp:term":[{"taxonomy":"category","embeddable":true,"href":"https:\/\/quantocustaviajar.com\/blog\/wp-json\/wp\/v2\/categories?post=15882"},{"taxonomy":"post_tag","embeddable":true,"href":"https:\/\/quantocustaviajar.com\/blog\/wp-json\/wp\/v2\/tags?post=15882"}],"curies":[{"name":"wp","href":"https:\/\/api.w.org\/{rel}","templated":true}]}}