{"id":15838,"date":"2017-06-06T12:50:11","date_gmt":"2017-06-06T12:50:11","guid":{"rendered":"http:\/\/quantocustaviajar.com\/blog\/?p=15838"},"modified":"2019-04-02T14:09:33","modified_gmt":"2019-04-02T14:09:33","slug":"belize-o-paraiso-caribenho","status":"publish","type":"post","link":"https:\/\/quantocustaviajar.com\/blog\/belize-o-paraiso-caribenho\/","title":{"rendered":"Belize: o para\u00edso caribenho com a maior barreira de corais das Am\u00e9ricas"},"content":{"rendered":"<p>A Am\u00e9rica Central pode passar um tanto despercebida para algumas pessoas, por\u00e9m, re\u00fane alguns para\u00edsos tropicais como a Guatemala, a Jamaica, a Costa Rica e&#8230;<strong>Belize<\/strong>, que conta com<strong> a maior barreira de corais das Am\u00e9ricas<\/strong> e segunda maior do mundo, em meio \u00e0s \u00e1guas cristalinas do mar das Cara\u00edbas. N\u00e3o por acaso, inspirou a m\u00fasica \u201cLa Isla Bonita\u201d, hit dos anos 1980 da cantora pop Madonna.<\/p>\n<p>Na fronteira com o <a href=\"http:\/\/quantocustaviajar.com\/mexico\" target=\"_blank\" rel=\"noopener noreferrer\"><strong>M\u00e9xico<\/strong><\/a>, foi colonizado por brit\u00e2nicos e tem como l\u00edngua oficial o ingl\u00eas, embora o espanhol e a l\u00edngua crioula tamb\u00e9m sejam utilizados. Sua hist\u00f3ria passa por <strong>influ\u00eancias maias<\/strong>, resultando em s\u00edtios arqueol\u00f3gicos erguidos em meados de 1.500 a.C, como se v\u00ea nos imponentes templos de pedra Altun Ha, Caracol, Lamanai e Xunantunich. Dizem que h\u00e1 mil ru\u00ednas maias no pa\u00eds, muitas delas inexploradas.<\/p>\n<p><img loading=\"lazy\" decoding=\"async\" class=\"size-full wp-image-15852 aligncenter\" src=\"http:\/\/quantocustaviajar.com\/blog\/wp-content\/uploads\/2017\/05\/belize11.jpg\" alt=\"\" width=\"649\" height=\"418\" srcset=\"https:\/\/quantocustaviajar.com\/blog\/wp-content\/uploads\/2017\/05\/belize11.jpg 649w, https:\/\/quantocustaviajar.com\/blog\/wp-content\/uploads\/2017\/05\/belize11-300x193.jpg 300w, https:\/\/quantocustaviajar.com\/blog\/wp-content\/uploads\/2017\/05\/belize11-400x258.jpg 400w\" sizes=\"auto, (max-width: 649px) 100vw, 649px\" \/><\/p>\n<p>Com metade do territ\u00f3rio ocupado por vegeta\u00e7\u00e3o, Belize resguarda um rico ecossistema em suas florestas, chegando at\u00e9 a vida marinha, como se v\u00ea nas ilhas Turneffe, o Lighthouse Reef, o Atol de Glover, Ambergris Caye e Half Moon Caye, onde est\u00e1 a primeira reserva marinha local e a primeira da Am\u00e9rica Central. L\u00e1 est\u00e1 um dos principais atrativos da regi\u00e3o, o <strong>Grande <a href=\"https:\/\/quantocustaviajar.com\/blog\/buraco-azul-em-jericoacoara\/\">Buraco Azul<\/a><\/strong>, um dos melhores lugares para mergulho no mundo, com cerca de 300 metros de di\u00e2metro e 125 metros de profundidade. Ao chegar nas profundezas, se avistam tubar\u00f5es, diversas esp\u00e9cies de peixes e corais coloridos.<\/p>\n<p><img loading=\"lazy\" decoding=\"async\" class=\"size-full wp-image-15853 aligncenter\" src=\"http:\/\/quantocustaviajar.com\/blog\/wp-content\/uploads\/2017\/05\/belize13.jpg\" alt=\"\" width=\"650\" height=\"433\" srcset=\"https:\/\/quantocustaviajar.com\/blog\/wp-content\/uploads\/2017\/05\/belize13.jpg 650w, https:\/\/quantocustaviajar.com\/blog\/wp-content\/uploads\/2017\/05\/belize13-300x200.jpg 300w, https:\/\/quantocustaviajar.com\/blog\/wp-content\/uploads\/2017\/05\/belize13-400x266.jpg 400w\" sizes=\"auto, (max-width: 650px) 100vw, 650px\" \/><\/p>\n<p><img loading=\"lazy\" decoding=\"async\" class=\"size-full wp-image-15850 aligncenter\" src=\"http:\/\/quantocustaviajar.com\/blog\/wp-content\/uploads\/2017\/05\/belize7.jpg\" alt=\"\" width=\"650\" height=\"488\" srcset=\"https:\/\/quantocustaviajar.com\/blog\/wp-content\/uploads\/2017\/05\/belize7.jpg 650w, https:\/\/quantocustaviajar.com\/blog\/wp-content\/uploads\/2017\/05\/belize7-300x225.jpg 300w, https:\/\/quantocustaviajar.com\/blog\/wp-content\/uploads\/2017\/05\/belize7-400x300.jpg 400w\" sizes=\"auto, (max-width: 650px) 100vw, 650px\" \/><\/p>\n<p>J\u00e1 em San Ignacio \u00e9 poss\u00edvel agendar excurs\u00f5es para explorar a fauna e flora local. No zool\u00f3gico, que cumpre um papel de resgate e preserva\u00e7\u00e3o, os visitantes veem de perto esp\u00e9cies t\u00edpicas do pa\u00eds, como tucanos, macacos e jaguar (no Brasil \u00e9 a on\u00e7a-pintada), em um habitat pr\u00f3ximo do natural e do p\u00fablico. Existem at\u00e9 mesmo <strong>cabanas para se hospedar no local<\/strong>, por um pre\u00e7o bem interessante: dormit\u00f3rios por US$ 37,08 por dia; quartos privativos a partir de US$ 61,60 &#8211; incluindo caf\u00e9 da manh\u00e3 e jantar. O camping cobra US$ 8,18 por pessoa, sem as refei\u00e7\u00f5es. A entrada no zoo custa US$ 15 para adultos e US$ 5 para crian\u00e7as.<\/p>\n<p><img loading=\"lazy\" decoding=\"async\" class=\"size-full wp-image-15846 aligncenter\" src=\"http:\/\/quantocustaviajar.com\/blog\/wp-content\/uploads\/2017\/05\/belize-zoo.jpg\" alt=\"\" width=\"650\" height=\"488\" srcset=\"https:\/\/quantocustaviajar.com\/blog\/wp-content\/uploads\/2017\/05\/belize-zoo.jpg 650w, https:\/\/quantocustaviajar.com\/blog\/wp-content\/uploads\/2017\/05\/belize-zoo-300x225.jpg 300w, https:\/\/quantocustaviajar.com\/blog\/wp-content\/uploads\/2017\/05\/belize-zoo-400x300.jpg 400w\" sizes=\"auto, (max-width: 650px) 100vw, 650px\" \/><\/p>\n<p>\u00c9 poss\u00edvel ainda visitar o<strong> sistema de cavernas<\/strong>, que est\u00e1 entre os maiores da regi\u00e3o, como as impressionantes Branch e Actun Tunichil Muknal, que durante o imp\u00e9rio maia se acreditava ser um caminho para o submundo e a casa dos deuses. No Parque Nacional Bocawina, a divers\u00e3o fica por conta das cachoeiras e da <strong>maior tirolesa de Belize<\/strong>, a 762 metros de altura.<\/p>\n<p>Apesar de Belmopan ser a capital, \u00e9 San Pedro, na<strong>\u00a0Ilha Ambergris<\/strong>, que se destaca com o maior povoado do pa\u00eds, suas vilas coloridas e ruas feitas de areia. \u00c9 o reduto de lojas, restaurantes, bares e hot\u00e9is, e tamb\u00e9m do que d\u00e1 fama ao pa\u00eds: a barreira de corais de 300 km, que tem f\u00e1cil acesso e se torna prop\u00edcia para o snorkel.<\/p>\n<p><img loading=\"lazy\" decoding=\"async\" class=\"size-full wp-image-15844 aligncenter\" src=\"http:\/\/quantocustaviajar.com\/blog\/wp-content\/uploads\/2017\/05\/caverna-em-belize.jpg\" alt=\"\" width=\"650\" height=\"433\" srcset=\"https:\/\/quantocustaviajar.com\/blog\/wp-content\/uploads\/2017\/05\/caverna-em-belize.jpg 650w, https:\/\/quantocustaviajar.com\/blog\/wp-content\/uploads\/2017\/05\/caverna-em-belize-300x200.jpg 300w, https:\/\/quantocustaviajar.com\/blog\/wp-content\/uploads\/2017\/05\/caverna-em-belize-400x266.jpg 400w\" sizes=\"auto, (max-width: 650px) 100vw, 650px\" \/><\/p>\n<p>Falando em<strong> <a href=\"https:\/\/quantocustaviajar.com\/blog\/destinos-para-quem-gosta-de-praias-paradisiacas\/\">praias paradis\u00edacas<\/a><\/strong>, Belize tem 390 km de costa e incont\u00e1veis ilhas onde se busca tanto tranquilidade como badala\u00e7\u00e3o. Algumas das melhores op\u00e7\u00f5es se re\u00fanem na Pen\u00ednsula Placencia, onde a \u00e1gua \u00e9 morna e as areias s\u00e3o limpas. Dangriga, Punta Gorda e Caverna Ambergris s\u00e3o escolhas populares entre os visitantes. Vale a pena pesquisar ainda Ba\u00eda de Orchid e Caye Caulker, que tem o t\u00edpico visual caribenho.<\/p>\n<p><strong>O que comer: <\/strong>um misto de influ\u00eancias, do legado maia ao brit\u00e2nico, forma a culin\u00e1ria local. O caf\u00e9 da manh\u00e3 lembra o norte americano e o latino, composto por tortilha de milho, feij\u00e3o frito, p\u00e3o, bacon, ovos, cereais, caf\u00e9 e leite. Nas demais refei\u00e7\u00f5es, frutos do mar s\u00e3o servidos de diversas maneiras, junto com pratos t\u00edpicos como os tamales panades, conchas de milho frito com feij\u00e3o ou peixe; os garnachas, tortilhas fritas com feij\u00e3o, queijo e molho; e ainda a chimole, sopa escura e apimentada, com frango, ovos e uma pasta maia chamada \u201crecado\u201d.<\/p>\n<p><img loading=\"lazy\" decoding=\"async\" class=\"size-full wp-image-15840 aligncenter\" src=\"http:\/\/quantocustaviajar.com\/blog\/wp-content\/uploads\/2017\/05\/belize-comida.jpg\" alt=\"\" width=\"650\" height=\"433\" srcset=\"https:\/\/quantocustaviajar.com\/blog\/wp-content\/uploads\/2017\/05\/belize-comida.jpg 650w, https:\/\/quantocustaviajar.com\/blog\/wp-content\/uploads\/2017\/05\/belize-comida-300x200.jpg 300w, https:\/\/quantocustaviajar.com\/blog\/wp-content\/uploads\/2017\/05\/belize-comida-400x266.jpg 400w\" sizes=\"auto, (max-width: 650px) 100vw, 650px\" \/><\/p>\n<p><strong>Onde ficar: <\/strong>existem desde <strong>resorts e bangal\u00f4s de luxo<\/strong> at\u00e9 hospedagens mais simples, inclusive via Airbnb. O <a href=\"https:\/\/www.booking.com\/hotel\/bz\/naia-resort-and-spa.pt-br.html?aid=2161834\" target=\"_blank\" rel=\"noopener noreferrer\">Na\u00efa Resort and Spa<\/a> fica a beira-mar em Placencia (a partir de R$ 978,00 por dia); o <a href=\"https:\/\/www.booking.com\/hotel\/bz\/coco-beach-resort.pt-br.html?aid=2161834\" target=\"_blank\" rel=\"noopener noreferrer\">Coco Beach Resort<\/a> oferece villas e su\u00edtes em Ambergris Caye (a partir de R$ 717,00 por dia).<\/p>\n<p><img loading=\"lazy\" decoding=\"async\" class=\"size-full wp-image-15859 aligncenter\" src=\"http:\/\/quantocustaviajar.com\/blog\/wp-content\/uploads\/2015\/04\/naia-resort.jpg\" alt=\"\" width=\"650\" height=\"436\" srcset=\"https:\/\/quantocustaviajar.com\/blog\/wp-content\/uploads\/2015\/04\/naia-resort.jpg 650w, https:\/\/quantocustaviajar.com\/blog\/wp-content\/uploads\/2015\/04\/naia-resort-300x201.jpg 300w, https:\/\/quantocustaviajar.com\/blog\/wp-content\/uploads\/2015\/04\/naia-resort-400x268.jpg 400w\" sizes=\"auto, (max-width: 650px) 100vw, 650px\" \/><\/p>\n<p><img loading=\"lazy\" decoding=\"async\" class=\"size-full wp-image-15860 aligncenter\" src=\"http:\/\/quantocustaviajar.com\/blog\/wp-content\/uploads\/2015\/04\/naia-spa.jpg\" alt=\"\" width=\"650\" height=\"434\" srcset=\"https:\/\/quantocustaviajar.com\/blog\/wp-content\/uploads\/2015\/04\/naia-spa.jpg 650w, https:\/\/quantocustaviajar.com\/blog\/wp-content\/uploads\/2015\/04\/naia-spa-300x200.jpg 300w, https:\/\/quantocustaviajar.com\/blog\/wp-content\/uploads\/2015\/04\/naia-spa-400x267.jpg 400w\" sizes=\"auto, (max-width: 650px) 100vw, 650px\" \/><\/p>\n<p>Entre os resorts, o <a href=\"https:\/\/www.booking.com\/hotel\/bz\/royal-caribbean-resort.pt-br.html?aid=2161834\" target=\"_blank\" rel=\"noopener noreferrer\">Royal Caribbean<\/a> &#8211; em San Pedro &#8211; tem um <strong>custo bastante razo\u00e1vel<\/strong> pelo o que oferece (a partir de R$ 301,00 por dia), ideal para quem quer aliar conforto e investimento.<\/p>\n<p><img loading=\"lazy\" decoding=\"async\" class=\"size-full wp-image-15863 aligncenter\" src=\"http:\/\/quantocustaviajar.com\/blog\/wp-content\/uploads\/2015\/04\/royal-caribbean.jpg\" alt=\"\" width=\"650\" height=\"366\" srcset=\"https:\/\/quantocustaviajar.com\/blog\/wp-content\/uploads\/2015\/04\/royal-caribbean.jpg 650w, https:\/\/quantocustaviajar.com\/blog\/wp-content\/uploads\/2015\/04\/royal-caribbean-300x169.jpg 300w, https:\/\/quantocustaviajar.com\/blog\/wp-content\/uploads\/2015\/04\/royal-caribbean-400x225.jpg 400w\" sizes=\"auto, (max-width: 650px) 100vw, 650px\" \/><\/p>\n<p>H\u00e1 tamb\u00e9m<strong> op\u00e7\u00f5es mais simples a um bom custo-benef\u00edcio<\/strong> segundo avalia\u00e7\u00f5es dos viajantes, como \u00e9 o caso da pousada <a href=\"https:\/\/www.booking.com\/hotel\/bz\/de-real-macaw.pt-br.html?aid=2161834\" target=\"_blank\" rel=\"noopener noreferrer\">De Real Macaw<\/a> (a partir de R$ 200,00 por dia), e a <a href=\"https:\/\/www.booking.com\/hotel\/bz\/sea-n-sun-guest-house.pt-br.html?aid=2161834\" target=\"_blank\" rel=\"noopener noreferrer\">Sea n Sun Guesthouse<\/a> (a partir de R$ 152,00 por dia), logo na rua da praia, ambas em Caye Caulker.<\/p>\n<p><img loading=\"lazy\" decoding=\"async\" class=\"size-full wp-image-15867 aligncenter\" src=\"http:\/\/quantocustaviajar.com\/blog\/wp-content\/uploads\/2017\/05\/de-real-macaw.jpg\" alt=\"\" width=\"650\" height=\"488\" srcset=\"https:\/\/quantocustaviajar.com\/blog\/wp-content\/uploads\/2017\/05\/de-real-macaw.jpg 650w, https:\/\/quantocustaviajar.com\/blog\/wp-content\/uploads\/2017\/05\/de-real-macaw-300x225.jpg 300w, https:\/\/quantocustaviajar.com\/blog\/wp-content\/uploads\/2017\/05\/de-real-macaw-400x300.jpg 400w\" sizes=\"auto, (max-width: 650px) 100vw, 650px\" \/><\/p>\n<p><strong>Como chegar: <\/strong>h\u00e1 voos di\u00e1rios para Belize na Am\u00e9rica do Norte, partindo de Los Angeles, Miami, Dallas e Charlotte. A partir do M\u00e9xico e <a href=\"https:\/\/quantocustaviajar.com\/mexico\/cancun\" target=\"_blank\" rel=\"noopener\">Canc\u00fan<\/a> tamb\u00e9m saem voos. No Brasil, \u00e9 poss\u00edvel pegar voos da Copa Airlines, que fazem conex\u00e3o no Panam\u00e1, e da Avianca, com conex\u00e3o em El Salvador; ou a United Airlines, rumo a algumas das cidades descritas como hub. O acesso \u00e0s ilhas costuma ser feito de barco ou pela Tropic Air.<\/p>\n<p><img loading=\"lazy\" decoding=\"async\" class=\"size-full wp-image-15839 aligncenter\" src=\"http:\/\/quantocustaviajar.com\/blog\/wp-content\/uploads\/2017\/05\/belize14.jpg\" alt=\"\" width=\"650\" height=\"365\" srcset=\"https:\/\/quantocustaviajar.com\/blog\/wp-content\/uploads\/2017\/05\/belize14.jpg 650w, https:\/\/quantocustaviajar.com\/blog\/wp-content\/uploads\/2017\/05\/belize14-300x168.jpg 300w, https:\/\/quantocustaviajar.com\/blog\/wp-content\/uploads\/2017\/05\/belize14-400x225.jpg 400w\" sizes=\"auto, (max-width: 650px) 100vw, 650px\" \/><\/p>\n<p><img loading=\"lazy\" decoding=\"async\" class=\"size-full wp-image-15845 aligncenter\" src=\"http:\/\/quantocustaviajar.com\/blog\/wp-content\/uploads\/2017\/05\/ambergriscaye.jpg\" alt=\"\" width=\"650\" height=\"325\" srcset=\"https:\/\/quantocustaviajar.com\/blog\/wp-content\/uploads\/2017\/05\/ambergriscaye.jpg 650w, https:\/\/quantocustaviajar.com\/blog\/wp-content\/uploads\/2017\/05\/ambergriscaye-300x150.jpg 300w, https:\/\/quantocustaviajar.com\/blog\/wp-content\/uploads\/2017\/05\/ambergriscaye-400x200.jpg 400w\" sizes=\"auto, (max-width: 650px) 100vw, 650px\" \/><\/p>\n<p style=\"text-align: center;\"><a href=\"http:\/\/quantocustaviajar.com\/blog\/qual-lugar-no-caribe-e-o-ideal-para-voce-saiba-mais-sobre-cada-destino-caribenho\/\" target=\"_blank\" rel=\"noopener noreferrer\"><strong>Quer saber qual destino caribenho combina mais com voc\u00ea? Vem que a gente te conta!<\/strong><\/a><\/p>\n<p><img loading=\"lazy\" decoding=\"async\" class=\"size-full wp-image-15848 aligncenter\" src=\"http:\/\/quantocustaviajar.com\/blog\/wp-content\/uploads\/2017\/05\/belize3.jpg\" alt=\"\" width=\"650\" height=\"411\" srcset=\"https:\/\/quantocustaviajar.com\/blog\/wp-content\/uploads\/2017\/05\/belize3.jpg 650w, https:\/\/quantocustaviajar.com\/blog\/wp-content\/uploads\/2017\/05\/belize3-300x190.jpg 300w, https:\/\/quantocustaviajar.com\/blog\/wp-content\/uploads\/2017\/05\/belize3-400x253.jpg 400w\" sizes=\"auto, (max-width: 650px) 100vw, 650px\" \/><\/p>\n<p><img loading=\"lazy\" decoding=\"async\" class=\"size-full wp-image-15849 aligncenter\" src=\"http:\/\/quantocustaviajar.com\/blog\/wp-content\/uploads\/2017\/05\/belize6.jpg\" alt=\"\" width=\"650\" height=\"430\" srcset=\"https:\/\/quantocustaviajar.com\/blog\/wp-content\/uploads\/2017\/05\/belize6.jpg 650w, https:\/\/quantocustaviajar.com\/blog\/wp-content\/uploads\/2017\/05\/belize6-300x198.jpg 300w, https:\/\/quantocustaviajar.com\/blog\/wp-content\/uploads\/2017\/05\/belize6-400x265.jpg 400w\" sizes=\"auto, (max-width: 650px) 100vw, 650px\" \/><\/p>\n<p style=\"text-align: center;\"><a href=\"http:\/\/quantocustaviajar.com\/blog\/motivos-para-visitar-o-mexico\/\" target=\"_blank\" rel=\"noopener noreferrer\"><strong>Aproveite para conhecer as maravilhas do pa\u00eds vizinho de Belize, o M\u00e9xico!<\/strong><\/a><\/p>\n<p><img loading=\"lazy\" decoding=\"async\" class=\"size-full wp-image-15851 aligncenter\" src=\"http:\/\/quantocustaviajar.com\/blog\/wp-content\/uploads\/2017\/05\/belize8.jpg\" alt=\"\" width=\"650\" height=\"400\" srcset=\"https:\/\/quantocustaviajar.com\/blog\/wp-content\/uploads\/2017\/05\/belize8.jpg 650w, https:\/\/quantocustaviajar.com\/blog\/wp-content\/uploads\/2017\/05\/belize8-300x185.jpg 300w, https:\/\/quantocustaviajar.com\/blog\/wp-content\/uploads\/2017\/05\/belize8-400x246.jpg 400w\" sizes=\"auto, (max-width: 650px) 100vw, 650px\" \/><\/p>\n<p><img loading=\"lazy\" decoding=\"async\" class=\"size-full wp-image-15843 aligncenter\" src=\"http:\/\/quantocustaviajar.com\/blog\/wp-content\/uploads\/2017\/05\/caverna-de-belize.jpg\" alt=\"\" width=\"650\" height=\"353\" srcset=\"https:\/\/quantocustaviajar.com\/blog\/wp-content\/uploads\/2017\/05\/caverna-de-belize.jpg 650w, https:\/\/quantocustaviajar.com\/blog\/wp-content\/uploads\/2017\/05\/caverna-de-belize-300x163.jpg 300w, https:\/\/quantocustaviajar.com\/blog\/wp-content\/uploads\/2017\/05\/caverna-de-belize-400x217.jpg 400w\" sizes=\"auto, (max-width: 650px) 100vw, 650px\" \/><\/p>\n<p><img loading=\"lazy\" decoding=\"async\" class=\"size-full wp-image-15847 aligncenter\" src=\"http:\/\/quantocustaviajar.com\/blog\/wp-content\/uploads\/2017\/05\/belize2.jpg\" alt=\"\" width=\"650\" height=\"433\" srcset=\"https:\/\/quantocustaviajar.com\/blog\/wp-content\/uploads\/2017\/05\/belize2.jpg 650w, https:\/\/quantocustaviajar.com\/blog\/wp-content\/uploads\/2017\/05\/belize2-300x200.jpg 300w, https:\/\/quantocustaviajar.com\/blog\/wp-content\/uploads\/2017\/05\/belize2-400x266.jpg 400w\" sizes=\"auto, (max-width: 650px) 100vw, 650px\" \/><\/p>\n<p>Confira um v\u00eddeo que o pessoal do <a href=\"http:\/\/3em3.com\" target=\"_blank\" rel=\"noopener noreferrer\">3em3<\/a> fez em Belize!<\/p>\n<p><iframe loading=\"lazy\" title=\"Caracol e Placencia - Belize :: Um roteiro pelo pa\u00eds mais secreto do Caribe :: 3em3\" width=\"1290\" height=\"726\" src=\"https:\/\/www.youtube.com\/embed\/vgfk_vtKBak?start=101&#038;feature=oembed\" frameborder=\"0\" allow=\"accelerometer; autoplay; clipboard-write; encrypted-media; gyroscope; picture-in-picture; web-share\" referrerpolicy=\"strict-origin-when-cross-origin\" allowfullscreen><\/iframe><\/p>\n<p><em>Fotos: divulga\u00e7\u00e3o<\/em><\/p>\n","protected":false},"excerpt":{"rendered":"<p>A Am\u00e9rica Central pode passar um tanto despercebida para algumas pessoas, por\u00e9m, re\u00fane alguns para\u00edsos tropicais como a Guatemala, a Jamaica, a Costa Rica e&#8230;Belize, que conta com a maior barreira de corais das Am\u00e9ricas e segunda maior do mundo, em meio \u00e0s \u00e1guas cristalinas do mar das Cara\u00edbas. N\u00e3o por acaso, inspirou a m\u00fasica [&hellip;]<\/p>\n","protected":false},"author":4,"featured_media":15841,"comment_status":"open","ping_status":"open","sticky":false,"template":"","format":"standard","meta":{"cybocfi_hide_featured_image":"","footnotes":""},"categories":[1437],"tags":[135,393,1107,284,235,178,436,139,206,234,211,1101,529,310,204,321,196,299,236,530],"class_list":["post-15838","post","type-post","status-publish","format-standard","has-post-thumbnail","hentry","category-ao-ar-livre","tag-atracoes","tag-aventura","tag-belize","tag-caribe","tag-casal","tag-como-chegar","tag-familia","tag-hoteis","tag-ilhas","tag-lua-de-mel","tag-o-que-fazer","tag-onde-ficar","tag-onde-ir","tag-paradisiaca","tag-paradisiaco","tag-passeios","tag-precos","tag-resort","tag-romantico","tag-viagem-a-dois"],"blocksy_meta":[],"yoast_head":"<!-- This site is optimized with the Yoast SEO plugin v26.3 - https:\/\/yoast.com\/wordpress\/plugins\/seo\/ -->\n<title>Belize: o para\u00edso caribenho com a maior barreira de corais das Am\u00e9ricas<\/title>\n<meta name=\"description\" content=\"Belize, que conta com a maior barreira de corais das Am\u00e9ricas e segunda maior do mundo, em meio \u00e0s \u00e1guas cristalinas do mar das Cara\u00edbas.\" \/>\n<meta name=\"robots\" content=\"index, follow, max-snippet:-1, max-image-preview:large, max-video-preview:-1\" \/>\n<link rel=\"canonical\" href=\"https:\/\/quantocustaviajar.com\/blog\/belize-o-paraiso-caribenho\/\" \/>\n<meta property=\"og:locale\" content=\"pt_BR\" \/>\n<meta property=\"og:type\" content=\"article\" \/>\n<meta property=\"og:title\" content=\"Belize: o para\u00edso caribenho com a maior barreira de corais das Am\u00e9ricas\" \/>\n<meta property=\"og:description\" content=\"Belize, que conta com a maior barreira de corais das Am\u00e9ricas e segunda maior do mundo, em meio \u00e0s \u00e1guas cristalinas do mar das Cara\u00edbas.\" \/>\n<meta property=\"og:url\" content=\"https:\/\/quantocustaviajar.com\/blog\/belize-o-paraiso-caribenho\/\" \/>\n<meta property=\"og:site_name\" content=\"Blog Quanto Custa Viajar\" \/>\n<meta property=\"article:publisher\" content=\"https:\/\/www.facebook.com\/quantocustaviajar\" \/>\n<meta property=\"article:author\" content=\"https:\/\/www.facebook.com\/brunellapfvr\/posts\" \/>\n<meta property=\"article:published_time\" content=\"2017-06-06T12:50:11+00:00\" \/>\n<meta property=\"article:modified_time\" content=\"2019-04-02T14:09:33+00:00\" \/>\n<meta property=\"og:image\" content=\"https:\/\/quantocustaviajar.com\/blog\/wp-content\/uploads\/2017\/05\/belize-praias.jpg\" \/>\n\t<meta property=\"og:image:width\" content=\"650\" \/>\n\t<meta property=\"og:image:height\" content=\"366\" \/>\n\t<meta property=\"og:image:type\" content=\"image\/jpeg\" \/>\n<meta name=\"author\" content=\"Brunella Nunes\" \/>\n<meta name=\"twitter:card\" content=\"summary_large_image\" \/>\n<meta name=\"twitter:label1\" content=\"Escrito por\" \/>\n\t<meta name=\"twitter:data1\" content=\"Brunella Nunes\" \/>\n\t<meta name=\"twitter:label2\" content=\"Est. tempo de leitura\" \/>\n\t<meta name=\"twitter:data2\" content=\"5 minutos\" \/>\n<!-- \/ Yoast SEO plugin. -->","yoast_head_json":{"title":"Belize: o para\u00edso caribenho com a maior barreira de corais das Am\u00e9ricas","description":"Belize, que conta com a maior barreira de corais das Am\u00e9ricas e segunda maior do mundo, em meio \u00e0s \u00e1guas cristalinas do mar das Cara\u00edbas.","robots":{"index":"index","follow":"follow","max-snippet":"max-snippet:-1","max-image-preview":"max-image-preview:large","max-video-preview":"max-video-preview:-1"},"canonical":"https:\/\/quantocustaviajar.com\/blog\/belize-o-paraiso-caribenho\/","og_locale":"pt_BR","og_type":"article","og_title":"Belize: o para\u00edso caribenho com a maior barreira de corais das Am\u00e9ricas","og_description":"Belize, que conta com a maior barreira de corais das Am\u00e9ricas e segunda maior do mundo, em meio \u00e0s \u00e1guas cristalinas do mar das Cara\u00edbas.","og_url":"https:\/\/quantocustaviajar.com\/blog\/belize-o-paraiso-caribenho\/","og_site_name":"Blog Quanto Custa Viajar","article_publisher":"https:\/\/www.facebook.com\/quantocustaviajar","article_author":"https:\/\/www.facebook.com\/brunellapfvr\/posts","article_published_time":"2017-06-06T12:50:11+00:00","article_modified_time":"2019-04-02T14:09:33+00:00","og_image":[{"width":650,"height":366,"url":"https:\/\/quantocustaviajar.com\/blog\/wp-content\/uploads\/2017\/05\/belize-praias.jpg","type":"image\/jpeg"}],"author":"Brunella Nunes","twitter_card":"summary_large_image","twitter_misc":{"Escrito por":"Brunella Nunes","Est. tempo de leitura":"5 minutos"},"schema":{"@context":"https:\/\/schema.org","@graph":[{"@type":["Article","BlogPosting"],"@id":"https:\/\/quantocustaviajar.com\/blog\/belize-o-paraiso-caribenho\/#article","isPartOf":{"@id":"https:\/\/quantocustaviajar.com\/blog\/belize-o-paraiso-caribenho\/"},"author":{"name":"Brunella Nunes","@id":"https:\/\/quantocustaviajar.com\/blog\/#\/schema\/person\/1a6dd3da9d0c0a4be42652b67bea19bb"},"headline":"Belize: o para\u00edso caribenho com a maior barreira de corais das Am\u00e9ricas","datePublished":"2017-06-06T12:50:11+00:00","dateModified":"2019-04-02T14:09:33+00:00","mainEntityOfPage":{"@id":"https:\/\/quantocustaviajar.com\/blog\/belize-o-paraiso-caribenho\/"},"wordCount":975,"commentCount":8,"publisher":{"@id":"https:\/\/quantocustaviajar.com\/blog\/#organization"},"image":{"@id":"https:\/\/quantocustaviajar.com\/blog\/belize-o-paraiso-caribenho\/#primaryimage"},"thumbnailUrl":"https:\/\/quantocustaviajar.com\/blog\/wp-content\/uploads\/2017\/05\/belize-praias.jpg","keywords":["atra\u00e7\u00f5es","aventura","Belize","caribe","casal","como chegar","fam\u00edlia","hot\u00e9is","ilhas","lua de mel","o que fazer","onde ficar","onde ir","paradis\u00edaca","paradis\u00edaco","passeios","pre\u00e7os","resort","rom\u00e2ntico","viagem a dois"],"articleSection":["Ao Ar Livre"],"inLanguage":"pt-BR","potentialAction":[{"@type":"CommentAction","name":"Comment","target":["https:\/\/quantocustaviajar.com\/blog\/belize-o-paraiso-caribenho\/#respond"]}]},{"@type":"WebPage","@id":"https:\/\/quantocustaviajar.com\/blog\/belize-o-paraiso-caribenho\/","url":"https:\/\/quantocustaviajar.com\/blog\/belize-o-paraiso-caribenho\/","name":"Belize: o para\u00edso caribenho com a maior barreira de corais das Am\u00e9ricas","isPartOf":{"@id":"https:\/\/quantocustaviajar.com\/blog\/#website"},"primaryImageOfPage":{"@id":"https:\/\/quantocustaviajar.com\/blog\/belize-o-paraiso-caribenho\/#primaryimage"},"image":{"@id":"https:\/\/quantocustaviajar.com\/blog\/belize-o-paraiso-caribenho\/#primaryimage"},"thumbnailUrl":"https:\/\/quantocustaviajar.com\/blog\/wp-content\/uploads\/2017\/05\/belize-praias.jpg","datePublished":"2017-06-06T12:50:11+00:00","dateModified":"2019-04-02T14:09:33+00:00","description":"Belize, que conta com a maior barreira de corais das Am\u00e9ricas e segunda maior do mundo, em meio \u00e0s \u00e1guas cristalinas do mar das Cara\u00edbas.","breadcrumb":{"@id":"https:\/\/quantocustaviajar.com\/blog\/belize-o-paraiso-caribenho\/#breadcrumb"},"inLanguage":"pt-BR","potentialAction":[{"@type":"ReadAction","target":["https:\/\/quantocustaviajar.com\/blog\/belize-o-paraiso-caribenho\/"]}]},{"@type":"ImageObject","inLanguage":"pt-BR","@id":"https:\/\/quantocustaviajar.com\/blog\/belize-o-paraiso-caribenho\/#primaryimage","url":"https:\/\/quantocustaviajar.com\/blog\/wp-content\/uploads\/2017\/05\/belize-praias.jpg","contentUrl":"https:\/\/quantocustaviajar.com\/blog\/wp-content\/uploads\/2017\/05\/belize-praias.jpg","width":650,"height":366},{"@type":"BreadcrumbList","@id":"https:\/\/quantocustaviajar.com\/blog\/belize-o-paraiso-caribenho\/#breadcrumb","itemListElement":[{"@type":"ListItem","position":1,"name":"In\u00edcio","item":"https:\/\/quantocustaviajar.com\/blog\/"},{"@type":"ListItem","position":2,"name":"Belize: o para\u00edso caribenho com a maior barreira de corais das Am\u00e9ricas"}]},{"@type":"WebSite","@id":"https:\/\/quantocustaviajar.com\/blog\/#website","url":"https:\/\/quantocustaviajar.com\/blog\/","name":"Blog Quanto Custa Viajar","description":"","publisher":{"@id":"https:\/\/quantocustaviajar.com\/blog\/#organization"},"potentialAction":[{"@type":"SearchAction","target":{"@type":"EntryPoint","urlTemplate":"https:\/\/quantocustaviajar.com\/blog\/?s={search_term_string}"},"query-input":{"@type":"PropertyValueSpecification","valueRequired":true,"valueName":"search_term_string"}}],"inLanguage":"pt-BR"},{"@type":"Organization","@id":"https:\/\/quantocustaviajar.com\/blog\/#organization","name":"Quanto Custa Viajar","url":"https:\/\/quantocustaviajar.com\/blog\/","logo":{"@type":"ImageObject","inLanguage":"pt-BR","@id":"https:\/\/quantocustaviajar.com\/blog\/#\/schema\/logo\/image\/","url":"","contentUrl":"","caption":"Quanto Custa Viajar"},"image":{"@id":"https:\/\/quantocustaviajar.com\/blog\/#\/schema\/logo\/image\/"},"sameAs":["https:\/\/www.facebook.com\/quantocustaviajar"]},{"@type":"Person","@id":"https:\/\/quantocustaviajar.com\/blog\/#\/schema\/person\/1a6dd3da9d0c0a4be42652b67bea19bb","name":"Brunella Nunes","image":{"@type":"ImageObject","inLanguage":"pt-BR","@id":"https:\/\/quantocustaviajar.com\/blog\/#\/schema\/person\/image\/","url":"https:\/\/secure.gravatar.com\/avatar\/05b28dfb8a3cc7ee0dba6feefa5677f05be6d7bf4b017728fd38499092f9c282?s=96&d=mm&r=g","contentUrl":"https:\/\/secure.gravatar.com\/avatar\/05b28dfb8a3cc7ee0dba6feefa5677f05be6d7bf4b017728fd38499092f9c282?s=96&d=mm&r=g","caption":"Brunella Nunes"},"description":"Quando n\u00e3o est\u00e1 viajando pelo mundo, est\u00e1 viajando nas ideias.","sameAs":["https:\/\/www.facebook.com\/brunellapfvr\/posts","https:\/\/www.linkedin.com\/in\/brunellanunes\/"],"url":"https:\/\/quantocustaviajar.com\/blog\/author\/equipe\/"}]}},"_links":{"self":[{"href":"https:\/\/quantocustaviajar.com\/blog\/wp-json\/wp\/v2\/posts\/15838","targetHints":{"allow":["GET"]}}],"collection":[{"href":"https:\/\/quantocustaviajar.com\/blog\/wp-json\/wp\/v2\/posts"}],"about":[{"href":"https:\/\/quantocustaviajar.com\/blog\/wp-json\/wp\/v2\/types\/post"}],"author":[{"embeddable":true,"href":"https:\/\/quantocustaviajar.com\/blog\/wp-json\/wp\/v2\/users\/4"}],"replies":[{"embeddable":true,"href":"https:\/\/quantocustaviajar.com\/blog\/wp-json\/wp\/v2\/comments?post=15838"}],"version-history":[{"count":2,"href":"https:\/\/quantocustaviajar.com\/blog\/wp-json\/wp\/v2\/posts\/15838\/revisions"}],"predecessor-version":[{"id":33212,"href":"https:\/\/quantocustaviajar.com\/blog\/wp-json\/wp\/v2\/posts\/15838\/revisions\/33212"}],"wp:featuredmedia":[{"embeddable":true,"href":"https:\/\/quantocustaviajar.com\/blog\/wp-json\/wp\/v2\/media\/15841"}],"wp:attachment":[{"href":"https:\/\/quantocustaviajar.com\/blog\/wp-json\/wp\/v2\/media?parent=15838"}],"wp:term":[{"taxonomy":"category","embeddable":true,"href":"https:\/\/quantocustaviajar.com\/blog\/wp-json\/wp\/v2\/categories?post=15838"},{"taxonomy":"post_tag","embeddable":true,"href":"https:\/\/quantocustaviajar.com\/blog\/wp-json\/wp\/v2\/tags?post=15838"}],"curies":[{"name":"wp","href":"https:\/\/api.w.org\/{rel}","templated":true}]}}