{"id":15554,"date":"2017-05-31T19:07:50","date_gmt":"2017-05-31T19:07:50","guid":{"rendered":"http:\/\/quantocustaviajar.com\/blog\/?p=15554"},"modified":"2018-04-27T15:54:39","modified_gmt":"2018-04-27T15:54:39","slug":"obra-de-gaudi-casa-vicens","status":"publish","type":"post","link":"https:\/\/quantocustaviajar.com\/blog\/obra-de-gaudi-casa-vicens\/","title":{"rendered":"Obra de Gaud\u00ed, Casa Vicens ser\u00e1 o novo museu de Barcelona\u00a0"},"content":{"rendered":"<p>Vibrante e acolhedora, a <strong>Espanha<\/strong> \u00e9 o ber\u00e7o de artistas como <strong>Pablo Picasso<\/strong> e <strong>Antoni Gaud\u00ed<\/strong>, arquiteto que assina alguns dos principais atrativos tur\u00edsticos do pa\u00eds, como a Catedral da <a href=\"https:\/\/quantocustaviajar.com\/blog\/sagrada-familia-em-barcelona\/\">Sagrada Fam\u00edlia<\/a>. Eis que mais uma de suas obras primas vai dar o que falar. Fechada h\u00e1 130 anos, a <strong>Casa Vicens ser\u00e1 o novo museu de <a href=\"http:\/\/quantocustaviajar.com\/espanha\/barcelona\" target=\"_blank\" rel=\"noopener noreferrer\">Barcelona<\/a><\/strong> a partir do segundo semestre de 2017, s\u00f3 pra gente se apaixonar ainda mais por essa cidade!<\/p>\n<p>O edif\u00edcio de 1883 e 1885, planejado para ser a\u00a0casa de veraneio do corretor Manel Vicens i Montaner, foi a <strong>primeira constru\u00e7\u00e3o de\u00a0Gaud\u00ed na cidade<\/strong>, que revelou todo o seu talento. O colorido e impec\u00e1vel im\u00f3vel foi nomeado monumento hist\u00f3rico em 1993, al\u00e9m de ser considerado Patrim\u00f4nio da Humanidade pela Unesco.<\/p>\n<p><img loading=\"lazy\" decoding=\"async\" class=\"size-full wp-image-15569 aligncenter\" src=\"http:\/\/quantocustaviajar.com\/blog\/wp-content\/uploads\/2017\/05\/casa-vicens9.jpg\" alt=\"\" width=\"650\" height=\"650\" srcset=\"https:\/\/quantocustaviajar.com\/blog\/wp-content\/uploads\/2017\/05\/casa-vicens9.jpg 650w, https:\/\/quantocustaviajar.com\/blog\/wp-content\/uploads\/2017\/05\/casa-vicens9-150x150.jpg 150w, https:\/\/quantocustaviajar.com\/blog\/wp-content\/uploads\/2017\/05\/casa-vicens9-300x300.jpg 300w, https:\/\/quantocustaviajar.com\/blog\/wp-content\/uploads\/2017\/05\/casa-vicens9-400x400.jpg 400w, https:\/\/quantocustaviajar.com\/blog\/wp-content\/uploads\/2017\/05\/casa-vicens9-177x177.jpg 177w, https:\/\/quantocustaviajar.com\/blog\/wp-content\/uploads\/2017\/05\/casa-vicens9-380x380.jpg 380w\" sizes=\"auto, (max-width: 650px) 100vw, 650px\" \/><\/p>\n<p>Apesar de ter muitos donos ao longo de sua hist\u00f3ria, permanece fechado para o p\u00fablico h\u00e1 130 anos, afinal, era particular at\u00e9 ser comprado em 2014 por uma empresa interessada em torn\u00e1-lo um espa\u00e7o cultural. Em 2015, deram in\u00edcio ao projeto\u00a0de restaura\u00e7\u00e3o e em setembro de 2016 passou a ser executado na pr\u00e1tica por especialistas locais.<\/p>\n<p>Rica em detalhes, como grades, azulejos e demais ornamenta\u00e7\u00f5es que revelam o lado exc\u00eantrico do arquiteto catal\u00e3o, a casa enfim poder\u00e1 ser visitada por dentro. A previs\u00e3o de abertura, por enquanto, \u00e9 que seja durante o outono espanhol.<\/p>\n<p><strong>Que tal j\u00e1 <a class=\"btncall\" href=\"http:\/\/quantocustaviajar.com\/espanha\/barcelona\" target=\"_blank\" rel=\"noopener noreferrer\"> planejar sua viagem para Barcelona?<\/a><\/strong><\/p>\n<p><img loading=\"lazy\" decoding=\"async\" class=\"size-full wp-image-15561 aligncenter\" src=\"http:\/\/quantocustaviajar.com\/blog\/wp-content\/uploads\/2017\/05\/casa-vicens.jpg\" alt=\"\" width=\"650\" height=\"893\" srcset=\"https:\/\/quantocustaviajar.com\/blog\/wp-content\/uploads\/2017\/05\/casa-vicens.jpg 650w, https:\/\/quantocustaviajar.com\/blog\/wp-content\/uploads\/2017\/05\/casa-vicens-218x300.jpg 218w, https:\/\/quantocustaviajar.com\/blog\/wp-content\/uploads\/2017\/05\/casa-vicens-400x550.jpg 400w\" sizes=\"auto, (max-width: 650px) 100vw, 650px\" \/><\/p>\n<p><img loading=\"lazy\" decoding=\"async\" class=\"size-full wp-image-15568 aligncenter\" src=\"http:\/\/quantocustaviajar.com\/blog\/wp-content\/uploads\/2017\/05\/casa-vicens8.jpg\" alt=\"\" width=\"650\" height=\"650\" srcset=\"https:\/\/quantocustaviajar.com\/blog\/wp-content\/uploads\/2017\/05\/casa-vicens8.jpg 650w, https:\/\/quantocustaviajar.com\/blog\/wp-content\/uploads\/2017\/05\/casa-vicens8-150x150.jpg 150w, https:\/\/quantocustaviajar.com\/blog\/wp-content\/uploads\/2017\/05\/casa-vicens8-300x300.jpg 300w, https:\/\/quantocustaviajar.com\/blog\/wp-content\/uploads\/2017\/05\/casa-vicens8-400x400.jpg 400w, https:\/\/quantocustaviajar.com\/blog\/wp-content\/uploads\/2017\/05\/casa-vicens8-177x177.jpg 177w, https:\/\/quantocustaviajar.com\/blog\/wp-content\/uploads\/2017\/05\/casa-vicens8-380x380.jpg 380w\" sizes=\"auto, (max-width: 650px) 100vw, 650px\" \/><\/p>\n<p><img loading=\"lazy\" decoding=\"async\" class=\"size-full wp-image-15571 aligncenter\" src=\"http:\/\/quantocustaviajar.com\/blog\/wp-content\/uploads\/2017\/05\/casa-vicens11.jpg\" alt=\"\" width=\"650\" height=\"650\" srcset=\"https:\/\/quantocustaviajar.com\/blog\/wp-content\/uploads\/2017\/05\/casa-vicens11.jpg 650w, https:\/\/quantocustaviajar.com\/blog\/wp-content\/uploads\/2017\/05\/casa-vicens11-150x150.jpg 150w, https:\/\/quantocustaviajar.com\/blog\/wp-content\/uploads\/2017\/05\/casa-vicens11-300x300.jpg 300w, https:\/\/quantocustaviajar.com\/blog\/wp-content\/uploads\/2017\/05\/casa-vicens11-400x400.jpg 400w, https:\/\/quantocustaviajar.com\/blog\/wp-content\/uploads\/2017\/05\/casa-vicens11-177x177.jpg 177w, https:\/\/quantocustaviajar.com\/blog\/wp-content\/uploads\/2017\/05\/casa-vicens11-380x380.jpg 380w\" sizes=\"auto, (max-width: 650px) 100vw, 650px\" \/><\/p>\n<p style=\"text-align: center;\"><a href=\"http:\/\/quantocustaviajar.com\/blog\/barcelona-o-paraiso-da-arquitetura\/\" target=\"_blank\" rel=\"noopener noreferrer\"><strong>Conhe\u00e7a outros encantos arquitet\u00f4nicos de Barcelona!<\/strong><\/a><\/p>\n<p><img loading=\"lazy\" decoding=\"async\" class=\"size-full wp-image-15563 aligncenter\" src=\"http:\/\/quantocustaviajar.com\/blog\/wp-content\/uploads\/2017\/05\/casa-vicens3.jpg\" alt=\"\" width=\"650\" height=\"650\" srcset=\"https:\/\/quantocustaviajar.com\/blog\/wp-content\/uploads\/2017\/05\/casa-vicens3.jpg 650w, https:\/\/quantocustaviajar.com\/blog\/wp-content\/uploads\/2017\/05\/casa-vicens3-150x150.jpg 150w, https:\/\/quantocustaviajar.com\/blog\/wp-content\/uploads\/2017\/05\/casa-vicens3-300x300.jpg 300w, https:\/\/quantocustaviajar.com\/blog\/wp-content\/uploads\/2017\/05\/casa-vicens3-400x400.jpg 400w, https:\/\/quantocustaviajar.com\/blog\/wp-content\/uploads\/2017\/05\/casa-vicens3-177x177.jpg 177w, https:\/\/quantocustaviajar.com\/blog\/wp-content\/uploads\/2017\/05\/casa-vicens3-380x380.jpg 380w\" sizes=\"auto, (max-width: 650px) 100vw, 650px\" \/><\/p>\n<p><img loading=\"lazy\" decoding=\"async\" class=\"size-full wp-image-15562 aligncenter\" src=\"http:\/\/quantocustaviajar.com\/blog\/wp-content\/uploads\/2017\/05\/casa-vicens2.jpg\" alt=\"\" width=\"650\" height=\"636\" srcset=\"https:\/\/quantocustaviajar.com\/blog\/wp-content\/uploads\/2017\/05\/casa-vicens2.jpg 650w, https:\/\/quantocustaviajar.com\/blog\/wp-content\/uploads\/2017\/05\/casa-vicens2-300x294.jpg 300w, https:\/\/quantocustaviajar.com\/blog\/wp-content\/uploads\/2017\/05\/casa-vicens2-400x391.jpg 400w\" sizes=\"auto, (max-width: 650px) 100vw, 650px\" \/><\/p>\n<p style=\"text-align: center;\"><strong><a href=\"http:\/\/www.partner.viator.com\/pt\/15570\/tours\/Barcelona\/Evite-as-filas-Ingresso-para-a-Casa-Batllo-de-Gaudi-com-Excursao-com-Audio\/d562-41211BATLLO\" target=\"_blank\" rel=\"noopener noreferrer\">N\u00e3o deixe de conhecer a\u00a0Casa Battl\u00f3, tamb\u00e9m de Gaud\u00ed<\/a>\u00a0<\/strong><\/p>\n<p><img loading=\"lazy\" decoding=\"async\" class=\"size-full wp-image-15564 aligncenter\" src=\"http:\/\/quantocustaviajar.com\/blog\/wp-content\/uploads\/2017\/05\/casa-vicens4.jpg\" alt=\"\" width=\"650\" height=\"813\" srcset=\"https:\/\/quantocustaviajar.com\/blog\/wp-content\/uploads\/2017\/05\/casa-vicens4.jpg 650w, https:\/\/quantocustaviajar.com\/blog\/wp-content\/uploads\/2017\/05\/casa-vicens4-240x300.jpg 240w, https:\/\/quantocustaviajar.com\/blog\/wp-content\/uploads\/2017\/05\/casa-vicens4-400x500.jpg 400w\" sizes=\"auto, (max-width: 650px) 100vw, 650px\" \/><\/p>\n<p style=\"text-align: center;\"><a href=\"http:\/\/quantocustaviajar.com\/blog\/eyescream-and-friends-uma-sorveteria-diferente-em-barcelona\/\" target=\"_blank\" rel=\"noopener noreferrer\"><strong>Que tal uma pausa para um sorvetinho nesse passeio?<\/strong><\/a><\/p>\n<p><img loading=\"lazy\" decoding=\"async\" class=\"size-full wp-image-15567 aligncenter\" src=\"http:\/\/quantocustaviajar.com\/blog\/wp-content\/uploads\/2017\/05\/casa-vicens7.jpg\" alt=\"\" width=\"650\" height=\"766\" srcset=\"https:\/\/quantocustaviajar.com\/blog\/wp-content\/uploads\/2017\/05\/casa-vicens7.jpg 650w, https:\/\/quantocustaviajar.com\/blog\/wp-content\/uploads\/2017\/05\/casa-vicens7-255x300.jpg 255w, https:\/\/quantocustaviajar.com\/blog\/wp-content\/uploads\/2017\/05\/casa-vicens7-400x471.jpg 400w\" sizes=\"auto, (max-width: 650px) 100vw, 650px\" \/><\/p>\n<p><img loading=\"lazy\" decoding=\"async\" class=\"size-full wp-image-15566 aligncenter\" src=\"http:\/\/quantocustaviajar.com\/blog\/wp-content\/uploads\/2017\/05\/casa-vicens6.jpg\" alt=\"\" width=\"650\" height=\"340\" srcset=\"https:\/\/quantocustaviajar.com\/blog\/wp-content\/uploads\/2017\/05\/casa-vicens6.jpg 650w, https:\/\/quantocustaviajar.com\/blog\/wp-content\/uploads\/2017\/05\/casa-vicens6-300x157.jpg 300w, https:\/\/quantocustaviajar.com\/blog\/wp-content\/uploads\/2017\/05\/casa-vicens6-400x209.jpg 400w\" sizes=\"auto, (max-width: 650px) 100vw, 650px\" \/><\/p>\n<p><img loading=\"lazy\" decoding=\"async\" class=\"size-full wp-image-15565 aligncenter\" src=\"http:\/\/quantocustaviajar.com\/blog\/wp-content\/uploads\/2017\/05\/casa-vicens5.jpg\" alt=\"\" width=\"650\" height=\"487\" srcset=\"https:\/\/quantocustaviajar.com\/blog\/wp-content\/uploads\/2017\/05\/casa-vicens5.jpg 650w, https:\/\/quantocustaviajar.com\/blog\/wp-content\/uploads\/2017\/05\/casa-vicens5-300x225.jpg 300w, https:\/\/quantocustaviajar.com\/blog\/wp-content\/uploads\/2017\/05\/casa-vicens5-400x300.jpg 400w\" sizes=\"auto, (max-width: 650px) 100vw, 650px\" \/><\/p>\n<p><img loading=\"lazy\" decoding=\"async\" class=\"size-full wp-image-15570 aligncenter\" src=\"http:\/\/quantocustaviajar.com\/blog\/wp-content\/uploads\/2017\/05\/casa-vicens10.jpg\" alt=\"\" width=\"650\" height=\"748\" srcset=\"https:\/\/quantocustaviajar.com\/blog\/wp-content\/uploads\/2017\/05\/casa-vicens10.jpg 650w, https:\/\/quantocustaviajar.com\/blog\/wp-content\/uploads\/2017\/05\/casa-vicens10-261x300.jpg 261w, https:\/\/quantocustaviajar.com\/blog\/wp-content\/uploads\/2017\/05\/casa-vicens10-400x460.jpg 400w\" sizes=\"auto, (max-width: 650px) 100vw, 650px\" \/><\/p>\n<p><em>Post por\u00a0<strong>Brunella Nunes<br \/>\n<\/strong>Fotos: divulga\u00e7\u00e3o\/Casa Vicens<\/em><\/p>\n","protected":false},"excerpt":{"rendered":"<p>Vibrante e acolhedora, a Espanha \u00e9 o ber\u00e7o de artistas como Pablo Picasso e Antoni Gaud\u00ed, arquiteto que assina alguns dos principais atrativos tur\u00edsticos do pa\u00eds, como a Catedral da Sagrada Fam\u00edlia. Eis que mais uma de suas obras primas vai dar o que falar. Fechada h\u00e1 130 anos, a Casa Vicens ser\u00e1 o novo [&hellip;]<\/p>\n","protected":false},"author":4,"featured_media":15581,"comment_status":"open","ping_status":"open","sticky":false,"template":"","format":"standard","meta":{"cybocfi_hide_featured_image":"","footnotes":""},"categories":[1436],"tags":[920,79,135,15,62,77,325,78,18,278,61,211,529,321,124,295,16],"class_list":["post-15554","post","type-post","status-publish","format-standard","has-post-thumbnail","hentry","category-artes-cultura-diversao","tag-920","tag-arquitetura","tag-atracoes","tag-barcelona","tag-cultura","tag-dicas","tag-espaco-cultural","tag-espanha","tag-europa","tag-ingresso","tag-museu","tag-o-que-fazer","tag-onde-ir","tag-passeios","tag-roteiro","tag-turismo","tag-viagem"],"blocksy_meta":[],"yoast_head":"<!-- This site is optimized with the Yoast SEO plugin v26.3 - https:\/\/yoast.com\/wordpress\/plugins\/seo\/ -->\n<title>Obra de Gaud\u00ed, Casa Vicens ser\u00e1 o novo museu de Barcelona\u00a0<\/title>\n<meta name=\"description\" content=\"Fechada h\u00e1 130 anos, a Casa Vicens ser\u00e1 o novo museu de Barcelona a partir do segundo semestre de 2017, s\u00f3 pra gente se apaixonar ainda mais por essa cidade!\" \/>\n<meta name=\"robots\" content=\"index, follow, max-snippet:-1, max-image-preview:large, max-video-preview:-1\" \/>\n<link rel=\"canonical\" href=\"https:\/\/quantocustaviajar.com\/blog\/obra-de-gaudi-casa-vicens\/\" \/>\n<meta property=\"og:locale\" content=\"pt_BR\" \/>\n<meta property=\"og:type\" content=\"article\" \/>\n<meta property=\"og:title\" content=\"Obra de Gaud\u00ed, Casa Vicens ser\u00e1 o novo museu de Barcelona\u00a0\" \/>\n<meta property=\"og:description\" content=\"Fechada h\u00e1 130 anos, a Casa Vicens ser\u00e1 o novo museu de Barcelona a partir do segundo semestre de 2017, s\u00f3 pra gente se apaixonar ainda mais por essa cidade!\" \/>\n<meta property=\"og:url\" content=\"https:\/\/quantocustaviajar.com\/blog\/obra-de-gaudi-casa-vicens\/\" \/>\n<meta property=\"og:site_name\" content=\"Blog Quanto Custa Viajar\" \/>\n<meta property=\"article:publisher\" content=\"https:\/\/www.facebook.com\/quantocustaviajar\" \/>\n<meta property=\"article:author\" content=\"https:\/\/www.facebook.com\/brunellapfvr\/posts\" \/>\n<meta property=\"article:published_time\" content=\"2017-05-31T19:07:50+00:00\" \/>\n<meta property=\"article:modified_time\" content=\"2018-04-27T15:54:39+00:00\" \/>\n<meta property=\"og:image\" content=\"https:\/\/quantocustaviajar.com\/blog\/wp-content\/uploads\/2017\/05\/casa-vicens-museu.jpg\" \/>\n\t<meta property=\"og:image:width\" content=\"640\" \/>\n\t<meta property=\"og:image:height\" content=\"605\" \/>\n\t<meta property=\"og:image:type\" content=\"image\/jpeg\" \/>\n<meta name=\"author\" content=\"Brunella Nunes\" \/>\n<meta name=\"twitter:card\" content=\"summary_large_image\" \/>\n<meta name=\"twitter:label1\" content=\"Escrito por\" \/>\n\t<meta name=\"twitter:data1\" content=\"Brunella Nunes\" \/>\n\t<meta name=\"twitter:label2\" content=\"Est. tempo de leitura\" \/>\n\t<meta name=\"twitter:data2\" content=\"1 minuto\" \/>\n<!-- \/ Yoast SEO plugin. -->","yoast_head_json":{"title":"Obra de Gaud\u00ed, Casa Vicens ser\u00e1 o novo museu de Barcelona\u00a0","description":"Fechada h\u00e1 130 anos, a Casa Vicens ser\u00e1 o novo museu de Barcelona a partir do segundo semestre de 2017, s\u00f3 pra gente se apaixonar ainda mais por essa cidade!","robots":{"index":"index","follow":"follow","max-snippet":"max-snippet:-1","max-image-preview":"max-image-preview:large","max-video-preview":"max-video-preview:-1"},"canonical":"https:\/\/quantocustaviajar.com\/blog\/obra-de-gaudi-casa-vicens\/","og_locale":"pt_BR","og_type":"article","og_title":"Obra de Gaud\u00ed, Casa Vicens ser\u00e1 o novo museu de Barcelona\u00a0","og_description":"Fechada h\u00e1 130 anos, a Casa Vicens ser\u00e1 o novo museu de Barcelona a partir do segundo semestre de 2017, s\u00f3 pra gente se apaixonar ainda mais por essa cidade!","og_url":"https:\/\/quantocustaviajar.com\/blog\/obra-de-gaudi-casa-vicens\/","og_site_name":"Blog Quanto Custa Viajar","article_publisher":"https:\/\/www.facebook.com\/quantocustaviajar","article_author":"https:\/\/www.facebook.com\/brunellapfvr\/posts","article_published_time":"2017-05-31T19:07:50+00:00","article_modified_time":"2018-04-27T15:54:39+00:00","og_image":[{"width":640,"height":605,"url":"https:\/\/quantocustaviajar.com\/blog\/wp-content\/uploads\/2017\/05\/casa-vicens-museu.jpg","type":"image\/jpeg"}],"author":"Brunella Nunes","twitter_card":"summary_large_image","twitter_misc":{"Escrito por":"Brunella Nunes","Est. tempo de leitura":"1 minuto"},"schema":{"@context":"https:\/\/schema.org","@graph":[{"@type":["Article","BlogPosting"],"@id":"https:\/\/quantocustaviajar.com\/blog\/obra-de-gaudi-casa-vicens\/#article","isPartOf":{"@id":"https:\/\/quantocustaviajar.com\/blog\/obra-de-gaudi-casa-vicens\/"},"author":{"name":"Brunella Nunes","@id":"https:\/\/quantocustaviajar.com\/blog\/#\/schema\/person\/1a6dd3da9d0c0a4be42652b67bea19bb"},"headline":"Obra de Gaud\u00ed, Casa Vicens ser\u00e1 o novo museu de Barcelona\u00a0","datePublished":"2017-05-31T19:07:50+00:00","dateModified":"2018-04-27T15:54:39+00:00","mainEntityOfPage":{"@id":"https:\/\/quantocustaviajar.com\/blog\/obra-de-gaudi-casa-vicens\/"},"wordCount":291,"commentCount":2,"publisher":{"@id":"https:\/\/quantocustaviajar.com\/blog\/#organization"},"image":{"@id":"https:\/\/quantocustaviajar.com\/blog\/obra-de-gaudi-casa-vicens\/#primaryimage"},"thumbnailUrl":"https:\/\/quantocustaviajar.com\/blog\/wp-content\/uploads\/2017\/05\/casa-vicens-museu.jpg","keywords":["2017","arquitetura","atra\u00e7\u00f5es","barcelona","cultura","dicas","espa\u00e7o cultural","espanha","europa","ingresso","museu","o que fazer","onde ir","passeios","roteiro","turismo","viagem"],"articleSection":["Artes, Cultura &amp; Divers\u00e3o"],"inLanguage":"pt-BR","potentialAction":[{"@type":"CommentAction","name":"Comment","target":["https:\/\/quantocustaviajar.com\/blog\/obra-de-gaudi-casa-vicens\/#respond"]}]},{"@type":"WebPage","@id":"https:\/\/quantocustaviajar.com\/blog\/obra-de-gaudi-casa-vicens\/","url":"https:\/\/quantocustaviajar.com\/blog\/obra-de-gaudi-casa-vicens\/","name":"Obra de Gaud\u00ed, Casa Vicens ser\u00e1 o novo museu de Barcelona\u00a0","isPartOf":{"@id":"https:\/\/quantocustaviajar.com\/blog\/#website"},"primaryImageOfPage":{"@id":"https:\/\/quantocustaviajar.com\/blog\/obra-de-gaudi-casa-vicens\/#primaryimage"},"image":{"@id":"https:\/\/quantocustaviajar.com\/blog\/obra-de-gaudi-casa-vicens\/#primaryimage"},"thumbnailUrl":"https:\/\/quantocustaviajar.com\/blog\/wp-content\/uploads\/2017\/05\/casa-vicens-museu.jpg","datePublished":"2017-05-31T19:07:50+00:00","dateModified":"2018-04-27T15:54:39+00:00","description":"Fechada h\u00e1 130 anos, a Casa Vicens ser\u00e1 o novo museu de Barcelona a partir do segundo semestre de 2017, s\u00f3 pra gente se apaixonar ainda mais por essa cidade!","breadcrumb":{"@id":"https:\/\/quantocustaviajar.com\/blog\/obra-de-gaudi-casa-vicens\/#breadcrumb"},"inLanguage":"pt-BR","potentialAction":[{"@type":"ReadAction","target":["https:\/\/quantocustaviajar.com\/blog\/obra-de-gaudi-casa-vicens\/"]}]},{"@type":"ImageObject","inLanguage":"pt-BR","@id":"https:\/\/quantocustaviajar.com\/blog\/obra-de-gaudi-casa-vicens\/#primaryimage","url":"https:\/\/quantocustaviajar.com\/blog\/wp-content\/uploads\/2017\/05\/casa-vicens-museu.jpg","contentUrl":"https:\/\/quantocustaviajar.com\/blog\/wp-content\/uploads\/2017\/05\/casa-vicens-museu.jpg","width":640,"height":605},{"@type":"BreadcrumbList","@id":"https:\/\/quantocustaviajar.com\/blog\/obra-de-gaudi-casa-vicens\/#breadcrumb","itemListElement":[{"@type":"ListItem","position":1,"name":"In\u00edcio","item":"https:\/\/quantocustaviajar.com\/blog\/"},{"@type":"ListItem","position":2,"name":"Obra de Gaud\u00ed, Casa Vicens ser\u00e1 o novo museu de Barcelona\u00a0"}]},{"@type":"WebSite","@id":"https:\/\/quantocustaviajar.com\/blog\/#website","url":"https:\/\/quantocustaviajar.com\/blog\/","name":"Blog Quanto Custa Viajar","description":"","publisher":{"@id":"https:\/\/quantocustaviajar.com\/blog\/#organization"},"potentialAction":[{"@type":"SearchAction","target":{"@type":"EntryPoint","urlTemplate":"https:\/\/quantocustaviajar.com\/blog\/?s={search_term_string}"},"query-input":{"@type":"PropertyValueSpecification","valueRequired":true,"valueName":"search_term_string"}}],"inLanguage":"pt-BR"},{"@type":"Organization","@id":"https:\/\/quantocustaviajar.com\/blog\/#organization","name":"Quanto Custa Viajar","url":"https:\/\/quantocustaviajar.com\/blog\/","logo":{"@type":"ImageObject","inLanguage":"pt-BR","@id":"https:\/\/quantocustaviajar.com\/blog\/#\/schema\/logo\/image\/","url":"","contentUrl":"","caption":"Quanto Custa Viajar"},"image":{"@id":"https:\/\/quantocustaviajar.com\/blog\/#\/schema\/logo\/image\/"},"sameAs":["https:\/\/www.facebook.com\/quantocustaviajar"]},{"@type":"Person","@id":"https:\/\/quantocustaviajar.com\/blog\/#\/schema\/person\/1a6dd3da9d0c0a4be42652b67bea19bb","name":"Brunella Nunes","image":{"@type":"ImageObject","inLanguage":"pt-BR","@id":"https:\/\/quantocustaviajar.com\/blog\/#\/schema\/person\/image\/","url":"https:\/\/secure.gravatar.com\/avatar\/05b28dfb8a3cc7ee0dba6feefa5677f05be6d7bf4b017728fd38499092f9c282?s=96&d=mm&r=g","contentUrl":"https:\/\/secure.gravatar.com\/avatar\/05b28dfb8a3cc7ee0dba6feefa5677f05be6d7bf4b017728fd38499092f9c282?s=96&d=mm&r=g","caption":"Brunella Nunes"},"description":"Quando n\u00e3o est\u00e1 viajando pelo mundo, est\u00e1 viajando nas ideias.","sameAs":["https:\/\/www.facebook.com\/brunellapfvr\/posts","https:\/\/www.linkedin.com\/in\/brunellanunes\/"],"url":"https:\/\/quantocustaviajar.com\/blog\/author\/equipe\/"}]}},"_links":{"self":[{"href":"https:\/\/quantocustaviajar.com\/blog\/wp-json\/wp\/v2\/posts\/15554","targetHints":{"allow":["GET"]}}],"collection":[{"href":"https:\/\/quantocustaviajar.com\/blog\/wp-json\/wp\/v2\/posts"}],"about":[{"href":"https:\/\/quantocustaviajar.com\/blog\/wp-json\/wp\/v2\/types\/post"}],"author":[{"embeddable":true,"href":"https:\/\/quantocustaviajar.com\/blog\/wp-json\/wp\/v2\/users\/4"}],"replies":[{"embeddable":true,"href":"https:\/\/quantocustaviajar.com\/blog\/wp-json\/wp\/v2\/comments?post=15554"}],"version-history":[{"count":1,"href":"https:\/\/quantocustaviajar.com\/blog\/wp-json\/wp\/v2\/posts\/15554\/revisions"}],"predecessor-version":[{"id":23180,"href":"https:\/\/quantocustaviajar.com\/blog\/wp-json\/wp\/v2\/posts\/15554\/revisions\/23180"}],"wp:featuredmedia":[{"embeddable":true,"href":"https:\/\/quantocustaviajar.com\/blog\/wp-json\/wp\/v2\/media\/15581"}],"wp:attachment":[{"href":"https:\/\/quantocustaviajar.com\/blog\/wp-json\/wp\/v2\/media?parent=15554"}],"wp:term":[{"taxonomy":"category","embeddable":true,"href":"https:\/\/quantocustaviajar.com\/blog\/wp-json\/wp\/v2\/categories?post=15554"},{"taxonomy":"post_tag","embeddable":true,"href":"https:\/\/quantocustaviajar.com\/blog\/wp-json\/wp\/v2\/tags?post=15554"}],"curies":[{"name":"wp","href":"https:\/\/api.w.org\/{rel}","templated":true}]}}