{"id":1457,"date":"2025-09-24T14:27:00","date_gmt":"2025-09-24T14:27:00","guid":{"rendered":"http:\/\/quantocustaviajar.com\/blog\/?p=1457"},"modified":"2025-10-17T18:26:27","modified_gmt":"2025-10-17T18:26:27","slug":"jardins-de-monet-fundacao-claude-monet","status":"publish","type":"post","link":"https:\/\/quantocustaviajar.com\/blog\/jardins-de-monet-fundacao-claude-monet\/","title":{"rendered":"Jardins de Monet s\u00e3o uma \u00f3tima op\u00e7\u00e3o de passeio pr\u00f3ximo a Paris"},"content":{"rendered":"\n<p>Bem pertinho de Paris existe um dos passeios mais encantadores da <strong><a href=\"http:\/\/www.quantocustaviajar.com\/franca\" target=\"_blank\" rel=\"noopener noreferrer\">Fran\u00e7a<\/a><\/strong>. Em <strong>Giverny<\/strong>, 75 km da Cidade Luz, a&nbsp;<strong>Funda\u00e7\u00e3o Claude Monet<\/strong> atrai turistas curiosos do mundo todo por conta dos famosos<strong> jardins de Monet<\/strong>&nbsp;e da bela casa onde viveu o artista&nbsp;durante 43 anos, entre os anos de&nbsp;1883 e 1926.<\/p><div id=\"ez-toc-container\" class=\"ez-toc-v2_0_76 ez-toc-wrap-left counter-hierarchy ez-toc-counter ez-toc-light-blue ez-toc-container-direction\">\n<div class=\"ez-toc-title-container\">\n<p class=\"ez-toc-title\" style=\"cursor:inherit\">Aqui voc\u00ea ir\u00e1 encontrar<\/p>\n<span class=\"ez-toc-title-toggle\"><a href=\"#\" class=\"ez-toc-pull-right ez-toc-btn ez-toc-btn-xs ez-toc-btn-default ez-toc-toggle\" aria-label=\"Alternar tabela de conte\u00fado\"><span class=\"ez-toc-js-icon-con\"><span class=\"\"><span class=\"eztoc-hide\" style=\"display:none;\">Toggle<\/span><span class=\"ez-toc-icon-toggle-span\"><svg style=\"fill: #999;color:#999\" xmlns=\"http:\/\/www.w3.org\/2000\/svg\" class=\"list-377408\" width=\"20px\" height=\"20px\" viewBox=\"0 0 24 24\" fill=\"none\"><path d=\"M6 6H4v2h2V6zm14 0H8v2h12V6zM4 11h2v2H4v-2zm16 0H8v2h12v-2zM4 16h2v2H4v-2zm16 0H8v2h12v-2z\" fill=\"currentColor\"><\/path><\/svg><svg style=\"fill: #999;color:#999\" class=\"arrow-unsorted-368013\" xmlns=\"http:\/\/www.w3.org\/2000\/svg\" width=\"10px\" height=\"10px\" viewBox=\"0 0 24 24\" version=\"1.2\" baseProfile=\"tiny\"><path d=\"M18.2 9.3l-6.2-6.3-6.2 6.3c-.2.2-.3.4-.3.7s.1.5.3.7c.2.2.4.3.7.3h11c.3 0 .5-.1.7-.3.2-.2.3-.5.3-.7s-.1-.5-.3-.7zM5.8 14.7l6.2 6.3 6.2-6.3c.2-.2.3-.5.3-.7s-.1-.5-.3-.7c-.2-.2-.4-.3-.7-.3h-11c-.3 0-.5.1-.7.3-.2.2-.3.5-.3.7s.1.5.3.7z\"\/><\/svg><\/span><\/span><\/span><\/a><\/span><\/div>\n<nav><ul class='ez-toc-list ez-toc-list-level-1 ' ><li class='ez-toc-page-1 ez-toc-heading-level-2'><a class=\"ez-toc-link ez-toc-heading-1\" href=\"https:\/\/quantocustaviajar.com\/blog\/jardins-de-monet-fundacao-claude-monet\/#Como_sao_os_Jardins_de_Monet\" >Como s\u00e3o os Jardins de Monet?<\/a><\/li><li class='ez-toc-page-1 ez-toc-heading-level-2'><a class=\"ez-toc-link ez-toc-heading-2\" href=\"https:\/\/quantocustaviajar.com\/blog\/jardins-de-monet-fundacao-claude-monet\/#Quando_visitar_os_Jardins\" >Quando visitar os Jardins?<\/a><\/li><li class='ez-toc-page-1 ez-toc-heading-level-2'><a class=\"ez-toc-link ez-toc-heading-3\" href=\"https:\/\/quantocustaviajar.com\/blog\/jardins-de-monet-fundacao-claude-monet\/#Onde_comer_nos_Jardins_de_Monet\" >Onde comer nos Jardins de Monet<\/a><\/li><li class='ez-toc-page-1 ez-toc-heading-level-2'><a class=\"ez-toc-link ez-toc-heading-4\" href=\"https:\/\/quantocustaviajar.com\/blog\/jardins-de-monet-fundacao-claude-monet\/#Como_chegar_aos_Jardins_de_Monet\" >Como chegar aos Jardins de Monet<\/a><\/li><\/ul><\/nav><\/div>\n\n\n\n\n<pre class=\"wp-block-preformatted has-background\" style=\"background-color:#cfd8e1\"><strong>Comece a planejar sua viagem aqui!<\/strong>\n<a href=\"https:\/\/www.turismocity.com.br\/?utm_source=qcv&amp;utm_medium=blog\" target=\"_blank\" rel=\"noreferrer noopener\">Encontre sua passagem a\u00e9rea barata\n<\/a><a href=\"https:\/\/www.booking.com\/index.pt-br.html?aid=2161834\" target=\"_blank\" rel=\"noreferrer noopener\">E pesquise a hospedagem perfeita com o seu or\u00e7amento<\/a><\/pre>\n\n\n\n<h2 class=\"wp-block-heading\"><span class=\"ez-toc-section\" id=\"Como_sao_os_Jardins_de_Monet\"><\/span>Como s\u00e3o os Jardins de Monet?<span class=\"ez-toc-section-end\"><\/span><\/h2>\n\n\n\n<p>Al\u00e9m de abrigar obras do grande pintor impressionista e sua cole\u00e7\u00e3o particular de estampas japonesas, a casa ainda prevalece toda decorada e mobiliada, sendo que o quarto de Monet foi aberto ao p\u00fablico somente em 2014. O legal \u00e9 que cada c\u00f4modo tem uma cor prevalecendo mais, como a cozinha, que \u00e9 toda azul e a sala de jantar, bem amarela, e todos ultra charmosos.<\/p>\n\n\n\n<figure class=\"wp-block-image aligncenter\"><img loading=\"lazy\" decoding=\"async\" width=\"2048\" height=\"1365\" src=\"https:\/\/quantocustaviajar.com\/blog\/wp-content\/uploads\/2015\/07\/jardins-de-monet-01-1.jpg\" alt=\"Jardins de Monet\" class=\"wp-image-68820\" srcset=\"https:\/\/quantocustaviajar.com\/blog\/wp-content\/uploads\/2015\/07\/jardins-de-monet-01-1.jpg 2048w, https:\/\/quantocustaviajar.com\/blog\/wp-content\/uploads\/2015\/07\/jardins-de-monet-01-1-300x200.jpg 300w, https:\/\/quantocustaviajar.com\/blog\/wp-content\/uploads\/2015\/07\/jardins-de-monet-01-1-1024x683.jpg 1024w, https:\/\/quantocustaviajar.com\/blog\/wp-content\/uploads\/2015\/07\/jardins-de-monet-01-1-768x512.jpg 768w, https:\/\/quantocustaviajar.com\/blog\/wp-content\/uploads\/2015\/07\/jardins-de-monet-01-1-1536x1024.jpg 1536w, https:\/\/quantocustaviajar.com\/blog\/wp-content\/uploads\/2015\/07\/jardins-de-monet-01-1-1920x1280.jpg 1920w\" sizes=\"auto, (max-width: 2048px) 100vw, 2048px\" \/><\/figure>\n\n\n\n<p>Foto: <a href=\"https:\/\/www.facebook.com\/photo?fbid=935573425266771&amp;set=pcb.935575648599882\" target=\"_blank\" rel=\"noopener\">Divulga\u00e7\u00e3o Jardins de Monet<\/a><\/p>\n\n\n\n<p>Do lado de fora, os jardins que inspiraram tantas de suas obras, a exemplo do conjunto de quadros chamados de <em>Nympheas,&nbsp;<\/em>repletos de ninf\u00e9as, pomares, tulipas, vit\u00f3rias-r\u00e9gias e uma linda ponte japonesa. Para mergulhar neste universo t\u00e3o m\u00e1gico e particular, uma das op\u00e7\u00f5es \u00e9 pegar um trem na&nbsp;esta\u00e7\u00e3o Saint Lazare com destino a Vernon, e de l\u00e1 percorrer os demais 7 km at\u00e9 Giverny de \u00f4nibus, bike ou t\u00e1xi.<\/p>\n\n\n\n<figure class=\"wp-block-image aligncenter\"><img loading=\"lazy\" decoding=\"async\" width=\"1600\" height=\"1200\" src=\"https:\/\/quantocustaviajar.com\/blog\/wp-content\/uploads\/2015\/07\/jardins-de-monet-02-1.jpg\" alt=\"Jardins de Monet\" class=\"wp-image-68822\" srcset=\"https:\/\/quantocustaviajar.com\/blog\/wp-content\/uploads\/2015\/07\/jardins-de-monet-02-1.jpg 1600w, https:\/\/quantocustaviajar.com\/blog\/wp-content\/uploads\/2015\/07\/jardins-de-monet-02-1-300x225.jpg 300w, https:\/\/quantocustaviajar.com\/blog\/wp-content\/uploads\/2015\/07\/jardins-de-monet-02-1-1024x768.jpg 1024w, https:\/\/quantocustaviajar.com\/blog\/wp-content\/uploads\/2015\/07\/jardins-de-monet-02-1-768x576.jpg 768w, https:\/\/quantocustaviajar.com\/blog\/wp-content\/uploads\/2015\/07\/jardins-de-monet-02-1-1536x1152.jpg 1536w\" sizes=\"auto, (max-width: 1600px) 100vw, 1600px\" \/><\/figure>\n\n\n\n<p>Foto: <a href=\"https:\/\/www.facebook.com\/photo.php?fbid=1869824153529614&amp;set=t.100064423669962&amp;type=3\" target=\"_blank\" rel=\"noopener\">Divulga\u00e7\u00e3o Jardins de Monet<\/a><\/p>\n\n\n\n<h2 class=\"wp-block-heading\"><span class=\"ez-toc-section\" id=\"Quando_visitar_os_Jardins\"><\/span>Quando visitar os Jardins?<span class=\"ez-toc-section-end\"><\/span><\/h2>\n\n\n\n<p>A atra\u00e7\u00e3o <strong>Jardins de Monet<\/strong> fica fechada durante o inverno, entre 01 de novembro e 31 de mar\u00e7o, e o ideal \u00e9 ficar de olho no <a href=\"http:\/\/giverny.org\/gardens\/fcm\/calendar.htm\" target=\"_blank\" rel=\"noopener noreferrer\">calend\u00e1rio de flora\u00e7\u00e3o<\/a> para conferir os <strong>jardins de Monet<\/strong> em sua melhor forma, florido como nunca. No ver\u00e3o, as flores costumam estar em seu maior esplendor, mas tamb\u00e9m \u00e9 o per\u00edodo de maior movimento nesta atra\u00e7\u00e3o. Os valores dos ingressos custam <a href=\"https:\/\/www.civitatis.com\/br\/paris\/excursao-giverny\/?aid=100232&amp;cmp=postjardinsmonet\" target=\"_blank\" rel=\"noopener\"><strong>a partir de R$339 na Civitatis<\/strong>.<\/a> Caso esta visita te inspire e queira conhecer ainda mais do artista, inclua em seu roteiro tamb\u00e9m o <a href=\"https:\/\/www.marmottan.fr\" target=\"_blank\" rel=\"noopener noreferrer\">Mus\u00e9e Marmottan Monet, <\/a>aberto as ter\u00e7a a domingo das 10h \u00e0s 18h, na 2, rue Louis-Boilly, 75016 Paris.<\/p>\n\n\n\n<figure class=\"wp-block-image aligncenter\"><img loading=\"lazy\" decoding=\"async\" width=\"649\" height=\"649\" src=\"https:\/\/quantocustaviajar.com\/blog\/wp-content\/uploads\/2015\/07\/jardins-de-monet-03.jpg\" alt=\"\" class=\"wp-image-68824\" srcset=\"https:\/\/quantocustaviajar.com\/blog\/wp-content\/uploads\/2015\/07\/jardins-de-monet-03.jpg 649w, https:\/\/quantocustaviajar.com\/blog\/wp-content\/uploads\/2015\/07\/jardins-de-monet-03-300x300.jpg 300w, https:\/\/quantocustaviajar.com\/blog\/wp-content\/uploads\/2015\/07\/jardins-de-monet-03-150x150.jpg 150w\" sizes=\"auto, (max-width: 649px) 100vw, 649px\" \/><\/figure>\n\n\n\n<p class=\"has-text-align-center\">Uma das \u00e1reas internas da casa de Monet \/ foto: <a href=\"https:\/\/www.instagram.com\/maisonjardinsclaudemonet\/p\/C8kKGutIF3e\/\" target=\"_blank\" rel=\"noopener\">Divulga\u00e7\u00e3o Jardins de Monet<\/a><\/p>\n\n\n\n<figure class=\"wp-block-image aligncenter\"><img loading=\"lazy\" decoding=\"async\" width=\"1280\" height=\"960\" src=\"https:\/\/quantocustaviajar.com\/blog\/wp-content\/uploads\/2015\/07\/jardins-de-monet-04.jpg\" alt=\"Jardins de Monet\" class=\"wp-image-68825\" srcset=\"https:\/\/quantocustaviajar.com\/blog\/wp-content\/uploads\/2015\/07\/jardins-de-monet-04.jpg 1280w, https:\/\/quantocustaviajar.com\/blog\/wp-content\/uploads\/2015\/07\/jardins-de-monet-04-300x225.jpg 300w, https:\/\/quantocustaviajar.com\/blog\/wp-content\/uploads\/2015\/07\/jardins-de-monet-04-1024x768.jpg 1024w, https:\/\/quantocustaviajar.com\/blog\/wp-content\/uploads\/2015\/07\/jardins-de-monet-04-768x576.jpg 768w\" sizes=\"auto, (max-width: 1280px) 100vw, 1280px\" \/><\/figure>\n\n\n\n<p>Foto: <a href=\"https:\/\/www.facebook.com\/photo.php?fbid=3253275901628859&amp;set=t.100064423669962&amp;type=3\" target=\"_blank\" rel=\"noopener\">Divulga\u00e7\u00e3o Jardins de Monet<\/a><\/p>\n\n\n\n<h2 class=\"wp-block-heading\"><span class=\"ez-toc-section\" id=\"Onde_comer_nos_Jardins_de_Monet\"><\/span>Onde comer nos Jardins de Monet<span class=\"ez-toc-section-end\"><\/span><\/h2>\n\n\n\n<p>N\u00e3o h\u00e1 restaurantes na parte interna dos Jardins de Monet, mas h\u00e1 in\u00fameros estabelecimentos pr\u00f3ximos a atra\u00e7\u00e3o. O <a href=\"https:\/\/www.restaurantbaudy.com\" target=\"_blank\" rel=\"noopener\"><strong>Baudy<\/strong><\/a>, por exemplo, fica a apenas 5 minutos de l\u00e1, em um hotel hom\u00f4nimo, bem de frente para um charmoso riacho. O <a href=\"https:\/\/www.lamusardiere.fr\" target=\"_blank\" rel=\"noopener\"><strong>La Musardi\u00e8re <\/strong><\/a>fica a 150 metros, e conta com um card\u00e1pio 100% regional. O <strong><a href=\"https:\/\/jardindesplumes.fr\/fr\/\" target=\"_blank\" rel=\"noopener\">Le Jardin des Plumes<\/a>&nbsp;<\/strong>\u00e9 uma op\u00e7\u00e3o para quem deseja conhecer o melhor da culin\u00e1ria francesa, e possui uma estrela Michelin em sua parede. Voc\u00ea tamb\u00e9m pode se dirigir at\u00e9 a pra\u00e7a da rua principal e escolher a dedo as sorveterias e cafeterias da regi\u00e3o.<\/p>\n\n\n\n<figure class=\"wp-block-image aligncenter\"><img loading=\"lazy\" decoding=\"async\" width=\"680\" height=\"680\" src=\"https:\/\/quantocustaviajar.com\/blog\/wp-content\/uploads\/2015\/07\/jardins-de-monet-05.jpg\" alt=\"\" class=\"wp-image-68830\" srcset=\"https:\/\/quantocustaviajar.com\/blog\/wp-content\/uploads\/2015\/07\/jardins-de-monet-05.jpg 680w, https:\/\/quantocustaviajar.com\/blog\/wp-content\/uploads\/2015\/07\/jardins-de-monet-05-300x300.jpg 300w, https:\/\/quantocustaviajar.com\/blog\/wp-content\/uploads\/2015\/07\/jardins-de-monet-05-150x150.jpg 150w\" sizes=\"auto, (max-width: 680px) 100vw, 680px\" \/><\/figure>\n\n\n\n<p class=\"has-text-align-center\">O local conta com uma loja de lembrancinhas \/ foto: <a href=\"https:\/\/www.instagram.com\/maisonjardinsclaudemonet\/p\/Cr_tMR1IBcp\/?img_index=1\" target=\"_blank\" rel=\"noopener\">Divulga\u00e7\u00e3o<\/a><\/p>\n\n\n\n<figure class=\"wp-block-image aligncenter\"><img loading=\"lazy\" decoding=\"async\" width=\"1080\" height=\"1080\" src=\"https:\/\/quantocustaviajar.com\/blog\/wp-content\/uploads\/2015\/07\/jardins-de-monet-06.jpg\" alt=\"\" class=\"wp-image-68832\" srcset=\"https:\/\/quantocustaviajar.com\/blog\/wp-content\/uploads\/2015\/07\/jardins-de-monet-06.jpg 1080w, https:\/\/quantocustaviajar.com\/blog\/wp-content\/uploads\/2015\/07\/jardins-de-monet-06-300x300.jpg 300w, https:\/\/quantocustaviajar.com\/blog\/wp-content\/uploads\/2015\/07\/jardins-de-monet-06-1024x1024.jpg 1024w, https:\/\/quantocustaviajar.com\/blog\/wp-content\/uploads\/2015\/07\/jardins-de-monet-06-150x150.jpg 150w, https:\/\/quantocustaviajar.com\/blog\/wp-content\/uploads\/2015\/07\/jardins-de-monet-06-768x768.jpg 768w\" sizes=\"auto, (max-width: 1080px) 100vw, 1080px\" \/><\/figure>\n\n\n\n<p>A conhecida ponte de suas pinturas \/ foto: <a href=\"https:\/\/www.instagram.com\/maisonjardinsclaudemonet\/p\/C29VxTWoCxQ\/\" target=\"_blank\" rel=\"noopener\">Divulga\u00e7\u00e3o<\/a><\/p>\n\n\n\n<h2 class=\"wp-block-heading\"><span class=\"ez-toc-section\" id=\"Como_chegar_aos_Jardins_de_Monet\"><\/span>Como chegar aos Jardins de Monet<span class=\"ez-toc-section-end\"><\/span><\/h2>\n\n\n\n<p>Para chegar at\u00e9 os <strong>Jardins de Monet<\/strong>, voc\u00ea tem duas op\u00e7\u00f5es:<\/p>\n\n\n\n<ul class=\"wp-block-list\">\n<li><strong>De Paris \u00e0 Giverny de trem<\/strong>: a passagem a ser comprada \u00e9 a <strong>Paris St. Lazare<\/strong> para <strong>Vernon-Giverny <\/strong>(na esta\u00e7\u00e3o do 9\u00ba <em>arrondissement<\/em>.)<strong>, <\/strong>e o percurso dura aproximadamente uma hora, e s\u00e3o vendidas pela <a href=\"https:\/\/www.sncf-connect.com\/en-en\/\" target=\"_blank\" rel=\"noopener\">SNCF Connect<\/a> e pela <a href=\"https:\/\/www.thetrainline.com\/pt-br\" target=\"_blank\" rel=\"noopener\">Trainline<\/a>. Os pre\u00e7os variam entre <strong>\u20ac9 e \u20ac25,80 <\/strong>por pessoa, de acordo com o tipo de passagem que escolher. Passes\/passaportes parisienses n\u00e3o s\u00e3o aceitos para essa viagem. Chegando em Vernon voc\u00ea pegar\u00e1 um \u00f4nibus at\u00e9 Giverny, e o ponto fica a apenas um quarteir\u00e3o da esta\u00e7\u00e3o, com valor de passagem incluindo a ida e a volta por <strong>\u20ac10, <\/strong>pagando diretamente ao motorista. O percurso dura apenas 10 minutinhos, e do estacionamento em que o \u00f4nibus para at\u00e9 os <strong>Jardins de Monet<\/strong> \u00e9 uma caminhada de 8 minutos.<\/li>\n\n\n\n<li><a href=\"https:\/\/www.civitatis.com\/br\/paris\/excursao-giverny\/?aid=100232&amp;cmp=postjardinsmonet\" target=\"_blank\" rel=\"noopener\"><strong>De excurs\u00e3o pela Civitatis<\/strong><\/a>: se voc\u00ea prefere pagar por conforto e praticidade, o ideal \u00e9 fechar uma excurs\u00e3o, que j\u00e1 garante al\u00e9m da ida e volta de \u00f4nibus, um guia em ingl\u00eas, um audioguia em portugu\u00eas e o ingresso para os <strong>Jardins de Monet<\/strong>. O ponto de encontro para a excurs\u00e3o \u00e9 na 45 Avenue de la Bourdonnais.<\/li>\n<\/ul>\n","protected":false},"excerpt":{"rendered":"<p>Bem pertinho de Paris existe um dos passeios mais encantadores da Fran\u00e7a. Em Giverny, 75 km da Cidade Luz, a&nbsp;Funda\u00e7\u00e3o Claude Monet atrai turistas curiosos do mundo todo por conta dos famosos jardins de Monet&nbsp;e da bela casa onde viveu o artista&nbsp;durante 43 anos, entre os anos de&nbsp;1883 e 1926. Como s\u00e3o os Jardins de [&hellip;]<\/p>\n","protected":false},"author":19,"featured_media":68819,"comment_status":"open","ping_status":"open","sticky":false,"template":"","format":"standard","meta":{"cybocfi_hide_featured_image":"","footnotes":""},"categories":[1437,1436],"tags":[227,280,95,279,18,276,260,282,278,248,281,111,20,57,84,277,138,16],"class_list":["post-1457","post","type-post","status-publish","format-standard","has-post-thumbnail","hentry","category-ao-ar-livre","category-artes-cultura-diversao","tag-arte","tag-casa-de-claude-monet","tag-custo","tag-entrada","tag-europa","tag-flores","tag-franca","tag-giverny","tag-ingresso","tag-jardim","tag-jardim-de-monet","tag-natureza","tag-paris","tag-passeio","tag-preco","tag-primavera","tag-valor","tag-viagem"],"blocksy_meta":[],"yoast_head":"<!-- This site is optimized with the Yoast SEO plugin v26.3 - https:\/\/yoast.com\/wordpress\/plugins\/seo\/ -->\n<title>Jardins de Monet na Funda\u00e7\u00e3o Claude Monet perto de Paris<\/title>\n<meta name=\"description\" content=\"A Funda\u00e7\u00e3o Claude Monet atrai turistas curiosos do mundo todo por conta dos famosos jardins de Monet e da bela casa onde viveu o artista.\" \/>\n<meta name=\"robots\" content=\"index, follow, max-snippet:-1, max-image-preview:large, max-video-preview:-1\" \/>\n<link rel=\"canonical\" href=\"https:\/\/quantocustaviajar.com\/blog\/jardins-de-monet-fundacao-claude-monet\/\" \/>\n<meta property=\"og:locale\" content=\"pt_BR\" \/>\n<meta property=\"og:type\" content=\"article\" \/>\n<meta property=\"og:title\" content=\"Jardins de Monet na Funda\u00e7\u00e3o Claude Monet perto de Paris\" \/>\n<meta property=\"og:description\" content=\"A Funda\u00e7\u00e3o Claude Monet atrai turistas curiosos do mundo todo por conta dos famosos jardins de Monet e da bela casa onde viveu o artista.\" \/>\n<meta property=\"og:url\" content=\"https:\/\/quantocustaviajar.com\/blog\/jardins-de-monet-fundacao-claude-monet\/\" \/>\n<meta property=\"og:site_name\" content=\"Blog Quanto Custa Viajar\" \/>\n<meta property=\"article:publisher\" content=\"https:\/\/www.facebook.com\/quantocustaviajar\" \/>\n<meta property=\"article:published_time\" content=\"2025-09-24T14:27:00+00:00\" \/>\n<meta property=\"article:modified_time\" content=\"2025-10-17T18:26:27+00:00\" \/>\n<meta property=\"og:image\" content=\"https:\/\/quantocustaviajar.com\/blog\/wp-content\/uploads\/2015\/07\/jardins-de-monet-01.jpg\" \/>\n\t<meta property=\"og:image:width\" content=\"2048\" \/>\n\t<meta property=\"og:image:height\" content=\"1365\" \/>\n\t<meta property=\"og:image:type\" content=\"image\/jpeg\" \/>\n<meta name=\"author\" content=\"Sheila Almendros\" \/>\n<meta name=\"twitter:card\" content=\"summary_large_image\" \/>\n<meta name=\"twitter:label1\" content=\"Escrito por\" \/>\n\t<meta name=\"twitter:data1\" content=\"Sheila Almendros\" \/>\n\t<meta name=\"twitter:label2\" content=\"Est. tempo de leitura\" \/>\n\t<meta name=\"twitter:data2\" content=\"6 minutos\" \/>\n<!-- \/ Yoast SEO plugin. -->","yoast_head_json":{"title":"Jardins de Monet na Funda\u00e7\u00e3o Claude Monet perto de Paris","description":"A Funda\u00e7\u00e3o Claude Monet atrai turistas curiosos do mundo todo por conta dos famosos jardins de Monet e da bela casa onde viveu o artista.","robots":{"index":"index","follow":"follow","max-snippet":"max-snippet:-1","max-image-preview":"max-image-preview:large","max-video-preview":"max-video-preview:-1"},"canonical":"https:\/\/quantocustaviajar.com\/blog\/jardins-de-monet-fundacao-claude-monet\/","og_locale":"pt_BR","og_type":"article","og_title":"Jardins de Monet na Funda\u00e7\u00e3o Claude Monet perto de Paris","og_description":"A Funda\u00e7\u00e3o Claude Monet atrai turistas curiosos do mundo todo por conta dos famosos jardins de Monet e da bela casa onde viveu o artista.","og_url":"https:\/\/quantocustaviajar.com\/blog\/jardins-de-monet-fundacao-claude-monet\/","og_site_name":"Blog Quanto Custa Viajar","article_publisher":"https:\/\/www.facebook.com\/quantocustaviajar","article_published_time":"2025-09-24T14:27:00+00:00","article_modified_time":"2025-10-17T18:26:27+00:00","og_image":[{"width":2048,"height":1365,"url":"https:\/\/quantocustaviajar.com\/blog\/wp-content\/uploads\/2015\/07\/jardins-de-monet-01.jpg","type":"image\/jpeg"}],"author":"Sheila Almendros","twitter_card":"summary_large_image","twitter_misc":{"Escrito por":"Sheila Almendros","Est. tempo de leitura":"6 minutos"},"schema":{"@context":"https:\/\/schema.org","@graph":[{"@type":["Article","BlogPosting"],"@id":"https:\/\/quantocustaviajar.com\/blog\/jardins-de-monet-fundacao-claude-monet\/#article","isPartOf":{"@id":"https:\/\/quantocustaviajar.com\/blog\/jardins-de-monet-fundacao-claude-monet\/"},"author":{"name":"Sheila Almendros","@id":"https:\/\/quantocustaviajar.com\/blog\/#\/schema\/person\/66bc96b9076769d61f47e383ac516439"},"headline":"Jardins de Monet s\u00e3o uma \u00f3tima op\u00e7\u00e3o de passeio pr\u00f3ximo a Paris","datePublished":"2025-09-24T14:27:00+00:00","dateModified":"2025-10-17T18:26:27+00:00","mainEntityOfPage":{"@id":"https:\/\/quantocustaviajar.com\/blog\/jardins-de-monet-fundacao-claude-monet\/"},"wordCount":709,"commentCount":1,"publisher":{"@id":"https:\/\/quantocustaviajar.com\/blog\/#organization"},"image":{"@id":"https:\/\/quantocustaviajar.com\/blog\/jardins-de-monet-fundacao-claude-monet\/#primaryimage"},"thumbnailUrl":"https:\/\/quantocustaviajar.com\/blog\/wp-content\/uploads\/2015\/07\/jardins-de-monet-01.jpg","keywords":["arte","Casa de Claude Monet","custo","entrada","europa","flores","fran\u00e7a","Giverny","ingresso","jardim","Jardim de Monet","natureza","paris","passeio","pre\u00e7o","primavera","valor","viagem"],"articleSection":["Ao Ar Livre","Artes, Cultura &amp; Divers\u00e3o"],"inLanguage":"pt-BR","potentialAction":[{"@type":"CommentAction","name":"Comment","target":["https:\/\/quantocustaviajar.com\/blog\/jardins-de-monet-fundacao-claude-monet\/#respond"]}]},{"@type":"WebPage","@id":"https:\/\/quantocustaviajar.com\/blog\/jardins-de-monet-fundacao-claude-monet\/","url":"https:\/\/quantocustaviajar.com\/blog\/jardins-de-monet-fundacao-claude-monet\/","name":"Jardins de Monet na Funda\u00e7\u00e3o Claude Monet perto de Paris","isPartOf":{"@id":"https:\/\/quantocustaviajar.com\/blog\/#website"},"primaryImageOfPage":{"@id":"https:\/\/quantocustaviajar.com\/blog\/jardins-de-monet-fundacao-claude-monet\/#primaryimage"},"image":{"@id":"https:\/\/quantocustaviajar.com\/blog\/jardins-de-monet-fundacao-claude-monet\/#primaryimage"},"thumbnailUrl":"https:\/\/quantocustaviajar.com\/blog\/wp-content\/uploads\/2015\/07\/jardins-de-monet-01.jpg","datePublished":"2025-09-24T14:27:00+00:00","dateModified":"2025-10-17T18:26:27+00:00","description":"A Funda\u00e7\u00e3o Claude Monet atrai turistas curiosos do mundo todo por conta dos famosos jardins de Monet e da bela casa onde viveu o artista.","breadcrumb":{"@id":"https:\/\/quantocustaviajar.com\/blog\/jardins-de-monet-fundacao-claude-monet\/#breadcrumb"},"inLanguage":"pt-BR","potentialAction":[{"@type":"ReadAction","target":["https:\/\/quantocustaviajar.com\/blog\/jardins-de-monet-fundacao-claude-monet\/"]}]},{"@type":"ImageObject","inLanguage":"pt-BR","@id":"https:\/\/quantocustaviajar.com\/blog\/jardins-de-monet-fundacao-claude-monet\/#primaryimage","url":"https:\/\/quantocustaviajar.com\/blog\/wp-content\/uploads\/2015\/07\/jardins-de-monet-01.jpg","contentUrl":"https:\/\/quantocustaviajar.com\/blog\/wp-content\/uploads\/2015\/07\/jardins-de-monet-01.jpg","width":2048,"height":1365},{"@type":"BreadcrumbList","@id":"https:\/\/quantocustaviajar.com\/blog\/jardins-de-monet-fundacao-claude-monet\/#breadcrumb","itemListElement":[{"@type":"ListItem","position":1,"name":"In\u00edcio","item":"https:\/\/quantocustaviajar.com\/blog\/"},{"@type":"ListItem","position":2,"name":"Jardins de Monet s\u00e3o uma \u00f3tima op\u00e7\u00e3o de passeio pr\u00f3ximo a Paris"}]},{"@type":"WebSite","@id":"https:\/\/quantocustaviajar.com\/blog\/#website","url":"https:\/\/quantocustaviajar.com\/blog\/","name":"Blog Quanto Custa Viajar","description":"","publisher":{"@id":"https:\/\/quantocustaviajar.com\/blog\/#organization"},"potentialAction":[{"@type":"SearchAction","target":{"@type":"EntryPoint","urlTemplate":"https:\/\/quantocustaviajar.com\/blog\/?s={search_term_string}"},"query-input":{"@type":"PropertyValueSpecification","valueRequired":true,"valueName":"search_term_string"}}],"inLanguage":"pt-BR"},{"@type":"Organization","@id":"https:\/\/quantocustaviajar.com\/blog\/#organization","name":"Quanto Custa Viajar","url":"https:\/\/quantocustaviajar.com\/blog\/","logo":{"@type":"ImageObject","inLanguage":"pt-BR","@id":"https:\/\/quantocustaviajar.com\/blog\/#\/schema\/logo\/image\/","url":"","contentUrl":"","caption":"Quanto Custa Viajar"},"image":{"@id":"https:\/\/quantocustaviajar.com\/blog\/#\/schema\/logo\/image\/"},"sameAs":["https:\/\/www.facebook.com\/quantocustaviajar"]},{"@type":"Person","@id":"https:\/\/quantocustaviajar.com\/blog\/#\/schema\/person\/66bc96b9076769d61f47e383ac516439","name":"Sheila Almendros","image":{"@type":"ImageObject","inLanguage":"pt-BR","@id":"https:\/\/quantocustaviajar.com\/blog\/#\/schema\/person\/image\/","url":"https:\/\/secure.gravatar.com\/avatar\/f38e2f0e4f0d273587e0882ec5d6afa5cd3463efd68233d49b41368144e219b5?s=96&d=mm&r=g","contentUrl":"https:\/\/secure.gravatar.com\/avatar\/f38e2f0e4f0d273587e0882ec5d6afa5cd3463efd68233d49b41368144e219b5?s=96&d=mm&r=g","caption":"Sheila Almendros"},"description":"Jornalista, produtora de conte\u00fado web e apaixonada pelo mundo.","url":"https:\/\/quantocustaviajar.com\/blog\/author\/sheila-almendros\/"}]}},"_links":{"self":[{"href":"https:\/\/quantocustaviajar.com\/blog\/wp-json\/wp\/v2\/posts\/1457","targetHints":{"allow":["GET"]}}],"collection":[{"href":"https:\/\/quantocustaviajar.com\/blog\/wp-json\/wp\/v2\/posts"}],"about":[{"href":"https:\/\/quantocustaviajar.com\/blog\/wp-json\/wp\/v2\/types\/post"}],"author":[{"embeddable":true,"href":"https:\/\/quantocustaviajar.com\/blog\/wp-json\/wp\/v2\/users\/19"}],"replies":[{"embeddable":true,"href":"https:\/\/quantocustaviajar.com\/blog\/wp-json\/wp\/v2\/comments?post=1457"}],"version-history":[{"count":4,"href":"https:\/\/quantocustaviajar.com\/blog\/wp-json\/wp\/v2\/posts\/1457\/revisions"}],"predecessor-version":[{"id":85666,"href":"https:\/\/quantocustaviajar.com\/blog\/wp-json\/wp\/v2\/posts\/1457\/revisions\/85666"}],"wp:featuredmedia":[{"embeddable":true,"href":"https:\/\/quantocustaviajar.com\/blog\/wp-json\/wp\/v2\/media\/68819"}],"wp:attachment":[{"href":"https:\/\/quantocustaviajar.com\/blog\/wp-json\/wp\/v2\/media?parent=1457"}],"wp:term":[{"taxonomy":"category","embeddable":true,"href":"https:\/\/quantocustaviajar.com\/blog\/wp-json\/wp\/v2\/categories?post=1457"},{"taxonomy":"post_tag","embeddable":true,"href":"https:\/\/quantocustaviajar.com\/blog\/wp-json\/wp\/v2\/tags?post=1457"}],"curies":[{"name":"wp","href":"https:\/\/api.w.org\/{rel}","templated":true}]}}