{"id":13426,"date":"2017-03-07T12:38:19","date_gmt":"2017-03-07T12:38:19","guid":{"rendered":"http:\/\/quantocustaviajar.com\/blog\/?p=13426"},"modified":"2022-03-07T19:36:48","modified_gmt":"2022-03-07T19:36:48","slug":"viagem-de-trem-entre-espirito-santo-e-minas-gerais","status":"publish","type":"post","link":"https:\/\/quantocustaviajar.com\/blog\/viagem-de-trem-entre-espirito-santo-e-minas-gerais\/","title":{"rendered":"Que tal uma viagem de trem entre Esp\u00edrito Santo e Minas Gerais?"},"content":{"rendered":"<p>Percorrer os <a href=\"http:\/\/quantocustaviajar.com\/blog\/confira-dicas-para-viajar-de-trem-pela-europa\/\" target=\"_blank\" rel=\"noopener noreferrer\">trilhos da Europa<\/a> \u00e9 um dos grandes atrativos e qualidades do continente, facilitando a vida dos viajantes. No Brasil, temos poucos exemplos do tipo, j\u00e1 que a malha ferrovi\u00e1ria n\u00e3o \u00e9 t\u00e3o extensa e atende mais a parte industrial do que tur\u00edstica. Ainda assim, temos aqui algumas op\u00e7\u00f5es, como a <strong>viagem de trem entre <a href=\"https:\/\/quantocustaviajar.com\/blog\/lugares-para-conhecer-no-espirito-santo\/\">Esp\u00edrito Santo<\/a> e <a href=\"https:\/\/quantocustaviajar.com\/blog\/cidades-legais-para-viajar-em-minas-gerais\/\">Minas Gerais<\/a><\/strong>.<\/p>\n<p>Comandado pela mineradora Vale, o chamado <strong>Trem da Vale<\/strong> transporta cerca de 1 milh\u00e3o de passageiros por ano, atendendo ainda 40% da carga ferrovi\u00e1ria brasileira. A<strong> Estrada de Ferro Vit\u00f3ria a Minas<\/strong> (EFVM), que opera diariamente ligando as regi\u00f5es metropolitanas de <a href=\"http:\/\/quantocustaviajar.com\/brasil\/vitoria\" target=\"_blank\" rel=\"noopener noreferrer\">Vit\u00f3ria<\/a> (ES) e <a href=\"http:\/\/quantocustaviajar.com\/brasil\/belo-horizonte\" target=\"_blank\" rel=\"noopener noreferrer\">Belo Horizonte<\/a> (MG), foi inaugurada em 1904 e desde 1907 leva pessoas de um lado para o outro.<\/p>\n<p>Recentemente, os trens dessa linha foram renovados, com investimento de US$ 80,2 milh\u00f5es na nova frota. S\u00e3o 10 novos vag\u00f5es de classe executiva com poltronas mais largas e de inclina\u00e7\u00e3o maior; carros econ\u00f4micos com ar condicionado, tomadas e mesas para refei\u00e7\u00e3o; carro-restaurante com servi\u00e7o de refei\u00e7\u00e3o completa com gar\u00e7ons ou lanches r\u00e1pidos; e ainda <strong>melhorias de acessibilidade<\/strong> no carro dedicado a cadeirantes, com elevador para cadeiras de rodas e mais espa\u00e7o.<\/p>\n<h2>Viagem de trem entre Esp\u00edrito Santo e Minas Gerais<\/h2>\n<p>O <strong>trajeto todo dura 13 horas e tem 905 quil\u00f4metros<\/strong>, de onde se avistam belas paisagens e locais de import\u00e2ncia hist\u00f3rica. H\u00e1 30 pontos de embarque e desembarque entre os 42 munic\u00edpios atendidos pelo trem.<\/p>\n<p><img loading=\"lazy\" decoding=\"async\" class=\"size-full wp-image-13432 aligncenter\" src=\"http:\/\/quantocustaviajar.com\/blog\/wp-content\/uploads\/2017\/02\/trem-da-vale4.jpg\" alt=\"\" width=\"650\" height=\"433\" srcset=\"https:\/\/quantocustaviajar.com\/blog\/wp-content\/uploads\/2017\/02\/trem-da-vale4.jpg 650w, https:\/\/quantocustaviajar.com\/blog\/wp-content\/uploads\/2017\/02\/trem-da-vale4-300x200.jpg 300w, https:\/\/quantocustaviajar.com\/blog\/wp-content\/uploads\/2017\/02\/trem-da-vale4-400x266.jpg 400w\" sizes=\"auto, (max-width: 650px) 100vw, 650px\" \/><\/p>\n<p>Diariamente, \u00e0s 7h, um trem parte de Cariacica, na regi\u00e3o metropolitana de Vit\u00f3ria, Esp\u00edrito Santo, e chega a Belo Horizonte, Minas Gerais, por volta de 20h10; no sentido inverso, um trem parte da capital mineira \u00e0s 7h30 e encerra a viagem \u00e0s 20h30. H\u00e1 tamb\u00e9m um trem adicional que faz o percurso entre Itabira e Nova Era, ambas em Minas Gerais.<\/p>\n<h3>Quanto custa<\/h3>\n<p>As passagens que n\u00e3o forem programadas devem ser compradas com at\u00e9 30 minutos de anteced\u00eancia (<strong>por conta da pandemia, \u00e9 necess\u00e1rio comprar a passagem com 7 dias de anteced\u00eancia<\/strong>).<\/p>\n<p>Classe econ\u00f4mica sai por R$ 73; classe executiva sai por R$ 105. Mais informa\u00e7\u00f5es pelo canal de atendimento gratuito Al\u00f4 Ferrovias (0800 285 7000) ou no <a href=\"http:\/\/www.vale.com\/brasil\/PT\/business\/logistics\/railways\/Passenger-Train-Vitoria-Minas\/Paginas\/default.aspx\" target=\"_blank\" rel=\"noopener noreferrer\">site oficial da empresa<\/a>.<\/p>\n<p>A Vale tamb\u00e9m opera o trecho de 18 km entre <strong><a href=\"http:\/\/quantocustaviajar.com\/brasil\/ouro-preto\" target=\"_blank\" rel=\"noopener noreferrer\">Ouro Preto<\/a> e Mariana<\/strong>, cidades hist\u00f3ricas de Minas Gerais, levando os passageiros a bordo de uma locomotiva G12 ou de carros convencionais, sendo um panor\u00e2mico. Por ser estritamente tur\u00edstico, este trem opera somente \u00e0s sextas, s\u00e1bados, domingos e feriados nacionais.<\/p>\n<p>Fora de alta temporada, as <strong>passagens s\u00e3o vendidas pela metade do pre\u00e7o<\/strong> sempre durante um domingo no m\u00eas.<\/p>\n<p><strong>Quanto custa: <\/strong>R$ 40,00 ida ou R$ 56,00 ida e volta, pagando inteira no Vag\u00e3o Convencional; R$ 60,00 ida ou R$ 80,00 ida e volta, pagando inteira no Vag\u00e3o Panor\u00e2mico. Ambos vendem meia entrada para crian\u00e7as de 6 a 12 anos, adultos a partir de 60 anos e estudantes. Quem \u00e9 natural de Mariana ou Ouro Preto pagam R$ 15 para ida ou R$ 21 para ida e volta, mediante apresenta\u00e7\u00e3o do comprovante de resid\u00eancia.<\/p>\n<p>Para saber pre\u00e7o e disponibilidade de passagens do Trem Tur\u00edstico Ouro Preto &#8211; Mariana, por favor, entre em contato pelos telefones: (31) 3551-7705 ou (31) 3557-3844. Ou no <a href=\"http:\/\/www.vale.com\/brasil\/PT\/business\/logistics\/railways\/trem-turistico-ouro-preto-mariana\/Paginas\/default.aspx\" target=\"_blank\" rel=\"noopener noreferrer\">site oficial da empresa<\/a>.<\/p>\n<blockquote><p><a href=\"https:\/\/www.booking.com\/index.html?aid=2161834\" target=\"_blank\" rel=\"noopener noreferrer\"><strong>Precisa de hospedagem? Pesquise aqui!<\/strong><\/a><\/p><\/blockquote>\n<p><img loading=\"lazy\" decoding=\"async\" class=\"wp-image-13440 aligncenter\" src=\"http:\/\/quantocustaviajar.com\/blog\/wp-content\/uploads\/2017\/02\/efvm2.jpg\" alt=\"\" width=\"646\" height=\"430\" srcset=\"https:\/\/quantocustaviajar.com\/blog\/wp-content\/uploads\/2017\/02\/efvm2.jpg 620w, https:\/\/quantocustaviajar.com\/blog\/wp-content\/uploads\/2017\/02\/efvm2-300x200.jpg 300w, https:\/\/quantocustaviajar.com\/blog\/wp-content\/uploads\/2017\/02\/efvm2-400x266.jpg 400w\" sizes=\"auto, (max-width: 646px) 100vw, 646px\" \/><br \/>\n<em>Fotos: divulga\u00e7\u00e3o<\/em><\/p>\n","protected":false},"excerpt":{"rendered":"<p>Percorrer os trilhos da Europa \u00e9 um dos grandes atrativos e qualidades do continente, facilitando a vida dos viajantes. No Brasil, temos poucos exemplos do tipo, j\u00e1 que a malha ferrovi\u00e1ria n\u00e3o \u00e9 t\u00e3o extensa e atende mais a parte industrial do que tur\u00edstica. Ainda assim, temos aqui algumas op\u00e7\u00f5es, como a viagem de trem [&hellip;]<\/p>\n","protected":false},"author":4,"featured_media":52674,"comment_status":"open","ping_status":"open","sticky":false,"template":"","format":"standard","meta":{"cybocfi_hide_featured_image":"","footnotes":""},"categories":[1434],"tags":[266,240,699,369,742,944,27,394,57,513,196,19,179,158,295,1115],"class_list":["post-13426","post","type-post","status-publish","format-standard","has-post-thumbnail","hentry","category-descubra-brasil","tag-brasil","tag-cidades","tag-como-funciona","tag-espirito-santo","tag-estrada","tag-low-budget","tag-low-cost","tag-minas-gerais","tag-passeio","tag-passeios-diferentes","tag-precos","tag-quanto-custa","tag-trajeto","tag-trem","tag-turismo","tag-viagem-de-trem"],"blocksy_meta":[],"yoast_head":"<!-- This site is optimized with the Yoast SEO plugin v26.3 - https:\/\/yoast.com\/wordpress\/plugins\/seo\/ -->\n<title>Que tal uma viagem de trem entre Esp\u00edrito Santo e Minas Gerais?<\/title>\n<meta name=\"robots\" content=\"index, follow, max-snippet:-1, max-image-preview:large, max-video-preview:-1\" \/>\n<link rel=\"canonical\" href=\"https:\/\/quantocustaviajar.com\/blog\/viagem-de-trem-entre-espirito-santo-e-minas-gerais\/\" \/>\n<meta property=\"og:locale\" content=\"pt_BR\" \/>\n<meta property=\"og:type\" content=\"article\" \/>\n<meta property=\"og:title\" content=\"Viagem de trem Belo Horizonte at\u00e9 Vit\u00f3ria\" \/>\n<meta property=\"og:description\" content=\"Percorrer os trilhos da Europa \u00e9 um dos grandes atrativos e qualidades do continente, facilitando a vida dos viajantes. No Brasil, temos poucos exemplos do tipo, j\u00e1 que a malha ferrovi\u00e1ria n\u00e3o \u00e9 t\u00e3o extensa e atende mais a parte industrial do que tur\u00edstica. Ainda assim, temos aqui algumas op\u00e7\u00f5es, como a viagem de trem [&hellip;]\" \/>\n<meta property=\"og:url\" content=\"https:\/\/quantocustaviajar.com\/blog\/viagem-de-trem-entre-espirito-santo-e-minas-gerais\/\" \/>\n<meta property=\"og:site_name\" content=\"Blog Quanto Custa Viajar\" \/>\n<meta property=\"article:publisher\" content=\"https:\/\/www.facebook.com\/quantocustaviajar\" \/>\n<meta property=\"article:author\" content=\"https:\/\/www.facebook.com\/brunellapfvr\/posts\" \/>\n<meta property=\"article:published_time\" content=\"2017-03-07T12:38:19+00:00\" \/>\n<meta property=\"article:modified_time\" content=\"2022-03-07T19:36:48+00:00\" \/>\n<meta property=\"og:image\" content=\"https:\/\/quantocustaviajar.com\/blog\/wp-content\/uploads\/2017\/03\/brasil_PT_business_logistics_railways_Passenger-Train-Vitoria-Minas_Documents_Novo-EFVM_assets_img_thumbs-wallpaper_EFVM_wallpaper_03.jpg\" \/>\n\t<meta property=\"og:image:width\" content=\"1920\" \/>\n\t<meta property=\"og:image:height\" content=\"1080\" \/>\n\t<meta property=\"og:image:type\" content=\"image\/jpeg\" \/>\n<meta name=\"author\" content=\"Brunella Nunes\" \/>\n<meta name=\"twitter:card\" content=\"summary_large_image\" \/>\n<meta name=\"twitter:label1\" content=\"Escrito por\" \/>\n\t<meta name=\"twitter:data1\" content=\"Brunella Nunes\" \/>\n\t<meta name=\"twitter:label2\" content=\"Est. tempo de leitura\" \/>\n\t<meta name=\"twitter:data2\" content=\"4 minutos\" \/>\n<!-- \/ Yoast SEO plugin. -->","yoast_head_json":{"title":"Que tal uma viagem de trem entre Esp\u00edrito Santo e Minas Gerais?","robots":{"index":"index","follow":"follow","max-snippet":"max-snippet:-1","max-image-preview":"max-image-preview:large","max-video-preview":"max-video-preview:-1"},"canonical":"https:\/\/quantocustaviajar.com\/blog\/viagem-de-trem-entre-espirito-santo-e-minas-gerais\/","og_locale":"pt_BR","og_type":"article","og_title":"Viagem de trem Belo Horizonte at\u00e9 Vit\u00f3ria","og_description":"Percorrer os trilhos da Europa \u00e9 um dos grandes atrativos e qualidades do continente, facilitando a vida dos viajantes. No Brasil, temos poucos exemplos do tipo, j\u00e1 que a malha ferrovi\u00e1ria n\u00e3o \u00e9 t\u00e3o extensa e atende mais a parte industrial do que tur\u00edstica. Ainda assim, temos aqui algumas op\u00e7\u00f5es, como a viagem de trem [&hellip;]","og_url":"https:\/\/quantocustaviajar.com\/blog\/viagem-de-trem-entre-espirito-santo-e-minas-gerais\/","og_site_name":"Blog Quanto Custa Viajar","article_publisher":"https:\/\/www.facebook.com\/quantocustaviajar","article_author":"https:\/\/www.facebook.com\/brunellapfvr\/posts","article_published_time":"2017-03-07T12:38:19+00:00","article_modified_time":"2022-03-07T19:36:48+00:00","og_image":[{"width":1920,"height":1080,"url":"https:\/\/quantocustaviajar.com\/blog\/wp-content\/uploads\/2017\/03\/brasil_PT_business_logistics_railways_Passenger-Train-Vitoria-Minas_Documents_Novo-EFVM_assets_img_thumbs-wallpaper_EFVM_wallpaper_03.jpg","type":"image\/jpeg"}],"author":"Brunella Nunes","twitter_card":"summary_large_image","twitter_misc":{"Escrito por":"Brunella Nunes","Est. tempo de leitura":"4 minutos"},"schema":{"@context":"https:\/\/schema.org","@graph":[{"@type":["Article","BlogPosting"],"@id":"https:\/\/quantocustaviajar.com\/blog\/viagem-de-trem-entre-espirito-santo-e-minas-gerais\/#article","isPartOf":{"@id":"https:\/\/quantocustaviajar.com\/blog\/viagem-de-trem-entre-espirito-santo-e-minas-gerais\/"},"author":{"name":"Brunella Nunes","@id":"https:\/\/quantocustaviajar.com\/blog\/#\/schema\/person\/1a6dd3da9d0c0a4be42652b67bea19bb"},"headline":"Que tal uma viagem de trem entre Esp\u00edrito Santo e Minas Gerais?","datePublished":"2017-03-07T12:38:19+00:00","dateModified":"2022-03-07T19:36:48+00:00","mainEntityOfPage":{"@id":"https:\/\/quantocustaviajar.com\/blog\/viagem-de-trem-entre-espirito-santo-e-minas-gerais\/"},"wordCount":576,"commentCount":13,"publisher":{"@id":"https:\/\/quantocustaviajar.com\/blog\/#organization"},"image":{"@id":"https:\/\/quantocustaviajar.com\/blog\/viagem-de-trem-entre-espirito-santo-e-minas-gerais\/#primaryimage"},"thumbnailUrl":"https:\/\/quantocustaviajar.com\/blog\/wp-content\/uploads\/2017\/03\/brasil_PT_business_logistics_railways_Passenger-Train-Vitoria-Minas_Documents_Novo-EFVM_assets_img_thumbs-wallpaper_EFVM_wallpaper_03.jpg","keywords":["Brasil","cidades","como funciona","Esp\u00edrito Santo","estrada","low budget","low cost","Minas Gerais","passeio","passeios diferentes","pre\u00e7os","quanto custa","trajeto","trem","turismo","viagem de trem"],"articleSection":["Descubra o Brasil"],"inLanguage":"pt-BR","potentialAction":[{"@type":"CommentAction","name":"Comment","target":["https:\/\/quantocustaviajar.com\/blog\/viagem-de-trem-entre-espirito-santo-e-minas-gerais\/#respond"]}]},{"@type":"WebPage","@id":"https:\/\/quantocustaviajar.com\/blog\/viagem-de-trem-entre-espirito-santo-e-minas-gerais\/","url":"https:\/\/quantocustaviajar.com\/blog\/viagem-de-trem-entre-espirito-santo-e-minas-gerais\/","name":"Que tal uma viagem de trem entre Esp\u00edrito Santo e Minas Gerais?","isPartOf":{"@id":"https:\/\/quantocustaviajar.com\/blog\/#website"},"primaryImageOfPage":{"@id":"https:\/\/quantocustaviajar.com\/blog\/viagem-de-trem-entre-espirito-santo-e-minas-gerais\/#primaryimage"},"image":{"@id":"https:\/\/quantocustaviajar.com\/blog\/viagem-de-trem-entre-espirito-santo-e-minas-gerais\/#primaryimage"},"thumbnailUrl":"https:\/\/quantocustaviajar.com\/blog\/wp-content\/uploads\/2017\/03\/brasil_PT_business_logistics_railways_Passenger-Train-Vitoria-Minas_Documents_Novo-EFVM_assets_img_thumbs-wallpaper_EFVM_wallpaper_03.jpg","datePublished":"2017-03-07T12:38:19+00:00","dateModified":"2022-03-07T19:36:48+00:00","breadcrumb":{"@id":"https:\/\/quantocustaviajar.com\/blog\/viagem-de-trem-entre-espirito-santo-e-minas-gerais\/#breadcrumb"},"inLanguage":"pt-BR","potentialAction":[{"@type":"ReadAction","target":["https:\/\/quantocustaviajar.com\/blog\/viagem-de-trem-entre-espirito-santo-e-minas-gerais\/"]}]},{"@type":"ImageObject","inLanguage":"pt-BR","@id":"https:\/\/quantocustaviajar.com\/blog\/viagem-de-trem-entre-espirito-santo-e-minas-gerais\/#primaryimage","url":"https:\/\/quantocustaviajar.com\/blog\/wp-content\/uploads\/2017\/03\/brasil_PT_business_logistics_railways_Passenger-Train-Vitoria-Minas_Documents_Novo-EFVM_assets_img_thumbs-wallpaper_EFVM_wallpaper_03.jpg","contentUrl":"https:\/\/quantocustaviajar.com\/blog\/wp-content\/uploads\/2017\/03\/brasil_PT_business_logistics_railways_Passenger-Train-Vitoria-Minas_Documents_Novo-EFVM_assets_img_thumbs-wallpaper_EFVM_wallpaper_03.jpg","width":1920,"height":1080},{"@type":"BreadcrumbList","@id":"https:\/\/quantocustaviajar.com\/blog\/viagem-de-trem-entre-espirito-santo-e-minas-gerais\/#breadcrumb","itemListElement":[{"@type":"ListItem","position":1,"name":"In\u00edcio","item":"https:\/\/quantocustaviajar.com\/blog\/"},{"@type":"ListItem","position":2,"name":"Que tal uma viagem de trem entre Esp\u00edrito Santo e Minas Gerais?"}]},{"@type":"WebSite","@id":"https:\/\/quantocustaviajar.com\/blog\/#website","url":"https:\/\/quantocustaviajar.com\/blog\/","name":"Blog Quanto Custa Viajar","description":"","publisher":{"@id":"https:\/\/quantocustaviajar.com\/blog\/#organization"},"potentialAction":[{"@type":"SearchAction","target":{"@type":"EntryPoint","urlTemplate":"https:\/\/quantocustaviajar.com\/blog\/?s={search_term_string}"},"query-input":{"@type":"PropertyValueSpecification","valueRequired":true,"valueName":"search_term_string"}}],"inLanguage":"pt-BR"},{"@type":"Organization","@id":"https:\/\/quantocustaviajar.com\/blog\/#organization","name":"Quanto Custa Viajar","url":"https:\/\/quantocustaviajar.com\/blog\/","logo":{"@type":"ImageObject","inLanguage":"pt-BR","@id":"https:\/\/quantocustaviajar.com\/blog\/#\/schema\/logo\/image\/","url":"","contentUrl":"","caption":"Quanto Custa Viajar"},"image":{"@id":"https:\/\/quantocustaviajar.com\/blog\/#\/schema\/logo\/image\/"},"sameAs":["https:\/\/www.facebook.com\/quantocustaviajar"]},{"@type":"Person","@id":"https:\/\/quantocustaviajar.com\/blog\/#\/schema\/person\/1a6dd3da9d0c0a4be42652b67bea19bb","name":"Brunella Nunes","image":{"@type":"ImageObject","inLanguage":"pt-BR","@id":"https:\/\/quantocustaviajar.com\/blog\/#\/schema\/person\/image\/","url":"https:\/\/secure.gravatar.com\/avatar\/05b28dfb8a3cc7ee0dba6feefa5677f05be6d7bf4b017728fd38499092f9c282?s=96&d=mm&r=g","contentUrl":"https:\/\/secure.gravatar.com\/avatar\/05b28dfb8a3cc7ee0dba6feefa5677f05be6d7bf4b017728fd38499092f9c282?s=96&d=mm&r=g","caption":"Brunella Nunes"},"description":"Quando n\u00e3o est\u00e1 viajando pelo mundo, est\u00e1 viajando nas ideias.","sameAs":["https:\/\/www.facebook.com\/brunellapfvr\/posts","https:\/\/www.linkedin.com\/in\/brunellanunes\/"],"url":"https:\/\/quantocustaviajar.com\/blog\/author\/equipe\/"}]}},"_links":{"self":[{"href":"https:\/\/quantocustaviajar.com\/blog\/wp-json\/wp\/v2\/posts\/13426","targetHints":{"allow":["GET"]}}],"collection":[{"href":"https:\/\/quantocustaviajar.com\/blog\/wp-json\/wp\/v2\/posts"}],"about":[{"href":"https:\/\/quantocustaviajar.com\/blog\/wp-json\/wp\/v2\/types\/post"}],"author":[{"embeddable":true,"href":"https:\/\/quantocustaviajar.com\/blog\/wp-json\/wp\/v2\/users\/4"}],"replies":[{"embeddable":true,"href":"https:\/\/quantocustaviajar.com\/blog\/wp-json\/wp\/v2\/comments?post=13426"}],"version-history":[{"count":5,"href":"https:\/\/quantocustaviajar.com\/blog\/wp-json\/wp\/v2\/posts\/13426\/revisions"}],"predecessor-version":[{"id":52675,"href":"https:\/\/quantocustaviajar.com\/blog\/wp-json\/wp\/v2\/posts\/13426\/revisions\/52675"}],"wp:featuredmedia":[{"embeddable":true,"href":"https:\/\/quantocustaviajar.com\/blog\/wp-json\/wp\/v2\/media\/52674"}],"wp:attachment":[{"href":"https:\/\/quantocustaviajar.com\/blog\/wp-json\/wp\/v2\/media?parent=13426"}],"wp:term":[{"taxonomy":"category","embeddable":true,"href":"https:\/\/quantocustaviajar.com\/blog\/wp-json\/wp\/v2\/categories?post=13426"},{"taxonomy":"post_tag","embeddable":true,"href":"https:\/\/quantocustaviajar.com\/blog\/wp-json\/wp\/v2\/tags?post=13426"}],"curies":[{"name":"wp","href":"https:\/\/api.w.org\/{rel}","templated":true}]}}