{"id":13247,"date":"2025-11-01T10:51:00","date_gmt":"2025-11-01T10:51:00","guid":{"rendered":"http:\/\/quantocustaviajar.com\/blog\/?p=13247"},"modified":"2025-11-17T13:36:19","modified_gmt":"2025-11-17T13:36:19","slug":"12-lugares-para-viajar-no-nordeste","status":"publish","type":"post","link":"https:\/\/quantocustaviajar.com\/blog\/12-lugares-para-viajar-no-nordeste\/","title":{"rendered":"30 lugares para viajar no Nordeste nas pr\u00f3ximas f\u00e9rias"},"content":{"rendered":"\n<p>O <strong>Nordeste brasileiro<\/strong> \u00e9 um dos destinos mais desejados do pa\u00eds, extremamente popular entre turistas brasileiros e estrangeiros. Talvez seja a maravilhosa combina\u00e7\u00e3o de <strong><a href=\"https:\/\/quantocustaviajar.com\/blog\/destinos-para-quem-gosta-de-praias-paradisiacas\/\">praias paradis\u00edacas<\/a><\/strong>, seus in\u00fameros resorts, cultura por todos os lados ou ent\u00e3o o sol quente o ano todo. De t\u00e3o exuberante, a regi\u00e3o Nordeste imp\u00f5e a obriga\u00e7\u00e3o (quase moral) de visit\u00e1-la pelo menos uma vez na vida.<\/p>\n\n\n\n<pre class=\"wp-block-preformatted has-background\" style=\"background-color:#cfd8e1\"><strong>Comece a planejar sua viagem aqui!<\/strong>\n<a href=\"https:\/\/www.turismocity.com.br\/?utm_source=qcv&amp;utm_medium=blog\" target=\"_blank\" rel=\"noreferrer noopener\">Encontre sua passagem a\u00e9rea barata\n<\/a><a href=\"https:\/\/www.booking.com\/index.pt-br.html?aid=2161834\" target=\"_blank\" rel=\"noreferrer noopener\">E pesquise a hospedagem perfeita com o seu or\u00e7amento<\/a><\/pre>\n\n\n\n<p>E, como muitos lugares do nosso rico pa\u00eds, no Nordeste existem destinos para todos os gostos e bolsos. O <a href=\"https:\/\/quantocustaviajar.com\/\" target=\"_blank\" rel=\"noopener noreferrer\"><strong>Quanto Custa Viajar<\/strong><\/a> separou alguns lugares entre os mais belos cart\u00f5es-postais da regi\u00e3o que voc\u00ea precisa conhecer, com sugest\u00f5es de hospedagens selecionadas por n\u00f3s*.<\/p>\n\n\n\n<h2 class=\"wp-block-heading\">Lugares para viajar no Nordeste<\/h2>\n\n\n\n<p><strong>1.&nbsp; <a href=\"https:\/\/quantocustaviajar.com\/blog\/passeio-pelas-dunas-de-genipabu-natal\/\" target=\"_blank\" rel=\"noopener noreferrer\">Genipabu<\/a>, Extremoz, Rio Grande do Norte<\/strong><\/p>\n\n\n\n<p>O Parque Tur\u00edstico Ecol\u00f3gico Dunas Genipabu \u00e9 um dos pontos tur\u00edsticos mais visitados do Rio Grande do Norte. Localizada no munic\u00edpio de Extremoz, Genipabu est\u00e1 apenas 25 km distante do centro de <strong><a href=\"http:\/\/quantocustaviajar.com\/brasil\/natal\/passeios\" target=\"_blank\" rel=\"noopener noreferrer\">Natal<\/a><\/strong>. Com um cen\u00e1rio de tirar o f\u00f4lego, o local abriga <a href=\"https:\/\/quantocustaviajar.com\/blog\/passeio-pelas-dunas-de-genipabu-natal\/\" target=\"_blank\" rel=\"noopener noreferrer\"><strong>dunas<\/strong><\/a> que s\u00e3o consideradas as mais altas do pa\u00eds. Em um certo ponto, \u00e9 poss\u00edvel encontrar uma lagoa de \u00e1gua doce, um verdadeiro o\u00e1sis em meio a paisagem.<\/p>\n\n\n\n<p>Genipabu n\u00e3o \u00e9 a \u00fanica beleza do Rio Grande do Norte.&nbsp;<u><a href=\"https:\/\/quantocustaviajar.com\/blog\/as-melhores-praias-de-natal\/\" target=\"_blank\" rel=\"noopener noreferrer\"><strong>J\u00e1 falamos no nosso blog sobre a capital do estado, Natal<\/strong><\/a><\/u>, que abriga algumas das mais belas praias do Brasil.<\/p>\n\n\n\n<p><strong>Onde ficar:\u00a0<a href=\"https:\/\/www.booking.com\/hotel\/br\/republika-hostel.pt-br.html?aid=2161834\" target=\"_blank\" rel=\"noopener noreferrer\">Republika Hostel<\/a><\/strong> <strong>|<\/strong> Pousada <a href=\"https:\/\/www.booking.com\/hotel\/br\/o-tempo-e-o-vento.pt-br.html?aid=2161834\" target=\"_blank\" rel=\"noopener noreferrer\"><strong>O Tempo e o Vento<\/strong><\/a> <strong>|<\/strong> Apart-hotel\u00a0<strong><a href=\"https:\/\/www.booking.com\/hotel\/br\/best-western-premier-majestic.pt-br.html?aid=2161834\" target=\"_blank\" rel=\"noopener noreferrer\">Best Western<\/a><\/strong>\u00a0<strong>|\u00a0<a href=\"https:\/\/www.booking.com\/hotel\/br\/golden-tulip-ponta-negra.pt-br.html?aid=2161834\" target=\"_blank\" rel=\"noopener noreferrer\">Golden Tulip<\/a><\/strong>.<\/p>\n\n\n\n<figure class=\"wp-block-image alignnone size-full wp-image-30180\"><img loading=\"lazy\" decoding=\"async\" width=\"1280\" height=\"706\" src=\"https:\/\/quantocustaviajar.com\/blog\/wp-content\/uploads\/2018\/12\/dunas-de-genipabu-6.jpg\" alt=\"genipabu\" class=\"wp-image-30180\" srcset=\"https:\/\/quantocustaviajar.com\/blog\/wp-content\/uploads\/2018\/12\/dunas-de-genipabu-6.jpg 1280w, https:\/\/quantocustaviajar.com\/blog\/wp-content\/uploads\/2018\/12\/dunas-de-genipabu-6-300x165.jpg 300w, https:\/\/quantocustaviajar.com\/blog\/wp-content\/uploads\/2018\/12\/dunas-de-genipabu-6-768x424.jpg 768w, https:\/\/quantocustaviajar.com\/blog\/wp-content\/uploads\/2018\/12\/dunas-de-genipabu-6-1024x565.jpg 1024w\" sizes=\"auto, (max-width: 1280px) 100vw, 1280px\" \/><figcaption class=\"wp-element-caption\">Foto: <a href=\"https:\/\/commons.wikimedia.org\/wiki\/File:Dunas_de_Genipabu_3.jpg\" target=\"_blank\" rel=\"noopener noreferrer\">Wikimedia Commons<\/a><\/figcaption><\/figure>\n\n\n\n<figure class=\"wp-block-image alignnone size-full wp-image-30179\"><img loading=\"lazy\" decoding=\"async\" width=\"1280\" height=\"960\" src=\"https:\/\/quantocustaviajar.com\/blog\/wp-content\/uploads\/2018\/12\/dunas-de-genipabu-5.jpg\" alt=\"genipabu\" class=\"wp-image-30179\" srcset=\"https:\/\/quantocustaviajar.com\/blog\/wp-content\/uploads\/2018\/12\/dunas-de-genipabu-5.jpg 1280w, https:\/\/quantocustaviajar.com\/blog\/wp-content\/uploads\/2018\/12\/dunas-de-genipabu-5-300x225.jpg 300w, https:\/\/quantocustaviajar.com\/blog\/wp-content\/uploads\/2018\/12\/dunas-de-genipabu-5-768x576.jpg 768w, https:\/\/quantocustaviajar.com\/blog\/wp-content\/uploads\/2018\/12\/dunas-de-genipabu-5-1024x768.jpg 1024w\" sizes=\"auto, (max-width: 1280px) 100vw, 1280px\" \/><figcaption class=\"wp-element-caption\">Foto: <a href=\"https:\/\/commons.wikimedia.org\/wiki\/File:Buggues_em_Genipabu_(5303848087).jpg\" target=\"_blank\" rel=\"noopener noreferrer\">Wikimedia Commons<\/a><\/figcaption><\/figure>\n\n\n\n<p><strong>2.&nbsp;<a href=\"https:\/\/quantocustaviajar.com\/blog\/lencois-maranhenses\/\" target=\"_blank\" rel=\"noopener noreferrer\">Len\u00e7\u00f3is Maranhenses<\/a>, Maranh\u00e3o<\/strong><\/p>\n\n\n\n<p>A \u00e1rea de conserva\u00e7\u00e3o ambiental chamada de Parque dos Len\u00e7\u00f3is Maranhenses engloba um imenso deserto, dunas, mangues, lagoas de \u00e1gua doce e uma imensa representa\u00e7\u00e3o da fauna e flora brasileira. &nbsp;A areia fina e leve passa por altera\u00e7\u00f5es por conta dos ventos fortes, alterando a paisagem, que fica em constante mudan\u00e7a. \u00c9 um <strong><a href=\"https:\/\/quantocustaviajar.com\/blog\/22-lugares-surreais-na-america-latina\/\" target=\"_blank\" rel=\"noopener noreferrer\">para\u00edso surreal<\/a><\/strong>, entre os munic\u00edpios de Barreirinhas, Primeira Cruz e Santo Amaro. Esta \u00faltima cidade abriga um dos pontos mais conhecidos, a Lagoa da Gaivota.<\/p>\n\n\n\n<p><strong>Onde ficar:<\/strong>\u00a0<strong><a href=\"https:\/\/www.booking.com\/hotel\/br\/pousada-da-bell.pt-br.html?aid=2161834\" target=\"_blank\" rel=\"noopener noreferrer\">Pousada da Bell<\/a> <\/strong> <strong>|<\/strong>\u00a0Pousada <strong><a href=\"https:\/\/www.booking.com\/hotel\/br\/pousada-barreirinhas-barreirinhas.pt-br.html?aid=2161834\" target=\"_blank\" rel=\"noopener noreferrer\">Barreirinhas<\/a> | <a href=\"https:\/\/www.booking.com\/hotel\/br\/ciamat-camp-santo-amaro-do-maranhao1.pt-br.html?aid=2161834\" target=\"_blank\" rel=\"noopener noreferrer\">Ciamat Camp<\/a> |\u00a0<a href=\"https:\/\/www.booking.com\/hotel\/br\/santa-maria-atins.pt-br.html?aid=2161834\" target=\"_blank\" rel=\"noopener noreferrer\">Santa Mar\u00eda Atins<\/a><\/strong> .<\/p>\n\n\n\n<figure class=\"wp-block-image alignnone size-full wp-image-30097\"><img loading=\"lazy\" decoding=\"async\" width=\"1280\" height=\"857\" src=\"https:\/\/quantocustaviajar.com\/blog\/wp-content\/uploads\/2018\/12\/lencois-maranhenses-14.jpg\" alt=\"lencois maranhenses\" class=\"wp-image-30097\" srcset=\"https:\/\/quantocustaviajar.com\/blog\/wp-content\/uploads\/2018\/12\/lencois-maranhenses-14.jpg 1280w, https:\/\/quantocustaviajar.com\/blog\/wp-content\/uploads\/2018\/12\/lencois-maranhenses-14-300x201.jpg 300w, https:\/\/quantocustaviajar.com\/blog\/wp-content\/uploads\/2018\/12\/lencois-maranhenses-14-768x514.jpg 768w, https:\/\/quantocustaviajar.com\/blog\/wp-content\/uploads\/2018\/12\/lencois-maranhenses-14-1024x686.jpg 1024w\" sizes=\"auto, (max-width: 1280px) 100vw, 1280px\" \/><figcaption class=\"wp-element-caption\">Foto: <a href=\"https:\/\/cs.wikipedia.org\/wiki\/Soubor:Imensid%C3%A3o_nos_Len%C3%A7%C3%B3is.jpg\" target=\"_blank\" rel=\"noopener noreferrer\">Wikimedia Commons<\/a><\/figcaption><\/figure>\n\n\n\n<figure class=\"wp-block-image alignnone size-full wp-image-30095\"><img loading=\"lazy\" decoding=\"async\" width=\"1280\" height=\"853\" src=\"https:\/\/quantocustaviajar.com\/blog\/wp-content\/uploads\/2018\/12\/lencois-maranhenses-12.jpg\" alt=\"lencois maranhenses\" class=\"wp-image-30095\" srcset=\"https:\/\/quantocustaviajar.com\/blog\/wp-content\/uploads\/2018\/12\/lencois-maranhenses-12.jpg 1280w, https:\/\/quantocustaviajar.com\/blog\/wp-content\/uploads\/2018\/12\/lencois-maranhenses-12-300x200.jpg 300w, https:\/\/quantocustaviajar.com\/blog\/wp-content\/uploads\/2018\/12\/lencois-maranhenses-12-768x512.jpg 768w, https:\/\/quantocustaviajar.com\/blog\/wp-content\/uploads\/2018\/12\/lencois-maranhenses-12-1024x682.jpg 1024w\" sizes=\"auto, (max-width: 1280px) 100vw, 1280px\" \/><figcaption class=\"wp-element-caption\">Foto: <a href=\"https:\/\/pt.m.wikipedia.org\/wiki\/Ficheiro:Por_do_Sol_na_Lagoa_Americas.jpg\" target=\"_blank\" rel=\"noopener noreferrer\">Wikimedia Commons<\/a><\/figcaption><\/figure>\n\n\n\n<p><strong>3.&nbsp;<a href=\"http:\/\/www.partner.viator.com\/pt\/15570\/tours\/Salvador-da-Bahia\/Viagem-de-um-dia-para-Morro-de-Sao-Paulo-saindo-de-Salvador\/d818-2186MSP\" target=\"_blank\" rel=\"noopener noreferrer\">Morro de S\u00e3o Paulo, Bahia<\/a><\/strong><\/p>\n\n\n\n<p>Quer fugir do tr\u00e2nsito e dos carros? Conhe\u00e7a <a href=\"https:\/\/quantocustaviajar.com\/blog\/viagem-uma-semana-morro-de-sao-paulo\/\" target=\"_blank\" rel=\"noopener noreferrer\"><strong>Morro de S\u00e3o Paulo<\/strong><\/a>, uma vila localizada em uma ilha rodeada de praias incr\u00edveis, no sul da Bahia. Um dos locais mais visitados do estado, a ilha acessada atrav\u00e9s de barco em<strong><a href=\"https:\/\/quantocustaviajar.com\/brasil\/salvador\" target=\"_blank\" rel=\"noopener noreferrer\"> Salvador<\/a> <\/strong>ou Valen\u00e7a. Rodeada de natureza, a vila conta com praias paradis\u00edacas, \u00f3timos restaurantes p\u00e9 na areia e pousadas aconchegantes.<\/p>\n\n\n\n<p><strong>Onde ficar:<\/strong>\u00a0Pousada <strong><a href=\"https:\/\/www.booking.com\/hotel\/br\/estrela-do-mar-morro-de-sp.pt-br.html?aid=2161834\" target=\"_blank\" rel=\"noopener noreferrer\">Estrela do Mar<\/a><\/strong> <strong>|<\/strong>\u00a0Hotel <strong><a href=\"https:\/\/www.booking.com\/hotel\/br\/le-terrace.pt-br.html?aid=2161834\" target=\"_blank\" rel=\"noopener noreferrer\">Le Terrace<\/a><\/strong> <strong>|<\/strong>\u00a0Pousada <strong><a href=\"https:\/\/www.booking.com\/hotel\/br\/pousada-bahia-bacana.pt-br.html?label=gen173nr-1FCAsoIEIYZ29sZGVuLXR1bGlwLXBvbnRhLW5lZ3JhSC1YBGggiAEBmAEtwgEKd2luZG93cyAxMMgBDNgBAegBAfgBApICAXmoAgM&amp;sid=8e6a15055aa76ad9ce962655b25360c0&amp;checkin=2018-08-22&amp;checkout=2018-08-23&amp;ucfs=1&amp;srpvid=9ea25b58f0db0019&amp;srepoch=1530795571&amp;highlighted_blocks=73366607_100814401_2_1_0&amp;all_sr_blocks=73366607_100814401_2_1_0&amp;room1=A,A&amp;hpos=4&amp;hapos=4&amp;dest_type=city&amp;dest_id=900040389&amp;srfid=5911a3c316cfb7a135ccfffa2726204d7fb4cd49X4&amp;from=searchresults;highlight_room=#hotelTmpl?aid=2161834\" target=\"_blank\" rel=\"noopener noreferrer\">Bahia Bacana<\/a><\/strong> <strong>| <a href=\"https:\/\/www.booking.com\/hotel\/br\/anima.pt-br.html?aid=2161834\" target=\"_blank\" rel=\"noopener noreferrer\">Anima Hotel<\/a><\/strong> .<\/p>\n\n\n\n<figure class=\"wp-block-image alignnone size-full wp-image-29902\"><img loading=\"lazy\" decoding=\"async\" width=\"1024\" height=\"577\" src=\"https:\/\/quantocustaviajar.com\/blog\/wp-content\/uploads\/2016\/03\/lugares-para-conhecer-na-bahia-morro-de-sao-paulo.jpg\" alt=\"lugares para conhecer na bahia\" class=\"wp-image-29902\" srcset=\"https:\/\/quantocustaviajar.com\/blog\/wp-content\/uploads\/2016\/03\/lugares-para-conhecer-na-bahia-morro-de-sao-paulo.jpg 1024w, https:\/\/quantocustaviajar.com\/blog\/wp-content\/uploads\/2016\/03\/lugares-para-conhecer-na-bahia-morro-de-sao-paulo-300x169.jpg 300w, https:\/\/quantocustaviajar.com\/blog\/wp-content\/uploads\/2016\/03\/lugares-para-conhecer-na-bahia-morro-de-sao-paulo-768x433.jpg 768w\" sizes=\"auto, (max-width: 1024px) 100vw, 1024px\" \/><figcaption class=\"wp-element-caption\">Foto: <a href=\"https:\/\/www.flickr.com\/photos\/laripaschoal\/5246379020\" target=\"_blank\" rel=\"noopener noreferrer\">Larissa Paschoal<\/a><\/figcaption><\/figure>\n\n\n\n<figure class=\"wp-block-image alignnone size-full wp-image-34846\"><img loading=\"lazy\" decoding=\"async\" width=\"1024\" height=\"768\" src=\"https:\/\/quantocustaviajar.com\/blog\/wp-content\/uploads\/2017\/02\/morro-de-sao-paulo-bahia-segunda-praia.jpg\" alt=\"morro de sao paulo bahia\" class=\"wp-image-34846\" srcset=\"https:\/\/quantocustaviajar.com\/blog\/wp-content\/uploads\/2017\/02\/morro-de-sao-paulo-bahia-segunda-praia.jpg 1024w, https:\/\/quantocustaviajar.com\/blog\/wp-content\/uploads\/2017\/02\/morro-de-sao-paulo-bahia-segunda-praia-300x225.jpg 300w, https:\/\/quantocustaviajar.com\/blog\/wp-content\/uploads\/2017\/02\/morro-de-sao-paulo-bahia-segunda-praia-768x576.jpg 768w\" sizes=\"auto, (max-width: 1024px) 100vw, 1024px\" \/><figcaption class=\"wp-element-caption\">Foto: <a href=\"https:\/\/www.flickr.com\/photos\/andrix\/3441583510\" target=\"_blank\" rel=\"noopener noreferrer\">Andr\u00e9s Moreira<\/a><\/figcaption><\/figure>\n\n\n\n<p><strong>4.&nbsp;<a href=\"https:\/\/quantocustaviajar.com\/brasil\/porto-de-galinhas\" target=\"_blank\" rel=\"noopener noreferrer\">Porto de Galinhas<\/a>, Ipojuca, Pernambuco<\/strong><\/p>\n\n\n\n<p>Porto de Galinhas \u00e9 uma praia localizada em Ipojuca,&nbsp;litoral de Pernambuco. S\u00e3o mais de 18 km de areia branca batida, \u00e1guas mornas e cristalinas. As piscinas de Porto de Galinhas s\u00e3o um ref\u00fagio para diversas esp\u00e9cies de peixes que deslizam calmamente para a alegria dos turistas mais curiosos.<\/p>\n\n\n\n<p><strong>Onde ficar:<\/strong>\u00a0<strong><a href=\"https:\/\/www.booking.com\/hotel\/br\/porto-de-galinhas-hostel-ipojuca.pt-br.html?aid=2161834\" target=\"_blank\" rel=\"noopener noreferrer\">Porto de Galinhas Hostel<\/a><\/strong>\u00a0<strong>|<\/strong>\u00a0<a href=\"https:\/\/www.booking.com\/hotel\/br\/pousada-dos-coqueiros.pt-br.html?aid=2161834\" target=\"_blank\" rel=\"noopener noreferrer\"><strong>Pousada dos Coqueiros<\/strong><\/a> <strong>|\u00a0<\/strong>Pousada <strong><a href=\"https:\/\/www.booking.com\/hotel\/br\/xales-de-maracaipe.pt-br.html?aid=2161834\" target=\"_blank\" rel=\"noopener noreferrer\">Xal\u00e9s de Maraca\u00edpe<\/a><\/strong> <strong>|\u00a0<\/strong>Hotel\u00a0<strong><a href=\"https:\/\/www.booking.com\/hotel\/br\/viva-porto-de-galinhas.pt-br.html?aid=2161834\" target=\"_blank\" rel=\"noopener noreferrer\">Viv\u00e1 Porto de Galinhas<\/a><\/strong>.<\/p>\n\n\n\n<figure class=\"wp-block-image alignnone size-full wp-image-31216\"><img loading=\"lazy\" decoding=\"async\" width=\"800\" height=\"531\" src=\"https:\/\/quantocustaviajar.com\/blog\/wp-content\/uploads\/2017\/10\/praias-de-pernambuco-porto-de-galinhas.jpg\" alt=\"praias de pernambuco porto de galinhas\" class=\"wp-image-31216\" srcset=\"https:\/\/quantocustaviajar.com\/blog\/wp-content\/uploads\/2017\/10\/praias-de-pernambuco-porto-de-galinhas.jpg 800w, https:\/\/quantocustaviajar.com\/blog\/wp-content\/uploads\/2017\/10\/praias-de-pernambuco-porto-de-galinhas-300x199.jpg 300w, https:\/\/quantocustaviajar.com\/blog\/wp-content\/uploads\/2017\/10\/praias-de-pernambuco-porto-de-galinhas-768x510.jpg 768w\" sizes=\"auto, (max-width: 800px) 100vw, 800px\" \/><figcaption class=\"wp-element-caption\">Foto: <a href=\"https:\/\/www.flickr.com\/photos\/shinagawa\/16924347311\" target=\"_blank\" rel=\"noopener noreferrer\">Leonardo Shinagawa<\/a><\/figcaption><\/figure>\n\n\n\n<p><strong>5.&nbsp;Pelourinho, <a href=\"https:\/\/quantocustaviajar.com\/brasil\/salvador\" target=\"_blank\" rel=\"noopener noreferrer\">Salvador<\/a>, Bahia<\/strong><\/p>\n\n\n\n<p>Quem \u00e9 que n\u00e3o quer um pouco do clima baiano? Se voc\u00ea deseja vivenciar uma aula de hist\u00f3ria em tempo real, deve visitar o Pelourinho em Salvador, pelo menos uma vez na vida. O local possui v\u00e1rias de estilo colonial, a Funda\u00e7\u00e3o Jorge Amado, muitas igrejas e a sede do Olodum. Hist\u00f3ria e Cultura caminham de m\u00e3os dadas no ponto tur\u00edstico. N\u00e3o \u00e9 \u00e0 toa que brasileiros adoram e os gringos ainda se apaixonam pela capital baiana.<\/p>\n\n\n\n<p><strong>Onde ficar:<\/strong>\u00a0Hostel <strong><a href=\"https:\/\/www.booking.com\/hotel\/br\/hostel-galeria-13.pt-br.html?aid=2161834\" target=\"_blank\" rel=\"noopener noreferrer\">Galeria 13<\/a><\/strong>\u00a0<strong>|<\/strong>\u00a0<strong><a href=\"https:\/\/www.booking.com\/hotel\/br\/pousada-da-mangueira.pt-br.html?aid=2161834\" target=\"_blank\" rel=\"noopener noreferrer\">Pousada da Mangueira<\/a><\/strong> <strong>|\u00a0<\/strong>Hotel <strong><a href=\"https:\/\/www.booking.com\/hotel\/br\/casa-do-amarelindo.pt-br.html?aid=2161834\" target=\"_blank\" rel=\"noopener noreferrer\">Casa do Amarelinho<\/a><\/strong> .<\/p>\n\n\n\n<figure class=\"wp-block-image alignnone size-full wp-image-34847\"><img loading=\"lazy\" decoding=\"async\" width=\"800\" height=\"450\" src=\"https:\/\/quantocustaviajar.com\/blog\/wp-content\/uploads\/2017\/02\/pelourinho-salvador-bahia.jpg\" alt=\"\" class=\"wp-image-34847\" srcset=\"https:\/\/quantocustaviajar.com\/blog\/wp-content\/uploads\/2017\/02\/pelourinho-salvador-bahia.jpg 800w, https:\/\/quantocustaviajar.com\/blog\/wp-content\/uploads\/2017\/02\/pelourinho-salvador-bahia-300x169.jpg 300w, https:\/\/quantocustaviajar.com\/blog\/wp-content\/uploads\/2017\/02\/pelourinho-salvador-bahia-768x432.jpg 768w\" sizes=\"auto, (max-width: 800px) 100vw, 800px\" \/><figcaption class=\"wp-element-caption\">Foto: <a href=\"https:\/\/commons.wikimedia.org\/wiki\/File:Salvador_Pelourinho.jpg\" target=\"_blank\" rel=\"noopener noreferrer\">Wikimedia Commons<\/a><\/figcaption><\/figure>\n\n\n\n<figure class=\"wp-block-image alignnone size-full wp-image-34848\"><img loading=\"lazy\" decoding=\"async\" width=\"800\" height=\"599\" src=\"https:\/\/quantocustaviajar.com\/blog\/wp-content\/uploads\/2017\/02\/pelourinho-salvador-bahia-2.jpg\" alt=\"\" class=\"wp-image-34848\" srcset=\"https:\/\/quantocustaviajar.com\/blog\/wp-content\/uploads\/2017\/02\/pelourinho-salvador-bahia-2.jpg 800w, https:\/\/quantocustaviajar.com\/blog\/wp-content\/uploads\/2017\/02\/pelourinho-salvador-bahia-2-300x225.jpg 300w, https:\/\/quantocustaviajar.com\/blog\/wp-content\/uploads\/2017\/02\/pelourinho-salvador-bahia-2-768x575.jpg 768w\" sizes=\"auto, (max-width: 800px) 100vw, 800px\" \/><figcaption class=\"wp-element-caption\">Foto: <a href=\"https:\/\/pt.wikipedia.org\/wiki\/Ficheiro:Largo_do_Pelourinho_-_Salvador.JPG\" target=\"_blank\" rel=\"noopener noreferrer\">Wikimedia Commons<\/a><\/figcaption><\/figure>\n\n\n\n<p><strong>6.&nbsp;Ba\u00eda dos Porcos,<a href=\"https:\/\/quantocustaviajar.com\/brasil\/fernando-de-noronha\" target=\"_blank\" rel=\"noopener noreferrer\"> Fernando de Noronha<\/a>,&nbsp;Pernambuco<\/strong><\/p>\n\n\n\n<p>O arquip\u00e9lago brasileiro j\u00e1 \u00e9 famoso por suas vistas impressionantes. Entre pedras escuras de origem vulc\u00e2nica e pr\u00f3ximo a uma grande fal\u00e9sia est\u00e3o piscinas naturais da Ba\u00eda dos Porcos, ricas em fauna marinha, tornando-se <a href=\"https:\/\/quantocustaviajar.com\/blog\/taxa-ambiental-no-brasil\/\" target=\"_blank\" rel=\"noopener noreferrer\"><strong>regi\u00e3o de preserva\u00e7\u00e3o<\/strong><\/a>. O acesso a uma das praias mais bonitas do Brasil \u00e9 dif\u00edcil, mas a paisagem recompensa o esfor\u00e7o de chegada. Descubra <a href=\"https:\/\/quantocustaviajar.com\/blog\/fernando-de-noronha-sem-gastar-muito\/\" target=\"_blank\" rel=\"noopener noreferrer\"><strong>como fazer uma viagem econ\u00f4mica para Fernando de Noronha.<\/strong><\/a><\/p>\n\n\n\n<p><strong>Onde ficar:<\/strong>\u00a0pousada\u00a0<strong><a href=\"https:\/\/www.booking.com\/hotel\/br\/doce-lar-hostel-noronha.pt-br.html?aid=2161834\" target=\"_blank\" rel=\"noopener noreferrer\">Doce Lar Noronha<\/a><\/strong> <strong>|<\/strong>\u00a0<strong><a href=\"https:\/\/www.booking.com\/hotel\/br\/pousada-da-michelle.pt-br.html?aid=2161834\" target=\"_blank\" rel=\"noopener noreferrer\">Pousada da Michelle<\/a> |\u00a0<a href=\"https:\/\/www.booking.com\/hotel\/br\/pousada-da-villa.pt-br.html?aid=2161834\" target=\"_blank\" rel=\"noopener noreferrer\">Pousada da Villa<\/a><\/strong> .<\/p>\n\n\n\n<figure class=\"wp-block-image alignnone size-full wp-image-31219\"><img loading=\"lazy\" decoding=\"async\" width=\"800\" height=\"534\" src=\"https:\/\/quantocustaviajar.com\/blog\/wp-content\/uploads\/2017\/10\/praias-de-pernambuco-baia-dos-porcos.jpg\" alt=\"praias de pernambuco baia dos porcos\" class=\"wp-image-31219\" srcset=\"https:\/\/quantocustaviajar.com\/blog\/wp-content\/uploads\/2017\/10\/praias-de-pernambuco-baia-dos-porcos.jpg 800w, https:\/\/quantocustaviajar.com\/blog\/wp-content\/uploads\/2017\/10\/praias-de-pernambuco-baia-dos-porcos-300x200.jpg 300w, https:\/\/quantocustaviajar.com\/blog\/wp-content\/uploads\/2017\/10\/praias-de-pernambuco-baia-dos-porcos-768x513.jpg 768w\" sizes=\"auto, (max-width: 800px) 100vw, 800px\" \/><figcaption class=\"wp-element-caption\">Foto: <a href=\"https:\/\/commons.wikimedia.org\/wiki\/File:Baia_dos_Porcos_e_Dois_Irm%C3%A3os_-_Fernando_de_Noronha.jpg\" target=\"_blank\" rel=\"noopener noreferrer\">Wikimedia Commons<\/a><\/figcaption><\/figure>\n\n\n\n<blockquote class=\"wp-block-quote is-layout-flow wp-block-quote-is-layout-flow\">\n<p><a href=\"https:\/\/quantocustaviajar.com\/brasil\/fernando-de-noronha\" target=\"_blank\" rel=\"noopener noreferrer\"><strong>Quer saber quanto custa viajar para Fernando de Noronha? Clique aqui e comece a planejar sua viagem<\/strong><\/a><\/p>\n<\/blockquote>\n\n\n\n<p><strong>&nbsp;7.&nbsp;<a href=\"https:\/\/quantocustaviajar.com\/brasil\/jericoacoara\" target=\"_blank\" rel=\"noopener noreferrer\">Jijoca de Jericoacoara, Cear\u00e1<\/a><\/strong><\/p>\n\n\n\n<p>Se voc\u00ea quer saber como se chama o para\u00edso, o nome que procura \u00e9 <strong>Jijoca de Jericoacoara<\/strong>, no Cear\u00e1, cidade acessada a partir de <a href=\"https:\/\/quantocustaviajar.com\/brasil\/fortaleza\" target=\"_blank\" rel=\"noopener noreferrer\"><strong>Fortaleza<\/strong><\/a>. Com fama internacional, a praia \u00e9 famosa pelas redes que s\u00e3o esticadas ao longo lagoa, que varia entre tons de azul e verde, onde voc\u00ea pode simplesmente deitar e relaxar.<\/p>\n\n\n\n<p>Aviso aos navegantes: o local continua um tanto in\u00f3spito. O acesso \u00e9 feito somente atrav\u00e9s de carros com tra\u00e7\u00e3o 4\u00d74, que atravessam caminhos de areia. A vila n\u00e3o tem ilumina\u00e7\u00e3o el\u00e9trica, fazendo com que este seja um bom ponto para se observar o c\u00e9u estrelado.<\/p>\n\n\n\n<p><strong>Onde ficar:<\/strong>\u00a0<strong><a href=\"https:\/\/www.booking.com\/hotel\/br\/casa-da-amelinha.pt-br.html?aid=2161834\" target=\"_blank\" rel=\"noopener noreferrer\">Casa da Amelinha<\/a><\/strong> <strong>|<\/strong>\u00a0<strong><a href=\"https:\/\/www.booking.com\/hotel\/br\/casa-jasmin.pt-br.html?aid=2161834\" target=\"_blank\" rel=\"noopener noreferrer\">Casa Jasmin<\/a><\/strong>\u00a0<strong>|\u00a0<a href=\"https:\/\/www.booking.com\/hotel\/br\/b-amp-b-girassol.pt-br.html?aid=2161834\" target=\"_blank\" rel=\"noopener noreferrer\">B&amp;B Girassol<\/a> |\u00a0<a href=\"https:\/\/www.booking.com\/hotel\/br\/villa-metisse-californie.pt-br.html?aid=2161834\" target=\"_blank\" rel=\"noopener noreferrer\">Villa M\u00e9tise<\/a>\u00a0<\/strong>.<\/p>\n\n\n\n<figure class=\"wp-block-image alignnone size-full wp-image-34851\"><img loading=\"lazy\" decoding=\"async\" width=\"800\" height=\"532\" src=\"https:\/\/quantocustaviajar.com\/blog\/wp-content\/uploads\/2017\/02\/jericoacoara-paraiso-2.jpg\" alt=\"\" class=\"wp-image-34851\" srcset=\"https:\/\/quantocustaviajar.com\/blog\/wp-content\/uploads\/2017\/02\/jericoacoara-paraiso-2.jpg 800w, https:\/\/quantocustaviajar.com\/blog\/wp-content\/uploads\/2017\/02\/jericoacoara-paraiso-2-300x200.jpg 300w, https:\/\/quantocustaviajar.com\/blog\/wp-content\/uploads\/2017\/02\/jericoacoara-paraiso-2-768x511.jpg 768w\" sizes=\"auto, (max-width: 800px) 100vw, 800px\" \/><figcaption class=\"wp-element-caption\">Foto: <a href=\"https:\/\/pt.wikipedia.org\/wiki\/Ficheiro:Anderps_067.JPG\" target=\"_blank\" rel=\"noopener noreferrer\">Wikimedia Commons<\/a><\/figcaption><\/figure>\n\n\n\n<blockquote class=\"wp-block-quote is-layout-flow wp-block-quote-is-layout-flow\">\n<p>No <a href=\"https:\/\/quantocustaviajar.com\/brasil\/jericoacoara\" target=\"_blank\" rel=\"noopener noreferrer\"><strong>nosso site voc\u00ea encontra<\/strong><\/a> os pre\u00e7os m\u00e9dios di\u00e1rios para transportes, alimenta\u00e7\u00e3o, hospedagem e para os passeios em Jericoacoara. &nbsp;Partiu?<\/p>\n<\/blockquote>\n\n\n\n<p><strong>8. <a href=\"https:\/\/quantocustaviajar.com\/blog\/praia-do-gunga-em-alagoas\/\">Praia do Gunga<\/a>, S\u00e3o Miguel, Alagoas<\/strong><\/p>\n\n\n\n<p>O Gunga est\u00e1 localizado no munic\u00edpio de Barra de S\u00e3o Miguel, a 33 km ao sul de <a href=\"https:\/\/quantocustaviajar.com\/brasil\/maceio\" target=\"_blank\" rel=\"noopener noreferrer\"><strong>Macei\u00f3<\/strong><\/a>, capital do estado de Alagoas. Formada por mar esverdeado, a sua praia \u00e9 de areia branca e fofa com diversos e enormes coqueirais tipicamente alagoanos. Al\u00e9m disso, possui piscinas naturais e um mirante, de onde \u00e9 poss\u00edvel ter uma vis\u00e3o panor\u00e2mica da regi\u00e3o. Al\u00e9m das fal\u00e9sias, aqui voc\u00ea tamb\u00e9m encontra rochas \u00edngremes que parecem esculpidas pela natureza.<\/p>\n\n\n\n<p><strong>Onde ficar:<\/strong>\u00a0<strong><a href=\"https:\/\/www.booking.com\/hotel\/br\/pousada-barramar.pt-br.html?aid=2161834\" target=\"_blank\" rel=\"noopener noreferrer\">Conv\u00e9s Pousada<\/a>|<\/strong>\u00a0Pousada <strong><a href=\"https:\/\/www.booking.com\/hotel\/br\/pousada-barra-bonita-barra-de-sao-miguel.pt-br.html?aid=2161834\" target=\"_blank\" rel=\"noopener noreferrer\">Barra Bonita<\/a> |<\/strong>\u00a0Pousada <strong><a href=\"https:\/\/www.booking.com\/hotel\/br\/pousada-mangrovia.pt-br.html?aid=2161834\" target=\"_blank\" rel=\"noopener noreferrer\">Mangrovia<\/a> |\u00a0<a href=\"https:\/\/www.booking.com\/hotel\/br\/iloa-resort-and-residence.pt-br.html?aid=2161834\" target=\"_blank\" rel=\"noopener noreferrer\">Iloa Resort<\/a><\/strong> .<\/p>\n\n\n\n<figure class=\"wp-block-image alignnone size-full wp-image-34852\"><img loading=\"lazy\" decoding=\"async\" width=\"800\" height=\"531\" src=\"https:\/\/quantocustaviajar.com\/blog\/wp-content\/uploads\/2017\/02\/praia-do-gunda-maceio-nordeste-brasil.jpg\" alt=\"\" class=\"wp-image-34852\" srcset=\"https:\/\/quantocustaviajar.com\/blog\/wp-content\/uploads\/2017\/02\/praia-do-gunda-maceio-nordeste-brasil.jpg 800w, https:\/\/quantocustaviajar.com\/blog\/wp-content\/uploads\/2017\/02\/praia-do-gunda-maceio-nordeste-brasil-300x199.jpg 300w, https:\/\/quantocustaviajar.com\/blog\/wp-content\/uploads\/2017\/02\/praia-do-gunda-maceio-nordeste-brasil-768x510.jpg 768w\" sizes=\"auto, (max-width: 800px) 100vw, 800px\" \/><figcaption class=\"wp-element-caption\">Foto: <a href=\"https:\/\/pt.wikipedia.org\/wiki\/Ficheiro:Praia-do-gunga-2012-09-22.JPG\" target=\"_blank\" rel=\"noopener noreferrer\">Wikimedia Commons<\/a><\/figcaption><\/figure>\n\n\n\n<figure class=\"wp-block-image alignnone size-full wp-image-34853\"><img loading=\"lazy\" decoding=\"async\" width=\"800\" height=\"600\" src=\"https:\/\/quantocustaviajar.com\/blog\/wp-content\/uploads\/2017\/02\/praia-do-gunda-maceio-nordeste-brasil-2.jpg\" alt=\"\" class=\"wp-image-34853\" srcset=\"https:\/\/quantocustaviajar.com\/blog\/wp-content\/uploads\/2017\/02\/praia-do-gunda-maceio-nordeste-brasil-2.jpg 800w, https:\/\/quantocustaviajar.com\/blog\/wp-content\/uploads\/2017\/02\/praia-do-gunda-maceio-nordeste-brasil-2-300x225.jpg 300w, https:\/\/quantocustaviajar.com\/blog\/wp-content\/uploads\/2017\/02\/praia-do-gunda-maceio-nordeste-brasil-2-768x576.jpg 768w\" sizes=\"auto, (max-width: 800px) 100vw, 800px\" \/><figcaption class=\"wp-element-caption\">Foto: <a href=\"https:\/\/pt.wikipedia.org\/wiki\/Ficheiro:Praia_do_Gunga-001.jpg\" target=\"_blank\" rel=\"noopener noreferrer\">Wikimedia Commons<\/a><\/figcaption><\/figure>\n\n\n\n<p><strong>9.&nbsp;<a href=\"https:\/\/quantocustaviajar.com\/brasil\/maragogi\" target=\"_blank\" rel=\"noopener noreferrer\">Maragogi<\/a>, Alagoas<\/strong><\/p>\n\n\n\n<p>Maragogi \u00e9 ideal para mergulho, feito em \u00e1guas calmas, mornas e <a href=\"https:\/\/quantocustaviajar.com\/blog\/aguas-cristalinas-no-brasil\/\" target=\"_blank\" rel=\"noopener noreferrer\"><strong>cristalinas<\/strong><\/a>, onde se observam corais e at\u00e9 barcos naufragados. Constantemente comparado \u00e0s ilhas caribenhas, Maragogi tem 22 km de praias exuberantes e Gal\u00e9s, conjunto de piscinas naturais cristalinas. Vale a pena conhecer tamb\u00e9m Barreira de Peroba e Taoca.<\/p>\n\n\n\n<p><strong>Onde ficar:<\/strong>\u00a0<strong><a href=\"https:\/\/www.booking.com\/hotel\/br\/maragogi-hostel-maragogi.pt-br.html?aid=2161834\" target=\"_blank\" rel=\"noopener noreferrer\">Maragogi Hostel<\/a> |<\/strong>\u00a0Pousada <a href=\"https:\/\/www.booking.com\/hotel\/br\/pousada-costeira-da-barra.pt-br.html?aid=2161834\" target=\"_blank\" rel=\"noopener noreferrer\"><strong>Costeira da Barra<\/strong><\/a> <strong>| <\/strong>Pousada <strong><a href=\"https:\/\/www.booking.com\/hotel\/br\/pousada-meraki.pt-br.html?aid=2161834\" target=\"_blank\" rel=\"noopener noreferrer\">Meraki<\/a> |\u00a0<a href=\"https:\/\/www.booking.com\/hotel\/br\/praiagogi.pt-br.html?aid=2161834\" target=\"_blank\" rel=\"noopener noreferrer\">Praiagogi Boutique Pousada<\/a><\/strong>.<\/p>\n\n\n\n<figure class=\"wp-block-image alignnone size-full wp-image-28250\"><img loading=\"lazy\" decoding=\"async\" width=\"960\" height=\"640\" src=\"https:\/\/quantocustaviajar.com\/blog\/wp-content\/uploads\/2015\/07\/piscinas-naturais-no-brasil-picaozinho-1.jpg\" alt=\"piscinas naturais no brasil\" class=\"wp-image-28250\" srcset=\"https:\/\/quantocustaviajar.com\/blog\/wp-content\/uploads\/2015\/07\/piscinas-naturais-no-brasil-picaozinho-1.jpg 960w, https:\/\/quantocustaviajar.com\/blog\/wp-content\/uploads\/2015\/07\/piscinas-naturais-no-brasil-picaozinho-1-300x200.jpg 300w, https:\/\/quantocustaviajar.com\/blog\/wp-content\/uploads\/2015\/07\/piscinas-naturais-no-brasil-picaozinho-1-768x512.jpg 768w\" sizes=\"auto, (max-width: 960px) 100vw, 960px\" \/><figcaption class=\"wp-element-caption\">Foto: <a href=\"https:\/\/pt.wikipedia.org\/wiki\/Ficheiro:Maragogi.jpg\" target=\"_blank\" rel=\"noopener noreferrer\">Wikimedia Commons<\/a><\/figcaption><\/figure>\n\n\n\n<p><strong>10. <a href=\"https:\/\/quantocustaviajar.com\/blog\/maracajau-rio-grande-do-norte\/\" target=\"_blank\" rel=\"noopener noreferrer\">Maracaja\u00fa<\/a>, Maxaranguape, Rio Grande do Norte<\/strong><\/p>\n\n\n\n<p>Com piscinas naturais chamadas de \u201cparrachos\u201d, a praia \u00e9 ideal para a pr\u00e1tica de mergulho, de onde se observa in\u00fameros peixes e outras maravilhas do fundo do mar. Entre os destaques de sua grande biodiversidade est\u00e3o esp\u00e9cies como a Barracuda e a Tainha, al\u00e9m de lagostas e polvos. Visite tamb\u00e9m o Farol, que tem 70 anos de idade.<\/p>\n\n\n\n<p><strong>Onde ficar:<\/strong>\u00a0Chal\u00e9s <strong><a href=\"https:\/\/www.booking.com\/hotel\/br\/lagoa-dos-coqueiros.pt-br.html?aid=2161834\" target=\"_blank\" rel=\"noopener noreferrer\">Lagoa dos Coqueiros<\/a> |\u00a0<\/strong>Hotel <strong><a href=\"https:\/\/www.booking.com\/hotel\/br\/enseada-maracajau.pt-br.html?aid=2161834\" target=\"_blank\" rel=\"noopener noreferrer\">Enseada Maracaja\u00fa<\/a> |<\/strong>\u00a0Apartamentos <strong><a href=\"https:\/\/www.booking.com\/hotel\/br\/paraiso-de-maracajau-4.pt-br.html?aid=2161834\" target=\"_blank\" rel=\"noopener noreferrer\">Para\u00edso de Maracaja\u00fa<\/a><\/strong>.<\/p>\n\n\n\n<figure class=\"wp-block-image alignnone size-full wp-image-34855\"><img loading=\"lazy\" decoding=\"async\" width=\"1024\" height=\"681\" src=\"https:\/\/quantocustaviajar.com\/blog\/wp-content\/uploads\/2017\/02\/maracajau-praia-coqueiros.jpg\" alt=\"\" class=\"wp-image-34855\" srcset=\"https:\/\/quantocustaviajar.com\/blog\/wp-content\/uploads\/2017\/02\/maracajau-praia-coqueiros.jpg 1024w, https:\/\/quantocustaviajar.com\/blog\/wp-content\/uploads\/2017\/02\/maracajau-praia-coqueiros-300x200.jpg 300w, https:\/\/quantocustaviajar.com\/blog\/wp-content\/uploads\/2017\/02\/maracajau-praia-coqueiros-768x511.jpg 768w\" sizes=\"auto, (max-width: 1024px) 100vw, 1024px\" \/><figcaption class=\"wp-element-caption\">Foto: <a href=\"https:\/\/www.flickr.com\/photos\/55953988@N00\/5390273191\/\" target=\"_blank\" rel=\"noopener noreferrer\">Ot\u00e1vio Nogueira<\/a><\/figcaption><\/figure>\n\n\n\n<figure class=\"wp-block-image alignnone size-full wp-image-34856\"><img loading=\"lazy\" decoding=\"async\" width=\"800\" height=\"450\" src=\"https:\/\/quantocustaviajar.com\/blog\/wp-content\/uploads\/2017\/02\/maracajau-praia-por-do-sol.jpg\" alt=\"\" class=\"wp-image-34856\" srcset=\"https:\/\/quantocustaviajar.com\/blog\/wp-content\/uploads\/2017\/02\/maracajau-praia-por-do-sol.jpg 800w, https:\/\/quantocustaviajar.com\/blog\/wp-content\/uploads\/2017\/02\/maracajau-praia-por-do-sol-300x169.jpg 300w, https:\/\/quantocustaviajar.com\/blog\/wp-content\/uploads\/2017\/02\/maracajau-praia-por-do-sol-768x432.jpg 768w\" sizes=\"auto, (max-width: 800px) 100vw, 800px\" \/><figcaption class=\"wp-element-caption\">Foto: <a href=\"https:\/\/www.flickr.com\/photos\/appm\/36899910194\" target=\"_blank\" rel=\"noopener noreferrer\">Andr\u00e9 Meneses<\/a><\/figcaption><\/figure>\n\n\n\n<p><strong>11. <a href=\"https:\/\/quantocustaviajar.com\/blog\/canoa-quebrada\/\">Canoa Quebrada<\/a>, Aracati, Cear\u00e1<\/strong><\/p>\n\n\n\n<p>Aracati, onde fica a famosa praia de Canoa Quebrada, possui uma das paisagens mais lindas que voc\u00ea j\u00e1 viu: com fal\u00e9sias multicoloridas, lagoas e dunas incr\u00edveis que abra\u00e7am o mar esverdeado completando a paisagem. L\u00e1 voc\u00ea tamb\u00e9m pode fazer passeio de bugue, voar de parapente e curtir o p\u00f4r do sol do alto das dunas.<\/p>\n\n\n\n<p><strong>Onde ficar: <\/strong>B&amp;B <a href=\"https:\/\/www.booking.com\/hotel\/br\/casa-mangarosa-canoa-quebrada.pt-br.html?aid=2161834\" target=\"_blank\" rel=\"noopener noreferrer\"><strong>Casa Mangarosa<\/strong><\/a><strong> |<\/strong>\u00a0Pousada <strong><a href=\"https:\/\/www.booking.com\/hotel\/br\/pousad-presidente.pt-br.html?aid=2161834\" target=\"_blank\" rel=\"noopener noreferrer\">Presidente Hotel<\/a><\/strong> <strong>| <\/strong>Hotel e pousada<strong><a href=\"https:\/\/www.booking.com\/hotel\/br\/amp-pousada-tatajuba.pt-br.html?aid=2161834\" target=\"_blank\" rel=\"noopener noreferrer\"> Tatajuba<\/a> <\/strong>(.<\/p>\n\n\n\n<figure class=\"wp-block-image alignnone size-full wp-image-31101\"><img loading=\"lazy\" decoding=\"async\" width=\"800\" height=\"521\" src=\"https:\/\/quantocustaviajar.com\/blog\/wp-content\/uploads\/2019\/01\/canoa-quebrada-praias-baratas.jpg\" alt=\"praias mais baratas para viajar no ver\u00e3o\" class=\"wp-image-31101\" srcset=\"https:\/\/quantocustaviajar.com\/blog\/wp-content\/uploads\/2019\/01\/canoa-quebrada-praias-baratas.jpg 800w, https:\/\/quantocustaviajar.com\/blog\/wp-content\/uploads\/2019\/01\/canoa-quebrada-praias-baratas-300x195.jpg 300w, https:\/\/quantocustaviajar.com\/blog\/wp-content\/uploads\/2019\/01\/canoa-quebrada-praias-baratas-768x500.jpg 768w\" sizes=\"auto, (max-width: 800px) 100vw, 800px\" \/><figcaption class=\"wp-element-caption\">Foto: <a href=\"https:\/\/www.flickr.com\/photos\/55953988@N00\/5286215064\" target=\"_blank\" rel=\"noopener noreferrer\">Ot\u00e1vio Nogueira<\/a><\/figcaption><\/figure>\n\n\n\n<figure class=\"wp-block-image alignnone size-full wp-image-34857\"><img loading=\"lazy\" decoding=\"async\" width=\"800\" height=\"531\" src=\"https:\/\/quantocustaviajar.com\/blog\/wp-content\/uploads\/2017\/02\/praia-de-canoa-quebrada-parque-eolico.jpg\" alt=\"\" class=\"wp-image-34857\" srcset=\"https:\/\/quantocustaviajar.com\/blog\/wp-content\/uploads\/2017\/02\/praia-de-canoa-quebrada-parque-eolico.jpg 800w, https:\/\/quantocustaviajar.com\/blog\/wp-content\/uploads\/2017\/02\/praia-de-canoa-quebrada-parque-eolico-300x199.jpg 300w, https:\/\/quantocustaviajar.com\/blog\/wp-content\/uploads\/2017\/02\/praia-de-canoa-quebrada-parque-eolico-768x510.jpg 768w\" sizes=\"auto, (max-width: 800px) 100vw, 800px\" \/><figcaption class=\"wp-element-caption\">Foto: <a href=\"https:\/\/pt.wikipedia.org\/wiki\/Canoa_Quebrada\" target=\"_blank\" rel=\"noopener noreferrer\">Wikimedia Commons<\/a><\/figcaption><\/figure>\n\n\n\n<p><strong>12. Olinda, Pernambuco<\/strong><\/p>\n\n\n\n<p>\u00d3 linda, Olinda! A pequena e famosa cidade vizinha da grande <strong><a href=\"https:\/\/quantocustaviajar.com\/brasil\/recife\" target=\"_blank\" rel=\"noopener noreferrer\">Recife<\/a> <\/strong>costuma aparecer nos notici\u00e1rios pelo menos uma vez por ano: no <a href=\"https:\/\/quantocustaviajar.com\/blog\/confira-lugares-baratos-para-viajar-no-carnaval\/\" target=\"_blank\" rel=\"noopener noreferrer\"><strong>Carnaval<\/strong><\/a>, com seus famosos bonecos e o frevo tomando conta das suas ladeiras. Mas fora do tempo dos foli\u00f5es, Olinda \u00e9 uma cidade calma e charmosa que abriga rica hist\u00f3ria e est\u00e1 rodeada de exuberante natureza.<\/p>\n\n\n\n<p><strong>Onde ficar:<\/strong>\u00a0B&amp;B <a href=\"https:\/\/www.booking.com\/hotel\/br\/casa-viva-amparo.pt-br.html?aid=2161834\" target=\"_blank\" rel=\"noopener noreferrer\"><strong>Casa Viva<\/strong><\/a> <strong>|<\/strong>\u00a0Pousada <strong><a href=\"https:\/\/www.booking.com\/hotel\/br\/pousada-alto-astral-olinda.pt-br.html?aid=2161834\" target=\"_blank\" rel=\"noopener noreferrer\">Alto Astral<\/a> | <a href=\"https:\/\/www.booking.com\/hotel\/br\/pousada-do-amparo.pt-br.html?aid=2161834\" target=\"_blank\" rel=\"noopener noreferrer\">Pousada do Amparo<\/a> <\/strong>.<\/p>\n\n\n\n<figure class=\"wp-block-image alignnone size-full wp-image-34859\"><img loading=\"lazy\" decoding=\"async\" width=\"800\" height=\"533\" src=\"https:\/\/quantocustaviajar.com\/blog\/wp-content\/uploads\/2017\/02\/Convento_de_S\u00e3o_Francisco_-_Olinda_-_Pernambuco_-_Brasil-1.jpg\" alt=\"\" class=\"wp-image-34859\" srcset=\"https:\/\/quantocustaviajar.com\/blog\/wp-content\/uploads\/2017\/02\/Convento_de_S\u00e3o_Francisco_-_Olinda_-_Pernambuco_-_Brasil-1.jpg 800w, https:\/\/quantocustaviajar.com\/blog\/wp-content\/uploads\/2017\/02\/Convento_de_S\u00e3o_Francisco_-_Olinda_-_Pernambuco_-_Brasil-1-300x200.jpg 300w, https:\/\/quantocustaviajar.com\/blog\/wp-content\/uploads\/2017\/02\/Convento_de_S\u00e3o_Francisco_-_Olinda_-_Pernambuco_-_Brasil-1-768x512.jpg 768w\" sizes=\"auto, (max-width: 800px) 100vw, 800px\" \/><figcaption class=\"wp-element-caption\">Foto: <a href=\"https:\/\/pt.wikipedia.org\/wiki\/Ficheiro:Convento_de_S%C3%A3o_Francisco_-_Olinda_-_Pernambuco_-_Brasil.jpg\" target=\"_blank\" rel=\"noopener noreferrer\">Wikimedia Commons<\/a><\/figcaption><\/figure>\n\n\n\n<figure class=\"wp-block-image alignnone size-full wp-image-34860\"><img loading=\"lazy\" decoding=\"async\" width=\"800\" height=\"535\" src=\"https:\/\/quantocustaviajar.com\/blog\/wp-content\/uploads\/2017\/02\/Mosteiro_de_S\u00e3o_Bento_-_Olinda_-_Pernambuco_-_Brasil.jpg\" alt=\"\" class=\"wp-image-34860\" srcset=\"https:\/\/quantocustaviajar.com\/blog\/wp-content\/uploads\/2017\/02\/Mosteiro_de_S\u00e3o_Bento_-_Olinda_-_Pernambuco_-_Brasil.jpg 800w, https:\/\/quantocustaviajar.com\/blog\/wp-content\/uploads\/2017\/02\/Mosteiro_de_S\u00e3o_Bento_-_Olinda_-_Pernambuco_-_Brasil-300x201.jpg 300w, https:\/\/quantocustaviajar.com\/blog\/wp-content\/uploads\/2017\/02\/Mosteiro_de_S\u00e3o_Bento_-_Olinda_-_Pernambuco_-_Brasil-768x514.jpg 768w\" sizes=\"auto, (max-width: 800px) 100vw, 800px\" \/><figcaption class=\"wp-element-caption\">Foto: <a href=\"https:\/\/pt.wikipedia.org\/wiki\/Ficheiro:Mosteiro_de_S%C3%A3o_Bento_-_Olinda_-_Pernambuco_-_Brasil.jpg\" target=\"_blank\" rel=\"noopener noreferrer\">Wikimedia Commons<\/a><\/figcaption><\/figure>\n\n\n\n<p><strong>13. <a href=\"https:\/\/quantocustaviajar.com\/blog\/as-belezas-de-chapada-das-mesas\/\" target=\"_blank\" rel=\"noopener noreferrer\">Chapada das Mesas<\/a>, Maranh\u00e3o<\/strong><\/p>\n\n\n\n<p>Em Riach\u00e3o, no estado de Maranh\u00e3o, o&nbsp;<a href=\"https:\/\/quantocustaviajar.com\/blog\/as-belezas-de-chapada-das-mesas\/\" target=\"_blank\" rel=\"noopener noreferrer\"><strong>Parque Nacional Chapada das Mesas<\/strong><\/a>&nbsp;est\u00e1 entre as tantas belezas naturais a serem exploradas no Brasil. Entre seus atrativos est\u00e1 o Encanto Azul, um bel\u00edssimo po\u00e7o de \u00e1guas cristalinas, onde h\u00e1 uma queda d\u2019\u00e1gua e peixes como os cascudos e os lambaris. A regi\u00e3o ainda encanta por seus sert\u00f5es, c\u00e2nions, buritizais, cavernas e forma\u00e7\u00f5es rochosas curiosas.<\/p>\n\n\n\n<p><strong>Onde ficar: <\/strong><a href=\"https:\/\/www.booking.com\/hotel\/br\/rancho-canto-das-aguas.pt-br.html?aid=2161834\" target=\"_blank\" rel=\"noopener noreferrer\"><strong>Rancho das Estrelas<\/strong><\/a>\u00a0<strong>|\u00a0<\/strong>Pousada dos <strong><a href=\"https:\/\/www.booking.com\/hotel\/br\/pousada-dos-candeeiros.pt-br.html\" target=\"_blank\" rel=\"noopener noreferrer\">Candeeiros<\/a> <\/strong>.<\/p>\n\n\n\n<figure class=\"wp-block-image alignnone size-full wp-image-34861\"><img loading=\"lazy\" decoding=\"async\" width=\"800\" height=\"533\" src=\"https:\/\/quantocustaviajar.com\/blog\/wp-content\/uploads\/2017\/02\/Parque_Chapada_das_Mesas_-_Riach\u00e3o-MA.jpg\" alt=\"\" class=\"wp-image-34861\" srcset=\"https:\/\/quantocustaviajar.com\/blog\/wp-content\/uploads\/2017\/02\/Parque_Chapada_das_Mesas_-_Riach\u00e3o-MA.jpg 800w, https:\/\/quantocustaviajar.com\/blog\/wp-content\/uploads\/2017\/02\/Parque_Chapada_das_Mesas_-_Riach\u00e3o-MA-300x200.jpg 300w, https:\/\/quantocustaviajar.com\/blog\/wp-content\/uploads\/2017\/02\/Parque_Chapada_das_Mesas_-_Riach\u00e3o-MA-768x512.jpg 768w\" sizes=\"auto, (max-width: 800px) 100vw, 800px\" \/><figcaption class=\"wp-element-caption\">Foto: <a href=\"https:\/\/commons.wikimedia.org\/wiki\/File:Parque_Chapada_das_Mesas_-_Riach%C3%A3o-MA.JPG\" target=\"_blank\" rel=\"noopener noreferrer\">Wikimedia Commons<\/a><\/figcaption><\/figure>\n\n\n\n<figure class=\"wp-block-image alignnone size-full wp-image-34862\"><img loading=\"lazy\" decoding=\"async\" width=\"800\" height=\"536\" src=\"https:\/\/quantocustaviajar.com\/blog\/wp-content\/uploads\/2017\/02\/chapada-das-mesas-cachoeira-de-sao-romao.jpg\" alt=\"\" class=\"wp-image-34862\" srcset=\"https:\/\/quantocustaviajar.com\/blog\/wp-content\/uploads\/2017\/02\/chapada-das-mesas-cachoeira-de-sao-romao.jpg 800w, https:\/\/quantocustaviajar.com\/blog\/wp-content\/uploads\/2017\/02\/chapada-das-mesas-cachoeira-de-sao-romao-300x201.jpg 300w, https:\/\/quantocustaviajar.com\/blog\/wp-content\/uploads\/2017\/02\/chapada-das-mesas-cachoeira-de-sao-romao-768x515.jpg 768w\" sizes=\"auto, (max-width: 800px) 100vw, 800px\" \/><figcaption class=\"wp-element-caption\">Foto: <a href=\"https:\/\/www.flickr.com\/photos\/55953988@N00\/3923646735\" target=\"_blank\" rel=\"noopener noreferrer\">Ot\u00e1vio Nogueira<\/a><\/figcaption><\/figure>\n\n\n\n<p><strong>14. Cabedelo, Para\u00edba<\/strong><\/p>\n\n\n\n<p>Apenas 28 km separam <a href=\"https:\/\/quantocustaviajar.com\/brasil\/joao-pessoa\" target=\"_blank\" rel=\"noopener noreferrer\"><strong>Jo\u00e3o Pessoa<\/strong><\/a> e Cabedelo. Localizada entre&nbsp;o Oceano Atl\u00e2ntico e o Rio Para\u00edba, a&nbsp; pequena cidade com cara de bairro reserva boas surpresas. A&nbsp;<a href=\"https:\/\/quantocustaviajar.com\/blog\/areia-vermelha-joao-pessoa-paraiba\/\" target=\"_blank\" rel=\"noopener noreferrer\"><strong>Praia da Areia Vermelha<\/strong><\/a> d\u00e1 as caras apenas durante a mar\u00e9 baixa, quando forma belas e atraentes piscinas naturais, que contrastam com areias avermelhadas. O mesmo acontece em Camboinhas. Os surfistas pegam boas ondas em Intermares enquanto o p\u00fablico observa a desova de tartarugas marinhas. J\u00e1 na&nbsp;praia do Jacar\u00e9, o p\u00fablico tem outro cen\u00e1rio: casas de palafitas de frente a um belo p\u00f4r do sol e o tradicional Bolero de Ravel, executado pelo m\u00fasico Jurandy do Sax.<\/p>\n\n\n\n<p><strong>Onde ficar: <\/strong><a href=\"https:\/\/www.booking.com\/hotel\/br\/hostel-casa-dos-girassois.pt-br.html?aid=2161834\" target=\"_blank\" rel=\"noopener noreferrer\"><strong>Hostel Casa dos Girass\u00f3is<\/strong><\/a><strong>| <a href=\"https:\/\/www.booking.com\/hotel\/br\/lua-mansa-pousada.pt-br.html?aid=2161834\" target=\"_blank\" rel=\"noopener noreferrer\">Lua Mansa Pousada<\/a><\/strong> <strong> |\u00a0<a href=\"https:\/\/www.booking.com\/hotel\/br\/bessa-beach.pt-br.html?aid=2161834\" target=\"_blank\" rel=\"noopener noreferrer\">Bessa Beach Hotel<\/a><\/strong> .<\/p>\n\n\n\n<figure class=\"wp-block-image alignnone size-full wp-image-34863\"><img loading=\"lazy\" decoding=\"async\" width=\"800\" height=\"466\" src=\"https:\/\/quantocustaviajar.com\/blog\/wp-content\/uploads\/2017\/02\/Cabedelo-praia-do-jacare-paraiba-1.jpg\" alt=\"\" class=\"wp-image-34863\" srcset=\"https:\/\/quantocustaviajar.com\/blog\/wp-content\/uploads\/2017\/02\/Cabedelo-praia-do-jacare-paraiba-1.jpg 800w, https:\/\/quantocustaviajar.com\/blog\/wp-content\/uploads\/2017\/02\/Cabedelo-praia-do-jacare-paraiba-1-300x175.jpg 300w, https:\/\/quantocustaviajar.com\/blog\/wp-content\/uploads\/2017\/02\/Cabedelo-praia-do-jacare-paraiba-1-768x447.jpg 768w\" sizes=\"auto, (max-width: 800px) 100vw, 800px\" \/><figcaption class=\"wp-element-caption\">Foto: <a href=\"https:\/\/pt.wikipedia.org\/wiki\/Lista_de_munic%C3%ADpios_da_Para%C3%ADba_por_PIB\" target=\"_blank\" rel=\"noopener noreferrer\">Wikimedia Commons<\/a><\/figcaption><\/figure>\n\n\n\n<figure class=\"wp-block-image alignnone size-full wp-image-34864\"><img loading=\"lazy\" decoding=\"async\" width=\"800\" height=\"600\" src=\"https:\/\/quantocustaviajar.com\/blog\/wp-content\/uploads\/2017\/02\/Farol_da_pedra_Seca_-_Cabedelo_-_PB_-_panoramio.jpg\" alt=\"\" class=\"wp-image-34864\" srcset=\"https:\/\/quantocustaviajar.com\/blog\/wp-content\/uploads\/2017\/02\/Farol_da_pedra_Seca_-_Cabedelo_-_PB_-_panoramio.jpg 800w, https:\/\/quantocustaviajar.com\/blog\/wp-content\/uploads\/2017\/02\/Farol_da_pedra_Seca_-_Cabedelo_-_PB_-_panoramio-300x225.jpg 300w, https:\/\/quantocustaviajar.com\/blog\/wp-content\/uploads\/2017\/02\/Farol_da_pedra_Seca_-_Cabedelo_-_PB_-_panoramio-768x576.jpg 768w\" sizes=\"auto, (max-width: 800px) 100vw, 800px\" \/><figcaption class=\"wp-element-caption\">Foto: <a href=\"https:\/\/pt.wikipedia.org\/wiki\/Ficheiro:Farol_da_pedra_Seca_-_Cabedelo_-_PB_-_panoramio.jpg\" target=\"_blank\" rel=\"noopener noreferrer\">Wikimedia Commons<\/a><\/figcaption><\/figure>\n\n\n\n<p><strong>15. <a href=\"https:\/\/quantocustaviajar.com\/brasil\/teresina\" target=\"_blank\" rel=\"noopener noreferrer\">Serra da Capivara, Piau\u00ed<\/a><\/strong><\/p>\n\n\n\n<p>No sert\u00e3o do Piau\u00ed, o&nbsp;<strong><a href=\"https:\/\/quantocustaviajar.com\/blog\/serra-da-capivara-sofre-com-falta-de-recursos\/\" target=\"_blank\" rel=\"noopener noreferrer\">Parque Nacional Serra da Capivara<\/a><\/strong>&nbsp;possui a maior quantidade de s\u00edtios arqueol\u00f3gicos pr\u00e9-hist\u00f3ricos das Am\u00e9ricas. A regi\u00e3o abriga mais de 1.200 pontos de arte rupestre, como se v\u00ea pelas paredes de suas cavernas, elevando o local a Patrim\u00f4nio Cultural da Humanidade pela UNESCO desde 1990. S\u00e3o 172 s\u00edtios para serem desbravados, reabertos recentemente ap\u00f3s uma crise financeira que amea\u00e7ava este tesouro nacional. O lugar \u00e9 bem r\u00fastico e simples, assim como as acomoda\u00e7\u00f5es em S\u00e3o Raimundo Nonato, a cidade mais pr\u00f3xima.<\/p>\n\n\n\n<p><strong>Onde ficar:\u00a0<a href=\"https:\/\/www.booking.com\/hotel\/br\/ecorupestre-hostel-sao-raimundo-nonato.pt-br.html?aid=2161834\" target=\"_blank\" rel=\"noopener noreferrer\">Ecorupestre Hostel<\/a><\/strong> <strong>|\u00a0<a href=\"https:\/\/www.booking.com\/hotel\/br\/serra-da-capivara.pt-br.html?aid=2161834\" target=\"_blank\" rel=\"noopener noreferrer\">Hotel Serra da Capivara<\/a><\/strong> .<\/p>\n\n\n\n<figure class=\"wp-block-image alignnone size-full wp-image-34865\"><img loading=\"lazy\" decoding=\"async\" width=\"800\" height=\"534\" src=\"https:\/\/quantocustaviajar.com\/blog\/wp-content\/uploads\/2017\/02\/Pedra_Furada_-_Serra_da_Capivara_I.jpg\" alt=\"\" class=\"wp-image-34865\" srcset=\"https:\/\/quantocustaviajar.com\/blog\/wp-content\/uploads\/2017\/02\/Pedra_Furada_-_Serra_da_Capivara_I.jpg 800w, https:\/\/quantocustaviajar.com\/blog\/wp-content\/uploads\/2017\/02\/Pedra_Furada_-_Serra_da_Capivara_I-300x200.jpg 300w, https:\/\/quantocustaviajar.com\/blog\/wp-content\/uploads\/2017\/02\/Pedra_Furada_-_Serra_da_Capivara_I-768x513.jpg 768w\" sizes=\"auto, (max-width: 800px) 100vw, 800px\" \/><figcaption class=\"wp-element-caption\">Foto: <a href=\"https:\/\/pt.wikipedia.org\/wiki\/Ficheiro:Pedra_Furada_-_Serra_da_Capivara_I.jpg\" target=\"_blank\" rel=\"noopener noreferrer\">Wikimedia Commons<\/a><\/figcaption><\/figure>\n\n\n\n<figure class=\"wp-block-image alignnone size-full wp-image-34866\"><img loading=\"lazy\" decoding=\"async\" width=\"800\" height=\"600\" src=\"https:\/\/quantocustaviajar.com\/blog\/wp-content\/uploads\/2017\/02\/Parque_Nacional_Serra_da_Capivara-PI.jpg\" alt=\"\" class=\"wp-image-34866\" srcset=\"https:\/\/quantocustaviajar.com\/blog\/wp-content\/uploads\/2017\/02\/Parque_Nacional_Serra_da_Capivara-PI.jpg 800w, https:\/\/quantocustaviajar.com\/blog\/wp-content\/uploads\/2017\/02\/Parque_Nacional_Serra_da_Capivara-PI-300x225.jpg 300w, https:\/\/quantocustaviajar.com\/blog\/wp-content\/uploads\/2017\/02\/Parque_Nacional_Serra_da_Capivara-PI-768x576.jpg 768w\" sizes=\"auto, (max-width: 800px) 100vw, 800px\" \/><figcaption class=\"wp-element-caption\">Foto: <a href=\"https:\/\/commons.wikimedia.org\/wiki\/File:Parque_Nacional_Serra_da_Capivara-PI.jpg\" target=\"_blank\" rel=\"noopener noreferrer\">Wikimedia Commons<\/a><\/figcaption><\/figure>\n\n\n\n<p><strong>16. Praia do Saco, Sergipe<\/strong><\/p>\n\n\n\n<p>Na foz do Rio Real, bem na fronteira entre Sergipe e Bahia, est\u00e1 a bela Praia do Saco. No meio do cen\u00e1rio tranquilo a 65 km de <a href=\"https:\/\/quantocustaviajar.com\/brasil\/aracaju\" target=\"_blank\" rel=\"noopener noreferrer\"><strong>Aracaju<\/strong><\/a>, o mar esverdeado e as dunas s\u00e3o um convite para passar o dia longe de preocupa\u00e7\u00f5es. Na hora que bater a fome, as barracas ao redor est\u00e3o prontas para servir por\u00e7\u00f5es e bebidas. De barco, d\u00e1 para fazer travessia at\u00e9 a Ilha da Sogra e passeios rumo ao Mangue Seco. Essa \u00e9 uma das \u00e1reas mais preservadas da regi\u00e3o, portanto, aproveite e tenha consci\u00eancia ambiental.<\/p>\n\n\n\n<p><strong>Onde ficar: <a href=\"https:\/\/www.booking.com\/hotel\/br\/mangue-seco-hostel.pt-br.html?aid=2161834\" target=\"_blank\" rel=\"noopener noreferrer\">Mangue Seco Hostel<\/a> | <\/strong>Apart hotel <strong><a href=\"https:\/\/www.booking.com\/hotel\/br\/apartamento-resort-no-cond-villa-das-aguas-na-praia-do-saco-estancia.pt-br.html?aid=2161834\" target=\"_blank\" rel=\"noopener noreferrer\">Villa das \u00c1guas<\/a><\/strong> <strong>| <\/strong>Pousada <strong><a href=\"https:\/\/www.booking.com\/hotel\/br\/pousada-o-forte.pt-br.html?aid=2161834\" target=\"_blank\" rel=\"noopener noreferrer\">O Forte<\/a> <\/strong><\/p>\n\n\n\n<figure class=\"wp-block-image alignnone size-full wp-image-34874\"><img loading=\"lazy\" decoding=\"async\" width=\"800\" height=\"450\" src=\"https:\/\/quantocustaviajar.com\/blog\/wp-content\/uploads\/2017\/02\/praia-do-saco-sergipe.jpg\" alt=\"praia do saco sergipe\" class=\"wp-image-34874\" srcset=\"https:\/\/quantocustaviajar.com\/blog\/wp-content\/uploads\/2017\/02\/praia-do-saco-sergipe.jpg 800w, https:\/\/quantocustaviajar.com\/blog\/wp-content\/uploads\/2017\/02\/praia-do-saco-sergipe-300x169.jpg 300w, https:\/\/quantocustaviajar.com\/blog\/wp-content\/uploads\/2017\/02\/praia-do-saco-sergipe-768x432.jpg 768w\" sizes=\"auto, (max-width: 800px) 100vw, 800px\" \/><figcaption class=\"wp-element-caption\">Foto: <a href=\"https:\/\/pt.m.wikipedia.org\/wiki\/Ficheiro:SE-Praia_do_Saco_SE.jpg\" target=\"_blank\" rel=\"noopener noreferrer\">Wikimedia Commons<\/a><\/figcaption><\/figure>\n\n\n\n<figure class=\"wp-block-image\"><img loading=\"lazy\" decoding=\"async\" width=\"800\" height=\"450\" src=\"https:\/\/quantocustaviajar.com\/blog\/wp-content\/uploads\/2017\/02\/praia-do-saco-sergipe-2.jpg\" alt=\"praia do saco sergipe\" class=\"wp-image-34875\" srcset=\"https:\/\/quantocustaviajar.com\/blog\/wp-content\/uploads\/2017\/02\/praia-do-saco-sergipe-2.jpg 800w, https:\/\/quantocustaviajar.com\/blog\/wp-content\/uploads\/2017\/02\/praia-do-saco-sergipe-2-300x169.jpg 300w, https:\/\/quantocustaviajar.com\/blog\/wp-content\/uploads\/2017\/02\/praia-do-saco-sergipe-2-768x432.jpg 768w\" sizes=\"auto, (max-width: 800px) 100vw, 800px\" \/><\/figure>\n\n\n\n<p>Foto: <a href=\"https:\/\/commons.wikimedia.org\/wiki\/File:SE-Praia_do_Saco-Dunas.jpg\" target=\"_blank\" rel=\"noopener noreferrer\">Wikimedia Commons<\/a><\/p>\n\n\n\n<p><strong>17. \u00c1guas Belas, Cear\u00e1&nbsp;<\/strong><\/p>\n\n\n\n<p>A apenas 60 km de <a href=\"https:\/\/quantocustaviajar.com\/brasil\/fortaleza\" target=\"_blank\" rel=\"noopener noreferrer\"><strong>Fortaleza<\/strong><\/a>, no litoral leste do estado est\u00e1 Cascavel, munic\u00edpio que tem como principal atra\u00e7\u00e3o tur\u00edstica a praia de \u00c1guas Belas. O nome faz jus ao o que os olhos veem: \u00e1guas cristalinas em tons de azul e verde que se misturam na imensid\u00e3o do mar. Formando piscinas naturais durante a mar\u00e9 baixa, a praia tem ainda o belo encontro do&nbsp;Rio Malcozinhado com o oceano, melhorando ainda mais o visual das areias desertas, que contam com pouca infraestrutura a seu redor. Sem sombra natural, tamb\u00e9m conv\u00e9m levar guarda-sol.<\/p>\n\n\n\n<p><strong>Onde ficar: <\/strong>pousada <a href=\"https:\/\/www.booking.com\/hotel\/br\/pousada-a-vida-e-bela.pt-br.html?aid=2161834\" target=\"_blank\" rel=\"noopener noreferrer\">A Vida \u00c9 Bela<\/a> <strong>| <\/strong>pousada <a href=\"https:\/\/www.booking.com\/hotel\/br\/pousada-annaluz.pt-br.html?aid=2161834\" target=\"_blank\" rel=\"noopener noreferrer\">Annaluz<\/a> <strong>|<\/strong> <a href=\"https:\/\/www.booking.com\/hotel\/br\/varandas-de-aguas-belas.pt-br.html?aid=2161834\" target=\"_blank\" rel=\"noopener noreferrer\">Varandas de \u00c1guas Belas<\/a> <\/p>\n\n\n\n<figure class=\"wp-block-image alignnone size-full wp-image-34876\"><img loading=\"lazy\" decoding=\"async\" width=\"800\" height=\"600\" src=\"https:\/\/quantocustaviajar.com\/blog\/wp-content\/uploads\/2017\/02\/praia-de-aguas-belas-ceara-1.jpg\" alt=\"praia de aguas belas\" class=\"wp-image-34876\" srcset=\"https:\/\/quantocustaviajar.com\/blog\/wp-content\/uploads\/2017\/02\/praia-de-aguas-belas-ceara-1.jpg 800w, https:\/\/quantocustaviajar.com\/blog\/wp-content\/uploads\/2017\/02\/praia-de-aguas-belas-ceara-1-300x225.jpg 300w, https:\/\/quantocustaviajar.com\/blog\/wp-content\/uploads\/2017\/02\/praia-de-aguas-belas-ceara-1-768x576.jpg 768w\" sizes=\"auto, (max-width: 800px) 100vw, 800px\" \/><figcaption class=\"wp-element-caption\">Foto: <a href=\"https:\/\/pt.wikipedia.org\/wiki\/Ficheiro:Aguasbelasceara.jpg\" target=\"_blank\" rel=\"noopener noreferrer\">Wikimedia Commons<\/a><\/figcaption><\/figure>\n\n\n\n<figure class=\"wp-block-image alignnone size-full wp-image-34877\"><img loading=\"lazy\" decoding=\"async\" width=\"800\" height=\"600\" src=\"https:\/\/quantocustaviajar.com\/blog\/wp-content\/uploads\/2017\/02\/praia-de-aguas-belas-ceara-2.jpg\" alt=\"\" class=\"wp-image-34877\" srcset=\"https:\/\/quantocustaviajar.com\/blog\/wp-content\/uploads\/2017\/02\/praia-de-aguas-belas-ceara-2.jpg 800w, https:\/\/quantocustaviajar.com\/blog\/wp-content\/uploads\/2017\/02\/praia-de-aguas-belas-ceara-2-300x225.jpg 300w, https:\/\/quantocustaviajar.com\/blog\/wp-content\/uploads\/2017\/02\/praia-de-aguas-belas-ceara-2-768x576.jpg 768w\" sizes=\"auto, (max-width: 800px) 100vw, 800px\" \/><figcaption class=\"wp-element-caption\">Foto: <a href=\"https:\/\/commons.wikimedia.org\/wiki\/File:Praia_de_%C3%81guas_Belas.jpg\" target=\"_blank\" rel=\"noopener noreferrer\">Wikimedia Commons<\/a><\/figcaption><\/figure>\n\n\n\n<p><strong>18. Santa Cruz Cabr\u00e1lia, Bahia<\/strong><\/p>\n\n\n\n<p>Parte da chamada <a href=\"https:\/\/quantocustaviajar.com\/blog\/costa-do-descobrimento-sul-bahia\/\" target=\"_blank\" rel=\"noopener noreferrer\"><strong>Costa do Descobrimento<\/strong><\/a>, a cidade ao sul da Bahia est\u00e1 a 20 km de <a href=\"https:\/\/quantocustaviajar.com\/brasil\/porto-seguro\" target=\"_blank\" rel=\"noopener noreferrer\"><strong>Porto Seguro<\/strong><\/a> e ainda pr\u00f3xima de <a href=\"https:\/\/quantocustaviajar.com\/brasil\/trancoso\" target=\"_blank\" rel=\"noopener noreferrer\"><strong>Trancoso<\/strong><\/a> e <a href=\"https:\/\/quantocustaviajar.com\/blog\/melhores-praias-de-arraial-dajuda\/\" target=\"_blank\" rel=\"noopener noreferrer\"><strong>Arraial d\u2019Ajuda<\/strong><\/a>. As praias quase desertas atraem turistas em busca de tranquilidade, enquanto aventureiros v\u00e3o atr\u00e1s das ondas de Arakaka\u00ed. Em Coroa Vermelha se encontra parte da cultura ind\u00edgena no artesanato.<\/p>\n\n\n\n<p><strong>Onde ficar: <\/strong><a href=\"https:\/\/www.booking.com\/hotel\/br\/casa-minha.pt-br.html?aid=2161834\" target=\"_blank\" rel=\"noopener noreferrer\">Casa Mia<\/a> <strong>|\u00a0<\/strong><a href=\"https:\/\/www.booking.com\/hotel\/br\/tres-poderes-praia-santa-cruz-cabralia.pt-br.html?aid=2161834\" target=\"_blank\" rel=\"noopener noreferrer\">Tr\u00eas Poderes Praia Hotel<\/a> <strong>| <\/strong>pousada <a href=\"https:\/\/www.booking.com\/hotel\/br\/pousadacparaiso-na-bahia.pt-br.html?aid=2161834\" target=\"_blank\" rel=\"noopener noreferrer\">Para\u00edso da Bahia<\/a> <\/p>\n\n\n\n<figure class=\"wp-block-image alignnone size-full wp-image-34878\"><img loading=\"lazy\" decoding=\"async\" width=\"800\" height=\"533\" src=\"https:\/\/quantocustaviajar.com\/blog\/wp-content\/uploads\/2017\/02\/Praia_Coroa_Vermelha_Santa_Cruz_Cabr\u00e1lia.jpg\" alt=\"\" class=\"wp-image-34878\" srcset=\"https:\/\/quantocustaviajar.com\/blog\/wp-content\/uploads\/2017\/02\/Praia_Coroa_Vermelha_Santa_Cruz_Cabr\u00e1lia.jpg 800w, https:\/\/quantocustaviajar.com\/blog\/wp-content\/uploads\/2017\/02\/Praia_Coroa_Vermelha_Santa_Cruz_Cabr\u00e1lia-300x200.jpg 300w, https:\/\/quantocustaviajar.com\/blog\/wp-content\/uploads\/2017\/02\/Praia_Coroa_Vermelha_Santa_Cruz_Cabr\u00e1lia-768x512.jpg 768w\" sizes=\"auto, (max-width: 800px) 100vw, 800px\" \/><figcaption class=\"wp-element-caption\">Foto: <a href=\"https:\/\/pt.wikipedia.org\/wiki\/Ficheiro:Vista_da_Praia_Coroa_Vermelha,_Santa_Cruz_Cabr%C3%A1lia_BA2.JPG\" target=\"_blank\" rel=\"noopener noreferrer\">Wikimedia Commons<\/a><\/figcaption><\/figure>\n\n\n\n<figure class=\"wp-block-image alignnone size-full wp-image-34879\"><img loading=\"lazy\" decoding=\"async\" width=\"800\" height=\"413\" src=\"https:\/\/quantocustaviajar.com\/blog\/wp-content\/uploads\/2017\/02\/Santa_Cruz_Cabr\u00e1lia-2.jpg\" alt=\"\" class=\"wp-image-34879\" srcset=\"https:\/\/quantocustaviajar.com\/blog\/wp-content\/uploads\/2017\/02\/Santa_Cruz_Cabr\u00e1lia-2.jpg 800w, https:\/\/quantocustaviajar.com\/blog\/wp-content\/uploads\/2017\/02\/Santa_Cruz_Cabr\u00e1lia-2-300x155.jpg 300w, https:\/\/quantocustaviajar.com\/blog\/wp-content\/uploads\/2017\/02\/Santa_Cruz_Cabr\u00e1lia-2-768x396.jpg 768w\" sizes=\"auto, (max-width: 800px) 100vw, 800px\" \/><figcaption class=\"wp-element-caption\">Foto: <a href=\"https:\/\/pt.wikipedia.org\/wiki\/Ficheiro:Santa_Cruz_Cabralia_-_BA_-_Cidade_Alta_-_foto_Carlos_Alkmin.jpg\" target=\"_blank\" rel=\"noopener noreferrer\">Wikimedia Commons<\/a><\/figcaption><\/figure>\n\n\n\n<p><strong>19.&nbsp;<a href=\"https:\/\/quantocustaviajar.com\/brasil\/trancoso\" target=\"_blank\" rel=\"noopener noreferrer\">Trancoso<\/a>, Bahia<\/strong><\/p>\n\n\n\n<p>Mesmo sendo um dos lugares mais cobi\u00e7ados na Bahia, com resorts e muitas festas luxuosas, Trancoso ainda conserva uma atmosfera hippie que exala aquela sensa\u00e7\u00e3o de calmaria por todos os lados. Localizada a 600 km de <strong><a href=\"https:\/\/quantocustaviajar.com\/brasil\/salvador\" target=\"_blank\" rel=\"noopener noreferrer\">Salvador<\/a><\/strong>, a cidade tem 278 km\u00b2 e cerca de 12 mil habitantes, que tiram renda do artesanato e do turismo, a principal atividade econ\u00f4mica da regi\u00e3o. Trancoso se mant\u00e9m com uma simplicidade vis\u00edvel e praias que transmitem tranquilidade e contato com a natureza. <a href=\"https:\/\/quantocustaviajar.com\/blog\/conheca-trancoso\/\" target=\"_blank\" rel=\"noopener noreferrer\"><strong>Conhe\u00e7a mais sobre a cidade aqui.<\/strong><\/a><\/p>\n\n\n\n<p><strong>Onde ficar:\u00a0<a href=\"https:\/\/www.booking.com\/hotel\/br\/pousada-ouro-sobre-azul-ii.pt-br.html?aid=2161834\" target=\"_blank\" rel=\"noopener noreferrer\">Calypso INN<\/a><\/strong> <strong>|<\/strong> <a href=\"https:\/\/www.booking.com\/hotel\/br\/pousada-campestre.pt-br.html?aid=2161834\" target=\"_blank\" rel=\"noopener noreferrer\"><strong>Pousada Campestre<\/strong><\/a> <strong>|<\/strong> <a href=\"https:\/\/www.booking.com\/hotel\/br\/pousada-samambaia.pt-br.html?aid=2161834\" target=\"_blank\" rel=\"noopener noreferrer\"><strong>Pousada Samambaia<\/strong><\/a> | <a href=\"https:\/\/www.booking.com\/hotel\/br\/pousada-seis-e-meia.pt-br.html?aid=2161834\" target=\"_blank\" rel=\"noopener noreferrer\"><strong>Pousada Seis e Meia<\/strong><\/a> .<\/p>\n\n\n\n<p><strong>20.&nbsp;<a href=\"https:\/\/quantocustaviajar.com\/blog\/belezas-do-piaui-praia-barra-grande\/\" target=\"_blank\" rel=\"noopener noreferrer\">Barra Grande<\/a>, Cajueiro da Praia,&nbsp;Piau\u00ed<\/strong><\/p>\n\n\n\n<p>O encantador vilarejo de <a href=\"https:\/\/quantocustaviajar.com\/blog\/belezas-do-piaui-praia-barra-grande\/\" target=\"_blank\" rel=\"noopener noreferrer\"><strong>Barra Grande<\/strong><\/a> pertence ao&nbsp;munic\u00edpio de Cajueiro da Praia e possui&nbsp;um dos visuais mais paradis\u00edacos do Brasil e ainda pouco explorado no pa\u00eds. Localizado a 400 km de dist\u00e2ncia de&nbsp;<a href=\"https:\/\/quantocustaviajar.com\/brasil\/teresina\" target=\"_blank\" rel=\"noopener noreferrer\"><strong>Teresina<\/strong><\/a>, capital do Piau\u00ed, Barra Grande \u00e9 o menor litoral do Brasil e destino capaz de agradar todos os f\u00e3s de esportes \u00e0 vela, isso porque os ventos na regi\u00e3o s\u00e3o bem fortes, ideais para pr\u00e1tica de kitesurf.&nbsp;A praia tem areia branquinha, mar cristalino com aquele tom azulado, \u00e1guas quentes o ano inteiro.<\/p>\n\n\n\n<p><strong>Onde ficar:<\/strong> <a href=\"https:\/\/www.booking.com\/hotel\/br\/the-barra-grande-guesthouse-amp-hostel.pt-br.html?aid=2161834\" target=\"_blank\" rel=\"noopener noreferrer\"><strong>The Barra Grande Guesthouse &amp; Hostel<\/strong><\/a> <strong>| <a href=\"https:\/\/www.booking.com\/hotel\/br\/barra-grande-beach-club.pt-br.html?aid=2161834\" target=\"_blank\" rel=\"noopener noreferrer\">Barra Grande Beach Club<\/a> |\u00a0<a href=\"https:\/\/www.booking.com\/hotel\/br\/pousada-la-em-casa-barra-grande.pt-br.html?aid=2161834\" target=\"_blank\" rel=\"noopener noreferrer\">Pousada L\u00e1 em Casa<\/a><\/strong> <strong>|<\/strong>\u00a0<strong><a href=\"https:\/\/www.booking.com\/hotel\/br\/pousada-bgk.pt-br.html?aid=2161834\" target=\"_blank\" rel=\"noopener noreferrer\">Pousada BGK<\/a><\/strong>.<\/p>\n\n\n\n<figure class=\"wp-block-image alignnone size-full wp-image-30117\"><img loading=\"lazy\" decoding=\"async\" width=\"960\" height=\"720\" src=\"https:\/\/quantocustaviajar.com\/blog\/wp-content\/uploads\/2018\/12\/barra-grande-piaui-6.jpg\" alt=\"barra grande piaui\" class=\"wp-image-30117\" srcset=\"https:\/\/quantocustaviajar.com\/blog\/wp-content\/uploads\/2018\/12\/barra-grande-piaui-6.jpg 960w, https:\/\/quantocustaviajar.com\/blog\/wp-content\/uploads\/2018\/12\/barra-grande-piaui-6-300x225.jpg 300w, https:\/\/quantocustaviajar.com\/blog\/wp-content\/uploads\/2018\/12\/barra-grande-piaui-6-768x576.jpg 768w\" sizes=\"auto, (max-width: 960px) 100vw, 960px\" \/><figcaption class=\"wp-element-caption\">Foto: <a href=\"https:\/\/commons.wikimedia.org\/wiki\/File:P%C3%B4r_do_sol_na_Praia_de_Barra_Grande_Piau%C3%AD.jpg\" target=\"_blank\" rel=\"noopener noreferrer\">Wikimedia Commons<\/a><\/figcaption><\/figure>\n\n\n\n<blockquote class=\"wp-block-quote is-layout-flow wp-block-quote-is-layout-flow\">\n<p><a href=\"https:\/\/www.booking.com\/city\/br\/barra-grande-br.pt-br.html?aid=2161834\" target=\"_blank\" rel=\"noopener noreferrer\"><strong>[+] Clique aqui e confira a lista completa de hot\u00e9is e pousadas em Barra Grande<\/strong><\/a><\/p>\n<\/blockquote>\n\n\n\n<figure class=\"wp-block-image alignnone size-full wp-image-30116\"><img loading=\"lazy\" decoding=\"async\" width=\"1024\" height=\"768\" src=\"https:\/\/quantocustaviajar.com\/blog\/wp-content\/uploads\/2018\/12\/barra-grande-piaui-5.jpg\" alt=\"barra grande\" class=\"wp-image-30116\" srcset=\"https:\/\/quantocustaviajar.com\/blog\/wp-content\/uploads\/2018\/12\/barra-grande-piaui-5.jpg 1024w, https:\/\/quantocustaviajar.com\/blog\/wp-content\/uploads\/2018\/12\/barra-grande-piaui-5-300x225.jpg 300w, https:\/\/quantocustaviajar.com\/blog\/wp-content\/uploads\/2018\/12\/barra-grande-piaui-5-768x576.jpg 768w\" sizes=\"auto, (max-width: 1024px) 100vw, 1024px\" \/><figcaption class=\"wp-element-caption\">Foto: <a href=\"https:\/\/www.flickr.com\/photos\/ana_raquel\/4970111240\" target=\"_blank\" rel=\"noopener noreferrer\">Ana Raquel S. Hernandes<\/a><\/figcaption><\/figure>\n\n\n\n<p><strong>21.&nbsp;<a href=\"https:\/\/quantocustaviajar.com\/blog\/caraiva-sul-da-bahia\/\" target=\"_blank\" rel=\"noopener noreferrer\">Cara\u00edva<\/a>, Bahia<\/strong><\/p>\n\n\n\n<p>A vila de pescadores <a href=\"https:\/\/quantocustaviajar.com\/blog\/caraiva-sul-da-bahia\/\">Cara\u00edva<\/a> pode facilmente ser definida como um peda\u00e7o do para\u00edso no sul da Bahia. Com suas estradinhas de areia fofa e povo acolhedor, suas f\u00e9rias ser\u00e3o inesquec\u00edveis e rodeadas por cen\u00e1rios encantadores. Depois de passar por&nbsp;<strong>Arraial d\u2019Ajuda<\/strong>&nbsp;e <strong><a href=\"https:\/\/quantocustaviajar.com\/brasil\/trancoso\" target=\"_blank\" rel=\"noopener noreferrer\">Trancoso<\/a><\/strong>, em&nbsp;<a href=\"http:\/\/quantocustaviajar.com\/brasil\/porto-seguro\" target=\"_blank\" rel=\"noopener noreferrer\"><strong>Porto Seguro<\/strong><\/a>, uma sinuosa estrada de terra nos leva at\u00e9 este \u00e9den baiano. Ao atravessar&nbsp;o rio hom\u00f4nimo durante 5 minutos de barco j\u00e1 se avistam as casinhas coloridas do outro lado. Bem-vindo ao lugar que voc\u00ea gostaria de chamar de casa! <a href=\"https:\/\/quantocustaviajar.com\/blog\/caraiva-sul-da-bahia\/\" target=\"_blank\" rel=\"noopener noreferrer\"><strong>Saiba mais aqui sobre como \u00e9 visitar Cara\u00edva, na Bahia<\/strong><\/a>.<\/p>\n\n\n\n<p>Onde ficar:\u00a0<a style=\"font-weight: bold;\" href=\"https:\/\/www.booking.com\/hotel\/br\/ondas-caraiva-caraiva2.pt-br.html?aid=2161834\" target=\"_blank\" rel=\"noopener noreferrer\">Onda\u2019s Cara\u00edva<\/a> <b>|<a href=\"https:\/\/www.booking.com\/hotel\/br\/pousada-paraiso-de-luci.pt-br.html?aid=2161834\" target=\"_blank\" rel=\"noopener noreferrer\">\u00a0Pousada Para\u00edso\u00a0de Luci<\/a><\/b> <b>| <a href=\"https:\/\/www.booking.com\/hotel\/br\/pousada-estrela-do-mar-caraiva.pt-br.html?aid=2161834\" target=\"_blank\" rel=\"noopener noreferrer\">Pousada Estrela do Mar<\/a> | <a href=\"https:\/\/www.booking.com\/hotel\/br\/pousada-la-villa-caraiva.pt-br.html?aid=2161834\" target=\"_blank\" rel=\"noopener noreferrer\">Pousada La Villa Cara\u00edva<\/a><\/b>\u00a0<b>|\u00a0<strong><a href=\"https:\/\/www.booking.com\/hotel\/br\/pousada-e-spa-oasis-caraiva.pt-br.html?aid=2161834\" target=\"_blank\" rel=\"noopener noreferrer\">Pousada Spa O\u00e1sis<\/a><\/strong><\/b>.<\/p>\n\n\n\n<figure class=\"wp-block-image alignnone size-full wp-image-29899\"><img loading=\"lazy\" decoding=\"async\" width=\"1280\" height=\"725\" src=\"https:\/\/quantocustaviajar.com\/blog\/wp-content\/uploads\/2016\/03\/lugares-para-conhecer-na-bahia-caraiva.jpg\" alt=\"lugares para conhecer na bahia\" class=\"wp-image-29899\" srcset=\"https:\/\/quantocustaviajar.com\/blog\/wp-content\/uploads\/2016\/03\/lugares-para-conhecer-na-bahia-caraiva.jpg 1280w, https:\/\/quantocustaviajar.com\/blog\/wp-content\/uploads\/2016\/03\/lugares-para-conhecer-na-bahia-caraiva-300x170.jpg 300w, https:\/\/quantocustaviajar.com\/blog\/wp-content\/uploads\/2016\/03\/lugares-para-conhecer-na-bahia-caraiva-768x435.jpg 768w, https:\/\/quantocustaviajar.com\/blog\/wp-content\/uploads\/2016\/03\/lugares-para-conhecer-na-bahia-caraiva-1024x580.jpg 1024w\" sizes=\"auto, (max-width: 1280px) 100vw, 1280px\" \/><figcaption class=\"wp-element-caption\">Foto: <a href=\"https:\/\/pt.wikipedia.org\/wiki\/Ficheiro:Cara%C3%ADva,_Bahia,_Brasil.jpg\" target=\"_blank\" rel=\"noopener noreferrer\">Wikimedia Commons<\/a><\/figcaption><\/figure>\n\n\n\n<figure class=\"wp-block-image alignnone wp-image-16169\"><img loading=\"lazy\" decoding=\"async\" width=\"650\" height=\"488\" src=\"https:\/\/quantocustaviajar.com\/blog\/wp-content\/uploads\/2017\/05\/caraiva-8.jpg\" alt=\"\" class=\"wp-image-16169\" srcset=\"https:\/\/quantocustaviajar.com\/blog\/wp-content\/uploads\/2017\/05\/caraiva-8.jpg 650w, https:\/\/quantocustaviajar.com\/blog\/wp-content\/uploads\/2017\/05\/caraiva-8-300x225.jpg 300w, https:\/\/quantocustaviajar.com\/blog\/wp-content\/uploads\/2017\/05\/caraiva-8-400x300.jpg 400w\" sizes=\"auto, (max-width: 650px) 100vw, 650px\" \/><figcaption class=\"wp-element-caption\">Foto: <a href=\"https:\/\/facebook.com\/brunellapfvr\" target=\"_blank\" rel=\"noopener noreferrer\">Brunella Nunes<\/a><\/figcaption><\/figure>\n\n\n\n<p><strong>22.&nbsp;<a href=\"https:\/\/quantocustaviajar.com\/blog\/guia-beach-park\/\" target=\"_blank\" rel=\"noopener noreferrer\">Beach Park<\/a>, Aquiraz, Cear\u00e1<\/strong><\/p>\n\n\n\n<p>Uma coisa podemos afirmar: os dias em que voc\u00ea estiver no Beach Park ser\u00e3o alguns dos mais felizes da sua vida. Sem exageros \u2014 o slogan \u201ca onda \u00e9 ser feliz agora\u201d realmente \u00e9 verdadeiro. O lugar \u00e9 perfeito para todo tipo de turista: seja para quem gosta de calor, de praia privativa, de \u00e1gua, de tobo\u00e1gua, de piscina de ondinhas ou at\u00e9 mesmo de passeios de boias. O Beach Park tem atra\u00e7\u00f5es que agradam todo mundo! O complexo aqu\u00e1tico do Beach Park foi constru\u00eddo em 1985 na cidade de Aquiraz, que fica a 20 km de dist\u00e2ncia de <a href=\"https:\/\/quantocustaviajar.com\/brasil\/fortaleza\" target=\"_blank\" rel=\"noopener noreferrer\"><strong>Fortaleza<\/strong><\/a>.<\/p>\n\n\n\n<p><strong>Onde ficar:\u00a0<a href=\"https:\/\/www.booking.com\/hotel\/br\/oceani-resort-porto-das-dunas.pt-br.html?aid=2161834\" target=\"_blank\" rel=\"noopener noreferrer\">Beach Park Resort &#8211; Oceani<\/a> | <a href=\"https:\/\/www.booking.com\/hotel\/br\/beach-park-suites-resort-aquiraz.pt-br.html?aid=2161834\" target=\"_blank\" rel=\"noopener noreferrer\">Beach Park Resort &#8211; Suites <\/a> | <a href=\"https:\/\/www.booking.com\/hotel\/br\/beach-park-acqua-resort.pt-br.html?aid=2161834\" target=\"_blank\" rel=\"noopener noreferrer\">Beach Park Resort &#8211; Acqua <\/a> | <a href=\"https:\/\/www.booking.com\/hotel\/br\/beach-park-wellness-resort.pt-br.html?aid=2161834\" target=\"_blank\" rel=\"noopener noreferrer\">Beach Park Resort &#8211; Wellness<\/a><\/strong> <strong>.<\/strong><\/p>\n\n\n\n<figure class=\"wp-block-image alignnone size-full wp-image-27611\"><img loading=\"lazy\" decoding=\"async\" width=\"1200\" height=\"630\" src=\"https:\/\/quantocustaviajar.com\/blog\/wp-content\/uploads\/2018\/10\/beach-park.jpg\" alt=\"\" class=\"wp-image-27611\" srcset=\"https:\/\/quantocustaviajar.com\/blog\/wp-content\/uploads\/2018\/10\/beach-park.jpg 1200w, https:\/\/quantocustaviajar.com\/blog\/wp-content\/uploads\/2018\/10\/beach-park-300x158.jpg 300w, https:\/\/quantocustaviajar.com\/blog\/wp-content\/uploads\/2018\/10\/beach-park-768x403.jpg 768w, https:\/\/quantocustaviajar.com\/blog\/wp-content\/uploads\/2018\/10\/beach-park-1024x538.jpg 1024w\" sizes=\"auto, (max-width: 1200px) 100vw, 1200px\" \/><figcaption class=\"wp-element-caption\">Foto: <a href=\"https:\/\/pt.wikipedia.org\/wiki\/Ficheiro:Beach_Park.jpg\" target=\"_blank\" rel=\"noopener noreferrer\">Wikimedia Commons<\/a><\/figcaption><\/figure>\n\n\n\n<p><strong>23.&nbsp;Ilha de <a href=\"https:\/\/quantocustaviajar.com\/blog\/boipeba-a-ilha-paradisiaca-na-bahia\/\">Boipeba<\/a>, Cairu, Bahia<\/strong><\/p>\n\n\n\n<p>Localizada no pequeno munic\u00edpio de Cairu, na conhecida Costa do Dend\u00ea, a ilha de Boipeba atrai adeptos do snorkeling por conta de sua faixa litor\u00e2nea de 20 km de extens\u00e3o, onde se espalham algumas das melhores praias do estado. Com \u00e1guas cristalinas e quentinhas, as piscinas naturais de&nbsp;Morer\u00e9 s\u00e3o um dos pontos altosa da viagem a mais um para\u00edso na Terra.<\/p>\n\n\n\n<p><strong>Onde ficar: <a href=\"https:\/\/www.booking.com\/hotel\/br\/abaquarhostel.pt-br.html?aid=2161834\" target=\"_blank\" rel=\"noopener noreferrer\">Abaquar Hostel<\/a><\/strong> <strong>| <a href=\"https:\/\/www.booking.com\/hotel\/br\/pousada-vila-da-barra.pt-br.html?aid=2161834\" target=\"_blank\" rel=\"noopener noreferrer\">Pousada Vila da Barra<\/a><\/strong> <strong>| <a href=\"https:\/\/www.booking.com\/hotel\/br\/pousada-santa-clara.pt-br.html?aid=2161834\" target=\"_blank\" rel=\"noopener noreferrer\">Pousada Santa Clara <\/a>|\u00a0<a href=\"https:\/\/www.booking.com\/hotel\/br\/villa-boypeba.pt-br.html?aid=2161834\" target=\"_blank\" rel=\"noopener noreferrer\">O C\u00e9u de Boipeba<\/a><\/strong>\u00a0.<\/p>\n\n\n\n<figure class=\"wp-block-image alignnone size-full wp-image-29897\"><img loading=\"lazy\" decoding=\"async\" width=\"1280\" height=\"853\" src=\"https:\/\/quantocustaviajar.com\/blog\/wp-content\/uploads\/2016\/03\/lugares-para-conhecer-na-bahia-boipeba.jpg\" alt=\"lugares impressionantes na bahia\" class=\"wp-image-29897\" srcset=\"https:\/\/quantocustaviajar.com\/blog\/wp-content\/uploads\/2016\/03\/lugares-para-conhecer-na-bahia-boipeba.jpg 1280w, https:\/\/quantocustaviajar.com\/blog\/wp-content\/uploads\/2016\/03\/lugares-para-conhecer-na-bahia-boipeba-300x200.jpg 300w, https:\/\/quantocustaviajar.com\/blog\/wp-content\/uploads\/2016\/03\/lugares-para-conhecer-na-bahia-boipeba-768x512.jpg 768w, https:\/\/quantocustaviajar.com\/blog\/wp-content\/uploads\/2016\/03\/lugares-para-conhecer-na-bahia-boipeba-1024x682.jpg 1024w\" sizes=\"auto, (max-width: 1280px) 100vw, 1280px\" \/><figcaption class=\"wp-element-caption\">Foto: <a href=\"https:\/\/commons.wikimedia.org\/wiki\/File:Praia_de_Morer%C3%A9_-_Boipeba.JPG\" target=\"_blank\" rel=\"noopener noreferrer\">Wikimedia Commons<\/a><\/figcaption><\/figure>\n\n\n\n<figure class=\"wp-block-image alignnone wp-image-24913\"><img loading=\"lazy\" decoding=\"async\" width=\"650\" height=\"366\" src=\"https:\/\/quantocustaviajar.com\/blog\/wp-content\/uploads\/2017\/06\/ceu-boipeba-5.jpg\" alt=\"\" class=\"wp-image-24913\" srcset=\"https:\/\/quantocustaviajar.com\/blog\/wp-content\/uploads\/2017\/06\/ceu-boipeba-5.jpg 650w, https:\/\/quantocustaviajar.com\/blog\/wp-content\/uploads\/2017\/06\/ceu-boipeba-5-300x169.jpg 300w\" sizes=\"auto, (max-width: 650px) 100vw, 650px\" \/><figcaption class=\"wp-element-caption\">Foto: Brunella Nunes\/QCV<\/figcaption><\/figure>\n\n\n\n<p><strong>24.&nbsp;<a href=\"https:\/\/quantocustaviajar.com\/blog\/praia-dos-carneiros-pernambuco\/\" target=\"_blank\" rel=\"noopener noreferrer\">Praia dos Carneiros<\/a>, Tamandar\u00e9, Pernambuco<\/strong><\/p>\n\n\n\n<p>Localizada a 90 km de <a href=\"https:\/\/quantocustaviajar.com\/brasil\/recife\" target=\"_blank\" rel=\"noopener noreferrer\"><strong>Recife<\/strong><\/a> fica a <strong><a href=\"https:\/\/quantocustaviajar.com\/blog\/praia-dos-carneiros-pernambuco\/\" target=\"_blank\" rel=\"noopener noreferrer\">Praia dos Carneiros<\/a><\/strong>, uma das mais belas e desejadas de Pernambuco com \u00e1guas esverdeadas e cristalinas que formam piscinas naturais. Um pared\u00e3o de arrecifes percorre 1 km do mar, onde \u00e9 prop\u00edcia a pr\u00e1tica de mergulho e snorkel. Com infraestrutura para receber turistas, ainda assim se mant\u00e9m r\u00fastica, seja na orla ou nos arredores da capela S\u00e3o Benedito.<\/p>\n\n\n\n<p><strong>Onde ficar: <a href=\"https:\/\/www.booking.com\/hotel\/br\/coral-beach-resort.pt-br.html?aid=2161834\" target=\"_blank\" rel=\"noopener noreferrer\">Hotel Coral Beach<\/a> |\u00a0 Pousada\u00a0<a href=\"https:\/\/www.booking.com\/hotel\/br\/pousada-paraiso-carneiros.pt-br.html?aid=2161834\" target=\"_blank\" rel=\"noopener noreferrer\">Para\u00edso dos Carneiros<\/a>\u00a0|\u00a0<a href=\"https:\/\/www.booking.com\/hotel\/br\/pousada-praia-dos-carneiros.pt-br.html?aid=2161834\" target=\"_blank\" rel=\"noopener noreferrer\">Pousada Praia dos Carneiros<\/a><\/strong>\u00a0| <strong><a href=\"https:\/\/www.booking.com\/hotel\/br\/chales-dos-carneiros.pt-br.html?aid=2161834\" target=\"_blank\" rel=\"noopener noreferrer\">Chal\u00e9s dos Carneiros<\/a><\/strong>\u00a0| <strong>Bangal\u00f4s\u00a0<a href=\"https:\/\/www.booking.com\/hotel\/br\/pontal-dos-carneiros-beach-bungalows.pt-br.html?aid=2161834\" target=\"_blank\" rel=\"noopener noreferrer\">Pontal dos Carneiros<\/a><\/strong>.<\/p>\n\n\n\n<figure class=\"wp-block-image alignnone size-full wp-image-34881\"><img loading=\"lazy\" decoding=\"async\" width=\"800\" height=\"534\" src=\"https:\/\/quantocustaviajar.com\/blog\/wp-content\/uploads\/2017\/02\/Praia_dos_Carneiros_Pernambuco-2.jpg\" alt=\"\" class=\"wp-image-34881\" srcset=\"https:\/\/quantocustaviajar.com\/blog\/wp-content\/uploads\/2017\/02\/Praia_dos_Carneiros_Pernambuco-2.jpg 800w, https:\/\/quantocustaviajar.com\/blog\/wp-content\/uploads\/2017\/02\/Praia_dos_Carneiros_Pernambuco-2-300x200.jpg 300w, https:\/\/quantocustaviajar.com\/blog\/wp-content\/uploads\/2017\/02\/Praia_dos_Carneiros_Pernambuco-2-768x513.jpg 768w\" sizes=\"auto, (max-width: 800px) 100vw, 800px\" \/><figcaption class=\"wp-element-caption\">Foto: <a href=\"https:\/\/commons.wikimedia.org\/wiki\/File:Capela_de_S%C3%A3o_Benedito,_na_Praia_dos_Carneiros,_Tamandar%C3%A9,_Brasil.jpg\" target=\"_blank\" rel=\"noopener noreferrer\">Wikimedia Commons<\/a><\/figcaption><\/figure>\n\n\n\n<p><strong>25.&nbsp;<a href=\"https:\/\/quantocustaviajar.com\/blog\/cumuruxatiba-bahia\/\" target=\"_blank\" rel=\"noopener noreferrer\">Cumuruxatiba<\/a>, Prado, Bahia<\/strong><\/p>\n\n\n\n<p>A pequena vila de <a href=\"https:\/\/quantocustaviajar.com\/blog\/cumuruxatiba-bahia\/\">Cumuruxatiba<\/a> foi a primeira praia descoberta por Pedro \u00c1lvares Cabral em 1.500, tanto que o destino faz at\u00e9 hoje parte da&nbsp;<a href=\"https:\/\/quantocustaviajar.com\/blog\/costa-do-descobrimento-sul-bahia\/\" target=\"_blank\" rel=\"noopener noreferrer\"><strong>Rota da Costa do Descobrimento<\/strong><\/a>, um percurso cheio de encanto no sul da Bahia.&nbsp;A cerca de 242 km de dist\u00e2ncia de&nbsp;<a href=\"http:\/\/quantocustaviajar.com\/brasil\/porto-seguro\" target=\"_blank\" rel=\"noopener noreferrer\"><strong>Porto Seguro<\/strong><\/a>&nbsp;estava Barra do Cahy, praia onde aconteceu o primeiro contato entre os \u00edndios Aimor\u00e9s e os portugueses.&nbsp;As belezas naturais s\u00e3o o real motivo de muitos turistas desembarcarem na regi\u00e3o. Entre coqueiros e fal\u00e9sias, mangues e recifes de corais, est\u00e3o as praias mais conhecidas, como: Ponta do Moreira, Rio do Peixe, Japara Grande, Japara Mirim e Ponta do <a href=\"https:\/\/quantocustaviajar.com\/blog\/corumbau-guia\/\">Corumbau<\/a>.&nbsp;<strong><a href=\"https:\/\/quantocustaviajar.com\/blog\/cumuruxatiba-bahia\/\" target=\"_blank\" rel=\"noopener noreferrer\">Conhe\u00e7a mais Cumuruxatiba aqui<\/a>.<\/strong><\/p>\n\n\n\n<p><strong>Onde ficar:\u00a0<a href=\"https:\/\/www.booking.com\/hotel\/br\/villa-cumuru.pt-br.html?aid=2161834\" target=\"_blank\" rel=\"noopener noreferrer\">Villa Cumuru <\/a>| <a href=\"https:\/\/www.booking.com\/hotel\/br\/pousada-mare-prado.pt-br.html?aid=2161834\" target=\"_blank\" rel=\"noopener noreferrer\">Pousada Mar\u00e9<\/a> | <a href=\"https:\/\/www.booking.com\/hotel\/br\/pousada-areia-preta.pt-br.html?aid=2161834\" target=\"_blank\" rel=\"noopener noreferrer\">Pousada Areia Preta<\/a> | <a href=\"https:\/\/www.booking.com\/hotel\/br\/pousada-rio-do-peixe.pt-br.html?aid=2161834\" target=\"_blank\" rel=\"noopener noreferrer\">Pousada Rio do Peixe<\/a><\/strong><\/p>\n\n\n\n<figure class=\"wp-block-image alignnone size-full wp-image-33840\"><img loading=\"lazy\" decoding=\"async\" width=\"800\" height=\"457\" src=\"https:\/\/quantocustaviajar.com\/blog\/wp-content\/uploads\/2019\/04\/costa-das-baleias-Cumuruxatiba-praia.jpg\" alt=\"costa das baleias na bahia\" class=\"wp-image-33840\" srcset=\"https:\/\/quantocustaviajar.com\/blog\/wp-content\/uploads\/2019\/04\/costa-das-baleias-Cumuruxatiba-praia.jpg 800w, https:\/\/quantocustaviajar.com\/blog\/wp-content\/uploads\/2019\/04\/costa-das-baleias-Cumuruxatiba-praia-300x171.jpg 300w, https:\/\/quantocustaviajar.com\/blog\/wp-content\/uploads\/2019\/04\/costa-das-baleias-Cumuruxatiba-praia-768x439.jpg 768w\" sizes=\"auto, (max-width: 800px) 100vw, 800px\" \/><figcaption class=\"wp-element-caption\">Foto: <a href=\"https:\/\/commons.wikimedia.org\/wiki\/File:Praia_do_Peixe_Grande_-_Cumuruxatiba_-_Prado-BA_-_panoramio_(7).jpg\" target=\"_blank\" rel=\"noopener noreferrer\">Wikimedia Commons<\/a><\/figcaption><\/figure>\n\n\n\n<figure class=\"wp-block-image alignnone size-full wp-image-29895\"><img loading=\"lazy\" decoding=\"async\" width=\"1280\" height=\"853\" src=\"https:\/\/quantocustaviajar.com\/blog\/wp-content\/uploads\/2016\/03\/lugares-para-conhecer-na-bahia-Cumuruxatiba.jpg\" alt=\"lugares imperd\u00edveis para conhecer na bahia\" class=\"wp-image-29895\" srcset=\"https:\/\/quantocustaviajar.com\/blog\/wp-content\/uploads\/2016\/03\/lugares-para-conhecer-na-bahia-Cumuruxatiba.jpg 1280w, https:\/\/quantocustaviajar.com\/blog\/wp-content\/uploads\/2016\/03\/lugares-para-conhecer-na-bahia-Cumuruxatiba-300x200.jpg 300w, https:\/\/quantocustaviajar.com\/blog\/wp-content\/uploads\/2016\/03\/lugares-para-conhecer-na-bahia-Cumuruxatiba-768x512.jpg 768w, https:\/\/quantocustaviajar.com\/blog\/wp-content\/uploads\/2016\/03\/lugares-para-conhecer-na-bahia-Cumuruxatiba-1024x682.jpg 1024w\" sizes=\"auto, (max-width: 1280px) 100vw, 1280px\" \/><figcaption class=\"wp-element-caption\">Foto: <a href=\"https:\/\/pt.m.wikipedia.org\/wiki\/Ficheiro:Barcos_na_praia_de_Cumuruxatiba.jpg\" target=\"_blank\" rel=\"noopener noreferrer\">Wikimedia Commons<\/a><\/figcaption><\/figure>\n\n\n\n<p><strong>26.&nbsp;Novo Santo Ant\u00f4nio, Piau\u00ed<\/strong><\/p>\n\n\n\n<p>Mais uma prova de que o nordeste n\u00e3o \u00e9 feito apenas de praias! Novo Santo Ant\u00f4nio, a aproximadamente 125 km de <a href=\"https:\/\/quantocustaviajar.com\/brasil\/teresina\" target=\"_blank\" rel=\"noopener noreferrer\"><strong>Teresina<\/strong><\/a>, \u00e9 considerado o <a href=\"https:\/\/quantocustaviajar.com\/blog\/incriveis-cachoeiras-no-piaui\/\" target=\"_blank\" rel=\"noopener noreferrer\"><strong>para\u00edso das cachoeiras piauienses<\/strong><\/a>. Com 13 quedas d&#8217;\u00e1gua, apenas cinco delas possuem f\u00e1cil acesso. A mais visitada e bem sinalizada \u00e9 a cachoeira do Ros\u00e1rio, cercada por lajedos. Ali \u00e9 permitido acampar. A maior cachoeira \u00e9 a das Corujas, que fica em uma propriedade particular com acesso liberado ao p\u00fablico. O volume de \u00e1gua chega a ser t\u00e3o grande que, \u00e0s vezes, fica imposs\u00edvel arriscar um mergulho.<\/p>\n\n\n\n<p><strong>Onde ficar:<\/strong> o ideal \u00e9 se hospedar em Teresina, j\u00e1 que as hospedagens nas pequenas cidades do Piau\u00ed s\u00e3o praticamente nulas.\u00a0<strong><a href=\"https:\/\/www.booking.com\/hotel\/br\/hospedaria-sao-raimundo.pt-br.html?aid=2161834\" target=\"_blank\" rel=\"noopener noreferrer\">Albergue S\u00e3o Raimundo<\/a><\/strong>\u00a0|\u00a0<strong><a href=\"https:\/\/www.booking.com\/hotel\/br\/sacada-center.pt-br.html?aid=2161834\" target=\"_blank\" rel=\"noopener noreferrer\">Sacada Center Hostel <\/a><\/strong> |\u00a0<strong><a href=\"https:\/\/www.booking.com\/hotel\/br\/gran-arrey.pt-br.html?aid=2161834\" target=\"_blank\" rel=\"noopener noreferrer\">Gran Hotel Arrey<\/a><\/strong>\u00a0.<\/p>\n\n\n\n<blockquote class=\"wp-block-quote instagram-media is-layout-flow wp-block-quote-is-layout-flow\">\n<div style=\"padding: 16px;\">\n<div style=\"display: flex; flex-direction: row; align-items: center;\">\n<div style=\"background-color: #f4f4f4; border-radius: 50%; flex-grow: 0; height: 40px; margin-right: 14px; width: 40px;\">&nbsp;<\/div>\n<div style=\"display: flex; flex-direction: column; flex-grow: 1; justify-content: center;\">\n<div style=\"background-color: #f4f4f4; border-radius: 4px; flex-grow: 0; height: 14px; margin-bottom: 6px; width: 100px;\">&nbsp;<\/div>\n<div style=\"background-color: #f4f4f4; border-radius: 4px; flex-grow: 0; height: 14px; width: 60px;\">&nbsp;<\/div>\n<\/div>\n<\/div>\n<div style=\"padding: 19% 0;\">&nbsp;<\/div>\n<div style=\"display: block; height: 50px; margin: 0 auto 12px; width: 50px;\">&nbsp;<\/div>\n<div style=\"padding-top: 8px;\">\n<div style=\"color: #3897f0; font-family: Arial,sans-serif; font-size: 14px; font-style: normal; font-weight: 550; line-height: 18px;\">Ver essa foto no Instagram<\/div>\n<\/div>\n<div style=\"padding: 12.5% 0;\">&nbsp;<\/div>\n<div style=\"display: flex; flex-direction: row; margin-bottom: 14px; align-items: center;\">\n<div>\n<div style=\"background-color: #f4f4f4; border-radius: 50%; height: 12.5px; width: 12.5px; transform: translateX(0px) translateY(7px);\">&nbsp;<\/div>\n<div style=\"background-color: #f4f4f4; height: 12.5px; transform: rotate(-45deg) translateX(3px) translateY(1px); width: 12.5px; flex-grow: 0; margin-right: 14px; margin-left: 2px;\">&nbsp;<\/div>\n<div style=\"background-color: #f4f4f4; border-radius: 50%; height: 12.5px; width: 12.5px; transform: translateX(9px) translateY(-18px);\">&nbsp;<\/div>\n<\/div>\n<div style=\"margin-left: 8px;\">\n<div style=\"background-color: #f4f4f4; border-radius: 50%; flex-grow: 0; height: 20px; width: 20px;\">&nbsp;<\/div>\n<div style=\"width: 0; height: 0; border-top: 2px solid transparent; border-left: 6px solid #f4f4f4; border-bottom: 2px solid transparent; transform: translateX(16px) translateY(-4px) rotate(30deg);\">&nbsp;<\/div>\n<\/div>\n<div style=\"margin-left: auto;\">\n<div style=\"width: 0px; border-top: 8px solid #F4F4F4; border-right: 8px solid transparent; transform: translateY(16px);\">&nbsp;<\/div>\n<div style=\"background-color: #f4f4f4; flex-grow: 0; height: 12px; width: 16px; transform: translateY(-4px);\">&nbsp;<\/div>\n<div style=\"width: 0; height: 0; border-top: 8px solid #F4F4F4; border-left: 8px solid transparent; transform: translateY(-4px) translateX(8px);\">&nbsp;<\/div>\n<\/div>\n<\/div>\n<div style=\"display: flex; flex-direction: column; flex-grow: 1; justify-content: center; margin-bottom: 24px;\">\n<div style=\"background-color: #f4f4f4; border-radius: 4px; flex-grow: 0; height: 14px; margin-bottom: 6px; width: 224px;\">&nbsp;<\/div>\n<div style=\"background-color: #f4f4f4; border-radius: 4px; flex-grow: 0; height: 14px; width: 144px;\">&nbsp;<\/div>\n<\/div>\n<p style=\"color: #c9c8cd; font-family: Arial,sans-serif; font-size: 14px; line-height: 17px; margin-bottom: 0; margin-top: 8px; overflow: hidden; padding: 8px 0 7px; text-align: center; text-overflow: ellipsis; white-space: nowrap;\"><a style=\"color: #c9c8cd; font-family: Arial,sans-serif; font-size: 14px; font-style: normal; font-weight: normal; line-height: 17px; text-decoration: none;\" href=\"https:\/\/www.instagram.com\/p\/BXwCPg7FxPW\/\" target=\"_blank\" rel=\"noopener noreferrer\">Uma publica\u00e7\u00e3o compartilhada por Renan Machado (@srenan13)<\/a> em <time style=\"font-family: Arial,sans-serif; font-size: 14px; line-height: 17px;\" datetime=\"2017-08-13T22:21:27+00:00\">13 de Ago, 2017 \u00e0s 3:21 PDT<\/time><\/p>\n<\/div>\n<\/blockquote>\n\n\n\n<p><script async=\"\" src=\"\/\/www.instagram.com\/embed.js\"><\/script><\/p>\n\n\n\n<blockquote class=\"wp-block-quote instagram-media is-layout-flow wp-block-quote-is-layout-flow\">\n<div style=\"padding: 16px;\">\n<div style=\"display: flex; flex-direction: row; align-items: center;\">\n<div style=\"background-color: #f4f4f4; border-radius: 50%; flex-grow: 0; height: 40px; margin-right: 14px; width: 40px;\">&nbsp;<\/div>\n<div style=\"display: flex; flex-direction: column; flex-grow: 1; justify-content: center;\">\n<div style=\"background-color: #f4f4f4; border-radius: 4px; flex-grow: 0; height: 14px; margin-bottom: 6px; width: 100px;\">&nbsp;<\/div>\n<div style=\"background-color: #f4f4f4; border-radius: 4px; flex-grow: 0; height: 14px; width: 60px;\">&nbsp;<\/div>\n<\/div>\n<\/div>\n<div style=\"padding: 19% 0;\">&nbsp;<\/div>\n<div style=\"display: block; height: 50px; margin: 0 auto 12px; width: 50px;\">&nbsp;<\/div>\n<div style=\"padding-top: 8px;\">\n<div style=\"color: #3897f0; font-family: Arial,sans-serif; font-size: 14px; font-style: normal; font-weight: 550; line-height: 18px;\">Ver essa foto no Instagram<\/div>\n<\/div>\n<div style=\"padding: 12.5% 0;\">&nbsp;<\/div>\n<div style=\"display: flex; flex-direction: row; margin-bottom: 14px; align-items: center;\">\n<div>\n<div style=\"background-color: #f4f4f4; border-radius: 50%; height: 12.5px; width: 12.5px; transform: translateX(0px) translateY(7px);\">&nbsp;<\/div>\n<div style=\"background-color: #f4f4f4; height: 12.5px; transform: rotate(-45deg) translateX(3px) translateY(1px); width: 12.5px; flex-grow: 0; margin-right: 14px; margin-left: 2px;\">&nbsp;<\/div>\n<div style=\"background-color: #f4f4f4; border-radius: 50%; height: 12.5px; width: 12.5px; transform: translateX(9px) translateY(-18px);\">&nbsp;<\/div>\n<\/div>\n<div style=\"margin-left: 8px;\">\n<div style=\"background-color: #f4f4f4; border-radius: 50%; flex-grow: 0; height: 20px; width: 20px;\">&nbsp;<\/div>\n<div style=\"width: 0; height: 0; border-top: 2px solid transparent; border-left: 6px solid #f4f4f4; border-bottom: 2px solid transparent; transform: translateX(16px) translateY(-4px) rotate(30deg);\">&nbsp;<\/div>\n<\/div>\n<div style=\"margin-left: auto;\">\n<div style=\"width: 0px; border-top: 8px solid #F4F4F4; border-right: 8px solid transparent; transform: translateY(16px);\">&nbsp;<\/div>\n<div style=\"background-color: #f4f4f4; flex-grow: 0; height: 12px; width: 16px; transform: translateY(-4px);\">&nbsp;<\/div>\n<div style=\"width: 0; height: 0; border-top: 8px solid #F4F4F4; border-left: 8px solid transparent; transform: translateY(-4px) translateX(8px);\">&nbsp;<\/div>\n<\/div>\n<\/div>\n<div style=\"display: flex; flex-direction: column; flex-grow: 1; justify-content: center; margin-bottom: 24px;\">\n<div style=\"background-color: #f4f4f4; border-radius: 4px; flex-grow: 0; height: 14px; margin-bottom: 6px; width: 224px;\">&nbsp;<\/div>\n<div style=\"background-color: #f4f4f4; border-radius: 4px; flex-grow: 0; height: 14px; width: 144px;\">&nbsp;<\/div>\n<\/div>\n<p style=\"color: #c9c8cd; font-family: Arial,sans-serif; font-size: 14px; line-height: 17px; margin-bottom: 0; margin-top: 8px; overflow: hidden; padding: 8px 0 7px; text-align: center; text-overflow: ellipsis; white-space: nowrap;\"><a style=\"color: #c9c8cd; font-family: Arial,sans-serif; font-size: 14px; font-style: normal; font-weight: normal; line-height: 17px; text-decoration: none;\" href=\"https:\/\/www.instagram.com\/p\/Bt4r7zbg9OW\/\" target=\"_blank\" rel=\"noopener noreferrer\">Uma publica\u00e7\u00e3o compartilhada por Conhe\u00e7a o Piau\u00ed (@conhecaopiaui)<\/a> em <time style=\"font-family: Arial,sans-serif; font-size: 14px; line-height: 17px;\" datetime=\"2019-02-15T02:30:21+00:00\">14 de Fev, 2019 \u00e0s 6:30 PST<\/time><\/p>\n<\/div>\n<\/blockquote>\n\n\n\n<p><script async=\"\" src=\"\/\/www.instagram.com\/embed.js\"><\/script><\/p>\n\n\n\n<p><strong>27. <a href=\"https:\/\/quantocustaviajar.com\/blog\/piscinas-naturais-de-picaozinho-joao-pessoa\/\" target=\"_blank\" rel=\"noopener noreferrer\">Pic\u00e3ozinho<\/a>, <a href=\"https:\/\/quantocustaviajar.com\/brasil\/joao-pessoa\" target=\"_blank\" rel=\"noopener noreferrer\">Jo\u00e3o Pessoa<\/a>, Para\u00edba<\/strong><\/p>\n\n\n\n<p>Quem visita a capital da Para\u00edba deve visitar Pic\u00e3ozinho,&nbsp;uma das barreiras de recifes mais lindas de se ver aqui no Brasil.&nbsp;Junto com as&nbsp;<a href=\"https:\/\/quantocustaviajar.com\/blog\/piscinas-naturais-do-seixas-joao-pessoa\/\" target=\"_blank\" rel=\"noopener noreferrer\"><strong>piscinas naturais do Seixas<\/strong><\/a>&nbsp;e a visita \u00e0&nbsp;<a href=\"https:\/\/quantocustaviajar.com\/blog\/areia-vermelha-joao-pessoa-paraiba\/\" target=\"_blank\" rel=\"noopener noreferrer\"><strong>Ilha de Areia Vermelha<\/strong><\/a>, o passeio at\u00e9 as piscinas naturais de Pic\u00e3ozinho \u00e9 um dos mais tradicionais para se fazer em&nbsp;<a href=\"https:\/\/quantocustaviajar.com\/brasil\/joao-pessoa\" target=\"_blank\" rel=\"noopener noreferrer\"><strong>Jo\u00e3o Pessoa.<\/strong><\/a>&nbsp;Flutuar nas \u00e1guas claras e mornas para ver os peixinhos coloridos \u00e9 a grande atra\u00e7\u00e3o do local, que pode ser visitado quando a mar\u00e9 est\u00e1 baixa. Pic\u00e3ozinho fica a 1500 metros da orla da Praia de Tamba\u00fa e os passeios que fazem a travessia custam de R$ 25 a R$ 50, dependendo de qual embarca\u00e7\u00e3o voc\u00ea pegar.<\/p>\n\n\n\n<p><strong>Onde ficar:\u00a0<a href=\"https:\/\/www.booking.com\/hotel\/br\/hostel-casa-dos-girassois.pt-br.html\" target=\"_blank\" rel=\"noopener noreferrer\">Hostel dos Girass\u00f3is<\/a><\/strong> <strong>| <a href=\"https:\/\/www.booking.com\/hotel\/br\/bessa-beach.pt-br.html?aid=2161834\" target=\"_blank\" rel=\"noopener noreferrer\">Bessa Beach Hotel<\/a> | <a href=\"https:\/\/www.booking.com\/hotel\/br\/cabo-branco-atlantico.pt-br.html?aid=2161834\" target=\"_blank\" rel=\"noopener noreferrer\">Hotel Cabo Branco Atl\u00e2ntico<\/a><\/strong> <strong>| <a href=\"https:\/\/www.booking.com\/hotel\/br\/hardman-praia.pt-br.html?aid=2161834\" target=\"_blank\" rel=\"noopener noreferrer\">Hardman Praia Hotel<\/a>.<br><\/strong><\/p>\n\n\n\n<figure class=\"wp-block-image alignnone size-full wp-image-34567\"><img loading=\"lazy\" decoding=\"async\" width=\"800\" height=\"600\" src=\"https:\/\/quantocustaviajar.com\/blog\/wp-content\/uploads\/2019\/05\/piscinas-naturais-de-picaozinho-4.jpg\" alt=\"piscinas naturais de pic\u00e3ozinho\" class=\"wp-image-34567\" srcset=\"https:\/\/quantocustaviajar.com\/blog\/wp-content\/uploads\/2019\/05\/piscinas-naturais-de-picaozinho-4.jpg 800w, https:\/\/quantocustaviajar.com\/blog\/wp-content\/uploads\/2019\/05\/piscinas-naturais-de-picaozinho-4-300x225.jpg 300w, https:\/\/quantocustaviajar.com\/blog\/wp-content\/uploads\/2019\/05\/piscinas-naturais-de-picaozinho-4-768x576.jpg 768w\" sizes=\"auto, (max-width: 800px) 100vw, 800px\" \/><figcaption class=\"wp-element-caption\">Foto: <a href=\"https:\/\/pt.wikipedia.org\/wiki\/Ficheiro:Picaozinho.jpg\" target=\"_blank\" rel=\"noopener noreferrer\">Wikimedia Commons<\/a><\/figcaption><\/figure>\n\n\n\n<p><strong>28.&nbsp;<a href=\"https:\/\/quantocustaviajar.com\/blog\/sao-desiderio-descubra-as-belezas-naturais\/\" target=\"_blank\" rel=\"noopener noreferrer\">S\u00e3o Desid\u00e9rio<\/a>, Bahia<\/strong><\/p>\n\n\n\n<p>Nem s\u00f3 de praias paradis\u00edacas rodeadas por coqueiros vive o Nordeste! S\u00e3o Desid\u00e9rio \u00e9 um destino excelente para quem deseja explorar outras belezas naturais com muito verde.&nbsp; A pequena cidade, localizada no&nbsp;oeste da Bahia, a 900 km de&nbsp;<strong><a href=\"https:\/\/quantocustaviajar.com\/brasil\/salvador\" target=\"_blank\" rel=\"noopener noreferrer\">Salvador<\/a><\/strong>,vem ganhando fama entre os turistas que s\u00e3o apaixonados por natureza e esportes radicais. Isso porque S\u00e3o Desid\u00e9rio possui mais de 100&nbsp;<strong><a href=\"https:\/\/quantocustaviajar.com\/blog\/?s=grutas\" target=\"_blank\" rel=\"noopener noreferrer\">grutas<\/a>&nbsp;<\/strong>perfeitas para quem gosta de escaladas e trilhas.&nbsp;Destaque para o Parque Municipal da Lagoa Azul, a Gruta do Cat\u00e3o, a Gruta da Beleza e o Buraco de Inferno.<\/p>\n\n\n\n<p><strong>Onde ficar:<\/strong> vale a pena ficar em Barreiras, cidade vizinha com maior infraestrutura hoteleira. <a href=\"https:\/\/www.booking.com\/hotel\/br\/e-restaurante-marialva.pt-br.html?aid=2161834\" target=\"_blank\" rel=\"noopener noreferrer\"><strong>Hotel e Restaurante Marialva<\/strong><\/a> | <a href=\"https:\/\/www.booking.com\/hotel\/br\/alencar-barreiras1.pt-br.html?aid=2161834\" target=\"_blank\" rel=\"noopener noreferrer\"><strong>Alencar Hotel<\/strong><\/a> | <a href=\"https:\/\/www.booking.com\/hotel\/br\/morubixaba.pt-br.html?aid=2161834\" target=\"_blank\" rel=\"noopener noreferrer\"><strong>Hotel Morubixaba<\/strong><\/a>.<\/p>\n\n\n\n<figure class=\"wp-block-image alignnone size-full wp-image-29903\"><img loading=\"lazy\" decoding=\"async\" width=\"1023\" height=\"673\" src=\"https:\/\/quantocustaviajar.com\/blog\/wp-content\/uploads\/2016\/03\/lugares-para-conhecer-na-bahia-sao-desiderio.jpg\" alt=\"lugares para conhecer na bahia\" class=\"wp-image-29903\" srcset=\"https:\/\/quantocustaviajar.com\/blog\/wp-content\/uploads\/2016\/03\/lugares-para-conhecer-na-bahia-sao-desiderio.jpg 1023w, https:\/\/quantocustaviajar.com\/blog\/wp-content\/uploads\/2016\/03\/lugares-para-conhecer-na-bahia-sao-desiderio-300x197.jpg 300w, https:\/\/quantocustaviajar.com\/blog\/wp-content\/uploads\/2016\/03\/lugares-para-conhecer-na-bahia-sao-desiderio-768x505.jpg 768w\" sizes=\"auto, (max-width: 1023px) 100vw, 1023px\" \/><figcaption class=\"wp-element-caption\">Foto: <a href=\"https:\/\/commons.wikimedia.org\/wiki\/File:Lago_do_Cruzeiro_-_Buraco_do_Inferno_da_Lagoa_do_Cemit%C3%A9rio.jpg\" target=\"_blank\" rel=\"noopener noreferrer\">Wikimedia Commons<\/a><\/figcaption><\/figure>\n\n\n\n<figure class=\"wp-block-embed is-type-video is-provider-youtube wp-block-embed-youtube wp-embed-aspect-16-9 wp-has-aspect-ratio\"><div class=\"wp-block-embed__wrapper\">\n<iframe loading=\"lazy\" title=\"Parque Municipal da Lagoa Azul - S\u00e3o Desid\u00e9rio - Bahia\" width=\"1290\" height=\"726\" src=\"https:\/\/www.youtube.com\/embed\/JNybPXgpHfM?feature=oembed\" frameborder=\"0\" allow=\"accelerometer; autoplay; clipboard-write; encrypted-media; gyroscope; picture-in-picture; web-share\" referrerpolicy=\"strict-origin-when-cross-origin\" allowfullscreen><\/iframe>\n<\/div><\/figure>\n\n\n\n<p><strong>29.&nbsp;Lagoa de Pitangui, Natal, Rio Grande do Norte<\/strong><\/p>\n\n\n\n<p>A 25 km do centro de <a href=\"https:\/\/quantocustaviajar.com\/brasil\/natal\" target=\"_blank\" rel=\"noopener noreferrer\"><strong>Natal<\/strong><\/a> fica a <strong><a href=\"https:\/\/quantocustaviajar.com\/blog\/lagoas-do-rio-grande-do-norte\/\" target=\"_blank\" rel=\"noopener noreferrer\">lagoa<\/a> <\/strong>mais visitada da cidade, a Pitangui. O destino faz parte da maioria dos passeios de buggy pela regi\u00e3o e voc\u00ea precisa conhecer essa belezinha, que fica logo ap\u00f3s a Praia de Gra\u00e7and\u00fa. Nas \u00e1guas claras e tranquilas da Lagoa de Pitangui, \u00e9 poss\u00edvel se refrescar, fazer passeios de caiaque e pedalinho. A paisagem revela um lugar r\u00fastico, cercado de palmeiras e por dunas.<\/p>\n\n\n\n<p><strong>Onde ficar:\u00a0<a href=\"https:\/\/www.booking.com\/hotel\/br\/republika-hostel.pt-br.html?aid=2161834\" target=\"_blank\" rel=\"noopener noreferrer\">Republika Hostel <\/a><\/strong> <strong>| <a href=\"https:\/\/www.booking.com\/hotel\/br\/pizzato-praia.pt-br.html?aid=2161834\" target=\"_blank\" rel=\"noopener noreferrer\">Pizzato Praia Hotel <\/a> | <a href=\"https:\/\/www.booking.com\/hotel\/br\/arituba-park.pt-br.html?aid=2161834\" target=\"_blank\" rel=\"noopener noreferrer\">Arituba Park Hotel <\/a> | <a href=\"https:\/\/www.booking.com\/hotel\/br\/best-western-premier-majestic.pt-br.html?aid=2161834\" target=\"_blank\" rel=\"noopener noreferrer\">Best Western Premier Majestic Ponta Negra<\/a><\/strong> .<\/p>\n\n\n\n<figure class=\"wp-block-image alignnone size-full wp-image-34883\"><img loading=\"lazy\" decoding=\"async\" width=\"800\" height=\"533\" src=\"https:\/\/quantocustaviajar.com\/blog\/wp-content\/uploads\/2017\/02\/lagoa-do-pitangui-natal-1.jpg\" alt=\"lagoa do pitangui\" class=\"wp-image-34883\" srcset=\"https:\/\/quantocustaviajar.com\/blog\/wp-content\/uploads\/2017\/02\/lagoa-do-pitangui-natal-1.jpg 800w, https:\/\/quantocustaviajar.com\/blog\/wp-content\/uploads\/2017\/02\/lagoa-do-pitangui-natal-1-300x200.jpg 300w, https:\/\/quantocustaviajar.com\/blog\/wp-content\/uploads\/2017\/02\/lagoa-do-pitangui-natal-1-768x512.jpg 768w\" sizes=\"auto, (max-width: 800px) 100vw, 800px\" \/><figcaption class=\"wp-element-caption\">Foto: <a href=\"https:\/\/www.partner.viator.com\/pt\/15570\/tours\/Natal\/BUGGY-LITORAL-NORTE-GENIPABU\/d820-54030P5\" target=\"_blank\" rel=\"noopener noreferrer\">Wikimedia Commons<\/a><\/figcaption><\/figure>\n\n\n\n<figure class=\"wp-block-image alignnone size-full wp-image-34884\"><img loading=\"lazy\" decoding=\"async\" width=\"800\" height=\"533\" src=\"https:\/\/quantocustaviajar.com\/blog\/wp-content\/uploads\/2017\/02\/lagoa-do-pitangui-natal-2.jpg\" alt=\"lagoa do pitangui\" class=\"wp-image-34884\" srcset=\"https:\/\/quantocustaviajar.com\/blog\/wp-content\/uploads\/2017\/02\/lagoa-do-pitangui-natal-2.jpg 800w, https:\/\/quantocustaviajar.com\/blog\/wp-content\/uploads\/2017\/02\/lagoa-do-pitangui-natal-2-300x200.jpg 300w, https:\/\/quantocustaviajar.com\/blog\/wp-content\/uploads\/2017\/02\/lagoa-do-pitangui-natal-2-768x512.jpg 768w\" sizes=\"auto, (max-width: 800px) 100vw, 800px\" \/><figcaption class=\"wp-element-caption\">Foto: <a href=\"https:\/\/commons.wikimedia.org\/wiki\/File:Sand_buggying_Lagoa_de_Pitangui_(8226041431).jpg\" target=\"_blank\" rel=\"noopener noreferrer\">Wikimedia Commons<\/a><\/figcaption><\/figure>\n\n\n\n<p><strong>30.&nbsp;Jequi\u00e1 da Praia, S\u00e3o Miguel dos Campos, Alagoas<\/strong><\/p>\n\n\n\n<p>A apenas 68 km de dist\u00e2ncia de <a href=\"https:\/\/quantocustaviajar.com\/brasil\/maceio\" target=\"_blank\" rel=\"noopener noreferrer\"><strong>Macei\u00f3<\/strong><\/a>&nbsp;est\u00e1 a agrad\u00e1vel Jequi\u00e1 da Praia, destino perfeito para quem gosta de praias tranquilas, um verdadeiro deleite para os visitantes. As praias que fazem parte da regi\u00e3o s\u00e3o Lagoa Azeda, Duas Barras, Barra de Jequi\u00e1, Lagoa de Jequi\u00e1 e Jacarecica do Sul, rodeada de imponentes fal\u00e9sias. Para chegar l\u00e1, basta fazer a travessia pelo rio Jequi\u00e1.<\/p>\n\n\n\n<p><strong>Onde ficar:\u00a0<a href=\"https:\/\/www.booking.com\/hotel\/br\/flats-e-hostel-das-marias.pt-br.html?aid=2161834\" target=\"_blank\" rel=\"noopener noreferrer\">Hostel das Maria&#8217;s<\/a><\/strong> | <a href=\"https:\/\/www.booking.com\/hotel\/br\/condominio-olivermar.pt-br.html?aid=2161834\" target=\"_blank\" rel=\"noopener noreferrer\"><strong>Condom\u00ednio Olivermar<\/strong><\/a> | <a href=\"https:\/\/www.booking.com\/hotel\/br\/dunas-de-marape.pt-br.html?aid=2161834\" target=\"_blank\" rel=\"noopener noreferrer\"><strong>Dunas de Marape<\/strong><\/a>.<\/p>\n\n\n\n<figure class=\"wp-block-image alignnone size-full wp-image-34885\"><img loading=\"lazy\" decoding=\"async\" width=\"800\" height=\"534\" src=\"https:\/\/quantocustaviajar.com\/blog\/wp-content\/uploads\/2017\/02\/Praia_da_barra_do_Jequi\u00e1.jpg\" alt=\"\" class=\"wp-image-34885\" srcset=\"https:\/\/quantocustaviajar.com\/blog\/wp-content\/uploads\/2017\/02\/Praia_da_barra_do_Jequi\u00e1.jpg 800w, https:\/\/quantocustaviajar.com\/blog\/wp-content\/uploads\/2017\/02\/Praia_da_barra_do_Jequi\u00e1-300x200.jpg 300w, https:\/\/quantocustaviajar.com\/blog\/wp-content\/uploads\/2017\/02\/Praia_da_barra_do_Jequi\u00e1-768x513.jpg 768w\" sizes=\"auto, (max-width: 800px) 100vw, 800px\" \/><figcaption class=\"wp-element-caption\">Foto: <a href=\"https:\/\/commons.wikimedia.org\/wiki\/File:Praia_da_barra_do_Jequi%C3%A1.jpg\" target=\"_blank\" rel=\"noopener noreferrer\">Wikimedia Commons<\/a><\/figcaption><\/figure>\n\n\n\n<script type=\"application\/ld+json\">\n{\n  \"@context\": \"https:\/\/schema.org\",\n  \"@graph\": [\n    {\n      \"@type\": \"FAQPage\",\n      \"@id\": \"https:\/\/quantocustaviajar.com\/blog\/12-lugares-para-viajar-no-nordeste\/#faq\",\n      \"mainEntity\": [\n        {\n          \"@type\": \"Question\",\n          \"name\": \"Por que visitar o Nordeste brasileiro?\",\n          \"acceptedAnswer\": {\n            \"@type\": \"Answer\",\n            \"text\": \"O Nordeste brasileiro combina praias paradis\u00edacas, clima quente o ano inteiro, cultura rica e destinos para todos os bolsos, tornando-se um dos destinos mais desejados do pa\u00eds. :contentReference[oaicite:0]{index=0}\"\n          }\n        },\n        {\n          \"@type\": \"Question\",\n          \"name\": \"Quantos destinos est\u00e3o listados no artigo?\",\n          \"acceptedAnswer\": {\n            \"@type\": \"Answer\",\n            \"text\": \"O artigo lista 12 lugares imperd\u00edveis para viajar pelo Nordeste. :contentReference[oaicite:1]{index=1}\"\n          }\n        },\n        {\n          \"@type\": \"Question\",\n          \"name\": \"Os lugares listados s\u00e3o apenas praias?\",\n          \"acceptedAnswer\": {\n            \"@type\": \"Answer\",\n            \"text\": \"N\u00e3o \u2014 embora muitas sejam praias, a lista inclui tamb\u00e9m destinos de natureza mais r\u00fastica e culturais, ampliando o leque para diferentes perfis de viajantes. :contentReference[oaicite:2]{index=2}\"\n          }\n        },\n        {\n          \"@type\": \"Question\",\n          \"name\": \"Vale reservar com anteced\u00eancia para esses destinos?\",\n          \"acceptedAnswer\": {\n            \"@type\": \"Answer\",\n            \"text\": \"Sim \u2014 por serem destinos muito populares no Nordeste, \u00e9 recomend\u00e1vel reservar hospedagem e transporte com anteced\u00eancia, especialmente na alta temporada. :contentReference[oaicite:3]{index=3}\"\n          }\n        }\n      ]\n    },\n    {\n      \"@type\": \"ItemList\",\n      \"@id\": \"https:\/\/quantocustaviajar.com\/blog\/12-lugares-para-viajar-no-nordeste\/#lista-destinos\",\n      \"name\": \"12 destinos imperd\u00edveis no Nordeste brasileiro\",\n      \"itemListOrder\": \"https:\/\/schema.org\/ItemListOrderAscending\",\n      \"numberOfItems\": 12,\n      \"itemListElement\": [\n        {\n          \"@type\": \"ListItem\",\n          \"position\": 1,\n          \"item\": {\n            \"@type\": \"Place\",\n            \"@id\": \"https:\/\/quantocustaviajar.com\/blog\/12-lugares-para-viajar-no-nordeste\/#Genipabu\",\n            \"name\": \"Genipabu, Extremoz (RN)\",\n            \"url\": \"https:\/\/quantocustaviajar.com\/blog\/12-lugares-para-viajar-no-nordeste\/#Genipabu\",\n            \"description\": \"Parque de dunas e lagoas pr\u00f3ximo a Natal, com cen\u00e1rio \u00fanico no Rio Grande do Norte. :contentReference[oaicite:4]{index=4}\"\n          }\n        },\n        {\n          \"@type\": \"ListItem\",\n          \"position\": 2,\n          \"item\": {\n            \"@type\": \"Place\",\n            \"@id\": \"https:\/\/quantocustaviajar.com\/blog\/12-lugares-para-viajar-no-nordeste\/#Lencois-Maranhenses\",\n            \"name\": \"Len\u00e7\u00f3is Maranhenses (MA)\",\n            \"url\": \"https:\/\/quantocustaviajar.com\/blog\/12-lugares-para-viajar-no-nordeste\/#Lencois-Maranhenses\",\n            \"description\": \"\u00c1rea de conserva\u00e7\u00e3o com dunas, lagoas de \u00e1gua doce e paisagens surreais no Maranh\u00e3o. :contentReference[oaicite:5]{index=5}\"\n          }\n        },\n        {\n          \"@type\": \"ListItem\",\n          \"position\": 3,\n          \"item\": {\n            \"@type\": \"Place\",\n            \"@id\": \"https:\/\/quantocustaviajar.com\/blog\/12-lugares-para-viajar-no-nordeste\/#Morro-de-Sao-Paulo\",\n            \"name\": \"Morro de S\u00e3o Paulo (BA)\",\n            \"url\": \"https:\/\/quantocustaviajar.com\/blog\/12-lugares-para-viajar-no-nordeste\/#Morro-de-Sao-Paulo\",\n            \"description\": \"Vila-ilha na Bahia rodeada por praias paradis\u00edacas \u2014 escapada perfeita da cidade. :contentReference[oaicite:6]{index=6}\"\n          }\n        },\n        {\n          \"@type\": \"ListItem\",\n          \"position\": 4,\n          \"item\": {\n            \"@type\": \"Place\",\n            \"@id\": \"https:\/\/quantocustaviajar.com\/blog\/12-lugares-para-viajar-no-nordeste\/#Porto-de-Galinhas\",\n            \"name\": \"Porto de Galinhas (PE)\",\n            \"url\": \"https:\/\/quantocustaviajar.com\/blog\/12-lugares-para-viajar-no-nordeste\/#Porto-de-Galinhas\",\n            \"description\": \"Praia de areias brancas e piscinas naturais no litoral de Pernambuco. :contentReference[oaicite:7]{index=7}\"\n          }\n        },\n        {\n          \"@type\": \"ListItem\",\n          \"position\": 5,\n          \"item\": {\n            \"@type\": \"Place\",\n            \"@id\": \"https:\/\/quantocustaviajar.com\/blog\/12-lugares-para-viajar-no-nordeste\/#Pelourinho\",\n            \"name\": \"Pelourinho, Salvador (BA)\",\n            \"url\": \"https:\/\/quantocustaviajar.com\/blog\/12-lugares-para-viajar-no-nordeste\/#Pelourinho\",\n            \"description\": \"Bairro hist\u00f3rico em Salvador, com arquitetura colonial e rica cultura afro-brasileira. :contentReference[oaicite:8]{index=8}\"\n          }\n        },\n        {\n          \"@type\": \"ListItem\",\n          \"position\": 6,\n          \"item\": {\n            \"@type\": \"Place\",\n            \"@id\": \"https:\/\/quantocustaviajar.com\/blog\/12-lugares-para-viajar-no-nordeste\/#Baia-dos-Porcos\",\n            \"name\": \"Ba\u00eda dos Porcos, Fernando de Noronha (PE)\",\n            \"url\": \"https:\/\/quantocustaviajar.com\/blog\/12-lugares-para-viajar-no-nordeste\/#Baia-dos-Porcos\",\n            \"description\": \"Piscinas naturais com fauna marinha vibrante no arquip\u00e9lago de Noronha. :contentReference[oaicite:9]{index=9}\"\n          }\n        },\n        {\n          \"@type\": \"ListItem\",\n          \"position\": 7,\n          \"item\": {\n            \"@type\": \"Place\",\n            \"@id\": \"https:\/\/quantocustaviajar.com\/blog\/12-lugares-para-viajar-no-nordeste\/#Jijoca-de-Jericoacoara\",\n            \"name\": \"Jijoca de Jericoacoara (CE)\",\n            \"url\": \"https:\/\/quantocustaviajar.com\/blog\/12-lugares-para-viajar-no-nordeste\/#Jijoca-de-Jericoacoara\",\n            \"description\": \"Vila isolada no Cear\u00e1 acess\u00edvel por 4\u00d74, famosa pela lagoa azul. :contentReference[oaicite:10]{index=10}\"\n          }\n        },\n        {\n          \"@type\": \"ListItem\",\n          \"position\": 8,\n          \"item\": {\n            \"@type\": \"Place\",\n            \"@id\": \"https:\/\/quantocustaviajar.com\/blog\/12-lugares-para-viajar-no-nordeste\/#Praia-do-Gunga\",\n            \"name\": \"Praia do Gunga, Barra de S\u00e3o Miguel (AL)\",\n            \"url\": \"https:\/\/quantocustaviajar.com\/blog\/12-lugares-para-viajar-no-nordeste\/#Praia-do-Gunga\",\n            \"description\": \"Praia com coqueiros, fal\u00e9sias e mar esverdeado no Alagoas. :contentReference[oaicite:11]{index=11}\"\n          }\n        },\n        {\n          \"@type\": \"ListItem\",\n          \"position\": 9,\n          \"item\": {\n            \"@type\": \"Place\",\n            \"@id\": \"https:\/\/quantocustaviajar.com\/blog\/12-lugares-para-viajar-no-nordeste\/#Maragogi\",\n            \"name\": \"Maragogi (AL)\",\n            \"url\": \"https:\/\/quantocustaviajar.com\/blog\/12-lugares-para-viajar-no-nordeste\/#Maragogi\",\n            \"description\": \"Destino famoso por mergulho em \u00e1guas cristalinas e piscinas naturais. :contentReference[oaicite:12]{index=12}\"\n          }\n        },\n        {\n          \"@type\": \"ListItem\",\n          \"position\": 10,\n          \"item\": {\n            \"@type\": \"Place\",\n            \"@id\": \"https:\/\/quantocustaviajar.com\/blog\/12-lugares-para-viajar-no-nordeste\/#Maracajau\",\n            \"name\": \"Maracaja\u00fa, Maxaranguape (RN)\",\n            \"url\": \"https:\/\/quantocustaviajar.com\/blog\/12-lugares-para-viajar-no-nordeste\/#Maracajau\",\n            \"description\": \"Praia com piscinas naturais (\u201cparrachos\u201d) no litoral norte do Rio Grande do Norte. :contentReference[oaicite:13]{index=13}\"\n          }\n        },\n        {\n          \"@type\": \"ListItem\",\n          \"position\": 11,\n          \"item\": {\n            \"@type\": \"Place\",\n            \"@id\": \"https:\/\/quantocustaviajar.com\/blog\/12-lugares-para-viajar-no-nordeste\/#Canoa-Quebrada\",\n            \"name\": \"Canoa Quebrada, Aracati (CE)\",\n            \"url\": \"https:\/\/quantocustaviajar.com\/blog\/12-lugares-para-viajar-no-nordeste\/#Canoa-Quebrada\",\n            \"description\": \"Praia com fal\u00e9sias coloridas, dunas e clima de aventura no Cear\u00e1. :contentReference[oaicite:14]{index=14}\"\n          }\n        },\n        {\n          \"@type\": \"ListItem\",\n          \"position\": 12,\n          \"item\": {\n            \"@type\": \"Place\",\n            \"@id\": \"https:\/\/quantocustaviajar.com\/blog\/12-lugares-para-viajar-no-nordeste\/#Olinda\",\n            \"name\": \"Olinda (PE)\",\n            \"url\": \"https:\/\/quantocustaviajar.com\/blog\/12-lugares-para-viajar-no-nordeste\/#Olinda\",\n            \"description\": \"Cidade hist\u00f3rica pr\u00f3xima a Recife, cheia de charme, ladeiras de casario e carnaval famoso. :contentReference[oaicite:15]{index=15}\"\n          }\n        }\n      ]\n    }\n  ]\n}\n<\/script>\n\n\n\n<p><\/p>\n","protected":false},"excerpt":{"rendered":"<p>O Nordeste brasileiro \u00e9 um dos destinos mais desejados do pa\u00eds, extremamente popular entre turistas brasileiros e estrangeiros. Talvez seja a maravilhosa combina\u00e7\u00e3o de praias paradis\u00edacas, seus in\u00fameros resorts, cultura por todos os lados ou ent\u00e3o o sol quente o ano todo. De t\u00e3o exuberante, a regi\u00e3o Nordeste imp\u00f5e a obriga\u00e7\u00e3o (quase moral) de visit\u00e1-la [&hellip;]<\/p>\n","protected":false},"author":6,"featured_media":30180,"comment_status":"open","ping_status":"open","sticky":false,"template":"","format":"standard","meta":{"cybocfi_hide_featured_image":"","footnotes":""},"categories":[1437,1434],"tags":[1485,266,240,440,74,210,150,309,181,464],"class_list":["post-13247","post","type-post","status-publish","format-standard","has-post-thumbnail","hentry","category-ao-ar-livre","category-descubra-brasil","tag-americadosul","tag-brasil","tag-cidades","tag-ferias","tag-hospedagem","tag-lugares","tag-nordeste","tag-praia","tag-praias","tag-verao"],"blocksy_meta":[],"yoast_head":"<!-- This site is optimized with the Yoast SEO plugin v26.3 - https:\/\/yoast.com\/wordpress\/plugins\/seo\/ -->\n<title>30 lugares para viajar no Nordeste - Confira a lista e comece a planejar!<\/title>\n<meta name=\"description\" content=\"O Quanto Custa Viajar separou 12 lugares para viajar no Nordeste, entre os mais belos cart\u00f5es-postais da regi\u00e3o que voc\u00ea precisa conhecer.\" \/>\n<meta name=\"robots\" content=\"index, follow, max-snippet:-1, max-image-preview:large, max-video-preview:-1\" \/>\n<link rel=\"canonical\" href=\"https:\/\/quantocustaviajar.com\/blog\/12-lugares-para-viajar-no-nordeste\/\" \/>\n<meta property=\"og:locale\" content=\"pt_BR\" \/>\n<meta property=\"og:type\" content=\"article\" \/>\n<meta property=\"og:title\" content=\"30 lugares para viajar no Nordeste - Confira a lista e comece a planejar!\" \/>\n<meta property=\"og:description\" content=\"O Quanto Custa Viajar separou 12 lugares para viajar no Nordeste, entre os mais belos cart\u00f5es-postais da regi\u00e3o que voc\u00ea precisa conhecer.\" \/>\n<meta property=\"og:url\" content=\"https:\/\/quantocustaviajar.com\/blog\/12-lugares-para-viajar-no-nordeste\/\" \/>\n<meta property=\"og:site_name\" content=\"Blog Quanto Custa Viajar\" \/>\n<meta property=\"article:publisher\" content=\"https:\/\/www.facebook.com\/quantocustaviajar\" \/>\n<meta property=\"article:published_time\" content=\"2025-11-01T10:51:00+00:00\" \/>\n<meta property=\"article:modified_time\" content=\"2025-11-17T13:36:19+00:00\" \/>\n<meta property=\"og:image\" content=\"https:\/\/quantocustaviajar.com\/blog\/wp-content\/uploads\/2018\/12\/dunas-de-genipabu-6.jpg\" \/>\n\t<meta property=\"og:image:width\" content=\"1280\" \/>\n\t<meta property=\"og:image:height\" content=\"706\" \/>\n\t<meta property=\"og:image:type\" content=\"image\/jpeg\" \/>\n<meta name=\"author\" content=\"Equipe Quanto Custa Viajar\" \/>\n<meta name=\"twitter:card\" content=\"summary_large_image\" \/>\n<meta name=\"twitter:label1\" content=\"Escrito por\" \/>\n\t<meta name=\"twitter:data1\" content=\"Equipe Quanto Custa Viajar\" \/>\n\t<meta name=\"twitter:label2\" content=\"Est. tempo de leitura\" \/>\n\t<meta name=\"twitter:data2\" content=\"28 minutos\" \/>\n<!-- \/ Yoast SEO plugin. -->","yoast_head_json":{"title":"30 lugares para viajar no Nordeste - Confira a lista e comece a planejar!","description":"O Quanto Custa Viajar separou 12 lugares para viajar no Nordeste, entre os mais belos cart\u00f5es-postais da regi\u00e3o que voc\u00ea precisa conhecer.","robots":{"index":"index","follow":"follow","max-snippet":"max-snippet:-1","max-image-preview":"max-image-preview:large","max-video-preview":"max-video-preview:-1"},"canonical":"https:\/\/quantocustaviajar.com\/blog\/12-lugares-para-viajar-no-nordeste\/","og_locale":"pt_BR","og_type":"article","og_title":"30 lugares para viajar no Nordeste - Confira a lista e comece a planejar!","og_description":"O Quanto Custa Viajar separou 12 lugares para viajar no Nordeste, entre os mais belos cart\u00f5es-postais da regi\u00e3o que voc\u00ea precisa conhecer.","og_url":"https:\/\/quantocustaviajar.com\/blog\/12-lugares-para-viajar-no-nordeste\/","og_site_name":"Blog Quanto Custa Viajar","article_publisher":"https:\/\/www.facebook.com\/quantocustaviajar","article_published_time":"2025-11-01T10:51:00+00:00","article_modified_time":"2025-11-17T13:36:19+00:00","og_image":[{"width":1280,"height":706,"url":"https:\/\/quantocustaviajar.com\/blog\/wp-content\/uploads\/2018\/12\/dunas-de-genipabu-6.jpg","type":"image\/jpeg"}],"author":"Equipe Quanto Custa Viajar","twitter_card":"summary_large_image","twitter_misc":{"Escrito por":"Equipe Quanto Custa Viajar","Est. tempo de leitura":"28 minutos"},"schema":{"@context":"https:\/\/schema.org","@graph":[{"@type":["Article","BlogPosting"],"@id":"https:\/\/quantocustaviajar.com\/blog\/12-lugares-para-viajar-no-nordeste\/#article","isPartOf":{"@id":"https:\/\/quantocustaviajar.com\/blog\/12-lugares-para-viajar-no-nordeste\/"},"author":{"name":"Equipe Quanto Custa Viajar","@id":"https:\/\/quantocustaviajar.com\/blog\/#\/schema\/person\/d977032201a8b95763a3a2dad4f43dd1"},"headline":"30 lugares para viajar no Nordeste nas pr\u00f3ximas f\u00e9rias","datePublished":"2025-11-01T10:51:00+00:00","dateModified":"2025-11-17T13:36:19+00:00","mainEntityOfPage":{"@id":"https:\/\/quantocustaviajar.com\/blog\/12-lugares-para-viajar-no-nordeste\/"},"wordCount":3596,"commentCount":22,"publisher":{"@id":"https:\/\/quantocustaviajar.com\/blog\/#organization"},"image":{"@id":"https:\/\/quantocustaviajar.com\/blog\/12-lugares-para-viajar-no-nordeste\/#primaryimage"},"thumbnailUrl":"https:\/\/quantocustaviajar.com\/blog\/wp-content\/uploads\/2018\/12\/dunas-de-genipabu-6.jpg","keywords":["americadosul","Brasil","cidades","f\u00e9rias","hospedagem","lugares","nordeste","praia","praias","ver\u00e3o"],"articleSection":["Ao Ar Livre","Descubra o Brasil"],"inLanguage":"pt-BR","potentialAction":[{"@type":"CommentAction","name":"Comment","target":["https:\/\/quantocustaviajar.com\/blog\/12-lugares-para-viajar-no-nordeste\/#respond"]}]},{"@type":"WebPage","@id":"https:\/\/quantocustaviajar.com\/blog\/12-lugares-para-viajar-no-nordeste\/","url":"https:\/\/quantocustaviajar.com\/blog\/12-lugares-para-viajar-no-nordeste\/","name":"30 lugares para viajar no Nordeste - Confira a lista e comece a planejar!","isPartOf":{"@id":"https:\/\/quantocustaviajar.com\/blog\/#website"},"primaryImageOfPage":{"@id":"https:\/\/quantocustaviajar.com\/blog\/12-lugares-para-viajar-no-nordeste\/#primaryimage"},"image":{"@id":"https:\/\/quantocustaviajar.com\/blog\/12-lugares-para-viajar-no-nordeste\/#primaryimage"},"thumbnailUrl":"https:\/\/quantocustaviajar.com\/blog\/wp-content\/uploads\/2018\/12\/dunas-de-genipabu-6.jpg","datePublished":"2025-11-01T10:51:00+00:00","dateModified":"2025-11-17T13:36:19+00:00","description":"O Quanto Custa Viajar separou 12 lugares para viajar no Nordeste, entre os mais belos cart\u00f5es-postais da regi\u00e3o que voc\u00ea precisa conhecer.","breadcrumb":{"@id":"https:\/\/quantocustaviajar.com\/blog\/12-lugares-para-viajar-no-nordeste\/#breadcrumb"},"inLanguage":"pt-BR","potentialAction":[{"@type":"ReadAction","target":["https:\/\/quantocustaviajar.com\/blog\/12-lugares-para-viajar-no-nordeste\/"]}]},{"@type":"ImageObject","inLanguage":"pt-BR","@id":"https:\/\/quantocustaviajar.com\/blog\/12-lugares-para-viajar-no-nordeste\/#primaryimage","url":"https:\/\/quantocustaviajar.com\/blog\/wp-content\/uploads\/2018\/12\/dunas-de-genipabu-6.jpg","contentUrl":"https:\/\/quantocustaviajar.com\/blog\/wp-content\/uploads\/2018\/12\/dunas-de-genipabu-6.jpg","width":1280,"height":706,"caption":"Foto: Wikimedia Commons"},{"@type":"BreadcrumbList","@id":"https:\/\/quantocustaviajar.com\/blog\/12-lugares-para-viajar-no-nordeste\/#breadcrumb","itemListElement":[{"@type":"ListItem","position":1,"name":"In\u00edcio","item":"https:\/\/quantocustaviajar.com\/blog\/"},{"@type":"ListItem","position":2,"name":"30 lugares para viajar no Nordeste nas pr\u00f3ximas f\u00e9rias"}]},{"@type":"WebSite","@id":"https:\/\/quantocustaviajar.com\/blog\/#website","url":"https:\/\/quantocustaviajar.com\/blog\/","name":"Blog Quanto Custa Viajar","description":"","publisher":{"@id":"https:\/\/quantocustaviajar.com\/blog\/#organization"},"potentialAction":[{"@type":"SearchAction","target":{"@type":"EntryPoint","urlTemplate":"https:\/\/quantocustaviajar.com\/blog\/?s={search_term_string}"},"query-input":{"@type":"PropertyValueSpecification","valueRequired":true,"valueName":"search_term_string"}}],"inLanguage":"pt-BR"},{"@type":"Organization","@id":"https:\/\/quantocustaviajar.com\/blog\/#organization","name":"Quanto Custa Viajar","url":"https:\/\/quantocustaviajar.com\/blog\/","logo":{"@type":"ImageObject","inLanguage":"pt-BR","@id":"https:\/\/quantocustaviajar.com\/blog\/#\/schema\/logo\/image\/","url":"","contentUrl":"","caption":"Quanto Custa Viajar"},"image":{"@id":"https:\/\/quantocustaviajar.com\/blog\/#\/schema\/logo\/image\/"},"sameAs":["https:\/\/www.facebook.com\/quantocustaviajar"]},{"@type":"Person","@id":"https:\/\/quantocustaviajar.com\/blog\/#\/schema\/person\/d977032201a8b95763a3a2dad4f43dd1","name":"Equipe Quanto Custa Viajar","image":{"@type":"ImageObject","inLanguage":"pt-BR","@id":"https:\/\/quantocustaviajar.com\/blog\/#\/schema\/person\/image\/","url":"https:\/\/secure.gravatar.com\/avatar\/da5fd4931df8a2e842347b26130efd36b2ce70017694cc5ae5ad69721d8b827e?s=96&d=mm&r=g","contentUrl":"https:\/\/secure.gravatar.com\/avatar\/da5fd4931df8a2e842347b26130efd36b2ce70017694cc5ae5ad69721d8b827e?s=96&d=mm&r=g","caption":"Equipe Quanto Custa Viajar"},"url":"https:\/\/quantocustaviajar.com\/blog\/author\/equipe2\/"}]}},"_links":{"self":[{"href":"https:\/\/quantocustaviajar.com\/blog\/wp-json\/wp\/v2\/posts\/13247","targetHints":{"allow":["GET"]}}],"collection":[{"href":"https:\/\/quantocustaviajar.com\/blog\/wp-json\/wp\/v2\/posts"}],"about":[{"href":"https:\/\/quantocustaviajar.com\/blog\/wp-json\/wp\/v2\/types\/post"}],"author":[{"embeddable":true,"href":"https:\/\/quantocustaviajar.com\/blog\/wp-json\/wp\/v2\/users\/6"}],"replies":[{"embeddable":true,"href":"https:\/\/quantocustaviajar.com\/blog\/wp-json\/wp\/v2\/comments?post=13247"}],"version-history":[{"count":16,"href":"https:\/\/quantocustaviajar.com\/blog\/wp-json\/wp\/v2\/posts\/13247\/revisions"}],"predecessor-version":[{"id":87481,"href":"https:\/\/quantocustaviajar.com\/blog\/wp-json\/wp\/v2\/posts\/13247\/revisions\/87481"}],"wp:featuredmedia":[{"embeddable":true,"href":"https:\/\/quantocustaviajar.com\/blog\/wp-json\/wp\/v2\/media\/30180"}],"wp:attachment":[{"href":"https:\/\/quantocustaviajar.com\/blog\/wp-json\/wp\/v2\/media?parent=13247"}],"wp:term":[{"taxonomy":"category","embeddable":true,"href":"https:\/\/quantocustaviajar.com\/blog\/wp-json\/wp\/v2\/categories?post=13247"},{"taxonomy":"post_tag","embeddable":true,"href":"https:\/\/quantocustaviajar.com\/blog\/wp-json\/wp\/v2\/tags?post=13247"}],"curies":[{"name":"wp","href":"https:\/\/api.w.org\/{rel}","templated":true}]}}