{"id":12254,"date":"2017-01-31T11:49:38","date_gmt":"2017-01-31T11:49:38","guid":{"rendered":"http:\/\/quantocustaviajar.com\/blog\/?p=12254"},"modified":"2019-01-08T12:44:16","modified_gmt":"2019-01-08T12:44:16","slug":"passarela-que-passa-por-cima-de-arvores","status":"publish","type":"post","link":"https:\/\/quantocustaviajar.com\/blog\/passarela-que-passa-por-cima-de-arvores\/","title":{"rendered":"A incr\u00edvel passarela que passa por cima de \u00e1rvores na Cidade do Cabo"},"content":{"rendered":"<p>J\u00e1 imaginou caminhar por cima de \u00e1rvores? Na <strong><a href=\"http:\/\/quantocustaviajar.com\/africa-do-sul\/cidade-do-cabo\" target=\"_blank\" rel=\"noopener noreferrer\">Cidade do Cabo<\/a><\/strong> isso \u00e9 poss\u00edvel! A passarela do jardim bot\u00e2nico oferece aos visitantes uma vista espetacular e uma bela caminhada em meio \u00e0s copas esverdeadas de aproximadamente 12 metros de altura.\u00a0Cheia de curvas, ganhou o apelido de<strong><em> &#8216;The Boomslang&#8217;<\/em><\/strong>, que significa cobra da \u00e1rvore.<\/p>\n<p>Os 130 metros de comprimento da \u201cCentenary Tree Canopy Walkway&#8221;, dentro do Kirstenbosch National Botanical Garden, percorre v\u00e1rias partes do parque. A administra\u00e7\u00e3o garante que a constru\u00e7\u00e3o teve baixo impacto ambiental e baixo custo, sendo executada em um ano entre 2012 e 2013.<\/p>\n<p>O <a href=\"http:\/\/www.sanbi.org\/\" target=\"_blank\" rel=\"noopener noreferrer\">site oficial<\/a> informa que n\u00e3o h\u00e1 custo adicional para percorre-la, al\u00e9m do ingresso de US$ 4 pela entra no jardim, e que cadeirantes t\u00eam total acesso, embora seja melhor ter algu\u00e9m auxiliando devido a dist\u00e2ncia para se chegar at\u00e9 ela.<\/p>\n<p>Confira todos os custos de uma <a class=\"btncall\" href=\"http:\/\/quantocustaviajar.com\/africa-do-sul\/cidade-do-cabo\" target=\"_blank\" rel=\"noopener noreferrer\">viagem para a Cidade do Cabo aqui!<\/a><\/p>\n<p><img loading=\"lazy\" decoding=\"async\" class=\"size-full wp-image-12264 aligncenter\" src=\"http:\/\/quantocustaviajar.com\/blog\/wp-content\/uploads\/2016\/12\/passarela-cidade-do-cabo6.jpg\" alt=\"passarela-cidade-do-cabo6\" width=\"650\" height=\"433\" srcset=\"https:\/\/quantocustaviajar.com\/blog\/wp-content\/uploads\/2016\/12\/passarela-cidade-do-cabo6.jpg 650w, https:\/\/quantocustaviajar.com\/blog\/wp-content\/uploads\/2016\/12\/passarela-cidade-do-cabo6-300x200.jpg 300w, https:\/\/quantocustaviajar.com\/blog\/wp-content\/uploads\/2016\/12\/passarela-cidade-do-cabo6-400x266.jpg 400w\" sizes=\"auto, (max-width: 650px) 100vw, 650px\" \/><\/p>\n<p><img loading=\"lazy\" decoding=\"async\" class=\"size-full wp-image-12263 aligncenter\" src=\"http:\/\/quantocustaviajar.com\/blog\/wp-content\/uploads\/2016\/12\/passarela-cidade-do-cabo5.jpg\" alt=\"passarela-cidade-do-cabo5\" width=\"650\" height=\"433\" srcset=\"https:\/\/quantocustaviajar.com\/blog\/wp-content\/uploads\/2016\/12\/passarela-cidade-do-cabo5.jpg 650w, https:\/\/quantocustaviajar.com\/blog\/wp-content\/uploads\/2016\/12\/passarela-cidade-do-cabo5-300x200.jpg 300w, https:\/\/quantocustaviajar.com\/blog\/wp-content\/uploads\/2016\/12\/passarela-cidade-do-cabo5-400x266.jpg 400w\" sizes=\"auto, (max-width: 650px) 100vw, 650px\" \/><\/p>\n<blockquote><p>Indo para a Cidade do Cabo?<a href=\"http:\/\/www.partner.viator.com\/pt\/15570\/tours\/Cidade-do-Cabo\/Safari-pela-Reserva-de-Vida-Selvagem-Aquila-saindo-da-Cidade-do-Cabo\/d318-2382SC9\" target=\"_blank\" rel=\"noopener noreferrer\"> N\u00e3o deixe de fazer esse saf\u00e1ri<\/a>!<\/p><\/blockquote>\n<p><img loading=\"lazy\" decoding=\"async\" class=\"size-full wp-image-12262 aligncenter\" src=\"http:\/\/quantocustaviajar.com\/blog\/wp-content\/uploads\/2016\/12\/passarela-cidade-do-cabo4.jpg\" alt=\"passarela-cidade-do-cabo4\" width=\"649\" height=\"372\" srcset=\"https:\/\/quantocustaviajar.com\/blog\/wp-content\/uploads\/2016\/12\/passarela-cidade-do-cabo4.jpg 649w, https:\/\/quantocustaviajar.com\/blog\/wp-content\/uploads\/2016\/12\/passarela-cidade-do-cabo4-300x172.jpg 300w, https:\/\/quantocustaviajar.com\/blog\/wp-content\/uploads\/2016\/12\/passarela-cidade-do-cabo4-400x229.jpg 400w\" sizes=\"auto, (max-width: 649px) 100vw, 649px\" \/><\/p>\n<p><img loading=\"lazy\" decoding=\"async\" class=\"size-full wp-image-12258 aligncenter\" src=\"http:\/\/quantocustaviajar.com\/blog\/wp-content\/uploads\/2016\/12\/passarela-cidade-do-cabo10.jpg\" alt=\"passarela-cidade-do-cabo10\" width=\"650\" height=\"488\" srcset=\"https:\/\/quantocustaviajar.com\/blog\/wp-content\/uploads\/2016\/12\/passarela-cidade-do-cabo10.jpg 650w, https:\/\/quantocustaviajar.com\/blog\/wp-content\/uploads\/2016\/12\/passarela-cidade-do-cabo10-300x225.jpg 300w, https:\/\/quantocustaviajar.com\/blog\/wp-content\/uploads\/2016\/12\/passarela-cidade-do-cabo10-400x300.jpg 400w\" sizes=\"auto, (max-width: 650px) 100vw, 650px\" \/><\/p>\n<p><img loading=\"lazy\" decoding=\"async\" class=\"size-full wp-image-12256 aligncenter\" src=\"http:\/\/quantocustaviajar.com\/blog\/wp-content\/uploads\/2016\/12\/passarela-cidade-do-cabo8.jpg\" alt=\"passarela-cidade-do-cabo8\" width=\"650\" height=\"433\" srcset=\"https:\/\/quantocustaviajar.com\/blog\/wp-content\/uploads\/2016\/12\/passarela-cidade-do-cabo8.jpg 650w, https:\/\/quantocustaviajar.com\/blog\/wp-content\/uploads\/2016\/12\/passarela-cidade-do-cabo8-300x200.jpg 300w, https:\/\/quantocustaviajar.com\/blog\/wp-content\/uploads\/2016\/12\/passarela-cidade-do-cabo8-400x266.jpg 400w\" sizes=\"auto, (max-width: 650px) 100vw, 650px\" \/><\/p>\n<p><img loading=\"lazy\" decoding=\"async\" class=\"size-full wp-image-12255 aligncenter\" src=\"http:\/\/quantocustaviajar.com\/blog\/wp-content\/uploads\/2016\/12\/passarela-cidade-do-cabo7.jpg\" alt=\"passarela-cidade-do-cabo7\" width=\"650\" height=\"433\" srcset=\"https:\/\/quantocustaviajar.com\/blog\/wp-content\/uploads\/2016\/12\/passarela-cidade-do-cabo7.jpg 650w, https:\/\/quantocustaviajar.com\/blog\/wp-content\/uploads\/2016\/12\/passarela-cidade-do-cabo7-300x200.jpg 300w, https:\/\/quantocustaviajar.com\/blog\/wp-content\/uploads\/2016\/12\/passarela-cidade-do-cabo7-400x266.jpg 400w\" sizes=\"auto, (max-width: 650px) 100vw, 650px\" \/><\/p>\n<p><img loading=\"lazy\" decoding=\"async\" class=\"size-full wp-image-12260 aligncenter\" src=\"http:\/\/quantocustaviajar.com\/blog\/wp-content\/uploads\/2016\/12\/passarela-cidade-do-cabo2.jpg\" alt=\"passarela-cidade-do-cabo2\" width=\"650\" height=\"433\" srcset=\"https:\/\/quantocustaviajar.com\/blog\/wp-content\/uploads\/2016\/12\/passarela-cidade-do-cabo2.jpg 650w, https:\/\/quantocustaviajar.com\/blog\/wp-content\/uploads\/2016\/12\/passarela-cidade-do-cabo2-300x200.jpg 300w, https:\/\/quantocustaviajar.com\/blog\/wp-content\/uploads\/2016\/12\/passarela-cidade-do-cabo2-400x266.jpg 400w\" sizes=\"auto, (max-width: 650px) 100vw, 650px\" \/><\/p>\n<p><img loading=\"lazy\" decoding=\"async\" class=\"size-full wp-image-12261 aligncenter\" src=\"http:\/\/quantocustaviajar.com\/blog\/wp-content\/uploads\/2016\/12\/passarela-cidade-do-cabo3.jpg\" alt=\"passarela-cidade-do-cabo3\" width=\"650\" height=\"433\" srcset=\"https:\/\/quantocustaviajar.com\/blog\/wp-content\/uploads\/2016\/12\/passarela-cidade-do-cabo3.jpg 650w, https:\/\/quantocustaviajar.com\/blog\/wp-content\/uploads\/2016\/12\/passarela-cidade-do-cabo3-300x200.jpg 300w, https:\/\/quantocustaviajar.com\/blog\/wp-content\/uploads\/2016\/12\/passarela-cidade-do-cabo3-400x266.jpg 400w\" sizes=\"auto, (max-width: 650px) 100vw, 650px\" \/><\/p>\n<p><a href=\"http:\/\/quantocustaviajar.com\/blog\/wp-content\/uploads\/2016\/12\/passarela-cidade-do-cabo9.jpg\"><img loading=\"lazy\" decoding=\"async\" class=\"size-full wp-image-12257 aligncenter\" src=\"http:\/\/quantocustaviajar.com\/blog\/wp-content\/uploads\/2016\/12\/passarela-cidade-do-cabo9.jpg\" alt=\"passarela-cidade-do-cabo9\" width=\"650\" height=\"433\" srcset=\"https:\/\/quantocustaviajar.com\/blog\/wp-content\/uploads\/2016\/12\/passarela-cidade-do-cabo9.jpg 650w, https:\/\/quantocustaviajar.com\/blog\/wp-content\/uploads\/2016\/12\/passarela-cidade-do-cabo9-300x200.jpg 300w, https:\/\/quantocustaviajar.com\/blog\/wp-content\/uploads\/2016\/12\/passarela-cidade-do-cabo9-400x266.jpg 400w\" sizes=\"auto, (max-width: 650px) 100vw, 650px\" \/><\/a><\/p>\n<p><i><span style=\"font-weight: 400;\">Post por <\/span><\/i><b><i>Brunella Nunes<br \/>\n<\/i><\/b><i><span style=\"font-weight: 400;\">Fotos: divulga\u00e7\u00e3o<\/span><\/i><\/p>\n","protected":false},"excerpt":{"rendered":"<p>J\u00e1 imaginou caminhar por cima de \u00e1rvores? Na Cidade do Cabo isso \u00e9 poss\u00edvel! A passarela do jardim bot\u00e2nico oferece aos visitantes uma vista espetacular e uma bela caminhada em meio \u00e0s copas esverdeadas de aproximadamente 12 metros de altura.\u00a0Cheia de curvas, ganhou o apelido de &#8216;The Boomslang&#8217;, que significa cobra da \u00e1rvore. Os 130 [&hellip;]<\/p>\n","protected":false},"author":4,"featured_media":12259,"comment_status":"open","ping_status":"open","sticky":false,"template":"","format":"standard","meta":{"cybocfi_hide_featured_image":"","footnotes":""},"categories":[1437],"tags":[185,135,945,1087,250,111,211,843,321,727],"class_list":["post-12254","post","type-post","status-publish","format-standard","has-post-thumbnail","hentry","category-ao-ar-livre","tag-africa-do-sul","tag-atracoes","tag-cidade","tag-cidade-do-cabo","tag-jardim-botanico","tag-natureza","tag-o-que-fazer","tag-paisagens","tag-passeios","tag-por-do-sol"],"blocksy_meta":[],"yoast_head":"<!-- This site is optimized with the Yoast SEO plugin v26.3 - https:\/\/yoast.com\/wordpress\/plugins\/seo\/ -->\n<title>A incr\u00edvel passarela que passa por cima de \u00e1rvores na Cidade do Cabo - Blog Quanto Custa Viajar<\/title>\n<meta name=\"robots\" content=\"index, follow, max-snippet:-1, max-image-preview:large, max-video-preview:-1\" \/>\n<link rel=\"canonical\" href=\"https:\/\/quantocustaviajar.com\/blog\/passarela-que-passa-por-cima-de-arvores\/\" \/>\n<meta property=\"og:locale\" content=\"pt_BR\" \/>\n<meta property=\"og:type\" content=\"article\" \/>\n<meta property=\"og:title\" content=\"A incr\u00edvel passarela que passa por cima de \u00e1rvores na Cidade do Cabo - Blog Quanto Custa Viajar\" \/>\n<meta property=\"og:description\" content=\"J\u00e1 imaginou caminhar por cima de \u00e1rvores? Na Cidade do Cabo isso \u00e9 poss\u00edvel! A passarela do jardim bot\u00e2nico oferece aos visitantes uma vista espetacular e uma bela caminhada em meio \u00e0s copas esverdeadas de aproximadamente 12 metros de altura.\u00a0Cheia de curvas, ganhou o apelido de &#8216;The Boomslang&#8217;, que significa cobra da \u00e1rvore. Os 130 [&hellip;]\" \/>\n<meta property=\"og:url\" content=\"https:\/\/quantocustaviajar.com\/blog\/passarela-que-passa-por-cima-de-arvores\/\" \/>\n<meta property=\"og:site_name\" content=\"Blog Quanto Custa Viajar\" \/>\n<meta property=\"article:publisher\" content=\"https:\/\/www.facebook.com\/quantocustaviajar\" \/>\n<meta property=\"article:author\" content=\"https:\/\/www.facebook.com\/brunellapfvr\/posts\" \/>\n<meta property=\"article:published_time\" content=\"2017-01-31T11:49:38+00:00\" \/>\n<meta property=\"article:modified_time\" content=\"2019-01-08T12:44:16+00:00\" \/>\n<meta property=\"og:image\" content=\"https:\/\/quantocustaviajar.com\/blog\/wp-content\/uploads\/2016\/12\/passarela-cidade-do-cabo.jpg\" \/>\n\t<meta property=\"og:image:width\" content=\"650\" \/>\n\t<meta property=\"og:image:height\" content=\"433\" \/>\n\t<meta property=\"og:image:type\" content=\"image\/jpeg\" \/>\n<meta name=\"author\" content=\"Brunella Nunes\" \/>\n<meta name=\"twitter:card\" content=\"summary_large_image\" \/>\n<meta name=\"twitter:label1\" content=\"Escrito por\" \/>\n\t<meta name=\"twitter:data1\" content=\"Brunella Nunes\" \/>\n\t<meta name=\"twitter:label2\" content=\"Est. tempo de leitura\" \/>\n\t<meta name=\"twitter:data2\" content=\"1 minuto\" \/>\n<!-- \/ Yoast SEO plugin. -->","yoast_head_json":{"title":"A incr\u00edvel passarela que passa por cima de \u00e1rvores na Cidade do Cabo - Blog Quanto Custa Viajar","robots":{"index":"index","follow":"follow","max-snippet":"max-snippet:-1","max-image-preview":"max-image-preview:large","max-video-preview":"max-video-preview:-1"},"canonical":"https:\/\/quantocustaviajar.com\/blog\/passarela-que-passa-por-cima-de-arvores\/","og_locale":"pt_BR","og_type":"article","og_title":"A incr\u00edvel passarela que passa por cima de \u00e1rvores na Cidade do Cabo - Blog Quanto Custa Viajar","og_description":"J\u00e1 imaginou caminhar por cima de \u00e1rvores? Na Cidade do Cabo isso \u00e9 poss\u00edvel! A passarela do jardim bot\u00e2nico oferece aos visitantes uma vista espetacular e uma bela caminhada em meio \u00e0s copas esverdeadas de aproximadamente 12 metros de altura.\u00a0Cheia de curvas, ganhou o apelido de &#8216;The Boomslang&#8217;, que significa cobra da \u00e1rvore. Os 130 [&hellip;]","og_url":"https:\/\/quantocustaviajar.com\/blog\/passarela-que-passa-por-cima-de-arvores\/","og_site_name":"Blog Quanto Custa Viajar","article_publisher":"https:\/\/www.facebook.com\/quantocustaviajar","article_author":"https:\/\/www.facebook.com\/brunellapfvr\/posts","article_published_time":"2017-01-31T11:49:38+00:00","article_modified_time":"2019-01-08T12:44:16+00:00","og_image":[{"width":650,"height":433,"url":"https:\/\/quantocustaviajar.com\/blog\/wp-content\/uploads\/2016\/12\/passarela-cidade-do-cabo.jpg","type":"image\/jpeg"}],"author":"Brunella Nunes","twitter_card":"summary_large_image","twitter_misc":{"Escrito por":"Brunella Nunes","Est. tempo de leitura":"1 minuto"},"schema":{"@context":"https:\/\/schema.org","@graph":[{"@type":["Article","BlogPosting"],"@id":"https:\/\/quantocustaviajar.com\/blog\/passarela-que-passa-por-cima-de-arvores\/#article","isPartOf":{"@id":"https:\/\/quantocustaviajar.com\/blog\/passarela-que-passa-por-cima-de-arvores\/"},"author":{"name":"Brunella Nunes","@id":"https:\/\/quantocustaviajar.com\/blog\/#\/schema\/person\/1a6dd3da9d0c0a4be42652b67bea19bb"},"headline":"A incr\u00edvel passarela que passa por cima de \u00e1rvores na Cidade do Cabo","datePublished":"2017-01-31T11:49:38+00:00","dateModified":"2019-01-08T12:44:16+00:00","mainEntityOfPage":{"@id":"https:\/\/quantocustaviajar.com\/blog\/passarela-que-passa-por-cima-de-arvores\/"},"wordCount":190,"commentCount":3,"publisher":{"@id":"https:\/\/quantocustaviajar.com\/blog\/#organization"},"image":{"@id":"https:\/\/quantocustaviajar.com\/blog\/passarela-que-passa-por-cima-de-arvores\/#primaryimage"},"thumbnailUrl":"https:\/\/quantocustaviajar.com\/blog\/wp-content\/uploads\/2016\/12\/passarela-cidade-do-cabo.jpg","keywords":["\u00c1frica do sul","atra\u00e7\u00f5es","cidade","Cidade do Cabo","jardim bot\u00e2nico","natureza","o que fazer","paisagens","passeios","p\u00f4r do sol"],"articleSection":["Ao Ar Livre"],"inLanguage":"pt-BR","potentialAction":[{"@type":"CommentAction","name":"Comment","target":["https:\/\/quantocustaviajar.com\/blog\/passarela-que-passa-por-cima-de-arvores\/#respond"]}]},{"@type":"WebPage","@id":"https:\/\/quantocustaviajar.com\/blog\/passarela-que-passa-por-cima-de-arvores\/","url":"https:\/\/quantocustaviajar.com\/blog\/passarela-que-passa-por-cima-de-arvores\/","name":"A incr\u00edvel passarela que passa por cima de \u00e1rvores na Cidade do Cabo - Blog Quanto Custa Viajar","isPartOf":{"@id":"https:\/\/quantocustaviajar.com\/blog\/#website"},"primaryImageOfPage":{"@id":"https:\/\/quantocustaviajar.com\/blog\/passarela-que-passa-por-cima-de-arvores\/#primaryimage"},"image":{"@id":"https:\/\/quantocustaviajar.com\/blog\/passarela-que-passa-por-cima-de-arvores\/#primaryimage"},"thumbnailUrl":"https:\/\/quantocustaviajar.com\/blog\/wp-content\/uploads\/2016\/12\/passarela-cidade-do-cabo.jpg","datePublished":"2017-01-31T11:49:38+00:00","dateModified":"2019-01-08T12:44:16+00:00","breadcrumb":{"@id":"https:\/\/quantocustaviajar.com\/blog\/passarela-que-passa-por-cima-de-arvores\/#breadcrumb"},"inLanguage":"pt-BR","potentialAction":[{"@type":"ReadAction","target":["https:\/\/quantocustaviajar.com\/blog\/passarela-que-passa-por-cima-de-arvores\/"]}]},{"@type":"ImageObject","inLanguage":"pt-BR","@id":"https:\/\/quantocustaviajar.com\/blog\/passarela-que-passa-por-cima-de-arvores\/#primaryimage","url":"https:\/\/quantocustaviajar.com\/blog\/wp-content\/uploads\/2016\/12\/passarela-cidade-do-cabo.jpg","contentUrl":"https:\/\/quantocustaviajar.com\/blog\/wp-content\/uploads\/2016\/12\/passarela-cidade-do-cabo.jpg","width":650,"height":433},{"@type":"BreadcrumbList","@id":"https:\/\/quantocustaviajar.com\/blog\/passarela-que-passa-por-cima-de-arvores\/#breadcrumb","itemListElement":[{"@type":"ListItem","position":1,"name":"In\u00edcio","item":"https:\/\/quantocustaviajar.com\/blog\/"},{"@type":"ListItem","position":2,"name":"A incr\u00edvel passarela que passa por cima de \u00e1rvores na Cidade do Cabo"}]},{"@type":"WebSite","@id":"https:\/\/quantocustaviajar.com\/blog\/#website","url":"https:\/\/quantocustaviajar.com\/blog\/","name":"Blog Quanto Custa Viajar","description":"","publisher":{"@id":"https:\/\/quantocustaviajar.com\/blog\/#organization"},"potentialAction":[{"@type":"SearchAction","target":{"@type":"EntryPoint","urlTemplate":"https:\/\/quantocustaviajar.com\/blog\/?s={search_term_string}"},"query-input":{"@type":"PropertyValueSpecification","valueRequired":true,"valueName":"search_term_string"}}],"inLanguage":"pt-BR"},{"@type":"Organization","@id":"https:\/\/quantocustaviajar.com\/blog\/#organization","name":"Quanto Custa Viajar","url":"https:\/\/quantocustaviajar.com\/blog\/","logo":{"@type":"ImageObject","inLanguage":"pt-BR","@id":"https:\/\/quantocustaviajar.com\/blog\/#\/schema\/logo\/image\/","url":"","contentUrl":"","caption":"Quanto Custa Viajar"},"image":{"@id":"https:\/\/quantocustaviajar.com\/blog\/#\/schema\/logo\/image\/"},"sameAs":["https:\/\/www.facebook.com\/quantocustaviajar"]},{"@type":"Person","@id":"https:\/\/quantocustaviajar.com\/blog\/#\/schema\/person\/1a6dd3da9d0c0a4be42652b67bea19bb","name":"Brunella Nunes","image":{"@type":"ImageObject","inLanguage":"pt-BR","@id":"https:\/\/quantocustaviajar.com\/blog\/#\/schema\/person\/image\/","url":"https:\/\/secure.gravatar.com\/avatar\/05b28dfb8a3cc7ee0dba6feefa5677f05be6d7bf4b017728fd38499092f9c282?s=96&d=mm&r=g","contentUrl":"https:\/\/secure.gravatar.com\/avatar\/05b28dfb8a3cc7ee0dba6feefa5677f05be6d7bf4b017728fd38499092f9c282?s=96&d=mm&r=g","caption":"Brunella Nunes"},"description":"Quando n\u00e3o est\u00e1 viajando pelo mundo, est\u00e1 viajando nas ideias.","sameAs":["https:\/\/www.facebook.com\/brunellapfvr\/posts","https:\/\/www.linkedin.com\/in\/brunellanunes\/"],"url":"https:\/\/quantocustaviajar.com\/blog\/author\/equipe\/"}]}},"_links":{"self":[{"href":"https:\/\/quantocustaviajar.com\/blog\/wp-json\/wp\/v2\/posts\/12254","targetHints":{"allow":["GET"]}}],"collection":[{"href":"https:\/\/quantocustaviajar.com\/blog\/wp-json\/wp\/v2\/posts"}],"about":[{"href":"https:\/\/quantocustaviajar.com\/blog\/wp-json\/wp\/v2\/types\/post"}],"author":[{"embeddable":true,"href":"https:\/\/quantocustaviajar.com\/blog\/wp-json\/wp\/v2\/users\/4"}],"replies":[{"embeddable":true,"href":"https:\/\/quantocustaviajar.com\/blog\/wp-json\/wp\/v2\/comments?post=12254"}],"version-history":[{"count":1,"href":"https:\/\/quantocustaviajar.com\/blog\/wp-json\/wp\/v2\/posts\/12254\/revisions"}],"predecessor-version":[{"id":30763,"href":"https:\/\/quantocustaviajar.com\/blog\/wp-json\/wp\/v2\/posts\/12254\/revisions\/30763"}],"wp:featuredmedia":[{"embeddable":true,"href":"https:\/\/quantocustaviajar.com\/blog\/wp-json\/wp\/v2\/media\/12259"}],"wp:attachment":[{"href":"https:\/\/quantocustaviajar.com\/blog\/wp-json\/wp\/v2\/media?parent=12254"}],"wp:term":[{"taxonomy":"category","embeddable":true,"href":"https:\/\/quantocustaviajar.com\/blog\/wp-json\/wp\/v2\/categories?post=12254"},{"taxonomy":"post_tag","embeddable":true,"href":"https:\/\/quantocustaviajar.com\/blog\/wp-json\/wp\/v2\/tags?post=12254"}],"curies":[{"name":"wp","href":"https:\/\/api.w.org\/{rel}","templated":true}]}}