{"id":11022,"date":"2023-08-29T02:59:00","date_gmt":"2023-08-29T02:59:00","guid":{"rendered":"http:\/\/quantocustaviajar.com\/blog\/?p=11022"},"modified":"2023-08-30T13:52:55","modified_gmt":"2023-08-30T13:52:55","slug":"conheca-praias-que-sao-consideradas-os-caribes-brasileiros","status":"publish","type":"post","link":"https:\/\/quantocustaviajar.com\/blog\/conheca-praias-que-sao-consideradas-os-caribes-brasileiros\/","title":{"rendered":"Conhe\u00e7a praias que s\u00e3o consideradas os &#8220;Caribes brasileiros&#8221;"},"content":{"rendered":"<p>Chegar at\u00e9 o exuberante <strong>mar do Caribe<\/strong>\u00a0ainda \u00e9 imposs\u00edvel para voc\u00ea? Sem problemas, porque aqui mesmo no Brasil somos agraciados por recursos naturais t\u00e3o maravilhosos\u00a0quanto os de l\u00e1. Na falta de verba ou de tempo, vale a pena conhecer <strong>praias que s\u00e3o consideradas os &#8220;Caribes brasileiros<\/strong>&#8220;.<\/p><div id=\"ez-toc-container\" class=\"ez-toc-v2_0_76 ez-toc-wrap-left counter-hierarchy ez-toc-counter ez-toc-light-blue ez-toc-container-direction\">\n<div class=\"ez-toc-title-container\">\n<p class=\"ez-toc-title\" style=\"cursor:inherit\">Aqui voc\u00ea ir\u00e1 encontrar<\/p>\n<span class=\"ez-toc-title-toggle\"><a href=\"#\" class=\"ez-toc-pull-right ez-toc-btn ez-toc-btn-xs ez-toc-btn-default ez-toc-toggle\" aria-label=\"Alternar tabela de conte\u00fado\"><span class=\"ez-toc-js-icon-con\"><span class=\"\"><span class=\"eztoc-hide\" style=\"display:none;\">Toggle<\/span><span class=\"ez-toc-icon-toggle-span\"><svg style=\"fill: #999;color:#999\" xmlns=\"http:\/\/www.w3.org\/2000\/svg\" class=\"list-377408\" width=\"20px\" height=\"20px\" viewBox=\"0 0 24 24\" fill=\"none\"><path d=\"M6 6H4v2h2V6zm14 0H8v2h12V6zM4 11h2v2H4v-2zm16 0H8v2h12v-2zM4 16h2v2H4v-2zm16 0H8v2h12v-2z\" fill=\"currentColor\"><\/path><\/svg><svg style=\"fill: #999;color:#999\" class=\"arrow-unsorted-368013\" xmlns=\"http:\/\/www.w3.org\/2000\/svg\" width=\"10px\" height=\"10px\" viewBox=\"0 0 24 24\" version=\"1.2\" baseProfile=\"tiny\"><path d=\"M18.2 9.3l-6.2-6.3-6.2 6.3c-.2.2-.3.4-.3.7s.1.5.3.7c.2.2.4.3.7.3h11c.3 0 .5-.1.7-.3.2-.2.3-.5.3-.7s-.1-.5-.3-.7zM5.8 14.7l6.2 6.3 6.2-6.3c.2-.2.3-.5.3-.7s-.1-.5-.3-.7c-.2-.2-.4-.3-.7-.3h-11c-.3 0-.5.1-.7.3-.2.2-.3.5-.3.7s.1.5.3.7z\"\/><\/svg><\/span><\/span><\/span><\/a><\/span><\/div>\n<nav><ul class='ez-toc-list ez-toc-list-level-1 ' ><li class='ez-toc-page-1 ez-toc-heading-level-2'><a class=\"ez-toc-link ez-toc-heading-1\" href=\"https:\/\/quantocustaviajar.com\/blog\/conheca-praias-que-sao-consideradas-os-caribes-brasileiros\/#Caribes_brasileiros\" >Caribes brasileiros<\/a><ul class='ez-toc-list-level-3' ><li class='ez-toc-heading-level-3'><a class=\"ez-toc-link ez-toc-heading-2\" href=\"https:\/\/quantocustaviajar.com\/blog\/conheca-praias-que-sao-consideradas-os-caribes-brasileiros\/#Maragogi_%E2%80%93_Alagoas\" >Maragogi &#8211; Alagoas<\/a><\/li><li class='ez-toc-page-1 ez-toc-heading-level-3'><a class=\"ez-toc-link ez-toc-heading-3\" href=\"https:\/\/quantocustaviajar.com\/blog\/conheca-praias-que-sao-consideradas-os-caribes-brasileiros\/#Fernando_de_Noronha_%E2%80%93_Pernambuco\" >Fernando de Noronha &#8211; Pernambuco<\/a><\/li><li class='ez-toc-page-1 ez-toc-heading-level-3'><a class=\"ez-toc-link ez-toc-heading-4\" href=\"https:\/\/quantocustaviajar.com\/blog\/conheca-praias-que-sao-consideradas-os-caribes-brasileiros\/#Porto_de_Galinhas_%E2%80%93_Pernambuco\" >Porto de Galinhas &#8211; Pernambuco<\/a><\/li><li class='ez-toc-page-1 ez-toc-heading-level-3'><a class=\"ez-toc-link ez-toc-heading-5\" href=\"https:\/\/quantocustaviajar.com\/blog\/conheca-praias-que-sao-consideradas-os-caribes-brasileiros\/#Arraial_do_Cabo_%E2%80%93_Rio_de_Janeiro\" >Arraial do Cabo &#8211; Rio de Janeiro<\/a><\/li><li class='ez-toc-page-1 ez-toc-heading-level-3'><a class=\"ez-toc-link ez-toc-heading-6\" href=\"https:\/\/quantocustaviajar.com\/blog\/conheca-praias-que-sao-consideradas-os-caribes-brasileiros\/#Maceio_%E2%80%93_Alagoas\" >Macei\u00f3 &#8211; Alagoas<\/a><\/li><li class='ez-toc-page-1 ez-toc-heading-level-3'><a class=\"ez-toc-link ez-toc-heading-7\" href=\"https:\/\/quantocustaviajar.com\/blog\/conheca-praias-que-sao-consideradas-os-caribes-brasileiros\/#Cabo_Frio_%E2%80%93_Rio_de_Janeiro\" >Cabo Frio &#8211; Rio de Janeiro<\/a><\/li><li class='ez-toc-page-1 ez-toc-heading-level-3'><a class=\"ez-toc-link ez-toc-heading-8\" href=\"https:\/\/quantocustaviajar.com\/blog\/conheca-praias-que-sao-consideradas-os-caribes-brasileiros\/#Corumbau_%E2%80%93_Bahia\" >Corumbau &#8211; Bahia<\/a><\/li><li class='ez-toc-page-1 ez-toc-heading-level-3'><a class=\"ez-toc-link ez-toc-heading-9\" href=\"https:\/\/quantocustaviajar.com\/blog\/conheca-praias-que-sao-consideradas-os-caribes-brasileiros\/#Taipus_de_Fora_%E2%80%93_Bahia\" >Taipus de Fora &#8211; Bahia<\/a><\/li><li class='ez-toc-page-1 ez-toc-heading-level-3'><a class=\"ez-toc-link ez-toc-heading-10\" href=\"https:\/\/quantocustaviajar.com\/blog\/conheca-praias-que-sao-consideradas-os-caribes-brasileiros\/#Jericoacoara_%E2%80%93_Ceara\" >Jericoacoara &#8211; Cear\u00e1<\/a><\/li><li class='ez-toc-page-1 ez-toc-heading-level-3'><a class=\"ez-toc-link ez-toc-heading-11\" href=\"https:\/\/quantocustaviajar.com\/blog\/conheca-praias-que-sao-consideradas-os-caribes-brasileiros\/#Ubatuba_%E2%80%93_Sao_Paulo\" >Ubatuba &#8211; S\u00e3o Paulo<\/a><\/li><li class='ez-toc-page-1 ez-toc-heading-level-3'><a class=\"ez-toc-link ez-toc-heading-12\" href=\"https:\/\/quantocustaviajar.com\/blog\/conheca-praias-que-sao-consideradas-os-caribes-brasileiros\/#Governador_Celso_Ramos_%E2%80%93_Santa_Catarina\" >Governador Celso Ramos &#8211; Santa Catarina<\/a><\/li><li class='ez-toc-page-1 ez-toc-heading-level-3'><a class=\"ez-toc-link ez-toc-heading-13\" href=\"https:\/\/quantocustaviajar.com\/blog\/conheca-praias-que-sao-consideradas-os-caribes-brasileiros\/#Bombinhas_%E2%80%93_Santa_Catarina\" >Bombinhas \u2013 Santa Catarina<\/a><\/li><li class='ez-toc-page-1 ez-toc-heading-level-3'><a class=\"ez-toc-link ez-toc-heading-14\" href=\"https:\/\/quantocustaviajar.com\/blog\/conheca-praias-que-sao-consideradas-os-caribes-brasileiros\/#Praia_dos_Carneiros_%E2%80%93_Pernambuco\" >Praia dos Carneiros \u2013 Pernambuco<\/a><\/li><li class='ez-toc-page-1 ez-toc-heading-level-3'><a class=\"ez-toc-link ez-toc-heading-15\" href=\"https:\/\/quantocustaviajar.com\/blog\/conheca-praias-que-sao-consideradas-os-caribes-brasileiros\/#Sao_Miguel_do_Gostoso_%E2%80%93_Rio_Grande_do_Norte\" >S\u00e3o Miguel do Gostoso &#8211; Rio Grande do Norte<\/a><\/li><li class='ez-toc-page-1 ez-toc-heading-level-3'><a class=\"ez-toc-link ez-toc-heading-16\" href=\"https:\/\/quantocustaviajar.com\/blog\/conheca-praias-que-sao-consideradas-os-caribes-brasileiros\/#Praia_do_Gunga_%E2%80%93_Alagoas\" >Praia do Gunga &#8211; Alagoas<\/a><\/li><li class='ez-toc-page-1 ez-toc-heading-level-3'><a class=\"ez-toc-link ez-toc-heading-17\" href=\"https:\/\/quantocustaviajar.com\/blog\/conheca-praias-que-sao-consideradas-os-caribes-brasileiros\/#Trancoso_%E2%80%93_BA\" >Trancoso &#8211; BA<\/a><\/li><li class='ez-toc-page-1 ez-toc-heading-level-3'><a class=\"ez-toc-link ez-toc-heading-18\" href=\"https:\/\/quantocustaviajar.com\/blog\/conheca-praias-que-sao-consideradas-os-caribes-brasileiros\/#Praia_do_Rosa_%E2%80%93_SC\" >Praia do Rosa &#8211; SC<\/a><\/li><li class='ez-toc-page-1 ez-toc-heading-level-3'><a class=\"ez-toc-link ez-toc-heading-19\" href=\"https:\/\/quantocustaviajar.com\/blog\/conheca-praias-que-sao-consideradas-os-caribes-brasileiros\/#Praia_de_Caraiva_%E2%80%93_Bahia\" >Praia de Cara\u00edva &#8211; Bahia<\/a><\/li><li class='ez-toc-page-1 ez-toc-heading-level-3'><a class=\"ez-toc-link ez-toc-heading-20\" href=\"https:\/\/quantocustaviajar.com\/blog\/conheca-praias-que-sao-consideradas-os-caribes-brasileiros\/#Praia_de_Canoa_Quebrada_%E2%80%93_Ceara\" >Praia de Canoa Quebrada &#8211; Cear\u00e1<\/a><\/li><\/ul><\/li><\/ul><\/nav><\/div>\n\n<p>Para te dar ainda mais vontade de viajar e te dar tamb\u00e9m op\u00e7\u00f5es e sugest\u00f5es de destinos, confira abaixo os melhores destinos considerados os <strong>&#8220;Caribes brasileiros<\/strong>&#8220;.<\/p>\n<h2><span class=\"ez-toc-section\" id=\"Caribes_brasileiros\"><\/span>Caribes brasileiros<span class=\"ez-toc-section-end\"><\/span><\/h2>\n<h3><span class=\"ez-toc-section\" id=\"Maragogi_%E2%80%93_Alagoas\"><\/span><b><a href=\"http:\/\/quantocustaviajar.com\/brasil\/maragogi\" target=\"_blank\" rel=\"noopener noreferrer\">Maragogi &#8211; Alagoas<\/a><\/b><span class=\"ez-toc-section-end\"><\/span><\/h3>\n<figure id=\"attachment_34854\" aria-describedby=\"caption-attachment-34854\" style=\"width: 1024px\" class=\"wp-caption aligncenter\"><img loading=\"lazy\" decoding=\"async\" class=\"size-full wp-image-34854\" src=\"https:\/\/quantocustaviajar.com\/blog\/wp-content\/uploads\/2017\/02\/maragogi-alagoas-mar-praia.jpg\" alt=\"\" width=\"1024\" height=\"683\" srcset=\"https:\/\/quantocustaviajar.com\/blog\/wp-content\/uploads\/2017\/02\/maragogi-alagoas-mar-praia.jpg 1024w, https:\/\/quantocustaviajar.com\/blog\/wp-content\/uploads\/2017\/02\/maragogi-alagoas-mar-praia-300x200.jpg 300w, https:\/\/quantocustaviajar.com\/blog\/wp-content\/uploads\/2017\/02\/maragogi-alagoas-mar-praia-768x512.jpg 768w\" sizes=\"auto, (max-width: 1024px) 100vw, 1024px\" \/><figcaption id=\"caption-attachment-34854\" class=\"wp-caption-text\">Foto: <a href=\"https:\/\/www.flickr.com\/photos\/rosanetur\/22384272916\" target=\"_blank\" rel=\"noopener noreferrer\">Rosanetur<\/a><\/figcaption><\/figure>\n<p>Dona de belas piscinas naturais, Maragogi \u00e9 destino certo para quem quer praticar mergulho em \u00e1guas mornas e ver de perto algumas esp\u00e9cies marinhas. Al\u00e9m de curtir as \u00e1guas cristalinas em meio a barreira de corais, os turistas tamb\u00e9m desfrutam de cachoeiras para tirar o sal do corpo, que ficam a cerca de 20 minutos da regi\u00e3o e fazer outros passeios dispon\u00edveis <a href=\"https:\/\/www.civitatis.com\/br\/maragogi\/?aid=100232&amp;cmp=postcaribesbrasil\" target=\"_blank\" rel=\"noopener\">aqui<\/a>.<\/p>\n<p><strong>Como chegar neste caribe brasileiro:<\/strong> \u00e9 poss\u00edvel chegar neste para\u00edso buscando voos at\u00e9 Recife (110 km) ou Macei\u00f3 (89 km), j\u00e1 que os dois s\u00e3o os mais pr\u00f3ximos desta praia, ampliando suas op\u00e7\u00f5es de voos e tamb\u00e9m ajudando a baratear na viagem, j\u00e1 que voc\u00ea pode pesquisar em ambos locais o melhor voo para voc\u00ea. <a href=\"https:\/\/www.turismocity.com.br\/passagens-aereas-para-MCZ-Zumbi_dos_Palmares_Intl?from=SAO&amp;utm_source=qcv&amp;utm_medium=blog\" target=\"_blank\" rel=\"noopener\">Aqui voc\u00ea faz seu or\u00e7amento de v\u00e1rios lugares do Brasil at\u00e9 os dois aeroportos.<\/a><\/p>\n<p><a href=\"https:\/\/www.booking.com\/city\/br\/maragoji.pt-br.html?sid=72a1c43897e59060b883b674a2fed3ed&amp;aid=2161834\" target=\"_blank\" rel=\"noopener\">| Se voc\u00ea gostou do mar, espere at\u00e9 ver os hot\u00e9is que existem por l\u00e1!<\/a><\/p>\n<h3><span class=\"ez-toc-section\" id=\"Fernando_de_Noronha_%E2%80%93_Pernambuco\"><\/span><a href=\"http:\/\/quantocustaviajar.com\/brasil\/fernando-de-noronha\" target=\"_blank\" rel=\"noopener noreferrer\"><b>Fernando de Noronha &#8211; Pernambuco<\/b><\/a><span class=\"ez-toc-section-end\"><\/span><\/h3>\n<figure id=\"attachment_60648\" aria-describedby=\"caption-attachment-60648\" style=\"width: 1024px\" class=\"wp-caption aligncenter\"><img loading=\"lazy\" decoding=\"async\" class=\"wp-image-60648 size-full\" src=\"https:\/\/quantocustaviajar.com\/blog\/wp-content\/uploads\/2020\/11\/1024px-Ilha_Fernando_de_Noronha-1.jpg\" alt=\"\" width=\"1024\" height=\"768\" srcset=\"https:\/\/quantocustaviajar.com\/blog\/wp-content\/uploads\/2020\/11\/1024px-Ilha_Fernando_de_Noronha-1.jpg 1024w, https:\/\/quantocustaviajar.com\/blog\/wp-content\/uploads\/2020\/11\/1024px-Ilha_Fernando_de_Noronha-1-300x225.jpg 300w, https:\/\/quantocustaviajar.com\/blog\/wp-content\/uploads\/2020\/11\/1024px-Ilha_Fernando_de_Noronha-1-768x576.jpg 768w\" sizes=\"auto, (max-width: 1024px) 100vw, 1024px\" \/><figcaption id=\"caption-attachment-60648\" class=\"wp-caption-text\">Foto: <a href=\"https:\/\/commons.wikimedia.org\/wiki\/File:Ilha_Fernando_de_Noronha.jpg\" target=\"_blank\" rel=\"noopener\">Wikimedia Commons<\/a><\/figcaption><\/figure>\n<p>Paradis\u00edaco, Fernando de Noronha \u00e9 o sonho de muita gente e \u00e9 um dos principais destaques entre as op\u00e7\u00f5es de <strong>caribes brasileiros<\/strong>. O arquip\u00e9lago \u00e9 outro destino com \u00e1guas atraentes e prop\u00edcias para atividades aqu\u00e1ticas como o snorkeling e o <a href=\"https:\/\/www.civitatis.com\/br\/fernando-de-noronha\/mergulho-fernando-noronha\/?aid=100232&amp;cmp=postcaribesbrasil\" target=\"_blank\" rel=\"noopener\">mergulho<\/a>. Entre suas principais praias est\u00e3o a Ba\u00eda dos Porcos, acessada atrav\u00e9s de uma trilha e repleta de piscinas naturais, al\u00e9m da <a href=\"https:\/\/www.civitatis.com\/br\/fernando-de-noronha\/passeio-barco-fernando-noronha-snorkel\/?aid=100232&amp;cmp=postcaribesbrasil\" target=\"_blank\" rel=\"noopener\">praia do Sancho<\/a> e do Cachorro. Tem muita coisa para fazer por l\u00e1, confira mais <a href=\"https:\/\/www.civitatis.com\/br\/fernando-de-noronha\/?aid=100232&amp;cmp=postcaribesbrasil\" target=\"_blank\" rel=\"noopener\">aqui<\/a>!<\/p>\n<p><strong>Como chegar:\u00a0<\/strong>por ser uma ilha, o viajante deve chegar em Noronha de barco ou de avi\u00e3o, sendo que os voos direto para o destino saem de Recife e Natal. Ou seja, primeiro o viajante deve <a href=\"https:\/\/www.turismocity.com.br\/passagens-aereas-para-REC-Guararapes_Intl?from=SAO&amp;utm_source=qcv&amp;utm_medium=blog\" target=\"_blank\" rel=\"noopener\">buscar passagens a\u00e9reas<\/a> para estes destinos para seguir viagem at\u00e9 a ilha.<\/p>\n<p><a href=\"https:\/\/www.booking.com\/city\/br\/fernando-de-noronha.pt-br.html?sid=72a1c43897e59060b883b674a2fed3ed&amp;aid=2161834\" target=\"_blank\" rel=\"noopener\">| Aqui voc\u00ea escolhe sua hospedagem neste destino dos sonhos com os melhores pre\u00e7os!<\/a><\/p>\n<p><a class=\"btncall\" href=\"http:\/\/quantocustaviajar.com\/brasil\/fernando-de-noronha\" target=\"_blank\" rel=\"noopener noreferrer\">DESCUBRA QUANTO CUSTA VIAJAR PARA NORONHA!<\/a><\/p>\n<h3><span class=\"ez-toc-section\" id=\"Porto_de_Galinhas_%E2%80%93_Pernambuco\"><\/span><a href=\"http:\/\/quantocustaviajar.com\/brasil\/porto-de-galinhas\" target=\"_blank\" rel=\"noopener noreferrer\"><b>Porto de Galinhas<\/b><\/a><b> &#8211; Pernambuco<\/b><span class=\"ez-toc-section-end\"><\/span><\/h3>\n<figure id=\"attachment_31216\" aria-describedby=\"caption-attachment-31216\" style=\"width: 800px\" class=\"wp-caption aligncenter\"><img loading=\"lazy\" decoding=\"async\" class=\"size-full wp-image-31216\" src=\"https:\/\/quantocustaviajar.com\/blog\/wp-content\/uploads\/2017\/10\/praias-de-pernambuco-porto-de-galinhas.jpg\" alt=\"praias de pernambuco porto de galinhas costa dourada\" width=\"800\" height=\"531\" srcset=\"https:\/\/quantocustaviajar.com\/blog\/wp-content\/uploads\/2017\/10\/praias-de-pernambuco-porto-de-galinhas.jpg 800w, https:\/\/quantocustaviajar.com\/blog\/wp-content\/uploads\/2017\/10\/praias-de-pernambuco-porto-de-galinhas-300x199.jpg 300w, https:\/\/quantocustaviajar.com\/blog\/wp-content\/uploads\/2017\/10\/praias-de-pernambuco-porto-de-galinhas-768x510.jpg 768w\" sizes=\"auto, (max-width: 800px) 100vw, 800px\" \/><figcaption id=\"caption-attachment-31216\" class=\"wp-caption-text\">Foto: <a href=\"https:\/\/www.flickr.com\/photos\/shinagawa\/16924347311\" target=\"_blank\" rel=\"noopener noreferrer\">Leonardo Shinagawa<\/a><\/figcaption><\/figure>\n<p>Mais uma regi\u00e3o pernambucana conhecida por suas \u00e1guas claras, Porto de Galinhas \u00e9 cercada de piscinas naturais e corais onde vivem diversas esp\u00e9cies de peixes, observadas pelos turistas. Mas a regi\u00e3o nada tem a ver com seu mar calmo. Agitada, tem coisas acontecendo durante todo o dia, seja envolvendo esportes ou a badala\u00e7\u00e3o noturna, que contribuem para o t\u00edtulo de <strong>caribe brasileiro<\/strong>. Outra vantagem da cidade \u00e9 a proximidade de outras praias, que possibilitam um bate e volta! Veja as melhores op\u00e7\u00f5es <a href=\"https:\/\/www.civitatis.com\/br\/porto-de-galinhas\/?aid=100232&amp;cmp=postcaribesbrasil\" target=\"_blank\" rel=\"noopener\">aqui<\/a>.<\/p>\n<p><strong>Como chegar:\u00a0<\/strong>para chegar em Porto de Galinhas, o viajante deve buscar voos at\u00e9 Recife, a capital de Pernambuco, e depois seguir viagem de carro, \u00f4nibus ou transfer at\u00e9 o destino, que fica a apenas 60 km de dist\u00e2ncia. <a href=\"https:\/\/www.turismocity.com.br\/?utm_source=qcv&amp;utm_medium=blog\" target=\"_blank\" rel=\"noopener noreferrer\"><strong>Pesquise sua passagem a\u00e9rea no buscador da Turismocity<\/strong><\/a><\/p>\n<p>| <a href=\"https:\/\/www.booking.com\/city\/br\/porto-de-galinhas.pt-br.html?sid=72a1c43897e59060b883b674a2fed3ed&amp;aid=2161834\" target=\"_blank\" rel=\"noopener\">Dicas de pousadas e hot\u00e9is em Porto de Galinhas<\/a><\/p>\n<h3><span class=\"ez-toc-section\" id=\"Arraial_do_Cabo_%E2%80%93_Rio_de_Janeiro\"><\/span><a href=\"http:\/\/quantocustaviajar.com\/brasil\/arraial-do-cabo\" target=\"_blank\" rel=\"noopener noreferrer\"><b>Arraial do Cabo<\/b><\/a><b> &#8211; Rio de Janeiro<\/b><span class=\"ez-toc-section-end\"><\/span><\/h3>\n<figure id=\"attachment_47598\" aria-describedby=\"caption-attachment-47598\" style=\"width: 1024px\" class=\"wp-caption aligncenter\"><img loading=\"lazy\" decoding=\"async\" class=\"size-full wp-image-47598\" src=\"https:\/\/quantocustaviajar.com\/blog\/wp-content\/uploads\/2016\/01\/lugares-para-viajar-a-dois-no-brasil-arraial-do-cabo.jpg\" alt=\"lugares para viajar a dois no Brasil Arraial do Cabo\" width=\"1024\" height=\"768\" srcset=\"https:\/\/quantocustaviajar.com\/blog\/wp-content\/uploads\/2016\/01\/lugares-para-viajar-a-dois-no-brasil-arraial-do-cabo.jpg 1024w, https:\/\/quantocustaviajar.com\/blog\/wp-content\/uploads\/2016\/01\/lugares-para-viajar-a-dois-no-brasil-arraial-do-cabo-300x225.jpg 300w, https:\/\/quantocustaviajar.com\/blog\/wp-content\/uploads\/2016\/01\/lugares-para-viajar-a-dois-no-brasil-arraial-do-cabo-768x576.jpg 768w\" sizes=\"auto, (max-width: 1024px) 100vw, 1024px\" \/><figcaption id=\"caption-attachment-47598\" class=\"wp-caption-text\">Foto: <a href=\"https:\/\/www.flickr.com\/photos\/rafaelmob\/7705816250\" target=\"_blank\" rel=\"noopener noreferrer\">Flickr \/ Rafa Alves<\/a><\/figcaption><\/figure>\n<p>Com \u00e1guas cristalinas, dunas de areia branca, cost\u00f5es, lagoas e muito verde, Arraial do Cabo disputa a aten\u00e7\u00e3o dos turistas com B\u00fazios e Cabo Frio, ainda que esta seja mais tranquila, preservando as qualidades de uma vila de pescadores e refor\u00e7ando o seu nome como um dos <strong>caribes brasileiros<\/strong>. Os mergulhadores encontram o <a href=\"https:\/\/www.civitatis.com\/br\/arraial-do-cabo\/batismo-mergulho-arraial-cabo\/?aid=100232&amp;cmp=postcaribesbrasil\" target=\"_blank\" rel=\"noopener\">para\u00edso submarino<\/a> na regi\u00e3o, que abriga tartarugas, arraias, lulas e, com sorte, d\u00e1 para ver at\u00e9 golfinhos. Entre as praias mais belas est\u00e3o Praia Farol, Praia do Forno e Pontal do Atalaia.<\/p>\n<p><strong>Como chegar:\u00a0<\/strong>para os viajantes de fora do estado, o primeiro passo \u00e9 buscar voos at\u00e9 o aeroporto do RJ, Cabo Frio ou B\u00fazios e seguir viagem de carro ou \u00f4nibus. Todas essas possibilidades voc\u00ea or\u00e7a sem custo <a href=\"https:\/\/www.turismocity.com.br\/passagens-aereas-para-RIO-Rio_de_Janeiro_Brasil?from=SAO&amp;utm_source=qcv&amp;utm_medium=blog\" target=\"_blank\" rel=\"noopener\">aqui<\/a>!<\/p>\n<p>| <a href=\"https:\/\/www.booking.com\/city\/br\/arraial-do-cabo.pt-br.html?sid=72a1c43897e59060b883b674a2fed3ed&amp;aid=2161834\" target=\"_blank\" rel=\"noopener\">Saiba onde ficar em Arraial do Cabo e regi\u00e3o<\/a><\/p>\n<h3><span class=\"ez-toc-section\" id=\"Maceio_%E2%80%93_Alagoas\"><\/span><a href=\"http:\/\/quantocustaviajar.com\/brasil\/maceio\" target=\"_blank\" rel=\"noopener noreferrer\"><b>Macei\u00f3 &#8211; Alagoas<\/b><\/a><span class=\"ez-toc-section-end\"><\/span><\/h3>\n<figure id=\"attachment_34853\" aria-describedby=\"caption-attachment-34853\" style=\"width: 800px\" class=\"wp-caption aligncenter\"><img loading=\"lazy\" decoding=\"async\" class=\"size-full wp-image-34853\" src=\"https:\/\/quantocustaviajar.com\/blog\/wp-content\/uploads\/2017\/02\/praia-do-gunda-maceio-nordeste-brasil-2.jpg\" alt=\"\" width=\"800\" height=\"600\" srcset=\"https:\/\/quantocustaviajar.com\/blog\/wp-content\/uploads\/2017\/02\/praia-do-gunda-maceio-nordeste-brasil-2.jpg 800w, https:\/\/quantocustaviajar.com\/blog\/wp-content\/uploads\/2017\/02\/praia-do-gunda-maceio-nordeste-brasil-2-300x225.jpg 300w, https:\/\/quantocustaviajar.com\/blog\/wp-content\/uploads\/2017\/02\/praia-do-gunda-maceio-nordeste-brasil-2-768x576.jpg 768w\" sizes=\"auto, (max-width: 800px) 100vw, 800px\" \/><figcaption id=\"caption-attachment-34853\" class=\"wp-caption-text\">Foto: <a href=\"https:\/\/pt.wikipedia.org\/wiki\/Ficheiro:Praia_do_Gunga-001.jpg\" target=\"_blank\" rel=\"noopener noreferrer\">Wikimedia Commons<\/a><\/figcaption><\/figure>\n<p>Macei\u00f3 \u00e9 dona de \u00e1guas esverdeadas que s\u00e3o uma tenta\u00e7\u00e3o para quem adora se jogar no mar. Mas poucos conhecem o roteiro de bel\u00edssimas praias que tem a capital alagoana como ponto de partida nesta rota de <strong>caribes brasileiros<\/strong>. Chamado de <a href=\"http:\/\/quantocustaviajar.com\/blog\/costa-dos-corais-alagoas\/\" target=\"_blank\" rel=\"noopener\">Costa dos Corais<\/a>, o percurso envolve v\u00e1rios munic\u00edpios que tem o t\u00edpico cen\u00e1rio caribenho: \u00e1guas cristalinas de cor azul turquesa, areia branquinha e coqueiros.<\/p>\n<p><strong>Como chegar em Macei\u00f3:\u00a0<\/strong>v\u00e1rios destinos j\u00e1 possuem voos direto para o aeroporto de Macei\u00f3, que fica a apenas 25 km da zona hoteleira da cidade. O viajante vai encontrar voos sem dificuldade para o destino <a href=\"https:\/\/www.turismocity.com.br\/passagens-aereas-para-MCZ-Zumbi_dos_Palmares_Intl?from=SAO\" target=\"_blank\" rel=\"noopener\">aqui<\/a>.<\/p>\n<p>| <a href=\"https:\/\/www.booking.com\/city\/br\/maceio.pt-br.html?sid=72a1c43897e59060b883b674a2fed3ed&amp;aid=2161834\" target=\"_blank\" rel=\"noopener\">10 melhores hot\u00e9is em Macei\u00f3<\/a><\/p>\n<h3><span class=\"ez-toc-section\" id=\"Cabo_Frio_%E2%80%93_Rio_de_Janeiro\"><\/span><a href=\"http:\/\/quantocustaviajar.com\/brasil\/cabo-frio\" target=\"_blank\" rel=\"noopener noreferrer\"><b>Cabo Frio &#8211; Rio de Janeiro<\/b><\/a><span class=\"ez-toc-section-end\"><\/span><\/h3>\n<figure id=\"attachment_49322\" aria-describedby=\"caption-attachment-49322\" style=\"width: 1280px\" class=\"wp-caption aligncenter\"><img loading=\"lazy\" decoding=\"async\" class=\"size-full wp-image-49322\" src=\"https:\/\/quantocustaviajar.com\/blog\/wp-content\/uploads\/2015\/11\/cabo-frio-2038924_1280.jpg\" alt=\"\" width=\"1280\" height=\"960\" srcset=\"https:\/\/quantocustaviajar.com\/blog\/wp-content\/uploads\/2015\/11\/cabo-frio-2038924_1280.jpg 1280w, https:\/\/quantocustaviajar.com\/blog\/wp-content\/uploads\/2015\/11\/cabo-frio-2038924_1280-300x225.jpg 300w, https:\/\/quantocustaviajar.com\/blog\/wp-content\/uploads\/2015\/11\/cabo-frio-2038924_1280-768x576.jpg 768w, https:\/\/quantocustaviajar.com\/blog\/wp-content\/uploads\/2015\/11\/cabo-frio-2038924_1280-1024x768.jpg 1024w\" sizes=\"auto, (max-width: 1280px) 100vw, 1280px\" \/><figcaption id=\"caption-attachment-49322\" class=\"wp-caption-text\">Imagem de <a href=\"https:\/\/pixabay.com\/pt\/users\/bordallopaula-4460481\/?utm_source=link-attribution&amp;utm_medium=referral&amp;utm_campaign=image&amp;utm_content=2038924\">bordallopaula<\/a> por <a href=\"https:\/\/pixabay.com\/pt\/?utm_source=link-attribution&amp;utm_medium=referral&amp;utm_campaign=image&amp;utm_content=2038924\">Pixabay<\/a><\/figcaption><\/figure>\n<p>A principal cidade da Regi\u00e3o dos Lagos tem praias magn\u00edficas de areia branquinha e \u00e1guas cristalinas, prop\u00edcias para o snorkel neste <strong>caribe brasileiro<\/strong>. Os turistas ainda se encantam com os monumentos e edif\u00edcios hist\u00f3ricos, que ajudam a compor as belezas do maior p\u00f3lo tur\u00edstico desta \u00e1rea carioca. Al\u00e9m disso, vale a pena ir at\u00e9 a <a href=\"https:\/\/quantocustaviajar.com\/blog\/ilha-do-japones\/\">Ilha do Japon\u00eas<\/a>, que falamos mais <a href=\"http:\/\/quantocustaviajar.com\/blog\/ilha-do-japones-um-paraiso-escondido-no-rio-de-janeiro\/\" target=\"_blank\" rel=\"noopener noreferrer\">aqui<\/a>. Outros passeios voc\u00ea encontra <a href=\"https:\/\/www.civitatis.com\/br\/cabo-frio\/?aid=100232&amp;cmp=postcaribesbrasil\" target=\"_blank\" rel=\"noopener\">aqui<\/a>!<\/p>\n<p><strong>Como chegar:<\/strong> \u00e9 f\u00e1cil chegar indo de avi\u00e3o at\u00e9 o Rio de Janeiro ou pegar um voo j\u00e1 para o aeroporto de Cabo Frio, que \u00e9 menor e tem menos ofertas de voos, mas para quem quiser or\u00e7ar, vale conferir estes dois cen\u00e1rios <a href=\"https:\/\/www.turismocity.com.br\/passagens-aereas-para-CFB-Cabo_Frio?from=SAO&amp;utm_source=qcv&amp;utm_medium=blog\" target=\"_blank\" rel=\"noopener\">aqui<\/a>!<\/p>\n<p>| <a href=\"https:\/\/www.booking.com\/city\/br\/cabo-frio.pt-br.html?sid=72a1c43897e59060b883b674a2fed3ed&amp;aid=2161834\" target=\"_blank\" rel=\"noopener\">Vem se apaixonar ainda mais pela regi\u00e3o da cidade maravilhosa e suas hospedagens!<\/a><\/p>\n<p><a class=\"btncall\" href=\"http:\/\/quantocustaviajar.com\/brasil\/cabo-frio\" target=\"_blank\" rel=\"noopener noreferrer\">DESCUBRA QUANTO CUSTA VIAJAR PARA CABO FRIO!<\/a><\/p>\n<h3><span class=\"ez-toc-section\" id=\"Corumbau_%E2%80%93_Bahia\"><\/span><b>Corumbau &#8211; Bahia<\/b><span class=\"ez-toc-section-end\"><\/span><\/h3>\n<figure id=\"attachment_29888\" aria-describedby=\"caption-attachment-29888\" style=\"width: 1280px\" class=\"wp-caption aligncenter\"><img loading=\"lazy\" decoding=\"async\" class=\"size-full wp-image-29888\" src=\"https:\/\/quantocustaviajar.com\/blog\/wp-content\/uploads\/2016\/03\/lugares-para-conhecer-na-bahia-corumbau.jpg\" alt=\"lugares para conhecer na bahia\" width=\"1280\" height=\"743\" srcset=\"https:\/\/quantocustaviajar.com\/blog\/wp-content\/uploads\/2016\/03\/lugares-para-conhecer-na-bahia-corumbau.jpg 1280w, https:\/\/quantocustaviajar.com\/blog\/wp-content\/uploads\/2016\/03\/lugares-para-conhecer-na-bahia-corumbau-300x174.jpg 300w, https:\/\/quantocustaviajar.com\/blog\/wp-content\/uploads\/2016\/03\/lugares-para-conhecer-na-bahia-corumbau-768x446.jpg 768w, https:\/\/quantocustaviajar.com\/blog\/wp-content\/uploads\/2016\/03\/lugares-para-conhecer-na-bahia-corumbau-1024x594.jpg 1024w\" sizes=\"auto, (max-width: 1280px) 100vw, 1280px\" \/><figcaption id=\"caption-attachment-29888\" class=\"wp-caption-text\">Foto: <a href=\"https:\/\/commons.wikimedia.org\/wiki\/File:Corumbau_-_Prado-BA_-_panoramio_(7).jpg\" target=\"_blank\" rel=\"noopener noreferrer\">Wikimedia Commons<\/a><\/figcaption><\/figure>\n<p>Em Prado, onde h\u00e1 belas praias e uma simp\u00e1tica cidadezinha, n\u00e3o deixe de visitar a<a href=\"https:\/\/quantocustaviajar.com\/blog\/corumbau-guia\/\" target=\"_blank\" rel=\"noopener\"> Ponta do Corumbau<\/a>, na beira do Parque Nacional do Monte Pascoal, ao extremo norte do munic\u00edpio. Coqueiros, rios, mangues e um mar azul turquesa, de onde se avistam recifes de corais na mar\u00e9 baixa, formam o cen\u00e1rio deslumbrante e ainda pouco explorado. Aproveite ainda para ir at\u00e9 <a href=\"https:\/\/quantocustaviajar.com\/blog\/caraiva-sul-da-bahia\/\">Cara\u00edva<\/a> e a aldeia de Barra Velha, onde se originaram os Patax\u00f3s.<\/p>\n<p><strong>Como chegar:<\/strong> essa pequena regi\u00e3o n\u00e3o tem aeroporto pr\u00f3prio e o mais pr\u00f3ximo fica a 2h30 de carro, em Teixeira de Freitas, mas n\u00e3o existem muitos voos para ele. Assim, a melhor ideia \u00e9 buscar passagens at\u00e9 <a href=\"https:\/\/www.turismocity.com.br\/passagens-aereas-para-BPS-Porto_Seguro?from=SAO&amp;utm_source=qcv&amp;utm_medium=blog\" target=\"_blank\" rel=\"noopener\">Porto Seguro<\/a>, que fica a 220 km, e seguir viagem de carro ou transfer, curtindo a paisagem e quem sabe fazendo paradas em outras praias!<\/p>\n<p>| <a href=\"https:\/\/www.booking.com\/city\/br\/corumbau.pt-br.html?sid=72a1c43897e59060b883b674a2fed3ed&amp;aid=2161834\" target=\"_blank\" rel=\"noopener\">Corumbau tem uma pequena infraestrutura para receber os viajantes, mas os hot\u00e9is que existem s\u00e3o de cair o queixo!<\/a><\/p>\n<h3><span class=\"ez-toc-section\" id=\"Taipus_de_Fora_%E2%80%93_Bahia\"><\/span><b>Taipus de Fora &#8211; Bahia<\/b><span class=\"ez-toc-section-end\"><\/span><\/h3>\n<figure id=\"attachment_50758\" aria-describedby=\"caption-attachment-50758\" style=\"width: 799px\" class=\"wp-caption aligncenter\"><img loading=\"lazy\" decoding=\"async\" class=\"wp-image-50758 size-full\" src=\"https:\/\/quantocustaviajar.com\/blog\/wp-content\/uploads\/2016\/11\/51039850987_5328de972c_c.jpg\" alt=\"\" width=\"799\" height=\"533\" srcset=\"https:\/\/quantocustaviajar.com\/blog\/wp-content\/uploads\/2016\/11\/51039850987_5328de972c_c.jpg 799w, https:\/\/quantocustaviajar.com\/blog\/wp-content\/uploads\/2016\/11\/51039850987_5328de972c_c-300x200.jpg 300w, https:\/\/quantocustaviajar.com\/blog\/wp-content\/uploads\/2016\/11\/51039850987_5328de972c_c-768x512.jpg 768w\" sizes=\"auto, (max-width: 799px) 100vw, 799px\" \/><figcaption id=\"caption-attachment-50758\" class=\"wp-caption-text\">Foto: <a class=\"owner-name truncate\" title=\"V\u00e1 para a galeria de Ot\u00e1vio Nogueira\" href=\"https:\/\/www.flickr.com\/photos\/55953988@N00\/\" data-track=\"attributionNameClick\">Ot\u00e1vio Nogueira<\/a><\/figcaption><\/figure>\n<p>Dentro da <a href=\"https:\/\/quantocustaviajar.com\/blog\/peninsula-de-marau-bahia\/\" target=\"_blank\" rel=\"noopener\">Pen\u00ednsula de Mara\u00fa<\/a>, as piscinas de Taipus de Fora s\u00e3o imensas e carregam consigo muitas esp\u00e9cies marinhas, vistas a olho nu. Al\u00e9m de observar, d\u00e1 para mergulhar entre elas, estando mais pr\u00f3ximo a natureza. O ideal \u00e9 visitar as piscinas durante a lua cheia ou lua nova, quando a mar\u00e9 fica mais seca e exp\u00f5e mais os corais.<\/p>\n<p><strong>Como chegar:\u00a0<\/strong>diferente dos outros destinos de <strong>caribes brasileiros<\/strong>, esta op\u00e7\u00e3o \u00e9 melhor e mais facilmente acessada pelo mar! Para fazer a travessia, o viajante deve chegar ao porto de Camamu, que fica a 200 km de Salvador. Existe uma estrada de terra entre Itacar\u00e9 e Barra Grande (BR-030), que passa por Taipu de Fora, mas n\u00e3o \u00e9 o caminho mais tranquilo e indicado.<\/p>\n<p>| <a href=\"https:\/\/www.booking.com\/index.html?aid=2161834\" target=\"_blank\" rel=\"noopener noreferrer\"><strong>Precisa de hospedagem em algum dos destinos Caribes brasileiros? Confira aqui!<\/strong><\/a><\/p>\n<h3><span class=\"ez-toc-section\" id=\"Jericoacoara_%E2%80%93_Ceara\"><\/span><a href=\"http:\/\/quantocustaviajar.com\/brasil\/jericoacoara\" target=\"_blank\" rel=\"noopener noreferrer\"><b>Jericoacoara &#8211; Cear\u00e1<\/b><\/a><span class=\"ez-toc-section-end\"><\/span><\/h3>\n<figure id=\"attachment_34851\" aria-describedby=\"caption-attachment-34851\" style=\"width: 800px\" class=\"wp-caption aligncenter\"><img loading=\"lazy\" decoding=\"async\" class=\"size-full wp-image-34851\" src=\"https:\/\/quantocustaviajar.com\/blog\/wp-content\/uploads\/2017\/02\/jericoacoara-paraiso-2.jpg\" alt=\"\" width=\"800\" height=\"532\" srcset=\"https:\/\/quantocustaviajar.com\/blog\/wp-content\/uploads\/2017\/02\/jericoacoara-paraiso-2.jpg 800w, https:\/\/quantocustaviajar.com\/blog\/wp-content\/uploads\/2017\/02\/jericoacoara-paraiso-2-300x200.jpg 300w, https:\/\/quantocustaviajar.com\/blog\/wp-content\/uploads\/2017\/02\/jericoacoara-paraiso-2-768x511.jpg 768w\" sizes=\"auto, (max-width: 800px) 100vw, 800px\" \/><figcaption id=\"caption-attachment-34851\" class=\"wp-caption-text\">Foto: <a href=\"https:\/\/pt.wikipedia.org\/wiki\/Ficheiro:Anderps_067.JPG\" target=\"_blank\" rel=\"noopener noreferrer\">Wikimedia Commons<\/a><\/figcaption><\/figure>\n<p>Com fama internacional, Jericoacoara se consolidou como uma das 10 mais belas praias do mundo pelo jornal Washington Post e \u00f3bvio que um dos seus apelidos \u00e9 de <strong>caribe brasileiro<\/strong>. \u00c0 300 km de Fortaleza, o Parque Nacional encanta os turistas com suas belezas naturais, que passam por dunas, lagoas e praias de cair o queixo. Com bastante infraestrutura e <a href=\"https:\/\/www.civitatis.com\/br\/jericoacoara\/?aid=100232&amp;cmp=postcaribesbrasil\">muitos passeios<\/a>, \u00e9 f\u00e1cil encontrar turistas que n\u00e3o querem ir embora deste para\u00edso cearense. Saiba mais sobre ele <a href=\"http:\/\/quantocustaviajar.com\/blog\/descubra-porque-jericoacoara-esta-entre-as-10-mais-belas-praias-do-mundo\/\" target=\"_blank\" rel=\"noopener noreferrer\">aqui<\/a>.<\/p>\n<p><strong>Como chegar<\/strong>: devido \u00e0 fama dos caribes brasileiros, este destino j\u00e1 possui voos diretos saindo de SP e outros locais, veja <a href=\"https:\/\/www.turismocity.com.br\/passagens-aereas-para-JJD-Aeroporto_Internacional_Comandante_Ariston_Pessoa?from=SAO&amp;utm_source=qcv&amp;utm_medium=blog\" target=\"_blank\" rel=\"noopener\">aqui<\/a>!<\/p>\n<p>| <a href=\"https:\/\/www.booking.com\/city\/br\/jericoacoara.pt-br.html?sid=72a1c43897e59060b883b674a2fed3ed&amp;aid=2161834\" target=\"_blank\" rel=\"noopener\">Quer hospedagens \u00e0 altura da fama de Jeri? Veja uma lista completa aqui<\/a><\/p>\n<h3><span class=\"ez-toc-section\" id=\"Ubatuba_%E2%80%93_Sao_Paulo\"><\/span><a href=\"http:\/\/quantocustaviajar.com\/brasil\/ubatuba\" target=\"_blank\" rel=\"noopener noreferrer\"><b>Ubatuba &#8211; S\u00e3o Paulo<\/b><\/a><span class=\"ez-toc-section-end\"><\/span><\/h3>\n<figure id=\"attachment_49503\" aria-describedby=\"caption-attachment-49503\" style=\"width: 1024px\" class=\"wp-caption aligncenter\"><img loading=\"lazy\" decoding=\"async\" class=\"size-full wp-image-49503\" src=\"https:\/\/quantocustaviajar.com\/blog\/wp-content\/uploads\/2015\/12\/Praia_do_F\u00e9lix_Praia_do_L\u00facio_Ubatuba_-_SP_Brazil_-_panoramio_4.jpg\" alt=\"\" width=\"1024\" height=\"678\" srcset=\"https:\/\/quantocustaviajar.com\/blog\/wp-content\/uploads\/2015\/12\/Praia_do_F\u00e9lix_Praia_do_L\u00facio_Ubatuba_-_SP_Brazil_-_panoramio_4.jpg 1024w, https:\/\/quantocustaviajar.com\/blog\/wp-content\/uploads\/2015\/12\/Praia_do_F\u00e9lix_Praia_do_L\u00facio_Ubatuba_-_SP_Brazil_-_panoramio_4-300x199.jpg 300w, https:\/\/quantocustaviajar.com\/blog\/wp-content\/uploads\/2015\/12\/Praia_do_F\u00e9lix_Praia_do_L\u00facio_Ubatuba_-_SP_Brazil_-_panoramio_4-768x509.jpg 768w\" sizes=\"auto, (max-width: 1024px) 100vw, 1024px\" \/><figcaption id=\"caption-attachment-49503\" class=\"wp-caption-text\">Foto: Wikipedia<\/figcaption><\/figure>\n<p>Muita gente n\u00e3o associa S\u00e3o Paulo com <a href=\"https:\/\/quantocustaviajar.com\/blog\/destinos-para-quem-gosta-de-praias-paradisiacas\/\">praias paradis\u00edacas<\/a>, mas vale a pena dar uma chance. A poucas horas da capital, Ubatuba tem mais de 100 praias de visual encantador, abra\u00e7adas pela vegeta\u00e7\u00e3o. Entre elas est\u00e1 a <a href=\"https:\/\/www.civitatis.com\/br\/ubatuba\/passeio-lancha-ilha-couves-prumirim\/?aid=100232&amp;cmp=postcaribesbrasil\" target=\"_blank\" rel=\"noopener\">Ilha das Couves<\/a>, que tem \u00e1guas cristalinas prop\u00edcias para mergulho e snorkel. Uma trilha at\u00e9 o topo da ilha revela uma vista fascinante para a Mata Atl\u00e2ntica e o litoral.<\/p>\n<p><strong>Como chegar<\/strong>: se voc\u00ea vem de fora do estado de SP, a melhor forma \u00e9 buscar <a href=\"https:\/\/www.turismocity.com.br\/passagens-aereas-para-SAO-Sao_Paulo_Brasil?from=SAO&amp;utm_source=qcv&amp;utm_medium=blog\" target=\"_blank\" rel=\"noopener\">voos<\/a> at\u00e9 a capital paulista (que fica a 144 km de dist\u00e2ncia) e seguir viagem de carro, pela Rodovia Ayrton Senna (Carvalho Pinto) SP-070 e a Rodovia Presidente Dutra BR-116 (ou SP-060) ou de \u00f4nibus.<\/p>\n<p><a href=\"https:\/\/www.booking.com\/searchresults.pt-br.html?aid=2161834&amp;sid=72a1c43897e59060b883b674a2fed3ed&amp;sb=1&amp;sb_lp=1&amp;src=city&amp;src_elem=sb&amp;error_url=https%3A%2F%2Fwww.booking.com%2Fcity%2Fbr%2Fjericoacoara.pt-br.html%3Faid%3D2161834%26sid%3D72a1c43897e59060b883b674a2fed3ed%26inac%3D0%26%26&amp;ss=Ubatuba%2C+Estado+de+S%C3%A3o+Paulo%2C+Brasil&amp;is_ski_area=&amp;ssne=Jericoacoara&amp;ssne_untouched=Jericoacoara&amp;city=-649321&amp;checkin_year=2023&amp;checkin_month=12&amp;checkin_monthday=10&amp;checkout_year=2023&amp;checkout_month=12&amp;checkout_monthday=17&amp;group_adults=2&amp;group_children=0&amp;no_rooms=1&amp;b_h4u_keep_filters=&amp;from_sf=1&amp;ss_raw=ubatu&amp;ac_position=0&amp;ac_langcode=xb&amp;ac_click_type=b&amp;ac_meta=GhAxMzQyNjg3ZjcyMjIwMTEwIAAoATICeGI6BXViYXR1QABKAFAA&amp;dest_id=-677399&amp;dest_type=city&amp;iata=UBT&amp;place_id_lat=-23.435575&amp;place_id_lon=-45.073124&amp;search_pageview_id=1342687f72220110&amp;search_selected=true&amp;search_pageview_id=1342687f72220110&amp;ac_suggestion_list_length=5&amp;ac_suggestion_theme_list_length=0\" target=\"_blank\" rel=\"noopener\">| Hospedagem em Ubatuba com pre\u00e7os bacanas est\u00e3o aqui<\/a><\/p>\n<p><a class=\"btncall\" href=\"http:\/\/quantocustaviajar.com\/brasil\/ubatuba\" target=\"_blank\" rel=\"noopener noreferrer\">DESCUBRA QUANTO CUSTA VIAJAR PARA UBATUBA!<\/a><\/p>\n<h3><span class=\"ez-toc-section\" id=\"Governador_Celso_Ramos_%E2%80%93_Santa_Catarina\"><\/span><b>Governador Celso Ramos &#8211; Santa Catarina<\/b><span class=\"ez-toc-section-end\"><\/span><\/h3>\n<figure id=\"attachment_60667\" aria-describedby=\"caption-attachment-60667\" style=\"width: 1024px\" class=\"wp-caption aligncenter\"><img loading=\"lazy\" decoding=\"async\" class=\"size-full wp-image-60667\" src=\"https:\/\/quantocustaviajar.com\/blog\/wp-content\/uploads\/2020\/11\/Governador_Celso_Ramos.jpg\" alt=\"\" width=\"1024\" height=\"683\" srcset=\"https:\/\/quantocustaviajar.com\/blog\/wp-content\/uploads\/2020\/11\/Governador_Celso_Ramos.jpg 1024w, https:\/\/quantocustaviajar.com\/blog\/wp-content\/uploads\/2020\/11\/Governador_Celso_Ramos-300x200.jpg 300w, https:\/\/quantocustaviajar.com\/blog\/wp-content\/uploads\/2020\/11\/Governador_Celso_Ramos-768x512.jpg 768w\" sizes=\"auto, (max-width: 1024px) 100vw, 1024px\" \/><figcaption id=\"caption-attachment-60667\" class=\"wp-caption-text\">Foto: <a href=\"https:\/\/commons.wikimedia.org\/wiki\/File:Governador_Celso_Ramos.jpg\" target=\"_blank\" rel=\"noopener\">Wikimedia Commons<\/a><\/figcaption><\/figure>\n<p>Pr\u00f3ximo a Floripa, <a href=\"https:\/\/quantocustaviajar.com\/blog\/governador-celso-ramos-sc\/\" target=\"_blank\" rel=\"noopener\">Governador Celso Ramos<\/a> \u00e9 um pequeno para\u00edso de \u00e1guas azuis, onde se preza pela cultura t\u00edpica a\u00e7oriana, de Portugal. Com 23 praias, \u00e9 comum que ali se propaguem pr\u00e1ticas de mergulho, surfe, windsurfe e jet ski. Uma das principais da regi\u00e3o \u00e9 a Praia de Palmas, que atrai jovens, banhistas e surfistas.<\/p>\n<p><strong>Como chegar:\u00a0<\/strong>como te contamos, a cidade fica a apenas 53 km de Florian\u00f3polis, por isso vale a pena buscar <a href=\"https:\/\/www.turismocity.com.br\/passagens-aereas-para-FLN-Florianopolis?from=SAO&amp;utm_source=qcv&amp;utm_medium=blog\" target=\"_blank\" rel=\"noopener\">passagens a\u00e9reas<\/a> at\u00e9 a capital catarinense e seguir viagem de carro pela BR 101 e depois entrar na rodovia SC 410.<\/p>\n<p>| <a href=\"https:\/\/www.booking.com\/searchresults.pt-br.html?ss=Governador+Celso+Ramos%2C+Santa+Catarina%2C+Brasil&amp;ssne=Ubatuba&amp;ssne_untouched=Ubatuba&amp;sid=72a1c43897e59060b883b674a2fed3ed&amp;aid=2161834&amp;lang=pt-br&amp;sb=1&amp;src_elem=sb&amp;src=searchresults&amp;dest_id=900049674&amp;dest_type=city&amp;ac_position=0&amp;ac_click_type=b&amp;ac_langcode=xb&amp;ac_suggestion_list_length=5&amp;search_selected=true&amp;search_pageview_id=241b694a51a6026f&amp;ac_meta=GhAyNDFiNjk0YTUxYTYwMjZmIAAoATICeGI6C0NlbHNvIFJhbW9zQABKAFAA&amp;checkin=2023-12-10&amp;checkout=2023-12-17&amp;group_adults=2&amp;no_rooms=1&amp;group_children=0&amp;sb_travel_purpose=leisure\" target=\"_blank\" rel=\"noopener\">Apesar de pequena, a cidade tem muitas op\u00e7\u00f5es de hospedagens, veja aqui!<\/a><\/p>\n<h3><span class=\"ez-toc-section\" id=\"Bombinhas_%E2%80%93_Santa_Catarina\"><\/span><a href=\"http:\/\/quantocustaviajar.com\/brasil\/bombinhas\" target=\"_blank\" rel=\"noopener noreferrer\"><b>Bombinhas \u2013 Santa Catarina<\/b><\/a><span class=\"ez-toc-section-end\"><\/span><\/h3>\n<figure id=\"attachment_49863\" aria-describedby=\"caption-attachment-49863\" style=\"width: 1200px\" class=\"wp-caption aligncenter\"><img loading=\"lazy\" decoding=\"async\" class=\"size-full wp-image-49863\" src=\"https:\/\/quantocustaviajar.com\/blog\/wp-content\/uploads\/2021\/02\/1200px-Praia_Quatro_Ilhas_Bombinhas.jpg\" alt=\"\" width=\"1200\" height=\"900\" srcset=\"https:\/\/quantocustaviajar.com\/blog\/wp-content\/uploads\/2021\/02\/1200px-Praia_Quatro_Ilhas_Bombinhas.jpg 1200w, https:\/\/quantocustaviajar.com\/blog\/wp-content\/uploads\/2021\/02\/1200px-Praia_Quatro_Ilhas_Bombinhas-300x225.jpg 300w, https:\/\/quantocustaviajar.com\/blog\/wp-content\/uploads\/2021\/02\/1200px-Praia_Quatro_Ilhas_Bombinhas-768x576.jpg 768w, https:\/\/quantocustaviajar.com\/blog\/wp-content\/uploads\/2021\/02\/1200px-Praia_Quatro_Ilhas_Bombinhas-1024x768.jpg 1024w\" sizes=\"auto, (max-width: 1200px) 100vw, 1200px\" \/><figcaption id=\"caption-attachment-49863\" class=\"wp-caption-text\">Foto: Wikipedia<\/figcaption><\/figure>\n<p>Em <strong><a href=\"http:\/\/quantocustaviajar.com\/blog\/praias-de-bombinhas\/\" target=\"_blank\" rel=\"noopener noreferrer\">Bombinhas<\/a><\/strong>, as 39 praias atraem todos os tipos de pessoas, desde os que querem passar o dia com a fam\u00edlia at\u00e9 os surfistas, que se concentram no Atalaia, onde as ondas quebram. O mar azul \u00e9 bastante convidativo para um mergulho e para os esportes. O local conta com bares, restaurantes, hot\u00e9is e pousadas, tornando-se um dos melhores lugares para quem quer alinhar conveni\u00eancia e lazer, al\u00e9m de claro, ter <a href=\"https:\/\/www.civitatis.com\/br\/bombinhas\/?aid=100232&amp;cmp=postcaribesbrasil\" target=\"_blank\" rel=\"noopener\">v\u00e1rios passeios<\/a> para atrair os viajantes!<\/p>\n<p><strong>Como chegar em mais um dos caribes brasileiros: <\/strong>para melhorar ainda mais este destino incr\u00edvel, Bombinhas fica pr\u00f3ximo de dois aeroportos &#8211; Florian\u00f3polis e Navegantes &#8211; facilitando a escolha das passagens a\u00e9reas. Outra op\u00e7\u00e3o \u00e9 ir de carro ou ainda de \u00f4nibus, mas primeiro deve ir at\u00e9 Balne\u00e1rio e depois seguir o resto da viagem! Fa\u00e7a o or\u00e7amento de passagens a\u00e9reas para estes e outros destinos <a href=\"https:\/\/www.turismocity.com.br\/passagens-aereas-para-FLN-Hercilio_Luz_Intl?from=SAO&amp;utm_source=qcv&amp;utm_medium=blog\" target=\"_blank\" rel=\"noopener\">aqui<\/a>!<\/p>\n<p>| <a href=\"https:\/\/www.booking.com\/city\/br\/bombinhas.pt-br.html?sid=72a1c43897e59060b883b674a2fed3ed&amp;aid=2161834\" target=\"_blank\" rel=\"noopener\">N\u00e3o sabe onde se hospedar? Confira aqui pousadas e hot\u00e9is em Bombinhas<\/a><\/p>\n<p><a class=\"btncall\" href=\"http:\/\/quantocustaviajar.com\/brasil\/bombinhas\" target=\"_blank\" rel=\"noopener noreferrer\">DESCUBRA QUANTO CUSTA VIAJAR PARA BOMBINHAS!<\/a><\/p>\n<h3><span class=\"ez-toc-section\" id=\"Praia_dos_Carneiros_%E2%80%93_Pernambuco\"><\/span><a href=\"https:\/\/www.desbravo.com\/passeios\/praia-dos-carneiros-e-passeio-de-catamara-saida-de-recife-002582?aid=571096\" target=\"_blank\" rel=\"noopener noreferrer\"><b>Praia dos Carneiros \u2013 Pernambuco<\/b><\/a><span class=\"ez-toc-section-end\"><\/span><\/h3>\n<figure id=\"attachment_50737\" aria-describedby=\"caption-attachment-50737\" style=\"width: 1200px\" class=\"wp-caption aligncenter\"><img loading=\"lazy\" decoding=\"async\" class=\"size-full wp-image-50737\" src=\"https:\/\/quantocustaviajar.com\/blog\/wp-content\/uploads\/2018\/03\/1200px-Express\u00f5es_da_coloniza\u00e7\u00e3o_em_Praia_dos_Carneiros.jpg\" alt=\"\" width=\"1200\" height=\"900\" srcset=\"https:\/\/quantocustaviajar.com\/blog\/wp-content\/uploads\/2018\/03\/1200px-Express\u00f5es_da_coloniza\u00e7\u00e3o_em_Praia_dos_Carneiros.jpg 1200w, https:\/\/quantocustaviajar.com\/blog\/wp-content\/uploads\/2018\/03\/1200px-Express\u00f5es_da_coloniza\u00e7\u00e3o_em_Praia_dos_Carneiros-300x225.jpg 300w, https:\/\/quantocustaviajar.com\/blog\/wp-content\/uploads\/2018\/03\/1200px-Express\u00f5es_da_coloniza\u00e7\u00e3o_em_Praia_dos_Carneiros-768x576.jpg 768w, https:\/\/quantocustaviajar.com\/blog\/wp-content\/uploads\/2018\/03\/1200px-Express\u00f5es_da_coloniza\u00e7\u00e3o_em_Praia_dos_Carneiros-1024x768.jpg 1024w\" sizes=\"auto, (max-width: 1200px) 100vw, 1200px\" \/><figcaption id=\"caption-attachment-50737\" class=\"wp-caption-text\">Foto: Wikipedia<\/figcaption><\/figure>\n<p>Vizinha de Tamandar\u00e9, essa \u00e9 uma das melhores praias do territ\u00f3rio brasileiro e costuma atrair pessoas em busca de tranquilidade. Deserta, conta com \u00e1guas mornas, esverdeadas e cristalinas que formam enormes piscinas naturais. Com infraestrutura para receber turistas, ainda assim se mant\u00e9m r\u00fastica, seja na orla ou nos arredores da capela S\u00e3o Benedito.<\/p>\n<p><strong>Como chegar:<\/strong> o primeiro passo \u00e9 buscar <a href=\"https:\/\/www.turismocity.com.br\/passagens-aereas-para-REC-Guararapes_Intl?from=SAO&amp;utm_source=qcv&amp;utm_medium=blog\" target=\"_blank\" rel=\"noopener\">passagens<\/a> at\u00e9 Recife e depois seguir viagem de carro, transfer e at\u00e9 catamar\u00e3 para Carneiros!<\/p>\n<p>| <a href=\"https:\/\/www.booking.com\/city\/br\/praia-dos-carneiros.pt-br.html?sid=72a1c43897e59060b883b674a2fed3ed&amp;aid=2161834\" target=\"_blank\" rel=\"noopener\">S\u00f3 pela foto j\u00e1 quer se hospedar l\u00e1 perto? Veja onde ficar!<\/a><\/p>\n<h3><span class=\"ez-toc-section\" id=\"Sao_Miguel_do_Gostoso_%E2%80%93_Rio_Grande_do_Norte\"><\/span><a href=\"http:\/\/quantocustaviajar.com\/brasil\/natal\" target=\"_blank\" rel=\"noopener noreferrer\"><strong>S\u00e3o Miguel do Gostoso &#8211; Rio Grande do Norte<\/strong><\/a><span class=\"ez-toc-section-end\"><\/span><\/h3>\n<figure id=\"attachment_30879\" aria-describedby=\"caption-attachment-30879\" style=\"width: 800px\" class=\"wp-caption aligncenter\"><img loading=\"lazy\" decoding=\"async\" class=\"size-full wp-image-30879\" src=\"https:\/\/quantocustaviajar.com\/blog\/wp-content\/uploads\/2016\/11\/praias-paradisiacas-sao-miguel-do-gostoso.jpg\" alt=\"praias paradis\u00edacas s\u00e3o miguel do gostoso\" width=\"800\" height=\"535\" srcset=\"https:\/\/quantocustaviajar.com\/blog\/wp-content\/uploads\/2016\/11\/praias-paradisiacas-sao-miguel-do-gostoso.jpg 800w, https:\/\/quantocustaviajar.com\/blog\/wp-content\/uploads\/2016\/11\/praias-paradisiacas-sao-miguel-do-gostoso-300x201.jpg 300w, https:\/\/quantocustaviajar.com\/blog\/wp-content\/uploads\/2016\/11\/praias-paradisiacas-sao-miguel-do-gostoso-768x514.jpg 768w\" sizes=\"auto, (max-width: 800px) 100vw, 800px\" \/><figcaption id=\"caption-attachment-30879\" class=\"wp-caption-text\">Foto: <a href=\"https:\/\/commons.wikimedia.org\/wiki\/File:S%C3%A3o_Miguel_do_Gostoso_-_State_of_Rio_Grande_do_Norte,_59585-000,_Brazil_-_panoramio.jpg\" target=\"_blank\" rel=\"noopener noreferrer\">Wikimedia Commons<\/a><\/figcaption><\/figure>\n<p>A 100 km de Natal, o munic\u00edpio \u00e9 sossegado e re\u00fane muitas op\u00e7\u00f5es de lazer. Os esportes radicais se destacam, sendo um dos melhores lugares do Brasil para a pr\u00e1tica de windsurf e kitesurf. Al\u00e9m de se deliciar nas praias, vale a pena visitar o\u00a0Museu Casa de Taipa, uma casa de pau a pique que re\u00fane parte\u00a0de costumes dos sertanejos nordestinos.<\/p>\n<p><strong>Como chegar: <\/strong><a href=\"https:\/\/quantocustaviajar.com\/blog\/sao-miguel-do-gostoso\/\">S\u00e3o Miguel do Gostoso<\/a> n\u00e3o possui aeroporto pr\u00f3prio, por isso o viajante deve pegar um <a href=\"https:\/\/www.turismocity.com.br\/passagens-aereas-para-NAT-Augusto_Severo_Intl?from=SAO&amp;utm_source=qcv&amp;utm_medium=blog\" target=\"_blank\" rel=\"noopener\">voo at\u00e9 o aeroporto de Natal<\/a>, que fica a 120 km do destino e depois pegar um carro ou transfer at\u00e9 o destino final!<\/p>\n<p>| O lugar \u00e9 realmente incr\u00edvel e n\u00e3o tem tantas op\u00e7\u00f5es de hospedagens como as capitais, por isso j\u00e1 <a href=\"https:\/\/www.booking.com\/city\/br\/gostoso.pt-br.html?sid=72a1c43897e59060b883b674a2fed3ed&amp;aid=2161834\" target=\"_blank\" rel=\"noopener\">reserve seu espacinho por aqui<\/a>!<\/p>\n<h3><span class=\"ez-toc-section\" id=\"Praia_do_Gunga_%E2%80%93_Alagoas\"><\/span>Praia do Gunga &#8211; Alagoas<span class=\"ez-toc-section-end\"><\/span><\/h3>\n<figure id=\"attachment_60676\" aria-describedby=\"caption-attachment-60676\" style=\"width: 799px\" class=\"wp-caption aligncenter\"><img loading=\"lazy\" decoding=\"async\" class=\"size-full wp-image-60676\" src=\"https:\/\/quantocustaviajar.com\/blog\/wp-content\/uploads\/2020\/11\/33361589840_5edc68395a_c.jpg\" alt=\"\" width=\"799\" height=\"533\" srcset=\"https:\/\/quantocustaviajar.com\/blog\/wp-content\/uploads\/2020\/11\/33361589840_5edc68395a_c.jpg 799w, https:\/\/quantocustaviajar.com\/blog\/wp-content\/uploads\/2020\/11\/33361589840_5edc68395a_c-300x200.jpg 300w, https:\/\/quantocustaviajar.com\/blog\/wp-content\/uploads\/2020\/11\/33361589840_5edc68395a_c-768x512.jpg 768w\" sizes=\"auto, (max-width: 799px) 100vw, 799px\" \/><figcaption id=\"caption-attachment-60676\" class=\"wp-caption-text\">Foto: Flickr\/<a id=\"yui_3_16_0_1_1692717225434_1953\" class=\"owner-name truncate\" title=\"V\u00e1 para a galeria de Marinelson Almeida - Traveling through Brazil\" href=\"https:\/\/www.flickr.com\/photos\/marinelson\/\" target=\"_blank\" rel=\"author noopener\" data-track=\"attributionNameClick\">Marinelson Almeida &#8211; Traveling through Brazil<\/a><\/figcaption><\/figure>\n<p>Se voc\u00ea quer mais um pouco de op\u00e7\u00f5es de <strong>caribes brasileiros<\/strong>, a <a href=\"https:\/\/quantocustaviajar.com\/blog\/praia-do-gunga-em-alagoas\/\">Praia do Gunga<\/a> em Alagoas entra obrigatoriamente na lista, com um cen\u00e1rio repleto de coqueiros, fal\u00e9sias coloridas, mar com \u00e1guas calmas e claras. O lugar \u00e9 surreal e ainda n\u00e3o t\u00e3o movimentado quanto outros destinos pr\u00f3ximos.<\/p>\n<p><strong>Como chegar<\/strong>: a Praia do Gunga fica a cerca de 45 km de Macei\u00f3, por isso comece buscando <a href=\"https:\/\/www.turismocity.com.br\/passagens-aereas-para-MCZ-Zumbi_dos_Palmares_Intl?from=SAO&amp;utm_source=qcv&amp;utm_medium=blog\" target=\"_blank\" rel=\"noopener\">passagens a\u00e9reas para l\u00e1<\/a> e depois siga a viagem de carro alugado ou at\u00e9 mesmo de uber.<\/p>\n<p>| <a href=\"https:\/\/www.booking.com\/searchresults.pt-br.html?aid=2161834&amp;sid=72a1c43897e59060b883b674a2fed3ed&amp;sb=1&amp;sb_lp=1&amp;src=city&amp;src_elem=sb&amp;error_url=https%3A%2F%2Fwww.booking.com%2Fcity%2Fbr%2Fgostoso.pt-br.html%3Faid%3D2161834%26sid%3D72a1c43897e59060b883b674a2fed3ed%26inac%3D0%26%26&amp;ss=Barra+de+S%C3%A3o+Miguel%2C+Alagoas%2C+Brasil&amp;is_ski_area=&amp;ssne=S%C3%A3o+Miguel+do+Gostoso&amp;ssne_untouched=S%C3%A3o+Miguel+do+Gostoso&amp;city=-671687&amp;checkin_year=2023&amp;checkin_month=12&amp;checkin_monthday=10&amp;checkout_year=2023&amp;checkout_month=12&amp;checkout_monthday=17&amp;group_adults=2&amp;group_children=0&amp;no_rooms=1&amp;b_h4u_keep_filters=&amp;from_sf=1&amp;ss_raw=Praia+do+Gunga&amp;ac_position=0&amp;ac_langcode=xb&amp;ac_click_type=b&amp;ac_meta=GhAzZTdhNmE5ZjE4ZjEwMmRkIAAoATICeGI6DlByYWlhIGRvIEd1bmdhQABKAFAA&amp;dest_id=-627957&amp;dest_type=city&amp;place_id_lat=-9.836304&amp;place_id_lon=-35.889015&amp;search_pageview_id=3e7a6a9f18f102dd&amp;search_selected=true&amp;search_pageview_id=3e7a6a9f18f102dd&amp;ac_suggestion_list_length=1&amp;ac_suggestion_theme_list_length=0\" target=\"_blank\" rel=\"noopener\">As hospedagens mais pr\u00f3ximas desta praia ficam em Barra de S\u00e3o Miguel<\/a><\/p>\n<h3><span class=\"ez-toc-section\" id=\"Trancoso_%E2%80%93_BA\"><\/span>Trancoso &#8211; BA<span class=\"ez-toc-section-end\"><\/span><\/h3>\n<figure id=\"attachment_60679\" aria-describedby=\"caption-attachment-60679\" style=\"width: 800px\" class=\"wp-caption aligncenter\"><img loading=\"lazy\" decoding=\"async\" class=\"size-full wp-image-60679\" src=\"https:\/\/quantocustaviajar.com\/blog\/wp-content\/uploads\/2020\/11\/4349602912_1da1f4da0a_c-1.jpg\" alt=\"\" width=\"800\" height=\"600\" srcset=\"https:\/\/quantocustaviajar.com\/blog\/wp-content\/uploads\/2020\/11\/4349602912_1da1f4da0a_c-1.jpg 800w, https:\/\/quantocustaviajar.com\/blog\/wp-content\/uploads\/2020\/11\/4349602912_1da1f4da0a_c-1-300x225.jpg 300w, https:\/\/quantocustaviajar.com\/blog\/wp-content\/uploads\/2020\/11\/4349602912_1da1f4da0a_c-1-768x576.jpg 768w\" sizes=\"auto, (max-width: 800px) 100vw, 800px\" \/><figcaption id=\"caption-attachment-60679\" class=\"wp-caption-text\">Foto: Flickr\/<a class=\"owner-name truncate\" title=\"V\u00e1 para a galeria de Leonardo Quintino\" href=\"https:\/\/www.flickr.com\/photos\/leoquintino\/\" target=\"_blank\" rel=\"author noopener\" data-track=\"attributionNameClick\">Leonardo Quintino<\/a><\/figcaption><\/figure>\n<p>Trancoso \u00e9 um dos destinos mais charmosos do pa\u00eds e fica no estado da Bahia, no Brasil, ao lado de Porto Seguro! Conhecida por suas praias paradis\u00edacas, atmosfera descontra\u00edda e rica cultura local, Trancoso atrai tanto turistas em busca de relaxamento quanto aqueles que desejam desfrutar de uma experi\u00eancia \u00fanica em um cen\u00e1rio deslumbrante. Inclusive o r\u00e9veillon \u00e9 um dos mais famosos do Brasil!<\/p>\n<p>Aproveite o destino para conhecer a Praia dos Coqueiros, o famoso Quadrado e a a Praia do Espelho!<\/p>\n<p><strong>Como chegar:\u00a0<\/strong>Trancoso n\u00e3o possui um aeroporto pr\u00f3prio, mas a maneira mais f\u00e1cil de chegar l\u00e1 \u00e9 <a href=\"https:\/\/www.turismocity.com.br\/passagens-aereas-para-BPS-Porto_Seguro?from=SAO&amp;utm_source=qcv&amp;utm_medium=blog\" target=\"_blank\" rel=\"noopener\">voando para o Aeroporto de Porto Seguro<\/a>, que fica a aproximadamente 80 km de dist\u00e2ncia. A partir do Aeroporto de Porto Seguro, basta ir de taxi, uber, transfer ou carro alugado at\u00e9 l\u00e1!<\/p>\n<p>| <a href=\"https:\/\/www.booking.com\/city\/br\/trancoso.pt-br.html?sid=72a1c43897e59060b883b674a2fed3ed&amp;aid=2161834\" target=\"_blank\" rel=\"noopener\">Quer saber onde ficar em Trancoso? Clique aqui!<\/a><\/p>\n<h3><span class=\"ez-toc-section\" id=\"Praia_do_Rosa_%E2%80%93_SC\"><\/span>Praia do Rosa &#8211; SC<span class=\"ez-toc-section-end\"><\/span><\/h3>\n<figure id=\"attachment_60680\" aria-describedby=\"caption-attachment-60680\" style=\"width: 800px\" class=\"wp-caption aligncenter\"><img loading=\"lazy\" decoding=\"async\" class=\"size-full wp-image-60680\" src=\"https:\/\/quantocustaviajar.com\/blog\/wp-content\/uploads\/2020\/11\/121211152_802ca5a23a_c.jpg\" alt=\"\" width=\"800\" height=\"600\" srcset=\"https:\/\/quantocustaviajar.com\/blog\/wp-content\/uploads\/2020\/11\/121211152_802ca5a23a_c.jpg 800w, https:\/\/quantocustaviajar.com\/blog\/wp-content\/uploads\/2020\/11\/121211152_802ca5a23a_c-300x225.jpg 300w, https:\/\/quantocustaviajar.com\/blog\/wp-content\/uploads\/2020\/11\/121211152_802ca5a23a_c-768x576.jpg 768w\" sizes=\"auto, (max-width: 800px) 100vw, 800px\" \/><figcaption id=\"caption-attachment-60680\" class=\"wp-caption-text\">Foto: Flickr\/ <a class=\"owner-name truncate\" title=\"V\u00e1 para a galeria de Leonardo Pallotta\" href=\"https:\/\/www.flickr.com\/photos\/groundzero\/\" target=\"_blank\" rel=\"author noopener\" data-track=\"attributionNameClick\">Leonardo Pallotta<\/a><\/figcaption><\/figure>\n<p>Se voc\u00ea ainda n\u00e3o conhece este destino que tem um dos anos novos mais disputados do Brasil, a <a href=\"https:\/\/quantocustaviajar.com\/blog\/praia-do-rosa-sc\/\">Praia do Rosa<\/a> \u00e9 uma das praias mais famosas e belas da regi\u00e3o de <a href=\"https:\/\/quantocustaviajar.com\/blog\/lugares-para-conhecer-no-interior-de-santa-catarina\/\">Santa Catarina<\/a>, no sul do Brasil. Localizada no munic\u00edpio de Imbituba, a cerca de 90 km ao sul de Florian\u00f3polis, a Praia do Rosa \u00e9 conhecida por sua natureza intocada, atmosfera descontra\u00edda e excelentes condi\u00e7\u00f5es para o surf. \u00c9 uma regi\u00e3o que atrai tanto surfistas quanto turistas que buscam tranquilidade e beleza natural.<\/p>\n<p><strong>Como chegar:<\/strong> a Praia do Rosa fica em Santa Catarina, a cerca de 200 km de Florian\u00f3polis. A melhor maneira de chegar l\u00e1 \u00e9 <a href=\"https:\/\/www.turismocity.com.br\/passagens-aereas-para-FLN-Hercilio_Luz_Intl?from=SAO&amp;utm_source=qcv&amp;utm_medium=blog\" target=\"_blank\" rel=\"noopener\">pousando em Floripa<\/a> e seguindo viagem de carro ou de \u00f4nibus.<\/p>\n<p><a href=\"https:\/\/www.booking.com\/city\/br\/praia-do-rosa.pt-br.html?sid=72a1c43897e59060b883b674a2fed3ed&amp;aid=2161834\" target=\"_blank\" rel=\"noopener\">| Veja mais de 200 op\u00e7\u00f5es de hospedagens na Praia do Rosa para todos os gostos e bolsos<\/a><\/p>\n<h3><span class=\"ez-toc-section\" id=\"Praia_de_Caraiva_%E2%80%93_Bahia\"><\/span>Praia de Cara\u00edva &#8211; Bahia<span class=\"ez-toc-section-end\"><\/span><\/h3>\n<figure id=\"attachment_60681\" aria-describedby=\"caption-attachment-60681\" style=\"width: 799px\" class=\"wp-caption aligncenter\"><img loading=\"lazy\" decoding=\"async\" class=\"size-full wp-image-60681\" src=\"https:\/\/quantocustaviajar.com\/blog\/wp-content\/uploads\/2020\/11\/24908719111_e23e24fc51_c.jpg\" alt=\"\" width=\"799\" height=\"533\" srcset=\"https:\/\/quantocustaviajar.com\/blog\/wp-content\/uploads\/2020\/11\/24908719111_e23e24fc51_c.jpg 799w, https:\/\/quantocustaviajar.com\/blog\/wp-content\/uploads\/2020\/11\/24908719111_e23e24fc51_c-300x200.jpg 300w, https:\/\/quantocustaviajar.com\/blog\/wp-content\/uploads\/2020\/11\/24908719111_e23e24fc51_c-768x512.jpg 768w\" sizes=\"auto, (max-width: 799px) 100vw, 799px\" \/><figcaption id=\"caption-attachment-60681\" class=\"wp-caption-text\">Foto: Flickr\/ <a id=\"yui_3_16_0_1_1692718341279_1917\" class=\"owner-name truncate\" title=\"V\u00e1 para a galeria de Rodrigo S\u00e1 Barreto\" href=\"https:\/\/www.flickr.com\/photos\/imnotfool\/\" target=\"_blank\" rel=\"author noopener\" data-track=\"attributionNameClick\">Rodrigo S\u00e1 Barreto<\/a><\/figcaption><\/figure>\n<p><a href=\"https:\/\/quantocustaviajar.com\/blog\/caraiva-sul-da-bahia\/\" target=\"_blank\" rel=\"noopener\">Cara\u00edva<\/a> \u00e9 um daqueles destinos que re\u00fane seguidores fi\u00e9is no Brasil e no mundo, que vivem elogiando e voltando para l\u00e1, mas n\u00e3o \u00e9 \u00e0 toa, com caracter\u00edsticas pr\u00f3prias de um dos <strong>caribes brasileiros.<\/strong> Com <span style=\"color: initial;\">\u00e1gua cristalina, areia branca e fina, coqueiros, e mais, o destino \u00e9 um daqueles para querer emendar o carnaval com ano novo e ficar por l\u00e1.<\/span><\/p>\n<p><strong>Como chegar:<\/strong> a melhor forma de chegar em Cara\u00edva \u00e9 pelo <a href=\"https:\/\/www.turismocity.com.br\/passagens-aereas-para-BPS-Porto_Seguro?from=SAO&amp;utm_source=qcv&amp;utm_medium=blog\" target=\"_blank\" rel=\"noopener\">aeroporto de Porto Seguro<\/a>, a 105 km de dist\u00e2ncia, dos quais 32 km do trecho s\u00e3o feitos em estrada de terra.<\/p>\n<p>| <a href=\"https:\/\/www.booking.com\/city\/br\/caraiva.pt-br.html?sid=72a1c43897e59060b883b674a2fed3ed&amp;aid=2161834\" target=\"_blank\" rel=\"noopener\">Saiba onde ficar em Cara\u00edva!<\/a><\/p>\n<h3><span class=\"ez-toc-section\" id=\"Praia_de_Canoa_Quebrada_%E2%80%93_Ceara\"><\/span>Praia de Canoa Quebrada &#8211; Cear\u00e1<span class=\"ez-toc-section-end\"><\/span><\/h3>\n<figure id=\"attachment_60689\" aria-describedby=\"caption-attachment-60689\" style=\"width: 1280px\" class=\"wp-caption aligncenter\"><img loading=\"lazy\" decoding=\"async\" class=\"size-full wp-image-60689\" src=\"https:\/\/quantocustaviajar.com\/blog\/wp-content\/uploads\/2020\/11\/Canoa_Quebrada_2.jpg\" alt=\"\" width=\"1280\" height=\"850\" srcset=\"https:\/\/quantocustaviajar.com\/blog\/wp-content\/uploads\/2020\/11\/Canoa_Quebrada_2.jpg 1280w, https:\/\/quantocustaviajar.com\/blog\/wp-content\/uploads\/2020\/11\/Canoa_Quebrada_2-300x199.jpg 300w, https:\/\/quantocustaviajar.com\/blog\/wp-content\/uploads\/2020\/11\/Canoa_Quebrada_2-1024x680.jpg 1024w, https:\/\/quantocustaviajar.com\/blog\/wp-content\/uploads\/2020\/11\/Canoa_Quebrada_2-768x510.jpg 768w\" sizes=\"auto, (max-width: 1280px) 100vw, 1280px\" \/><figcaption id=\"caption-attachment-60689\" class=\"wp-caption-text\">Foto: <a href=\"https:\/\/commons.wikimedia.org\/wiki\/File:Canoa_Quebrada_%282%29.jpg\" target=\"_blank\" rel=\"noopener\">Wikimedia Commons<\/a><\/figcaption><\/figure>\n<p>Com dunas, fal\u00e9sias avermelhadas, mar azul-turquesa, passeios de buggy, de barco, muitos esportes aqu\u00e1ticos e um p\u00f4r do sol de dar inveja em qualquer destino do mundo, a Praia de <a href=\"https:\/\/quantocustaviajar.com\/blog\/canoa-quebrada\/\">Canoa Quebrada<\/a>, no Cear\u00e1, \u00e9 uma experi\u00eancia surreal com as vantagens de ser dentro do nosso territ\u00f3rio, ou seja, um verdadeiro <strong>caribe brasileiro<\/strong>!<\/p>\n<p><strong>Como chegar<\/strong>: por ser pertinho de Fortaleza, capital do Cear\u00e1 e maior aeroporto da regi\u00e3o, quem quiser visitar Canoa Quebrada deve buscar <a href=\"https:\/\/www.turismocity.com.br\/passagens-aereas-para-FOR-Pinto_Martins_Intl?from=SAO&amp;utm_source=qcv&amp;utm_medium=blog\" target=\"_blank\" rel=\"noopener\" data-wplink-edit=\"true\">voos at\u00e9 l\u00e1<\/a> e depois ir de carro, transfer ou mesmo \u00f4nibus at\u00e9 seu destino final.<\/p>\n<p><a href=\"https:\/\/www.booking.com\/searchresults.pt-br.html?aid=2161834&amp;sid=4568414c5f6943972eb9b9c0841f07a0&amp;sb=1&amp;sb_lp=1&amp;src=index&amp;src_elem=sb&amp;error_url=https%3A%2F%2Fwww.booking.com%2Findex.pt-br.html%3Faid%3D2161834%26sid%3D4568414c5f6943972eb9b9c0841f07a0%26sb_price_type%3Dtotal%26%26&amp;ss=Canoa+Quebrada%2C+Cear%C3%A1%2C+Brasil&amp;ssne=Salvador&amp;ssne_untouched=Salvador&amp;checkin_year=2024&amp;checkin_month=1&amp;checkin_monthday=12&amp;checkout_year=2024&amp;checkout_month=1&amp;checkout_monthday=13&amp;efdco=1&amp;group_adults=2&amp;no_rooms=1&amp;from_sf=1&amp;ss_raw=canoa+que&amp;ac_langcode=xb&amp;ac_click_type=b&amp;ac_meta=GhBjY2M0NjA2NTVjMDAwNTNiIAAoATICeGI6CWNhbm9hIHF1ZUAASgBQAA%3D%3D&amp;dest_id=-634644&amp;dest_type=city&amp;place_id_lat=-4.525706&amp;place_id_lon=-37.703503&amp;search_pageview_id=ccc460655c00053b&amp;search_selected=true&amp;search_pageview_id=ccc460655c00053b&amp;ac_suggestion_list_length=5&amp;auth_success=1\" target=\"_blank\" rel=\"noopener\">Confira aqui hospedagens em Canoa Quebrada<\/a><\/p>\n","protected":false},"excerpt":{"rendered":"<p>Chegar at\u00e9 o exuberante mar do Caribe\u00a0ainda \u00e9 imposs\u00edvel para voc\u00ea? Sem problemas, porque aqui mesmo no Brasil somos agraciados por recursos naturais t\u00e3o maravilhosos\u00a0quanto os de l\u00e1. Na falta de verba ou de tempo, vale a pena conhecer praias que s\u00e3o consideradas os &#8220;Caribes brasileiros&#8220;. Para te dar ainda mais vontade de viajar e [&hellip;]<\/p>\n","protected":false},"author":4,"featured_media":50758,"comment_status":"open","ping_status":"open","sticky":false,"template":"","format":"standard","meta":{"cybocfi_hide_featured_image":"","footnotes":""},"categories":[1437,1434],"tags":[268,266,284,645,183,440,512,210,150,529,843,310,204,181,839,446,530,915,764],"class_list":["post-11022","post","type-post","status-publish","format-standard","has-post-thumbnail","hentry","category-ao-ar-livre","category-descubra-brasil","tag-aguas-cristalinas","tag-brasil","tag-caribe","tag-descanso","tag-destinos","tag-ferias","tag-litoral","tag-lugares","tag-nordeste","tag-onde-ir","tag-paisagens","tag-paradisiaca","tag-paradisiaco","tag-praias","tag-regiao-sul","tag-sudeste","tag-viagem-a-dois","tag-viagem-com-amigos","tag-viagem-de-carro"],"blocksy_meta":[],"yoast_head":"<!-- This site is optimized with the Yoast SEO plugin v26.3 - https:\/\/yoast.com\/wordpress\/plugins\/seo\/ -->\n<title>Conhe\u00e7a praias que s\u00e3o consideradas os &quot;Caribes brasileiros&quot;<\/title>\n<meta name=\"description\" content=\"Conhe\u00e7a alguns destinos incr\u00edveis no Brasil que s\u00e3o considerados os caribes brasileiros com aquele tom de mar incr\u00edvel!\" \/>\n<meta name=\"robots\" content=\"index, follow, max-snippet:-1, max-image-preview:large, max-video-preview:-1\" \/>\n<link rel=\"canonical\" href=\"https:\/\/quantocustaviajar.com\/blog\/conheca-praias-que-sao-consideradas-os-caribes-brasileiros\/\" \/>\n<meta property=\"og:locale\" content=\"pt_BR\" \/>\n<meta property=\"og:type\" content=\"article\" \/>\n<meta property=\"og:title\" content=\"Conhe\u00e7a praias que s\u00e3o consideradas os &quot;Caribes brasileiros&quot;\" \/>\n<meta property=\"og:description\" content=\"Conhe\u00e7a alguns destinos incr\u00edveis no Brasil que s\u00e3o considerados os caribes brasileiros com aquele tom de mar incr\u00edvel!\" \/>\n<meta property=\"og:url\" content=\"https:\/\/quantocustaviajar.com\/blog\/conheca-praias-que-sao-consideradas-os-caribes-brasileiros\/\" \/>\n<meta property=\"og:site_name\" content=\"Blog Quanto Custa Viajar\" \/>\n<meta property=\"article:publisher\" content=\"https:\/\/www.facebook.com\/quantocustaviajar\" \/>\n<meta property=\"article:author\" content=\"https:\/\/www.facebook.com\/brunellapfvr\/posts\" \/>\n<meta property=\"article:published_time\" content=\"2023-08-29T02:59:00+00:00\" \/>\n<meta property=\"article:modified_time\" content=\"2023-08-30T13:52:55+00:00\" \/>\n<meta property=\"og:image\" content=\"https:\/\/quantocustaviajar.com\/blog\/wp-content\/uploads\/2016\/11\/51039850987_5328de972c_c.jpg\" \/>\n\t<meta property=\"og:image:width\" content=\"799\" \/>\n\t<meta property=\"og:image:height\" content=\"533\" \/>\n\t<meta property=\"og:image:type\" content=\"image\/jpeg\" \/>\n<meta name=\"author\" content=\"Brunella Nunes\" \/>\n<meta name=\"twitter:card\" content=\"summary_large_image\" \/>\n<meta name=\"twitter:label1\" content=\"Escrito por\" \/>\n\t<meta name=\"twitter:data1\" content=\"Brunella Nunes\" \/>\n\t<meta name=\"twitter:label2\" content=\"Est. tempo de leitura\" \/>\n\t<meta name=\"twitter:data2\" content=\"19 minutos\" \/>\n<!-- \/ Yoast SEO plugin. -->","yoast_head_json":{"title":"Conhe\u00e7a praias que s\u00e3o consideradas os \"Caribes brasileiros\"","description":"Conhe\u00e7a alguns destinos incr\u00edveis no Brasil que s\u00e3o considerados os caribes brasileiros com aquele tom de mar incr\u00edvel!","robots":{"index":"index","follow":"follow","max-snippet":"max-snippet:-1","max-image-preview":"max-image-preview:large","max-video-preview":"max-video-preview:-1"},"canonical":"https:\/\/quantocustaviajar.com\/blog\/conheca-praias-que-sao-consideradas-os-caribes-brasileiros\/","og_locale":"pt_BR","og_type":"article","og_title":"Conhe\u00e7a praias que s\u00e3o consideradas os \"Caribes brasileiros\"","og_description":"Conhe\u00e7a alguns destinos incr\u00edveis no Brasil que s\u00e3o considerados os caribes brasileiros com aquele tom de mar incr\u00edvel!","og_url":"https:\/\/quantocustaviajar.com\/blog\/conheca-praias-que-sao-consideradas-os-caribes-brasileiros\/","og_site_name":"Blog Quanto Custa Viajar","article_publisher":"https:\/\/www.facebook.com\/quantocustaviajar","article_author":"https:\/\/www.facebook.com\/brunellapfvr\/posts","article_published_time":"2023-08-29T02:59:00+00:00","article_modified_time":"2023-08-30T13:52:55+00:00","og_image":[{"width":799,"height":533,"url":"https:\/\/quantocustaviajar.com\/blog\/wp-content\/uploads\/2016\/11\/51039850987_5328de972c_c.jpg","type":"image\/jpeg"}],"author":"Brunella Nunes","twitter_card":"summary_large_image","twitter_misc":{"Escrito por":"Brunella Nunes","Est. tempo de leitura":"19 minutos"},"schema":{"@context":"https:\/\/schema.org","@graph":[{"@type":["Article","BlogPosting"],"@id":"https:\/\/quantocustaviajar.com\/blog\/conheca-praias-que-sao-consideradas-os-caribes-brasileiros\/#article","isPartOf":{"@id":"https:\/\/quantocustaviajar.com\/blog\/conheca-praias-que-sao-consideradas-os-caribes-brasileiros\/"},"author":{"name":"Brunella Nunes","@id":"https:\/\/quantocustaviajar.com\/blog\/#\/schema\/person\/1a6dd3da9d0c0a4be42652b67bea19bb"},"headline":"Conhe\u00e7a praias que s\u00e3o consideradas os &#8220;Caribes brasileiros&#8221;","datePublished":"2023-08-29T02:59:00+00:00","dateModified":"2023-08-30T13:52:55+00:00","mainEntityOfPage":{"@id":"https:\/\/quantocustaviajar.com\/blog\/conheca-praias-que-sao-consideradas-os-caribes-brasileiros\/"},"wordCount":2888,"commentCount":10,"publisher":{"@id":"https:\/\/quantocustaviajar.com\/blog\/#organization"},"image":{"@id":"https:\/\/quantocustaviajar.com\/blog\/conheca-praias-que-sao-consideradas-os-caribes-brasileiros\/#primaryimage"},"thumbnailUrl":"https:\/\/quantocustaviajar.com\/blog\/wp-content\/uploads\/2016\/11\/51039850987_5328de972c_c.jpg","keywords":["\u00e1guas cristalinas","Brasil","caribe","descanso","destinos","f\u00e9rias","litoral","lugares","nordeste","onde ir","paisagens","paradis\u00edaca","paradis\u00edaco","praias","regi\u00e3o sul","Sudeste","viagem a dois","viagem com amigos","viagem de carro"],"articleSection":["Ao Ar Livre","Descubra o Brasil"],"inLanguage":"pt-BR","potentialAction":[{"@type":"CommentAction","name":"Comment","target":["https:\/\/quantocustaviajar.com\/blog\/conheca-praias-que-sao-consideradas-os-caribes-brasileiros\/#respond"]}]},{"@type":"WebPage","@id":"https:\/\/quantocustaviajar.com\/blog\/conheca-praias-que-sao-consideradas-os-caribes-brasileiros\/","url":"https:\/\/quantocustaviajar.com\/blog\/conheca-praias-que-sao-consideradas-os-caribes-brasileiros\/","name":"Conhe\u00e7a praias que s\u00e3o consideradas os \"Caribes brasileiros\"","isPartOf":{"@id":"https:\/\/quantocustaviajar.com\/blog\/#website"},"primaryImageOfPage":{"@id":"https:\/\/quantocustaviajar.com\/blog\/conheca-praias-que-sao-consideradas-os-caribes-brasileiros\/#primaryimage"},"image":{"@id":"https:\/\/quantocustaviajar.com\/blog\/conheca-praias-que-sao-consideradas-os-caribes-brasileiros\/#primaryimage"},"thumbnailUrl":"https:\/\/quantocustaviajar.com\/blog\/wp-content\/uploads\/2016\/11\/51039850987_5328de972c_c.jpg","datePublished":"2023-08-29T02:59:00+00:00","dateModified":"2023-08-30T13:52:55+00:00","description":"Conhe\u00e7a alguns destinos incr\u00edveis no Brasil que s\u00e3o considerados os caribes brasileiros com aquele tom de mar incr\u00edvel!","breadcrumb":{"@id":"https:\/\/quantocustaviajar.com\/blog\/conheca-praias-que-sao-consideradas-os-caribes-brasileiros\/#breadcrumb"},"inLanguage":"pt-BR","potentialAction":[{"@type":"ReadAction","target":["https:\/\/quantocustaviajar.com\/blog\/conheca-praias-que-sao-consideradas-os-caribes-brasileiros\/"]}]},{"@type":"ImageObject","inLanguage":"pt-BR","@id":"https:\/\/quantocustaviajar.com\/blog\/conheca-praias-que-sao-consideradas-os-caribes-brasileiros\/#primaryimage","url":"https:\/\/quantocustaviajar.com\/blog\/wp-content\/uploads\/2016\/11\/51039850987_5328de972c_c.jpg","contentUrl":"https:\/\/quantocustaviajar.com\/blog\/wp-content\/uploads\/2016\/11\/51039850987_5328de972c_c.jpg","width":799,"height":533,"caption":"Foto:"},{"@type":"BreadcrumbList","@id":"https:\/\/quantocustaviajar.com\/blog\/conheca-praias-que-sao-consideradas-os-caribes-brasileiros\/#breadcrumb","itemListElement":[{"@type":"ListItem","position":1,"name":"In\u00edcio","item":"https:\/\/quantocustaviajar.com\/blog\/"},{"@type":"ListItem","position":2,"name":"Conhe\u00e7a praias que s\u00e3o consideradas os &#8220;Caribes brasileiros&#8221;"}]},{"@type":"WebSite","@id":"https:\/\/quantocustaviajar.com\/blog\/#website","url":"https:\/\/quantocustaviajar.com\/blog\/","name":"Blog Quanto Custa Viajar","description":"","publisher":{"@id":"https:\/\/quantocustaviajar.com\/blog\/#organization"},"potentialAction":[{"@type":"SearchAction","target":{"@type":"EntryPoint","urlTemplate":"https:\/\/quantocustaviajar.com\/blog\/?s={search_term_string}"},"query-input":{"@type":"PropertyValueSpecification","valueRequired":true,"valueName":"search_term_string"}}],"inLanguage":"pt-BR"},{"@type":"Organization","@id":"https:\/\/quantocustaviajar.com\/blog\/#organization","name":"Quanto Custa Viajar","url":"https:\/\/quantocustaviajar.com\/blog\/","logo":{"@type":"ImageObject","inLanguage":"pt-BR","@id":"https:\/\/quantocustaviajar.com\/blog\/#\/schema\/logo\/image\/","url":"","contentUrl":"","caption":"Quanto Custa Viajar"},"image":{"@id":"https:\/\/quantocustaviajar.com\/blog\/#\/schema\/logo\/image\/"},"sameAs":["https:\/\/www.facebook.com\/quantocustaviajar"]},{"@type":"Person","@id":"https:\/\/quantocustaviajar.com\/blog\/#\/schema\/person\/1a6dd3da9d0c0a4be42652b67bea19bb","name":"Brunella Nunes","image":{"@type":"ImageObject","inLanguage":"pt-BR","@id":"https:\/\/quantocustaviajar.com\/blog\/#\/schema\/person\/image\/","url":"https:\/\/secure.gravatar.com\/avatar\/05b28dfb8a3cc7ee0dba6feefa5677f05be6d7bf4b017728fd38499092f9c282?s=96&d=mm&r=g","contentUrl":"https:\/\/secure.gravatar.com\/avatar\/05b28dfb8a3cc7ee0dba6feefa5677f05be6d7bf4b017728fd38499092f9c282?s=96&d=mm&r=g","caption":"Brunella Nunes"},"description":"Quando n\u00e3o est\u00e1 viajando pelo mundo, est\u00e1 viajando nas ideias.","sameAs":["https:\/\/www.facebook.com\/brunellapfvr\/posts","https:\/\/www.linkedin.com\/in\/brunellanunes\/"],"url":"https:\/\/quantocustaviajar.com\/blog\/author\/equipe\/"}]}},"_links":{"self":[{"href":"https:\/\/quantocustaviajar.com\/blog\/wp-json\/wp\/v2\/posts\/11022","targetHints":{"allow":["GET"]}}],"collection":[{"href":"https:\/\/quantocustaviajar.com\/blog\/wp-json\/wp\/v2\/posts"}],"about":[{"href":"https:\/\/quantocustaviajar.com\/blog\/wp-json\/wp\/v2\/types\/post"}],"author":[{"embeddable":true,"href":"https:\/\/quantocustaviajar.com\/blog\/wp-json\/wp\/v2\/users\/4"}],"replies":[{"embeddable":true,"href":"https:\/\/quantocustaviajar.com\/blog\/wp-json\/wp\/v2\/comments?post=11022"}],"version-history":[{"count":29,"href":"https:\/\/quantocustaviajar.com\/blog\/wp-json\/wp\/v2\/posts\/11022\/revisions"}],"predecessor-version":[{"id":60852,"href":"https:\/\/quantocustaviajar.com\/blog\/wp-json\/wp\/v2\/posts\/11022\/revisions\/60852"}],"wp:featuredmedia":[{"embeddable":true,"href":"https:\/\/quantocustaviajar.com\/blog\/wp-json\/wp\/v2\/media\/50758"}],"wp:attachment":[{"href":"https:\/\/quantocustaviajar.com\/blog\/wp-json\/wp\/v2\/media?parent=11022"}],"wp:term":[{"taxonomy":"category","embeddable":true,"href":"https:\/\/quantocustaviajar.com\/blog\/wp-json\/wp\/v2\/categories?post=11022"},{"taxonomy":"post_tag","embeddable":true,"href":"https:\/\/quantocustaviajar.com\/blog\/wp-json\/wp\/v2\/tags?post=11022"}],"curies":[{"name":"wp","href":"https:\/\/api.w.org\/{rel}","templated":true}]}}