{"id":10686,"date":"2016-12-05T11:58:22","date_gmt":"2016-12-05T11:58:22","guid":{"rendered":"http:\/\/quantocustaviajar.com\/blog\/?p=10686"},"modified":"2019-01-08T13:00:34","modified_gmt":"2019-01-08T13:00:34","slug":"casa-do-alentejo-em-lisboa","status":"publish","type":"post","link":"https:\/\/quantocustaviajar.com\/blog\/casa-do-alentejo-em-lisboa\/","title":{"rendered":"Casa do Alentejo em Lisboa mistura arquitetura \u00e1rabe e cultura alentejana"},"content":{"rendered":"<p>No cora\u00e7\u00e3o do centro hist\u00f3rico, a <strong>Casa do Alentejo<\/strong>, em <strong><a href=\"http:\/\/quantocustaviajar.com\/portugal\/lisboa\" target=\"_blank\" rel=\"noopener noreferrer\">Lisboa<\/a><\/strong>, remete aos velhos tempos. Criado para promover e preservar a cultura de Alentejo, regi\u00e3o encantadora do centro-sul de <strong>Portugal<\/strong>, o espa\u00e7o tamb\u00e9m tem um p\u00e9 no Oriente M\u00e9dio por conta de elementos t\u00edpicos de sua arquitetura, com colunas, arcos, mosaicos e arabescos.<\/p>\n<p>Sediada num edif\u00edcio de fachada simples do final do s\u00e9culo 17, conhecido com <strong>Pal\u00e1cio Alverca<\/strong>, sua arquitetura se modificou ao longo dos anos, especialmente no in\u00edcio do s\u00e9culo 20, quando sediou o primeiro cassino da cidade, o Magestic Club. Com ambientes luxuosos do empreendimento e arquitetura com tra\u00e7os \u00e1rabes, foi adquirido novamente pela fam\u00edlia que o fundou, Paes de Amaral, em 1981, tornando-se um patrim\u00f4nio cultural e hist\u00f3rico.<\/p>\n<p>Dentro da Casa funciona uma <strong>taberna<\/strong>, prop\u00edcia para provar petiscos alentejanos, como morcela e ovos mexidos com farinheira; um restaurante, que ocupa dois sal\u00f5es ornamentados com azulejos da autoria de Jorge Cola\u00e7o (in\u00edcio do s\u00e9c. 20) e pain\u00e9is do s\u00e9culo 17. O menu \u00e9 focado na <strong>gastronomia de Alentejo<\/strong>, com vinhos e pratos regionais que incluem carne de porco, sopa de ca\u00e7\u00e3o, a\u00e7ordas (sopa t\u00edpica), e ainda doces como sericaia e encharcada.<\/p>\n<p>Al\u00e9m da culin\u00e1ria, tamb\u00e9m funciona como centro cultural. Atualmente conta com programa\u00e7\u00e3o que inclui palestras, confer\u00eancias, exposi\u00e7\u00f5es, saraus, lan\u00e7amento de livros, eventos gastron\u00f4micos, bailes sociais, entre outros. Para quem quiser s\u00f3 espiar a parte de dentro, a <strong>entrada \u00e9 livre<\/strong>.<\/p>\n<p><strong> <a class=\"btncall\" href=\"http:\/\/quantocustaviajar.com\/portugal\/lisboa\" target=\"_blank\" rel=\"noopener noreferrer\"> Confira aqui quanto custa viajar para Lisboa!<\/a><\/strong><\/p>\n<p><img loading=\"lazy\" decoding=\"async\" class=\"size-full wp-image-10691 aligncenter\" src=\"http:\/\/quantocustaviajar.com\/blog\/wp-content\/uploads\/2016\/10\/casa-do-alentejo3.jpg\" alt=\"casa-do-alentejo3\" width=\"650\" height=\"475\" srcset=\"https:\/\/quantocustaviajar.com\/blog\/wp-content\/uploads\/2016\/10\/casa-do-alentejo3.jpg 650w, https:\/\/quantocustaviajar.com\/blog\/wp-content\/uploads\/2016\/10\/casa-do-alentejo3-300x219.jpg 300w, https:\/\/quantocustaviajar.com\/blog\/wp-content\/uploads\/2016\/10\/casa-do-alentejo3-400x292.jpg 400w\" sizes=\"auto, (max-width: 650px) 100vw, 650px\" \/><\/p>\n<p><img loading=\"lazy\" decoding=\"async\" class=\"size-full wp-image-10690 aligncenter\" src=\"http:\/\/quantocustaviajar.com\/blog\/wp-content\/uploads\/2016\/10\/casa-do-alentejo.jpg\" alt=\"casa-do-alentejo\" width=\"650\" height=\"488\" srcset=\"https:\/\/quantocustaviajar.com\/blog\/wp-content\/uploads\/2016\/10\/casa-do-alentejo.jpg 650w, https:\/\/quantocustaviajar.com\/blog\/wp-content\/uploads\/2016\/10\/casa-do-alentejo-300x225.jpg 300w, https:\/\/quantocustaviajar.com\/blog\/wp-content\/uploads\/2016\/10\/casa-do-alentejo-400x300.jpg 400w\" sizes=\"auto, (max-width: 650px) 100vw, 650px\" \/><\/p>\n<blockquote><p><strong>Se voc\u00ea est\u00e1 pensando em viajar para Lisboa, n\u00e3o deixe de garantir <a href=\"http:\/\/www.partner.viator.com\/pt\/15570\/tours\/Lisboa\/Viagem-diurna-para-grupos-pequenos-ate-Sintra-e-Cascais-saindo-de-Lisboa\/d538-5383SINTRACASCAIS\" target=\"_blank\" rel=\"noopener noreferrer\">esse tour para Sintra e Cascais saindo de Lisboa!<\/a><\/strong><\/p><\/blockquote>\n<p><img loading=\"lazy\" decoding=\"async\" class=\"size-full wp-image-10694 aligncenter\" src=\"http:\/\/quantocustaviajar.com\/blog\/wp-content\/uploads\/2016\/10\/casa-do-alentejo13.jpg\" alt=\"casa-do-alentejo13\" width=\"650\" height=\"366\" srcset=\"https:\/\/quantocustaviajar.com\/blog\/wp-content\/uploads\/2016\/10\/casa-do-alentejo13.jpg 650w, https:\/\/quantocustaviajar.com\/blog\/wp-content\/uploads\/2016\/10\/casa-do-alentejo13-300x169.jpg 300w, https:\/\/quantocustaviajar.com\/blog\/wp-content\/uploads\/2016\/10\/casa-do-alentejo13-400x225.jpg 400w\" sizes=\"auto, (max-width: 650px) 100vw, 650px\" \/><\/p>\n<p><img loading=\"lazy\" decoding=\"async\" class=\"size-full wp-image-10688 aligncenter\" src=\"http:\/\/quantocustaviajar.com\/blog\/wp-content\/uploads\/2016\/10\/casa-do-alentejo8.jpg\" alt=\"casa-do-alentejo8\" width=\"650\" height=\"433\" srcset=\"https:\/\/quantocustaviajar.com\/blog\/wp-content\/uploads\/2016\/10\/casa-do-alentejo8.jpg 650w, https:\/\/quantocustaviajar.com\/blog\/wp-content\/uploads\/2016\/10\/casa-do-alentejo8-300x200.jpg 300w, https:\/\/quantocustaviajar.com\/blog\/wp-content\/uploads\/2016\/10\/casa-do-alentejo8-400x266.jpg 400w\" sizes=\"auto, (max-width: 650px) 100vw, 650px\" \/><\/p>\n<p><img loading=\"lazy\" decoding=\"async\" class=\"size-full wp-image-10689 aligncenter\" src=\"http:\/\/quantocustaviajar.com\/blog\/wp-content\/uploads\/2016\/10\/casa-do-alentejo9.jpg\" alt=\"casa-do-alentejo9\" width=\"650\" height=\"433\" srcset=\"https:\/\/quantocustaviajar.com\/blog\/wp-content\/uploads\/2016\/10\/casa-do-alentejo9.jpg 650w, https:\/\/quantocustaviajar.com\/blog\/wp-content\/uploads\/2016\/10\/casa-do-alentejo9-300x200.jpg 300w, https:\/\/quantocustaviajar.com\/blog\/wp-content\/uploads\/2016\/10\/casa-do-alentejo9-400x266.jpg 400w\" sizes=\"auto, (max-width: 650px) 100vw, 650px\" \/><\/p>\n<blockquote><p><strong><a href=\"http:\/\/quantocustaviajar.com\/portugal\/lisboa\/onde-ficar\" target=\"_blank\" rel=\"noopener noreferrer\">Confira aqui<\/a> dicas de bairros onde se hospedar em Lisboa al\u00e9m de v\u00e1rias op\u00e7\u00f5es de hospedagem<\/strong><\/p><\/blockquote>\n<p><img loading=\"lazy\" decoding=\"async\" class=\"size-full wp-image-10687 aligncenter\" src=\"http:\/\/quantocustaviajar.com\/blog\/wp-content\/uploads\/2016\/10\/casa-do-alentejo7.jpg\" alt=\"casa-do-alentejo7\" width=\"650\" height=\"433\" srcset=\"https:\/\/quantocustaviajar.com\/blog\/wp-content\/uploads\/2016\/10\/casa-do-alentejo7.jpg 650w, https:\/\/quantocustaviajar.com\/blog\/wp-content\/uploads\/2016\/10\/casa-do-alentejo7-300x200.jpg 300w, https:\/\/quantocustaviajar.com\/blog\/wp-content\/uploads\/2016\/10\/casa-do-alentejo7-400x266.jpg 400w\" sizes=\"auto, (max-width: 650px) 100vw, 650px\" \/><\/p>\n<p><img loading=\"lazy\" decoding=\"async\" class=\"size-full wp-image-10693 aligncenter\" src=\"http:\/\/quantocustaviajar.com\/blog\/wp-content\/uploads\/2016\/10\/taberna-casa-do-alentejo.jpg\" alt=\"taberna-casa-do-alentejo\" width=\"650\" height=\"378\" srcset=\"https:\/\/quantocustaviajar.com\/blog\/wp-content\/uploads\/2016\/10\/taberna-casa-do-alentejo.jpg 650w, https:\/\/quantocustaviajar.com\/blog\/wp-content\/uploads\/2016\/10\/taberna-casa-do-alentejo-300x174.jpg 300w, https:\/\/quantocustaviajar.com\/blog\/wp-content\/uploads\/2016\/10\/taberna-casa-do-alentejo-400x233.jpg 400w\" sizes=\"auto, (max-width: 650px) 100vw, 650px\" \/><\/p>\n<p><em>Post por <strong>Brunella Nunes<br \/>\n<\/strong>Fotos: divulga\u00e7\u00e3o<\/em><\/p>\n","protected":false},"excerpt":{"rendered":"<p>No cora\u00e7\u00e3o do centro hist\u00f3rico, a Casa do Alentejo, em Lisboa, remete aos velhos tempos. Criado para promover e preservar a cultura de Alentejo, regi\u00e3o encantadora do centro-sul de Portugal, o espa\u00e7o tamb\u00e9m tem um p\u00e9 no Oriente M\u00e9dio por conta de elementos t\u00edpicos de sua arquitetura, com colunas, arcos, mosaicos e arabescos. Sediada num [&hellip;]<\/p>\n","protected":false},"author":4,"featured_media":10692,"comment_status":"open","ping_status":"open","sticky":false,"template":"","format":"standard","meta":{"cybocfi_hide_featured_image":"","footnotes":""},"categories":[1436],"tags":[79,135,441,343,235,62,77,436,89,153,154,195,872,211,529,321,653,141,124],"class_list":["post-10686","post","type-post","status-publish","format-standard","has-post-thumbnail","hentry","category-artes-cultura-diversao","tag-arquitetura","tag-atracoes","tag-baixo-custo","tag-barato","tag-casal","tag-cultura","tag-dicas","tag-familia","tag-gastronomia","tag-gratis","tag-gratuito","tag-guia","tag-lisboa","tag-o-que-fazer","tag-onde-ir","tag-passeios","tag-portugal","tag-restaurantes","tag-roteiro"],"blocksy_meta":[],"yoast_head":"<!-- This site is optimized with the Yoast SEO plugin v26.3 - https:\/\/yoast.com\/wordpress\/plugins\/seo\/ -->\n<title>Casa do Alentejo em Lisboa mistura arquitetura \u00e1rabe e cultura alentejana - Blog Quanto Custa Viajar<\/title>\n<meta name=\"robots\" content=\"index, follow, max-snippet:-1, max-image-preview:large, max-video-preview:-1\" \/>\n<link rel=\"canonical\" href=\"https:\/\/quantocustaviajar.com\/blog\/casa-do-alentejo-em-lisboa\/\" \/>\n<meta property=\"og:locale\" content=\"pt_BR\" \/>\n<meta property=\"og:type\" content=\"article\" \/>\n<meta property=\"og:title\" content=\"Casa do Alentejo em Lisboa mistura arquitetura \u00e1rabe e cultura alentejana - Blog Quanto Custa Viajar\" \/>\n<meta property=\"og:description\" content=\"No cora\u00e7\u00e3o do centro hist\u00f3rico, a Casa do Alentejo, em Lisboa, remete aos velhos tempos. Criado para promover e preservar a cultura de Alentejo, regi\u00e3o encantadora do centro-sul de Portugal, o espa\u00e7o tamb\u00e9m tem um p\u00e9 no Oriente M\u00e9dio por conta de elementos t\u00edpicos de sua arquitetura, com colunas, arcos, mosaicos e arabescos. Sediada num [&hellip;]\" \/>\n<meta property=\"og:url\" content=\"https:\/\/quantocustaviajar.com\/blog\/casa-do-alentejo-em-lisboa\/\" \/>\n<meta property=\"og:site_name\" content=\"Blog Quanto Custa Viajar\" \/>\n<meta property=\"article:publisher\" content=\"https:\/\/www.facebook.com\/quantocustaviajar\" \/>\n<meta property=\"article:author\" content=\"https:\/\/www.facebook.com\/brunellapfvr\/posts\" \/>\n<meta property=\"article:published_time\" content=\"2016-12-05T11:58:22+00:00\" \/>\n<meta property=\"article:modified_time\" content=\"2019-01-08T13:00:34+00:00\" \/>\n<meta property=\"og:image\" content=\"https:\/\/quantocustaviajar.com\/blog\/wp-content\/uploads\/2016\/10\/casa-do-alentejo4.jpg\" \/>\n\t<meta property=\"og:image:width\" content=\"650\" \/>\n\t<meta property=\"og:image:height\" content=\"487\" \/>\n\t<meta property=\"og:image:type\" content=\"image\/jpeg\" \/>\n<meta name=\"author\" content=\"Brunella Nunes\" \/>\n<meta name=\"twitter:card\" content=\"summary_large_image\" \/>\n<meta name=\"twitter:label1\" content=\"Escrito por\" \/>\n\t<meta name=\"twitter:data1\" content=\"Brunella Nunes\" \/>\n\t<meta name=\"twitter:label2\" content=\"Est. tempo de leitura\" \/>\n\t<meta name=\"twitter:data2\" content=\"2 minutos\" \/>\n<!-- \/ Yoast SEO plugin. -->","yoast_head_json":{"title":"Casa do Alentejo em Lisboa mistura arquitetura \u00e1rabe e cultura alentejana - Blog Quanto Custa Viajar","robots":{"index":"index","follow":"follow","max-snippet":"max-snippet:-1","max-image-preview":"max-image-preview:large","max-video-preview":"max-video-preview:-1"},"canonical":"https:\/\/quantocustaviajar.com\/blog\/casa-do-alentejo-em-lisboa\/","og_locale":"pt_BR","og_type":"article","og_title":"Casa do Alentejo em Lisboa mistura arquitetura \u00e1rabe e cultura alentejana - Blog Quanto Custa Viajar","og_description":"No cora\u00e7\u00e3o do centro hist\u00f3rico, a Casa do Alentejo, em Lisboa, remete aos velhos tempos. Criado para promover e preservar a cultura de Alentejo, regi\u00e3o encantadora do centro-sul de Portugal, o espa\u00e7o tamb\u00e9m tem um p\u00e9 no Oriente M\u00e9dio por conta de elementos t\u00edpicos de sua arquitetura, com colunas, arcos, mosaicos e arabescos. Sediada num [&hellip;]","og_url":"https:\/\/quantocustaviajar.com\/blog\/casa-do-alentejo-em-lisboa\/","og_site_name":"Blog Quanto Custa Viajar","article_publisher":"https:\/\/www.facebook.com\/quantocustaviajar","article_author":"https:\/\/www.facebook.com\/brunellapfvr\/posts","article_published_time":"2016-12-05T11:58:22+00:00","article_modified_time":"2019-01-08T13:00:34+00:00","og_image":[{"width":650,"height":487,"url":"https:\/\/quantocustaviajar.com\/blog\/wp-content\/uploads\/2016\/10\/casa-do-alentejo4.jpg","type":"image\/jpeg"}],"author":"Brunella Nunes","twitter_card":"summary_large_image","twitter_misc":{"Escrito por":"Brunella Nunes","Est. tempo de leitura":"2 minutos"},"schema":{"@context":"https:\/\/schema.org","@graph":[{"@type":["Article","BlogPosting"],"@id":"https:\/\/quantocustaviajar.com\/blog\/casa-do-alentejo-em-lisboa\/#article","isPartOf":{"@id":"https:\/\/quantocustaviajar.com\/blog\/casa-do-alentejo-em-lisboa\/"},"author":{"name":"Brunella Nunes","@id":"https:\/\/quantocustaviajar.com\/blog\/#\/schema\/person\/1a6dd3da9d0c0a4be42652b67bea19bb"},"headline":"Casa do Alentejo em Lisboa mistura arquitetura \u00e1rabe e cultura alentejana","datePublished":"2016-12-05T11:58:22+00:00","dateModified":"2019-01-08T13:00:34+00:00","mainEntityOfPage":{"@id":"https:\/\/quantocustaviajar.com\/blog\/casa-do-alentejo-em-lisboa\/"},"wordCount":326,"commentCount":0,"publisher":{"@id":"https:\/\/quantocustaviajar.com\/blog\/#organization"},"image":{"@id":"https:\/\/quantocustaviajar.com\/blog\/casa-do-alentejo-em-lisboa\/#primaryimage"},"thumbnailUrl":"https:\/\/quantocustaviajar.com\/blog\/wp-content\/uploads\/2016\/10\/casa-do-alentejo4.jpg","keywords":["arquitetura","atra\u00e7\u00f5es","baixo custo","barato","casal","cultura","dicas","fam\u00edlia","gastronomia","gr\u00e1tis","gratuito","guia","Lisboa","o que fazer","onde ir","passeios","Portugal","restaurantes","roteiro"],"articleSection":["Artes, Cultura &amp; Divers\u00e3o"],"inLanguage":"pt-BR","potentialAction":[{"@type":"CommentAction","name":"Comment","target":["https:\/\/quantocustaviajar.com\/blog\/casa-do-alentejo-em-lisboa\/#respond"]}]},{"@type":"WebPage","@id":"https:\/\/quantocustaviajar.com\/blog\/casa-do-alentejo-em-lisboa\/","url":"https:\/\/quantocustaviajar.com\/blog\/casa-do-alentejo-em-lisboa\/","name":"Casa do Alentejo em Lisboa mistura arquitetura \u00e1rabe e cultura alentejana - Blog Quanto Custa Viajar","isPartOf":{"@id":"https:\/\/quantocustaviajar.com\/blog\/#website"},"primaryImageOfPage":{"@id":"https:\/\/quantocustaviajar.com\/blog\/casa-do-alentejo-em-lisboa\/#primaryimage"},"image":{"@id":"https:\/\/quantocustaviajar.com\/blog\/casa-do-alentejo-em-lisboa\/#primaryimage"},"thumbnailUrl":"https:\/\/quantocustaviajar.com\/blog\/wp-content\/uploads\/2016\/10\/casa-do-alentejo4.jpg","datePublished":"2016-12-05T11:58:22+00:00","dateModified":"2019-01-08T13:00:34+00:00","breadcrumb":{"@id":"https:\/\/quantocustaviajar.com\/blog\/casa-do-alentejo-em-lisboa\/#breadcrumb"},"inLanguage":"pt-BR","potentialAction":[{"@type":"ReadAction","target":["https:\/\/quantocustaviajar.com\/blog\/casa-do-alentejo-em-lisboa\/"]}]},{"@type":"ImageObject","inLanguage":"pt-BR","@id":"https:\/\/quantocustaviajar.com\/blog\/casa-do-alentejo-em-lisboa\/#primaryimage","url":"https:\/\/quantocustaviajar.com\/blog\/wp-content\/uploads\/2016\/10\/casa-do-alentejo4.jpg","contentUrl":"https:\/\/quantocustaviajar.com\/blog\/wp-content\/uploads\/2016\/10\/casa-do-alentejo4.jpg","width":650,"height":487},{"@type":"BreadcrumbList","@id":"https:\/\/quantocustaviajar.com\/blog\/casa-do-alentejo-em-lisboa\/#breadcrumb","itemListElement":[{"@type":"ListItem","position":1,"name":"In\u00edcio","item":"https:\/\/quantocustaviajar.com\/blog\/"},{"@type":"ListItem","position":2,"name":"Casa do Alentejo em Lisboa mistura arquitetura \u00e1rabe e cultura alentejana"}]},{"@type":"WebSite","@id":"https:\/\/quantocustaviajar.com\/blog\/#website","url":"https:\/\/quantocustaviajar.com\/blog\/","name":"Blog Quanto Custa Viajar","description":"","publisher":{"@id":"https:\/\/quantocustaviajar.com\/blog\/#organization"},"potentialAction":[{"@type":"SearchAction","target":{"@type":"EntryPoint","urlTemplate":"https:\/\/quantocustaviajar.com\/blog\/?s={search_term_string}"},"query-input":{"@type":"PropertyValueSpecification","valueRequired":true,"valueName":"search_term_string"}}],"inLanguage":"pt-BR"},{"@type":"Organization","@id":"https:\/\/quantocustaviajar.com\/blog\/#organization","name":"Quanto Custa Viajar","url":"https:\/\/quantocustaviajar.com\/blog\/","logo":{"@type":"ImageObject","inLanguage":"pt-BR","@id":"https:\/\/quantocustaviajar.com\/blog\/#\/schema\/logo\/image\/","url":"","contentUrl":"","caption":"Quanto Custa Viajar"},"image":{"@id":"https:\/\/quantocustaviajar.com\/blog\/#\/schema\/logo\/image\/"},"sameAs":["https:\/\/www.facebook.com\/quantocustaviajar"]},{"@type":"Person","@id":"https:\/\/quantocustaviajar.com\/blog\/#\/schema\/person\/1a6dd3da9d0c0a4be42652b67bea19bb","name":"Brunella Nunes","image":{"@type":"ImageObject","inLanguage":"pt-BR","@id":"https:\/\/quantocustaviajar.com\/blog\/#\/schema\/person\/image\/","url":"https:\/\/secure.gravatar.com\/avatar\/05b28dfb8a3cc7ee0dba6feefa5677f05be6d7bf4b017728fd38499092f9c282?s=96&d=mm&r=g","contentUrl":"https:\/\/secure.gravatar.com\/avatar\/05b28dfb8a3cc7ee0dba6feefa5677f05be6d7bf4b017728fd38499092f9c282?s=96&d=mm&r=g","caption":"Brunella Nunes"},"description":"Quando n\u00e3o est\u00e1 viajando pelo mundo, est\u00e1 viajando nas ideias.","sameAs":["https:\/\/www.facebook.com\/brunellapfvr\/posts","https:\/\/www.linkedin.com\/in\/brunellanunes\/"],"url":"https:\/\/quantocustaviajar.com\/blog\/author\/equipe\/"}]}},"_links":{"self":[{"href":"https:\/\/quantocustaviajar.com\/blog\/wp-json\/wp\/v2\/posts\/10686","targetHints":{"allow":["GET"]}}],"collection":[{"href":"https:\/\/quantocustaviajar.com\/blog\/wp-json\/wp\/v2\/posts"}],"about":[{"href":"https:\/\/quantocustaviajar.com\/blog\/wp-json\/wp\/v2\/types\/post"}],"author":[{"embeddable":true,"href":"https:\/\/quantocustaviajar.com\/blog\/wp-json\/wp\/v2\/users\/4"}],"replies":[{"embeddable":true,"href":"https:\/\/quantocustaviajar.com\/blog\/wp-json\/wp\/v2\/comments?post=10686"}],"version-history":[{"count":1,"href":"https:\/\/quantocustaviajar.com\/blog\/wp-json\/wp\/v2\/posts\/10686\/revisions"}],"predecessor-version":[{"id":30840,"href":"https:\/\/quantocustaviajar.com\/blog\/wp-json\/wp\/v2\/posts\/10686\/revisions\/30840"}],"wp:featuredmedia":[{"embeddable":true,"href":"https:\/\/quantocustaviajar.com\/blog\/wp-json\/wp\/v2\/media\/10692"}],"wp:attachment":[{"href":"https:\/\/quantocustaviajar.com\/blog\/wp-json\/wp\/v2\/media?parent=10686"}],"wp:term":[{"taxonomy":"category","embeddable":true,"href":"https:\/\/quantocustaviajar.com\/blog\/wp-json\/wp\/v2\/categories?post=10686"},{"taxonomy":"post_tag","embeddable":true,"href":"https:\/\/quantocustaviajar.com\/blog\/wp-json\/wp\/v2\/tags?post=10686"}],"curies":[{"name":"wp","href":"https:\/\/api.w.org\/{rel}","templated":true}]}}